{"id":9923,"date":"2013-11-22T15:47:45","date_gmt":"2013-11-22T14:47:45","guid":{"rendered":"http:\/\/blog.sotrender.com\/?p=9923"},"modified":"2015-12-01T22:11:12","modified_gmt":"2015-12-01T21:11:12","slug":"miasta_w_social_media","status":"publish","type":"post","link":"https:\/\/www.sotrender.com\/blog\/pl\/2013\/11\/miasta_w_social_media\/","title":{"rendered":"Miasta w social media,  czyli wydzia\u0142 obs\u0142ugi mieszka\u0144c\u00f3w na Facebooku"},"content":{"rendered":"<p style=\"text-align: justify;\">Miasta,  regiony i inne miejsca budz\u0105 emocje nie tylko w\u015br\u00f3d ich mieszka\u0144c\u00f3w. W\u0142a\u015bnie ten fakt obok mo\u017cliwo\u015bci tworzenia ciekawych tre\u015bci w oparciu o histori\u0119 oraz bie\u017c\u0105ce zmiany,  dzia\u0142ania i wydarzenia,  decyduje o wielkim potencjale marketingowym miejsc w mediach spo\u0142eczno\u015bciowych. Trzeba jednak pami\u0119ta\u0107,  \u017ce oficjalne profile urz\u0119d\u00f3w miast przegrywaj\u0105 cz\u0119sto z inicjatywami oddolnymi,  kt\u00f3re zdobywaj\u0105 wi\u0119ksz\u0105 popularno\u015b\u0107,  co mo\u017cna zaobserwowa\u0107 w naszych miesi\u0119cznych raportach <a title=\"Przejd\u017a do raport\u00f3w\" href=\"http:\/\/www.sotrender.pl\/fanpage-trends?hp\" target=\"_blank\">#<\/a><a title=\"Przejd\u017a do raport\u00f3w\" href=\"http:\/\/www.sotrender.pl\/fanpage-trends?hp\" target=\"_blank\">Fanpage Trends<\/a>,  w kt\u00f3rych <a title=\"Przejd\u017a do Fanpage Trends\" href=\"http:\/\/www.sotrender.pl\/fanpage-trends-category\/201310\/miasta#trends\" target=\"_blank\">miasta<\/a> i <a title=\"Przejd\u017a do Fanpage Trends\" href=\"http:\/\/www.sotrender.pl\/fanpage-trends-category\/201310\/regiony#trends\" target=\"_blank\">regiony<\/a> maj\u0105 swoje osobne kategorie.<\/p>\n<p><!--more--><\/p>\n<p style=\"text-align: justify;\">Miasta w social media to ostatnio jeden z moich ulubionych \u00a0temat\u00f3w,  a prezentacja,  kt\u00f3rej po\u015bwi\u0119cony jest ten artyku\u0142,  nie jest pierwsz\u0105,  jak\u0105 na ten temat przygotowa\u0142em.\u00a0O miastach w social media m\u00f3wili\u015bmy m.in. rok temu na <a title=\"Przejd\u017a do prezentacji\" href=\"https:\/\/www.sotrender.com\/blog\/pl\/2012\/11\/social-media-dla-miast-najwieksze-profile-na-facebooku-i-nk-pl\/\" target=\"_blank\">konferencji AMS Smart Cities<\/a>\u00a0oraz w kwietniu na \u0142\u00f3dzkiej konferencji o <a title=\"Przejd\u017a do prezentacji\" href=\"http:\/\/issuu.com\/publicon\/docs\/raport_smd_10\" target=\"_blank\">roli social media w promocji miast i region\u00f3w<\/a>\u00a0w ramach\u00a0cyklu Social Media Day. Tym razem okazj\u0105 by\u0142a konferencja <a title=\"Przejd\u017a na stron\u0119 konferencji\" href=\" http:\/\/www.smartmetropolia.pl\/\" target=\"_blank\">SmartMetropolia<\/a>,  na kt\u00f3r\u0105 zaproszenie przyj\u0119li\u015bmy od samego Prezydenta Gda\u0144ska. Podczas sesji prowadzonej przez <a title=\"Zobacz profil\" href=\"http:\/\/www.smartmetropolia.pl\/portfolio-view\/prof-ug-dr-hab-mariusz-czepczynski-2\/\" target=\"_blank\">dr hab. Mariusza Czepczy\u0144skiego<\/a>\u00a0w bardzo ciekawym panelu,  w kt\u00f3rym mia\u0142em przyjemno\u015b\u0107 wyst\u0119powa\u0107 obok <a title=\"Przejd\u017a do strony\" href=\" www.hatalska.com\" target=\"_blank\">Natalii Hatalskiej<\/a> ,  <a title=\"Zobacz profil\" href=\"http:\/\/www.smartmetropolia.pl\/portfolio-view\/jaroslaw-roszkowski\/\" target=\"_blank\">Jaros\u0142awa Roszkowskiego<\/a> z <a title=\"Przejd\u017a do strony\" href=\"https:\/\/brand24.pl\/\" target=\"_blank\">Brand24<\/a> i <a title=\"Zobacz profil\" href=\"http:\/\/www.smartmetropolia.pl\/portfolio-view\/pawel-tkaczyk\/\" target=\"_blank\">Paw\u0142a Tkaczyka<\/a> &#8211; tak to wygl\u0105da\u0142o \ud83d\ude42<\/p>\n<div id=\"attachment_9937\" style=\"width: 537px\" class=\"wp-caption alignnone\"><a title=\"Przejd\u017a do profilu\" href=\"https:\/\/twitter.com\/kgorbaczow\" target=\"_blank\"><img loading=\"lazy\" decoding=\"async\" aria-describedby=\"caption-attachment-9937\" class=\" wp-image-9937 \" src=\"https:\/\/www.sotrender.com\/blog\/wp-content\/uploads\/2013\/11\/miasta.jpg\" alt=\"Konferencja SmartMetropolia\" width=\"527\" height=\"506\" srcset=\"https:\/\/www.sotrender.com\/blog\/wp-content\/uploads\/2013\/11\/miasta.jpg 527w, https:\/\/www.sotrender.com\/blog\/wp-content\/uploads\/2013\/11\/miasta-475x456.jpg 475w\" sizes=\"(max-width: 527px) 100vw, 527px\" \/><\/a><p id=\"caption-attachment-9937\" class=\"wp-caption-text\">Konferencja SmartMetropolia &#8211; zdj\u0119cie opublikowane na Twitterze przez Kasi\u0119 Gorbaczow<\/p><\/div>\n<h3>Badanie obs\u0142ugi mieszka\u0144c\u00f3w miast w social media<\/h3>\n<p style=\"text-align: justify;\">Obecnie profile miast w social media s\u0142u\u017c\u0105 przede wszystkim dzia\u0142aniom wizerunkowym,  a zw\u0142aszcza zamieszczaniu urokliwych zdj\u0119\u0107. S\u0105dz\u0119 jednak,  \u017ce tak jak obs\u0142uga klienta staje si\u0119 coraz wa\u017cniejszym aspektem funkcjonowania profil firm,  zw\u0142aszcza us\u0142ugowych (por. <a title=\"Przejd\u017a do raportu\" href=\"https:\/\/www.sotrender.com\/blog\/pl\/2013\/11\/social-media_2014\/\" target=\"_blank\">nasz ostatni raport o trendach w social media<\/a>),  tak r\u00f3wnie\u017c miasta b\u0119d\u0105 po\u015bwi\u0119ca\u0142y temu coraz wi\u0119cej uwagi.\u00a0Specjalnie na konferencj\u0119 wraz z Dari\u0105 Kuczmar\u0105,  analityczk\u0105 w <a title=\"Przejd\u017a do strony\" href=\"http:\/\/www.sotrender.pl\/reports \" target=\"_blank\">Sotrender Research Team<\/a>, \u00a0rzygotowali\u015bmy badanie obs\u0142ugi mieszka\u0144c\u00f3w na oficjalnych profilach.<\/p>\n<p style=\"text-align: justify;\">Poszukuj\u0105c odpowiedzi na tytu\u0142owe pytanie,  na ile media spo\u0142eczno\u015bciowe staj\u0105 si\u0119 dla miast tym,  czym Wydzia\u0142 Obs\u0142ugi Mieszka\u0144c\u00f3w,  Daria Kuczmara przygotowa\u0142a <strong>analiz\u0119 post\u00f3w fan\u00f3w zamieszczanych na profilach miast<\/strong>.<\/p>\n<p style=\"text-align: justify;\">Analizie poddane zosta\u0142y wszystkie posty zamieszczone w pa\u017adzierniku 2013 r. na\u00a0<strong>40 oficjalnych i 15 nieoficjalnych\u00a0profilach<\/strong> miejskich na <a title=\"Przejd\u017a do strony\" href=\"https:\/\/www.facebook.com\/\" target=\"_blank\">Facebooku<\/a>. By\u0142y to \u0142\u0105cznie\u00a07064 posty,  przy czym publikacje u\u017cytkownik\u00f3w stanowi\u0142y mniej ni\u017c po\u0142ow\u0119 z nich. O czym pisz\u0105 fani profili miast? Przede wszystkim zapraszaj\u0105,  gdzie tylko mog\u0105:<\/p>\n<ul>\n<li style=\"text-align: justify;\">Na swoj\u0105 stron\u0119 na Facebooku lub internetow\u0105<\/li>\n<li style=\"text-align: justify;\">Do podpisania petycji lub przy\u0142\u0105czenia si\u0119 do ruchu spo\u0142ecznego<\/li>\n<li style=\"text-align: justify;\">Na wydarzenie kulturalne<\/li>\n<li style=\"text-align: justify;\">Do poparcia w konkursie,  uzupe\u0142nienia ankiety,  odwiedzenia sklepu<\/li>\n<\/ul>\n<div id=\"attachment_9939\" style=\"width: 773px\" class=\"wp-caption alignnone\"><a href=\"https:\/\/www.sotrender.com\/blog\/wp-content\/uploads\/2013\/11\/tag-cloud.jpg\"><img loading=\"lazy\" decoding=\"async\" aria-describedby=\"caption-attachment-9939\" class=\"size-full wp-image-9939 \" src=\"https:\/\/www.sotrender.com\/blog\/wp-content\/uploads\/2013\/11\/tag-cloud.jpg\" alt=\"S\u0142owa najcz\u0119\u015bciej u\u017cywane przez fan\u00f3w profili miejskich\" width=\"763\" height=\"312\" srcset=\"https:\/\/www.sotrender.com\/blog\/wp-content\/uploads\/2013\/11\/tag-cloud.jpg 763w, https:\/\/www.sotrender.com\/blog\/wp-content\/uploads\/2013\/11\/tag-cloud-475x194.jpg 475w, https:\/\/www.sotrender.com\/blog\/wp-content\/uploads\/2013\/11\/tag-cloud-600x245.jpg 600w\" sizes=\"(max-width: 763px) 100vw, 763px\" \/><\/a><p id=\"caption-attachment-9939\" class=\"wp-caption-text\">S\u0142owa najcz\u0119\u015bciej u\u017cywane przez fan\u00f3w profili miejskich<\/p><\/div>\n<p style=\"text-align: justify;\">O dziwo,  zg\u0142oszenia zwi\u0105zane z problemami miasta nale\u017ca\u0142y do rzadko\u015bci.\u00a0Spo\u015br\u00f3d 1471 post\u00f3w,  kt\u00f3re u\u017cytkownicy napisali w tym okresie na 40 oficjalnych stronach miast na Facebooku,  tylko 48,  czyli 3%,  dotyczy\u0142o zapyta\u0144 lub skarg w sprawach funkcjonowania organ\u00f3w miejskich i kwestii pokrewnych,  a autor oczekiwa\u0142 odniesienia si\u0119 do jego sprawy. Jak pokazuj\u0105 przyk\u0142ady zamieszczone w prezentacji,  pytania dotyczy\u0142y r\u00f3\u017cnych spraw miejskich,  zw\u0142aszcza zwi\u0105zanych z gospodark\u0105 \u015bmieciow\u0105 i ekologi\u0105,  a czasem tak\u017ce mniej lub bardziej dziwnych i zabawnych pomys\u0142\u00f3w zg\u0142aszanych przez mieszka\u0144c\u00f3w.<\/p>\n<p style=\"text-align: justify;\">Pyta\u0144 by\u0142o niewiele,  ale administratorzy profili miejskich i tak kiepsko poradzili sobie z odpowiadaniem.\u00a0Z tych 48 pyta\u0144 i zg\u0142osze\u0144 w sprawach miejskich,  zaledwie 11,  czyli 23% otrzyma\u0142o odpowied\u017a ze strony miasta.<\/p>\n<p style=\"text-align: justify;\">A zatem &#8211; <strong>Miasta,  przygotujcie si\u0119<\/strong>\u00a0<strong>do obs\u0142ugi mieszka\u0144c\u00f3w\u00a0<\/strong><strong>\u2013 oni oczekuj\u0105 Waszej reakcji!<\/strong><\/p>\n<p style=\"text-align: justify;\">Chocia\u017c spo\u0142eczno\u015bciowy Wydzia\u0142 Obs\u0142ugi Mieszka\u0144c\u00f3w ci\u0105gle jeszcze jest bardzo ma\u0142y i odpowiada na niewielk\u0105 liczb\u0119 pyta\u0144,  mo\u017cna si\u0119 spodziewa\u0107,  \u017ce b\u0119dzie ona wzrasta\u0107.<\/p>\n<h3 style=\"text-align: justify;\">Obecno\u015b\u0107 miast w social media<\/h3>\n<p style=\"text-align: justify;\">M\u00f3wi\u0142em te\u017c o innych kwestiach,  przypominaj\u0105c mi\u0119dzy innymi,  \u017ce social media to komunikacja wielostronna,  ci\u0105g\u0142a deliberacja,  a nie monolog.\u00a0Z perspektywy os\u00f3b odpowiedzialnych za komunikacj\u0119 to tak\u017ce\u00a0ci\u0119\u017cka i regularna praca w \u015brodowisku,  w kt\u00f3rym komunikacja powinna by\u0107 oparta o rozrywk\u0119 i emocje,  a nie wy\u0142\u0105cznie o informacje prasowe. Warto te\u017c pomy\u015ble\u0107 o\u00a0grupie docelowej i odpowiedzie\u0107 sobie na pytanie,  czy stanowi\u0105 j\u0105 mieszka\u0144cy,  tury\u015bci czy ludzie identyfikuj\u0105cy si\u0119 z miastem? Nie przesadzajmy z liczb\u0105 profili po\u015bwi\u0119conych promocji wydarze\u0144,  festiwali czy prezydentom,  poniewa\u017c wprowadza to niepotrzebny chaos,  a liczba profili miast w mediach spo\u0142eczno\u015bciowych stale wzrasta.<\/p>\n<div id=\"attachment_9943\" style=\"width: 626px\" class=\"wp-caption alignnone\"><a href=\"https:\/\/www.sotrender.com\/blog\/wp-content\/uploads\/2013\/11\/tabela.jpg\"><img loading=\"lazy\" decoding=\"async\" aria-describedby=\"caption-attachment-9943\" class=\"size-full wp-image-9943\" src=\"https:\/\/www.sotrender.com\/blog\/wp-content\/uploads\/2013\/11\/tabela.jpg\" alt=\"Miasta w social media\" width=\"616\" height=\"456\" srcset=\"https:\/\/www.sotrender.com\/blog\/wp-content\/uploads\/2013\/11\/tabela.jpg 616w, https:\/\/www.sotrender.com\/blog\/wp-content\/uploads\/2013\/11\/tabela-475x352.jpg 475w, https:\/\/www.sotrender.com\/blog\/wp-content\/uploads\/2013\/11\/tabela-600x444.jpg 600w\" sizes=\"(max-width: 616px) 100vw, 616px\" \/><\/a><p id=\"caption-attachment-9943\" class=\"wp-caption-text\">Miasta w social media<\/p><\/div>\n<p style=\"text-align: justify;\">Wprawdzie najwi\u0119ksze polskie miasta maj\u0105 oficjalne profile w coraz wi\u0119kszej liczbie serwis\u00f3w spo\u0142eczno\u015bciowych,  jednak znajduj\u0105 tam niewielu odbiorc\u00f3w. Kr\u00f3luje niezmiennie Facebook,  a i tak na tle r\u00f3\u017cnych liczby mieszka\u0144c\u00f3w to ma\u0142a grupa.<br \/>\nTu mo\u017cna zobaczy\u0107 ca\u0142\u0105 prezentacj\u0119:<\/p>\n<div id=\"attachment_9945\" style=\"width: 468px\" class=\"wp-caption aligncenter\"><a title=\"Przejd\u017a do prezentacji\" href=\"http:\/\/www.slideshare.net\/FanpageTrender\/miasta-w-social-media\" target=\"_blank\"><img loading=\"lazy\" decoding=\"async\" aria-describedby=\"caption-attachment-9945\" class=\"size-full wp-image-9945\" src=\"https:\/\/www.sotrender.com\/blog\/wp-content\/uploads\/2013\/11\/agora.jpg\" alt=\"Prezentacja dost\u0119pna na SlideShare\" width=\"458\" height=\"338\" \/><\/a><p id=\"caption-attachment-9945\" class=\"wp-caption-text\">Prezentacja dost\u0119pna na SlideShare<\/p><\/div>\n<div style=\"margin-bottom: 5px; text-align: center;\"><strong> <a title=\"Miasta w social media\" href=\"https:\/\/www.slideshare.net\/FanpageTrender\/miasta-w-social-media\" target=\"_blank\">Miasta w social media<\/a> <\/strong> from <strong><a href=\"http:\/\/www.slideshare.net\/FanpageTrender\" target=\"_blank\">Sotrender<\/a><\/strong><\/div>\n<h1 style=\"margin-bottom: 5px;\">SmartMetropolia &#8211; kolejna wielka konferencja w Gda\u0144sku<\/h1>\n<div style=\"margin-bottom: 5px;\">\n<p style=\"text-align: justify;\">Na koniec jest kilka s\u0142\u00f3w o samej konferencji. <a title=\"Przejd\u017a na stron\u0119 konferencji\" href=\"http:\/\/www.smartmetropolia.pl\/\">SmartMetropolia<\/a> to prelekcje w Amber Expo,  a bankiet w strefie VIP PGE Areny,  czyli stadionu pi\u0142karskiego Lechii Gda\u0144sk i Euro. Mi\u0142o mi si\u0119 kojarzy,  bo tak samo by\u0142o na <a title=\"Przejd\u017a do strony konferencji\" href=\"http:\/\/www.infoshare.pl\/\" target=\"_blank\">Infoshare<\/a>. Zreszt\u0105 <a title=\"Przejd\u017a do strony\" href=\"http:\/\/www.sotrender.pl\/\" target=\"_blank\">Sotrender<\/a>\u00a0ma bardzo mi\u0142e wspomnienia z konferencji w Gda\u0144sku,  tak\u017ce z <a title=\"Przejd\u017a do strony\" href=\"http:\/\/www.blogforumgdansk.pl\/\" target=\"_blank\">Blog Forum Gda\u0144sk<\/a> i <a title=\"Przejd\u017a do strony\" href=\"http:\/\/socialmediaconvent.pl\/\" target=\"_blank\">Social Media Convent<\/a>.<\/p>\n<p style=\"text-align: justify;\">Ze wzgl\u0119du na inne obowi\u0105zki i spotkania w Tr\u00f3jmie\u015bcie uczestniczy\u0142em tylko w niewielkiej cz\u0119\u015bci pierwszego dnia konferencji,  ale postara\u0142em si\u0119 nadrobi\u0107 te braki drugiego dnia wydarzenia. Uczestniczy\u0142em w panelu o komunikacji w\u0142adz lokalnych z obywatelami,  podczas kt\u00f3rego pojawi\u0142a si\u0119 r\u00f3wnie\u017c okazja,  aby wspomnie\u0107 o <a title=\"Przejd\u017a do strony\" href=\"http:\/\/isp.org.pl\/wybory, kampania-wyborcza-w-internecie, 713.html\" target=\"_blank\">naszych badaniach kampanii wyborczych w sieci<\/a> realizowanych dla <a title=\"Przejd\u017a do strony\" href=\"http:\/\/isp.org.pl\/\" target=\"_blank\">Instytutu Spraw Publicznych<\/a>.<\/p>\n<\/div>\n","protected":false},"excerpt":{"rendered":"<p>Miasta, regiony i inne miejsca budz\u0105 emocje nie tylko w\u015br\u00f3d ich mieszka\u0144c\u00f3w. W\u0142a\u015bnie ten fakt obok mo\u017cliwo\u015bci tworzenia ciekawych tre\u015bci w oparciu o histori\u0119 oraz bie\u017c\u0105ce zmiany, dzia\u0142ania i wydarzenia, decyduje o wielkim potencjale marketingowym miejsc w mediach spo\u0142eczno\u015bciowych. Trzeba jednak pami\u0119ta\u0107, \u017ce oficjalne profile urz\u0119d\u00f3w miast przegrywaj\u0105 cz\u0119sto z inicjatywami oddolnymi, kt\u00f3re zdobywaj\u0105 wi\u0119ksz\u0105 [&hellip;]<\/p>\n","protected":false},"author":2,"featured_media":19537,"comment_status":"open","ping_status":"open","sticky":false,"template":"","format":"standard","meta":{"inline_featured_image":false,"footnotes":""},"categories":[1793,1797,1799],"tags":[587,589,591,593,595],"yoast_head":"<!-- This site is optimized with the Yoast SEO plugin v22.4 - https:\/\/yoast.com\/wordpress\/plugins\/seo\/ -->\n<title>Miasta w social media, czyli wydzia\u0142 obs\u0142ugi mieszka\u0144c\u00f3w na Facebooku<\/title>\n<meta name=\"description\" content=\"Jak radz\u0105 sobie miasta w social media? Czy staj\u0105 si\u0119 one dla nich tym, czym Wydzia\u0142 Obs\u0142ugi Mieszka\u0144c\u00f3w? Sotrender zna odpowied\u017a na te i inne pytania!\" \/>\n<meta name=\"robots\" content=\"index, follow, max-snippet:-1, max-image-preview:large, max-video-preview:-1\" \/>\n<link rel=\"canonical\" href=\"https:\/\/www.sotrender.com\/blog\/pl\/2013\/11\/miasta_w_social_media\/\" \/>\n<meta property=\"og:locale\" content=\"pl_PL\" \/>\n<meta property=\"og:type\" content=\"article\" \/>\n<meta property=\"og:title\" content=\"Miasta w social media, czyli wydzia\u0142 obs\u0142ugi mieszka\u0144c\u00f3w na Facebooku\" \/>\n<meta property=\"og:description\" content=\"Jak radz\u0105 sobie miasta w social media? Czy staj\u0105 si\u0119 one dla nich tym, czym Wydzia\u0142 Obs\u0142ugi Mieszka\u0144c\u00f3w? Sotrender zna odpowied\u017a na te i inne pytania!\" \/>\n<meta property=\"og:url\" content=\"https:\/\/www.sotrender.com\/blog\/pl\/2013\/11\/miasta_w_social_media\/\" \/>\n<meta property=\"og:site_name\" content=\"Sotrender Blog\" \/>\n<meta property=\"article:publisher\" content=\"https:\/\/www.facebook.com\/Sotrender\" \/>\n<meta property=\"article:author\" content=\"https:\/\/www.facebook.com\/jan.zajac.75?fref=ts\" \/>\n<meta property=\"article:published_time\" content=\"2013-11-22T14:47:45+00:00\" \/>\n<meta property=\"article:modified_time\" content=\"2015-12-01T21:11:12+00:00\" \/>\n<meta property=\"og:image\" content=\"https:\/\/www.sotrender.com\/blog\/wp-content\/uploads\/2013\/11\/start-advertising-950x689.png\" \/>\n\t<meta property=\"og:image:width\" content=\"950\" \/>\n\t<meta property=\"og:image:height\" content=\"689\" \/>\n\t<meta property=\"og:image:type\" content=\"image\/png\" \/>\n<meta name=\"author\" content=\"Jan Zaj\u0105c\" \/>\n<meta name=\"twitter:card\" content=\"summary_large_image\" \/>\n<meta name=\"twitter:creator\" content=\"@http:\/\/twitter.com\/janekzajac\" \/>\n<meta name=\"twitter:site\" content=\"@Sotrender\" \/>\n<meta name=\"twitter:label1\" content=\"Written by\" \/>\n\t<meta name=\"twitter:data1\" content=\"Jan Zaj\u0105c\" \/>\n\t<meta name=\"twitter:label2\" content=\"Est. reading time\" \/>\n\t<meta name=\"twitter:data2\" content=\"5 minutes\" \/>\n<script type=\"application\/ld+json\" class=\"yoast-schema-graph\">{\"@context\":\"https:\/\/schema.org\",\"@graph\":[{\"@type\":\"WebPage\",\"@id\":\"https:\/\/www.sotrender.com\/blog\/pl\/2013\/11\/miasta_w_social_media\/\",\"url\":\"https:\/\/www.sotrender.com\/blog\/pl\/2013\/11\/miasta_w_social_media\/\",\"name\":\"Miasta w social media, czyli wydzia\u0142 obs\u0142ugi mieszka\u0144c\u00f3w na Facebooku\",\"isPartOf\":{\"@id\":\"https:\/\/www.sotrender.com\/blog\/#website\"},\"primaryImageOfPage\":{\"@id\":\"https:\/\/www.sotrender.com\/blog\/pl\/2013\/11\/miasta_w_social_media\/#primaryimage\"},\"image\":{\"@id\":\"https:\/\/www.sotrender.com\/blog\/pl\/2013\/11\/miasta_w_social_media\/#primaryimage\"},\"thumbnailUrl\":\"https:\/\/www.sotrender.com\/blog\/wp-content\/uploads\/2013\/11\/start-advertising.png\",\"datePublished\":\"2013-11-22T14:47:45+00:00\",\"dateModified\":\"2015-12-01T21:11:12+00:00\",\"author\":{\"@id\":\"https:\/\/www.sotrender.com\/blog\/#\/schema\/person\/15d4db3ba9c4e61b1cb96099300e7c51\"},\"description\":\"Jak radz\u0105 sobie miasta w social media? Czy staj\u0105 si\u0119 one dla nich tym, czym Wydzia\u0142 Obs\u0142ugi Mieszka\u0144c\u00f3w? Sotrender zna odpowied\u017a na te i inne pytania!\",\"breadcrumb\":{\"@id\":\"https:\/\/www.sotrender.com\/blog\/pl\/2013\/11\/miasta_w_social_media\/#breadcrumb\"},\"inLanguage\":\"pl-PL\",\"potentialAction\":[{\"@type\":\"ReadAction\",\"target\":[\"https:\/\/www.sotrender.com\/blog\/pl\/2013\/11\/miasta_w_social_media\/\"]}]},{\"@type\":\"ImageObject\",\"inLanguage\":\"pl-PL\",\"@id\":\"https:\/\/www.sotrender.com\/blog\/pl\/2013\/11\/miasta_w_social_media\/#primaryimage\",\"url\":\"https:\/\/www.sotrender.com\/blog\/wp-content\/uploads\/2013\/11\/start-advertising.png\",\"contentUrl\":\"https:\/\/www.sotrender.com\/blog\/wp-content\/uploads\/2013\/11\/start-advertising.png\",\"width\":3926,\"height\":2848},{\"@type\":\"BreadcrumbList\",\"@id\":\"https:\/\/www.sotrender.com\/blog\/pl\/2013\/11\/miasta_w_social_media\/#breadcrumb\",\"itemListElement\":[{\"@type\":\"ListItem\",\"position\":1,\"name\":\"Home\",\"item\":\"https:\/\/www.sotrender.com\/blog\/\"},{\"@type\":\"ListItem\",\"position\":2,\"name\":\"Miasta w social media, czyli wydzia\u0142 obs\u0142ugi mieszka\u0144c\u00f3w na Facebooku\"}]},{\"@type\":\"WebSite\",\"@id\":\"https:\/\/www.sotrender.com\/blog\/#website\",\"url\":\"https:\/\/www.sotrender.com\/blog\/\",\"name\":\"Sotrender Blog\",\"description\":\"\",\"potentialAction\":[{\"@type\":\"SearchAction\",\"target\":{\"@type\":\"EntryPoint\",\"urlTemplate\":\"https:\/\/www.sotrender.com\/blog\/?s={search_term_string}\"},\"query-input\":\"required name=search_term_string\"}],\"inLanguage\":\"pl-PL\"},{\"@type\":\"Person\",\"@id\":\"https:\/\/www.sotrender.com\/blog\/#\/schema\/person\/15d4db3ba9c4e61b1cb96099300e7c51\",\"name\":\"Jan Zaj\u0105c\",\"image\":{\"@type\":\"ImageObject\",\"inLanguage\":\"pl-PL\",\"@id\":\"https:\/\/www.sotrender.com\/blog\/#\/schema\/person\/image\/\",\"url\":\"https:\/\/secure.gravatar.com\/avatar\/330c70ea205c5402148d7c7d8927d81d?s=96&d=mm&r=g\",\"contentUrl\":\"https:\/\/secure.gravatar.com\/avatar\/330c70ea205c5402148d7c7d8927d81d?s=96&d=mm&r=g\",\"caption\":\"Jan Zaj\u0105c\"},\"description\":\"Psychologist &amp; economist, experienced consultant &amp; researcher, who speaks 6 languages and has cycled around 17 countries.\",\"sameAs\":[\"https:\/\/www.facebook.com\/jan.zajac.75?fref=ts\",\"https:\/\/www.linkedin.com\/in\/janekzajac\",\"https:\/\/twitter.com\/http:\/\/twitter.com\/janekzajac\"],\"url\":\"https:\/\/www.sotrender.com\/blog\/pl\/author\/jan_zajc\/\"}]}<\/script>\n<!-- \/ Yoast SEO plugin. -->","yoast_head_json":{"title":"Miasta w social media, czyli wydzia\u0142 obs\u0142ugi mieszka\u0144c\u00f3w na Facebooku","description":"Jak radz\u0105 sobie miasta w social media? Czy staj\u0105 si\u0119 one dla nich tym, czym Wydzia\u0142 Obs\u0142ugi Mieszka\u0144c\u00f3w? Sotrender zna odpowied\u017a na te i inne pytania!","robots":{"index":"index","follow":"follow","max-snippet":"max-snippet:-1","max-image-preview":"max-image-preview:large","max-video-preview":"max-video-preview:-1"},"canonical":"https:\/\/www.sotrender.com\/blog\/pl\/2013\/11\/miasta_w_social_media\/","og_locale":"pl_PL","og_type":"article","og_title":"Miasta w social media, czyli wydzia\u0142 obs\u0142ugi mieszka\u0144c\u00f3w na Facebooku","og_description":"Jak radz\u0105 sobie miasta w social media? Czy staj\u0105 si\u0119 one dla nich tym, czym Wydzia\u0142 Obs\u0142ugi Mieszka\u0144c\u00f3w? Sotrender zna odpowied\u017a na te i inne pytania!","og_url":"https:\/\/www.sotrender.com\/blog\/pl\/2013\/11\/miasta_w_social_media\/","og_site_name":"Sotrender Blog","article_publisher":"https:\/\/www.facebook.com\/Sotrender","article_author":"https:\/\/www.facebook.com\/jan.zajac.75?fref=ts","article_published_time":"2013-11-22T14:47:45+00:00","article_modified_time":"2015-12-01T21:11:12+00:00","og_image":[{"width":950,"height":689,"url":"https:\/\/www.sotrender.com\/blog\/wp-content\/uploads\/2013\/11\/start-advertising-950x689.png","type":"image\/png"}],"author":"Jan Zaj\u0105c","twitter_card":"summary_large_image","twitter_creator":"@http:\/\/twitter.com\/janekzajac","twitter_site":"@Sotrender","twitter_misc":{"Written by":"Jan Zaj\u0105c","Est. reading time":"5 minutes"},"schema":{"@context":"https:\/\/schema.org","@graph":[{"@type":"WebPage","@id":"https:\/\/www.sotrender.com\/blog\/pl\/2013\/11\/miasta_w_social_media\/","url":"https:\/\/www.sotrender.com\/blog\/pl\/2013\/11\/miasta_w_social_media\/","name":"Miasta w social media, czyli wydzia\u0142 obs\u0142ugi mieszka\u0144c\u00f3w na Facebooku","isPartOf":{"@id":"https:\/\/www.sotrender.com\/blog\/#website"},"primaryImageOfPage":{"@id":"https:\/\/www.sotrender.com\/blog\/pl\/2013\/11\/miasta_w_social_media\/#primaryimage"},"image":{"@id":"https:\/\/www.sotrender.com\/blog\/pl\/2013\/11\/miasta_w_social_media\/#primaryimage"},"thumbnailUrl":"https:\/\/www.sotrender.com\/blog\/wp-content\/uploads\/2013\/11\/start-advertising.png","datePublished":"2013-11-22T14:47:45+00:00","dateModified":"2015-12-01T21:11:12+00:00","author":{"@id":"https:\/\/www.sotrender.com\/blog\/#\/schema\/person\/15d4db3ba9c4e61b1cb96099300e7c51"},"description":"Jak radz\u0105 sobie miasta w social media? Czy staj\u0105 si\u0119 one dla nich tym, czym Wydzia\u0142 Obs\u0142ugi Mieszka\u0144c\u00f3w? Sotrender zna odpowied\u017a na te i inne pytania!","breadcrumb":{"@id":"https:\/\/www.sotrender.com\/blog\/pl\/2013\/11\/miasta_w_social_media\/#breadcrumb"},"inLanguage":"pl-PL","potentialAction":[{"@type":"ReadAction","target":["https:\/\/www.sotrender.com\/blog\/pl\/2013\/11\/miasta_w_social_media\/"]}]},{"@type":"ImageObject","inLanguage":"pl-PL","@id":"https:\/\/www.sotrender.com\/blog\/pl\/2013\/11\/miasta_w_social_media\/#primaryimage","url":"https:\/\/www.sotrender.com\/blog\/wp-content\/uploads\/2013\/11\/start-advertising.png","contentUrl":"https:\/\/www.sotrender.com\/blog\/wp-content\/uploads\/2013\/11\/start-advertising.png","width":3926,"height":2848},{"@type":"BreadcrumbList","@id":"https:\/\/www.sotrender.com\/blog\/pl\/2013\/11\/miasta_w_social_media\/#breadcrumb","itemListElement":[{"@type":"ListItem","position":1,"name":"Home","item":"https:\/\/www.sotrender.com\/blog\/"},{"@type":"ListItem","position":2,"name":"Miasta w social media, czyli wydzia\u0142 obs\u0142ugi mieszka\u0144c\u00f3w na Facebooku"}]},{"@type":"WebSite","@id":"https:\/\/www.sotrender.com\/blog\/#website","url":"https:\/\/www.sotrender.com\/blog\/","name":"Sotrender Blog","description":"","potentialAction":[{"@type":"SearchAction","target":{"@type":"EntryPoint","urlTemplate":"https:\/\/www.sotrender.com\/blog\/?s={search_term_string}"},"query-input":"required name=search_term_string"}],"inLanguage":"pl-PL"},{"@type":"Person","@id":"https:\/\/www.sotrender.com\/blog\/#\/schema\/person\/15d4db3ba9c4e61b1cb96099300e7c51","name":"Jan Zaj\u0105c","image":{"@type":"ImageObject","inLanguage":"pl-PL","@id":"https:\/\/www.sotrender.com\/blog\/#\/schema\/person\/image\/","url":"https:\/\/secure.gravatar.com\/avatar\/330c70ea205c5402148d7c7d8927d81d?s=96&d=mm&r=g","contentUrl":"https:\/\/secure.gravatar.com\/avatar\/330c70ea205c5402148d7c7d8927d81d?s=96&d=mm&r=g","caption":"Jan Zaj\u0105c"},"description":"Psychologist &amp; economist, experienced consultant &amp; researcher, who speaks 6 languages and has cycled around 17 countries.","sameAs":["https:\/\/www.facebook.com\/jan.zajac.75?fref=ts","https:\/\/www.linkedin.com\/in\/janekzajac","https:\/\/twitter.com\/http:\/\/twitter.com\/janekzajac"],"url":"https:\/\/www.sotrender.com\/blog\/pl\/author\/jan_zajc\/"}]}},"_links":{"self":[{"href":"https:\/\/www.sotrender.com\/blog\/pl\/wp-json\/wp\/v2\/posts\/9923"}],"collection":[{"href":"https:\/\/www.sotrender.com\/blog\/pl\/wp-json\/wp\/v2\/posts"}],"about":[{"href":"https:\/\/www.sotrender.com\/blog\/pl\/wp-json\/wp\/v2\/types\/post"}],"author":[{"embeddable":true,"href":"https:\/\/www.sotrender.com\/blog\/pl\/wp-json\/wp\/v2\/users\/2"}],"replies":[{"embeddable":true,"href":"https:\/\/www.sotrender.com\/blog\/pl\/wp-json\/wp\/v2\/comments?post=9923"}],"version-history":[{"count":20,"href":"https:\/\/www.sotrender.com\/blog\/pl\/wp-json\/wp\/v2\/posts\/9923\/revisions"}],"predecessor-version":[{"id":19539,"href":"https:\/\/www.sotrender.com\/blog\/pl\/wp-json\/wp\/v2\/posts\/9923\/revisions\/19539"}],"wp:featuredmedia":[{"embeddable":true,"href":"https:\/\/www.sotrender.com\/blog\/pl\/wp-json\/wp\/v2\/media\/19537"}],"wp:attachment":[{"href":"https:\/\/www.sotrender.com\/blog\/pl\/wp-json\/wp\/v2\/media?parent=9923"}],"wp:term":[{"taxonomy":"category","embeddable":true,"href":"https:\/\/www.sotrender.com\/blog\/pl\/wp-json\/wp\/v2\/categories?post=9923"},{"taxonomy":"post_tag","embeddable":true,"href":"https:\/\/www.sotrender.com\/blog\/pl\/wp-json\/wp\/v2\/tags?post=9923"}],"curies":[{"name":"wp","href":"https:\/\/api.w.org\/{rel}","templated":true}]}}