{"id":9845,"date":"2013-11-20T13:18:05","date_gmt":"2013-11-20T12:18:05","guid":{"rendered":"http:\/\/blog.sotrender.com\/?p=9845"},"modified":"2015-12-28T14:05:51","modified_gmt":"2015-12-28T13:05:51","slug":"social-media_2014","status":"publish","type":"post","link":"https:\/\/www.sotrender.com\/blog\/pl\/2013\/11\/social-media_2014\/","title":{"rendered":"Social media w 2014 r. &#8211; nadal b\u0119d\u0105 so trendy?"},"content":{"rendered":"<p>Pracownicy agencji,  przedstawiciele marek czy firm badawczych skupiaj\u0105cych si\u0119 na\u00a0analizie dzia\u0142a\u0144 prowadzonych przez marki w mediach spo\u0142eczno\u015bciowych nieustannie\u00a0zadaj\u0105 sobie pytania dotycz\u0105ce kierunku,  w jakim zmierzaj\u0105 social media.\u00a0Prawdopodobnie niemal ka\u017cda osoba zwi\u0105zana z nimi zawodowo przynajmniej raz\u00a0zastanawia\u0142a si\u0119,  czy i kiedy nast\u0105pi moment,  gdy liczba u\u017cytkownik\u00f3w Facebooka\u00a0przestanie rosn\u0105\u0107,  a marki b\u0119d\u0105 musia\u0142y powa\u017cnie zrewidowa\u0107 zasady dzia\u0142a\u0144\u00a0promocyjnych prowadzonych w obr\u0119bie tego medium. Przygotowuj\u0105c najnowszy raport, \u00a0chcieli\u015bmy zbli\u017cy\u0107 si\u0119 do sformu\u0142owania odpowiedzi na te w\u0142a\u015bnie pytania.<\/p>\n<p><!--more--><\/p>\n<h1>Social media to nadal przede wszystkim Facebook<\/h1>\n<p>W raporcie przygl\u0105damy si\u0119 najwa\u017cniejszym zjawiskom zachodz\u0105cym na <a title=\"Przejd\u017a do serwisu\" href=\"https:\/\/www.facebook.com\/\" target=\"_blank\">Facebooku<\/a>. W\u00a0mniejszym stopniu przygl\u0105damy si\u0119 r\u00f3wnie\u017c innym serwisom. Skupiamy si\u0119 na Facebooku, \u00a0gdy\u017c ten portal spo\u0142eczno\u015bciowy jest obecnie najpopularniejszy nie tylko w\u015br\u00f3d\u00a0internaut\u00f3w,  ale tak\u017ce w\u015br\u00f3d reklamodawc\u00f3w w Polsce. Analizujemy takie aspekty jak\u00a0zmiana liczby u\u017cytkownik\u00f3w oraz anga\u017cowanie ich,  trendy w aktywno\u015bci marek,  obs\u0142uga\u00a0klienta,  dzia\u0142ania poza godzinami pracy,  typy tre\u015bci publikowanych przez\u00a0administrator\u00f3w,  najcz\u0119\u015bciej u\u017cywane s\u0142owa oraz hashtagi. Przedstawiamy i opisujemy\u00a0r\u00f3wnie\u017c tendencje wzrostu najwi\u0119kszych stron.<\/p>\n<p><strong>Publikacja zawiera prognozy dotycz\u0105ce sytuacji social media w\u00a0Polsce w ko\u0144cu 2013 r. oraz w roku 2014<\/strong>. Zdajemy sobie spraw\u0119 z tego,  jak z\u0142o\u017cone\u00a0czynniki wp\u0142ywaj\u0105 na kszta\u0142towanie si\u0119 liczby u\u017cytkownik\u00f3w portali spo\u0142eczno\u015bciowych\u00a0oraz bazy fan\u00f3w poszczeg\u00f3lnych profili.\u00a0W pierwszym przypadku najistotniejsze s\u0105 og\u00f3lne tendencje w korzystaniu z internetu\u00a0oraz nawyki internaut\u00f3w,  w drugim za\u015b \u2212 konkretne kampanie oraz wydarzenia zwi\u0105zane z\u00a0markami. Zdecydowali\u015bmy si\u0119 jednak przedstawi\u0107 nasze prognozy oparte jedynie o\u00a0historyczne warto\u015bci liczby u\u017cytkownik\u00f3w oraz zale\u017cne wy\u0142\u0105cznie od czynnika czasu.<\/p>\n<div id=\"attachment_9915\" style=\"width: 706px\" class=\"wp-caption alignnone\"><a href=\"https:\/\/www.sotrender.com\/blog\/wp-content\/uploads\/2013\/11\/zdj\u0119cie-do-podmiany.jpg\"><img loading=\"lazy\" decoding=\"async\" aria-describedby=\"caption-attachment-9915\" class=\"size-full wp-image-9915\" src=\"https:\/\/www.sotrender.com\/blog\/wp-content\/uploads\/2013\/11\/zdj\u0119cie-do-podmiany.jpg\" alt=\"Czas odpowiedzi na posty u\u017cytkownik\u00f3w - jeden z aspekt\u00f3w przeanalizowanych w raporcie\" width=\"696\" height=\"476\" srcset=\"https:\/\/www.sotrender.com\/blog\/wp-content\/uploads\/2013\/11\/zdj\u0119cie-do-podmiany.jpg 696w, https:\/\/www.sotrender.com\/blog\/wp-content\/uploads\/2013\/11\/zdj\u0119cie-do-podmiany-475x325.jpg 475w, https:\/\/www.sotrender.com\/blog\/wp-content\/uploads\/2013\/11\/zdj\u0119cie-do-podmiany-600x410.jpg 600w\" sizes=\"(max-width: 696px) 100vw, 696px\" \/><\/a><p id=\"caption-attachment-9915\" class=\"wp-caption-text\">Czas odpowiedzi na posty u\u017cytkownik\u00f3w &#8211; jeden z aspekt\u00f3w przeanalizowanych w raporcie<\/p><\/div>\n<p>Chcieliby\u015bmy jednak podkre\u015bli\u0107,  \u017ce s\u0105 one obarczone pewnym ryzykiem b\u0142\u0119du.\u00a0Analizie poddali\u015bmy dane od pocz\u0105tku 2012 r. dotycz\u0105ce pr\u00f3by <strong>3194 polskich stron na\u00a0Facebooku<\/strong> (tzw. fanpage\u2019y),  w tym 1724 profili komercyjnych i 1470 niekomercyjnych.\u00a0Badanie obj\u0119\u0142o wszystkie aktywno\u015bci zwi\u0105zane z opisanymi stronami w okresie od\u00a001.01.2012 do 31.10.2013 r. Dodatkowo dane dotycz\u0105ce liczby u\u017cytkownik\u00f3w poszczeg\u00f3lnych\u00a0serwis\u00f3w spo\u0142eczno\u015bciowych,  pochodz\u0105ce z badania Megapanel,  udost\u0119pni\u0142a nam firma\u00a0<a title=\"Przejd\u017a do strony\" href=\"http:\/\/www.pbi.org.pl\/\" target=\"_blank\">Polskie Badania Internetu<\/a>. Szczeg\u00f3\u0142owa nota metodologiczna opisuj\u0105ca metod\u0119 tworzenia\u00a0prognoz znajduje si\u0119 na ko\u0144cu publikacji.<\/p>\n<p style=\"text-align: center;\">Raport zosta\u0142 obj\u0119ty patronatem magazynu <a title=\"Przejd\u017a na stron\u0119 magazynu\" href=\"http:\/\/o-m.pl\/\" target=\"_blank\">Online Marketing Polska<\/a> i mia\u0142 premier\u0119 20.\u00a0listopada 2013 r. podczas <a title=\"Przejd\u017a na stron\u0119 kongresu\" href=\"http:\/\/www.kongres-online.pl\/\" target=\"_blank\">VI Kongresu Online Marketing<\/a>.<\/p>\n<p style=\"text-align: center;\"><strong>Zapraszamy do lektury!<\/strong><\/p>\n<h3 style=\"text-align: center;\"><a href=\"http:\/\/www.sotrender.com\/file\/download\/raport-kongres-online-marketing-polska.pdf\" target=\"_blank\"> <strong>&gt;&gt;&gt;Raport jest dost\u0119pny TU&lt;&lt;&lt;<\/strong><br \/>\n<\/a><\/h3>\n","protected":false},"excerpt":{"rendered":"<p>Pracownicy agencji, przedstawiciele marek czy firm badawczych skupiaj\u0105cych si\u0119 na\u00a0analizie dzia\u0142a\u0144 prowadzonych przez marki w mediach spo\u0142eczno\u015bciowych nieustannie\u00a0zadaj\u0105 sobie pytania dotycz\u0105ce kierunku, w jakim zmierzaj\u0105 social media.\u00a0Prawdopodobnie niemal ka\u017cda osoba zwi\u0105zana z nimi zawodowo przynajmniej raz\u00a0zastanawia\u0142a si\u0119, czy i kiedy nast\u0105pi moment, gdy liczba u\u017cytkownik\u00f3w Facebooka\u00a0przestanie rosn\u0105\u0107, a marki b\u0119d\u0105 musia\u0142y powa\u017cnie zrewidowa\u0107 zasady dzia\u0142a\u0144\u00a0promocyjnych [&hellip;]<\/p>\n","protected":false},"author":31,"featured_media":18901,"comment_status":"open","ping_status":"open","sticky":false,"template":"","format":"standard","meta":{"inline_featured_image":false,"footnotes":""},"categories":[1793,1797,1799],"tags":[17,25,501,619,621,667,669,671],"yoast_head":"<!-- This site is optimized with the Yoast SEO plugin v22.4 - https:\/\/yoast.com\/wordpress\/plugins\/seo\/ -->\n<title>Social media w 2014 r. - nadal b\u0119d\u0105 so trendy?<\/title>\n<meta name=\"description\" content=\"Przygl\u0105damy si\u0119 zjawiskom zachodz\u0105cym na Facebooku i w innych serwisach spo\u0142eczno\u015bciowych. Jak za rok b\u0119d\u0105 wygl\u0105da\u0107 social media? Przeczytaj raport!\" \/>\n<meta name=\"robots\" content=\"index, follow, max-snippet:-1, max-image-preview:large, max-video-preview:-1\" \/>\n<link rel=\"canonical\" href=\"https:\/\/www.sotrender.com\/blog\/pl\/2013\/11\/social-media_2014\/\" \/>\n<meta property=\"og:locale\" content=\"pl_PL\" \/>\n<meta property=\"og:type\" content=\"article\" \/>\n<meta property=\"og:title\" content=\"Social media w 2014 r. - nadal b\u0119d\u0105 so trendy?\" \/>\n<meta property=\"og:description\" content=\"Przygl\u0105damy si\u0119 zjawiskom zachodz\u0105cym na Facebooku i w innych serwisach spo\u0142eczno\u015bciowych. Jak za rok b\u0119d\u0105 wygl\u0105da\u0107 social media? Przeczytaj raport!\" \/>\n<meta property=\"og:url\" content=\"https:\/\/www.sotrender.com\/blog\/pl\/2013\/11\/social-media_2014\/\" \/>\n<meta property=\"og:site_name\" content=\"Sotrender Blog\" \/>\n<meta property=\"article:publisher\" content=\"https:\/\/www.facebook.com\/Sotrender\" \/>\n<meta property=\"article:published_time\" content=\"2013-11-20T12:18:05+00:00\" \/>\n<meta property=\"article:modified_time\" content=\"2015-12-28T13:05:51+00:00\" \/>\n<meta property=\"og:image\" content=\"https:\/\/www.sotrender.com\/blog\/wp-content\/uploads\/2015\/07\/header_blog_3.jpg\" \/>\n\t<meta property=\"og:image:width\" content=\"1600\" \/>\n\t<meta property=\"og:image:height\" content=\"700\" \/>\n\t<meta property=\"og:image:type\" content=\"image\/jpeg\" \/>\n<meta name=\"author\" content=\"Aleksandra Prejs\" \/>\n<meta name=\"twitter:card\" content=\"summary_large_image\" \/>\n<meta name=\"twitter:creator\" content=\"@Sotrender\" \/>\n<meta name=\"twitter:site\" content=\"@Sotrender\" \/>\n<meta name=\"twitter:label1\" content=\"Written by\" \/>\n\t<meta name=\"twitter:data1\" content=\"Aleksandra Prejs\" \/>\n\t<meta name=\"twitter:label2\" content=\"Est. reading time\" \/>\n\t<meta name=\"twitter:data2\" content=\"2 minutes\" \/>\n<script type=\"application\/ld+json\" class=\"yoast-schema-graph\">{\"@context\":\"https:\/\/schema.org\",\"@graph\":[{\"@type\":\"WebPage\",\"@id\":\"https:\/\/www.sotrender.com\/blog\/pl\/2013\/11\/social-media_2014\/\",\"url\":\"https:\/\/www.sotrender.com\/blog\/pl\/2013\/11\/social-media_2014\/\",\"name\":\"Social media w 2014 r. - nadal b\u0119d\u0105 so trendy?\",\"isPartOf\":{\"@id\":\"https:\/\/www.sotrender.com\/blog\/#website\"},\"primaryImageOfPage\":{\"@id\":\"https:\/\/www.sotrender.com\/blog\/pl\/2013\/11\/social-media_2014\/#primaryimage\"},\"image\":{\"@id\":\"https:\/\/www.sotrender.com\/blog\/pl\/2013\/11\/social-media_2014\/#primaryimage\"},\"thumbnailUrl\":\"https:\/\/www.sotrender.com\/blog\/wp-content\/uploads\/2015\/07\/header_blog_3.jpg\",\"datePublished\":\"2013-11-20T12:18:05+00:00\",\"dateModified\":\"2015-12-28T13:05:51+00:00\",\"author\":{\"@id\":\"https:\/\/www.sotrender.com\/blog\/#\/schema\/person\/7106df62825269bc360ad9171cd7149b\"},\"description\":\"Przygl\u0105damy si\u0119 zjawiskom zachodz\u0105cym na Facebooku i w innych serwisach spo\u0142eczno\u015bciowych. Jak za rok b\u0119d\u0105 wygl\u0105da\u0107 social media? Przeczytaj raport!\",\"breadcrumb\":{\"@id\":\"https:\/\/www.sotrender.com\/blog\/pl\/2013\/11\/social-media_2014\/#breadcrumb\"},\"inLanguage\":\"pl-PL\",\"potentialAction\":[{\"@type\":\"ReadAction\",\"target\":[\"https:\/\/www.sotrender.com\/blog\/pl\/2013\/11\/social-media_2014\/\"]}]},{\"@type\":\"ImageObject\",\"inLanguage\":\"pl-PL\",\"@id\":\"https:\/\/www.sotrender.com\/blog\/pl\/2013\/11\/social-media_2014\/#primaryimage\",\"url\":\"https:\/\/www.sotrender.com\/blog\/wp-content\/uploads\/2015\/07\/header_blog_3.jpg\",\"contentUrl\":\"https:\/\/www.sotrender.com\/blog\/wp-content\/uploads\/2015\/07\/header_blog_3.jpg\",\"width\":1600,\"height\":700},{\"@type\":\"BreadcrumbList\",\"@id\":\"https:\/\/www.sotrender.com\/blog\/pl\/2013\/11\/social-media_2014\/#breadcrumb\",\"itemListElement\":[{\"@type\":\"ListItem\",\"position\":1,\"name\":\"Home\",\"item\":\"https:\/\/www.sotrender.com\/blog\/\"},{\"@type\":\"ListItem\",\"position\":2,\"name\":\"Social media w 2014 r. &#8211; nadal b\u0119d\u0105 so trendy?\"}]},{\"@type\":\"WebSite\",\"@id\":\"https:\/\/www.sotrender.com\/blog\/#website\",\"url\":\"https:\/\/www.sotrender.com\/blog\/\",\"name\":\"Sotrender Blog\",\"description\":\"\",\"potentialAction\":[{\"@type\":\"SearchAction\",\"target\":{\"@type\":\"EntryPoint\",\"urlTemplate\":\"https:\/\/www.sotrender.com\/blog\/?s={search_term_string}\"},\"query-input\":\"required name=search_term_string\"}],\"inLanguage\":\"pl-PL\"},{\"@type\":\"Person\",\"@id\":\"https:\/\/www.sotrender.com\/blog\/#\/schema\/person\/7106df62825269bc360ad9171cd7149b\",\"name\":\"Aleksandra Prejs\",\"image\":{\"@type\":\"ImageObject\",\"inLanguage\":\"pl-PL\",\"@id\":\"https:\/\/www.sotrender.com\/blog\/#\/schema\/person\/image\/\",\"url\":\"https:\/\/secure.gravatar.com\/avatar\/469000454b77ff0aacb32c49dba023be?s=96&d=mm&r=g\",\"contentUrl\":\"https:\/\/secure.gravatar.com\/avatar\/469000454b77ff0aacb32c49dba023be?s=96&d=mm&r=g\",\"caption\":\"Aleksandra Prejs\"},\"url\":\"https:\/\/www.sotrender.com\/blog\/pl\/author\/aleksandra-prejs\/\"}]}<\/script>\n<!-- \/ Yoast SEO plugin. -->","yoast_head_json":{"title":"Social media w 2014 r. - nadal b\u0119d\u0105 so trendy?","description":"Przygl\u0105damy si\u0119 zjawiskom zachodz\u0105cym na Facebooku i w innych serwisach spo\u0142eczno\u015bciowych. Jak za rok b\u0119d\u0105 wygl\u0105da\u0107 social media? Przeczytaj raport!","robots":{"index":"index","follow":"follow","max-snippet":"max-snippet:-1","max-image-preview":"max-image-preview:large","max-video-preview":"max-video-preview:-1"},"canonical":"https:\/\/www.sotrender.com\/blog\/pl\/2013\/11\/social-media_2014\/","og_locale":"pl_PL","og_type":"article","og_title":"Social media w 2014 r. - nadal b\u0119d\u0105 so trendy?","og_description":"Przygl\u0105damy si\u0119 zjawiskom zachodz\u0105cym na Facebooku i w innych serwisach spo\u0142eczno\u015bciowych. Jak za rok b\u0119d\u0105 wygl\u0105da\u0107 social media? Przeczytaj raport!","og_url":"https:\/\/www.sotrender.com\/blog\/pl\/2013\/11\/social-media_2014\/","og_site_name":"Sotrender Blog","article_publisher":"https:\/\/www.facebook.com\/Sotrender","article_published_time":"2013-11-20T12:18:05+00:00","article_modified_time":"2015-12-28T13:05:51+00:00","og_image":[{"width":1600,"height":700,"url":"https:\/\/www.sotrender.com\/blog\/wp-content\/uploads\/2015\/07\/header_blog_3.jpg","type":"image\/jpeg"}],"author":"Aleksandra Prejs","twitter_card":"summary_large_image","twitter_creator":"@Sotrender","twitter_site":"@Sotrender","twitter_misc":{"Written by":"Aleksandra Prejs","Est. reading time":"2 minutes"},"schema":{"@context":"https:\/\/schema.org","@graph":[{"@type":"WebPage","@id":"https:\/\/www.sotrender.com\/blog\/pl\/2013\/11\/social-media_2014\/","url":"https:\/\/www.sotrender.com\/blog\/pl\/2013\/11\/social-media_2014\/","name":"Social media w 2014 r. - nadal b\u0119d\u0105 so trendy?","isPartOf":{"@id":"https:\/\/www.sotrender.com\/blog\/#website"},"primaryImageOfPage":{"@id":"https:\/\/www.sotrender.com\/blog\/pl\/2013\/11\/social-media_2014\/#primaryimage"},"image":{"@id":"https:\/\/www.sotrender.com\/blog\/pl\/2013\/11\/social-media_2014\/#primaryimage"},"thumbnailUrl":"https:\/\/www.sotrender.com\/blog\/wp-content\/uploads\/2015\/07\/header_blog_3.jpg","datePublished":"2013-11-20T12:18:05+00:00","dateModified":"2015-12-28T13:05:51+00:00","author":{"@id":"https:\/\/www.sotrender.com\/blog\/#\/schema\/person\/7106df62825269bc360ad9171cd7149b"},"description":"Przygl\u0105damy si\u0119 zjawiskom zachodz\u0105cym na Facebooku i w innych serwisach spo\u0142eczno\u015bciowych. Jak za rok b\u0119d\u0105 wygl\u0105da\u0107 social media? Przeczytaj raport!","breadcrumb":{"@id":"https:\/\/www.sotrender.com\/blog\/pl\/2013\/11\/social-media_2014\/#breadcrumb"},"inLanguage":"pl-PL","potentialAction":[{"@type":"ReadAction","target":["https:\/\/www.sotrender.com\/blog\/pl\/2013\/11\/social-media_2014\/"]}]},{"@type":"ImageObject","inLanguage":"pl-PL","@id":"https:\/\/www.sotrender.com\/blog\/pl\/2013\/11\/social-media_2014\/#primaryimage","url":"https:\/\/www.sotrender.com\/blog\/wp-content\/uploads\/2015\/07\/header_blog_3.jpg","contentUrl":"https:\/\/www.sotrender.com\/blog\/wp-content\/uploads\/2015\/07\/header_blog_3.jpg","width":1600,"height":700},{"@type":"BreadcrumbList","@id":"https:\/\/www.sotrender.com\/blog\/pl\/2013\/11\/social-media_2014\/#breadcrumb","itemListElement":[{"@type":"ListItem","position":1,"name":"Home","item":"https:\/\/www.sotrender.com\/blog\/"},{"@type":"ListItem","position":2,"name":"Social media w 2014 r. &#8211; nadal b\u0119d\u0105 so trendy?"}]},{"@type":"WebSite","@id":"https:\/\/www.sotrender.com\/blog\/#website","url":"https:\/\/www.sotrender.com\/blog\/","name":"Sotrender Blog","description":"","potentialAction":[{"@type":"SearchAction","target":{"@type":"EntryPoint","urlTemplate":"https:\/\/www.sotrender.com\/blog\/?s={search_term_string}"},"query-input":"required name=search_term_string"}],"inLanguage":"pl-PL"},{"@type":"Person","@id":"https:\/\/www.sotrender.com\/blog\/#\/schema\/person\/7106df62825269bc360ad9171cd7149b","name":"Aleksandra Prejs","image":{"@type":"ImageObject","inLanguage":"pl-PL","@id":"https:\/\/www.sotrender.com\/blog\/#\/schema\/person\/image\/","url":"https:\/\/secure.gravatar.com\/avatar\/469000454b77ff0aacb32c49dba023be?s=96&d=mm&r=g","contentUrl":"https:\/\/secure.gravatar.com\/avatar\/469000454b77ff0aacb32c49dba023be?s=96&d=mm&r=g","caption":"Aleksandra Prejs"},"url":"https:\/\/www.sotrender.com\/blog\/pl\/author\/aleksandra-prejs\/"}]}},"_links":{"self":[{"href":"https:\/\/www.sotrender.com\/blog\/pl\/wp-json\/wp\/v2\/posts\/9845"}],"collection":[{"href":"https:\/\/www.sotrender.com\/blog\/pl\/wp-json\/wp\/v2\/posts"}],"about":[{"href":"https:\/\/www.sotrender.com\/blog\/pl\/wp-json\/wp\/v2\/types\/post"}],"author":[{"embeddable":true,"href":"https:\/\/www.sotrender.com\/blog\/pl\/wp-json\/wp\/v2\/users\/31"}],"replies":[{"embeddable":true,"href":"https:\/\/www.sotrender.com\/blog\/pl\/wp-json\/wp\/v2\/comments?post=9845"}],"version-history":[{"count":16,"href":"https:\/\/www.sotrender.com\/blog\/pl\/wp-json\/wp\/v2\/posts\/9845\/revisions"}],"predecessor-version":[{"id":14623,"href":"https:\/\/www.sotrender.com\/blog\/pl\/wp-json\/wp\/v2\/posts\/9845\/revisions\/14623"}],"wp:featuredmedia":[{"embeddable":true,"href":"https:\/\/www.sotrender.com\/blog\/pl\/wp-json\/wp\/v2\/media\/18901"}],"wp:attachment":[{"href":"https:\/\/www.sotrender.com\/blog\/pl\/wp-json\/wp\/v2\/media?parent=9845"}],"wp:term":[{"taxonomy":"category","embeddable":true,"href":"https:\/\/www.sotrender.com\/blog\/pl\/wp-json\/wp\/v2\/categories?post=9845"},{"taxonomy":"post_tag","embeddable":true,"href":"https:\/\/www.sotrender.com\/blog\/pl\/wp-json\/wp\/v2\/tags?post=9845"}],"curies":[{"name":"wp","href":"https:\/\/api.w.org\/{rel}","templated":true}]}}