{"id":96,"date":"2011-11-24T11:16:25","date_gmt":"2011-11-24T10:16:25","guid":{"rendered":"http:\/\/blog.fanpagetrender.pl\/?p=96"},"modified":"2017-04-13T17:26:21","modified_gmt":"2017-04-13T15:26:21","slug":"fanpage-trender-na-social-media-day-we-wroclawiu","status":"publish","type":"post","link":"https:\/\/www.sotrender.com\/blog\/pl\/2011\/11\/fanpage-trender-na-social-media-day-we-wroclawiu\/","title":{"rendered":"Fanpage Trender na Social Media Day we Wroc\u0142awiu"},"content":{"rendered":"<p style=\"text-align: left;\"><strong>Social Media Day<\/strong> to cykl konferencji o mediach spo\u0142eczno\u015bciowych, odbywaj\u0105cy si\u0119 we Wroc\u0142awiu, na kt\u00f3re co roku przyje\u017cd\u017caj\u0105 eksperci z ca\u0142ej Polski. Tematy zawsze dotycz\u0105 tego, czym aktualnie \u017cyje Internet. W tym roku skupiono si\u0119 na tym jak <a href=\"https:\/\/www.sotrender.com\/blog\/wp-content\/uploads\/2011\/11\/22450_220x160_1.jpg\"><img loading=\"lazy\" decoding=\"async\" class=\"alignright size-full wp-image-98\" title=\"22450_220x160_1\" src=\"https:\/\/www.sotrender.com\/blog\/wp-content\/uploads\/2011\/11\/22450_220x160_1.jpg\" alt=\"\" width=\"220\" height=\"160\" \/><\/a>dobrze prowadzi\u0107 sw\u00f3j kana\u0142 spo\u0142eczno\u015bciowy i zach\u0119ca\u0107 internaut\u00f3w, by si\u0119 nim interesowali. By\u0142a to zatem idealna konferencja dla tych, kt\u00f3rzy w mediach spo\u0142eczno\u015bciowych dostrzegaj\u0105 szans\u0119 promocji i rozwoju swojego biznesu.<\/p>\n<p><!--more--><\/p>\n<h3 style=\"text-align: left;\">Social Media Day 2011<\/h3>\n<p style=\"text-align: left;\">Skoro wi\u0119c tegoroczny Social Media Day skupia\u0142 si\u0119 na mediach spo\u0142eczno\u015bciowych, Internecie, fanach oraz roli social media w biznesie to nie mog\u0142o tam zabrakn\u0105\u0107 <strong>zespo\u0142u Fanpage Trender<\/strong>.<\/p>\n<p style=\"text-align: left;\"><a href=\"https:\/\/www.sotrender.com\/blog\/wp-content\/uploads\/2011\/11\/zdj-social-media-day-janek.jpg\"><img loading=\"lazy\" decoding=\"async\" class=\"alignleft size-medium wp-image-97\" title=\"zdj social media day janek\" src=\"https:\/\/www.sotrender.com\/blog\/wp-content\/uploads\/2011\/11\/zdj-social-media-day-janek-300x180.jpg\" alt=\"\" width=\"300\" height=\"180\" srcset=\"https:\/\/www.sotrender.com\/blog\/wp-content\/uploads\/2011\/11\/zdj-social-media-day-janek-300x180.jpg 300w, https:\/\/www.sotrender.com\/blog\/wp-content\/uploads\/2011\/11\/zdj-social-media-day-janek-475x287.jpg 475w, https:\/\/www.sotrender.com\/blog\/wp-content\/uploads\/2011\/11\/zdj-social-media-day-janek-600x362.jpg 600w, https:\/\/www.sotrender.com\/blog\/wp-content\/uploads\/2011\/11\/zdj-social-media-day-janek.jpg 620w\" sizes=\"(max-width: 300px) 100vw, 300px\" \/><\/a><\/p>\n<p style=\"text-align: left;\">Uczestnikom konferencji opowiedzieli\u015bmy o tym, jak anga\u017cowa\u0107 fan\u00f3w na Facebook&#8217;u. Przedstawili\u015bmy r\u00f3wnie\u017c najciekawsze przypadki z polskiego Facebook&#8217;a, a w\u015br\u00f3d nich by\u0142o r\u00f3wnie\u017c kilka s\u0142\u00f3w o <a href=\"http:\/\/www.facebook.com\/demotywatory\"><strong>Demotywatorach<\/strong><\/a>, najwi\u0119kszym polskim fanpage&#8217;u.<\/p>\n<p style=\"text-align: left;\">Po wi\u0119cej szczeg\u00f3\u0142\u00f3w na temat Social Media Day odsy\u0142amy do <a href=\"http:\/\/wroclaw.wyborcza.pl\/wroclaw\/0,0.html?disableRedirects=true\">Gazety.pl Wroc\u0142aw<\/a><\/p>\n<p>&nbsp;<\/p>\n<p style=\"text-align: left;\">Mi\u0142ej lektury!<\/p>\n","protected":false},"excerpt":{"rendered":"<p>Social Media Day to cykl konferencji o mediach spo\u0142eczno\u015bciowych, odbywaj\u0105cy si\u0119 we Wroc\u0142awiu, na kt\u00f3re co roku przyje\u017cd\u017caj\u0105 eksperci z ca\u0142ej Polski. Tematy zawsze dotycz\u0105 tego, czym aktualnie \u017cyje Internet. W tym roku skupiono si\u0119 na tym jak dobrze prowadzi\u0107 sw\u00f3j kana\u0142 spo\u0142eczno\u015bciowy i zach\u0119ca\u0107 internaut\u00f3w, by si\u0119 nim interesowali. By\u0142a to zatem idealna konferencja [&hellip;]<\/p>\n","protected":false},"author":31,"featured_media":0,"comment_status":"open","ping_status":"open","sticky":false,"template":"","format":"standard","meta":{"inline_featured_image":false,"footnotes":""},"categories":[1],"tags":[7,303,315],"yoast_head":"<!-- This site is optimized with the Yoast SEO plugin v22.4 - https:\/\/yoast.com\/wordpress\/plugins\/seo\/ -->\n<title>Fanpage Trender na Social Media Day 2011<\/title>\n<meta name=\"description\" content=\"Nasza relacja z Social Media Day 2011we Wroc\u0142awiu. Sotrender - Social Media Marketing Blog.\" \/>\n<meta name=\"robots\" content=\"index, follow, max-snippet:-1, max-image-preview:large, max-video-preview:-1\" \/>\n<link rel=\"canonical\" href=\"https:\/\/www.sotrender.com\/blog\/pl\/2011\/11\/fanpage-trender-na-social-media-day-we-wroclawiu\/\" \/>\n<meta property=\"og:locale\" content=\"pl_PL\" \/>\n<meta property=\"og:type\" content=\"article\" \/>\n<meta property=\"og:title\" content=\"Fanpage Trender na Social Media Day 2011\" \/>\n<meta property=\"og:description\" content=\"Nasza relacja z Social Media Day 2011we Wroc\u0142awiu. Sotrender - Social Media Marketing Blog.\" \/>\n<meta property=\"og:url\" content=\"https:\/\/www.sotrender.com\/blog\/pl\/2011\/11\/fanpage-trender-na-social-media-day-we-wroclawiu\/\" \/>\n<meta property=\"og:site_name\" content=\"Sotrender Blog\" \/>\n<meta property=\"article:publisher\" content=\"https:\/\/www.facebook.com\/Sotrender\" \/>\n<meta property=\"article:published_time\" content=\"2011-11-24T10:16:25+00:00\" \/>\n<meta property=\"article:modified_time\" content=\"2017-04-13T15:26:21+00:00\" \/>\n<meta property=\"og:image\" content=\"https:\/\/www.sotrender.com\/blog\/wp-content\/uploads\/2011\/11\/22450_220x160_1.jpg\" \/>\n<meta name=\"author\" content=\"Aleksandra Prejs\" \/>\n<meta name=\"twitter:card\" content=\"summary_large_image\" \/>\n<meta name=\"twitter:creator\" content=\"@Sotrender\" \/>\n<meta name=\"twitter:site\" content=\"@Sotrender\" \/>\n<meta name=\"twitter:label1\" content=\"Written by\" \/>\n\t<meta name=\"twitter:data1\" content=\"Aleksandra Prejs\" \/>\n\t<meta name=\"twitter:label2\" content=\"Est. reading time\" \/>\n\t<meta name=\"twitter:data2\" content=\"1 minute\" \/>\n<script type=\"application\/ld+json\" class=\"yoast-schema-graph\">{\"@context\":\"https:\/\/schema.org\",\"@graph\":[{\"@type\":\"WebPage\",\"@id\":\"https:\/\/www.sotrender.com\/blog\/pl\/2011\/11\/fanpage-trender-na-social-media-day-we-wroclawiu\/\",\"url\":\"https:\/\/www.sotrender.com\/blog\/pl\/2011\/11\/fanpage-trender-na-social-media-day-we-wroclawiu\/\",\"name\":\"Fanpage Trender na Social Media Day 2011\",\"isPartOf\":{\"@id\":\"https:\/\/www.sotrender.com\/blog\/#website\"},\"primaryImageOfPage\":{\"@id\":\"https:\/\/www.sotrender.com\/blog\/pl\/2011\/11\/fanpage-trender-na-social-media-day-we-wroclawiu\/#primaryimage\"},\"image\":{\"@id\":\"https:\/\/www.sotrender.com\/blog\/pl\/2011\/11\/fanpage-trender-na-social-media-day-we-wroclawiu\/#primaryimage\"},\"thumbnailUrl\":\"https:\/\/www.sotrender.com\/blog\/wp-content\/uploads\/2011\/11\/22450_220x160_1.jpg\",\"datePublished\":\"2011-11-24T10:16:25+00:00\",\"dateModified\":\"2017-04-13T15:26:21+00:00\",\"author\":{\"@id\":\"https:\/\/www.sotrender.com\/blog\/#\/schema\/person\/7106df62825269bc360ad9171cd7149b\"},\"description\":\"Nasza relacja z Social Media Day 2011we Wroc\u0142awiu. Sotrender - Social Media Marketing Blog.\",\"breadcrumb\":{\"@id\":\"https:\/\/www.sotrender.com\/blog\/pl\/2011\/11\/fanpage-trender-na-social-media-day-we-wroclawiu\/#breadcrumb\"},\"inLanguage\":\"pl-PL\",\"potentialAction\":[{\"@type\":\"ReadAction\",\"target\":[\"https:\/\/www.sotrender.com\/blog\/pl\/2011\/11\/fanpage-trender-na-social-media-day-we-wroclawiu\/\"]}]},{\"@type\":\"ImageObject\",\"inLanguage\":\"pl-PL\",\"@id\":\"https:\/\/www.sotrender.com\/blog\/pl\/2011\/11\/fanpage-trender-na-social-media-day-we-wroclawiu\/#primaryimage\",\"url\":\"https:\/\/www.sotrender.com\/blog\/wp-content\/uploads\/2011\/11\/22450_220x160_1.jpg\",\"contentUrl\":\"https:\/\/www.sotrender.com\/blog\/wp-content\/uploads\/2011\/11\/22450_220x160_1.jpg\"},{\"@type\":\"BreadcrumbList\",\"@id\":\"https:\/\/www.sotrender.com\/blog\/pl\/2011\/11\/fanpage-trender-na-social-media-day-we-wroclawiu\/#breadcrumb\",\"itemListElement\":[{\"@type\":\"ListItem\",\"position\":1,\"name\":\"Home\",\"item\":\"https:\/\/www.sotrender.com\/blog\/\"},{\"@type\":\"ListItem\",\"position\":2,\"name\":\"Fanpage Trender na Social Media Day we Wroc\u0142awiu\"}]},{\"@type\":\"WebSite\",\"@id\":\"https:\/\/www.sotrender.com\/blog\/#website\",\"url\":\"https:\/\/www.sotrender.com\/blog\/\",\"name\":\"Sotrender Blog\",\"description\":\"\",\"potentialAction\":[{\"@type\":\"SearchAction\",\"target\":{\"@type\":\"EntryPoint\",\"urlTemplate\":\"https:\/\/www.sotrender.com\/blog\/?s={search_term_string}\"},\"query-input\":\"required name=search_term_string\"}],\"inLanguage\":\"pl-PL\"},{\"@type\":\"Person\",\"@id\":\"https:\/\/www.sotrender.com\/blog\/#\/schema\/person\/7106df62825269bc360ad9171cd7149b\",\"name\":\"Aleksandra Prejs\",\"image\":{\"@type\":\"ImageObject\",\"inLanguage\":\"pl-PL\",\"@id\":\"https:\/\/www.sotrender.com\/blog\/#\/schema\/person\/image\/\",\"url\":\"https:\/\/secure.gravatar.com\/avatar\/469000454b77ff0aacb32c49dba023be?s=96&d=mm&r=g\",\"contentUrl\":\"https:\/\/secure.gravatar.com\/avatar\/469000454b77ff0aacb32c49dba023be?s=96&d=mm&r=g\",\"caption\":\"Aleksandra Prejs\"},\"url\":\"https:\/\/www.sotrender.com\/blog\/pl\/author\/aleksandra-prejs\/\"}]}<\/script>\n<!-- \/ Yoast SEO plugin. -->","yoast_head_json":{"title":"Fanpage Trender na Social Media Day 2011","description":"Nasza relacja z Social Media Day 2011we Wroc\u0142awiu. Sotrender - Social Media Marketing Blog.","robots":{"index":"index","follow":"follow","max-snippet":"max-snippet:-1","max-image-preview":"max-image-preview:large","max-video-preview":"max-video-preview:-1"},"canonical":"https:\/\/www.sotrender.com\/blog\/pl\/2011\/11\/fanpage-trender-na-social-media-day-we-wroclawiu\/","og_locale":"pl_PL","og_type":"article","og_title":"Fanpage Trender na Social Media Day 2011","og_description":"Nasza relacja z Social Media Day 2011we Wroc\u0142awiu. Sotrender - Social Media Marketing Blog.","og_url":"https:\/\/www.sotrender.com\/blog\/pl\/2011\/11\/fanpage-trender-na-social-media-day-we-wroclawiu\/","og_site_name":"Sotrender Blog","article_publisher":"https:\/\/www.facebook.com\/Sotrender","article_published_time":"2011-11-24T10:16:25+00:00","article_modified_time":"2017-04-13T15:26:21+00:00","og_image":[{"url":"https:\/\/www.sotrender.com\/blog\/wp-content\/uploads\/2011\/11\/22450_220x160_1.jpg"}],"author":"Aleksandra Prejs","twitter_card":"summary_large_image","twitter_creator":"@Sotrender","twitter_site":"@Sotrender","twitter_misc":{"Written by":"Aleksandra Prejs","Est. reading time":"1 minute"},"schema":{"@context":"https:\/\/schema.org","@graph":[{"@type":"WebPage","@id":"https:\/\/www.sotrender.com\/blog\/pl\/2011\/11\/fanpage-trender-na-social-media-day-we-wroclawiu\/","url":"https:\/\/www.sotrender.com\/blog\/pl\/2011\/11\/fanpage-trender-na-social-media-day-we-wroclawiu\/","name":"Fanpage Trender na Social Media Day 2011","isPartOf":{"@id":"https:\/\/www.sotrender.com\/blog\/#website"},"primaryImageOfPage":{"@id":"https:\/\/www.sotrender.com\/blog\/pl\/2011\/11\/fanpage-trender-na-social-media-day-we-wroclawiu\/#primaryimage"},"image":{"@id":"https:\/\/www.sotrender.com\/blog\/pl\/2011\/11\/fanpage-trender-na-social-media-day-we-wroclawiu\/#primaryimage"},"thumbnailUrl":"https:\/\/www.sotrender.com\/blog\/wp-content\/uploads\/2011\/11\/22450_220x160_1.jpg","datePublished":"2011-11-24T10:16:25+00:00","dateModified":"2017-04-13T15:26:21+00:00","author":{"@id":"https:\/\/www.sotrender.com\/blog\/#\/schema\/person\/7106df62825269bc360ad9171cd7149b"},"description":"Nasza relacja z Social Media Day 2011we Wroc\u0142awiu. Sotrender - Social Media Marketing Blog.","breadcrumb":{"@id":"https:\/\/www.sotrender.com\/blog\/pl\/2011\/11\/fanpage-trender-na-social-media-day-we-wroclawiu\/#breadcrumb"},"inLanguage":"pl-PL","potentialAction":[{"@type":"ReadAction","target":["https:\/\/www.sotrender.com\/blog\/pl\/2011\/11\/fanpage-trender-na-social-media-day-we-wroclawiu\/"]}]},{"@type":"ImageObject","inLanguage":"pl-PL","@id":"https:\/\/www.sotrender.com\/blog\/pl\/2011\/11\/fanpage-trender-na-social-media-day-we-wroclawiu\/#primaryimage","url":"https:\/\/www.sotrender.com\/blog\/wp-content\/uploads\/2011\/11\/22450_220x160_1.jpg","contentUrl":"https:\/\/www.sotrender.com\/blog\/wp-content\/uploads\/2011\/11\/22450_220x160_1.jpg"},{"@type":"BreadcrumbList","@id":"https:\/\/www.sotrender.com\/blog\/pl\/2011\/11\/fanpage-trender-na-social-media-day-we-wroclawiu\/#breadcrumb","itemListElement":[{"@type":"ListItem","position":1,"name":"Home","item":"https:\/\/www.sotrender.com\/blog\/"},{"@type":"ListItem","position":2,"name":"Fanpage Trender na Social Media Day we Wroc\u0142awiu"}]},{"@type":"WebSite","@id":"https:\/\/www.sotrender.com\/blog\/#website","url":"https:\/\/www.sotrender.com\/blog\/","name":"Sotrender Blog","description":"","potentialAction":[{"@type":"SearchAction","target":{"@type":"EntryPoint","urlTemplate":"https:\/\/www.sotrender.com\/blog\/?s={search_term_string}"},"query-input":"required name=search_term_string"}],"inLanguage":"pl-PL"},{"@type":"Person","@id":"https:\/\/www.sotrender.com\/blog\/#\/schema\/person\/7106df62825269bc360ad9171cd7149b","name":"Aleksandra Prejs","image":{"@type":"ImageObject","inLanguage":"pl-PL","@id":"https:\/\/www.sotrender.com\/blog\/#\/schema\/person\/image\/","url":"https:\/\/secure.gravatar.com\/avatar\/469000454b77ff0aacb32c49dba023be?s=96&d=mm&r=g","contentUrl":"https:\/\/secure.gravatar.com\/avatar\/469000454b77ff0aacb32c49dba023be?s=96&d=mm&r=g","caption":"Aleksandra Prejs"},"url":"https:\/\/www.sotrender.com\/blog\/pl\/author\/aleksandra-prejs\/"}]}},"_links":{"self":[{"href":"https:\/\/www.sotrender.com\/blog\/pl\/wp-json\/wp\/v2\/posts\/96"}],"collection":[{"href":"https:\/\/www.sotrender.com\/blog\/pl\/wp-json\/wp\/v2\/posts"}],"about":[{"href":"https:\/\/www.sotrender.com\/blog\/pl\/wp-json\/wp\/v2\/types\/post"}],"author":[{"embeddable":true,"href":"https:\/\/www.sotrender.com\/blog\/pl\/wp-json\/wp\/v2\/users\/31"}],"replies":[{"embeddable":true,"href":"https:\/\/www.sotrender.com\/blog\/pl\/wp-json\/wp\/v2\/comments?post=96"}],"version-history":[{"count":15,"href":"https:\/\/www.sotrender.com\/blog\/pl\/wp-json\/wp\/v2\/posts\/96\/revisions"}],"predecessor-version":[{"id":26697,"href":"https:\/\/www.sotrender.com\/blog\/pl\/wp-json\/wp\/v2\/posts\/96\/revisions\/26697"}],"wp:attachment":[{"href":"https:\/\/www.sotrender.com\/blog\/pl\/wp-json\/wp\/v2\/media?parent=96"}],"wp:term":[{"taxonomy":"category","embeddable":true,"href":"https:\/\/www.sotrender.com\/blog\/pl\/wp-json\/wp\/v2\/categories?post=96"},{"taxonomy":"post_tag","embeddable":true,"href":"https:\/\/www.sotrender.com\/blog\/pl\/wp-json\/wp\/v2\/tags?post=96"}],"curies":[{"name":"wp","href":"https:\/\/api.w.org\/{rel}","templated":true}]}}