{"id":9593,"date":"2013-11-05T12:58:40","date_gmt":"2013-11-05T11:58:40","guid":{"rendered":"http:\/\/blog.sotrender.com\/?p=9593"},"modified":"2017-04-13T16:08:37","modified_gmt":"2017-04-13T14:08:37","slug":"fanpagetrends-pazdziernik-2013","status":"publish","type":"post","link":"https:\/\/www.sotrender.com\/blog\/pl\/2013\/11\/fanpagetrends-pazdziernik-2013\/","title":{"rendered":"FanpageTrends Pa\u017adziernik 2013 &#8211; Sotrender w podr\u00f3\u017cy po Regionach!"},"content":{"rendered":"<p><span style=\"line-height: 1.714285714; font-size: 1rem;\">Kolorowy pa\u017adziernik niestety ju\u017c za nami, czas wi\u0119c rozpocz\u0105\u0107 sezon na czytanie <a title=\"Przejd\u017a do strony\" href=\"http:\/\/www.sotrender.pl\/fanpage-trends\" target=\"_blank\">#FanpageTrends<\/a> pod ciep\u0142ym kocem. Na szcz\u0119\u015bcie jesienna pora deszczowa raczej nie grozi nud\u0105, jako \u017ce Sotrenderowe wykresy rosn\u0105 jak grzyby po deszczu! Aby\u015bcie mieli jeszcze wi\u0119cej do czytania, do pa\u017adziernikowego wydania FanpageTrends do\u0142\u0105czyli\u015bmy wyniki kategorii Regiony. Dochodz\u0105c do siebie po szale\u0144stwach irlandzkich nocy podczas <a title=\"Przejd\u017a do strony\" href=\"http:\/\/www.websummit.net\/\" target=\"_blank\">Web Summit<\/a>, zapraszamy do lektury!<\/span> <!--more--><\/p>\n<h1 dir=\"ltr\">Co w fanpagetrendsowym koszyku?<\/h1>\n<p dir=\"ltr\">Pa\u017adziernik w FanpageTrends to kontynuacja zmian rozpocz\u0119tych we wrze\u015bniu.\u00a0Tak nam si\u0119 spodoba\u0142o <a title=\"Przeczytaj analiz\u0119\" href=\"https:\/\/www.sotrender.com\/blog\/pl\/2013\/09\/regiony_na_facebooku\/\" target=\"_blank\">analizowanie stron po\u015bwi\u0119conych regionom<\/a>, \u017ce postanowili\u015bmy zaj\u0105\u0107 si\u0119 tym na d\u0142u\u017cej. Pocz\u0105wszy od pa\u017adziernikowego wydania FanpageTrends, <strong>dzia\u0142ania prowadzone przez profile regionalne b\u0119dzie mo\u017cna obserwowa\u0107 na bie\u017c\u0105co, dzi\u0119ki rozszerzeniu raportu o dedykowan\u0105 im kategori\u0119<\/strong>. P\u00f3\u0142noc toczy zaci\u0119t\u0105 rywalizacj\u0119 z po\u0142udniem, a strony <a title=\"Zobacz profil\" href=\"https:\/\/www.facebook.com\/pages\/Mazury-Cud-Natury-Masuria-The-Wonder-Of-Nature\/359379447493\" target=\"_blank\">Mazur<\/a> i <a title=\"Zobacz profil\" href=\"https:\/\/www.facebook.com\/pages\/Bieszczady\/59878703372\" target=\"_blank\">Bieszczad<\/a>, zajmuj\u0105ce pierwsze dwa miejsca w rankingu, maj\u0105 po 40 tys. fan\u00f3w. Chocia\u017c Mazury to Cud Natury, wci\u0105\u017c jednak najwi\u0119kszy fanpage regionalny, czyli Bieszczady, g\u00f3ruje nad konkurencj\u0105 w rankingu pod wzgl\u0119dem Interactivity Index.<\/p>\n<div id=\"attachment_9603\" style=\"width: 310px\" class=\"wp-caption aligncenter\"><a href=\"https:\/\/www.sotrender.com\/blog\/wp-content\/uploads\/2013\/11\/bieszczady.jpg\"><img loading=\"lazy\" decoding=\"async\" aria-describedby=\"caption-attachment-9603\" class=\"size-medium wp-image-9603\" src=\"https:\/\/www.sotrender.com\/blog\/wp-content\/uploads\/2013\/11\/bieszczady-300x295.jpg\" alt=\"Jeden z wpis\u00f3w opublikowanych przez profil po\u015bwi\u0119cony Bieszczadom\" width=\"300\" height=\"295\" \/><\/a><p id=\"caption-attachment-9603\" class=\"wp-caption-text\">Jeden z wpis\u00f3w opublikowanych przez profil po\u015bwi\u0119cony Bieszczadom<\/p><\/div>\n<p dir=\"ltr\">We wrze\u015bniowym wydaniu raportu pojawi\u0142 si\u0119 nowy podzia\u0142 stron. Najwa\u017cniejsze kategorie zajmuj\u0105 obecnie miejsce w pierwszym rz\u0119dzie kategorii FanpageTrends na stronie WWW i osobny rozdzia\u0142 w raporcie. Obok Ludzi jako najbardziej obszerne kategorie wyszczeg\u00f3lnili\u015bmy tam strony po\u015bwi\u0119cone Mediom, oddzielaj\u0105c je od stron Marek.\u00a0Wi\u0119cej na temat nowego podzia\u0142u stron mo\u017cna przeczyta\u0107 w <a title=\"Przejd\u017a do artyku\u0142u\" href=\"https:\/\/www.sotrender.com\/blog\/pl\/2013\/10\/fanpage-trends-wrzesien\/\" target=\"_blank\">artykule po\u015bwi\u0119conym poprzedniemu raportowi<\/a>.<\/p>\n<p><img decoding=\"async\" title=\"Nowy podzia\u0142 stron w FanpageTrends\" src=\"https:\/\/lh6.googleusercontent.com\/kEQCse86rDYF8y3CI3mFHrMO5a7cfi9-j0rUZHEooPGy0TBcinadIKiUMR5CuYWoe0S47jhOxcJ6fb1DcpGAt7H1jp-c2kWnbaMOQ3W3z-InQIH3FBIT4Qogsg\" alt=\"\" width=\"624px;\" height=\"168px;\" \/><\/p>\n<p><img decoding=\"async\" title=\"Nowy podzia\u0142 stron w FanpageTrends\" src=\"https:\/\/lh4.googleusercontent.com\/IO1KGLjuj7_D4LvedIzTVZe0O00mfqKHnpCUx2uA8lYvmRywjKMbE9ebBTMsccU6Jg_8mb2SSpzOKbHmSZ4ydqvCB9E2EqP7DQk9VVJAYmNrXm891IOnoInKjg\" alt=\"\" width=\"624px;\" height=\"143px;\" \/><\/p>\n<p dir=\"ltr\">Pa\u017adziernikowe<strong> Sotrender Research Insight<\/strong> to prawdziwa wisienka na torcie wykres\u00f3w. Tym razem Sotrender Research Team postanowi\u0142 przyjrze\u0107 si\u0119 bli\u017cej zale\u017cno\u015bci pomi\u0119dzy liczb\u0105 post\u00f3w opublikowanych w miesi\u0105cu, a wynikiem Interactivity Index strony. Okazuje si\u0119, \u017ce nie zawsze du\u017ca liczba post\u00f3w przek\u0142ada si\u0119 na wysokie InI. Zajrzyjcie do <a title=\"Zobacz analiz\u0119\" href=\"https:\/\/www.sotrender.com\/resources\/pl\/reports\" target=\"_blank\">Sotrender Research Insigh<\/a>t, aby dowiedzie\u0107 si\u0119, jakie czynniki s\u0105 kluczowe w przypadku walki o wysok\u0105 warto\u015b\u0107 Interactivity Index fanpage\u2019a.<\/p>\n<p dir=\"ltr\"><a title=\"Zobacz profil\" href=\"https:\/\/www.facebook.com\/LewandowskiFanPage\" target=\"_blank\">Robert Lewandowski<\/a> zdobywa serca Facebookowicz\u00f3w jeszcze szybciej ni\u017c bramki w kolejnych meczach. Liczba fan\u00f3w jego strony przekroczy\u0142a ju\u017c 2 mln os\u00f3b, a tempo zyskiwania nowych zwolennik\u00f3w sugeruje, \u017ce ju\u017c niebawem o swoj\u0105 kondycj\u0119 powa\u017cnie b\u0119d\u0105 musieli martwi\u0107 si\u0119 <a title=\"Zobacz profil\" href=\"https:\/\/www.facebook.com\/serceirozum\" target=\"_blank\">Serce i Rozum<\/a>, kt\u00f3rzy kr\u00f3lowali w rankingu nieprzerwanie od stycznia br. Je\u017celi faktycznie si\u0119 tak stanie, po raz pierwszy w historii raportu, najwi\u0119ksz\u0105 polsk\u0105 stron\u0105 na Facebooku b\u0119dzie fanpage po\u015bwi\u0119cony osobie. Warto jednak podkre\u015bli\u0107, \u017ce bardzo liczne grono fan\u00f3w Lewandowskiego pochodzi spoza Polski &#8211; co prawda Polacy stanowi\u0105 najwi\u0119ksz\u0105 grup\u0119 os\u00f3b lubi\u0105cych jego profil, ale jest ich \u201cjedynie\u201d 500 tys.<\/p>\n<p dir=\"ltr\">Na 10 miejsce rankingu najwi\u0119kszych polskich stron wdar\u0142 si\u0119 przebojem fanpage <a title=\"Zobacz profil\" href=\"https:\/\/www.facebook.com\/tylkohity\" target=\"_blank\">TYLKO HITY!<\/a>\u00a0Oficjalnie zweryfikowana przez Facebooka strona w ci\u0105gu ostatniego miesi\u0105ca zyska\u0142a 900 tys. fan\u00f3w. Prawdopodobnie sta\u0142o si\u0119 tak zapewne za spraw\u0105 po\u0142\u0105czenia stron filmowych w jedn\u0105 du\u017c\u0105 stron\u0119, a \u015bwiadczy o tym fakt, \u017ce a\u017c 850 tys. nowych fan\u00f3w przyby\u0142o stronie w ci\u0105gu nieca\u0142ej doby &#8211; 4 i 5 pa\u017adziernika.<\/p>\n<h1 dir=\"ltr\">Sotrender nie zasypia danych w popiele<\/h1>\n<p dir=\"ltr\">W pa\u017adzierniku odwiedzili\u015bmy<strong> XIV Kongres Badaczy Rynku i Opinii<\/strong>, gdzie opowiadali\u015bmy m.in. o narz\u0119dziach u\u0142atwiaj\u0105cych analiz\u0119 do-it-yourself, kt\u00f3re zabieraj\u0105 prac\u0119 badaczom i analitykom oraz o automatycznych obserwacjach zachowa\u0144 przenosz\u0105cych rynek bada\u0144 w XXI wiek. Powiedzieli\u015bmy r\u00f3wnie\u017c kilka s\u0142\u00f3w o relacji firma-klient w czasach medi\u00f3w spo\u0142eczno\u015bciowych i o kryzysach w social media. Zapraszamy na stron\u0119 Kongresu, gdzie mo\u017cna zapozna\u0107 si\u0119 tematyk\u0105 wyst\u0105pie\u0144 Jana Zaj\u0105ca\u00a0i Aleksandra Szulca.<\/p>\n<p dir=\"ltr\">Jak tylko och\u0142on\u0119li\u015bmy po Kongresie Badaczy, wybrali\u015bmy si\u0119 do Irlandii na konferencj\u0119 <strong>Web Summit<\/strong>. W mi\u0119dzyczasie s\u0142uchania prezentacji, brali\u015bmy udzia\u0142 w wielu warsztatach, a naszym stoisku mo\u017cna by\u0142o zapozna\u0107 si\u0119 lepiej z oferowanymi przez nas us\u0142ugami. Przy okazji wizyty w Dublinie odwiedzili\u015bmy r\u00f3wnie\u017c lokalne biuro Facebooka. Wr\u00f3cili\u015bmy stamt\u0105d bogatsi o wiele technologicznych m\u0105dro\u015bci:<\/p>\n<div id=\"attachment_9607\" style=\"width: 310px\" class=\"wp-caption aligncenter\"><a href=\"https:\/\/www.sotrender.com\/blog\/wp-content\/uploads\/2013\/11\/1383789_663180467046326_820670369_n.jpg\"><img loading=\"lazy\" decoding=\"async\" aria-describedby=\"caption-attachment-9607\" class=\"size-medium wp-image-9607\" src=\"https:\/\/www.sotrender.com\/blog\/wp-content\/uploads\/2013\/11\/1383789_663180467046326_820670369_n-300x225.jpg\" alt=\"Wn\u0119trze siedziby Facebooka w Dublinie\" width=\"300\" height=\"225\" \/><\/a><p id=\"caption-attachment-9607\" class=\"wp-caption-text\">Wn\u0119trze siedziby Facebooka w Dublinie<\/p><\/div>\n<p>W mi\u0119dzyczasie analizowania, prezentowania, blogowania i podr\u00f3\u017cowania, staramy si\u0119 r\u00f3wnie\u017c na bie\u017c\u0105co aktualizowa\u0107 nasze profile w serwisie Slideshare. Celowo u\u017cywamy liczby mnogiej, poniewa\u017c profile s\u0105 dwa: <a title=\"Zobacz profil\" href=\"http:\/\/www.slideshare.net\/FanpageTrender\" target=\"_blank\">polskoj\u0119zyczny<\/a>\u00a0i <a title=\"Zobacz profil\" href=\"(http:\/\/www.slideshare.net\/sotrender\" target=\"_blank\">angloj\u0119zyczny<\/a>. Mamy nadziej\u0119, \u017ce zajrzycie tam na chwil\u0119, jak tylko sko\u0144czycie czyta\u0107 #FanpageTrends.<\/p>\n<h1 dir=\"ltr\">Co piszczy na Facebooku?<\/h1>\n<p>Pa\u017adziernik na Facebooku min\u0105\u0142 przede wszystkim pod znakiem prosi\u0105tek z <a title=\"Zobacz profil\" href=\"https:\/\/www.facebook.com\/MAKROPolska\" target=\"_blank\">Makro Cash &amp; Carry<\/a>, kt\u00f3re zdominowa\u0142y news feedy u\u017cytkownik\u00f3w na dobre kilka dni. Reakcja sklepu na zaistnia\u0142\u0105 sytuacj\u0119 mo\u017ce stanowi\u0107 \u015bwietny przyk\u0142ad radzenia sobie z kryzysem na Facebooku, kt\u00f3ry wyj\u0105tkowo, tym razem wcale nie wybuch\u0142 w weekend, za to rozszala\u0142 si\u0119 z si\u0142\u0105 ma\u0142ego tajfunu. Makro Cash &amp; Carry zareagowa\u0142o szybko i z humorem, nie rezygnuj\u0105c przy tym z uprzejmego profesjonalizmu. W wyniku kryzysu, co prawda wycofano ze sprzeda\u017cy bulwersuj\u0105ce zafoliowane prosi\u0119ta, ale liczba fan\u00f3w sklepu wzros\u0142a. Media w tym przypadku bardziej informowa\u0142y ni\u017c opiniowa\u0142y, co r\u00f3wnie\u017c poskutkowa\u0142o zwi\u0119kszeniem popularno\u015bci samej sieci. Szerzej problem Makro opisa\u0142a na swoim blogu <a title=\"Przeczytaj artyku\u0142\" href=\"http:\/\/czaplicka.eu\/kryzys-firma\/makro-cash-carry\/#sthash.r2jsXh82.dpbs\" target=\"_blank\">Monika Czaplicka<\/a>.\u00a0Wilk syty i prosiak ca\u0142y, mo\u017cna rzec. \ud83d\ude42<\/p>\n<p>Sam Facebook stara si\u0119 by\u0107 jeszcze bardziej przyjazny reklamodawcom. Kolejnym krokiem w tym kierunku jest wprowadzenie funkcji <a title=\"Dowiedz si\u0119 wi\u0119cej\" href=\"https:\/\/www.facebook.com\/facebookforbusiness\/news\/Custom-Audiences-Is-Now-Available-to-Every-Advertiser\" target=\"_blank\">Custoom Audiences<\/a>, \u00a0wcze\u015bniej dost\u0119pnej jedynie poprzez narz\u0119dzia takie jak Facebook API czy Power Editor, dzi\u0119ki kt\u00f3rej \u0142atwiejsze ma by\u0107 skierowanie komunikacji na potencjalnych klient\u00f3w oraz sprofilowanie tworzonych kampanii w oparciu o cele biznesowe firmy. Ka\u017cdy posiadaj\u0105cy uprawnienia administratora reklamodawcy ma od teraz mo\u017cliwo\u015b\u0107 korzystania z istniej\u0105cej listy klient\u00f3w r\u00f3wnie\u017c na Facebooku.<\/p>\n<p><img decoding=\"async\" class=\"aligncenter\" title=\"Custom Audiences na Facebooku\" src=\"https:\/\/lh3.googleusercontent.com\/KiUpywSPkxdQ_nP4ahwv2DARHrrpa5DZQL3GyjqqPVC3rfZ1Jc8HKvmbTKLYRK5mHAfwhagnSvbhoUzlccdO9jm2BYVCsYuEagpdgaHNfREFLFH5ndnV0mIeKg\" alt=\"\" width=\"377px;\" height=\"240px;\" \/><\/p>\n<p>W niekt\u00f3rych krajach <a title=\"Przejd\u017a do strony\" href=\"https:\/\/www.facebook.com\/\" target=\"_blank\">Facebook<\/a> nie jest ju\u017c najpopularniejszym serwisem spo\u0142eczno\u015bciowym w\u015br\u00f3d m\u0142odzie\u017cy. By\u0107 mo\u017ce to w\u0142a\u015bnie presja wywo\u0142ana przez m\u0142odych u\u017cytkownik\u00f3w rezygnuj\u0105cych z korzystania z serwisu spowodowa\u0142a, \u017ce jego regulamin zmieniono tak, by by\u0142 bardziej przyjazny nastolatkom. Jak mo\u017cemy przeczyta\u0107 na <a title=\"Przeczytaj artyku\u0142\" href=\"http:\/\/techcrunch.com\/2013\/10\/16\/facebook-teens-can-now-post-publicly\/\" target=\"_blank\">portalu TechCrunch<\/a>, w pa\u017adzierniku osobom poni\u017cej 18-go roku \u017cycia umo\u017cliwiono publiczne udost\u0119pnianie tre\u015bci, kt\u00f3re jak dot\u0105d by\u0142o zablokowane. Kolejne miesi\u0105ce poka\u017c\u0105, czy ruch ten by\u0142 skuteczny i czy nieletni u\u017cytkownicy serwisu umiej\u0105 sami zadba\u0107 o swoj\u0105 prywatno\u015b\u0107.<\/p>\n<h2 style=\"text-align: center;\"><a title=\"Przejd\u017a do raprotu\" href=\"http:\/\/www.sotrender.pl\/fanpage-trends?hp\" target=\"_blank\">\u00a0\u00a0Zapraszamy do lektury pa\u017adziernikowego raportu Fanpage Trends!<\/a><\/h2>\n<p>&nbsp;<\/p>\n","protected":false},"excerpt":{"rendered":"<p>Kolorowy pa\u017adziernik niestety ju\u017c za nami, czas wi\u0119c rozpocz\u0105\u0107 sezon na czytanie #FanpageTrends pod ciep\u0142ym kocem. Na szcz\u0119\u015bcie jesienna pora deszczowa raczej nie grozi nud\u0105, jako \u017ce Sotrenderowe wykresy rosn\u0105 jak grzyby po deszczu! Aby\u015bcie mieli jeszcze wi\u0119cej do czytania, do pa\u017adziernikowego wydania FanpageTrends do\u0142\u0105czyli\u015bmy wyniki kategorii Regiony. Dochodz\u0105c do siebie po szale\u0144stwach irlandzkich nocy [&hellip;]<\/p>\n","protected":false},"author":31,"featured_media":18901,"comment_status":"open","ping_status":"open","sticky":false,"template":"","format":"standard","meta":{"inline_featured_image":false,"footnotes":""},"categories":[1793,1797],"tags":[17,25,31,551,553,555,557],"yoast_head":"<!-- This site is optimized with the Yoast SEO plugin v22.4 - https:\/\/yoast.com\/wordpress\/plugins\/seo\/ -->\n<title>FanpageTrends Pa\u017adziernik 2013 - Sotrender w podr\u00f3\u017cy po Regionach!<\/title>\n<meta name=\"description\" content=\"Sotrender przygotowa\u0142 kolejne wydanie raportu FanpageTrends podsumowuj\u0105cego dzia\u0142ania marek na Facebooku w Polsce. Kto by\u0142 najlepszy w pa\u017adzierniku?\" \/>\n<meta name=\"robots\" content=\"index, follow, max-snippet:-1, max-image-preview:large, max-video-preview:-1\" \/>\n<link rel=\"canonical\" href=\"https:\/\/www.sotrender.com\/blog\/pl\/2013\/11\/fanpagetrends-pazdziernik-2013\/\" \/>\n<meta property=\"og:locale\" content=\"pl_PL\" \/>\n<meta property=\"og:type\" content=\"article\" \/>\n<meta property=\"og:title\" content=\"FanpageTrends Pa\u017adziernik 2013 - Sotrender w podr\u00f3\u017cy po Regionach!\" \/>\n<meta property=\"og:description\" content=\"Sotrender przygotowa\u0142 kolejne wydanie raportu FanpageTrends podsumowuj\u0105cego dzia\u0142ania marek na Facebooku w Polsce. Kto by\u0142 najlepszy w pa\u017adzierniku?\" \/>\n<meta property=\"og:url\" content=\"https:\/\/www.sotrender.com\/blog\/pl\/2013\/11\/fanpagetrends-pazdziernik-2013\/\" \/>\n<meta property=\"og:site_name\" content=\"Sotrender Blog\" \/>\n<meta property=\"article:publisher\" content=\"https:\/\/www.facebook.com\/Sotrender\" \/>\n<meta property=\"article:published_time\" content=\"2013-11-05T11:58:40+00:00\" \/>\n<meta property=\"article:modified_time\" content=\"2017-04-13T14:08:37+00:00\" \/>\n<meta property=\"og:image\" content=\"https:\/\/www.sotrender.com\/blog\/wp-content\/uploads\/2015\/07\/header_blog_3.jpg\" \/>\n\t<meta property=\"og:image:width\" content=\"1600\" \/>\n\t<meta property=\"og:image:height\" content=\"700\" \/>\n\t<meta property=\"og:image:type\" content=\"image\/jpeg\" \/>\n<meta name=\"author\" content=\"Aleksandra Prejs\" \/>\n<meta name=\"twitter:card\" content=\"summary_large_image\" \/>\n<meta name=\"twitter:creator\" content=\"@Sotrender\" \/>\n<meta name=\"twitter:site\" content=\"@Sotrender\" \/>\n<meta name=\"twitter:label1\" content=\"Written by\" \/>\n\t<meta name=\"twitter:data1\" content=\"Aleksandra Prejs\" \/>\n\t<meta name=\"twitter:label2\" content=\"Est. reading time\" \/>\n\t<meta name=\"twitter:data2\" content=\"6 minutes\" \/>\n<script type=\"application\/ld+json\" class=\"yoast-schema-graph\">{\"@context\":\"https:\/\/schema.org\",\"@graph\":[{\"@type\":\"WebPage\",\"@id\":\"https:\/\/www.sotrender.com\/blog\/pl\/2013\/11\/fanpagetrends-pazdziernik-2013\/\",\"url\":\"https:\/\/www.sotrender.com\/blog\/pl\/2013\/11\/fanpagetrends-pazdziernik-2013\/\",\"name\":\"FanpageTrends Pa\u017adziernik 2013 - Sotrender w podr\u00f3\u017cy po Regionach!\",\"isPartOf\":{\"@id\":\"https:\/\/www.sotrender.com\/blog\/#website\"},\"primaryImageOfPage\":{\"@id\":\"https:\/\/www.sotrender.com\/blog\/pl\/2013\/11\/fanpagetrends-pazdziernik-2013\/#primaryimage\"},\"image\":{\"@id\":\"https:\/\/www.sotrender.com\/blog\/pl\/2013\/11\/fanpagetrends-pazdziernik-2013\/#primaryimage\"},\"thumbnailUrl\":\"https:\/\/www.sotrender.com\/blog\/wp-content\/uploads\/2015\/07\/header_blog_3.jpg\",\"datePublished\":\"2013-11-05T11:58:40+00:00\",\"dateModified\":\"2017-04-13T14:08:37+00:00\",\"author\":{\"@id\":\"https:\/\/www.sotrender.com\/blog\/#\/schema\/person\/7106df62825269bc360ad9171cd7149b\"},\"description\":\"Sotrender przygotowa\u0142 kolejne wydanie raportu FanpageTrends podsumowuj\u0105cego dzia\u0142ania marek na Facebooku w Polsce. Kto by\u0142 najlepszy w pa\u017adzierniku?\",\"breadcrumb\":{\"@id\":\"https:\/\/www.sotrender.com\/blog\/pl\/2013\/11\/fanpagetrends-pazdziernik-2013\/#breadcrumb\"},\"inLanguage\":\"pl-PL\",\"potentialAction\":[{\"@type\":\"ReadAction\",\"target\":[\"https:\/\/www.sotrender.com\/blog\/pl\/2013\/11\/fanpagetrends-pazdziernik-2013\/\"]}]},{\"@type\":\"ImageObject\",\"inLanguage\":\"pl-PL\",\"@id\":\"https:\/\/www.sotrender.com\/blog\/pl\/2013\/11\/fanpagetrends-pazdziernik-2013\/#primaryimage\",\"url\":\"https:\/\/www.sotrender.com\/blog\/wp-content\/uploads\/2015\/07\/header_blog_3.jpg\",\"contentUrl\":\"https:\/\/www.sotrender.com\/blog\/wp-content\/uploads\/2015\/07\/header_blog_3.jpg\",\"width\":1600,\"height\":700},{\"@type\":\"BreadcrumbList\",\"@id\":\"https:\/\/www.sotrender.com\/blog\/pl\/2013\/11\/fanpagetrends-pazdziernik-2013\/#breadcrumb\",\"itemListElement\":[{\"@type\":\"ListItem\",\"position\":1,\"name\":\"Home\",\"item\":\"https:\/\/www.sotrender.com\/blog\/\"},{\"@type\":\"ListItem\",\"position\":2,\"name\":\"FanpageTrends Pa\u017adziernik 2013 &#8211; Sotrender w podr\u00f3\u017cy po Regionach!\"}]},{\"@type\":\"WebSite\",\"@id\":\"https:\/\/www.sotrender.com\/blog\/#website\",\"url\":\"https:\/\/www.sotrender.com\/blog\/\",\"name\":\"Sotrender Blog\",\"description\":\"\",\"potentialAction\":[{\"@type\":\"SearchAction\",\"target\":{\"@type\":\"EntryPoint\",\"urlTemplate\":\"https:\/\/www.sotrender.com\/blog\/?s={search_term_string}\"},\"query-input\":\"required name=search_term_string\"}],\"inLanguage\":\"pl-PL\"},{\"@type\":\"Person\",\"@id\":\"https:\/\/www.sotrender.com\/blog\/#\/schema\/person\/7106df62825269bc360ad9171cd7149b\",\"name\":\"Aleksandra Prejs\",\"image\":{\"@type\":\"ImageObject\",\"inLanguage\":\"pl-PL\",\"@id\":\"https:\/\/www.sotrender.com\/blog\/#\/schema\/person\/image\/\",\"url\":\"https:\/\/secure.gravatar.com\/avatar\/469000454b77ff0aacb32c49dba023be?s=96&d=mm&r=g\",\"contentUrl\":\"https:\/\/secure.gravatar.com\/avatar\/469000454b77ff0aacb32c49dba023be?s=96&d=mm&r=g\",\"caption\":\"Aleksandra Prejs\"},\"url\":\"https:\/\/www.sotrender.com\/blog\/pl\/author\/aleksandra-prejs\/\"}]}<\/script>\n<!-- \/ Yoast SEO plugin. -->","yoast_head_json":{"title":"FanpageTrends Pa\u017adziernik 2013 - Sotrender w podr\u00f3\u017cy po Regionach!","description":"Sotrender przygotowa\u0142 kolejne wydanie raportu FanpageTrends podsumowuj\u0105cego dzia\u0142ania marek na Facebooku w Polsce. Kto by\u0142 najlepszy w pa\u017adzierniku?","robots":{"index":"index","follow":"follow","max-snippet":"max-snippet:-1","max-image-preview":"max-image-preview:large","max-video-preview":"max-video-preview:-1"},"canonical":"https:\/\/www.sotrender.com\/blog\/pl\/2013\/11\/fanpagetrends-pazdziernik-2013\/","og_locale":"pl_PL","og_type":"article","og_title":"FanpageTrends Pa\u017adziernik 2013 - Sotrender w podr\u00f3\u017cy po Regionach!","og_description":"Sotrender przygotowa\u0142 kolejne wydanie raportu FanpageTrends podsumowuj\u0105cego dzia\u0142ania marek na Facebooku w Polsce. Kto by\u0142 najlepszy w pa\u017adzierniku?","og_url":"https:\/\/www.sotrender.com\/blog\/pl\/2013\/11\/fanpagetrends-pazdziernik-2013\/","og_site_name":"Sotrender Blog","article_publisher":"https:\/\/www.facebook.com\/Sotrender","article_published_time":"2013-11-05T11:58:40+00:00","article_modified_time":"2017-04-13T14:08:37+00:00","og_image":[{"width":1600,"height":700,"url":"https:\/\/www.sotrender.com\/blog\/wp-content\/uploads\/2015\/07\/header_blog_3.jpg","type":"image\/jpeg"}],"author":"Aleksandra Prejs","twitter_card":"summary_large_image","twitter_creator":"@Sotrender","twitter_site":"@Sotrender","twitter_misc":{"Written by":"Aleksandra Prejs","Est. reading time":"6 minutes"},"schema":{"@context":"https:\/\/schema.org","@graph":[{"@type":"WebPage","@id":"https:\/\/www.sotrender.com\/blog\/pl\/2013\/11\/fanpagetrends-pazdziernik-2013\/","url":"https:\/\/www.sotrender.com\/blog\/pl\/2013\/11\/fanpagetrends-pazdziernik-2013\/","name":"FanpageTrends Pa\u017adziernik 2013 - Sotrender w podr\u00f3\u017cy po Regionach!","isPartOf":{"@id":"https:\/\/www.sotrender.com\/blog\/#website"},"primaryImageOfPage":{"@id":"https:\/\/www.sotrender.com\/blog\/pl\/2013\/11\/fanpagetrends-pazdziernik-2013\/#primaryimage"},"image":{"@id":"https:\/\/www.sotrender.com\/blog\/pl\/2013\/11\/fanpagetrends-pazdziernik-2013\/#primaryimage"},"thumbnailUrl":"https:\/\/www.sotrender.com\/blog\/wp-content\/uploads\/2015\/07\/header_blog_3.jpg","datePublished":"2013-11-05T11:58:40+00:00","dateModified":"2017-04-13T14:08:37+00:00","author":{"@id":"https:\/\/www.sotrender.com\/blog\/#\/schema\/person\/7106df62825269bc360ad9171cd7149b"},"description":"Sotrender przygotowa\u0142 kolejne wydanie raportu FanpageTrends podsumowuj\u0105cego dzia\u0142ania marek na Facebooku w Polsce. Kto by\u0142 najlepszy w pa\u017adzierniku?","breadcrumb":{"@id":"https:\/\/www.sotrender.com\/blog\/pl\/2013\/11\/fanpagetrends-pazdziernik-2013\/#breadcrumb"},"inLanguage":"pl-PL","potentialAction":[{"@type":"ReadAction","target":["https:\/\/www.sotrender.com\/blog\/pl\/2013\/11\/fanpagetrends-pazdziernik-2013\/"]}]},{"@type":"ImageObject","inLanguage":"pl-PL","@id":"https:\/\/www.sotrender.com\/blog\/pl\/2013\/11\/fanpagetrends-pazdziernik-2013\/#primaryimage","url":"https:\/\/www.sotrender.com\/blog\/wp-content\/uploads\/2015\/07\/header_blog_3.jpg","contentUrl":"https:\/\/www.sotrender.com\/blog\/wp-content\/uploads\/2015\/07\/header_blog_3.jpg","width":1600,"height":700},{"@type":"BreadcrumbList","@id":"https:\/\/www.sotrender.com\/blog\/pl\/2013\/11\/fanpagetrends-pazdziernik-2013\/#breadcrumb","itemListElement":[{"@type":"ListItem","position":1,"name":"Home","item":"https:\/\/www.sotrender.com\/blog\/"},{"@type":"ListItem","position":2,"name":"FanpageTrends Pa\u017adziernik 2013 &#8211; Sotrender w podr\u00f3\u017cy po Regionach!"}]},{"@type":"WebSite","@id":"https:\/\/www.sotrender.com\/blog\/#website","url":"https:\/\/www.sotrender.com\/blog\/","name":"Sotrender Blog","description":"","potentialAction":[{"@type":"SearchAction","target":{"@type":"EntryPoint","urlTemplate":"https:\/\/www.sotrender.com\/blog\/?s={search_term_string}"},"query-input":"required name=search_term_string"}],"inLanguage":"pl-PL"},{"@type":"Person","@id":"https:\/\/www.sotrender.com\/blog\/#\/schema\/person\/7106df62825269bc360ad9171cd7149b","name":"Aleksandra Prejs","image":{"@type":"ImageObject","inLanguage":"pl-PL","@id":"https:\/\/www.sotrender.com\/blog\/#\/schema\/person\/image\/","url":"https:\/\/secure.gravatar.com\/avatar\/469000454b77ff0aacb32c49dba023be?s=96&d=mm&r=g","contentUrl":"https:\/\/secure.gravatar.com\/avatar\/469000454b77ff0aacb32c49dba023be?s=96&d=mm&r=g","caption":"Aleksandra Prejs"},"url":"https:\/\/www.sotrender.com\/blog\/pl\/author\/aleksandra-prejs\/"}]}},"_links":{"self":[{"href":"https:\/\/www.sotrender.com\/blog\/pl\/wp-json\/wp\/v2\/posts\/9593"}],"collection":[{"href":"https:\/\/www.sotrender.com\/blog\/pl\/wp-json\/wp\/v2\/posts"}],"about":[{"href":"https:\/\/www.sotrender.com\/blog\/pl\/wp-json\/wp\/v2\/types\/post"}],"author":[{"embeddable":true,"href":"https:\/\/www.sotrender.com\/blog\/pl\/wp-json\/wp\/v2\/users\/31"}],"replies":[{"embeddable":true,"href":"https:\/\/www.sotrender.com\/blog\/pl\/wp-json\/wp\/v2\/comments?post=9593"}],"version-history":[{"count":16,"href":"https:\/\/www.sotrender.com\/blog\/pl\/wp-json\/wp\/v2\/posts\/9593\/revisions"}],"predecessor-version":[{"id":26643,"href":"https:\/\/www.sotrender.com\/blog\/pl\/wp-json\/wp\/v2\/posts\/9593\/revisions\/26643"}],"wp:featuredmedia":[{"embeddable":true,"href":"https:\/\/www.sotrender.com\/blog\/pl\/wp-json\/wp\/v2\/media\/18901"}],"wp:attachment":[{"href":"https:\/\/www.sotrender.com\/blog\/pl\/wp-json\/wp\/v2\/media?parent=9593"}],"wp:term":[{"taxonomy":"category","embeddable":true,"href":"https:\/\/www.sotrender.com\/blog\/pl\/wp-json\/wp\/v2\/categories?post=9593"},{"taxonomy":"post_tag","embeddable":true,"href":"https:\/\/www.sotrender.com\/blog\/pl\/wp-json\/wp\/v2\/tags?post=9593"}],"curies":[{"name":"wp","href":"https:\/\/api.w.org\/{rel}","templated":true}]}}