{"id":9577,"date":"2013-11-06T17:22:48","date_gmt":"2013-11-06T16:22:48","guid":{"rendered":"http:\/\/blog.sotrender.com\/?p=9577"},"modified":"2017-04-13T16:05:44","modified_gmt":"2017-04-13T14:05:44","slug":"web-summit-2013","status":"publish","type":"post","link":"https:\/\/www.sotrender.com\/blog\/pl\/2013\/11\/web-summit-2013\/","title":{"rendered":"Web Summit 2013 &#8211; jak naprawd\u0119 by\u0142o w Dublinie?"},"content":{"rendered":"<p><a title=\"Przejd\u017a do strony konferencji\" href=\"http:\/\/www.websummit.net\/\" target=\"_blank\">Web Summit<\/a> w Dublinie to jedna z wi\u0119kszych i najg\u0142o\u015bniejszych imprez technologicznych w Europie. Pomimo to, a mo\u017ce w\u0142a\u015bnie dlatego, nie wszyscy uczestnicy byli z niej zadowoleni. Dlaczego? W tym wpisie podsumowuj\u0119 silne i s\u0142abe strony Web Summit 2013 z punktu widzenia niewielkiej firmy. <!--more--><\/p>\n<p>W tym roku w konferencji zrzeszaj\u0105cej ponad 10 tys. uczestnik\u00f3w wzi\u0119\u0142o udzia\u0142 oko\u0142o 160 os\u00f3b z Polski. Z kolei w\u015br\u00f3d wystawc\u00f3w znalaz\u0142o si\u0119\u00a0pochodz\u0105cych z Polski startup\u00f3w. Opinie o wydarzeniu by\u0142y skrajnie r\u00f3\u017cne \u2013 od zachwytu po wielkie rozczarowanie. Organizatorzy zapraszaj\u0105 ju\u017c na kolejn\u0105 edycj\u0119, kusz\u0105c troch\u0119 ta\u0144szymi biletami. Czy warto wybra\u0107 si\u0119 do Dublina? Zw\u0142aszcza, \u017ce w podobnym czasie w Europie odbywa si\u0119 kilka innych wydarze\u0144 o podobnym profilu: <a title=\"Przejd\u017a do strony\" href=\"http:\/\/pioneers.io\/festival\" target=\"_blank\">Pioneers Festival<\/a>\u00a0w Wiedniu, <a title=\"Przejd\u017a do strony\" href=\"http:\/\/webitcongress.com\/\" target=\"_blank\">WebIT<\/a>\u00a0w Stambule czy <a title=\"Przejd\u017a do strony\" href=\"http:\/\/idcee.org\/\" target=\"_blank\">IDCEE <\/a>w Kijowie. A je\u015bli jecha\u0107 &#8211; co zrobi\u0107, \u017ceby zwi\u0119kszy\u0107 szanse powodzenia?<\/p>\n<div id=\"attachment_9703\" style=\"width: 310px\" class=\"wp-caption aligncenter\"><a href=\"https:\/\/www.sotrender.com\/blog\/wp-content\/uploads\/2013\/11\/2013-11-04-07.56.28-e1383748312861.jpg\"><img loading=\"lazy\" decoding=\"async\" aria-describedby=\"caption-attachment-9703\" class=\" wp-image-9703\" src=\"https:\/\/www.sotrender.com\/blog\/wp-content\/uploads\/2013\/11\/2013-11-04-07.56.28-300x225.jpg\" alt=\"Moja irlandzka koszulka\" width=\"300\" height=\"225\" \/><\/a><p id=\"caption-attachment-9703\" class=\"wp-caption-text\">Moja irlandzka koszulka &#8211; the craic was mighty indeed<\/p><\/div>\n<h1>\u00a0<span style=\"font-size: 1.5rem; line-height: 1.5; color: #444444;\">Plusy Web Summit 2013 \u2013 co mi si\u0119 (raczej) podoba\u0142o<\/span><\/h1>\n<p><strong>1. Prezentacje:<\/strong> konferencja zgromadzi\u0142a <a title=\"Przejd\u017a do strony\" href=\"http:\/\/www.websummit.net\/speakers.html\" target=\"_blank\">\u015bwietne grono m\u00f3wc\u00f3w<\/a>. Na g\u0142\u00f3wnej scenie mo\u017cna by\u0142o pos\u0142ucha\u0107 na \u017cywo takich os\u00f3b, jak <a title=\"Zobacz profil na Twitterze\" href=\"https:\/\/twitter.com\/Scobleizer\" target=\"_blank\">Robert Scoble<\/a>\u00a0czy<a title=\"Zobacz profil na Twitterze\" href=\"https:\/\/twitter.com\/stephenpmc\" target=\"_blank\">\u00a0Stephen McIntyre<\/a>, tw\u00f3rcy Skype&#8217;a i Dropboxa czy pomys\u0142odawca bitcoin\u00f3w. Z <a title=\"Zobacz profil na Twitterze\" href=\"https:\/\/twitter.com\/elonmusk\" target=\"_blank\">Elonem Muskiem<\/a>, tw\u00f3rc\u0105 m.in. PayPala, \u00a0ze swad\u0105 dyskutowa\u0142 na scenie premier Irlandii <a title=\"Zobacz profil na Twitterze\" href=\"https:\/\/twitter.com\/EndaKennyTD\" target=\"_blank\">Enda Kenny <\/a>(swoj\u0105 drog\u0105, czy potraficie wyobrazi\u0107 sobie polskiego premiera w takiej roli?). Niez\u0142e show odstawi\u0142 <a title=\"Zobacz profil na Twitterze\" href=\"https:\/\/twitter.com\/garyvee\" target=\"_blank\">Gary Vaynerchuk<\/a>, wykrzykuj\u0105cy prezentacj\u0119 zachrypni\u0119tym g\u0142osem, rzucaj\u0105cy fuckami, nazywaj\u0105cy organizator\u00f3w dickheads, a s\u0142uchaczy faggots\u2026- a pomimo to, by\u0142o inspiruj\u0105co i ciekawie. To tylko kilka najg\u0142o\u015bniejszych nazwisk. Generalnie znacznie lepiej wypada\u0142y solowe prezentacje, natomiast pogaw\u0119dki i panele w parach i grupkach, nazywane tu Fireside Chat, bywa\u0142y nieciekawe. Pojawi\u0142y si\u0119 te\u017c g\u0142osy krytyki, \u017ce w\u015br\u00f3d m\u00f3wc\u00f3w by\u0142o za ma\u0142o kobiet.<\/p>\n<p>Poza g\u0142\u00f3wn\u0105 scen\u0105 \u015bledzili\u015bmy r\u00f3wnie\u017c prezentacje wyg\u0142aszane na scenie <a title=\"Przejd\u017a do strony\" href=\"http:\/\/www.websummit.net\/schedule\/digital-stage.html\" target=\"_blank\">Digital Marketing<\/a>, jednak wiele z nich by\u0142o ma\u0142o ciekawych. Oczekiwa\u0142em specjalistycznej wiedzy, np. podczas prelekcji o Big Data, a zamiast j\u0105 zdoby\u0107, nas\u0142ucha\u0142em si\u0119 slogan\u00f3w. Na plus wyr\u00f3\u017cni\u0142 si\u0119 przedstawiciel Twittera <a title=\"Zobacz profil na Twitterze\" href=\"https:\/\/twitter.com\/stephenpmc\" target=\"_blank\">Stephen McIntyre<\/a>. O jego (i nie tylko) prezentacji mo\u017cecie wi\u0119cej przeczyta\u0107<a title=\"Przejd\u017a do artyku\u0142u\" href=\"https:\/\/www.evernote.com\/shard\/s293\/sh\/4095eb61-09d9-4ab6-ae24-5cb7162f02b0\/951ec45793153116c08aa57b4a34b5a1\" target=\"_blank\"> tutaj<\/a>. Nic nie mo\u017cemy powiedzie\u0107 o innych salach \u2013 <a title=\"Przejd\u017a do strony\" href=\"http:\/\/www.websummit.net\/schedule\/developer-stage.html\" target=\"_blank\">Developer Stage<\/a>, <a title=\"Przejd\u017a do strony\" href=\"http:\/\/www.websummit.net\/schedule\/cloud-stage.html\" target=\"_blank\">Cloud Stage<\/a>, <a title=\"Przejd\u017a do strony\" href=\"http:\/\/www.websummit.net\/schedule\/library-stage.html\" target=\"_blank\">Library Stage<\/a>, <a title=\"Przejd\u017a do strony\" href=\"http:\/\/www.websummit.net\/schedule\/pitch-stage.html\" target=\"_blank\">Pitch Stage<\/a> i <a title=\"Przejd\u017a do strony\" href=\"http:\/\/www.websummit.net\/schedule\/start-stage.html\" target=\"_blank\">Start Stage<\/a>, do kt\u00f3rych nie dotarli\u015bmy.<\/p>\n<p><strong>2. Punktualno\u015b\u0107:<\/strong> warto podkre\u015bli\u0107, \u017ce wszyscy m\u00f3wcy mie\u015bcili si\u0119 w czasie, dzi\u0119ki czemu podczas konferencji niemal nie by\u0142o op\u00f3\u017anie\u0144 ani przesuni\u0119\u0107 w programie.<\/p>\n<h2>Minusy Web Summit 2013 \u2013 co mi si\u0119 nie podoba\u0142o<\/h2>\n<p>Hipsterskie narzekanie bywa bardzo wygodne&#8230; Impreza nie by\u0142a z\u0142a, ale kilka aspekt\u00f3w bardzo si\u0119 nie podoba\u0142o wielu uczestnikom, nie tylko mi&#8230;<\/p>\n<p><strong>1. Wielka skala:<\/strong> Mia\u0142em wra\u017cenie, \u017ce ta impreza by\u0142a po prostu za du\u017ca \u2013 zbyt wiele os\u00f3b, firm, stoisk, wydarze\u0144, prezentacji\u2026 Czasem ci\u0119\u017cko by\u0142o kogo\u015b znale\u017a\u0107, nawet je\u015bli pr\u00f3bowali\u015bcie si\u0119 um\u00f3wi\u0107. Praktycznie nie by\u0142o szans na rozmow\u0119 z prelegentami czy VIPami, kt\u00f3rzy sp\u0119dzali wi\u0119kszo\u015b\u0107 czasu w oddzielnych pomieszczeniach i na oddzielnych imprezach.<\/p>\n<div id=\"attachment_9681\" style=\"width: 310px\" class=\"wp-caption aligncenter\"><a href=\"https:\/\/www.sotrender.com\/blog\/wp-content\/uploads\/2013\/11\/IMG_0340-e1383748372519.jpg\"><img loading=\"lazy\" decoding=\"async\" aria-describedby=\"caption-attachment-9681\" class=\"size-medium wp-image-9681\" src=\"https:\/\/www.sotrender.com\/blog\/wp-content\/uploads\/2013\/11\/IMG_0340-300x225.jpg\" alt=\"Web Summit\" width=\"300\" height=\"225\" \/><\/a><p id=\"caption-attachment-9681\" class=\"wp-caption-text\">Web Summit &#8211; sala Digital Marketing<\/p><\/div>\n<p><strong>2. Chaos komunikacyjny:<\/strong> Dos\u0142ownie dziesi\u0105tki maili od organizator\u00f3w z kolejnymi informacjami, w\u015br\u00f3d kt\u00f3rych \u0142atwo by\u0142o przeoczy\u0107 to, co istotne. Dodatkowo bardzo cz\u0119sto zapisy na r\u00f3\u017cne wydarzenia by\u0142y prowadzone na zasadzie nag\u0142ego og\u0142oszenia i kto pierwszy, ten lepszy \u2013 oczywi\u015bcie miejsc starcza\u0142o tylko dla nielicznych.<\/p>\n<p><strong>3. Targi:<\/strong> malutkie stoiska z nieoklejonej p\u0142yty pa\u017adzierzowej\u00a0i kilkaset startup\u00f3w st\u0142oczonych na ma\u0142ej przestrzeni, z niezbyt jasnym podzia\u0142em na sektory.<\/p>\n<div id=\"attachment_9647\" style=\"width: 310px\" class=\"wp-caption aligncenter\"><a href=\"https:\/\/www.sotrender.com\/blog\/wp-content\/uploads\/2013\/11\/1005833_660145957349777_1589505486_n.jpg\"><img loading=\"lazy\" decoding=\"async\" aria-describedby=\"caption-attachment-9647\" class=\"size-medium wp-image-9647\" src=\"https:\/\/www.sotrender.com\/blog\/wp-content\/uploads\/2013\/11\/1005833_660145957349777_1589505486_n-300x225.jpg\" alt=\"Przyk\u0142adowe stoisko podczas Web Summit\" width=\"300\" height=\"225\" \/><\/a><p id=\"caption-attachment-9647\" class=\"wp-caption-text\">Stoisko podczas Web Summit z wy\u017cszego pakietu cenowego &#8211; gros startup\u00f3w mia\u0142o jeszcze mniejsze<\/p><\/div>\n<div id=\"attachment_9649\" style=\"width: 310px\" class=\"wp-caption aligncenter\"><a href=\"https:\/\/www.sotrender.com\/blog\/wp-content\/uploads\/2013\/11\/1381252_629362533773181_242110699_n.jpg\"><img loading=\"lazy\" decoding=\"async\" aria-describedby=\"caption-attachment-9649\" class=\"size-medium wp-image-9649\" src=\"https:\/\/www.sotrender.com\/blog\/wp-content\/uploads\/2013\/11\/1381252_629362533773181_242110699_n-300x225.jpg\" alt=\"Stoiska startup\u00f3w podczas Web Summit. Zdj\u0119cie: Micha\u0142 Jackowski\" width=\"300\" height=\"225\" \/><\/a><p id=\"caption-attachment-9649\" class=\"wp-caption-text\">Stoiska startup\u00f3w podczas Web Summit. Zdj\u0119cie: Micha\u0142 Jackowski<\/p><\/div>\n<p>Ci\u0119\u017cko by\u0142o si\u0119 wyr\u00f3\u017cni\u0107 czy spokojnie porozmawia\u0107 z klientem. Zwiedzaj\u0105cy te\u017c czasem sprawiali wra\u017cenie zagubionych. Dodatkowo, pomimo oficjalnej selekcji, poziom wystawc\u00f3w by\u0142 bardzo zr\u00f3\u017cnicowany, zdarza\u0142y si\u0119 nawet firmy nie maj\u0105ce dzia\u0142aj\u0105cego prototypu. Mia\u0142em wra\u017cenie, \u017ce po prostu kto\u015b chcia\u0142 dobrze zarobi\u0107 i upchn\u0105\u0142 na ma\u0142ej przestrzeni zbyt wiele startup\u00f3w.<\/p>\n<div id=\"attachment_9683\" style=\"width: 310px\" class=\"wp-caption aligncenter\"><a href=\"https:\/\/www.sotrender.com\/blog\/wp-content\/uploads\/2013\/11\/IMG_0313-e1383748377602.jpg\"><img loading=\"lazy\" decoding=\"async\" aria-describedby=\"caption-attachment-9683\" class=\"size-medium wp-image-9683\" src=\"https:\/\/www.sotrender.com\/blog\/wp-content\/uploads\/2013\/11\/IMG_0313-300x225.jpg\" alt=\"Stoiska startup\u00f3w podczas Web Summit\" width=\"300\" height=\"225\" \/><\/a><p id=\"caption-attachment-9683\" class=\"wp-caption-text\">Stoiska startup\u00f3w podczas Web Summit<\/p><\/div>\n<p>W\u015br\u00f3d zwiedzaj\u0105cych by\u0142o stosunkowo niewielu potencjalnych klient\u00f3w, zw\u0142aszcza dla us\u0142ug B2B, jak <a title=\"Przejd\u017a do strony\" href=\"www.sotrender.com\" target=\"_blank\">Sotrender<\/a>. Z drugiej strony, zdarzali si\u0119 te\u017c decydenci czy inwestorzy, cz\u0119sto staraj\u0105cy si\u0119 przemkn\u0105\u0107 incognito. Ciekawe by\u0142o natomiast poznawanie innych wystawc\u00f3w i ich produkt\u00f3w, zw\u0142aszcza \u017ce impreza by\u0142a bardzo mi\u0119dzynarodowa. Znacie jakie\u015b startupy z Azerbejd\u017canu czy Pakistanu? Ja ju\u017c tak. \ud83d\ude42<\/p>\n<p><strong>4. (Too) Speed Networking:<\/strong>\u00a0specjalne sesje, kt\u00f3re mia\u0142y pom\u00f3c startupom pozna\u0107 si\u0119 z inwestorami i mediami zainteresowanymi dan\u0105 tematyk\u0105. Moja sesja okaza\u0142a si\u0119 kompletn\u0105 pora\u017ck\u0105: Pani z medi\u00f3w, kt\u00f3ra chyba zreszt\u0105 tak naprawd\u0119 nie mia\u0142a nic wsp\u00f3lnego z mediami w towarzystwie 2 inwestor\u00f3w i 20 startup\u00f3w, kt\u00f3re natychmiast ustawi\u0142y si\u0119 w kolejce do inwestor\u00f3w i w wi\u0119kszo\u015bci nie chcia\u0142y traci\u0107 czasu na rozmowy z innymi startupami. Pr\u00f3by u\u0142atwienia networkingu ze strony organizator\u00f3w spe\u0142z\u0142y na panewce\u2026<\/p>\n<div id=\"attachment_9651\" style=\"width: 310px\" class=\"wp-caption aligncenter\"><a href=\"https:\/\/www.sotrender.com\/blog\/wp-content\/uploads\/2013\/11\/1394132_660670973963942_2028364214_n.jpg\"><img loading=\"lazy\" decoding=\"async\" aria-describedby=\"caption-attachment-9651\" class=\"size-medium wp-image-9651\" src=\"https:\/\/www.sotrender.com\/blog\/wp-content\/uploads\/2013\/11\/1394132_660670973963942_2028364214_n-300x225.jpg\" alt=\"Speed networking podczas Web Summit\" width=\"300\" height=\"225\" \/><\/a><p id=\"caption-attachment-9651\" class=\"wp-caption-text\">Speed networking podczas Web Summit &#8211; czyli kolejka do inwestora<\/p><\/div>\n<p><strong>5. Uci\u0105\u017cliwe drobiazgi:<\/strong> Problemy z dzia\u0142aniem wi-fi, brak gniazdek w salach z prezentacjami oraz zbyt ma\u0142o jedzenia podczas lunchu, zw\u0142aszcza pierwszego dnia \u2013 kto p\u00f3\u017aniej przyszed\u0142 na lunch, nie dosta\u0142 nic lub ewentualnie same kanapki.<\/p>\n<p><strong>6. Niekonsekwencja organizator\u00f3w:<\/strong> Ewidentn\u0105 pora\u017ck\u0105 by\u0142o natomiast potraktowanie prezentacji\u00a0<a title=\"Zobacz profil na Twitterze\" href=\"https:\/\/twitter.com\/socialmemos\" target=\"_blank\">Micha\u0142a Sadowskiego<\/a>\u00a0z\u00a0<a title=\"Przejd\u017a do strony\" href=\"https:\/\/brand24.pl\/\" target=\"_blank\">Brand24<\/a>, kt\u00f3rej mimo\u00a0<a title=\"Przejd\u017a do strony\" href=\"http:\/\/blog.websummit.net\/2013\/09\/10\/the-peoples-stage-final-results\/\" target=\"_blank\">zwyci\u0119stwa w g\u0142osowaniu<\/a>\u00a0nie by\u0142o w programie i w ostatniej chwili zosta\u0142a dorzucona na jedn\u0105 z bocznych scen. A przecie\u017c nie po to <a href=\"http:\/\/socialmemos.com\/ogromne-podziekowania\/\">ca\u0142a Polska wspiera\u0142a g<\/a>o w g\u0142osowaniu i walce z nieuczciwymi konkurentami\u2026Zrezygnowano r\u00f3wnie\u017c z rozstrzygni\u0119cia konkursu na najci\u0119\u017cej pracuj\u0105cy startup.<\/p>\n<h1>Web Summit 2013 &#8211; uwagi og\u00f3lne:<\/h1>\n<p><strong>Prezentacje:<\/strong>\u00a0Wi\u0119kszo\u015b\u0107 prezentacji dotyczy\u0142o rzeczywi\u015bcie najnowszych trend\u00f3w, nierzadko takich, kt\u00f3re na polskich konferencjach jeszcze niemal si\u0119 nie pojawiaj\u0105. Internet of everything, the Intertwingularity, hardware i jego personalizacja, big data i real-time analytics to w\u0105tki, kt\u00f3re przewija\u0142y si\u0119 chyba najcz\u0119\u015bciej. Na szcz\u0119\u015bcie nikt nie raczy\u0142 s\u0142uchaczy tym, \u017ce 2014 b\u0119dzie rokiem mobile\u2019a i geolokalizacji, ani nie pyta\u0142, czy Facebook sprzedaje. Rzeczywi\u015bcie mia\u0142o si\u0119 poczucie kontaktu z tym, co naj\u015bwie\u017csze. Tyle, \u017ce prezentacje mo\u017cna by\u0142o r\u00f3wnie dobrze obejrze\u0107 w trakcie oraz po konferencji w \u015bwietnie dzia\u0142aj\u0105cym streamingu. Pytanie wi\u0119c, czy prezentacje uzasadniaj\u0105 wydatki na wyjazd.<\/p>\n<p><strong>Warsztaty:<\/strong>\u00a0Podczas Web Summit mia\u0142o si\u0119 odby\u0107 kilkadziesi\u0105t warsztat\u00f3w, organizowanych przez\u00a0<a title=\"Przejd\u017a do strony\" href=\" https:\/\/generalassemb.ly\/\" target=\"_blank\">General Assembly<\/a>. Prowadzony przez\u00a0<a title=\"Przejd\u017a do strony\" href=\" https:\/\/twitter.com\/CBM\" target=\"_blank\">Courtney Boyd Myers<\/a>\u00a0warsztat na temat przenoszenia dzia\u0142alno\u015bci europejskich startup\u00f3w do USA by\u0142 dla mnie bardzo przydatny ze wzgl\u0119du na nasze plany na najbli\u017csze miesi\u0105ce i udzia\u0142 w akceleratorze\u00a0<a title=\"Przejd\u017a do strony\" href=\"http:\/\/plugandplaytechcenter.com\/\" target=\"_blank\">Plug&amp;Play<\/a>, kt\u00f3re mo\u017cemy zrealizowa\u0107, dzi\u0119ki\u00a0funduszom zdobytym w konkursie <a title=\"Przejd\u017a do strony\" href=\"http:\/\/ncbr.gov.pl\/gfx\/ncbir\/pl\/defaultaktualnosci\/911\/2319\/1\/lista_rankingowa_wnioskow_go_global.pl_ii_konkurs_1.pdf\" target=\"_blank\">Go Global<\/a>. Szkoda tylko, \u017ce cz\u0119\u015b\u0107 warsztat\u00f3w w og\u00f3le si\u0119 nie odby\u0142a, nierzadko bez wcze\u015bniejszych informacji.<\/p>\n<p><strong>Inne dodatkowe wydarzenia:<\/strong>\u00a0Organizatorzy i sami uczestnicy zadbali o bogaty program, czasem wr\u0119cz trudno by\u0142o si\u0119 zorientowa\u0107, co i kiedy si\u0119 dzieje. Poza targami i prezentacjami by\u0142y te\u017c imprezy, konkurs prezentacji (pitch\u00f3w), \u00a0specjalne szkolenie w Facebooku, sesje networkingowe (chyba niezbyt udane \u2013 por. dalej), a tak\u017ce integracja polskich startup\u00f3w, kt\u00f3ra zacz\u0119\u0142a si\u0119 jeszcze na lotnisku w Modlinie i trwa\u0142a w Dublinie, w\u0142\u0105cznie ze spotkaniem w ambasadzie.<\/p>\n<div style=\"width: 310px\" class=\"wp-caption aligncenter\"><a href=\"https:\/\/www.sotrender.com\/blog\/wp-content\/uploads\/2013\/11\/1383833_660348657329507_1690211295_n.jpg\"><img loading=\"lazy\" decoding=\"async\" title=\"Na scenie Web Summit\" src=\"https:\/\/www.sotrender.com\/blog\/wp-content\/uploads\/2013\/11\/1383833_660348657329507_1690211295_n-300x168.jpg\" alt=\"Na scenie Web Summit\" width=\"300\" height=\"168\" \/><\/a><p class=\"wp-caption-text\">Na scenie Web Summit &#8211; konkurs &#8220;pitch\u00f3w&#8221;<\/p><\/div>\n<p><strong>Koszty (mimo wszystko)<\/strong>: Na tle r\u00f3\u017cnych event\u00f3w mi\u0119dzynarodowych Web Summit nie jest drogi. W 2013 r. \u0142\u0105czny koszt udzia\u0142u 2-3 os\u00f3b z firmy nie powinien przekroczy\u0107 10 tys. z\u0142, a pewnie mo\u017cna si\u0119 zmie\u015bci\u0107 w 7 tys. Za cen\u0119 950 euro (podobno niekt\u00f3rym uda\u0142o si\u0119 wynegocjowa\u0107 pewne zni\u017cki) mo\u017cna by\u0142o mie\u0107 stoisko i wej\u015bci\u00f3wki dla 3 os\u00f3b. Do Dublina lata Ryanair, przelot w 2 strony to 200-500 z\u0142 od osoby (zale\u017cnie od terminu zakupu) plus ewentualnie 100-200 z\u0142 dodatkowej op\u0142aty za baga\u017c.\u00a0Noclegi:\u00a01000-2000 z\u0142 za 2-3 osoby przez 3 noce (najta\u0144szy wariant \u2013 w pokoju wieloosobowym w hotelu \u2013 20 EUR\/os.\/noc), chyba \u017ce kto\u015b korzysta z couchsurfingu lub uprzejmo\u015bci rodziny. Dodatkowe gad\u017cety na stoisko (ulotki, naklejki, roll-up, cukierki, itd.) \u2013 max kilkaset z\u0142.<\/p>\n<p>Czy te koszty to du\u017co czy ma\u0142o? Jasne, cz\u0119\u015b\u0107 targowa by\u0142a raczej s\u0142aba, o czym pisz\u0119 dalej. Pami\u0119tajcie jednak, \u017ce wystawianie na porz\u0105dnych targach, gdzie spotkacie znacznie wi\u0119cej potencjalnych du\u017cych klient\u00f3w czy partner\u00f3w, jak np. londy\u0144ski Internet World, to znacznie wi\u0119kszy wydatek. Wi\u0119cej b\u0119d\u0105 tam kosztowa\u0107 tak\u017ce stand i gad\u017cety \u2013 a i tak na tle gigant\u00f3w b\u0119dziecie mieli pewnie jedne z najbiedniejszych stoisk. Z drugiej strony, mo\u017cna te\u017c za nieco mniejsze pieni\u0105dze ni\u017c te przeznaczone na Web Summit wybra\u0107 si\u0119 na porz\u0105dne targi bez w\u0142asnego standu i pr\u00f3bowa\u0107 networkingu.<\/p>\n<h1>Co zrobi\u0107, aby jak najbardziej skorzysta\u0107 z Web Summit?<\/h1>\n<ol>\n<li><strong>Jecha\u0107 w kilka os\u00f3b<\/strong>, zw\u0142aszcza je\u015bli ma si\u0119 stoisko \u2013 wprawdzie to wi\u0119ksze koszty, ale za to jest ra\u017aniej, a poza tym mo\u017cna si\u0119 wymienia\u0107 i chodzi\u0107 na prezentacje, lunch, papierosa, do \u0142azienki, odwiedza\u0107 innych wystawc\u00f3w, itd.<\/li>\n<li><strong>Skorzysta\u0107 z dodatkowych wydarze\u0144 i konkurs\u00f3w<\/strong>, o kt\u00f3rych pisa\u0142em wcze\u015bniej, zw\u0142aszcza, \u017ce mimo wcze\u015bniejszych zapis\u00f3w i tak prawie wsz\u0119dzie m\u00f3g\u0142 wej\u015b\u0107, kto chcia\u0142.<\/li>\n<li><strong>Bacznie \u015bledzi\u0107 maile od organizator\u00f3w<\/strong> ju\u017c kilka miesi\u0119cy wcze\u015bniej, zrobi\u0107 regu\u0142y w programie mailowym, itd. \u2013 inaczej nie b\u0119dziecie wiedzieli, co si\u0119 dzieje i nie skorzystacie z punktu 2. Jeden z polskich startup\u00f3w dopiero na miejscu zorientowa\u0142 si\u0119, \u017ce ma do dyspozycji stoisko, za kt\u00f3re zap\u0142aci\u0142.<\/li>\n<li><strong>Spr\u00f3bowa\u0107 wyr\u00f3\u017cni\u0107 si\u0119 z t\u0142umu startup\u00f3w.<\/strong> Wprawdzie nie by\u0142o wielkiego pola do popisu, ale przydawa\u0142y si\u0119 koszulki czy dema produkt\u00f3w. <a title=\"Zobacz profil na Twitterze\" href=\"https:\/\/twitter.com\/TheAffily\" target=\"_blank\">The Affily<\/a>\u00a0wyr\u00f3\u017cni\u0142o si\u0119 mat\u0105 z dolarami na pod\u0142odze, a Fokus \u2013 roll-upem, kt\u00f3rego zreszt\u0105 oficjalnie nie mo\u017cna by\u0142o rozstawi\u0107.\n<div id=\"attachment_9657\" style=\"width: 178px\" class=\"wp-caption aligncenter\"><a href=\"https:\/\/www.sotrender.com\/blog\/wp-content\/uploads\/2013\/11\/1384186_538595582891681_1526290841_n1.jpg\"><img loading=\"lazy\" decoding=\"async\" aria-describedby=\"caption-attachment-9657\" class=\"size-medium wp-image-9657 \" src=\"https:\/\/www.sotrender.com\/blog\/wp-content\/uploads\/2013\/11\/1384186_538595582891681_1526290841_n1-168x300.jpg\" alt=\"Roll-up Fokusa. Zdj\u0119cie: Art Kurasi\u0144ski\" width=\"168\" height=\"300\" \/><\/a><p id=\"caption-attachment-9657\" class=\"wp-caption-text\">Roll-up Fokusa. Zdj\u0119cie: Art Kurasi\u0144ski<\/p><\/div>\n<div id=\"attachment_9659\" style=\"width: 235px\" class=\"wp-caption aligncenter\"><a href=\"https:\/\/www.sotrender.com\/blog\/wp-content\/uploads\/2013\/11\/download.png\"><img loading=\"lazy\" decoding=\"async\" aria-describedby=\"caption-attachment-9659\" class=\"size-medium wp-image-9659 aligncenter\" src=\"https:\/\/www.sotrender.com\/blog\/wp-content\/uploads\/2013\/11\/download-225x300.png\" alt=\"The Affily i ich dolary :)\" width=\"225\" height=\"300\" \/><\/a><p id=\"caption-attachment-9659\" class=\"wp-caption-text\">The Affily i ich dolary \ud83d\ude42<\/p><\/div>\n<p>Nam uda\u0142o si\u0119 przyci\u0105gn\u0105\u0107 troch\u0119 os\u00f3b do stoiska dzi\u0119ki wlepkom umieszczanym w r\u00f3\u017cnych dziwnych miejscach, zw\u0142aszcza w ubikacjach.<\/p>\n<div id=\"attachment_9685\" style=\"width: 310px\" class=\"wp-caption aligncenter\"><a href=\"https:\/\/www.sotrender.com\/blog\/wp-content\/uploads\/2013\/11\/IMG_0344-e1383748343497.jpg\"><img loading=\"lazy\" decoding=\"async\" aria-describedby=\"caption-attachment-9685\" class=\"size-medium wp-image-9685 \" src=\"https:\/\/www.sotrender.com\/blog\/wp-content\/uploads\/2013\/11\/IMG_0344-300x225.jpg\" alt=\"Nasza wlepka podczas Web Summit\" width=\"300\" height=\"225\" \/><\/a><p id=\"caption-attachment-9685\" class=\"wp-caption-text\">Nasza wlepka podczas Web Summit<\/p><\/div>\n<div id=\"attachment_9689\" style=\"width: 242px\" class=\"wp-caption aligncenter\"><a title=\"Nasza ulotka\" href=\"https:\/\/www.sotrender.com\/blog\/wp-content\/uploads\/2013\/11\/1450306_619746021400733_704951765_n.jpg\"><img loading=\"lazy\" decoding=\"async\" aria-describedby=\"caption-attachment-9689\" class=\"size-medium wp-image-9689\" title=\"Nasza ulotka podczas Web Summit\" src=\"https:\/\/www.sotrender.com\/blog\/wp-content\/uploads\/2013\/11\/1450306_619746021400733_704951765_n-232x300.jpg\" alt=\"1450306_619746021400733_704951765_n\" width=\"232\" height=\"300\" \/><\/a><p id=\"caption-attachment-9689\" class=\"wp-caption-text\">Nasza ulotka podczas Web Summit<\/p><\/div>\n<p style=\"text-align: left;\"><span style=\"line-height: 1.714285714; font-size: 1rem;\">Mieli\u015bmy te\u017c nietypow\u0105 ulotk\u0119, kt\u00f3r\u0105 ludzie czytali z zaciekawieniem, ale konwersje z niej by\u0142y niskie.\u00a0 <\/span><span style=\"font-size: 1rem; line-height: 1.714285714;\">Mimo, \u017ce to \u015bwiat IT, wci\u0105\u017c u\u017cywane si\u0119 papierowe wizyt\u00f3wki czy foldery \u2013 warto je zabra\u0107. Widzieli\u015bmy te\u017c przebieranie si\u0119 za dziwne stwory oraz zatrudnianie hostess czy kar\u0142\u00f3w w przebraniach (!), cho\u0107 te pomys\u0142y mnie nie zachwyci\u0142y.<\/span><\/p>\n<\/li>\n<li><strong>Zainteresowa\u0107 si\u0119 wcze\u015bniej prelegentami<\/strong> i zaznaczy\u0107, kogo chcesz zobaczy\u0107 na \u017cywo, bo p\u00f3\u017aniej w trakcie konferencji nie b\u0119dziesz mia\u0142 wiele czasu na zastanawianie i sprawdzanie, zw\u0142aszcza je\u015bli aplikacja mobilna konferencji akurat nie b\u0119dzie dzia\u0142a\u0107.<\/li>\n<li><strong>Spotka\u0107 si\u0119 z dubli\u0144skimi firmami<\/strong> \u2013 po\u0142owa bran\u017cy interaktywnej i IT z Dublina i okolic wpada na Web Summit. Je\u015bli odpowiednio wcze\u015bniej wytypujecie wa\u017cna dla Was osoby i zaczniecie si\u0119 kontaktowa\u0107 przez LinkedIn czy Twittera, pewnie z niekt\u00f3rymi uda Wam si\u0119 spotka\u0107 na targach, z innymi \u2013 dzie\u0144 przed czy po. Zwr\u00f3\u0107cie te\u017c uwag\u0119, \u017ce w Dublinie jest sporo du\u017cych firm (Facebook, Google, Amazon, Yahoo, itd.), a w nich pracuj\u0105 m.in. Polacy. Spotkania w biurze Facebooka mia\u0142y dla nas du\u017ce znaczenie biznesowe, a zarazem by\u0142y bardzo sympatyczne.\n<p><div id=\"attachment_9661\" style=\"width: 310px\" class=\"wp-caption aligncenter\"><a href=\"https:\/\/www.sotrender.com\/blog\/wp-content\/uploads\/2013\/11\/1393602_10201298443202194_540983666_n.jpg\"><img loading=\"lazy\" decoding=\"async\" aria-describedby=\"caption-attachment-9661\" class=\"size-medium wp-image-9661 \" src=\"https:\/\/www.sotrender.com\/blog\/wp-content\/uploads\/2013\/11\/1393602_10201298443202194_540983666_n-300x225.jpg\" alt=\"Wizyta w dubli\u0144skim biurze Facebooka\" width=\"300\" height=\"225\" \/><\/a><p id=\"caption-attachment-9661\" class=\"wp-caption-text\">Wizyta w dubli\u0144skim biurze Facebooka<\/p><\/div><\/li>\n<li><strong>Rzuci\u0107 okiem na r\u00f3\u017cne relacje z poprzednich edycji<\/strong> wydarzenia, jak np. ta, kt\u00f3r\u0105 tu napisa\u0142em lub <a title=\"Przeczytaj relacj\u0119\" href=\"http:\/\/www.rudebaguette.com\/2012\/10\/22\/dublin-web-summit-ups-downs-a-review\/\" target=\"_blank\">ta, kt\u00f3r\u0105 sam przeczyta\u0142em<\/a> przed wyjazdem.<\/li>\n<\/ol>\n","protected":false},"excerpt":{"rendered":"<p>Web Summit w Dublinie to jedna z wi\u0119kszych i najg\u0142o\u015bniejszych imprez technologicznych w Europie. Pomimo to, a mo\u017ce w\u0142a\u015bnie dlatego, nie wszyscy uczestnicy byli z niej zadowoleni. Dlaczego? W tym wpisie podsumowuj\u0119 silne i s\u0142abe strony Web Summit 2013 z punktu widzenia niewielkiej firmy.<\/p>\n","protected":false},"author":2,"featured_media":18901,"comment_status":"open","ping_status":"open","sticky":false,"template":"","format":"standard","meta":{"inline_featured_image":false,"footnotes":""},"categories":[1,1797],"tags":[17,515,559,561,563,565,567,569,571],"yoast_head":"<!-- This site is optimized with the Yoast SEO plugin v22.4 - https:\/\/yoast.com\/wordpress\/plugins\/seo\/ -->\n<title>Dublin Web Summit - m\u00f3wi\u0119, jak by\u0142o naprawd\u0119 - Sotrender Blog<\/title>\n<meta name=\"description\" content=\"Web Summit to jedna z najwi\u0119kszych imprez technologicznych w Europie. Podsumowujemy silne i s\u0142abe strony konferencji z punktu widzenia niewielkiej firmy.\" \/>\n<meta name=\"robots\" content=\"index, follow, max-snippet:-1, max-image-preview:large, max-video-preview:-1\" \/>\n<link rel=\"canonical\" href=\"https:\/\/www.sotrender.com\/blog\/pl\/2013\/11\/web-summit-2013\/\" \/>\n<meta property=\"og:locale\" content=\"pl_PL\" \/>\n<meta property=\"og:type\" content=\"article\" \/>\n<meta property=\"og:title\" content=\"Dublin Web Summit - m\u00f3wi\u0119, jak by\u0142o naprawd\u0119 - Sotrender Blog\" \/>\n<meta property=\"og:description\" content=\"Web Summit to jedna z najwi\u0119kszych imprez technologicznych w Europie. Podsumowujemy silne i s\u0142abe strony konferencji z punktu widzenia niewielkiej firmy.\" \/>\n<meta property=\"og:url\" content=\"https:\/\/www.sotrender.com\/blog\/pl\/2013\/11\/web-summit-2013\/\" \/>\n<meta property=\"og:site_name\" content=\"Sotrender Blog\" \/>\n<meta property=\"article:publisher\" content=\"https:\/\/www.facebook.com\/Sotrender\" \/>\n<meta property=\"article:author\" content=\"https:\/\/www.facebook.com\/jan.zajac.75?fref=ts\" \/>\n<meta property=\"article:published_time\" content=\"2013-11-06T16:22:48+00:00\" \/>\n<meta property=\"article:modified_time\" content=\"2017-04-13T14:05:44+00:00\" \/>\n<meta property=\"og:image\" content=\"https:\/\/www.sotrender.com\/blog\/wp-content\/uploads\/2015\/07\/header_blog_3.jpg\" \/>\n\t<meta property=\"og:image:width\" content=\"1600\" \/>\n\t<meta property=\"og:image:height\" content=\"700\" \/>\n\t<meta property=\"og:image:type\" content=\"image\/jpeg\" \/>\n<meta name=\"author\" content=\"Jan Zaj\u0105c\" \/>\n<meta name=\"twitter:card\" content=\"summary_large_image\" \/>\n<meta name=\"twitter:creator\" content=\"@http:\/\/twitter.com\/janekzajac\" \/>\n<meta name=\"twitter:site\" content=\"@Sotrender\" \/>\n<meta name=\"twitter:label1\" content=\"Written by\" \/>\n\t<meta name=\"twitter:data1\" content=\"Jan Zaj\u0105c\" \/>\n\t<meta name=\"twitter:label2\" content=\"Est. reading time\" \/>\n\t<meta name=\"twitter:data2\" content=\"10 minutes\" \/>\n<script type=\"application\/ld+json\" class=\"yoast-schema-graph\">{\"@context\":\"https:\/\/schema.org\",\"@graph\":[{\"@type\":\"WebPage\",\"@id\":\"https:\/\/www.sotrender.com\/blog\/pl\/2013\/11\/web-summit-2013\/\",\"url\":\"https:\/\/www.sotrender.com\/blog\/pl\/2013\/11\/web-summit-2013\/\",\"name\":\"Dublin Web Summit - m\u00f3wi\u0119, jak by\u0142o naprawd\u0119 - Sotrender Blog\",\"isPartOf\":{\"@id\":\"https:\/\/www.sotrender.com\/blog\/#website\"},\"primaryImageOfPage\":{\"@id\":\"https:\/\/www.sotrender.com\/blog\/pl\/2013\/11\/web-summit-2013\/#primaryimage\"},\"image\":{\"@id\":\"https:\/\/www.sotrender.com\/blog\/pl\/2013\/11\/web-summit-2013\/#primaryimage\"},\"thumbnailUrl\":\"https:\/\/www.sotrender.com\/blog\/wp-content\/uploads\/2015\/07\/header_blog_3.jpg\",\"datePublished\":\"2013-11-06T16:22:48+00:00\",\"dateModified\":\"2017-04-13T14:05:44+00:00\",\"author\":{\"@id\":\"https:\/\/www.sotrender.com\/blog\/#\/schema\/person\/15d4db3ba9c4e61b1cb96099300e7c51\"},\"description\":\"Web Summit to jedna z najwi\u0119kszych imprez technologicznych w Europie. Podsumowujemy silne i s\u0142abe strony konferencji z punktu widzenia niewielkiej firmy.\",\"breadcrumb\":{\"@id\":\"https:\/\/www.sotrender.com\/blog\/pl\/2013\/11\/web-summit-2013\/#breadcrumb\"},\"inLanguage\":\"pl-PL\",\"potentialAction\":[{\"@type\":\"ReadAction\",\"target\":[\"https:\/\/www.sotrender.com\/blog\/pl\/2013\/11\/web-summit-2013\/\"]}]},{\"@type\":\"ImageObject\",\"inLanguage\":\"pl-PL\",\"@id\":\"https:\/\/www.sotrender.com\/blog\/pl\/2013\/11\/web-summit-2013\/#primaryimage\",\"url\":\"https:\/\/www.sotrender.com\/blog\/wp-content\/uploads\/2015\/07\/header_blog_3.jpg\",\"contentUrl\":\"https:\/\/www.sotrender.com\/blog\/wp-content\/uploads\/2015\/07\/header_blog_3.jpg\",\"width\":1600,\"height\":700},{\"@type\":\"BreadcrumbList\",\"@id\":\"https:\/\/www.sotrender.com\/blog\/pl\/2013\/11\/web-summit-2013\/#breadcrumb\",\"itemListElement\":[{\"@type\":\"ListItem\",\"position\":1,\"name\":\"Home\",\"item\":\"https:\/\/www.sotrender.com\/blog\/\"},{\"@type\":\"ListItem\",\"position\":2,\"name\":\"Web Summit 2013 &#8211; jak naprawd\u0119 by\u0142o w Dublinie?\"}]},{\"@type\":\"WebSite\",\"@id\":\"https:\/\/www.sotrender.com\/blog\/#website\",\"url\":\"https:\/\/www.sotrender.com\/blog\/\",\"name\":\"Sotrender Blog\",\"description\":\"\",\"potentialAction\":[{\"@type\":\"SearchAction\",\"target\":{\"@type\":\"EntryPoint\",\"urlTemplate\":\"https:\/\/www.sotrender.com\/blog\/?s={search_term_string}\"},\"query-input\":\"required name=search_term_string\"}],\"inLanguage\":\"pl-PL\"},{\"@type\":\"Person\",\"@id\":\"https:\/\/www.sotrender.com\/blog\/#\/schema\/person\/15d4db3ba9c4e61b1cb96099300e7c51\",\"name\":\"Jan Zaj\u0105c\",\"image\":{\"@type\":\"ImageObject\",\"inLanguage\":\"pl-PL\",\"@id\":\"https:\/\/www.sotrender.com\/blog\/#\/schema\/person\/image\/\",\"url\":\"https:\/\/secure.gravatar.com\/avatar\/330c70ea205c5402148d7c7d8927d81d?s=96&d=mm&r=g\",\"contentUrl\":\"https:\/\/secure.gravatar.com\/avatar\/330c70ea205c5402148d7c7d8927d81d?s=96&d=mm&r=g\",\"caption\":\"Jan Zaj\u0105c\"},\"description\":\"Psychologist &amp; economist, experienced consultant &amp; researcher, who speaks 6 languages and has cycled around 17 countries.\",\"sameAs\":[\"https:\/\/www.facebook.com\/jan.zajac.75?fref=ts\",\"https:\/\/www.linkedin.com\/in\/janekzajac\",\"https:\/\/twitter.com\/http:\/\/twitter.com\/janekzajac\"],\"url\":\"https:\/\/www.sotrender.com\/blog\/pl\/author\/jan_zajc\/\"}]}<\/script>\n<!-- \/ Yoast SEO plugin. -->","yoast_head_json":{"title":"Dublin Web Summit - m\u00f3wi\u0119, jak by\u0142o naprawd\u0119 - Sotrender Blog","description":"Web Summit to jedna z najwi\u0119kszych imprez technologicznych w Europie. Podsumowujemy silne i s\u0142abe strony konferencji z punktu widzenia niewielkiej firmy.","robots":{"index":"index","follow":"follow","max-snippet":"max-snippet:-1","max-image-preview":"max-image-preview:large","max-video-preview":"max-video-preview:-1"},"canonical":"https:\/\/www.sotrender.com\/blog\/pl\/2013\/11\/web-summit-2013\/","og_locale":"pl_PL","og_type":"article","og_title":"Dublin Web Summit - m\u00f3wi\u0119, jak by\u0142o naprawd\u0119 - Sotrender Blog","og_description":"Web Summit to jedna z najwi\u0119kszych imprez technologicznych w Europie. Podsumowujemy silne i s\u0142abe strony konferencji z punktu widzenia niewielkiej firmy.","og_url":"https:\/\/www.sotrender.com\/blog\/pl\/2013\/11\/web-summit-2013\/","og_site_name":"Sotrender Blog","article_publisher":"https:\/\/www.facebook.com\/Sotrender","article_author":"https:\/\/www.facebook.com\/jan.zajac.75?fref=ts","article_published_time":"2013-11-06T16:22:48+00:00","article_modified_time":"2017-04-13T14:05:44+00:00","og_image":[{"width":1600,"height":700,"url":"https:\/\/www.sotrender.com\/blog\/wp-content\/uploads\/2015\/07\/header_blog_3.jpg","type":"image\/jpeg"}],"author":"Jan Zaj\u0105c","twitter_card":"summary_large_image","twitter_creator":"@http:\/\/twitter.com\/janekzajac","twitter_site":"@Sotrender","twitter_misc":{"Written by":"Jan Zaj\u0105c","Est. reading time":"10 minutes"},"schema":{"@context":"https:\/\/schema.org","@graph":[{"@type":"WebPage","@id":"https:\/\/www.sotrender.com\/blog\/pl\/2013\/11\/web-summit-2013\/","url":"https:\/\/www.sotrender.com\/blog\/pl\/2013\/11\/web-summit-2013\/","name":"Dublin Web Summit - m\u00f3wi\u0119, jak by\u0142o naprawd\u0119 - Sotrender Blog","isPartOf":{"@id":"https:\/\/www.sotrender.com\/blog\/#website"},"primaryImageOfPage":{"@id":"https:\/\/www.sotrender.com\/blog\/pl\/2013\/11\/web-summit-2013\/#primaryimage"},"image":{"@id":"https:\/\/www.sotrender.com\/blog\/pl\/2013\/11\/web-summit-2013\/#primaryimage"},"thumbnailUrl":"https:\/\/www.sotrender.com\/blog\/wp-content\/uploads\/2015\/07\/header_blog_3.jpg","datePublished":"2013-11-06T16:22:48+00:00","dateModified":"2017-04-13T14:05:44+00:00","author":{"@id":"https:\/\/www.sotrender.com\/blog\/#\/schema\/person\/15d4db3ba9c4e61b1cb96099300e7c51"},"description":"Web Summit to jedna z najwi\u0119kszych imprez technologicznych w Europie. Podsumowujemy silne i s\u0142abe strony konferencji z punktu widzenia niewielkiej firmy.","breadcrumb":{"@id":"https:\/\/www.sotrender.com\/blog\/pl\/2013\/11\/web-summit-2013\/#breadcrumb"},"inLanguage":"pl-PL","potentialAction":[{"@type":"ReadAction","target":["https:\/\/www.sotrender.com\/blog\/pl\/2013\/11\/web-summit-2013\/"]}]},{"@type":"ImageObject","inLanguage":"pl-PL","@id":"https:\/\/www.sotrender.com\/blog\/pl\/2013\/11\/web-summit-2013\/#primaryimage","url":"https:\/\/www.sotrender.com\/blog\/wp-content\/uploads\/2015\/07\/header_blog_3.jpg","contentUrl":"https:\/\/www.sotrender.com\/blog\/wp-content\/uploads\/2015\/07\/header_blog_3.jpg","width":1600,"height":700},{"@type":"BreadcrumbList","@id":"https:\/\/www.sotrender.com\/blog\/pl\/2013\/11\/web-summit-2013\/#breadcrumb","itemListElement":[{"@type":"ListItem","position":1,"name":"Home","item":"https:\/\/www.sotrender.com\/blog\/"},{"@type":"ListItem","position":2,"name":"Web Summit 2013 &#8211; jak naprawd\u0119 by\u0142o w Dublinie?"}]},{"@type":"WebSite","@id":"https:\/\/www.sotrender.com\/blog\/#website","url":"https:\/\/www.sotrender.com\/blog\/","name":"Sotrender Blog","description":"","potentialAction":[{"@type":"SearchAction","target":{"@type":"EntryPoint","urlTemplate":"https:\/\/www.sotrender.com\/blog\/?s={search_term_string}"},"query-input":"required name=search_term_string"}],"inLanguage":"pl-PL"},{"@type":"Person","@id":"https:\/\/www.sotrender.com\/blog\/#\/schema\/person\/15d4db3ba9c4e61b1cb96099300e7c51","name":"Jan Zaj\u0105c","image":{"@type":"ImageObject","inLanguage":"pl-PL","@id":"https:\/\/www.sotrender.com\/blog\/#\/schema\/person\/image\/","url":"https:\/\/secure.gravatar.com\/avatar\/330c70ea205c5402148d7c7d8927d81d?s=96&d=mm&r=g","contentUrl":"https:\/\/secure.gravatar.com\/avatar\/330c70ea205c5402148d7c7d8927d81d?s=96&d=mm&r=g","caption":"Jan Zaj\u0105c"},"description":"Psychologist &amp; economist, experienced consultant &amp; researcher, who speaks 6 languages and has cycled around 17 countries.","sameAs":["https:\/\/www.facebook.com\/jan.zajac.75?fref=ts","https:\/\/www.linkedin.com\/in\/janekzajac","https:\/\/twitter.com\/http:\/\/twitter.com\/janekzajac"],"url":"https:\/\/www.sotrender.com\/blog\/pl\/author\/jan_zajc\/"}]}},"_links":{"self":[{"href":"https:\/\/www.sotrender.com\/blog\/pl\/wp-json\/wp\/v2\/posts\/9577"}],"collection":[{"href":"https:\/\/www.sotrender.com\/blog\/pl\/wp-json\/wp\/v2\/posts"}],"about":[{"href":"https:\/\/www.sotrender.com\/blog\/pl\/wp-json\/wp\/v2\/types\/post"}],"author":[{"embeddable":true,"href":"https:\/\/www.sotrender.com\/blog\/pl\/wp-json\/wp\/v2\/users\/2"}],"replies":[{"embeddable":true,"href":"https:\/\/www.sotrender.com\/blog\/pl\/wp-json\/wp\/v2\/comments?post=9577"}],"version-history":[{"count":39,"href":"https:\/\/www.sotrender.com\/blog\/pl\/wp-json\/wp\/v2\/posts\/9577\/revisions"}],"predecessor-version":[{"id":26639,"href":"https:\/\/www.sotrender.com\/blog\/pl\/wp-json\/wp\/v2\/posts\/9577\/revisions\/26639"}],"wp:featuredmedia":[{"embeddable":true,"href":"https:\/\/www.sotrender.com\/blog\/pl\/wp-json\/wp\/v2\/media\/18901"}],"wp:attachment":[{"href":"https:\/\/www.sotrender.com\/blog\/pl\/wp-json\/wp\/v2\/media?parent=9577"}],"wp:term":[{"taxonomy":"category","embeddable":true,"href":"https:\/\/www.sotrender.com\/blog\/pl\/wp-json\/wp\/v2\/categories?post=9577"},{"taxonomy":"post_tag","embeddable":true,"href":"https:\/\/www.sotrender.com\/blog\/pl\/wp-json\/wp\/v2\/tags?post=9577"}],"curies":[{"name":"wp","href":"https:\/\/api.w.org\/{rel}","templated":true}]}}