{"id":9255,"date":"2013-10-03T12:26:43","date_gmt":"2013-10-03T11:26:43","guid":{"rendered":"http:\/\/blog.sotrender.com\/?p=9255"},"modified":"2017-04-13T16:12:46","modified_gmt":"2017-04-13T14:12:46","slug":"fanpage-trends-wrzesien","status":"publish","type":"post","link":"https:\/\/www.sotrender.com\/blog\/pl\/2013\/10\/fanpage-trends-wrzesien\/","title":{"rendered":"Fanpage Trends Wrzesie\u0144 2013,  cieplutkie niczym malinowa herbatka"},"content":{"rendered":"<p dir=\"ltr\" style=\"text-align: justify;\">Za oknami jesie\u0144, a w Fanpage Trends zmiany w kategoriach, zamaszysty Lewandowski i we\u0142niane buciki, kt\u00f3re spowodowa\u0142y prawdziwe trz\u0119sienie ziemi w rankingach! Na Facebooku dla odmiany spokojniej, bo liter\u00f3wki z post\u00f3w mo\u017cna ju\u017c kasowa\u0107 po ich przypadkowym opublikowaniu. Zapraszamy do lektury pierwszego jesiennego raportu!<\/p>\n<p dir=\"ltr\" style=\"text-align: justify;\"><!--more--><\/p>\n<h2 dir=\"ltr\" style=\"text-align: justify;\">Fani znowu lubi\u0105, a buciki dla niemowl\u0105t podbijaj\u0105 \u015bwiat<\/h2>\n<p dir=\"ltr\" style=\"text-align: justify;\">Po zesz\u0142omiesi\u0119cznej stagnacji w rankingu najwi\u0119kszych polskich stron nadchodzi o\u017cywienie. <a title=\"Zobacz profil\" href=\"https:\/\/www.facebook.com\/LewandowskiFanPage\" target=\"_blank\">Robert Lewandowski<\/a> zdoby\u0142 w tym miesi\u0105cu 223 tys. fan\u00f3w i przegoni\u0142 tym samym <a title=\"Zobacz profil\" href=\"https:\/\/www.facebook.com\/kwejk.fan\" target=\"_blank\">Kwejk<\/a> i <a title=\"Zobacz profil\" href=\"https:\/\/www.facebook.com\/orangepolska\" target=\"_blank\">Orange Polska<\/a>. Jeszcze jeden taki wzrost i Lewy wykopie z trzeciego miejsca <a title=\"Zobacz profil\" href=\"https:\/\/www.facebook.com\/demotywatory\" target=\"_blank\">Demotywatory<\/a>. Czy to si\u0119 uda, poka\u017c\u0105 kolejne miesi\u0105ce. Rywalizacj\u0119 Roberta ze spo\u0142eczno\u015bciowymi gigantami \u015bledzimy z wi\u0119kszymi emocjami ni\u017c mecze polskiej reprezentacji.<\/p>\n<p dir=\"ltr\" style=\"text-align: justify;\">Ogromne poruszenie wywo\u0142a\u0142 post opublikowany przez <a title=\"Zobacz profil\" href=\"https:\/\/www.facebook.com\/MotherPowerPL\" target=\"_blank\">Mother Power<\/a> zawieraj\u0105cy zdj\u0119cie we\u0142nianych dzieci\u0119cych bucik\u00f3w. Wpis zgromadzi\u0142 prawie 2 mln polubie\u0144, z czego wi\u0119kszo\u015b\u0107 pochodzi\u0142a spoza Polski, a sama strona Mother Power zyska\u0142a imponuj\u0105c\u0105 liczb\u0119 160 000 nowych fan\u00f3w, co stanowi\u00a0wzrost o 356%. Pocz\u0105tkowo podejrzewali\u015bmy, \u017ce tak rewelacyjne wyniki Mother Power\u00a0zawdzi\u0119cza promocji na rynkach zagranicznych, jednak niepubliczne statystyki strony\u00a0pokazuj\u0105, \u017ce strona nie wspiera\u0142a swoich dzia\u0142a\u0144 reklamami. W przysz\u0142ym tygodniu\u00a0przyjrzymy si\u0119 bli\u017cej dzia\u0142aniom Mother Power i spr\u00f3bujemy wyja\u015bni\u0107, czemu zawdzi\u0119czaj\u0105 tak du\u017cy rozg\u0142os.<\/p>\n<div id=\"attachment_9261\" style=\"width: 241px\" class=\"wp-caption aligncenter\"><a href=\"https:\/\/www.sotrender.com\/blog\/wp-content\/uploads\/2013\/10\/buciki.jpg\"><img loading=\"lazy\" decoding=\"async\" aria-describedby=\"caption-attachment-9261\" class=\"size-medium wp-image-9261\" src=\"https:\/\/www.sotrender.com\/blog\/wp-content\/uploads\/2013\/10\/buciki-231x300.jpg\" alt=\"Najbardziej interaktywny post opublikowany we wrze\u015bniu\" width=\"231\" height=\"300\" \/><\/a><p id=\"caption-attachment-9261\" class=\"wp-caption-text\">Najbardziej interaktywny post opublikowany we wrze\u015bniu<\/p><\/div>\n<p dir=\"ltr\" style=\"text-align: justify;\">Post Mother Power by\u0142 oczywi\u015bcie najlepszym postem w tym miesi\u0105cu, na uwag\u0119 zas\u0142uguje jednak fakt, \u017ce a\u017c 3 z 5 najbardziej anga\u017cuj\u0105cych wpis\u00f3w we wrze\u015bniu po\u015bwi\u0119cone by\u0142y akcjom charytatywnym. W swoich dzia\u0142aniach si\u0142\u0119 spo\u0142eczno\u015bci wykorzysta\u0142y w tym miesi\u0105cu <a title=\"Zobacz profil\" href=\"https:\/\/www.facebook.com\/fundacja.dkms.polska\" target=\"_blank\">Fundacja DKMS Polska<\/a>, profil <a title=\"Zobacz profil\" href=\"https:\/\/www.facebook.com\/siepomaga\" target=\"_blank\">SiePomaga<\/a> oraz <a title=\"Zobacz profil\" href=\"https:\/\/www.facebook.com\/chodakowskaewa\" target=\"_blank\">Ewa Chodakowska<\/a>, kt\u00f3ra za po\u015brednictwem swojej strony zach\u0119ca do wspomagania Beaty Ja\u0142ochy, fizjoterapeutki, na kt\u00f3r\u0105 spad\u0142 samob\u00f3jca. Okazuje si\u0119, \u017ce Facebook to nie tylko impreza, ale r\u00f3wnie\u017c miejsce prawdziwej mobilizacji w celu pomocy potrzebuj\u0105cym!<\/p>\n<h2 dir=\"ltr\" style=\"text-align: justify;\">#Fanpage Trends zmienia si\u0119 kategorycznie!<\/h2>\n<p dir=\"ltr\" style=\"text-align: justify;\">Jesienne Fanpage Trends nie zaskocz\u0105 Was wielo\u015bci\u0105 zmian za to ich rozmachem \ud83d\ude09 Podzielili\u015bmy dotychczasow\u0105 kategori\u0119 Komercyjne na trzy inne kategorie, a mianowicie: Marki, Media i Ludzi. W tej pierwszej znajd\u0105 si\u0119 wszelkie strony marek, produkt\u00f3w oraz sklep\u00f3w. Druga obejmie wydawnictwa i programy, zar\u00f3wno medi\u00f3w tradycyjnych, jak i wirtualnych. W rankingu Ludzie zobaczymy, kogo, poza Robertem Lewandowskim, kochaj\u0105 Polacy. W raporcie wspomniane rankingi b\u0119d\u0105 wyr\u00f3\u017cnione jako rankingi og\u00f3lne, poniewa\u017c w tych trzech grupach znajdzie si\u0119 zdecydowana wi\u0119kszo\u015b\u0107 stron. Oczywi\u015bcie taki podzia\u0142 przenosimy r\u00f3wnie\u017c na stron\u0119 WWW, kt\u00f3ra w ostatnim czasie po raz kolejny przesz\u0142a drobny lifting. Mamy nadziej\u0119, \u017ce korzysta si\u0119 Wam z niej jeszcze wygodniej.<\/p>\n<p dir=\"ltr\" style=\"text-align: justify;\">W rankingu Marek kr\u00f3luje telekomunikacja. Korony dla najwi\u0119kszego profilu wci\u0105\u017c spoczywaj\u0105 na g\u0142owach (?) <a title=\"Serce i Rozum fanpage\" href=\"https:\/\/www.facebook.com\/serceirozum\" target=\"_blank\">Serca i Rozumu<\/a>, za nimi na podium stoj\u0105 dumnie <a title=\"Play fanpage\" href=\"https:\/\/www.facebook.com\/Play\" target=\"_blank\">Play<\/a> i <a title=\"Orange Polska fanpage\" href=\"https:\/\/www.facebook.com\/orangepolska\" target=\"_blank\">Orange Polska<\/a>. W\u015br\u00f3d Medi\u00f3w najwi\u0119ksze s\u0105 <a title=\"Radio ESKA fanpage\" href=\"https:\/\/www.facebook.com\/radioeska\" target=\"_blank\">Radio ESKA<\/a>, <a title=\"Filmweb fanpage\" href=\"https:\/\/www.facebook.com\/filmweb\" target=\"_blank\">Filmweb<\/a> i <a title=\"MTV Polska fanpage\" href=\"https:\/\/www.facebook.com\/MTVPolska\" target=\"_blank\">MTV Polska<\/a>. Najbardziej popularnym Polakiem na Facebooku jest oczywi\u015bcie <a title=\"Robert Lewandowski fanpage\" href=\"https:\/\/www.facebook.com\/LewandowskiFanPage\" target=\"_blank\">Robert Lewandowski<\/a>, kt\u00f3ry ma ponad dwukrotnie wi\u0119cej fan\u00f3w ni\u017c najbardziej popularni muzycy- <a title=\"Kamil Bednarek fanpage\" href=\"https:\/\/www.facebook.com\/maccabraa\" target=\"_blank\">Kamil Bednarek<\/a>, <a title=\"Pezet fanpage\" href=\"https:\/\/www.facebook.com\/pezet81\" target=\"_blank\">Pezet<\/a> i <a title=\"Grubson fanpage\" href=\"https:\/\/www.facebook.com\/pages\/Grubson\/316095421004\" target=\"_blank\">Grubson<\/a>. Wygl\u0105da na to, \u017ce Polacy kochaj\u0105 rozmawia\u0107 przez telefon, s\u0142ucha\u0107 radia i ogl\u0105da\u0107 mecze. \ud83d\ude09<\/p>\n<h2 dir=\"ltr\" style=\"text-align: justify;\">Facebook uspokaja administrator\u00f3w<\/h2>\n<p dir=\"ltr\" style=\"text-align: justify;\">Koniec wrze\u015bnia przyni\u00f3s\u0142 dobr\u0105 wiadomo\u015b\u0107 dla administrator\u00f3w stron na Facebooku, bowiem to w\u0142a\u015bnie wtedy portal umo\u017cliwi\u0142 edytowanie opublikowanych ju\u017c wpis\u00f3w. Z pewno\u015bci\u0105 zaoszcz\u0119dzi to administratorom wielu stres\u00f3w.<\/p>\n<div id=\"attachment_9265\" style=\"width: 243px\" class=\"wp-caption aligncenter\"><a href=\"https:\/\/www.sotrender.com\/blog\/wp-content\/uploads\/2013\/10\/EditPostsAndroid.jpg\"><img loading=\"lazy\" decoding=\"async\" aria-describedby=\"caption-attachment-9265\" class=\"size-medium wp-image-9265\" src=\"https:\/\/www.sotrender.com\/blog\/wp-content\/uploads\/2013\/10\/EditPostsAndroid-233x300.jpg\" alt=\"Edycja post\u00f3w na Facebooku. Zdj\u0119cie pochodzi z portalu AllFacebook.com\" width=\"233\" height=\"300\" \/><\/a><p id=\"caption-attachment-9265\" class=\"wp-caption-text\">Edycja post\u00f3w na Facebooku. Zdj\u0119cie pochodzi z portalu AllFacebook.com<\/p><\/div>\n<p style=\"text-align: justify;\">Korzystna dla marketer\u00f3w b\u0119dzie r\u00f3wnie\u017c zmiana algorytmu wy\u015bwietlaj\u0105cego reklamy, kt\u00f3re maj\u0105 by\u0107 teraz jeszcze bardziej dopasowane do odbiorc\u00f3w. Dla reklamodawc\u00f3w oznacza to, \u017ce promowane przez nich tre\u015bci trafi\u0105 do wi\u0119kszej liczby potencjalnych klient\u00f3w.<\/p>\n<p dir=\"ltr\" style=\"text-align: justify;\">Chocia\u017c hashtagi nie wydaj\u0105 si\u0119 mie\u0107 wi\u0119kszego prze\u0142o\u017cenia na zasi\u0119g, Facebook promuje ich u\u017cywanie i wprowadza nowe rozwi\u0105zania, kt\u00f3re je wykorzystuj\u0105. Administratorzy mog\u0105 zobaczy\u0107 sugestie konkretnych hashtag\u00f3w do publikowanych tre\u015bci. Podobnie dzia\u0142aj\u0105 powiadomienia, z kt\u00f3rych mo\u017cna si\u0119 dowiedzie\u0107, \u017ce temat jest aktualnie na topie.<\/p>\n<p dir=\"ltr\" style=\"text-align: justify;\">Ciekawym rozwi\u0105zaniem wydaje si\u0119 by\u0107 testowana jeszcze na niewielkiej grupie zak\u0142adka \u201cTrending\u201d, z kt\u00f3rej mo\u017cna si\u0119 dowiedzie\u0107 jakie hashtagi s\u0105 obecnie u\u017cywane najcz\u0119\u015bciej. Czy\u017cby Facebook, poprzez umo\u017cliwienie \u015bledzenia na bie\u017c\u0105co aktualnych wydarze\u0144, faktycznie upodabnia\u0142 si\u0119 do Twittera?<\/p>\n<div id=\"attachment_9277\" style=\"width: 310px\" class=\"wp-caption aligncenter\"><a href=\"https:\/\/www.sotrender.com\/blog\/wp-content\/uploads\/2013\/10\/facebook-trending-topics.jpg\"><img loading=\"lazy\" decoding=\"async\" aria-describedby=\"caption-attachment-9277\" class=\"size-medium wp-image-9277 \" src=\"https:\/\/www.sotrender.com\/blog\/wp-content\/uploads\/2013\/10\/facebook-trending-topics-300x173.jpg\" alt=\"Obraz pochodzi z witryny adambarrell.com\" width=\"300\" height=\"173\" \/><\/a><p id=\"caption-attachment-9277\" class=\"wp-caption-text\">Zdj\u0119cie pochodzi z witryny Adambarrell.com<\/p><\/div>\n<h2 dir=\"ltr\" style=\"text-align: justify;\">Sotrender bloguje i analizuje<\/h2>\n<p dir=\"ltr\" style=\"text-align: justify;\"><a title=\"Przejd\u017a na bloga\" href=\"https:\/\/www.sotrender.com\/blog\/pl\" target=\"_blank\">Na naszym blogu<\/a> we wrze\u015bniu opublikowali\u015bmy dwa nowe artyku\u0142y. W po\u0142owie miesi\u0105ca przeanalizowali\u015bmy dzia\u0142ania promocyjne prowadzone na Facebooku przez regiony, a nast\u0119pnie postanowili\u015bmy wyja\u015bni\u0107, jak w prowadzeniu profilu mo\u017ce pom\u00f3c segmentacja behawioralna fan\u00f3w. Je\u015bli jeszcze nie wiecie, kt\u00f3ry profil pierwsz\u0105 pozycj\u0119 zar\u00f3wno w rankingu pod wzgl\u0119dem liczby fan\u00f3w, jak r\u00f3wnie\u017c zaanga\u017cowania u\u017cytkownik\u00f3w w\u015br\u00f3d region\u00f3w, koniecznie <a title=\"Sotrender blog: Regiony na Facebooku \u2013 jak si\u0119 promuj\u0105?\" href=\"https:\/\/www.sotrender.com\/blog\/pl\/2013\/09\/regiony_na_facebooku\/\" target=\"_blank\">przeczytajcie nasz raport o regionach na Facebooku<\/a>.<\/p>\n<p dir=\"ltr\" style=\"text-align: justify;\">Zach\u0119camy r\u00f3wnie\u017c do lektury naszego poradnika o zachowaniach fan\u00f3w. Mo\u017cecie si\u0119 z niego dowiedzie\u0107, czym r\u00f3\u017cni\u0105 si\u0119 poszczeg\u00f3lne grupy u\u017cytkownik\u00f3w i jacy u\u017cytkownicy powinni przewa\u017ca\u0107 w naszej grupie docelowej, by prowadzone przez nas dzia\u0142ania by\u0142y skuteczne. <a title=\"Sotrender blog: Segmentacja u\u017cytkownik\u00f3w \u2013 w czym mo\u017ce Ci pom\u00f3c?\" href=\"https:\/\/www.sotrender.com\/blog\/pl\/2013\/09\/segmentacja-behawioralna-fanow\/\" target=\"_blank\">Wpis o segmentacji behawioralnej mo\u017cna przeczyta\u0107 na blogu Sotrender.<\/a><\/p>\n<p dir=\"ltr\" style=\"text-align: justify;\">Skuteczno\u015bci komunikacji dotyczy tak\u017ce wrze\u015bniowa analiza z cyklu Sotrender Research Insight. W tym miesi\u0105cu<a title=\"Przejd\u017a na stron\u0119\" href=\"http:\/\/www.sotrender.pl\/reports\" target=\"_blank\"> Sotrender Research Team<\/a> przyjrza\u0142 si\u0119 d\u0142ugo\u015bci post\u00f3w i przeanalizowa\u0142 jej wp\u0142yw na zaanga\u017cowanie u\u017cytkownik\u00f3w. Okaza\u0142o si\u0119, \u017ce d\u0142ugo\u015b\u0107 post\u00f3w jest wa\u017cniejsza ni\u017c ich typ! Dlatego z ca\u0142ego <a title=\"Przejd\u017a na stron\u0119\" href=\"http:\/\/www.sotrender.pl\/\" target=\"_blank\">Sotrendera<\/a> zach\u0119camy do lektury wrze\u015bniowego Sotrender Research Insight, w kt\u00f3rym radzimy, ile znak\u00f3w powinien zawiera\u0107 post idealny.<\/p>\n<h2 dir=\"ltr\" style=\"text-align: justify;\">A potem fruuuunie na Web Summit!<\/h2>\n<p dir=\"ltr\" style=\"text-align: justify;\">Pod koniec miesi\u0105ca ekipa Sotrendera wybiera si\u0119 na mi\u0119dzynarodow\u0105 konferencj\u0119 <a title=\"Przejd\u017a na stron\u0119\" href=\"http:\/\/www.websummit.net\/\" target=\"_blank\">Web Summit <\/a>odbywaj\u0105c\u0105 si\u0119 w Dublinie. Jednak jeszcze zanim wzbijemy si\u0119 ponad chmury, chcieliby\u015bmy udowodni\u0107 organizatorom imprezy, \u017ce jeste\u015bmy najci\u0119\u017cszej pracuj\u0105cym startupem na \u015bwiecie! Dlatego prosimy o g\u0142osy &#8211; jeden ma\u0142y klik, a mo\u017ce naprawd\u0119 wiele zmieni\u0107 [<a title=\"Oddaj g\u0142os na Sotrender\" href=\"http:\/\/www.websummit.net\/competitions\/hardest-working-startup\/#6-1589\" target=\"_blank\">kliknij tutaj i zag\u0142osuj na Sotrender przyciskiem &#8220;Like&#8221;<\/a>]<\/p>\n<p style=\"text-align: center;\"><a title=\"Przejd\u017a do raportu\" href=\"http:\/\/www.sotrender.pl\/fanpage-trends?hp\" target=\"_blank\">\u00a0Zapraszamy do lektury wrze\u015bniowego raportu Fanpage Trends!<\/a><\/p>\n","protected":false},"excerpt":{"rendered":"<p>Za oknami jesie\u0144, a w Fanpage Trends zmiany w kategoriach, zamaszysty Lewandowski i we\u0142niane buciki, kt\u00f3re spowodowa\u0142y prawdziwe trz\u0119sienie ziemi w rankingach! Na Facebooku dla odmiany spokojniej, bo liter\u00f3wki z post\u00f3w mo\u017cna ju\u017c kasowa\u0107 po ich przypadkowym opublikowaniu. Zapraszamy do lektury pierwszego jesiennego raportu!<\/p>\n","protected":false},"author":31,"featured_media":0,"comment_status":"open","ping_status":"open","sticky":false,"template":"","format":"standard","meta":{"inline_featured_image":false,"footnotes":""},"categories":[1791,1797],"tags":[25,31,409,519,523,525],"yoast_head":"<!-- This site is optimized with the Yoast SEO plugin v22.4 - https:\/\/yoast.com\/wordpress\/plugins\/seo\/ -->\n<title>Fanpage Trends - Wrzesien 2013<\/title>\n<meta name=\"description\" content=\"Prezentujemy nowe Fanpage Trends, a w nich zmiany w kategoriach, zamaszysty Lewandowski i buciki, kt\u00f3re spowodowa\u0142y prawdziwe trz\u0119sienie ziemi w rankingach!\" \/>\n<meta name=\"robots\" content=\"index, follow, max-snippet:-1, max-image-preview:large, max-video-preview:-1\" \/>\n<link rel=\"canonical\" href=\"https:\/\/www.sotrender.com\/blog\/pl\/2013\/10\/fanpage-trends-wrzesien\/\" \/>\n<meta property=\"og:locale\" content=\"pl_PL\" \/>\n<meta property=\"og:type\" content=\"article\" \/>\n<meta property=\"og:title\" content=\"Fanpage Trends - Wrzesien 2013\" \/>\n<meta property=\"og:description\" content=\"Prezentujemy nowe Fanpage Trends, a w nich zmiany w kategoriach, zamaszysty Lewandowski i buciki, kt\u00f3re spowodowa\u0142y prawdziwe trz\u0119sienie ziemi w rankingach!\" \/>\n<meta property=\"og:url\" content=\"https:\/\/www.sotrender.com\/blog\/pl\/2013\/10\/fanpage-trends-wrzesien\/\" \/>\n<meta property=\"og:site_name\" content=\"Sotrender Blog\" \/>\n<meta property=\"article:publisher\" content=\"https:\/\/www.facebook.com\/Sotrender\" \/>\n<meta property=\"article:published_time\" content=\"2013-10-03T11:26:43+00:00\" \/>\n<meta property=\"article:modified_time\" content=\"2017-04-13T14:12:46+00:00\" \/>\n<meta property=\"og:image\" content=\"https:\/\/www.sotrender.com\/blog\/wp-content\/uploads\/2013\/10\/buciki-231x300.jpg\" \/>\n<meta name=\"author\" content=\"Aleksandra Prejs\" \/>\n<meta name=\"twitter:card\" content=\"summary_large_image\" \/>\n<meta name=\"twitter:creator\" content=\"@Sotrender\" \/>\n<meta name=\"twitter:site\" content=\"@Sotrender\" \/>\n<meta name=\"twitter:label1\" content=\"Written by\" \/>\n\t<meta name=\"twitter:data1\" content=\"Aleksandra Prejs\" \/>\n\t<meta name=\"twitter:label2\" content=\"Est. reading time\" \/>\n\t<meta name=\"twitter:data2\" content=\"5 minutes\" \/>\n<script type=\"application\/ld+json\" class=\"yoast-schema-graph\">{\"@context\":\"https:\/\/schema.org\",\"@graph\":[{\"@type\":\"WebPage\",\"@id\":\"https:\/\/www.sotrender.com\/blog\/pl\/2013\/10\/fanpage-trends-wrzesien\/\",\"url\":\"https:\/\/www.sotrender.com\/blog\/pl\/2013\/10\/fanpage-trends-wrzesien\/\",\"name\":\"Fanpage Trends - Wrzesien 2013\",\"isPartOf\":{\"@id\":\"https:\/\/www.sotrender.com\/blog\/#website\"},\"primaryImageOfPage\":{\"@id\":\"https:\/\/www.sotrender.com\/blog\/pl\/2013\/10\/fanpage-trends-wrzesien\/#primaryimage\"},\"image\":{\"@id\":\"https:\/\/www.sotrender.com\/blog\/pl\/2013\/10\/fanpage-trends-wrzesien\/#primaryimage\"},\"thumbnailUrl\":\"https:\/\/www.sotrender.com\/blog\/wp-content\/uploads\/2013\/10\/buciki-231x300.jpg\",\"datePublished\":\"2013-10-03T11:26:43+00:00\",\"dateModified\":\"2017-04-13T14:12:46+00:00\",\"author\":{\"@id\":\"https:\/\/www.sotrender.com\/blog\/#\/schema\/person\/7106df62825269bc360ad9171cd7149b\"},\"description\":\"Prezentujemy nowe Fanpage Trends, a w nich zmiany w kategoriach, zamaszysty Lewandowski i buciki, kt\u00f3re spowodowa\u0142y prawdziwe trz\u0119sienie ziemi w rankingach!\",\"breadcrumb\":{\"@id\":\"https:\/\/www.sotrender.com\/blog\/pl\/2013\/10\/fanpage-trends-wrzesien\/#breadcrumb\"},\"inLanguage\":\"pl-PL\",\"potentialAction\":[{\"@type\":\"ReadAction\",\"target\":[\"https:\/\/www.sotrender.com\/blog\/pl\/2013\/10\/fanpage-trends-wrzesien\/\"]}]},{\"@type\":\"ImageObject\",\"inLanguage\":\"pl-PL\",\"@id\":\"https:\/\/www.sotrender.com\/blog\/pl\/2013\/10\/fanpage-trends-wrzesien\/#primaryimage\",\"url\":\"https:\/\/www.sotrender.com\/blog\/wp-content\/uploads\/2013\/10\/buciki-231x300.jpg\",\"contentUrl\":\"https:\/\/www.sotrender.com\/blog\/wp-content\/uploads\/2013\/10\/buciki-231x300.jpg\"},{\"@type\":\"BreadcrumbList\",\"@id\":\"https:\/\/www.sotrender.com\/blog\/pl\/2013\/10\/fanpage-trends-wrzesien\/#breadcrumb\",\"itemListElement\":[{\"@type\":\"ListItem\",\"position\":1,\"name\":\"Home\",\"item\":\"https:\/\/www.sotrender.com\/blog\/\"},{\"@type\":\"ListItem\",\"position\":2,\"name\":\"Fanpage Trends Wrzesie\u0144 2013, cieplutkie niczym malinowa herbatka\"}]},{\"@type\":\"WebSite\",\"@id\":\"https:\/\/www.sotrender.com\/blog\/#website\",\"url\":\"https:\/\/www.sotrender.com\/blog\/\",\"name\":\"Sotrender Blog\",\"description\":\"\",\"potentialAction\":[{\"@type\":\"SearchAction\",\"target\":{\"@type\":\"EntryPoint\",\"urlTemplate\":\"https:\/\/www.sotrender.com\/blog\/?s={search_term_string}\"},\"query-input\":\"required name=search_term_string\"}],\"inLanguage\":\"pl-PL\"},{\"@type\":\"Person\",\"@id\":\"https:\/\/www.sotrender.com\/blog\/#\/schema\/person\/7106df62825269bc360ad9171cd7149b\",\"name\":\"Aleksandra Prejs\",\"image\":{\"@type\":\"ImageObject\",\"inLanguage\":\"pl-PL\",\"@id\":\"https:\/\/www.sotrender.com\/blog\/#\/schema\/person\/image\/\",\"url\":\"https:\/\/secure.gravatar.com\/avatar\/469000454b77ff0aacb32c49dba023be?s=96&d=mm&r=g\",\"contentUrl\":\"https:\/\/secure.gravatar.com\/avatar\/469000454b77ff0aacb32c49dba023be?s=96&d=mm&r=g\",\"caption\":\"Aleksandra Prejs\"},\"url\":\"https:\/\/www.sotrender.com\/blog\/pl\/author\/aleksandra-prejs\/\"}]}<\/script>\n<!-- \/ Yoast SEO plugin. -->","yoast_head_json":{"title":"Fanpage Trends - Wrzesien 2013","description":"Prezentujemy nowe Fanpage Trends, a w nich zmiany w kategoriach, zamaszysty Lewandowski i buciki, kt\u00f3re spowodowa\u0142y prawdziwe trz\u0119sienie ziemi w rankingach!","robots":{"index":"index","follow":"follow","max-snippet":"max-snippet:-1","max-image-preview":"max-image-preview:large","max-video-preview":"max-video-preview:-1"},"canonical":"https:\/\/www.sotrender.com\/blog\/pl\/2013\/10\/fanpage-trends-wrzesien\/","og_locale":"pl_PL","og_type":"article","og_title":"Fanpage Trends - Wrzesien 2013","og_description":"Prezentujemy nowe Fanpage Trends, a w nich zmiany w kategoriach, zamaszysty Lewandowski i buciki, kt\u00f3re spowodowa\u0142y prawdziwe trz\u0119sienie ziemi w rankingach!","og_url":"https:\/\/www.sotrender.com\/blog\/pl\/2013\/10\/fanpage-trends-wrzesien\/","og_site_name":"Sotrender Blog","article_publisher":"https:\/\/www.facebook.com\/Sotrender","article_published_time":"2013-10-03T11:26:43+00:00","article_modified_time":"2017-04-13T14:12:46+00:00","og_image":[{"url":"https:\/\/www.sotrender.com\/blog\/wp-content\/uploads\/2013\/10\/buciki-231x300.jpg"}],"author":"Aleksandra Prejs","twitter_card":"summary_large_image","twitter_creator":"@Sotrender","twitter_site":"@Sotrender","twitter_misc":{"Written by":"Aleksandra Prejs","Est. reading time":"5 minutes"},"schema":{"@context":"https:\/\/schema.org","@graph":[{"@type":"WebPage","@id":"https:\/\/www.sotrender.com\/blog\/pl\/2013\/10\/fanpage-trends-wrzesien\/","url":"https:\/\/www.sotrender.com\/blog\/pl\/2013\/10\/fanpage-trends-wrzesien\/","name":"Fanpage Trends - Wrzesien 2013","isPartOf":{"@id":"https:\/\/www.sotrender.com\/blog\/#website"},"primaryImageOfPage":{"@id":"https:\/\/www.sotrender.com\/blog\/pl\/2013\/10\/fanpage-trends-wrzesien\/#primaryimage"},"image":{"@id":"https:\/\/www.sotrender.com\/blog\/pl\/2013\/10\/fanpage-trends-wrzesien\/#primaryimage"},"thumbnailUrl":"https:\/\/www.sotrender.com\/blog\/wp-content\/uploads\/2013\/10\/buciki-231x300.jpg","datePublished":"2013-10-03T11:26:43+00:00","dateModified":"2017-04-13T14:12:46+00:00","author":{"@id":"https:\/\/www.sotrender.com\/blog\/#\/schema\/person\/7106df62825269bc360ad9171cd7149b"},"description":"Prezentujemy nowe Fanpage Trends, a w nich zmiany w kategoriach, zamaszysty Lewandowski i buciki, kt\u00f3re spowodowa\u0142y prawdziwe trz\u0119sienie ziemi w rankingach!","breadcrumb":{"@id":"https:\/\/www.sotrender.com\/blog\/pl\/2013\/10\/fanpage-trends-wrzesien\/#breadcrumb"},"inLanguage":"pl-PL","potentialAction":[{"@type":"ReadAction","target":["https:\/\/www.sotrender.com\/blog\/pl\/2013\/10\/fanpage-trends-wrzesien\/"]}]},{"@type":"ImageObject","inLanguage":"pl-PL","@id":"https:\/\/www.sotrender.com\/blog\/pl\/2013\/10\/fanpage-trends-wrzesien\/#primaryimage","url":"https:\/\/www.sotrender.com\/blog\/wp-content\/uploads\/2013\/10\/buciki-231x300.jpg","contentUrl":"https:\/\/www.sotrender.com\/blog\/wp-content\/uploads\/2013\/10\/buciki-231x300.jpg"},{"@type":"BreadcrumbList","@id":"https:\/\/www.sotrender.com\/blog\/pl\/2013\/10\/fanpage-trends-wrzesien\/#breadcrumb","itemListElement":[{"@type":"ListItem","position":1,"name":"Home","item":"https:\/\/www.sotrender.com\/blog\/"},{"@type":"ListItem","position":2,"name":"Fanpage Trends Wrzesie\u0144 2013, cieplutkie niczym malinowa herbatka"}]},{"@type":"WebSite","@id":"https:\/\/www.sotrender.com\/blog\/#website","url":"https:\/\/www.sotrender.com\/blog\/","name":"Sotrender Blog","description":"","potentialAction":[{"@type":"SearchAction","target":{"@type":"EntryPoint","urlTemplate":"https:\/\/www.sotrender.com\/blog\/?s={search_term_string}"},"query-input":"required name=search_term_string"}],"inLanguage":"pl-PL"},{"@type":"Person","@id":"https:\/\/www.sotrender.com\/blog\/#\/schema\/person\/7106df62825269bc360ad9171cd7149b","name":"Aleksandra Prejs","image":{"@type":"ImageObject","inLanguage":"pl-PL","@id":"https:\/\/www.sotrender.com\/blog\/#\/schema\/person\/image\/","url":"https:\/\/secure.gravatar.com\/avatar\/469000454b77ff0aacb32c49dba023be?s=96&d=mm&r=g","contentUrl":"https:\/\/secure.gravatar.com\/avatar\/469000454b77ff0aacb32c49dba023be?s=96&d=mm&r=g","caption":"Aleksandra Prejs"},"url":"https:\/\/www.sotrender.com\/blog\/pl\/author\/aleksandra-prejs\/"}]}},"_links":{"self":[{"href":"https:\/\/www.sotrender.com\/blog\/pl\/wp-json\/wp\/v2\/posts\/9255"}],"collection":[{"href":"https:\/\/www.sotrender.com\/blog\/pl\/wp-json\/wp\/v2\/posts"}],"about":[{"href":"https:\/\/www.sotrender.com\/blog\/pl\/wp-json\/wp\/v2\/types\/post"}],"author":[{"embeddable":true,"href":"https:\/\/www.sotrender.com\/blog\/pl\/wp-json\/wp\/v2\/users\/31"}],"replies":[{"embeddable":true,"href":"https:\/\/www.sotrender.com\/blog\/pl\/wp-json\/wp\/v2\/comments?post=9255"}],"version-history":[{"count":19,"href":"https:\/\/www.sotrender.com\/blog\/pl\/wp-json\/wp\/v2\/posts\/9255\/revisions"}],"predecessor-version":[{"id":26647,"href":"https:\/\/www.sotrender.com\/blog\/pl\/wp-json\/wp\/v2\/posts\/9255\/revisions\/26647"}],"wp:attachment":[{"href":"https:\/\/www.sotrender.com\/blog\/pl\/wp-json\/wp\/v2\/media?parent=9255"}],"wp:term":[{"taxonomy":"category","embeddable":true,"href":"https:\/\/www.sotrender.com\/blog\/pl\/wp-json\/wp\/v2\/categories?post=9255"},{"taxonomy":"post_tag","embeddable":true,"href":"https:\/\/www.sotrender.com\/blog\/pl\/wp-json\/wp\/v2\/tags?post=9255"}],"curies":[{"name":"wp","href":"https:\/\/api.w.org\/{rel}","templated":true}]}}