{"id":9073,"date":"2013-09-17T10:37:27","date_gmt":"2013-09-17T09:37:27","guid":{"rendered":"http:\/\/blog.sotrender.com\/?p=9073"},"modified":"2017-04-13T16:16:40","modified_gmt":"2017-04-13T14:16:40","slug":"regiony_na_facebooku","status":"publish","type":"post","link":"https:\/\/www.sotrender.com\/blog\/pl\/2013\/09\/regiony_na_facebooku\/","title":{"rendered":"Regiony na Facebooku &#8211; jak si\u0119 promuj\u0105?"},"content":{"rendered":"<p>Wakacje ju\u017c za nami, ale na przek\u00f3r jesiennej aurze panuj\u0105cej za oknem, postanowili\u015bmy wr\u00f3ci\u0107 jeszcze na chwil\u0119 do letniej tematyki. Tym razem <a title=\"Przejd\u017a do strony\" href=\"http:\/\/www.sotrender.com\/resources\/pl\/reports\" target=\"_blank\">Sotrender Research Team<\/a>\u00a0sprawdzi\u0142, jak na Facebooku swoj\u0105 komunikacj\u0119 prowadz\u0105 regiony. Kt\u00f3rej ze stron uda\u0142o si\u0119 w okresie wakacyjnym zaanga\u017cowa\u0107 najwi\u0119ksz\u0105 liczb\u0119 u\u017cytkownik\u00f3w, a kt\u00f3ry z region\u00f3w opublikowa\u0142 najbardziej interaktywny post?<\/p>\n<p><!--more--><\/p>\n<p>&nbsp;<\/p>\n<p>Wakacje to okres wzmo\u017conej aktywno\u015bci region\u00f3w, kt\u00f3re, podobnie jak miasta, doceniaj\u0105 powoli zalety promocji za po\u015brednictwem serwis\u00f3w spo\u0142eczno\u015bciowych. W trakcie dw\u00f3ch tylko wakacyjnych miesi\u0119cy, czyli lipca i sierpnia, 20 analizowanych przez nas stron opublikowa\u0142o \u0142\u0105cznie 1394 wpisy, co daje \u015brednio niemal 35 wpis\u00f3w opublikowanych przez regiony w ci\u0105gu miesi\u0105ca. Wzmo\u017con\u0105 aktywno\u015b\u0107 profile region\u00f3w odnotowa\u0142y w lipcu, kiedy na stronach umieszczonych zosta\u0142o \u0142\u0105cznie 790 wpis\u00f3w, o 186 status\u00f3w wi\u0119cej ni\u017c w sierpniu.<\/p>\n<h2>Regiony w wakacje organizuj\u0105 #konkursy<\/h2>\n<p>Jak wida\u0107 z poni\u017cszej chmury s\u0142\u00f3w najch\u0119tniej u\u017cywanych przez administrator\u00f3w, wpisy publikowane przez profile po\u015bwi\u0119cone regionom koncentrowa\u0142y si\u0119 wok\u00f3\u0142 tematyki wakacyjno-wyjazdowej. Najcz\u0119\u015bciej we wpisach pojawia\u0142o si\u0119 s\u0142owo &#8220;Zapraszamy&#8221;, a tak\u017ce nazwy letnich miesi\u0119cy, jak r\u00f3wnie\u017c s\u0142owo &#8220;weekend&#8221;, &#8220;festiwal&#8221; czy &#8220;informacji&#8221;.<\/p>\n<div id=\"attachment_9081\" style=\"width: 837px\" class=\"wp-caption aligncenter\"><a href=\"https:\/\/www.sotrender.com\/blog\/wp-content\/uploads\/2013\/09\/regio_posty_page.png\"><img loading=\"lazy\" decoding=\"async\" aria-describedby=\"caption-attachment-9081\" class=\"size-full wp-image-9081\" src=\"https:\/\/www.sotrender.com\/blog\/wp-content\/uploads\/2013\/09\/regio_posty_page.png\" alt=\"S\u0142owa najcz\u0119\u015bciej pojawiaj\u0105ce si\u0119 w opisach na profilach regionalnych w okresie wakacyjnym\" width=\"827\" height=\"454\" srcset=\"https:\/\/www.sotrender.com\/blog\/wp-content\/uploads\/2013\/09\/regio_posty_page.png 827w, https:\/\/www.sotrender.com\/blog\/wp-content\/uploads\/2013\/09\/regio_posty_page-475x261.png 475w, https:\/\/www.sotrender.com\/blog\/wp-content\/uploads\/2013\/09\/regio_posty_page-768x422.png 768w, https:\/\/www.sotrender.com\/blog\/wp-content\/uploads\/2013\/09\/regio_posty_page-600x329.png 600w\" sizes=\"(max-width: 827px) 100vw, 827px\" \/><\/a><p id=\"caption-attachment-9081\" class=\"wp-caption-text\">S\u0142owa najcz\u0119\u015bciej pojawiaj\u0105ce si\u0119 w opisach na profilach regionalnych w okresie wakacyjnym<\/p><\/div>\n<p dir=\"ltr\">W podobnej konwencji utrzymane s\u0105 r\u00f3wnie\u017c najch\u0119tniej u\u017cywane hastagi. Najpopularniejsze z nich to #konkurs, kt\u00f3rego u\u017cyto 24 razy, #pswpoleca, wykorzystany 20 razy oraz #psw, kt\u00f3ry w ci\u0105gu dw\u00f3ch letnich miesi\u0119cy pojawi\u0142 si\u0119 w postach 18 razy. Warto zauwa\u017cy\u0107, \u017ce dwa ostatnie by\u0142y wykorzystywane przez jeden fanpage, a mianowicie <a title=\"Zobacz profil\" href=\"https:\/\/www.facebook.com\/podkarpackastrefawrazen\" target=\"_blank\">Podkarpack\u0105 Stref\u0119 Wra\u017ce\u0144<\/a>.<\/p>\n<p><a href=\"https:\/\/www.sotrender.com\/blog\/wp-content\/uploads\/2013\/09\/regio_hashe.png\"><img loading=\"lazy\" decoding=\"async\" class=\" wp-image-9079 \" src=\"https:\/\/www.sotrender.com\/blog\/wp-content\/uploads\/2013\/09\/regio_hashe.png\" alt=\"Hashtagi najcz\u0119\u015bciej wykorzystywane przez regiony w okresie wakacyjnym\" width=\"832\" height=\"409\" srcset=\"https:\/\/www.sotrender.com\/blog\/wp-content\/uploads\/2013\/09\/regio_hashe.png 832w, https:\/\/www.sotrender.com\/blog\/wp-content\/uploads\/2013\/09\/regio_hashe-475x234.png 475w, https:\/\/www.sotrender.com\/blog\/wp-content\/uploads\/2013\/09\/regio_hashe-768x378.png 768w, https:\/\/www.sotrender.com\/blog\/wp-content\/uploads\/2013\/09\/regio_hashe-600x295.png 600w\" sizes=\"(max-width: 832px) 100vw, 832px\" \/><\/a><\/p>\n<p>Hashtagi najcz\u0119\u015bciej wykorzystywane na profilach po\u015bwi\u0119conych regionom w okresie wakacyjnymCo ciekawe, najbardziej interaktywny post wcale nie zosta\u0142 opublikowany ani przez jeden z pierwszej tr\u00f3jki najbardziej anga\u017cuj\u0105cych ani interaktywnych profili regionalnych. \u00a0Jego autorem by\u0142 profil, kt\u00f3ry w rankingu pod wzgl\u0119dem <a title=\"Przeczytaj wi\u0119cej o wska\u017aniku\" href=\"https:\/\/www.sotrender.com\/blog\/pl\/2013\/07\/zaangazowanie-facebook\/\" target=\"_blank\">Interactivity Index<\/a>, czyli autorskiego wska\u017anika Sotrendera zliczaj\u0105cego wszystkie aktywno\u015bci dziej\u0105ce si\u0119 w obr\u0119bie fanpage\u2019a, uplasowa\u0142 si\u0119 na pozycji 7., czyli <a title=\"Zobacz profil\" href=\"https:\/\/www.facebook.com\/swietokrzyskie\" target=\"_blank\">\u015awi\u0119tokrzyskie<\/a>. Interactivity Index tego postu wynios\u0142o 4357.<\/p>\n<div id=\"attachment_9083\" style=\"width: 559px\" class=\"wp-caption aligncenter\"><a href=\"https:\/\/www.sotrender.com\/blog\/wp-content\/uploads\/2013\/09\/1-best-post.jpg\"><img loading=\"lazy\" decoding=\"async\" aria-describedby=\"caption-attachment-9083\" class=\" wp-image-9083 \" src=\"https:\/\/www.sotrender.com\/blog\/wp-content\/uploads\/2013\/09\/1-best-post.jpg\" alt=\"Najbardziej interaktywny post opublikowany w okresie wakacyjnym przez regiony\" width=\"549\" height=\"563\" srcset=\"https:\/\/www.sotrender.com\/blog\/wp-content\/uploads\/2013\/09\/1-best-post.jpg 549w, https:\/\/www.sotrender.com\/blog\/wp-content\/uploads\/2013\/09\/1-best-post-475x487.jpg 475w\" sizes=\"(max-width: 549px) 100vw, 549px\" \/><\/a><p id=\"caption-attachment-9083\" class=\"wp-caption-text\">Najbardziej interaktywny post opublikowany w okresie wakacyjnym przez regiony<\/p><\/div>\n<p dir=\"ltr\">Autorem drugiego najbardziej interaktywnego wpisu, kt\u00f3rego Interactivity Index wynios\u0142o 3003 by\u0142a <a title=\"Zobacz profil\" href=\"https:\/\/www.facebook.com\/lubiemalopolske\" target=\"_blank\">Ma\u0142opolska<\/a>. Profil <a title=\"Zobacz profil\" href=\"https:\/\/www.facebook.com\/pages\/Mazury-Cud-Natury-Masuria-The-Wonder-Of-Nature\/359379447493\" target=\"_blank\">Mazury Cud Natury<\/a> opublikowa\u0142 dopiero trzeci post o najwy\u017cszym Interactivity Index w analizowanym okresie, wynosz\u0105cym 2843.<\/p>\n<div id=\"attachment_9085\" style=\"width: 549px\" class=\"wp-caption aligncenter\"><a href=\"https:\/\/www.sotrender.com\/blog\/wp-content\/uploads\/2013\/09\/drugi-best-post.jpg\"><img loading=\"lazy\" decoding=\"async\" aria-describedby=\"caption-attachment-9085\" class=\"size-full wp-image-9085\" src=\"https:\/\/www.sotrender.com\/blog\/wp-content\/uploads\/2013\/09\/drugi-best-post.jpg\" alt=\"Drugi najbardziej interaktywny post opublikowany w okresie wakacyjnym przez strony regionalne\" width=\"539\" height=\"552\" srcset=\"https:\/\/www.sotrender.com\/blog\/wp-content\/uploads\/2013\/09\/drugi-best-post.jpg 539w, https:\/\/www.sotrender.com\/blog\/wp-content\/uploads\/2013\/09\/drugi-best-post-475x486.jpg 475w\" sizes=\"(max-width: 539px) 100vw, 539px\" \/><\/a><p id=\"caption-attachment-9085\" class=\"wp-caption-text\">Drugi najbardziej interaktywny post opublikowany w okresie wakacyjnym przez strony regionalne<\/p><\/div>\n<div id=\"attachment_9087\" style=\"width: 549px\" class=\"wp-caption aligncenter\"><a href=\"https:\/\/www.sotrender.com\/blog\/wp-content\/uploads\/2013\/09\/3-best-post.jpg\"><img loading=\"lazy\" decoding=\"async\" aria-describedby=\"caption-attachment-9087\" class=\"size-full wp-image-9087\" src=\"https:\/\/www.sotrender.com\/blog\/wp-content\/uploads\/2013\/09\/3-best-post.jpg\" alt=\"Trzeci najbardziej interaktywny post opublikowany w okresie wakacyjnym przez strony regionalne\" width=\"539\" height=\"505\" srcset=\"https:\/\/www.sotrender.com\/blog\/wp-content\/uploads\/2013\/09\/3-best-post.jpg 539w, https:\/\/www.sotrender.com\/blog\/wp-content\/uploads\/2013\/09\/3-best-post-475x445.jpg 475w\" sizes=\"(max-width: 539px) 100vw, 539px\" \/><\/a><p id=\"caption-attachment-9087\" class=\"wp-caption-text\">Trzeci najbardziej interaktywny post opublikowany w okresie wakacyjnym przez strony regionalne<\/p><\/div>\n<h2 dir=\"ltr\">Polacy wol\u0105 jeziora<\/h2>\n<p>Zdecydowanym faworytem w\u015br\u00f3d region\u00f3w s\u0105 w\u0142a\u015bnie Mazury. Po\u015bwi\u0119cony im profil <a title=\"Zobacz profil\" href=\"https:\/\/www.facebook.com\/pages\/Mazury-Cud-Natury-Masuria-The-Wonder-Of-Nature\/359379447493\" target=\"_blank\">Mazury Cud Natury<\/a>, kt\u00f3rego popularno\u015b\u0107 znacznie wzros\u0142a w efekcie kampanii promuj\u0105cej Krain\u0119 Wielkich Jezior Mazurskich, zajmuje pierwsz\u0105 pozycj\u0119 zar\u00f3wno w rankingu pod wzgl\u0119dem liczby fan\u00f3w i jej zmiany, jak r\u00f3wnie\u017c zaanga\u017cowania u\u017cytkownik\u00f3w. Za Mazurami w obu rankingach uplasowa\u0142y si\u0119 <a title=\"Zobacz profil\" href=\"https:\/\/www.facebook.com\/pages\/Bieszczady\/59878703372\" target=\"_blank\">Bieszczady<\/a> i <a title=\"Zobacz profil\" href=\"https:\/\/www.facebook.com\/lubiemalopolske?ref=br_tf\" target=\"_blank\">Ma\u0142opolska<\/a>, kt\u00f3re jednak wyprzedzi\u0142y wielkie jeziora rankingu opartego na Interactivity Index.<\/p>\n<div id=\"attachment_9091\" style=\"width: 778px\" class=\"wp-caption aligncenter\"><a href=\"https:\/\/www.sotrender.com\/blog\/wp-content\/uploads\/2013\/09\/regio_fani.png\"><img loading=\"lazy\" decoding=\"async\" aria-describedby=\"caption-attachment-9091\" class=\"size-full wp-image-9091\" src=\"https:\/\/www.sotrender.com\/blog\/wp-content\/uploads\/2013\/09\/regio_fani.png\" alt=\"Liczba fan\u00f3w profili regionalnych i jej zmiana w okresie wakacyjnym\" width=\"768\" height=\"864\" srcset=\"https:\/\/www.sotrender.com\/blog\/wp-content\/uploads\/2013\/09\/regio_fani.png 768w, https:\/\/www.sotrender.com\/blog\/wp-content\/uploads\/2013\/09\/regio_fani-475x534.png 475w, https:\/\/www.sotrender.com\/blog\/wp-content\/uploads\/2013\/09\/regio_fani-600x675.png 600w\" sizes=\"(max-width: 768px) 100vw, 768px\" \/><\/a><p id=\"caption-attachment-9091\" class=\"wp-caption-text\">Liczba fan\u00f3w profili regionalnych i jej zmiana w okresie wakacyjnym<\/p><\/div>\n<p dir=\"ltr\">Jak wida\u0107 na powy\u017cszym wykresie, Mazury i Bieszczady pod wzgl\u0119dem liczby fan\u00f3w zostawiaj\u0105 daleko w tyle goni\u0105ce je strony po\u015bwi\u0119cone Ma\u0142opolsce oraz Podkarpackiej Strefie Wra\u017ce\u0144. Profil Ma\u0142opolski radzi sobie jednak bardzo dobrze, bo chocia\u017c sporo brakuje mu do pierwszej dw\u00f3jki, to w ci\u0105gu dw\u00f3ch miesi\u0119cy zanotowa\u0142a pi\u0119ciokrotnie wy\u017cszy wzrost fan\u00f3w, kt\u00f3rych liczba wzros\u0142a o 53%.<\/p>\n<p dir=\"ltr\">Chocia\u017c w poni\u017cszym rankingu Mazury i Bieszczady przoduj\u0105, ich procent zaanga\u017cowanych jest poni\u017cej \u015bredniej dla analizowanych profili. Z kolei Ma\u0142opolska i <a title=\"Zobacz profil\" href=\"https:\/\/www.facebook.com\/Sudety\" target=\"_blank\">Sudety<\/a>, kt\u00f3re zajmuj\u0105 kolejne miejsca, maj\u0105 znacznie wy\u017cszy procent zaanga\u017cowanych fan\u00f3w.<\/p>\n<div id=\"attachment_9093\" style=\"width: 778px\" class=\"wp-caption aligncenter\"><a href=\"https:\/\/www.sotrender.com\/blog\/wp-content\/uploads\/2013\/09\/regio_zaanga\u017cowani.png\"><img loading=\"lazy\" decoding=\"async\" aria-describedby=\"caption-attachment-9093\" class=\"size-full wp-image-9093\" src=\"https:\/\/www.sotrender.com\/blog\/wp-content\/uploads\/2013\/09\/regio_zaanga\u017cowani.png\" alt=\"Zaanga\u017cowanie u\u017cytkownik\u00f3w na profilach regionalnych w okresie wakacyjnym\" width=\"768\" height=\"864\" srcset=\"https:\/\/www.sotrender.com\/blog\/wp-content\/uploads\/2013\/09\/regio_zaanga\u017cowani.png 768w, https:\/\/www.sotrender.com\/blog\/wp-content\/uploads\/2013\/09\/regio_zaanga\u017cowani-475x534.png 475w, https:\/\/www.sotrender.com\/blog\/wp-content\/uploads\/2013\/09\/regio_zaanga\u017cowani-600x675.png 600w\" sizes=\"(max-width: 768px) 100vw, 768px\" \/><\/a><p id=\"caption-attachment-9093\" class=\"wp-caption-text\">Zaanga\u017cowanie u\u017cytkownik\u00f3w na profilach regionalnych w okresie wakacyjnym<\/p><\/div>\n<p dir=\"ltr\">Natomiast pod wzgl\u0119dem Interactivity Index, \u00a0Bieszczady niemal dwukrotnie wyprzedzi\u0142y zar\u00f3wno Ma\u0142opolsk\u0119, jak i Mazury. Warto zauwa\u017cy\u0107, \u017ce bardzo wysoki wska\u017anik Relative Interactivity odnotowa\u0142y Sudety oraz profil <a title=\"Zobacz profil\" href=\"https:\/\/www.facebook.com\/pages\/Smakuj-Lubelskie\/501539983241133\" target=\"_blank\">Smakuj Lubelskie<\/a>, co \u015bwiadczy o tym, \u017ce wymienione strony mog\u0105 pochwali\u0107 si\u0119 bardzo aktywnymi fanami.<\/p>\n<div id=\"attachment_9095\" style=\"width: 699px\" class=\"wp-caption aligncenter\"><a href=\"https:\/\/www.sotrender.com\/blog\/wp-content\/uploads\/2013\/09\/regio_ini.png\"><img loading=\"lazy\" decoding=\"async\" aria-describedby=\"caption-attachment-9095\" class=\"size-full wp-image-9095\" src=\"https:\/\/www.sotrender.com\/blog\/wp-content\/uploads\/2013\/09\/regio_ini.png\" alt=\"Interactivity Index profili regionalnych w okresie wakacyjnym\" width=\"689\" height=\"776\" srcset=\"https:\/\/www.sotrender.com\/blog\/wp-content\/uploads\/2013\/09\/regio_ini.png 689w, https:\/\/www.sotrender.com\/blog\/wp-content\/uploads\/2013\/09\/regio_ini-475x535.png 475w, https:\/\/www.sotrender.com\/blog\/wp-content\/uploads\/2013\/09\/regio_ini-600x676.png 600w\" sizes=\"(max-width: 689px) 100vw, 689px\" \/><\/a><p id=\"caption-attachment-9095\" class=\"wp-caption-text\">Interactivity Index profili regionalnych w okresie wakacyjnym<\/p><\/div>\n<p>Na poni\u017cszym wykresie przedstawili\u015bmy natomiast wsp\u00f3\u0142aktywno\u015bci fan\u00f3w poszczeg\u00f3lnych profili. Najwi\u0119cej wsp\u00f3\u0142aktywnych fan\u00f3w zanotowa\u0142 profil Bieszczady &#8211; zar\u00f3wno z g\u00f3rzystymi Sudetami, jak i odmiennymi krajobrazowo &#8211; Mazurami. Du\u017c\u0105 wsp\u00f3\u0142aktywno\u015b\u0107 notuj\u0105 r\u00f3wnie\u017c strony z tego samego regionu. W przypadku Podkarpacia s\u0105 to <a title=\"Zobacz profil\" href=\"https:\/\/www.facebook.com\/podkarpackie.przestrzen.otwarta\" target=\"_blank\">Podkarpacie &#8211; Przestrze\u0144 Otwarta<\/a> oraz Podkarpacka Strefa Wra\u017ce\u0144, a tak\u017ce na Podlasiu &#8211; mi\u0119dzy profilami Podlaskie Bogactwo R\u00f3\u017cnorodno\u015bci i I <a title=\"Zobacz profil\" href=\"https:\/\/www.facebook.com\/pages\/I-love-Podlasie\/154369347940664\" target=\"_blank\">love Podlasie<\/a>.<\/p>\n<div id=\"attachment_9097\" style=\"width: 810px\" class=\"wp-caption aligncenter\"><a href=\"https:\/\/www.sotrender.com\/blog\/wp-content\/uploads\/2013\/09\/regio_siec.png\"><img loading=\"lazy\" decoding=\"async\" aria-describedby=\"caption-attachment-9097\" class=\"size-full wp-image-9097\" src=\"https:\/\/www.sotrender.com\/blog\/wp-content\/uploads\/2013\/09\/regio_siec.png\" alt=\"Wsp\u00f3\u0142aktywno\u015b\u0107 fan\u00f3w stron po\u015bwi\u0119conych regionom w okresie wakacyjnym\" width=\"800\" height=\"800\" srcset=\"https:\/\/www.sotrender.com\/blog\/wp-content\/uploads\/2013\/09\/regio_siec.png 800w, https:\/\/www.sotrender.com\/blog\/wp-content\/uploads\/2013\/09\/regio_siec-475x475.png 475w, https:\/\/www.sotrender.com\/blog\/wp-content\/uploads\/2013\/09\/regio_siec-768x768.png 768w, https:\/\/www.sotrender.com\/blog\/wp-content\/uploads\/2013\/09\/regio_siec-600x600.png 600w, https:\/\/www.sotrender.com\/blog\/wp-content\/uploads\/2013\/09\/regio_siec-80x80.png 80w\" sizes=\"(max-width: 800px) 100vw, 800px\" \/><\/a><p id=\"caption-attachment-9097\" class=\"wp-caption-text\">Wsp\u00f3\u0142aktywno\u015b\u0107 fan\u00f3w stron po\u015bwi\u0119conych regionom w okresie wakacyjnym<\/p><\/div>\n<p><a title=\"Zobacz stron\u0119\" href=\"http:\/\/www.sotrender.pl\/\" target=\"_blank\">Sotrender<\/a> przeanalizowa\u0142 1394 wpisy opublikowane przez 20 profili po\u015bwi\u0119conych regionom w okresie od 1 lipca do 31 sierpnia. 2013 r.<\/p>\n","protected":false},"excerpt":{"rendered":"<p>Wakacje ju\u017c za nami, ale na przek\u00f3r jesiennej aurze panuj\u0105cej za oknem, postanowili\u015bmy wr\u00f3ci\u0107 jeszcze na chwil\u0119 do letniej tematyki. Tym razem Sotrender Research Team\u00a0sprawdzi\u0142, jak na Facebooku swoj\u0105 komunikacj\u0119 prowadz\u0105 regiony. Kt\u00f3rej ze stron uda\u0142o si\u0119 w okresie wakacyjnym zaanga\u017cowa\u0107 najwi\u0119ksz\u0105 liczb\u0119 u\u017cytkownik\u00f3w, a kt\u00f3ry z region\u00f3w opublikowa\u0142 najbardziej interaktywny post?<\/p>\n","protected":false},"author":31,"featured_media":0,"comment_status":"open","ping_status":"open","sticky":false,"template":"","format":"standard","meta":{"inline_featured_image":false,"footnotes":""},"categories":[1793,1797],"tags":[7,17,409,551,675],"yoast_head":"<!-- This site is optimized with the Yoast SEO plugin v22.4 - https:\/\/yoast.com\/wordpress\/plugins\/seo\/ -->\n<title>Regiony na Facebooku - jak si\u0119 promuj\u0105? Przeczytaj najnowsz\u0105 analiz\u0119.<\/title>\n<meta name=\"description\" content=\"Kt\u00f3re regiony zaanga\u017cowa\u0142y w okresie wakacyjnym najwi\u0119cej u\u017cytkownik\u00f3w a kt\u00f3re opublikowa\u0142y najlepsze posty? Przeczytaj analiz\u0119 Sotrender Research Team.\" \/>\n<meta name=\"robots\" content=\"index, follow, max-snippet:-1, max-image-preview:large, max-video-preview:-1\" \/>\n<link rel=\"canonical\" href=\"https:\/\/www.sotrender.com\/blog\/pl\/2013\/09\/regiony_na_facebooku\/\" \/>\n<meta property=\"og:locale\" content=\"pl_PL\" \/>\n<meta property=\"og:type\" content=\"article\" \/>\n<meta property=\"og:title\" content=\"Regiony na Facebooku - jak si\u0119 promuj\u0105? Przeczytaj najnowsz\u0105 analiz\u0119.\" \/>\n<meta property=\"og:description\" content=\"Kt\u00f3re regiony zaanga\u017cowa\u0142y w okresie wakacyjnym najwi\u0119cej u\u017cytkownik\u00f3w a kt\u00f3re opublikowa\u0142y najlepsze posty? Przeczytaj analiz\u0119 Sotrender Research Team.\" \/>\n<meta property=\"og:url\" content=\"https:\/\/www.sotrender.com\/blog\/pl\/2013\/09\/regiony_na_facebooku\/\" \/>\n<meta property=\"og:site_name\" content=\"Sotrender Blog\" \/>\n<meta property=\"article:publisher\" content=\"https:\/\/www.facebook.com\/Sotrender\" \/>\n<meta property=\"article:published_time\" content=\"2013-09-17T09:37:27+00:00\" \/>\n<meta property=\"article:modified_time\" content=\"2017-04-13T14:16:40+00:00\" \/>\n<meta property=\"og:image\" content=\"https:\/\/www.sotrender.com\/blog\/wp-content\/uploads\/2013\/09\/regio_posty_page.png\" \/>\n<meta name=\"author\" content=\"Aleksandra Prejs\" \/>\n<meta name=\"twitter:card\" content=\"summary_large_image\" \/>\n<meta name=\"twitter:creator\" content=\"@Sotrender\" \/>\n<meta name=\"twitter:site\" content=\"@Sotrender\" \/>\n<meta name=\"twitter:label1\" content=\"Written by\" \/>\n\t<meta name=\"twitter:data1\" content=\"Aleksandra Prejs\" \/>\n\t<meta name=\"twitter:label2\" content=\"Est. reading time\" \/>\n\t<meta name=\"twitter:data2\" content=\"4 minutes\" \/>\n<script type=\"application\/ld+json\" class=\"yoast-schema-graph\">{\"@context\":\"https:\/\/schema.org\",\"@graph\":[{\"@type\":\"WebPage\",\"@id\":\"https:\/\/www.sotrender.com\/blog\/pl\/2013\/09\/regiony_na_facebooku\/\",\"url\":\"https:\/\/www.sotrender.com\/blog\/pl\/2013\/09\/regiony_na_facebooku\/\",\"name\":\"Regiony na Facebooku - jak si\u0119 promuj\u0105? Przeczytaj najnowsz\u0105 analiz\u0119.\",\"isPartOf\":{\"@id\":\"https:\/\/www.sotrender.com\/blog\/#website\"},\"primaryImageOfPage\":{\"@id\":\"https:\/\/www.sotrender.com\/blog\/pl\/2013\/09\/regiony_na_facebooku\/#primaryimage\"},\"image\":{\"@id\":\"https:\/\/www.sotrender.com\/blog\/pl\/2013\/09\/regiony_na_facebooku\/#primaryimage\"},\"thumbnailUrl\":\"https:\/\/www.sotrender.com\/blog\/wp-content\/uploads\/2013\/09\/regio_posty_page.png\",\"datePublished\":\"2013-09-17T09:37:27+00:00\",\"dateModified\":\"2017-04-13T14:16:40+00:00\",\"author\":{\"@id\":\"https:\/\/www.sotrender.com\/blog\/#\/schema\/person\/7106df62825269bc360ad9171cd7149b\"},\"description\":\"Kt\u00f3re regiony zaanga\u017cowa\u0142y w okresie wakacyjnym najwi\u0119cej u\u017cytkownik\u00f3w a kt\u00f3re opublikowa\u0142y najlepsze posty? Przeczytaj analiz\u0119 Sotrender Research Team.\",\"breadcrumb\":{\"@id\":\"https:\/\/www.sotrender.com\/blog\/pl\/2013\/09\/regiony_na_facebooku\/#breadcrumb\"},\"inLanguage\":\"pl-PL\",\"potentialAction\":[{\"@type\":\"ReadAction\",\"target\":[\"https:\/\/www.sotrender.com\/blog\/pl\/2013\/09\/regiony_na_facebooku\/\"]}]},{\"@type\":\"ImageObject\",\"inLanguage\":\"pl-PL\",\"@id\":\"https:\/\/www.sotrender.com\/blog\/pl\/2013\/09\/regiony_na_facebooku\/#primaryimage\",\"url\":\"https:\/\/www.sotrender.com\/blog\/wp-content\/uploads\/2013\/09\/regio_posty_page.png\",\"contentUrl\":\"https:\/\/www.sotrender.com\/blog\/wp-content\/uploads\/2013\/09\/regio_posty_page.png\"},{\"@type\":\"BreadcrumbList\",\"@id\":\"https:\/\/www.sotrender.com\/blog\/pl\/2013\/09\/regiony_na_facebooku\/#breadcrumb\",\"itemListElement\":[{\"@type\":\"ListItem\",\"position\":1,\"name\":\"Home\",\"item\":\"https:\/\/www.sotrender.com\/blog\/\"},{\"@type\":\"ListItem\",\"position\":2,\"name\":\"Regiony na Facebooku &#8211; jak si\u0119 promuj\u0105?\"}]},{\"@type\":\"WebSite\",\"@id\":\"https:\/\/www.sotrender.com\/blog\/#website\",\"url\":\"https:\/\/www.sotrender.com\/blog\/\",\"name\":\"Sotrender Blog\",\"description\":\"\",\"potentialAction\":[{\"@type\":\"SearchAction\",\"target\":{\"@type\":\"EntryPoint\",\"urlTemplate\":\"https:\/\/www.sotrender.com\/blog\/?s={search_term_string}\"},\"query-input\":\"required name=search_term_string\"}],\"inLanguage\":\"pl-PL\"},{\"@type\":\"Person\",\"@id\":\"https:\/\/www.sotrender.com\/blog\/#\/schema\/person\/7106df62825269bc360ad9171cd7149b\",\"name\":\"Aleksandra Prejs\",\"image\":{\"@type\":\"ImageObject\",\"inLanguage\":\"pl-PL\",\"@id\":\"https:\/\/www.sotrender.com\/blog\/#\/schema\/person\/image\/\",\"url\":\"https:\/\/secure.gravatar.com\/avatar\/469000454b77ff0aacb32c49dba023be?s=96&d=mm&r=g\",\"contentUrl\":\"https:\/\/secure.gravatar.com\/avatar\/469000454b77ff0aacb32c49dba023be?s=96&d=mm&r=g\",\"caption\":\"Aleksandra Prejs\"},\"url\":\"https:\/\/www.sotrender.com\/blog\/pl\/author\/aleksandra-prejs\/\"}]}<\/script>\n<!-- \/ Yoast SEO plugin. -->","yoast_head_json":{"title":"Regiony na Facebooku - jak si\u0119 promuj\u0105? Przeczytaj najnowsz\u0105 analiz\u0119.","description":"Kt\u00f3re regiony zaanga\u017cowa\u0142y w okresie wakacyjnym najwi\u0119cej u\u017cytkownik\u00f3w a kt\u00f3re opublikowa\u0142y najlepsze posty? Przeczytaj analiz\u0119 Sotrender Research Team.","robots":{"index":"index","follow":"follow","max-snippet":"max-snippet:-1","max-image-preview":"max-image-preview:large","max-video-preview":"max-video-preview:-1"},"canonical":"https:\/\/www.sotrender.com\/blog\/pl\/2013\/09\/regiony_na_facebooku\/","og_locale":"pl_PL","og_type":"article","og_title":"Regiony na Facebooku - jak si\u0119 promuj\u0105? Przeczytaj najnowsz\u0105 analiz\u0119.","og_description":"Kt\u00f3re regiony zaanga\u017cowa\u0142y w okresie wakacyjnym najwi\u0119cej u\u017cytkownik\u00f3w a kt\u00f3re opublikowa\u0142y najlepsze posty? Przeczytaj analiz\u0119 Sotrender Research Team.","og_url":"https:\/\/www.sotrender.com\/blog\/pl\/2013\/09\/regiony_na_facebooku\/","og_site_name":"Sotrender Blog","article_publisher":"https:\/\/www.facebook.com\/Sotrender","article_published_time":"2013-09-17T09:37:27+00:00","article_modified_time":"2017-04-13T14:16:40+00:00","og_image":[{"url":"https:\/\/www.sotrender.com\/blog\/wp-content\/uploads\/2013\/09\/regio_posty_page.png"}],"author":"Aleksandra Prejs","twitter_card":"summary_large_image","twitter_creator":"@Sotrender","twitter_site":"@Sotrender","twitter_misc":{"Written by":"Aleksandra Prejs","Est. reading time":"4 minutes"},"schema":{"@context":"https:\/\/schema.org","@graph":[{"@type":"WebPage","@id":"https:\/\/www.sotrender.com\/blog\/pl\/2013\/09\/regiony_na_facebooku\/","url":"https:\/\/www.sotrender.com\/blog\/pl\/2013\/09\/regiony_na_facebooku\/","name":"Regiony na Facebooku - jak si\u0119 promuj\u0105? Przeczytaj najnowsz\u0105 analiz\u0119.","isPartOf":{"@id":"https:\/\/www.sotrender.com\/blog\/#website"},"primaryImageOfPage":{"@id":"https:\/\/www.sotrender.com\/blog\/pl\/2013\/09\/regiony_na_facebooku\/#primaryimage"},"image":{"@id":"https:\/\/www.sotrender.com\/blog\/pl\/2013\/09\/regiony_na_facebooku\/#primaryimage"},"thumbnailUrl":"https:\/\/www.sotrender.com\/blog\/wp-content\/uploads\/2013\/09\/regio_posty_page.png","datePublished":"2013-09-17T09:37:27+00:00","dateModified":"2017-04-13T14:16:40+00:00","author":{"@id":"https:\/\/www.sotrender.com\/blog\/#\/schema\/person\/7106df62825269bc360ad9171cd7149b"},"description":"Kt\u00f3re regiony zaanga\u017cowa\u0142y w okresie wakacyjnym najwi\u0119cej u\u017cytkownik\u00f3w a kt\u00f3re opublikowa\u0142y najlepsze posty? Przeczytaj analiz\u0119 Sotrender Research Team.","breadcrumb":{"@id":"https:\/\/www.sotrender.com\/blog\/pl\/2013\/09\/regiony_na_facebooku\/#breadcrumb"},"inLanguage":"pl-PL","potentialAction":[{"@type":"ReadAction","target":["https:\/\/www.sotrender.com\/blog\/pl\/2013\/09\/regiony_na_facebooku\/"]}]},{"@type":"ImageObject","inLanguage":"pl-PL","@id":"https:\/\/www.sotrender.com\/blog\/pl\/2013\/09\/regiony_na_facebooku\/#primaryimage","url":"https:\/\/www.sotrender.com\/blog\/wp-content\/uploads\/2013\/09\/regio_posty_page.png","contentUrl":"https:\/\/www.sotrender.com\/blog\/wp-content\/uploads\/2013\/09\/regio_posty_page.png"},{"@type":"BreadcrumbList","@id":"https:\/\/www.sotrender.com\/blog\/pl\/2013\/09\/regiony_na_facebooku\/#breadcrumb","itemListElement":[{"@type":"ListItem","position":1,"name":"Home","item":"https:\/\/www.sotrender.com\/blog\/"},{"@type":"ListItem","position":2,"name":"Regiony na Facebooku &#8211; jak si\u0119 promuj\u0105?"}]},{"@type":"WebSite","@id":"https:\/\/www.sotrender.com\/blog\/#website","url":"https:\/\/www.sotrender.com\/blog\/","name":"Sotrender Blog","description":"","potentialAction":[{"@type":"SearchAction","target":{"@type":"EntryPoint","urlTemplate":"https:\/\/www.sotrender.com\/blog\/?s={search_term_string}"},"query-input":"required name=search_term_string"}],"inLanguage":"pl-PL"},{"@type":"Person","@id":"https:\/\/www.sotrender.com\/blog\/#\/schema\/person\/7106df62825269bc360ad9171cd7149b","name":"Aleksandra Prejs","image":{"@type":"ImageObject","inLanguage":"pl-PL","@id":"https:\/\/www.sotrender.com\/blog\/#\/schema\/person\/image\/","url":"https:\/\/secure.gravatar.com\/avatar\/469000454b77ff0aacb32c49dba023be?s=96&d=mm&r=g","contentUrl":"https:\/\/secure.gravatar.com\/avatar\/469000454b77ff0aacb32c49dba023be?s=96&d=mm&r=g","caption":"Aleksandra Prejs"},"url":"https:\/\/www.sotrender.com\/blog\/pl\/author\/aleksandra-prejs\/"}]}},"_links":{"self":[{"href":"https:\/\/www.sotrender.com\/blog\/pl\/wp-json\/wp\/v2\/posts\/9073"}],"collection":[{"href":"https:\/\/www.sotrender.com\/blog\/pl\/wp-json\/wp\/v2\/posts"}],"about":[{"href":"https:\/\/www.sotrender.com\/blog\/pl\/wp-json\/wp\/v2\/types\/post"}],"author":[{"embeddable":true,"href":"https:\/\/www.sotrender.com\/blog\/pl\/wp-json\/wp\/v2\/users\/31"}],"replies":[{"embeddable":true,"href":"https:\/\/www.sotrender.com\/blog\/pl\/wp-json\/wp\/v2\/comments?post=9073"}],"version-history":[{"count":23,"href":"https:\/\/www.sotrender.com\/blog\/pl\/wp-json\/wp\/v2\/posts\/9073\/revisions"}],"predecessor-version":[{"id":26651,"href":"https:\/\/www.sotrender.com\/blog\/pl\/wp-json\/wp\/v2\/posts\/9073\/revisions\/26651"}],"wp:attachment":[{"href":"https:\/\/www.sotrender.com\/blog\/pl\/wp-json\/wp\/v2\/media?parent=9073"}],"wp:term":[{"taxonomy":"category","embeddable":true,"href":"https:\/\/www.sotrender.com\/blog\/pl\/wp-json\/wp\/v2\/categories?post=9073"},{"taxonomy":"post_tag","embeddable":true,"href":"https:\/\/www.sotrender.com\/blog\/pl\/wp-json\/wp\/v2\/tags?post=9073"}],"curies":[{"name":"wp","href":"https:\/\/api.w.org\/{rel}","templated":true}]}}