{"id":8957,"date":"2013-09-04T12:15:23","date_gmt":"2013-09-04T11:15:23","guid":{"rendered":"http:\/\/blog.sotrender.com\/?p=8957"},"modified":"2017-04-13T16:19:41","modified_gmt":"2017-04-13T14:19:41","slug":"fanpage-trends-sierpien-2013","status":"publish","type":"post","link":"https:\/\/www.sotrender.com\/blog\/pl\/2013\/09\/fanpage-trends-sierpien-2013\/","title":{"rendered":"#Fanpage Trends sierpie\u0144 2013 &#8211; na otarcie \u0142ez po ko\u0144cu wakacji"},"content":{"rendered":"<p dir=\"ltr\"><span style=\"line-height: 1.714285714; font-size: 1rem;\">Zmiany, zmiany, zmiany. Towarzyszy\u0142y <a title=\"Przejd\u017a do strony\" href=\"http:\/\/www.sotrender.pl\/fanpage-trends?hp\" target=\"_blank\">#Fanpage Trends<\/a> nieustannie przez ostatnich kilka miesi\u0119cy. Tym razem \u017cadnych zmian nie b\u0119dzie, za to postarali\u015bmy si\u0119 dopracowa\u0107 wszystkie szczeg\u00f3\u0142y tak, \u017ceby nasza nowa infografika by\u0142a jeszcze \u0142adniejsza, a sam raport czytelniejszy.\u00a0<!--more--><\/span><\/p>\n<p dir=\"ltr\">Sierpniowe wydanie rozpoczynamy od sekcji <strong>Sotrender Research Insight<\/strong>, kt\u00f3ra w ubieg\u0142ym miesi\u0105cu na sta\u0142e zago\u015bci\u0142a w naszym raporcie. Tym razem Sotrender Research Team zaj\u0105\u0142 si\u0119 wybitnie wakacyjnym tematem i przeanalizowa\u0142 wsp\u00f3\u0142aktywno\u015bci u\u017cytkownik\u00f3w zaanga\u017cowanych przez strony po\u015bwi\u0119cone letnim festiwalom muzycznym. Kt\u00f3ry z festiwali zdo\u0142a\u0142 zebra\u0107 najwi\u0119ksze grono zaanga\u017cowanych u\u017cytkownik\u00f3w? Przeczytacie w Sotrender Research Insight.<\/p>\n<h2 dir=\"ltr\">A co w #Fanpage Trends?<\/h2>\n<p dir=\"ltr\">Do pi\u0119tnastki najbardziej anga\u017cuj\u0105cych bran\u017c wkroczy\u0142y <strong>Miasta<\/strong>. Tymczasem w rankingu bran\u017c najbardziej interaktywnych du\u017cy skok zaliczy\u0142y Kluby pi\u0142karskie, kt\u00f3re przesun\u0119\u0142y si\u0119 a\u017c o 8 pozycji do przodu, co mia\u0142o zwi\u0105zek z niedawnym pocz\u0105tkiem sezonu ligowego oraz mniej lub bardziej udanymi wyst\u0119pami w europejskich pucharach. Poza tym, najwi\u0119ksza kategoria analizowana w #Fanpage Trends &#8211; <strong>Muzyka<\/strong> &#8211; przekroczy\u0142a w ubieg\u0142ym miesi\u0105cu \u0142\u0105czn\u0105 liczb\u0119 <strong>20 mln fan\u00f3w<\/strong>.<\/p>\n<p dir=\"ltr\">Pierwsza 10. najwi\u0119kszych polskich stron pozosta\u0142a w tym miesi\u0105cu niezmieniona, za to do zestawienia awansowa\u0142 <a title=\"Zobacz profil\" href=\"https:\/\/www.facebook.com\/Cropp\/?brand_redir=106290359395708\" target=\"_blank\"><strong>Cropp<\/strong><\/a>, kt\u00f3rego liczba fan\u00f3w wzros\u0142a w ubieg\u0142ym miesi\u0105cu o 3%. Wi\u0119cej dzieje si\u0119 w zestawieniu najbardziej anga\u017cuj\u0105cych profili. Skok a\u017c o 13 pozycji zaliczy\u0142 fanpage <a title=\"Zobacz profil\" href=\"https:\/\/www.facebook.com\/KochamFootball\" target=\"_blank\"><strong>Kocham Football<\/strong><\/a>, kt\u00f3ry tak wysoki awans mo\u017ce zawdzi\u0119cza\u0107 emocjom zwi\u0105zanym z niedawnym meczem Legii. Nieco mniejszy awans, bo o osiem miejsc, przypad\u0142 w udziale fanpage&#8217;owi <a title=\"Zobacz profil\" href=\"https:\/\/www.facebook.com\/Pewex\" target=\"_blank\"><strong>Pewex<\/strong><\/a>. Ten sam profil przeskoczy\u0142 o 7 miejsc do przodu r\u00f3wnie\u017c w rankingu interaktywno\u015bci oraz o 3 miejsca w rankingu liczby os\u00f3b, kt\u00f3re o tym m\u00f3wi\u0105, co dobitnie pokazuje, \u017ce Polacy t\u0119skni\u0105 za minionymi czasami. Sierpie\u0144 przyni\u00f3s\u0142 ze sob\u0105 r\u00f3wnie\u017c debiut fanpage&#8217;a <a title=\"Zobacz profil\" href=\"https:\/\/www.facebook.com\/TeMysli\" target=\"_blank\"><strong>TeMy\u015bli.pl<\/strong><\/a> w rankingu interaktywno\u015bci na wysokim, bo a\u017c 9. miejscu. Witamy TeMy\u015bli.pl oraz Cropp w pierwszych 15 ranking\u00f3w #Fanpage Trends!<\/p>\n<p><a href=\"https:\/\/www.sotrender.com\/blog\/wp-content\/uploads\/2013\/09\/ba\u015bki2.jpg\"><img loading=\"lazy\" decoding=\"async\" class=\"wp-image-8969 alignleft\" title=\"Post opublikowany w sierpniu przez Ba\u015bki\" src=\"https:\/\/www.sotrender.com\/blog\/wp-content\/uploads\/2013\/09\/ba\u015bki2-300x195.jpg\" alt=\"Post opublikowany w sierpniu przez profil Ba\u015bki \" width=\"237\" height=\"153\" \/><\/a><\/p>\n<p>Swoj\u0105 pozycj\u0119 umacniaj\u0105 <a title=\"Zobacz profil\" href=\"https:\/\/www.facebook.com\/bgzbnpparibas\/\" target=\"_blank\"><strong>Ba\u015bki z Banku BG\u017b<\/strong><\/a>, o kt\u00f3rych pisali\u015bmy w ubieg\u0142ym miesi\u0105cu. Szybko\u015b\u0107 zyskiwania przez stron\u0119 nowych fan\u00f3w co prawda nieco spad\u0142a, bo w ubieg\u0142ym miesi\u0105cu ich liczba wzros\u0142a o 39%, ale i tak pierwsze miejsce Basiek w rankingach zmiany liczby fan\u00f3w oraz liczby zaanga\u017cowanych na profilach bankowych jest zupe\u0142nie niezagro\u017cone.<\/p>\n<p>&nbsp;<\/p>\n<p><a href=\"https:\/\/www.sotrender.com\/blog\/wp-content\/uploads\/2013\/09\/ward\u0119ga.jpg\"><img loading=\"lazy\" decoding=\"async\" class=\" wp-image-8971 alignright\" src=\"https:\/\/www.sotrender.com\/blog\/wp-content\/uploads\/2013\/09\/ward\u0119ga-300x271.jpg\" alt=\"ward\u0119ga\" width=\"270\" height=\"244\" \/><\/a><\/p>\n<p>Najbardziej interaktywnym postem w sierpniu by\u0142 wpis <a title=\"Zobacz profil\" href=\"https:\/\/www.facebook.com\/sawardega\" target=\"_blank\"><strong>SA Ward\u0119gi<\/strong><\/a>, zawieraj\u0105cy film o tematyce proekologicznej. Interactivity Index materia\u0142u osi\u0105gn\u0119\u0142o warto\u015b\u0107 520 tys., dzi\u0119ki czemu wpis Ward\u0119gi sta\u0142 si\u0119 drugim postem w historii #Fanpage Trends, kt\u00f3remu uda\u0142o si\u0119 przekroczy\u0107 warto\u015b\u0107 500 tys. Interactivity Index. Wart zauwa\u017cenia jest r\u00f3wnie\u017c fakt, \u017ce w sierpniu SA Ward\u0119ga nie publikowa\u0142 charakterystycznych dla siebie \u015bmiesznych materia\u0142\u00f3w, ale skupi\u0142 si\u0119 w\u0142a\u015bnie na zamieszczaniu gotowych ju\u017c tre\u015bci.<\/p>\n<p dir=\"ltr\">Na samym pocz\u0105tku miesi\u0105ca, fanpage <a title=\"Zobacz profil\" href=\"https:\/\/www.facebook.com\/serceirozum\" target=\"_blank\"><strong>Serca i Rozumu<\/strong><\/a> zosta\u0142 pierwsz\u0105 polsk\u0105 stron\u0105, kt\u00f3ra osi\u0105gn\u0119\u0142a 2 mln fan\u00f3w. <a title=\"Zobacz film\" href=\"http:\/\/www.youtube.com\/watch?v=Zj8tnVKBSQY\" target=\"_blank\">Filmik<\/a>, kt\u00f3ry Orange przygotowa\u0142 z tej okazji zosta\u0142 wy\u015bwietlony ponad 140 tys. razy. Mo\u017cna si\u0119 spodziewa\u0107, \u017ce liczba fan\u00f3w Serca i Rozumu b\u0119dzie nadal ros\u0142a, poniewa\u017c administratorzy strony bardzo staraj\u0105 si\u0119 nad\u0105\u017ca\u0107 za pojawiaj\u0105cymi si\u0119 w internecie trendami tak, by trafia\u0107 w gusta u\u017cytkownik\u00f3w fanpage\u2019a. \u015awiadczy o tym chocia\u017cby niedawne wykorzystanie w komunikacji nawi\u0105zania do popularnego ostatnio profilu <a title=\"Zobacz profil\" href=\"https:\/\/www.facebook.com\/piesel.wow\" target=\"_blank\"><strong>Piese\u0142<\/strong><\/a>, kt\u00f3rym jeszcze wcze\u015bniej od Serca i Rozumu zainspirowa\u0142 si\u0119 fanpage <a title=\"Zobacz profil\" href=\"https:\/\/www.facebook.com\/Grzeski\" target=\"_blank\"><strong>Grze\u015bk\u00f3w<\/strong><\/a>. Wow.<\/p>\n<p>\u00a0<a href=\"https:\/\/www.sotrender.com\/blog\/wp-content\/uploads\/2013\/09\/serczose\u0142.jpg\"><img loading=\"lazy\" decoding=\"async\" class=\"alignnone size-medium wp-image-8973\" src=\"https:\/\/www.sotrender.com\/blog\/wp-content\/uploads\/2013\/09\/serczose\u0142-222x300.jpg\" alt=\"serczose\u0142\" width=\"222\" height=\"300\" \/><\/a> <a href=\"https:\/\/www.sotrender.com\/blog\/wp-content\/uploads\/2013\/09\/grzesie\u0142.jpg\"><img loading=\"lazy\" decoding=\"async\" class=\"alignnone size-medium wp-image-8975\" src=\"https:\/\/www.sotrender.com\/blog\/wp-content\/uploads\/2013\/09\/grzesie\u0142-216x300.jpg\" alt=\"grzesie\u0142\" width=\"216\" height=\"300\" \/><\/a><\/p>\n<p dir=\"ltr\">Sam profil dotycz\u0105cy Piese\u0142a istnieje na Facebooku od 18 lipca i proponuje porcj\u0119 do\u015b\u0107 absurdalnego humoru, anga\u017cuj\u0105c jednocze\u015bnie coraz szersze grono u\u017cytkownik\u00f3w. Ciekawe, czy g\u0142\u00f3wny bohater strony &#8211; rzeczony Piese\u0142, ma szans\u0119 przegoni\u0107 popularno\u015bci\u0105 koty dominuj\u0105ce jak dot\u0105d w komunikacji marek?<\/p>\n<h2 dir=\"ltr\">Tymczasem na Facebooku<\/h2>\n<p dir=\"ltr\">Zdecydowanie najwa\u017cniejsz\u0105 zmian\u0105, jaka zasz\u0142a na Facebooku w minionym miesi\u0105cu, by\u0142a ta dotycz\u0105ca regulaminu przeprowadzania konkurs\u00f3w. Konkurs\u00f3w nie trzeba ju\u017c przeprowadza\u0107 wy\u0142\u0105cznie za po\u015brednictwem dedykowanej temu aplikacji, ale mo\u017cna r\u00f3wnie\u017c inicjowa\u0107 je bezpo\u015brednio na stronie, a u\u017cytkownicy swoje odpowiedzi mog\u0105 zg\u0142asza\u0107 w komentarzach.\u00a0Wi\u0119cej na ten temat napisa\u0142 m.in. <a title=\"Czytaj artyku\u0142\" href=\"http:\/\/edwin-zasada.pl\/facebook-dyktuje-nowe-zasady-gry\/\" target=\"_blank\">Edwin Zasada<\/a>.<\/p>\n<p dir=\"ltr\">Zmiany dotkn\u0119\u0142y r\u00f3wnie\u017c algorytm filtrowania tre\u015bci na portalu Marka Zuckerbera. Teraz posty bardziej popularne b\u0119d\u0105 pojawia\u0142y si\u0119 na g\u00f3rze news feedu bez r\u00f3\u017cnicy, czy by\u0142y opublikowane chwil\u0119 czy kilka godzin temu. Facebook wychodzi z za\u0142o\u017cenia, \u017ce skoro dana tre\u015b\u0107 jest popularna, to fakt \u017ce dana osoba jeszcze jej nie skomentowa\u0142a lub nie polubi\u0142a wynika z tego, \u017ce jeszcze go nie zobaczy\u0142a.Trzeba wi\u0119c da\u0107 jej na to szans\u0119.<\/p>\n<h2 dir=\"ltr\">A Sotrender dalej swoje&#8230;<\/h2>\n<p dir=\"ltr\">Sierpie\u0144 w <a title=\"Przejd\u017a do strony\" href=\"http:\/\/www.sotrender.pl\/\" target=\"_blank\">Sotrenderze<\/a> min\u0105\u0142, dla odmiany, pod znakiem kolejnych analiz. Na pocz\u0105tku miesi\u0105ca przyjrzeli\u015bmy si\u0119, jak polskie strony \u015bwi\u0119towa\u0142y <a title=\"Zobacz wpis\" href=\"https:\/\/www.sotrender.com\/blog\/2013\/08\/warsaw-uprising-on-facebook\/\" target=\"_blank\">rocznic\u0119 wybuchu Powstania Warszawskiego<\/a>. Nie\u015bli\u015bmy r\u00f3wnie\u017c kaganek o\u015bwiaty w kwestii r\u00f3\u017cnic pomi\u0119dzy u\u017cytkownikami Facebooka i wynikaj\u0105cych z tego konsekwencji oraz t\u0142umaczyli\u015bmy, jak wiedza o godzinach aktywno\u015bci fan\u00f3w mo\u017ce pom\u00f3c w optymalizowaniu komunikacji. Wi\u0119cej na ten temat mo\u017cecie przeczyta\u0107 w poradniku <a title=\"Czytaj wpis\" href=\"https:\/\/www.sotrender.com\/blog\/pl\/2013\/08\/aktywnosc_fanow\/\" target=\"_blank\">&#8220;Aktywno\u015b\u0107 fan\u00f3w \u2013 kiedy najlepiej publikowa\u0107 wpisy?&#8221;<\/a> kt\u00f3ry dost\u0119pny jest na naszym blogu.<\/p>\n<p dir=\"ltr\">W drugiej po\u0142owie miesi\u0105ca skupili\u015bmy si\u0119 na udowodnieniu naszych wniosk\u00f3w dotycz\u0105cych najlepszych godzin publikacji. W raporcie <a title=\"Czytaj raport\" href=\"https:\/\/www.sotrender.com\/blog\/pl\/2013\/08\/godziny-publikowania\/\" target=\"_blank\">&#8220;Godziny publikowania \u2013 wieczorem te\u017c warto&#8221;<\/a> pokazali\u015bmy, w jakich godzinach administratorzy polskich stron na Facebooku publikuj\u0105 najwi\u0119ksz\u0105 liczb\u0119 wpis\u00f3w oraz jak godziny publikacji posta wp\u0142ywaj\u0105 na aktywno\u015bci u\u017cytkownik\u00f3w. Po wi\u0119cej szczeg\u00f3\u0142\u00f3w zapraszamy na nasz blog, gdzie w najbli\u017cszych tygodniach przeczyta\u0107 b\u0119dziecie mogli m.in. o segmentacji fan\u00f3w.<\/p>\n<p dir=\"ltr\" style=\"text-align: center;\"><strong>Zapraszamy do lektury <a title=\"Czytaj raport\" href=\"http:\/\/www.sotrender.pl\/fanpage-trends\/201308\" target=\"_blank\">sierpniowego wydania #Fanpage Trends<\/a>!<\/strong><\/p>\n","protected":false},"excerpt":{"rendered":"<p>Zmiany, zmiany, zmiany. Towarzyszy\u0142y #Fanpage Trends nieustannie przez ostatnich kilka miesi\u0119cy. Tym razem \u017cadnych zmian nie b\u0119dzie, za to postarali\u015bmy si\u0119 dopracowa\u0107 wszystkie szczeg\u00f3\u0142y tak, \u017ceby nasza nowa infografika by\u0142a jeszcze \u0142adniejsza, a sam raport czytelniejszy.\u00a0<\/p>\n","protected":false},"author":31,"featured_media":0,"comment_status":"open","ping_status":"open","sticky":false,"template":"","format":"standard","meta":{"inline_featured_image":false,"footnotes":""},"categories":[1791,1797],"tags":[499,31,409],"yoast_head":"<!-- This site is optimized with the Yoast SEO plugin v22.4 - https:\/\/yoast.com\/wordpress\/plugins\/seo\/ -->\n<title>#Fanpage Trends sierpie\u0144 2013 - na otarcie \u0142ez po ko\u0144cu wakacji<\/title>\n<meta name=\"description\" content=\"Sotrender prezentuje sierpniowe wydanie raportu #Fanpage Trends podsumowuj\u0105cego dzia\u0142ania marek na Facebooku. Raport skomentowa\u0142o ponad 60 ekspert\u00f3w bran\u017cy.\" \/>\n<meta name=\"robots\" content=\"index, follow, max-snippet:-1, max-image-preview:large, max-video-preview:-1\" \/>\n<link rel=\"canonical\" href=\"https:\/\/www.sotrender.com\/blog\/pl\/2013\/09\/fanpage-trends-sierpien-2013\/\" \/>\n<meta property=\"og:locale\" content=\"pl_PL\" \/>\n<meta property=\"og:type\" content=\"article\" \/>\n<meta property=\"og:title\" content=\"#Fanpage Trends sierpie\u0144 2013 - na otarcie \u0142ez po ko\u0144cu wakacji\" \/>\n<meta property=\"og:description\" content=\"Sotrender prezentuje sierpniowe wydanie raportu #Fanpage Trends podsumowuj\u0105cego dzia\u0142ania marek na Facebooku. Raport skomentowa\u0142o ponad 60 ekspert\u00f3w bran\u017cy.\" \/>\n<meta property=\"og:url\" content=\"https:\/\/www.sotrender.com\/blog\/pl\/2013\/09\/fanpage-trends-sierpien-2013\/\" \/>\n<meta property=\"og:site_name\" content=\"Sotrender Blog\" \/>\n<meta property=\"article:publisher\" content=\"https:\/\/www.facebook.com\/Sotrender\" \/>\n<meta property=\"article:published_time\" content=\"2013-09-04T11:15:23+00:00\" \/>\n<meta property=\"article:modified_time\" content=\"2017-04-13T14:19:41+00:00\" \/>\n<meta name=\"author\" content=\"Aleksandra Prejs\" \/>\n<meta name=\"twitter:card\" content=\"summary_large_image\" \/>\n<meta name=\"twitter:creator\" content=\"@Sotrender\" \/>\n<meta name=\"twitter:site\" content=\"@Sotrender\" \/>\n<meta name=\"twitter:label1\" content=\"Written by\" \/>\n\t<meta name=\"twitter:data1\" content=\"Aleksandra Prejs\" \/>\n\t<meta name=\"twitter:label2\" content=\"Est. reading time\" \/>\n\t<meta name=\"twitter:data2\" content=\"5 minutes\" \/>\n<script type=\"application\/ld+json\" class=\"yoast-schema-graph\">{\"@context\":\"https:\/\/schema.org\",\"@graph\":[{\"@type\":\"WebPage\",\"@id\":\"https:\/\/www.sotrender.com\/blog\/pl\/2013\/09\/fanpage-trends-sierpien-2013\/\",\"url\":\"https:\/\/www.sotrender.com\/blog\/pl\/2013\/09\/fanpage-trends-sierpien-2013\/\",\"name\":\"#Fanpage Trends sierpie\u0144 2013 - na otarcie \u0142ez po ko\u0144cu wakacji\",\"isPartOf\":{\"@id\":\"https:\/\/www.sotrender.com\/blog\/#website\"},\"datePublished\":\"2013-09-04T11:15:23+00:00\",\"dateModified\":\"2017-04-13T14:19:41+00:00\",\"author\":{\"@id\":\"https:\/\/www.sotrender.com\/blog\/#\/schema\/person\/7106df62825269bc360ad9171cd7149b\"},\"description\":\"Sotrender prezentuje sierpniowe wydanie raportu #Fanpage Trends podsumowuj\u0105cego dzia\u0142ania marek na Facebooku. Raport skomentowa\u0142o ponad 60 ekspert\u00f3w bran\u017cy.\",\"breadcrumb\":{\"@id\":\"https:\/\/www.sotrender.com\/blog\/pl\/2013\/09\/fanpage-trends-sierpien-2013\/#breadcrumb\"},\"inLanguage\":\"pl-PL\",\"potentialAction\":[{\"@type\":\"ReadAction\",\"target\":[\"https:\/\/www.sotrender.com\/blog\/pl\/2013\/09\/fanpage-trends-sierpien-2013\/\"]}]},{\"@type\":\"BreadcrumbList\",\"@id\":\"https:\/\/www.sotrender.com\/blog\/pl\/2013\/09\/fanpage-trends-sierpien-2013\/#breadcrumb\",\"itemListElement\":[{\"@type\":\"ListItem\",\"position\":1,\"name\":\"Home\",\"item\":\"https:\/\/www.sotrender.com\/blog\/\"},{\"@type\":\"ListItem\",\"position\":2,\"name\":\"#Fanpage Trends sierpie\u0144 2013 &#8211; na otarcie \u0142ez po ko\u0144cu wakacji\"}]},{\"@type\":\"WebSite\",\"@id\":\"https:\/\/www.sotrender.com\/blog\/#website\",\"url\":\"https:\/\/www.sotrender.com\/blog\/\",\"name\":\"Sotrender Blog\",\"description\":\"\",\"potentialAction\":[{\"@type\":\"SearchAction\",\"target\":{\"@type\":\"EntryPoint\",\"urlTemplate\":\"https:\/\/www.sotrender.com\/blog\/?s={search_term_string}\"},\"query-input\":\"required name=search_term_string\"}],\"inLanguage\":\"pl-PL\"},{\"@type\":\"Person\",\"@id\":\"https:\/\/www.sotrender.com\/blog\/#\/schema\/person\/7106df62825269bc360ad9171cd7149b\",\"name\":\"Aleksandra Prejs\",\"image\":{\"@type\":\"ImageObject\",\"inLanguage\":\"pl-PL\",\"@id\":\"https:\/\/www.sotrender.com\/blog\/#\/schema\/person\/image\/\",\"url\":\"https:\/\/secure.gravatar.com\/avatar\/469000454b77ff0aacb32c49dba023be?s=96&d=mm&r=g\",\"contentUrl\":\"https:\/\/secure.gravatar.com\/avatar\/469000454b77ff0aacb32c49dba023be?s=96&d=mm&r=g\",\"caption\":\"Aleksandra Prejs\"},\"url\":\"https:\/\/www.sotrender.com\/blog\/pl\/author\/aleksandra-prejs\/\"}]}<\/script>\n<!-- \/ Yoast SEO plugin. -->","yoast_head_json":{"title":"#Fanpage Trends sierpie\u0144 2013 - na otarcie \u0142ez po ko\u0144cu wakacji","description":"Sotrender prezentuje sierpniowe wydanie raportu #Fanpage Trends podsumowuj\u0105cego dzia\u0142ania marek na Facebooku. Raport skomentowa\u0142o ponad 60 ekspert\u00f3w bran\u017cy.","robots":{"index":"index","follow":"follow","max-snippet":"max-snippet:-1","max-image-preview":"max-image-preview:large","max-video-preview":"max-video-preview:-1"},"canonical":"https:\/\/www.sotrender.com\/blog\/pl\/2013\/09\/fanpage-trends-sierpien-2013\/","og_locale":"pl_PL","og_type":"article","og_title":"#Fanpage Trends sierpie\u0144 2013 - na otarcie \u0142ez po ko\u0144cu wakacji","og_description":"Sotrender prezentuje sierpniowe wydanie raportu #Fanpage Trends podsumowuj\u0105cego dzia\u0142ania marek na Facebooku. Raport skomentowa\u0142o ponad 60 ekspert\u00f3w bran\u017cy.","og_url":"https:\/\/www.sotrender.com\/blog\/pl\/2013\/09\/fanpage-trends-sierpien-2013\/","og_site_name":"Sotrender Blog","article_publisher":"https:\/\/www.facebook.com\/Sotrender","article_published_time":"2013-09-04T11:15:23+00:00","article_modified_time":"2017-04-13T14:19:41+00:00","author":"Aleksandra Prejs","twitter_card":"summary_large_image","twitter_creator":"@Sotrender","twitter_site":"@Sotrender","twitter_misc":{"Written by":"Aleksandra Prejs","Est. reading time":"5 minutes"},"schema":{"@context":"https:\/\/schema.org","@graph":[{"@type":"WebPage","@id":"https:\/\/www.sotrender.com\/blog\/pl\/2013\/09\/fanpage-trends-sierpien-2013\/","url":"https:\/\/www.sotrender.com\/blog\/pl\/2013\/09\/fanpage-trends-sierpien-2013\/","name":"#Fanpage Trends sierpie\u0144 2013 - na otarcie \u0142ez po ko\u0144cu wakacji","isPartOf":{"@id":"https:\/\/www.sotrender.com\/blog\/#website"},"datePublished":"2013-09-04T11:15:23+00:00","dateModified":"2017-04-13T14:19:41+00:00","author":{"@id":"https:\/\/www.sotrender.com\/blog\/#\/schema\/person\/7106df62825269bc360ad9171cd7149b"},"description":"Sotrender prezentuje sierpniowe wydanie raportu #Fanpage Trends podsumowuj\u0105cego dzia\u0142ania marek na Facebooku. Raport skomentowa\u0142o ponad 60 ekspert\u00f3w bran\u017cy.","breadcrumb":{"@id":"https:\/\/www.sotrender.com\/blog\/pl\/2013\/09\/fanpage-trends-sierpien-2013\/#breadcrumb"},"inLanguage":"pl-PL","potentialAction":[{"@type":"ReadAction","target":["https:\/\/www.sotrender.com\/blog\/pl\/2013\/09\/fanpage-trends-sierpien-2013\/"]}]},{"@type":"BreadcrumbList","@id":"https:\/\/www.sotrender.com\/blog\/pl\/2013\/09\/fanpage-trends-sierpien-2013\/#breadcrumb","itemListElement":[{"@type":"ListItem","position":1,"name":"Home","item":"https:\/\/www.sotrender.com\/blog\/"},{"@type":"ListItem","position":2,"name":"#Fanpage Trends sierpie\u0144 2013 &#8211; na otarcie \u0142ez po ko\u0144cu wakacji"}]},{"@type":"WebSite","@id":"https:\/\/www.sotrender.com\/blog\/#website","url":"https:\/\/www.sotrender.com\/blog\/","name":"Sotrender Blog","description":"","potentialAction":[{"@type":"SearchAction","target":{"@type":"EntryPoint","urlTemplate":"https:\/\/www.sotrender.com\/blog\/?s={search_term_string}"},"query-input":"required name=search_term_string"}],"inLanguage":"pl-PL"},{"@type":"Person","@id":"https:\/\/www.sotrender.com\/blog\/#\/schema\/person\/7106df62825269bc360ad9171cd7149b","name":"Aleksandra Prejs","image":{"@type":"ImageObject","inLanguage":"pl-PL","@id":"https:\/\/www.sotrender.com\/blog\/#\/schema\/person\/image\/","url":"https:\/\/secure.gravatar.com\/avatar\/469000454b77ff0aacb32c49dba023be?s=96&d=mm&r=g","contentUrl":"https:\/\/secure.gravatar.com\/avatar\/469000454b77ff0aacb32c49dba023be?s=96&d=mm&r=g","caption":"Aleksandra Prejs"},"url":"https:\/\/www.sotrender.com\/blog\/pl\/author\/aleksandra-prejs\/"}]}},"_links":{"self":[{"href":"https:\/\/www.sotrender.com\/blog\/pl\/wp-json\/wp\/v2\/posts\/8957"}],"collection":[{"href":"https:\/\/www.sotrender.com\/blog\/pl\/wp-json\/wp\/v2\/posts"}],"about":[{"href":"https:\/\/www.sotrender.com\/blog\/pl\/wp-json\/wp\/v2\/types\/post"}],"author":[{"embeddable":true,"href":"https:\/\/www.sotrender.com\/blog\/pl\/wp-json\/wp\/v2\/users\/31"}],"replies":[{"embeddable":true,"href":"https:\/\/www.sotrender.com\/blog\/pl\/wp-json\/wp\/v2\/comments?post=8957"}],"version-history":[{"count":22,"href":"https:\/\/www.sotrender.com\/blog\/pl\/wp-json\/wp\/v2\/posts\/8957\/revisions"}],"predecessor-version":[{"id":26655,"href":"https:\/\/www.sotrender.com\/blog\/pl\/wp-json\/wp\/v2\/posts\/8957\/revisions\/26655"}],"wp:attachment":[{"href":"https:\/\/www.sotrender.com\/blog\/pl\/wp-json\/wp\/v2\/media?parent=8957"}],"wp:term":[{"taxonomy":"category","embeddable":true,"href":"https:\/\/www.sotrender.com\/blog\/pl\/wp-json\/wp\/v2\/categories?post=8957"},{"taxonomy":"post_tag","embeddable":true,"href":"https:\/\/www.sotrender.com\/blog\/pl\/wp-json\/wp\/v2\/tags?post=8957"}],"curies":[{"name":"wp","href":"https:\/\/api.w.org\/{rel}","templated":true}]}}