{"id":8827,"date":"2013-08-22T20:30:44","date_gmt":"2013-08-22T19:30:44","guid":{"rendered":"http:\/\/blog.sotrender.com\/?p=8827"},"modified":"2016-03-09T15:11:47","modified_gmt":"2016-03-09T14:11:47","slug":"godziny-publikowania","status":"publish","type":"post","link":"https:\/\/www.sotrender.com\/blog\/pl\/2013\/08\/godziny-publikowania\/","title":{"rendered":"Godziny publikowania &#8211; wieczorem te\u017c warto"},"content":{"rendered":"<p style=\"text-align: justify;\">Ka\u017cda marka powinna ustali\u0107 indywidualne godziny publikowania wpis\u00f3w uzale\u017cnione od bran\u017cy,  w kt\u00f3rej dzia\u0142a oraz dopasowane do zwyczaj\u00f3w swoich konsument\u00f3w. Jak wyja\u015bniali\u015bmy w <a title=\"Przeczytaj artyku\u0142\" href=\"https:\/\/www.sotrender.com\/blog\/pl\/2013\/08\/aktywnosc_fanow\/\" target=\"_blank\">ostatnim wpisie<\/a>,  mog\u0105 one si\u0119 zmienia\u0107 w zwi\u0105zku z kampaniami promocyjnymi czy zmianami ustawie\u0144 samego Facebooka. W niniejszym raporcie wskazujemy,  w jakich godzinach administratorzy polskich stron na Facebooku publikuj\u0105 najwi\u0119ksz\u0105 liczb\u0119 wpis\u00f3w oraz pokazujemy,  jak godziny publikacji posta wp\u0142ywaj\u0105 na aktywno\u015bci u\u017cytkownik\u00f3w.<\/p>\n<p><!--more--><\/p>\n<p style=\"text-align: justify;\">Coraz cz\u0119\u015bciej zdarza si\u0119,  \u017ce osoby zajmuj\u0105ce si\u0119 prowadzeniem komercyjnych stron na Facebooku pracuj\u0105 w trybie zmianowym w celu dostosowania komunikacji do nawyk\u00f3w jej grupy docelowej lub planuj\u0105 publikacj\u0119 wpis\u00f3w na dan\u0105 godzin\u0119,  co umo\u017cliwia r\u00f3wnie\u017c <a title=\"Przejd\u017a na stron\u0119\" href=\"http:\/\/www.sotrender.pl\/\" target=\"_blank\">Sotrender<\/a><\/p>\n<p style=\"text-align: justify;\">Jednak jak wida\u0107 na poni\u017cszym wykresie,  ci\u0105gle jeszcze godziny,  w kt\u00f3rych polscy administratorzy umieszczaj\u0105 na Facebooku najwi\u0119cej post\u00f3w,  przypadaj\u0105 na tzw. &#8220;czas roboczy&#8221;,  czyli czas mi\u0119dzy godz. 9-17,  przy czym najcz\u0119\u015bciej wybieranymi godzinami s\u0105 10,  11 oraz 13,  15 i 16. Nast\u0119pnie liczba post\u00f3w spada,  by ponownie wzrosn\u0105\u0107 oko\u0142o godz. 20.<\/p>\n<div id=\"attachment_8885\" style=\"width: 810px\" class=\"wp-caption aligncenter\"><a href=\"https:\/\/www.sotrender.com\/blog\/wp-content\/uploads\/2013\/08\/posty_adminow1.png\"><img loading=\"lazy\" decoding=\"async\" aria-describedby=\"caption-attachment-8885\" class=\"size-full wp-image-8885 \" src=\"https:\/\/www.sotrender.com\/blog\/wp-content\/uploads\/2013\/08\/posty_adminow1.png\" alt=\"Posty publikowane przez administrator\u00f3w w zale\u017cno\u015bci od godziny\" width=\"800\" height=\"600\" srcset=\"https:\/\/www.sotrender.com\/blog\/wp-content\/uploads\/2013\/08\/posty_adminow1.png 800w, https:\/\/www.sotrender.com\/blog\/wp-content\/uploads\/2013\/08\/posty_adminow1-475x356.png 475w, https:\/\/www.sotrender.com\/blog\/wp-content\/uploads\/2013\/08\/posty_adminow1-768x576.png 768w, https:\/\/www.sotrender.com\/blog\/wp-content\/uploads\/2013\/08\/posty_adminow1-600x450.png 600w\" sizes=\"(max-width: 800px) 100vw, 800px\" \/><\/a><p id=\"caption-attachment-8885\" class=\"wp-caption-text\">Posty publikowane przez administrator\u00f3w w zale\u017cno\u015bci od godziny<\/p><\/div>\n<h2>Ka\u017cdy korzysta inaczej<\/h2>\n<p style=\"text-align: justify;\">Przed dwoma tygodniami t\u0142umaczyli\u015bmy,  \u017ce w innych godzinach z Facebooka korzystaj\u0105 gimnazjali\u015bci i liceali\u015bci,  a w innych studenci; inne nawyki maj\u0105 m\u0142odzi rodzice,  a inne starsi u\u017cytkownicy. Jednak to,  o kt\u00f3rej godzinie fani anga\u017cuj\u0105 si\u0119 w komunikacj\u0119 z mark\u0105,  uzale\u017cnione jest nie tylko od wieku u\u017cytkownik\u00f3w,  ale r\u00f3wnie\u017c o tego,  czy administrator konsekwentnie publikowa\u0142 wpisy o danych godzinach oraz od wydarze\u0144 zewn\u0119trznych,  ale przede wszystkim &#8211; od bran\u017cy,  w jakiej dzia\u0142a i przyzwyczaje\u0144 klient\u00f3w.<\/p>\n<p style=\"text-align: justify;\">Dla przyk\u0142adu,  w innych godzinach komunikacj\u0119 prowadz\u0105 strony bankowe,  w innych te dotycz\u0105ce macierzy\u0144stwa,  a jeszcze w innych te na temat alkoholi wysokoprocentowych. Banki zdecydowanie najch\u0119tniej publikuj\u0105 wpisy o godz. 11,  z kolei strony o macierzy\u0144stwie swoje publikacje planuj\u0105 przede wszystkim na godz. 9 i 10. Natomiast administratorzy profili po\u015bwi\u0119conych alkoholom wysokoprocentowym ich komunikacj\u0119 prowadz\u0105 najch\u0119tniej wieczorem,  oko\u0142o godz. 20,  kiedy zwykle maj\u0105 miejsce okazje do spo\u017cywania tego rodzaju trunk\u00f3w.<\/p>\n<div id=\"attachment_8917\" style=\"width: 810px\" class=\"wp-caption aligncenter\"><a href=\"https:\/\/www.sotrender.com\/blog\/wp-content\/uploads\/2013\/08\/17_kom1.png\"><img loading=\"lazy\" decoding=\"async\" aria-describedby=\"caption-attachment-8917\" class=\"size-full wp-image-8917 \" src=\"https:\/\/www.sotrender.com\/blog\/wp-content\/uploads\/2013\/08\/17_kom1.png\" alt=\"Liczba opublikowanych post\u00f3w w stosunku do godziny publikacji - kategoria Banki\" width=\"800\" height=\"600\" srcset=\"https:\/\/www.sotrender.com\/blog\/wp-content\/uploads\/2013\/08\/17_kom1.png 800w, https:\/\/www.sotrender.com\/blog\/wp-content\/uploads\/2013\/08\/17_kom1-475x356.png 475w, https:\/\/www.sotrender.com\/blog\/wp-content\/uploads\/2013\/08\/17_kom1-768x576.png 768w, https:\/\/www.sotrender.com\/blog\/wp-content\/uploads\/2013\/08\/17_kom1-600x450.png 600w\" sizes=\"(max-width: 800px) 100vw, 800px\" \/><\/a><p id=\"caption-attachment-8917\" class=\"wp-caption-text\">Liczba opublikowanych post\u00f3w w stosunku do godziny publikacji &#8211; kategoria Banki<\/p><\/div>\n<div id=\"attachment_8918\" style=\"width: 810px\" class=\"wp-caption aligncenter\"><a href=\"https:\/\/www.sotrender.com\/blog\/wp-content\/uploads\/2013\/08\/119_kom1.png\"><img loading=\"lazy\" decoding=\"async\" aria-describedby=\"caption-attachment-8918\" class=\"size-full wp-image-8918 \" src=\"https:\/\/www.sotrender.com\/blog\/wp-content\/uploads\/2013\/08\/119_kom1.png\" alt=\"Liczba opublikowanych post\u00f3w w stosunku do godziny publikacji - kategoria Macierzy\u0144stwo\" width=\"800\" height=\"600\" \/><\/a><p id=\"caption-attachment-8918\" class=\"wp-caption-text\">Liczba opublikowanych post\u00f3w w stosunku do godziny publikacji &#8211; kategoria Macierzy\u0144stwo<\/p><\/div>\n<div id=\"attachment_8921\" style=\"width: 810px\" class=\"wp-caption aligncenter\"><a style=\"font-weight: bold; font-size: 1rem; line-height: 1;\" href=\"https:\/\/www.sotrender.com\/blog\/wp-content\/uploads\/2013\/08\/217_kom1.png\"><img loading=\"lazy\" decoding=\"async\" aria-describedby=\"caption-attachment-8921\" class=\" wp-image-8921\" src=\"https:\/\/www.sotrender.com\/blog\/wp-content\/uploads\/2013\/08\/217_kom1.png\" alt=\"Liczba opublikowanych post\u00f3w w stosunku do godziny publikacji - kategoria Alkohole wysokoprocentowe\" width=\"800\" height=\"600\" srcset=\"https:\/\/www.sotrender.com\/blog\/wp-content\/uploads\/2013\/08\/217_kom1.png 800w, https:\/\/www.sotrender.com\/blog\/wp-content\/uploads\/2013\/08\/217_kom1-475x356.png 475w, https:\/\/www.sotrender.com\/blog\/wp-content\/uploads\/2013\/08\/217_kom1-768x576.png 768w, https:\/\/www.sotrender.com\/blog\/wp-content\/uploads\/2013\/08\/217_kom1-600x450.png 600w\" sizes=\"(max-width: 800px) 100vw, 800px\" \/><\/a><p id=\"caption-attachment-8921\" class=\"wp-caption-text\">Liczba opublikowanych post\u00f3w w stosunku do godziny publikacji &#8211; kategoria Alkohole wysokoprocentowe<\/p><\/div>\n<p style=\"text-align: justify;\">Kolejnym elementem,  kt\u00f3ry obrazuje jak wa\u017cne jest,  aby indywidualnie optymalizowa\u0107 godziny publikowania jest wykres zaanga\u017cowania do post\u00f3w publikowanych o r\u00f3\u017cnych godzinach. Dla pewnej strony zwi\u0105zanej z macierzy\u0144stwem zale\u017cno\u015b\u0107 mi\u0119dzy godzin\u0105 publikacji wpisu a liczb\u0105 zaanga\u017cowanych os\u00f3b kszta\u0142tuje si\u0119 nast\u0119puj\u0105co:<\/p>\n<div id=\"attachment_8895\" style=\"width: 810px\" class=\"wp-caption aligncenter\"><a href=\"https:\/\/www.sotrender.com\/blog\/wp-content\/uploads\/2013\/08\/fanpage_macierzynstwo.png\"><img loading=\"lazy\" decoding=\"async\" aria-describedby=\"caption-attachment-8895\" class=\"size-full wp-image-8895\" src=\"https:\/\/www.sotrender.com\/blog\/wp-content\/uploads\/2013\/08\/fanpage_macierzynstwo.png\" alt=\"Liczba zaanga\u017cowanych w stosunku do godziny opublikowania posta na stronie po\u015bwi\u0119conej macierzy\u0144stwu\" width=\"800\" height=\"600\" srcset=\"https:\/\/www.sotrender.com\/blog\/wp-content\/uploads\/2013\/08\/fanpage_macierzynstwo.png 800w, https:\/\/www.sotrender.com\/blog\/wp-content\/uploads\/2013\/08\/fanpage_macierzynstwo-475x356.png 475w, https:\/\/www.sotrender.com\/blog\/wp-content\/uploads\/2013\/08\/fanpage_macierzynstwo-768x576.png 768w, https:\/\/www.sotrender.com\/blog\/wp-content\/uploads\/2013\/08\/fanpage_macierzynstwo-600x450.png 600w\" sizes=\"(max-width: 800px) 100vw, 800px\" \/><\/a><p id=\"caption-attachment-8895\" class=\"wp-caption-text\">Liczba zaanga\u017cowanych w stosunku do godziny opublikowania posta na stronie po\u015bwi\u0119conej macierzy\u0144stwu<\/p><\/div>\n<p style=\"text-align: justify;\">Przede wszystkim nale\u017cy zwr\u00f3ci\u0107 uwag\u0119,  \u017ce posty publikowane rano anga\u017cuj\u0105 najwi\u0119cej os\u00f3b. W drugiej kolejno\u015bci najwi\u0119cej ludzi anga\u017cuj\u0105 posty popo\u0142udniowe &#8211; pokazuje to jak istotne jest odpowiednie wybranie czasu publikacji.<\/p>\n<h2>Pracowanie &#8211; postowanie?<\/h2>\n<p style=\"text-align: justify;\">Jak wspomnieli\u015bmy,  aktywno\u015b\u0107 wielu administrator\u00f3w koncentruje si\u0119 w godzinach pracy. Tymczasem jak pokazuje poni\u017cszy wykres,  warto wy\u0142ama\u0107 si\u0119 poza utarte schematy i wyj\u015b\u0107 naprzeciw u\u017cytkownikom,  poniewa\u017c podczas gdy liczba post\u00f3w publikowanych przez administrator\u00f3w w godzinach 17-19 spada,  liczba komentarzy wzrasta.<\/p>\n<div id=\"attachment_8897\" style=\"width: 810px\" class=\"wp-caption aligncenter\"><a href=\"https:\/\/www.sotrender.com\/blog\/wp-content\/uploads\/2013\/08\/komcie_i_posty_userow_komercyjne1.png\"><img loading=\"lazy\" decoding=\"async\" aria-describedby=\"caption-attachment-8897\" class=\"size-full wp-image-8897\" src=\"https:\/\/www.sotrender.com\/blog\/wp-content\/uploads\/2013\/08\/komcie_i_posty_userow_komercyjne1.png\" alt=\"Liczba publikowanych wpis\u00f3w,  a liczba komentarzy w zale\u017cno\u015bci od godziny\" width=\"800\" height=\"600\" srcset=\"https:\/\/www.sotrender.com\/blog\/wp-content\/uploads\/2013\/08\/komcie_i_posty_userow_komercyjne1.png 800w, https:\/\/www.sotrender.com\/blog\/wp-content\/uploads\/2013\/08\/komcie_i_posty_userow_komercyjne1-475x356.png 475w, https:\/\/www.sotrender.com\/blog\/wp-content\/uploads\/2013\/08\/komcie_i_posty_userow_komercyjne1-768x576.png 768w, https:\/\/www.sotrender.com\/blog\/wp-content\/uploads\/2013\/08\/komcie_i_posty_userow_komercyjne1-600x450.png 600w\" sizes=\"(max-width: 800px) 100vw, 800px\" \/><\/a><p id=\"caption-attachment-8897\" class=\"wp-caption-text\">Liczba publikowanych wpis\u00f3w,  a liczba komentarzy w zale\u017cno\u015bci od godziny<\/p><\/div>\n<p style=\"text-align: justify;\">W analizowanym okresie posty w godzinach popo\u0142udniowo-wieczornych,  tj. mi\u0119dzy 17-21,  opublikowa\u0142o 2373 z 3126 stron komercyjnych,  czyli 75, 9%,  natomiast co najmniej jeden wpis w godzinach porannych,  tj. mi\u0119dzy 7-11,  doda\u0142o 2576 z 3126 analizowanych stron,  czyli 82, 4%. <strong>Dodawanie post\u00f3w rano jest wi\u0119c ci\u0105gle popularniejsze,  mimo \u017ce warto publikowa\u0107 wpisy tak\u017ce wieczorami,  oczywi\u015bcie w granicach przyzwyczaje\u0144 konsument\u00f3w zwi\u0105zanych z dan\u0105 bran\u017c\u0105.<\/strong><\/p>\n<p style=\"text-align: justify;\">Je\u015bli chodzi o to,  jak dzie\u0144 tygodnia wp\u0142ywa na godzin\u0119,  o kt\u00f3rej publikuj\u0105 administratorzy,  to w\u00a0ci\u0105gu\u00a0tygodnia,  czyli od poniedzia\u0142ku do pi\u0105tku nie wida\u0107 znacz\u0105cych r\u00f3\u017cnic. Natomiast w weekendy administratorzy publikuj\u0105 znacz\u0105co p\u00f3\u017aniej &#8211; w soboty przeci\u0119tnie o p\u00f3\u0142 godziny p\u00f3\u017aniej,  a w niedziele o godzin\u0119 p\u00f3\u017aniej ni\u017c w\u00a0ci\u0105gu\u00a0tygodnia. Dodatkowo przeci\u0119tnie publikowanych jest na pojedynczej stronie 1, 9 posta dziennie od poniedzia\u0142ku do pi\u0105tku,  podczas gdy w soboty i niedziele administratorzy dodaj\u0105 oko\u0142o 1, 1 posta dziennie.<\/p>\n<p style=\"text-align: justify;\">Zwr\u00f3\u0107my teraz uwag\u0119 na to,  co dzieje si\u0119 z postami publikowanymi w r\u00f3\u017cnych godzinach dnia. Poni\u017cszy wykres pokazuje,  jak d\u0142ugo posty zbieraj\u0105 75% komentarzy. Przeanalizowali\u015bmy top 5 tysi\u0119cy post\u00f3w opublikowanych na stronach komercyjnych.<\/p>\n<div id=\"attachment_8899\" style=\"width: 810px\" class=\"wp-caption aligncenter\"><a href=\"https:\/\/www.sotrender.com\/blog\/wp-content\/uploads\/2013\/08\/min75p1.png\"><img loading=\"lazy\" decoding=\"async\" aria-describedby=\"caption-attachment-8899\" class=\"size-full wp-image-8899\" src=\"https:\/\/www.sotrender.com\/blog\/wp-content\/uploads\/2013\/08\/min75p1.png\" alt=\"Czas,  w kt\u00f3rym post zyskuje 75% wszystkich komentarzy\" width=\"800\" height=\"600\" srcset=\"https:\/\/www.sotrender.com\/blog\/wp-content\/uploads\/2013\/08\/min75p1.png 800w, https:\/\/www.sotrender.com\/blog\/wp-content\/uploads\/2013\/08\/min75p1-475x356.png 475w, https:\/\/www.sotrender.com\/blog\/wp-content\/uploads\/2013\/08\/min75p1-768x576.png 768w, https:\/\/www.sotrender.com\/blog\/wp-content\/uploads\/2013\/08\/min75p1-600x450.png 600w\" sizes=\"(max-width: 800px) 100vw, 800px\" \/><\/a><p id=\"caption-attachment-8899\" class=\"wp-caption-text\">Czas,  w kt\u00f3rym post zyskuje 75% wszystkich komentarzy<\/p><\/div>\n<p style=\"text-align: justify;\">Czas zebrania 75% wszystkich komentarzy dla post\u00f3w opublikowanych od rana do godziny 20:59 stopniowo maleje,  osi\u0105gaj\u0105c dla post\u00f3w publikowanych po 20 warto\u015b\u0107 5 godzin. Oznacza to,  \u017ce dyskusje z nimi zwi\u0105zane sko\u0144cz\u0105 si\u0119 ju\u017c w nocy. Natomiast te publikowane po godz. 21,  a szczeg\u00f3lnie po 23 b\u0119d\u0105 uzyskiwa\u0107 komentarze przez 11 godzin,  co oznacza,  \u017ce dyskusje ich dotycz\u0105ce b\u0119d\u0105 si\u0119 toczy\u0107 jeszcze rano nast\u0119pnego dnia.<\/p>\n<p style=\"text-align: justify;\">Nie mo\u017cna jednak m\u00f3wi\u0107 o wp\u0142ywie czasu istnienia posta na liczb\u0119 anga\u017cowanych u\u017cytkownik\u00f3w &#8211; taka zale\u017cno\u015b\u0107 nie istnieje,  czego dowodz\u0105 korelacje na poziomie bliskim zeru. Wniosek jest jeden &#8211; <strong>je\u015bli chcesz,  aby Tw\u00f3j post wywo\u0142ywa\u0142 dyskusje r\u00f3wnie\u017c kolejnego dnia &#8211; nie publikuj go zbyt wcze\u015bnie<\/strong>. Wysoka aktywno\u015b\u0107 administrator\u00f3w do wczesnych godzin wieczornych zwi\u0119ksza konkurencj\u0119 w walce o dost\u0119p do News Feedu u\u017cytkownik\u00f3w &#8211; <strong>posty opublikowane p\u00f3\u017aniej b\u0119d\u0119 nast\u0119pnego ranka ch\u0119tniej przez Facebook wy\u015bwietlane u\u017cytkownikom<\/strong>.<\/p>\n<p style=\"text-align: justify;\">Analizie poddanych zosta\u0142o ponad 163 tys. post\u00f3w opublikowanych przez administrator\u00f3w na 3126 polskich stronach komercyjnych na Facebooku w dniach od 1. do 31. lipca 2013 r.<\/p>\n<p dir=\"ltr\" style=\"text-align: justify;\"><strong>Zapraszamy r\u00f3wnie\u017c do lektury ostatniego raportu przygotowanego przez <a title=\"Przejd\u017a na stron\u0119\" href=\"http:\/\/www.sotrender.pl\/\" target=\"_blank\">Sotrender<\/a>: \u00a0<\/strong><a title=\"Przeczytaj raport\" href=\"https:\/\/www.sotrender.com\/blog\/pl\/2013\/07\/zaangazowanie-a-liczba-fanow\/\" target=\"_blank\">Zaanga\u017cowanie \u2013 gdzie mniejszy mo\u017ce wi\u0119cej<\/a><\/p>\n","protected":false},"excerpt":{"rendered":"<p>Ka\u017cda marka powinna ustali\u0107 indywidualne godziny publikowania wpis\u00f3w uzale\u017cnione od bran\u017cy, w kt\u00f3rej dzia\u0142a oraz dopasowane do zwyczaj\u00f3w swoich konsument\u00f3w. Jak wyja\u015bniali\u015bmy w ostatnim wpisie, mog\u0105 one si\u0119 zmienia\u0107 w zwi\u0105zku z kampaniami promocyjnymi czy zmianami ustawie\u0144 samego Facebooka. W niniejszym raporcie wskazujemy, w jakich godzinach administratorzy polskich stron na Facebooku publikuj\u0105 najwi\u0119ksz\u0105 liczb\u0119 wpis\u00f3w [&hellip;]<\/p>\n","protected":false},"author":27,"featured_media":21659,"comment_status":"open","ping_status":"open","sticky":false,"template":"","format":"standard","meta":{"inline_featured_image":false,"footnotes":""},"categories":[1793,1797],"tags":[7,17,409,519,635,677],"yoast_head":"<!-- This site is optimized with the Yoast SEO plugin v22.4 - https:\/\/yoast.com\/wordpress\/plugins\/seo\/ -->\n<title>Godziny publikowania - wieczorem te\u017c warto - Sotrender blog<\/title>\n<meta name=\"description\" content=\"Sotrender przeanalizowa\u0142 godziny publikowania post\u00f3w na Facebooku przez polskie strony. Kt\u00f3re godziny s\u0105 najpopularniejsze, a kiedy warto publikowa\u0107?\" \/>\n<meta name=\"robots\" content=\"index, follow, max-snippet:-1, max-image-preview:large, max-video-preview:-1\" \/>\n<link rel=\"canonical\" href=\"https:\/\/www.sotrender.com\/blog\/pl\/2013\/08\/godziny-publikowania\/\" \/>\n<meta property=\"og:locale\" content=\"pl_PL\" \/>\n<meta property=\"og:type\" content=\"article\" \/>\n<meta property=\"og:title\" content=\"Godziny publikowania - wieczorem te\u017c warto - Sotrender blog\" \/>\n<meta property=\"og:description\" content=\"Sotrender przeanalizowa\u0142 godziny publikowania post\u00f3w na Facebooku przez polskie strony. Kt\u00f3re godziny s\u0105 najpopularniejsze, a kiedy warto publikowa\u0107?\" \/>\n<meta property=\"og:url\" content=\"https:\/\/www.sotrender.com\/blog\/pl\/2013\/08\/godziny-publikowania\/\" \/>\n<meta property=\"og:site_name\" content=\"Sotrender Blog\" \/>\n<meta property=\"article:publisher\" content=\"https:\/\/www.facebook.com\/Sotrender\" \/>\n<meta property=\"article:published_time\" content=\"2013-08-22T19:30:44+00:00\" \/>\n<meta property=\"article:modified_time\" content=\"2016-03-09T14:11:47+00:00\" \/>\n<meta property=\"og:image\" content=\"https:\/\/www.sotrender.com\/blog\/wp-content\/uploads\/2013\/08\/what-hours-are-the-best-for-posting-2-950x638.jpg\" \/>\n\t<meta property=\"og:image:width\" content=\"950\" \/>\n\t<meta property=\"og:image:height\" content=\"638\" \/>\n\t<meta property=\"og:image:type\" content=\"image\/jpeg\" \/>\n<meta name=\"author\" content=\"Krzysztof Mocarski\" \/>\n<meta name=\"twitter:card\" content=\"summary_large_image\" \/>\n<meta name=\"twitter:creator\" content=\"@Sotrender\" \/>\n<meta name=\"twitter:site\" content=\"@Sotrender\" \/>\n<meta name=\"twitter:label1\" content=\"Written by\" \/>\n\t<meta name=\"twitter:data1\" content=\"Krzysztof Mocarski\" \/>\n\t<meta name=\"twitter:label2\" content=\"Est. reading time\" \/>\n\t<meta name=\"twitter:data2\" content=\"5 minutes\" \/>\n<script type=\"application\/ld+json\" class=\"yoast-schema-graph\">{\"@context\":\"https:\/\/schema.org\",\"@graph\":[{\"@type\":\"WebPage\",\"@id\":\"https:\/\/www.sotrender.com\/blog\/pl\/2013\/08\/godziny-publikowania\/\",\"url\":\"https:\/\/www.sotrender.com\/blog\/pl\/2013\/08\/godziny-publikowania\/\",\"name\":\"Godziny publikowania - wieczorem te\u017c warto - Sotrender blog\",\"isPartOf\":{\"@id\":\"https:\/\/www.sotrender.com\/blog\/#website\"},\"primaryImageOfPage\":{\"@id\":\"https:\/\/www.sotrender.com\/blog\/pl\/2013\/08\/godziny-publikowania\/#primaryimage\"},\"image\":{\"@id\":\"https:\/\/www.sotrender.com\/blog\/pl\/2013\/08\/godziny-publikowania\/#primaryimage\"},\"thumbnailUrl\":\"https:\/\/www.sotrender.com\/blog\/wp-content\/uploads\/2013\/08\/what-hours-are-the-best-for-posting-2.jpg\",\"datePublished\":\"2013-08-22T19:30:44+00:00\",\"dateModified\":\"2016-03-09T14:11:47+00:00\",\"author\":{\"@id\":\"https:\/\/www.sotrender.com\/blog\/#\/schema\/person\/27ff7d690acf1a171e870ab5ae2cf98c\"},\"description\":\"Sotrender przeanalizowa\u0142 godziny publikowania post\u00f3w na Facebooku przez polskie strony. Kt\u00f3re godziny s\u0105 najpopularniejsze, a kiedy warto publikowa\u0107?\",\"breadcrumb\":{\"@id\":\"https:\/\/www.sotrender.com\/blog\/pl\/2013\/08\/godziny-publikowania\/#breadcrumb\"},\"inLanguage\":\"pl-PL\",\"potentialAction\":[{\"@type\":\"ReadAction\",\"target\":[\"https:\/\/www.sotrender.com\/blog\/pl\/2013\/08\/godziny-publikowania\/\"]}]},{\"@type\":\"ImageObject\",\"inLanguage\":\"pl-PL\",\"@id\":\"https:\/\/www.sotrender.com\/blog\/pl\/2013\/08\/godziny-publikowania\/#primaryimage\",\"url\":\"https:\/\/www.sotrender.com\/blog\/wp-content\/uploads\/2013\/08\/what-hours-are-the-best-for-posting-2.jpg\",\"contentUrl\":\"https:\/\/www.sotrender.com\/blog\/wp-content\/uploads\/2013\/08\/what-hours-are-the-best-for-posting-2.jpg\",\"width\":2896,\"height\":1944},{\"@type\":\"BreadcrumbList\",\"@id\":\"https:\/\/www.sotrender.com\/blog\/pl\/2013\/08\/godziny-publikowania\/#breadcrumb\",\"itemListElement\":[{\"@type\":\"ListItem\",\"position\":1,\"name\":\"Home\",\"item\":\"https:\/\/www.sotrender.com\/blog\/\"},{\"@type\":\"ListItem\",\"position\":2,\"name\":\"Godziny publikowania &#8211; wieczorem te\u017c warto\"}]},{\"@type\":\"WebSite\",\"@id\":\"https:\/\/www.sotrender.com\/blog\/#website\",\"url\":\"https:\/\/www.sotrender.com\/blog\/\",\"name\":\"Sotrender Blog\",\"description\":\"\",\"potentialAction\":[{\"@type\":\"SearchAction\",\"target\":{\"@type\":\"EntryPoint\",\"urlTemplate\":\"https:\/\/www.sotrender.com\/blog\/?s={search_term_string}\"},\"query-input\":\"required name=search_term_string\"}],\"inLanguage\":\"pl-PL\"},{\"@type\":\"Person\",\"@id\":\"https:\/\/www.sotrender.com\/blog\/#\/schema\/person\/27ff7d690acf1a171e870ab5ae2cf98c\",\"name\":\"Krzysztof Mocarski\",\"image\":{\"@type\":\"ImageObject\",\"inLanguage\":\"pl-PL\",\"@id\":\"https:\/\/www.sotrender.com\/blog\/#\/schema\/person\/image\/\",\"url\":\"https:\/\/secure.gravatar.com\/avatar\/ca0dbfe3dffc729f5e6cbc77e52264e0?s=96&d=mm&r=g\",\"contentUrl\":\"https:\/\/secure.gravatar.com\/avatar\/ca0dbfe3dffc729f5e6cbc77e52264e0?s=96&d=mm&r=g\",\"caption\":\"Krzysztof Mocarski\"},\"url\":\"https:\/\/www.sotrender.com\/blog\/pl\/author\/krzysztof-mocarski\/\"}]}<\/script>\n<!-- \/ Yoast SEO plugin. -->","yoast_head_json":{"title":"Godziny publikowania - wieczorem te\u017c warto - Sotrender blog","description":"Sotrender przeanalizowa\u0142 godziny publikowania post\u00f3w na Facebooku przez polskie strony. Kt\u00f3re godziny s\u0105 najpopularniejsze, a kiedy warto publikowa\u0107?","robots":{"index":"index","follow":"follow","max-snippet":"max-snippet:-1","max-image-preview":"max-image-preview:large","max-video-preview":"max-video-preview:-1"},"canonical":"https:\/\/www.sotrender.com\/blog\/pl\/2013\/08\/godziny-publikowania\/","og_locale":"pl_PL","og_type":"article","og_title":"Godziny publikowania - wieczorem te\u017c warto - Sotrender blog","og_description":"Sotrender przeanalizowa\u0142 godziny publikowania post\u00f3w na Facebooku przez polskie strony. Kt\u00f3re godziny s\u0105 najpopularniejsze, a kiedy warto publikowa\u0107?","og_url":"https:\/\/www.sotrender.com\/blog\/pl\/2013\/08\/godziny-publikowania\/","og_site_name":"Sotrender Blog","article_publisher":"https:\/\/www.facebook.com\/Sotrender","article_published_time":"2013-08-22T19:30:44+00:00","article_modified_time":"2016-03-09T14:11:47+00:00","og_image":[{"width":950,"height":638,"url":"https:\/\/www.sotrender.com\/blog\/wp-content\/uploads\/2013\/08\/what-hours-are-the-best-for-posting-2-950x638.jpg","type":"image\/jpeg"}],"author":"Krzysztof Mocarski","twitter_card":"summary_large_image","twitter_creator":"@Sotrender","twitter_site":"@Sotrender","twitter_misc":{"Written by":"Krzysztof Mocarski","Est. reading time":"5 minutes"},"schema":{"@context":"https:\/\/schema.org","@graph":[{"@type":"WebPage","@id":"https:\/\/www.sotrender.com\/blog\/pl\/2013\/08\/godziny-publikowania\/","url":"https:\/\/www.sotrender.com\/blog\/pl\/2013\/08\/godziny-publikowania\/","name":"Godziny publikowania - wieczorem te\u017c warto - Sotrender blog","isPartOf":{"@id":"https:\/\/www.sotrender.com\/blog\/#website"},"primaryImageOfPage":{"@id":"https:\/\/www.sotrender.com\/blog\/pl\/2013\/08\/godziny-publikowania\/#primaryimage"},"image":{"@id":"https:\/\/www.sotrender.com\/blog\/pl\/2013\/08\/godziny-publikowania\/#primaryimage"},"thumbnailUrl":"https:\/\/www.sotrender.com\/blog\/wp-content\/uploads\/2013\/08\/what-hours-are-the-best-for-posting-2.jpg","datePublished":"2013-08-22T19:30:44+00:00","dateModified":"2016-03-09T14:11:47+00:00","author":{"@id":"https:\/\/www.sotrender.com\/blog\/#\/schema\/person\/27ff7d690acf1a171e870ab5ae2cf98c"},"description":"Sotrender przeanalizowa\u0142 godziny publikowania post\u00f3w na Facebooku przez polskie strony. Kt\u00f3re godziny s\u0105 najpopularniejsze, a kiedy warto publikowa\u0107?","breadcrumb":{"@id":"https:\/\/www.sotrender.com\/blog\/pl\/2013\/08\/godziny-publikowania\/#breadcrumb"},"inLanguage":"pl-PL","potentialAction":[{"@type":"ReadAction","target":["https:\/\/www.sotrender.com\/blog\/pl\/2013\/08\/godziny-publikowania\/"]}]},{"@type":"ImageObject","inLanguage":"pl-PL","@id":"https:\/\/www.sotrender.com\/blog\/pl\/2013\/08\/godziny-publikowania\/#primaryimage","url":"https:\/\/www.sotrender.com\/blog\/wp-content\/uploads\/2013\/08\/what-hours-are-the-best-for-posting-2.jpg","contentUrl":"https:\/\/www.sotrender.com\/blog\/wp-content\/uploads\/2013\/08\/what-hours-are-the-best-for-posting-2.jpg","width":2896,"height":1944},{"@type":"BreadcrumbList","@id":"https:\/\/www.sotrender.com\/blog\/pl\/2013\/08\/godziny-publikowania\/#breadcrumb","itemListElement":[{"@type":"ListItem","position":1,"name":"Home","item":"https:\/\/www.sotrender.com\/blog\/"},{"@type":"ListItem","position":2,"name":"Godziny publikowania &#8211; wieczorem te\u017c warto"}]},{"@type":"WebSite","@id":"https:\/\/www.sotrender.com\/blog\/#website","url":"https:\/\/www.sotrender.com\/blog\/","name":"Sotrender Blog","description":"","potentialAction":[{"@type":"SearchAction","target":{"@type":"EntryPoint","urlTemplate":"https:\/\/www.sotrender.com\/blog\/?s={search_term_string}"},"query-input":"required name=search_term_string"}],"inLanguage":"pl-PL"},{"@type":"Person","@id":"https:\/\/www.sotrender.com\/blog\/#\/schema\/person\/27ff7d690acf1a171e870ab5ae2cf98c","name":"Krzysztof Mocarski","image":{"@type":"ImageObject","inLanguage":"pl-PL","@id":"https:\/\/www.sotrender.com\/blog\/#\/schema\/person\/image\/","url":"https:\/\/secure.gravatar.com\/avatar\/ca0dbfe3dffc729f5e6cbc77e52264e0?s=96&d=mm&r=g","contentUrl":"https:\/\/secure.gravatar.com\/avatar\/ca0dbfe3dffc729f5e6cbc77e52264e0?s=96&d=mm&r=g","caption":"Krzysztof Mocarski"},"url":"https:\/\/www.sotrender.com\/blog\/pl\/author\/krzysztof-mocarski\/"}]}},"_links":{"self":[{"href":"https:\/\/www.sotrender.com\/blog\/pl\/wp-json\/wp\/v2\/posts\/8827"}],"collection":[{"href":"https:\/\/www.sotrender.com\/blog\/pl\/wp-json\/wp\/v2\/posts"}],"about":[{"href":"https:\/\/www.sotrender.com\/blog\/pl\/wp-json\/wp\/v2\/types\/post"}],"author":[{"embeddable":true,"href":"https:\/\/www.sotrender.com\/blog\/pl\/wp-json\/wp\/v2\/users\/27"}],"replies":[{"embeddable":true,"href":"https:\/\/www.sotrender.com\/blog\/pl\/wp-json\/wp\/v2\/comments?post=8827"}],"version-history":[{"count":42,"href":"https:\/\/www.sotrender.com\/blog\/pl\/wp-json\/wp\/v2\/posts\/8827\/revisions"}],"predecessor-version":[{"id":21661,"href":"https:\/\/www.sotrender.com\/blog\/pl\/wp-json\/wp\/v2\/posts\/8827\/revisions\/21661"}],"wp:featuredmedia":[{"embeddable":true,"href":"https:\/\/www.sotrender.com\/blog\/pl\/wp-json\/wp\/v2\/media\/21659"}],"wp:attachment":[{"href":"https:\/\/www.sotrender.com\/blog\/pl\/wp-json\/wp\/v2\/media?parent=8827"}],"wp:term":[{"taxonomy":"category","embeddable":true,"href":"https:\/\/www.sotrender.com\/blog\/pl\/wp-json\/wp\/v2\/categories?post=8827"},{"taxonomy":"post_tag","embeddable":true,"href":"https:\/\/www.sotrender.com\/blog\/pl\/wp-json\/wp\/v2\/tags?post=8827"}],"curies":[{"name":"wp","href":"https:\/\/api.w.org\/{rel}","templated":true}]}}