{"id":8675,"date":"2013-08-07T14:10:19","date_gmt":"2013-08-07T13:10:19","guid":{"rendered":"http:\/\/blog.sotrender.com\/?p=8675"},"modified":"2015-12-01T22:15:04","modified_gmt":"2015-12-01T21:15:04","slug":"aktywnosc_fanow","status":"publish","type":"post","link":"https:\/\/www.sotrender.com\/blog\/pl\/2013\/08\/aktywnosc_fanow\/","title":{"rendered":"Aktywno\u015b\u0107 fan\u00f3w &#8211; kiedy najlepiej publikowa\u0107 wpisy?"},"content":{"rendered":"<p dir=\"ltr\" style=\"text-align: justify;\">Wi\u0119kszo\u015b\u0107 social media manager\u00f3w wie,  \u017ce <strong>nie istniej\u0105 uniwersalne godziny publikowania post\u00f3w na Facebooku<\/strong>. Przeciwnie,  ka\u017cda marka powinna okre\u015bli\u0107 swoje godziny,  dostosowane do grupy docelowej i jej przyzwyczaje\u0144. Mog\u0105 si\u0119 one zmienia\u0107 w zwi\u0105zku z nowymi kampaniami czy zmianami ustawie\u0144 serwisu.\u00a0<a href=\"http:\/\/www.sotrender.pl\/\">Sotrender<\/a> pomo\u017ce Ci zrozumie\u0107 zwyczaje grupy docelowej marki i sprawi,  \u017ce posty b\u0119d\u0105 anga\u017cowa\u0107 wi\u0119cej os\u00f3b.<\/p>\n<p style=\"text-align: justify;\"><!--more--><\/p>\n<p dir=\"ltr\" style=\"text-align: justify;\">W innych godzinach z serwisu korzystaj\u0105 gimnazjali\u015bci i liceali\u015bci,  a w innych studenci; inne nawyki maj\u0105 m\u0142odzi rodzice,  a inne starsi u\u017cytkownicy. Na zwyczaje korzystaj\u0105cych z Facebooka wp\u0142yw maj\u0105 r\u00f3wnie\u017c ich przyzwyczajenia zwi\u0105zane z danymi stronami. Je\u015bli dotychczas administrator strony konsekwentnie publikowa\u0142 wpisy o danej godzinie,  po jakim\u015b czasie fani profilu zaczynaj\u0105 oczekiwa\u0107 nowych post\u00f3w w\u0142a\u015bnie w tym czasie. Ponadto aktywno\u015b\u0107 fan\u00f3w uzale\u017cniona jest r\u00f3wnie\u017c od wydarze\u0144 zewn\u0119trznych,  takich jak emisje seriali,  program\u00f3w telewizyjnych czy te\u017c transmisji sportowych. Warto to wzi\u0105\u0107 pod uwag\u0119,  zw\u0142aszcza je\u015bli s\u0105 one powi\u0105zane z mark\u0105 przez emisj\u0119 reklam czy sponsoring.<\/p>\n<h2 dir=\"ltr\" style=\"text-align: justify;\">Kiedy fani s\u0105 aktywni?<\/h2>\n<p dir=\"ltr\" style=\"text-align: justify;\"><strong>Fani poszczeg\u00f3lnych stron mog\u0105 mocno si\u0119 r\u00f3\u017cni\u0107 zar\u00f3wno pod wzgl\u0119dem wieku czy miejsca pochodzenia,  jak i dni i godzin korzystania z Facebooka<\/strong>. Najnowsze Facebook Insights dostarczaj\u0105 informacji na temat tego,  ilu fan\u00f3w danej strony w danym okresie i o okre\u015blonej porze zobaczy\u0142o opublikowany post.<\/p>\n<div id=\"attachment_8683\" style=\"width: 826px\" class=\"wp-caption alignnone\"><a href=\"https:\/\/www.sotrender.com\/blog\/wp-content\/uploads\/2013\/08\/insighty.jpg\"><img loading=\"lazy\" decoding=\"async\" aria-describedby=\"caption-attachment-8683\" class=\"size-full wp-image-8683\" src=\"https:\/\/www.sotrender.com\/blog\/wp-content\/uploads\/2013\/08\/insighty.jpg\" alt=\"Facebook Insights - liczba fan\u00f3w,  kt\u00f3rzy zobaczyli post\" width=\"816\" height=\"517\" srcset=\"https:\/\/www.sotrender.com\/blog\/wp-content\/uploads\/2013\/08\/insighty.jpg 816w, https:\/\/www.sotrender.com\/blog\/wp-content\/uploads\/2013\/08\/insighty-475x301.jpg 475w, https:\/\/www.sotrender.com\/blog\/wp-content\/uploads\/2013\/08\/insighty-768x487.jpg 768w, https:\/\/www.sotrender.com\/blog\/wp-content\/uploads\/2013\/08\/insighty-600x380.jpg 600w\" sizes=\"(max-width: 816px) 100vw, 816px\" \/><\/a><p id=\"caption-attachment-8683\" class=\"wp-caption-text\">Facebook Insights &#8211; liczba fan\u00f3w,  kt\u00f3rzy zobaczyli post<\/p><\/div>\n<p style=\"text-align: justify;\">Jednak informacja,  \u017ce wielu fan\u00f3w profilu zobaczy\u0142o opublikowany post nie przek\u0142ada si\u0119 na korzy\u015bci dla marki. Dlatego te\u017c <strong>Sotrender wskazuje pory,  w kt\u00f3rych fani s\u0105 najaktywniejsi,  czyli anga\u017cuj\u0105 si\u0119 w najwi\u0119ksz\u0105 liczb\u0119 interakcji<\/strong>. Publikowanie w\u0142a\u015bnie w tych porach zwi\u0119ksza szanse na zobaczenie naszego wpisu oraz na interakcj\u0119 ze stron\u0105,  poprzez polubienie,  skomentowanie lub udost\u0119pnienie.<\/p>\n<p style=\"text-align: justify;\">Aby uzyska\u0107 dok\u0142adne dane dotycz\u0105ce poszczeg\u00f3lnych p\u00f3r aktywno\u015bci fan\u00f3w,  wystarczy klikn\u0105\u0107 w kart\u0119 &#8220;<strong>Zaanga\u017cowanie&#8221;<\/strong>. W ten spos\u00f3b uzyskujemy dost\u0119p do danych obrazuj\u0105cych zaanga\u017cowanie w podziale na dni tygodnia oraz godziny.\u00a0Dane w uj\u0119ciu dziennym i godzinowym mo\u017cna zobaczy\u0107 tak\u017ce w zak\u0142adkach dedykowanych Rodzajom aktywno\u015bci oraz Interactivity Index.<\/p>\n<p style=\"text-align: justify;\"><a href=\"https:\/\/www.sotrender.com\/blog\/wp-content\/uploads\/2013\/08\/zaangazowani.png\"><img loading=\"lazy\" decoding=\"async\" class=\"alignnone size-full wp-image-8687\" src=\"https:\/\/www.sotrender.com\/blog\/wp-content\/uploads\/2013\/08\/zaangazowani.png\" alt=\"zaangazowani\" width=\"149\" height=\"121\" \/><\/a><img loading=\"lazy\" decoding=\"async\" class=\" wp-image-8689 alignright\" style=\"font-size: 1rem; line-height: 1;\" src=\"https:\/\/www.sotrender.com\/blog\/wp-content\/uploads\/2013\/08\/dni-i-godziny.png\" alt=\"dni i godziny\" width=\"386\" height=\"74\" \/><\/p>\n<h2 dir=\"ltr\" style=\"text-align: justify;\">Poznaj zwyczaje Twoich fan\u00f3w<\/h2>\n<p dir=\"ltr\" style=\"text-align: justify;\">Dodatkowo,  w zak\u0142adce &#8220;<strong>Rodzaje aktywno\u015bci<\/strong>&#8220;,  mo\u017cemy sprawdzi\u0107,  w kt\u00f3rym momencie nasi fani opublikowali najwi\u0119cej komentarzy,  kiedy najcz\u0119\u015bciej udost\u0119pniali nasze tre\u015bci,  a kiedy wybierali klikanie w &#8220;Lubi\u0119 to&#8221;.<\/p>\n<div id=\"attachment_8721\" style=\"width: 635px\" class=\"wp-caption alignnone\"><a style=\"font-size: 1rem; line-height: 1;\" href=\"https:\/\/www.sotrender.com\/blog\/wp-content\/uploads\/2013\/08\/rodz-akt.jpg\"><img loading=\"lazy\" decoding=\"async\" aria-describedby=\"caption-attachment-8721\" class=\" wp-image-8721\" src=\"https:\/\/www.sotrender.com\/blog\/wp-content\/uploads\/2013\/08\/rodz-akt-1024x479.jpg\" alt=\"Rodzaje aktywno\u015bci w uj\u0119ciu godzinowym\" width=\"625\" height=\"292\" \/><\/a><p id=\"caption-attachment-8721\" class=\"wp-caption-text\">Rodzaje aktywno\u015bci w uj\u0119ciu godzinowym<\/p><\/div>\n<p style=\"text-align: justify;\">Dodatkowo,  po klikni\u0119ciu na rodzaje aktywno\u015bci,  a nast\u0119pnie w dolny pasek znajduj\u0105cy si\u0119 pod wykresem,  mo\u017cemy dowolnie zmienia\u0107 jego zawarto\u015b\u0107,  tak aby przedstawia\u0142 interesuj\u0105ce nas aktywno\u015bci.<\/p>\n<p style=\"text-align: justify;\"><a href=\"https:\/\/www.sotrender.com\/blog\/wp-content\/uploads\/2013\/08\/wykres-na-dole.png\"><img loading=\"lazy\" decoding=\"async\" class=\"alignnone size-full wp-image-8693\" src=\"https:\/\/www.sotrender.com\/blog\/wp-content\/uploads\/2013\/08\/wykres-na-dole.png\" alt=\"wykres na dole\" width=\"665\" height=\"74\" srcset=\"https:\/\/www.sotrender.com\/blog\/wp-content\/uploads\/2013\/08\/wykres-na-dole.png 665w, https:\/\/www.sotrender.com\/blog\/wp-content\/uploads\/2013\/08\/wykres-na-dole-475x53.png 475w, https:\/\/www.sotrender.com\/blog\/wp-content\/uploads\/2013\/08\/wykres-na-dole-600x67.png 600w\" sizes=\"(max-width: 665px) 100vw, 665px\" \/><\/a><\/p>\n<p dir=\"ltr\" style=\"text-align: justify;\">Jak mo\u017cemy wykorzysta\u0107 zdobyt\u0105 dzi\u0119ki <a href=\"http:\/\/www.sotrender.pl\/\">Sotrenderowi<\/a> wiedz\u0119 na temat p\u00f3r aktywno\u015bci naszych fan\u00f3w? Wiedz\u0105c,  w jakich godzinach s\u0105 oni najbardziej aktywni oraz w kt\u00f3rych dniach tygodnia anga\u017cuje si\u0119 ich najwi\u0119cej i jakie aktywno\u015bci wykonuj\u0105,  mo\u017cemy zoptymalizowa\u0107 i dostosowa\u0107 nasz\u0105 komunikacj\u0119 do czasu,  w kt\u00f3rym na Facebooku obecna jest najwi\u0119ksza liczba fan\u00f3w,  przez co nasz post trafi do szerszego grona odbiorc\u00f3w.<\/p>\n<div id=\"attachment_8705\" style=\"width: 635px\" class=\"wp-caption alignnone\"><a href=\"https:\/\/www.sotrender.com\/blog\/wp-content\/uploads\/2013\/08\/wykres-w\u0142a\u015b\u0107iwy.jpg\"><img loading=\"lazy\" decoding=\"async\" aria-describedby=\"caption-attachment-8705\" class=\" wp-image-8705 \" src=\"https:\/\/www.sotrender.com\/blog\/wp-content\/uploads\/2013\/08\/wykres-w\u0142a\u015b\u0107iwy-1024x481.jpg\" alt=\"Rodzaje aktywno\u015bci w uj\u0119ciu godzinowym\" width=\"625\" height=\"293\" \/><\/a><p id=\"caption-attachment-8705\" class=\"wp-caption-text\">Liczba aktywno\u015bci w uj\u0119ciu godzinowym<\/p><\/div>\n<p dir=\"ltr\" style=\"text-align: justify;\">Przyk\u0142adowo &#8211; je\u017celi zauwa\u017cyli\u015bmy,  \u017ce najwi\u0119cej u\u017cytkownik\u00f3w anga\u017cuje si\u0119 na stronie o godzinie 16,  warto przenie\u015b\u0107 komunikacj\u0119 na w\u0142a\u015bnie t\u0119 godzin\u0119. Podobnie jest z dniami tygodnia. Mimo,  \u017ce z\u0142ot\u0105 zasad\u0105 Facebooka jest publikowanie nowych wpis\u00f3w codziennie,  widz\u0105c,  \u017ce w czwartki anga\u017cuje si\u0119 najwi\u0119cej u\u017cytkownik\u00f3w. Warto w\u0142a\u015bnie w te dni zamieszcza\u0107 na stronie wa\u017cniejsze komunikaty,  na przyk\u0142ad o nowym produkcie czy o zbli\u017caj\u0105cej si\u0119 promocji. Warto r\u00f3wnie\u017c zastanowi\u0107 si\u0119,  z czego wynika wi\u0119ksza aktywno\u015b\u0107 fan\u00f3w o danej porze. Mo\u017ce \u0142\u0105czy si\u0119 w z emisj\u0105 jakiego\u015b programu telewizyjnego?<\/p>\n<p style=\"text-align: justify;\">Widzimy,  \u017ce najwi\u0119cej u\u017cytkownik\u00f3w anga\u017cuje si\u0119 w prowadzon\u0105 przez nas komunikacj\u0119 wieczorem? Mo\u017ce w\u0142a\u015bnie wtedy warto publikowa\u0107 wi\u0119cej wpis\u00f3w?\u00a0Sotrender \u015bledzi r\u00f3wnie\u017c dzia\u0142alno\u015b\u0107 prowadz\u0105cego fanpage i pokazuje,  w kt\u00f3rych godzinach jest on najaktywniejszy,  a kiedy nie publikuje nowych post\u00f3w. Mo\u017ce warto to zmieni\u0107?<\/p>\n<div id=\"attachment_8711\" style=\"width: 635px\" class=\"wp-caption alignnone\"><a href=\"https:\/\/www.sotrender.com\/blog\/wp-content\/uploads\/2013\/08\/aktywnosci-prowadz\u0105c.jpg\"><img loading=\"lazy\" decoding=\"async\" aria-describedby=\"caption-attachment-8711\" class=\"size-large wp-image-8711\" src=\"https:\/\/www.sotrender.com\/blog\/wp-content\/uploads\/2013\/08\/aktywnosci-prowadz\u0105c-1024x481.jpg\" alt=\"Aktywno\u015bci prowadz\u0105cego stron\u0119 w uj\u0119ciu godzinowym\" width=\"625\" height=\"293\" \/><\/a><p id=\"caption-attachment-8711\" class=\"wp-caption-text\">Aktywno\u015bci prowadz\u0105cego stron\u0119 w uj\u0119ciu godzinowym<\/p><\/div>\n<p dir=\"ltr\" style=\"text-align: justify;\">Maj\u0105c ju\u017c wiedz\u0119 na temat p\u00f3r,  w kt\u00f3rych aktywno\u015b\u0107 fan\u00f3w jest wzmo\u017cona,  warto sprawdzi\u0107 r\u00f3wnie\u017c inne godziny,  w kt\u00f3rych u\u017cytkownicy anga\u017cuj\u0105 si\u0119 w interakcj\u0119 niesprowokowan\u0105 dzia\u0142ano\u015bci\u0105 administratora,  np. wczesne godziny poranne czy p\u00f3\u017ane godziny wieczorne. Je\u015bli oka\u017ce si\u0119,  \u017ce w\u0142a\u015bnie wtedy uaktywnia si\u0119 znaczna liczba naszych fan\u00f3w,  mo\u017ce warto przenie\u015b\u0107 cz\u0119\u015b\u0107 komunikacji w\u0142a\u015bnie na te pory i zmieni\u0107 godziny pracy social media managera czy osoby moderuj\u0105cej spo\u0142eczno\u015b\u0107?<\/p>\n<h2 dir=\"ltr\" style=\"text-align: justify;\">Sotrender podpowie,  co robi\u0107 lepiej<\/h2>\n<p dir=\"ltr\" style=\"text-align: justify;\">Aby w pe\u0142ni korzysta\u0107 z wiedzy dostarczanej przez Sotrender,  nie trzeba by\u0107 ekspertem w analizowaniu wykres\u00f3w. Chc\u0105c zaoszcz\u0119dzi\u0107 czas u\u017cytkownik\u00f3w naszego narz\u0119dzia,  wprowadzili\u015bmy do niego now\u0105 funkcjonalno\u015b\u0107 &#8211; <a href=\"https:\/\/www.sotrender.com\/blog\/pl\/2012\/08\/wskazowki-czyli-analityczna-rewolucja-w-sotrender\/\">automatyczne wskaz\u00f3wki, <\/a> dzia\u0142aj\u0105ce w oparciu o algorytmy data-mining. Pomog\u0105 one w interpretowaniu danych,  dostarczaj\u0105c porad,  kt\u00f3re od razu mo\u017cna wprowadzi\u0107 w \u017cycie,  aby prowadzi\u0107 jeszcze skuteczniejsz\u0105 komunikacj\u0119. Dzi\u0119ki wskaz\u00f3wkom dowiemy si\u0119 nie tylko,  kiedy aktywno\u015b\u0107 fan\u00f3w jest najwy\u017csza i kiedy najlepiej publikowa\u0107,  ale r\u00f3wnie\u017c w jakich porach warto spr\u00f3bowa\u0107 to robi\u0107.<\/p>\n<p style=\"text-align: justify;\">\u00a0<a href=\"https:\/\/www.sotrender.com\/blog\/wp-content\/uploads\/2013\/08\/wskaz\u00f3wka-2.jpg\"><img loading=\"lazy\" decoding=\"async\" class=\"alignnone size-full wp-image-8697\" src=\"https:\/\/www.sotrender.com\/blog\/wp-content\/uploads\/2013\/08\/wskaz\u00f3wka-2.jpg\" alt=\"wskaz\u00f3wka 2\" width=\"469\" height=\"124\" \/><\/a><\/p>\n<p style=\"text-align: justify;\"><a href=\"https:\/\/www.sotrender.com\/blog\/wp-content\/uploads\/2013\/08\/wskaz\u00f3wka-1.jpg\"><img loading=\"lazy\" decoding=\"async\" class=\"alignnone size-full wp-image-8701\" src=\"https:\/\/www.sotrender.com\/blog\/wp-content\/uploads\/2013\/08\/wskaz\u00f3wka-1.jpg\" alt=\"wskaz\u00f3wka 1\" width=\"470\" height=\"124\" \/><\/a><\/p>\n<p style=\"text-align: justify;\"><a href=\"https:\/\/www.sotrender.com\/blog\/wp-content\/uploads\/2013\/08\/wskaz\u00f3wka-3.jpg\"><img loading=\"lazy\" decoding=\"async\" class=\"alignnone size-full wp-image-8699\" src=\"https:\/\/www.sotrender.com\/blog\/wp-content\/uploads\/2013\/08\/wskaz\u00f3wka-3.jpg\" alt=\"wskaz\u00f3wka 3\" width=\"470\" height=\"147\" \/><\/a><\/p>\n<p dir=\"ltr\" style=\"text-align: justify;\"><strong>Zapraszamy te\u017c do lektury innych wpis\u00f3w o funkcjonalno\u015bciach <a href=\"http:\/\/www.sotrender.pl\/\">Sotrendera<\/a>:<\/strong><\/p>\n<ul>\n<li dir=\"ltr\" style=\"text-align: justify;\">\n<p dir=\"ltr\"><a href=\"https:\/\/www.sotrender.com\/blog\/pl\/2013\/07\/zaangazowanie-facebook\/\">Zaanga\u017cowanie fan\u00f3w &#8211; jak je mierzy\u0107?<\/a><\/p>\n<\/li>\n<li dir=\"ltr\" style=\"text-align: justify;\">\n<p dir=\"ltr\"><a href=\"https:\/\/www.sotrender.com\/blog\/pl\/2012\/08\/jak-skutecznie-prowadzic-fanpage-czyli-sotrender-tutorial-czesc-1-wskazowki\/\">Wskaz\u00f3wki kroku po kroku \u2013 tutorial<\/a><\/p>\n<\/li>\n<li dir=\"ltr\" style=\"text-align: justify;\">\n<p dir=\"ltr\"><a href=\"https:\/\/www.sotrender.com\/blog\/pl\/2012\/09\/nowa-funkcjonalnosc-tagowanie-postow\/\">Tagowanie post\u00f3w,  czyli zaawanasowana analiza skuteczno\u015bci tre\u015bci<\/a><\/p>\n<\/li>\n<li dir=\"ltr\" style=\"text-align: justify;\"><a href=\"https:\/\/www.sotrender.com\/blog\/pl\/2012\/08\/sotrender-lite-czyli-wsparciu-marketingu-na-facebooku-dla-mnieszych-firm\/\">Sotrender Lite \u2013 rozwi\u0105zanie dla ma\u0142ych firm i wolnych strzelc\u00f3w<\/a><\/li>\n<\/ul>\n","protected":false},"excerpt":{"rendered":"<p>Wi\u0119kszo\u015b\u0107 social media manager\u00f3w wie, \u017ce nie istniej\u0105 uniwersalne godziny publikowania post\u00f3w na Facebooku. Przeciwnie, ka\u017cda marka powinna okre\u015bli\u0107 swoje godziny, dostosowane do grupy docelowej i jej przyzwyczaje\u0144. Mog\u0105 si\u0119 one zmienia\u0107 w zwi\u0105zku z nowymi kampaniami czy zmianami ustawie\u0144 serwisu.\u00a0Sotrender pomo\u017ce Ci zrozumie\u0107 zwyczaje grupy docelowej marki i sprawi, \u017ce posty b\u0119d\u0105 anga\u017cowa\u0107 wi\u0119cej [&hellip;]<\/p>\n","protected":false},"author":31,"featured_media":15359,"comment_status":"open","ping_status":"open","sticky":false,"template":"","format":"standard","meta":{"inline_featured_image":false,"footnotes":""},"categories":[1793,1797],"tags":[679,681,7,17,675],"yoast_head":"<!-- This site is optimized with the Yoast SEO plugin v22.4 - https:\/\/yoast.com\/wordpress\/plugins\/seo\/ -->\n<title>Aktywno\u015b\u0107 fan\u00f3w - kiedy najlepiej publikowa\u0107 wpisy? - Sotrender<\/title>\n<meta name=\"description\" content=\"Aktywno\u015b\u0107 fan\u00f3w - Sotrender pomo\u017ce Ci zrozumie\u0107 rytmy aktywno\u015bci fan\u00f3w Twojej marki i sprawi, \u017ce publikowane przez Ciebie posty b\u0119d\u0105 anga\u017cowa\u0107 wi\u0119cej os\u00f3b.\" \/>\n<meta name=\"robots\" content=\"index, follow, max-snippet:-1, max-image-preview:large, max-video-preview:-1\" \/>\n<link rel=\"canonical\" href=\"https:\/\/www.sotrender.com\/blog\/pl\/2013\/08\/aktywnosc_fanow\/\" \/>\n<meta property=\"og:locale\" content=\"pl_PL\" \/>\n<meta property=\"og:type\" content=\"article\" \/>\n<meta property=\"og:title\" content=\"Aktywno\u015b\u0107 fan\u00f3w - kiedy najlepiej publikowa\u0107 wpisy? - Sotrender\" \/>\n<meta property=\"og:description\" content=\"Aktywno\u015b\u0107 fan\u00f3w - Sotrender pomo\u017ce Ci zrozumie\u0107 rytmy aktywno\u015bci fan\u00f3w Twojej marki i sprawi, \u017ce publikowane przez Ciebie posty b\u0119d\u0105 anga\u017cowa\u0107 wi\u0119cej os\u00f3b.\" \/>\n<meta property=\"og:url\" content=\"https:\/\/www.sotrender.com\/blog\/pl\/2013\/08\/aktywnosc_fanow\/\" \/>\n<meta property=\"og:site_name\" content=\"Sotrender Blog\" \/>\n<meta property=\"article:publisher\" content=\"https:\/\/www.facebook.com\/Sotrender\" \/>\n<meta property=\"article:published_time\" content=\"2013-08-07T13:10:19+00:00\" \/>\n<meta property=\"article:modified_time\" content=\"2015-12-01T21:15:04+00:00\" \/>\n<meta property=\"og:image\" content=\"https:\/\/www.sotrender.com\/blog\/wp-content\/uploads\/2014\/10\/raportyPL.jpg\" \/>\n\t<meta property=\"og:image:width\" content=\"1600\" \/>\n\t<meta property=\"og:image:height\" content=\"700\" \/>\n\t<meta property=\"og:image:type\" content=\"image\/jpeg\" \/>\n<meta name=\"author\" content=\"Aleksandra Prejs\" \/>\n<meta name=\"twitter:card\" content=\"summary_large_image\" \/>\n<meta name=\"twitter:creator\" content=\"@Sotrender\" \/>\n<meta name=\"twitter:site\" content=\"@Sotrender\" \/>\n<meta name=\"twitter:label1\" content=\"Written by\" \/>\n\t<meta name=\"twitter:data1\" content=\"Aleksandra Prejs\" \/>\n\t<meta name=\"twitter:label2\" content=\"Est. reading time\" \/>\n\t<meta name=\"twitter:data2\" content=\"5 minutes\" \/>\n<script type=\"application\/ld+json\" class=\"yoast-schema-graph\">{\"@context\":\"https:\/\/schema.org\",\"@graph\":[{\"@type\":\"WebPage\",\"@id\":\"https:\/\/www.sotrender.com\/blog\/pl\/2013\/08\/aktywnosc_fanow\/\",\"url\":\"https:\/\/www.sotrender.com\/blog\/pl\/2013\/08\/aktywnosc_fanow\/\",\"name\":\"Aktywno\u015b\u0107 fan\u00f3w - kiedy najlepiej publikowa\u0107 wpisy? - Sotrender\",\"isPartOf\":{\"@id\":\"https:\/\/www.sotrender.com\/blog\/#website\"},\"primaryImageOfPage\":{\"@id\":\"https:\/\/www.sotrender.com\/blog\/pl\/2013\/08\/aktywnosc_fanow\/#primaryimage\"},\"image\":{\"@id\":\"https:\/\/www.sotrender.com\/blog\/pl\/2013\/08\/aktywnosc_fanow\/#primaryimage\"},\"thumbnailUrl\":\"https:\/\/www.sotrender.com\/blog\/wp-content\/uploads\/2014\/10\/raportyPL.jpg\",\"datePublished\":\"2013-08-07T13:10:19+00:00\",\"dateModified\":\"2015-12-01T21:15:04+00:00\",\"author\":{\"@id\":\"https:\/\/www.sotrender.com\/blog\/#\/schema\/person\/7106df62825269bc360ad9171cd7149b\"},\"description\":\"Aktywno\u015b\u0107 fan\u00f3w - Sotrender pomo\u017ce Ci zrozumie\u0107 rytmy aktywno\u015bci fan\u00f3w Twojej marki i sprawi, \u017ce publikowane przez Ciebie posty b\u0119d\u0105 anga\u017cowa\u0107 wi\u0119cej os\u00f3b.\",\"breadcrumb\":{\"@id\":\"https:\/\/www.sotrender.com\/blog\/pl\/2013\/08\/aktywnosc_fanow\/#breadcrumb\"},\"inLanguage\":\"pl-PL\",\"potentialAction\":[{\"@type\":\"ReadAction\",\"target\":[\"https:\/\/www.sotrender.com\/blog\/pl\/2013\/08\/aktywnosc_fanow\/\"]}]},{\"@type\":\"ImageObject\",\"inLanguage\":\"pl-PL\",\"@id\":\"https:\/\/www.sotrender.com\/blog\/pl\/2013\/08\/aktywnosc_fanow\/#primaryimage\",\"url\":\"https:\/\/www.sotrender.com\/blog\/wp-content\/uploads\/2014\/10\/raportyPL.jpg\",\"contentUrl\":\"https:\/\/www.sotrender.com\/blog\/wp-content\/uploads\/2014\/10\/raportyPL.jpg\",\"width\":1600,\"height\":700},{\"@type\":\"BreadcrumbList\",\"@id\":\"https:\/\/www.sotrender.com\/blog\/pl\/2013\/08\/aktywnosc_fanow\/#breadcrumb\",\"itemListElement\":[{\"@type\":\"ListItem\",\"position\":1,\"name\":\"Home\",\"item\":\"https:\/\/www.sotrender.com\/blog\/\"},{\"@type\":\"ListItem\",\"position\":2,\"name\":\"Aktywno\u015b\u0107 fan\u00f3w &#8211; kiedy najlepiej publikowa\u0107 wpisy?\"}]},{\"@type\":\"WebSite\",\"@id\":\"https:\/\/www.sotrender.com\/blog\/#website\",\"url\":\"https:\/\/www.sotrender.com\/blog\/\",\"name\":\"Sotrender Blog\",\"description\":\"\",\"potentialAction\":[{\"@type\":\"SearchAction\",\"target\":{\"@type\":\"EntryPoint\",\"urlTemplate\":\"https:\/\/www.sotrender.com\/blog\/?s={search_term_string}\"},\"query-input\":\"required name=search_term_string\"}],\"inLanguage\":\"pl-PL\"},{\"@type\":\"Person\",\"@id\":\"https:\/\/www.sotrender.com\/blog\/#\/schema\/person\/7106df62825269bc360ad9171cd7149b\",\"name\":\"Aleksandra Prejs\",\"image\":{\"@type\":\"ImageObject\",\"inLanguage\":\"pl-PL\",\"@id\":\"https:\/\/www.sotrender.com\/blog\/#\/schema\/person\/image\/\",\"url\":\"https:\/\/secure.gravatar.com\/avatar\/469000454b77ff0aacb32c49dba023be?s=96&d=mm&r=g\",\"contentUrl\":\"https:\/\/secure.gravatar.com\/avatar\/469000454b77ff0aacb32c49dba023be?s=96&d=mm&r=g\",\"caption\":\"Aleksandra Prejs\"},\"url\":\"https:\/\/www.sotrender.com\/blog\/pl\/author\/aleksandra-prejs\/\"}]}<\/script>\n<!-- \/ Yoast SEO plugin. -->","yoast_head_json":{"title":"Aktywno\u015b\u0107 fan\u00f3w - kiedy najlepiej publikowa\u0107 wpisy? - Sotrender","description":"Aktywno\u015b\u0107 fan\u00f3w - Sotrender pomo\u017ce Ci zrozumie\u0107 rytmy aktywno\u015bci fan\u00f3w Twojej marki i sprawi, \u017ce publikowane przez Ciebie posty b\u0119d\u0105 anga\u017cowa\u0107 wi\u0119cej os\u00f3b.","robots":{"index":"index","follow":"follow","max-snippet":"max-snippet:-1","max-image-preview":"max-image-preview:large","max-video-preview":"max-video-preview:-1"},"canonical":"https:\/\/www.sotrender.com\/blog\/pl\/2013\/08\/aktywnosc_fanow\/","og_locale":"pl_PL","og_type":"article","og_title":"Aktywno\u015b\u0107 fan\u00f3w - kiedy najlepiej publikowa\u0107 wpisy? - Sotrender","og_description":"Aktywno\u015b\u0107 fan\u00f3w - Sotrender pomo\u017ce Ci zrozumie\u0107 rytmy aktywno\u015bci fan\u00f3w Twojej marki i sprawi, \u017ce publikowane przez Ciebie posty b\u0119d\u0105 anga\u017cowa\u0107 wi\u0119cej os\u00f3b.","og_url":"https:\/\/www.sotrender.com\/blog\/pl\/2013\/08\/aktywnosc_fanow\/","og_site_name":"Sotrender Blog","article_publisher":"https:\/\/www.facebook.com\/Sotrender","article_published_time":"2013-08-07T13:10:19+00:00","article_modified_time":"2015-12-01T21:15:04+00:00","og_image":[{"width":1600,"height":700,"url":"https:\/\/www.sotrender.com\/blog\/wp-content\/uploads\/2014\/10\/raportyPL.jpg","type":"image\/jpeg"}],"author":"Aleksandra Prejs","twitter_card":"summary_large_image","twitter_creator":"@Sotrender","twitter_site":"@Sotrender","twitter_misc":{"Written by":"Aleksandra Prejs","Est. reading time":"5 minutes"},"schema":{"@context":"https:\/\/schema.org","@graph":[{"@type":"WebPage","@id":"https:\/\/www.sotrender.com\/blog\/pl\/2013\/08\/aktywnosc_fanow\/","url":"https:\/\/www.sotrender.com\/blog\/pl\/2013\/08\/aktywnosc_fanow\/","name":"Aktywno\u015b\u0107 fan\u00f3w - kiedy najlepiej publikowa\u0107 wpisy? - Sotrender","isPartOf":{"@id":"https:\/\/www.sotrender.com\/blog\/#website"},"primaryImageOfPage":{"@id":"https:\/\/www.sotrender.com\/blog\/pl\/2013\/08\/aktywnosc_fanow\/#primaryimage"},"image":{"@id":"https:\/\/www.sotrender.com\/blog\/pl\/2013\/08\/aktywnosc_fanow\/#primaryimage"},"thumbnailUrl":"https:\/\/www.sotrender.com\/blog\/wp-content\/uploads\/2014\/10\/raportyPL.jpg","datePublished":"2013-08-07T13:10:19+00:00","dateModified":"2015-12-01T21:15:04+00:00","author":{"@id":"https:\/\/www.sotrender.com\/blog\/#\/schema\/person\/7106df62825269bc360ad9171cd7149b"},"description":"Aktywno\u015b\u0107 fan\u00f3w - Sotrender pomo\u017ce Ci zrozumie\u0107 rytmy aktywno\u015bci fan\u00f3w Twojej marki i sprawi, \u017ce publikowane przez Ciebie posty b\u0119d\u0105 anga\u017cowa\u0107 wi\u0119cej os\u00f3b.","breadcrumb":{"@id":"https:\/\/www.sotrender.com\/blog\/pl\/2013\/08\/aktywnosc_fanow\/#breadcrumb"},"inLanguage":"pl-PL","potentialAction":[{"@type":"ReadAction","target":["https:\/\/www.sotrender.com\/blog\/pl\/2013\/08\/aktywnosc_fanow\/"]}]},{"@type":"ImageObject","inLanguage":"pl-PL","@id":"https:\/\/www.sotrender.com\/blog\/pl\/2013\/08\/aktywnosc_fanow\/#primaryimage","url":"https:\/\/www.sotrender.com\/blog\/wp-content\/uploads\/2014\/10\/raportyPL.jpg","contentUrl":"https:\/\/www.sotrender.com\/blog\/wp-content\/uploads\/2014\/10\/raportyPL.jpg","width":1600,"height":700},{"@type":"BreadcrumbList","@id":"https:\/\/www.sotrender.com\/blog\/pl\/2013\/08\/aktywnosc_fanow\/#breadcrumb","itemListElement":[{"@type":"ListItem","position":1,"name":"Home","item":"https:\/\/www.sotrender.com\/blog\/"},{"@type":"ListItem","position":2,"name":"Aktywno\u015b\u0107 fan\u00f3w &#8211; kiedy najlepiej publikowa\u0107 wpisy?"}]},{"@type":"WebSite","@id":"https:\/\/www.sotrender.com\/blog\/#website","url":"https:\/\/www.sotrender.com\/blog\/","name":"Sotrender Blog","description":"","potentialAction":[{"@type":"SearchAction","target":{"@type":"EntryPoint","urlTemplate":"https:\/\/www.sotrender.com\/blog\/?s={search_term_string}"},"query-input":"required name=search_term_string"}],"inLanguage":"pl-PL"},{"@type":"Person","@id":"https:\/\/www.sotrender.com\/blog\/#\/schema\/person\/7106df62825269bc360ad9171cd7149b","name":"Aleksandra Prejs","image":{"@type":"ImageObject","inLanguage":"pl-PL","@id":"https:\/\/www.sotrender.com\/blog\/#\/schema\/person\/image\/","url":"https:\/\/secure.gravatar.com\/avatar\/469000454b77ff0aacb32c49dba023be?s=96&d=mm&r=g","contentUrl":"https:\/\/secure.gravatar.com\/avatar\/469000454b77ff0aacb32c49dba023be?s=96&d=mm&r=g","caption":"Aleksandra Prejs"},"url":"https:\/\/www.sotrender.com\/blog\/pl\/author\/aleksandra-prejs\/"}]}},"_links":{"self":[{"href":"https:\/\/www.sotrender.com\/blog\/pl\/wp-json\/wp\/v2\/posts\/8675"}],"collection":[{"href":"https:\/\/www.sotrender.com\/blog\/pl\/wp-json\/wp\/v2\/posts"}],"about":[{"href":"https:\/\/www.sotrender.com\/blog\/pl\/wp-json\/wp\/v2\/types\/post"}],"author":[{"embeddable":true,"href":"https:\/\/www.sotrender.com\/blog\/pl\/wp-json\/wp\/v2\/users\/31"}],"replies":[{"embeddable":true,"href":"https:\/\/www.sotrender.com\/blog\/pl\/wp-json\/wp\/v2\/comments?post=8675"}],"version-history":[{"count":29,"href":"https:\/\/www.sotrender.com\/blog\/pl\/wp-json\/wp\/v2\/posts\/8675\/revisions"}],"predecessor-version":[{"id":15573,"href":"https:\/\/www.sotrender.com\/blog\/pl\/wp-json\/wp\/v2\/posts\/8675\/revisions\/15573"}],"wp:featuredmedia":[{"embeddable":true,"href":"https:\/\/www.sotrender.com\/blog\/pl\/wp-json\/wp\/v2\/media\/15359"}],"wp:attachment":[{"href":"https:\/\/www.sotrender.com\/blog\/pl\/wp-json\/wp\/v2\/media?parent=8675"}],"wp:term":[{"taxonomy":"category","embeddable":true,"href":"https:\/\/www.sotrender.com\/blog\/pl\/wp-json\/wp\/v2\/categories?post=8675"},{"taxonomy":"post_tag","embeddable":true,"href":"https:\/\/www.sotrender.com\/blog\/pl\/wp-json\/wp\/v2\/tags?post=8675"}],"curies":[{"name":"wp","href":"https:\/\/api.w.org\/{rel}","templated":true}]}}