{"id":8575,"date":"2013-08-05T12:31:50","date_gmt":"2013-08-05T11:31:50","guid":{"rendered":"http:\/\/blog.sotrender.com\/?p=8575"},"modified":"2015-12-01T22:15:18","modified_gmt":"2015-12-01T21:15:18","slug":"fanpage-trends-lipiec-2013","status":"publish","type":"post","link":"https:\/\/www.sotrender.com\/blog\/pl\/2013\/08\/fanpage-trends-lipiec-2013\/","title":{"rendered":"Fanpage Trends lipiec 2013 \u2013 gor\u0105co jak zawsze"},"content":{"rendered":"<p><a href=\"https:\/\/www.sotrender.com\/blog\/wp-content\/uploads\/2013\/08\/lipiec.png\"><img loading=\"lazy\" decoding=\"async\" class=\"alignleft  wp-image-8579\" alt=\"lipiec\" src=\"https:\/\/www.sotrender.com\/blog\/wp-content\/uploads\/2013\/08\/lipiec-300x199.png\" width=\"216\" height=\"143\" \/><\/a><\/p>\n<p>W <a title=\"Czytaj raport Fanpage Trends Lipiec 2013\" href=\"http:\/\/www.sotrender.pl\/fanpage-trends\/201307\" target=\"_blank\">nowym raporcie Fanpage Trends<\/a> znowu zmiany<b>. <\/b>Skromna infografika rozpoczynaj\u0105ca raport zyska\u0142a zupe\u0142nie nowe oblicze i obecnie przedstawia wi\u0119cej u\u017cytecznych danych. Teraz w mgnieniu oka dowiecie si\u0119,  kto by\u0142 w ostatnim miesi\u0105cu najlepszy. Mamy nadziej\u0119,  \u017ce przypadnie Wam do gustu,  tak samo jak nam.<\/p>\n<p>&nbsp;<\/p>\n<h3><!--more-->Letnie nowo\u015bci<\/h3>\n<p>W najnowszym raporcie pojawi\u0142a si\u0119 <a href=\"https:\/\/www.sotrender.com\/blog\/pl\/2013\/08\/sotrender-research-insight\/\" target=\"_blank\">sekcja Sotrender Research Insight<\/a>,  w kt\u00f3rej w ka\u017cdym miesi\u0105cu zesp\u00f3\u0142 Sotrender Research Team b\u0119dzie przedstawia\u0142 kr\u00f3tkie analizy wybranego tematu. Tym razem na warsztat wzi\u0119li\u015bmy to,  czy marki telekomunikacyjne reaguj\u0105 na posty fan\u00f3w i jak szybko to robi\u0105. Wiecie,  kt\u00f3ry z profili radzi sobie w tej konkurencji najlepiej?<\/p>\n<p>Poza tym do naszych comiesi\u0119cznych ranking\u00f3w w\u0142\u0105czyli\u015bmy profile mi\u0119dzynarodowe,  kt\u00f3re maj\u0105 oddzielne strony dla r\u00f3\u017cnych kraj\u00f3w. Facebook zapowiada\u0142,  \u017ce dostarczy dane o liczbie fan\u00f3w poszczeg\u00f3lnych stron,  jednak dotychczas tego nie zrobi\u0142,  za to Sotrender udost\u0119pnia je Wam ju\u017c dzi\u015b! Dzi\u0119ki takiemu rozwi\u0105zaniu mo\u017cliwe jest por\u00f3wnanie polskich stron profili mi\u0119dzynarodowych z pozosta\u0142ymi polskimi stronami. Niestety z przyczyn technicznych nie mo\u017cemy pokaza\u0107 danych z Polski dla profili,  kt\u00f3re prowadz\u0105 jedn\u0105 mi\u0119dzynarodow\u0105 stron\u0119 jedynie publikuj\u0105c posty dedykowane r\u00f3\u017cnym krajom.<\/p>\n<h3>Co w Fanpage Trends?<\/h3>\n<p>Po dodaniu stron mi\u0119dzynarodowych,  w niekt\u00f3rych rankingach mo\u017cna zaobserwowa\u0107 zmiany. \u017bywno\u015b\u0107 po dodaniu polskich fan\u00f3w <a href=\"https:\/\/www.facebook.com\/MilkaPoland\" target=\"_blank\">Milki<\/a> i <a href=\"https:\/\/www.facebook.com\/kitkatpl\" target=\"_blank\">Kit Kata<\/a> awansowa\u0142a o dwa miejsca w rankingu wed\u0142ug wielko\u015bci,  zamieniaj\u0105c si\u0119 ze Sportem,  w kt\u00f3rym z kolei w lipcu dzia\u0142o si\u0119 mniej ni\u017c w ostatnich miesi\u0105cach. Tym samym \u017bywno\u015b\u0107 sta\u0142a si\u0119 czwart\u0105 najwi\u0119ksz\u0105 kategori\u0105 stron po Muzyce,  Celebrytach i E-commerce.<\/p>\n<p>Chocia\u017c pierwsza dziewi\u0105tka w rankingu najwi\u0119kszych polskich stron wygl\u0105da stabilnie,  warto zwr\u00f3ci\u0107 uwag\u0119 na drug\u0105 cz\u0119\u015b\u0107 wykresu,  gdzie znajduje si\u0119 pi\u0119\u0107 stron wielko\u015bci od 1 do 1, 1 miliona fan\u00f3w i tam w\u0142a\u015bnie toczy si\u0119 walka. Z 10. miejsca <a href=\"https:\/\/www.facebook.com\/Tymbark\" target=\"_blank\">Tymbark <\/a>wykolegowa\u0142 <a href=\"https:\/\/www.facebook.com\/Reserved\" target=\"_blank\">Reserved<\/a>,  a <a href=\"https:\/\/www.facebook.com\/SamsungPolska\" target=\"_blank\">Samsung Polska<\/a>,  kt\u00f3ry 10 lipca przekroczy\u0142 milion fan\u00f3w,  przeskoczy\u0142 <a href=\"https:\/\/www.facebook.com\/KrolJulian\" target=\"_blank\">Kr\u00f3la Juliana<\/a> i <a href=\"https:\/\/www.facebook.com\/McDonaldsPolska\" target=\"_blank\">Mc Donald\u2019s Polska<\/a> zajmuj\u0105c 12. miejsce rankingu.<\/p>\n<p>Najwi\u0119kszy procentowy wzrost w tym miesi\u0105cu zaliczy\u0142 fanpage <a href=\"https:\/\/www.facebook.com\/battlefieldpl\" target=\"_blank\">Battlefield<\/a>. Zdoby\u0142 prawie 50 tysi\u0119cy fan\u00f3w,  co oznacza wzrost o 130%,  cho\u0107 premier\u0119 czwartej cz\u0119\u015bci gry zapowiedziano dopiero na 31 pa\u017adziernika.<\/p>\n<p>Warto zwr\u00f3ci\u0107 uwag\u0119 na <a href=\"https:\/\/www.facebook.com\/BaskizBankuBGZ\" target=\"_blank\">Ba\u015bki z Banku BG\u017b<\/a>. M\u0142ody,  bo za\u0142o\u017cony 14 maja,  fanpage z zabawnymi tre\u015bciami przegoni\u0142 lidera rankingu bank\u00f3w,  <a href=\"https:\/\/www.facebook.com\/bzwbk\" target=\"_blank\">Bank Zachodni WBK<\/a>. Strona rozwija si\u0119 bardzo szybko (w lipcu powi\u0119kszy\u0142a liczb\u0119 fan\u00f3w o 46%). Ma ju\u017c 125 tysi\u0119cy fan\u00f3w,  co oznacza ju\u017c kilka tysi\u0119cy fan\u00f3w wi\u0119cej ni\u017c zdoby\u0142 niekwestionowany do tej pory lider BZ WBK,  a strona Basiek wci\u0105\u017c ro\u015bnie w du\u017cym tempie. Trzeba tu zwr\u00f3ci\u0107 uwag\u0119 na zawarto\u015b\u0107 strony &#8211; w przeciwie\u0144stwie do wyprzedzonych stron,  nie znajdziemy tu komunikacji bran\u017cowej. Jedyn\u0105 oznak\u0105,  \u017ce to strona banku s\u0105 brand hero,  czyli wiewi\u00f3rki reklamuj\u0105ce BG\u017b i logo banku pod ka\u017cdym.<\/p>\n<div id=\"attachment_8585\" style=\"width: 233px\" class=\"wp-caption aligncenter\"><a href=\"https:\/\/www.facebook.com\/serceirozum\" target=\"_blank\"><img loading=\"lazy\" decoding=\"async\" aria-describedby=\"caption-attachment-8585\" class=\"wp-image-8585    \" title=\"Serce i Rozum maj\u0105 2 miliony fan\u00f3w\" alt=\"lipiec1\" src=\"https:\/\/www.sotrender.com\/blog\/wp-content\/uploads\/2013\/08\/lipiec1-300x273.png\" width=\"223\" height=\"204\" \/><\/a><p id=\"caption-attachment-8585\" class=\"wp-caption-text\">Zobacz fanpage Serce i Rozum.<\/p><\/div>\n<p>Ju\u017c nie w lipcu,  bo 1. sierpnia,  <a href=\"https:\/\/www.facebook.com\/serceirozum\" target=\"_blank\">Serce i Rozum<\/a> zostali pierwsz\u0105 polsk\u0105 stron\u0105 z 2 milionami fan\u00f3w,  co uczcili specjalnym,  <a title=\"Serce i Rozum 2 miliony fan\u00f3w\" href=\"https:\/\/www.youtube.com\/watch?v=Zj8tnVKBSQY\" target=\"_blank\">dedykowanym Facebookowym fanom spotem<\/a>. Dzi\u015b sk\u0142adamy serdeczne gratulacje,  a wi\u0119cej o tym sukcesie napiszemy w sierpniowym raporcie Fanpage Trends.<\/p>\n<h3>Nowe mo\u017cliwo\u015bci na Facebooku<\/h3>\n<p>Wa\u017cn\u0105 dla firm zmian\u0105 jest rozlu\u017anienie zapisu regulaminu Facebooka dotycz\u0105cego zdj\u0119cia w tle. Zniesiono obostrzenia dotycz\u0105ce umieszczania w nim tekstu \u2013 teraz mo\u017ce on zajmowa\u0107 dowoln\u0105 powierzchni\u0119. Co wi\u0119cej,  teraz mo\u017ce zawiera\u0107 tak\u017ce \u201ecall to action\u201d,  czyli np. pro\u015bb\u0119 o polubienie profilu,  mo\u017ce tak\u017ce informowa\u0107 o wydarzeniach lub promocjach.<\/p>\n<p>Dla walcz\u0105cych o widoczno\u015b\u0107 post\u00f3w Facebook proponuje pewne u\u0142atwienia. Promocja post\u00f3w nawet dla mniej zaawansowanych u\u017cytkownik\u00f3w sta\u0142a si\u0119 nieskomplikowanym zabiegiem,  poniewa\u017c przy wyborze kwoty jak\u0105 chcemy przeznaczy\u0107 na promocj\u0119,  Facebook automatycznie poka\u017ce szacowany zasi\u0119g. Dla zwolennik\u00f3w bezp\u0142atnych rozwi\u0105za\u0144 dobr\u0105 wiadomo\u015bci\u0105 jest pojawienie si\u0119 po polubieniu strony lub naprowadzeniu kursora na przycisk \u201eLike\u201d okienka,  w kt\u00f3rym u\u017cytkownik szybko mo\u017ce zaznaczy\u0107,  \u017ce chce otrzymywa\u0107 powiadomienia o nowych postach od strony.<\/p>\n<div id=\"attachment_8587\" style=\"width: 310px\" class=\"wp-caption aligncenter\"><a href=\"https:\/\/www.sotrender.com\/blog\/wp-content\/uploads\/2013\/08\/lipiec2.png\"><img loading=\"lazy\" decoding=\"async\" aria-describedby=\"caption-attachment-8587\" class=\"size-medium wp-image-8587 \" title=\"Opcja dostarczania powiadomie\u0144 pozwala na omini\u0119cie wyniku Edge Rank\" alt=\"lipiec2\" src=\"https:\/\/www.sotrender.com\/blog\/wp-content\/uploads\/2013\/08\/lipiec2-300x212.png\" width=\"300\" height=\"212\" \/><\/a><p id=\"caption-attachment-8587\" class=\"wp-caption-text\">Opcja dostarczania powiadomie\u0144 pozwala na wzmocnienie widoczno\u015bci post\u00f3w bez zwi\u0119kszania wyniku Edge Rank strony.<\/p><\/div>\n<p>Warto zwr\u00f3ci\u0107 uwag\u0119 na ciekaw\u0105 opcj\u0119 wspierania promocji marek na Facebooku,  jak\u0105 wnosi dodanie opcji \u201eNaklejek\u201c. Mo\u017cna ich u\u017cywa\u0107 podobnie jak emotikon,  korzystaj\u0105c z\u00a0tego samego menu chatu. Przedstawione obrazki s\u0105 jednak wi\u0119ksze i bardziej barwne ni\u017c dotychczasowo dost\u0119pne emotikony. Jak wida\u0107,  ju\u017c korzysta na takim zabiegu np. ekipa filmu Minionki Rozrabiaj\u0105,  kt\u00f3rego bohaterowie mog\u0105 si\u0119 pojawia\u0107 w rozmowach prywatnych. Z\u00a0pewno\u015bci\u0105 znalaz\u0142oby si\u0119 tak\u017ce kilku rodzimych brand heroes,  kt\u00f3rych podobizny fani ch\u0119tnie wykorzystywaliby w komunikacji,  np. popularne ostatnio Ba\u015bki BG\u017b czy liderzy w\u015br\u00f3d polskich marek Serce i Rozum.<\/p>\n<div id=\"attachment_8589\" style=\"width: 284px\" class=\"wp-caption aligncenter\"><a href=\"https:\/\/www.sotrender.com\/blog\/wp-content\/uploads\/2013\/08\/lipiec3.png\"><img loading=\"lazy\" decoding=\"async\" aria-describedby=\"caption-attachment-8589\" class=\"size-medium wp-image-8589 \" title=\"Minionki Rozrabiaj\u0105 w Naklejkach\" alt=\"lipiec3\" src=\"https:\/\/www.sotrender.com\/blog\/wp-content\/uploads\/2013\/08\/lipiec3.png\" width=\"274\" height=\"286\" \/><\/a><p id=\"caption-attachment-8589\" class=\"wp-caption-text\">Naklejki u\u017cywane w prywatnych konwersacjach mog\u0105 tak samo by\u0107 przyjemnym dodatkiem jak i przydatnym narz\u0119dziem promocji<\/p><\/div>\n<p>Komunikacja obrazkowa na Facebooku b\u0119dzie mia\u0142a coraz wi\u0119ksze znaczenie. Po wprowadzeniu mo\u017cliwo\u015bci umieszczania grafik w komentarzach do post\u00f3w warto przemy\u015ble\u0107 jeszcze raz spos\u00f3b kontaktowania si\u0119 z fanami. Taki rodzaj komunikacji z pewno\u015bci\u0105 wymaga du\u017cego zaanga\u017cowania ze strony prowadz\u0105cego,  ale mo\u017cna si\u0119 spodziewa\u0107,  \u017ce i fani odpowiedz\u0105 zaanga\u017cowaniem na podobnym poziomie.<\/p>\n<p>Gorsz\u0105 wiadomo\u015bci\u0105 dla niekt\u00f3rych jest usuni\u0119cie formatu post\u00f3w &#8211; pyta\u0144,  czyli prostych ankiet,  dzi\u0119ki kt\u00f3rym wiele profili firmowych uzyskiwa\u0142o bardzo du\u017cy zasi\u0119g. Szczeg\u00f3lnym przyk\u0142adem jest <a href=\"https:\/\/www.facebook.com\/HomeBrokerClub\" target=\"_blank\">Home Broker<\/a>,  o kt\u00f3rym pisali\u015bmy w czerwcowym raporcie. R\u00f3wnie\u017c w lipcu fanpage zd\u0105\u017cy\u0142 wykorzysta\u0107 swoj\u0105 szans\u0119 i kr\u00f3tkie pytanie \u201eParter czy ostatnie pi\u0119tro?\u201d by\u0142o najlepszym postem w swojej kategorii \u2013 z 4 razy wy\u017cszym Interactivity Index ni\u017c drugi w kolejno\u015bci post serwisu <a href=\"https:\/\/www.facebook.com\/Deccoria\" target=\"_blank\">Deccoria.pl<\/a>. Obecnie alternatyw\u0105 dla pyta\u0144 pozostaj\u0105 aplikacje,  kt\u00f3re pozwalaj\u0105 na przeprowadzanie sond lub posty z pytaniem,  na kt\u00f3re fani odpowiedz\u0105 w komentarzach.<\/p>\n<h2>\u00a0Analizy,  wska\u017aniki,  statystyki<\/h2>\n<p>Na kilka dni z Facebookowych statystyk znikn\u0105\u0142 wska\u017anik People Talking About This. Przypuszczenia,  \u017ce Facebook mia\u0142by zrezygnowa\u0107 z u\u017cycia tego wska\u017anika okaza\u0142y si\u0119 jednak b\u0142\u0119dne,  wska\u017anik jest z powrotem w zak\u0142adce Insights i jak co miesi\u0105c w naszym raporcie.<\/p>\n<p>Zainteresowanym pog\u0142\u0119bianiem wiedzy na temat Facebookowych mechanizm\u00f3w polecamy dost\u0119pny na blogu Sotrender artyku\u0142 \u201e<a title=\"Sotrender: Zaanga\u017cowanie fan\u00f3w na Facebooku - jak je mierzy\u0107?\" href=\"https:\/\/www.sotrender.com\/blog\/pl\/2013\/07\/zaangazowanie-facebook\/\" target=\"_blank\">Zaanga\u017cowanie fan\u00f3w na Facebooku \u2013 jak je mierzy\u0107?<\/a>\u201d,  gdzie opisujemy podstawowe wska\u017aniki oraz wyja\u015bniamy relacje pomi\u0119dzy zaanga\u017cowaniem a zasi\u0119giem,  czyli dotarciem do fan\u00f3w. Z kolei w analizie \u201e<a title=\"Sotrender: Zaanga\u017cowanie \u2013 gdzie mniejszy mo\u017ce wi\u0119cej\" href=\"https:\/\/www.sotrender.com\/blog\/pl\/2013\/07\/zaangazowanie-a-liczba-fanow\/\" target=\"_blank\">Zaanga\u017cowanie \u2013 gdzie mniejszy mo\u017ce wi\u0119cej<\/a>\u201d pokazujemy,  jak liczba zaanga\u017cowanych zale\u017cy od liczby fan\u00f3w i komu \u0142atwiej jest swoich fan\u00f3w zaanga\u017cowa\u0107.<\/p>\n<p>Miesi\u0105c po wprowadzeniu na Facebooku hashtag\u00f3w sprawdzili\u015bmy tak\u017ce,  jak wp\u0142yn\u0119\u0142o ono na zaanga\u017cowanie pod postami. Okaza\u0142o si\u0119,  \u017ce najbardziej anga\u017cuj\u0105ce s\u0105 posty z dwoma hashtagami,  a wi\u0119cej naszych wniosk\u00f3w przeczytacie w artykule \u201e<a title=\"Polskie marki nie doceniaj\u0105 #hashtag\u00f3w na Facebook\" href=\"https:\/\/www.sotrender.com\/blog\/pl\/2013\/07\/marki-nie-doceniaja-hashtagow\/\" target=\"_blank\">Polskie marki nie doceniaj\u0105 #hashtag\u00f3w na Facebook<\/a>u\u201d.<\/p>\n<p align=\"center\">Zapraszamy do lektury ca\u0142ego <a title=\"Czytaj raport Fanpage Trends Lipiec 2013\" href=\"http:\/\/www.sotrender.pl\/fanpage-trends\/201307\" target=\"_blank\">lipcowego wydania raportu Fanpage Trends<\/a>.<\/p>\n","protected":false},"excerpt":{"rendered":"<p>W nowym raporcie Fanpage Trends znowu zmiany. Skromna infografika rozpoczynaj\u0105ca raport zyska\u0142a zupe\u0142nie nowe oblicze i obecnie przedstawia wi\u0119cej u\u017cytecznych danych. Teraz w mgnieniu oka dowiecie si\u0119, kto by\u0142 w ostatnim miesi\u0105cu najlepszy. Mamy nadziej\u0119, \u017ce przypadnie Wam do gustu, tak samo jak nam. &nbsp;<\/p>\n","protected":false},"author":31,"featured_media":0,"comment_status":"open","ping_status":"open","sticky":false,"template":"","format":"standard","meta":{"inline_featured_image":false,"footnotes":""},"categories":[1793,1797],"tags":[7,17,25,31,683,685],"yoast_head":"<!-- This site is optimized with the Yoast SEO plugin v22.4 - https:\/\/yoast.com\/wordpress\/plugins\/seo\/ -->\n<title>Fanpage Trends lipiec 2013 \u2013 Sotrender Blog<\/title>\n<meta name=\"description\" content=\"W nowym raporcie Fanpage Trends znowu zmiany. Nowa infografika, statystyki stron mi\u0119dzynarodowych, sekcja Sotrender Research Insight i najnowsze statystyki.\" \/>\n<meta name=\"robots\" content=\"index, follow, max-snippet:-1, max-image-preview:large, max-video-preview:-1\" \/>\n<link rel=\"canonical\" href=\"https:\/\/www.sotrender.com\/blog\/pl\/2013\/08\/fanpage-trends-lipiec-2013\/\" \/>\n<meta property=\"og:locale\" content=\"pl_PL\" \/>\n<meta property=\"og:type\" content=\"article\" \/>\n<meta property=\"og:title\" content=\"Fanpage Trends lipiec 2013 \u2013 Sotrender Blog\" \/>\n<meta property=\"og:description\" content=\"W nowym raporcie Fanpage Trends znowu zmiany. Nowa infografika, statystyki stron mi\u0119dzynarodowych, sekcja Sotrender Research Insight i najnowsze statystyki.\" \/>\n<meta property=\"og:url\" content=\"https:\/\/www.sotrender.com\/blog\/pl\/2013\/08\/fanpage-trends-lipiec-2013\/\" \/>\n<meta property=\"og:site_name\" content=\"Sotrender Blog\" \/>\n<meta property=\"article:publisher\" content=\"https:\/\/www.facebook.com\/Sotrender\" \/>\n<meta property=\"article:published_time\" content=\"2013-08-05T11:31:50+00:00\" \/>\n<meta property=\"article:modified_time\" content=\"2015-12-01T21:15:18+00:00\" \/>\n<meta property=\"og:image\" content=\"https:\/\/www.sotrender.com\/blog\/wp-content\/uploads\/2013\/08\/lipiec-300x199.png\" \/>\n<meta name=\"author\" content=\"Aleksandra Prejs\" \/>\n<meta name=\"twitter:card\" content=\"summary_large_image\" \/>\n<meta name=\"twitter:creator\" content=\"@Sotrender\" \/>\n<meta name=\"twitter:site\" content=\"@Sotrender\" \/>\n<meta name=\"twitter:label1\" content=\"Written by\" \/>\n\t<meta name=\"twitter:data1\" content=\"Aleksandra Prejs\" \/>\n\t<meta name=\"twitter:label2\" content=\"Est. reading time\" \/>\n\t<meta name=\"twitter:data2\" content=\"6 minutes\" \/>\n<script type=\"application\/ld+json\" class=\"yoast-schema-graph\">{\"@context\":\"https:\/\/schema.org\",\"@graph\":[{\"@type\":\"WebPage\",\"@id\":\"https:\/\/www.sotrender.com\/blog\/pl\/2013\/08\/fanpage-trends-lipiec-2013\/\",\"url\":\"https:\/\/www.sotrender.com\/blog\/pl\/2013\/08\/fanpage-trends-lipiec-2013\/\",\"name\":\"Fanpage Trends lipiec 2013 \u2013 Sotrender Blog\",\"isPartOf\":{\"@id\":\"https:\/\/www.sotrender.com\/blog\/#website\"},\"primaryImageOfPage\":{\"@id\":\"https:\/\/www.sotrender.com\/blog\/pl\/2013\/08\/fanpage-trends-lipiec-2013\/#primaryimage\"},\"image\":{\"@id\":\"https:\/\/www.sotrender.com\/blog\/pl\/2013\/08\/fanpage-trends-lipiec-2013\/#primaryimage\"},\"thumbnailUrl\":\"https:\/\/www.sotrender.com\/blog\/wp-content\/uploads\/2013\/08\/lipiec-300x199.png\",\"datePublished\":\"2013-08-05T11:31:50+00:00\",\"dateModified\":\"2015-12-01T21:15:18+00:00\",\"author\":{\"@id\":\"https:\/\/www.sotrender.com\/blog\/#\/schema\/person\/7106df62825269bc360ad9171cd7149b\"},\"description\":\"W nowym raporcie Fanpage Trends znowu zmiany. Nowa infografika, statystyki stron mi\u0119dzynarodowych, sekcja Sotrender Research Insight i najnowsze statystyki.\",\"breadcrumb\":{\"@id\":\"https:\/\/www.sotrender.com\/blog\/pl\/2013\/08\/fanpage-trends-lipiec-2013\/#breadcrumb\"},\"inLanguage\":\"pl-PL\",\"potentialAction\":[{\"@type\":\"ReadAction\",\"target\":[\"https:\/\/www.sotrender.com\/blog\/pl\/2013\/08\/fanpage-trends-lipiec-2013\/\"]}]},{\"@type\":\"ImageObject\",\"inLanguage\":\"pl-PL\",\"@id\":\"https:\/\/www.sotrender.com\/blog\/pl\/2013\/08\/fanpage-trends-lipiec-2013\/#primaryimage\",\"url\":\"https:\/\/www.sotrender.com\/blog\/wp-content\/uploads\/2013\/08\/lipiec-300x199.png\",\"contentUrl\":\"https:\/\/www.sotrender.com\/blog\/wp-content\/uploads\/2013\/08\/lipiec-300x199.png\"},{\"@type\":\"BreadcrumbList\",\"@id\":\"https:\/\/www.sotrender.com\/blog\/pl\/2013\/08\/fanpage-trends-lipiec-2013\/#breadcrumb\",\"itemListElement\":[{\"@type\":\"ListItem\",\"position\":1,\"name\":\"Home\",\"item\":\"https:\/\/www.sotrender.com\/blog\/\"},{\"@type\":\"ListItem\",\"position\":2,\"name\":\"Fanpage Trends lipiec 2013 \u2013 gor\u0105co jak zawsze\"}]},{\"@type\":\"WebSite\",\"@id\":\"https:\/\/www.sotrender.com\/blog\/#website\",\"url\":\"https:\/\/www.sotrender.com\/blog\/\",\"name\":\"Sotrender Blog\",\"description\":\"\",\"potentialAction\":[{\"@type\":\"SearchAction\",\"target\":{\"@type\":\"EntryPoint\",\"urlTemplate\":\"https:\/\/www.sotrender.com\/blog\/?s={search_term_string}\"},\"query-input\":\"required name=search_term_string\"}],\"inLanguage\":\"pl-PL\"},{\"@type\":\"Person\",\"@id\":\"https:\/\/www.sotrender.com\/blog\/#\/schema\/person\/7106df62825269bc360ad9171cd7149b\",\"name\":\"Aleksandra Prejs\",\"image\":{\"@type\":\"ImageObject\",\"inLanguage\":\"pl-PL\",\"@id\":\"https:\/\/www.sotrender.com\/blog\/#\/schema\/person\/image\/\",\"url\":\"https:\/\/secure.gravatar.com\/avatar\/469000454b77ff0aacb32c49dba023be?s=96&d=mm&r=g\",\"contentUrl\":\"https:\/\/secure.gravatar.com\/avatar\/469000454b77ff0aacb32c49dba023be?s=96&d=mm&r=g\",\"caption\":\"Aleksandra Prejs\"},\"url\":\"https:\/\/www.sotrender.com\/blog\/pl\/author\/aleksandra-prejs\/\"}]}<\/script>\n<!-- \/ Yoast SEO plugin. -->","yoast_head_json":{"title":"Fanpage Trends lipiec 2013 \u2013 Sotrender Blog","description":"W nowym raporcie Fanpage Trends znowu zmiany. Nowa infografika, statystyki stron mi\u0119dzynarodowych, sekcja Sotrender Research Insight i najnowsze statystyki.","robots":{"index":"index","follow":"follow","max-snippet":"max-snippet:-1","max-image-preview":"max-image-preview:large","max-video-preview":"max-video-preview:-1"},"canonical":"https:\/\/www.sotrender.com\/blog\/pl\/2013\/08\/fanpage-trends-lipiec-2013\/","og_locale":"pl_PL","og_type":"article","og_title":"Fanpage Trends lipiec 2013 \u2013 Sotrender Blog","og_description":"W nowym raporcie Fanpage Trends znowu zmiany. Nowa infografika, statystyki stron mi\u0119dzynarodowych, sekcja Sotrender Research Insight i najnowsze statystyki.","og_url":"https:\/\/www.sotrender.com\/blog\/pl\/2013\/08\/fanpage-trends-lipiec-2013\/","og_site_name":"Sotrender Blog","article_publisher":"https:\/\/www.facebook.com\/Sotrender","article_published_time":"2013-08-05T11:31:50+00:00","article_modified_time":"2015-12-01T21:15:18+00:00","og_image":[{"url":"https:\/\/www.sotrender.com\/blog\/wp-content\/uploads\/2013\/08\/lipiec-300x199.png"}],"author":"Aleksandra Prejs","twitter_card":"summary_large_image","twitter_creator":"@Sotrender","twitter_site":"@Sotrender","twitter_misc":{"Written by":"Aleksandra Prejs","Est. reading time":"6 minutes"},"schema":{"@context":"https:\/\/schema.org","@graph":[{"@type":"WebPage","@id":"https:\/\/www.sotrender.com\/blog\/pl\/2013\/08\/fanpage-trends-lipiec-2013\/","url":"https:\/\/www.sotrender.com\/blog\/pl\/2013\/08\/fanpage-trends-lipiec-2013\/","name":"Fanpage Trends lipiec 2013 \u2013 Sotrender Blog","isPartOf":{"@id":"https:\/\/www.sotrender.com\/blog\/#website"},"primaryImageOfPage":{"@id":"https:\/\/www.sotrender.com\/blog\/pl\/2013\/08\/fanpage-trends-lipiec-2013\/#primaryimage"},"image":{"@id":"https:\/\/www.sotrender.com\/blog\/pl\/2013\/08\/fanpage-trends-lipiec-2013\/#primaryimage"},"thumbnailUrl":"https:\/\/www.sotrender.com\/blog\/wp-content\/uploads\/2013\/08\/lipiec-300x199.png","datePublished":"2013-08-05T11:31:50+00:00","dateModified":"2015-12-01T21:15:18+00:00","author":{"@id":"https:\/\/www.sotrender.com\/blog\/#\/schema\/person\/7106df62825269bc360ad9171cd7149b"},"description":"W nowym raporcie Fanpage Trends znowu zmiany. Nowa infografika, statystyki stron mi\u0119dzynarodowych, sekcja Sotrender Research Insight i najnowsze statystyki.","breadcrumb":{"@id":"https:\/\/www.sotrender.com\/blog\/pl\/2013\/08\/fanpage-trends-lipiec-2013\/#breadcrumb"},"inLanguage":"pl-PL","potentialAction":[{"@type":"ReadAction","target":["https:\/\/www.sotrender.com\/blog\/pl\/2013\/08\/fanpage-trends-lipiec-2013\/"]}]},{"@type":"ImageObject","inLanguage":"pl-PL","@id":"https:\/\/www.sotrender.com\/blog\/pl\/2013\/08\/fanpage-trends-lipiec-2013\/#primaryimage","url":"https:\/\/www.sotrender.com\/blog\/wp-content\/uploads\/2013\/08\/lipiec-300x199.png","contentUrl":"https:\/\/www.sotrender.com\/blog\/wp-content\/uploads\/2013\/08\/lipiec-300x199.png"},{"@type":"BreadcrumbList","@id":"https:\/\/www.sotrender.com\/blog\/pl\/2013\/08\/fanpage-trends-lipiec-2013\/#breadcrumb","itemListElement":[{"@type":"ListItem","position":1,"name":"Home","item":"https:\/\/www.sotrender.com\/blog\/"},{"@type":"ListItem","position":2,"name":"Fanpage Trends lipiec 2013 \u2013 gor\u0105co jak zawsze"}]},{"@type":"WebSite","@id":"https:\/\/www.sotrender.com\/blog\/#website","url":"https:\/\/www.sotrender.com\/blog\/","name":"Sotrender Blog","description":"","potentialAction":[{"@type":"SearchAction","target":{"@type":"EntryPoint","urlTemplate":"https:\/\/www.sotrender.com\/blog\/?s={search_term_string}"},"query-input":"required name=search_term_string"}],"inLanguage":"pl-PL"},{"@type":"Person","@id":"https:\/\/www.sotrender.com\/blog\/#\/schema\/person\/7106df62825269bc360ad9171cd7149b","name":"Aleksandra Prejs","image":{"@type":"ImageObject","inLanguage":"pl-PL","@id":"https:\/\/www.sotrender.com\/blog\/#\/schema\/person\/image\/","url":"https:\/\/secure.gravatar.com\/avatar\/469000454b77ff0aacb32c49dba023be?s=96&d=mm&r=g","contentUrl":"https:\/\/secure.gravatar.com\/avatar\/469000454b77ff0aacb32c49dba023be?s=96&d=mm&r=g","caption":"Aleksandra Prejs"},"url":"https:\/\/www.sotrender.com\/blog\/pl\/author\/aleksandra-prejs\/"}]}},"_links":{"self":[{"href":"https:\/\/www.sotrender.com\/blog\/pl\/wp-json\/wp\/v2\/posts\/8575"}],"collection":[{"href":"https:\/\/www.sotrender.com\/blog\/pl\/wp-json\/wp\/v2\/posts"}],"about":[{"href":"https:\/\/www.sotrender.com\/blog\/pl\/wp-json\/wp\/v2\/types\/post"}],"author":[{"embeddable":true,"href":"https:\/\/www.sotrender.com\/blog\/pl\/wp-json\/wp\/v2\/users\/31"}],"replies":[{"embeddable":true,"href":"https:\/\/www.sotrender.com\/blog\/pl\/wp-json\/wp\/v2\/comments?post=8575"}],"version-history":[{"count":24,"href":"https:\/\/www.sotrender.com\/blog\/pl\/wp-json\/wp\/v2\/posts\/8575\/revisions"}],"predecessor-version":[{"id":9449,"href":"https:\/\/www.sotrender.com\/blog\/pl\/wp-json\/wp\/v2\/posts\/8575\/revisions\/9449"}],"wp:attachment":[{"href":"https:\/\/www.sotrender.com\/blog\/pl\/wp-json\/wp\/v2\/media?parent=8575"}],"wp:term":[{"taxonomy":"category","embeddable":true,"href":"https:\/\/www.sotrender.com\/blog\/pl\/wp-json\/wp\/v2\/categories?post=8575"},{"taxonomy":"post_tag","embeddable":true,"href":"https:\/\/www.sotrender.com\/blog\/pl\/wp-json\/wp\/v2\/tags?post=8575"}],"curies":[{"name":"wp","href":"https:\/\/api.w.org\/{rel}","templated":true}]}}