{"id":8237,"date":"2013-07-25T10:52:19","date_gmt":"2013-07-25T09:52:19","guid":{"rendered":"http:\/\/blog.sotrender.com\/?p=8237"},"modified":"2017-11-17T10:29:54","modified_gmt":"2017-11-17T09:29:54","slug":"zaangazowanie-facebook","status":"publish","type":"post","link":"https:\/\/www.sotrender.com\/blog\/pl\/2013\/07\/zaangazowanie-facebook\/","title":{"rendered":"Zaanga\u017cowanie fan\u00f3w na Facebooku &#8211; jak je mierzy\u0107?"},"content":{"rendered":"<p style=\"text-align: justify;\">Zaanga\u017cowanie fan\u00f3w to jeden z najwa\u017cniejszych wska\u017anik\u00f3w umo\u017cliwiaj\u0105cych ocen\u0119 jako\u015bci komunikacji\u00a0prowadzonej przez marki w social media. W tym wpisie wyja\u015bniamy, jaka jest relacja pomi\u0119dzy zaanga\u017cowaniem, a zasi\u0119giem profilu oraz pokazujemy, jak mo\u017cna u\u017cy\u0107 <a title=\"Sotrender\" href=\"http:\/\/www.sotrender.pl\/\">Sotrendera<\/a>\u00a0do mierzenia zaanga\u017cowania na Facebooku oraz wyja\u015bniamy podstawowe wska\u017aniki. Jest to pierwszy post z cyklu, w kt\u00f3rym b\u0119dziemy wyja\u015bnia\u0107 podstawowe zastosowania naszej aplikacji.<\/p>\n<p style=\"text-align: justify;\"><!--more--><\/p>\n<h2 style=\"text-align: justify;\">Dlaczego warto anga\u017cowa\u0107?<\/h2>\n<p style=\"text-align: justify;\">Za spraw\u0105 medi\u00f3w spo\u0142eczno\u015bciowych ca\u0142kowicie zmieni\u0142 si\u0119 spos\u00f3b komunikacji mi\u0119dzy markami, a ich konsumentami. Jednostronny monolog marek przekszta\u0142ci\u0142 si\u0119 w dwustronny dialog z klientami.\u00a0Ka\u017cde z medi\u00f3w spo\u0142eczno\u015bciowych umo\u017cliwia inny spos\u00f3b anga\u017cowania odbiorc\u00f3w w komunikacj\u0119. Zaanga\u017cowanie (<em>engagement<\/em>) opisuje zatem, czy i jak marce udaje si\u0119 wywo\u0142a\u0107 reakcj\u0119 odbiorc\u00f3w, kt\u00f3ra z kolei mo\u017ce by\u0107 wirusowym no\u015bnikiem tre\u015bci.<\/p>\n<p style=\"text-align: justify;\">Ogromne znaczenie anga\u017cowania potwierdzaj\u0105 dane, \u017ce ka\u017cdy u\u017cytkownik anga\u017cuj\u0105cy si\u0119 w aktywno\u015bci w obr\u0119bie naszej strony umo\u017cliwia dotarcie do ponad 30 kolejnych potencjalnych fan\u00f3w, na kt\u00f3re powo\u0142uje si\u0119 <a href=\"http:\/\/visual.ly\/simple-science-facebook-engagement\">Open Forum<\/a>. Buduj\u0105c zaanga\u017cowanie fan\u00f3w, marki maj\u0105 na celu wywo\u0142anie w nich reakcji emocjonalnej, kt\u00f3ra z kolei mo\u017ce potencjalnie prze\u0142o\u017cy\u0107 si\u0119 na korzy\u015bci dla samej marki, takie jak promocja i budowanie wizerunku.<\/p>\n<p style=\"text-align: justify;\">Z drugiej strony, do\u015b\u0107 \u0142atwo jest zbudowa\u0107 zaanga\u017cowanie za pomoc\u0105 prostych zabieg\u00f3w takich jak &#8220;\u017cebrolajki&#8221; (a tu<a title=\"Mechanizm \u017cebrolajk\u00f3w\" href=\"https:\/\/www.sotrender.com\/blog\/pl\/2012\/08\/nowy-rekord-lajkow-na-polskim-facebooku-czyli-jak-skorzystac-z-edge-ranka\/\"> wpis o mechanizmie i rekordzie \u017cebrolajk\u00f3w<\/a>), retro-content (tre\u015bci odwo\u0142uj\u0105ce si\u0119 do wspomnie\u0144), lol-content (\u015bmieszne tre\u015bci), czy wreszcie wy\u015bmiewane zdj\u0119cia kotk\u00f3w i innych zwierz\u0105t. Cho\u0107 w ten spos\u00f3b mo\u017cna wywo\u0142a\u0107 wiele interakcji na profilu, niekoniecznie prze\u0142o\u017cy si\u0119 to na konkretne korzy\u015bci dla marki. Polecamy <a title=\"Zasi\u0119g i zaanga\u017cowanie - pu\u0142apki\" href=\"http:\/\/michal-gorecki.pl\/2011\/12\/dwie-pulapki-social-media\/\">artyku\u0142 Micha\u0142a G\u00f3reckieg<\/a>o, kt\u00f3ry wci\u0105\u017c pozostaje aktualny.<\/p>\n<h2 style=\"text-align: justify;\">Zaanga\u017cowanie a zasi\u0119g profilu i post\u00f3w<\/h2>\n<p style=\"text-align: justify;\">Praktycznie w ka\u017cdym kanale social media dzia\u0142a mechanizm filtruj\u0105cy i promuj\u0105cy tre\u015bci, kt\u00f3re wywo\u0142a\u0142y wi\u0119ksze zaanga\u017cowanie u\u017cytkownik\u00f3w. Na Facebooku jest to Edge Rank, czyli algorytm decyduj\u0105cy o pozycji wpis\u00f3w na tablicach poszczeg\u00f3lnych u\u017cytkownik\u00f3w. W zwi\u0105zku z tym zwi\u0119kszanie zaanga\u017cowania bardzo wp\u0142ywa na zasi\u0119g profilu i poszczeg\u00f3lnych post\u00f3w. Zarazem posty, kt\u00f3re nie anga\u017cuj\u0105 fan\u00f3w, w og\u00f3le nie b\u0119d\u0105 wy\u015bwietlone. Oczywi\u015bcie zasi\u0119g i zaanga\u017cowanie bardzo pomaga zwi\u0119ksza\u0107 tak\u017ce p\u0142atne promowanie post\u00f3w.<\/p>\n<p dir=\"ltr\" style=\"text-align: justify;\">Zaanga\u017cowanie jest zwi\u0105zane przede wszystkim ze sposobem prowadzenia profilu i z rodzajem tre\u015bci. Nieco mniejsze znaczenie ma liczba fan\u00f3w, cho\u0107 generalnie mniejsze profile anga\u017cuj\u0105 zwykle wi\u0119kszy odsetek fan\u00f3w. Wi\u0119cej na ten temat powiemy w raporcie, kt\u00f3ry opublikujemy w najbli\u017cszych dniach.<\/p>\n<h2 style=\"text-align: justify;\">Sotrender zmierzy zaanga\u017cowanie<\/h2>\n<p style=\"text-align: justify;\">Sotrender umo\u017cliwia mierzenie zaanga\u017cowania fan\u00f3w poprzez <strong>4 wska\u017aniki, <\/strong>kt\u00f3re dok\u0142adniej opisujemy dalej:<\/p>\n<div id=\"attachment_8267\" style=\"width: 215px\" class=\"wp-caption alignright\"><a href=\"https:\/\/www.sotrender.com\/blog\/wp-content\/uploads\/2013\/07\/5kepcv.jpg\"><img loading=\"lazy\" decoding=\"async\" aria-describedby=\"caption-attachment-8267\" class=\"size-full wp-image-8267\" src=\"https:\/\/www.sotrender.com\/blog\/wp-content\/uploads\/2013\/07\/5kepcv.jpg\" alt=\"Wska\u017aniki zaanga\u017cowania dost\u0119pne w Sotrenderze\" width=\"205\" height=\"159\" \/><\/a><p id=\"caption-attachment-8267\" class=\"wp-caption-text\">Wska\u017aniki zaanga\u017cowania dost\u0119pne w Sotrenderze<\/p><\/div>\n<p style=\"text-align: justify;\">&#8211; Zaanga\u017cowani<br \/>\n&#8211; Ludzie, kt\u00f3rzy o tym m\u00f3wi\u0105,<br \/>\n&#8211; Liczba poszczeg\u00f3lnych rodzaj\u00f3w aktywno\u015bci<br \/>\n&#8211; Interactivity Index i zwi\u0105zany z nim Relative Interactivity<\/p>\n<p style=\"text-align: justify;\"><strong>\u00a01. Zaanga\u017cowani<\/strong><\/p>\n<div id=\"attachment_8249\" style=\"width: 635px\" class=\"wp-caption aligncenter\"><a href=\"https:\/\/www.sotrender.com\/blog\/wp-content\/uploads\/2013\/07\/wykres-1.jpg\"><img loading=\"lazy\" decoding=\"async\" aria-describedby=\"caption-attachment-8249\" class=\"size-large wp-image-8249\" src=\"https:\/\/www.sotrender.com\/blog\/wp-content\/uploads\/2013\/07\/wykres-1-1024x505.jpg\" alt=\"Wykres przedstawiaj\u0105cy zaanga\u017cowanie fan\u00f3w\" width=\"625\" height=\"308\" \/><\/a><p id=\"caption-attachment-8249\" class=\"wp-caption-text\">Wykres przedstawiaj\u0105cy zaanga\u017cowanie fan\u00f3w<\/p><\/div>\n<p style=\"text-align: justify;\"><strong>Zaanga\u017cowani<\/strong> to u\u017cytkownicy, kt\u00f3rzy w danym przedziale czasowym weszli w interakcj\u0119 z fanpage\u2019m poprzez klikni\u0119cie lubi\u0119 to\u201d, zag\u0142osowanie w ankiecie (ta opcja na wi\u0119kszo\u015bci stron zosta\u0142a niedawno wy\u0142\u0105czona), dodanie komentarza, posta b\u0105d\u017a udost\u0119pnienie tre\u015bci.\u00a0Sotrender umo\u017cliwia sprawdzenie liczby zaanga\u017cowanych u\u017cytkownik\u00f3w, procenta zaanga\u017cowanych oraz liczby nowo zaanga\u017cowanych dla dowolnego dnia lub zmian w d\u0142u\u017cszym przedziale czasowym.<\/p>\n<p style=\"text-align: justify;\">Nad wykresem znajduj\u0105 si\u0119 zak\u0142adki umo\u017cliwiaj\u0105ce szczeg\u00f3\u0142owe sprawdzenie rodzaj\u00f3w aktywno\u015bci oraz zmian odsetka zaanga\u017cowanych fan\u00f3w w czasie.<br \/>\nKa\u017cdy z wykres\u00f3w pokazuje dane z dni, tygodni oraz godzin. Jednocze\u015bnie, co dotyczy wszystkich opisywanych wykres\u00f3w, klikaj\u0105c na dowolny punkt danego wykresu, przechodzimy do ekranu umo\u017cliwiaj\u0105cego dodawanie komentarzy oraz pokazuj\u0105cego wszystkie posty danego dnia.<\/p>\n<div id=\"attachment_8307\" style=\"width: 635px\" class=\"wp-caption alignnone\"><a href=\"https:\/\/www.sotrender.com\/blog\/wp-content\/uploads\/2013\/07\/screenypolaczone.jpg\"><img loading=\"lazy\" decoding=\"async\" aria-describedby=\"caption-attachment-8307\" class=\"size-large wp-image-8307\" src=\"https:\/\/www.sotrender.com\/blog\/wp-content\/uploads\/2013\/07\/screenypolaczone-1024x238.jpg\" alt=\"Dodawanie komentarzy na wykresach w Sotrenderze\" width=\"625\" height=\"145\" \/><\/a><p id=\"caption-attachment-8307\" class=\"wp-caption-text\">Dodawanie komentarzy na wykresach w Sotrenderze<\/p><\/div>\n<p style=\"text-align: justify;\"><strong>2. Ludzie, kt\u00f3rzy o tym m\u00f3wi\u0105 (<em>People Talking About This<\/em>\u00a0&#8211; PTAT)<\/strong><\/p>\n<div id=\"attachment_8255\" style=\"width: 635px\" class=\"wp-caption aligncenter\"><a href=\"https:\/\/www.sotrender.com\/blog\/wp-content\/uploads\/2013\/07\/wykres-2.jpg\"><img loading=\"lazy\" decoding=\"async\" aria-describedby=\"caption-attachment-8255\" class=\"size-large wp-image-8255\" src=\"https:\/\/www.sotrender.com\/blog\/wp-content\/uploads\/2013\/07\/wykres-2-1024x475.jpg\" alt=\"Wykres przedstawiaj\u0105cy liczb\u0119 os\u00f3b, kt\u00f3re o tym m\u00f3wi\u0105 (PTA)\" width=\"625\" height=\"289\" \/><\/a><p id=\"caption-attachment-8255\" class=\"wp-caption-text\">Wykres przedstawiaj\u0105cy liczb\u0119 os\u00f3b, kt\u00f3re o tym m\u00f3wi\u0105 (PTAT)<\/p><\/div>\n<p style=\"text-align: justify;\"><a href=\"https:\/\/www.sotrender.com\/blog\/pl\/2017\/11\/storytellers-ptat-people-talking-metryka-ktora-nie-powinna-istniec\/\">Ludzie, kt\u00f3rzy o tym m\u00f3wi\u0105<\/a>, to wska\u017anik wprowadzony przez Facebook. Nasz wykres przedstawia zmian\u0119 tego wska\u017anika w wybranym okresie. Sotrender daje mo\u017cliwo\u015b\u0107 sprawdzenia, jaka by\u0142a \u015brednia, maksymalna i minimalna warto\u015b\u0107 wska\u017anika. Dane s\u0105 dost\u0119pne dni tygodnia. Wi\u0119cej na temat samego wska\u017anika People Talking About This\u00a0i jego przydatno\u015bci mo\u017cna przeczyta\u0107 w <a title=\"Przeczytaj artyku\u0142\" href=\"https:\/\/www.sotrender.com\/blog\/pl\/2012\/01\/o-czym-mowi-facebook-czyli-talking-about-zanalizowany\/\" target=\"_blank\" rel=\"noopener\">osobnym artykule na naszym blogu<\/a>.<\/p>\n<p style=\"text-align: justify;\"><strong>3. Rodzaje aktywno\u015bci<\/strong><\/p>\n<div id=\"attachment_8259\" style=\"width: 635px\" class=\"wp-caption aligncenter\"><a href=\"https:\/\/www.sotrender.com\/blog\/wp-content\/uploads\/2013\/07\/wykres-3.jpg\"><img loading=\"lazy\" decoding=\"async\" aria-describedby=\"caption-attachment-8259\" class=\"size-large wp-image-8259\" src=\"https:\/\/www.sotrender.com\/blog\/wp-content\/uploads\/2013\/07\/wykres-3-1024x505.jpg\" alt=\"Wykres przedstawiaj\u0105cy rodzaje aktywno\u015bci w obr\u0119bie fanpage'a\" width=\"625\" height=\"308\" \/><\/a><p id=\"caption-attachment-8259\" class=\"wp-caption-text\">Wykres przedstawiaj\u0105cy rodzaje aktywno\u015bci w obr\u0119bie fanpage&#8217;a<\/p><\/div>\n<p style=\"text-align: justify;\">Wykres przedstawia rozk\u0142ad aktywno\u015bci w czasie. Poprzez aktywno\u015bci rozumie si\u0119 klikni\u0119cie &#8220;Lubi\u0119 to&#8221;, oddanie g\u0142osu w ankiecie, dodanie komentarza, dodanie wpisu na tablicy oraz udost\u0119pnienie wpisu na w\u0142asnej tablicy. \u00a0W kolejnych zak\u0142adkach mo\u017cemy sprawdzi\u0107 \u0142\u0105czne aktywno\u015bci, ich rodzaje, aktywno\u015bci prowadz\u0105cego oraz fan\u00f3w. Dane dost\u0119pne s\u0105 dla poszczeg\u00f3lnych godzin, dni i tygodni.<\/p>\n<p style=\"text-align: justify;\"><strong>4. Interactivity Index<\/strong><\/p>\n<div id=\"attachment_8263\" style=\"width: 635px\" class=\"wp-caption aligncenter\"><a href=\"https:\/\/www.sotrender.com\/blog\/wp-content\/uploads\/2013\/07\/wykres-4.jpg\"><img loading=\"lazy\" decoding=\"async\" aria-describedby=\"caption-attachment-8263\" class=\"size-large wp-image-8263\" src=\"https:\/\/www.sotrender.com\/blog\/wp-content\/uploads\/2013\/07\/wykres-4-1024x500.jpg\" alt=\"Wykres przedstawiaj\u0105cy Interactivity Index - wska\u017anik aktywno\u015bci na fanpage'u\" width=\"625\" height=\"305\" \/><\/a><p id=\"caption-attachment-8263\" class=\"wp-caption-text\">Wykres przedstawiaj\u0105cy Interactivity Index &#8211; wska\u017anik aktywno\u015bci na fanpage&#8217;u<\/p><\/div>\n<p style=\"text-align: justify;\">Interactivity Index to autorski wska\u017anik Sotrendera zliczaj\u0105cy wszystkie aktywno\u015bci dziej\u0105ce si\u0119 w obr\u0119bie fanpage\u2019a. Ka\u017cda z aktywno\u015bci ma inne wagi, a co za tym idzie np. polubienie posta ma mniejsz\u0105 warto\u015b\u0107 ni\u017c skomentowanie. Mo\u017ce by\u0107 te\u017c wykorzystywany do por\u00f3wnywania zaanga\u017cowania przez poszczeg\u00f3lne posty. Warto te\u017c rozr\u00f3\u017cni\u0107 aktywno\u015bci fan\u00f3w i prowadz\u0105cego profil. Na podstawie Interactivity Index obliczamy Relative Interactivity, s\u0142u\u017c\u0105cy do por\u00f3wnywania profili r\u00f3\u017cni\u0105cych si\u0119 liczb\u0105 fan\u00f3w.<\/p>\n<p style=\"text-align: justify;\">Wi\u0119cej o Interactivity Index mo\u017cesz przeczyta\u0107 w <a title=\"Przeczytaj artyku\u0142 na blogu\" href=\"https:\/\/www.sotrender.com\/blog\/pl\/2012\/10\/interactivity-index-czyli-nasz-wskaznik-aktywnosci\/\" target=\"_blank\" rel=\"noopener\">osobnym wpisie na naszym blogu<\/a>.<\/p>\n<h2 style=\"text-align: justify;\">Jaki wska\u017anik zaanga\u017cowania do czego?<\/h2>\n<p style=\"text-align: justify;\"><strong>Ka\u017cdy z naszych wska\u017anik\u00f3w odnosi si\u0119 do innego aspektu anga\u017cowania.<\/strong><br \/>\n<strong>Liczba zaanga\u017cowanych<\/strong> pokazuje, ile os\u00f3b wesz\u0142o w interakcj\u0119. Mo\u017cna te\u017c na to spojrze\u0107 w uj\u0119ciu procentowym, chocia\u017c, zw\u0142aszcza dla kr\u00f3tkiego okresu, zwykle wyniki nie b\u0119d\u0105 osza\u0142amiaj\u0105ce (szerzej napiszemy o tym w najbli\u017cszym raporcie) &#8211; wiele profili zwykle anga\u017cuje po kilka procent fan\u00f3w. Zarazem anga\u017cowa\u0107 mog\u0105 si\u0119 te\u017c osoby nieb\u0119d\u0105ce fanami, wi\u0119c czasem, cho\u0107 rzadko, si\u0119 zdarza, \u017ce fanpage anga\u017cuje ponad 100% fan\u00f3w.<\/p>\n<p style=\"text-align: justify;\"><strong>Interactivity Index i oparty na nim Relative Interactivity Index<\/strong>\u00a0to wska\u017aniki wa\u017cone, kt\u00f3re pokazuj\u0105 nat\u0119\u017cenie zaanga\u017cowania. Udost\u0119pnienie posta fanpage\u2019a to zupe\u0142nie inna aktywno\u015b\u0107, ni\u017c tylko polubienie takiego posta. Co wi\u0119cej, cz\u0119sto zdarza si\u0119, \u017ce jeden u\u017cytkownik anga\u017cuje si\u0119 w komunikacj\u0119 wielokrotnie, co wp\u0142ywa na wzrost Interactivity Index. Zarazem trzeba pami\u0119ta\u0107, \u017ce obecnie nie rozr\u00f3\u017cniamy wyd\u017awi\u0119ku poszczeg\u00f3lnych akcji i k\u0142\u00f3tnia fan\u00f3w w komentarzach czy te\u017c wiele post\u00f3w od niezadowolonych klient\u00f3w r\u00f3wnie\u017c b\u0119d\u0105 powodowa\u0142y wzrost Interactivity Index &#8211; w ko\u0144cu na fanpage\u2019u wi\u0119cej si\u0119 dzieje.<\/p>\n<p style=\"text-align: justify;\"><strong>Ludzie, kt\u00f3rzy o tym m\u00f3wi\u0105 <\/strong>to wska\u017anik, kt\u00f3ry w mniejszym stopniu zmienia si\u0119 w czasie. Jest to \u015brednia krocz\u0105ca, aktualizowana raz dziennie, a nie wska\u017anik aktualizowany co godzin\u0119, jak pozosta\u0142e. W tym wska\u017aniku, poza zaanga\u017cowaniem w komunikacj\u0119, uwzgl\u0119dnione s\u0105 r\u00f3wnie\u017c interakcje poza tablic\u0105 fanpage\u2019a, a przede wszystkim fani do\u0142\u0105czaj\u0105cy do fanpage\u2019a (nowe polubienia). Z zwi\u0105zku z tym warto\u015b\u0107 tego wska\u017anika szybko ro\u015bnie, gdy fanpage staje si\u0119 popularniejszy, na przyk\u0142ad w przypadku kampanii reklamowych.<\/p>\n","protected":false},"excerpt":{"rendered":"<p>Zaanga\u017cowanie fan\u00f3w to jeden z najwa\u017cniejszych wska\u017anik\u00f3w umo\u017cliwiaj\u0105cych ocen\u0119 jako\u015bci komunikacji\u00a0prowadzonej przez marki w social media. W tym wpisie wyja\u015bniamy, jaka jest relacja pomi\u0119dzy zaanga\u017cowaniem, a zasi\u0119giem profilu oraz pokazujemy, jak mo\u017cna u\u017cy\u0107 Sotrendera\u00a0do mierzenia zaanga\u017cowania na Facebooku oraz wyja\u015bniamy podstawowe wska\u017aniki. Jest to pierwszy post z cyklu, w kt\u00f3rym b\u0119dziemy wyja\u015bnia\u0107 podstawowe zastosowania naszej [&hellip;]<\/p>\n","protected":false},"author":33,"featured_media":18901,"comment_status":"open","ping_status":"open","sticky":false,"template":"","format":"standard","meta":{"inline_featured_image":false,"footnotes":""},"categories":[1793,1797],"tags":[7,17,45,207,225,309,345,351,353],"yoast_head":"<!-- This site is optimized with the Yoast SEO plugin v22.4 - https:\/\/yoast.com\/wordpress\/plugins\/seo\/ -->\n<title>Jak mierzy\u0107 zaanga\u017cowanie fan\u00f3w na Facebooku? - Sotrender Blog<\/title>\n<meta name=\"description\" content=\"Sotrender pozwala mierzy\u0107 zaanga\u017cowanie u\u017cytkownik\u00f3w fanpage&#039;a, kt\u00f3re jest jednym z najwa\u017cniejszych cel\u00f3w komunikacji przez social media.\" \/>\n<meta name=\"robots\" content=\"index, follow, max-snippet:-1, max-image-preview:large, max-video-preview:-1\" \/>\n<link rel=\"canonical\" href=\"https:\/\/www.sotrender.com\/blog\/pl\/2013\/07\/zaangazowanie-facebook\/\" \/>\n<meta property=\"og:locale\" content=\"pl_PL\" \/>\n<meta property=\"og:type\" content=\"article\" \/>\n<meta property=\"og:title\" content=\"Jak mierzy\u0107 zaanga\u017cowanie fan\u00f3w na Facebooku? - Sotrender Blog\" \/>\n<meta property=\"og:description\" content=\"Sotrender pozwala mierzy\u0107 zaanga\u017cowanie u\u017cytkownik\u00f3w fanpage&#039;a, kt\u00f3re jest jednym z najwa\u017cniejszych cel\u00f3w komunikacji przez social media.\" \/>\n<meta property=\"og:url\" content=\"https:\/\/www.sotrender.com\/blog\/pl\/2013\/07\/zaangazowanie-facebook\/\" \/>\n<meta property=\"og:site_name\" content=\"Sotrender Blog\" \/>\n<meta property=\"article:publisher\" content=\"https:\/\/www.facebook.com\/Sotrender\" \/>\n<meta property=\"article:published_time\" content=\"2013-07-25T09:52:19+00:00\" \/>\n<meta property=\"article:modified_time\" content=\"2017-11-17T09:29:54+00:00\" \/>\n<meta property=\"og:image\" content=\"https:\/\/www.sotrender.com\/blog\/wp-content\/uploads\/2015\/07\/header_blog_3.jpg\" \/>\n\t<meta property=\"og:image:width\" content=\"1600\" \/>\n\t<meta property=\"og:image:height\" content=\"700\" \/>\n\t<meta property=\"og:image:type\" content=\"image\/jpeg\" \/>\n<meta name=\"author\" content=\"Jakub Wygladala\" \/>\n<meta name=\"twitter:card\" content=\"summary_large_image\" \/>\n<meta name=\"twitter:creator\" content=\"@Sotrender\" \/>\n<meta name=\"twitter:site\" content=\"@Sotrender\" \/>\n<meta name=\"twitter:label1\" content=\"Written by\" \/>\n\t<meta name=\"twitter:data1\" content=\"Jakub Wygladala\" \/>\n\t<meta name=\"twitter:label2\" content=\"Est. reading time\" \/>\n\t<meta name=\"twitter:data2\" content=\"7 minutes\" \/>\n<script type=\"application\/ld+json\" class=\"yoast-schema-graph\">{\"@context\":\"https:\/\/schema.org\",\"@graph\":[{\"@type\":\"WebPage\",\"@id\":\"https:\/\/www.sotrender.com\/blog\/pl\/2013\/07\/zaangazowanie-facebook\/\",\"url\":\"https:\/\/www.sotrender.com\/blog\/pl\/2013\/07\/zaangazowanie-facebook\/\",\"name\":\"Jak mierzy\u0107 zaanga\u017cowanie fan\u00f3w na Facebooku? - Sotrender Blog\",\"isPartOf\":{\"@id\":\"https:\/\/www.sotrender.com\/blog\/#website\"},\"primaryImageOfPage\":{\"@id\":\"https:\/\/www.sotrender.com\/blog\/pl\/2013\/07\/zaangazowanie-facebook\/#primaryimage\"},\"image\":{\"@id\":\"https:\/\/www.sotrender.com\/blog\/pl\/2013\/07\/zaangazowanie-facebook\/#primaryimage\"},\"thumbnailUrl\":\"https:\/\/www.sotrender.com\/blog\/wp-content\/uploads\/2015\/07\/header_blog_3.jpg\",\"datePublished\":\"2013-07-25T09:52:19+00:00\",\"dateModified\":\"2017-11-17T09:29:54+00:00\",\"author\":{\"@id\":\"https:\/\/www.sotrender.com\/blog\/#\/schema\/person\/3d6b5a8a9e2cb110352065b988a22b9e\"},\"description\":\"Sotrender pozwala mierzy\u0107 zaanga\u017cowanie u\u017cytkownik\u00f3w fanpage'a, kt\u00f3re jest jednym z najwa\u017cniejszych cel\u00f3w komunikacji przez social media.\",\"breadcrumb\":{\"@id\":\"https:\/\/www.sotrender.com\/blog\/pl\/2013\/07\/zaangazowanie-facebook\/#breadcrumb\"},\"inLanguage\":\"pl-PL\",\"potentialAction\":[{\"@type\":\"ReadAction\",\"target\":[\"https:\/\/www.sotrender.com\/blog\/pl\/2013\/07\/zaangazowanie-facebook\/\"]}]},{\"@type\":\"ImageObject\",\"inLanguage\":\"pl-PL\",\"@id\":\"https:\/\/www.sotrender.com\/blog\/pl\/2013\/07\/zaangazowanie-facebook\/#primaryimage\",\"url\":\"https:\/\/www.sotrender.com\/blog\/wp-content\/uploads\/2015\/07\/header_blog_3.jpg\",\"contentUrl\":\"https:\/\/www.sotrender.com\/blog\/wp-content\/uploads\/2015\/07\/header_blog_3.jpg\",\"width\":1600,\"height\":700},{\"@type\":\"BreadcrumbList\",\"@id\":\"https:\/\/www.sotrender.com\/blog\/pl\/2013\/07\/zaangazowanie-facebook\/#breadcrumb\",\"itemListElement\":[{\"@type\":\"ListItem\",\"position\":1,\"name\":\"Home\",\"item\":\"https:\/\/www.sotrender.com\/blog\/\"},{\"@type\":\"ListItem\",\"position\":2,\"name\":\"Zaanga\u017cowanie fan\u00f3w na Facebooku &#8211; jak je mierzy\u0107?\"}]},{\"@type\":\"WebSite\",\"@id\":\"https:\/\/www.sotrender.com\/blog\/#website\",\"url\":\"https:\/\/www.sotrender.com\/blog\/\",\"name\":\"Sotrender Blog\",\"description\":\"\",\"potentialAction\":[{\"@type\":\"SearchAction\",\"target\":{\"@type\":\"EntryPoint\",\"urlTemplate\":\"https:\/\/www.sotrender.com\/blog\/?s={search_term_string}\"},\"query-input\":\"required name=search_term_string\"}],\"inLanguage\":\"pl-PL\"},{\"@type\":\"Person\",\"@id\":\"https:\/\/www.sotrender.com\/blog\/#\/schema\/person\/3d6b5a8a9e2cb110352065b988a22b9e\",\"name\":\"Jakub Wygladala\",\"image\":{\"@type\":\"ImageObject\",\"inLanguage\":\"pl-PL\",\"@id\":\"https:\/\/www.sotrender.com\/blog\/#\/schema\/person\/image\/\",\"url\":\"https:\/\/secure.gravatar.com\/avatar\/0f9069d1b8f613d0873736933d3419b1?s=96&d=mm&r=g\",\"contentUrl\":\"https:\/\/secure.gravatar.com\/avatar\/0f9069d1b8f613d0873736933d3419b1?s=96&d=mm&r=g\",\"caption\":\"Jakub Wygladala\"},\"url\":\"https:\/\/www.sotrender.com\/blog\/pl\/author\/jakub-wygladala\/\"}]}<\/script>\n<!-- \/ Yoast SEO plugin. -->","yoast_head_json":{"title":"Jak mierzy\u0107 zaanga\u017cowanie fan\u00f3w na Facebooku? - Sotrender Blog","description":"Sotrender pozwala mierzy\u0107 zaanga\u017cowanie u\u017cytkownik\u00f3w fanpage'a, kt\u00f3re jest jednym z najwa\u017cniejszych cel\u00f3w komunikacji przez social media.","robots":{"index":"index","follow":"follow","max-snippet":"max-snippet:-1","max-image-preview":"max-image-preview:large","max-video-preview":"max-video-preview:-1"},"canonical":"https:\/\/www.sotrender.com\/blog\/pl\/2013\/07\/zaangazowanie-facebook\/","og_locale":"pl_PL","og_type":"article","og_title":"Jak mierzy\u0107 zaanga\u017cowanie fan\u00f3w na Facebooku? - Sotrender Blog","og_description":"Sotrender pozwala mierzy\u0107 zaanga\u017cowanie u\u017cytkownik\u00f3w fanpage'a, kt\u00f3re jest jednym z najwa\u017cniejszych cel\u00f3w komunikacji przez social media.","og_url":"https:\/\/www.sotrender.com\/blog\/pl\/2013\/07\/zaangazowanie-facebook\/","og_site_name":"Sotrender Blog","article_publisher":"https:\/\/www.facebook.com\/Sotrender","article_published_time":"2013-07-25T09:52:19+00:00","article_modified_time":"2017-11-17T09:29:54+00:00","og_image":[{"width":1600,"height":700,"url":"https:\/\/www.sotrender.com\/blog\/wp-content\/uploads\/2015\/07\/header_blog_3.jpg","type":"image\/jpeg"}],"author":"Jakub Wygladala","twitter_card":"summary_large_image","twitter_creator":"@Sotrender","twitter_site":"@Sotrender","twitter_misc":{"Written by":"Jakub Wygladala","Est. reading time":"7 minutes"},"schema":{"@context":"https:\/\/schema.org","@graph":[{"@type":"WebPage","@id":"https:\/\/www.sotrender.com\/blog\/pl\/2013\/07\/zaangazowanie-facebook\/","url":"https:\/\/www.sotrender.com\/blog\/pl\/2013\/07\/zaangazowanie-facebook\/","name":"Jak mierzy\u0107 zaanga\u017cowanie fan\u00f3w na Facebooku? - Sotrender Blog","isPartOf":{"@id":"https:\/\/www.sotrender.com\/blog\/#website"},"primaryImageOfPage":{"@id":"https:\/\/www.sotrender.com\/blog\/pl\/2013\/07\/zaangazowanie-facebook\/#primaryimage"},"image":{"@id":"https:\/\/www.sotrender.com\/blog\/pl\/2013\/07\/zaangazowanie-facebook\/#primaryimage"},"thumbnailUrl":"https:\/\/www.sotrender.com\/blog\/wp-content\/uploads\/2015\/07\/header_blog_3.jpg","datePublished":"2013-07-25T09:52:19+00:00","dateModified":"2017-11-17T09:29:54+00:00","author":{"@id":"https:\/\/www.sotrender.com\/blog\/#\/schema\/person\/3d6b5a8a9e2cb110352065b988a22b9e"},"description":"Sotrender pozwala mierzy\u0107 zaanga\u017cowanie u\u017cytkownik\u00f3w fanpage'a, kt\u00f3re jest jednym z najwa\u017cniejszych cel\u00f3w komunikacji przez social media.","breadcrumb":{"@id":"https:\/\/www.sotrender.com\/blog\/pl\/2013\/07\/zaangazowanie-facebook\/#breadcrumb"},"inLanguage":"pl-PL","potentialAction":[{"@type":"ReadAction","target":["https:\/\/www.sotrender.com\/blog\/pl\/2013\/07\/zaangazowanie-facebook\/"]}]},{"@type":"ImageObject","inLanguage":"pl-PL","@id":"https:\/\/www.sotrender.com\/blog\/pl\/2013\/07\/zaangazowanie-facebook\/#primaryimage","url":"https:\/\/www.sotrender.com\/blog\/wp-content\/uploads\/2015\/07\/header_blog_3.jpg","contentUrl":"https:\/\/www.sotrender.com\/blog\/wp-content\/uploads\/2015\/07\/header_blog_3.jpg","width":1600,"height":700},{"@type":"BreadcrumbList","@id":"https:\/\/www.sotrender.com\/blog\/pl\/2013\/07\/zaangazowanie-facebook\/#breadcrumb","itemListElement":[{"@type":"ListItem","position":1,"name":"Home","item":"https:\/\/www.sotrender.com\/blog\/"},{"@type":"ListItem","position":2,"name":"Zaanga\u017cowanie fan\u00f3w na Facebooku &#8211; jak je mierzy\u0107?"}]},{"@type":"WebSite","@id":"https:\/\/www.sotrender.com\/blog\/#website","url":"https:\/\/www.sotrender.com\/blog\/","name":"Sotrender Blog","description":"","potentialAction":[{"@type":"SearchAction","target":{"@type":"EntryPoint","urlTemplate":"https:\/\/www.sotrender.com\/blog\/?s={search_term_string}"},"query-input":"required name=search_term_string"}],"inLanguage":"pl-PL"},{"@type":"Person","@id":"https:\/\/www.sotrender.com\/blog\/#\/schema\/person\/3d6b5a8a9e2cb110352065b988a22b9e","name":"Jakub Wygladala","image":{"@type":"ImageObject","inLanguage":"pl-PL","@id":"https:\/\/www.sotrender.com\/blog\/#\/schema\/person\/image\/","url":"https:\/\/secure.gravatar.com\/avatar\/0f9069d1b8f613d0873736933d3419b1?s=96&d=mm&r=g","contentUrl":"https:\/\/secure.gravatar.com\/avatar\/0f9069d1b8f613d0873736933d3419b1?s=96&d=mm&r=g","caption":"Jakub Wygladala"},"url":"https:\/\/www.sotrender.com\/blog\/pl\/author\/jakub-wygladala\/"}]}},"_links":{"self":[{"href":"https:\/\/www.sotrender.com\/blog\/pl\/wp-json\/wp\/v2\/posts\/8237"}],"collection":[{"href":"https:\/\/www.sotrender.com\/blog\/pl\/wp-json\/wp\/v2\/posts"}],"about":[{"href":"https:\/\/www.sotrender.com\/blog\/pl\/wp-json\/wp\/v2\/types\/post"}],"author":[{"embeddable":true,"href":"https:\/\/www.sotrender.com\/blog\/pl\/wp-json\/wp\/v2\/users\/33"}],"replies":[{"embeddable":true,"href":"https:\/\/www.sotrender.com\/blog\/pl\/wp-json\/wp\/v2\/comments?post=8237"}],"version-history":[{"count":43,"href":"https:\/\/www.sotrender.com\/blog\/pl\/wp-json\/wp\/v2\/posts\/8237\/revisions"}],"predecessor-version":[{"id":31499,"href":"https:\/\/www.sotrender.com\/blog\/pl\/wp-json\/wp\/v2\/posts\/8237\/revisions\/31499"}],"wp:featuredmedia":[{"embeddable":true,"href":"https:\/\/www.sotrender.com\/blog\/pl\/wp-json\/wp\/v2\/media\/18901"}],"wp:attachment":[{"href":"https:\/\/www.sotrender.com\/blog\/pl\/wp-json\/wp\/v2\/media?parent=8237"}],"wp:term":[{"taxonomy":"category","embeddable":true,"href":"https:\/\/www.sotrender.com\/blog\/pl\/wp-json\/wp\/v2\/categories?post=8237"},{"taxonomy":"post_tag","embeddable":true,"href":"https:\/\/www.sotrender.com\/blog\/pl\/wp-json\/wp\/v2\/tags?post=8237"}],"curies":[{"name":"wp","href":"https:\/\/api.w.org\/{rel}","templated":true}]}}