{"id":8081,"date":"2013-07-16T11:52:10","date_gmt":"2013-07-16T10:52:10","guid":{"rendered":"http:\/\/blog.sotrender.com\/?p=8081"},"modified":"2017-04-13T16:27:05","modified_gmt":"2017-04-13T14:27:05","slug":"marki-nie-doceniaja-hashtagow","status":"publish","type":"post","link":"https:\/\/www.sotrender.com\/blog\/pl\/2013\/07\/marki-nie-doceniaja-hashtagow\/","title":{"rendered":"Polskie marki nie doceniaj\u0105 #hashtag\u00f3w na Facebooku"},"content":{"rendered":"<p style=\"text-align: justify;\">Facebook wprowadzi\u0142 hashtagi w po\u0142owie czerwca. Jak mo\u017cna przeczyta\u0107 na <a href=\"http:\/\/www.facebook-studio.com\/news\/item\/introducing-hashtags-on-facebook\">oficjalnym blogu<\/a> portalu Marka Zuckerberga, funkcja ta daje marketerom nowe mo\u017cliwo\u015bci marketingowe, poniewa\u017c u\u0142atwia odnajdywanie konwersacji po\u015bwi\u0119conych danemu tematowi i anga\u017cowanie si\u0119 w nie. Nadal jednak ci\u0119\u017cko jest oceni\u0107 wp\u0142yw hashtag\u00f3w na efektywno\u015b\u0107 prowadzonych przez marki dzia\u0142a\u0144.<\/p>\n<p style=\"text-align: justify;\"><!--more--><\/p>\n<p style=\"text-align: justify;\">W internecie mo\u017cna znale\u017a\u0107 bardzo wiele wskaz\u00f3wek dotycz\u0105cych tego, jak korzysta\u0107 z hashtag\u00f3w na Facebooku, jak np. te przygotowane przez <a href=\"http:\/\/allfacebook.com\/bizzabo-alon-alroy-hashtags-events_b121482\">AllFacebook.com<\/a> lub agencj\u0119 <a href=\"http:\/\/www.ignitesocialmedia.com\/facebook-marketing\/facebook-hashtags-for-brands\/\">Ignite Social Media<\/a>. Ci\u0105gle jednak wi\u0119cej jest na ich temat mit\u00f3w ni\u017c twardych danych. Sotrender Research Team przeanalizowa\u0142 100 najwi\u0119kszych stron polskich marek na Facebooku w celu zbadania danych dotycz\u0105cych u\u017cywania przez nie hashtag\u00f3w oraz ich efektywno\u015bci. Jest to pierwsze badanie tego typu w Polsce, jak r\u00f3wnie\u017c jedno z pierwszych na \u015bwiecie, po przygotowanym przez Sotrender <a href=\"https:\/\/www.sotrender.com\/blog\/2013\/07\/how-the-uk-brands-use-facebook-hashtags\/\">raporcie na temat wykorzystania hashtag\u00f3w przez top 100 najwi\u0119kszych marek brytyjskich<\/a>.<\/p>\n<h2 dir=\"ltr\">Jak polskie marki korzystaj\u0105 z hashtag\u00f3w?<\/h2>\n<p style=\"text-align: justify;\">Od momentu wprowadzenia hashtag\u00f3w, zosta\u0142y one u\u017cyte co najmniej raz przez 43 spo\u015br\u00f3d 100 najwi\u0119kszych polskich markowych stron na Facebooku. \u00a0W Wielkiej Brytanii zrobi\u0142o to znacznie wi\u0119cej, bo a\u017c 61 z top 100 najwi\u0119kszych marek.<\/p>\n<p style=\"text-align: justify;\">Jak wida\u0107 na poni\u017cszym wykresie, z dniem uruchomienia hashtag\u00f3w, sta\u0142y si\u0119 one o wiele cz\u0119\u015bciej wykorzystywane. Mimo, \u017ce obecnie ich popularno\u015b\u0107 plasuje si\u0119 na \u015brednim poziomie &#8211; co najmniej jeden tag dodawany jest do mniej wi\u0119cej co pi\u0105tego posta &#8211; cz\u0119stotliwo\u015b\u0107 ich u\u017cycia stale jednak ro\u015bnie, co mo\u017cna zaobserwowa\u0107 na poni\u017cszym wykresie.<\/p>\n<div id=\"attachment_8087\" style=\"width: 635px\" class=\"wp-caption aligncenter\"><a href=\"https:\/\/www.sotrender.com\/blog\/wp-content\/uploads\/2013\/07\/popularnosc_bez_trendu.png\"><img loading=\"lazy\" decoding=\"async\" aria-describedby=\"caption-attachment-8087\" class=\"size-large wp-image-8087\" src=\"https:\/\/www.sotrender.com\/blog\/wp-content\/uploads\/2013\/07\/popularnosc_bez_trendu-1024x554.png\" alt=\"Wykres 1: Rosn\u0105ca popularno\u015b\u0107 hashtag\u00f3w w Polsce\" width=\"625\" height=\"338\" \/><\/a><p id=\"caption-attachment-8087\" class=\"wp-caption-text\">Wykres 1: Rosn\u0105ca popularno\u015b\u0107 hashtag\u00f3w w Polsce<\/p><\/div>\n<p style=\"text-align: justify;\">Poniewa\u017c nie jest jeszcze jasne, czy lepiej u\u017cywa\u0107 kilku tag\u00f3w silnie zwi\u0105zanych z dan\u0105 mark\u0105, czy wielu og\u00f3lnych, sprawdzili\u015bmy ile unikalnych tag\u00f3w wykorzysta\u0142y najwi\u0119ksze polskie strony na Facebooku.<\/p>\n<div id=\"attachment_8089\" style=\"width: 635px\" class=\"wp-caption aligncenter\"><a href=\"https:\/\/www.sotrender.com\/blog\/wp-content\/uploads\/2013\/07\/nhash21.png\"><img loading=\"lazy\" decoding=\"async\" aria-describedby=\"caption-attachment-8089\" class=\"size-large wp-image-8089\" src=\"https:\/\/www.sotrender.com\/blog\/wp-content\/uploads\/2013\/07\/nhash21-1024x554.png\" alt=\"Wykres 2: Liczba hashtag\u00f3w u\u017cywanych przez najwi\u0119ksze polskie strony na Facebooku\" width=\"625\" height=\"338\" \/><\/a><p id=\"caption-attachment-8089\" class=\"wp-caption-text\">Wykres 2: Liczba hashtag\u00f3w u\u017cywanych przez najwi\u0119ksze polskie strony na Facebooku<\/p><\/div>\n<p style=\"text-align: justify;\">Okaza\u0142o si\u0119, \u017ce strony, kt\u00f3re publikowa\u0142y hashtagi, wykorzystywa\u0142y najcz\u0119\u015bciej od 2 do 4 lub wi\u0119cej ni\u017c 11 unikalnych tag\u00f3w. Rozk\u0142ad cz\u0119stotliwo\u015bci u\u017cywania jest podobny jak w analogicznej analizie dla Wielkiej Brytanii &#8211; strony najcz\u0119\u015bciej w og\u00f3le nie u\u017cywa\u0142y tag\u00f3w lub te\u017c u\u017cywa\u0142y ich kilka lub wi\u0119cej. Dziwi niewielka liczba profili, kt\u00f3re wypr\u00f3bowa\u0142y tylko 1 #.<\/p>\n<div id=\"attachment_8091\" style=\"width: 843px\" class=\"wp-caption aligncenter\"><a href=\"https:\/\/www.sotrender.com\/blog\/wp-content\/uploads\/2013\/07\/hashe-pl.png\"><img loading=\"lazy\" decoding=\"async\" aria-describedby=\"caption-attachment-8091\" class=\"size-full wp-image-8091\" src=\"https:\/\/www.sotrender.com\/blog\/wp-content\/uploads\/2013\/07\/hashe-pl.png\" alt=\"Wykres 3: Najcz\u0119\u015bciej wykorzystywane hashtagi\" width=\"833\" height=\"531\" srcset=\"https:\/\/www.sotrender.com\/blog\/wp-content\/uploads\/2013\/07\/hashe-pl.png 833w, https:\/\/www.sotrender.com\/blog\/wp-content\/uploads\/2013\/07\/hashe-pl-475x303.png 475w, https:\/\/www.sotrender.com\/blog\/wp-content\/uploads\/2013\/07\/hashe-pl-768x490.png 768w, https:\/\/www.sotrender.com\/blog\/wp-content\/uploads\/2013\/07\/hashe-pl-600x382.png 600w\" sizes=\"(max-width: 833px) 100vw, 833px\" \/><\/a><p id=\"caption-attachment-8091\" class=\"wp-caption-text\">Wykres 3: Najcz\u0119\u015bciej wykorzystywane hashtagi<\/p><\/div>\n<p style=\"text-align: justify;\">Najpopularniejszymi hashtagami by\u0142y #eska (u\u017cyta 71 razy), #radio (69 razy) oraz #vans (30 razy). Z kolei absolutnym liderem zar\u00f3wno pod wzgl\u0119dem cz\u0119stotliwo\u015bci publikowania, jak i liczby unikalnych tag\u00f3w jest Radio Eska, kt\u00f3re w analizowanym okresie opublikowa\u0142o wpisy zawieraj\u0105ce 285 hashtag\u00f3w, takich jak np. #impreska, #kicha, #prych, #bleah, #przemy\u015blenianabasenie czy #patatajnia i wiele innych.<\/p>\n<h2><b>A co z zaanga\u017cowaniem?<\/b><\/h2>\n<p style=\"text-align: justify;\">Czy hashtagi wp\u0142ywaj\u0105 na zaanga\u017cowanie? Kolejny wykres przedstawia \u015brednie zaanga\u017cowanie, czyli liczb\u0119 polubie\u0144, udost\u0119pnie\u0144 oraz komentarzy, wywo\u0142ane przez posty zawieraj\u0105ce oraz pozbawione tag\u00f3w przed i po ich wprowadzeniu:<\/p>\n<div id=\"attachment_8093\" style=\"width: 635px\" class=\"wp-caption aligncenter\"><a href=\"https:\/\/www.sotrender.com\/blog\/wp-content\/uploads\/2013\/07\/zaangazowanie_hashe_w_czasie.png\"><img loading=\"lazy\" decoding=\"async\" aria-describedby=\"caption-attachment-8093\" class=\"size-large wp-image-8093\" src=\"https:\/\/www.sotrender.com\/blog\/wp-content\/uploads\/2013\/07\/zaangazowanie_hashe_w_czasie-1024x554.png\" alt=\"Wykres 4: Wp\u0142yw hashtag\u00f3w na zaanga\u017cowanie\" width=\"625\" height=\"338\" \/><\/a><p id=\"caption-attachment-8093\" class=\"wp-caption-text\">Wykres 4: Wp\u0142yw hashtag\u00f3w na zaanga\u017cowanie<\/p><\/div>\n<p style=\"text-align: justify;\">Przeci\u0119tna dzienna liczba u\u017cytkownik\u00f3w zaanga\u017cowanych przez posty z hashtagami zdecydowanie wzros\u0142a po 12. czerwca, czyli po ich uruchomieniu. Przewaga post\u00f3w z tagami nad postami bez nich nie jest zbyt wyra\u017ana. Mo\u017cna stwierdzi\u0107, \u017ce powy\u017csza zale\u017cno\u015b\u0107 zosta\u0142a spowodowana przez fakt, \u017ce hashtag\u00f3w zacz\u0119li u\u017cywa\u0107 ci, kt\u00f3rzy i tak przodowali w zaanga\u017cowaniu.<\/p>\n<p style=\"text-align: justify;\">W zwi\u0105zku z tym postanowili\u015bmy wyodr\u0119bni\u0107 tylko te strony, kt\u00f3re wykorzystywa\u0142y tagi w swoich publikacjach. Pozwala to por\u00f3wnywa\u0107 zaanga\u017cowanie pod ich postami przed uruchomieniem hashtag\u00f3w oraz po &#8211; zar\u00f3wno dla post\u00f3w zawieraj\u0105cych # jak r\u00f3wnie\u017c nich pozbawionych. Poni\u017cszy wykres prezentuje wynik tej analizy, przyjmuj\u0105c za kluczowy czynnik procent zaanga\u017cowanych u\u017cytkownik\u00f3w, co dodatkowo eliminuje wp\u0142yw wielko\u015bci analizowanych stron:<\/p>\n<div id=\"attachment_8095\" style=\"width: 635px\" class=\"wp-caption aligncenter\"><a href=\"https:\/\/www.sotrender.com\/blog\/wp-content\/uploads\/2013\/07\/przed_hash_po_p.png\"><img loading=\"lazy\" decoding=\"async\" aria-describedby=\"caption-attachment-8095\" class=\"size-large wp-image-8095\" src=\"https:\/\/www.sotrender.com\/blog\/wp-content\/uploads\/2013\/07\/przed_hash_po_p-1024x640.png\" alt=\"Wykres 5: Odsetek fan\u00f3w zaanga\u017cowanych przez posty z i bez hashtag\u00f3w przed i po ich wprowadzeniu\" width=\"625\" height=\"390\" \/><\/a><p id=\"caption-attachment-8095\" class=\"wp-caption-text\">Wykres 5: Odsetek fan\u00f3w zaanga\u017cowanych przez posty z i bez hashtag\u00f3w przed i po ich wprowadzeniu<\/p><\/div>\n<p style=\"text-align: justify;\">Posty pozbawione hashtag\u00f3w anga\u017cuj\u0105 podobny odsetek u\u017cytkownik\u00f3w jak przeci\u0119tny post przed 12 czerwca. Natomiast wpisy zawieraj\u0105ce # anga\u017cuj\u0105 przeci\u0119tnie zdecydowanie wi\u0119ksz\u0105 cz\u0119\u015b\u0107 fan\u00f3w. W por\u00f3wnaniu do analizowanej przez nas przed kilkoma dniami sytuacji na Wyspach Brytyjskich, ta r\u00f3\u017cnica jest bardziej znacz\u0105ca. Mo\u017ce to jednak wynika\u0107 z faktu, \u017ce w Polsce # s\u0105 na stronach marek mniej popularne, a zarazem &#8211; wykorzystywane przed wszystkim przez tych, kt\u00f3rzy i tak skuteczniej anga\u017cuj\u0105.<\/p>\n<p style=\"text-align: justify;\">W obr\u0119bie jednego posta mo\u017cna wykorzystywa\u0107 wi\u0119cej tag\u00f3w, co robi ju\u017c wiele marek. Sprawdzili\u015bmy zwi\u0105zek liczby hashtag\u00f3w w po\u015bcie z odsetkiem zaanga\u017cowanych przeze\u0144 u\u017cytkownik\u00f3w, ale wyniki nie s\u0105 jednoznaczne. Wprawdzie posty z dwoma tagami anga\u017cowa\u0142y nieco lepiej ni\u017c z jednym, ale dla wi\u0119kszej ni\u017c dwa liczby tag\u00f3w w po\u015bcie, efekty by\u0142o znacznie s\u0142absze, inaczej ni\u017c w przypadku analizy fanpage\u2019\u00f3w z Wielkiej Brytanii. Trzeba przy tym pami\u0119ta\u0107, \u017ce jak na razie ma\u0142o by\u0142o post\u00f3w zawieraj\u0105cych wi\u0119cej ni\u017c 2 tagi. Co wi\u0119cej, obecno\u015b\u0107 hashtag\u00f3w w postach wyd\u0142u\u017ca czas, w kt\u00f3rym zbieraj\u0105 one 50% wszystkich aktywno\u015bci, takich jak polubienia, komentarze czy udost\u0119pnienia.<\/p>\n<p><a style=\"font-weight: bold; font-size: 1rem; line-height: 1;\" href=\"https:\/\/www.sotrender.com\/blog\/wp-content\/uploads\/2013\/07\/liczba_hashow_a_procent_zaangazowanych1.png\"><img loading=\"lazy\" decoding=\"async\" class=\"size-large wp-image-8107 aligncenter\" src=\"https:\/\/www.sotrender.com\/blog\/wp-content\/uploads\/2013\/07\/liczba_hashow_a_procent_zaangazowanych1-1024x640.png\" alt=\"Wykres 6: Liczba hashtag\u00f3w w po\u015bcie a odsetek zaanga\u017cowanych fan\u00f3w \" width=\"625\" height=\"390\" \/><\/a><\/p>\n<p>Wykres 6: Liczba hashtag\u00f3w w po\u015bcie a odsetek zaanga\u017cowanych fan\u00f3w<\/p>\n<p style=\"text-align: justify;\">Podsumowuj\u0105c, wp\u0142yw wprowadzenia hashtag\u00f3w na Facebooku na komunikacj\u0119 marek w tym kanale nie jest a\u017c tak znacz\u0105cy, jak mo\u017cna by si\u0119 spodziewa\u0107. Zaprezentowane powy\u017cej dane pokazuj\u0105, \u017ce tagi wp\u0142ywaj\u0105 pozytywnie na prowadzone przez marki dzia\u0142ania, jednak jak dot\u0105d ta zale\u017cno\u015b\u0107 jest do\u015b\u0107 s\u0142aba, co wida\u0107 zar\u00f3wno na przyk\u0142adzie polskich, jak i brytyjskich marek.<\/p>\n<p style=\"text-align: justify;\"><i>Analiza zosta\u0142a przeprowadzona przez <\/i><a href=\"http:\/\/www.sotrender.com\/resources\/pl\/reports\"><i>Sotrender Research Team<\/i><\/a><i> i obejmuje komunikacj\u0119 100 najwi\u0119kszych polskich profili marek na Facebooku w okresie od 1 maja do 5 lipca 2013 r.<\/i><\/p>\n","protected":false},"excerpt":{"rendered":"<p>Facebook wprowadzi\u0142 hashtagi w po\u0142owie czerwca. Jak mo\u017cna przeczyta\u0107 na oficjalnym blogu portalu Marka Zuckerberga, funkcja ta daje marketerom nowe mo\u017cliwo\u015bci marketingowe, poniewa\u017c u\u0142atwia odnajdywanie konwersacji po\u015bwi\u0119conych danemu tematowi i anga\u017cowanie si\u0119 w nie. Nadal jednak ci\u0119\u017cko jest oceni\u0107 wp\u0142yw hashtag\u00f3w na efektywno\u015b\u0107 prowadzonych przez marki dzia\u0142a\u0144.<\/p>\n","protected":false},"author":31,"featured_media":21591,"comment_status":"open","ping_status":"open","sticky":false,"template":"","format":"standard","meta":{"inline_featured_image":false,"footnotes":""},"categories":[1793,1797],"tags":[17,409,483],"yoast_head":"<!-- This site is optimized with the Yoast SEO plugin v22.4 - https:\/\/yoast.com\/wordpress\/plugins\/seo\/ -->\n<title>Polskie marki nie doceniaj\u0105 hashtag\u00f3w - Sotrender Blog<\/title>\n<meta name=\"description\" content=\"Sotrender Research Team przeanalizowa\u0142 100 stron polskich marek na Facebooku w celu zbadania danych dotycz\u0105cych u\u017cywania hashtag\u00f3w oraz ich efektywno\u015bci.\" \/>\n<meta name=\"robots\" content=\"index, follow, max-snippet:-1, max-image-preview:large, max-video-preview:-1\" \/>\n<link rel=\"canonical\" href=\"https:\/\/www.sotrender.com\/blog\/pl\/2013\/07\/marki-nie-doceniaja-hashtagow\/\" \/>\n<meta property=\"og:locale\" content=\"pl_PL\" \/>\n<meta property=\"og:type\" content=\"article\" \/>\n<meta property=\"og:title\" content=\"Polskie marki nie doceniaj\u0105 hashtag\u00f3w - Sotrender Blog\" \/>\n<meta property=\"og:description\" content=\"Sotrender Research Team przeanalizowa\u0142 100 stron polskich marek na Facebooku w celu zbadania danych dotycz\u0105cych u\u017cywania hashtag\u00f3w oraz ich efektywno\u015bci.\" \/>\n<meta property=\"og:url\" content=\"https:\/\/www.sotrender.com\/blog\/pl\/2013\/07\/marki-nie-doceniaja-hashtagow\/\" \/>\n<meta property=\"og:site_name\" content=\"Sotrender Blog\" \/>\n<meta property=\"article:publisher\" content=\"https:\/\/www.facebook.com\/Sotrender\" \/>\n<meta property=\"article:published_time\" content=\"2013-07-16T10:52:10+00:00\" \/>\n<meta property=\"article:modified_time\" content=\"2017-04-13T14:27:05+00:00\" \/>\n<meta property=\"og:image\" content=\"https:\/\/www.sotrender.com\/blog\/wp-content\/uploads\/2016\/03\/lunapark.jpeg\" \/>\n\t<meta property=\"og:image:width\" content=\"1280\" \/>\n\t<meta property=\"og:image:height\" content=\"851\" \/>\n\t<meta property=\"og:image:type\" content=\"image\/jpeg\" \/>\n<meta name=\"author\" content=\"Aleksandra Prejs\" \/>\n<meta name=\"twitter:card\" content=\"summary_large_image\" \/>\n<meta name=\"twitter:creator\" content=\"@Sotrender\" \/>\n<meta name=\"twitter:site\" content=\"@Sotrender\" \/>\n<meta name=\"twitter:label1\" content=\"Written by\" \/>\n\t<meta name=\"twitter:data1\" content=\"Aleksandra Prejs\" \/>\n\t<meta name=\"twitter:label2\" content=\"Est. reading time\" \/>\n\t<meta name=\"twitter:data2\" content=\"5 minutes\" \/>\n<script type=\"application\/ld+json\" class=\"yoast-schema-graph\">{\"@context\":\"https:\/\/schema.org\",\"@graph\":[{\"@type\":\"WebPage\",\"@id\":\"https:\/\/www.sotrender.com\/blog\/pl\/2013\/07\/marki-nie-doceniaja-hashtagow\/\",\"url\":\"https:\/\/www.sotrender.com\/blog\/pl\/2013\/07\/marki-nie-doceniaja-hashtagow\/\",\"name\":\"Polskie marki nie doceniaj\u0105 hashtag\u00f3w - Sotrender Blog\",\"isPartOf\":{\"@id\":\"https:\/\/www.sotrender.com\/blog\/#website\"},\"primaryImageOfPage\":{\"@id\":\"https:\/\/www.sotrender.com\/blog\/pl\/2013\/07\/marki-nie-doceniaja-hashtagow\/#primaryimage\"},\"image\":{\"@id\":\"https:\/\/www.sotrender.com\/blog\/pl\/2013\/07\/marki-nie-doceniaja-hashtagow\/#primaryimage\"},\"thumbnailUrl\":\"https:\/\/www.sotrender.com\/blog\/wp-content\/uploads\/2016\/03\/lunapark.jpeg\",\"datePublished\":\"2013-07-16T10:52:10+00:00\",\"dateModified\":\"2017-04-13T14:27:05+00:00\",\"author\":{\"@id\":\"https:\/\/www.sotrender.com\/blog\/#\/schema\/person\/7106df62825269bc360ad9171cd7149b\"},\"description\":\"Sotrender Research Team przeanalizowa\u0142 100 stron polskich marek na Facebooku w celu zbadania danych dotycz\u0105cych u\u017cywania hashtag\u00f3w oraz ich efektywno\u015bci.\",\"breadcrumb\":{\"@id\":\"https:\/\/www.sotrender.com\/blog\/pl\/2013\/07\/marki-nie-doceniaja-hashtagow\/#breadcrumb\"},\"inLanguage\":\"pl-PL\",\"potentialAction\":[{\"@type\":\"ReadAction\",\"target\":[\"https:\/\/www.sotrender.com\/blog\/pl\/2013\/07\/marki-nie-doceniaja-hashtagow\/\"]}]},{\"@type\":\"ImageObject\",\"inLanguage\":\"pl-PL\",\"@id\":\"https:\/\/www.sotrender.com\/blog\/pl\/2013\/07\/marki-nie-doceniaja-hashtagow\/#primaryimage\",\"url\":\"https:\/\/www.sotrender.com\/blog\/wp-content\/uploads\/2016\/03\/lunapark.jpeg\",\"contentUrl\":\"https:\/\/www.sotrender.com\/blog\/wp-content\/uploads\/2016\/03\/lunapark.jpeg\",\"width\":1280,\"height\":851},{\"@type\":\"BreadcrumbList\",\"@id\":\"https:\/\/www.sotrender.com\/blog\/pl\/2013\/07\/marki-nie-doceniaja-hashtagow\/#breadcrumb\",\"itemListElement\":[{\"@type\":\"ListItem\",\"position\":1,\"name\":\"Home\",\"item\":\"https:\/\/www.sotrender.com\/blog\/\"},{\"@type\":\"ListItem\",\"position\":2,\"name\":\"Polskie marki nie doceniaj\u0105 #hashtag\u00f3w na Facebooku\"}]},{\"@type\":\"WebSite\",\"@id\":\"https:\/\/www.sotrender.com\/blog\/#website\",\"url\":\"https:\/\/www.sotrender.com\/blog\/\",\"name\":\"Sotrender Blog\",\"description\":\"\",\"potentialAction\":[{\"@type\":\"SearchAction\",\"target\":{\"@type\":\"EntryPoint\",\"urlTemplate\":\"https:\/\/www.sotrender.com\/blog\/?s={search_term_string}\"},\"query-input\":\"required name=search_term_string\"}],\"inLanguage\":\"pl-PL\"},{\"@type\":\"Person\",\"@id\":\"https:\/\/www.sotrender.com\/blog\/#\/schema\/person\/7106df62825269bc360ad9171cd7149b\",\"name\":\"Aleksandra Prejs\",\"image\":{\"@type\":\"ImageObject\",\"inLanguage\":\"pl-PL\",\"@id\":\"https:\/\/www.sotrender.com\/blog\/#\/schema\/person\/image\/\",\"url\":\"https:\/\/secure.gravatar.com\/avatar\/469000454b77ff0aacb32c49dba023be?s=96&d=mm&r=g\",\"contentUrl\":\"https:\/\/secure.gravatar.com\/avatar\/469000454b77ff0aacb32c49dba023be?s=96&d=mm&r=g\",\"caption\":\"Aleksandra Prejs\"},\"url\":\"https:\/\/www.sotrender.com\/blog\/pl\/author\/aleksandra-prejs\/\"}]}<\/script>\n<!-- \/ Yoast SEO plugin. -->","yoast_head_json":{"title":"Polskie marki nie doceniaj\u0105 hashtag\u00f3w - Sotrender Blog","description":"Sotrender Research Team przeanalizowa\u0142 100 stron polskich marek na Facebooku w celu zbadania danych dotycz\u0105cych u\u017cywania hashtag\u00f3w oraz ich efektywno\u015bci.","robots":{"index":"index","follow":"follow","max-snippet":"max-snippet:-1","max-image-preview":"max-image-preview:large","max-video-preview":"max-video-preview:-1"},"canonical":"https:\/\/www.sotrender.com\/blog\/pl\/2013\/07\/marki-nie-doceniaja-hashtagow\/","og_locale":"pl_PL","og_type":"article","og_title":"Polskie marki nie doceniaj\u0105 hashtag\u00f3w - Sotrender Blog","og_description":"Sotrender Research Team przeanalizowa\u0142 100 stron polskich marek na Facebooku w celu zbadania danych dotycz\u0105cych u\u017cywania hashtag\u00f3w oraz ich efektywno\u015bci.","og_url":"https:\/\/www.sotrender.com\/blog\/pl\/2013\/07\/marki-nie-doceniaja-hashtagow\/","og_site_name":"Sotrender Blog","article_publisher":"https:\/\/www.facebook.com\/Sotrender","article_published_time":"2013-07-16T10:52:10+00:00","article_modified_time":"2017-04-13T14:27:05+00:00","og_image":[{"width":1280,"height":851,"url":"https:\/\/www.sotrender.com\/blog\/wp-content\/uploads\/2016\/03\/lunapark.jpeg","type":"image\/jpeg"}],"author":"Aleksandra Prejs","twitter_card":"summary_large_image","twitter_creator":"@Sotrender","twitter_site":"@Sotrender","twitter_misc":{"Written by":"Aleksandra Prejs","Est. reading time":"5 minutes"},"schema":{"@context":"https:\/\/schema.org","@graph":[{"@type":"WebPage","@id":"https:\/\/www.sotrender.com\/blog\/pl\/2013\/07\/marki-nie-doceniaja-hashtagow\/","url":"https:\/\/www.sotrender.com\/blog\/pl\/2013\/07\/marki-nie-doceniaja-hashtagow\/","name":"Polskie marki nie doceniaj\u0105 hashtag\u00f3w - Sotrender Blog","isPartOf":{"@id":"https:\/\/www.sotrender.com\/blog\/#website"},"primaryImageOfPage":{"@id":"https:\/\/www.sotrender.com\/blog\/pl\/2013\/07\/marki-nie-doceniaja-hashtagow\/#primaryimage"},"image":{"@id":"https:\/\/www.sotrender.com\/blog\/pl\/2013\/07\/marki-nie-doceniaja-hashtagow\/#primaryimage"},"thumbnailUrl":"https:\/\/www.sotrender.com\/blog\/wp-content\/uploads\/2016\/03\/lunapark.jpeg","datePublished":"2013-07-16T10:52:10+00:00","dateModified":"2017-04-13T14:27:05+00:00","author":{"@id":"https:\/\/www.sotrender.com\/blog\/#\/schema\/person\/7106df62825269bc360ad9171cd7149b"},"description":"Sotrender Research Team przeanalizowa\u0142 100 stron polskich marek na Facebooku w celu zbadania danych dotycz\u0105cych u\u017cywania hashtag\u00f3w oraz ich efektywno\u015bci.","breadcrumb":{"@id":"https:\/\/www.sotrender.com\/blog\/pl\/2013\/07\/marki-nie-doceniaja-hashtagow\/#breadcrumb"},"inLanguage":"pl-PL","potentialAction":[{"@type":"ReadAction","target":["https:\/\/www.sotrender.com\/blog\/pl\/2013\/07\/marki-nie-doceniaja-hashtagow\/"]}]},{"@type":"ImageObject","inLanguage":"pl-PL","@id":"https:\/\/www.sotrender.com\/blog\/pl\/2013\/07\/marki-nie-doceniaja-hashtagow\/#primaryimage","url":"https:\/\/www.sotrender.com\/blog\/wp-content\/uploads\/2016\/03\/lunapark.jpeg","contentUrl":"https:\/\/www.sotrender.com\/blog\/wp-content\/uploads\/2016\/03\/lunapark.jpeg","width":1280,"height":851},{"@type":"BreadcrumbList","@id":"https:\/\/www.sotrender.com\/blog\/pl\/2013\/07\/marki-nie-doceniaja-hashtagow\/#breadcrumb","itemListElement":[{"@type":"ListItem","position":1,"name":"Home","item":"https:\/\/www.sotrender.com\/blog\/"},{"@type":"ListItem","position":2,"name":"Polskie marki nie doceniaj\u0105 #hashtag\u00f3w na Facebooku"}]},{"@type":"WebSite","@id":"https:\/\/www.sotrender.com\/blog\/#website","url":"https:\/\/www.sotrender.com\/blog\/","name":"Sotrender Blog","description":"","potentialAction":[{"@type":"SearchAction","target":{"@type":"EntryPoint","urlTemplate":"https:\/\/www.sotrender.com\/blog\/?s={search_term_string}"},"query-input":"required name=search_term_string"}],"inLanguage":"pl-PL"},{"@type":"Person","@id":"https:\/\/www.sotrender.com\/blog\/#\/schema\/person\/7106df62825269bc360ad9171cd7149b","name":"Aleksandra Prejs","image":{"@type":"ImageObject","inLanguage":"pl-PL","@id":"https:\/\/www.sotrender.com\/blog\/#\/schema\/person\/image\/","url":"https:\/\/secure.gravatar.com\/avatar\/469000454b77ff0aacb32c49dba023be?s=96&d=mm&r=g","contentUrl":"https:\/\/secure.gravatar.com\/avatar\/469000454b77ff0aacb32c49dba023be?s=96&d=mm&r=g","caption":"Aleksandra Prejs"},"url":"https:\/\/www.sotrender.com\/blog\/pl\/author\/aleksandra-prejs\/"}]}},"_links":{"self":[{"href":"https:\/\/www.sotrender.com\/blog\/pl\/wp-json\/wp\/v2\/posts\/8081"}],"collection":[{"href":"https:\/\/www.sotrender.com\/blog\/pl\/wp-json\/wp\/v2\/posts"}],"about":[{"href":"https:\/\/www.sotrender.com\/blog\/pl\/wp-json\/wp\/v2\/types\/post"}],"author":[{"embeddable":true,"href":"https:\/\/www.sotrender.com\/blog\/pl\/wp-json\/wp\/v2\/users\/31"}],"replies":[{"embeddable":true,"href":"https:\/\/www.sotrender.com\/blog\/pl\/wp-json\/wp\/v2\/comments?post=8081"}],"version-history":[{"count":18,"href":"https:\/\/www.sotrender.com\/blog\/pl\/wp-json\/wp\/v2\/posts\/8081\/revisions"}],"predecessor-version":[{"id":26657,"href":"https:\/\/www.sotrender.com\/blog\/pl\/wp-json\/wp\/v2\/posts\/8081\/revisions\/26657"}],"wp:featuredmedia":[{"embeddable":true,"href":"https:\/\/www.sotrender.com\/blog\/pl\/wp-json\/wp\/v2\/media\/21591"}],"wp:attachment":[{"href":"https:\/\/www.sotrender.com\/blog\/pl\/wp-json\/wp\/v2\/media?parent=8081"}],"wp:term":[{"taxonomy":"category","embeddable":true,"href":"https:\/\/www.sotrender.com\/blog\/pl\/wp-json\/wp\/v2\/categories?post=8081"},{"taxonomy":"post_tag","embeddable":true,"href":"https:\/\/www.sotrender.com\/blog\/pl\/wp-json\/wp\/v2\/tags?post=8081"}],"curies":[{"name":"wp","href":"https:\/\/api.w.org\/{rel}","templated":true}]}}