{"id":7845,"date":"2013-07-03T13:38:59","date_gmt":"2013-07-03T12:38:59","guid":{"rendered":"http:\/\/blog.sotrender.com\/?p=7845"},"modified":"2015-12-01T22:17:38","modified_gmt":"2015-12-01T21:17:38","slug":"fanpage-trends","status":"publish","type":"post","link":"https:\/\/www.sotrender.com\/blog\/pl\/2013\/07\/fanpage-trends\/","title":{"rendered":"Fanpage Trends,  czyli czerwiec w Domu i Ogrodzie"},"content":{"rendered":"<p dir=\"ltr\"><a href=\"  Z dum\u0105 prezentujemy czerwcowe wydanie raportu #Fanpage Trends. Lato w pe\u0142ni,  dlatego do raportu dodajemy kolejn\u0105 kategori\u0119 - Dom i ogr\u00f3d. Ro\u015bniemy w si\u0142\u0119,  bij\u0105c kolejny rekord liczby stron ;) Wi\u0119cej szczeg\u00f3\u0142\u00f3w na naszym blogu! https:\/\/www.sotrender.com\/blog\/pl\/2013\/07\/fanpage-trends\/\"><img loading=\"lazy\" decoding=\"async\" class=\"alignleft size-full wp-image-7927\" alt=\"\" src=\"https:\/\/www.sotrender.com\/blog\/wp-content\/uploads\/2013\/07\/slon.png\" width=\"198\" height=\"200\" srcset=\"https:\/\/www.sotrender.com\/blog\/wp-content\/uploads\/2013\/07\/slon.png 198w, https:\/\/www.sotrender.com\/blog\/wp-content\/uploads\/2013\/07\/slon-80x80.png 80w\" sizes=\"(max-width: 198px) 100vw, 198px\" \/><\/a>Serdecznie zapraszamy do lektury <a title=\"Czytaj raport Fanpage Trends\" href=\"http:\/\/www.sotrender.pl\/fanpage-trends\/201306\" target=\"_blank\">najnowszego wydania raportu Fanpage Trends<\/a>,  w kt\u00f3rym przedstawiamy szczeg\u00f3\u0142owe wyniki polskich stron na Facebooku. W czerwcowym wydaniu uwzgl\u0119dnili\u015bmy statystyki stron ju\u017c z 40 kategorii. Dodatkowo raport zawiera komentarze blisko 40 ekspert\u00f3w,  \u015bledz\u0105cych dzia\u0142ania polskich marek na Facebooku.<\/p>\n<p dir=\"ltr\"><!--more--><\/p>\n<h3 dir=\"ltr\">Co nowego w Fanpage Trends<\/h3>\n<p dir=\"ltr\">Dom i ogr\u00f3d to ju\u017c 40. kategoria,  kt\u00f3rej post\u0119py w facebookowej komunikacji mo\u017cecie obserwowa\u0107 w raporcie <a title=\"Raport Fanpage Trends\" href=\"http:\/\/www.sotrender.pl\/fanpage-trends\/201306\" target=\"_blank\">Fanpage Trends<\/a>. Zdecydowanym liderem pod wzgl\u0119dem wielko\u015bci w tym rankingu jest IKEA.pl,  z kolei strona serwisu internetowego Architektura Wn\u0119trz ma najwi\u0119cej zaanga\u017cowanych fan\u00f3w i Os\u00f3b,  kt\u00f3re o tym m\u00f3wi\u0105 oraz najwy\u017cszy wynik Interactivity Index.<\/p>\n<p dir=\"ltr\">Ciekawostk\u0105 jest wynik liczby zaanga\u017cowanych strony po\u015brednika nieruchomo\u015bci<a title=\"Fanpage Home Broker\" href=\"https:\/\/www.facebook.com\/HomeBrokerClub\" target=\"_blank\"> Home Broker<\/a>. Strona zaanga\u017cowa\u0142a w czerwcu ponad 70 tys. os\u00f3b,  plasuj\u0105c fanpage na 7. miejscu rankingu zaanga\u017cowanych w\u015br\u00f3d wszystkich polskich stron komercyjnych &#8211; czyli o ponad tysi\u0105c miejsc wy\u017cej ni\u017c w poprzednim zestawieniu. Zaanga\u017cowanie 70 tys. fan\u00f3w to nie lada osi\u0105gni\u0119cie dla strony marki lub firmy. Tyle samo u\u017cytkownik\u00f3w uda\u0142o si\u0119 zach\u0119ci\u0107 do aktywno\u015bci <a title=\"Fanpage Mc Donald's Polska\" href=\"https:\/\/www.facebook.com\/McDonaldsPolska\" target=\"_blank\">Mc Donald\u2019s Polska<\/a>. Drugim sukcesem strony Mc Donald\u2019s jest przekroczenie liczby miliona fan\u00f3w,  kt\u00f3re w czerwcu \u015bwi\u0119towa\u0142 r\u00f3wnie\u017c <a title=\"Fanpage Tymbark\" href=\"https:\/\/www.facebook.com\/Tymbark\" target=\"_blank\">Tymbark.<\/a><\/p>\n<p dir=\"ltr\" style=\"text-align: center;\"><img loading=\"lazy\" decoding=\"async\" class=\"size-full wp-image-7909 aligncenter\" alt=\"tymbark\" src=\"https:\/\/www.sotrender.com\/blog\/wp-content\/uploads\/2013\/07\/tymbark.png\" width=\"480\" height=\"480\" srcset=\"https:\/\/www.sotrender.com\/blog\/wp-content\/uploads\/2013\/07\/tymbark.png 480w, https:\/\/www.sotrender.com\/blog\/wp-content\/uploads\/2013\/07\/tymbark-475x475.png 475w, https:\/\/www.sotrender.com\/blog\/wp-content\/uploads\/2013\/07\/tymbark-80x80.png 80w\" sizes=\"(max-width: 480px) 100vw, 480px\" \/><\/p>\n<p dir=\"ltr\">Fakt,  \u017ce marketing na Facebooku nie jest tylko dla koncern\u00f3w,  pokazuj\u0105 rankingi NGO. Strona akcji <a title=\"Fanpage Kolorujemy\" href=\"https:\/\/www.facebook.com\/Kolorujemy\" target=\"_blank\">Kolorujemy<\/a> wzros\u0142a ponad czterokrotnie,  zdobywaj\u0105c w czerwcu a\u017c 100 000 fan\u00f3w &#8211; prawie tylu,  ilu pozyska\u0142 w tym miesi\u0105cu <a title=\"Lewandowski Fanpage\" href=\"https:\/\/www.facebook.com\/LewandowskiFanPage\" target=\"_blank\">Robert Lewandowski<\/a>. Zaanga\u017cowa\u0142a ponad 22 tysi\u0105ce ludzi i zdecydowanie kr\u00f3luje w rankingu Os\u00f3b,  kt\u00f3re o tym m\u00f3wi\u0105. Cieszymy si\u0119,  \u017ce mo\u017cemy pomaga\u0107 r\u00f3wnie\u017c takim po\u017cytecznym akcjom.<\/p>\n<p dir=\"ltr\">Uwag\u0119 zwraca tak\u017ce vloger <a title=\"Fanpage SA Ward\u0119ga\" href=\"https:\/\/www.facebook.com\/sawardega\" target=\"_blank\">SA Ward\u0119ga<\/a>,  kt\u00f3rego jeden zabawny film przyni\u00f3s\u0142 pot\u0119\u017cne efekty. Fanpage wzr\u00f3s\u0142 dwukrotnie i wskoczy\u0142 na trzecie miejsce w\u015br\u00f3d blog\u00f3w,  jednocze\u015bnie zajmuj\u0105c pierwsze miejsca pod wzgl\u0119dem Interactivity Index i Os\u00f3b,  kt\u00f3re o tym m\u00f3wi\u0105. <a title=\"Film Ward\u0119gi\" href=\"https:\/\/www.facebook.com\/149756245101547\/posts\/563042733734836\" target=\"_blank\">Post zawieraj\u0105cy filmik Ward\u0119gi<\/a> zajmuje czwarte miejsce pod wzgl\u0119dem interaktywno\u015bci w\u015br\u00f3d wszystkich polskich post\u00f3w. Co ciekawe,  ten sam post udost\u0119pniony przez <a href=\"https:\/\/www.facebook.com\/321722231236133\/posts\/465523160204301\" target=\"_blank\">Rap Cytaty<\/a> osi\u0105gn\u0105\u0142 niewiele ni\u017cszy wynik,  plasuj\u0105c si\u0119 na pi\u0105tym miejscu tego samego rankingu.<\/p>\n<h3 dir=\"ltr\">#Sza\u0142 na #Hashtagi<\/h3>\n<p dir=\"ltr\">Zdecydowanie najwa\u017cniejsz\u0105 zmian\u0105 wprowadzon\u0105 w czerwcu na Facebooku by\u0142 <a title=\"Facebook Studio: Introducing Hashtags on Facebook\" href=\"http:\/\/www.facebook-studio.com\/news\/item\/introducing-hashtags-on-facebook\" target=\"_blank\">debiut hashtag\u00f3w<\/a>. Funkcja #hashtag\u00f3w na Facebooku jest podobna,  jak w przypadku Twittera &#8211; pozwalaj\u0105 one na bie\u017c\u0105ce \u015bledzenie interesuj\u0105cych nas w\u0105tk\u00f3w,  przy za\u0142o\u017ceniu,  \u017ce dany u\u017cytkownik ma dost\u0119p do post\u00f3w oznaczonych jako publiczne oraz tych od znajomych . Dla marketer\u00f3w oznacza to jeszcze \u0142atwiejsze identyfikowanie konwersacji na temat ich produkt\u00f3w czy marek. Od dzi\u015b piszemy wi\u0119c #FanpageTrends!<\/p>\n<h3 dir=\"ltr\">PRISM<\/h3>\n<p dir=\"ltr\">Ostatni miesi\u0105c dostarczy\u0142 internautom powod\u00f3w do rozm\u00f3w i niepokoju za spraw\u0105 ujawnienia przez Edwarda Snowdena fakt\u00f3w o szpiegowskim programie rz\u0105du USA PRISM. U\u017cytkownicy medi\u00f3w spo\u0142eczno\u015bciowych byli uspokajani przez korporacje o\u015bwiadczeniami,  \u017ce NSA nie ma bezpo\u015bredniego dost\u0119pu do baz serwis\u00f3w,  a informacje o u\u017cytkownikach s\u0105 starannie chronione i udost\u0119pniane w okre\u015blonych przypadkach na \u017c\u0105danie instytucji. Jak odni\u00f3s\u0142 si\u0119 do sprawy Facebook mo\u017cemy przeczyta\u0107 w <a title=\"Newsroom: Facebook Releases Data Including All National Security Requests\" href=\"http:\/\/newsroom.fb.com\/News\/636\/Facebook-Releases-Data-Including-All-National-Security-Requests\" target=\"_blank\">oficjalnym o\u015bwiadczeniu <\/a>oraz w <a href=\"http:\/\/www.facebook.com\/zuck\/posts\/10100828955847631 \" target=\"_blank\">po\u015bcie samego Marka Zuckerberga<\/a>.<\/p>\n<h3 dir=\"ltr\">Jesus Daily<\/h3>\n<p dir=\"ltr\"><a href=\"https:\/\/www.sotrender.com\/blog\/2013\/06\/jesus-daily-comparison-with-other-pages\/\" target=\"_blank\"><img loading=\"lazy\" decoding=\"async\" class=\"size-full wp-image-7903 alignleft\" title=\"Jesus Daily comparison with other pages\" alt=\"JesusDaily1\" src=\"https:\/\/www.sotrender.com\/blog\/wp-content\/uploads\/2013\/07\/JesusDaily1.jpg\" width=\"224\" height=\"224\" srcset=\"https:\/\/www.sotrender.com\/blog\/wp-content\/uploads\/2013\/07\/JesusDaily1.jpg 224w, https:\/\/www.sotrender.com\/blog\/wp-content\/uploads\/2013\/07\/JesusDaily1-80x80.jpg 80w\" sizes=\"(max-width: 224px) 100vw, 224px\" \/><\/a>W Sotrenderze czerwiec min\u0105\u0142 pod znakiem <a href=\"https:\/\/www.sotrender.com\/blog\/2013\/06\/jesus-daily-comparison-with-other-pages\/\">opracowania na temat najbardziej interaktywnej strony na Facebooku &#8211; Jesus Daily<\/a> &#8211; i zwi\u0105zanego z tym naszego ma\u0142ego sukcesu. Artyku\u0142 Sotrendera znalaz\u0142 si\u0119 na<a href=\"https:\/\/www.facebook.com\/JesusDaily\/info\"> li\u015bcie publikacji o Jesus Daily<\/a> obok takich medi\u00f3w jak The New York Times,  US News,  CNN,  ABC News czy Time.com. Tymczasem ju\u017c za kilka dni zapraszamy do lektury wywiadu z Aaronem Taborem,  kt\u00f3ry wsp\u00f3lnie z moderatorem i designerem oraz 5 tys. wolontariuszy prowadzi t\u0105 najwi\u0119ksz\u0105 na \u015bwiecie internetow\u0105 spo\u0142eczno\u015b\u0107 religijn\u0105.<\/p>\n<h3 dir=\"ltr\">Legia mistrzem,  a Lewandowski&#8230;<\/h3>\n<p dir=\"ltr\">Czerwiec to tak\u017ce<a href=\"https:\/\/www.sotrender.com\/blog\/pl\/2013\/06\/legia-wygrala-a-slask-wroclaw-i-tak-lepszy\/\"> Mistrzostwo Polski Legii,  kt\u00f3ra okaza\u0142a si\u0119 najlepsza na boisku<\/a>,  ale&#8230; niekoniecznie na Facebooku. Na tym polu warszawski klub nadal ma wiele do nadrobienia wzgl\u0119dem swojego najwi\u0119kszego rywala,  nie tylko w spo\u0142eczno\u015bciach,  czyli Lecha Pozna\u0144. Tymczasem jeden z najpopularniejszych obecnie polskich pi\u0142karzy,  Robert Lewandowski,  wci\u0105\u017c zyskuje na Facebooku ca\u0142e rzesze nowych fan\u00f3w,  kt\u00f3rych liczba wzros\u0142a w ubieg\u0142ym miesi\u0105cu a\u017c o ponad 100 tys. Cho\u0107 jest to zaledwie 1\/7 zesz\u0142omiesi\u0119cznego sukcesu,  kt\u00f3ry wyni\u00f3s\u0142 go na 1. miejsce kategorii sport,  to tempo wci\u0105\u017c jest imponuj\u0105ce.<\/p>\n<h3 dir=\"ltr\">Kto \u0107wierka najg\u0142o\u015bniej<\/h3>\n<p dir=\"ltr\">W Fanpage Trends zn\u00f3w dok\u0142adnie prze\u015bwietlili\u015bmy Facebooka,  a w mi\u0119dzyczasie,  w ramach poszerzania obszaru zainteresowa\u0144,  opublikowali\u015bmy<a href=\"https:\/\/www.sotrender.com\/blog\/pl\/2013\/06\/mtv-i-kuzniar-krolami-twittera\/\"> pierwsze zestawienia dla profili na Twitterze<\/a>. Na warsztat wzi\u0119li\u015bmy dziennikarzy i media. W rankingu medi\u00f3w g\u00f3ruj\u0105 MTV Polska z 270 tys. obserwuj\u0105cych,  razem z TVN24,  kt\u00f3ry obserwuje ju\u017c prawie 260 tys. u\u017cytkownik\u00f3w. W\u015br\u00f3d dziennikarzy zdecydowanie najpopularniejszy jest prowadz\u0105cy w TVN 24 pasmo \u201cWstajesz i wiesz\u201d,  Jaros\u0142aw Ku\u017aniar. Dok\u0142adne wyniki analiz mo\u017cecie znale\u017a\u0107 na blogu. Kolejne opracowania ju\u017c nied\u0142ugo,  dlatego stay tuned!<\/p>\n<p dir=\"ltr\"><a href=\"https:\/\/www.sotrender.com\/blog\/pl\/2013\/06\/mtv-i-kuzniar-krolami-twittera\/\" target=\"_blank\"><img loading=\"lazy\" decoding=\"async\" class=\"alignnone  wp-image-7919\" title=\"Sotrender: Dziennikarze na Twitterze\" alt=\"\" src=\"https:\/\/www.sotrender.com\/blog\/wp-content\/uploads\/2013\/07\/dzienni.png\" width=\"1024\" height=\"693\" srcset=\"https:\/\/www.sotrender.com\/blog\/wp-content\/uploads\/2013\/07\/dzienni.png 1024w, https:\/\/www.sotrender.com\/blog\/wp-content\/uploads\/2013\/07\/dzienni-475x321.png 475w, https:\/\/www.sotrender.com\/blog\/wp-content\/uploads\/2013\/07\/dzienni-768x520.png 768w, https:\/\/www.sotrender.com\/blog\/wp-content\/uploads\/2013\/07\/dzienni-950x643.png 950w, https:\/\/www.sotrender.com\/blog\/wp-content\/uploads\/2013\/07\/dzienni-600x406.png 600w\" sizes=\"(max-width: 1024px) 100vw, 1024px\" \/><\/a><\/p>\n<p>&nbsp;<\/p>\n","protected":false},"excerpt":{"rendered":"<p>Serdecznie zapraszamy do lektury najnowszego wydania raportu Fanpage Trends, w kt\u00f3rym przedstawiamy szczeg\u00f3\u0142owe wyniki polskich stron na Facebooku. W czerwcowym wydaniu uwzgl\u0119dnili\u015bmy statystyki stron ju\u017c z 40 kategorii. Dodatkowo raport zawiera komentarze blisko 40 ekspert\u00f3w, \u015bledz\u0105cych dzia\u0142ania polskich marek na Facebooku.<\/p>\n","protected":false},"author":31,"featured_media":0,"comment_status":"open","ping_status":"open","sticky":false,"template":"","format":"standard","meta":{"inline_featured_image":false,"footnotes":""},"categories":[1793,1797],"tags":[17,25,31],"yoast_head":"<!-- This site is optimized with the Yoast SEO plugin v22.4 - https:\/\/yoast.com\/wordpress\/plugins\/seo\/ -->\n<title>Czerwcowe Fanpage Trends w Domu i Ogrodzie - Sotrender Blog<\/title>\n<meta name=\"description\" content=\"W najnowszym wydaniu Fanpage Trends: szczeg\u00f3\u0142owe wyniki polskich stron na Facebooku, statystyki stron ju\u017c z 40 kategorii i komentarze blisko 40 ekspert\u00f3w.\" \/>\n<meta name=\"robots\" content=\"index, follow, max-snippet:-1, max-image-preview:large, max-video-preview:-1\" \/>\n<link rel=\"canonical\" href=\"https:\/\/www.sotrender.com\/blog\/pl\/2013\/07\/fanpage-trends\/\" \/>\n<meta property=\"og:locale\" content=\"pl_PL\" \/>\n<meta property=\"og:type\" content=\"article\" \/>\n<meta property=\"og:title\" content=\"Czerwcowe Fanpage Trends w Domu i Ogrodzie - Sotrender Blog\" \/>\n<meta property=\"og:description\" content=\"W najnowszym wydaniu Fanpage Trends: szczeg\u00f3\u0142owe wyniki polskich stron na Facebooku, statystyki stron ju\u017c z 40 kategorii i komentarze blisko 40 ekspert\u00f3w.\" \/>\n<meta property=\"og:url\" content=\"https:\/\/www.sotrender.com\/blog\/pl\/2013\/07\/fanpage-trends\/\" \/>\n<meta property=\"og:site_name\" content=\"Sotrender Blog\" \/>\n<meta property=\"article:publisher\" content=\"https:\/\/www.facebook.com\/Sotrender\" \/>\n<meta property=\"article:published_time\" content=\"2013-07-03T12:38:59+00:00\" \/>\n<meta property=\"article:modified_time\" content=\"2015-12-01T21:17:38+00:00\" \/>\n<meta property=\"og:image\" content=\"https:\/\/www.sotrender.com\/blog\/wp-content\/uploads\/2013\/07\/slon.png\" \/>\n<meta name=\"author\" content=\"Aleksandra Prejs\" \/>\n<meta name=\"twitter:card\" content=\"summary_large_image\" \/>\n<meta name=\"twitter:creator\" content=\"@Sotrender\" \/>\n<meta name=\"twitter:site\" content=\"@Sotrender\" \/>\n<meta name=\"twitter:label1\" content=\"Written by\" \/>\n\t<meta name=\"twitter:data1\" content=\"Aleksandra Prejs\" \/>\n\t<meta name=\"twitter:label2\" content=\"Est. reading time\" \/>\n\t<meta name=\"twitter:data2\" content=\"4 minutes\" \/>\n<script type=\"application\/ld+json\" class=\"yoast-schema-graph\">{\"@context\":\"https:\/\/schema.org\",\"@graph\":[{\"@type\":\"WebPage\",\"@id\":\"https:\/\/www.sotrender.com\/blog\/pl\/2013\/07\/fanpage-trends\/\",\"url\":\"https:\/\/www.sotrender.com\/blog\/pl\/2013\/07\/fanpage-trends\/\",\"name\":\"Czerwcowe Fanpage Trends w Domu i Ogrodzie - Sotrender Blog\",\"isPartOf\":{\"@id\":\"https:\/\/www.sotrender.com\/blog\/#website\"},\"primaryImageOfPage\":{\"@id\":\"https:\/\/www.sotrender.com\/blog\/pl\/2013\/07\/fanpage-trends\/#primaryimage\"},\"image\":{\"@id\":\"https:\/\/www.sotrender.com\/blog\/pl\/2013\/07\/fanpage-trends\/#primaryimage\"},\"thumbnailUrl\":\"https:\/\/www.sotrender.com\/blog\/wp-content\/uploads\/2013\/07\/slon.png\",\"datePublished\":\"2013-07-03T12:38:59+00:00\",\"dateModified\":\"2015-12-01T21:17:38+00:00\",\"author\":{\"@id\":\"https:\/\/www.sotrender.com\/blog\/#\/schema\/person\/7106df62825269bc360ad9171cd7149b\"},\"description\":\"W najnowszym wydaniu Fanpage Trends: szczeg\u00f3\u0142owe wyniki polskich stron na Facebooku, statystyki stron ju\u017c z 40 kategorii i komentarze blisko 40 ekspert\u00f3w.\",\"breadcrumb\":{\"@id\":\"https:\/\/www.sotrender.com\/blog\/pl\/2013\/07\/fanpage-trends\/#breadcrumb\"},\"inLanguage\":\"pl-PL\",\"potentialAction\":[{\"@type\":\"ReadAction\",\"target\":[\"https:\/\/www.sotrender.com\/blog\/pl\/2013\/07\/fanpage-trends\/\"]}]},{\"@type\":\"ImageObject\",\"inLanguage\":\"pl-PL\",\"@id\":\"https:\/\/www.sotrender.com\/blog\/pl\/2013\/07\/fanpage-trends\/#primaryimage\",\"url\":\"https:\/\/www.sotrender.com\/blog\/wp-content\/uploads\/2013\/07\/slon.png\",\"contentUrl\":\"https:\/\/www.sotrender.com\/blog\/wp-content\/uploads\/2013\/07\/slon.png\"},{\"@type\":\"BreadcrumbList\",\"@id\":\"https:\/\/www.sotrender.com\/blog\/pl\/2013\/07\/fanpage-trends\/#breadcrumb\",\"itemListElement\":[{\"@type\":\"ListItem\",\"position\":1,\"name\":\"Home\",\"item\":\"https:\/\/www.sotrender.com\/blog\/\"},{\"@type\":\"ListItem\",\"position\":2,\"name\":\"Fanpage Trends, czyli czerwiec w Domu i Ogrodzie\"}]},{\"@type\":\"WebSite\",\"@id\":\"https:\/\/www.sotrender.com\/blog\/#website\",\"url\":\"https:\/\/www.sotrender.com\/blog\/\",\"name\":\"Sotrender Blog\",\"description\":\"\",\"potentialAction\":[{\"@type\":\"SearchAction\",\"target\":{\"@type\":\"EntryPoint\",\"urlTemplate\":\"https:\/\/www.sotrender.com\/blog\/?s={search_term_string}\"},\"query-input\":\"required name=search_term_string\"}],\"inLanguage\":\"pl-PL\"},{\"@type\":\"Person\",\"@id\":\"https:\/\/www.sotrender.com\/blog\/#\/schema\/person\/7106df62825269bc360ad9171cd7149b\",\"name\":\"Aleksandra Prejs\",\"image\":{\"@type\":\"ImageObject\",\"inLanguage\":\"pl-PL\",\"@id\":\"https:\/\/www.sotrender.com\/blog\/#\/schema\/person\/image\/\",\"url\":\"https:\/\/secure.gravatar.com\/avatar\/469000454b77ff0aacb32c49dba023be?s=96&d=mm&r=g\",\"contentUrl\":\"https:\/\/secure.gravatar.com\/avatar\/469000454b77ff0aacb32c49dba023be?s=96&d=mm&r=g\",\"caption\":\"Aleksandra Prejs\"},\"url\":\"https:\/\/www.sotrender.com\/blog\/pl\/author\/aleksandra-prejs\/\"}]}<\/script>\n<!-- \/ Yoast SEO plugin. -->","yoast_head_json":{"title":"Czerwcowe Fanpage Trends w Domu i Ogrodzie - Sotrender Blog","description":"W najnowszym wydaniu Fanpage Trends: szczeg\u00f3\u0142owe wyniki polskich stron na Facebooku, statystyki stron ju\u017c z 40 kategorii i komentarze blisko 40 ekspert\u00f3w.","robots":{"index":"index","follow":"follow","max-snippet":"max-snippet:-1","max-image-preview":"max-image-preview:large","max-video-preview":"max-video-preview:-1"},"canonical":"https:\/\/www.sotrender.com\/blog\/pl\/2013\/07\/fanpage-trends\/","og_locale":"pl_PL","og_type":"article","og_title":"Czerwcowe Fanpage Trends w Domu i Ogrodzie - Sotrender Blog","og_description":"W najnowszym wydaniu Fanpage Trends: szczeg\u00f3\u0142owe wyniki polskich stron na Facebooku, statystyki stron ju\u017c z 40 kategorii i komentarze blisko 40 ekspert\u00f3w.","og_url":"https:\/\/www.sotrender.com\/blog\/pl\/2013\/07\/fanpage-trends\/","og_site_name":"Sotrender Blog","article_publisher":"https:\/\/www.facebook.com\/Sotrender","article_published_time":"2013-07-03T12:38:59+00:00","article_modified_time":"2015-12-01T21:17:38+00:00","og_image":[{"url":"https:\/\/www.sotrender.com\/blog\/wp-content\/uploads\/2013\/07\/slon.png"}],"author":"Aleksandra Prejs","twitter_card":"summary_large_image","twitter_creator":"@Sotrender","twitter_site":"@Sotrender","twitter_misc":{"Written by":"Aleksandra Prejs","Est. reading time":"4 minutes"},"schema":{"@context":"https:\/\/schema.org","@graph":[{"@type":"WebPage","@id":"https:\/\/www.sotrender.com\/blog\/pl\/2013\/07\/fanpage-trends\/","url":"https:\/\/www.sotrender.com\/blog\/pl\/2013\/07\/fanpage-trends\/","name":"Czerwcowe Fanpage Trends w Domu i Ogrodzie - Sotrender Blog","isPartOf":{"@id":"https:\/\/www.sotrender.com\/blog\/#website"},"primaryImageOfPage":{"@id":"https:\/\/www.sotrender.com\/blog\/pl\/2013\/07\/fanpage-trends\/#primaryimage"},"image":{"@id":"https:\/\/www.sotrender.com\/blog\/pl\/2013\/07\/fanpage-trends\/#primaryimage"},"thumbnailUrl":"https:\/\/www.sotrender.com\/blog\/wp-content\/uploads\/2013\/07\/slon.png","datePublished":"2013-07-03T12:38:59+00:00","dateModified":"2015-12-01T21:17:38+00:00","author":{"@id":"https:\/\/www.sotrender.com\/blog\/#\/schema\/person\/7106df62825269bc360ad9171cd7149b"},"description":"W najnowszym wydaniu Fanpage Trends: szczeg\u00f3\u0142owe wyniki polskich stron na Facebooku, statystyki stron ju\u017c z 40 kategorii i komentarze blisko 40 ekspert\u00f3w.","breadcrumb":{"@id":"https:\/\/www.sotrender.com\/blog\/pl\/2013\/07\/fanpage-trends\/#breadcrumb"},"inLanguage":"pl-PL","potentialAction":[{"@type":"ReadAction","target":["https:\/\/www.sotrender.com\/blog\/pl\/2013\/07\/fanpage-trends\/"]}]},{"@type":"ImageObject","inLanguage":"pl-PL","@id":"https:\/\/www.sotrender.com\/blog\/pl\/2013\/07\/fanpage-trends\/#primaryimage","url":"https:\/\/www.sotrender.com\/blog\/wp-content\/uploads\/2013\/07\/slon.png","contentUrl":"https:\/\/www.sotrender.com\/blog\/wp-content\/uploads\/2013\/07\/slon.png"},{"@type":"BreadcrumbList","@id":"https:\/\/www.sotrender.com\/blog\/pl\/2013\/07\/fanpage-trends\/#breadcrumb","itemListElement":[{"@type":"ListItem","position":1,"name":"Home","item":"https:\/\/www.sotrender.com\/blog\/"},{"@type":"ListItem","position":2,"name":"Fanpage Trends, czyli czerwiec w Domu i Ogrodzie"}]},{"@type":"WebSite","@id":"https:\/\/www.sotrender.com\/blog\/#website","url":"https:\/\/www.sotrender.com\/blog\/","name":"Sotrender Blog","description":"","potentialAction":[{"@type":"SearchAction","target":{"@type":"EntryPoint","urlTemplate":"https:\/\/www.sotrender.com\/blog\/?s={search_term_string}"},"query-input":"required name=search_term_string"}],"inLanguage":"pl-PL"},{"@type":"Person","@id":"https:\/\/www.sotrender.com\/blog\/#\/schema\/person\/7106df62825269bc360ad9171cd7149b","name":"Aleksandra Prejs","image":{"@type":"ImageObject","inLanguage":"pl-PL","@id":"https:\/\/www.sotrender.com\/blog\/#\/schema\/person\/image\/","url":"https:\/\/secure.gravatar.com\/avatar\/469000454b77ff0aacb32c49dba023be?s=96&d=mm&r=g","contentUrl":"https:\/\/secure.gravatar.com\/avatar\/469000454b77ff0aacb32c49dba023be?s=96&d=mm&r=g","caption":"Aleksandra Prejs"},"url":"https:\/\/www.sotrender.com\/blog\/pl\/author\/aleksandra-prejs\/"}]}},"_links":{"self":[{"href":"https:\/\/www.sotrender.com\/blog\/pl\/wp-json\/wp\/v2\/posts\/7845"}],"collection":[{"href":"https:\/\/www.sotrender.com\/blog\/pl\/wp-json\/wp\/v2\/posts"}],"about":[{"href":"https:\/\/www.sotrender.com\/blog\/pl\/wp-json\/wp\/v2\/types\/post"}],"author":[{"embeddable":true,"href":"https:\/\/www.sotrender.com\/blog\/pl\/wp-json\/wp\/v2\/users\/31"}],"replies":[{"embeddable":true,"href":"https:\/\/www.sotrender.com\/blog\/pl\/wp-json\/wp\/v2\/comments?post=7845"}],"version-history":[{"count":55,"href":"https:\/\/www.sotrender.com\/blog\/pl\/wp-json\/wp\/v2\/posts\/7845\/revisions"}],"predecessor-version":[{"id":20165,"href":"https:\/\/www.sotrender.com\/blog\/pl\/wp-json\/wp\/v2\/posts\/7845\/revisions\/20165"}],"wp:attachment":[{"href":"https:\/\/www.sotrender.com\/blog\/pl\/wp-json\/wp\/v2\/media?parent=7845"}],"wp:term":[{"taxonomy":"category","embeddable":true,"href":"https:\/\/www.sotrender.com\/blog\/pl\/wp-json\/wp\/v2\/categories?post=7845"},{"taxonomy":"post_tag","embeddable":true,"href":"https:\/\/www.sotrender.com\/blog\/pl\/wp-json\/wp\/v2\/tags?post=7845"}],"curies":[{"name":"wp","href":"https:\/\/api.w.org\/{rel}","templated":true}]}}