{"id":7395,"date":"2013-06-05T14:52:06","date_gmt":"2013-06-05T13:52:06","guid":{"rendered":"http:\/\/blog.sotrender.com\/?p=7395"},"modified":"2015-12-01T22:18:11","modified_gmt":"2015-12-01T21:18:11","slug":"fanpage-trends-maj-2013","status":"publish","type":"post","link":"https:\/\/www.sotrender.com\/blog\/pl\/2013\/06\/fanpage-trends-maj-2013\/","title":{"rendered":"Maj 2013 w Fanpage Trends: gole,  wzrosty i wiosenne nowo\u015bci"},"content":{"rendered":"<p><img loading=\"lazy\" decoding=\"async\" class=\"size-full wp-image-7409 alignleft\" alt=\"obrazek_trends\" src=\"https:\/\/www.sotrender.com\/blog\/wp-content\/uploads\/2013\/06\/obrazek_trends.png\" width=\"322\" height=\"150\" \/>Zapraszamy do lektury najnowszego wydania raportu <a title=\"Przejd\u017a na stron\u0119 Fanpage Trends\" href=\"http:\/\/www.sotrender.pl\/fanpage-trends\/201305\" target=\"_blank\">Fanpage Trends<\/a>,  w kt\u00f3rym przedstawiamy szczeg\u00f3\u0142owe wyniki polskich stron na Facebooku. W majowym wydaniu prezentujemy statystyki stron z 39 kategorii. Wyniki stron z 33 bran\u017c zosta\u0142y dodatkowo skomentowane przez specjalist\u00f3w,  \u015bledz\u0105cych dzia\u0142ania polskich marek na Facebooku.<\/p>\n<h3><b><!--more-->Nowo\u015bci w Fanpage Trends<\/b><\/h3>\n<p>W ostatnich dniach Sotrender uruchomi\u0142 <a title=\"Sotrender.pl\" href=\"http:\/\/www.sotrender.pl\/\" target=\"_blank\">now\u0105 stron\u0119 internetow\u0105<\/a>. Dzi\u0119ki tej zmianie,  nasze opracowania s\u0105 prezentowane w przyjemniejszej i bardziej przejrzystej szacie graficznej. Infografika z danymi demograficznymi polskich u\u017cytkownik\u00f3w Facebooka dost\u0119pna jest bezpo\u015brednio ze strony g\u0142\u00f3wnej Fanpage Trends. Do nazw stron i top post\u00f3w,  uwzgl\u0119dnionych w rankingach publikowanych na stronie WWW oraz w pliku do pobrania,  dodali\u015bmy odno\u015bniki,  dzi\u0119ki czemu bezpo\u015brednie przej\u015bcie do omawianych element\u00f3w sta\u0142o si\u0119 \u0142atwiejsze.<\/p>\n<div id=\"attachment_7467\" style=\"width: 510px\" class=\"wp-caption aligncenter\"><a href=\"http:\/\/www.sotrender.pl\/fanpage-trends\" target=\"_blank\"><img loading=\"lazy\" decoding=\"async\" aria-describedby=\"caption-attachment-7467\" class=\" wp-image-7467 \" alt=\"Kliknij,  aby przej\u015b\u0107 do pe\u0142nego raportu Fanpage Trends\" src=\"https:\/\/www.sotrender.com\/blog\/wp-content\/uploads\/2013\/06\/infograf_pl-724x1024.png\" width=\"500\" height=\"706\" \/><\/a><p id=\"caption-attachment-7467\" class=\"wp-caption-text\">Kliknij,  aby przej\u015b\u0107 do pe\u0142nego raportu Fanpage Trends<\/p><\/div>\n<h3><b>Sportowe emocje<\/b><\/h3>\n<p>Lewandowski osi\u0105ga na Facebooku sukcesy r\u00f3wnie spektakularne jak na boisku. Po fenomenalnych 4 golach dla Borussi,  wbitych Realowi Madryt,  Robert intensywnie dzia\u0142a\u0142 w mediach spo\u0142eczno\u015bciowych,  a jego oficjalny profil przekroczy\u0142 w tym miesi\u0105cu milion fan\u00f3w. Wzrost o 150%,  czyli a\u017c o 700 tys. fan\u00f3w sprawi\u0142,  \u017ce <a title=\"Lewandowski Fanpage\" href=\"https:\/\/www.facebook.com\/LewandowskiFanPage\" target=\"_blank\">Robert Lewandowski<\/a> znajduje si\u0119 tu\u017c nad Radiem ESKA i w sumie wyprzedzi\u0142 ju\u017c 56 stron z rankingu najpopularniejszych polskich fanpage&#8217;y. Nag\u0142y,  skokowy wzrost liczby fan\u00f3w profilu zaobserwowali\u015bmy 28 maja,  zaraz po finale Ligi Mistrz\u00f3w. Czas wzrostu popularno\u015bci strony doskonale zgrany by\u0142 r\u00f3wnie\u017c z kampani\u0105 nowej linii marki odzie\u017cowej promowanej przez Lewandowskiego. Profil Roberta Lewandowskiego jest pierwszym polskim milionowym fanpage\u2019em osobowym w rankingu,  po wy\u0142\u0105czeniu profilu Kuby Wojew\u00f3dzkiego,  o usuni\u0119ciu kt\u00f3rego pisali\u015bmy w lutym tego roku. Wzrost liczby fan\u00f3w Lewandowskiego sprawi\u0142,  \u017ce Sport jako kategoria stron sta\u0142 si\u0119 niemal r\u00f3wnie liczn\u0105 kategori\u0105 jak Odzie\u017c i \u017bywno\u015b\u0107.<\/p>\n<p><img loading=\"lazy\" decoding=\"async\" class=\"alignnone size-full wp-image-7417\" alt=\"Lewandowski\" src=\"https:\/\/www.sotrender.com\/blog\/wp-content\/uploads\/2013\/06\/Lewandowski1.jpg\" width=\"960\" height=\"600\" srcset=\"https:\/\/www.sotrender.com\/blog\/wp-content\/uploads\/2013\/06\/Lewandowski1.jpg 960w, https:\/\/www.sotrender.com\/blog\/wp-content\/uploads\/2013\/06\/Lewandowski1-475x297.jpg 475w, https:\/\/www.sotrender.com\/blog\/wp-content\/uploads\/2013\/06\/Lewandowski1-768x480.jpg 768w, https:\/\/www.sotrender.com\/blog\/wp-content\/uploads\/2013\/06\/Lewandowski1-950x594.jpg 950w, https:\/\/www.sotrender.com\/blog\/wp-content\/uploads\/2013\/06\/Lewandowski1-600x375.jpg 600w\" sizes=\"(max-width: 960px) 100vw, 960px\" \/><\/p>\n<p>Zainteresowanych sportem odsy\u0142amy tak\u017ce do najnowszego artyku\u0142u na blogu,  w kt\u00f3rym opisywali\u015bmy <a title=\"Sotrender: Legia Mistrzem ale ...\" href=\"https:\/\/www.sotrender.com\/blog\/pl\/2013\/05\/legia-mistrz-polski-ale-nadal-za-lechem\/\" target=\"_blank\">Facebookow\u0105 walk\u0119 Legii z Lechem<\/a> oraz analizowali\u015bmy sposoby,  z kt\u00f3rych korzysta warszawski klub,  aby zaanga\u017cowa\u0107 swoich fan\u00f3w na Facebooku.<\/p>\n<h3><b>Roszady w telekomunikacji<\/b><\/h3>\n<p>Jak na Facebookowe wyniki profili przek\u0142ada si\u0119 og\u00f3lne zainteresowanie,  pokazuje nie tylko sukces Lewandowskiego,  ale r\u00f3wnie\u017c mniejszego Nju mobile,  kt\u00f3ry mo\u017ce pochwali\u0107 si\u0119 imponuj\u0105cym wzrostem liczby fan\u00f3w na poziomie 4300%. W nieca\u0142y miesi\u0105c od uruchomienia strony na Facebooku,  Nju mobile zd\u0105\u017cy\u0142 wyprzedzi\u0107 Virgin Mobile Polska i plasuje si\u0119 na 8 miejscu w rankingu operator\u00f3w telekomunikacyjnych.<\/p>\n<h3><b>Facebook podsumowuje<\/b><\/h3>\n<p>1 maja <a title=\"Facebook Reports First Quarter 2013 Results\" href=\"http:\/\/investor.fb.com\/releasedetail.cfm?ReleaseID=761090\" target=\"_blank\">Facebook zaprezentowa\u0142 wyniki z I kwarta\u0142u 2013 roku<\/a>. Dowiedzieli\u015bmy si\u0119 z nich,  \u017ce przychody portalu Marka Zuckerberga wzros\u0142y do 1, 46 mln dolar\u00f3w,  podczas gdy w analogicznym okresie 2012 r. wynios\u0142y 1, 06 mln. Facebook zanotowa\u0142 wi\u0119c wzrost przychod\u00f3w na poziomie 38%. Szczeg\u00f3\u0142owe wyniki dost\u0119pne s\u0105 na stronie Facebooka w dziale dla inwestor\u00f3w.<\/p>\n<p>Mniej technicznie,  a bardziej obrazowo dane dotycz\u0105ce Facebooka zosta\u0142y przedstawione na zestawie przygotowanych przez portal <a title=\"Facebook's Growth In The Past Year\" href=\"https:\/\/www.facebook.com\/media\/set\/?set=a.10151908376636729.1073741825.20531316728&amp;type=1\" target=\"_blank\">infografik podsumowuj\u0105cych ubieg\u0142y rok \u201eFacebook&#8217;s Growth In The Past Year\u201d.<\/a><\/p>\n<p>Sam <a title=\"AllFacebook: Mark Zuckerberg Celebrates 29th Birthday\" href=\"http:\/\/allfacebook.com\/mark-zuckerberg-celebrates-29th-birthday_b117390?utm_campaign=Listly&amp;utm_medium=list&amp;utm_source=listly\" target=\"_blank\">Mark Zuckerberg \u015bwi\u0119towa\u0142 swoje 29 urodziny<\/a>. Ostatni rok \u017cycia Zucka obfitowa\u0142 w wydarzenia: od poprzednich urodzin zd\u0105\u017cy\u0142 on wzi\u0105\u0107 \u015blub,  zdoby\u0107 nagrod\u0119 Crunchie jako CEO roku,  Facebook wszed\u0142 na gie\u0142d\u0119,  sko\u0144czy\u0142 9 lat i po\u0142\u0105czy\u0142 ju\u017c miliard u\u017cytkownik\u00f3w z ca\u0142ego \u015bwiata. Oby tak dalej,  Mark! \ud83d\ude09<\/p>\n<h3><b>Darmowe rozmowy na Facebooku<\/b><\/h3>\n<p>Z ostatnich nowo\u015bci wprowadzonych przez Facebooka,  na uwag\u0119 zas\u0142uguj\u0105 <a href=\"http:\/\/antyweb.pl\/darmowe-rozmowy-w-facebook-messengerze-juz-w-polsce\/?utm_campaign=Listly&amp;utm_medium=list&amp;utm_source=listly\">darmowe rozmowy przez Messengera<\/a>,  kt\u00f3re dopiero teraz s\u0105 dost\u0119pne w Polsce. Aby skorzysta\u0107 z darmowych po\u0142\u0105cze\u0144,  wystarczy posiada\u0107 aplikacj\u0119 mobiln\u0105 Facebooka na iOS lub Androida. Nale\u017cy jednak zauwa\u017cy\u0107,  \u017ce chocia\u017c rozmowy same w sobie s\u0105 darmowe,  to mog\u0105 poci\u0105gn\u0105\u0107 za sob\u0105 koszty naliczane przez operatora za przesy\u0142 danych.<\/p>\n<h3><b>Sotrender zapracowany,  ale doceniony<\/b><\/h3>\n<p>Podczas konferencji Infoshare zostali\u015bmy wyr\u00f3\u017cnieni przez mi\u0119dzynarodowe grono juror\u00f3w,  kt\u00f3re <a title=\"Sotrender laureatem nagrody Aulery 2013\" href=\"https:\/\/www.sotrender.com\/blog\/pl\/2013\/05\/sotrender-laureatem-nagrody-aulery-2013\/\" target=\"_blank\">przyzna\u0142o Sotrenderowi Aulera<\/a> &#8211; nagrod\u0119 za rozw\u00f3j w \u015brodowisku innowacyjnych technologii i promowanie kultury przedsi\u0119biorczo\u015bci. Cieszymy si\u0119 r\u00f3wnie\u017c,  \u017ce doceniaj\u0105 nas najwi\u0119ksze marki w kraju,  o czym \u015bwiadczy fakt,  \u017ce naszego narz\u0119dzia u\u017cywaj\u0105 specjali\u015bci pracuj\u0105cy dla takich marek,  jak BZ WBK,  In Post,  Peugeot czy Plus. Mo\u017cemy pochwali\u0107 si\u0119,  \u017ce korzysta z naszych us\u0142ug 5 najwi\u0119kszych marek na Facebooku i ponad po\u0142owa z pierwszej 50-tki wymienionej w raporcie Nowego Marketingu <a title=\"Nowy Marketing: Kto powinien obs\u0142ugiwa\u0107 marki w mediach spo\u0142eczno\u015bciowych\" href=\"http:\/\/nowymarketing.pl\/a\/1454, kto-powinien-obslugiwac-marki-w-mediach-spolecznosciowych\" target=\"_blank\">\u201eKto powinien obs\u0142ugiwa\u0107 marki w serwisach spo\u0142eczno\u015bciowych\u201d<\/a>. Dzi\u0119kujemy wszystkim,  kt\u00f3rzy s\u0105 z nami i obiecujemy nie spocz\u0105\u0107 na laurach!<\/p>\n<p><a title=\"Raport Fanpage Trends\" href=\"http:\/\/www.sotrender.pl\/fanpage-trends\" target=\"_blank\"><strong>Pe\u0142en raport Fanpage Trends,  a w nim najnowsze dane,  ciekawe wykresy i wnikliwe uwagi ekspert\u00f3w,  znajdziesz na stronie Sotrender.<\/strong><\/a><\/p>\n<p>&nbsp;<\/p>\n","protected":false},"excerpt":{"rendered":"<p>Zapraszamy do lektury najnowszego wydania raportu Fanpage Trends, w kt\u00f3rym przedstawiamy szczeg\u00f3\u0142owe wyniki polskich stron na Facebooku. W majowym wydaniu prezentujemy statystyki stron z 39 kategorii. Wyniki stron z 33 bran\u017c zosta\u0142y dodatkowo skomentowane przez specjalist\u00f3w, \u015bledz\u0105cych dzia\u0142ania polskich marek na Facebooku.<\/p>\n","protected":false},"author":31,"featured_media":0,"comment_status":"open","ping_status":"open","sticky":false,"template":"","format":"standard","meta":{"inline_featured_image":false,"footnotes":""},"categories":[1791,1797],"tags":[31,703,7,25],"yoast_head":"<!-- This site is optimized with the Yoast SEO plugin v22.4 - https:\/\/yoast.com\/wordpress\/plugins\/seo\/ -->\n<title>Maj 2013 w Fanpage Trends: gole, wzrosty i wiosenne nowo\u015bci<\/title>\n<meta name=\"description\" content=\"Zapraszamy do lektury raportu Fanpage Trends. W majowym wydaniu prezentujemy wyniki dzia\u0142a\u0144 stron z 39 kategorii.\" \/>\n<meta name=\"robots\" content=\"index, follow, max-snippet:-1, max-image-preview:large, max-video-preview:-1\" \/>\n<link rel=\"canonical\" href=\"https:\/\/www.sotrender.com\/blog\/pl\/2013\/06\/fanpage-trends-maj-2013\/\" \/>\n<meta property=\"og:locale\" content=\"pl_PL\" \/>\n<meta property=\"og:type\" content=\"article\" \/>\n<meta property=\"og:title\" content=\"Maj 2013 w Fanpage Trends: gole, wzrosty i wiosenne nowo\u015bci\" \/>\n<meta property=\"og:description\" content=\"Zapraszamy do lektury raportu Fanpage Trends. W majowym wydaniu prezentujemy wyniki dzia\u0142a\u0144 stron z 39 kategorii.\" \/>\n<meta property=\"og:url\" content=\"https:\/\/www.sotrender.com\/blog\/pl\/2013\/06\/fanpage-trends-maj-2013\/\" \/>\n<meta property=\"og:site_name\" content=\"Sotrender Blog\" \/>\n<meta property=\"article:publisher\" content=\"https:\/\/www.facebook.com\/Sotrender\" \/>\n<meta property=\"article:published_time\" content=\"2013-06-05T13:52:06+00:00\" \/>\n<meta property=\"article:modified_time\" content=\"2015-12-01T21:18:11+00:00\" \/>\n<meta property=\"og:image\" content=\"https:\/\/www.sotrender.com\/blog\/wp-content\/uploads\/2013\/06\/obrazek_trends.png\" \/>\n<meta name=\"author\" content=\"Aleksandra Prejs\" \/>\n<meta name=\"twitter:card\" content=\"summary_large_image\" \/>\n<meta name=\"twitter:creator\" content=\"@Sotrender\" \/>\n<meta name=\"twitter:site\" content=\"@Sotrender\" \/>\n<meta name=\"twitter:label1\" content=\"Written by\" \/>\n\t<meta name=\"twitter:data1\" content=\"Aleksandra Prejs\" \/>\n\t<meta name=\"twitter:label2\" content=\"Est. reading time\" \/>\n\t<meta name=\"twitter:data2\" content=\"4 minutes\" \/>\n<script type=\"application\/ld+json\" class=\"yoast-schema-graph\">{\"@context\":\"https:\/\/schema.org\",\"@graph\":[{\"@type\":\"WebPage\",\"@id\":\"https:\/\/www.sotrender.com\/blog\/pl\/2013\/06\/fanpage-trends-maj-2013\/\",\"url\":\"https:\/\/www.sotrender.com\/blog\/pl\/2013\/06\/fanpage-trends-maj-2013\/\",\"name\":\"Maj 2013 w Fanpage Trends: gole, wzrosty i wiosenne nowo\u015bci\",\"isPartOf\":{\"@id\":\"https:\/\/www.sotrender.com\/blog\/#website\"},\"primaryImageOfPage\":{\"@id\":\"https:\/\/www.sotrender.com\/blog\/pl\/2013\/06\/fanpage-trends-maj-2013\/#primaryimage\"},\"image\":{\"@id\":\"https:\/\/www.sotrender.com\/blog\/pl\/2013\/06\/fanpage-trends-maj-2013\/#primaryimage\"},\"thumbnailUrl\":\"https:\/\/www.sotrender.com\/blog\/wp-content\/uploads\/2013\/06\/obrazek_trends.png\",\"datePublished\":\"2013-06-05T13:52:06+00:00\",\"dateModified\":\"2015-12-01T21:18:11+00:00\",\"author\":{\"@id\":\"https:\/\/www.sotrender.com\/blog\/#\/schema\/person\/7106df62825269bc360ad9171cd7149b\"},\"description\":\"Zapraszamy do lektury raportu Fanpage Trends. W majowym wydaniu prezentujemy wyniki dzia\u0142a\u0144 stron z 39 kategorii.\",\"breadcrumb\":{\"@id\":\"https:\/\/www.sotrender.com\/blog\/pl\/2013\/06\/fanpage-trends-maj-2013\/#breadcrumb\"},\"inLanguage\":\"pl-PL\",\"potentialAction\":[{\"@type\":\"ReadAction\",\"target\":[\"https:\/\/www.sotrender.com\/blog\/pl\/2013\/06\/fanpage-trends-maj-2013\/\"]}]},{\"@type\":\"ImageObject\",\"inLanguage\":\"pl-PL\",\"@id\":\"https:\/\/www.sotrender.com\/blog\/pl\/2013\/06\/fanpage-trends-maj-2013\/#primaryimage\",\"url\":\"https:\/\/www.sotrender.com\/blog\/wp-content\/uploads\/2013\/06\/obrazek_trends.png\",\"contentUrl\":\"https:\/\/www.sotrender.com\/blog\/wp-content\/uploads\/2013\/06\/obrazek_trends.png\"},{\"@type\":\"BreadcrumbList\",\"@id\":\"https:\/\/www.sotrender.com\/blog\/pl\/2013\/06\/fanpage-trends-maj-2013\/#breadcrumb\",\"itemListElement\":[{\"@type\":\"ListItem\",\"position\":1,\"name\":\"Home\",\"item\":\"https:\/\/www.sotrender.com\/blog\/\"},{\"@type\":\"ListItem\",\"position\":2,\"name\":\"Maj 2013 w Fanpage Trends: gole, wzrosty i wiosenne nowo\u015bci\"}]},{\"@type\":\"WebSite\",\"@id\":\"https:\/\/www.sotrender.com\/blog\/#website\",\"url\":\"https:\/\/www.sotrender.com\/blog\/\",\"name\":\"Sotrender Blog\",\"description\":\"\",\"potentialAction\":[{\"@type\":\"SearchAction\",\"target\":{\"@type\":\"EntryPoint\",\"urlTemplate\":\"https:\/\/www.sotrender.com\/blog\/?s={search_term_string}\"},\"query-input\":\"required name=search_term_string\"}],\"inLanguage\":\"pl-PL\"},{\"@type\":\"Person\",\"@id\":\"https:\/\/www.sotrender.com\/blog\/#\/schema\/person\/7106df62825269bc360ad9171cd7149b\",\"name\":\"Aleksandra Prejs\",\"image\":{\"@type\":\"ImageObject\",\"inLanguage\":\"pl-PL\",\"@id\":\"https:\/\/www.sotrender.com\/blog\/#\/schema\/person\/image\/\",\"url\":\"https:\/\/secure.gravatar.com\/avatar\/469000454b77ff0aacb32c49dba023be?s=96&d=mm&r=g\",\"contentUrl\":\"https:\/\/secure.gravatar.com\/avatar\/469000454b77ff0aacb32c49dba023be?s=96&d=mm&r=g\",\"caption\":\"Aleksandra Prejs\"},\"url\":\"https:\/\/www.sotrender.com\/blog\/pl\/author\/aleksandra-prejs\/\"}]}<\/script>\n<!-- \/ Yoast SEO plugin. -->","yoast_head_json":{"title":"Maj 2013 w Fanpage Trends: gole, wzrosty i wiosenne nowo\u015bci","description":"Zapraszamy do lektury raportu Fanpage Trends. W majowym wydaniu prezentujemy wyniki dzia\u0142a\u0144 stron z 39 kategorii.","robots":{"index":"index","follow":"follow","max-snippet":"max-snippet:-1","max-image-preview":"max-image-preview:large","max-video-preview":"max-video-preview:-1"},"canonical":"https:\/\/www.sotrender.com\/blog\/pl\/2013\/06\/fanpage-trends-maj-2013\/","og_locale":"pl_PL","og_type":"article","og_title":"Maj 2013 w Fanpage Trends: gole, wzrosty i wiosenne nowo\u015bci","og_description":"Zapraszamy do lektury raportu Fanpage Trends. W majowym wydaniu prezentujemy wyniki dzia\u0142a\u0144 stron z 39 kategorii.","og_url":"https:\/\/www.sotrender.com\/blog\/pl\/2013\/06\/fanpage-trends-maj-2013\/","og_site_name":"Sotrender Blog","article_publisher":"https:\/\/www.facebook.com\/Sotrender","article_published_time":"2013-06-05T13:52:06+00:00","article_modified_time":"2015-12-01T21:18:11+00:00","og_image":[{"url":"https:\/\/www.sotrender.com\/blog\/wp-content\/uploads\/2013\/06\/obrazek_trends.png"}],"author":"Aleksandra Prejs","twitter_card":"summary_large_image","twitter_creator":"@Sotrender","twitter_site":"@Sotrender","twitter_misc":{"Written by":"Aleksandra Prejs","Est. reading time":"4 minutes"},"schema":{"@context":"https:\/\/schema.org","@graph":[{"@type":"WebPage","@id":"https:\/\/www.sotrender.com\/blog\/pl\/2013\/06\/fanpage-trends-maj-2013\/","url":"https:\/\/www.sotrender.com\/blog\/pl\/2013\/06\/fanpage-trends-maj-2013\/","name":"Maj 2013 w Fanpage Trends: gole, wzrosty i wiosenne nowo\u015bci","isPartOf":{"@id":"https:\/\/www.sotrender.com\/blog\/#website"},"primaryImageOfPage":{"@id":"https:\/\/www.sotrender.com\/blog\/pl\/2013\/06\/fanpage-trends-maj-2013\/#primaryimage"},"image":{"@id":"https:\/\/www.sotrender.com\/blog\/pl\/2013\/06\/fanpage-trends-maj-2013\/#primaryimage"},"thumbnailUrl":"https:\/\/www.sotrender.com\/blog\/wp-content\/uploads\/2013\/06\/obrazek_trends.png","datePublished":"2013-06-05T13:52:06+00:00","dateModified":"2015-12-01T21:18:11+00:00","author":{"@id":"https:\/\/www.sotrender.com\/blog\/#\/schema\/person\/7106df62825269bc360ad9171cd7149b"},"description":"Zapraszamy do lektury raportu Fanpage Trends. W majowym wydaniu prezentujemy wyniki dzia\u0142a\u0144 stron z 39 kategorii.","breadcrumb":{"@id":"https:\/\/www.sotrender.com\/blog\/pl\/2013\/06\/fanpage-trends-maj-2013\/#breadcrumb"},"inLanguage":"pl-PL","potentialAction":[{"@type":"ReadAction","target":["https:\/\/www.sotrender.com\/blog\/pl\/2013\/06\/fanpage-trends-maj-2013\/"]}]},{"@type":"ImageObject","inLanguage":"pl-PL","@id":"https:\/\/www.sotrender.com\/blog\/pl\/2013\/06\/fanpage-trends-maj-2013\/#primaryimage","url":"https:\/\/www.sotrender.com\/blog\/wp-content\/uploads\/2013\/06\/obrazek_trends.png","contentUrl":"https:\/\/www.sotrender.com\/blog\/wp-content\/uploads\/2013\/06\/obrazek_trends.png"},{"@type":"BreadcrumbList","@id":"https:\/\/www.sotrender.com\/blog\/pl\/2013\/06\/fanpage-trends-maj-2013\/#breadcrumb","itemListElement":[{"@type":"ListItem","position":1,"name":"Home","item":"https:\/\/www.sotrender.com\/blog\/"},{"@type":"ListItem","position":2,"name":"Maj 2013 w Fanpage Trends: gole, wzrosty i wiosenne nowo\u015bci"}]},{"@type":"WebSite","@id":"https:\/\/www.sotrender.com\/blog\/#website","url":"https:\/\/www.sotrender.com\/blog\/","name":"Sotrender Blog","description":"","potentialAction":[{"@type":"SearchAction","target":{"@type":"EntryPoint","urlTemplate":"https:\/\/www.sotrender.com\/blog\/?s={search_term_string}"},"query-input":"required name=search_term_string"}],"inLanguage":"pl-PL"},{"@type":"Person","@id":"https:\/\/www.sotrender.com\/blog\/#\/schema\/person\/7106df62825269bc360ad9171cd7149b","name":"Aleksandra Prejs","image":{"@type":"ImageObject","inLanguage":"pl-PL","@id":"https:\/\/www.sotrender.com\/blog\/#\/schema\/person\/image\/","url":"https:\/\/secure.gravatar.com\/avatar\/469000454b77ff0aacb32c49dba023be?s=96&d=mm&r=g","contentUrl":"https:\/\/secure.gravatar.com\/avatar\/469000454b77ff0aacb32c49dba023be?s=96&d=mm&r=g","caption":"Aleksandra Prejs"},"url":"https:\/\/www.sotrender.com\/blog\/pl\/author\/aleksandra-prejs\/"}]}},"_links":{"self":[{"href":"https:\/\/www.sotrender.com\/blog\/pl\/wp-json\/wp\/v2\/posts\/7395"}],"collection":[{"href":"https:\/\/www.sotrender.com\/blog\/pl\/wp-json\/wp\/v2\/posts"}],"about":[{"href":"https:\/\/www.sotrender.com\/blog\/pl\/wp-json\/wp\/v2\/types\/post"}],"author":[{"embeddable":true,"href":"https:\/\/www.sotrender.com\/blog\/pl\/wp-json\/wp\/v2\/users\/31"}],"replies":[{"embeddable":true,"href":"https:\/\/www.sotrender.com\/blog\/pl\/wp-json\/wp\/v2\/comments?post=7395"}],"version-history":[{"count":23,"href":"https:\/\/www.sotrender.com\/blog\/pl\/wp-json\/wp\/v2\/posts\/7395\/revisions"}],"predecessor-version":[{"id":10475,"href":"https:\/\/www.sotrender.com\/blog\/pl\/wp-json\/wp\/v2\/posts\/7395\/revisions\/10475"}],"wp:attachment":[{"href":"https:\/\/www.sotrender.com\/blog\/pl\/wp-json\/wp\/v2\/media?parent=7395"}],"wp:term":[{"taxonomy":"category","embeddable":true,"href":"https:\/\/www.sotrender.com\/blog\/pl\/wp-json\/wp\/v2\/categories?post=7395"},{"taxonomy":"post_tag","embeddable":true,"href":"https:\/\/www.sotrender.com\/blog\/pl\/wp-json\/wp\/v2\/tags?post=7395"}],"curies":[{"name":"wp","href":"https:\/\/api.w.org\/{rel}","templated":true}]}}