{"id":6947,"date":"2013-05-22T18:23:01","date_gmt":"2013-05-22T17:23:01","guid":{"rendered":"http:\/\/blog.sotrender.com\/?p=6947"},"modified":"2017-04-13T16:33:51","modified_gmt":"2017-04-13T14:33:51","slug":"badania-i-analizy-dla-organizacji-pozarzadowych-czyli-sotrender-na-konferencji-sektor-3-0","status":"publish","type":"post","link":"https:\/\/www.sotrender.com\/blog\/pl\/2013\/05\/badania-i-analizy-dla-organizacji-pozarzadowych-czyli-sotrender-na-konferencji-sektor-3-0\/","title":{"rendered":"Badania i analizy dla organizacji pozarz\u0105dowych,  czyli Sotrender na konferencji Sektor 3.0"},"content":{"rendered":"<p>W ostatnich dniach, podczas konferencji <a title=\"Przejd\u017a na stron\u0119 konferencji\" href=\"http:\/\/sektor3-0.pl\/\" target=\"_blank\">Sektor 3.0<\/a>, mieli\u015bmy przyjemno\u015b\u0107 poprowadzi\u0107 warsztaty na temat pomiaru dzia\u0142a\u0144\u00a0organizacji pozarz\u0105dowych w Internecie. M\u00f3wili\u015bmy o tym, jak w dzia\u0142aniach non-profit mo\u017cna stosowa\u0107 r\u00f3\u017cne narz\u0119dzia analityczne. Przy okazji dowiedzieli\u015bmy si\u0119 mn\u00f3stwo o specyfice NGOs i poznali\u015bmy wiele os\u00f3b prowadz\u0105cych komunikacj\u0119 w social media na skal\u0119, kt\u00f3rej mog\u0142oby pozazdro\u015bci\u0107 wiele firm. W ko\u0144cu dzia\u0142ania trzeciego sektora wywo\u0142uj\u0105 emocje i zaanga\u017cowanie \u2013 a w mediach spo\u0142eczno\u015bciowych to w\u0142a\u015bnie one s\u0105 kluczem do sukcesu.<!-- [if gte vml 1]><v:shapetype id=\"_x0000_t75\" coordsize=\"21600, 21600\" o:spt=\"75\" o:preferrelative=\"t\" path=\"m@4@5l@4@11@9@11@9@5xe\" filled=\"f\" stroked=\"f\">\n<v:stroke joinstyle=\"miter\"\/>\n<v:formulas>\n<v:f eqn=\"if lineDrawn pixelLineWidth 0\"\/>\n<v:f eqn=\"sum @0 1 0\"\/>\n<v:f eqn=\"sum 0 0 @1\"\/>\n<v:f eqn=\"prod @2 1 2\"\/>\n<v:f eqn=\"prod @3 21600 pixelWidth\"\/>\n<v:f eqn=\"prod @3 21600 pixelHeight\"\/>\n<v:f eqn=\"sum @0 0 1\"\/>\n<v:f eqn=\"prod @6 1 2\"\/>\n<v:f eqn=\"prod @7 21600 pixelWidth\"\/>\n<v:f eqn=\"sum @8 21600 0\"\/>\n<v:f eqn=\"prod @7 21600 pixelHeight\"\/>\n<v:f eqn=\"sum @10 21600 0\"\/>\n<\/v:formulas>\n<v:path o:extrusionok=\"f\" gradientshapeok=\"t\" o:connecttype=\"rect\"\/>\n<o:lock v:ext=\"edit\" aspectratio=\"t\"\/>\n<\/v:shapetype><v:shape id=\"Picture_x0020_1\" o:spid=\"_x0000_i1025\" type=\"#_x0000_t75\" alt=\"Description: https:\/\/www.sotrender.com\/blog\/wp-includes\/js\/tinymce\/plugins\/wordpress\/img\/trans.gif\" style='width:.75pt;height:.75pt;visibility:visible;mso-wrap-style:square'>\n<v:imagedata src=\"file:\/\/\/C:\\Users\\Ola\\AppData\\Local\\Temp\\msohtmlclip1\\01\\clip_image001.gif\" o:title=\"trans\"\/>\n<\/v:shape><![endif]--><!-- [if !vml]--><!--[endif]--><\/p>\n<p><!--more--><\/p>\n<p>Podczas naszych warsztat\u00f3w m\u00f3wili\u015bmy o narz\u0119dziach i serwisach s\u0142u\u017c\u0105cych mierzeniu, optymalizowaniu i analizowaniu dzia\u0142a\u0144 w internecie, w tym w social media. Znaj\u0105c specyfik\u0119 organizacji non-profit, skupili\u015bmy si\u0119 na narz\u0119dziach bezp\u0142atnych i tanich. Opowiadali\u015bmy m.in. o analizie \u00a0ruchu na stronach internetowych, wykorzystaniu danych z zapyta\u0144 w wyszukiwarkach (Google Trends), monitoringu social media i wreszcie \u2013 o tym jak mo\u017cna wykorzysta\u0107 <a title=\"Przejd\u017a na stron\u0119 Sotrendera\" href=\"http:\/\/www.sotrender.com\/pl\/\" target=\"_blank\">Sotrender<\/a> w analizie i optymalizacji dzia\u0142a\u0144.<\/p>\n<p>Starali\u015bmy si\u0119 pokaza\u0107, \u017ce Trzeci Sektor mo\u017ce wykorzystywa\u0107 profesjonalne narz\u0119dzia analityczne zar\u00f3wno do poprawy w\u0142asnych dzia\u0142a\u0144 popularyzacyjnych, jak i tych maj\u0105cych na celu zbieranie funduszy lub budowanie relacji czy te\u017c pozyskiwania wolontariuszy. Za ich pomoc\u0105 mo\u017cna tak\u017ce identyfikowa\u0107 potencjalnych partner\u00f3w i sponsor\u00f3w oraz przedstawia\u0107 im wyniki i zasi\u0119g akcji.<\/p>\n<p><iframe loading=\"lazy\" style=\"border: 1px solid #CCC; border-width: 1px 1px 0; margin-bottom: 5px;\" src=\"http:\/\/www.slideshare.net\/slideshow\/embed_code\/21690002\" width=\"512\" height=\"421\" frameborder=\"0\" marginwidth=\"0\" marginheight=\"0\" scrolling=\"no\" allowfullscreen=\"allowfullscreen\"><\/iframe><\/p>\n<div style=\"margin-bottom: 5px;\"><strong> <a title=\"Narz\u0119dzia pomiaru dzia\u0142a\u0144 w Internecie\" href=\"http:\/\/www.slideshare.net\/FanpageTrender\/narzdzia-pomiaru-dziaa-w-internecie\" target=\"_blank\">Narz\u0119dzia pomiaru dzia\u0142a\u0144 w Internecie<\/a> od<\/strong> <strong><a href=\"http:\/\/www.slideshare.net\/FanpageTrender\" target=\"_blank\">Sotrender<\/a><\/strong><\/div>\n<p>&nbsp;<\/p>\n<p>Na konferencj\u0119, niezwykle profesjonalnie\u00a0zorganizowan\u0105\u00a0przez przez <a title=\"Przejd\u017a na stron\u0119 fundacji\" href=\"http:\/\/frsi.org.pl\/\" target=\"_blank\">Fundacj\u0119 Rozwoju Spo\u0142ecze\u0144stwa Informacyjnego<\/a>, do <a title=\"Przejd\u017a na stron\u0119 centrum\" href=\"http:\/\/www.kopernik.org.pl\/\" target=\"_blank\">Centrum Nauki Kopernik<\/a> przyby\u0142y prawdziwe t\u0142umy. Wydarzenie, podczas kt\u00f3rego mogli\u015bmy obserwowa\u0107 zapa\u0142 i po\u015bwi\u0119cenie dzia\u0142aczy 3. sektora, zrobi\u0142o na nas naprawd\u0119 du\u017ce wra\u017cenie. Dzi\u0119ki przemy\u015blanej organizacji konferencji, z\u0142o\u017conej z trzech sesji powtarzaj\u0105cych si\u0119 warsztat\u00f3w, ponad 300 uczestnik\u00f3w mog\u0142o wzi\u0105\u0107 udzia\u0142 w kilku r\u00f3\u017cnych panelach po\u015bwi\u0119conych takim zagadnieniom jak wsp\u00f3\u0142praca, komunikacja, fundraising czy zarz\u0105dzanie.<\/p>\n<p>Poznali\u015bmy wiele fantastycznych os\u00f3b z organizacji prowadz\u0105cych dzia\u0142ania w internecie, poczynaj\u0105c od wi\u0119kszych i mocno zinstytucjonalizowanych, jak Instytut Lecha Wa\u0142\u0119sy czy WO\u015aP, przez r\u00f3wnie znane Stowarzyszenie Otwarte Drzwi, a\u017c po mniejsze jak Fundacja Widzialni czy Fundacja Rzeczpospolita Rowerowa.<\/p>\n<p>Na zako\u0144czenie wzi\u0119li\u015bmy udzia\u0142 w panelu, podczas kt\u00f3rego mogli\u015bmy wspomnie\u0107 o naszych do\u015bwiadczeniach ze wsp\u00f3\u0142pracy z organizacjami pozarz\u0105dowymi, takimi jak <a title=\"Zobacz fanpage instytutu na Facebooku\" href=\"https:\/\/www.facebook.com\/pages\/Instytut-Spraw-Publicznych\/174123027189?fref=ts\" target=\"_blank\">Instytut Spraw Publicznych<\/a>, <a title=\"Zobacz fanpage INSPRO na Facebooku\" href=\"https:\/\/www.facebook.com\/fundacja.inspro?fref=ts\" target=\"_blank\">INSPRO<\/a>, <a title=\"Zobacz fanpage Szlachetnej Paczki na Facebooku\" href=\"https:\/\/www.facebook.com\/szlachetna.paczka\" target=\"_blank\">Szlachetna Paczka<\/a>, <a title=\"Zobacz fanpage Pet Patrol na Facebooku\" href=\"https:\/\/www.facebook.com\/psipatrol?fref=ts\" target=\"_blank\">Pet Patrol<\/a> czy <a title=\"Zobacz fanpage Kolorujemy na Facebooku\" href=\"https:\/\/www.facebook.com\/Kolorujemy?fref=ts\" target=\"_blank\">Kolorujemy<\/a>. Us\u0142yszeli\u015bmy te\u017c kilka mi\u0142ych s\u0142\u00f3w pod adresem Sotrendera i raport\u00f3w <a title=\"Przejd\u017a do Fanpage Trends\" href=\"http:\/\/www.sotrender.pl\/fanpage-trends\" target=\"_blank\">Fanpage Trends<\/a> od Anny Orzech odpowiedzialnej m.in. za dzia\u0142ania w mediach spo\u0142eczno\u015bciowych <a title=\"Zobacz fanpage WO\u015aP na Facebooku\" href=\"https:\/\/www.facebook.com\/wosp?fref=ts\" target=\"_blank\">Wielkiej Orkiestry \u015awi\u0105tecznej Pomocy<\/a>. Wiele pochwa\u0142 zebra\u0142 te\u017c <a title=\"Zobacz profil Micha\u0142a Sadowskiego na LinkedIn\" href=\"http:\/\/pl.linkedin.com\/in\/michalsadowski1\" target=\"_blank\">Micha\u0142 Sadowski<\/a> z <a title=\"Przejd\u017a na stron\u0119 Brand24\" href=\"http:\/\/brand24.pl\/\" target=\"_blank\">Brand24<\/a> za wsp\u00f3\u0142prac\u0119 przy akcji <a title=\"Poznaj szczeg\u00f3\u0142y akcji\" href=\"http:\/\/ambasadorem.pl\/\" target=\"_blank\">Zosta\u0144 Ambasadorem <\/a>.<\/p>\n<p>Warto wspomnie\u0107, \u017ce Sotrender ma specjaln\u0105 ofert\u0119 dla <a title=\"Poznaj szczeg\u00f3\u0142y oferty\" href=\"mailto:sales@sotrender.com\" target=\"_blank\">NGO<\/a>s. Przypominamy te\u017c, \u017ce co miesi\u0105c wydajemy raport <a title=\"Przeczytaj najnowszy raport\" href=\"http:\/\/www.sotrender.pl\/fanpage-trends\" target=\"_blank\">Fanpage Trends<\/a>, w kt\u00f3rym opisujemy m.in. kategori\u0119 <a title=\"Zobacz kategori\u0119\" href=\"https:\/\/www.sotrender.com\/trends\/facebook\/poland\/201702\/marki\/ngo-i-akcje-spoleczne\" target=\"_blank\">\u201eOrganizacje non-profit\u201d<\/a>\u2013 <a title=\"Zg\u0142o\u015b si\u0119!\" href=\"mailto:trends@sotrender.com\" target=\"_blank\">zapraszamy do komentowania wynik\u00f3w i zg\u0142aszania w\u0142asnych stron<\/a>.<\/p>\n","protected":false},"excerpt":{"rendered":"<p>W ostatnich dniach, podczas konferencji Sektor 3.0, mieli\u015bmy przyjemno\u015b\u0107 poprowadzi\u0107 warsztaty na temat pomiaru dzia\u0142a\u0144\u00a0organizacji pozarz\u0105dowych w Internecie. M\u00f3wili\u015bmy o tym, jak w dzia\u0142aniach non-profit mo\u017cna stosowa\u0107 r\u00f3\u017cne narz\u0119dzia analityczne. Przy okazji dowiedzieli\u015bmy si\u0119 mn\u00f3stwo o specyfice NGOs i poznali\u015bmy wiele os\u00f3b prowadz\u0105cych komunikacj\u0119 w social media na skal\u0119, kt\u00f3rej mog\u0142oby pozazdro\u015bci\u0107 wiele firm. W [&hellip;]<\/p>\n","protected":false},"author":2,"featured_media":0,"comment_status":"open","ping_status":"open","sticky":false,"template":"","format":"standard","meta":{"inline_featured_image":false,"footnotes":""},"categories":[1793,1797],"tags":[7,11,303,315],"yoast_head":"<!-- This site is optimized with the Yoast SEO plugin v22.4 - https:\/\/yoast.com\/wordpress\/plugins\/seo\/ -->\n<title>Sektor 3.0, czyli badania i analizy w organizacjach pozarz\u0105dowych<\/title>\n<meta name=\"description\" content=\"Jak w dzia\u0142aniach non-profit mo\u017cna stosowa\u0107 r\u00f3\u017cne narz\u0119dzia i serwisy s\u0142u\u017c\u0105ce mierzeniu, optymalizowaniu i analizowaniu dzia\u0142a\u0144 w Internecie i social media.\" \/>\n<meta name=\"robots\" content=\"index, follow, max-snippet:-1, max-image-preview:large, max-video-preview:-1\" \/>\n<link rel=\"canonical\" href=\"https:\/\/www.sotrender.com\/blog\/pl\/2013\/05\/badania-i-analizy-dla-organizacji-pozarzadowych-czyli-sotrender-na-konferencji-sektor-3-0\/\" \/>\n<meta property=\"og:locale\" content=\"pl_PL\" \/>\n<meta property=\"og:type\" content=\"article\" \/>\n<meta property=\"og:title\" content=\"Sektor 3.0, czyli badania i analizy w organizacjach pozarz\u0105dowych\" \/>\n<meta property=\"og:description\" content=\"Jak w dzia\u0142aniach non-profit mo\u017cna stosowa\u0107 r\u00f3\u017cne narz\u0119dzia i serwisy s\u0142u\u017c\u0105ce mierzeniu, optymalizowaniu i analizowaniu dzia\u0142a\u0144 w Internecie i social media.\" \/>\n<meta property=\"og:url\" content=\"https:\/\/www.sotrender.com\/blog\/pl\/2013\/05\/badania-i-analizy-dla-organizacji-pozarzadowych-czyli-sotrender-na-konferencji-sektor-3-0\/\" \/>\n<meta property=\"og:site_name\" content=\"Sotrender Blog\" \/>\n<meta property=\"article:publisher\" content=\"https:\/\/www.facebook.com\/Sotrender\" \/>\n<meta property=\"article:author\" content=\"https:\/\/www.facebook.com\/jan.zajac.75?fref=ts\" \/>\n<meta property=\"article:published_time\" content=\"2013-05-22T17:23:01+00:00\" \/>\n<meta property=\"article:modified_time\" content=\"2017-04-13T14:33:51+00:00\" \/>\n<meta name=\"author\" content=\"Jan Zaj\u0105c\" \/>\n<meta name=\"twitter:card\" content=\"summary_large_image\" \/>\n<meta name=\"twitter:creator\" content=\"@http:\/\/twitter.com\/janekzajac\" \/>\n<meta name=\"twitter:site\" content=\"@Sotrender\" \/>\n<meta name=\"twitter:label1\" content=\"Written by\" \/>\n\t<meta name=\"twitter:data1\" content=\"Jan Zaj\u0105c\" \/>\n\t<meta name=\"twitter:label2\" content=\"Est. reading time\" \/>\n\t<meta name=\"twitter:data2\" content=\"3 minutes\" \/>\n<script type=\"application\/ld+json\" class=\"yoast-schema-graph\">{\"@context\":\"https:\/\/schema.org\",\"@graph\":[{\"@type\":\"WebPage\",\"@id\":\"https:\/\/www.sotrender.com\/blog\/pl\/2013\/05\/badania-i-analizy-dla-organizacji-pozarzadowych-czyli-sotrender-na-konferencji-sektor-3-0\/\",\"url\":\"https:\/\/www.sotrender.com\/blog\/pl\/2013\/05\/badania-i-analizy-dla-organizacji-pozarzadowych-czyli-sotrender-na-konferencji-sektor-3-0\/\",\"name\":\"Sektor 3.0, czyli badania i analizy w organizacjach pozarz\u0105dowych\",\"isPartOf\":{\"@id\":\"https:\/\/www.sotrender.com\/blog\/#website\"},\"datePublished\":\"2013-05-22T17:23:01+00:00\",\"dateModified\":\"2017-04-13T14:33:51+00:00\",\"author\":{\"@id\":\"https:\/\/www.sotrender.com\/blog\/#\/schema\/person\/15d4db3ba9c4e61b1cb96099300e7c51\"},\"description\":\"Jak w dzia\u0142aniach non-profit mo\u017cna stosowa\u0107 r\u00f3\u017cne narz\u0119dzia i serwisy s\u0142u\u017c\u0105ce mierzeniu, optymalizowaniu i analizowaniu dzia\u0142a\u0144 w Internecie i social media.\",\"breadcrumb\":{\"@id\":\"https:\/\/www.sotrender.com\/blog\/pl\/2013\/05\/badania-i-analizy-dla-organizacji-pozarzadowych-czyli-sotrender-na-konferencji-sektor-3-0\/#breadcrumb\"},\"inLanguage\":\"pl-PL\",\"potentialAction\":[{\"@type\":\"ReadAction\",\"target\":[\"https:\/\/www.sotrender.com\/blog\/pl\/2013\/05\/badania-i-analizy-dla-organizacji-pozarzadowych-czyli-sotrender-na-konferencji-sektor-3-0\/\"]}]},{\"@type\":\"BreadcrumbList\",\"@id\":\"https:\/\/www.sotrender.com\/blog\/pl\/2013\/05\/badania-i-analizy-dla-organizacji-pozarzadowych-czyli-sotrender-na-konferencji-sektor-3-0\/#breadcrumb\",\"itemListElement\":[{\"@type\":\"ListItem\",\"position\":1,\"name\":\"Home\",\"item\":\"https:\/\/www.sotrender.com\/blog\/\"},{\"@type\":\"ListItem\",\"position\":2,\"name\":\"Badania i analizy dla organizacji pozarz\u0105dowych, czyli Sotrender na konferencji Sektor 3.0\"}]},{\"@type\":\"WebSite\",\"@id\":\"https:\/\/www.sotrender.com\/blog\/#website\",\"url\":\"https:\/\/www.sotrender.com\/blog\/\",\"name\":\"Sotrender Blog\",\"description\":\"\",\"potentialAction\":[{\"@type\":\"SearchAction\",\"target\":{\"@type\":\"EntryPoint\",\"urlTemplate\":\"https:\/\/www.sotrender.com\/blog\/?s={search_term_string}\"},\"query-input\":\"required name=search_term_string\"}],\"inLanguage\":\"pl-PL\"},{\"@type\":\"Person\",\"@id\":\"https:\/\/www.sotrender.com\/blog\/#\/schema\/person\/15d4db3ba9c4e61b1cb96099300e7c51\",\"name\":\"Jan Zaj\u0105c\",\"image\":{\"@type\":\"ImageObject\",\"inLanguage\":\"pl-PL\",\"@id\":\"https:\/\/www.sotrender.com\/blog\/#\/schema\/person\/image\/\",\"url\":\"https:\/\/secure.gravatar.com\/avatar\/330c70ea205c5402148d7c7d8927d81d?s=96&d=mm&r=g\",\"contentUrl\":\"https:\/\/secure.gravatar.com\/avatar\/330c70ea205c5402148d7c7d8927d81d?s=96&d=mm&r=g\",\"caption\":\"Jan Zaj\u0105c\"},\"description\":\"Psychologist &amp; economist, experienced consultant &amp; researcher, who speaks 6 languages and has cycled around 17 countries.\",\"sameAs\":[\"https:\/\/www.facebook.com\/jan.zajac.75?fref=ts\",\"https:\/\/www.linkedin.com\/in\/janekzajac\",\"https:\/\/twitter.com\/http:\/\/twitter.com\/janekzajac\"],\"url\":\"https:\/\/www.sotrender.com\/blog\/pl\/author\/jan_zajc\/\"}]}<\/script>\n<!-- \/ Yoast SEO plugin. -->","yoast_head_json":{"title":"Sektor 3.0, czyli badania i analizy w organizacjach pozarz\u0105dowych","description":"Jak w dzia\u0142aniach non-profit mo\u017cna stosowa\u0107 r\u00f3\u017cne narz\u0119dzia i serwisy s\u0142u\u017c\u0105ce mierzeniu, optymalizowaniu i analizowaniu dzia\u0142a\u0144 w Internecie i social media.","robots":{"index":"index","follow":"follow","max-snippet":"max-snippet:-1","max-image-preview":"max-image-preview:large","max-video-preview":"max-video-preview:-1"},"canonical":"https:\/\/www.sotrender.com\/blog\/pl\/2013\/05\/badania-i-analizy-dla-organizacji-pozarzadowych-czyli-sotrender-na-konferencji-sektor-3-0\/","og_locale":"pl_PL","og_type":"article","og_title":"Sektor 3.0, czyli badania i analizy w organizacjach pozarz\u0105dowych","og_description":"Jak w dzia\u0142aniach non-profit mo\u017cna stosowa\u0107 r\u00f3\u017cne narz\u0119dzia i serwisy s\u0142u\u017c\u0105ce mierzeniu, optymalizowaniu i analizowaniu dzia\u0142a\u0144 w Internecie i social media.","og_url":"https:\/\/www.sotrender.com\/blog\/pl\/2013\/05\/badania-i-analizy-dla-organizacji-pozarzadowych-czyli-sotrender-na-konferencji-sektor-3-0\/","og_site_name":"Sotrender Blog","article_publisher":"https:\/\/www.facebook.com\/Sotrender","article_author":"https:\/\/www.facebook.com\/jan.zajac.75?fref=ts","article_published_time":"2013-05-22T17:23:01+00:00","article_modified_time":"2017-04-13T14:33:51+00:00","author":"Jan Zaj\u0105c","twitter_card":"summary_large_image","twitter_creator":"@http:\/\/twitter.com\/janekzajac","twitter_site":"@Sotrender","twitter_misc":{"Written by":"Jan Zaj\u0105c","Est. reading time":"3 minutes"},"schema":{"@context":"https:\/\/schema.org","@graph":[{"@type":"WebPage","@id":"https:\/\/www.sotrender.com\/blog\/pl\/2013\/05\/badania-i-analizy-dla-organizacji-pozarzadowych-czyli-sotrender-na-konferencji-sektor-3-0\/","url":"https:\/\/www.sotrender.com\/blog\/pl\/2013\/05\/badania-i-analizy-dla-organizacji-pozarzadowych-czyli-sotrender-na-konferencji-sektor-3-0\/","name":"Sektor 3.0, czyli badania i analizy w organizacjach pozarz\u0105dowych","isPartOf":{"@id":"https:\/\/www.sotrender.com\/blog\/#website"},"datePublished":"2013-05-22T17:23:01+00:00","dateModified":"2017-04-13T14:33:51+00:00","author":{"@id":"https:\/\/www.sotrender.com\/blog\/#\/schema\/person\/15d4db3ba9c4e61b1cb96099300e7c51"},"description":"Jak w dzia\u0142aniach non-profit mo\u017cna stosowa\u0107 r\u00f3\u017cne narz\u0119dzia i serwisy s\u0142u\u017c\u0105ce mierzeniu, optymalizowaniu i analizowaniu dzia\u0142a\u0144 w Internecie i social media.","breadcrumb":{"@id":"https:\/\/www.sotrender.com\/blog\/pl\/2013\/05\/badania-i-analizy-dla-organizacji-pozarzadowych-czyli-sotrender-na-konferencji-sektor-3-0\/#breadcrumb"},"inLanguage":"pl-PL","potentialAction":[{"@type":"ReadAction","target":["https:\/\/www.sotrender.com\/blog\/pl\/2013\/05\/badania-i-analizy-dla-organizacji-pozarzadowych-czyli-sotrender-na-konferencji-sektor-3-0\/"]}]},{"@type":"BreadcrumbList","@id":"https:\/\/www.sotrender.com\/blog\/pl\/2013\/05\/badania-i-analizy-dla-organizacji-pozarzadowych-czyli-sotrender-na-konferencji-sektor-3-0\/#breadcrumb","itemListElement":[{"@type":"ListItem","position":1,"name":"Home","item":"https:\/\/www.sotrender.com\/blog\/"},{"@type":"ListItem","position":2,"name":"Badania i analizy dla organizacji pozarz\u0105dowych, czyli Sotrender na konferencji Sektor 3.0"}]},{"@type":"WebSite","@id":"https:\/\/www.sotrender.com\/blog\/#website","url":"https:\/\/www.sotrender.com\/blog\/","name":"Sotrender Blog","description":"","potentialAction":[{"@type":"SearchAction","target":{"@type":"EntryPoint","urlTemplate":"https:\/\/www.sotrender.com\/blog\/?s={search_term_string}"},"query-input":"required name=search_term_string"}],"inLanguage":"pl-PL"},{"@type":"Person","@id":"https:\/\/www.sotrender.com\/blog\/#\/schema\/person\/15d4db3ba9c4e61b1cb96099300e7c51","name":"Jan Zaj\u0105c","image":{"@type":"ImageObject","inLanguage":"pl-PL","@id":"https:\/\/www.sotrender.com\/blog\/#\/schema\/person\/image\/","url":"https:\/\/secure.gravatar.com\/avatar\/330c70ea205c5402148d7c7d8927d81d?s=96&d=mm&r=g","contentUrl":"https:\/\/secure.gravatar.com\/avatar\/330c70ea205c5402148d7c7d8927d81d?s=96&d=mm&r=g","caption":"Jan Zaj\u0105c"},"description":"Psychologist &amp; economist, experienced consultant &amp; researcher, who speaks 6 languages and has cycled around 17 countries.","sameAs":["https:\/\/www.facebook.com\/jan.zajac.75?fref=ts","https:\/\/www.linkedin.com\/in\/janekzajac","https:\/\/twitter.com\/http:\/\/twitter.com\/janekzajac"],"url":"https:\/\/www.sotrender.com\/blog\/pl\/author\/jan_zajc\/"}]}},"_links":{"self":[{"href":"https:\/\/www.sotrender.com\/blog\/pl\/wp-json\/wp\/v2\/posts\/6947"}],"collection":[{"href":"https:\/\/www.sotrender.com\/blog\/pl\/wp-json\/wp\/v2\/posts"}],"about":[{"href":"https:\/\/www.sotrender.com\/blog\/pl\/wp-json\/wp\/v2\/types\/post"}],"author":[{"embeddable":true,"href":"https:\/\/www.sotrender.com\/blog\/pl\/wp-json\/wp\/v2\/users\/2"}],"replies":[{"embeddable":true,"href":"https:\/\/www.sotrender.com\/blog\/pl\/wp-json\/wp\/v2\/comments?post=6947"}],"version-history":[{"count":27,"href":"https:\/\/www.sotrender.com\/blog\/pl\/wp-json\/wp\/v2\/posts\/6947\/revisions"}],"predecessor-version":[{"id":26663,"href":"https:\/\/www.sotrender.com\/blog\/pl\/wp-json\/wp\/v2\/posts\/6947\/revisions\/26663"}],"wp:attachment":[{"href":"https:\/\/www.sotrender.com\/blog\/pl\/wp-json\/wp\/v2\/media?parent=6947"}],"wp:term":[{"taxonomy":"category","embeddable":true,"href":"https:\/\/www.sotrender.com\/blog\/pl\/wp-json\/wp\/v2\/categories?post=6947"},{"taxonomy":"post_tag","embeddable":true,"href":"https:\/\/www.sotrender.com\/blog\/pl\/wp-json\/wp\/v2\/tags?post=6947"}],"curies":[{"name":"wp","href":"https:\/\/api.w.org\/{rel}","templated":true}]}}