{"id":6903,"date":"2013-05-21T09:13:54","date_gmt":"2013-05-21T08:13:54","guid":{"rendered":"http:\/\/blog.sotrender.com\/?p=6903"},"modified":"2015-12-01T22:18:50","modified_gmt":"2015-12-01T21:18:50","slug":"sotrender-laureatem-nagrody-aulery-2013","status":"publish","type":"post","link":"https:\/\/www.sotrender.com\/blog\/pl\/2013\/05\/sotrender-laureatem-nagrody-aulery-2013\/","title":{"rendered":"Sotrender laureatem nagrody Aulery 2013"},"content":{"rendered":"<p>Sotrender zosta\u0142 laureatem nagrody Aulery 2013. Nagrody te co roku przyznawane s\u0105 przez mi\u0119dzynarodowe grono juror\u00f3w &#8211; specjalist\u00f3w bran\u017cy technologicznej. Laureat\u00f3w tegorocznej,  pi\u0105tej ju\u017c,  edycji Auler\u00f3w og\u0142oszono podczas gali fina\u0142owej konkursu,  kt\u00f3ra odby\u0142a si\u0119 16. maja 2013 r. w Gda\u0144sku w ramach konferencji Infoshare.<\/p>\n<p><!--more--><\/p>\n<p>Bardzo si\u0119 cieszymy! Dzi\u0119kujemy za zauwa\u017cenie i docenienie naszych stara\u0144. Najbardziej dumni jeste\u015bmy z faktu,  \u017ce Aulery s\u0105 przyznawane za konkretne osi\u0105gni\u0119cia biznesowe dzia\u0142aj\u0105cym ju\u017c firmom,  w uznaniu ich rozwoju. Nagrod\u0119 uczcili\u015bmy,  jak na firm\u0119 technologiczn\u0105 przysta\u0142o,  uruchomieniem nowej strony internetowej\u00a0<a href=\"http:\/\/www.sotrender.pl\">www.sotrender.pl<\/a>,  bardziej odpowiadaj\u0105cej obecnym trendom w projektowaniu.<\/p>\n<div id=\"attachment_6919\" style=\"width: 310px\" class=\"wp-caption aligncenter\"><a href=\"https:\/\/www.sotrender.com\/blog\/wp-content\/uploads\/2013\/05\/7.png\"><img loading=\"lazy\" decoding=\"async\" aria-describedby=\"caption-attachment-6919\" class=\"size-medium wp-image-6919\" src=\"https:\/\/www.sotrender.com\/blog\/wp-content\/uploads\/2013\/05\/7-300x199.png\" alt=\"Jan Zaj\u0105c i Hubert Tworkowski z Aulerem\" width=\"300\" height=\"199\" \/><\/a><p id=\"caption-attachment-6919\" class=\"wp-caption-text\">Jan Zaj\u0105c i Hubert Tworkowski z Aulerem<\/p><\/div>\n<p>Wystartowali\u015bmy ponad 2 lata temu,  tworz\u0105c zupe\u0142nie nowy rodzaj us\u0142ug. Szybko pozyskali\u015bmy pierwszych klient\u00f3w. Dzi\u015b mamy ich ponad 180,  g\u0142\u00f3wnie w\u015br\u00f3d du\u017cych firm oraz r\u00f3\u017cnego rodzaju agencji je obs\u0142uguj\u0105cych. Sp\u00f3\u0142ka jest rentowna,  stabilnie si\u0119 rozwija,  a wkr\u00f3tce wykona kolejne wa\u017cne kroki. Za wszystkimi naszymi osi\u0105gni\u0119ciami stoi praca zespo\u0142u,  tworzonego w tej chwili przez 15 os\u00f3b zajmuj\u0105cych si\u0119 programowaniem,  analizami,  marketingiem,  sprzeda\u017c\u0105 i obs\u0142ug\u0105 klienta.<\/p>\n<p>Bardzo cieszy nas r\u00f3wnie\u017c du\u017ca rozpoznawalno\u015b\u0107 naszego narz\u0119dzia w bran\u017cy interaktywnej. Znajomo\u015b\u0107 Sotrendera,  obok takich gigant\u00f3w jak Google Analytics, \u00a0coraz cz\u0119\u015bciej staje si\u0119 jednym wymaga\u0144 przewijaj\u0105cych si\u0119 w og\u0142oszeniach o prac\u0119 w bran\u017cy marketingu internetowego. Nasze raporty Fanpage Trends czyta co miesi\u0105c kilka tysi\u0119cy os\u00f3b \u201ez bran\u017cy\u201d. Uznanie klient\u00f3w wyra\u017cane przez zam\u00f3wienia i p\u0142atno\u015bci pokazuje nam,  \u017ce jeste\u015bmy na dobrym tropie. A nagroda jest kolejnym powodem do rado\u015bci \ud83d\ude42<\/p>\n<p>Aha,  prawdziwa gala by\u0142a znacznie ciekawsza i weselsza,  ni\u017c ten sm\u0119tny wpis \u2013 sami sp\u00f3jrzcie na film. Sotrender pojawia si\u0119 od 48. minuty.<br \/>\n<iframe loading=\"lazy\" src=\"http:\/\/www.popler.tv\/vod\/58027\" width=\"480\" height=\"270\" frameborder=\"0\" align=\"aligncenter\" allowfullscreen=\"allowfullscreen\"><\/iframe><\/p>\n","protected":false},"excerpt":{"rendered":"<p>Sotrender zosta\u0142 laureatem nagrody Aulery 2013. Nagrody te co roku przyznawane s\u0105 przez mi\u0119dzynarodowe grono juror\u00f3w &#8211; specjalist\u00f3w bran\u017cy technologicznej. Laureat\u00f3w tegorocznej, pi\u0105tej ju\u017c, edycji Auler\u00f3w og\u0142oszono podczas gali fina\u0142owej konkursu, kt\u00f3ra odby\u0142a si\u0119 16. maja 2013 r. w Gda\u0144sku w ramach konferencji Infoshare.<\/p>\n","protected":false},"author":2,"featured_media":0,"comment_status":"open","ping_status":"open","sticky":false,"template":"","format":"standard","meta":{"inline_featured_image":false,"footnotes":""},"categories":[1795],"tags":[7,433,435],"yoast_head":"<!-- This site is optimized with the Yoast SEO plugin v22.4 - https:\/\/yoast.com\/wordpress\/plugins\/seo\/ -->\n<title>Sotrender laureatem nagrody Aulery 2013<\/title>\n<meta name=\"description\" content=\"Sotrender zosta\u0142 laureatem nagrody Aulery 2013. Nagrody te co roku przyznawane s\u0105 przez mi\u0119dzynarodowe grono juror\u00f3w - specjalist\u00f3w bran\u017cy... wi\u0119cej...\" \/>\n<meta name=\"robots\" content=\"index, follow, max-snippet:-1, max-image-preview:large, max-video-preview:-1\" \/>\n<link rel=\"canonical\" href=\"https:\/\/www.sotrender.com\/blog\/pl\/2013\/05\/sotrender-laureatem-nagrody-aulery-2013\/\" \/>\n<meta property=\"og:locale\" content=\"pl_PL\" \/>\n<meta property=\"og:type\" content=\"article\" \/>\n<meta property=\"og:title\" content=\"Sotrender laureatem nagrody Aulery 2013\" \/>\n<meta property=\"og:description\" content=\"Sotrender zosta\u0142 laureatem nagrody Aulery 2013. Nagrody te co roku przyznawane s\u0105 przez mi\u0119dzynarodowe grono juror\u00f3w - specjalist\u00f3w bran\u017cy... wi\u0119cej...\" \/>\n<meta property=\"og:url\" content=\"https:\/\/www.sotrender.com\/blog\/pl\/2013\/05\/sotrender-laureatem-nagrody-aulery-2013\/\" \/>\n<meta property=\"og:site_name\" content=\"Sotrender Blog\" \/>\n<meta property=\"article:publisher\" content=\"https:\/\/www.facebook.com\/Sotrender\" \/>\n<meta property=\"article:author\" content=\"https:\/\/www.facebook.com\/jan.zajac.75?fref=ts\" \/>\n<meta property=\"article:published_time\" content=\"2013-05-21T08:13:54+00:00\" \/>\n<meta property=\"article:modified_time\" content=\"2015-12-01T21:18:50+00:00\" \/>\n<meta property=\"og:image\" content=\"https:\/\/www.sotrender.com\/blog\/wp-content\/uploads\/2013\/05\/7-300x199.png\" \/>\n<meta name=\"author\" content=\"Jan Zaj\u0105c\" \/>\n<meta name=\"twitter:card\" content=\"summary_large_image\" \/>\n<meta name=\"twitter:creator\" content=\"@http:\/\/twitter.com\/janekzajac\" \/>\n<meta name=\"twitter:site\" content=\"@Sotrender\" \/>\n<meta name=\"twitter:label1\" content=\"Written by\" \/>\n\t<meta name=\"twitter:data1\" content=\"Jan Zaj\u0105c\" \/>\n\t<meta name=\"twitter:label2\" content=\"Est. reading time\" \/>\n\t<meta name=\"twitter:data2\" content=\"2 minutes\" \/>\n<script type=\"application\/ld+json\" class=\"yoast-schema-graph\">{\"@context\":\"https:\/\/schema.org\",\"@graph\":[{\"@type\":\"WebPage\",\"@id\":\"https:\/\/www.sotrender.com\/blog\/pl\/2013\/05\/sotrender-laureatem-nagrody-aulery-2013\/\",\"url\":\"https:\/\/www.sotrender.com\/blog\/pl\/2013\/05\/sotrender-laureatem-nagrody-aulery-2013\/\",\"name\":\"Sotrender laureatem nagrody Aulery 2013\",\"isPartOf\":{\"@id\":\"https:\/\/www.sotrender.com\/blog\/#website\"},\"primaryImageOfPage\":{\"@id\":\"https:\/\/www.sotrender.com\/blog\/pl\/2013\/05\/sotrender-laureatem-nagrody-aulery-2013\/#primaryimage\"},\"image\":{\"@id\":\"https:\/\/www.sotrender.com\/blog\/pl\/2013\/05\/sotrender-laureatem-nagrody-aulery-2013\/#primaryimage\"},\"thumbnailUrl\":\"https:\/\/www.sotrender.com\/blog\/wp-content\/uploads\/2013\/05\/7-300x199.png\",\"datePublished\":\"2013-05-21T08:13:54+00:00\",\"dateModified\":\"2015-12-01T21:18:50+00:00\",\"author\":{\"@id\":\"https:\/\/www.sotrender.com\/blog\/#\/schema\/person\/15d4db3ba9c4e61b1cb96099300e7c51\"},\"description\":\"Sotrender zosta\u0142 laureatem nagrody Aulery 2013. Nagrody te co roku przyznawane s\u0105 przez mi\u0119dzynarodowe grono juror\u00f3w - specjalist\u00f3w bran\u017cy... wi\u0119cej...\",\"breadcrumb\":{\"@id\":\"https:\/\/www.sotrender.com\/blog\/pl\/2013\/05\/sotrender-laureatem-nagrody-aulery-2013\/#breadcrumb\"},\"inLanguage\":\"pl-PL\",\"potentialAction\":[{\"@type\":\"ReadAction\",\"target\":[\"https:\/\/www.sotrender.com\/blog\/pl\/2013\/05\/sotrender-laureatem-nagrody-aulery-2013\/\"]}]},{\"@type\":\"ImageObject\",\"inLanguage\":\"pl-PL\",\"@id\":\"https:\/\/www.sotrender.com\/blog\/pl\/2013\/05\/sotrender-laureatem-nagrody-aulery-2013\/#primaryimage\",\"url\":\"https:\/\/www.sotrender.com\/blog\/wp-content\/uploads\/2013\/05\/7-300x199.png\",\"contentUrl\":\"https:\/\/www.sotrender.com\/blog\/wp-content\/uploads\/2013\/05\/7-300x199.png\"},{\"@type\":\"BreadcrumbList\",\"@id\":\"https:\/\/www.sotrender.com\/blog\/pl\/2013\/05\/sotrender-laureatem-nagrody-aulery-2013\/#breadcrumb\",\"itemListElement\":[{\"@type\":\"ListItem\",\"position\":1,\"name\":\"Home\",\"item\":\"https:\/\/www.sotrender.com\/blog\/\"},{\"@type\":\"ListItem\",\"position\":2,\"name\":\"Sotrender laureatem nagrody Aulery 2013\"}]},{\"@type\":\"WebSite\",\"@id\":\"https:\/\/www.sotrender.com\/blog\/#website\",\"url\":\"https:\/\/www.sotrender.com\/blog\/\",\"name\":\"Sotrender Blog\",\"description\":\"\",\"potentialAction\":[{\"@type\":\"SearchAction\",\"target\":{\"@type\":\"EntryPoint\",\"urlTemplate\":\"https:\/\/www.sotrender.com\/blog\/?s={search_term_string}\"},\"query-input\":\"required name=search_term_string\"}],\"inLanguage\":\"pl-PL\"},{\"@type\":\"Person\",\"@id\":\"https:\/\/www.sotrender.com\/blog\/#\/schema\/person\/15d4db3ba9c4e61b1cb96099300e7c51\",\"name\":\"Jan Zaj\u0105c\",\"image\":{\"@type\":\"ImageObject\",\"inLanguage\":\"pl-PL\",\"@id\":\"https:\/\/www.sotrender.com\/blog\/#\/schema\/person\/image\/\",\"url\":\"https:\/\/secure.gravatar.com\/avatar\/330c70ea205c5402148d7c7d8927d81d?s=96&d=mm&r=g\",\"contentUrl\":\"https:\/\/secure.gravatar.com\/avatar\/330c70ea205c5402148d7c7d8927d81d?s=96&d=mm&r=g\",\"caption\":\"Jan Zaj\u0105c\"},\"description\":\"Psychologist &amp; economist, experienced consultant &amp; researcher, who speaks 6 languages and has cycled around 17 countries.\",\"sameAs\":[\"https:\/\/www.facebook.com\/jan.zajac.75?fref=ts\",\"https:\/\/www.linkedin.com\/in\/janekzajac\",\"https:\/\/twitter.com\/http:\/\/twitter.com\/janekzajac\"],\"url\":\"https:\/\/www.sotrender.com\/blog\/pl\/author\/jan_zajc\/\"}]}<\/script>\n<!-- \/ Yoast SEO plugin. -->","yoast_head_json":{"title":"Sotrender laureatem nagrody Aulery 2013","description":"Sotrender zosta\u0142 laureatem nagrody Aulery 2013. Nagrody te co roku przyznawane s\u0105 przez mi\u0119dzynarodowe grono juror\u00f3w - specjalist\u00f3w bran\u017cy... wi\u0119cej...","robots":{"index":"index","follow":"follow","max-snippet":"max-snippet:-1","max-image-preview":"max-image-preview:large","max-video-preview":"max-video-preview:-1"},"canonical":"https:\/\/www.sotrender.com\/blog\/pl\/2013\/05\/sotrender-laureatem-nagrody-aulery-2013\/","og_locale":"pl_PL","og_type":"article","og_title":"Sotrender laureatem nagrody Aulery 2013","og_description":"Sotrender zosta\u0142 laureatem nagrody Aulery 2013. Nagrody te co roku przyznawane s\u0105 przez mi\u0119dzynarodowe grono juror\u00f3w - specjalist\u00f3w bran\u017cy... wi\u0119cej...","og_url":"https:\/\/www.sotrender.com\/blog\/pl\/2013\/05\/sotrender-laureatem-nagrody-aulery-2013\/","og_site_name":"Sotrender Blog","article_publisher":"https:\/\/www.facebook.com\/Sotrender","article_author":"https:\/\/www.facebook.com\/jan.zajac.75?fref=ts","article_published_time":"2013-05-21T08:13:54+00:00","article_modified_time":"2015-12-01T21:18:50+00:00","og_image":[{"url":"https:\/\/www.sotrender.com\/blog\/wp-content\/uploads\/2013\/05\/7-300x199.png"}],"author":"Jan Zaj\u0105c","twitter_card":"summary_large_image","twitter_creator":"@http:\/\/twitter.com\/janekzajac","twitter_site":"@Sotrender","twitter_misc":{"Written by":"Jan Zaj\u0105c","Est. reading time":"2 minutes"},"schema":{"@context":"https:\/\/schema.org","@graph":[{"@type":"WebPage","@id":"https:\/\/www.sotrender.com\/blog\/pl\/2013\/05\/sotrender-laureatem-nagrody-aulery-2013\/","url":"https:\/\/www.sotrender.com\/blog\/pl\/2013\/05\/sotrender-laureatem-nagrody-aulery-2013\/","name":"Sotrender laureatem nagrody Aulery 2013","isPartOf":{"@id":"https:\/\/www.sotrender.com\/blog\/#website"},"primaryImageOfPage":{"@id":"https:\/\/www.sotrender.com\/blog\/pl\/2013\/05\/sotrender-laureatem-nagrody-aulery-2013\/#primaryimage"},"image":{"@id":"https:\/\/www.sotrender.com\/blog\/pl\/2013\/05\/sotrender-laureatem-nagrody-aulery-2013\/#primaryimage"},"thumbnailUrl":"https:\/\/www.sotrender.com\/blog\/wp-content\/uploads\/2013\/05\/7-300x199.png","datePublished":"2013-05-21T08:13:54+00:00","dateModified":"2015-12-01T21:18:50+00:00","author":{"@id":"https:\/\/www.sotrender.com\/blog\/#\/schema\/person\/15d4db3ba9c4e61b1cb96099300e7c51"},"description":"Sotrender zosta\u0142 laureatem nagrody Aulery 2013. Nagrody te co roku przyznawane s\u0105 przez mi\u0119dzynarodowe grono juror\u00f3w - specjalist\u00f3w bran\u017cy... wi\u0119cej...","breadcrumb":{"@id":"https:\/\/www.sotrender.com\/blog\/pl\/2013\/05\/sotrender-laureatem-nagrody-aulery-2013\/#breadcrumb"},"inLanguage":"pl-PL","potentialAction":[{"@type":"ReadAction","target":["https:\/\/www.sotrender.com\/blog\/pl\/2013\/05\/sotrender-laureatem-nagrody-aulery-2013\/"]}]},{"@type":"ImageObject","inLanguage":"pl-PL","@id":"https:\/\/www.sotrender.com\/blog\/pl\/2013\/05\/sotrender-laureatem-nagrody-aulery-2013\/#primaryimage","url":"https:\/\/www.sotrender.com\/blog\/wp-content\/uploads\/2013\/05\/7-300x199.png","contentUrl":"https:\/\/www.sotrender.com\/blog\/wp-content\/uploads\/2013\/05\/7-300x199.png"},{"@type":"BreadcrumbList","@id":"https:\/\/www.sotrender.com\/blog\/pl\/2013\/05\/sotrender-laureatem-nagrody-aulery-2013\/#breadcrumb","itemListElement":[{"@type":"ListItem","position":1,"name":"Home","item":"https:\/\/www.sotrender.com\/blog\/"},{"@type":"ListItem","position":2,"name":"Sotrender laureatem nagrody Aulery 2013"}]},{"@type":"WebSite","@id":"https:\/\/www.sotrender.com\/blog\/#website","url":"https:\/\/www.sotrender.com\/blog\/","name":"Sotrender Blog","description":"","potentialAction":[{"@type":"SearchAction","target":{"@type":"EntryPoint","urlTemplate":"https:\/\/www.sotrender.com\/blog\/?s={search_term_string}"},"query-input":"required name=search_term_string"}],"inLanguage":"pl-PL"},{"@type":"Person","@id":"https:\/\/www.sotrender.com\/blog\/#\/schema\/person\/15d4db3ba9c4e61b1cb96099300e7c51","name":"Jan Zaj\u0105c","image":{"@type":"ImageObject","inLanguage":"pl-PL","@id":"https:\/\/www.sotrender.com\/blog\/#\/schema\/person\/image\/","url":"https:\/\/secure.gravatar.com\/avatar\/330c70ea205c5402148d7c7d8927d81d?s=96&d=mm&r=g","contentUrl":"https:\/\/secure.gravatar.com\/avatar\/330c70ea205c5402148d7c7d8927d81d?s=96&d=mm&r=g","caption":"Jan Zaj\u0105c"},"description":"Psychologist &amp; economist, experienced consultant &amp; researcher, who speaks 6 languages and has cycled around 17 countries.","sameAs":["https:\/\/www.facebook.com\/jan.zajac.75?fref=ts","https:\/\/www.linkedin.com\/in\/janekzajac","https:\/\/twitter.com\/http:\/\/twitter.com\/janekzajac"],"url":"https:\/\/www.sotrender.com\/blog\/pl\/author\/jan_zajc\/"}]}},"_links":{"self":[{"href":"https:\/\/www.sotrender.com\/blog\/pl\/wp-json\/wp\/v2\/posts\/6903"}],"collection":[{"href":"https:\/\/www.sotrender.com\/blog\/pl\/wp-json\/wp\/v2\/posts"}],"about":[{"href":"https:\/\/www.sotrender.com\/blog\/pl\/wp-json\/wp\/v2\/types\/post"}],"author":[{"embeddable":true,"href":"https:\/\/www.sotrender.com\/blog\/pl\/wp-json\/wp\/v2\/users\/2"}],"replies":[{"embeddable":true,"href":"https:\/\/www.sotrender.com\/blog\/pl\/wp-json\/wp\/v2\/comments?post=6903"}],"version-history":[{"count":13,"href":"https:\/\/www.sotrender.com\/blog\/pl\/wp-json\/wp\/v2\/posts\/6903\/revisions"}],"predecessor-version":[{"id":14645,"href":"https:\/\/www.sotrender.com\/blog\/pl\/wp-json\/wp\/v2\/posts\/6903\/revisions\/14645"}],"wp:attachment":[{"href":"https:\/\/www.sotrender.com\/blog\/pl\/wp-json\/wp\/v2\/media?parent=6903"}],"wp:term":[{"taxonomy":"category","embeddable":true,"href":"https:\/\/www.sotrender.com\/blog\/pl\/wp-json\/wp\/v2\/categories?post=6903"},{"taxonomy":"post_tag","embeddable":true,"href":"https:\/\/www.sotrender.com\/blog\/pl\/wp-json\/wp\/v2\/tags?post=6903"}],"curies":[{"name":"wp","href":"https:\/\/api.w.org\/{rel}","templated":true}]}}