{"id":6485,"date":"2013-05-13T13:02:20","date_gmt":"2013-05-13T12:02:20","guid":{"rendered":"http:\/\/blog.sotrender.com\/?p=6485"},"modified":"2015-12-01T22:19:08","modified_gmt":"2015-12-01T21:19:08","slug":"sotrender-doceniony-przez-najwieksze-polskie-marki","status":"publish","type":"post","link":"https:\/\/www.sotrender.com\/blog\/pl\/2013\/05\/sotrender-doceniony-przez-najwieksze-polskie-marki\/","title":{"rendered":"Sotrender doceniony przez najwi\u0119ksze polskie marki"},"content":{"rendered":"<p>Sotrender jest wykorzystywany przy prowadzeniu 5 najwi\u0119kszych profili marek na polskim Facebooku i a\u017c 28 spo\u015br\u00f3d 50 najwi\u0119kszych. Taki wniosek p\u0142ynie dla nas z lektury raportu \u201e<em>Kto powinien obs\u0142ugiwa\u0107 marki w serwisach spo\u0142eczno\u015bciowych<\/em>\u201d,  wydanego przez <a title=\"Sprawd\u017a serwis\" href=\"http:\/\/nowymarketing.pl\/\" target=\"_blank\">Nowy Marketing<\/a> i zamieszczonego tam zestawienia obs\u0142uguj\u0105cych fanpage. Co wi\u0119cej,  o korzystaniu z naszej aplikacji wspominaj\u0105 w raporcie specjali\u015bci\u00a0pracuj\u0105cy dla takich marek jak <a title=\"Strona Klienta\" href=\"http:\/\/www.bzwbk.pl\/\" target=\"_blank\">BZ WBK<\/a>,  <a title=\"Strona Klienta\" href=\"http:\/\/www.inpost.pl\/\" target=\"_blank\">In Post<\/a>,  <a title=\"Strona Klienta\" href=\"http:\/\/www.peugeot.pl\/\" target=\"_blank\">Peugeot<\/a> czy <a title=\"Strona Klienta\" href=\"http:\/\/www.plus.pl\/\" target=\"_blank\">Plus<\/a>. Cieszymy si\u0119,  \u017ce nawet najbardziej wymagaj\u0105cy odbiorcy doceniaj\u0105 nasze us\u0142ugi.<\/p>\n<p><!--more--><\/p>\n<p>Najnowszy <a title=\"Zobacz raport\" href=\"http:\/\/nowymarketing.pl\/a\/1454, kto-powinien-obslugiwac-marki-w-mediach-spolecznosciowych\" target=\"_blank\">raport Nowego Marketingu<\/a> zwr\u00f3ci\u0142 nasz\u0105 uwag\u0119 na bardzo mi\u0142y dow\u00f3d uznania naszej aplikacji. Autorzy zadali sobie trud wyodr\u0119bnienia najwi\u0119kszych polskich profili marek na Facebooku.<\/p>\n<blockquote><p>\u201eNajwi\u0119ksze (ze wzgl\u0119du na liczb\u0119 fan\u00f3w) lokalne,  polskoj\u0119zyczne,  komercyjne strony marek i produkt\u00f3w prowadzone w serwisie Facebook. Pod uwag\u0119 nie by\u0142y brane strony o charakterze czysto rozrywkowym oraz strony: artyst\u00f3w,  zespo\u0142\u00f3w,  os\u00f3b publicznych,  polityk\u00f3w i partii politycznych,  organizacji non-profit,  instytucji pa\u0144stwowych,  a tak\u017ce medi\u00f3w. (\u2026)\u201d.<\/p><\/blockquote>\n<p>Sprawdzili\u015bmy,  przy ilu z nich jest wykorzystywany Sotrender. Okazuje si\u0119,  \u017ce przy wielu,  bo mowa tu o 5 najwi\u0119kszych i 28 z ca\u0142ej 50 (wkr\u00f3tce b\u0119dzie to ju\u017c ponad 30 \u2013 negocjacje trwaj\u0105 \ud83d\ude09 ). Naszymi Klientami s\u0105 zar\u00f3wno firmy,  jak i obs\u0142uguj\u0105ce je agencje,  jak i r\u00f3wnie\u017c domy mediowe. Korzystaj\u0105 z Sotrendera zar\u00f3wno do raportowania,  jak i do bie\u017c\u0105cego wspierania dzia\u0142a\u0144,  co zreszt\u0105 wspominaj\u0105 w swoich wypowiedziach marketerzy\u00a0odpowiedzialni za obecno\u015b\u0107 na Facebooku takich marek jak <a title=\"Strona marki w portalu Facebook\" href=\"http:\/\/www.facebook.com\/plus\" target=\"_blank\">Plus<\/a>,  <a title=\"Strona marki w portalu Facebook\" href=\"http:\/\/www.facebook.com\/paczkomaty\" target=\"_blank\">InPost<\/a>,  <a title=\"Strona marki w portalu Facebook\" href=\"http:\/\/www.facebook.com\/PeugeotPolska\" target=\"_blank\">Peugeot Polska <\/a>czy\u00a0<a title=\"Strona marki w portalu Facebook\" href=\"http:\/\/www.facebook.com\/bzwbk\" target=\"_blank\">Bank Zachodni WBK<\/a>.<\/p>\n<div id=\"attachment_6515\" style=\"width: 649px\" class=\"wp-caption aligncenter\"><a href=\"https:\/\/www.sotrender.com\/blog\/wp-content\/uploads\/2013\/05\/5marek_v2.jpg\"><img loading=\"lazy\" decoding=\"async\" aria-describedby=\"caption-attachment-6515\" class=\"size-full wp-image-6515\" src=\"https:\/\/www.sotrender.com\/blog\/wp-content\/uploads\/2013\/05\/5marek_v2.jpg\" alt=\"5 najwi\u0119kszych marek na polskim Facebooku korzysta z Sotrendera \" width=\"639\" height=\"514\" srcset=\"https:\/\/www.sotrender.com\/blog\/wp-content\/uploads\/2013\/05\/5marek_v2.jpg 639w, https:\/\/www.sotrender.com\/blog\/wp-content\/uploads\/2013\/05\/5marek_v2-475x382.jpg 475w, https:\/\/www.sotrender.com\/blog\/wp-content\/uploads\/2013\/05\/5marek_v2-600x483.jpg 600w\" sizes=\"(max-width: 639px) 100vw, 639px\" \/><\/a><p id=\"caption-attachment-6515\" class=\"wp-caption-text\">5 najwi\u0119kszych marek na polskim Facebooku korzysta z Sotrendera<\/p><\/div>\n<p>Takie dowody uznania ze strony najwa\u017cniejszej grupy docelowej to dla nas najlepsza pochwa\u0142a. Sotrender by\u0142 pocz\u0105tkowo tworzony z my\u015bl\u0105 o potrzebach najbardziej wymagaj\u0105cych specjalist\u00f3w z du\u017cych firm i obs\u0142uguj\u0105cych ich agencji. Wiele z nich jest z nami ju\u017c od ponad 2 lat. Z czasem rozszerzyli\u015bmy ofert\u0119 oraz funkcjonalno\u015bci produktu w kierunku innych grup docelowych. Od pewnego czasu mamy coraz wi\u0119cej klient\u00f3w w\u015br\u00f3d niewielkich firm,  takich jak <a title=\"Strona klienta w portalu Facebook\" href=\"http:\/\/www.facebook.com\/ChataWedrowcaWetlina\" target=\"_blank\">Chata W\u0119drowca<\/a> czy <a title=\"Strona klienta w portalu Facebook\" href=\"http:\/\/www.facebook.com\/Materialination\" target=\"_blank\">Materialination<\/a> oraz organizacji pozarz\u0105dowych jak <a title=\"Strona stowarzyszenia w portalu Facebook\" href=\"http:\/\/www.facebook.com\/stowarzyszenie.wiosna\" target=\"_blank\">Stowarzyszenie WIOSNA<\/a>,  <a title=\"Strona akcji w portalu Facebook\" href=\"http:\/\/www.facebook.com\/Kolorujemy\" target=\"_blank\">Kolorujemy<\/a> czy <a title=\"Strona akcji w portalu Facebook\" href=\"https:\/\/www.facebook.com\/fundacja.inspro\" target=\"_blank\">INSPRO<\/a>. Niekt\u00f3rzy z nich wybieraj\u0105,  stworzon\u0105 specjalnie dla niewielkich firm,  wersj\u0119 <a title=\"Zobacz wi\u0119cej szczeg\u00f3\u0142\u00f3w o ofercie Lite\" href=\"https:\/\/www.sotrender.com\/blog\/pl\/2012\/08\/sotrender-lite-czyli-wsparciu-marketingu-na-facebooku-dla-mnieszych-firm\/\" target=\"_blank\">Lite<\/a>,  inni stawiaj\u0105 na <a title=\"Sprawd\u017a mo\u017cliwo\u015bci Sotrendera\" href=\"http:\/\/www.sotrender.com\/pl\/features\" target=\"_blank\">pe\u0142n\u0105 funkcjonalno\u015b\u0107<\/a> dost\u0119pn\u0105 w innych <a title=\"Sprawd\u017a pe\u0142n\u0105 ofert\u0119 Sotrendera\" href=\"http:\/\/www.sotrender.com\/pl\/pricelist\" target=\"_blank\">pakietach<\/a>.<\/p>\n<p>Wci\u0105\u017c jednak opieramy si\u0119 przede wszystkim na do\u015bwiadczeniach tych,  kt\u00f3rzy social media po\u015bwi\u0119caj\u0105 najwi\u0119cej uwagi i \u015brodk\u00f3w. Cieszymy si\u0119,  \u017ce widz\u0105 nasze starania,  aby zapewni\u0107 najwy\u017csz\u0105 jako\u015b\u0107 produktu i obs\u0142ugi oraz sta\u0142y ich rozw\u00f3j. Cieszymy si\u0119 te\u017c,  \u017ce nasza firma spe\u0142nia wymagania globalnych korporacji i agencji obs\u0142uguj\u0105cych marki z ca\u0142ego \u015bwiata.<\/p>\n<p><strong>Dzi\u0119kujemy za uznanie<\/strong> \u2013 w ten spos\u00f3b sprawiacie,  \u017ce jeszcze ch\u0119tniej b\u0119dziemy dla Was wylewa\u0107 krew,  pot i \u0142zy przy rozwijaniu Sotrendera!<\/p>\n<p>PS Przypominamy,  \u017ce od niedawna poza Facebookiem <a title=\"Zobacz wi\u0119cej szczeg\u00f3\u0142\u00f3w na naszym blogu\" href=\"https:\/\/www.sotrender.com\/blog\/pl\/2013\/04\/sotrender-rozpoczyna-analizy-twittera-i-youtube\/\" target=\"_blank\">analizujemy te\u017c dane Twittera i YouTube<\/a>. Klient\u00f3w zapraszamy do skorzystania z bezp\u0142atnej wersji beta \u2013 wystarczy<a title=\"Sotrender - formularz kontaktowy\" href=\"http:\/\/www.sotrender.com\/pl\/contact\" target=\"_blank\"> napisa\u0107 do nas<\/a>. Ju\u017c wkr\u00f3tce w podobnych raportach,  na temat innych kana\u0142\u00f3w social media,  Sotrender b\u0119dzie si\u0119 tak\u017ce cz\u0119sto pojawia\u0142.<\/p>\n<p>PPS Gor\u0105co polecamy sam <a title=\"Zobacz raport\" href=\"http:\/\/nowymarketing.pl\/a\/1454, kto-powinien-obslugiwac-marki-w-mediach-spolecznosciowych\" target=\"_blank\">raport <\/a>\u2013 porz\u0105dna tre\u015b\u0107 i przyjemna forma,  mo\u017cna pobra\u0107 bezp\u0142atnie (Pay with a tweet) <a title=\"Pobierz raport\" href=\"https:\/\/www.paywithatweet.com\/pay\/index.php?id=3b472964e12c5fea104d5a8ed0de79d7\" target=\"_blank\">tu<\/a>.<\/p>\n","protected":false},"excerpt":{"rendered":"<p>Sotrender jest wykorzystywany przy prowadzeniu 5 najwi\u0119kszych profili marek na polskim Facebooku i a\u017c 28 spo\u015br\u00f3d 50 najwi\u0119kszych. Taki wniosek p\u0142ynie dla nas z lektury raportu \u201eKto powinien obs\u0142ugiwa\u0107 marki w serwisach spo\u0142eczno\u015bciowych\u201d, wydanego przez Nowy Marketing i zamieszczonego tam zestawienia obs\u0142uguj\u0105cych fanpage. Co wi\u0119cej, o korzystaniu z naszej aplikacji wspominaj\u0105 w raporcie specjali\u015bci\u00a0pracuj\u0105cy dla [&hellip;]<\/p>\n","protected":false},"author":2,"featured_media":0,"comment_status":"open","ping_status":"open","sticky":false,"template":"","format":"standard","meta":{"inline_featured_image":false,"footnotes":""},"categories":[1795],"tags":[7,17,25,423],"yoast_head":"<!-- This site is optimized with the Yoast SEO plugin v22.4 - https:\/\/yoast.com\/wordpress\/plugins\/seo\/ -->\n<title>Sotrender doceniony przez najwi\u0119ksze polskie marki<\/title>\n<meta name=\"description\" content=\"Sotrender jest wykorzystywany przy prowadzeniu 5 najwi\u0119kszych profili marek na polskim Facebooku i a\u017c 28 spo\u015br\u00f3d 50 najwi\u0119kszych. Sprawd\u017a wi\u0119cej w raporcie.\" \/>\n<meta name=\"robots\" content=\"index, follow, max-snippet:-1, max-image-preview:large, max-video-preview:-1\" \/>\n<link rel=\"canonical\" href=\"https:\/\/www.sotrender.com\/blog\/pl\/2013\/05\/sotrender-doceniony-przez-najwieksze-polskie-marki\/\" \/>\n<meta property=\"og:locale\" content=\"pl_PL\" \/>\n<meta property=\"og:type\" content=\"article\" \/>\n<meta property=\"og:title\" content=\"Sotrender doceniony przez najwi\u0119ksze polskie marki\" \/>\n<meta property=\"og:description\" content=\"Sotrender jest wykorzystywany przy prowadzeniu 5 najwi\u0119kszych profili marek na polskim Facebooku i a\u017c 28 spo\u015br\u00f3d 50 najwi\u0119kszych. Sprawd\u017a wi\u0119cej w raporcie.\" \/>\n<meta property=\"og:url\" content=\"https:\/\/www.sotrender.com\/blog\/pl\/2013\/05\/sotrender-doceniony-przez-najwieksze-polskie-marki\/\" \/>\n<meta property=\"og:site_name\" content=\"Sotrender Blog\" \/>\n<meta property=\"article:publisher\" content=\"https:\/\/www.facebook.com\/Sotrender\" \/>\n<meta property=\"article:author\" content=\"https:\/\/www.facebook.com\/jan.zajac.75?fref=ts\" \/>\n<meta property=\"article:published_time\" content=\"2013-05-13T12:02:20+00:00\" \/>\n<meta property=\"article:modified_time\" content=\"2015-12-01T21:19:08+00:00\" \/>\n<meta property=\"og:image\" content=\"https:\/\/www.sotrender.com\/blog\/wp-content\/uploads\/2013\/05\/5marek_v2.jpg\" \/>\n<meta name=\"author\" content=\"Jan Zaj\u0105c\" \/>\n<meta name=\"twitter:card\" content=\"summary_large_image\" \/>\n<meta name=\"twitter:creator\" content=\"@http:\/\/twitter.com\/janekzajac\" \/>\n<meta name=\"twitter:site\" content=\"@Sotrender\" \/>\n<meta name=\"twitter:label1\" content=\"Written by\" \/>\n\t<meta name=\"twitter:data1\" content=\"Jan Zaj\u0105c\" \/>\n\t<meta name=\"twitter:label2\" content=\"Est. reading time\" \/>\n\t<meta name=\"twitter:data2\" content=\"3 minutes\" \/>\n<script type=\"application\/ld+json\" class=\"yoast-schema-graph\">{\"@context\":\"https:\/\/schema.org\",\"@graph\":[{\"@type\":\"WebPage\",\"@id\":\"https:\/\/www.sotrender.com\/blog\/pl\/2013\/05\/sotrender-doceniony-przez-najwieksze-polskie-marki\/\",\"url\":\"https:\/\/www.sotrender.com\/blog\/pl\/2013\/05\/sotrender-doceniony-przez-najwieksze-polskie-marki\/\",\"name\":\"Sotrender doceniony przez najwi\u0119ksze polskie marki\",\"isPartOf\":{\"@id\":\"https:\/\/www.sotrender.com\/blog\/#website\"},\"primaryImageOfPage\":{\"@id\":\"https:\/\/www.sotrender.com\/blog\/pl\/2013\/05\/sotrender-doceniony-przez-najwieksze-polskie-marki\/#primaryimage\"},\"image\":{\"@id\":\"https:\/\/www.sotrender.com\/blog\/pl\/2013\/05\/sotrender-doceniony-przez-najwieksze-polskie-marki\/#primaryimage\"},\"thumbnailUrl\":\"https:\/\/www.sotrender.com\/blog\/wp-content\/uploads\/2013\/05\/5marek_v2.jpg\",\"datePublished\":\"2013-05-13T12:02:20+00:00\",\"dateModified\":\"2015-12-01T21:19:08+00:00\",\"author\":{\"@id\":\"https:\/\/www.sotrender.com\/blog\/#\/schema\/person\/15d4db3ba9c4e61b1cb96099300e7c51\"},\"description\":\"Sotrender jest wykorzystywany przy prowadzeniu 5 najwi\u0119kszych profili marek na polskim Facebooku i a\u017c 28 spo\u015br\u00f3d 50 najwi\u0119kszych. Sprawd\u017a wi\u0119cej w raporcie.\",\"breadcrumb\":{\"@id\":\"https:\/\/www.sotrender.com\/blog\/pl\/2013\/05\/sotrender-doceniony-przez-najwieksze-polskie-marki\/#breadcrumb\"},\"inLanguage\":\"pl-PL\",\"potentialAction\":[{\"@type\":\"ReadAction\",\"target\":[\"https:\/\/www.sotrender.com\/blog\/pl\/2013\/05\/sotrender-doceniony-przez-najwieksze-polskie-marki\/\"]}]},{\"@type\":\"ImageObject\",\"inLanguage\":\"pl-PL\",\"@id\":\"https:\/\/www.sotrender.com\/blog\/pl\/2013\/05\/sotrender-doceniony-przez-najwieksze-polskie-marki\/#primaryimage\",\"url\":\"https:\/\/www.sotrender.com\/blog\/wp-content\/uploads\/2013\/05\/5marek_v2.jpg\",\"contentUrl\":\"https:\/\/www.sotrender.com\/blog\/wp-content\/uploads\/2013\/05\/5marek_v2.jpg\"},{\"@type\":\"BreadcrumbList\",\"@id\":\"https:\/\/www.sotrender.com\/blog\/pl\/2013\/05\/sotrender-doceniony-przez-najwieksze-polskie-marki\/#breadcrumb\",\"itemListElement\":[{\"@type\":\"ListItem\",\"position\":1,\"name\":\"Home\",\"item\":\"https:\/\/www.sotrender.com\/blog\/\"},{\"@type\":\"ListItem\",\"position\":2,\"name\":\"Sotrender doceniony przez najwi\u0119ksze polskie marki\"}]},{\"@type\":\"WebSite\",\"@id\":\"https:\/\/www.sotrender.com\/blog\/#website\",\"url\":\"https:\/\/www.sotrender.com\/blog\/\",\"name\":\"Sotrender Blog\",\"description\":\"\",\"potentialAction\":[{\"@type\":\"SearchAction\",\"target\":{\"@type\":\"EntryPoint\",\"urlTemplate\":\"https:\/\/www.sotrender.com\/blog\/?s={search_term_string}\"},\"query-input\":\"required name=search_term_string\"}],\"inLanguage\":\"pl-PL\"},{\"@type\":\"Person\",\"@id\":\"https:\/\/www.sotrender.com\/blog\/#\/schema\/person\/15d4db3ba9c4e61b1cb96099300e7c51\",\"name\":\"Jan Zaj\u0105c\",\"image\":{\"@type\":\"ImageObject\",\"inLanguage\":\"pl-PL\",\"@id\":\"https:\/\/www.sotrender.com\/blog\/#\/schema\/person\/image\/\",\"url\":\"https:\/\/secure.gravatar.com\/avatar\/330c70ea205c5402148d7c7d8927d81d?s=96&d=mm&r=g\",\"contentUrl\":\"https:\/\/secure.gravatar.com\/avatar\/330c70ea205c5402148d7c7d8927d81d?s=96&d=mm&r=g\",\"caption\":\"Jan Zaj\u0105c\"},\"description\":\"Psychologist &amp; economist, experienced consultant &amp; researcher, who speaks 6 languages and has cycled around 17 countries.\",\"sameAs\":[\"https:\/\/www.facebook.com\/jan.zajac.75?fref=ts\",\"https:\/\/www.linkedin.com\/in\/janekzajac\",\"https:\/\/twitter.com\/http:\/\/twitter.com\/janekzajac\"],\"url\":\"https:\/\/www.sotrender.com\/blog\/pl\/author\/jan_zajc\/\"}]}<\/script>\n<!-- \/ Yoast SEO plugin. -->","yoast_head_json":{"title":"Sotrender doceniony przez najwi\u0119ksze polskie marki","description":"Sotrender jest wykorzystywany przy prowadzeniu 5 najwi\u0119kszych profili marek na polskim Facebooku i a\u017c 28 spo\u015br\u00f3d 50 najwi\u0119kszych. Sprawd\u017a wi\u0119cej w raporcie.","robots":{"index":"index","follow":"follow","max-snippet":"max-snippet:-1","max-image-preview":"max-image-preview:large","max-video-preview":"max-video-preview:-1"},"canonical":"https:\/\/www.sotrender.com\/blog\/pl\/2013\/05\/sotrender-doceniony-przez-najwieksze-polskie-marki\/","og_locale":"pl_PL","og_type":"article","og_title":"Sotrender doceniony przez najwi\u0119ksze polskie marki","og_description":"Sotrender jest wykorzystywany przy prowadzeniu 5 najwi\u0119kszych profili marek na polskim Facebooku i a\u017c 28 spo\u015br\u00f3d 50 najwi\u0119kszych. Sprawd\u017a wi\u0119cej w raporcie.","og_url":"https:\/\/www.sotrender.com\/blog\/pl\/2013\/05\/sotrender-doceniony-przez-najwieksze-polskie-marki\/","og_site_name":"Sotrender Blog","article_publisher":"https:\/\/www.facebook.com\/Sotrender","article_author":"https:\/\/www.facebook.com\/jan.zajac.75?fref=ts","article_published_time":"2013-05-13T12:02:20+00:00","article_modified_time":"2015-12-01T21:19:08+00:00","og_image":[{"url":"https:\/\/www.sotrender.com\/blog\/wp-content\/uploads\/2013\/05\/5marek_v2.jpg"}],"author":"Jan Zaj\u0105c","twitter_card":"summary_large_image","twitter_creator":"@http:\/\/twitter.com\/janekzajac","twitter_site":"@Sotrender","twitter_misc":{"Written by":"Jan Zaj\u0105c","Est. reading time":"3 minutes"},"schema":{"@context":"https:\/\/schema.org","@graph":[{"@type":"WebPage","@id":"https:\/\/www.sotrender.com\/blog\/pl\/2013\/05\/sotrender-doceniony-przez-najwieksze-polskie-marki\/","url":"https:\/\/www.sotrender.com\/blog\/pl\/2013\/05\/sotrender-doceniony-przez-najwieksze-polskie-marki\/","name":"Sotrender doceniony przez najwi\u0119ksze polskie marki","isPartOf":{"@id":"https:\/\/www.sotrender.com\/blog\/#website"},"primaryImageOfPage":{"@id":"https:\/\/www.sotrender.com\/blog\/pl\/2013\/05\/sotrender-doceniony-przez-najwieksze-polskie-marki\/#primaryimage"},"image":{"@id":"https:\/\/www.sotrender.com\/blog\/pl\/2013\/05\/sotrender-doceniony-przez-najwieksze-polskie-marki\/#primaryimage"},"thumbnailUrl":"https:\/\/www.sotrender.com\/blog\/wp-content\/uploads\/2013\/05\/5marek_v2.jpg","datePublished":"2013-05-13T12:02:20+00:00","dateModified":"2015-12-01T21:19:08+00:00","author":{"@id":"https:\/\/www.sotrender.com\/blog\/#\/schema\/person\/15d4db3ba9c4e61b1cb96099300e7c51"},"description":"Sotrender jest wykorzystywany przy prowadzeniu 5 najwi\u0119kszych profili marek na polskim Facebooku i a\u017c 28 spo\u015br\u00f3d 50 najwi\u0119kszych. Sprawd\u017a wi\u0119cej w raporcie.","breadcrumb":{"@id":"https:\/\/www.sotrender.com\/blog\/pl\/2013\/05\/sotrender-doceniony-przez-najwieksze-polskie-marki\/#breadcrumb"},"inLanguage":"pl-PL","potentialAction":[{"@type":"ReadAction","target":["https:\/\/www.sotrender.com\/blog\/pl\/2013\/05\/sotrender-doceniony-przez-najwieksze-polskie-marki\/"]}]},{"@type":"ImageObject","inLanguage":"pl-PL","@id":"https:\/\/www.sotrender.com\/blog\/pl\/2013\/05\/sotrender-doceniony-przez-najwieksze-polskie-marki\/#primaryimage","url":"https:\/\/www.sotrender.com\/blog\/wp-content\/uploads\/2013\/05\/5marek_v2.jpg","contentUrl":"https:\/\/www.sotrender.com\/blog\/wp-content\/uploads\/2013\/05\/5marek_v2.jpg"},{"@type":"BreadcrumbList","@id":"https:\/\/www.sotrender.com\/blog\/pl\/2013\/05\/sotrender-doceniony-przez-najwieksze-polskie-marki\/#breadcrumb","itemListElement":[{"@type":"ListItem","position":1,"name":"Home","item":"https:\/\/www.sotrender.com\/blog\/"},{"@type":"ListItem","position":2,"name":"Sotrender doceniony przez najwi\u0119ksze polskie marki"}]},{"@type":"WebSite","@id":"https:\/\/www.sotrender.com\/blog\/#website","url":"https:\/\/www.sotrender.com\/blog\/","name":"Sotrender Blog","description":"","potentialAction":[{"@type":"SearchAction","target":{"@type":"EntryPoint","urlTemplate":"https:\/\/www.sotrender.com\/blog\/?s={search_term_string}"},"query-input":"required name=search_term_string"}],"inLanguage":"pl-PL"},{"@type":"Person","@id":"https:\/\/www.sotrender.com\/blog\/#\/schema\/person\/15d4db3ba9c4e61b1cb96099300e7c51","name":"Jan Zaj\u0105c","image":{"@type":"ImageObject","inLanguage":"pl-PL","@id":"https:\/\/www.sotrender.com\/blog\/#\/schema\/person\/image\/","url":"https:\/\/secure.gravatar.com\/avatar\/330c70ea205c5402148d7c7d8927d81d?s=96&d=mm&r=g","contentUrl":"https:\/\/secure.gravatar.com\/avatar\/330c70ea205c5402148d7c7d8927d81d?s=96&d=mm&r=g","caption":"Jan Zaj\u0105c"},"description":"Psychologist &amp; economist, experienced consultant &amp; researcher, who speaks 6 languages and has cycled around 17 countries.","sameAs":["https:\/\/www.facebook.com\/jan.zajac.75?fref=ts","https:\/\/www.linkedin.com\/in\/janekzajac","https:\/\/twitter.com\/http:\/\/twitter.com\/janekzajac"],"url":"https:\/\/www.sotrender.com\/blog\/pl\/author\/jan_zajc\/"}]}},"_links":{"self":[{"href":"https:\/\/www.sotrender.com\/blog\/pl\/wp-json\/wp\/v2\/posts\/6485"}],"collection":[{"href":"https:\/\/www.sotrender.com\/blog\/pl\/wp-json\/wp\/v2\/posts"}],"about":[{"href":"https:\/\/www.sotrender.com\/blog\/pl\/wp-json\/wp\/v2\/types\/post"}],"author":[{"embeddable":true,"href":"https:\/\/www.sotrender.com\/blog\/pl\/wp-json\/wp\/v2\/users\/2"}],"replies":[{"embeddable":true,"href":"https:\/\/www.sotrender.com\/blog\/pl\/wp-json\/wp\/v2\/comments?post=6485"}],"version-history":[{"count":16,"href":"https:\/\/www.sotrender.com\/blog\/pl\/wp-json\/wp\/v2\/posts\/6485\/revisions"}],"predecessor-version":[{"id":14653,"href":"https:\/\/www.sotrender.com\/blog\/pl\/wp-json\/wp\/v2\/posts\/6485\/revisions\/14653"}],"wp:attachment":[{"href":"https:\/\/www.sotrender.com\/blog\/pl\/wp-json\/wp\/v2\/media?parent=6485"}],"wp:term":[{"taxonomy":"category","embeddable":true,"href":"https:\/\/www.sotrender.com\/blog\/pl\/wp-json\/wp\/v2\/categories?post=6485"},{"taxonomy":"post_tag","embeddable":true,"href":"https:\/\/www.sotrender.com\/blog\/pl\/wp-json\/wp\/v2\/tags?post=6485"}],"curies":[{"name":"wp","href":"https:\/\/api.w.org\/{rel}","templated":true}]}}