{"id":6223,"date":"2013-04-18T11:06:30","date_gmt":"2013-04-18T10:06:30","guid":{"rendered":"http:\/\/blog.sotrender.com\/?p=6223"},"modified":"2015-12-01T22:19:36","modified_gmt":"2015-12-01T21:19:36","slug":"kryzysy-w-mediach-spolecznosciowych-raport","status":"publish","type":"post","link":"https:\/\/www.sotrender.com\/blog\/pl\/2013\/04\/kryzysy-w-mediach-spolecznosciowych-raport\/","title":{"rendered":"Kryzysy w mediach spo\u0142eczno\u015bciowych &#8211; Raport"},"content":{"rendered":"<div style=\"text-align: justify;\"><strong>\u00a0 Sotrender prezentuje raport \u201eKryzys w czasach Facebooka\u201c,  podsumowuj\u0105cy analizy 19 r\u00f3\u017cnych kryzys\u00f3w w polskich mediach spo\u0142eczno\u015bciowych,  kt\u00f3re wydarzy\u0142y si\u0119 od pocz\u0105tku 2012 roku. Premiera opracowania jest zwi\u0105zana z <a title=\"Sprawd\u017a stron\u0119 wydarzenia\" href=\"http:\/\/www.kongresprofesjonalistow.pl\/\" target=\"_blank\">Kongresem Profesjonalist\u00f3w Public Relations 2013<\/a>.<\/strong><\/div>\n<div style=\"text-align: justify;\"><!--more--><\/div>\n<div>\n<p style=\"text-align: justify;\"><a href=\"https:\/\/www.sotrender.com\/blog\/wp-content\/uploads\/2013\/04\/ulotka3.jpg\"><img loading=\"lazy\" decoding=\"async\" class=\"aligncenter size-large wp-image-6229\" src=\"https:\/\/www.sotrender.com\/blog\/wp-content\/uploads\/2013\/04\/ulotka3-1024x934.jpg\" alt=\"Kryzys w czasach Facebooka\" width=\"1024\" height=\"934\" \/><\/a><\/p>\n<p style=\"text-align: justify;\">\u00a0 Raport \u201eKryzys w czasach Facebooka\u201c to pierwsze opracowanie w zwi\u0119z\u0142y spos\u00f3b przedstawiaj\u0105ce najwa\u017cniejsze\u00a0 wnioski z\u00a0kryzys\u00f3w i sytuacji problematycznych w social media,  kt\u00f3re wydarzy\u0142y si\u0119 w Polsce od pocz\u0105tku 2012 r.. Zale\u017ca\u0142o nam,  aby osoby odpowiadaj\u0105ce za zarz\u0105dzanie reputacj\u0105 marki dosta\u0142y rekomendacje,  kt\u00f3re b\u0119d\u0105 przek\u0142adalne na praktyczne dzia\u0142ania.<\/p>\n<p style=\"text-align: justify;\">\u00a0 Opieraj\u0105c si\u0119 na ilo\u015bciowych i jako\u015bciowych danych zebranych z\u00a0medi\u00f3w spo\u0142eczno\u015bciowych,  przede wszystkim z\u00a0Facebooka,  kt\u00f3ry by\u0142 g\u0142\u00f3wn\u0105 aren\u0105 kryzys\u00f3w,  przebadali\u015bmy 19 sytuacji,  kt\u00f3re dosta\u0142y \u0142at\u0119 \u201ekryzys w social media\u201c. W raporcie piszemy o kryzysach wa\u017cnych,  mniej wa\u017cnych i nies\u0142usznie nazywanych kryzysami,  w tym m.in. dotycz\u0105cych NC+,  ACTA,  Uwa\u017cam Rze czy Play. Opisujemy,  jak wobec popularyzacji social media zmienia si\u0119 uk\u0142ad si\u0142 w relacji klient-firma. Zwracamy uwag\u0119 na dobre i z\u0142e praktyki,  a tak\u017ce na znaczenie sposobu zachowania administrator\u00f3w stron w profilaktyce i radzeniu sobie z\u00a0zaistnia\u0142ym kryzysem.<\/p>\n<p style=\"text-align: justify;\">\u00a0 Publikacja zosta\u0142a obj\u0119ta patronatem <a title=\"Strona stowarzyszenia\" href=\"http:\/\/www.polskipr.pl\/\" target=\"_blank\">Polskiego Stowarzyszenia Public Relations<\/a>. Opracowanie zosta\u0142o r\u00f3wnie\u017c wzbogacone o komentarze ekspert\u00f3w z\u00a0bran\u017cy public relations. W raporcie wypowiedzieli si\u0119 <a title=\"Sprawd\u017a w serwisie LinkedIn\" href=\"http:\/\/www.linkedin.com\/pub\/piotr-czarnowski\/0\/119\/b94\" target=\"_blank\">Piotr Czarnowski<\/a>,  <a title=\"Sprawd\u017a biogram\" href=\"http:\/\/www.imagopr.pl\/ludzie.html\" target=\"_blank\">Rafa\u0142 Czechowski<\/a>,  <a title=\"Sprawd\u017a w serwisie LinkedIn\" href=\"http:\/\/www.linkedin.com\/pub\/tomasz-nadolny\/5\/99b\/844\" target=\"_blank\">Tomasz Nadolny<\/a>,  <a title=\"Sprawd\u017a w serwisie LinkedIn\" href=\"http:\/\/pl.linkedin.com\/pub\/justyna-szafraniec\/7\/104\/a42\" target=\"_blank\">Justyna Szafraniec<\/a> ,  <a title=\"Sprawd\u017a w serwisie LinkedIn\" href=\"http:\/\/www.linkedin.com\/in\/monikaczaplicka\" target=\"_blank\">Monika Czaplicka<\/a> i <a title=\"Sprawd\u017a w serwisie LinkedIn\" href=\"http:\/\/www.linkedin.com\/pub\/andrzej-pomaranski\/12\/6a4\/869\" target=\"_blank\">Andrzej Pomara\u0144ski<\/a>.<\/p>\n<p style=\"text-align: justify;\">Zapraszamy do zapoznania si\u0119 z\u00a0efektami pracy Sotrender Research Team.<\/p>\n<h3 style=\"text-align: center;\"><\/h3>\n<p>&nbsp;<\/p>\n<h3 style=\"text-align: center;\"><a href=\"http:\/\/www.sotrender.com\/uploads\/files\/kryzys-w-czasach-facebooka.pdf\"><strong>&gt;&gt;&gt;Raport jest dost\u0119pny TU&lt;&lt;&lt;<\/strong><\/a><\/h3>\n<p>&nbsp;<\/p>\n<p style=\"text-align: justify;\">Je\u015bli jeste\u015b zainteresowany poznaniem mo\u017cliwo\u015bci Sotrender Research Team <a title=\"Sotrender - formularz kontaktowy\" href=\"http:\/\/www.sotrender.com\/pl\/contact\" target=\"_blank\">zapraszamy do kontaktu.<\/a><\/p>\n<\/div>\n","protected":false},"excerpt":{"rendered":"<p>\u00a0 Sotrender prezentuje raport \u201eKryzys w czasach Facebooka\u201c, podsumowuj\u0105cy analizy 19 r\u00f3\u017cnych kryzys\u00f3w w polskich mediach spo\u0142eczno\u015bciowych, kt\u00f3re wydarzy\u0142y si\u0119 od pocz\u0105tku 2012 roku. Premiera opracowania jest zwi\u0105zana z Kongresem Profesjonalist\u00f3w Public Relations 2013.<\/p>\n","protected":false},"author":31,"featured_media":0,"comment_status":"open","ping_status":"open","sticky":false,"template":"","format":"standard","meta":{"inline_featured_image":false,"footnotes":""},"categories":[1791,1793,1797],"tags":[17,25,419,421],"yoast_head":"<!-- This site is optimized with the Yoast SEO plugin v22.4 - https:\/\/yoast.com\/wordpress\/plugins\/seo\/ -->\n<title>Kryzysy w social media - raport<\/title>\n<meta name=\"description\" content=\"Raport &quot;Kryzys w czasach Facebooka&quot; omawia tzw. kryzysy w social media. Sprawd\u017a najwa\u017cniejsze wnioski z kryzys\u00f3w kt\u00f3re wydarzy\u0142y si\u0119 w Polsce.\" \/>\n<meta name=\"robots\" content=\"index, follow, max-snippet:-1, max-image-preview:large, max-video-preview:-1\" \/>\n<link rel=\"canonical\" href=\"https:\/\/www.sotrender.com\/blog\/pl\/2013\/04\/kryzysy-w-mediach-spolecznosciowych-raport\/\" \/>\n<meta property=\"og:locale\" content=\"pl_PL\" \/>\n<meta property=\"og:type\" content=\"article\" \/>\n<meta property=\"og:title\" content=\"Kryzysy w social media - raport\" \/>\n<meta property=\"og:description\" content=\"Raport &quot;Kryzys w czasach Facebooka&quot; omawia tzw. kryzysy w social media. Sprawd\u017a najwa\u017cniejsze wnioski z kryzys\u00f3w kt\u00f3re wydarzy\u0142y si\u0119 w Polsce.\" \/>\n<meta property=\"og:url\" content=\"https:\/\/www.sotrender.com\/blog\/pl\/2013\/04\/kryzysy-w-mediach-spolecznosciowych-raport\/\" \/>\n<meta property=\"og:site_name\" content=\"Sotrender Blog\" \/>\n<meta property=\"article:publisher\" content=\"https:\/\/www.facebook.com\/Sotrender\" \/>\n<meta property=\"article:published_time\" content=\"2013-04-18T10:06:30+00:00\" \/>\n<meta property=\"article:modified_time\" content=\"2015-12-01T21:19:36+00:00\" \/>\n<meta property=\"og:image\" content=\"https:\/\/www.sotrender.com\/blog\/wp-content\/uploads\/2013\/04\/ulotka3-1024x934.jpg\" \/>\n<meta name=\"author\" content=\"Aleksandra Prejs\" \/>\n<meta name=\"twitter:card\" content=\"summary_large_image\" \/>\n<meta name=\"twitter:creator\" content=\"@Sotrender\" \/>\n<meta name=\"twitter:site\" content=\"@Sotrender\" \/>\n<meta name=\"twitter:label1\" content=\"Written by\" \/>\n\t<meta name=\"twitter:data1\" content=\"Aleksandra Prejs\" \/>\n\t<meta name=\"twitter:label2\" content=\"Est. reading time\" \/>\n\t<meta name=\"twitter:data2\" content=\"1 minute\" \/>\n<script type=\"application\/ld+json\" class=\"yoast-schema-graph\">{\"@context\":\"https:\/\/schema.org\",\"@graph\":[{\"@type\":\"WebPage\",\"@id\":\"https:\/\/www.sotrender.com\/blog\/pl\/2013\/04\/kryzysy-w-mediach-spolecznosciowych-raport\/\",\"url\":\"https:\/\/www.sotrender.com\/blog\/pl\/2013\/04\/kryzysy-w-mediach-spolecznosciowych-raport\/\",\"name\":\"Kryzysy w social media - raport\",\"isPartOf\":{\"@id\":\"https:\/\/www.sotrender.com\/blog\/#website\"},\"primaryImageOfPage\":{\"@id\":\"https:\/\/www.sotrender.com\/blog\/pl\/2013\/04\/kryzysy-w-mediach-spolecznosciowych-raport\/#primaryimage\"},\"image\":{\"@id\":\"https:\/\/www.sotrender.com\/blog\/pl\/2013\/04\/kryzysy-w-mediach-spolecznosciowych-raport\/#primaryimage\"},\"thumbnailUrl\":\"https:\/\/www.sotrender.com\/blog\/wp-content\/uploads\/2013\/04\/ulotka3-1024x934.jpg\",\"datePublished\":\"2013-04-18T10:06:30+00:00\",\"dateModified\":\"2015-12-01T21:19:36+00:00\",\"author\":{\"@id\":\"https:\/\/www.sotrender.com\/blog\/#\/schema\/person\/7106df62825269bc360ad9171cd7149b\"},\"description\":\"Raport \\\"Kryzys w czasach Facebooka\\\" omawia tzw. kryzysy w social media. Sprawd\u017a najwa\u017cniejsze wnioski z kryzys\u00f3w kt\u00f3re wydarzy\u0142y si\u0119 w Polsce.\",\"breadcrumb\":{\"@id\":\"https:\/\/www.sotrender.com\/blog\/pl\/2013\/04\/kryzysy-w-mediach-spolecznosciowych-raport\/#breadcrumb\"},\"inLanguage\":\"pl-PL\",\"potentialAction\":[{\"@type\":\"ReadAction\",\"target\":[\"https:\/\/www.sotrender.com\/blog\/pl\/2013\/04\/kryzysy-w-mediach-spolecznosciowych-raport\/\"]}]},{\"@type\":\"ImageObject\",\"inLanguage\":\"pl-PL\",\"@id\":\"https:\/\/www.sotrender.com\/blog\/pl\/2013\/04\/kryzysy-w-mediach-spolecznosciowych-raport\/#primaryimage\",\"url\":\"https:\/\/www.sotrender.com\/blog\/wp-content\/uploads\/2013\/04\/ulotka3-1024x934.jpg\",\"contentUrl\":\"https:\/\/www.sotrender.com\/blog\/wp-content\/uploads\/2013\/04\/ulotka3-1024x934.jpg\"},{\"@type\":\"BreadcrumbList\",\"@id\":\"https:\/\/www.sotrender.com\/blog\/pl\/2013\/04\/kryzysy-w-mediach-spolecznosciowych-raport\/#breadcrumb\",\"itemListElement\":[{\"@type\":\"ListItem\",\"position\":1,\"name\":\"Home\",\"item\":\"https:\/\/www.sotrender.com\/blog\/\"},{\"@type\":\"ListItem\",\"position\":2,\"name\":\"Kryzysy w mediach spo\u0142eczno\u015bciowych &#8211; Raport\"}]},{\"@type\":\"WebSite\",\"@id\":\"https:\/\/www.sotrender.com\/blog\/#website\",\"url\":\"https:\/\/www.sotrender.com\/blog\/\",\"name\":\"Sotrender Blog\",\"description\":\"\",\"potentialAction\":[{\"@type\":\"SearchAction\",\"target\":{\"@type\":\"EntryPoint\",\"urlTemplate\":\"https:\/\/www.sotrender.com\/blog\/?s={search_term_string}\"},\"query-input\":\"required name=search_term_string\"}],\"inLanguage\":\"pl-PL\"},{\"@type\":\"Person\",\"@id\":\"https:\/\/www.sotrender.com\/blog\/#\/schema\/person\/7106df62825269bc360ad9171cd7149b\",\"name\":\"Aleksandra Prejs\",\"image\":{\"@type\":\"ImageObject\",\"inLanguage\":\"pl-PL\",\"@id\":\"https:\/\/www.sotrender.com\/blog\/#\/schema\/person\/image\/\",\"url\":\"https:\/\/secure.gravatar.com\/avatar\/469000454b77ff0aacb32c49dba023be?s=96&d=mm&r=g\",\"contentUrl\":\"https:\/\/secure.gravatar.com\/avatar\/469000454b77ff0aacb32c49dba023be?s=96&d=mm&r=g\",\"caption\":\"Aleksandra Prejs\"},\"url\":\"https:\/\/www.sotrender.com\/blog\/pl\/author\/aleksandra-prejs\/\"}]}<\/script>\n<!-- \/ Yoast SEO plugin. -->","yoast_head_json":{"title":"Kryzysy w social media - raport","description":"Raport \"Kryzys w czasach Facebooka\" omawia tzw. kryzysy w social media. Sprawd\u017a najwa\u017cniejsze wnioski z kryzys\u00f3w kt\u00f3re wydarzy\u0142y si\u0119 w Polsce.","robots":{"index":"index","follow":"follow","max-snippet":"max-snippet:-1","max-image-preview":"max-image-preview:large","max-video-preview":"max-video-preview:-1"},"canonical":"https:\/\/www.sotrender.com\/blog\/pl\/2013\/04\/kryzysy-w-mediach-spolecznosciowych-raport\/","og_locale":"pl_PL","og_type":"article","og_title":"Kryzysy w social media - raport","og_description":"Raport \"Kryzys w czasach Facebooka\" omawia tzw. kryzysy w social media. Sprawd\u017a najwa\u017cniejsze wnioski z kryzys\u00f3w kt\u00f3re wydarzy\u0142y si\u0119 w Polsce.","og_url":"https:\/\/www.sotrender.com\/blog\/pl\/2013\/04\/kryzysy-w-mediach-spolecznosciowych-raport\/","og_site_name":"Sotrender Blog","article_publisher":"https:\/\/www.facebook.com\/Sotrender","article_published_time":"2013-04-18T10:06:30+00:00","article_modified_time":"2015-12-01T21:19:36+00:00","og_image":[{"url":"https:\/\/www.sotrender.com\/blog\/wp-content\/uploads\/2013\/04\/ulotka3-1024x934.jpg"}],"author":"Aleksandra Prejs","twitter_card":"summary_large_image","twitter_creator":"@Sotrender","twitter_site":"@Sotrender","twitter_misc":{"Written by":"Aleksandra Prejs","Est. reading time":"1 minute"},"schema":{"@context":"https:\/\/schema.org","@graph":[{"@type":"WebPage","@id":"https:\/\/www.sotrender.com\/blog\/pl\/2013\/04\/kryzysy-w-mediach-spolecznosciowych-raport\/","url":"https:\/\/www.sotrender.com\/blog\/pl\/2013\/04\/kryzysy-w-mediach-spolecznosciowych-raport\/","name":"Kryzysy w social media - raport","isPartOf":{"@id":"https:\/\/www.sotrender.com\/blog\/#website"},"primaryImageOfPage":{"@id":"https:\/\/www.sotrender.com\/blog\/pl\/2013\/04\/kryzysy-w-mediach-spolecznosciowych-raport\/#primaryimage"},"image":{"@id":"https:\/\/www.sotrender.com\/blog\/pl\/2013\/04\/kryzysy-w-mediach-spolecznosciowych-raport\/#primaryimage"},"thumbnailUrl":"https:\/\/www.sotrender.com\/blog\/wp-content\/uploads\/2013\/04\/ulotka3-1024x934.jpg","datePublished":"2013-04-18T10:06:30+00:00","dateModified":"2015-12-01T21:19:36+00:00","author":{"@id":"https:\/\/www.sotrender.com\/blog\/#\/schema\/person\/7106df62825269bc360ad9171cd7149b"},"description":"Raport \"Kryzys w czasach Facebooka\" omawia tzw. kryzysy w social media. Sprawd\u017a najwa\u017cniejsze wnioski z kryzys\u00f3w kt\u00f3re wydarzy\u0142y si\u0119 w Polsce.","breadcrumb":{"@id":"https:\/\/www.sotrender.com\/blog\/pl\/2013\/04\/kryzysy-w-mediach-spolecznosciowych-raport\/#breadcrumb"},"inLanguage":"pl-PL","potentialAction":[{"@type":"ReadAction","target":["https:\/\/www.sotrender.com\/blog\/pl\/2013\/04\/kryzysy-w-mediach-spolecznosciowych-raport\/"]}]},{"@type":"ImageObject","inLanguage":"pl-PL","@id":"https:\/\/www.sotrender.com\/blog\/pl\/2013\/04\/kryzysy-w-mediach-spolecznosciowych-raport\/#primaryimage","url":"https:\/\/www.sotrender.com\/blog\/wp-content\/uploads\/2013\/04\/ulotka3-1024x934.jpg","contentUrl":"https:\/\/www.sotrender.com\/blog\/wp-content\/uploads\/2013\/04\/ulotka3-1024x934.jpg"},{"@type":"BreadcrumbList","@id":"https:\/\/www.sotrender.com\/blog\/pl\/2013\/04\/kryzysy-w-mediach-spolecznosciowych-raport\/#breadcrumb","itemListElement":[{"@type":"ListItem","position":1,"name":"Home","item":"https:\/\/www.sotrender.com\/blog\/"},{"@type":"ListItem","position":2,"name":"Kryzysy w mediach spo\u0142eczno\u015bciowych &#8211; Raport"}]},{"@type":"WebSite","@id":"https:\/\/www.sotrender.com\/blog\/#website","url":"https:\/\/www.sotrender.com\/blog\/","name":"Sotrender Blog","description":"","potentialAction":[{"@type":"SearchAction","target":{"@type":"EntryPoint","urlTemplate":"https:\/\/www.sotrender.com\/blog\/?s={search_term_string}"},"query-input":"required name=search_term_string"}],"inLanguage":"pl-PL"},{"@type":"Person","@id":"https:\/\/www.sotrender.com\/blog\/#\/schema\/person\/7106df62825269bc360ad9171cd7149b","name":"Aleksandra Prejs","image":{"@type":"ImageObject","inLanguage":"pl-PL","@id":"https:\/\/www.sotrender.com\/blog\/#\/schema\/person\/image\/","url":"https:\/\/secure.gravatar.com\/avatar\/469000454b77ff0aacb32c49dba023be?s=96&d=mm&r=g","contentUrl":"https:\/\/secure.gravatar.com\/avatar\/469000454b77ff0aacb32c49dba023be?s=96&d=mm&r=g","caption":"Aleksandra Prejs"},"url":"https:\/\/www.sotrender.com\/blog\/pl\/author\/aleksandra-prejs\/"}]}},"_links":{"self":[{"href":"https:\/\/www.sotrender.com\/blog\/pl\/wp-json\/wp\/v2\/posts\/6223"}],"collection":[{"href":"https:\/\/www.sotrender.com\/blog\/pl\/wp-json\/wp\/v2\/posts"}],"about":[{"href":"https:\/\/www.sotrender.com\/blog\/pl\/wp-json\/wp\/v2\/types\/post"}],"author":[{"embeddable":true,"href":"https:\/\/www.sotrender.com\/blog\/pl\/wp-json\/wp\/v2\/users\/31"}],"replies":[{"embeddable":true,"href":"https:\/\/www.sotrender.com\/blog\/pl\/wp-json\/wp\/v2\/comments?post=6223"}],"version-history":[{"count":14,"href":"https:\/\/www.sotrender.com\/blog\/pl\/wp-json\/wp\/v2\/posts\/6223\/revisions"}],"predecessor-version":[{"id":14657,"href":"https:\/\/www.sotrender.com\/blog\/pl\/wp-json\/wp\/v2\/posts\/6223\/revisions\/14657"}],"wp:attachment":[{"href":"https:\/\/www.sotrender.com\/blog\/pl\/wp-json\/wp\/v2\/media?parent=6223"}],"wp:term":[{"taxonomy":"category","embeddable":true,"href":"https:\/\/www.sotrender.com\/blog\/pl\/wp-json\/wp\/v2\/categories?post=6223"},{"taxonomy":"post_tag","embeddable":true,"href":"https:\/\/www.sotrender.com\/blog\/pl\/wp-json\/wp\/v2\/tags?post=6223"}],"curies":[{"name":"wp","href":"https:\/\/api.w.org\/{rel}","templated":true}]}}