{"id":6081,"date":"2013-04-05T11:00:54","date_gmt":"2013-04-05T10:00:54","guid":{"rendered":"http:\/\/blog.sotrender.com\/?p=6081"},"modified":"2015-12-01T22:20:32","modified_gmt":"2015-12-01T21:20:32","slug":"fanpage-trends-marzec-2013","status":"publish","type":"post","link":"https:\/\/www.sotrender.com\/blog\/pl\/2013\/04\/fanpage-trends-marzec-2013\/","title":{"rendered":"Wiosna w tym roku tylko na Facebooku,  czyli marcowe Fanpage Trends 2013"},"content":{"rendered":"<p><strong><img loading=\"lazy\" decoding=\"async\" class=\"size-thumbnail wp-image-6101 alignleft\" alt=\"zimo\" src=\"https:\/\/www.sotrender.com\/blog\/wp-content\/uploads\/2013\/04\/zimo1-150x150.png\" width=\"150\" height=\"150\" \/>\u015awi\u0119ta,  \u015bwi\u0119ta i po \u015bwi\u0119tach. Na dworze wci\u0105\u017c bia\u0142o,  a w Sotrenderze ju\u017c kwiecie\u0144. Przedstawiamy najnowszy raport i gar\u015b\u0107 nowin z Facebooka rozpoczynaj\u0105c drugi kwarta\u0142 roku. <a title=\"Fanpage Trends Marzec 2013\" href=\"http:\/\/www.sotrender.com\/pl\/fanpage-trends\/201303\" target=\"_blank\">W marcowym raporcie Fanpage Trends przedstawiamy podsumowanie statystyk w formie por\u0119cznej infografiki oraz dostarczamy nie tylko sportowych emocji w nowej kategorii Kluby Pi\u0142karskie i w 33 innych bran\u017cach,  kt\u00f3re skomentowa\u0142o dla nas 30 ekspert\u00f3w<\/a>.<\/strong><!--more--><\/p>\n<h3><b>Jak si\u0119 miewa polski Facebook<\/b><\/h3>\n<p>W raporcie warto zwr\u00f3ci\u0107 uwag\u0119 na otwieraj\u0105c\u0105 go infografik\u0119. Jak mo\u017cna z niej wywnioskowa\u0107,  po pierwszym kwartale 2013 roku w Polsce,  mamy ju\u017c prawie 10 i p\u00f3\u0142 miliona u\u017cytkownik\u00f3w. Trzy miliony z nich to m\u0142odzi doro\u015bli \u2013 czyli osoby w wieku 19-25 lat. Niewiele ponad po\u0142owa polskich u\u017cytkownik\u00f3w Facebooka to kobiety,  ale w marcu r\u00f3wnie\u017c liczba zarejestrowanych m\u0119\u017cczyzn przekroczy\u0142a 5 milion\u00f3w.<\/p>\n<div id=\"attachment_6099\" style=\"width: 310px\" class=\"wp-caption aligncenter\"><a href=\"www.sotrender.com\/pl\/fanpage-trends\" target=\"_blank\"><img loading=\"lazy\" decoding=\"async\" aria-describedby=\"caption-attachment-6099\" class=\"size-medium wp-image-6099  \" alt=\"Kliknij aby przej\u015b\u0107 do pe\u0142nego raportu Fanpage Trends\" src=\"https:\/\/www.sotrender.com\/blog\/wp-content\/uploads\/2013\/04\/t31-300x294.png\" width=\"300\" height=\"294\" \/><\/a><p id=\"caption-attachment-6099\" class=\"wp-caption-text\">Kliknij aby przej\u015b\u0107 do pe\u0142nego raportu Fanpage Trends<\/p><\/div>\n<h3><b>Najwi\u0119ksi coraz wi\u0119ksi<\/b><\/h3>\n<p>Ranking najwi\u0119kszych,  cho\u0107 nie dochodzi tam do powa\u017cniejszych przetasowa\u0144,  jest ciekawy o tyle,  \u017ce pokazuje jak rosn\u0105 najlepsze strony. A rosn\u0105 szybko i w sta\u0142ym tempie,  co oznacza,  \u017ce za pomoc\u0105 Facebooka mog\u0105 trafi\u0107 do coraz wi\u0119kszej liczby os\u00f3b,  a ich zasi\u0119g na razie stale ro\u015bnie. Zreszt\u0105 sam fakt,  \u017ce co czwarty Polak ma ju\u017c konto na Facebooku \u015bwiadczy o tym,  \u017ce komunikacja przez serwis nie ko\u0144czy si\u0119 na dotarciu do garstki fan\u00f3w,  a mo\u017ce by\u0107 wykorzystywana w szerszym zakresie.<\/p>\n<p>Najwi\u0119kszy polskoj\u0119zyczny fanpage,  Serce i Rozum,  jest lubiany ju\u017c przez prawie dwa miliony u\u017cytkownik\u00f3w. Pod wzgl\u0119dem liczby fan\u00f3w na Facebooku najlepiej radz\u0105 sobie liderzy w telekomunikacji. A\u017c cztery strony nale\u017c\u0105ce do tej bran\u017cy &#8211; Serce i Rozum,  Play,  Orange Polska i Plus \u2013 zajmuj\u0105 miejsca w rankingu 15 najwi\u0119kszych,  a pierwsza wymieniona tr\u00f3jka razem ze stronami rozrywkowymi \u2013 Demotywatory i KWEJK.pl broni miejsc w pierwszej pi\u0105tce rankingu. Wi\u0119kszo\u015b\u0107 ze stron mo\u017ce pochwali\u0107 si\u0119 sta\u0142ym,  kilkuprocentowym,  w skali miesi\u0105ca,  wzrostem liczby fan\u00f3w. Je\u017celi mowa o przyrostach to warto wspomnie\u0107,  \u017ce a\u017c o 10% powi\u0119kszy\u0142 si\u0119 fanpage McDonald\u2019s Polska,  kt\u00f3ry pojawi\u0142 si\u0119 w rankingu spychaj\u0105c w ten spos\u00f3b poza podium Ma\u0142y G\u0142\u00f3d.<\/p>\n<h3><b>Pi\u0142ka no\u017cna w Fanpage Trends<\/b><\/h3>\n<p>Zapraszamy do prze\u017cywania emocji sportowych w nowej kategorii Kluby Pi\u0142karskie,  gdzie b\u0119dziemy obserwowa\u0107 potyczki klub\u00f3w z ekstraklasy i I ligi na Facebooku. Lech Pozna\u0144 broni tytu\u0142u najwi\u0119kszej strony. Legia Warszawa,  kt\u00f3rej jednak do pierwszego miejsca niewiele ju\u017c brakuje,  ci\u0105gle walczy a w zwi\u0119kszaniu liczby fan\u00f3w pomagaj\u0105 jej dobre wyniki w liczbie zaanga\u017cowanych fan\u00f3w,  interaktywno\u015bci i du\u017ca liczba Os\u00f3b,  kt\u00f3re o tym m\u00f3wi\u0105. Zapraszamy r\u00f3wnie\u017c do zapoznania si\u0119 z <a href=\"https:\/\/www.sotrender.com\/blog\/pl\/2013\/04\/ustawki-przenosza-sie-na-facebooka\/\">artyku\u0142em i infografik\u0105 na blogu Sotrender o klubach pi\u0142karskich w mediach spo\u0142eczno\u015bciowych.<\/a><\/p>\n<div id=\"attachment_6097\" style=\"width: 269px\" class=\"wp-caption aligncenter\"><a href=\"https:\/\/www.sotrender.com\/blog\/pl\/2013\/04\/ustawki-przenosza-sie-na-facebooka\/\" target=\"_blank\"><img loading=\"lazy\" decoding=\"async\" aria-describedby=\"caption-attachment-6097\" class=\"size-medium wp-image-6097 \" title=\"Ekstraklasa na Facebooku\" alt=\"\" src=\"https:\/\/www.sotrender.com\/blog\/wp-content\/uploads\/2013\/04\/t21-259x300.png\" width=\"259\" height=\"300\" \/><\/a><p id=\"caption-attachment-6097\" class=\"wp-caption-text\">Kliknij,  aby przeczyta\u0107 artyku\u0142 na blogu Sotrender<\/p><\/div>\n<p>&nbsp;<\/p>\n<h3><b>Rosn\u0105 na wiosn\u0119 jak grzyby po deszczu<\/b><\/h3>\n<p>Interesuj\u0105ce wzrosty dotycz\u0105 r\u00f3wnie\u017c stron spoza ranking\u00f3w. Fanpage politycznej gwiazdy Internetu,  Korwina-Mikke lubi ju\u017c 100 tysi\u0119cy fan\u00f3w. To sukces,  cho\u0107 bardziej spektakularnym wzrostem mo\u017ce pochwali\u0107 si\u0119 Kuba Wojew\u00f3dzki,  kt\u00f3rego nowa strona osi\u0105gn\u0119\u0142a tak\u0105 liczb\u0119 ju\u017c w drugim miesi\u0105cu dzia\u0142ania. Ze stron bran\u017cowych zwraca r\u00f3wnie\u017c uwag\u0119 Idea Bank,  kt\u00f3ry ma ju\u017c 50 tysi\u0119cy fan\u00f3w.<\/p>\n<h3><b>Posty z tre\u015bci\u0105<\/b><\/h3>\n<p>Zn\u00f3w u\u017cytkownicy zaskoczyli rodzajem post\u00f3w,  w jakie si\u0119 anga\u017cuj\u0105. Pomimo,  \u017ce najbardziej anga\u017cuj\u0105ce strony oferuj\u0105 najcz\u0119\u015bciej niecenzuralne nazwy i niskich lot\u00f3w dowcipy oraz \u201e\u017cebrolajki\u201d to wida\u0107,  \u017ce u\u017cytkownicy ch\u0119tnie anga\u017cuj\u0105 si\u0119 r\u00f3wnie\u017c w powa\u017cn\u0105 komunikacj\u0119. <a href=\"http:\/\/www.facebook.com\/171827353929\/posts\/10151485280503930\">Post Muzeum Powstania Warszawskiego przypominaj\u0105cy o bohaterach Akcji pod Arsena\u0142em<\/a> zaj\u0105\u0142 pierwsze miejsce rankingu Top Post\u00f3w. W rankingu znalaz\u0142a si\u0119 r\u00f3wnie\u017c <a href=\"http:\/\/www.facebook.com\/39589683944\/posts\/10151543193983945\">akcja poszukiwania zaginionego brata by\u0142ego wi\u0119\u017ania obozu koncentracyjnego prowadzona przez fanpage U.S. Embassy Warsaw<\/a>.<\/p>\n<h3><b>Nowy pi\u0119kny News Feed<\/b><\/h3>\n<p>Facebook wci\u0105\u017c si\u0119 zmienia. Platforma ewoluuje razem z ewolucj\u0105 u\u017cytkownik\u00f3w i ich aktywno\u015bci. Dzi\u0119ki ich bacznej obserwacji i analizie rodzaj\u00f3w tre\u015bci,  kt\u00f3rymi najch\u0119tniej si\u0119 dzielimy,  <a href=\"https:\/\/www.sotrender.com\/blog\/pl\/2013\/03\/nowy-news-feed-ladniejszy-i-uzyteczniejszy-facebook\/\">News Feed b\u0119dzie pi\u0119kniejszy ni\u017c dotychczas i wygodniejszy w u\u017cytkowaniu<\/a>. Gruntowne zmiany obejm\u0105 trzy du\u017ce obszary. Graficzne przedstawienie aktywno\u015bci ma by\u0107 w za\u0142o\u017ceniu przyjemniejsze dla oka,  czytelniejsze i bardziej u\u017cyteczne. Zauwa\u017calne i \u0142atwiej dost\u0119pne b\u0119d\u0105 dzi\u0119ki temu r\u00f3wnie\u017c Facebookowe strony marek. Zak\u0142adki tematyczne b\u0119d\u0105 pozwala\u0142y u\u017cytkownikom na znalezienie interesuj\u0105cych tre\u015bci,  a markom na lepsze dotarcie do potencjalnych Klient\u00f3w. Na koniec wa\u017cna jest sp\u00f3jno\u015b\u0107 pomi\u0119dzy platformami &#8211; dzi\u0119ki temu,  \u017ce ca\u0142y wygl\u0105d jest inspirowany mo\u017cliwo\u015bciami urz\u0105dze\u0144 przeno\u015bnych,  wersja mobilna b\u0119dzie wygl\u0105da\u0107 tak samo jak zwyk\u0142a wersja przegl\u0105darkowa. Dzi\u0119ki temu korzystanie z Facebooka na smartfonie czy tablecie b\u0119dzie r\u00f3wnie proste i efektywne jak przegl\u0105danie go na komputerze. Na razie nowy wygl\u0105d jest w fazie test\u00f3w i tylko niekt\u00f3rzy u\u017cytkownicy maj\u0105 mo\u017cliwo\u015b\u0107 korzystania z pierwszej wersji nowego News Feedu. Jednak ka\u017cdy ma mo\u017cliwo\u015b\u0107 <a href=\"https:\/\/www.facebook.com\/about\/newsfeed\">zapisania si\u0119 na list\u0119 oczekuj\u0105cych<\/a>. \u00a0Pewnym jest,  \u017ce zanim nowa forma News Feedu zago\u015bci u wszystkich u\u017cytkownik\u00f3w minie jeszcze troch\u0119 czasu i sporo test\u00f3w zostanie przeprowadzonych. Dla tych,  kt\u00f3rzy nie lubi\u0105 zmian pozostaje tylko nadzieja,  \u017ce pojawi si\u0119 downgrade,  tak jak w przypadku Timeline\u2019a,  do kt\u00f3rego niezadowoleni mog\u0105 zainstalowa\u0107 <a href=\"http:\/\/allfacebook.com\/oldtimeline_b114304\">OldTimeline &#8211; nak\u0142adk\u0119 na przegl\u0105dark\u0119<\/a> zmieniaj\u0105c\u0105 uk\u0142ad Osi Czasu tak,  aby przypomina\u0142 star\u0105 wersj\u0119.<\/p>\n<div id=\"attachment_6095\" style=\"width: 310px\" class=\"wp-caption aligncenter\"><a href=\"https:\/\/www.sotrender.com\/blog\/pl\/2013\/03\/nowy-news-feed-ladniejszy-i-uzyteczniejszy-facebook\/\" target=\"_blank\"><img loading=\"lazy\" decoding=\"async\" aria-describedby=\"caption-attachment-6095\" class=\"size-medium wp-image-6095 \" alt=\"Kliknij,  aby przej\u015b\u0107 do artyku\u0142u o zmianach w News Feedzie\" src=\"https:\/\/www.sotrender.com\/blog\/wp-content\/uploads\/2013\/04\/t11-300x171.png\" width=\"300\" height=\"171\" \/><\/a><p id=\"caption-attachment-6095\" class=\"wp-caption-text\">Kliknij,  aby przej\u015b\u0107 do artyku\u0142u o zmianach w News Feedzie<\/p><\/div>\n<h3><b>CEO roku jeszcze raz<\/b><\/h3>\n<p>W lutym gratulowali\u015bmy Markowi Zuckerbergowi tytu\u0142u CEO roku,  przyznanemu przez CrunchTech,  natomiast w marcu wsp\u00f3\u0142pracownicy zagwarantowali Zuckowi,  jak go nazywaj\u0105,  tytu\u0142 <a href=\"http:\/\/thenextweb.com\/facebook\/2013\/03\/15\/glassdoor-employees-rank-facebooks-mark-zuckerberg-as-ceo-of-the-year-apples-tim-cook-loses-top-spot\/\">CEO roku w rankingu Glassdoor<\/a>. W tym g\u0142osowaniu udzia\u0142u nie brali internauci a sami pracownicy firmy,  u kt\u00f3rych Zuckerberg ma 99-procentowe poparcie.<\/p>\n<p>&nbsp;<\/p>\n<p><a title=\"Fanpage Trends Marzec 2013\" href=\"http:\/\/www.sotrender.com\/pl\/fanpage-trends\" target=\"_blank\"><b>Jak co miesi\u0105c zapraszamy do zapoznania si\u0119 z najnowszymi rankingami i statystykami najlepszych stron polskiego Facebooka,  tym razem z now\u0105,  emocjonuj\u0105c\u0105 kategori\u0105 Kluby Pi\u0142karskie. Oddajemy w Wasze r\u0119ce marcowy raport Fanpage Trends,  w kt\u00f3rym przeanalizowali\u015bmy ju\u017c 34 kategorie stron,  a 30 specjalist\u00f3w pomo\u017ce lepiej zrozumie\u0107 co dzieje si\u0119 w marketingu,  w najwa\u017cniejszych bran\u017cach na Facebooku.<\/b><\/a><\/p>\n<p>&nbsp;<\/p>\n","protected":false},"excerpt":{"rendered":"<p>\u015awi\u0119ta, \u015bwi\u0119ta i po \u015bwi\u0119tach. Na dworze wci\u0105\u017c bia\u0142o, a w Sotrenderze ju\u017c kwiecie\u0144. Przedstawiamy najnowszy raport i gar\u015b\u0107 nowin z Facebooka rozpoczynaj\u0105c drugi kwarta\u0142 roku. W marcowym raporcie Fanpage Trends przedstawiamy podsumowanie statystyk w formie por\u0119cznej infografiki oraz dostarczamy nie tylko sportowych emocji w nowej kategorii Kluby Pi\u0142karskie i w 33 innych bran\u017cach, kt\u00f3re [&hellip;]<\/p>\n","protected":false},"author":31,"featured_media":0,"comment_status":"open","ping_status":"open","sticky":false,"template":"","format":"standard","meta":{"inline_featured_image":false,"footnotes":""},"categories":[1791,1797],"tags":[7,17,25,31],"yoast_head":"<!-- This site is optimized with the Yoast SEO plugin v22.4 - https:\/\/yoast.com\/wordpress\/plugins\/seo\/ -->\n<title>Fanpage Trends Marzec 2013 - Sotrender Blog - FaceBook Marketing: analyze, optimize, report<\/title>\n<meta name=\"description\" content=\"Sotrender podsumowuje najwa\u017cniejsze wydarzenia marca na Facebooku i prezentuje raport Fanpage Trends - podsumowanie polskiego marketingu na Facebooku w 34 najwa\u017cniejszych bran\u017cach komentowanych przez 30 ekspert\u00f3w.\" \/>\n<meta name=\"robots\" content=\"index, follow, max-snippet:-1, max-image-preview:large, max-video-preview:-1\" \/>\n<link rel=\"canonical\" href=\"https:\/\/www.sotrender.com\/blog\/pl\/2013\/04\/fanpage-trends-marzec-2013\/\" \/>\n<meta property=\"og:locale\" content=\"pl_PL\" \/>\n<meta property=\"og:type\" content=\"article\" \/>\n<meta property=\"og:title\" content=\"Fanpage Trends Marzec 2013 - Sotrender Blog - FaceBook Marketing: analyze, optimize, report\" \/>\n<meta property=\"og:description\" content=\"Sotrender podsumowuje najwa\u017cniejsze wydarzenia marca na Facebooku i prezentuje raport Fanpage Trends - podsumowanie polskiego marketingu na Facebooku w 34 najwa\u017cniejszych bran\u017cach komentowanych przez 30 ekspert\u00f3w.\" \/>\n<meta property=\"og:url\" content=\"https:\/\/www.sotrender.com\/blog\/pl\/2013\/04\/fanpage-trends-marzec-2013\/\" \/>\n<meta property=\"og:site_name\" content=\"Sotrender Blog\" \/>\n<meta property=\"article:publisher\" content=\"https:\/\/www.facebook.com\/Sotrender\" \/>\n<meta property=\"article:published_time\" content=\"2013-04-05T10:00:54+00:00\" \/>\n<meta property=\"article:modified_time\" content=\"2015-12-01T21:20:32+00:00\" \/>\n<meta property=\"og:image\" content=\"https:\/\/www.sotrender.com\/blog\/wp-content\/uploads\/2013\/04\/zimo1-150x150.png\" \/>\n<meta name=\"author\" content=\"Aleksandra Prejs\" \/>\n<meta name=\"twitter:card\" content=\"summary_large_image\" \/>\n<meta name=\"twitter:creator\" content=\"@Sotrender\" \/>\n<meta name=\"twitter:site\" content=\"@Sotrender\" \/>\n<meta name=\"twitter:label1\" content=\"Written by\" \/>\n\t<meta name=\"twitter:data1\" content=\"Aleksandra Prejs\" \/>\n\t<meta name=\"twitter:label2\" content=\"Est. reading time\" \/>\n\t<meta name=\"twitter:data2\" content=\"6 minutes\" \/>\n<script type=\"application\/ld+json\" class=\"yoast-schema-graph\">{\"@context\":\"https:\/\/schema.org\",\"@graph\":[{\"@type\":\"WebPage\",\"@id\":\"https:\/\/www.sotrender.com\/blog\/pl\/2013\/04\/fanpage-trends-marzec-2013\/\",\"url\":\"https:\/\/www.sotrender.com\/blog\/pl\/2013\/04\/fanpage-trends-marzec-2013\/\",\"name\":\"Fanpage Trends Marzec 2013 - Sotrender Blog - FaceBook Marketing: analyze, optimize, report\",\"isPartOf\":{\"@id\":\"https:\/\/www.sotrender.com\/blog\/#website\"},\"primaryImageOfPage\":{\"@id\":\"https:\/\/www.sotrender.com\/blog\/pl\/2013\/04\/fanpage-trends-marzec-2013\/#primaryimage\"},\"image\":{\"@id\":\"https:\/\/www.sotrender.com\/blog\/pl\/2013\/04\/fanpage-trends-marzec-2013\/#primaryimage\"},\"thumbnailUrl\":\"https:\/\/www.sotrender.com\/blog\/wp-content\/uploads\/2013\/04\/zimo1-150x150.png\",\"datePublished\":\"2013-04-05T10:00:54+00:00\",\"dateModified\":\"2015-12-01T21:20:32+00:00\",\"author\":{\"@id\":\"https:\/\/www.sotrender.com\/blog\/#\/schema\/person\/7106df62825269bc360ad9171cd7149b\"},\"description\":\"Sotrender podsumowuje najwa\u017cniejsze wydarzenia marca na Facebooku i prezentuje raport Fanpage Trends - podsumowanie polskiego marketingu na Facebooku w 34 najwa\u017cniejszych bran\u017cach komentowanych przez 30 ekspert\u00f3w.\",\"breadcrumb\":{\"@id\":\"https:\/\/www.sotrender.com\/blog\/pl\/2013\/04\/fanpage-trends-marzec-2013\/#breadcrumb\"},\"inLanguage\":\"pl-PL\",\"potentialAction\":[{\"@type\":\"ReadAction\",\"target\":[\"https:\/\/www.sotrender.com\/blog\/pl\/2013\/04\/fanpage-trends-marzec-2013\/\"]}]},{\"@type\":\"ImageObject\",\"inLanguage\":\"pl-PL\",\"@id\":\"https:\/\/www.sotrender.com\/blog\/pl\/2013\/04\/fanpage-trends-marzec-2013\/#primaryimage\",\"url\":\"https:\/\/www.sotrender.com\/blog\/wp-content\/uploads\/2013\/04\/zimo1-150x150.png\",\"contentUrl\":\"https:\/\/www.sotrender.com\/blog\/wp-content\/uploads\/2013\/04\/zimo1-150x150.png\"},{\"@type\":\"BreadcrumbList\",\"@id\":\"https:\/\/www.sotrender.com\/blog\/pl\/2013\/04\/fanpage-trends-marzec-2013\/#breadcrumb\",\"itemListElement\":[{\"@type\":\"ListItem\",\"position\":1,\"name\":\"Home\",\"item\":\"https:\/\/www.sotrender.com\/blog\/\"},{\"@type\":\"ListItem\",\"position\":2,\"name\":\"Wiosna w tym roku tylko na Facebooku, czyli marcowe Fanpage Trends 2013\"}]},{\"@type\":\"WebSite\",\"@id\":\"https:\/\/www.sotrender.com\/blog\/#website\",\"url\":\"https:\/\/www.sotrender.com\/blog\/\",\"name\":\"Sotrender Blog\",\"description\":\"\",\"potentialAction\":[{\"@type\":\"SearchAction\",\"target\":{\"@type\":\"EntryPoint\",\"urlTemplate\":\"https:\/\/www.sotrender.com\/blog\/?s={search_term_string}\"},\"query-input\":\"required name=search_term_string\"}],\"inLanguage\":\"pl-PL\"},{\"@type\":\"Person\",\"@id\":\"https:\/\/www.sotrender.com\/blog\/#\/schema\/person\/7106df62825269bc360ad9171cd7149b\",\"name\":\"Aleksandra Prejs\",\"image\":{\"@type\":\"ImageObject\",\"inLanguage\":\"pl-PL\",\"@id\":\"https:\/\/www.sotrender.com\/blog\/#\/schema\/person\/image\/\",\"url\":\"https:\/\/secure.gravatar.com\/avatar\/469000454b77ff0aacb32c49dba023be?s=96&d=mm&r=g\",\"contentUrl\":\"https:\/\/secure.gravatar.com\/avatar\/469000454b77ff0aacb32c49dba023be?s=96&d=mm&r=g\",\"caption\":\"Aleksandra Prejs\"},\"url\":\"https:\/\/www.sotrender.com\/blog\/pl\/author\/aleksandra-prejs\/\"}]}<\/script>\n<!-- \/ Yoast SEO plugin. -->","yoast_head_json":{"title":"Fanpage Trends Marzec 2013 - Sotrender Blog - FaceBook Marketing: analyze, optimize, report","description":"Sotrender podsumowuje najwa\u017cniejsze wydarzenia marca na Facebooku i prezentuje raport Fanpage Trends - podsumowanie polskiego marketingu na Facebooku w 34 najwa\u017cniejszych bran\u017cach komentowanych przez 30 ekspert\u00f3w.","robots":{"index":"index","follow":"follow","max-snippet":"max-snippet:-1","max-image-preview":"max-image-preview:large","max-video-preview":"max-video-preview:-1"},"canonical":"https:\/\/www.sotrender.com\/blog\/pl\/2013\/04\/fanpage-trends-marzec-2013\/","og_locale":"pl_PL","og_type":"article","og_title":"Fanpage Trends Marzec 2013 - Sotrender Blog - FaceBook Marketing: analyze, optimize, report","og_description":"Sotrender podsumowuje najwa\u017cniejsze wydarzenia marca na Facebooku i prezentuje raport Fanpage Trends - podsumowanie polskiego marketingu na Facebooku w 34 najwa\u017cniejszych bran\u017cach komentowanych przez 30 ekspert\u00f3w.","og_url":"https:\/\/www.sotrender.com\/blog\/pl\/2013\/04\/fanpage-trends-marzec-2013\/","og_site_name":"Sotrender Blog","article_publisher":"https:\/\/www.facebook.com\/Sotrender","article_published_time":"2013-04-05T10:00:54+00:00","article_modified_time":"2015-12-01T21:20:32+00:00","og_image":[{"url":"https:\/\/www.sotrender.com\/blog\/wp-content\/uploads\/2013\/04\/zimo1-150x150.png"}],"author":"Aleksandra Prejs","twitter_card":"summary_large_image","twitter_creator":"@Sotrender","twitter_site":"@Sotrender","twitter_misc":{"Written by":"Aleksandra Prejs","Est. reading time":"6 minutes"},"schema":{"@context":"https:\/\/schema.org","@graph":[{"@type":"WebPage","@id":"https:\/\/www.sotrender.com\/blog\/pl\/2013\/04\/fanpage-trends-marzec-2013\/","url":"https:\/\/www.sotrender.com\/blog\/pl\/2013\/04\/fanpage-trends-marzec-2013\/","name":"Fanpage Trends Marzec 2013 - Sotrender Blog - FaceBook Marketing: analyze, optimize, report","isPartOf":{"@id":"https:\/\/www.sotrender.com\/blog\/#website"},"primaryImageOfPage":{"@id":"https:\/\/www.sotrender.com\/blog\/pl\/2013\/04\/fanpage-trends-marzec-2013\/#primaryimage"},"image":{"@id":"https:\/\/www.sotrender.com\/blog\/pl\/2013\/04\/fanpage-trends-marzec-2013\/#primaryimage"},"thumbnailUrl":"https:\/\/www.sotrender.com\/blog\/wp-content\/uploads\/2013\/04\/zimo1-150x150.png","datePublished":"2013-04-05T10:00:54+00:00","dateModified":"2015-12-01T21:20:32+00:00","author":{"@id":"https:\/\/www.sotrender.com\/blog\/#\/schema\/person\/7106df62825269bc360ad9171cd7149b"},"description":"Sotrender podsumowuje najwa\u017cniejsze wydarzenia marca na Facebooku i prezentuje raport Fanpage Trends - podsumowanie polskiego marketingu na Facebooku w 34 najwa\u017cniejszych bran\u017cach komentowanych przez 30 ekspert\u00f3w.","breadcrumb":{"@id":"https:\/\/www.sotrender.com\/blog\/pl\/2013\/04\/fanpage-trends-marzec-2013\/#breadcrumb"},"inLanguage":"pl-PL","potentialAction":[{"@type":"ReadAction","target":["https:\/\/www.sotrender.com\/blog\/pl\/2013\/04\/fanpage-trends-marzec-2013\/"]}]},{"@type":"ImageObject","inLanguage":"pl-PL","@id":"https:\/\/www.sotrender.com\/blog\/pl\/2013\/04\/fanpage-trends-marzec-2013\/#primaryimage","url":"https:\/\/www.sotrender.com\/blog\/wp-content\/uploads\/2013\/04\/zimo1-150x150.png","contentUrl":"https:\/\/www.sotrender.com\/blog\/wp-content\/uploads\/2013\/04\/zimo1-150x150.png"},{"@type":"BreadcrumbList","@id":"https:\/\/www.sotrender.com\/blog\/pl\/2013\/04\/fanpage-trends-marzec-2013\/#breadcrumb","itemListElement":[{"@type":"ListItem","position":1,"name":"Home","item":"https:\/\/www.sotrender.com\/blog\/"},{"@type":"ListItem","position":2,"name":"Wiosna w tym roku tylko na Facebooku, czyli marcowe Fanpage Trends 2013"}]},{"@type":"WebSite","@id":"https:\/\/www.sotrender.com\/blog\/#website","url":"https:\/\/www.sotrender.com\/blog\/","name":"Sotrender Blog","description":"","potentialAction":[{"@type":"SearchAction","target":{"@type":"EntryPoint","urlTemplate":"https:\/\/www.sotrender.com\/blog\/?s={search_term_string}"},"query-input":"required name=search_term_string"}],"inLanguage":"pl-PL"},{"@type":"Person","@id":"https:\/\/www.sotrender.com\/blog\/#\/schema\/person\/7106df62825269bc360ad9171cd7149b","name":"Aleksandra Prejs","image":{"@type":"ImageObject","inLanguage":"pl-PL","@id":"https:\/\/www.sotrender.com\/blog\/#\/schema\/person\/image\/","url":"https:\/\/secure.gravatar.com\/avatar\/469000454b77ff0aacb32c49dba023be?s=96&d=mm&r=g","contentUrl":"https:\/\/secure.gravatar.com\/avatar\/469000454b77ff0aacb32c49dba023be?s=96&d=mm&r=g","caption":"Aleksandra Prejs"},"url":"https:\/\/www.sotrender.com\/blog\/pl\/author\/aleksandra-prejs\/"}]}},"_links":{"self":[{"href":"https:\/\/www.sotrender.com\/blog\/pl\/wp-json\/wp\/v2\/posts\/6081"}],"collection":[{"href":"https:\/\/www.sotrender.com\/blog\/pl\/wp-json\/wp\/v2\/posts"}],"about":[{"href":"https:\/\/www.sotrender.com\/blog\/pl\/wp-json\/wp\/v2\/types\/post"}],"author":[{"embeddable":true,"href":"https:\/\/www.sotrender.com\/blog\/pl\/wp-json\/wp\/v2\/users\/31"}],"replies":[{"embeddable":true,"href":"https:\/\/www.sotrender.com\/blog\/pl\/wp-json\/wp\/v2\/comments?post=6081"}],"version-history":[{"count":20,"href":"https:\/\/www.sotrender.com\/blog\/pl\/wp-json\/wp\/v2\/posts\/6081\/revisions"}],"predecessor-version":[{"id":20173,"href":"https:\/\/www.sotrender.com\/blog\/pl\/wp-json\/wp\/v2\/posts\/6081\/revisions\/20173"}],"wp:attachment":[{"href":"https:\/\/www.sotrender.com\/blog\/pl\/wp-json\/wp\/v2\/media?parent=6081"}],"wp:term":[{"taxonomy":"category","embeddable":true,"href":"https:\/\/www.sotrender.com\/blog\/pl\/wp-json\/wp\/v2\/categories?post=6081"},{"taxonomy":"post_tag","embeddable":true,"href":"https:\/\/www.sotrender.com\/blog\/pl\/wp-json\/wp\/v2\/tags?post=6081"}],"curies":[{"name":"wp","href":"https:\/\/api.w.org\/{rel}","templated":true}]}}