{"id":58817,"date":"2026-08-10T10:16:18","date_gmt":"2026-08-10T08:16:18","guid":{"rendered":"https:\/\/www.sotrender.com\/blog\/?p=58817"},"modified":"2026-08-24T13:49:39","modified_gmt":"2026-08-24T11:49:39","slug":"facebook-ad-trends-lipiec-2026-spokojny-wakacyjny-czas","status":"publish","type":"post","link":"https:\/\/www.sotrender.com\/blog\/pl\/2026\/08\/facebook-ad-trends-lipiec-2026-spokojny-wakacyjny-czas\/","title":{"rendered":"Facebook &amp; Ad Trends lipiec 2026 \u2013 spokojny wakacyjny czas"},"content":{"rendered":"\n<p>Cho\u0107 w minionym miesi\u0105cu na samym Facebooku by\u0142o wyj\u0105tkowo spokojnie, tego samego nie mo\u017cemy powiedzie\u0107 o dzia\u0142aniach reklamodawc\u00f3w w ekosystemie Meta.<\/p>\n\n\n\n<!--more-->\n\n\n\n<p>Zapraszamy na szczeg\u00f3\u0142y lipcowego raportu <a href=\"https:\/\/sotrender.com\/trends\/facebook\/poland\/202607\" target=\"_blank\" rel=\"noreferrer noopener\">Facebook<\/a> &amp; <a href=\"https:\/\/sotrender.com\/trends\/ads\/poland\/202607\/\" target=\"_blank\" rel=\"noreferrer noopener\">Ad Trends<\/a>!<\/p>\n\n\n\n<figure class=\"wp-block-image size-full\"><a href=\"https:\/\/www.sotrender.com\/blog\/pl\/2026\/06\/raporty-w-sotrenderze-w-pelni-dopasowane-do-potrzeb\/\" target=\"_blank\" rel=\"noreferrer noopener\"><img loading=\"lazy\" decoding=\"async\" width=\"1198\" height=\"344\" src=\"https:\/\/www.sotrender.com\/blog\/wp-content\/uploads\/2026\/07\/banner-raporty-3.0.png\" alt=\"nowe raporty w sotrenderze\" class=\"wp-image-58695\" srcset=\"https:\/\/www.sotrender.com\/blog\/wp-content\/uploads\/2026\/07\/banner-raporty-3.0.png 1198w, https:\/\/www.sotrender.com\/blog\/wp-content\/uploads\/2026\/07\/banner-raporty-3.0-475x136.png 475w, https:\/\/www.sotrender.com\/blog\/wp-content\/uploads\/2026\/07\/banner-raporty-3.0-768x221.png 768w\" sizes=\"(max-width: 1198px) 100vw, 1198px\" \/><\/a><\/figure>\n\n\n\n<h2 class=\"wp-block-heading\">Facebook Trends <\/h2>\n\n\n\n<p>Jednym z najbardziej anga\u017cuj\u0105cych post\u00f3w miesi\u0105ca by\u0142 materia\u0142 na profilu TVN24 z informacj\u0105 o skazaniu \u0141ukasza \u017baka na 20 lat wi\u0119zienia za spowodowanie \u015bmiertelnego wypadku na Trasie \u0141azienkowskiej.<\/p>\n\n\n\n<p>By\u0142 to <a href=\"https:\/\/sotrender.com\/trends\/facebook\/poland\/202607\/media#best_posts\" target=\"_blank\" rel=\"noreferrer noopener\">najbardziej anga\u017cuj\u0105cy post w ca\u0142ej kategorii Media<\/a> i <a href=\"https:\/\/sotrender.com\/trends\/facebook\/poland\/202607\/pl_wszystkie#best_posts\" target=\"_blank\" rel=\"noreferrer noopener\">pi\u0105ty na ca\u0142ym Facebooku<\/a> w lipcu.<\/p>\n\n\n\n<figure class=\"wp-block-image size-full is-resized\"><img loading=\"lazy\" decoding=\"async\" width=\"2190\" height=\"1110\" src=\"https:\/\/www.sotrender.com\/blog\/wp-content\/uploads\/2026\/08\/fakty-tvn-lukasz-zak.png\" alt=\"\u0142ukasz \u017cak fakty tvn facebook\" class=\"wp-image-58828\" style=\"width:840px;height:auto\" srcset=\"https:\/\/www.sotrender.com\/blog\/wp-content\/uploads\/2026\/08\/fakty-tvn-lukasz-zak.png 2190w, https:\/\/www.sotrender.com\/blog\/wp-content\/uploads\/2026\/08\/fakty-tvn-lukasz-zak-475x241.png 475w, https:\/\/www.sotrender.com\/blog\/wp-content\/uploads\/2026\/08\/fakty-tvn-lukasz-zak-768x389.png 768w, https:\/\/www.sotrender.com\/blog\/wp-content\/uploads\/2026\/08\/fakty-tvn-lukasz-zak-1536x779.png 1536w, https:\/\/www.sotrender.com\/blog\/wp-content\/uploads\/2026\/08\/fakty-tvn-lukasz-zak-2048x1038.png 2048w\" sizes=\"(max-width: 2190px) 100vw, 2190px\" \/><figcaption class=\"wp-element-caption\"><a href=\"https:\/\/sotrender.com\/trends\/facebook\/poland\/202607\/media#best_posts\" target=\"_blank\" rel=\"noreferrer noopener\">Najbardziej anga\u017cuj\u0105ce posty na Facebooku w kategorii Media<\/a> | lipiec 2026<\/figcaption><\/figure>\n\n\n\n<p>Zauwa\u017cy\u0107 da\u0142 si\u0119 r\u00f3wnie\u017c Andrzej Bargiel, za spraw\u0105 swojego ostatniego sukcesu \u2013 zdobyciu Nanga Parbat i zjechaniu z niego na nartach.<\/p>\n\n\n\n<p>Profil Andrzeja znalaz\u0142 si\u0119 na 12. miejscu pod wzgl\u0119dem <a href=\"https:\/\/sotrender.com\/trends\/facebook\/poland\/202607\/osoby\/sportowcy#engagement\" target=\"_blank\" rel=\"noreferrer noopener\">zaanga\u017cowania w kategorii Sportowcy<\/a>.<\/p>\n\n\n\n<figure class=\"wp-block-image size-full\"><img loading=\"lazy\" decoding=\"async\" width=\"2166\" height=\"912\" src=\"https:\/\/www.sotrender.com\/blog\/wp-content\/uploads\/2026\/08\/andrzej-bargiel-facebook.png\" alt=\"facebook bargiel nanga parbat\" class=\"wp-image-58830\" srcset=\"https:\/\/www.sotrender.com\/blog\/wp-content\/uploads\/2026\/08\/andrzej-bargiel-facebook.png 2166w, https:\/\/www.sotrender.com\/blog\/wp-content\/uploads\/2026\/08\/andrzej-bargiel-facebook-475x200.png 475w, https:\/\/www.sotrender.com\/blog\/wp-content\/uploads\/2026\/08\/andrzej-bargiel-facebook-768x323.png 768w, https:\/\/www.sotrender.com\/blog\/wp-content\/uploads\/2026\/08\/andrzej-bargiel-facebook-1536x647.png 1536w, https:\/\/www.sotrender.com\/blog\/wp-content\/uploads\/2026\/08\/andrzej-bargiel-facebook-2048x862.png 2048w\" sizes=\"(max-width: 2166px) 100vw, 2166px\" \/><figcaption class=\"wp-element-caption\"><a href=\"https:\/\/sotrender.com\/trends\/facebook\/poland\/202607\/osoby\/sportowcy#engagement\" target=\"_blank\" rel=\"noreferrer noopener\">Profile sportowc\u00f3w na polskim Facebooku z najwi\u0119kszym zaanga\u017cowaniem<\/a> | lipiec 2026<\/figcaption><\/figure>\n\n\n\n<h2 class=\"wp-block-heading\">Reklama w ekosystemie Meta<\/h2>\n\n\n\n<p>Zmian i niespodzianek nie brakowa\u0142o z kolei w\u015br\u00f3d czo\u0142owych reklamodawc\u00f3w w ekosystemie Meta.<\/p>\n\n\n\n<p>Temu, kt\u00f3re dotychczas deklasowa\u0142o pozosta\u0142ych reklamodawc\u00f3w pod wzgl\u0119dem liczby emitowanych reklam, zdecydowanie zwolni\u0142o w lipcu, zmniejszaj\u0105c liczb\u0119 reklam a\u017c o 90%. Cho\u0107 pozosta\u0142o liderem tego rankingu, na jego koncie aktywnych by\u0142o jedynie niespe\u0142na 5 tys. reklam, czyli zaledwie dwukrotnie wi\u0119cej ni\u017c mia\u0142o drugie w rankingu Taranko.<\/p>\n\n\n\n<figure class=\"wp-block-image size-full is-resized\"><img loading=\"lazy\" decoding=\"async\" width=\"1072\" height=\"698\" src=\"https:\/\/www.sotrender.com\/blog\/wp-content\/uploads\/2026\/08\/top-reklamodawcy-meta-lipiec-2026.png\" alt=\"Reklamodawcy w ekosystemie Meta z najwi\u0119ksz\u0105 liczb\u0105 reklam | lipiec 2026\" class=\"wp-image-58818\" style=\"width:660px;height:auto\" srcset=\"https:\/\/www.sotrender.com\/blog\/wp-content\/uploads\/2026\/08\/top-reklamodawcy-meta-lipiec-2026.png 1072w, https:\/\/www.sotrender.com\/blog\/wp-content\/uploads\/2026\/08\/top-reklamodawcy-meta-lipiec-2026-475x309.png 475w, https:\/\/www.sotrender.com\/blog\/wp-content\/uploads\/2026\/08\/top-reklamodawcy-meta-lipiec-2026-768x500.png 768w\" sizes=\"(max-width: 1072px) 100vw, 1072px\" \/><figcaption class=\"wp-element-caption\"><a href=\"https:\/\/sotrender.com\/trends\/ads\/poland\/202607\/ads#liczba_reklam\" target=\"_blank\" rel=\"noreferrer noopener\">Reklamodawcy w ekosystemie Meta z najwi\u0119ksz\u0105 liczb\u0105 reklam<\/a> | lipiec 2026<\/figcaption><\/figure>\n\n\n\n<p>Do g\u0142osu w reklamowym \u015bwiecie coraz mocniej zacz\u0119\u0142a dochodzi\u0107 jednak Biedronka, kt\u00f3ra wyemitowa\u0142a prawie 700 reklam wi\u0119cej ni\u017c w czerwcu, \u0142\u0105cznie emituj\u0105c 1 114 reklam.<\/p>\n\n\n\n<p>Pod wzgl\u0119dem osi\u0105ganych zasi\u0119g\u00f3w zacz\u0119\u0142a coraz bardziej zbli\u017ca\u0107 si\u0119 do Lidla, osi\u0105gaj\u0105c w lipcu ju\u017c tylko o 20% ni\u017csze zasi\u0119gi ni\u017c Lidl.<\/p>\n\n\n\n<p>W minionym miesi\u0105cu to w\u0142a\u015bnie te dwa dyskonty by\u0142y liderami pod wzgl\u0119dem <a href=\"https:\/\/sotrender.com\/trends\/ads\/poland\/202607\/ads#reach_score\" target=\"_blank\" rel=\"noreferrer noopener\">zasi\u0119g\u00f3w reklamowych<\/a> w Mecie.<\/p>\n\n\n\n<figure class=\"wp-block-image size-full is-resized\"><img loading=\"lazy\" decoding=\"async\" width=\"1076\" height=\"278\" src=\"https:\/\/www.sotrender.com\/blog\/wp-content\/uploads\/2026\/08\/reach-score-meta-lipiec-2026.png\" alt=\"Reklamodawcy w ekosystemie Meta z najwy\u017cszym wska\u017anikiem Reach Score | lipiec 2026 \" class=\"wp-image-58820\" style=\"width:646px;height:auto\" srcset=\"https:\/\/www.sotrender.com\/blog\/wp-content\/uploads\/2026\/08\/reach-score-meta-lipiec-2026.png 1076w, https:\/\/www.sotrender.com\/blog\/wp-content\/uploads\/2026\/08\/reach-score-meta-lipiec-2026-475x123.png 475w, https:\/\/www.sotrender.com\/blog\/wp-content\/uploads\/2026\/08\/reach-score-meta-lipiec-2026-768x198.png 768w\" sizes=\"(max-width: 1076px) 100vw, 1076px\" \/><figcaption class=\"wp-element-caption\"><a href=\"https:\/\/sotrender.com\/trends\/ads\/poland\/202607\/ads#reach_score\" target=\"_blank\" rel=\"noreferrer noopener\">Reklamodawcy w ekosystemie Meta z najwy\u017cszym wska\u017anikiem Reach Score<\/a> | lipiec 2026<\/figcaption><\/figure>\n\n\n\n<p>W\u015br\u00f3d <a href=\"https:\/\/sotrender.com\/trends\/ads\/poland\/202607\/ads#best_posts\" target=\"_blank\" rel=\"noreferrer noopener\">najbardziej zasi\u0119gowych reklam<\/a> nie zabrak\u0142o reklam od Lidla, co ponownie potwierdza, \u017ce strategia tego reklamodawcy opiera si\u0119 na mniejszej liczbie, ale wysokozasi\u0119gowych reklam.<\/p>\n\n\n\n<p>Jednak <a href=\"https:\/\/sotrender.com\/trends\/ads\/poland\/202607\/ads#best_posts\" target=\"_blank\" rel=\"noreferrer noopener\">reklama o najwi\u0119kszym zasi\u0119gu<\/a> do\u015b\u0107 niespodziewanie nale\u017ca\u0142a do marki Apple \u2013 dotyczy\u0142a korzystania z przegl\u0105darki Safari i dotar\u0142a do ponad 11 milion\u00f3w Polak\u00f3w.&nbsp;<\/p>\n\n\n\n<figure class=\"wp-block-image size-full\"><img loading=\"lazy\" decoding=\"async\" width=\"1800\" height=\"811\" src=\"https:\/\/www.sotrender.com\/blog\/wp-content\/uploads\/2026\/08\/apple-reklama-lipiec-2026.png\" alt=\"apple reklama safari\" class=\"wp-image-58834\" srcset=\"https:\/\/www.sotrender.com\/blog\/wp-content\/uploads\/2026\/08\/apple-reklama-lipiec-2026.png 1800w, https:\/\/www.sotrender.com\/blog\/wp-content\/uploads\/2026\/08\/apple-reklama-lipiec-2026-475x214.png 475w, https:\/\/www.sotrender.com\/blog\/wp-content\/uploads\/2026\/08\/apple-reklama-lipiec-2026-768x346.png 768w, https:\/\/www.sotrender.com\/blog\/wp-content\/uploads\/2026\/08\/apple-reklama-lipiec-2026-1536x692.png 1536w\" sizes=\"(max-width: 1800px) 100vw, 1800px\" \/><figcaption class=\"wp-element-caption\"><a href=\"https:\/\/sotrender.com\/trends\/ads\/poland\/202607\/ads#best_posts\" target=\"_blank\" rel=\"noreferrer noopener\">Reklamy z najwi\u0119kszym zasi\u0119giem w ekosystemie Meta<\/a> | lipiec 2026<\/figcaption><\/figure>\n\n\n\n<p>Co ciekawe, by\u0142 to <a href=\"https:\/\/sotrender.com\/trends\/ads\/poland\/202606\/ads#best_posts\" target=\"_blank\" rel=\"noreferrer noopener\">drugi miesi\u0105c z rz\u0119du<\/a>, kiedy reklama Appla znalaz\u0142a si\u0119 w czo\u0142\u00f3wce tego rankingu.<\/p>\n\n\n\n<figure class=\"wp-block-embed is-type-video is-provider-youtube wp-block-embed-youtube wp-embed-aspect-9-16 wp-has-aspect-ratio\"><div class=\"wp-block-embed__wrapper\">\n<iframe loading=\"lazy\" title=\"Biedronka coraz mocniej dochodzi do g\u0142osu w reklamowym \u015bwiecie #MetaAds #reklama #Biedronka\" width=\"422\" height=\"750\" src=\"https:\/\/www.youtube.com\/embed\/6iGupcSGLiA?feature=oembed\" frameborder=\"0\" allow=\"accelerometer; autoplay; clipboard-write; encrypted-media; gyroscope; picture-in-picture; web-share\" referrerpolicy=\"strict-origin-when-cross-origin\" allowfullscreen><\/iframe>\n<\/div><\/figure>\n\n\n\n<h2 class=\"wp-block-heading\">Facebook &amp; Ad Trends lipiec 2026<\/h2>\n\n\n\n<p>To wszystko, co przygotowali\u015bmy dla Was w tym miesi\u0105cu. Zach\u0119camy do sprawdzenia pe\u0142nej wersji zar\u00f3wno raportu <a href=\"https:\/\/sotrender.com\/trends\/facebook\/poland\/202607\" target=\"_blank\" rel=\"noreferrer noopener\">Facebook<\/a> i <a href=\"https:\/\/sotrender.com\/trends\/ads\/poland\/202607\/\" target=\"_blank\" rel=\"noreferrer noopener\">Ad Trends<\/a>, jak r\u00f3wnie\u017c <a href=\"https:\/\/www.sotrender.com\/blog\/pl\/2026\/08\/instagram-trends-lipiec-2026-na-calym-swiecie\/\" target=\"_blank\" rel=\"noreferrer noopener\">Instagram Trends<\/a>.<\/p>\n","protected":false},"excerpt":{"rendered":"<p>Cho\u0107 w minionym miesi\u0105cu na samym Facebooku by\u0142o wyj\u0105tkowo spokojnie, tego samego nie mo\u017cemy powiedzie\u0107 o dzia\u0142aniach reklamodawc\u00f3w w ekosystemie Meta.<\/p>\n","protected":false},"author":89,"featured_media":58837,"comment_status":"closed","ping_status":"open","sticky":false,"template":"","format":"standard","meta":{"inline_featured_image":false,"footnotes":""},"categories":[1797],"tags":[2307,3904,4003,4014],"yoast_head":"<!-- This site is optimized with the Yoast SEO plugin v22.4 - https:\/\/yoast.com\/wordpress\/plugins\/seo\/ -->\n<title>Facebook &amp; Ad Trends lipiec 2026 \u2013 spokojny wakacyjny czas<\/title>\n<meta name=\"description\" content=\"Cho\u0107 na Facebooku by\u0142o w lipcu bardzo spokojnie, zmian i niespodzianek nie brakowa\u0142o z kolei w\u015br\u00f3d czo\u0142owych reklamodawc\u00f3w w ekosystemie Meta.\" \/>\n<meta name=\"robots\" content=\"index, follow, max-snippet:-1, max-image-preview:large, max-video-preview:-1\" \/>\n<link rel=\"canonical\" href=\"https:\/\/www.sotrender.com\/blog\/pl\/2026\/08\/facebook-ad-trends-lipiec-2026-spokojny-wakacyjny-czas\/\" \/>\n<meta property=\"og:locale\" content=\"pl_PL\" \/>\n<meta property=\"og:type\" content=\"article\" \/>\n<meta property=\"og:title\" content=\"Facebook &amp; Ad Trends lipiec 2026 \u2013 spokojny wakacyjny czas\" \/>\n<meta property=\"og:description\" content=\"Cho\u0107 na Facebooku by\u0142o w lipcu bardzo spokojnie, zmian i niespodzianek nie brakowa\u0142o z kolei w\u015br\u00f3d czo\u0142owych reklamodawc\u00f3w w ekosystemie Meta.\" \/>\n<meta property=\"og:url\" content=\"https:\/\/www.sotrender.com\/blog\/pl\/2026\/08\/facebook-ad-trends-lipiec-2026-spokojny-wakacyjny-czas\/\" \/>\n<meta property=\"og:site_name\" content=\"Sotrender Blog\" \/>\n<meta property=\"article:publisher\" content=\"https:\/\/www.facebook.com\/Sotrender\" \/>\n<meta property=\"article:published_time\" content=\"2026-08-10T08:16:18+00:00\" \/>\n<meta property=\"article:modified_time\" content=\"2026-08-24T11:49:39+00:00\" \/>\n<meta property=\"og:image\" content=\"https:\/\/www.sotrender.com\/blog\/wp-content\/uploads\/2026\/08\/safari-browser.jpg\" \/>\n\t<meta property=\"og:image:width\" content=\"1280\" \/>\n\t<meta property=\"og:image:height\" content=\"853\" \/>\n\t<meta property=\"og:image:type\" content=\"image\/jpeg\" \/>\n<meta name=\"author\" content=\"Klaudia \u017by\u0142ka\" \/>\n<meta name=\"twitter:card\" content=\"summary_large_image\" \/>\n<meta name=\"twitter:creator\" content=\"@Sotrender\" \/>\n<meta name=\"twitter:site\" content=\"@Sotrender\" \/>\n<meta name=\"twitter:label1\" content=\"Written by\" \/>\n\t<meta name=\"twitter:data1\" content=\"Klaudia \u017by\u0142ka\" \/>\n\t<meta name=\"twitter:label2\" content=\"Est. reading time\" \/>\n\t<meta name=\"twitter:data2\" content=\"4 minutes\" \/>\n<script type=\"application\/ld+json\" class=\"yoast-schema-graph\">{\"@context\":\"https:\/\/schema.org\",\"@graph\":[{\"@type\":\"WebPage\",\"@id\":\"https:\/\/www.sotrender.com\/blog\/pl\/2026\/08\/facebook-ad-trends-lipiec-2026-spokojny-wakacyjny-czas\/\",\"url\":\"https:\/\/www.sotrender.com\/blog\/pl\/2026\/08\/facebook-ad-trends-lipiec-2026-spokojny-wakacyjny-czas\/\",\"name\":\"Facebook & Ad Trends lipiec 2026 \u2013 spokojny wakacyjny czas\",\"isPartOf\":{\"@id\":\"https:\/\/www.sotrender.com\/blog\/#website\"},\"primaryImageOfPage\":{\"@id\":\"https:\/\/www.sotrender.com\/blog\/pl\/2026\/08\/facebook-ad-trends-lipiec-2026-spokojny-wakacyjny-czas\/#primaryimage\"},\"image\":{\"@id\":\"https:\/\/www.sotrender.com\/blog\/pl\/2026\/08\/facebook-ad-trends-lipiec-2026-spokojny-wakacyjny-czas\/#primaryimage\"},\"thumbnailUrl\":\"https:\/\/www.sotrender.com\/blog\/wp-content\/uploads\/2026\/08\/safari-browser.jpg\",\"datePublished\":\"2026-08-10T08:16:18+00:00\",\"dateModified\":\"2026-08-24T11:49:39+00:00\",\"author\":{\"@id\":\"https:\/\/www.sotrender.com\/blog\/#\/schema\/person\/b1dfa582fdabb15ba224e6354cd81545\"},\"description\":\"Cho\u0107 na Facebooku by\u0142o w lipcu bardzo spokojnie, zmian i niespodzianek nie brakowa\u0142o z kolei w\u015br\u00f3d czo\u0142owych reklamodawc\u00f3w w ekosystemie Meta.\",\"breadcrumb\":{\"@id\":\"https:\/\/www.sotrender.com\/blog\/pl\/2026\/08\/facebook-ad-trends-lipiec-2026-spokojny-wakacyjny-czas\/#breadcrumb\"},\"inLanguage\":\"pl-PL\",\"potentialAction\":[{\"@type\":\"ReadAction\",\"target\":[\"https:\/\/www.sotrender.com\/blog\/pl\/2026\/08\/facebook-ad-trends-lipiec-2026-spokojny-wakacyjny-czas\/\"]}]},{\"@type\":\"ImageObject\",\"inLanguage\":\"pl-PL\",\"@id\":\"https:\/\/www.sotrender.com\/blog\/pl\/2026\/08\/facebook-ad-trends-lipiec-2026-spokojny-wakacyjny-czas\/#primaryimage\",\"url\":\"https:\/\/www.sotrender.com\/blog\/wp-content\/uploads\/2026\/08\/safari-browser.jpg\",\"contentUrl\":\"https:\/\/www.sotrender.com\/blog\/wp-content\/uploads\/2026\/08\/safari-browser.jpg\",\"width\":1280,\"height\":853},{\"@type\":\"BreadcrumbList\",\"@id\":\"https:\/\/www.sotrender.com\/blog\/pl\/2026\/08\/facebook-ad-trends-lipiec-2026-spokojny-wakacyjny-czas\/#breadcrumb\",\"itemListElement\":[{\"@type\":\"ListItem\",\"position\":1,\"name\":\"Home\",\"item\":\"https:\/\/www.sotrender.com\/blog\/\"},{\"@type\":\"ListItem\",\"position\":2,\"name\":\"Facebook &amp; Ad Trends lipiec 2026 \u2013 spokojny wakacyjny czas\"}]},{\"@type\":\"WebSite\",\"@id\":\"https:\/\/www.sotrender.com\/blog\/#website\",\"url\":\"https:\/\/www.sotrender.com\/blog\/\",\"name\":\"Sotrender Blog\",\"description\":\"\",\"potentialAction\":[{\"@type\":\"SearchAction\",\"target\":{\"@type\":\"EntryPoint\",\"urlTemplate\":\"https:\/\/www.sotrender.com\/blog\/?s={search_term_string}\"},\"query-input\":\"required name=search_term_string\"}],\"inLanguage\":\"pl-PL\"},{\"@type\":\"Person\",\"@id\":\"https:\/\/www.sotrender.com\/blog\/#\/schema\/person\/b1dfa582fdabb15ba224e6354cd81545\",\"name\":\"Klaudia \u017by\u0142ka\",\"image\":{\"@type\":\"ImageObject\",\"inLanguage\":\"pl-PL\",\"@id\":\"https:\/\/www.sotrender.com\/blog\/#\/schema\/person\/image\/\",\"url\":\"https:\/\/secure.gravatar.com\/avatar\/f55d5d49ce3c448e1ffde0ab078d84cd?s=96&d=mm&r=g\",\"contentUrl\":\"https:\/\/secure.gravatar.com\/avatar\/f55d5d49ce3c448e1ffde0ab078d84cd?s=96&d=mm&r=g\",\"caption\":\"Klaudia \u017by\u0142ka\"},\"description\":\"Instagram, dogs, books and food lover. Former student at Warsaw University and Malm\u00f6 University. Improving her marketing skills every day. Proud owner of DIMAQ certificate\",\"sameAs\":[\"https:\/\/www.linkedin.com\/in\/klaudia-\u017cy\u0142ka-17527779\"],\"url\":\"https:\/\/www.sotrender.com\/blog\/pl\/author\/klaudia_yka\/\"}]}<\/script>\n<!-- \/ Yoast SEO plugin. -->","yoast_head_json":{"title":"Facebook & Ad Trends lipiec 2026 \u2013 spokojny wakacyjny czas","description":"Cho\u0107 na Facebooku by\u0142o w lipcu bardzo spokojnie, zmian i niespodzianek nie brakowa\u0142o z kolei w\u015br\u00f3d czo\u0142owych reklamodawc\u00f3w w ekosystemie Meta.","robots":{"index":"index","follow":"follow","max-snippet":"max-snippet:-1","max-image-preview":"max-image-preview:large","max-video-preview":"max-video-preview:-1"},"canonical":"https:\/\/www.sotrender.com\/blog\/pl\/2026\/08\/facebook-ad-trends-lipiec-2026-spokojny-wakacyjny-czas\/","og_locale":"pl_PL","og_type":"article","og_title":"Facebook & Ad Trends lipiec 2026 \u2013 spokojny wakacyjny czas","og_description":"Cho\u0107 na Facebooku by\u0142o w lipcu bardzo spokojnie, zmian i niespodzianek nie brakowa\u0142o z kolei w\u015br\u00f3d czo\u0142owych reklamodawc\u00f3w w ekosystemie Meta.","og_url":"https:\/\/www.sotrender.com\/blog\/pl\/2026\/08\/facebook-ad-trends-lipiec-2026-spokojny-wakacyjny-czas\/","og_site_name":"Sotrender Blog","article_publisher":"https:\/\/www.facebook.com\/Sotrender","article_published_time":"2026-08-10T08:16:18+00:00","article_modified_time":"2026-08-24T11:49:39+00:00","og_image":[{"width":1280,"height":853,"url":"https:\/\/www.sotrender.com\/blog\/wp-content\/uploads\/2026\/08\/safari-browser.jpg","type":"image\/jpeg"}],"author":"Klaudia \u017by\u0142ka","twitter_card":"summary_large_image","twitter_creator":"@Sotrender","twitter_site":"@Sotrender","twitter_misc":{"Written by":"Klaudia \u017by\u0142ka","Est. reading time":"4 minutes"},"schema":{"@context":"https:\/\/schema.org","@graph":[{"@type":"WebPage","@id":"https:\/\/www.sotrender.com\/blog\/pl\/2026\/08\/facebook-ad-trends-lipiec-2026-spokojny-wakacyjny-czas\/","url":"https:\/\/www.sotrender.com\/blog\/pl\/2026\/08\/facebook-ad-trends-lipiec-2026-spokojny-wakacyjny-czas\/","name":"Facebook & Ad Trends lipiec 2026 \u2013 spokojny wakacyjny czas","isPartOf":{"@id":"https:\/\/www.sotrender.com\/blog\/#website"},"primaryImageOfPage":{"@id":"https:\/\/www.sotrender.com\/blog\/pl\/2026\/08\/facebook-ad-trends-lipiec-2026-spokojny-wakacyjny-czas\/#primaryimage"},"image":{"@id":"https:\/\/www.sotrender.com\/blog\/pl\/2026\/08\/facebook-ad-trends-lipiec-2026-spokojny-wakacyjny-czas\/#primaryimage"},"thumbnailUrl":"https:\/\/www.sotrender.com\/blog\/wp-content\/uploads\/2026\/08\/safari-browser.jpg","datePublished":"2026-08-10T08:16:18+00:00","dateModified":"2026-08-24T11:49:39+00:00","author":{"@id":"https:\/\/www.sotrender.com\/blog\/#\/schema\/person\/b1dfa582fdabb15ba224e6354cd81545"},"description":"Cho\u0107 na Facebooku by\u0142o w lipcu bardzo spokojnie, zmian i niespodzianek nie brakowa\u0142o z kolei w\u015br\u00f3d czo\u0142owych reklamodawc\u00f3w w ekosystemie Meta.","breadcrumb":{"@id":"https:\/\/www.sotrender.com\/blog\/pl\/2026\/08\/facebook-ad-trends-lipiec-2026-spokojny-wakacyjny-czas\/#breadcrumb"},"inLanguage":"pl-PL","potentialAction":[{"@type":"ReadAction","target":["https:\/\/www.sotrender.com\/blog\/pl\/2026\/08\/facebook-ad-trends-lipiec-2026-spokojny-wakacyjny-czas\/"]}]},{"@type":"ImageObject","inLanguage":"pl-PL","@id":"https:\/\/www.sotrender.com\/blog\/pl\/2026\/08\/facebook-ad-trends-lipiec-2026-spokojny-wakacyjny-czas\/#primaryimage","url":"https:\/\/www.sotrender.com\/blog\/wp-content\/uploads\/2026\/08\/safari-browser.jpg","contentUrl":"https:\/\/www.sotrender.com\/blog\/wp-content\/uploads\/2026\/08\/safari-browser.jpg","width":1280,"height":853},{"@type":"BreadcrumbList","@id":"https:\/\/www.sotrender.com\/blog\/pl\/2026\/08\/facebook-ad-trends-lipiec-2026-spokojny-wakacyjny-czas\/#breadcrumb","itemListElement":[{"@type":"ListItem","position":1,"name":"Home","item":"https:\/\/www.sotrender.com\/blog\/"},{"@type":"ListItem","position":2,"name":"Facebook &amp; Ad Trends lipiec 2026 \u2013 spokojny wakacyjny czas"}]},{"@type":"WebSite","@id":"https:\/\/www.sotrender.com\/blog\/#website","url":"https:\/\/www.sotrender.com\/blog\/","name":"Sotrender Blog","description":"","potentialAction":[{"@type":"SearchAction","target":{"@type":"EntryPoint","urlTemplate":"https:\/\/www.sotrender.com\/blog\/?s={search_term_string}"},"query-input":"required name=search_term_string"}],"inLanguage":"pl-PL"},{"@type":"Person","@id":"https:\/\/www.sotrender.com\/blog\/#\/schema\/person\/b1dfa582fdabb15ba224e6354cd81545","name":"Klaudia \u017by\u0142ka","image":{"@type":"ImageObject","inLanguage":"pl-PL","@id":"https:\/\/www.sotrender.com\/blog\/#\/schema\/person\/image\/","url":"https:\/\/secure.gravatar.com\/avatar\/f55d5d49ce3c448e1ffde0ab078d84cd?s=96&d=mm&r=g","contentUrl":"https:\/\/secure.gravatar.com\/avatar\/f55d5d49ce3c448e1ffde0ab078d84cd?s=96&d=mm&r=g","caption":"Klaudia \u017by\u0142ka"},"description":"Instagram, dogs, books and food lover. Former student at Warsaw University and Malm\u00f6 University. Improving her marketing skills every day. Proud owner of DIMAQ certificate","sameAs":["https:\/\/www.linkedin.com\/in\/klaudia-\u017cy\u0142ka-17527779"],"url":"https:\/\/www.sotrender.com\/blog\/pl\/author\/klaudia_yka\/"}]}},"_links":{"self":[{"href":"https:\/\/www.sotrender.com\/blog\/pl\/wp-json\/wp\/v2\/posts\/58817"}],"collection":[{"href":"https:\/\/www.sotrender.com\/blog\/pl\/wp-json\/wp\/v2\/posts"}],"about":[{"href":"https:\/\/www.sotrender.com\/blog\/pl\/wp-json\/wp\/v2\/types\/post"}],"author":[{"embeddable":true,"href":"https:\/\/www.sotrender.com\/blog\/pl\/wp-json\/wp\/v2\/users\/89"}],"replies":[{"embeddable":true,"href":"https:\/\/www.sotrender.com\/blog\/pl\/wp-json\/wp\/v2\/comments?post=58817"}],"version-history":[{"count":11,"href":"https:\/\/www.sotrender.com\/blog\/pl\/wp-json\/wp\/v2\/posts\/58817\/revisions"}],"predecessor-version":[{"id":58966,"href":"https:\/\/www.sotrender.com\/blog\/pl\/wp-json\/wp\/v2\/posts\/58817\/revisions\/58966"}],"wp:featuredmedia":[{"embeddable":true,"href":"https:\/\/www.sotrender.com\/blog\/pl\/wp-json\/wp\/v2\/media\/58837"}],"wp:attachment":[{"href":"https:\/\/www.sotrender.com\/blog\/pl\/wp-json\/wp\/v2\/media?parent=58817"}],"wp:term":[{"taxonomy":"category","embeddable":true,"href":"https:\/\/www.sotrender.com\/blog\/pl\/wp-json\/wp\/v2\/categories?post=58817"},{"taxonomy":"post_tag","embeddable":true,"href":"https:\/\/www.sotrender.com\/blog\/pl\/wp-json\/wp\/v2\/tags?post=58817"}],"curies":[{"name":"wp","href":"https:\/\/api.w.org\/{rel}","templated":true}]}}