{"id":57950,"date":"2026-04-10T09:03:40","date_gmt":"2026-04-10T07:03:40","guid":{"rendered":"https:\/\/www.sotrender.com\/blog\/?p=57950"},"modified":"2026-04-10T09:03:41","modified_gmt":"2026-04-10T07:03:41","slug":"facebook-trends-marzec-2026-polityka-i-dlugo-dlugo-nic","status":"publish","type":"post","link":"https:\/\/www.sotrender.com\/blog\/pl\/2026\/04\/facebook-trends-marzec-2026-polityka-i-dlugo-dlugo-nic\/","title":{"rendered":"Facebook Trends marzec 2026 \u2013 polityka i d\u0142ugo, d\u0142ugo nic"},"content":{"rendered":"\n<p>Sport nie jest ju\u017c tak anga\u017cuj\u0105cy na Facebooku jak mog\u0142oby si\u0119 wydawa\u0107. W minionym miesi\u0105cu kr\u00f3lowa\u0142a, jeszcze bardziej ni\u017c dotychczas, polityka. Polacy s\u0105 ju\u017c nie tylko specjalistami od fauli, spalonych i czerwonych kartek \u2013 s\u0105 znawcami unijnej polityki, mi\u0119dzynarodowych negocjacji i obrony narodowej.<\/p>\n\n\n\n<!--more-->\n\n\n\n<p>Zapraszamy na <a href=\"https:\/\/sotrender.com\/trends\/facebook\/poland\/202603\" target=\"_blank\" rel=\"noreferrer noopener\">marcowe wydanie raportu Facebook Trends<\/a>.<\/p>\n\n\n\n<h2 class=\"wp-block-heading\">Facebook \u017cyje polityk\u0105<\/h2>\n\n\n\n<p>Na Facebooku w marcu nie by\u0142o bardziej anga\u017cuj\u0105cego tematu ni\u017c polityka, a szczeg\u00f3lne zainteresowanie budzi\u0142 unijny program po\u017cyczkowy SAFE.<\/p>\n\n\n\n<p>14 z 15 <a href=\"https:\/\/sotrender.com\/trends\/facebook\/poland\/202603\/pl_wszystkie#best_posts\" target=\"_blank\" rel=\"noreferrer noopener\">najbardziej anga\u017cuj\u0105cych post\u00f3w miesi\u0105ca<\/a> na ca\u0142ym polskim Facebooku dotyczy\u0142o polityki, a 8 z nich w\u0142a\u015bnie programu SAFE. W czo\u0142\u00f3wce znalaz\u0142y si\u0119 posty Patryka Jakiego i Karola Nawrockiego, nie zabrak\u0142o r\u00f3wnie\u017c licznych tre\u015bci od Ewy Zaj\u0105czkowskiej.<\/p>\n\n\n\n<figure class=\"wp-block-image size-full\"><img loading=\"lazy\" decoding=\"async\" width=\"1800\" height=\"919\" src=\"https:\/\/www.sotrender.com\/blog\/wp-content\/uploads\/2026\/04\/top-posty-fb-marzec-2026.png\" alt=\"polityka najbardziej anga\u017cuj\u0105ce posty na facebooku w marcu 2026\" class=\"wp-image-57955\" srcset=\"https:\/\/www.sotrender.com\/blog\/wp-content\/uploads\/2026\/04\/top-posty-fb-marzec-2026.png 1800w, https:\/\/www.sotrender.com\/blog\/wp-content\/uploads\/2026\/04\/top-posty-fb-marzec-2026-475x243.png 475w, https:\/\/www.sotrender.com\/blog\/wp-content\/uploads\/2026\/04\/top-posty-fb-marzec-2026-768x392.png 768w, https:\/\/www.sotrender.com\/blog\/wp-content\/uploads\/2026\/04\/top-posty-fb-marzec-2026-1536x784.png 1536w\" sizes=\"(max-width: 1800px) 100vw, 1800px\" \/><figcaption class=\"wp-element-caption\"><a href=\"https:\/\/sotrender.com\/trends\/facebook\/poland\/202603\/pl_wszystkie#best_posts\" target=\"_blank\" rel=\"noreferrer noopener\">Najbardziej anga\u017cuj\u0105ce posty na polskim Facebooku<\/a> | marzec 2026<\/figcaption><\/figure>\n\n\n\n<p>Politykiem z najwi\u0119kszym zaanga\u017cowaniem pozosta\u0142 kolejny miesi\u0105c z rz\u0119du Dariusz Matecki. Jak wida\u0107 na polskim Facebooku rz\u0105dzi prawica, i nawet czo\u0142owym polskim sportowcom daleko jest do zaanga\u017cowania, jakie generuje Matecki, Zaj\u0105czkowska czy Jaki.<\/p>\n\n\n\n<figure class=\"wp-block-image size-full\"><img loading=\"lazy\" decoding=\"async\" width=\"2370\" height=\"336\" src=\"https:\/\/www.sotrender.com\/blog\/wp-content\/uploads\/2026\/04\/politycy-zaangazowanie-facebook-marzec-2026.png\" alt=\"\" class=\"wp-image-57957\" srcset=\"https:\/\/www.sotrender.com\/blog\/wp-content\/uploads\/2026\/04\/politycy-zaangazowanie-facebook-marzec-2026.png 2370w, https:\/\/www.sotrender.com\/blog\/wp-content\/uploads\/2026\/04\/politycy-zaangazowanie-facebook-marzec-2026-475x67.png 475w, https:\/\/www.sotrender.com\/blog\/wp-content\/uploads\/2026\/04\/politycy-zaangazowanie-facebook-marzec-2026-768x109.png 768w, https:\/\/www.sotrender.com\/blog\/wp-content\/uploads\/2026\/04\/politycy-zaangazowanie-facebook-marzec-2026-1536x218.png 1536w, https:\/\/www.sotrender.com\/blog\/wp-content\/uploads\/2026\/04\/politycy-zaangazowanie-facebook-marzec-2026-2048x290.png 2048w\" sizes=\"(max-width: 2370px) 100vw, 2370px\" \/><figcaption class=\"wp-element-caption\"><a href=\"https:\/\/sotrender.com\/trends\/facebook\/poland\/202603\/osoby#engagement\" target=\"_blank\" rel=\"noreferrer noopener\">Profile os\u00f3b z najwi\u0119ksz\u0105 liczb\u0105 aktywno\u015bci na Facebooku<\/a> | marzec 2026<\/figcaption><\/figure>\n\n\n\n<p>To, \u017ce tre\u015bci polityczne dzia\u0142aj\u0105 zacz\u0119li dostrzega\u0107 r\u00f3wnie\u017c inni \u2013 na profilach takich jak Eska, Super Express Sport czy M jak Mama r\u00f3wnie\u017c kr\u00f3lowa\u0142y tre\u015bci polityczne. Jak wida\u0107, ju\u017c nie tylko profile stricte zwi\u0105zane z polityk\u0105 wykorzystuj\u0105 t\u0105 tematyk\u0119 do budowania zaanga\u017cowania na swoich profilach.<\/p>\n\n\n\n<h2 class=\"wp-block-heading\">Wi\u0119cej ni\u017c dieta&nbsp;<\/h2>\n\n\n\n<p>Je\u015bli jakie\u015b marki da\u0142y si\u0119 zauwa\u017cy\u0107 na Facebooku w marcu, by\u0142y to zdecydowanie firmy z cateringami dietetycznymi.&nbsp;<\/p>\n\n\n\n<p>W ostatnich tygodniach Kuchnia Vikinga zaanga\u017cowa\u0142a si\u0119 w pomoc chorej na nowotw\u00f3r Zosi \u2013 celem by\u0142o zebranie \u015brodk\u00f3w na kosztowne leczenie w USA.<\/p>\n\n\n\n<p><a href=\"https:\/\/sotrender.com\/trends\/facebook\/poland\/202603\/fmcg#best_posts\" target=\"_blank\" rel=\"noreferrer noopener\">W\u015br\u00f3d najbardziej anga\u017cuj\u0105cych post\u00f3w w kategorii FMCG<\/a> dwa nale\u017ca\u0142y do Kuchni Vikinga \u2013 i dotyczy\u0142y w\u0142a\u015bnie pomocy dziewczynce. Inicjatywa zako\u0144czy\u0142a si\u0119 sukcesem \u2013 po balu charytatywnym \u201eDrzewo \u017bycia\u201d uda\u0142o si\u0119 zgromadzi\u0107 1 600 000 z\u0142 potrzebnych na leczenie Zosi.<\/p>\n\n\n\n<p>Profil Kuchni Vikinga awansowa\u0142 na drug\u0105 pozycj\u0119 <a href=\"https:\/\/sotrender.com\/trends\/facebook\/poland\/202603\/fmcg#engagement\" target=\"_blank\" rel=\"noreferrer noopener\">w rankingu pod wzgl\u0119dem liczby aktywno\u015bci<\/a>.<\/p>\n\n\n\n<figure class=\"wp-block-image size-full\"><img loading=\"lazy\" decoding=\"async\" width=\"2350\" height=\"340\" src=\"https:\/\/www.sotrender.com\/blog\/wp-content\/uploads\/2026\/04\/kuchnia-vikinga-zaangazowanie-fb.png\" alt=\"kuchnia vikinga, zaanga\u017cowanie na facebooku \" class=\"wp-image-57951\" srcset=\"https:\/\/www.sotrender.com\/blog\/wp-content\/uploads\/2026\/04\/kuchnia-vikinga-zaangazowanie-fb.png 2350w, https:\/\/www.sotrender.com\/blog\/wp-content\/uploads\/2026\/04\/kuchnia-vikinga-zaangazowanie-fb-475x69.png 475w, https:\/\/www.sotrender.com\/blog\/wp-content\/uploads\/2026\/04\/kuchnia-vikinga-zaangazowanie-fb-768x111.png 768w, https:\/\/www.sotrender.com\/blog\/wp-content\/uploads\/2026\/04\/kuchnia-vikinga-zaangazowanie-fb-1536x222.png 1536w, https:\/\/www.sotrender.com\/blog\/wp-content\/uploads\/2026\/04\/kuchnia-vikinga-zaangazowanie-fb-2048x296.png 2048w\" sizes=\"(max-width: 2350px) 100vw, 2350px\" \/><figcaption class=\"wp-element-caption\"><a href=\"https:\/\/sotrender.com\/trends\/facebook\/poland\/202603\/fmcg#engagement\" target=\"_blank\" rel=\"noreferrer noopener\">Profile z najwi\u0119ksz\u0105 liczb\u0105 aktywno\u015bci w kategorii FMCG na Facebooku<\/a> | marzec 2026<\/figcaption><\/figure>\n\n\n\n<p>Zauwa\u017cy\u0107 da\u0142a si\u0119 r\u00f3wnie\u017c Dieta od Broku\u0142a. Na profilu firmy opublikowano materia\u0142, w kt\u00f3rym go\u015bciom nowopowsta\u0142ej restauracji podawano posi\u0142ki z menu cateringu, nie ujawniaj\u0105c jednak kto stoi za ich przygotowaniem.<\/p>\n\n\n\n<p>Fani docenili pomys\u0142 i wykonanie tej do\u015b\u0107 nietypowej akcji marketingowej, a materia\u0142 znalaz\u0142 si\u0119 w\u015br\u00f3d <a href=\"https:\/\/sotrender.com\/trends\/facebook\/poland\/202603\/fmcg#best_posts\" target=\"_blank\" rel=\"noreferrer noopener\">najbardziej anga\u017cuj\u0105cych post\u00f3w miesi\u0105ca w kategorii FMCG<\/a>.<\/p>\n\n\n\n<figure class=\"wp-block-image size-full\"><img loading=\"lazy\" decoding=\"async\" width=\"2000\" height=\"867\" src=\"https:\/\/www.sotrender.com\/blog\/wp-content\/uploads\/2026\/04\/diety-od-brokula.png\" alt=\"najbardziej anga\u017cuj\u0105ce posty na facebooku w marcu 2026 w kategorii fmcg, diety od broku\u0142a\" class=\"wp-image-57953\" srcset=\"https:\/\/www.sotrender.com\/blog\/wp-content\/uploads\/2026\/04\/diety-od-brokula.png 2000w, https:\/\/www.sotrender.com\/blog\/wp-content\/uploads\/2026\/04\/diety-od-brokula-475x206.png 475w, https:\/\/www.sotrender.com\/blog\/wp-content\/uploads\/2026\/04\/diety-od-brokula-768x333.png 768w, https:\/\/www.sotrender.com\/blog\/wp-content\/uploads\/2026\/04\/diety-od-brokula-1536x666.png 1536w\" sizes=\"(max-width: 2000px) 100vw, 2000px\" \/><figcaption class=\"wp-element-caption\"><a href=\"https:\/\/sotrender.com\/trends\/facebook\/poland\/202603\/fmcg#best_posts\" target=\"_blank\" rel=\"noreferrer noopener\">Najbardziej anga\u017cuj\u0105ce posty na Facebooku w kategorii FMCG<\/a> | marzec 2026<\/figcaption><\/figure>\n\n\n\n<h2 class=\"wp-block-heading\">Facebook Trends marzec 2026<\/h2>\n\n\n\n<p>To wszystko, co przygotowali\u015bmy w tym miesi\u0105cu. Zach\u0119camy do sprawdzenia pe\u0142nej wersji raportu <a href=\"https:\/\/sotrender.com\/trends\/facebook\/poland\/202603\" target=\"_blank\" rel=\"noreferrer noopener\">Facebook Trends<\/a> i <a href=\"https:\/\/sotrender.com\/trends\/instagram\/poland\/202603\/\" target=\"_blank\" rel=\"noreferrer noopener\">Instagram Trends<\/a> za miniony miesi\u0105c.<\/p>\n","protected":false},"excerpt":{"rendered":"<p>Sport nie jest ju\u017c tak anga\u017cuj\u0105cy na Facebooku jak mog\u0142oby si\u0119 wydawa\u0107. W minionym miesi\u0105cu kr\u00f3lowa\u0142a, jeszcze bardziej ni\u017c dotychczas, polityka. Polacy s\u0105 ju\u017c nie tylko specjalistami od fauli, spalonych i czerwonych kartek \u2013 s\u0105 znawcami unijnej polityki, mi\u0119dzynarodowych negocjacji i obrony narodowej.<\/p>\n","protected":false},"author":89,"featured_media":57960,"comment_status":"closed","ping_status":"open","sticky":false,"template":"","format":"standard","meta":{"inline_featured_image":false,"footnotes":""},"categories":[1797],"tags":[825,2307,2433,3903],"yoast_head":"<!-- This site is optimized with the Yoast SEO plugin v22.4 - https:\/\/yoast.com\/wordpress\/plugins\/seo\/ -->\n<title>Facebook Trends marzec 2026 \u2013 polityka i d\u0142ugo, d\u0142ugo nic<\/title>\n<meta name=\"description\" content=\"Sport nie jest ju\u017c tak anga\u017cuj\u0105cy na Facebooku jak mog\u0142oby si\u0119 wydawa\u0107. W marcu kr\u00f3lowa\u0142a, jeszcze bardziej ni\u017c dotychczas, polityka.\" \/>\n<meta name=\"robots\" content=\"index, follow, max-snippet:-1, max-image-preview:large, max-video-preview:-1\" \/>\n<link rel=\"canonical\" href=\"https:\/\/www.sotrender.com\/blog\/pl\/2026\/04\/facebook-trends-marzec-2026-polityka-i-dlugo-dlugo-nic\/\" \/>\n<meta property=\"og:locale\" content=\"pl_PL\" \/>\n<meta property=\"og:type\" content=\"article\" \/>\n<meta property=\"og:title\" content=\"Facebook Trends marzec 2026 \u2013 polityka i d\u0142ugo, d\u0142ugo nic\" \/>\n<meta property=\"og:description\" content=\"Sport nie jest ju\u017c tak anga\u017cuj\u0105cy na Facebooku jak mog\u0142oby si\u0119 wydawa\u0107. W marcu kr\u00f3lowa\u0142a, jeszcze bardziej ni\u017c dotychczas, polityka.\" \/>\n<meta property=\"og:url\" content=\"https:\/\/www.sotrender.com\/blog\/pl\/2026\/04\/facebook-trends-marzec-2026-polityka-i-dlugo-dlugo-nic\/\" \/>\n<meta property=\"og:site_name\" content=\"Sotrender Blog\" \/>\n<meta property=\"article:publisher\" content=\"https:\/\/www.facebook.com\/Sotrender\" \/>\n<meta property=\"article:published_time\" content=\"2026-04-10T07:03:40+00:00\" \/>\n<meta property=\"article:modified_time\" content=\"2026-04-10T07:03:41+00:00\" \/>\n<meta property=\"og:image\" content=\"https:\/\/www.sotrender.com\/blog\/wp-content\/uploads\/2026\/04\/polityka-fb.jpg\" \/>\n\t<meta property=\"og:image:width\" content=\"1280\" \/>\n\t<meta property=\"og:image:height\" content=\"853\" \/>\n\t<meta property=\"og:image:type\" content=\"image\/jpeg\" \/>\n<meta name=\"author\" content=\"Klaudia \u017by\u0142ka\" \/>\n<meta name=\"twitter:card\" content=\"summary_large_image\" \/>\n<meta name=\"twitter:creator\" content=\"@Sotrender\" \/>\n<meta name=\"twitter:site\" content=\"@Sotrender\" \/>\n<meta name=\"twitter:label1\" content=\"Written by\" \/>\n\t<meta name=\"twitter:data1\" content=\"Klaudia \u017by\u0142ka\" \/>\n\t<meta name=\"twitter:label2\" content=\"Est. reading time\" \/>\n\t<meta name=\"twitter:data2\" content=\"3 minutes\" \/>\n<script type=\"application\/ld+json\" class=\"yoast-schema-graph\">{\"@context\":\"https:\/\/schema.org\",\"@graph\":[{\"@type\":\"WebPage\",\"@id\":\"https:\/\/www.sotrender.com\/blog\/pl\/2026\/04\/facebook-trends-marzec-2026-polityka-i-dlugo-dlugo-nic\/\",\"url\":\"https:\/\/www.sotrender.com\/blog\/pl\/2026\/04\/facebook-trends-marzec-2026-polityka-i-dlugo-dlugo-nic\/\",\"name\":\"Facebook Trends marzec 2026 \u2013 polityka i d\u0142ugo, d\u0142ugo nic\",\"isPartOf\":{\"@id\":\"https:\/\/www.sotrender.com\/blog\/#website\"},\"primaryImageOfPage\":{\"@id\":\"https:\/\/www.sotrender.com\/blog\/pl\/2026\/04\/facebook-trends-marzec-2026-polityka-i-dlugo-dlugo-nic\/#primaryimage\"},\"image\":{\"@id\":\"https:\/\/www.sotrender.com\/blog\/pl\/2026\/04\/facebook-trends-marzec-2026-polityka-i-dlugo-dlugo-nic\/#primaryimage\"},\"thumbnailUrl\":\"https:\/\/www.sotrender.com\/blog\/wp-content\/uploads\/2026\/04\/polityka-fb.jpg\",\"datePublished\":\"2026-04-10T07:03:40+00:00\",\"dateModified\":\"2026-04-10T07:03:41+00:00\",\"author\":{\"@id\":\"https:\/\/www.sotrender.com\/blog\/#\/schema\/person\/038ac5e276c5d102d8cbb9c36cd43416\"},\"description\":\"Sport nie jest ju\u017c tak anga\u017cuj\u0105cy na Facebooku jak mog\u0142oby si\u0119 wydawa\u0107. W marcu kr\u00f3lowa\u0142a, jeszcze bardziej ni\u017c dotychczas, polityka.\",\"breadcrumb\":{\"@id\":\"https:\/\/www.sotrender.com\/blog\/pl\/2026\/04\/facebook-trends-marzec-2026-polityka-i-dlugo-dlugo-nic\/#breadcrumb\"},\"inLanguage\":\"pl-PL\",\"potentialAction\":[{\"@type\":\"ReadAction\",\"target\":[\"https:\/\/www.sotrender.com\/blog\/pl\/2026\/04\/facebook-trends-marzec-2026-polityka-i-dlugo-dlugo-nic\/\"]}]},{\"@type\":\"ImageObject\",\"inLanguage\":\"pl-PL\",\"@id\":\"https:\/\/www.sotrender.com\/blog\/pl\/2026\/04\/facebook-trends-marzec-2026-polityka-i-dlugo-dlugo-nic\/#primaryimage\",\"url\":\"https:\/\/www.sotrender.com\/blog\/wp-content\/uploads\/2026\/04\/polityka-fb.jpg\",\"contentUrl\":\"https:\/\/www.sotrender.com\/blog\/wp-content\/uploads\/2026\/04\/polityka-fb.jpg\",\"width\":1280,\"height\":853},{\"@type\":\"BreadcrumbList\",\"@id\":\"https:\/\/www.sotrender.com\/blog\/pl\/2026\/04\/facebook-trends-marzec-2026-polityka-i-dlugo-dlugo-nic\/#breadcrumb\",\"itemListElement\":[{\"@type\":\"ListItem\",\"position\":1,\"name\":\"Home\",\"item\":\"https:\/\/www.sotrender.com\/blog\/\"},{\"@type\":\"ListItem\",\"position\":2,\"name\":\"Facebook Trends marzec 2026 \u2013 polityka i d\u0142ugo, d\u0142ugo nic\"}]},{\"@type\":\"WebSite\",\"@id\":\"https:\/\/www.sotrender.com\/blog\/#website\",\"url\":\"https:\/\/www.sotrender.com\/blog\/\",\"name\":\"Sotrender Blog\",\"description\":\"\",\"potentialAction\":[{\"@type\":\"SearchAction\",\"target\":{\"@type\":\"EntryPoint\",\"urlTemplate\":\"https:\/\/www.sotrender.com\/blog\/?s={search_term_string}\"},\"query-input\":\"required name=search_term_string\"}],\"inLanguage\":\"pl-PL\"},{\"@type\":\"Person\",\"@id\":\"https:\/\/www.sotrender.com\/blog\/#\/schema\/person\/038ac5e276c5d102d8cbb9c36cd43416\",\"name\":\"Klaudia \u017by\u0142ka\",\"image\":{\"@type\":\"ImageObject\",\"inLanguage\":\"pl-PL\",\"@id\":\"https:\/\/www.sotrender.com\/blog\/#\/schema\/person\/image\/\",\"url\":\"https:\/\/secure.gravatar.com\/avatar\/f55d5d49ce3c448e1ffde0ab078d84cd?s=96&d=mm&r=g\",\"contentUrl\":\"https:\/\/secure.gravatar.com\/avatar\/f55d5d49ce3c448e1ffde0ab078d84cd?s=96&d=mm&r=g\",\"caption\":\"Klaudia \u017by\u0142ka\"},\"description\":\"Instagram, dogs, books and food lover. Former student at Warsaw University and Malm\u00f6 University. Improving her marketing skills every day. Proud owner of DIMAQ certificate\",\"sameAs\":[\"https:\/\/www.linkedin.com\/in\/klaudia-\u017cy\u0142ka-17527779\"],\"url\":\"https:\/\/www.sotrender.com\/blog\/pl\/author\/klaudia_yka\/\"}]}<\/script>\n<!-- \/ Yoast SEO plugin. -->","yoast_head_json":{"title":"Facebook Trends marzec 2026 \u2013 polityka i d\u0142ugo, d\u0142ugo nic","description":"Sport nie jest ju\u017c tak anga\u017cuj\u0105cy na Facebooku jak mog\u0142oby si\u0119 wydawa\u0107. W marcu kr\u00f3lowa\u0142a, jeszcze bardziej ni\u017c dotychczas, polityka.","robots":{"index":"index","follow":"follow","max-snippet":"max-snippet:-1","max-image-preview":"max-image-preview:large","max-video-preview":"max-video-preview:-1"},"canonical":"https:\/\/www.sotrender.com\/blog\/pl\/2026\/04\/facebook-trends-marzec-2026-polityka-i-dlugo-dlugo-nic\/","og_locale":"pl_PL","og_type":"article","og_title":"Facebook Trends marzec 2026 \u2013 polityka i d\u0142ugo, d\u0142ugo nic","og_description":"Sport nie jest ju\u017c tak anga\u017cuj\u0105cy na Facebooku jak mog\u0142oby si\u0119 wydawa\u0107. W marcu kr\u00f3lowa\u0142a, jeszcze bardziej ni\u017c dotychczas, polityka.","og_url":"https:\/\/www.sotrender.com\/blog\/pl\/2026\/04\/facebook-trends-marzec-2026-polityka-i-dlugo-dlugo-nic\/","og_site_name":"Sotrender Blog","article_publisher":"https:\/\/www.facebook.com\/Sotrender","article_published_time":"2026-04-10T07:03:40+00:00","article_modified_time":"2026-04-10T07:03:41+00:00","og_image":[{"width":1280,"height":853,"url":"https:\/\/www.sotrender.com\/blog\/wp-content\/uploads\/2026\/04\/polityka-fb.jpg","type":"image\/jpeg"}],"author":"Klaudia \u017by\u0142ka","twitter_card":"summary_large_image","twitter_creator":"@Sotrender","twitter_site":"@Sotrender","twitter_misc":{"Written by":"Klaudia \u017by\u0142ka","Est. reading time":"3 minutes"},"schema":{"@context":"https:\/\/schema.org","@graph":[{"@type":"WebPage","@id":"https:\/\/www.sotrender.com\/blog\/pl\/2026\/04\/facebook-trends-marzec-2026-polityka-i-dlugo-dlugo-nic\/","url":"https:\/\/www.sotrender.com\/blog\/pl\/2026\/04\/facebook-trends-marzec-2026-polityka-i-dlugo-dlugo-nic\/","name":"Facebook Trends marzec 2026 \u2013 polityka i d\u0142ugo, d\u0142ugo nic","isPartOf":{"@id":"https:\/\/www.sotrender.com\/blog\/#website"},"primaryImageOfPage":{"@id":"https:\/\/www.sotrender.com\/blog\/pl\/2026\/04\/facebook-trends-marzec-2026-polityka-i-dlugo-dlugo-nic\/#primaryimage"},"image":{"@id":"https:\/\/www.sotrender.com\/blog\/pl\/2026\/04\/facebook-trends-marzec-2026-polityka-i-dlugo-dlugo-nic\/#primaryimage"},"thumbnailUrl":"https:\/\/www.sotrender.com\/blog\/wp-content\/uploads\/2026\/04\/polityka-fb.jpg","datePublished":"2026-04-10T07:03:40+00:00","dateModified":"2026-04-10T07:03:41+00:00","author":{"@id":"https:\/\/www.sotrender.com\/blog\/#\/schema\/person\/038ac5e276c5d102d8cbb9c36cd43416"},"description":"Sport nie jest ju\u017c tak anga\u017cuj\u0105cy na Facebooku jak mog\u0142oby si\u0119 wydawa\u0107. W marcu kr\u00f3lowa\u0142a, jeszcze bardziej ni\u017c dotychczas, polityka.","breadcrumb":{"@id":"https:\/\/www.sotrender.com\/blog\/pl\/2026\/04\/facebook-trends-marzec-2026-polityka-i-dlugo-dlugo-nic\/#breadcrumb"},"inLanguage":"pl-PL","potentialAction":[{"@type":"ReadAction","target":["https:\/\/www.sotrender.com\/blog\/pl\/2026\/04\/facebook-trends-marzec-2026-polityka-i-dlugo-dlugo-nic\/"]}]},{"@type":"ImageObject","inLanguage":"pl-PL","@id":"https:\/\/www.sotrender.com\/blog\/pl\/2026\/04\/facebook-trends-marzec-2026-polityka-i-dlugo-dlugo-nic\/#primaryimage","url":"https:\/\/www.sotrender.com\/blog\/wp-content\/uploads\/2026\/04\/polityka-fb.jpg","contentUrl":"https:\/\/www.sotrender.com\/blog\/wp-content\/uploads\/2026\/04\/polityka-fb.jpg","width":1280,"height":853},{"@type":"BreadcrumbList","@id":"https:\/\/www.sotrender.com\/blog\/pl\/2026\/04\/facebook-trends-marzec-2026-polityka-i-dlugo-dlugo-nic\/#breadcrumb","itemListElement":[{"@type":"ListItem","position":1,"name":"Home","item":"https:\/\/www.sotrender.com\/blog\/"},{"@type":"ListItem","position":2,"name":"Facebook Trends marzec 2026 \u2013 polityka i d\u0142ugo, d\u0142ugo nic"}]},{"@type":"WebSite","@id":"https:\/\/www.sotrender.com\/blog\/#website","url":"https:\/\/www.sotrender.com\/blog\/","name":"Sotrender Blog","description":"","potentialAction":[{"@type":"SearchAction","target":{"@type":"EntryPoint","urlTemplate":"https:\/\/www.sotrender.com\/blog\/?s={search_term_string}"},"query-input":"required name=search_term_string"}],"inLanguage":"pl-PL"},{"@type":"Person","@id":"https:\/\/www.sotrender.com\/blog\/#\/schema\/person\/038ac5e276c5d102d8cbb9c36cd43416","name":"Klaudia \u017by\u0142ka","image":{"@type":"ImageObject","inLanguage":"pl-PL","@id":"https:\/\/www.sotrender.com\/blog\/#\/schema\/person\/image\/","url":"https:\/\/secure.gravatar.com\/avatar\/f55d5d49ce3c448e1ffde0ab078d84cd?s=96&d=mm&r=g","contentUrl":"https:\/\/secure.gravatar.com\/avatar\/f55d5d49ce3c448e1ffde0ab078d84cd?s=96&d=mm&r=g","caption":"Klaudia \u017by\u0142ka"},"description":"Instagram, dogs, books and food lover. Former student at Warsaw University and Malm\u00f6 University. Improving her marketing skills every day. Proud owner of DIMAQ certificate","sameAs":["https:\/\/www.linkedin.com\/in\/klaudia-\u017cy\u0142ka-17527779"],"url":"https:\/\/www.sotrender.com\/blog\/pl\/author\/klaudia_yka\/"}]}},"_links":{"self":[{"href":"https:\/\/www.sotrender.com\/blog\/pl\/wp-json\/wp\/v2\/posts\/57950"}],"collection":[{"href":"https:\/\/www.sotrender.com\/blog\/pl\/wp-json\/wp\/v2\/posts"}],"about":[{"href":"https:\/\/www.sotrender.com\/blog\/pl\/wp-json\/wp\/v2\/types\/post"}],"author":[{"embeddable":true,"href":"https:\/\/www.sotrender.com\/blog\/pl\/wp-json\/wp\/v2\/users\/89"}],"replies":[{"embeddable":true,"href":"https:\/\/www.sotrender.com\/blog\/pl\/wp-json\/wp\/v2\/comments?post=57950"}],"version-history":[{"count":2,"href":"https:\/\/www.sotrender.com\/blog\/pl\/wp-json\/wp\/v2\/posts\/57950\/revisions"}],"predecessor-version":[{"id":57962,"href":"https:\/\/www.sotrender.com\/blog\/pl\/wp-json\/wp\/v2\/posts\/57950\/revisions\/57962"}],"wp:featuredmedia":[{"embeddable":true,"href":"https:\/\/www.sotrender.com\/blog\/pl\/wp-json\/wp\/v2\/media\/57960"}],"wp:attachment":[{"href":"https:\/\/www.sotrender.com\/blog\/pl\/wp-json\/wp\/v2\/media?parent=57950"}],"wp:term":[{"taxonomy":"category","embeddable":true,"href":"https:\/\/www.sotrender.com\/blog\/pl\/wp-json\/wp\/v2\/categories?post=57950"},{"taxonomy":"post_tag","embeddable":true,"href":"https:\/\/www.sotrender.com\/blog\/pl\/wp-json\/wp\/v2\/tags?post=57950"}],"curies":[{"name":"wp","href":"https:\/\/api.w.org\/{rel}","templated":true}]}}