{"id":57842,"date":"2026-03-13T10:00:00","date_gmt":"2026-03-13T09:00:00","guid":{"rendered":"https:\/\/www.sotrender.com\/blog\/?p=57842"},"modified":"2026-04-10T10:42:14","modified_gmt":"2026-04-10T08:42:14","slug":"tiktok-trends-luty-2026-olimpijskie-emocje","status":"publish","type":"post","link":"https:\/\/www.sotrender.com\/blog\/pl\/2026\/03\/tiktok-trends-luty-2026-olimpijskie-emocje\/","title":{"rendered":"TikTok Trends luty 2026 \u2013 olimpijskie emocje"},"content":{"rendered":"\n<p>Luty na TikToku pokaza\u0142 wyra\u017any podzia\u0142 mi\u0119dzy strategiami medi\u00f3w i marek. Media dominuj\u0105 w rankingach aktywno\u015bci i zaanga\u017cowania, podczas gdy marki retailowe coraz cz\u0119\u015bciej przejmuj\u0105 ranking odtworze\u0144 dzi\u0119ki skalowaniu tre\u015bci wideo.<\/p>\n\n\n\n<!--more-->\n\n\n\n<h2 class=\"wp-block-heading\">TVP Sport najbardziej anga\u017cuj\u0105cym profilem miesi\u0105ca<\/h2>\n\n\n\n<p>W lutym tytu\u0142 najbardziej anga\u017cuj\u0105cego profilu trafi\u0142 do TVP Sport z wynikiem 3,04 mln interakcji (+2 mln). To jednocze\u015bnie najwi\u0119kszy wzrost zaanga\u017cowania w ca\u0142ym zestawieniu. Wynik ten nie jest przypadkowy \u2013 luty by\u0142 miesi\u0105cem zimowych igrzysk olimpijskich, a intensywne relacjonowanie wydarze\u0144 sportowych wyra\u017anie prze\u0142o\u017cy\u0142o si\u0119 na bardzo wysok\u0105 aktywno\u015b\u0107 u\u017cytkownik\u00f3w pod publikowanymi materia\u0142ami.<\/p>\n\n\n\n<figure class=\"wp-block-embed is-type-video is-provider-youtube wp-block-embed-youtube wp-embed-aspect-9-16 wp-has-aspect-ratio\"><div class=\"wp-block-embed__wrapper\">\n<iframe loading=\"lazy\" title=\"Kto w lutym przyci\u0105ga\u0142 uwag\u0119 na TikToku? \ud83d\udc40 | #marketing #socialmedia #TikTokTrends\" width=\"422\" height=\"750\" src=\"https:\/\/www.youtube.com\/embed\/mepxNVIQz_U?feature=oembed\" frameborder=\"0\" allow=\"accelerometer; autoplay; clipboard-write; encrypted-media; gyroscope; picture-in-picture; web-share\" referrerpolicy=\"strict-origin-when-cross-origin\" allowfullscreen><\/iframe>\n<\/div><\/figure>\n\n\n\n<p>Na 2. miejscu znalaz\u0142y si\u0119 @wydarzenia_24 z 2,59 mln interakcji, cho\u0107 profil zanotowa\u0142 spory spadek miesi\u0105c do miesi\u0105ca (-1,36 mln).<\/p>\n\n\n\n<p>Podium zamkn\u0105\u0142 Polsat z wynikiem 2,31 mln interakcji i drugim najwi\u0119kszym przyrostem (+1,12 mln).<\/p>\n\n\n\n<p>Trzeci najwi\u0119kszy wzrost zaanga\u017cowania zanotowa\u0142 TVN (+0,69 mln).<\/p>\n\n\n\n<p>W lutym szczeg\u00f3lnie dobrze wida\u0107 wi\u0119c siln\u0105 obecno\u015b\u0107 profili medialnych, kt\u00f3re zdecydowanie wygrywa\u0142y na platformie pod wzgl\u0119dem umiej\u0119tno\u015bci anga\u017cowania u\u017cytkownik\u00f3w.<\/p>\n\n\n<div class=\"wp-block-image\">\n<figure class=\"aligncenter size-full\"><img loading=\"lazy\" decoding=\"async\" width=\"2048\" height=\"1536\" src=\"https:\/\/www.sotrender.com\/blog\/wp-content\/uploads\/2026\/03\/202602_barplot_ini-1.png\" alt=\"Profile marek na TikToku o najwi\u0119kszym zaanga\u017cowaniu u\u017cytkownik\u00f3w | luty 2026 r.\" class=\"wp-image-57845\" srcset=\"https:\/\/www.sotrender.com\/blog\/wp-content\/uploads\/2026\/03\/202602_barplot_ini-1.png 2048w, https:\/\/www.sotrender.com\/blog\/wp-content\/uploads\/2026\/03\/202602_barplot_ini-1-475x356.png 475w, https:\/\/www.sotrender.com\/blog\/wp-content\/uploads\/2026\/03\/202602_barplot_ini-1-768x576.png 768w, https:\/\/www.sotrender.com\/blog\/wp-content\/uploads\/2026\/03\/202602_barplot_ini-1-1536x1152.png 1536w\" sizes=\"(max-width: 2048px) 100vw, 2048px\" \/><figcaption class=\"wp-element-caption\">Profile marek na TikToku o najwi\u0119kszym zaanga\u017cowaniu u\u017cytkownik\u00f3w | luty 2026 r.<\/figcaption><\/figure><\/div>\n\n<style>\n    .cta-image-container {\n        background-image: url('https:\/\/www.sotrender.com\/blog\/wp-content\/uploads\/2024\/07\/Frame-1000001352.png');\n        background-size: contain;\n        background-position: left 300px top 100px;\n        background-repeat: no-repeat;\n}\n\n<\/style>    \n<div id=\"wp-block-cta-buttons-three-points-and-image\" class=\"wp-block-cta-buttons-three-points-and-image\">\n\n    <div class=\"content\">\n        <div class=\"header\">Sprawd\u017a skuteczno\u015b\u0107 swojej strategii na TikToku<\/div>\n\n        <ul class=\"list\">\n            <li>7 dni za darmo<\/li>\n            <li>Bez karty kredytowej<\/li>\n            <li>Pe\u0142en dost\u0119p do funkcji premium<\/li>\n        <\/ul>\n                    <a class=\"btn\" href=\"https:\/\/app.sotrender.com\/auth\/signup\/trial\/pl?utm_source=blog-cta\">\n                <div class=\"btn_content\">\n                    Wypr\u00f3buj                <\/div>\n            <\/a>\n        \n    <\/div>\n\n    <img decoding=\"async\" class=\"image\" src=\"https:\/\/www.sotrender.com\/blog\/wp-content\/uploads\/2024\/07\/Frame-1000001352.png\"\/>\n    \n\n   \n   \n<\/div>\n\n\n\n<h2 class=\"wp-block-heading\">Lidl ponownie liderem pod wzgl\u0119dem odtworze\u0144<\/h2>\n\n\n\n<p>Najwi\u0119cej odtworze\u0144 w lutym wygenerowa\u0142 profil Lidla, kt\u00f3ry osi\u0105gn\u0105\u0142 wynik 204 mln wy\u015bwietle\u0144, notuj\u0105c jednocze\u015bnie wzrost o 22 mln w por\u00f3wnaniu z poprzednim miesi\u0105cem.<\/p>\n\n\n\n<p>Na 2. miejscu znalaz\u0142 si\u0119 Media Expert z wynikiem 115 mln odtworze\u0144, przy czym profil zanotowa\u0142 jeden z najwi\u0119kszych wzrost\u00f3w w ca\u0142ym zestawieniu \u2013 a\u017c o 38 mln.<\/p>\n\n\n\n<p>Podium zamykaj\u0105 @wydarzenia_24, kt\u00f3re wygenerowa\u0142y 72 mln odtworze\u0144.<\/p>\n\n\n\n<p>Je\u015bli spojrzymy na dynamik\u0119 zmian w zestawieniu, najwi\u0119ksze wzrosty liczby odtworze\u0144 zanotowa\u0142y TVP Sport oraz Allegro, kt\u00f3re zwi\u0119kszy\u0142y swoje wyniki o 48 mln.<\/p>\n\n\n<div class=\"wp-block-image\">\n<figure class=\"aligncenter size-full\"><img loading=\"lazy\" decoding=\"async\" width=\"2048\" height=\"1536\" src=\"https:\/\/www.sotrender.com\/blog\/wp-content\/uploads\/2026\/03\/202602_barplot_plays-1.png\" alt=\"Profile marek na TikToku o najwi\u0119kszej liczbie odtworze\u0144 tre\u015bci (organicznych i p\u0142atnych) | luty 2026 r.\" class=\"wp-image-57849\" srcset=\"https:\/\/www.sotrender.com\/blog\/wp-content\/uploads\/2026\/03\/202602_barplot_plays-1.png 2048w, https:\/\/www.sotrender.com\/blog\/wp-content\/uploads\/2026\/03\/202602_barplot_plays-1-475x356.png 475w, https:\/\/www.sotrender.com\/blog\/wp-content\/uploads\/2026\/03\/202602_barplot_plays-1-768x576.png 768w, https:\/\/www.sotrender.com\/blog\/wp-content\/uploads\/2026\/03\/202602_barplot_plays-1-1536x1152.png 1536w\" sizes=\"(max-width: 2048px) 100vw, 2048px\" \/><figcaption class=\"wp-element-caption\">Profile marek na TikToku o najwi\u0119kszej liczbie odtworze\u0144 tre\u015bci (organicznych i p\u0142atnych)&nbsp;| luty 2026 r.<\/figcaption><\/figure><\/div>\n\n\n<h2 class=\"wp-block-heading\">Polsat publikowa\u0142 najwi\u0119cej<\/h2>\n\n\n\n<p>Najbardziej aktywnym profilem lutego by\u0142 Polsat, kt\u00f3ry opublikowa\u0142 473 filmy. To zdecydowanie najwy\u017cszy wynik w ca\u0142ym zestawieniu i jednocze\u015bnie najwi\u0119kszy wzrost liczby publikacji miesi\u0105c do miesi\u0105ca \u2013 a\u017c o 325 materia\u0142\u00f3w.<\/p>\n\n\n\n<p>Na 2. miejscu znalaz\u0142 si\u0119 Super Express, kt\u00f3ry w lutym opublikowa\u0142 397 film\u00f3w.<\/p>\n\n\n\n<p>Podium zamkn\u0119\u0142a Suwerenna Polska z wynikiem 380 publikacji.<\/p>\n\n\n\n<p>Je\u015bli spojrzymy na dynamik\u0119 zmian, poza Polsatem bardzo du\u017cy wzrost aktywno\u015bci zanotowa\u0142y r\u00f3wnie\u017c TVP Sport, kt\u00f3re opublikowa\u0142o o 158 materia\u0142\u00f3w wi\u0119cej ni\u017c w poprzednim miesi\u0105cu, oraz TVN, gdzie liczba publikacji wzros\u0142a o 136 film\u00f3w.<\/p>\n\n\n\n<p>Lutowe dane pokazuj\u0105 wi\u0119c wyra\u017any trend \u2013 profile medialne coraz cz\u0119\u015bciej traktuj\u0105 TikToka jako kana\u0142 bie\u017c\u0105cej dystrybucji tre\u015bci, publikuj\u0105c nawet kilkana\u015bcie materia\u0142\u00f3w dziennie.<\/p>\n\n\n<div class=\"wp-block-image\">\n<figure class=\"aligncenter size-full\"><img loading=\"lazy\" decoding=\"async\" width=\"2048\" height=\"1536\" src=\"https:\/\/www.sotrender.com\/blog\/wp-content\/uploads\/2026\/03\/202602_barplot_posts-1.png\" alt=\"Najaktywniejsze profile marek na TikToku\u00a0| luty 2026 r.\" class=\"wp-image-57853\" srcset=\"https:\/\/www.sotrender.com\/blog\/wp-content\/uploads\/2026\/03\/202602_barplot_posts-1.png 2048w, https:\/\/www.sotrender.com\/blog\/wp-content\/uploads\/2026\/03\/202602_barplot_posts-1-475x356.png 475w, https:\/\/www.sotrender.com\/blog\/wp-content\/uploads\/2026\/03\/202602_barplot_posts-1-768x576.png 768w, https:\/\/www.sotrender.com\/blog\/wp-content\/uploads\/2026\/03\/202602_barplot_posts-1-1536x1152.png 1536w\" sizes=\"(max-width: 2048px) 100vw, 2048px\" \/><figcaption class=\"wp-element-caption\">Najaktywniejsze profile marek na TikToku&nbsp;| luty 2026 r.<\/figcaption><\/figure><\/div>\n\n\n<h2 class=\"wp-block-heading\">Allegro z najch\u0119tniej ogl\u0105danym wideo miesi\u0105ca<\/h2>\n\n\n\n<p>Najcz\u0119\u015bciej ogl\u0105danym materia\u0142em lutego zosta\u0142 post Allegro, kt\u00f3ry osi\u0105gn\u0105\u0142 23,1 mln odtworze\u0144. Wideo promowa\u0142o wsp\u00f3\u0142prac\u0119 z Fukajem w ramach jego trasy \u201eZnajd\u017a mnie w trasie\u201d. Dynamiczny format, rozpoznawalna twarz i jasny komunikat dotycz\u0105cy wydarzenia sprawi\u0142y, \u017ce materia\u0142 bardzo szybko zdoby\u0142 du\u017cy zasi\u0119g. <\/p>\n\n\n\n<p>Na 2. i 3. miejscu znalaz\u0142y si\u0119 materia\u0142y Lidla z wynikami 19,7 mln oraz 16,7 mln odtworze\u0144. W sumie w TOP6 pojawi\u0142y si\u0119 a\u017c cztery posty tej marki, co potwierdza bardzo skuteczn\u0105 strategi\u0119 publikacji. Tre\u015bci Lidla to miks humorystycznych materia\u0142\u00f3w nawi\u0105zuj\u0105cych do popkultury, komunikat\u00f3w promocyjnych oraz kr\u00f3tkich format\u00f3w kulinarnych z przepisami, kt\u00f3re regularnie generuj\u0105 wysokie zasi\u0119gi na platformie.<\/p>\n\n\n<div class=\"wp-block-image\">\n<figure class=\"aligncenter size-full\"><img loading=\"lazy\" decoding=\"async\" width=\"1800\" height=\"1599\" src=\"https:\/\/www.sotrender.com\/blog\/wp-content\/uploads\/2026\/03\/202602_top_posts_plays-1.png\" alt=\"Najlepsze posty marek na TikToku pod wzgl\u0119dem liczby odtworze\u0144 | luty 2026 r.\" class=\"wp-image-57857\" srcset=\"https:\/\/www.sotrender.com\/blog\/wp-content\/uploads\/2026\/03\/202602_top_posts_plays-1.png 1800w, https:\/\/www.sotrender.com\/blog\/wp-content\/uploads\/2026\/03\/202602_top_posts_plays-1-475x422.png 475w, https:\/\/www.sotrender.com\/blog\/wp-content\/uploads\/2026\/03\/202602_top_posts_plays-1-768x682.png 768w, https:\/\/www.sotrender.com\/blog\/wp-content\/uploads\/2026\/03\/202602_top_posts_plays-1-1536x1364.png 1536w\" sizes=\"(max-width: 1800px) 100vw, 1800px\" \/><figcaption class=\"wp-element-caption\">Najlepsze posty marek na TikToku pod wzgl\u0119dem liczby odtworze\u0144&nbsp;| luty 2026 r.<\/figcaption><\/figure><\/div>\n\n\n<h2 class=\"wp-block-heading\">TVN opublikowa\u0142 najbardziej anga\u017cuj\u0105ce wideo<\/h2>\n\n\n\n<p>Zestawienie najlepszych post\u00f3w pod wzgl\u0119dem Activity Index pokazuje nieco inny obraz ni\u017c ranking odtworze\u0144. Tutaj zdecydowanie mocniej widoczna jest przewaga tre\u015bci medialnych i rozrywkowych.<\/p>\n\n\n\n<p>Na 1. miejscu znalaz\u0142 si\u0119 materia\u0142 opublikowany przez TVN, kt\u00f3ry osi\u0105gn\u0105\u0142 Activity Index na poziomie 551 tys. Wideo przedstawia\u0142o fragment programu \u201eMam Talent\u201d, w kt\u00f3rym kilkuletni uczestnik prezentuje swoj\u0105 wiedz\u0119 o mapie \u015bwiata. Kr\u00f3tki, zaskakuj\u0105cy i emocjonalny moment programu bardzo szybko zdoby\u0142 du\u017c\u0105 liczb\u0119 reakcji i udost\u0119pnie\u0144.<\/p>\n\n\n\n<p>Na 2. miejscu znalaz\u0142 si\u0119 materia\u0142 Polsatu z Activity Index na poziomie 523 tys. z fragmentem programu \u201eMilionerzy\u201d.<\/p>\n\n\n\n<p>Podium zamyka profil Elle Polska, kt\u00f3rego materia\u0142 osi\u0105gn\u0105\u0142 Activity Index na poziomie 417 tys. Wideo przedstawia\u0142o Seungmina ze Stray Kids podczas pokazu Burberry w Londynie i wpisywa\u0142o si\u0119 w trend tre\u015bci zwi\u0105zanych z popkultur\u0105 oraz globalnymi gwiazdami k-popu.<\/p>\n\n\n<div class=\"wp-block-image\">\n<figure class=\"aligncenter size-full\"><img loading=\"lazy\" decoding=\"async\" width=\"1800\" height=\"1599\" src=\"https:\/\/www.sotrender.com\/blog\/wp-content\/uploads\/2026\/03\/202602_top_posts_ini-1.png\" alt=\"Najlepsze posty marek na TikToku pod wzgl\u0119dem wska\u017anika Activity Index\u00a0| luty 2026 r.\" class=\"wp-image-57861\" srcset=\"https:\/\/www.sotrender.com\/blog\/wp-content\/uploads\/2026\/03\/202602_top_posts_ini-1.png 1800w, https:\/\/www.sotrender.com\/blog\/wp-content\/uploads\/2026\/03\/202602_top_posts_ini-1-475x422.png 475w, https:\/\/www.sotrender.com\/blog\/wp-content\/uploads\/2026\/03\/202602_top_posts_ini-1-768x682.png 768w, https:\/\/www.sotrender.com\/blog\/wp-content\/uploads\/2026\/03\/202602_top_posts_ini-1-1536x1364.png 1536w\" sizes=\"(max-width: 1800px) 100vw, 1800px\" \/><figcaption class=\"wp-element-caption\">Najlepsze posty marek na TikToku pod wzgl\u0119dem wska\u017anika Activity Index&nbsp;| luty 2026 r.<\/figcaption><\/figure><\/div>\n\n\n<h2 class=\"wp-block-heading\">Prime Video nadal przyci\u0105ga nowych obserwuj\u0105cych<\/h2>\n\n\n\n<p>Ranking najwi\u0119kszych profili w lutym pozosta\u0142 stabilny i nie przyni\u00f3s\u0142 zmian w \u015bcis\u0142ej czo\u0142\u00f3wce. Najwi\u0119kszym profilem nadal by\u0142 Netflix z 2 mln obserwuj\u0105cych, a kolejne miejsca zaj\u0119\u0142y @laczynaspilka (1,8 mln) oraz @domgenzie (1,7 mln).<\/p>\n\n\n\n<p>Ciekawiej wygl\u0105da zestawienie najwi\u0119kszych wzrost\u00f3w liczby obserwuj\u0105cych. Najwi\u0119kszy przyrost w lutym zanotowa\u0142y @domgenzie oraz Polsat, kt\u00f3rych spo\u0142eczno\u015b\u0107 powi\u0119kszy\u0142a si\u0119 o 0,1 mln.<\/p>\n\n\n\n<p>Na 2. miejscu znalaz\u0142o si\u0119 Prime Video, kt\u00f3re kontynuowa\u0142o rozpocz\u0119ty w zesz\u0142ym miesi\u0105cu wzrost i zyska\u0142o 26 tys. nowych obserwuj\u0105cych. <\/p>\n\n\n<div class=\"wp-block-image\">\n<figure class=\"aligncenter size-full\"><img loading=\"lazy\" decoding=\"async\" width=\"2048\" height=\"1536\" src=\"https:\/\/www.sotrender.com\/blog\/wp-content\/uploads\/2026\/03\/202602_barplot_followers-1.png\" alt=\"Profile marek na TikToku o najwi\u0119kszej liczbie obserwuj\u0105cych\u00a0| luty 2026 r.\" class=\"wp-image-57865\" srcset=\"https:\/\/www.sotrender.com\/blog\/wp-content\/uploads\/2026\/03\/202602_barplot_followers-1.png 2048w, https:\/\/www.sotrender.com\/blog\/wp-content\/uploads\/2026\/03\/202602_barplot_followers-1-475x356.png 475w, https:\/\/www.sotrender.com\/blog\/wp-content\/uploads\/2026\/03\/202602_barplot_followers-1-768x576.png 768w, https:\/\/www.sotrender.com\/blog\/wp-content\/uploads\/2026\/03\/202602_barplot_followers-1-1536x1152.png 1536w\" sizes=\"(max-width: 2048px) 100vw, 2048px\" \/><figcaption class=\"wp-element-caption\">Profile marek na TikToku o najwi\u0119kszej liczbie obserwuj\u0105cych&nbsp;| luty 2026 r.<\/figcaption><\/figure><\/div>\n\n\n<h2 class=\"wp-block-heading\"><strong>TikTok Trends luty 202<\/strong>6<\/h2>\n\n\n\n<p><strong>Nasze zestawienie nie uwzgl\u0119dnia wszystkich polskich marek obecnych na TikToku. Analizujemy tylko te profile, kt\u00f3re znajduj\u0105 si\u0119 w naszej bazie.<\/strong><\/p>\n\n\n\n<p>Chcesz, \u017ceby Twoje konto pojawi\u0142o si\u0119 w kolejnych edycjach raportu TikTok Trends? Napisz do nas na&nbsp;<a>marketing@sotrender.com<\/a>. Zale\u017cy nam, \u017ceby ka\u017cdy kolejny raport by\u0142 jeszcze dok\u0142adniejszy i lepiej oddawa\u0142 to, co naprawd\u0119 dzieje si\u0119 na platformie.<\/p>\n","protected":false},"excerpt":{"rendered":"<p>Luty na TikToku pokaza\u0142 wyra\u017any podzia\u0142 mi\u0119dzy strategiami medi\u00f3w i marek. Media dominuj\u0105 w rankingach aktywno\u015bci i zaanga\u017cowania, podczas gdy marki retailowe coraz cz\u0119\u015bciej przejmuj\u0105 ranking odtworze\u0144 dzi\u0119ki skalowaniu tre\u015bci wideo.<\/p>\n","protected":false},"author":311,"featured_media":57869,"comment_status":"closed","ping_status":"open","sticky":false,"template":"","format":"standard","meta":{"inline_featured_image":false,"footnotes":""},"categories":[1791,3964],"tags":[3998,3999,4005],"yoast_head":"<!-- This site is optimized with the Yoast SEO plugin v22.4 - https:\/\/yoast.com\/wordpress\/plugins\/seo\/ -->\n<title>TikTok Trends luty 2026 \u2013 olimpijskie emocje<\/title>\n<meta name=\"description\" content=\"W lutym media dominowa\u0142y w rankingach aktywno\u015bci i zaanga\u017cowania, podczas gdy marki retailowe przej\u0119\u0142y ranking odtworze\u0144.\" \/>\n<meta name=\"robots\" content=\"index, follow, max-snippet:-1, max-image-preview:large, max-video-preview:-1\" \/>\n<link rel=\"canonical\" href=\"https:\/\/www.sotrender.com\/blog\/pl\/2026\/03\/tiktok-trends-luty-2026-olimpijskie-emocje\/\" \/>\n<meta property=\"og:locale\" content=\"pl_PL\" \/>\n<meta property=\"og:type\" content=\"article\" \/>\n<meta property=\"og:title\" content=\"TikTok Trends luty 2026 \u2013 olimpijskie emocje\" \/>\n<meta property=\"og:description\" content=\"W lutym media dominowa\u0142y w rankingach aktywno\u015bci i zaanga\u017cowania, podczas gdy marki retailowe przej\u0119\u0142y ranking odtworze\u0144.\" \/>\n<meta property=\"og:url\" content=\"https:\/\/www.sotrender.com\/blog\/pl\/2026\/03\/tiktok-trends-luty-2026-olimpijskie-emocje\/\" \/>\n<meta property=\"og:site_name\" content=\"Sotrender Blog\" \/>\n<meta property=\"article:publisher\" content=\"https:\/\/www.facebook.com\/Sotrender\" \/>\n<meta property=\"article:published_time\" content=\"2026-03-13T09:00:00+00:00\" \/>\n<meta property=\"article:modified_time\" content=\"2026-04-10T08:42:14+00:00\" \/>\n<meta property=\"og:image\" content=\"https:\/\/www.sotrender.com\/blog\/wp-content\/uploads\/2026\/03\/pexels-nathan-cima-46448332-31376813.jpg\" \/>\n\t<meta property=\"og:image:width\" content=\"1280\" \/>\n\t<meta property=\"og:image:height\" content=\"853\" \/>\n\t<meta property=\"og:image:type\" content=\"image\/jpeg\" \/>\n<meta name=\"author\" content=\"Bogna Raszowska\" \/>\n<meta name=\"twitter:card\" content=\"summary_large_image\" \/>\n<meta name=\"twitter:creator\" content=\"@Sotrender\" \/>\n<meta name=\"twitter:site\" content=\"@Sotrender\" \/>\n<meta name=\"twitter:label1\" content=\"Written by\" \/>\n\t<meta name=\"twitter:data1\" content=\"Bogna Raszowska\" \/>\n\t<meta name=\"twitter:label2\" content=\"Est. reading time\" \/>\n\t<meta name=\"twitter:data2\" content=\"5 minutes\" \/>\n<script type=\"application\/ld+json\" class=\"yoast-schema-graph\">{\"@context\":\"https:\/\/schema.org\",\"@graph\":[{\"@type\":\"WebPage\",\"@id\":\"https:\/\/www.sotrender.com\/blog\/pl\/2026\/03\/tiktok-trends-luty-2026-olimpijskie-emocje\/\",\"url\":\"https:\/\/www.sotrender.com\/blog\/pl\/2026\/03\/tiktok-trends-luty-2026-olimpijskie-emocje\/\",\"name\":\"TikTok Trends luty 2026 \u2013 olimpijskie emocje\",\"isPartOf\":{\"@id\":\"https:\/\/www.sotrender.com\/blog\/#website\"},\"primaryImageOfPage\":{\"@id\":\"https:\/\/www.sotrender.com\/blog\/pl\/2026\/03\/tiktok-trends-luty-2026-olimpijskie-emocje\/#primaryimage\"},\"image\":{\"@id\":\"https:\/\/www.sotrender.com\/blog\/pl\/2026\/03\/tiktok-trends-luty-2026-olimpijskie-emocje\/#primaryimage\"},\"thumbnailUrl\":\"https:\/\/www.sotrender.com\/blog\/wp-content\/uploads\/2026\/03\/pexels-nathan-cima-46448332-31376813.jpg\",\"datePublished\":\"2026-03-13T09:00:00+00:00\",\"dateModified\":\"2026-04-10T08:42:14+00:00\",\"author\":{\"@id\":\"https:\/\/www.sotrender.com\/blog\/#\/schema\/person\/2c3d8f31a13ec8be6145f5865f25d16c\"},\"description\":\"W lutym media dominowa\u0142y w rankingach aktywno\u015bci i zaanga\u017cowania, podczas gdy marki retailowe przej\u0119\u0142y ranking odtworze\u0144.\",\"breadcrumb\":{\"@id\":\"https:\/\/www.sotrender.com\/blog\/pl\/2026\/03\/tiktok-trends-luty-2026-olimpijskie-emocje\/#breadcrumb\"},\"inLanguage\":\"pl-PL\",\"potentialAction\":[{\"@type\":\"ReadAction\",\"target\":[\"https:\/\/www.sotrender.com\/blog\/pl\/2026\/03\/tiktok-trends-luty-2026-olimpijskie-emocje\/\"]}]},{\"@type\":\"ImageObject\",\"inLanguage\":\"pl-PL\",\"@id\":\"https:\/\/www.sotrender.com\/blog\/pl\/2026\/03\/tiktok-trends-luty-2026-olimpijskie-emocje\/#primaryimage\",\"url\":\"https:\/\/www.sotrender.com\/blog\/wp-content\/uploads\/2026\/03\/pexels-nathan-cima-46448332-31376813.jpg\",\"contentUrl\":\"https:\/\/www.sotrender.com\/blog\/wp-content\/uploads\/2026\/03\/pexels-nathan-cima-46448332-31376813.jpg\",\"width\":1280,\"height\":853},{\"@type\":\"BreadcrumbList\",\"@id\":\"https:\/\/www.sotrender.com\/blog\/pl\/2026\/03\/tiktok-trends-luty-2026-olimpijskie-emocje\/#breadcrumb\",\"itemListElement\":[{\"@type\":\"ListItem\",\"position\":1,\"name\":\"Home\",\"item\":\"https:\/\/www.sotrender.com\/blog\/\"},{\"@type\":\"ListItem\",\"position\":2,\"name\":\"TikTok Trends luty 2026 \u2013 olimpijskie emocje\"}]},{\"@type\":\"WebSite\",\"@id\":\"https:\/\/www.sotrender.com\/blog\/#website\",\"url\":\"https:\/\/www.sotrender.com\/blog\/\",\"name\":\"Sotrender Blog\",\"description\":\"\",\"potentialAction\":[{\"@type\":\"SearchAction\",\"target\":{\"@type\":\"EntryPoint\",\"urlTemplate\":\"https:\/\/www.sotrender.com\/blog\/?s={search_term_string}\"},\"query-input\":\"required name=search_term_string\"}],\"inLanguage\":\"pl-PL\"},{\"@type\":\"Person\",\"@id\":\"https:\/\/www.sotrender.com\/blog\/#\/schema\/person\/2c3d8f31a13ec8be6145f5865f25d16c\",\"name\":\"Bogna Raszowska\",\"image\":{\"@type\":\"ImageObject\",\"inLanguage\":\"pl-PL\",\"@id\":\"https:\/\/www.sotrender.com\/blog\/#\/schema\/person\/image\/\",\"url\":\"https:\/\/secure.gravatar.com\/avatar\/a9efb91eb7796ed666d24a5b58b6a6cd?s=96&d=mm&r=g\",\"contentUrl\":\"https:\/\/secure.gravatar.com\/avatar\/a9efb91eb7796ed666d24a5b58b6a6cd?s=96&d=mm&r=g\",\"caption\":\"Bogna Raszowska\"},\"description\":\"Digital marketer with a passion for copywriting, content and social media. Off the clock, I'm an avid traveler, RPG gamer, music lover, and South Korean culture enthusiast.\",\"sameAs\":[\"https:\/\/www.linkedin.com\/in\/bognaraszowska\"],\"url\":\"https:\/\/www.sotrender.com\/blog\/pl\/author\/bogna_raszowska\/\"}]}<\/script>\n<!-- \/ Yoast SEO plugin. -->","yoast_head_json":{"title":"TikTok Trends luty 2026 \u2013 olimpijskie emocje","description":"W lutym media dominowa\u0142y w rankingach aktywno\u015bci i zaanga\u017cowania, podczas gdy marki retailowe przej\u0119\u0142y ranking odtworze\u0144.","robots":{"index":"index","follow":"follow","max-snippet":"max-snippet:-1","max-image-preview":"max-image-preview:large","max-video-preview":"max-video-preview:-1"},"canonical":"https:\/\/www.sotrender.com\/blog\/pl\/2026\/03\/tiktok-trends-luty-2026-olimpijskie-emocje\/","og_locale":"pl_PL","og_type":"article","og_title":"TikTok Trends luty 2026 \u2013 olimpijskie emocje","og_description":"W lutym media dominowa\u0142y w rankingach aktywno\u015bci i zaanga\u017cowania, podczas gdy marki retailowe przej\u0119\u0142y ranking odtworze\u0144.","og_url":"https:\/\/www.sotrender.com\/blog\/pl\/2026\/03\/tiktok-trends-luty-2026-olimpijskie-emocje\/","og_site_name":"Sotrender Blog","article_publisher":"https:\/\/www.facebook.com\/Sotrender","article_published_time":"2026-03-13T09:00:00+00:00","article_modified_time":"2026-04-10T08:42:14+00:00","og_image":[{"width":1280,"height":853,"url":"https:\/\/www.sotrender.com\/blog\/wp-content\/uploads\/2026\/03\/pexels-nathan-cima-46448332-31376813.jpg","type":"image\/jpeg"}],"author":"Bogna Raszowska","twitter_card":"summary_large_image","twitter_creator":"@Sotrender","twitter_site":"@Sotrender","twitter_misc":{"Written by":"Bogna Raszowska","Est. reading time":"5 minutes"},"schema":{"@context":"https:\/\/schema.org","@graph":[{"@type":"WebPage","@id":"https:\/\/www.sotrender.com\/blog\/pl\/2026\/03\/tiktok-trends-luty-2026-olimpijskie-emocje\/","url":"https:\/\/www.sotrender.com\/blog\/pl\/2026\/03\/tiktok-trends-luty-2026-olimpijskie-emocje\/","name":"TikTok Trends luty 2026 \u2013 olimpijskie emocje","isPartOf":{"@id":"https:\/\/www.sotrender.com\/blog\/#website"},"primaryImageOfPage":{"@id":"https:\/\/www.sotrender.com\/blog\/pl\/2026\/03\/tiktok-trends-luty-2026-olimpijskie-emocje\/#primaryimage"},"image":{"@id":"https:\/\/www.sotrender.com\/blog\/pl\/2026\/03\/tiktok-trends-luty-2026-olimpijskie-emocje\/#primaryimage"},"thumbnailUrl":"https:\/\/www.sotrender.com\/blog\/wp-content\/uploads\/2026\/03\/pexels-nathan-cima-46448332-31376813.jpg","datePublished":"2026-03-13T09:00:00+00:00","dateModified":"2026-04-10T08:42:14+00:00","author":{"@id":"https:\/\/www.sotrender.com\/blog\/#\/schema\/person\/2c3d8f31a13ec8be6145f5865f25d16c"},"description":"W lutym media dominowa\u0142y w rankingach aktywno\u015bci i zaanga\u017cowania, podczas gdy marki retailowe przej\u0119\u0142y ranking odtworze\u0144.","breadcrumb":{"@id":"https:\/\/www.sotrender.com\/blog\/pl\/2026\/03\/tiktok-trends-luty-2026-olimpijskie-emocje\/#breadcrumb"},"inLanguage":"pl-PL","potentialAction":[{"@type":"ReadAction","target":["https:\/\/www.sotrender.com\/blog\/pl\/2026\/03\/tiktok-trends-luty-2026-olimpijskie-emocje\/"]}]},{"@type":"ImageObject","inLanguage":"pl-PL","@id":"https:\/\/www.sotrender.com\/blog\/pl\/2026\/03\/tiktok-trends-luty-2026-olimpijskie-emocje\/#primaryimage","url":"https:\/\/www.sotrender.com\/blog\/wp-content\/uploads\/2026\/03\/pexels-nathan-cima-46448332-31376813.jpg","contentUrl":"https:\/\/www.sotrender.com\/blog\/wp-content\/uploads\/2026\/03\/pexels-nathan-cima-46448332-31376813.jpg","width":1280,"height":853},{"@type":"BreadcrumbList","@id":"https:\/\/www.sotrender.com\/blog\/pl\/2026\/03\/tiktok-trends-luty-2026-olimpijskie-emocje\/#breadcrumb","itemListElement":[{"@type":"ListItem","position":1,"name":"Home","item":"https:\/\/www.sotrender.com\/blog\/"},{"@type":"ListItem","position":2,"name":"TikTok Trends luty 2026 \u2013 olimpijskie emocje"}]},{"@type":"WebSite","@id":"https:\/\/www.sotrender.com\/blog\/#website","url":"https:\/\/www.sotrender.com\/blog\/","name":"Sotrender Blog","description":"","potentialAction":[{"@type":"SearchAction","target":{"@type":"EntryPoint","urlTemplate":"https:\/\/www.sotrender.com\/blog\/?s={search_term_string}"},"query-input":"required name=search_term_string"}],"inLanguage":"pl-PL"},{"@type":"Person","@id":"https:\/\/www.sotrender.com\/blog\/#\/schema\/person\/2c3d8f31a13ec8be6145f5865f25d16c","name":"Bogna Raszowska","image":{"@type":"ImageObject","inLanguage":"pl-PL","@id":"https:\/\/www.sotrender.com\/blog\/#\/schema\/person\/image\/","url":"https:\/\/secure.gravatar.com\/avatar\/a9efb91eb7796ed666d24a5b58b6a6cd?s=96&d=mm&r=g","contentUrl":"https:\/\/secure.gravatar.com\/avatar\/a9efb91eb7796ed666d24a5b58b6a6cd?s=96&d=mm&r=g","caption":"Bogna Raszowska"},"description":"Digital marketer with a passion for copywriting, content and social media. Off the clock, I'm an avid traveler, RPG gamer, music lover, and South Korean culture enthusiast.","sameAs":["https:\/\/www.linkedin.com\/in\/bognaraszowska"],"url":"https:\/\/www.sotrender.com\/blog\/pl\/author\/bogna_raszowska\/"}]}},"_links":{"self":[{"href":"https:\/\/www.sotrender.com\/blog\/pl\/wp-json\/wp\/v2\/posts\/57842"}],"collection":[{"href":"https:\/\/www.sotrender.com\/blog\/pl\/wp-json\/wp\/v2\/posts"}],"about":[{"href":"https:\/\/www.sotrender.com\/blog\/pl\/wp-json\/wp\/v2\/types\/post"}],"author":[{"embeddable":true,"href":"https:\/\/www.sotrender.com\/blog\/pl\/wp-json\/wp\/v2\/users\/311"}],"replies":[{"embeddable":true,"href":"https:\/\/www.sotrender.com\/blog\/pl\/wp-json\/wp\/v2\/comments?post=57842"}],"version-history":[{"count":5,"href":"https:\/\/www.sotrender.com\/blog\/pl\/wp-json\/wp\/v2\/posts\/57842\/revisions"}],"predecessor-version":[{"id":57984,"href":"https:\/\/www.sotrender.com\/blog\/pl\/wp-json\/wp\/v2\/posts\/57842\/revisions\/57984"}],"wp:featuredmedia":[{"embeddable":true,"href":"https:\/\/www.sotrender.com\/blog\/pl\/wp-json\/wp\/v2\/media\/57869"}],"wp:attachment":[{"href":"https:\/\/www.sotrender.com\/blog\/pl\/wp-json\/wp\/v2\/media?parent=57842"}],"wp:term":[{"taxonomy":"category","embeddable":true,"href":"https:\/\/www.sotrender.com\/blog\/pl\/wp-json\/wp\/v2\/categories?post=57842"},{"taxonomy":"post_tag","embeddable":true,"href":"https:\/\/www.sotrender.com\/blog\/pl\/wp-json\/wp\/v2\/tags?post=57842"}],"curies":[{"name":"wp","href":"https:\/\/api.w.org\/{rel}","templated":true}]}}