{"id":57800,"date":"2026-03-05T09:10:05","date_gmt":"2026-03-05T08:10:05","guid":{"rendered":"https:\/\/www.sotrender.com\/blog\/?p=57800"},"modified":"2026-04-10T10:39:12","modified_gmt":"2026-04-10T08:39:12","slug":"instagram-trends-luty-2026-miesiac-pelen-uczuc","status":"publish","type":"post","link":"https:\/\/www.sotrender.com\/blog\/pl\/2026\/03\/instagram-trends-luty-2026-miesiac-pelen-uczuc\/","title":{"rendered":"Instagram Trends luty 2026 \u2013 miesi\u0105c pe\u0142en uczu\u0107"},"content":{"rendered":"\n<p>C\u00f3\u017c to by\u0142 za miesi\u0105c! Zimowe igrzyska olimpijskie, historyczny wyst\u0119p Bad Bunny\u2019ego na Super Bowl, premiera Wichrowych Wzg\u00f3rz, nowe sezony ulubionych program\u00f3w telewizyjnych\u2026 Temat\u00f3w do dyskusji by\u0142a w lutym ca\u0142a masa, a marki jak zawsze sprytnie wykorzystywa\u0142y je w swojej komunikacji.<\/p>\n\n\n\n<!--more-->\n\n\n\n<p>Co by\u0142o najbardziej warte uwagi? A mo\u017ce \u2013 co ciekawego umkn\u0119\u0142o Waszej uwadze? Sprawdzamy w najnowszym raporcie <a href=\"https:\/\/sotrender.com\/trends\/instagram\/poland\/202602\" target=\"_blank\" rel=\"noreferrer noopener\">Instagram Trends luty 2026<\/a>.<\/p>\n\n\n\n<figure class=\"wp-block-embed is-type-video is-provider-youtube wp-block-embed-youtube wp-embed-aspect-9-16 wp-has-aspect-ratio\"><div class=\"wp-block-embed__wrapper\">\n<iframe loading=\"lazy\" title=\"Kto podbi\u0142 Instagrama w lutym? \ud83e\udd57 | #socialmedia #marketing #InstagramTrends\" width=\"422\" height=\"750\" src=\"https:\/\/www.youtube.com\/embed\/S62HbsqNSJs?feature=oembed\" frameborder=\"0\" allow=\"accelerometer; autoplay; clipboard-write; encrypted-media; gyroscope; picture-in-picture; web-share\" referrerpolicy=\"strict-origin-when-cross-origin\" allowfullscreen><\/iframe>\n<\/div><\/figure>\n\n\n\n<h2 class=\"wp-block-heading\">Tak si\u0119 kreuje trendy<\/h2>\n\n\n\n<p>Twoja sk\u00f3ra Ci za to podzi\u0119kuj\u0119. Brzmi znajomo?<\/p>\n\n\n\n<p>Je\u015bli w miar\u0119 regularnie korzystacie z Instagrama, na pewno cho\u0107 raz widzieli\u015bcie filmy Anny Karcz, kt\u00f3ra promuje zdrowe od\u017cywianie i posi\u0142ki na skincare. I staje si\u0119 coraz bardziej popularna.<\/p>\n\n\n\n<p>Profil influencerki by\u0142 drugim najszybciej rosn\u0105cym profilem na ca\u0142ym polskim Instagramie w minionym miesi\u0105cu \u2013 jej konto powi\u0119kszy\u0142o si\u0119 o ponad 62 tys. obserwuj\u0105cych.<\/p>\n\n\n<div class=\"wp-block-image\">\n<figure class=\"aligncenter size-full is-resized\"><img loading=\"lazy\" decoding=\"async\" width=\"774\" height=\"924\" src=\"https:\/\/www.sotrender.com\/blog\/wp-content\/uploads\/2026\/03\/anna-karcz-najszybciej-rosnacy-profil.png\" alt=\"\" class=\"wp-image-57801\" style=\"width:338px;height:auto\" srcset=\"https:\/\/www.sotrender.com\/blog\/wp-content\/uploads\/2026\/03\/anna-karcz-najszybciej-rosnacy-profil.png 774w, https:\/\/www.sotrender.com\/blog\/wp-content\/uploads\/2026\/03\/anna-karcz-najszybciej-rosnacy-profil-475x567.png 475w, https:\/\/www.sotrender.com\/blog\/wp-content\/uploads\/2026\/03\/anna-karcz-najszybciej-rosnacy-profil-768x917.png 768w\" sizes=\"(max-width: 774px) 100vw, 774px\" \/><figcaption class=\"wp-element-caption\"><a href=\"https:\/\/sotrender.com\/trends\/instagram\/poland\/202602\" target=\"_blank\" rel=\"noreferrer noopener\">Najszybciej rosn\u0105ce profile na Instagramie w lutym 2026 roku<\/a><\/figcaption><\/figure><\/div>\n\n\n<p>Dodatkowo, jej profil by\u0142 najbardziej anga\u017cuj\u0105cym profilem w kategorii <a href=\"https:\/\/sotrender.com\/trends\/instagram\/poland\/202602\/osoby\/osoby_jedzenie#engagement\" target=\"_blank\" rel=\"noreferrer noopener\">Jedzenie<\/a>.<\/p>\n\n\n\n<figure class=\"wp-block-image size-full\"><img loading=\"lazy\" decoding=\"async\" width=\"2362\" height=\"328\" src=\"https:\/\/www.sotrender.com\/blog\/wp-content\/uploads\/2026\/03\/anna-karcz-zaangazowanie.png\" alt=\"\" class=\"wp-image-57805\" srcset=\"https:\/\/www.sotrender.com\/blog\/wp-content\/uploads\/2026\/03\/anna-karcz-zaangazowanie.png 2362w, https:\/\/www.sotrender.com\/blog\/wp-content\/uploads\/2026\/03\/anna-karcz-zaangazowanie-475x66.png 475w, https:\/\/www.sotrender.com\/blog\/wp-content\/uploads\/2026\/03\/anna-karcz-zaangazowanie-768x107.png 768w, https:\/\/www.sotrender.com\/blog\/wp-content\/uploads\/2026\/03\/anna-karcz-zaangazowanie-1536x213.png 1536w, https:\/\/www.sotrender.com\/blog\/wp-content\/uploads\/2026\/03\/anna-karcz-zaangazowanie-2048x284.png 2048w\" sizes=\"(max-width: 2362px) 100vw, 2362px\" \/><figcaption class=\"wp-element-caption\"><a href=\"https:\/\/sotrender.com\/trends\/instagram\/poland\/202602\/osoby\/osoby_jedzenie#engagement\" target=\"_blank\" rel=\"noreferrer noopener\">Najbardziej anga\u017cuj\u0105ce profile os\u00f3b w kategorii Jedzenie na Instagramie<\/a> | luty 2026<\/figcaption><\/figure>\n\n\n\n<p><a href=\"https:\/\/sotrender.com\/trends\/instagram\/poland\/202602\/osoby\/osoby_jedzenie#best_posts\" target=\"_blank\" rel=\"noreferrer noopener\">W\u015br\u00f3d 15 najbardziej anga\u017cuj\u0105cych post\u00f3w w tej kategorii<\/a> a\u017c 4 nale\u017ca\u0142y do Anny, kt\u00f3ra zacz\u0119\u0142a zaprasza\u0107 innych influencer\u00f3w do testowania swoich potraw.<\/p>\n\n\n\n<figure class=\"wp-block-image size-full\"><img loading=\"lazy\" decoding=\"async\" width=\"2176\" height=\"938\" src=\"https:\/\/www.sotrender.com\/blog\/wp-content\/uploads\/2026\/03\/anna-karcz-posty.png\" alt=\"\" class=\"wp-image-57803\" srcset=\"https:\/\/www.sotrender.com\/blog\/wp-content\/uploads\/2026\/03\/anna-karcz-posty.png 2176w, https:\/\/www.sotrender.com\/blog\/wp-content\/uploads\/2026\/03\/anna-karcz-posty-475x205.png 475w, https:\/\/www.sotrender.com\/blog\/wp-content\/uploads\/2026\/03\/anna-karcz-posty-768x331.png 768w, https:\/\/www.sotrender.com\/blog\/wp-content\/uploads\/2026\/03\/anna-karcz-posty-1536x662.png 1536w, https:\/\/www.sotrender.com\/blog\/wp-content\/uploads\/2026\/03\/anna-karcz-posty-2048x883.png 2048w\" sizes=\"(max-width: 2176px) 100vw, 2176px\" \/><figcaption class=\"wp-element-caption\"><a href=\"https:\/\/sotrender.com\/trends\/instagram\/poland\/202602\/osoby\/osoby_jedzenie#best_posts\" target=\"_blank\" rel=\"noreferrer noopener\">Najbardziej anga\u017cuj\u0105ce posty na Instagramie w kategorii Jedzenie<\/a> | luty 2026<\/figcaption><\/figure>\n\n\n\n<h2 class=\"wp-block-heading\">IKEA jak zawsze w formie<\/h2>\n\n\n\n<p>Historia odrzuconej przed stado ma\u0142pki Punch podbi\u0142a serca internaut\u00f3w na ca\u0142ym \u015bwiecie.&nbsp;<\/p>\n\n\n\n<p>Oczywi\u015bcie IKEA, jako cichy bohater tej historii, wykorzysta\u0142a j\u0105 dalej w komunikacji na swoich profilach. Post na Instagramie \u2013 z Punchem i ikeowskim orangutanem \u2013 by\u0142 <a href=\"https:\/\/sotrender.com\/trends\/instagram\/poland\/202602\/marki\/marki_dom_i_ogrod#best_posts\" target=\"_blank\" rel=\"noreferrer noopener\">najbardziej anga\u017cuj\u0105cym postem w kategorii Dom i ogr\u00f3d<\/a>, a IKEA powr\u00f3ci\u0142a na pozycj\u0119 lidera pod wzgl\u0119dem <a href=\"https:\/\/sotrender.com\/trends\/instagram\/poland\/202602\/marki\/marki_dom_i_ogrod#engagement\" target=\"_blank\" rel=\"noreferrer noopener\">zaanga\u017cowania<\/a>.<\/p>\n\n\n\n<figure class=\"wp-block-image size-full\"><img loading=\"lazy\" decoding=\"async\" width=\"1500\" height=\"760\" src=\"https:\/\/www.sotrender.com\/blog\/wp-content\/uploads\/2026\/03\/ikea-punch.png\" alt=\"\" class=\"wp-image-57808\" srcset=\"https:\/\/www.sotrender.com\/blog\/wp-content\/uploads\/2026\/03\/ikea-punch.png 1500w, https:\/\/www.sotrender.com\/blog\/wp-content\/uploads\/2026\/03\/ikea-punch-475x241.png 475w, https:\/\/www.sotrender.com\/blog\/wp-content\/uploads\/2026\/03\/ikea-punch-768x389.png 768w\" sizes=\"(max-width: 1500px) 100vw, 1500px\" \/><figcaption class=\"wp-element-caption\"><a href=\"https:\/\/sotrender.com\/trends\/instagram\/poland\/202602\/marki\/marki_dom_i_ogrod#best_posts\" target=\"_blank\" rel=\"noreferrer noopener\">Najbardziej anga\u017cuj\u0105ce posty na Instagramie w kategorii Dom i ogr\u00f3d<\/a> | luty 2026<\/figcaption><\/figure>\n\n\n\n<p>Sw\u00f3j udzia\u0142 w tym wyniku mia\u0142 r\u00f3wnie\u017c drugi post IKEI, nawi\u0105zuj\u0105cy do innego gor\u0105cego wydarzenia miesi\u0105ca \u2013 wyst\u0119pu Bad Bunny\u2019ego podczas halftime show na Super Bowl.<\/p>\n\n\n\n<p>W swoim po\u015bcie IKEA nawi\u0105zuje do jego ro\u015blinnych rekwizyt\u00f3w z wyst\u0119pu Benita, kt\u00f3re r\u00f3wnie\u017c mo\u017cna znale\u017a\u0107 w asortymencie sklepu.<\/p>\n\n\n\n<figure class=\"wp-block-image size-full\"><img loading=\"lazy\" decoding=\"async\" width=\"1600\" height=\"692\" src=\"https:\/\/www.sotrender.com\/blog\/wp-content\/uploads\/2026\/03\/ikea-benito.png\" alt=\"\" class=\"wp-image-57810\" srcset=\"https:\/\/www.sotrender.com\/blog\/wp-content\/uploads\/2026\/03\/ikea-benito.png 1600w, https:\/\/www.sotrender.com\/blog\/wp-content\/uploads\/2026\/03\/ikea-benito-475x205.png 475w, https:\/\/www.sotrender.com\/blog\/wp-content\/uploads\/2026\/03\/ikea-benito-768x332.png 768w, https:\/\/www.sotrender.com\/blog\/wp-content\/uploads\/2026\/03\/ikea-benito-1536x664.png 1536w\" sizes=\"(max-width: 1600px) 100vw, 1600px\" \/><figcaption class=\"wp-element-caption\"><a href=\"https:\/\/sotrender.com\/trends\/instagram\/poland\/202602\/marki\/marki_dom_i_ogrod#best_posts\" target=\"_blank\" rel=\"noreferrer noopener\">Najbardziej anga\u017cuj\u0105ce posty na Instagramie w kategorii Dom i ogr\u00f3d<\/a> | luty 2026<\/figcaption><\/figure>\n\n\n\n<p>Marketingowy IKEI udowadniaj\u0105, \u017ce dalej s\u0105 w najwy\u017cszej formie.<\/p>\n\n\n\n<h2 class=\"wp-block-heading\">Spos\u00f3b na wyj\u015bcie z niszy&nbsp;<\/h2>\n\n\n\n<p><a href=\"https:\/\/www.sotrender.com\/blog\/pl\/2026\/02\/instagram-trends-styczen-2026-gwarancja-zaangazowania\/\" target=\"_blank\" rel=\"noreferrer noopener\">W styczniu pisali\u015bmy o kawiarni R\u00f3\u017cowy piekarnik<\/a>, kt\u00f3ra jako ma\u0142y lokalny biznes wyprzedzi\u0142a pod wzgl\u0119dem zaanga\u017cowania lider\u00f3w rynku, takich jak KFC czy McDonald\u2019s.<\/p>\n\n\n\n<p>Luty dostarczy\u0142 nam kolejnych przyk\u0142ad\u00f3w podobnych dzia\u0142a\u0144 i sukces\u00f3w marek.<\/p>\n\n\n\n<p>Jednym z nich jest hurtownia opakowa\u0144 i dekoracji Gajo Tychy. Humorystyczne filmiki nagrywane przez jej pracownik\u00f3w podbijaj\u0105 Instagrama, a profil hurtowni by\u0142 najbardziej anga\u017cuj\u0105cym profilem w kategorii <a href=\"https:\/\/sotrender.com\/trends\/instagram\/poland\/202602\/miejsca\/miejsca_zakupy#engagement\" target=\"_blank\" rel=\"noreferrer noopener\">Zakupy<\/a>.<\/p>\n\n\n\n<figure class=\"wp-block-image size-full\"><img loading=\"lazy\" decoding=\"async\" width=\"2360\" height=\"340\" src=\"https:\/\/www.sotrender.com\/blog\/wp-content\/uploads\/2026\/03\/gajo-tychy-zaangazowanie.png\" alt=\"\" class=\"wp-image-57812\" srcset=\"https:\/\/www.sotrender.com\/blog\/wp-content\/uploads\/2026\/03\/gajo-tychy-zaangazowanie.png 2360w, https:\/\/www.sotrender.com\/blog\/wp-content\/uploads\/2026\/03\/gajo-tychy-zaangazowanie-475x68.png 475w, https:\/\/www.sotrender.com\/blog\/wp-content\/uploads\/2026\/03\/gajo-tychy-zaangazowanie-768x111.png 768w, https:\/\/www.sotrender.com\/blog\/wp-content\/uploads\/2026\/03\/gajo-tychy-zaangazowanie-1536x221.png 1536w, https:\/\/www.sotrender.com\/blog\/wp-content\/uploads\/2026\/03\/gajo-tychy-zaangazowanie-2048x295.png 2048w\" sizes=\"(max-width: 2360px) 100vw, 2360px\" \/><figcaption class=\"wp-element-caption\"><a href=\"https:\/\/sotrender.com\/trends\/instagram\/poland\/202602\/miejsca\/miejsca_zakupy#engagement\" target=\"_blank\" rel=\"noreferrer noopener\">Najbardziej anga\u017cuj\u0105ce profile os\u00f3b w kategorii Zakupy na Instagramie<\/a> | luty 2026<\/figcaption><\/figure>\n\n\n\n<p><a href=\"https:\/\/sotrender.com\/trends\/instagram\/poland\/202602\/miejsca\/miejsca_zakupy#best_posts\" target=\"_blank\" rel=\"noreferrer noopener\">Dwa najbardziej anga\u017cuj\u0105ce posty w tej kategorii<\/a> r\u00f3wnie\u017c opublikowano na profilu hurtowni, a w TOP15 by\u0142o ich a\u017c 5.<\/p>\n\n\n\n<figure class=\"wp-block-image size-full\"><img loading=\"lazy\" decoding=\"async\" width=\"2264\" height=\"1132\" src=\"https:\/\/www.sotrender.com\/blog\/wp-content\/uploads\/2026\/03\/gajo-tychy-posty.png\" alt=\"\" class=\"wp-image-57814\" srcset=\"https:\/\/www.sotrender.com\/blog\/wp-content\/uploads\/2026\/03\/gajo-tychy-posty.png 2264w, https:\/\/www.sotrender.com\/blog\/wp-content\/uploads\/2026\/03\/gajo-tychy-posty-475x238.png 475w, https:\/\/www.sotrender.com\/blog\/wp-content\/uploads\/2026\/03\/gajo-tychy-posty-768x384.png 768w, https:\/\/www.sotrender.com\/blog\/wp-content\/uploads\/2026\/03\/gajo-tychy-posty-1536x768.png 1536w, https:\/\/www.sotrender.com\/blog\/wp-content\/uploads\/2026\/03\/gajo-tychy-posty-2048x1024.png 2048w\" sizes=\"(max-width: 2264px) 100vw, 2264px\" \/><figcaption class=\"wp-element-caption\"><a href=\"https:\/\/sotrender.com\/trends\/instagram\/poland\/202602\/miejsca\/miejsca_zakupy#best_posts\" target=\"_blank\" rel=\"noreferrer noopener\">Najbardziej anga\u017cuj\u0105ce posty na Instagramie w kategorii Zakupy<\/a> | luty 2026<\/figcaption><\/figure>\n\n\n\n<p>Innym ciekawym przyk\u0142adem s\u0105 dzia\u0142ania na profilu Betoniarni Mase\u0142ko, kt\u00f3rych viralowy, i zaledwie jeden z dw\u00f3ch opublikowanych post\u00f3w w lutym, okaza\u0142 si\u0119 by\u0107 <a href=\"https:\/\/sotrender.com\/trends\/instagram\/poland\/202602\/marki\/marki_dom_i_ogrod#best_posts\" target=\"_blank\" rel=\"noreferrer noopener\">drugim najbardziej anga\u017cuj\u0105cym postem w kategorii Dom i ogr\u00f3d<\/a>.&nbsp;<\/p>\n\n\n\n<p>Oko\u0142owalentynkowy post zagwarantowa\u0142 betoniarni wysokie czwarte miejsce <a href=\"https:\/\/sotrender.com\/trends\/instagram\/poland\/202602\/marki\/marki_dom_i_ogrod#engagement\" target=\"_blank\" rel=\"noreferrer noopener\">w ca\u0142ej kategorii Dom i ogr\u00f3d pod wzgl\u0119dem zaanga\u017cowania<\/a>.<\/p>\n\n\n\n<figure class=\"wp-block-image size-full\"><img loading=\"lazy\" decoding=\"async\" width=\"2360\" height=\"434\" src=\"https:\/\/www.sotrender.com\/blog\/wp-content\/uploads\/2026\/03\/betoniarnia-maselko.png\" alt=\"\" class=\"wp-image-57816\" srcset=\"https:\/\/www.sotrender.com\/blog\/wp-content\/uploads\/2026\/03\/betoniarnia-maselko.png 2360w, https:\/\/www.sotrender.com\/blog\/wp-content\/uploads\/2026\/03\/betoniarnia-maselko-475x87.png 475w, https:\/\/www.sotrender.com\/blog\/wp-content\/uploads\/2026\/03\/betoniarnia-maselko-768x141.png 768w, https:\/\/www.sotrender.com\/blog\/wp-content\/uploads\/2026\/03\/betoniarnia-maselko-1536x282.png 1536w, https:\/\/www.sotrender.com\/blog\/wp-content\/uploads\/2026\/03\/betoniarnia-maselko-2048x377.png 2048w\" sizes=\"(max-width: 2360px) 100vw, 2360px\" \/><figcaption class=\"wp-element-caption\"><a href=\"https:\/\/sotrender.com\/trends\/instagram\/poland\/202602\/marki\/marki_dom_i_ogrod#engagement\" target=\"_blank\" rel=\"noreferrer noopener\">Najbardziej anga\u017cuj\u0105ce profile os\u00f3b w kategorii Dom i ogr\u00f3d na Instagramie<\/a> | luty 2026<\/figcaption><\/figure>\n\n\n\n<h2 class=\"wp-block-heading\">Instagram Trends luty 2026<\/h2>\n\n\n\n<p>To wszystko, co przygotowali\u015bmy w tym miesi\u0105cu. Zach\u0119camy do sprawdzenia pe\u0142nej wersji raportu <a href=\"https:\/\/sotrender.com\/trends\/instagram\/poland\/202602\" target=\"_blank\" rel=\"noreferrer noopener\">Instagram Trends<\/a>, bo czeka tam na Was masa zmian w rankingach.&nbsp;<\/p>\n\n\n\n<p>A je\u015bli Was omin\u0119\u0142y, sprawd\u017acie r\u00f3wnie\u017c nasze <a href=\"https:\/\/www.sotrender.com\/blog\/pl\/2026\/01\/podsumowanie-2025-roku-na-instagramie-infografika\/\" target=\"_blank\" rel=\"noreferrer noopener\">podsumowania roku na Instagramie<\/a> i w <a href=\"https:\/\/www.sotrender.com\/blog\/pl\/2026\/02\/top-influencerzy-na-instagramie-w-2025-roku-infografika\/\" target=\"_blank\" rel=\"noreferrer noopener\">\u015bwiecie influencer\u00f3w<\/a>.<\/p>\n","protected":false},"excerpt":{"rendered":"<p>C\u00f3\u017c to by\u0142 za miesi\u0105c! Zimowe igrzyska olimpijskie, historyczny wyst\u0119p Bad Bunny\u2019ego na Super Bowl, premiera Wichrowych Wzg\u00f3rz, nowe sezony ulubionych program\u00f3w telewizyjnych\u2026 Temat\u00f3w do dyskusji by\u0142a w lutym ca\u0142a masa, a marki jak zawsze sprytnie wykorzystywa\u0142y je w swojej komunikacji.<\/p>\n","protected":false},"author":89,"featured_media":57819,"comment_status":"closed","ping_status":"open","sticky":false,"template":"","format":"standard","meta":{"inline_featured_image":false,"footnotes":""},"categories":[1803],"tags":[2057,2073,2643],"yoast_head":"<!-- This site is optimized with the Yoast SEO plugin v22.4 - https:\/\/yoast.com\/wordpress\/plugins\/seo\/ -->\n<title>Instagram Trends luty 2026 \u2013 miesi\u0105c pe\u0142en uczu\u0107<\/title>\n<meta name=\"description\" content=\"C\u00f3\u017c to by\u0142 za miesi\u0105c! Temat\u00f3w do dyskusji by\u0142a w lutym ca\u0142a masa, a marki jak zawsze sprytnie wykorzystywa\u0142y je w swojej komunikacji.\" \/>\n<meta name=\"robots\" content=\"index, follow, max-snippet:-1, max-image-preview:large, max-video-preview:-1\" \/>\n<link rel=\"canonical\" href=\"https:\/\/www.sotrender.com\/blog\/pl\/2026\/03\/instagram-trends-luty-2026-miesiac-pelen-uczuc\/\" \/>\n<meta property=\"og:locale\" content=\"pl_PL\" \/>\n<meta property=\"og:type\" content=\"article\" \/>\n<meta property=\"og:title\" content=\"Instagram Trends luty 2026 \u2013 miesi\u0105c pe\u0142en uczu\u0107\" \/>\n<meta property=\"og:description\" content=\"C\u00f3\u017c to by\u0142 za miesi\u0105c! Temat\u00f3w do dyskusji by\u0142a w lutym ca\u0142a masa, a marki jak zawsze sprytnie wykorzystywa\u0142y je w swojej komunikacji.\" \/>\n<meta property=\"og:url\" content=\"https:\/\/www.sotrender.com\/blog\/pl\/2026\/03\/instagram-trends-luty-2026-miesiac-pelen-uczuc\/\" \/>\n<meta property=\"og:site_name\" content=\"Sotrender Blog\" \/>\n<meta property=\"article:publisher\" content=\"https:\/\/www.facebook.com\/Sotrender\" \/>\n<meta property=\"article:published_time\" content=\"2026-03-05T08:10:05+00:00\" \/>\n<meta property=\"article:modified_time\" content=\"2026-04-10T08:39:12+00:00\" \/>\n<meta property=\"og:image\" content=\"https:\/\/www.sotrender.com\/blog\/wp-content\/uploads\/2026\/03\/monkeys.jpg\" \/>\n\t<meta property=\"og:image:width\" content=\"1280\" \/>\n\t<meta property=\"og:image:height\" content=\"827\" \/>\n\t<meta property=\"og:image:type\" content=\"image\/jpeg\" \/>\n<meta name=\"author\" content=\"Klaudia \u017by\u0142ka\" \/>\n<meta name=\"twitter:card\" content=\"summary_large_image\" \/>\n<meta name=\"twitter:creator\" content=\"@Sotrender\" \/>\n<meta name=\"twitter:site\" content=\"@Sotrender\" \/>\n<meta name=\"twitter:label1\" content=\"Written by\" \/>\n\t<meta name=\"twitter:data1\" content=\"Klaudia \u017by\u0142ka\" \/>\n\t<meta name=\"twitter:label2\" content=\"Est. reading time\" \/>\n\t<meta name=\"twitter:data2\" content=\"5 minutes\" \/>\n<script type=\"application\/ld+json\" class=\"yoast-schema-graph\">{\"@context\":\"https:\/\/schema.org\",\"@graph\":[{\"@type\":\"WebPage\",\"@id\":\"https:\/\/www.sotrender.com\/blog\/pl\/2026\/03\/instagram-trends-luty-2026-miesiac-pelen-uczuc\/\",\"url\":\"https:\/\/www.sotrender.com\/blog\/pl\/2026\/03\/instagram-trends-luty-2026-miesiac-pelen-uczuc\/\",\"name\":\"Instagram Trends luty 2026 \u2013 miesi\u0105c pe\u0142en uczu\u0107\",\"isPartOf\":{\"@id\":\"https:\/\/www.sotrender.com\/blog\/#website\"},\"primaryImageOfPage\":{\"@id\":\"https:\/\/www.sotrender.com\/blog\/pl\/2026\/03\/instagram-trends-luty-2026-miesiac-pelen-uczuc\/#primaryimage\"},\"image\":{\"@id\":\"https:\/\/www.sotrender.com\/blog\/pl\/2026\/03\/instagram-trends-luty-2026-miesiac-pelen-uczuc\/#primaryimage\"},\"thumbnailUrl\":\"https:\/\/www.sotrender.com\/blog\/wp-content\/uploads\/2026\/03\/monkeys.jpg\",\"datePublished\":\"2026-03-05T08:10:05+00:00\",\"dateModified\":\"2026-04-10T08:39:12+00:00\",\"author\":{\"@id\":\"https:\/\/www.sotrender.com\/blog\/#\/schema\/person\/038ac5e276c5d102d8cbb9c36cd43416\"},\"description\":\"C\u00f3\u017c to by\u0142 za miesi\u0105c! Temat\u00f3w do dyskusji by\u0142a w lutym ca\u0142a masa, a marki jak zawsze sprytnie wykorzystywa\u0142y je w swojej komunikacji.\",\"breadcrumb\":{\"@id\":\"https:\/\/www.sotrender.com\/blog\/pl\/2026\/03\/instagram-trends-luty-2026-miesiac-pelen-uczuc\/#breadcrumb\"},\"inLanguage\":\"pl-PL\",\"potentialAction\":[{\"@type\":\"ReadAction\",\"target\":[\"https:\/\/www.sotrender.com\/blog\/pl\/2026\/03\/instagram-trends-luty-2026-miesiac-pelen-uczuc\/\"]}]},{\"@type\":\"ImageObject\",\"inLanguage\":\"pl-PL\",\"@id\":\"https:\/\/www.sotrender.com\/blog\/pl\/2026\/03\/instagram-trends-luty-2026-miesiac-pelen-uczuc\/#primaryimage\",\"url\":\"https:\/\/www.sotrender.com\/blog\/wp-content\/uploads\/2026\/03\/monkeys.jpg\",\"contentUrl\":\"https:\/\/www.sotrender.com\/blog\/wp-content\/uploads\/2026\/03\/monkeys.jpg\",\"width\":1280,\"height\":827},{\"@type\":\"BreadcrumbList\",\"@id\":\"https:\/\/www.sotrender.com\/blog\/pl\/2026\/03\/instagram-trends-luty-2026-miesiac-pelen-uczuc\/#breadcrumb\",\"itemListElement\":[{\"@type\":\"ListItem\",\"position\":1,\"name\":\"Home\",\"item\":\"https:\/\/www.sotrender.com\/blog\/\"},{\"@type\":\"ListItem\",\"position\":2,\"name\":\"Instagram Trends luty 2026 \u2013 miesi\u0105c pe\u0142en uczu\u0107\"}]},{\"@type\":\"WebSite\",\"@id\":\"https:\/\/www.sotrender.com\/blog\/#website\",\"url\":\"https:\/\/www.sotrender.com\/blog\/\",\"name\":\"Sotrender Blog\",\"description\":\"\",\"potentialAction\":[{\"@type\":\"SearchAction\",\"target\":{\"@type\":\"EntryPoint\",\"urlTemplate\":\"https:\/\/www.sotrender.com\/blog\/?s={search_term_string}\"},\"query-input\":\"required name=search_term_string\"}],\"inLanguage\":\"pl-PL\"},{\"@type\":\"Person\",\"@id\":\"https:\/\/www.sotrender.com\/blog\/#\/schema\/person\/038ac5e276c5d102d8cbb9c36cd43416\",\"name\":\"Klaudia \u017by\u0142ka\",\"image\":{\"@type\":\"ImageObject\",\"inLanguage\":\"pl-PL\",\"@id\":\"https:\/\/www.sotrender.com\/blog\/#\/schema\/person\/image\/\",\"url\":\"https:\/\/secure.gravatar.com\/avatar\/f55d5d49ce3c448e1ffde0ab078d84cd?s=96&d=mm&r=g\",\"contentUrl\":\"https:\/\/secure.gravatar.com\/avatar\/f55d5d49ce3c448e1ffde0ab078d84cd?s=96&d=mm&r=g\",\"caption\":\"Klaudia \u017by\u0142ka\"},\"description\":\"Instagram, dogs, books and food lover. Former student at Warsaw University and Malm\u00f6 University. Improving her marketing skills every day. Proud owner of DIMAQ certificate\",\"sameAs\":[\"https:\/\/www.linkedin.com\/in\/klaudia-\u017cy\u0142ka-17527779\"],\"url\":\"https:\/\/www.sotrender.com\/blog\/pl\/author\/klaudia_yka\/\"}]}<\/script>\n<!-- \/ Yoast SEO plugin. -->","yoast_head_json":{"title":"Instagram Trends luty 2026 \u2013 miesi\u0105c pe\u0142en uczu\u0107","description":"C\u00f3\u017c to by\u0142 za miesi\u0105c! Temat\u00f3w do dyskusji by\u0142a w lutym ca\u0142a masa, a marki jak zawsze sprytnie wykorzystywa\u0142y je w swojej komunikacji.","robots":{"index":"index","follow":"follow","max-snippet":"max-snippet:-1","max-image-preview":"max-image-preview:large","max-video-preview":"max-video-preview:-1"},"canonical":"https:\/\/www.sotrender.com\/blog\/pl\/2026\/03\/instagram-trends-luty-2026-miesiac-pelen-uczuc\/","og_locale":"pl_PL","og_type":"article","og_title":"Instagram Trends luty 2026 \u2013 miesi\u0105c pe\u0142en uczu\u0107","og_description":"C\u00f3\u017c to by\u0142 za miesi\u0105c! Temat\u00f3w do dyskusji by\u0142a w lutym ca\u0142a masa, a marki jak zawsze sprytnie wykorzystywa\u0142y je w swojej komunikacji.","og_url":"https:\/\/www.sotrender.com\/blog\/pl\/2026\/03\/instagram-trends-luty-2026-miesiac-pelen-uczuc\/","og_site_name":"Sotrender Blog","article_publisher":"https:\/\/www.facebook.com\/Sotrender","article_published_time":"2026-03-05T08:10:05+00:00","article_modified_time":"2026-04-10T08:39:12+00:00","og_image":[{"width":1280,"height":827,"url":"https:\/\/www.sotrender.com\/blog\/wp-content\/uploads\/2026\/03\/monkeys.jpg","type":"image\/jpeg"}],"author":"Klaudia \u017by\u0142ka","twitter_card":"summary_large_image","twitter_creator":"@Sotrender","twitter_site":"@Sotrender","twitter_misc":{"Written by":"Klaudia \u017by\u0142ka","Est. reading time":"5 minutes"},"schema":{"@context":"https:\/\/schema.org","@graph":[{"@type":"WebPage","@id":"https:\/\/www.sotrender.com\/blog\/pl\/2026\/03\/instagram-trends-luty-2026-miesiac-pelen-uczuc\/","url":"https:\/\/www.sotrender.com\/blog\/pl\/2026\/03\/instagram-trends-luty-2026-miesiac-pelen-uczuc\/","name":"Instagram Trends luty 2026 \u2013 miesi\u0105c pe\u0142en uczu\u0107","isPartOf":{"@id":"https:\/\/www.sotrender.com\/blog\/#website"},"primaryImageOfPage":{"@id":"https:\/\/www.sotrender.com\/blog\/pl\/2026\/03\/instagram-trends-luty-2026-miesiac-pelen-uczuc\/#primaryimage"},"image":{"@id":"https:\/\/www.sotrender.com\/blog\/pl\/2026\/03\/instagram-trends-luty-2026-miesiac-pelen-uczuc\/#primaryimage"},"thumbnailUrl":"https:\/\/www.sotrender.com\/blog\/wp-content\/uploads\/2026\/03\/monkeys.jpg","datePublished":"2026-03-05T08:10:05+00:00","dateModified":"2026-04-10T08:39:12+00:00","author":{"@id":"https:\/\/www.sotrender.com\/blog\/#\/schema\/person\/038ac5e276c5d102d8cbb9c36cd43416"},"description":"C\u00f3\u017c to by\u0142 za miesi\u0105c! Temat\u00f3w do dyskusji by\u0142a w lutym ca\u0142a masa, a marki jak zawsze sprytnie wykorzystywa\u0142y je w swojej komunikacji.","breadcrumb":{"@id":"https:\/\/www.sotrender.com\/blog\/pl\/2026\/03\/instagram-trends-luty-2026-miesiac-pelen-uczuc\/#breadcrumb"},"inLanguage":"pl-PL","potentialAction":[{"@type":"ReadAction","target":["https:\/\/www.sotrender.com\/blog\/pl\/2026\/03\/instagram-trends-luty-2026-miesiac-pelen-uczuc\/"]}]},{"@type":"ImageObject","inLanguage":"pl-PL","@id":"https:\/\/www.sotrender.com\/blog\/pl\/2026\/03\/instagram-trends-luty-2026-miesiac-pelen-uczuc\/#primaryimage","url":"https:\/\/www.sotrender.com\/blog\/wp-content\/uploads\/2026\/03\/monkeys.jpg","contentUrl":"https:\/\/www.sotrender.com\/blog\/wp-content\/uploads\/2026\/03\/monkeys.jpg","width":1280,"height":827},{"@type":"BreadcrumbList","@id":"https:\/\/www.sotrender.com\/blog\/pl\/2026\/03\/instagram-trends-luty-2026-miesiac-pelen-uczuc\/#breadcrumb","itemListElement":[{"@type":"ListItem","position":1,"name":"Home","item":"https:\/\/www.sotrender.com\/blog\/"},{"@type":"ListItem","position":2,"name":"Instagram Trends luty 2026 \u2013 miesi\u0105c pe\u0142en uczu\u0107"}]},{"@type":"WebSite","@id":"https:\/\/www.sotrender.com\/blog\/#website","url":"https:\/\/www.sotrender.com\/blog\/","name":"Sotrender Blog","description":"","potentialAction":[{"@type":"SearchAction","target":{"@type":"EntryPoint","urlTemplate":"https:\/\/www.sotrender.com\/blog\/?s={search_term_string}"},"query-input":"required name=search_term_string"}],"inLanguage":"pl-PL"},{"@type":"Person","@id":"https:\/\/www.sotrender.com\/blog\/#\/schema\/person\/038ac5e276c5d102d8cbb9c36cd43416","name":"Klaudia \u017by\u0142ka","image":{"@type":"ImageObject","inLanguage":"pl-PL","@id":"https:\/\/www.sotrender.com\/blog\/#\/schema\/person\/image\/","url":"https:\/\/secure.gravatar.com\/avatar\/f55d5d49ce3c448e1ffde0ab078d84cd?s=96&d=mm&r=g","contentUrl":"https:\/\/secure.gravatar.com\/avatar\/f55d5d49ce3c448e1ffde0ab078d84cd?s=96&d=mm&r=g","caption":"Klaudia \u017by\u0142ka"},"description":"Instagram, dogs, books and food lover. Former student at Warsaw University and Malm\u00f6 University. Improving her marketing skills every day. Proud owner of DIMAQ certificate","sameAs":["https:\/\/www.linkedin.com\/in\/klaudia-\u017cy\u0142ka-17527779"],"url":"https:\/\/www.sotrender.com\/blog\/pl\/author\/klaudia_yka\/"}]}},"_links":{"self":[{"href":"https:\/\/www.sotrender.com\/blog\/pl\/wp-json\/wp\/v2\/posts\/57800"}],"collection":[{"href":"https:\/\/www.sotrender.com\/blog\/pl\/wp-json\/wp\/v2\/posts"}],"about":[{"href":"https:\/\/www.sotrender.com\/blog\/pl\/wp-json\/wp\/v2\/types\/post"}],"author":[{"embeddable":true,"href":"https:\/\/www.sotrender.com\/blog\/pl\/wp-json\/wp\/v2\/users\/89"}],"replies":[{"embeddable":true,"href":"https:\/\/www.sotrender.com\/blog\/pl\/wp-json\/wp\/v2\/comments?post=57800"}],"version-history":[{"count":5,"href":"https:\/\/www.sotrender.com\/blog\/pl\/wp-json\/wp\/v2\/posts\/57800\/revisions"}],"predecessor-version":[{"id":57982,"href":"https:\/\/www.sotrender.com\/blog\/pl\/wp-json\/wp\/v2\/posts\/57800\/revisions\/57982"}],"wp:featuredmedia":[{"embeddable":true,"href":"https:\/\/www.sotrender.com\/blog\/pl\/wp-json\/wp\/v2\/media\/57819"}],"wp:attachment":[{"href":"https:\/\/www.sotrender.com\/blog\/pl\/wp-json\/wp\/v2\/media?parent=57800"}],"wp:term":[{"taxonomy":"category","embeddable":true,"href":"https:\/\/www.sotrender.com\/blog\/pl\/wp-json\/wp\/v2\/categories?post=57800"},{"taxonomy":"post_tag","embeddable":true,"href":"https:\/\/www.sotrender.com\/blog\/pl\/wp-json\/wp\/v2\/tags?post=57800"}],"curies":[{"name":"wp","href":"https:\/\/api.w.org\/{rel}","templated":true}]}}