{"id":57798,"date":"2026-03-09T11:18:25","date_gmt":"2026-03-09T10:18:25","guid":{"rendered":"https:\/\/www.sotrender.com\/blog\/?p=57798"},"modified":"2026-04-10T10:40:36","modified_gmt":"2026-04-10T08:40:36","slug":"facebook-trends-luty-2026-sport-na-pierwszym-planie","status":"publish","type":"post","link":"https:\/\/www.sotrender.com\/blog\/pl\/2026\/03\/facebook-trends-luty-2026-sport-na-pierwszym-planie\/","title":{"rendered":"Facebook Trends luty 2026 \u2013 sport na pierwszym planie"},"content":{"rendered":"\n<p>Luty na Facebooku zdominowa\u0142y emocje zwi\u0105zane z Olimpiad\u0105, kt\u00f3re wyra\u017anie prze\u0142o\u017cy\u0142y si\u0119 na wzrost zaanga\u017cowania na profilach medi\u00f3w sportowych. W rankingach pojawi\u0142y si\u0119 tak\u017ce viralowe akcje spo\u0142eczne marek \u2013 w tym inicjatywa Du\u017cego Bena wspieraj\u0105ca schronisko dla zwierz\u0105t.<\/p>\n\n\n\n<!--more-->\n\n\n\n<p>Co dok\u0142adnie dzia\u0142o si\u0119 na platformie?&nbsp;<\/p>\n\n\n\n<p>Zapraszamy na raport&nbsp;<a href=\"https:\/\/www.sotrender.com\/trends\/facebook\/poland\/202602\" target=\"_blank\" rel=\"noreferrer noopener\">Facebook Trends luty 2026<\/a>!<\/p>\n\n\n\n<h2 class=\"wp-block-heading\">Olimpijskie emocje<\/h2>\n\n\n\n<p>Luty na Facebooku up\u0142yn\u0105\u0142 pod znakiem sportu \u2013 wszystko za spraw\u0105 Olimpiady, kt\u00f3ra znacz\u0105co zwi\u0119kszy\u0142a zainteresowanie tre\u015bciami publikowanymi przez media sportowe. Najwi\u0119ksze wzrosty w\u015br\u00f3d wszystkich analizowanych profili zanotowa\u0142y w\u0142a\u015bnie one. <\/p>\n\n\n\n<p>Eurosport Polska awansowa\u0142 o 26 pozycji i zaj\u0105\u0142 3. miejsce <a href=\"https:\/\/www.sotrender.com\/trends\/facebook\/poland\/202602\/pl_wszystkie#storytellers\" target=\"_blank\" rel=\"noreferrer noopener\">w rankingu zaanga\u017cowania<\/a>, a tak\u017ce przesun\u0105\u0142 si\u0119 o 18 miejsc na 3. pozycj\u0119 pod wzgl\u0119dem <a href=\"https:\/\/www.sotrender.com\/trends\/facebook\/poland\/202602\/pl_wszystkie#engagement\" target=\"_blank\" rel=\"noreferrer noopener\">aktywno\u015bci u\u017cytkownik\u00f3w<\/a>.<\/p>\n\n\n\n<p>Wyra\u017any skok zanotowa\u0142 r\u00f3wnie\u017c TVP Sport \u2013 awans o 34 miejsca na 7. pozycj\u0119 w rankingu zaanga\u017cowania. Profil by\u0142 tak\u017ce trzecim najszybciej rosn\u0105cym w lutym, zdobywaj\u0105c ponad 43 tys. nowych obserwuj\u0105cych.<\/p>\n\n\n<div class=\"wp-block-image\">\n<figure class=\"aligncenter size-full\"><img loading=\"lazy\" decoding=\"async\" width=\"2356\" height=\"704\" src=\"https:\/\/www.sotrender.com\/blog\/wp-content\/uploads\/2026\/03\/Zrzut-ekranu-2026-03-9-o-09.49.17.png\" alt=\"Profile na Facebooku o najwi\u0119kszym zaanga\u017cowaniu w kategorii Polskoj\u0119zyczne\u00a0| luty 2026 r.\" class=\"wp-image-57825\" srcset=\"https:\/\/www.sotrender.com\/blog\/wp-content\/uploads\/2026\/03\/Zrzut-ekranu-2026-03-9-o-09.49.17.png 2356w, https:\/\/www.sotrender.com\/blog\/wp-content\/uploads\/2026\/03\/Zrzut-ekranu-2026-03-9-o-09.49.17-475x142.png 475w, https:\/\/www.sotrender.com\/blog\/wp-content\/uploads\/2026\/03\/Zrzut-ekranu-2026-03-9-o-09.49.17-768x229.png 768w, https:\/\/www.sotrender.com\/blog\/wp-content\/uploads\/2026\/03\/Zrzut-ekranu-2026-03-9-o-09.49.17-1536x459.png 1536w, https:\/\/www.sotrender.com\/blog\/wp-content\/uploads\/2026\/03\/Zrzut-ekranu-2026-03-9-o-09.49.17-2048x612.png 2048w\" sizes=\"(max-width: 2356px) 100vw, 2356px\" \/><figcaption class=\"wp-element-caption\"><a href=\"https:\/\/www.sotrender.com\/trends\/facebook\/poland\/202602\/pl_wszystkie#storytellers\" target=\"_blank\" rel=\"noreferrer noopener\">Profile na Facebooku o najwi\u0119kszym zaanga\u017cowaniu w kategorii Polskoj\u0119zyczne<\/a>&nbsp;| luty 2026 r.<\/figcaption><\/figure><\/div>\n\n<style>\n    .cta-image-container {\n        background-image: url('https:\/\/www.sotrender.com\/blog\/wp-content\/uploads\/2024\/07\/Frame-1000001352.png');\n        background-size: contain;\n        background-position: left 300px top 100px;\n        background-repeat: no-repeat;\n}\n\n<\/style>    \n<div id=\"wp-block-cta-buttons-three-points-and-image\" class=\"wp-block-cta-buttons-three-points-and-image\">\n\n    <div class=\"content\">\n        <div class=\"header\">Zacznij analizowa\u0107 swoje dzia\u0142ania na FB<\/div>\n\n        <ul class=\"list\">\n            <li>Przetestuj przez 7 dni za darmo<\/li>\n            <li>Poznaj wszystkie funkcje narz\u0119dzia<\/li>\n            <li>Sprawd\u017a dzia\u0142ania konkurencji<\/li>\n        <\/ul>\n                    <a class=\"btn\" href=\"https:\/\/app.sotrender.com\/auth\/signup\/trial\/pl?utm_source=blog-cta\">\n                <div class=\"btn_content\">\n                    Wypr\u00f3buj ju\u017c dzi\u015b                <\/div>\n            <\/a>\n        \n    <\/div>\n\n    <img decoding=\"async\" class=\"image\" src=\"https:\/\/www.sotrender.com\/blog\/wp-content\/uploads\/2024\/07\/Frame-1000001352.png\"\/>\n    \n\n   \n   \n<\/div>\n\n\n\n<h2 class=\"wp-block-heading\">Spacer w chmurach<\/h2>\n\n\n\n<p>Sportowe tre\u015bci dominowa\u0142y r\u00f3wnie\u017c w zestawieniu najlepszych publikacji. A\u017c <a href=\"https:\/\/www.sotrender.com\/trends\/facebook\/poland\/202602\/pl_wszystkie#best_posts\" target=\"_blank\" rel=\"noreferrer noopener\">dwa posty w TOP3 na ca\u0142ej platformie<\/a> nale\u017ca\u0142y do skydiverki Mai Kuczy\u0144skiej.<\/p>\n\n\n<div class=\"wp-block-image\">\n<figure class=\"aligncenter size-full\"><img loading=\"lazy\" decoding=\"async\" width=\"2140\" height=\"920\" src=\"https:\/\/www.sotrender.com\/blog\/wp-content\/uploads\/2026\/03\/Zrzut-ekranu-2026-03-9-o-09.54.26.png\" alt=\"Najlepsze posty na Facebooku w kategorii Polskoj\u0119zyczne\u00a0| luty 2026 r.\" class=\"wp-image-57827\" srcset=\"https:\/\/www.sotrender.com\/blog\/wp-content\/uploads\/2026\/03\/Zrzut-ekranu-2026-03-9-o-09.54.26.png 2140w, https:\/\/www.sotrender.com\/blog\/wp-content\/uploads\/2026\/03\/Zrzut-ekranu-2026-03-9-o-09.54.26-475x204.png 475w, https:\/\/www.sotrender.com\/blog\/wp-content\/uploads\/2026\/03\/Zrzut-ekranu-2026-03-9-o-09.54.26-768x330.png 768w, https:\/\/www.sotrender.com\/blog\/wp-content\/uploads\/2026\/03\/Zrzut-ekranu-2026-03-9-o-09.54.26-1536x660.png 1536w, https:\/\/www.sotrender.com\/blog\/wp-content\/uploads\/2026\/03\/Zrzut-ekranu-2026-03-9-o-09.54.26-2048x880.png 2048w\" sizes=\"(max-width: 2140px) 100vw, 2140px\" \/><figcaption class=\"wp-element-caption\"><a href=\"https:\/\/www.sotrender.com\/trends\/facebook\/poland\/202602\/pl_wszystkie#best_posts\" target=\"_blank\" rel=\"noreferrer noopener\">Najlepsze posty na Facebooku w kategorii Polskoj\u0119zyczne<\/a>&nbsp;| luty 2026 r.<\/figcaption><\/figure><\/div>\n\n\n<p>W kategorii Sport zaj\u0119\u0142a ona 5. miejsce <a href=\"https:\/\/www.sotrender.com\/trends\/facebook\/poland\/202602\/sport#storytellers\" target=\"_blank\" rel=\"noreferrer noopener\">pod wzgl\u0119dem zaanga\u017cowania<\/a> (awans o 57 pozycji i wzrost o 2018%) oraz 5. miejsce <a href=\"https:\/\/www.sotrender.com\/trends\/facebook\/poland\/202602\/sport#engagement\" target=\"_blank\" rel=\"noreferrer noopener\">w rankingu aktywno\u015bci u\u017cytkownik\u00f3w<\/a>, przesuwaj\u0105c si\u0119 o 60 miejsc w g\u00f3r\u0119.<\/p>\n\n\n<div class=\"wp-block-image\">\n<figure class=\"aligncenter size-full\"><img loading=\"lazy\" decoding=\"async\" width=\"2346\" height=\"502\" src=\"https:\/\/www.sotrender.com\/blog\/wp-content\/uploads\/2026\/03\/Zrzut-ekranu-2026-03-9-o-09.57.51.png\" alt=\"Profile na Facebooku o najwi\u0119kszej aktywno\u015bci w kategorii Sport\u00a0| luty 2026 r.\" class=\"wp-image-57829\" srcset=\"https:\/\/www.sotrender.com\/blog\/wp-content\/uploads\/2026\/03\/Zrzut-ekranu-2026-03-9-o-09.57.51.png 2346w, https:\/\/www.sotrender.com\/blog\/wp-content\/uploads\/2026\/03\/Zrzut-ekranu-2026-03-9-o-09.57.51-475x102.png 475w, https:\/\/www.sotrender.com\/blog\/wp-content\/uploads\/2026\/03\/Zrzut-ekranu-2026-03-9-o-09.57.51-768x164.png 768w, https:\/\/www.sotrender.com\/blog\/wp-content\/uploads\/2026\/03\/Zrzut-ekranu-2026-03-9-o-09.57.51-1536x329.png 1536w, https:\/\/www.sotrender.com\/blog\/wp-content\/uploads\/2026\/03\/Zrzut-ekranu-2026-03-9-o-09.57.51-2048x438.png 2048w\" sizes=\"(max-width: 2346px) 100vw, 2346px\" \/><figcaption class=\"wp-element-caption\"><a href=\"https:\/\/www.sotrender.com\/trends\/facebook\/poland\/202602\/sport#engagement\" target=\"_blank\" rel=\"noreferrer noopener\">Profile na Facebooku o najwi\u0119kszej aktywno\u015bci w kategorii Sport<\/a>&nbsp;| luty 2026 r.<\/figcaption><\/figure><\/div>\n\n\n<h2 class=\"wp-block-heading\">Na pomoc zwierz\u0119tom<\/h2>\n\n\n\n<p>W kategorii FMCG wyr\u00f3\u017cni\u0142a si\u0119 marka Du\u017cy Ben. W ramach akcji \u201eKapslnij dobro pieskom\u201d firma zebra\u0142a 21 tys. z\u0142 na schronisko w Obornikach. Publikacja zapewni\u0142a profilowi <a href=\"https:\/\/www.sotrender.com\/trends\/facebook\/poland\/202602\/fmcg#best_posts\" target=\"_blank\" rel=\"noreferrer noopener\">2. miejsce w\u015br\u00f3d najlepszych post\u00f3w<\/a> w tej kategorii oraz awans <a href=\"https:\/\/www.sotrender.com\/trends\/facebook\/poland\/202602\/fmcg#engagement\" target=\"_blank\" rel=\"noreferrer noopener\">w rankingu aktywno\u015bci<\/a> a\u017c o 137 pozycji na 13. miejsce.<\/p>\n\n\n<div class=\"wp-block-image\">\n<figure class=\"aligncenter size-full\"><img loading=\"lazy\" decoding=\"async\" width=\"2138\" height=\"924\" src=\"https:\/\/www.sotrender.com\/blog\/wp-content\/uploads\/2026\/03\/Zrzut-ekranu-2026-03-9-o-10.22.08.png\" alt=\"Najlepsze posty na Facebooku w kategorii FMCG\u00a0| luty 2026 r.\" class=\"wp-image-57833\" srcset=\"https:\/\/www.sotrender.com\/blog\/wp-content\/uploads\/2026\/03\/Zrzut-ekranu-2026-03-9-o-10.22.08.png 2138w, https:\/\/www.sotrender.com\/blog\/wp-content\/uploads\/2026\/03\/Zrzut-ekranu-2026-03-9-o-10.22.08-475x205.png 475w, https:\/\/www.sotrender.com\/blog\/wp-content\/uploads\/2026\/03\/Zrzut-ekranu-2026-03-9-o-10.22.08-768x332.png 768w, https:\/\/www.sotrender.com\/blog\/wp-content\/uploads\/2026\/03\/Zrzut-ekranu-2026-03-9-o-10.22.08-1536x664.png 1536w, https:\/\/www.sotrender.com\/blog\/wp-content\/uploads\/2026\/03\/Zrzut-ekranu-2026-03-9-o-10.22.08-2048x885.png 2048w\" sizes=\"(max-width: 2138px) 100vw, 2138px\" \/><figcaption class=\"wp-element-caption\"><a href=\"https:\/\/www.sotrender.com\/trends\/facebook\/poland\/202602\/fmcg#best_posts\" target=\"_blank\" rel=\"noreferrer noopener\">Najlepsze posty na Facebooku w kategorii FMCG<\/a>&nbsp;| luty 2026 r.<\/figcaption><\/figure><\/div>\n\n\n<h2 class=\"wp-block-heading\">Facebook Trends luty 2026<\/h2>\n\n\n\n<p>To wszystko, co przygotowali\u015bmy dla Was w tym miesi\u0105cu. Ju\u017c wkr\u00f3tce zapraszamy na podsumowanie miesi\u0105ca na TikToku, a na razie zach\u0119camy do sprawdzenia pe\u0142nej wersji\u00a0<a href=\"https:\/\/sotrender.com\/trends\/facebook\/poland\/202602\/\" target=\"_blank\" rel=\"noreferrer noopener\">lutowego raportu Facebook Trends<\/a>.<\/p>\n\n\n\n<figure class=\"wp-block-embed is-type-video is-provider-youtube wp-block-embed-youtube wp-embed-aspect-9-16 wp-has-aspect-ratio\"><div class=\"wp-block-embed__wrapper\">\n<iframe loading=\"lazy\" title=\"Co dzia\u0142o si\u0119 na Facebooku w lutym? \ud83e\udd47 | #marketing #socialmedia #Facebook #FacebookTrends\" width=\"422\" height=\"750\" src=\"https:\/\/www.youtube.com\/embed\/OJLpQ9dPbxw?feature=oembed\" frameborder=\"0\" allow=\"accelerometer; autoplay; clipboard-write; encrypted-media; gyroscope; picture-in-picture; web-share\" referrerpolicy=\"strict-origin-when-cross-origin\" allowfullscreen><\/iframe>\n<\/div><\/figure>\n","protected":false},"excerpt":{"rendered":"<p>Luty na Facebooku zdominowa\u0142y emocje zwi\u0105zane z Olimpiad\u0105, kt\u00f3re wyra\u017anie prze\u0142o\u017cy\u0142y si\u0119 na wzrost zaanga\u017cowania na profilach medi\u00f3w sportowych. W rankingach pojawi\u0142y si\u0119 tak\u017ce viralowe akcje spo\u0142eczne marek \u2013 w tym inicjatywa Du\u017cego Bena wspieraj\u0105ca schronisko dla zwierz\u0105t.<\/p>\n","protected":false},"author":311,"featured_media":57837,"comment_status":"closed","ping_status":"open","sticky":false,"template":"","format":"standard","meta":{"inline_featured_image":false,"footnotes":""},"categories":[1777,1783,1791,1797],"tags":[4078,2307,3903,3925,4076,4077],"yoast_head":"<!-- This site is optimized with the Yoast SEO plugin v22.4 - https:\/\/yoast.com\/wordpress\/plugins\/seo\/ -->\n<title>Facebook Trends luty 2026 \u2013 sport na pierwszym planie<\/title>\n<meta name=\"description\" content=\"Luty na Facebooku zdominowa\u0142y emocje zwi\u0105zane z Olimpiad\u0105, kt\u00f3re prze\u0142o\u017cy\u0142y si\u0119 na wzrost zaanga\u017cowania na profilach medi\u00f3w sportowych.\" \/>\n<meta name=\"robots\" content=\"index, follow, max-snippet:-1, max-image-preview:large, max-video-preview:-1\" \/>\n<link rel=\"canonical\" href=\"https:\/\/www.sotrender.com\/blog\/pl\/2026\/03\/facebook-trends-luty-2026-sport-na-pierwszym-planie\/\" \/>\n<meta property=\"og:locale\" content=\"pl_PL\" \/>\n<meta property=\"og:type\" content=\"article\" \/>\n<meta property=\"og:title\" content=\"Facebook Trends luty 2026 \u2013 sport na pierwszym planie\" \/>\n<meta property=\"og:description\" content=\"Luty na Facebooku zdominowa\u0142y emocje zwi\u0105zane z Olimpiad\u0105, kt\u00f3re prze\u0142o\u017cy\u0142y si\u0119 na wzrost zaanga\u017cowania na profilach medi\u00f3w sportowych.\" \/>\n<meta property=\"og:url\" content=\"https:\/\/www.sotrender.com\/blog\/pl\/2026\/03\/facebook-trends-luty-2026-sport-na-pierwszym-planie\/\" \/>\n<meta property=\"og:site_name\" content=\"Sotrender Blog\" \/>\n<meta property=\"article:publisher\" content=\"https:\/\/www.facebook.com\/Sotrender\" \/>\n<meta property=\"article:published_time\" content=\"2026-03-09T10:18:25+00:00\" \/>\n<meta property=\"article:modified_time\" content=\"2026-04-10T08:40:36+00:00\" \/>\n<meta property=\"og:image\" content=\"https:\/\/www.sotrender.com\/blog\/wp-content\/uploads\/2026\/03\/pexels-hert-3224107.jpg\" \/>\n\t<meta property=\"og:image:width\" content=\"1280\" \/>\n\t<meta property=\"og:image:height\" content=\"850\" \/>\n\t<meta property=\"og:image:type\" content=\"image\/jpeg\" \/>\n<meta name=\"author\" content=\"Bogna Raszowska\" \/>\n<meta name=\"twitter:card\" content=\"summary_large_image\" \/>\n<meta name=\"twitter:creator\" content=\"@Sotrender\" \/>\n<meta name=\"twitter:site\" content=\"@Sotrender\" \/>\n<meta name=\"twitter:label1\" content=\"Written by\" \/>\n\t<meta name=\"twitter:data1\" content=\"Bogna Raszowska\" \/>\n\t<meta name=\"twitter:label2\" content=\"Est. reading time\" \/>\n\t<meta name=\"twitter:data2\" content=\"3 minutes\" \/>\n<script type=\"application\/ld+json\" class=\"yoast-schema-graph\">{\"@context\":\"https:\/\/schema.org\",\"@graph\":[{\"@type\":\"WebPage\",\"@id\":\"https:\/\/www.sotrender.com\/blog\/pl\/2026\/03\/facebook-trends-luty-2026-sport-na-pierwszym-planie\/\",\"url\":\"https:\/\/www.sotrender.com\/blog\/pl\/2026\/03\/facebook-trends-luty-2026-sport-na-pierwszym-planie\/\",\"name\":\"Facebook Trends luty 2026 \u2013 sport na pierwszym planie\",\"isPartOf\":{\"@id\":\"https:\/\/www.sotrender.com\/blog\/#website\"},\"primaryImageOfPage\":{\"@id\":\"https:\/\/www.sotrender.com\/blog\/pl\/2026\/03\/facebook-trends-luty-2026-sport-na-pierwszym-planie\/#primaryimage\"},\"image\":{\"@id\":\"https:\/\/www.sotrender.com\/blog\/pl\/2026\/03\/facebook-trends-luty-2026-sport-na-pierwszym-planie\/#primaryimage\"},\"thumbnailUrl\":\"https:\/\/www.sotrender.com\/blog\/wp-content\/uploads\/2026\/03\/pexels-hert-3224107.jpg\",\"datePublished\":\"2026-03-09T10:18:25+00:00\",\"dateModified\":\"2026-04-10T08:40:36+00:00\",\"author\":{\"@id\":\"https:\/\/www.sotrender.com\/blog\/#\/schema\/person\/2c3d8f31a13ec8be6145f5865f25d16c\"},\"description\":\"Luty na Facebooku zdominowa\u0142y emocje zwi\u0105zane z Olimpiad\u0105, kt\u00f3re prze\u0142o\u017cy\u0142y si\u0119 na wzrost zaanga\u017cowania na profilach medi\u00f3w sportowych.\",\"breadcrumb\":{\"@id\":\"https:\/\/www.sotrender.com\/blog\/pl\/2026\/03\/facebook-trends-luty-2026-sport-na-pierwszym-planie\/#breadcrumb\"},\"inLanguage\":\"pl-PL\",\"potentialAction\":[{\"@type\":\"ReadAction\",\"target\":[\"https:\/\/www.sotrender.com\/blog\/pl\/2026\/03\/facebook-trends-luty-2026-sport-na-pierwszym-planie\/\"]}]},{\"@type\":\"ImageObject\",\"inLanguage\":\"pl-PL\",\"@id\":\"https:\/\/www.sotrender.com\/blog\/pl\/2026\/03\/facebook-trends-luty-2026-sport-na-pierwszym-planie\/#primaryimage\",\"url\":\"https:\/\/www.sotrender.com\/blog\/wp-content\/uploads\/2026\/03\/pexels-hert-3224107.jpg\",\"contentUrl\":\"https:\/\/www.sotrender.com\/blog\/wp-content\/uploads\/2026\/03\/pexels-hert-3224107.jpg\",\"width\":1280,\"height\":850},{\"@type\":\"BreadcrumbList\",\"@id\":\"https:\/\/www.sotrender.com\/blog\/pl\/2026\/03\/facebook-trends-luty-2026-sport-na-pierwszym-planie\/#breadcrumb\",\"itemListElement\":[{\"@type\":\"ListItem\",\"position\":1,\"name\":\"Home\",\"item\":\"https:\/\/www.sotrender.com\/blog\/\"},{\"@type\":\"ListItem\",\"position\":2,\"name\":\"Facebook Trends luty 2026 \u2013 sport na pierwszym planie\"}]},{\"@type\":\"WebSite\",\"@id\":\"https:\/\/www.sotrender.com\/blog\/#website\",\"url\":\"https:\/\/www.sotrender.com\/blog\/\",\"name\":\"Sotrender Blog\",\"description\":\"\",\"potentialAction\":[{\"@type\":\"SearchAction\",\"target\":{\"@type\":\"EntryPoint\",\"urlTemplate\":\"https:\/\/www.sotrender.com\/blog\/?s={search_term_string}\"},\"query-input\":\"required name=search_term_string\"}],\"inLanguage\":\"pl-PL\"},{\"@type\":\"Person\",\"@id\":\"https:\/\/www.sotrender.com\/blog\/#\/schema\/person\/2c3d8f31a13ec8be6145f5865f25d16c\",\"name\":\"Bogna Raszowska\",\"image\":{\"@type\":\"ImageObject\",\"inLanguage\":\"pl-PL\",\"@id\":\"https:\/\/www.sotrender.com\/blog\/#\/schema\/person\/image\/\",\"url\":\"https:\/\/secure.gravatar.com\/avatar\/a9efb91eb7796ed666d24a5b58b6a6cd?s=96&d=mm&r=g\",\"contentUrl\":\"https:\/\/secure.gravatar.com\/avatar\/a9efb91eb7796ed666d24a5b58b6a6cd?s=96&d=mm&r=g\",\"caption\":\"Bogna Raszowska\"},\"description\":\"Digital marketer with a passion for copywriting, content and social media. Off the clock, I'm an avid traveler, RPG gamer, music lover, and South Korean culture enthusiast.\",\"sameAs\":[\"https:\/\/www.linkedin.com\/in\/bognaraszowska\"],\"url\":\"https:\/\/www.sotrender.com\/blog\/pl\/author\/bogna_raszowska\/\"}]}<\/script>\n<!-- \/ Yoast SEO plugin. -->","yoast_head_json":{"title":"Facebook Trends luty 2026 \u2013 sport na pierwszym planie","description":"Luty na Facebooku zdominowa\u0142y emocje zwi\u0105zane z Olimpiad\u0105, kt\u00f3re prze\u0142o\u017cy\u0142y si\u0119 na wzrost zaanga\u017cowania na profilach medi\u00f3w sportowych.","robots":{"index":"index","follow":"follow","max-snippet":"max-snippet:-1","max-image-preview":"max-image-preview:large","max-video-preview":"max-video-preview:-1"},"canonical":"https:\/\/www.sotrender.com\/blog\/pl\/2026\/03\/facebook-trends-luty-2026-sport-na-pierwszym-planie\/","og_locale":"pl_PL","og_type":"article","og_title":"Facebook Trends luty 2026 \u2013 sport na pierwszym planie","og_description":"Luty na Facebooku zdominowa\u0142y emocje zwi\u0105zane z Olimpiad\u0105, kt\u00f3re prze\u0142o\u017cy\u0142y si\u0119 na wzrost zaanga\u017cowania na profilach medi\u00f3w sportowych.","og_url":"https:\/\/www.sotrender.com\/blog\/pl\/2026\/03\/facebook-trends-luty-2026-sport-na-pierwszym-planie\/","og_site_name":"Sotrender Blog","article_publisher":"https:\/\/www.facebook.com\/Sotrender","article_published_time":"2026-03-09T10:18:25+00:00","article_modified_time":"2026-04-10T08:40:36+00:00","og_image":[{"width":1280,"height":850,"url":"https:\/\/www.sotrender.com\/blog\/wp-content\/uploads\/2026\/03\/pexels-hert-3224107.jpg","type":"image\/jpeg"}],"author":"Bogna Raszowska","twitter_card":"summary_large_image","twitter_creator":"@Sotrender","twitter_site":"@Sotrender","twitter_misc":{"Written by":"Bogna Raszowska","Est. reading time":"3 minutes"},"schema":{"@context":"https:\/\/schema.org","@graph":[{"@type":"WebPage","@id":"https:\/\/www.sotrender.com\/blog\/pl\/2026\/03\/facebook-trends-luty-2026-sport-na-pierwszym-planie\/","url":"https:\/\/www.sotrender.com\/blog\/pl\/2026\/03\/facebook-trends-luty-2026-sport-na-pierwszym-planie\/","name":"Facebook Trends luty 2026 \u2013 sport na pierwszym planie","isPartOf":{"@id":"https:\/\/www.sotrender.com\/blog\/#website"},"primaryImageOfPage":{"@id":"https:\/\/www.sotrender.com\/blog\/pl\/2026\/03\/facebook-trends-luty-2026-sport-na-pierwszym-planie\/#primaryimage"},"image":{"@id":"https:\/\/www.sotrender.com\/blog\/pl\/2026\/03\/facebook-trends-luty-2026-sport-na-pierwszym-planie\/#primaryimage"},"thumbnailUrl":"https:\/\/www.sotrender.com\/blog\/wp-content\/uploads\/2026\/03\/pexels-hert-3224107.jpg","datePublished":"2026-03-09T10:18:25+00:00","dateModified":"2026-04-10T08:40:36+00:00","author":{"@id":"https:\/\/www.sotrender.com\/blog\/#\/schema\/person\/2c3d8f31a13ec8be6145f5865f25d16c"},"description":"Luty na Facebooku zdominowa\u0142y emocje zwi\u0105zane z Olimpiad\u0105, kt\u00f3re prze\u0142o\u017cy\u0142y si\u0119 na wzrost zaanga\u017cowania na profilach medi\u00f3w sportowych.","breadcrumb":{"@id":"https:\/\/www.sotrender.com\/blog\/pl\/2026\/03\/facebook-trends-luty-2026-sport-na-pierwszym-planie\/#breadcrumb"},"inLanguage":"pl-PL","potentialAction":[{"@type":"ReadAction","target":["https:\/\/www.sotrender.com\/blog\/pl\/2026\/03\/facebook-trends-luty-2026-sport-na-pierwszym-planie\/"]}]},{"@type":"ImageObject","inLanguage":"pl-PL","@id":"https:\/\/www.sotrender.com\/blog\/pl\/2026\/03\/facebook-trends-luty-2026-sport-na-pierwszym-planie\/#primaryimage","url":"https:\/\/www.sotrender.com\/blog\/wp-content\/uploads\/2026\/03\/pexels-hert-3224107.jpg","contentUrl":"https:\/\/www.sotrender.com\/blog\/wp-content\/uploads\/2026\/03\/pexels-hert-3224107.jpg","width":1280,"height":850},{"@type":"BreadcrumbList","@id":"https:\/\/www.sotrender.com\/blog\/pl\/2026\/03\/facebook-trends-luty-2026-sport-na-pierwszym-planie\/#breadcrumb","itemListElement":[{"@type":"ListItem","position":1,"name":"Home","item":"https:\/\/www.sotrender.com\/blog\/"},{"@type":"ListItem","position":2,"name":"Facebook Trends luty 2026 \u2013 sport na pierwszym planie"}]},{"@type":"WebSite","@id":"https:\/\/www.sotrender.com\/blog\/#website","url":"https:\/\/www.sotrender.com\/blog\/","name":"Sotrender Blog","description":"","potentialAction":[{"@type":"SearchAction","target":{"@type":"EntryPoint","urlTemplate":"https:\/\/www.sotrender.com\/blog\/?s={search_term_string}"},"query-input":"required name=search_term_string"}],"inLanguage":"pl-PL"},{"@type":"Person","@id":"https:\/\/www.sotrender.com\/blog\/#\/schema\/person\/2c3d8f31a13ec8be6145f5865f25d16c","name":"Bogna Raszowska","image":{"@type":"ImageObject","inLanguage":"pl-PL","@id":"https:\/\/www.sotrender.com\/blog\/#\/schema\/person\/image\/","url":"https:\/\/secure.gravatar.com\/avatar\/a9efb91eb7796ed666d24a5b58b6a6cd?s=96&d=mm&r=g","contentUrl":"https:\/\/secure.gravatar.com\/avatar\/a9efb91eb7796ed666d24a5b58b6a6cd?s=96&d=mm&r=g","caption":"Bogna Raszowska"},"description":"Digital marketer with a passion for copywriting, content and social media. Off the clock, I'm an avid traveler, RPG gamer, music lover, and South Korean culture enthusiast.","sameAs":["https:\/\/www.linkedin.com\/in\/bognaraszowska"],"url":"https:\/\/www.sotrender.com\/blog\/pl\/author\/bogna_raszowska\/"}]}},"_links":{"self":[{"href":"https:\/\/www.sotrender.com\/blog\/pl\/wp-json\/wp\/v2\/posts\/57798"}],"collection":[{"href":"https:\/\/www.sotrender.com\/blog\/pl\/wp-json\/wp\/v2\/posts"}],"about":[{"href":"https:\/\/www.sotrender.com\/blog\/pl\/wp-json\/wp\/v2\/types\/post"}],"author":[{"embeddable":true,"href":"https:\/\/www.sotrender.com\/blog\/pl\/wp-json\/wp\/v2\/users\/311"}],"replies":[{"embeddable":true,"href":"https:\/\/www.sotrender.com\/blog\/pl\/wp-json\/wp\/v2\/comments?post=57798"}],"version-history":[{"count":10,"href":"https:\/\/www.sotrender.com\/blog\/pl\/wp-json\/wp\/v2\/posts\/57798\/revisions"}],"predecessor-version":[{"id":57983,"href":"https:\/\/www.sotrender.com\/blog\/pl\/wp-json\/wp\/v2\/posts\/57798\/revisions\/57983"}],"wp:featuredmedia":[{"embeddable":true,"href":"https:\/\/www.sotrender.com\/blog\/pl\/wp-json\/wp\/v2\/media\/57837"}],"wp:attachment":[{"href":"https:\/\/www.sotrender.com\/blog\/pl\/wp-json\/wp\/v2\/media?parent=57798"}],"wp:term":[{"taxonomy":"category","embeddable":true,"href":"https:\/\/www.sotrender.com\/blog\/pl\/wp-json\/wp\/v2\/categories?post=57798"},{"taxonomy":"post_tag","embeddable":true,"href":"https:\/\/www.sotrender.com\/blog\/pl\/wp-json\/wp\/v2\/tags?post=57798"}],"curies":[{"name":"wp","href":"https:\/\/api.w.org\/{rel}","templated":true}]}}