{"id":57686,"date":"2026-02-12T10:21:28","date_gmt":"2026-02-12T09:21:28","guid":{"rendered":"https:\/\/www.sotrender.com\/blog\/?p=57686"},"modified":"2026-04-10T10:44:51","modified_gmt":"2026-04-10T08:44:51","slug":"facebook-trends-styczen-2026-zwierzeta-rzadza","status":"publish","type":"post","link":"https:\/\/www.sotrender.com\/blog\/pl\/2026\/02\/facebook-trends-styczen-2026-zwierzeta-rzadza\/","title":{"rendered":"Facebook Trends stycze\u0144 2026 \u2013 zwierz\u0119ta rz\u0105dz\u0105"},"content":{"rendered":"\n<p>W styczniu na Facebooku zdecydowanie dominowa\u0142y tematy dotycz\u0105ce zwierz\u0105t i tre\u015bci o charakterze spo\u0142ecznym. Najwi\u0119ksze zasi\u0119gi i zaanga\u017cowanie generowa\u0142y publikacje zwi\u0105zane z niesieniem pomocy, wyst\u0105pieniem Dody w Sejmie oraz viralow\u0105 histori\u0105 z wroc\u0142awskiego zoo.<\/p>\n\n\n\n<!--more-->\n\n\n\n<p>Co dok\u0142adnie dzia\u0142o si\u0119 na platformie?&nbsp;<\/p>\n\n\n\n<p>Zapraszamy na raport\u00a0<a href=\"https:\/\/www.sotrender.com\/trends\/facebook\/poland\/202601\" target=\"_blank\" rel=\"noreferrer noopener\">Facebook Trends stycze\u0144 2026<\/a>!<\/p>\n\n\n\n<figure class=\"wp-block-embed is-type-video is-provider-youtube wp-block-embed-youtube wp-embed-aspect-9-16 wp-has-aspect-ratio\"><div class=\"wp-block-embed__wrapper\">\n<iframe loading=\"lazy\" title=\"Doda pnie si\u0119 w styczniowych rankingach na Facebooku \ud83d\udd25 | #socialmedia #Facebook #marketing\" width=\"422\" height=\"750\" src=\"https:\/\/www.youtube.com\/embed\/eO7UoAirz7E?feature=oembed\" frameborder=\"0\" allow=\"accelerometer; autoplay; clipboard-write; encrypted-media; gyroscope; picture-in-picture; web-share\" referrerpolicy=\"strict-origin-when-cross-origin\" allowfullscreen><\/iframe>\n<\/div><\/figure>\n\n\n\n<h2 class=\"wp-block-heading\">Aktywizm Dody tematem numer 1<\/h2>\n\n\n\n<p>Stycze\u0144 bezsprzecznie nale\u017ca\u0142 do Dody. Jej zaanga\u017cowanie w pomoc zwierz\u0119tom \u2013 szczeg\u00f3lnie w kontek\u015bcie schroniska w Sobolewie \u2013 znacz\u0105co prze\u0142o\u017cy\u0142o si\u0119 na widoczno\u015b\u0107 profilu w social media.<\/p>\n\n\n\n<p>Piosenkarka znalaz\u0142a si\u0119 w gronie najszybciej rosn\u0105cych profili miesi\u0105ca, zdobywaj\u0105c ponad 90 tys. nowych obserwuj\u0105cych. To jednak dopiero pocz\u0105tek.<\/p>\n\n\n\n<p>W styczniu Doda awansowa\u0142a o 156 pozycji na 20. miejsce w <a href=\"https:\/\/www.sotrender.com\/trends\/facebook\/poland\/202601\/pl_wszystkie#storytellers\" target=\"_blank\" rel=\"noreferrer noopener\">rankingu zaanga\u017cowania<\/a> (wzrost o 610%) oraz przesun\u0119\u0142a si\u0119 o 151 miejsc w <a href=\"https:\/\/www.sotrender.com\/trends\/facebook\/poland\/202601\/pl_wszystkie#engagement\" target=\"_blank\" rel=\"noreferrer noopener\">rankingu aktywno\u015bci u\u017cytkownik\u00f3w<\/a>, zajmuj\u0105c 16. pozycj\u0119.<\/p>\n\n\n<div class=\"wp-block-image\">\n<figure class=\"aligncenter size-full\"><img loading=\"lazy\" decoding=\"async\" width=\"2340\" height=\"442\" src=\"https:\/\/www.sotrender.com\/blog\/wp-content\/uploads\/2026\/02\/Zrzut-ekranu-2026-02-12-o-09.03.55.png\" alt=\"Profile na Facebooku o najwi\u0119kszej aktywno\u015bci w kategorii Polskoj\u0119zyczne\u00a0| stycze\u0144 2026 r.\" class=\"wp-image-57688\" srcset=\"https:\/\/www.sotrender.com\/blog\/wp-content\/uploads\/2026\/02\/Zrzut-ekranu-2026-02-12-o-09.03.55.png 2340w, https:\/\/www.sotrender.com\/blog\/wp-content\/uploads\/2026\/02\/Zrzut-ekranu-2026-02-12-o-09.03.55-475x90.png 475w, https:\/\/www.sotrender.com\/blog\/wp-content\/uploads\/2026\/02\/Zrzut-ekranu-2026-02-12-o-09.03.55-768x145.png 768w, https:\/\/www.sotrender.com\/blog\/wp-content\/uploads\/2026\/02\/Zrzut-ekranu-2026-02-12-o-09.03.55-1536x290.png 1536w, https:\/\/www.sotrender.com\/blog\/wp-content\/uploads\/2026\/02\/Zrzut-ekranu-2026-02-12-o-09.03.55-2048x387.png 2048w\" sizes=\"(max-width: 2340px) 100vw, 2340px\" \/><figcaption class=\"wp-element-caption\"><a href=\"https:\/\/www.sotrender.com\/trends\/facebook\/poland\/202601\/pl_wszystkie#engagement\" target=\"_blank\" rel=\"noreferrer noopener\">Profile na Facebooku o najwi\u0119kszej aktywno\u015bci w kategorii Polskoj\u0119zyczne<\/a>&nbsp;| stycze\u0144 2026 r.<\/figcaption><\/figure><\/div>\n\n\n<p><a href=\"https:\/\/www.sotrender.com\/trends\/facebook\/poland\/202601\/pl_wszystkie#best_posts\" target=\"_blank\" rel=\"noreferrer noopener\">Najbardziej anga\u017cuj\u0105cym postem miesi\u0105ca<\/a> okaza\u0142o si\u0119 jej wyst\u0105pienie w Sejmie podczas komisji ds. ochrony praw zwierz\u0105t. Publikacja wywo\u0142a\u0142a ogromne poruszenie \u2013 zar\u00f3wno w\u015br\u00f3d fan\u00f3w, jak i krytyk\u00f3w.<\/p>\n\n\n<div class=\"wp-block-image\">\n<figure class=\"aligncenter size-full\"><img loading=\"lazy\" decoding=\"async\" width=\"2180\" height=\"970\" src=\"https:\/\/www.sotrender.com\/blog\/wp-content\/uploads\/2026\/02\/Zrzut-ekranu-2026-02-12-o-09.06.21-1.png\" alt=\"Najlepsze posty na Facebooku w kategorii Polskoj\u0119zyczne\u00a0| stycze\u0144 2026 r.\" class=\"wp-image-57692\" srcset=\"https:\/\/www.sotrender.com\/blog\/wp-content\/uploads\/2026\/02\/Zrzut-ekranu-2026-02-12-o-09.06.21-1.png 2180w, https:\/\/www.sotrender.com\/blog\/wp-content\/uploads\/2026\/02\/Zrzut-ekranu-2026-02-12-o-09.06.21-1-475x211.png 475w, https:\/\/www.sotrender.com\/blog\/wp-content\/uploads\/2026\/02\/Zrzut-ekranu-2026-02-12-o-09.06.21-1-768x342.png 768w, https:\/\/www.sotrender.com\/blog\/wp-content\/uploads\/2026\/02\/Zrzut-ekranu-2026-02-12-o-09.06.21-1-1536x683.png 1536w, https:\/\/www.sotrender.com\/blog\/wp-content\/uploads\/2026\/02\/Zrzut-ekranu-2026-02-12-o-09.06.21-1-2048x911.png 2048w\" sizes=\"(max-width: 2180px) 100vw, 2180px\" \/><figcaption class=\"wp-element-caption\"><a href=\"https:\/\/www.sotrender.com\/trends\/facebook\/poland\/202601\/pl_wszystkie#best_posts\" target=\"_blank\" rel=\"noreferrer noopener\">Najlepsze posty na Facebooku w kategorii Polskoj\u0119zyczne<\/a>&nbsp;| stycze\u0144 2026 r.<\/figcaption><\/figure><\/div>\n\n\n<p>Co ciekawe, temat \u017cy\u0142 tak\u017ce poza profilem artystki. <a href=\"https:\/\/www.sotrender.com\/trends\/facebook\/poland\/202601\/media\/plotkarskie#best_posts\" target=\"_blank\" rel=\"noreferrer noopener\">Media ch\u0119tnie podejmowa\u0142y w\u0105tek jej aktywizmu<\/a> \u2013 nie tylko relacjonuj\u0105c dzia\u0142ania, ale r\u00f3wnie\u017c pytaj\u0105c odbiorc\u00f3w o opini\u0119 na temat jej zaanga\u017cowania i reputacji. <\/p>\n\n\n\n<p>Dodatkowym impulsem dla zainteresowania wok\u00f3\u0142 artystki jest zapowied\u017a serialu o Dodzie, kt\u00f3ry w najbli\u017cszych dniach pojawi si\u0119 na Amazon Prime. Wida\u0107 wyra\u017anie, \u017ce dzia\u0142ania offline i medialne przek\u0142adaj\u0105 si\u0119 dzi\u015b bezpo\u015brednio na wyniki w social media.<\/p>\n\n\n<style>\n    .cta-image-container {\n        background-image: url('https:\/\/www.sotrender.com\/blog\/wp-content\/uploads\/2024\/07\/Frame-1000001352.png');\n        background-size: contain;\n        background-position: left 300px top 100px;\n        background-repeat: no-repeat;\n}\n\n<\/style>    \n<div id=\"wp-block-cta-buttons-three-points-and-image\" class=\"wp-block-cta-buttons-three-points-and-image\">\n\n    <div class=\"content\">\n        <div class=\"header\">Zacznij analizowa\u0107 swoje dzia\u0142ania na FB<\/div>\n\n        <ul class=\"list\">\n            <li>Przetestuj przez 7 dni za darmo<\/li>\n            <li>Poznaj wszystkie funkcje narz\u0119dzia<\/li>\n            <li>Sprawd\u017a dzia\u0142ania konkurencji<\/li>\n        <\/ul>\n                    <a class=\"btn\" href=\"https:\/\/app.sotrender.com\/auth\/signup\/trial\/pl?utm_source=blog-cta\">\n                <div class=\"btn_content\">\n                    Wypr\u00f3buj ju\u017c dzi\u015b                <\/div>\n            <\/a>\n        \n    <\/div>\n\n    <img decoding=\"async\" class=\"image\" src=\"https:\/\/www.sotrender.com\/blog\/wp-content\/uploads\/2024\/07\/Frame-1000001352.png\"\/>\n    \n\n   \n   \n<\/div>\n\n\n\n<h2 class=\"wp-block-heading\">Niesienie pomocy nap\u0119dza wyniki<\/h2>\n\n\n\n<p>Bardzo mocno w styczniu w rankingach pi\u0119li si\u0119 r\u00f3wnie\u017c \u0141ukasz Litewka i Damian \u017burawski, kt\u00f3rzy konsekwentnie publikowali tre\u015bci o tematyce spo\u0142ecznej i oko\u0142ozwierz\u0119cej \u2013 jeszcze przed akcj\u0105 w Sobolewie. <\/p>\n\n\n\n<p>Litewka awansowa\u0142 o 12 pozycji i zaj\u0105\u0142 4. miejsce w <a href=\"https:\/\/www.sotrender.com\/trends\/facebook\/poland\/202601\/pl_wszystkie#storytellers\" target=\"_blank\" rel=\"noreferrer noopener\">rankingu zaanga\u017cowania<\/a> w\u015br\u00f3d wszystkich profili (wzrost o 129%), a w <a href=\"https:\/\/www.sotrender.com\/trends\/facebook\/poland\/202601\/pl_wszystkie#engagement\" target=\"_blank\" rel=\"noreferrer noopener\">rankingu aktywno\u015bci u\u017cytkownik\u00f3w<\/a> przesun\u0105\u0142 si\u0119 o 9 miejsc, r\u00f3wnie\u017c na 4. pozycj\u0119. A\u017c trzy jego posty znalaz\u0142y si\u0119 w\u015br\u00f3d <a href=\"https:\/\/www.sotrender.com\/trends\/facebook\/poland\/202601\/pl_wszystkie#best_posts\" target=\"_blank\" rel=\"noreferrer noopener\">najlepszych tre\u015bci miesi\u0105ca<\/a> \u2013 jeden, zajmuj\u0105cy 3. miejsce w zestawieniu, dotyczy\u0142 zwierz\u0105t, a dwa kolejne porusza\u0142y temat pomocy chorym dzieciom.<\/p>\n\n\n<div class=\"wp-block-image\">\n<figure class=\"aligncenter size-full\"><img loading=\"lazy\" decoding=\"async\" width=\"2348\" height=\"722\" src=\"https:\/\/www.sotrender.com\/blog\/wp-content\/uploads\/2026\/02\/Zrzut-ekranu-2026-02-12-o-09.15.00-1.png\" alt=\"Profile na Facebooku o najwi\u0119kszej aktywno\u015bci w kategorii Polskoj\u0119zyczne\u00a0| stycze\u0144 2026 r.\" class=\"wp-image-57697\" srcset=\"https:\/\/www.sotrender.com\/blog\/wp-content\/uploads\/2026\/02\/Zrzut-ekranu-2026-02-12-o-09.15.00-1.png 2348w, https:\/\/www.sotrender.com\/blog\/wp-content\/uploads\/2026\/02\/Zrzut-ekranu-2026-02-12-o-09.15.00-1-475x146.png 475w, https:\/\/www.sotrender.com\/blog\/wp-content\/uploads\/2026\/02\/Zrzut-ekranu-2026-02-12-o-09.15.00-1-768x236.png 768w, https:\/\/www.sotrender.com\/blog\/wp-content\/uploads\/2026\/02\/Zrzut-ekranu-2026-02-12-o-09.15.00-1-1536x472.png 1536w, https:\/\/www.sotrender.com\/blog\/wp-content\/uploads\/2026\/02\/Zrzut-ekranu-2026-02-12-o-09.15.00-1-2048x630.png 2048w\" sizes=\"(max-width: 2348px) 100vw, 2348px\" \/><figcaption class=\"wp-element-caption\"><a href=\"https:\/\/www.sotrender.com\/trends\/facebook\/poland\/202601\/pl_wszystkie#engagement\" target=\"_blank\" rel=\"noreferrer noopener\">Profile na Facebooku o najwi\u0119kszej aktywno\u015bci w kategorii Polskoj\u0119zyczne<\/a>&nbsp;| stycze\u0144 2026 r.<\/figcaption><\/figure><\/div>\n\n\n<p>R\u00f3wnie dynamiczny wzrost zanotowa\u0142 Damian \u017burawski, kt\u00f3ry awansowa\u0142 o 33 miejsca na 7. pozycj\u0119 <a href=\"https:\/\/www.sotrender.com\/trends\/facebook\/poland\/202601\/pl_wszystkie#storytellers\" target=\"_blank\" rel=\"noreferrer noopener\">pod wzgl\u0119dem zaanga\u017cowania<\/a> (wzrost o 203%) oraz o 26 miejsc na 7. miejsce w <a href=\"https:\/\/www.sotrender.com\/trends\/facebook\/poland\/202601\/pl_wszystkie#engagement\" target=\"_blank\" rel=\"noreferrer noopener\">rankingu aktywno\u015bci u\u017cytkownik\u00f3w<\/a>. Jeden z jego post\u00f3w znalaz\u0142 si\u0119 w\u015br\u00f3d <a href=\"https:\/\/www.sotrender.com\/trends\/facebook\/poland\/202601\/pl_wszystkie#best_posts\" target=\"_blank\" rel=\"noreferrer noopener\">najlepszych publikacji stycznia<\/a>, potwierdzaj\u0105c, \u017ce tre\u015bci zwi\u0105zane ze zwierz\u0119tami i realnym wsparciem spo\u0142ecznym by\u0142y w tym miesi\u0105cu jednym z najmocniejszych motor\u00f3w zaanga\u017cowania na platformie.<\/p>\n\n\n<div class=\"wp-block-image\">\n<figure class=\"aligncenter size-full\"><img loading=\"lazy\" decoding=\"async\" width=\"2156\" height=\"938\" src=\"https:\/\/www.sotrender.com\/blog\/wp-content\/uploads\/2026\/02\/Zrzut-ekranu-2026-02-12-o-09.15.56-1.png\" alt=\"Najlepsze posty na Facebooku w kategorii Polskoj\u0119zyczne\u00a0| stycze\u0144 2026 r.\" class=\"wp-image-57701\" srcset=\"https:\/\/www.sotrender.com\/blog\/wp-content\/uploads\/2026\/02\/Zrzut-ekranu-2026-02-12-o-09.15.56-1.png 2156w, https:\/\/www.sotrender.com\/blog\/wp-content\/uploads\/2026\/02\/Zrzut-ekranu-2026-02-12-o-09.15.56-1-475x207.png 475w, https:\/\/www.sotrender.com\/blog\/wp-content\/uploads\/2026\/02\/Zrzut-ekranu-2026-02-12-o-09.15.56-1-768x334.png 768w, https:\/\/www.sotrender.com\/blog\/wp-content\/uploads\/2026\/02\/Zrzut-ekranu-2026-02-12-o-09.15.56-1-1536x668.png 1536w, https:\/\/www.sotrender.com\/blog\/wp-content\/uploads\/2026\/02\/Zrzut-ekranu-2026-02-12-o-09.15.56-1-2048x891.png 2048w\" sizes=\"(max-width: 2156px) 100vw, 2156px\" \/><figcaption class=\"wp-element-caption\"><a href=\"https:\/\/www.sotrender.com\/trends\/facebook\/poland\/202601\/pl_wszystkie#best_posts\" target=\"_blank\" rel=\"noreferrer noopener\">Najlepsze posty na Facebooku w kategorii Polskoj\u0119zyczne<\/a>&nbsp;| stycze\u0144 2026 r.<\/figcaption><\/figure><\/div>\n\n\n<h2 class=\"wp-block-heading\">Odwa\u017cny mund\u017cak z Wroc\u0142awia<\/h2>\n\n\n\n<p>O wojowniczym mund\u017caku chi\u0144skim z wroc\u0142awskiego zoo s\u0142ysza\u0142a ju\u017c chyba ca\u0142a Polska \u2013 a przynajmniej u\u017cytkownicy Facebooka.<\/p>\n\n\n\n<p>Post Zoo Wroc\u0142aw o zwierz\u0119ciu okaza\u0142 si\u0119 <a href=\"https:\/\/www.sotrender.com\/trends\/facebook\/poland\/202601\/pl_wszystkie#best_posts\" target=\"_blank\" rel=\"noreferrer noopener\">2. najlepsz\u0105 publikacj\u0105 miesi\u0105ca w\u015br\u00f3d wszystkich profili na platformie<\/a>. Viralowa historia przyci\u0105gn\u0119\u0142a ogromne zainteresowanie i wywo\u0142a\u0142a fal\u0119 reakcji oraz udost\u0119pnie\u0144.<\/p>\n\n\n\n<p>W kategorii Miejsca Zoo Wroc\u0142aw awansowa\u0142o o 17 pozycji w rankingu i zosta\u0142o <a href=\"https:\/\/www.sotrender.com\/trends\/facebook\/poland\/202601\/miejsca#engagement\" target=\"_blank\" rel=\"noreferrer noopener\">liderem pod wzgl\u0119dem aktywno\u015bci<\/a>.<\/p>\n\n\n<div class=\"wp-block-image\">\n<figure class=\"aligncenter size-full\"><img loading=\"lazy\" decoding=\"async\" width=\"2358\" height=\"534\" src=\"https:\/\/www.sotrender.com\/blog\/wp-content\/uploads\/2026\/02\/Zrzut-ekranu-2026-02-12-o-09.16.50-1.png\" alt=\"Profile na Facebooku o najwi\u0119kszej aktywno\u015bci w kategorii Miejsca\u00a0| stycze\u0144 2026 r.\" class=\"wp-image-57705\" srcset=\"https:\/\/www.sotrender.com\/blog\/wp-content\/uploads\/2026\/02\/Zrzut-ekranu-2026-02-12-o-09.16.50-1.png 2358w, https:\/\/www.sotrender.com\/blog\/wp-content\/uploads\/2026\/02\/Zrzut-ekranu-2026-02-12-o-09.16.50-1-475x108.png 475w, https:\/\/www.sotrender.com\/blog\/wp-content\/uploads\/2026\/02\/Zrzut-ekranu-2026-02-12-o-09.16.50-1-768x174.png 768w, https:\/\/www.sotrender.com\/blog\/wp-content\/uploads\/2026\/02\/Zrzut-ekranu-2026-02-12-o-09.16.50-1-1536x348.png 1536w, https:\/\/www.sotrender.com\/blog\/wp-content\/uploads\/2026\/02\/Zrzut-ekranu-2026-02-12-o-09.16.50-1-2048x464.png 2048w\" sizes=\"(max-width: 2358px) 100vw, 2358px\" \/><figcaption class=\"wp-element-caption\"><a href=\"https:\/\/www.sotrender.com\/trends\/facebook\/poland\/202601\/miejsca#engagement\" target=\"_blank\" rel=\"noreferrer noopener\">Profile na Facebooku o najwi\u0119kszej aktywno\u015bci w kategorii Miejsca<\/a>&nbsp;| stycze\u0144 2026 r.<\/figcaption><\/figure><\/div>\n\n\n<h2 class=\"wp-block-heading\">Facebook Trends stycze\u0144 2026<\/h2>\n\n\n\n<p>To wszystko, co przygotowali\u015bmy dla Was w tym miesi\u0105cu. Ju\u017c wkr\u00f3tce zapraszamy na podsumowanie miesi\u0105ca na TikToku, a na razie zach\u0119camy do sprawdzenia pe\u0142nej wersji&nbsp;<a href=\"https:\/\/sotrender.com\/trends\/facebook\/poland\/202601\/\" target=\"_blank\" rel=\"noreferrer noopener\">styczniowego raportu Facebook Trends<\/a> oraz <a href=\"https:\/\/www.sotrender.com\/trends\/ads\/poland\/202601\" target=\"_blank\" rel=\"noreferrer noopener\">Ad Trends<\/a>.<\/p>\n","protected":false},"excerpt":{"rendered":"<p>W styczniu na Facebooku zdecydowanie dominowa\u0142y tematy dotycz\u0105ce zwierz\u0105t i tre\u015bci o charakterze spo\u0142ecznym. Najwi\u0119ksze zasi\u0119gi i zaanga\u017cowanie generowa\u0142y publikacje zwi\u0105zane z niesieniem pomocy, wyst\u0105pieniem Dody w Sejmie oraz viralow\u0105 histori\u0105 z wroc\u0142awskiego zoo.<\/p>\n","protected":false},"author":311,"featured_media":57708,"comment_status":"closed","ping_status":"open","sticky":false,"template":"","format":"standard","meta":{"inline_featured_image":false,"footnotes":""},"categories":[1791,1797],"tags":[2307,3903,4070,4071,4072,4073],"yoast_head":"<!-- This site is optimized with the Yoast SEO plugin v22.4 - https:\/\/yoast.com\/wordpress\/plugins\/seo\/ -->\n<title>Facebook Trends stycze\u0144 2026 \u2013 zwierz\u0119ta rz\u0105dz\u0105<\/title>\n<meta name=\"description\" content=\"W styczniu najwi\u0119ksze zaanga\u017cowanie generowa\u0142y publikacje zwi\u0105zane z niesieniem pomocy zwierz\u0119tom oraz histori\u0105 z wroc\u0142awskiego zoo.\" \/>\n<meta name=\"robots\" content=\"index, follow, max-snippet:-1, max-image-preview:large, max-video-preview:-1\" \/>\n<link rel=\"canonical\" href=\"https:\/\/www.sotrender.com\/blog\/pl\/2026\/02\/facebook-trends-styczen-2026-zwierzeta-rzadza\/\" \/>\n<meta property=\"og:locale\" content=\"pl_PL\" \/>\n<meta property=\"og:type\" content=\"article\" \/>\n<meta property=\"og:title\" content=\"Facebook Trends stycze\u0144 2026 \u2013 zwierz\u0119ta rz\u0105dz\u0105\" \/>\n<meta property=\"og:description\" content=\"W styczniu najwi\u0119ksze zaanga\u017cowanie generowa\u0142y publikacje zwi\u0105zane z niesieniem pomocy zwierz\u0119tom oraz histori\u0105 z wroc\u0142awskiego zoo.\" \/>\n<meta property=\"og:url\" content=\"https:\/\/www.sotrender.com\/blog\/pl\/2026\/02\/facebook-trends-styczen-2026-zwierzeta-rzadza\/\" \/>\n<meta property=\"og:site_name\" content=\"Sotrender Blog\" \/>\n<meta property=\"article:publisher\" content=\"https:\/\/www.facebook.com\/Sotrender\" \/>\n<meta property=\"article:published_time\" content=\"2026-02-12T09:21:28+00:00\" \/>\n<meta property=\"article:modified_time\" content=\"2026-04-10T08:44:51+00:00\" \/>\n<meta property=\"og:image\" content=\"https:\/\/www.sotrender.com\/blog\/wp-content\/uploads\/2026\/02\/pexels-regan-dsouza-1315522347-35712649-e1770884811234.jpg\" \/>\n\t<meta property=\"og:image:width\" content=\"992\" \/>\n\t<meta property=\"og:image:height\" content=\"853\" \/>\n\t<meta property=\"og:image:type\" content=\"image\/jpeg\" \/>\n<meta name=\"author\" content=\"Bogna Raszowska\" \/>\n<meta name=\"twitter:card\" content=\"summary_large_image\" \/>\n<meta name=\"twitter:creator\" content=\"@Sotrender\" \/>\n<meta name=\"twitter:site\" content=\"@Sotrender\" \/>\n<meta name=\"twitter:label1\" content=\"Written by\" \/>\n\t<meta name=\"twitter:data1\" content=\"Bogna Raszowska\" \/>\n\t<meta name=\"twitter:label2\" content=\"Est. reading time\" \/>\n\t<meta name=\"twitter:data2\" content=\"4 minutes\" \/>\n<script type=\"application\/ld+json\" class=\"yoast-schema-graph\">{\"@context\":\"https:\/\/schema.org\",\"@graph\":[{\"@type\":\"WebPage\",\"@id\":\"https:\/\/www.sotrender.com\/blog\/pl\/2026\/02\/facebook-trends-styczen-2026-zwierzeta-rzadza\/\",\"url\":\"https:\/\/www.sotrender.com\/blog\/pl\/2026\/02\/facebook-trends-styczen-2026-zwierzeta-rzadza\/\",\"name\":\"Facebook Trends stycze\u0144 2026 \u2013 zwierz\u0119ta rz\u0105dz\u0105\",\"isPartOf\":{\"@id\":\"https:\/\/www.sotrender.com\/blog\/#website\"},\"primaryImageOfPage\":{\"@id\":\"https:\/\/www.sotrender.com\/blog\/pl\/2026\/02\/facebook-trends-styczen-2026-zwierzeta-rzadza\/#primaryimage\"},\"image\":{\"@id\":\"https:\/\/www.sotrender.com\/blog\/pl\/2026\/02\/facebook-trends-styczen-2026-zwierzeta-rzadza\/#primaryimage\"},\"thumbnailUrl\":\"https:\/\/www.sotrender.com\/blog\/wp-content\/uploads\/2026\/02\/pexels-regan-dsouza-1315522347-35712649-e1770884811234.jpg\",\"datePublished\":\"2026-02-12T09:21:28+00:00\",\"dateModified\":\"2026-04-10T08:44:51+00:00\",\"author\":{\"@id\":\"https:\/\/www.sotrender.com\/blog\/#\/schema\/person\/2c3d8f31a13ec8be6145f5865f25d16c\"},\"description\":\"W styczniu najwi\u0119ksze zaanga\u017cowanie generowa\u0142y publikacje zwi\u0105zane z niesieniem pomocy zwierz\u0119tom oraz histori\u0105 z wroc\u0142awskiego zoo.\",\"breadcrumb\":{\"@id\":\"https:\/\/www.sotrender.com\/blog\/pl\/2026\/02\/facebook-trends-styczen-2026-zwierzeta-rzadza\/#breadcrumb\"},\"inLanguage\":\"pl-PL\",\"potentialAction\":[{\"@type\":\"ReadAction\",\"target\":[\"https:\/\/www.sotrender.com\/blog\/pl\/2026\/02\/facebook-trends-styczen-2026-zwierzeta-rzadza\/\"]}]},{\"@type\":\"ImageObject\",\"inLanguage\":\"pl-PL\",\"@id\":\"https:\/\/www.sotrender.com\/blog\/pl\/2026\/02\/facebook-trends-styczen-2026-zwierzeta-rzadza\/#primaryimage\",\"url\":\"https:\/\/www.sotrender.com\/blog\/wp-content\/uploads\/2026\/02\/pexels-regan-dsouza-1315522347-35712649-e1770884811234.jpg\",\"contentUrl\":\"https:\/\/www.sotrender.com\/blog\/wp-content\/uploads\/2026\/02\/pexels-regan-dsouza-1315522347-35712649-e1770884811234.jpg\",\"width\":992,\"height\":853},{\"@type\":\"BreadcrumbList\",\"@id\":\"https:\/\/www.sotrender.com\/blog\/pl\/2026\/02\/facebook-trends-styczen-2026-zwierzeta-rzadza\/#breadcrumb\",\"itemListElement\":[{\"@type\":\"ListItem\",\"position\":1,\"name\":\"Home\",\"item\":\"https:\/\/www.sotrender.com\/blog\/\"},{\"@type\":\"ListItem\",\"position\":2,\"name\":\"Facebook Trends stycze\u0144 2026 \u2013 zwierz\u0119ta rz\u0105dz\u0105\"}]},{\"@type\":\"WebSite\",\"@id\":\"https:\/\/www.sotrender.com\/blog\/#website\",\"url\":\"https:\/\/www.sotrender.com\/blog\/\",\"name\":\"Sotrender Blog\",\"description\":\"\",\"potentialAction\":[{\"@type\":\"SearchAction\",\"target\":{\"@type\":\"EntryPoint\",\"urlTemplate\":\"https:\/\/www.sotrender.com\/blog\/?s={search_term_string}\"},\"query-input\":\"required name=search_term_string\"}],\"inLanguage\":\"pl-PL\"},{\"@type\":\"Person\",\"@id\":\"https:\/\/www.sotrender.com\/blog\/#\/schema\/person\/2c3d8f31a13ec8be6145f5865f25d16c\",\"name\":\"Bogna Raszowska\",\"image\":{\"@type\":\"ImageObject\",\"inLanguage\":\"pl-PL\",\"@id\":\"https:\/\/www.sotrender.com\/blog\/#\/schema\/person\/image\/\",\"url\":\"https:\/\/secure.gravatar.com\/avatar\/a9efb91eb7796ed666d24a5b58b6a6cd?s=96&d=mm&r=g\",\"contentUrl\":\"https:\/\/secure.gravatar.com\/avatar\/a9efb91eb7796ed666d24a5b58b6a6cd?s=96&d=mm&r=g\",\"caption\":\"Bogna Raszowska\"},\"description\":\"Digital marketer with a passion for copywriting, content and social media. Off the clock, I'm an avid traveler, RPG gamer, music lover, and South Korean culture enthusiast.\",\"sameAs\":[\"https:\/\/www.linkedin.com\/in\/bognaraszowska\"],\"url\":\"https:\/\/www.sotrender.com\/blog\/pl\/author\/bogna_raszowska\/\"}]}<\/script>\n<!-- \/ Yoast SEO plugin. -->","yoast_head_json":{"title":"Facebook Trends stycze\u0144 2026 \u2013 zwierz\u0119ta rz\u0105dz\u0105","description":"W styczniu najwi\u0119ksze zaanga\u017cowanie generowa\u0142y publikacje zwi\u0105zane z niesieniem pomocy zwierz\u0119tom oraz histori\u0105 z wroc\u0142awskiego zoo.","robots":{"index":"index","follow":"follow","max-snippet":"max-snippet:-1","max-image-preview":"max-image-preview:large","max-video-preview":"max-video-preview:-1"},"canonical":"https:\/\/www.sotrender.com\/blog\/pl\/2026\/02\/facebook-trends-styczen-2026-zwierzeta-rzadza\/","og_locale":"pl_PL","og_type":"article","og_title":"Facebook Trends stycze\u0144 2026 \u2013 zwierz\u0119ta rz\u0105dz\u0105","og_description":"W styczniu najwi\u0119ksze zaanga\u017cowanie generowa\u0142y publikacje zwi\u0105zane z niesieniem pomocy zwierz\u0119tom oraz histori\u0105 z wroc\u0142awskiego zoo.","og_url":"https:\/\/www.sotrender.com\/blog\/pl\/2026\/02\/facebook-trends-styczen-2026-zwierzeta-rzadza\/","og_site_name":"Sotrender Blog","article_publisher":"https:\/\/www.facebook.com\/Sotrender","article_published_time":"2026-02-12T09:21:28+00:00","article_modified_time":"2026-04-10T08:44:51+00:00","og_image":[{"width":992,"height":853,"url":"https:\/\/www.sotrender.com\/blog\/wp-content\/uploads\/2026\/02\/pexels-regan-dsouza-1315522347-35712649-e1770884811234.jpg","type":"image\/jpeg"}],"author":"Bogna Raszowska","twitter_card":"summary_large_image","twitter_creator":"@Sotrender","twitter_site":"@Sotrender","twitter_misc":{"Written by":"Bogna Raszowska","Est. reading time":"4 minutes"},"schema":{"@context":"https:\/\/schema.org","@graph":[{"@type":"WebPage","@id":"https:\/\/www.sotrender.com\/blog\/pl\/2026\/02\/facebook-trends-styczen-2026-zwierzeta-rzadza\/","url":"https:\/\/www.sotrender.com\/blog\/pl\/2026\/02\/facebook-trends-styczen-2026-zwierzeta-rzadza\/","name":"Facebook Trends stycze\u0144 2026 \u2013 zwierz\u0119ta rz\u0105dz\u0105","isPartOf":{"@id":"https:\/\/www.sotrender.com\/blog\/#website"},"primaryImageOfPage":{"@id":"https:\/\/www.sotrender.com\/blog\/pl\/2026\/02\/facebook-trends-styczen-2026-zwierzeta-rzadza\/#primaryimage"},"image":{"@id":"https:\/\/www.sotrender.com\/blog\/pl\/2026\/02\/facebook-trends-styczen-2026-zwierzeta-rzadza\/#primaryimage"},"thumbnailUrl":"https:\/\/www.sotrender.com\/blog\/wp-content\/uploads\/2026\/02\/pexels-regan-dsouza-1315522347-35712649-e1770884811234.jpg","datePublished":"2026-02-12T09:21:28+00:00","dateModified":"2026-04-10T08:44:51+00:00","author":{"@id":"https:\/\/www.sotrender.com\/blog\/#\/schema\/person\/2c3d8f31a13ec8be6145f5865f25d16c"},"description":"W styczniu najwi\u0119ksze zaanga\u017cowanie generowa\u0142y publikacje zwi\u0105zane z niesieniem pomocy zwierz\u0119tom oraz histori\u0105 z wroc\u0142awskiego zoo.","breadcrumb":{"@id":"https:\/\/www.sotrender.com\/blog\/pl\/2026\/02\/facebook-trends-styczen-2026-zwierzeta-rzadza\/#breadcrumb"},"inLanguage":"pl-PL","potentialAction":[{"@type":"ReadAction","target":["https:\/\/www.sotrender.com\/blog\/pl\/2026\/02\/facebook-trends-styczen-2026-zwierzeta-rzadza\/"]}]},{"@type":"ImageObject","inLanguage":"pl-PL","@id":"https:\/\/www.sotrender.com\/blog\/pl\/2026\/02\/facebook-trends-styczen-2026-zwierzeta-rzadza\/#primaryimage","url":"https:\/\/www.sotrender.com\/blog\/wp-content\/uploads\/2026\/02\/pexels-regan-dsouza-1315522347-35712649-e1770884811234.jpg","contentUrl":"https:\/\/www.sotrender.com\/blog\/wp-content\/uploads\/2026\/02\/pexels-regan-dsouza-1315522347-35712649-e1770884811234.jpg","width":992,"height":853},{"@type":"BreadcrumbList","@id":"https:\/\/www.sotrender.com\/blog\/pl\/2026\/02\/facebook-trends-styczen-2026-zwierzeta-rzadza\/#breadcrumb","itemListElement":[{"@type":"ListItem","position":1,"name":"Home","item":"https:\/\/www.sotrender.com\/blog\/"},{"@type":"ListItem","position":2,"name":"Facebook Trends stycze\u0144 2026 \u2013 zwierz\u0119ta rz\u0105dz\u0105"}]},{"@type":"WebSite","@id":"https:\/\/www.sotrender.com\/blog\/#website","url":"https:\/\/www.sotrender.com\/blog\/","name":"Sotrender Blog","description":"","potentialAction":[{"@type":"SearchAction","target":{"@type":"EntryPoint","urlTemplate":"https:\/\/www.sotrender.com\/blog\/?s={search_term_string}"},"query-input":"required name=search_term_string"}],"inLanguage":"pl-PL"},{"@type":"Person","@id":"https:\/\/www.sotrender.com\/blog\/#\/schema\/person\/2c3d8f31a13ec8be6145f5865f25d16c","name":"Bogna Raszowska","image":{"@type":"ImageObject","inLanguage":"pl-PL","@id":"https:\/\/www.sotrender.com\/blog\/#\/schema\/person\/image\/","url":"https:\/\/secure.gravatar.com\/avatar\/a9efb91eb7796ed666d24a5b58b6a6cd?s=96&d=mm&r=g","contentUrl":"https:\/\/secure.gravatar.com\/avatar\/a9efb91eb7796ed666d24a5b58b6a6cd?s=96&d=mm&r=g","caption":"Bogna Raszowska"},"description":"Digital marketer with a passion for copywriting, content and social media. Off the clock, I'm an avid traveler, RPG gamer, music lover, and South Korean culture enthusiast.","sameAs":["https:\/\/www.linkedin.com\/in\/bognaraszowska"],"url":"https:\/\/www.sotrender.com\/blog\/pl\/author\/bogna_raszowska\/"}]}},"_links":{"self":[{"href":"https:\/\/www.sotrender.com\/blog\/pl\/wp-json\/wp\/v2\/posts\/57686"}],"collection":[{"href":"https:\/\/www.sotrender.com\/blog\/pl\/wp-json\/wp\/v2\/posts"}],"about":[{"href":"https:\/\/www.sotrender.com\/blog\/pl\/wp-json\/wp\/v2\/types\/post"}],"author":[{"embeddable":true,"href":"https:\/\/www.sotrender.com\/blog\/pl\/wp-json\/wp\/v2\/users\/311"}],"replies":[{"embeddable":true,"href":"https:\/\/www.sotrender.com\/blog\/pl\/wp-json\/wp\/v2\/comments?post=57686"}],"version-history":[{"count":7,"href":"https:\/\/www.sotrender.com\/blog\/pl\/wp-json\/wp\/v2\/posts\/57686\/revisions"}],"predecessor-version":[{"id":57986,"href":"https:\/\/www.sotrender.com\/blog\/pl\/wp-json\/wp\/v2\/posts\/57686\/revisions\/57986"}],"wp:featuredmedia":[{"embeddable":true,"href":"https:\/\/www.sotrender.com\/blog\/pl\/wp-json\/wp\/v2\/media\/57708"}],"wp:attachment":[{"href":"https:\/\/www.sotrender.com\/blog\/pl\/wp-json\/wp\/v2\/media?parent=57686"}],"wp:term":[{"taxonomy":"category","embeddable":true,"href":"https:\/\/www.sotrender.com\/blog\/pl\/wp-json\/wp\/v2\/categories?post=57686"},{"taxonomy":"post_tag","embeddable":true,"href":"https:\/\/www.sotrender.com\/blog\/pl\/wp-json\/wp\/v2\/tags?post=57686"}],"curies":[{"name":"wp","href":"https:\/\/api.w.org\/{rel}","templated":true}]}}