{"id":57593,"date":"2026-01-27T08:34:03","date_gmt":"2026-01-27T07:34:03","guid":{"rendered":"https:\/\/www.sotrender.com\/blog\/?p=57593"},"modified":"2026-04-10T10:51:42","modified_gmt":"2026-04-10T08:51:42","slug":"reklamowe-podsumowanie-2025-roku-w-ekosystemie-meta-infografika","status":"publish","type":"post","link":"https:\/\/www.sotrender.com\/blog\/pl\/2026\/01\/reklamowe-podsumowanie-2025-roku-w-ekosystemie-meta-infografika\/","title":{"rendered":"Reklamowe podsumowanie 2025 roku w ekosystemie Meta [INFOGRAFIKA]"},"content":{"rendered":"\n<p>Czy Facebook umiera, a reklama w Mecie przestaje mie\u0107 znaczenie w dzia\u0142aniach marketingowych marek? Nic na to nie wskazuje \u2013 w 2025 roku reklamodawcy wyemitowali o 55%, czyli ponad 656 tys., reklam wi\u0119cej ni\u017c w 2024 roku.<\/p>\n\n\n\n<p>Jest jednak jeden ma\u0142y <em>chi\u0144ski<\/em> haczyk \u2013 jest nim Temu Poland, kt\u00f3re wyemitowa\u0142o ponad p\u00f3\u0142 miliona reklam wi\u0119cej, odpowiadaj\u0105c za ponad 80% tego wzrostu.<\/p>\n\n\n\n<!--more-->\n\n\n\n<p>W 2025 roku ros\u0142a jednak nie tylko liczba reklam, ale r\u00f3wnie\u017c bud\u017cety wydawane na reklam\u0119. Wed\u0142ug danych <a href=\"https:\/\/www.iab.org.pl\/wp-content\/uploads\/2025\/11\/IAB_PwC_AdEx_2025Q2_infografika.png\" target=\"_blank\" rel=\"noreferrer noopener\">IAB Polska\/PWC AdEX<\/a> wydatki na reklam\u0119 w social media wzros\u0142y w pierwszym p\u00f3\u0142roczu 2025 roku o 12%.<\/p>\n\n\n\n<p>Zapraszamy na reklamowe podsumowanie 2025 roku w ekosystemie Meta.<\/p>\n\n\n\n<figure class=\"wp-block-embed is-type-video is-provider-youtube wp-block-embed-youtube wp-embed-aspect-9-16 wp-has-aspect-ratio\"><div class=\"wp-block-embed__wrapper\">\n<iframe loading=\"lazy\" title=\"Kt\u00f3rzy reklamodawcy dominowali w Meta w 2025 roku? \ud83d\udcb5 | #socialmedia #marketing #reklama\" width=\"422\" height=\"750\" src=\"https:\/\/www.youtube.com\/embed\/dEMsN0JfedQ?feature=oembed\" frameborder=\"0\" allow=\"accelerometer; autoplay; clipboard-write; encrypted-media; gyroscope; picture-in-picture; web-share\" referrerpolicy=\"strict-origin-when-cross-origin\" allowfullscreen><\/iframe>\n<\/div><\/figure>\n\n\n\n<h2 class=\"wp-block-heading\">Temu Poland dalej w natarciu<\/h2>\n\n\n\n<p>Dominacja Temu w \u015bwiecie reklamy trwa w najlepsze. A wr\u0119cz si\u0119 zwi\u0119ksza.<\/p>\n\n\n\n<p>Bez wi\u0119kszego zaskoczenia, w minionym roku Temu by\u0142o reklamodawc\u0105 z najwi\u0119ksz\u0105 liczb\u0105 reklam emitowanych w Mecie \u2013 by\u0142o ich ponad 660 tysi\u0119cy. Co warto podkre\u015bli\u0107, liczba ich reklam w por\u00f3wnaniu do 2024 roku znacznie wzros\u0142a \u2013 a\u017c o 432% (+537 tys. reklam). W og\u00f3lnym uj\u0119ciu <strong>reklamy Temu stanowi\u0142y ponad 30% wszystkich reklam emitowanych w Mecie w Polsce w minionym roku.<\/strong><\/p>\n\n\n\n<p>Co ciekawe, na koncie Temu odnotowali\u015bmy bardzo du\u017co reklam o niskim zasi\u0119gu \u2013 z dotarciem do mniej ni\u017c tysi\u0105ca odbiorc\u00f3w. Wynika to ze strategii Temu, w kt\u00f3rej prawdopodobnie dominuje remarketing i ma\u0142o jest reklam z szerokim dotarciem i og\u00f3lnymi komunikatami.<\/p>\n\n\n\n<p>W\u015br\u00f3d najwi\u0119kszych reklamodawc\u00f3w nie zabrak\u0142o r\u00f3wnie\u017c innego chi\u0144skiego giganta \u2013 SHEIN. Na jego koncie odnotowali\u015bmy ponad 8,5 tys. reklam, co stanowi znaczn\u0105 przepa\u015b\u0107 w por\u00f3wnaniu do Temu.<\/p>\n\n\n\n<h2 class=\"wp-block-heading\">Deweloperzy intensyfikuj\u0105 dzia\u0142ania reklamowe<\/h2>\n\n\n\n<p>Miniony rok pokaza\u0142 nam, \u017ce deweloperzy coraz mocniej stawiaj\u0105 na social media \u2013 r\u00f3wnie\u017c pod k\u0105tem reklamowym.&nbsp;<\/p>\n\n\n\n<p>W 2025 roku dw\u00f3ch deweloper\u00f3w \u2013 Archicom i Murapol \u2013 znacznie zwi\u0119kszy\u0142o liczb\u0119 emitowanych reklam w ekosystemie Meta \u2013 obydwaj o ponad 4 tysi\u0119cy na przestrzeni ca\u0142ego roku. W przypadku Murapolu oznacza\u0142o to wzrost liczby reklam o niemal 450% w por\u00f3wnaniu do 2024 roku. Archicom ju\u017c od d\u0142u\u017cszego czasu go\u015bci w naszych w raportach <a href=\"http:\/\/sotrender.com\/trends\/ads\/poland\/\" target=\"_blank\" rel=\"noreferrer noopener\">Ad Trends<\/a>, a w ca\u0142ym 2025 roku by\u0142 drugim reklamodawc\u0105 z najwi\u0119ksz\u0105 liczb\u0105 reklam \u2013 ponad 11 tys. \u2013 plasuj\u0105c si\u0119 za bezkonkurencyjnym Temu Poland.<\/p>\n\n\n\n<p>Strategie reklamowe deweloper\u00f3w s\u0105 jednak specyficzne. Jest to jedna z niewielu bran\u017c, kt\u00f3re skupiaj\u0105 si\u0119 na emitowaniu niskozasi\u0119gowych reklam (nawet poni\u017cej tysi\u0105ca zasi\u0119gu) i bardzo precyzyjnym targetowaniu.<\/p>\n\n\n\n<p>Bior\u0105c pod uwag\u0119 w\u0105skie targetowanie oraz cele reklamowe, kt\u00f3re raczej oscyluj\u0105 wok\u00f3\u0142 odwiedzin na stronie i konwersji, a nie zasi\u0119gu, bran\u017ca nieruchomo\u015bci jest jedn\u0105 z bran\u017c z najwy\u017cszym \u015brednim CPC \u2013 2,09 z\u0142.<\/p>\n\n\n\n<p>Z drugiej strony tylko nieco ponad 2% wszystkich bud\u017cet\u00f3w wydawanych przez marki na reklam\u0119 w Mecie wydaj\u0105 deweloperzy. <strong>Ich wydatki na reklam\u0119 nie s\u0105 imponuj\u0105co du\u017ce, ale imponuj\u0105co celne.<\/strong><\/p>\n\n\n\n<figure class=\"wp-block-embed is-type-video is-provider-youtube wp-block-embed-youtube wp-embed-aspect-9-16 wp-has-aspect-ratio\"><div class=\"wp-block-embed__wrapper\">\n<iframe loading=\"lazy\" title=\"Kt\u00f3rzy deweloperzy najintensywniej inwestuj\u0105 w Meta Ads? \ud83d\udcb0 | #socialmedia #marketing #reklama\" width=\"422\" height=\"750\" src=\"https:\/\/www.youtube.com\/embed\/X5Ck2fu6FIM?feature=oembed\" frameborder=\"0\" allow=\"accelerometer; autoplay; clipboard-write; encrypted-media; gyroscope; picture-in-picture; web-share\" referrerpolicy=\"strict-origin-when-cross-origin\" allowfullscreen><\/iframe>\n<\/div><\/figure>\n\n\n\n<h2 class=\"wp-block-heading\">Temu i Lidl ponownie z najwi\u0119kszymi zasi\u0119gami<\/h2>\n\n\n\n<p>Podobnie <a href=\"https:\/\/www.sotrender.com\/blog\/pl\/2025\/01\/reklamowe-podsumowanie-2024-roku-w-ekosystemie-meta\/\" target=\"_blank\" rel=\"noreferrer noopener\">jak rok temu<\/a>, reklamodawcami z najwi\u0119kszymi zasi\u0119gami, a co za tym idzie \u2013 r\u00f3wnie\u017c bud\u017cetami, byli: Temu Poland, Lidl Polska i SkyShowtime. W czo\u0142\u00f3wce znalaz\u0142y si\u0119 r\u00f3wnie\u017c Media Expert i HBO Max, cho\u0107 zasi\u0119gi tego ostatniego by\u0142y ponad dwukrotnie mniejsze ni\u017c konkurencyjnego SkyShowtime.<\/p>\n\n\n\n<p>Jednocze\u015bnie zwi\u0119kszy\u0142 si\u0119 dystans mi\u0119dzy Lidlem a Biedronk\u0105, kt\u00f3ra w 2025 roku znalaz\u0142a si\u0119 poza czo\u0142ow\u0105 pi\u0105tk\u0105 reklamodawc\u00f3w z najwi\u0119kszymi zasi\u0119gami, plasuj\u0105c si\u0119 na <em>dalekim<\/em> 11. miejscu.<\/p>\n\n\n\n<p>Reklamodawcy z najwi\u0119kszymi zasi\u0119gami zapewnili sobie r\u00f3wnie\u017c miejsce w zestawieniu z najbardziej zasi\u0119gowymi reklamami. Mowa o Lidlu, SkyShowtime i HBO Max, kt\u00f3rych reklamy dotar\u0142y do ponad 13 milion\u00f3w os\u00f3b.<\/p>\n\n\n\n<p>Co ciekawe, <strong>reklam\u0105 z najwi\u0119kszym zasi\u0119giem w 2025 roku by\u0142a reklama \u0142\u00f3dzkiego ZOO<\/strong>, w kt\u00f3rej tu\u017c przed maj\u00f3wk\u0105 zach\u0119cano do odwiedzin \u0142\u00f3dzkiego Orientarium.<\/p>\n\n\n\n<p>Przypomnijmy, \u017ce <a href=\"https:\/\/www.sotrender.com\/blog\/pl\/2025\/01\/reklamowe-podsumowanie-2024-roku-w-ekosystemie-meta\/\" target=\"_blank\" rel=\"noreferrer noopener\">reklama o najwi\u0119kszym zasi\u0119gu w 2024 roku<\/a> nale\u017ca\u0142a do Plusa i dotar\u0142a do ponad 17 milion\u00f3w Polak\u00f3w.<\/p>\n\n\n\n<h2 class=\"wp-block-heading\">2025 rok w reklamie w Mecie<\/h2>\n\n\n\n<p>W 2025 roku w \u015bwiecie reklamy da\u0142o si\u0119 zobaczy\u0107 rywalizacj\u0119 kilku reklamodawc\u00f3w, jednak przyjmuj\u0105cych r\u00f3\u017cne strategie.<\/p>\n\n\n\n<p>SkyShowtime konkurowa\u0142o o og\u00f3lnopolsk\u0105 uwag\u0119 internaut\u00f3w z HBO Max, podczas gdy Archicom i Murapol byli skupieni na precyzyjnym targetowaniu i r\u00f3\u017cnorodno\u015bci reklam zwi\u0105zanych ze sprzeda\u017c\u0105 poszczeg\u00f3lnych inwestycji.<\/p>\n\n\n\n<p>Nie dali o sobie zapomnie\u0107 najwi\u0119ksi reklamodawcy, tacy jak Lidl, Media Expert, SkyShowtime czy oczywi\u015bcie Temu, kt\u00f3rzy niezmiennie pok\u0142adaj\u0105 w reklamie na Facebooku i Instagramie ogromne, a mo\u017ce nawet jeszcze wi\u0119ksze ni\u017c dotychczas, nadzieje.<\/p>\n\n\n\n<figure class=\"wp-block-image size-full\"><img loading=\"lazy\" decoding=\"async\" width=\"851\" height=\"6000\" src=\"https:\/\/www.sotrender.com\/blog\/wp-content\/uploads\/2026\/01\/Meta-Ads-2025-infografika.png\" alt=\"reklama w meta w 2025 roku \" class=\"wp-image-57602\" srcset=\"https:\/\/www.sotrender.com\/blog\/wp-content\/uploads\/2026\/01\/Meta-Ads-2025-infografika.png 851w, https:\/\/www.sotrender.com\/blog\/wp-content\/uploads\/2026\/01\/Meta-Ads-2025-infografika-475x3349.png 475w, https:\/\/www.sotrender.com\/blog\/wp-content\/uploads\/2026\/01\/Meta-Ads-2025-infografika-768x5415.png 768w, https:\/\/www.sotrender.com\/blog\/wp-content\/uploads\/2026\/01\/Meta-Ads-2025-infografika-218x1536.png 218w\" sizes=\"(max-width: 851px) 100vw, 851px\" \/><\/figure>\n","protected":false},"excerpt":{"rendered":"<p>Czy Facebook umiera, a reklama w Mecie przestaje mie\u0107 znaczenie w dzia\u0142aniach marketingowych marek? Nic na to nie wskazuje \u2013 w 2025 roku reklamodawcy wyemitowali o 55%, czyli ponad 656 tys., reklam wi\u0119cej ni\u017c w 2024 roku. Jest jednak jeden ma\u0142y chi\u0144ski haczyk \u2013 jest nim Temu Poland, kt\u00f3re wyemitowa\u0142o ponad p\u00f3\u0142 miliona reklam wi\u0119cej, [&hellip;]<\/p>\n","protected":false},"author":89,"featured_media":57595,"comment_status":"closed","ping_status":"open","sticky":false,"template":"","format":"standard","meta":{"inline_featured_image":false,"footnotes":""},"categories":[1793],"tags":[1477,2005,3235,4014],"yoast_head":"<!-- This site is optimized with the Yoast SEO plugin v22.4 - https:\/\/yoast.com\/wordpress\/plugins\/seo\/ -->\n<title>Reklamowe podsumowanie 2025 roku w ekosystemie Meta<\/title>\n<meta name=\"description\" content=\"W 2025 roku reklamodawcy wyemitowali o 55%, czyli ponad 656 tys., reklam wi\u0119cej ni\u017c w 2024 roku. Za gro tego wzrostu odpowiada Temu.\" \/>\n<meta name=\"robots\" content=\"index, follow, max-snippet:-1, max-image-preview:large, max-video-preview:-1\" \/>\n<link rel=\"canonical\" href=\"https:\/\/www.sotrender.com\/blog\/pl\/2026\/01\/reklamowe-podsumowanie-2025-roku-w-ekosystemie-meta-infografika\/\" \/>\n<meta property=\"og:locale\" content=\"pl_PL\" \/>\n<meta property=\"og:type\" content=\"article\" \/>\n<meta property=\"og:title\" content=\"Reklamowe podsumowanie 2025 roku w ekosystemie Meta\" \/>\n<meta property=\"og:description\" content=\"W 2025 roku reklamodawcy wyemitowali o 55%, czyli ponad 656 tys., reklam wi\u0119cej ni\u017c w 2024 roku. Za gro tego wzrostu odpowiada Temu.\" \/>\n<meta property=\"og:url\" content=\"https:\/\/www.sotrender.com\/blog\/pl\/2026\/01\/reklamowe-podsumowanie-2025-roku-w-ekosystemie-meta-infografika\/\" \/>\n<meta property=\"og:site_name\" content=\"Sotrender Blog\" \/>\n<meta property=\"article:publisher\" content=\"https:\/\/www.facebook.com\/Sotrender\" \/>\n<meta property=\"article:published_time\" content=\"2026-01-27T07:34:03+00:00\" \/>\n<meta property=\"article:modified_time\" content=\"2026-04-10T08:51:42+00:00\" \/>\n<meta property=\"og:image\" content=\"https:\/\/www.sotrender.com\/blog\/wp-content\/uploads\/2026\/01\/temu-reklama.jpg\" \/>\n\t<meta property=\"og:image:width\" content=\"1000\" \/>\n\t<meta property=\"og:image:height\" content=\"667\" \/>\n\t<meta property=\"og:image:type\" content=\"image\/jpeg\" \/>\n<meta name=\"author\" content=\"Klaudia \u017by\u0142ka\" \/>\n<meta name=\"twitter:card\" content=\"summary_large_image\" \/>\n<meta name=\"twitter:creator\" content=\"@Sotrender\" \/>\n<meta name=\"twitter:site\" content=\"@Sotrender\" \/>\n<meta name=\"twitter:label1\" content=\"Written by\" \/>\n\t<meta name=\"twitter:data1\" content=\"Klaudia \u017by\u0142ka\" \/>\n\t<meta name=\"twitter:label2\" content=\"Est. reading time\" \/>\n\t<meta name=\"twitter:data2\" content=\"4 minutes\" \/>\n<script type=\"application\/ld+json\" class=\"yoast-schema-graph\">{\"@context\":\"https:\/\/schema.org\",\"@graph\":[{\"@type\":\"WebPage\",\"@id\":\"https:\/\/www.sotrender.com\/blog\/pl\/2026\/01\/reklamowe-podsumowanie-2025-roku-w-ekosystemie-meta-infografika\/\",\"url\":\"https:\/\/www.sotrender.com\/blog\/pl\/2026\/01\/reklamowe-podsumowanie-2025-roku-w-ekosystemie-meta-infografika\/\",\"name\":\"Reklamowe podsumowanie 2025 roku w ekosystemie Meta\",\"isPartOf\":{\"@id\":\"https:\/\/www.sotrender.com\/blog\/#website\"},\"primaryImageOfPage\":{\"@id\":\"https:\/\/www.sotrender.com\/blog\/pl\/2026\/01\/reklamowe-podsumowanie-2025-roku-w-ekosystemie-meta-infografika\/#primaryimage\"},\"image\":{\"@id\":\"https:\/\/www.sotrender.com\/blog\/pl\/2026\/01\/reklamowe-podsumowanie-2025-roku-w-ekosystemie-meta-infografika\/#primaryimage\"},\"thumbnailUrl\":\"https:\/\/www.sotrender.com\/blog\/wp-content\/uploads\/2026\/01\/temu-reklama.jpg\",\"datePublished\":\"2026-01-27T07:34:03+00:00\",\"dateModified\":\"2026-04-10T08:51:42+00:00\",\"author\":{\"@id\":\"https:\/\/www.sotrender.com\/blog\/#\/schema\/person\/038ac5e276c5d102d8cbb9c36cd43416\"},\"description\":\"W 2025 roku reklamodawcy wyemitowali o 55%, czyli ponad 656 tys., reklam wi\u0119cej ni\u017c w 2024 roku. Za gro tego wzrostu odpowiada Temu.\",\"breadcrumb\":{\"@id\":\"https:\/\/www.sotrender.com\/blog\/pl\/2026\/01\/reklamowe-podsumowanie-2025-roku-w-ekosystemie-meta-infografika\/#breadcrumb\"},\"inLanguage\":\"pl-PL\",\"potentialAction\":[{\"@type\":\"ReadAction\",\"target\":[\"https:\/\/www.sotrender.com\/blog\/pl\/2026\/01\/reklamowe-podsumowanie-2025-roku-w-ekosystemie-meta-infografika\/\"]}]},{\"@type\":\"ImageObject\",\"inLanguage\":\"pl-PL\",\"@id\":\"https:\/\/www.sotrender.com\/blog\/pl\/2026\/01\/reklamowe-podsumowanie-2025-roku-w-ekosystemie-meta-infografika\/#primaryimage\",\"url\":\"https:\/\/www.sotrender.com\/blog\/wp-content\/uploads\/2026\/01\/temu-reklama.jpg\",\"contentUrl\":\"https:\/\/www.sotrender.com\/blog\/wp-content\/uploads\/2026\/01\/temu-reklama.jpg\",\"width\":1000,\"height\":667,\"caption\":\"temu\"},{\"@type\":\"BreadcrumbList\",\"@id\":\"https:\/\/www.sotrender.com\/blog\/pl\/2026\/01\/reklamowe-podsumowanie-2025-roku-w-ekosystemie-meta-infografika\/#breadcrumb\",\"itemListElement\":[{\"@type\":\"ListItem\",\"position\":1,\"name\":\"Home\",\"item\":\"https:\/\/www.sotrender.com\/blog\/\"},{\"@type\":\"ListItem\",\"position\":2,\"name\":\"Reklamowe podsumowanie 2025 roku w ekosystemie Meta [INFOGRAFIKA]\"}]},{\"@type\":\"WebSite\",\"@id\":\"https:\/\/www.sotrender.com\/blog\/#website\",\"url\":\"https:\/\/www.sotrender.com\/blog\/\",\"name\":\"Sotrender Blog\",\"description\":\"\",\"potentialAction\":[{\"@type\":\"SearchAction\",\"target\":{\"@type\":\"EntryPoint\",\"urlTemplate\":\"https:\/\/www.sotrender.com\/blog\/?s={search_term_string}\"},\"query-input\":\"required name=search_term_string\"}],\"inLanguage\":\"pl-PL\"},{\"@type\":\"Person\",\"@id\":\"https:\/\/www.sotrender.com\/blog\/#\/schema\/person\/038ac5e276c5d102d8cbb9c36cd43416\",\"name\":\"Klaudia \u017by\u0142ka\",\"image\":{\"@type\":\"ImageObject\",\"inLanguage\":\"pl-PL\",\"@id\":\"https:\/\/www.sotrender.com\/blog\/#\/schema\/person\/image\/\",\"url\":\"https:\/\/secure.gravatar.com\/avatar\/f55d5d49ce3c448e1ffde0ab078d84cd?s=96&d=mm&r=g\",\"contentUrl\":\"https:\/\/secure.gravatar.com\/avatar\/f55d5d49ce3c448e1ffde0ab078d84cd?s=96&d=mm&r=g\",\"caption\":\"Klaudia \u017by\u0142ka\"},\"description\":\"Instagram, dogs, books and food lover. Former student at Warsaw University and Malm\u00f6 University. Improving her marketing skills every day. Proud owner of DIMAQ certificate\",\"sameAs\":[\"https:\/\/www.linkedin.com\/in\/klaudia-\u017cy\u0142ka-17527779\"],\"url\":\"https:\/\/www.sotrender.com\/blog\/pl\/author\/klaudia_yka\/\"}]}<\/script>\n<!-- \/ Yoast SEO plugin. -->","yoast_head_json":{"title":"Reklamowe podsumowanie 2025 roku w ekosystemie Meta","description":"W 2025 roku reklamodawcy wyemitowali o 55%, czyli ponad 656 tys., reklam wi\u0119cej ni\u017c w 2024 roku. Za gro tego wzrostu odpowiada Temu.","robots":{"index":"index","follow":"follow","max-snippet":"max-snippet:-1","max-image-preview":"max-image-preview:large","max-video-preview":"max-video-preview:-1"},"canonical":"https:\/\/www.sotrender.com\/blog\/pl\/2026\/01\/reklamowe-podsumowanie-2025-roku-w-ekosystemie-meta-infografika\/","og_locale":"pl_PL","og_type":"article","og_title":"Reklamowe podsumowanie 2025 roku w ekosystemie Meta","og_description":"W 2025 roku reklamodawcy wyemitowali o 55%, czyli ponad 656 tys., reklam wi\u0119cej ni\u017c w 2024 roku. Za gro tego wzrostu odpowiada Temu.","og_url":"https:\/\/www.sotrender.com\/blog\/pl\/2026\/01\/reklamowe-podsumowanie-2025-roku-w-ekosystemie-meta-infografika\/","og_site_name":"Sotrender Blog","article_publisher":"https:\/\/www.facebook.com\/Sotrender","article_published_time":"2026-01-27T07:34:03+00:00","article_modified_time":"2026-04-10T08:51:42+00:00","og_image":[{"width":1000,"height":667,"url":"https:\/\/www.sotrender.com\/blog\/wp-content\/uploads\/2026\/01\/temu-reklama.jpg","type":"image\/jpeg"}],"author":"Klaudia \u017by\u0142ka","twitter_card":"summary_large_image","twitter_creator":"@Sotrender","twitter_site":"@Sotrender","twitter_misc":{"Written by":"Klaudia \u017by\u0142ka","Est. reading time":"4 minutes"},"schema":{"@context":"https:\/\/schema.org","@graph":[{"@type":"WebPage","@id":"https:\/\/www.sotrender.com\/blog\/pl\/2026\/01\/reklamowe-podsumowanie-2025-roku-w-ekosystemie-meta-infografika\/","url":"https:\/\/www.sotrender.com\/blog\/pl\/2026\/01\/reklamowe-podsumowanie-2025-roku-w-ekosystemie-meta-infografika\/","name":"Reklamowe podsumowanie 2025 roku w ekosystemie Meta","isPartOf":{"@id":"https:\/\/www.sotrender.com\/blog\/#website"},"primaryImageOfPage":{"@id":"https:\/\/www.sotrender.com\/blog\/pl\/2026\/01\/reklamowe-podsumowanie-2025-roku-w-ekosystemie-meta-infografika\/#primaryimage"},"image":{"@id":"https:\/\/www.sotrender.com\/blog\/pl\/2026\/01\/reklamowe-podsumowanie-2025-roku-w-ekosystemie-meta-infografika\/#primaryimage"},"thumbnailUrl":"https:\/\/www.sotrender.com\/blog\/wp-content\/uploads\/2026\/01\/temu-reklama.jpg","datePublished":"2026-01-27T07:34:03+00:00","dateModified":"2026-04-10T08:51:42+00:00","author":{"@id":"https:\/\/www.sotrender.com\/blog\/#\/schema\/person\/038ac5e276c5d102d8cbb9c36cd43416"},"description":"W 2025 roku reklamodawcy wyemitowali o 55%, czyli ponad 656 tys., reklam wi\u0119cej ni\u017c w 2024 roku. Za gro tego wzrostu odpowiada Temu.","breadcrumb":{"@id":"https:\/\/www.sotrender.com\/blog\/pl\/2026\/01\/reklamowe-podsumowanie-2025-roku-w-ekosystemie-meta-infografika\/#breadcrumb"},"inLanguage":"pl-PL","potentialAction":[{"@type":"ReadAction","target":["https:\/\/www.sotrender.com\/blog\/pl\/2026\/01\/reklamowe-podsumowanie-2025-roku-w-ekosystemie-meta-infografika\/"]}]},{"@type":"ImageObject","inLanguage":"pl-PL","@id":"https:\/\/www.sotrender.com\/blog\/pl\/2026\/01\/reklamowe-podsumowanie-2025-roku-w-ekosystemie-meta-infografika\/#primaryimage","url":"https:\/\/www.sotrender.com\/blog\/wp-content\/uploads\/2026\/01\/temu-reklama.jpg","contentUrl":"https:\/\/www.sotrender.com\/blog\/wp-content\/uploads\/2026\/01\/temu-reklama.jpg","width":1000,"height":667,"caption":"temu"},{"@type":"BreadcrumbList","@id":"https:\/\/www.sotrender.com\/blog\/pl\/2026\/01\/reklamowe-podsumowanie-2025-roku-w-ekosystemie-meta-infografika\/#breadcrumb","itemListElement":[{"@type":"ListItem","position":1,"name":"Home","item":"https:\/\/www.sotrender.com\/blog\/"},{"@type":"ListItem","position":2,"name":"Reklamowe podsumowanie 2025 roku w ekosystemie Meta [INFOGRAFIKA]"}]},{"@type":"WebSite","@id":"https:\/\/www.sotrender.com\/blog\/#website","url":"https:\/\/www.sotrender.com\/blog\/","name":"Sotrender Blog","description":"","potentialAction":[{"@type":"SearchAction","target":{"@type":"EntryPoint","urlTemplate":"https:\/\/www.sotrender.com\/blog\/?s={search_term_string}"},"query-input":"required name=search_term_string"}],"inLanguage":"pl-PL"},{"@type":"Person","@id":"https:\/\/www.sotrender.com\/blog\/#\/schema\/person\/038ac5e276c5d102d8cbb9c36cd43416","name":"Klaudia \u017by\u0142ka","image":{"@type":"ImageObject","inLanguage":"pl-PL","@id":"https:\/\/www.sotrender.com\/blog\/#\/schema\/person\/image\/","url":"https:\/\/secure.gravatar.com\/avatar\/f55d5d49ce3c448e1ffde0ab078d84cd?s=96&d=mm&r=g","contentUrl":"https:\/\/secure.gravatar.com\/avatar\/f55d5d49ce3c448e1ffde0ab078d84cd?s=96&d=mm&r=g","caption":"Klaudia \u017by\u0142ka"},"description":"Instagram, dogs, books and food lover. Former student at Warsaw University and Malm\u00f6 University. Improving her marketing skills every day. Proud owner of DIMAQ certificate","sameAs":["https:\/\/www.linkedin.com\/in\/klaudia-\u017cy\u0142ka-17527779"],"url":"https:\/\/www.sotrender.com\/blog\/pl\/author\/klaudia_yka\/"}]}},"_links":{"self":[{"href":"https:\/\/www.sotrender.com\/blog\/pl\/wp-json\/wp\/v2\/posts\/57593"}],"collection":[{"href":"https:\/\/www.sotrender.com\/blog\/pl\/wp-json\/wp\/v2\/posts"}],"about":[{"href":"https:\/\/www.sotrender.com\/blog\/pl\/wp-json\/wp\/v2\/types\/post"}],"author":[{"embeddable":true,"href":"https:\/\/www.sotrender.com\/blog\/pl\/wp-json\/wp\/v2\/users\/89"}],"replies":[{"embeddable":true,"href":"https:\/\/www.sotrender.com\/blog\/pl\/wp-json\/wp\/v2\/comments?post=57593"}],"version-history":[{"count":7,"href":"https:\/\/www.sotrender.com\/blog\/pl\/wp-json\/wp\/v2\/posts\/57593\/revisions"}],"predecessor-version":[{"id":57990,"href":"https:\/\/www.sotrender.com\/blog\/pl\/wp-json\/wp\/v2\/posts\/57593\/revisions\/57990"}],"wp:featuredmedia":[{"embeddable":true,"href":"https:\/\/www.sotrender.com\/blog\/pl\/wp-json\/wp\/v2\/media\/57595"}],"wp:attachment":[{"href":"https:\/\/www.sotrender.com\/blog\/pl\/wp-json\/wp\/v2\/media?parent=57593"}],"wp:term":[{"taxonomy":"category","embeddable":true,"href":"https:\/\/www.sotrender.com\/blog\/pl\/wp-json\/wp\/v2\/categories?post=57593"},{"taxonomy":"post_tag","embeddable":true,"href":"https:\/\/www.sotrender.com\/blog\/pl\/wp-json\/wp\/v2\/tags?post=57593"}],"curies":[{"name":"wp","href":"https:\/\/api.w.org\/{rel}","templated":true}]}}