{"id":57543,"date":"2026-01-22T08:43:41","date_gmt":"2026-01-22T07:43:41","guid":{"rendered":"https:\/\/www.sotrender.com\/blog\/?p=57543"},"modified":"2026-04-10T10:53:48","modified_gmt":"2026-04-10T08:53:48","slug":"podsumowanie-2025-roku-na-instagramie-infografika","status":"publish","type":"post","link":"https:\/\/www.sotrender.com\/blog\/pl\/2026\/01\/podsumowanie-2025-roku-na-instagramie-infografika\/","title":{"rendered":"Podsumowanie 2025 roku na Instagramie [INFOGRAFIKA]"},"content":{"rendered":"\n<p>Czy Instagram to w dalszym ci\u0105gu medium wizualne? Cho\u0107 oczywi\u015bcie kluczow\u0105 rol\u0119 odgrywaj\u0105 na nim zdj\u0119cia i kr\u00f3tkie filmy, miniony rok utwierdzi\u0142 nas w tym, \u017ce tre\u015bciom, kt\u00f3re s\u0105 najbardziej popularne i najbardziej anga\u017cuj\u0105ce daleko jest do bycia <em>aesthetic<\/em>.<\/p>\n\n\n\n<!--more-->\n\n\n\n<p>Zapraszamy na podsumowanie 2025 roku na polskim Instagramie!<\/p>\n\n\n\n<h1 class=\"wp-block-heading has-text-align-left\">Instagram w 2025 roku<\/h1>\n\n\n\n<h2 class=\"wp-block-heading\">Marki na Instagramie: kr\u00f3luje przede wszystkim moda<\/h2>\n\n\n\n<p>Nie jest zaskoczeniem, \u017ce Instagram to idealne medium dla marek modowych i kosmetycznych.&nbsp;<\/p>\n\n\n\n<p>Jednak te, kt\u00f3re w minionym roku by\u0142y najwi\u0119ksze, ros\u0142y najszybciej i anga\u017cowa\u0142y najbardziej w wi\u0119kszo\u015bci przypadk\u00f3w wcale nie by\u0142y markami z wielkimi wizjami, lookbokowymi sesjami zagranicznymi i gronem influencerek zatrudnianym do wsp\u00f3\u0142prac.&nbsp;<\/p>\n\n\n\n<p>By\u0142y to butiki internetowe, kt\u00f3re \u0142\u0105czy\u0142a: regularna obecno\u015b\u0107 na Instagramie, jedna twarz marki, z kt\u00f3r\u0105 \u0142atwo si\u0119 uto\u017csami\u0107 i reakcja na niemal ka\u017cdy pojawiaj\u0105cy si\u0119 komentarz.<\/p>\n\n\n\n<p><strong>Cho\u0107 w TOP10 najwi\u0119kszych marek kr\u00f3lowa\u0142o LPP<\/strong> z profilami: Reserved, Sinsay i Mohito, na wysokim trzecim miejscu uplasowa\u0142 si\u0119 profil Chicaca (z ponad 1 milionem obserwuj\u0105cych) z regularnymi wrzutkami najnowszych kolekcji niemal z domowego zacisza.<\/p>\n\n\n\n<p>Taki styl, spos\u00f3b komunikacji i prezentacji produkt\u00f3w w 2025 roku ewidentnie dalej odpowiada\u0142 Polkom. W minionym roku to w\u0142a\u015bnie profil Chicaca r\u00f3s\u0142 najszybciej (+450 tys. obserwuj\u0105cych), a w TOP3 najszybciej rosn\u0105cych profili marek znalaz\u0142y si\u0119 jeszcze 2 marki modowe: Saway oraz konkurencyjne do Chicaca \u2013 Ubrane (+143 tys. obserwuj\u0105cych).<\/p>\n\n\n\n<p>Najbardziej anga\u017cuj\u0105cym profilem by\u0142 dropsy.app (kt\u00f3ry cho\u0107 dotyczy mody, g\u0142\u00f3wnie skupiony jest wok\u00f3\u0142 publikowania news\u00f3w), w TOP3 nie zabrak\u0142o r\u00f3wnie\u017c profilu Ubrane, a Chicaca znalaz\u0142a si\u0119 tu\u017c za podium.<\/p>\n\n\n\n<p><strong>Internetowe butiki z odzie\u017c\u0105 publikowa\u0142y r\u00f3wnie\u017c rekordow\u0105 liczb\u0119 post\u00f3w. <\/strong>Intensywno\u015b\u0107 dzia\u0142a\u0144 znacznie zwi\u0119kszy\u0142 Butik Bamala, publikuj\u0105c w minionym roku ponad 3 tysi\u0105ce post\u00f3w, co daje \u015brednio ponad 8 post\u00f3w dziennie. Na pozosta\u0142ych miejscach podium znalaz\u0142y si\u0119 kolejne marki modowe: Dstreet i Chicaca.<\/p>\n\n\n\n<figure class=\"wp-block-embed is-type-video is-provider-youtube wp-block-embed-youtube wp-embed-aspect-9-16 wp-has-aspect-ratio\"><div class=\"wp-block-embed__wrapper\">\n<iframe loading=\"lazy\" title=\"Co dzia\u0142a\u0142o na Instagramie w 2025 roku? \ud83d\udcf8 | #InstagramTrends #socialmedia #marketing\" width=\"422\" height=\"750\" src=\"https:\/\/www.youtube.com\/embed\/OKLxpKblSG4?feature=oembed\" frameborder=\"0\" allow=\"accelerometer; autoplay; clipboard-write; encrypted-media; gyroscope; picture-in-picture; web-share\" referrerpolicy=\"strict-origin-when-cross-origin\" allowfullscreen><\/iframe>\n<\/div><\/figure>\n\n\n\n<h2 class=\"wp-block-heading\">Na Instagramie sprzedaj\u0105 emocje<\/h2>\n\n\n\n<p><em>Aesthetic content<\/em> zupe\u0142nie nie ma racji bytu w \u015bwiecie medi\u00f3w. I wcale nie chodzi tu tylko o tre\u015bci newsowe, kt\u00f3rych celem jest przekazanie informacji jak najszybciej i dotarcie do jak najwi\u0119kszego grona odbiorc\u00f3w.<\/p>\n\n\n\n<p>W TOP6 najwi\u0119kszych profili medi\u00f3w w 2025 roku znalaz\u0142y si\u0119 trzy profile, kt\u00f3rym daleko do bycia <em>aesthetic<\/em>: Suchar Codzienny, Make Life Harder i Bezu\u017cyteczna. Jak to lecia\u0142o? <strong>Nie ma by\u0107 \u0142adnie, ma by\u0107 \u015bmiesznie.<\/strong><\/p>\n\n\n\n<p>Poza tym, w czo\u0142\u00f3wce najwi\u0119kszych profili znalaz\u0142y si\u0119 dwa profile newsowe: \u0141ukasza Boka (KiK\u015a) z informacjami ze \u015bwiata i \u0141\u0105czy nas pi\u0142ka z newsami sportowymi.<\/p>\n\n\n\n<p>Wyj\u0105tkiem jest numer dwa na podium, czyli profil Netflixa, gdzie za tworzeniem contentu stoj\u0105 faktycznie du\u017ce bud\u017cety. Cho\u0107 z drugiej strony, drugi najbardziej anga\u017cuj\u0105cy post roku w kategorii Media, kt\u00f3ry nale\u017ca\u0142 w\u0142a\u015bnie do Netflixa, by\u0142 prostym memem, kt\u00f3ry z \u0142atwo\u015bci\u0105 stworzy\u0107 by mog\u0142a ka\u017cda marka. Jednak ci\u0119\u017cko r\u00f3wnie\u017c nie przyzna\u0107, \u017ce zbli\u017caj\u0105ca si\u0119 premiera ulubionego serialu cz\u0119sto interesuje i emocjonuje internaut\u00f3w znacznie bardziej ni\u017c niejeden konflikt na \u015bwiecie.<\/p>\n\n\n\n<p>Najszybciej rosn\u0105cym profilem by\u0142 z kolei profil Kana\u0142u Zero, kt\u00f3ry swoj\u0105 premier\u0119 mia\u0142 2 lata temu. W minionym roku podwoi\u0142 liczb\u0119 obserwuj\u0105cych, przekraczaj\u0105c pr\u00f3g p\u00f3\u0142 miliona followers\u00f3w. Na drugim miejscu znalaz\u0142 si\u0119 profil Ta\u0144ca z Gwiazdami, gdzie relacjonowana by\u0142a prawdopodobniej jedna z bardziej emocjonuj\u0105cych edycji programu.<\/p>\n\n\n\n<p><strong>Bezapelacyjnie najbardziej anga\u017cuj\u0105cym tematem na Instagramie w minionym roku by\u0142 sport. <\/strong>Najwi\u0119ksze \u0142\u0105czne zaanga\u017cowanie odnotowali\u015bmy na profilu Meczyki.pl oraz TVP Sport. Numerem trzy by\u0142 nie\u015bmiertelny Suchar Codzienny. Patrz\u0105c na poszczeg\u00f3lne kategorie, Sport zosta\u0142 jednak zepchni\u0119ty z miejsca lidera przez profile rozrywkowe \u2013 z Sucharem Codziennym na czele.<\/p>\n\n\n\n<p>Cho\u0107 na profilach medi\u00f3w najwi\u0119ksze \u0142\u0105czne zaanga\u017cowanie odnotowali\u015bmy pod zdj\u0119ciami (kt\u00f3re by\u0142y r\u00f3wnie popularnym formatem co materia\u0142y wideo), w por\u00f3wnaniu do 2024 roku spad\u0142o ono o 22%. <strong>Znacznie wzros\u0142o jednak zaanga\u017cowanie pod rolkami \u2013 a\u017c o 40%<\/strong> w por\u00f3wnaniu do 2024 roku. Inwestycja w tworzenie i publikowanie wideo jest wi\u0119c zdecydowanie op\u0142acalna pod k\u0105tem wzrostu zaanga\u017cowania.<\/p>\n\n\n\n<h2 class=\"wp-block-heading\">Podsumowanie 2025 roku na Instagramie<\/h2>\n\n\n\n<p>Instagram ju\u017c dawno nie jest o \u0142adnych obrazkach. Czy jednak 2026 to faktycznie nowy 2016? Ci\u0119\u017cko sobie wyobrazi\u0107, by chocia\u017cby popularne wtedy flatlaye mia\u0142y szans\u0119 si\u0119 teraz przebi\u0107 i zdoby\u0107 zaanga\u017cowanie.<\/p>\n\n\n\n<p>Z drugiej strony tym, czego odbiorcy szukaj\u0105 na platformie jest autentyczno\u015b\u0107, spontaniczno\u015b\u0107, naturalno\u015b\u0107 i\u2026 codzienna dawka humoru \u2013 i to wida\u0107, patrz\u0105c chocia\u017cby na zestawienie najbardziej anga\u017cuj\u0105cych i najszybciej rosn\u0105cych profili w 2025 roku.<\/p>\n\n\n\n<p>Cho\u0107 ci\u0119\u017cko uwierzy\u0107, by marki i tw\u00f3rcy zrezygnowa\u0142y z planowania contentu, gdy bran\u017ca i jej profesjonalizacja s\u0105 w rozkwicie, mo\u017ce si\u0119 okaza\u0107, \u017ce jest to jednak przepis na sukces w szerszej perspektywie ni\u017c tylko warszawska ba\u0144ka, gdzie po zakupy chodzi si\u0119 na Mokotowsk\u0105.<\/p>\n\n\n\n<p>Zapraszamy na infografik\u0119 prezentuj\u0105c\u0105 profile, kt\u00f3re naprawd\u0119 liczy\u0142y si\u0119 na Instagramie w 2025 roku. A ju\u017c za kilka dni spodziewajcie si\u0119 podsumowa\u0144 roku z innych platform.<\/p>\n\n\n\n<figure class=\"wp-block-image size-full\"><img loading=\"lazy\" decoding=\"async\" width=\"1055\" height=\"5500\" src=\"https:\/\/www.sotrender.com\/blog\/wp-content\/uploads\/2026\/01\/Instagram-2025.png\" alt=\"instagram w 2025 roku\" class=\"wp-image-57548\" srcset=\"https:\/\/www.sotrender.com\/blog\/wp-content\/uploads\/2026\/01\/Instagram-2025.png 1055w, https:\/\/www.sotrender.com\/blog\/wp-content\/uploads\/2026\/01\/Instagram-2025-475x2476.png 475w, https:\/\/www.sotrender.com\/blog\/wp-content\/uploads\/2026\/01\/Instagram-2025-768x4004.png 768w, https:\/\/www.sotrender.com\/blog\/wp-content\/uploads\/2026\/01\/Instagram-2025-393x2048.png 393w\" sizes=\"(max-width: 1055px) 100vw, 1055px\" \/><\/figure>\n","protected":false},"excerpt":{"rendered":"<p>Czy Instagram to w dalszym ci\u0105gu medium wizualne? Cho\u0107 oczywi\u015bcie kluczow\u0105 rol\u0119 odgrywaj\u0105 na nim zdj\u0119cia i kr\u00f3tkie filmy, miniony rok utwierdzi\u0142 nas w tym, \u017ce tre\u015bciom, kt\u00f3re s\u0105 najbardziej popularne i najbardziej anga\u017cuj\u0105ce daleko jest do bycia aesthetic.<\/p>\n","protected":false},"author":89,"featured_media":57545,"comment_status":"closed","ping_status":"open","sticky":false,"template":"","format":"standard","meta":{"inline_featured_image":false,"footnotes":""},"categories":[1803],"tags":[1477,2467],"yoast_head":"<!-- This site is optimized with the Yoast SEO plugin v22.4 - https:\/\/yoast.com\/wordpress\/plugins\/seo\/ -->\n<title>Podsumowanie 2025 roku na Instagramie [INFOGRAFIKA]<\/title>\n<meta name=\"description\" content=\"Sprawdzamy, jak wygl\u0105da\u0142 Instagram w 2025 roku. Czy jest to w dalszym ci\u0105gu medium wizualne? Czy faktycznie kr\u00f3luje na nim aesthetic content?\" \/>\n<meta name=\"robots\" content=\"index, follow, max-snippet:-1, max-image-preview:large, max-video-preview:-1\" \/>\n<link rel=\"canonical\" href=\"https:\/\/www.sotrender.com\/blog\/pl\/2026\/01\/podsumowanie-2025-roku-na-instagramie-infografika\/\" \/>\n<meta property=\"og:locale\" content=\"pl_PL\" \/>\n<meta property=\"og:type\" content=\"article\" \/>\n<meta property=\"og:title\" content=\"Podsumowanie 2025 roku na Instagramie [INFOGRAFIKA]\" \/>\n<meta property=\"og:description\" content=\"Sprawdzamy, jak wygl\u0105da\u0142 Instagram w 2025 roku. Czy jest to w dalszym ci\u0105gu medium wizualne? Czy faktycznie kr\u00f3luje na nim aesthetic content?\" \/>\n<meta property=\"og:url\" content=\"https:\/\/www.sotrender.com\/blog\/pl\/2026\/01\/podsumowanie-2025-roku-na-instagramie-infografika\/\" \/>\n<meta property=\"og:site_name\" content=\"Sotrender Blog\" \/>\n<meta property=\"article:publisher\" content=\"https:\/\/www.facebook.com\/Sotrender\" \/>\n<meta property=\"article:published_time\" content=\"2026-01-22T07:43:41+00:00\" \/>\n<meta property=\"article:modified_time\" content=\"2026-04-10T08:53:48+00:00\" \/>\n<meta property=\"og:image\" content=\"https:\/\/www.sotrender.com\/blog\/wp-content\/uploads\/2026\/01\/ubrania-instagram.jpg\" \/>\n\t<meta property=\"og:image:width\" content=\"1280\" \/>\n\t<meta property=\"og:image:height\" content=\"1920\" \/>\n\t<meta property=\"og:image:type\" content=\"image\/jpeg\" \/>\n<meta name=\"author\" content=\"Klaudia \u017by\u0142ka\" \/>\n<meta name=\"twitter:card\" content=\"summary_large_image\" \/>\n<meta name=\"twitter:creator\" content=\"@Sotrender\" \/>\n<meta name=\"twitter:site\" content=\"@Sotrender\" \/>\n<meta name=\"twitter:label1\" content=\"Written by\" \/>\n\t<meta name=\"twitter:data1\" content=\"Klaudia \u017by\u0142ka\" \/>\n\t<meta name=\"twitter:label2\" content=\"Est. reading time\" \/>\n\t<meta name=\"twitter:data2\" content=\"4 minutes\" \/>\n<script type=\"application\/ld+json\" class=\"yoast-schema-graph\">{\"@context\":\"https:\/\/schema.org\",\"@graph\":[{\"@type\":\"WebPage\",\"@id\":\"https:\/\/www.sotrender.com\/blog\/pl\/2026\/01\/podsumowanie-2025-roku-na-instagramie-infografika\/\",\"url\":\"https:\/\/www.sotrender.com\/blog\/pl\/2026\/01\/podsumowanie-2025-roku-na-instagramie-infografika\/\",\"name\":\"Podsumowanie 2025 roku na Instagramie [INFOGRAFIKA]\",\"isPartOf\":{\"@id\":\"https:\/\/www.sotrender.com\/blog\/#website\"},\"primaryImageOfPage\":{\"@id\":\"https:\/\/www.sotrender.com\/blog\/pl\/2026\/01\/podsumowanie-2025-roku-na-instagramie-infografika\/#primaryimage\"},\"image\":{\"@id\":\"https:\/\/www.sotrender.com\/blog\/pl\/2026\/01\/podsumowanie-2025-roku-na-instagramie-infografika\/#primaryimage\"},\"thumbnailUrl\":\"https:\/\/www.sotrender.com\/blog\/wp-content\/uploads\/2026\/01\/ubrania-instagram.jpg\",\"datePublished\":\"2026-01-22T07:43:41+00:00\",\"dateModified\":\"2026-04-10T08:53:48+00:00\",\"author\":{\"@id\":\"https:\/\/www.sotrender.com\/blog\/#\/schema\/person\/038ac5e276c5d102d8cbb9c36cd43416\"},\"description\":\"Sprawdzamy, jak wygl\u0105da\u0142 Instagram w 2025 roku. Czy jest to w dalszym ci\u0105gu medium wizualne? Czy faktycznie kr\u00f3luje na nim aesthetic content?\",\"breadcrumb\":{\"@id\":\"https:\/\/www.sotrender.com\/blog\/pl\/2026\/01\/podsumowanie-2025-roku-na-instagramie-infografika\/#breadcrumb\"},\"inLanguage\":\"pl-PL\",\"potentialAction\":[{\"@type\":\"ReadAction\",\"target\":[\"https:\/\/www.sotrender.com\/blog\/pl\/2026\/01\/podsumowanie-2025-roku-na-instagramie-infografika\/\"]}]},{\"@type\":\"ImageObject\",\"inLanguage\":\"pl-PL\",\"@id\":\"https:\/\/www.sotrender.com\/blog\/pl\/2026\/01\/podsumowanie-2025-roku-na-instagramie-infografika\/#primaryimage\",\"url\":\"https:\/\/www.sotrender.com\/blog\/wp-content\/uploads\/2026\/01\/ubrania-instagram.jpg\",\"contentUrl\":\"https:\/\/www.sotrender.com\/blog\/wp-content\/uploads\/2026\/01\/ubrania-instagram.jpg\",\"width\":1280,\"height\":1920},{\"@type\":\"BreadcrumbList\",\"@id\":\"https:\/\/www.sotrender.com\/blog\/pl\/2026\/01\/podsumowanie-2025-roku-na-instagramie-infografika\/#breadcrumb\",\"itemListElement\":[{\"@type\":\"ListItem\",\"position\":1,\"name\":\"Home\",\"item\":\"https:\/\/www.sotrender.com\/blog\/\"},{\"@type\":\"ListItem\",\"position\":2,\"name\":\"Podsumowanie 2025 roku na Instagramie [INFOGRAFIKA]\"}]},{\"@type\":\"WebSite\",\"@id\":\"https:\/\/www.sotrender.com\/blog\/#website\",\"url\":\"https:\/\/www.sotrender.com\/blog\/\",\"name\":\"Sotrender Blog\",\"description\":\"\",\"potentialAction\":[{\"@type\":\"SearchAction\",\"target\":{\"@type\":\"EntryPoint\",\"urlTemplate\":\"https:\/\/www.sotrender.com\/blog\/?s={search_term_string}\"},\"query-input\":\"required name=search_term_string\"}],\"inLanguage\":\"pl-PL\"},{\"@type\":\"Person\",\"@id\":\"https:\/\/www.sotrender.com\/blog\/#\/schema\/person\/038ac5e276c5d102d8cbb9c36cd43416\",\"name\":\"Klaudia \u017by\u0142ka\",\"image\":{\"@type\":\"ImageObject\",\"inLanguage\":\"pl-PL\",\"@id\":\"https:\/\/www.sotrender.com\/blog\/#\/schema\/person\/image\/\",\"url\":\"https:\/\/secure.gravatar.com\/avatar\/f55d5d49ce3c448e1ffde0ab078d84cd?s=96&d=mm&r=g\",\"contentUrl\":\"https:\/\/secure.gravatar.com\/avatar\/f55d5d49ce3c448e1ffde0ab078d84cd?s=96&d=mm&r=g\",\"caption\":\"Klaudia \u017by\u0142ka\"},\"description\":\"Instagram, dogs, books and food lover. Former student at Warsaw University and Malm\u00f6 University. Improving her marketing skills every day. Proud owner of DIMAQ certificate\",\"sameAs\":[\"https:\/\/www.linkedin.com\/in\/klaudia-\u017cy\u0142ka-17527779\"],\"url\":\"https:\/\/www.sotrender.com\/blog\/pl\/author\/klaudia_yka\/\"}]}<\/script>\n<!-- \/ Yoast SEO plugin. -->","yoast_head_json":{"title":"Podsumowanie 2025 roku na Instagramie [INFOGRAFIKA]","description":"Sprawdzamy, jak wygl\u0105da\u0142 Instagram w 2025 roku. Czy jest to w dalszym ci\u0105gu medium wizualne? Czy faktycznie kr\u00f3luje na nim aesthetic content?","robots":{"index":"index","follow":"follow","max-snippet":"max-snippet:-1","max-image-preview":"max-image-preview:large","max-video-preview":"max-video-preview:-1"},"canonical":"https:\/\/www.sotrender.com\/blog\/pl\/2026\/01\/podsumowanie-2025-roku-na-instagramie-infografika\/","og_locale":"pl_PL","og_type":"article","og_title":"Podsumowanie 2025 roku na Instagramie [INFOGRAFIKA]","og_description":"Sprawdzamy, jak wygl\u0105da\u0142 Instagram w 2025 roku. Czy jest to w dalszym ci\u0105gu medium wizualne? Czy faktycznie kr\u00f3luje na nim aesthetic content?","og_url":"https:\/\/www.sotrender.com\/blog\/pl\/2026\/01\/podsumowanie-2025-roku-na-instagramie-infografika\/","og_site_name":"Sotrender Blog","article_publisher":"https:\/\/www.facebook.com\/Sotrender","article_published_time":"2026-01-22T07:43:41+00:00","article_modified_time":"2026-04-10T08:53:48+00:00","og_image":[{"width":1280,"height":1920,"url":"https:\/\/www.sotrender.com\/blog\/wp-content\/uploads\/2026\/01\/ubrania-instagram.jpg","type":"image\/jpeg"}],"author":"Klaudia \u017by\u0142ka","twitter_card":"summary_large_image","twitter_creator":"@Sotrender","twitter_site":"@Sotrender","twitter_misc":{"Written by":"Klaudia \u017by\u0142ka","Est. reading time":"4 minutes"},"schema":{"@context":"https:\/\/schema.org","@graph":[{"@type":"WebPage","@id":"https:\/\/www.sotrender.com\/blog\/pl\/2026\/01\/podsumowanie-2025-roku-na-instagramie-infografika\/","url":"https:\/\/www.sotrender.com\/blog\/pl\/2026\/01\/podsumowanie-2025-roku-na-instagramie-infografika\/","name":"Podsumowanie 2025 roku na Instagramie [INFOGRAFIKA]","isPartOf":{"@id":"https:\/\/www.sotrender.com\/blog\/#website"},"primaryImageOfPage":{"@id":"https:\/\/www.sotrender.com\/blog\/pl\/2026\/01\/podsumowanie-2025-roku-na-instagramie-infografika\/#primaryimage"},"image":{"@id":"https:\/\/www.sotrender.com\/blog\/pl\/2026\/01\/podsumowanie-2025-roku-na-instagramie-infografika\/#primaryimage"},"thumbnailUrl":"https:\/\/www.sotrender.com\/blog\/wp-content\/uploads\/2026\/01\/ubrania-instagram.jpg","datePublished":"2026-01-22T07:43:41+00:00","dateModified":"2026-04-10T08:53:48+00:00","author":{"@id":"https:\/\/www.sotrender.com\/blog\/#\/schema\/person\/038ac5e276c5d102d8cbb9c36cd43416"},"description":"Sprawdzamy, jak wygl\u0105da\u0142 Instagram w 2025 roku. Czy jest to w dalszym ci\u0105gu medium wizualne? Czy faktycznie kr\u00f3luje na nim aesthetic content?","breadcrumb":{"@id":"https:\/\/www.sotrender.com\/blog\/pl\/2026\/01\/podsumowanie-2025-roku-na-instagramie-infografika\/#breadcrumb"},"inLanguage":"pl-PL","potentialAction":[{"@type":"ReadAction","target":["https:\/\/www.sotrender.com\/blog\/pl\/2026\/01\/podsumowanie-2025-roku-na-instagramie-infografika\/"]}]},{"@type":"ImageObject","inLanguage":"pl-PL","@id":"https:\/\/www.sotrender.com\/blog\/pl\/2026\/01\/podsumowanie-2025-roku-na-instagramie-infografika\/#primaryimage","url":"https:\/\/www.sotrender.com\/blog\/wp-content\/uploads\/2026\/01\/ubrania-instagram.jpg","contentUrl":"https:\/\/www.sotrender.com\/blog\/wp-content\/uploads\/2026\/01\/ubrania-instagram.jpg","width":1280,"height":1920},{"@type":"BreadcrumbList","@id":"https:\/\/www.sotrender.com\/blog\/pl\/2026\/01\/podsumowanie-2025-roku-na-instagramie-infografika\/#breadcrumb","itemListElement":[{"@type":"ListItem","position":1,"name":"Home","item":"https:\/\/www.sotrender.com\/blog\/"},{"@type":"ListItem","position":2,"name":"Podsumowanie 2025 roku na Instagramie [INFOGRAFIKA]"}]},{"@type":"WebSite","@id":"https:\/\/www.sotrender.com\/blog\/#website","url":"https:\/\/www.sotrender.com\/blog\/","name":"Sotrender Blog","description":"","potentialAction":[{"@type":"SearchAction","target":{"@type":"EntryPoint","urlTemplate":"https:\/\/www.sotrender.com\/blog\/?s={search_term_string}"},"query-input":"required name=search_term_string"}],"inLanguage":"pl-PL"},{"@type":"Person","@id":"https:\/\/www.sotrender.com\/blog\/#\/schema\/person\/038ac5e276c5d102d8cbb9c36cd43416","name":"Klaudia \u017by\u0142ka","image":{"@type":"ImageObject","inLanguage":"pl-PL","@id":"https:\/\/www.sotrender.com\/blog\/#\/schema\/person\/image\/","url":"https:\/\/secure.gravatar.com\/avatar\/f55d5d49ce3c448e1ffde0ab078d84cd?s=96&d=mm&r=g","contentUrl":"https:\/\/secure.gravatar.com\/avatar\/f55d5d49ce3c448e1ffde0ab078d84cd?s=96&d=mm&r=g","caption":"Klaudia \u017by\u0142ka"},"description":"Instagram, dogs, books and food lover. Former student at Warsaw University and Malm\u00f6 University. Improving her marketing skills every day. Proud owner of DIMAQ certificate","sameAs":["https:\/\/www.linkedin.com\/in\/klaudia-\u017cy\u0142ka-17527779"],"url":"https:\/\/www.sotrender.com\/blog\/pl\/author\/klaudia_yka\/"}]}},"_links":{"self":[{"href":"https:\/\/www.sotrender.com\/blog\/pl\/wp-json\/wp\/v2\/posts\/57543"}],"collection":[{"href":"https:\/\/www.sotrender.com\/blog\/pl\/wp-json\/wp\/v2\/posts"}],"about":[{"href":"https:\/\/www.sotrender.com\/blog\/pl\/wp-json\/wp\/v2\/types\/post"}],"author":[{"embeddable":true,"href":"https:\/\/www.sotrender.com\/blog\/pl\/wp-json\/wp\/v2\/users\/89"}],"replies":[{"embeddable":true,"href":"https:\/\/www.sotrender.com\/blog\/pl\/wp-json\/wp\/v2\/comments?post=57543"}],"version-history":[{"count":6,"href":"https:\/\/www.sotrender.com\/blog\/pl\/wp-json\/wp\/v2\/posts\/57543\/revisions"}],"predecessor-version":[{"id":57991,"href":"https:\/\/www.sotrender.com\/blog\/pl\/wp-json\/wp\/v2\/posts\/57543\/revisions\/57991"}],"wp:featuredmedia":[{"embeddable":true,"href":"https:\/\/www.sotrender.com\/blog\/pl\/wp-json\/wp\/v2\/media\/57545"}],"wp:attachment":[{"href":"https:\/\/www.sotrender.com\/blog\/pl\/wp-json\/wp\/v2\/media?parent=57543"}],"wp:term":[{"taxonomy":"category","embeddable":true,"href":"https:\/\/www.sotrender.com\/blog\/pl\/wp-json\/wp\/v2\/categories?post=57543"},{"taxonomy":"post_tag","embeddable":true,"href":"https:\/\/www.sotrender.com\/blog\/pl\/wp-json\/wp\/v2\/tags?post=57543"}],"curies":[{"name":"wp","href":"https:\/\/api.w.org\/{rel}","templated":true}]}}