{"id":57447,"date":"2026-01-12T10:48:03","date_gmt":"2026-01-12T09:48:03","guid":{"rendered":"https:\/\/www.sotrender.com\/blog\/?p=57447"},"modified":"2026-01-12T10:48:04","modified_gmt":"2026-01-12T09:48:04","slug":"instagram-trends-grudzien-2025-na-szczycie","status":"publish","type":"post","link":"https:\/\/www.sotrender.com\/blog\/pl\/2026\/01\/instagram-trends-grudzien-2025-na-szczycie\/","title":{"rendered":"Instagram Trends grudzie\u0144 2025 \u2013 na szczycie"},"content":{"rendered":"\n<p>Czy w grudniu igersi \u017cyli tylko \u015bwi\u0119tami? Zdecydowanie nie. Zar\u00f3wno w \u015bwiecie muzyki, kultury, jak i gamingu dzia\u0142o si\u0119 tyle, \u017ce nie spos\u00f3b by\u0142o by\u0107 my\u015blami tylko przy \u015bwi\u0105tecznych przygotowaniach.<\/p>\n\n\n\n<!--more-->\n\n\n\n<p>Zapraszamy na <a href=\"https:\/\/sotrender.com\/trends\/instagram\/poland\/202512\/\" target=\"_blank\" rel=\"noreferrer noopener\">instagramowe podsumowanie ostatniego miesi\u0105ca 2025 roku<\/a>.<\/p>\n\n\n\n<h2 class=\"wp-block-heading\">Jakub Patecki z Koron\u0105 Ziemi<\/h2>\n\n\n\n<p>W grudniu @patec_wariatec zdoby\u0142 Koron\u0119 Ziemi, staj\u0105c na swoim ostatnim brakuj\u0105cym szczycie \u2013 g\u00f3rze Elbrus. Jego osi\u0105gni\u0119cie, jak i droga, kt\u00f3r\u0105 je poprzedza\u0142a, wywo\u0142a\u0142a niema\u0142e zaanga\u017cowanie w\u015br\u00f3d odbiorc\u00f3w podr\u00f3\u017cnika.<\/p>\n\n\n\n<p>Post informuj\u0105cy o zdobyciu Korony Ziemi by\u0142 <a href=\"https:\/\/sotrender.com\/trends\/instagram\/poland\/202512\/osoby\/osoby_podroze#best_posts\" target=\"_blank\" rel=\"noreferrer noopener\">najlepszym postem w kategorii Podr\u00f3\u017ce<\/a>, znalaz\u0142 si\u0119 r\u00f3wnie\u017c w <a href=\"https:\/\/sotrender.com\/trends\/instagram\/poland\/202512\/osoby#best_posts\" target=\"_blank\" rel=\"noreferrer noopener\">TOP10\u00a0 najlepszych post\u00f3w w kategorii Osoby<\/a>.<\/p>\n\n\n\n<figure class=\"wp-block-image size-full\"><img loading=\"lazy\" decoding=\"async\" width=\"1800\" height=\"896\" src=\"https:\/\/www.sotrender.com\/blog\/wp-content\/uploads\/2026\/01\/patecki-korona-ziemi.png\" alt=\"jakub patecki korona ziemi \" class=\"wp-image-57471\" srcset=\"https:\/\/www.sotrender.com\/blog\/wp-content\/uploads\/2026\/01\/patecki-korona-ziemi.png 1800w, https:\/\/www.sotrender.com\/blog\/wp-content\/uploads\/2026\/01\/patecki-korona-ziemi-475x236.png 475w, https:\/\/www.sotrender.com\/blog\/wp-content\/uploads\/2026\/01\/patecki-korona-ziemi-768x382.png 768w, https:\/\/www.sotrender.com\/blog\/wp-content\/uploads\/2026\/01\/patecki-korona-ziemi-1536x765.png 1536w\" sizes=\"(max-width: 1800px) 100vw, 1800px\" \/><figcaption class=\"wp-element-caption\"><a href=\"https:\/\/sotrender.com\/trends\/instagram\/poland\/202512\/osoby\/osoby_podroze#best_posts\" target=\"_blank\" rel=\"noreferrer noopener\">Najlepsze posty w kategorii Podr\u00f3\u017cnicy na Instagramie<\/a> | grudzie\u0144 2025<\/figcaption><\/figure>\n\n\n\n<p>W kategorii <a href=\"https:\/\/sotrender.com\/trends\/instagram\/poland\/202512\/osoby\/osoby_podroze\" target=\"_blank\" rel=\"noreferrer noopener\">Podr\u00f3\u017ce<\/a> Patecki pozosta\u0142 liderem wszystkich ranking\u00f3w w naszym raporcie, za\u015b w\u015br\u00f3d <a href=\"https:\/\/sotrender.com\/trends\/instagram\/poland\/202512\/osoby\" target=\"_blank\" rel=\"noreferrer noopener\">wszystkich profili os\u00f3b<\/a> na Instagramie obroni\u0142 swoj\u0105 pozycj\u0119 w TOP10 zar\u00f3wno pod wzgl\u0119dem liczby obserwuj\u0105cyc, jak i zaanga\u017cowania.<\/p>\n\n\n\n<p>O osi\u0105gni\u0119ciu youtubera m\u00f3wiono oczywi\u015bcie szerzej. Post na profilu National Geographic Polska, promuj\u0105cy wywiad z podr\u00f3\u017cnikiem, by\u0142 najbardziej anga\u017cuj\u0105cym postem w kategorii <a href=\"https:\/\/sotrender.com\/trends\/instagram\/poland\/202512\/media\/media_telewizja#best_posts\" target=\"_blank\" rel=\"noreferrer noopener\">Telewizja<\/a>.<\/p>\n\n\n\n<figure class=\"wp-block-image size-full\"><img loading=\"lazy\" decoding=\"async\" width=\"1800\" height=\"898\" src=\"https:\/\/www.sotrender.com\/blog\/wp-content\/uploads\/2026\/01\/natgeo-patecki.png\" alt=\"National Geographic Polska Jakub patecki wywiad korona ziemi\" class=\"wp-image-57469\" srcset=\"https:\/\/www.sotrender.com\/blog\/wp-content\/uploads\/2026\/01\/natgeo-patecki.png 1800w, https:\/\/www.sotrender.com\/blog\/wp-content\/uploads\/2026\/01\/natgeo-patecki-475x237.png 475w, https:\/\/www.sotrender.com\/blog\/wp-content\/uploads\/2026\/01\/natgeo-patecki-768x383.png 768w, https:\/\/www.sotrender.com\/blog\/wp-content\/uploads\/2026\/01\/natgeo-patecki-1536x766.png 1536w\" sizes=\"(max-width: 1800px) 100vw, 1800px\" \/><figcaption class=\"wp-element-caption\"><a href=\"https:\/\/sotrender.com\/trends\/instagram\/poland\/202512\/media\/media_telewizja#best_posts\" target=\"_blank\" rel=\"noreferrer noopener\">Najlepsze posty w kategorii Telewizja na Instagramie<\/a> | grudzie\u0144 2025<\/figcaption><\/figure>\n\n\n\n<h2 class=\"wp-block-heading\">\u015awi\u0105teczny prezent od Taco Hemingwaya<\/h2>\n\n\n\n<p>Taco po raz kolejny zaskoczy\u0142 fan\u00f3w, wydaj\u0105c tu\u017c przed \u015bwi\u0119tami sw\u00f3j kolejny album \u2013 Latarnie wsz\u0119dzie dawno zgas\u0142y.<\/p>\n\n\n\n<p>Instagramowy profil artysty, na kt\u00f3rym niezwykle rzadko publikowane s\u0105 tre\u015bci, awansowa\u0142 na 9. miejsce pod wzgl\u0119dem zaanga\u017cowania w kategorii <a href=\"https:\/\/sotrender.com\/trends\/instagram\/poland\/202512\/osoby\/osoby_muzyka#engagement\" target=\"_blank\" rel=\"noreferrer noopener\">Muzyka<\/a>.<\/p>\n\n\n\n<figure class=\"wp-block-image size-full\"><img loading=\"lazy\" decoding=\"async\" width=\"2372\" height=\"884\" src=\"https:\/\/www.sotrender.com\/blog\/wp-content\/uploads\/2026\/01\/taco-zaangazowanie-instagram-grudzien.png\" alt=\"taco rosn\u0105ce zaanga\u017cowanie na instagramie po premierze p\u0142yty\" class=\"wp-image-57467\" srcset=\"https:\/\/www.sotrender.com\/blog\/wp-content\/uploads\/2026\/01\/taco-zaangazowanie-instagram-grudzien.png 2372w, https:\/\/www.sotrender.com\/blog\/wp-content\/uploads\/2026\/01\/taco-zaangazowanie-instagram-grudzien-475x177.png 475w, https:\/\/www.sotrender.com\/blog\/wp-content\/uploads\/2026\/01\/taco-zaangazowanie-instagram-grudzien-768x286.png 768w, https:\/\/www.sotrender.com\/blog\/wp-content\/uploads\/2026\/01\/taco-zaangazowanie-instagram-grudzien-1536x572.png 1536w, https:\/\/www.sotrender.com\/blog\/wp-content\/uploads\/2026\/01\/taco-zaangazowanie-instagram-grudzien-2048x763.png 2048w\" sizes=\"(max-width: 2372px) 100vw, 2372px\" \/><figcaption class=\"wp-element-caption\"><a href=\"https:\/\/sotrender.com\/trends\/instagram\/poland\/202512\/osoby\/osoby_muzyka#engagement\" target=\"_blank\" rel=\"noreferrer noopener\">Profile z kategorii Muzycy z najwi\u0119kszym zaanga\u017cowaniem na Instagramie<\/a> | grudzie\u0144 2025<\/figcaption><\/figure>\n\n\n\n<p>Post z informacj\u0105 o premierze p\u0142yty nie by\u0142 jednak najbardziej anga\u017cuj\u0105cy w swojej kategorii. Numerem jeden by\u0142 post Don Malik Montany z \u017cyczeniami \u015bwi\u0105tecznymi, zdobywaj\u0105c ponad 700 tys. polubie\u0144 wi\u0119cej ni\u017c post Taco.<\/p>\n\n\n\n<figure class=\"wp-block-image size-full\"><a href=\"https:\/\/sotrender.com\/trends\/instagram\/poland\/202512\/osoby\/osoby_muzyka#best_posts\"><img loading=\"lazy\" decoding=\"async\" width=\"1800\" height=\"899\" src=\"https:\/\/www.sotrender.com\/blog\/wp-content\/uploads\/2026\/01\/muzycy-najlepsze-posty-ig-grudzien.png\" alt=\"taco nowa p\u0142yta instagram\" class=\"wp-image-57465\" srcset=\"https:\/\/www.sotrender.com\/blog\/wp-content\/uploads\/2026\/01\/muzycy-najlepsze-posty-ig-grudzien.png 1800w, https:\/\/www.sotrender.com\/blog\/wp-content\/uploads\/2026\/01\/muzycy-najlepsze-posty-ig-grudzien-475x237.png 475w, https:\/\/www.sotrender.com\/blog\/wp-content\/uploads\/2026\/01\/muzycy-najlepsze-posty-ig-grudzien-768x384.png 768w, https:\/\/www.sotrender.com\/blog\/wp-content\/uploads\/2026\/01\/muzycy-najlepsze-posty-ig-grudzien-1536x767.png 1536w\" sizes=\"(max-width: 1800px) 100vw, 1800px\" \/><\/a><figcaption class=\"wp-element-caption\"><a href=\"https:\/\/sotrender.com\/trends\/instagram\/poland\/202512\/osoby\/osoby_muzyka#best_posts\" target=\"_blank\" rel=\"noreferrer noopener\">Najlepsze posty w kategorii Muzycy na Instagramie<\/a> | grudzie\u0144 2025<\/figcaption><\/figure>\n\n\n\n<p>Wraz z premier\u0105 p\u0142yty Taco og\u0142osi\u0142 r\u00f3wnie\u017c zbli\u017caj\u0105c\u0105 si\u0119 tras\u0119 koncertow\u0105. Na profilu PGE Narodowy\u00a0 ju\u017c w grudniu pojawia\u0142y si\u0119 zapowiedzi tego wydarzenia, a 3 z 6 najlepszych post\u00f3w <a href=\"https:\/\/sotrender.com\/trends\/instagram\/poland\/202512\/miejsca\/miejsca_kultura_i_sztuka#best_posts\" target=\"_blank\" rel=\"noreferrer noopener\">w kategorii Kultura i Sztuka<\/a> dotyczy\u0142o w\u0142a\u015bnie koncertu Taco.<\/p>\n\n\n\n<figure class=\"wp-block-image size-full\"><img loading=\"lazy\" decoding=\"async\" width=\"2000\" height=\"987\" src=\"https:\/\/www.sotrender.com\/blog\/wp-content\/uploads\/2026\/01\/pge-narodowy-taco-koncert.png\" alt=\"pge narodowy koncert taco hemingwaya\" class=\"wp-image-57463\" srcset=\"https:\/\/www.sotrender.com\/blog\/wp-content\/uploads\/2026\/01\/pge-narodowy-taco-koncert.png 2000w, https:\/\/www.sotrender.com\/blog\/wp-content\/uploads\/2026\/01\/pge-narodowy-taco-koncert-475x234.png 475w, https:\/\/www.sotrender.com\/blog\/wp-content\/uploads\/2026\/01\/pge-narodowy-taco-koncert-768x379.png 768w, https:\/\/www.sotrender.com\/blog\/wp-content\/uploads\/2026\/01\/pge-narodowy-taco-koncert-1536x758.png 1536w\" sizes=\"(max-width: 2000px) 100vw, 2000px\" \/><figcaption class=\"wp-element-caption\"><a href=\"https:\/\/sotrender.com\/trends\/instagram\/poland\/202512\/miejsca\/miejsca_kultura_i_sztuka#best_posts\" target=\"_blank\" rel=\"noreferrer noopener\">Najlepsze posty w kategorii Kultura i sztuk<\/a><a href=\"https:\/\/sotrender.com\/trends\/instagram\/poland\/202512\/miejsca\/miejsca_kultura_i_sztuka#best_posts\">a na Instagramie<\/a> | grudzie\u0144 2025<\/figcaption><\/figure>\n\n\n\n<p>Finalnie, na profilu PGE Narodowy odnotowali\u015bmy spory wzrost zaanga\u017cowania.<\/p>\n\n\n\n<figure class=\"wp-block-image size-full\"><img loading=\"lazy\" decoding=\"async\" width=\"2362\" height=\"338\" src=\"https:\/\/www.sotrender.com\/blog\/wp-content\/uploads\/2026\/01\/pge-narodowy-taco.png\" alt=\"\" class=\"wp-image-57460\" srcset=\"https:\/\/www.sotrender.com\/blog\/wp-content\/uploads\/2026\/01\/pge-narodowy-taco.png 2362w, https:\/\/www.sotrender.com\/blog\/wp-content\/uploads\/2026\/01\/pge-narodowy-taco-475x68.png 475w, https:\/\/www.sotrender.com\/blog\/wp-content\/uploads\/2026\/01\/pge-narodowy-taco-768x110.png 768w, https:\/\/www.sotrender.com\/blog\/wp-content\/uploads\/2026\/01\/pge-narodowy-taco-1536x220.png 1536w, https:\/\/www.sotrender.com\/blog\/wp-content\/uploads\/2026\/01\/pge-narodowy-taco-2048x293.png 2048w\" sizes=\"(max-width: 2362px) 100vw, 2362px\" \/><figcaption class=\"wp-element-caption\"><a href=\"https:\/\/sotrender.com\/trends\/instagram\/poland\/202512\/miejsca\/miejsca_kultura_i_sztuka#engagement\" target=\"_blank\" rel=\"noreferrer noopener\">Profile z kategorii Kultura i sztuka z najwi\u0119kszym zaanga\u017cowaniem na Instagramie<\/a> | grudzie\u0144 2025<\/figcaption><\/figure>\n\n\n\n<h2 class=\"wp-block-heading\">Na styku kultury i sztuki&nbsp;<\/h2>\n\n\n\n<p>Japier Papier, sklep z upominkami, pokazuje, jak w kreatywny, a przede wszystkim skuteczny, spos\u00f3b promowa\u0107 si\u0119 w internecie.<\/p>\n\n\n\n<p>Ich grudniowe grafiki sta\u0142y si\u0119 hitem na Instagramie. Jeden z post\u00f3w z listem do Miko\u0142aja by\u0142 najbardziej anga\u017cuj\u0105cym postem w ca\u0142ej kategorii <a href=\"https:\/\/sotrender.com\/trends\/instagram\/poland\/202512\/miejsca#best_posts\" target=\"_blank\" rel=\"noreferrer noopener\">Miejsca<\/a>. Profil odnotowa\u0142 r\u00f3wnie\u017c du\u017cy awans pod wzgl\u0119dem zaanga\u017cowania u\u017cytkownik\u00f3w.<\/p>\n\n\n\n<figure class=\"wp-block-image size-full\"><img loading=\"lazy\" decoding=\"async\" width=\"2000\" height=\"993\" src=\"https:\/\/www.sotrender.com\/blog\/wp-content\/uploads\/2026\/01\/japier-papier.png\" alt=\"japier papier instagram\" class=\"wp-image-57453\" srcset=\"https:\/\/www.sotrender.com\/blog\/wp-content\/uploads\/2026\/01\/japier-papier.png 2000w, https:\/\/www.sotrender.com\/blog\/wp-content\/uploads\/2026\/01\/japier-papier-475x236.png 475w, https:\/\/www.sotrender.com\/blog\/wp-content\/uploads\/2026\/01\/japier-papier-768x381.png 768w, https:\/\/www.sotrender.com\/blog\/wp-content\/uploads\/2026\/01\/japier-papier-1536x763.png 1536w\" sizes=\"(max-width: 2000px) 100vw, 2000px\" \/><figcaption class=\"wp-element-caption\"><a href=\"https:\/\/sotrender.com\/trends\/instagram\/poland\/202512\/miejsca#best_posts\" target=\"_blank\" rel=\"noreferrer noopener\">Najlepsze posty w kategorii Miejsca na Instagramie<\/a> | grudzie\u0144 2025<\/figcaption><\/figure>\n\n\n\n<p>Patrz\u0105c na zainteresowanie na Instagramie, wygl\u0105da na to, \u017ce szykuje si\u0119 kolejny hit kinowy.<\/p>\n\n\n\n<p>Produkcja \u201cPieprzy\u0107 Mickiewicza 3\u201d, kt\u00f3ra swoj\u0105 premier\u0119 b\u0119dzie mia\u0142a w lutym, ju\u017c w grudniu podbija\u0142a Instagram.<\/p>\n\n\n\n<p>W kategorii <a href=\"https:\/\/sotrender.com\/trends\/instagram\/poland\/202512\/marki\/marki_kultura_i_sztuka\" target=\"_blank\" rel=\"noreferrer noopener\">Kultura i sztuka<\/a> profil filmu znalaz\u0142 si\u0119 na:<\/p>\n\n\n\n<ul>\n<li>Miejscu drugim pod wzgl\u0119dem zaanga\u017cowania<\/li>\n\n\n\n<li>Miejscu czwartym pod wzgl\u0119dem liczby obserwuj\u0105cych<\/li>\n\n\n\n<li>Dw\u00f3ch pierwszych miejscach w rankingu top post\u00f3w<\/li>\n<\/ul>\n\n\n\n<figure class=\"wp-block-image size-full\"><img loading=\"lazy\" decoding=\"async\" width=\"2362\" height=\"426\" src=\"https:\/\/www.sotrender.com\/blog\/wp-content\/uploads\/2026\/01\/pieprzyc-mickewicza-ig.png\" alt=\"pieprzy\u0107 mickiewicza film instagram\" class=\"wp-image-57450\" srcset=\"https:\/\/www.sotrender.com\/blog\/wp-content\/uploads\/2026\/01\/pieprzyc-mickewicza-ig.png 2362w, https:\/\/www.sotrender.com\/blog\/wp-content\/uploads\/2026\/01\/pieprzyc-mickewicza-ig-475x86.png 475w, https:\/\/www.sotrender.com\/blog\/wp-content\/uploads\/2026\/01\/pieprzyc-mickewicza-ig-768x139.png 768w, https:\/\/www.sotrender.com\/blog\/wp-content\/uploads\/2026\/01\/pieprzyc-mickewicza-ig-1536x277.png 1536w, https:\/\/www.sotrender.com\/blog\/wp-content\/uploads\/2026\/01\/pieprzyc-mickewicza-ig-2048x369.png 2048w\" sizes=\"(max-width: 2362px) 100vw, 2362px\" \/><figcaption class=\"wp-element-caption\"><a href=\"https:\/\/sotrender.com\/trends\/instagram\/poland\/202512\/marki\/marki_kultura_i_sztuka#engagement\" target=\"_blank\" rel=\"noreferrer noopener\">Profile z kategorii Kultura i sztuka z najwi\u0119kszym zaanga\u017cowaniem na Instagramie<\/a> | grudzie\u0144 2025<\/figcaption><\/figure>\n\n\n\n<p>Pod wzgl\u0119dem zaanga\u017cowania profil filmu znalaz\u0142 si\u0119 na wysokim 15. miejscu <a href=\"https:\/\/sotrender.com\/trends\/instagram\/poland\/202512\/marki#engagement\" target=\"_blank\" rel=\"noreferrer noopener\">w\u015br\u00f3d wszystkich profili marek<\/a>.<\/p>\n\n\n\n<p>Emocji nie brakowa\u0142o r\u00f3wnie\u017c w \u015bwiecie gamingu. W grudniu mia\u0142a miejsce 5. rocznica gry Cyberpunk 2077. Z tej okazji wypuszczono specjalny zwiastun \u2013 &#8220;Miasto Legend&#8221; \u2013 jako podzi\u0119kowanie dla graczy.<\/p>\n\n\n\n<p>W kategorii <a href=\"https:\/\/sotrender.com\/trends\/instagram\/poland\/202512\/marki#best_posts\" target=\"_blank\" rel=\"noreferrer noopener\">Marki<\/a> wszystkie 3 najlepsze posty pochodzi\u0142y z profilu Cyberpunka, a profil awansowa\u0142 o prawie 50 pozycji na wysokie miejsce 3. w rankingu zaanga\u017cowania. Warto jedynie podkre\u015bli\u0107, \u017ce by\u0142o ono w du\u017cej mierze nap\u0119dzane przez graczy mi\u0119dzynarodowych.<\/p>\n\n\n\n<figure class=\"wp-block-image size-full\"><img loading=\"lazy\" decoding=\"async\" width=\"2000\" height=\"994\" src=\"https:\/\/www.sotrender.com\/blog\/wp-content\/uploads\/2026\/01\/miasto-legend.png\" alt=\"cyberpunk2077 miasto legend rocznica\" class=\"wp-image-57456\" srcset=\"https:\/\/www.sotrender.com\/blog\/wp-content\/uploads\/2026\/01\/miasto-legend.png 2000w, https:\/\/www.sotrender.com\/blog\/wp-content\/uploads\/2026\/01\/miasto-legend-475x236.png 475w, https:\/\/www.sotrender.com\/blog\/wp-content\/uploads\/2026\/01\/miasto-legend-768x382.png 768w, https:\/\/www.sotrender.com\/blog\/wp-content\/uploads\/2026\/01\/miasto-legend-1536x763.png 1536w\" sizes=\"(max-width: 2000px) 100vw, 2000px\" \/><figcaption class=\"wp-element-caption\"><a href=\"https:\/\/sotrender.com\/trends\/instagram\/poland\/202512\/marki#best_posts\" target=\"_blank\" rel=\"noreferrer noopener\">Najlepsze posty w kategorii Marki na Instagramie<\/a> | grudzie\u0144 2025<\/figcaption><\/figure>\n\n\n\n<h2 class=\"wp-block-heading\">Instagram Trends grudzie\u0144 2025<\/h2>\n\n\n\n<p>To tyle, je\u015bli chodzi o ostatni miesi\u0105c 2025 roku na Instagramie. Sprawd\u017a pe\u0142ny raport <a href=\"https:\/\/sotrender.com\/trends\/instagram\/poland\/202512\/\" target=\"_blank\" rel=\"noreferrer noopener\">Instagram Trends<\/a>, jak r\u00f3wnie\u017c grudniowy raport <a href=\"https:\/\/www.sotrender.com\/blog\/pl\/2026\/01\/facebook-trends-grudzien-2025-na-pomoc-zwierzetom\/\" target=\"_blank\" rel=\"noreferrer noopener\">Facebook Trends<\/a>.<\/p>\n","protected":false},"excerpt":{"rendered":"<p>Czy w grudniu igersi \u017cyli tylko \u015bwi\u0119tami? Zdecydowanie nie. Zar\u00f3wno w \u015bwiecie muzyki, kultury, jak i gamingu dzia\u0142o si\u0119 tyle, \u017ce nie spos\u00f3b by\u0142o by\u0107 my\u015blami tylko przy \u015bwi\u0105tecznych przygotowaniach.<\/p>\n","protected":false},"author":89,"featured_media":57475,"comment_status":"closed","ping_status":"open","sticky":false,"template":"","format":"standard","meta":{"inline_featured_image":false,"footnotes":""},"categories":[1803],"tags":[2073,2495,2643,2647],"yoast_head":"<!-- This site is optimized with the Yoast SEO plugin v22.4 - https:\/\/yoast.com\/wordpress\/plugins\/seo\/ -->\n<title>Instagram Trends grudzie\u0144 2025 \u2013 na szczycie<\/title>\n<meta name=\"description\" content=\"Czy w grudniu igersi \u017cyli tylko \u015bwi\u0119tami? Zdecydowanie nie. Wiele dzia\u0142o si\u0119 chocia\u017cby w \u015bwiecie muzyki, kultury, jak i gamingu czy podr\u00f3\u017cy.\" \/>\n<meta name=\"robots\" content=\"index, follow, max-snippet:-1, max-image-preview:large, max-video-preview:-1\" \/>\n<link rel=\"canonical\" href=\"https:\/\/www.sotrender.com\/blog\/pl\/2026\/01\/instagram-trends-grudzien-2025-na-szczycie\/\" \/>\n<meta property=\"og:locale\" content=\"pl_PL\" \/>\n<meta property=\"og:type\" content=\"article\" \/>\n<meta property=\"og:title\" content=\"Instagram Trends grudzie\u0144 2025 \u2013 na szczycie\" \/>\n<meta property=\"og:description\" content=\"Czy w grudniu igersi \u017cyli tylko \u015bwi\u0119tami? Zdecydowanie nie. Wiele dzia\u0142o si\u0119 chocia\u017cby w \u015bwiecie muzyki, kultury, jak i gamingu czy podr\u00f3\u017cy.\" \/>\n<meta property=\"og:url\" content=\"https:\/\/www.sotrender.com\/blog\/pl\/2026\/01\/instagram-trends-grudzien-2025-na-szczycie\/\" \/>\n<meta property=\"og:site_name\" content=\"Sotrender Blog\" \/>\n<meta property=\"article:publisher\" content=\"https:\/\/www.facebook.com\/Sotrender\" \/>\n<meta property=\"article:published_time\" content=\"2026-01-12T09:48:03+00:00\" \/>\n<meta property=\"article:modified_time\" content=\"2026-01-12T09:48:04+00:00\" \/>\n<meta property=\"og:image\" content=\"https:\/\/www.sotrender.com\/blog\/wp-content\/uploads\/2026\/01\/elbrus.jpg\" \/>\n\t<meta property=\"og:image:width\" content=\"1280\" \/>\n\t<meta property=\"og:image:height\" content=\"720\" \/>\n\t<meta property=\"og:image:type\" content=\"image\/jpeg\" \/>\n<meta name=\"author\" content=\"Klaudia \u017by\u0142ka\" \/>\n<meta name=\"twitter:card\" content=\"summary_large_image\" \/>\n<meta name=\"twitter:creator\" content=\"@Sotrender\" \/>\n<meta name=\"twitter:site\" content=\"@Sotrender\" \/>\n<meta name=\"twitter:label1\" content=\"Written by\" \/>\n\t<meta name=\"twitter:data1\" content=\"Klaudia \u017by\u0142ka\" \/>\n\t<meta name=\"twitter:label2\" content=\"Est. reading time\" \/>\n\t<meta name=\"twitter:data2\" content=\"5 minutes\" \/>\n<script type=\"application\/ld+json\" class=\"yoast-schema-graph\">{\"@context\":\"https:\/\/schema.org\",\"@graph\":[{\"@type\":\"WebPage\",\"@id\":\"https:\/\/www.sotrender.com\/blog\/pl\/2026\/01\/instagram-trends-grudzien-2025-na-szczycie\/\",\"url\":\"https:\/\/www.sotrender.com\/blog\/pl\/2026\/01\/instagram-trends-grudzien-2025-na-szczycie\/\",\"name\":\"Instagram Trends grudzie\u0144 2025 \u2013 na szczycie\",\"isPartOf\":{\"@id\":\"https:\/\/www.sotrender.com\/blog\/#website\"},\"primaryImageOfPage\":{\"@id\":\"https:\/\/www.sotrender.com\/blog\/pl\/2026\/01\/instagram-trends-grudzien-2025-na-szczycie\/#primaryimage\"},\"image\":{\"@id\":\"https:\/\/www.sotrender.com\/blog\/pl\/2026\/01\/instagram-trends-grudzien-2025-na-szczycie\/#primaryimage\"},\"thumbnailUrl\":\"https:\/\/www.sotrender.com\/blog\/wp-content\/uploads\/2026\/01\/elbrus.jpg\",\"datePublished\":\"2026-01-12T09:48:03+00:00\",\"dateModified\":\"2026-01-12T09:48:04+00:00\",\"author\":{\"@id\":\"https:\/\/www.sotrender.com\/blog\/#\/schema\/person\/038ac5e276c5d102d8cbb9c36cd43416\"},\"description\":\"Czy w grudniu igersi \u017cyli tylko \u015bwi\u0119tami? Zdecydowanie nie. Wiele dzia\u0142o si\u0119 chocia\u017cby w \u015bwiecie muzyki, kultury, jak i gamingu czy podr\u00f3\u017cy.\",\"breadcrumb\":{\"@id\":\"https:\/\/www.sotrender.com\/blog\/pl\/2026\/01\/instagram-trends-grudzien-2025-na-szczycie\/#breadcrumb\"},\"inLanguage\":\"pl-PL\",\"potentialAction\":[{\"@type\":\"ReadAction\",\"target\":[\"https:\/\/www.sotrender.com\/blog\/pl\/2026\/01\/instagram-trends-grudzien-2025-na-szczycie\/\"]}]},{\"@type\":\"ImageObject\",\"inLanguage\":\"pl-PL\",\"@id\":\"https:\/\/www.sotrender.com\/blog\/pl\/2026\/01\/instagram-trends-grudzien-2025-na-szczycie\/#primaryimage\",\"url\":\"https:\/\/www.sotrender.com\/blog\/wp-content\/uploads\/2026\/01\/elbrus.jpg\",\"contentUrl\":\"https:\/\/www.sotrender.com\/blog\/wp-content\/uploads\/2026\/01\/elbrus.jpg\",\"width\":1280,\"height\":720},{\"@type\":\"BreadcrumbList\",\"@id\":\"https:\/\/www.sotrender.com\/blog\/pl\/2026\/01\/instagram-trends-grudzien-2025-na-szczycie\/#breadcrumb\",\"itemListElement\":[{\"@type\":\"ListItem\",\"position\":1,\"name\":\"Home\",\"item\":\"https:\/\/www.sotrender.com\/blog\/\"},{\"@type\":\"ListItem\",\"position\":2,\"name\":\"Instagram Trends grudzie\u0144 2025 \u2013 na szczycie\"}]},{\"@type\":\"WebSite\",\"@id\":\"https:\/\/www.sotrender.com\/blog\/#website\",\"url\":\"https:\/\/www.sotrender.com\/blog\/\",\"name\":\"Sotrender Blog\",\"description\":\"\",\"potentialAction\":[{\"@type\":\"SearchAction\",\"target\":{\"@type\":\"EntryPoint\",\"urlTemplate\":\"https:\/\/www.sotrender.com\/blog\/?s={search_term_string}\"},\"query-input\":\"required name=search_term_string\"}],\"inLanguage\":\"pl-PL\"},{\"@type\":\"Person\",\"@id\":\"https:\/\/www.sotrender.com\/blog\/#\/schema\/person\/038ac5e276c5d102d8cbb9c36cd43416\",\"name\":\"Klaudia \u017by\u0142ka\",\"image\":{\"@type\":\"ImageObject\",\"inLanguage\":\"pl-PL\",\"@id\":\"https:\/\/www.sotrender.com\/blog\/#\/schema\/person\/image\/\",\"url\":\"https:\/\/secure.gravatar.com\/avatar\/f55d5d49ce3c448e1ffde0ab078d84cd?s=96&d=mm&r=g\",\"contentUrl\":\"https:\/\/secure.gravatar.com\/avatar\/f55d5d49ce3c448e1ffde0ab078d84cd?s=96&d=mm&r=g\",\"caption\":\"Klaudia \u017by\u0142ka\"},\"description\":\"Instagram, dogs, books and food lover. Former student at Warsaw University and Malm\u00f6 University. Improving her marketing skills every day. Proud owner of DIMAQ certificate\",\"sameAs\":[\"https:\/\/www.linkedin.com\/in\/klaudia-\u017cy\u0142ka-17527779\"],\"url\":\"https:\/\/www.sotrender.com\/blog\/pl\/author\/klaudia_yka\/\"}]}<\/script>\n<!-- \/ Yoast SEO plugin. -->","yoast_head_json":{"title":"Instagram Trends grudzie\u0144 2025 \u2013 na szczycie","description":"Czy w grudniu igersi \u017cyli tylko \u015bwi\u0119tami? Zdecydowanie nie. Wiele dzia\u0142o si\u0119 chocia\u017cby w \u015bwiecie muzyki, kultury, jak i gamingu czy podr\u00f3\u017cy.","robots":{"index":"index","follow":"follow","max-snippet":"max-snippet:-1","max-image-preview":"max-image-preview:large","max-video-preview":"max-video-preview:-1"},"canonical":"https:\/\/www.sotrender.com\/blog\/pl\/2026\/01\/instagram-trends-grudzien-2025-na-szczycie\/","og_locale":"pl_PL","og_type":"article","og_title":"Instagram Trends grudzie\u0144 2025 \u2013 na szczycie","og_description":"Czy w grudniu igersi \u017cyli tylko \u015bwi\u0119tami? Zdecydowanie nie. Wiele dzia\u0142o si\u0119 chocia\u017cby w \u015bwiecie muzyki, kultury, jak i gamingu czy podr\u00f3\u017cy.","og_url":"https:\/\/www.sotrender.com\/blog\/pl\/2026\/01\/instagram-trends-grudzien-2025-na-szczycie\/","og_site_name":"Sotrender Blog","article_publisher":"https:\/\/www.facebook.com\/Sotrender","article_published_time":"2026-01-12T09:48:03+00:00","article_modified_time":"2026-01-12T09:48:04+00:00","og_image":[{"width":1280,"height":720,"url":"https:\/\/www.sotrender.com\/blog\/wp-content\/uploads\/2026\/01\/elbrus.jpg","type":"image\/jpeg"}],"author":"Klaudia \u017by\u0142ka","twitter_card":"summary_large_image","twitter_creator":"@Sotrender","twitter_site":"@Sotrender","twitter_misc":{"Written by":"Klaudia \u017by\u0142ka","Est. reading time":"5 minutes"},"schema":{"@context":"https:\/\/schema.org","@graph":[{"@type":"WebPage","@id":"https:\/\/www.sotrender.com\/blog\/pl\/2026\/01\/instagram-trends-grudzien-2025-na-szczycie\/","url":"https:\/\/www.sotrender.com\/blog\/pl\/2026\/01\/instagram-trends-grudzien-2025-na-szczycie\/","name":"Instagram Trends grudzie\u0144 2025 \u2013 na szczycie","isPartOf":{"@id":"https:\/\/www.sotrender.com\/blog\/#website"},"primaryImageOfPage":{"@id":"https:\/\/www.sotrender.com\/blog\/pl\/2026\/01\/instagram-trends-grudzien-2025-na-szczycie\/#primaryimage"},"image":{"@id":"https:\/\/www.sotrender.com\/blog\/pl\/2026\/01\/instagram-trends-grudzien-2025-na-szczycie\/#primaryimage"},"thumbnailUrl":"https:\/\/www.sotrender.com\/blog\/wp-content\/uploads\/2026\/01\/elbrus.jpg","datePublished":"2026-01-12T09:48:03+00:00","dateModified":"2026-01-12T09:48:04+00:00","author":{"@id":"https:\/\/www.sotrender.com\/blog\/#\/schema\/person\/038ac5e276c5d102d8cbb9c36cd43416"},"description":"Czy w grudniu igersi \u017cyli tylko \u015bwi\u0119tami? Zdecydowanie nie. Wiele dzia\u0142o si\u0119 chocia\u017cby w \u015bwiecie muzyki, kultury, jak i gamingu czy podr\u00f3\u017cy.","breadcrumb":{"@id":"https:\/\/www.sotrender.com\/blog\/pl\/2026\/01\/instagram-trends-grudzien-2025-na-szczycie\/#breadcrumb"},"inLanguage":"pl-PL","potentialAction":[{"@type":"ReadAction","target":["https:\/\/www.sotrender.com\/blog\/pl\/2026\/01\/instagram-trends-grudzien-2025-na-szczycie\/"]}]},{"@type":"ImageObject","inLanguage":"pl-PL","@id":"https:\/\/www.sotrender.com\/blog\/pl\/2026\/01\/instagram-trends-grudzien-2025-na-szczycie\/#primaryimage","url":"https:\/\/www.sotrender.com\/blog\/wp-content\/uploads\/2026\/01\/elbrus.jpg","contentUrl":"https:\/\/www.sotrender.com\/blog\/wp-content\/uploads\/2026\/01\/elbrus.jpg","width":1280,"height":720},{"@type":"BreadcrumbList","@id":"https:\/\/www.sotrender.com\/blog\/pl\/2026\/01\/instagram-trends-grudzien-2025-na-szczycie\/#breadcrumb","itemListElement":[{"@type":"ListItem","position":1,"name":"Home","item":"https:\/\/www.sotrender.com\/blog\/"},{"@type":"ListItem","position":2,"name":"Instagram Trends grudzie\u0144 2025 \u2013 na szczycie"}]},{"@type":"WebSite","@id":"https:\/\/www.sotrender.com\/blog\/#website","url":"https:\/\/www.sotrender.com\/blog\/","name":"Sotrender Blog","description":"","potentialAction":[{"@type":"SearchAction","target":{"@type":"EntryPoint","urlTemplate":"https:\/\/www.sotrender.com\/blog\/?s={search_term_string}"},"query-input":"required name=search_term_string"}],"inLanguage":"pl-PL"},{"@type":"Person","@id":"https:\/\/www.sotrender.com\/blog\/#\/schema\/person\/038ac5e276c5d102d8cbb9c36cd43416","name":"Klaudia \u017by\u0142ka","image":{"@type":"ImageObject","inLanguage":"pl-PL","@id":"https:\/\/www.sotrender.com\/blog\/#\/schema\/person\/image\/","url":"https:\/\/secure.gravatar.com\/avatar\/f55d5d49ce3c448e1ffde0ab078d84cd?s=96&d=mm&r=g","contentUrl":"https:\/\/secure.gravatar.com\/avatar\/f55d5d49ce3c448e1ffde0ab078d84cd?s=96&d=mm&r=g","caption":"Klaudia \u017by\u0142ka"},"description":"Instagram, dogs, books and food lover. Former student at Warsaw University and Malm\u00f6 University. Improving her marketing skills every day. Proud owner of DIMAQ certificate","sameAs":["https:\/\/www.linkedin.com\/in\/klaudia-\u017cy\u0142ka-17527779"],"url":"https:\/\/www.sotrender.com\/blog\/pl\/author\/klaudia_yka\/"}]}},"_links":{"self":[{"href":"https:\/\/www.sotrender.com\/blog\/pl\/wp-json\/wp\/v2\/posts\/57447"}],"collection":[{"href":"https:\/\/www.sotrender.com\/blog\/pl\/wp-json\/wp\/v2\/posts"}],"about":[{"href":"https:\/\/www.sotrender.com\/blog\/pl\/wp-json\/wp\/v2\/types\/post"}],"author":[{"embeddable":true,"href":"https:\/\/www.sotrender.com\/blog\/pl\/wp-json\/wp\/v2\/users\/89"}],"replies":[{"embeddable":true,"href":"https:\/\/www.sotrender.com\/blog\/pl\/wp-json\/wp\/v2\/comments?post=57447"}],"version-history":[{"count":9,"href":"https:\/\/www.sotrender.com\/blog\/pl\/wp-json\/wp\/v2\/posts\/57447\/revisions"}],"predecessor-version":[{"id":57479,"href":"https:\/\/www.sotrender.com\/blog\/pl\/wp-json\/wp\/v2\/posts\/57447\/revisions\/57479"}],"wp:featuredmedia":[{"embeddable":true,"href":"https:\/\/www.sotrender.com\/blog\/pl\/wp-json\/wp\/v2\/media\/57475"}],"wp:attachment":[{"href":"https:\/\/www.sotrender.com\/blog\/pl\/wp-json\/wp\/v2\/media?parent=57447"}],"wp:term":[{"taxonomy":"category","embeddable":true,"href":"https:\/\/www.sotrender.com\/blog\/pl\/wp-json\/wp\/v2\/categories?post=57447"},{"taxonomy":"post_tag","embeddable":true,"href":"https:\/\/www.sotrender.com\/blog\/pl\/wp-json\/wp\/v2\/tags?post=57447"}],"curies":[{"name":"wp","href":"https:\/\/api.w.org\/{rel}","templated":true}]}}