{"id":57205,"date":"2025-12-11T10:23:59","date_gmt":"2025-12-11T09:23:59","guid":{"rendered":"https:\/\/www.sotrender.com\/blog\/?p=57205"},"modified":"2025-12-11T10:42:31","modified_gmt":"2025-12-11T09:42:31","slug":"konrad-traczyk-dolacza-do-sotrendera-jako-strategic-innovation-advisor","status":"publish","type":"post","link":"https:\/\/www.sotrender.com\/blog\/pl\/2025\/12\/konrad-traczyk-dolacza-do-sotrendera-jako-strategic-innovation-advisor\/","title":{"rendered":"Konrad Traczyk do\u0142\u0105cza do Sotrendera\u00a0 jako Strategic Innovation Advisor"},"content":{"rendered":"\n<p>Konrad Traczyk do\u0142\u0105cza do Sotrendera jako Strategic Innovation Advisor. B\u0119dzie rozwija\u0142 nowy dzia\u0142 Sotrender Research w obszarze influencer marketingu.<\/p>\n\n\n\n<!--more-->\n\n\n\n<p>Sotrender, platforma analityki social media obecna na rynku od ponad 14 lat, wzmacnia zesp\u00f3\u0142 swojego nowego dzia\u0142u badawczego <a href=\"https:\/\/www.sotrender.com\/pl\/sotrender-research\">Sotrender Research<\/a>. Konrad Traczyk, za\u0142o\u017cyciel agencji Hash.fm i pionier polskiego influencer marketingu, rozpoczyna wsp\u00f3\u0142prac\u0119 z firm\u0105 w roli Strategic Innovation Advisor. Jego zadaniem b\u0119dzie rozw\u00f3j us\u0142ug Sotrender Research w obszarze influencer marketingu oraz implementacja rozwi\u0105za\u0144 opartych na AI.<\/p>\n\n\n\n<p>Sotrender Research to druga noga biznesowa firmy \u2013 dzia\u0142 badawczy, kt\u00f3ry oficjalnie ruszy\u0142 27 listopada 2025 roku. Specjalizuje si\u0119 w projektach analitycznych z wykorzystaniem danych z Facebooka, Instagrama, TikToka, LinkedIna, X, YouTube&#8217;a i Telegrama. Do tej pory zesp\u00f3\u0142 zrealizowa\u0142 ponad 100 projekt\u00f3w rocznie dla marek, agencji, uczelni i instytucji publicznych, w tym Komisji Europejskiej czy Fundacji Batorego.<\/p>\n\n\n\n<p>Teraz Sotrender formalizuje t\u0119 dzia\u0142alno\u015b\u0107 i rozwija j\u0105 jako osobn\u0105 mark\u0119 \u2013 r\u00f3wnolegle do swojego narz\u0119dzia SaaS, z kt\u00f3rego firma jest znana od lat.<\/p>\n\n\n\n<h2 class=\"wp-block-heading\">Czym zajmowa\u0142 si\u0119 b\u0119dzie Konrad Traczyk w Sotrenderze?<\/h2>\n\n\n\n<p>Konrad b\u0119dzie wspiera\u0142 zesp\u00f3\u0142 Sotrendera w obszarze:<\/p>\n\n\n\n<ul>\n<li>Rozwoju us\u0142ug dotycz\u0105cych influencer marketingu (m.in. doboru i selekcji influencer\u00f3w do kampani)<\/li>\n\n\n\n<li>Obs\u0142ugi kluczowych klient\u00f3w oraz customer needs discovery<\/li>\n\n\n\n<li>Implementacji nowoczesnych rozwi\u0105za\u0144 AI<\/li>\n<\/ul>\n\n\n\n<p><strong><em>Jestem pe\u0142en podziwu dla Janka, z jak\u0105 konsekwencj\u0105 i wytrwa\u0142o\u015bci\u0105 buduje Sotrendera od tylu lat. Zebra\u0142 i utrzyma\u0142 super ekip\u0119 na pok\u0142adzie. Mam nadziej\u0119, \u017ce b\u0119d\u0119 w stanie efektywnie pom\u00f3c temu \u015bwietnemu zespo\u0142owi w kolejnym etapie rozwoju Sotrendera<\/em><\/strong> \u2013 m\u00f3wi Konrad Traczyk.<\/p>\n\n\n\n<p>Traczyk i Zaj\u0105c znaj\u0105 si\u0119 bran\u017cowo od samego pocz\u0105tku ery social media w Polsce. Obaj budowali swoje biznesy niemal r\u00f3wnolegle \u2013 Sotrender jako narz\u0119dzie analityczne, Hash.fm jako agencja influencer marketingowa.&nbsp; Teraz ich drogi si\u0119 przecinaj\u0105. Na pomys\u0142, \u017ce mogliby pracowa\u0107 razem, wpad\u0142 Pawe\u0142 Wujec \u2013 ich wieloletni mentor.&nbsp;<\/p>\n\n\n\n<p>Wsp\u00f3\u0142praca ma charakter doradczy i rozwojowy. Konrad b\u0119dzie wspiera\u0142 Sotrender Research w strategicznym rozwoju, nie porzucaj\u0105c przy tym swoich projekt\u00f3w. Z drugiej strony, to nie jest &#8220;projekt pilota\u017cowy&#8221;. Obie strony widz\u0105 potencja\u0142 d\u0142ugofalowej wsp\u00f3\u0142pracy i mo\u017cliwo\u015b\u0107 g\u0142\u0119bszego zaanga\u017cowania Konrada w organizacj\u0119 w przysz\u0142o\u015bci.<\/p>\n\n\n\n<p><strong><em>Ciesz\u0119 si\u0119, \u017ce do naszego zespo\u0142u do\u0142\u0105cza tak uznany i kreatywny specjalista. Wierz\u0119, \u017ce razem w kr\u00f3tkim czasie wzniesiemy na wy\u017cszy poziom badania i pomiar w influencer marketingu.<\/em><\/strong> \u2013 dodaje dr Jan Zaj\u0105c, za\u0142o\u017cyciel i prezes <a href=\"https:\/\/www.sotrender.com\/pl\/\">Sotrendera<\/a>.<\/p>\n\n\n\n<p>Konrad Traczyk to posta\u0107 rozpoznawalna w polskich social mediach i influencer marketingu od momentu, gdy Facebook pojawi\u0142 si\u0119 w Polsce. Przez siedem lat prowadzi\u0142 agencj\u0119 Hash.fm, kt\u00f3ra przesz\u0142a drog\u0119 od narz\u0119dzia SaaS, przez pe\u0142noskalow\u0105 agencj\u0119 (obs\u0142uguj\u0105c\u0105 m.in. Lidla, IKE\u0118, Pandor\u0119), a\u017c po Fameshop \u2013 pierwszy sklep dla influencer\u00f3w, automatyzuj\u0105cy procesy wsp\u00f3\u0142pracy marek z tw\u00f3rcami.<\/p>\n\n\n\n<p>Obecnie Konrad intensywnie eksploruje mo\u017cliwo\u015bci AI w kontek\u015bcie social media i influencer marketingu. R\u00f3wnolegle z prac\u0105 w Sotrenderze b\u0119dzie kontynuowa\u0142 rozw\u00f3j w\u0142asnych projekt\u00f3w zwi\u0105zanych ze skalowalnym wsparciem u\u017cytkownik\u00f3w LinkedIn w budowaniu widoczno\u015bci na platformie.<\/p>\n","protected":false},"excerpt":{"rendered":"<p>Konrad Traczyk do\u0142\u0105cza do Sotrendera jako Strategic Innovation Advisor. B\u0119dzie rozwija\u0142 nowy dzia\u0142 Sotrender Research w obszarze influencer marketingu.<\/p>\n","protected":false},"author":89,"featured_media":57212,"comment_status":"closed","ping_status":"open","sticky":false,"template":"","format":"standard","meta":{"inline_featured_image":false,"footnotes":""},"categories":[1793],"tags":[],"yoast_head":"<!-- This site is optimized with the Yoast SEO plugin v22.4 - https:\/\/yoast.com\/wordpress\/plugins\/seo\/ -->\n<title>Konrad Traczyk do\u0142\u0105cza do Sotrendera jako Strategic Innovation Advisor<\/title>\n<meta name=\"description\" content=\"Traczyk do\u0142\u0105cza do Sotrendera jako Strategic Innovation Advisor. B\u0119dzie rozwija\u0142 dzia\u0142 Sotrender Research w obszarze influencer marketingu.\" \/>\n<meta name=\"robots\" content=\"index, follow, max-snippet:-1, max-image-preview:large, max-video-preview:-1\" \/>\n<link rel=\"canonical\" href=\"https:\/\/www.sotrender.com\/blog\/pl\/2025\/12\/konrad-traczyk-dolacza-do-sotrendera-jako-strategic-innovation-advisor\/\" \/>\n<meta property=\"og:locale\" content=\"pl_PL\" \/>\n<meta property=\"og:type\" content=\"article\" \/>\n<meta property=\"og:title\" content=\"Konrad Traczyk do\u0142\u0105cza do Sotrendera jako Strategic Innovation Advisor\" \/>\n<meta property=\"og:description\" content=\"Traczyk do\u0142\u0105cza do Sotrendera jako Strategic Innovation Advisor. B\u0119dzie rozwija\u0142 dzia\u0142 Sotrender Research w obszarze influencer marketingu.\" \/>\n<meta property=\"og:url\" content=\"https:\/\/www.sotrender.com\/blog\/pl\/2025\/12\/konrad-traczyk-dolacza-do-sotrendera-jako-strategic-innovation-advisor\/\" \/>\n<meta property=\"og:site_name\" content=\"Sotrender Blog\" \/>\n<meta property=\"article:publisher\" content=\"https:\/\/www.facebook.com\/Sotrender\" \/>\n<meta property=\"article:published_time\" content=\"2025-12-11T09:23:59+00:00\" \/>\n<meta property=\"article:modified_time\" content=\"2025-12-11T09:42:31+00:00\" \/>\n<meta property=\"og:image\" content=\"https:\/\/www.sotrender.com\/blog\/wp-content\/uploads\/2025\/12\/konrad-traczyk-sotrender.png\" \/>\n\t<meta property=\"og:image:width\" content=\"840\" \/>\n\t<meta property=\"og:image:height\" content=\"1345\" \/>\n\t<meta property=\"og:image:type\" content=\"image\/png\" \/>\n<meta name=\"author\" content=\"Klaudia \u017by\u0142ka\" \/>\n<meta name=\"twitter:card\" content=\"summary_large_image\" \/>\n<meta name=\"twitter:creator\" content=\"@Sotrender\" \/>\n<meta name=\"twitter:site\" content=\"@Sotrender\" \/>\n<meta name=\"twitter:label1\" content=\"Written by\" \/>\n\t<meta name=\"twitter:data1\" content=\"Klaudia \u017by\u0142ka\" \/>\n\t<meta name=\"twitter:label2\" content=\"Est. reading time\" \/>\n\t<meta name=\"twitter:data2\" content=\"3 minutes\" \/>\n<script type=\"application\/ld+json\" class=\"yoast-schema-graph\">{\"@context\":\"https:\/\/schema.org\",\"@graph\":[{\"@type\":\"WebPage\",\"@id\":\"https:\/\/www.sotrender.com\/blog\/pl\/2025\/12\/konrad-traczyk-dolacza-do-sotrendera-jako-strategic-innovation-advisor\/\",\"url\":\"https:\/\/www.sotrender.com\/blog\/pl\/2025\/12\/konrad-traczyk-dolacza-do-sotrendera-jako-strategic-innovation-advisor\/\",\"name\":\"Konrad Traczyk do\u0142\u0105cza do Sotrendera jako Strategic Innovation Advisor\",\"isPartOf\":{\"@id\":\"https:\/\/www.sotrender.com\/blog\/#website\"},\"primaryImageOfPage\":{\"@id\":\"https:\/\/www.sotrender.com\/blog\/pl\/2025\/12\/konrad-traczyk-dolacza-do-sotrendera-jako-strategic-innovation-advisor\/#primaryimage\"},\"image\":{\"@id\":\"https:\/\/www.sotrender.com\/blog\/pl\/2025\/12\/konrad-traczyk-dolacza-do-sotrendera-jako-strategic-innovation-advisor\/#primaryimage\"},\"thumbnailUrl\":\"https:\/\/www.sotrender.com\/blog\/wp-content\/uploads\/2025\/12\/konrad-traczyk-sotrender.png\",\"datePublished\":\"2025-12-11T09:23:59+00:00\",\"dateModified\":\"2025-12-11T09:42:31+00:00\",\"author\":{\"@id\":\"https:\/\/www.sotrender.com\/blog\/#\/schema\/person\/038ac5e276c5d102d8cbb9c36cd43416\"},\"description\":\"Traczyk do\u0142\u0105cza do Sotrendera jako Strategic Innovation Advisor. B\u0119dzie rozwija\u0142 dzia\u0142 Sotrender Research w obszarze influencer marketingu.\",\"breadcrumb\":{\"@id\":\"https:\/\/www.sotrender.com\/blog\/pl\/2025\/12\/konrad-traczyk-dolacza-do-sotrendera-jako-strategic-innovation-advisor\/#breadcrumb\"},\"inLanguage\":\"pl-PL\",\"potentialAction\":[{\"@type\":\"ReadAction\",\"target\":[\"https:\/\/www.sotrender.com\/blog\/pl\/2025\/12\/konrad-traczyk-dolacza-do-sotrendera-jako-strategic-innovation-advisor\/\"]}]},{\"@type\":\"ImageObject\",\"inLanguage\":\"pl-PL\",\"@id\":\"https:\/\/www.sotrender.com\/blog\/pl\/2025\/12\/konrad-traczyk-dolacza-do-sotrendera-jako-strategic-innovation-advisor\/#primaryimage\",\"url\":\"https:\/\/www.sotrender.com\/blog\/wp-content\/uploads\/2025\/12\/konrad-traczyk-sotrender.png\",\"contentUrl\":\"https:\/\/www.sotrender.com\/blog\/wp-content\/uploads\/2025\/12\/konrad-traczyk-sotrender.png\",\"width\":840,\"height\":1345,\"caption\":\"konrad traczyk sotrender\"},{\"@type\":\"BreadcrumbList\",\"@id\":\"https:\/\/www.sotrender.com\/blog\/pl\/2025\/12\/konrad-traczyk-dolacza-do-sotrendera-jako-strategic-innovation-advisor\/#breadcrumb\",\"itemListElement\":[{\"@type\":\"ListItem\",\"position\":1,\"name\":\"Home\",\"item\":\"https:\/\/www.sotrender.com\/blog\/\"},{\"@type\":\"ListItem\",\"position\":2,\"name\":\"Konrad Traczyk do\u0142\u0105cza do Sotrendera\u00a0 jako Strategic Innovation Advisor\"}]},{\"@type\":\"WebSite\",\"@id\":\"https:\/\/www.sotrender.com\/blog\/#website\",\"url\":\"https:\/\/www.sotrender.com\/blog\/\",\"name\":\"Sotrender Blog\",\"description\":\"\",\"potentialAction\":[{\"@type\":\"SearchAction\",\"target\":{\"@type\":\"EntryPoint\",\"urlTemplate\":\"https:\/\/www.sotrender.com\/blog\/?s={search_term_string}\"},\"query-input\":\"required name=search_term_string\"}],\"inLanguage\":\"pl-PL\"},{\"@type\":\"Person\",\"@id\":\"https:\/\/www.sotrender.com\/blog\/#\/schema\/person\/038ac5e276c5d102d8cbb9c36cd43416\",\"name\":\"Klaudia \u017by\u0142ka\",\"image\":{\"@type\":\"ImageObject\",\"inLanguage\":\"pl-PL\",\"@id\":\"https:\/\/www.sotrender.com\/blog\/#\/schema\/person\/image\/\",\"url\":\"https:\/\/secure.gravatar.com\/avatar\/f55d5d49ce3c448e1ffde0ab078d84cd?s=96&d=mm&r=g\",\"contentUrl\":\"https:\/\/secure.gravatar.com\/avatar\/f55d5d49ce3c448e1ffde0ab078d84cd?s=96&d=mm&r=g\",\"caption\":\"Klaudia \u017by\u0142ka\"},\"description\":\"Instagram, dogs, books and food lover. Former student at Warsaw University and Malm\u00f6 University. Improving her marketing skills every day. Proud owner of DIMAQ certificate\",\"sameAs\":[\"https:\/\/www.linkedin.com\/in\/klaudia-\u017cy\u0142ka-17527779\"],\"url\":\"https:\/\/www.sotrender.com\/blog\/pl\/author\/klaudia_yka\/\"}]}<\/script>\n<!-- \/ Yoast SEO plugin. -->","yoast_head_json":{"title":"Konrad Traczyk do\u0142\u0105cza do Sotrendera jako Strategic Innovation Advisor","description":"Traczyk do\u0142\u0105cza do Sotrendera jako Strategic Innovation Advisor. B\u0119dzie rozwija\u0142 dzia\u0142 Sotrender Research w obszarze influencer marketingu.","robots":{"index":"index","follow":"follow","max-snippet":"max-snippet:-1","max-image-preview":"max-image-preview:large","max-video-preview":"max-video-preview:-1"},"canonical":"https:\/\/www.sotrender.com\/blog\/pl\/2025\/12\/konrad-traczyk-dolacza-do-sotrendera-jako-strategic-innovation-advisor\/","og_locale":"pl_PL","og_type":"article","og_title":"Konrad Traczyk do\u0142\u0105cza do Sotrendera jako Strategic Innovation Advisor","og_description":"Traczyk do\u0142\u0105cza do Sotrendera jako Strategic Innovation Advisor. B\u0119dzie rozwija\u0142 dzia\u0142 Sotrender Research w obszarze influencer marketingu.","og_url":"https:\/\/www.sotrender.com\/blog\/pl\/2025\/12\/konrad-traczyk-dolacza-do-sotrendera-jako-strategic-innovation-advisor\/","og_site_name":"Sotrender Blog","article_publisher":"https:\/\/www.facebook.com\/Sotrender","article_published_time":"2025-12-11T09:23:59+00:00","article_modified_time":"2025-12-11T09:42:31+00:00","og_image":[{"width":840,"height":1345,"url":"https:\/\/www.sotrender.com\/blog\/wp-content\/uploads\/2025\/12\/konrad-traczyk-sotrender.png","type":"image\/png"}],"author":"Klaudia \u017by\u0142ka","twitter_card":"summary_large_image","twitter_creator":"@Sotrender","twitter_site":"@Sotrender","twitter_misc":{"Written by":"Klaudia \u017by\u0142ka","Est. reading time":"3 minutes"},"schema":{"@context":"https:\/\/schema.org","@graph":[{"@type":"WebPage","@id":"https:\/\/www.sotrender.com\/blog\/pl\/2025\/12\/konrad-traczyk-dolacza-do-sotrendera-jako-strategic-innovation-advisor\/","url":"https:\/\/www.sotrender.com\/blog\/pl\/2025\/12\/konrad-traczyk-dolacza-do-sotrendera-jako-strategic-innovation-advisor\/","name":"Konrad Traczyk do\u0142\u0105cza do Sotrendera jako Strategic Innovation Advisor","isPartOf":{"@id":"https:\/\/www.sotrender.com\/blog\/#website"},"primaryImageOfPage":{"@id":"https:\/\/www.sotrender.com\/blog\/pl\/2025\/12\/konrad-traczyk-dolacza-do-sotrendera-jako-strategic-innovation-advisor\/#primaryimage"},"image":{"@id":"https:\/\/www.sotrender.com\/blog\/pl\/2025\/12\/konrad-traczyk-dolacza-do-sotrendera-jako-strategic-innovation-advisor\/#primaryimage"},"thumbnailUrl":"https:\/\/www.sotrender.com\/blog\/wp-content\/uploads\/2025\/12\/konrad-traczyk-sotrender.png","datePublished":"2025-12-11T09:23:59+00:00","dateModified":"2025-12-11T09:42:31+00:00","author":{"@id":"https:\/\/www.sotrender.com\/blog\/#\/schema\/person\/038ac5e276c5d102d8cbb9c36cd43416"},"description":"Traczyk do\u0142\u0105cza do Sotrendera jako Strategic Innovation Advisor. B\u0119dzie rozwija\u0142 dzia\u0142 Sotrender Research w obszarze influencer marketingu.","breadcrumb":{"@id":"https:\/\/www.sotrender.com\/blog\/pl\/2025\/12\/konrad-traczyk-dolacza-do-sotrendera-jako-strategic-innovation-advisor\/#breadcrumb"},"inLanguage":"pl-PL","potentialAction":[{"@type":"ReadAction","target":["https:\/\/www.sotrender.com\/blog\/pl\/2025\/12\/konrad-traczyk-dolacza-do-sotrendera-jako-strategic-innovation-advisor\/"]}]},{"@type":"ImageObject","inLanguage":"pl-PL","@id":"https:\/\/www.sotrender.com\/blog\/pl\/2025\/12\/konrad-traczyk-dolacza-do-sotrendera-jako-strategic-innovation-advisor\/#primaryimage","url":"https:\/\/www.sotrender.com\/blog\/wp-content\/uploads\/2025\/12\/konrad-traczyk-sotrender.png","contentUrl":"https:\/\/www.sotrender.com\/blog\/wp-content\/uploads\/2025\/12\/konrad-traczyk-sotrender.png","width":840,"height":1345,"caption":"konrad traczyk sotrender"},{"@type":"BreadcrumbList","@id":"https:\/\/www.sotrender.com\/blog\/pl\/2025\/12\/konrad-traczyk-dolacza-do-sotrendera-jako-strategic-innovation-advisor\/#breadcrumb","itemListElement":[{"@type":"ListItem","position":1,"name":"Home","item":"https:\/\/www.sotrender.com\/blog\/"},{"@type":"ListItem","position":2,"name":"Konrad Traczyk do\u0142\u0105cza do Sotrendera\u00a0 jako Strategic Innovation Advisor"}]},{"@type":"WebSite","@id":"https:\/\/www.sotrender.com\/blog\/#website","url":"https:\/\/www.sotrender.com\/blog\/","name":"Sotrender Blog","description":"","potentialAction":[{"@type":"SearchAction","target":{"@type":"EntryPoint","urlTemplate":"https:\/\/www.sotrender.com\/blog\/?s={search_term_string}"},"query-input":"required name=search_term_string"}],"inLanguage":"pl-PL"},{"@type":"Person","@id":"https:\/\/www.sotrender.com\/blog\/#\/schema\/person\/038ac5e276c5d102d8cbb9c36cd43416","name":"Klaudia \u017by\u0142ka","image":{"@type":"ImageObject","inLanguage":"pl-PL","@id":"https:\/\/www.sotrender.com\/blog\/#\/schema\/person\/image\/","url":"https:\/\/secure.gravatar.com\/avatar\/f55d5d49ce3c448e1ffde0ab078d84cd?s=96&d=mm&r=g","contentUrl":"https:\/\/secure.gravatar.com\/avatar\/f55d5d49ce3c448e1ffde0ab078d84cd?s=96&d=mm&r=g","caption":"Klaudia \u017by\u0142ka"},"description":"Instagram, dogs, books and food lover. Former student at Warsaw University and Malm\u00f6 University. Improving her marketing skills every day. Proud owner of DIMAQ certificate","sameAs":["https:\/\/www.linkedin.com\/in\/klaudia-\u017cy\u0142ka-17527779"],"url":"https:\/\/www.sotrender.com\/blog\/pl\/author\/klaudia_yka\/"}]}},"_links":{"self":[{"href":"https:\/\/www.sotrender.com\/blog\/pl\/wp-json\/wp\/v2\/posts\/57205"}],"collection":[{"href":"https:\/\/www.sotrender.com\/blog\/pl\/wp-json\/wp\/v2\/posts"}],"about":[{"href":"https:\/\/www.sotrender.com\/blog\/pl\/wp-json\/wp\/v2\/types\/post"}],"author":[{"embeddable":true,"href":"https:\/\/www.sotrender.com\/blog\/pl\/wp-json\/wp\/v2\/users\/89"}],"replies":[{"embeddable":true,"href":"https:\/\/www.sotrender.com\/blog\/pl\/wp-json\/wp\/v2\/comments?post=57205"}],"version-history":[{"count":1,"href":"https:\/\/www.sotrender.com\/blog\/pl\/wp-json\/wp\/v2\/posts\/57205\/revisions"}],"predecessor-version":[{"id":57206,"href":"https:\/\/www.sotrender.com\/blog\/pl\/wp-json\/wp\/v2\/posts\/57205\/revisions\/57206"}],"wp:featuredmedia":[{"embeddable":true,"href":"https:\/\/www.sotrender.com\/blog\/pl\/wp-json\/wp\/v2\/media\/57212"}],"wp:attachment":[{"href":"https:\/\/www.sotrender.com\/blog\/pl\/wp-json\/wp\/v2\/media?parent=57205"}],"wp:term":[{"taxonomy":"category","embeddable":true,"href":"https:\/\/www.sotrender.com\/blog\/pl\/wp-json\/wp\/v2\/categories?post=57205"},{"taxonomy":"post_tag","embeddable":true,"href":"https:\/\/www.sotrender.com\/blog\/pl\/wp-json\/wp\/v2\/tags?post=57205"}],"curies":[{"name":"wp","href":"https:\/\/api.w.org\/{rel}","templated":true}]}}