{"id":57169,"date":"2025-12-08T09:13:09","date_gmt":"2025-12-08T08:13:09","guid":{"rendered":"https:\/\/www.sotrender.com\/blog\/?p=57169"},"modified":"2025-12-08T09:13:11","modified_gmt":"2025-12-08T08:13:11","slug":"facebook-trends-listopad-2025-czas-na-swietowanie","status":"publish","type":"post","link":"https:\/\/www.sotrender.com\/blog\/pl\/2025\/12\/facebook-trends-listopad-2025-czas-na-swietowanie\/","title":{"rendered":"Facebook Trends listopad 2025 \u2013 czas na \u015bwi\u0119towanie?"},"content":{"rendered":"\n<p>Wiele \u015bwi\u0105tecznych kampanii spo\u0142ecznych mia\u0142o swoj\u0105 premier\u0119 ju\u017c w listopadzie.&nbsp;<\/p>\n\n\n\n<p>Kt\u00f3re szczeg\u00f3lnie zwr\u00f3ci\u0142y uwag\u0119 internaut\u00f3w na Facebooku?<\/p>\n\n\n\n<!--more-->\n\n\n\n<p>Sprawdzamy w <a href=\"https:\/\/sotrender.com\/trends\/facebook\/poland\/202511\" target=\"_blank\" rel=\"noreferrer noopener\">listopadowym raporcie Facebook Trends<\/a>.<\/p>\n\n\n\n<p>Znasz ju\u017c nasz\u0105 now\u0105 mark\u0119 badawcz\u0105 \u2013 Sotrender Research? <a href=\"https:\/\/www.sotrender.com\/pl\/sotrender-research\" target=\"_blank\" rel=\"noreferrer noopener\">Dowiedz si\u0119 wi\u0119cej ><\/a><\/p>\n\n\n\n<h2 class=\"wp-block-heading\">Zwierz\u0119 to nie rzecz<\/h2>\n\n\n\n<p>Przy okazji <a href=\"https:\/\/www.sotrender.com\/blog\/pl\/2025\/12\/instagram-trends-listopad-2025-na-malym-i-duzym-ekranie\/\" target=\"_blank\" rel=\"noreferrer noopener\">listopadowego raportu Instagram Trends<\/a> pisali\u015bmy o kampanii Stowarzyszenia mali bracia Ubogich, w kt\u00f3rej zwracana jest uwaga na sytuacj\u0119 samotnych senior\u00f3w w okresie \u015bwi\u0105tecznym.<\/p>\n\n\n\n<p>Z kolei na Facebooku uwag\u0119 zar\u00f3wno nasz\u0105, jak i internaut\u00f3w, zwr\u00f3ci\u0142a kampania Doliny Noteci \u201cZabawki z czasem si\u0119 nudz\u0105\u201d, kt\u00f3rej celem jest przypomnienie, \u017ce zwierz\u0119 to nie rzecz i nie powinno stawa\u0107 si\u0119 nieprzemy\u015blanym prezentem \u015bwi\u0105tecznym.<\/p>\n\n\n\n<p>Wzruszaj\u0105ce wideo opublikowane na profilu marki by\u0142o <a href=\"https:\/\/sotrender.com\/trends\/facebook\/poland\/202511\/zwierzeta#best_posts\" target=\"_blank\" rel=\"noreferrer noopener\">trzecim najbardziej anga\u017cuj\u0105cym postem w kategorii Zwierz\u0119ta<\/a>, z liczb\u0105 ponad 12 tys. reakcji i ponad 7 tys. udost\u0119pnie\u0144.<\/p>\n\n\n\n<figure class=\"wp-block-image size-full\"><a href=\"https:\/\/www.facebook.com\/reel\/1793280604658323\" target=\"_blank\" rel=\"noreferrer noopener\"><img loading=\"lazy\" decoding=\"async\" width=\"1100\" height=\"600\" src=\"https:\/\/www.sotrender.com\/blog\/wp-content\/uploads\/2025\/12\/dolina-noteci-kampania-.png\" alt=\"kampania Doliny Noteci \u201cZabawki z czasem si\u0119 nudz\u0105\u201d\" class=\"wp-image-57174\" srcset=\"https:\/\/www.sotrender.com\/blog\/wp-content\/uploads\/2025\/12\/dolina-noteci-kampania-.png 1100w, https:\/\/www.sotrender.com\/blog\/wp-content\/uploads\/2025\/12\/dolina-noteci-kampania--475x259.png 475w, https:\/\/www.sotrender.com\/blog\/wp-content\/uploads\/2025\/12\/dolina-noteci-kampania--768x419.png 768w\" sizes=\"(max-width: 1100px) 100vw, 1100px\" \/><\/a><figcaption class=\"wp-element-caption\">Kampania Doliny Noteci \u201cZabawki z czasem si\u0119 nudz\u0105\u201d<\/figcaption><\/figure>\n\n\n\n<h2 class=\"wp-block-heading\">200 lat Politechniki Warszawskiej<\/h2>\n\n\n\n<p>Politechnika Warszawska obchodzi w tym roku swoje 200lecie.<\/p>\n\n\n\n<p>W zwi\u0105zku z tym przygotowano <em>Zabaw\u0119 z okazji #200latPW<\/em>, w ramach kt\u00f3rej wybierane by\u0142o ulubione miejsce na Politechnice Warszawskiej. G\u0142osowanie odbywa\u0142o si\u0119 za pomoc\u0105 facebookowych reakcji pod postami, co automatycznie prze\u0142o\u017cy\u0142o si\u0119 na zwi\u0119kszon\u0105 liczb\u0119 aktywno\u015bci na profilu uczelni.<\/p>\n\n\n\n<p>Dzi\u0119ki du\u017cemu zaanga\u017cowaniu fan\u00f3w profil Politechniki awansowa\u0142 o 34 pozycje na wysokie 2. miejsce w rankingu.<\/p>\n\n\n\n<figure class=\"wp-block-image size-full\"><img loading=\"lazy\" decoding=\"async\" width=\"2360\" height=\"338\" src=\"https:\/\/www.sotrender.com\/blog\/wp-content\/uploads\/2025\/12\/politechnika-warszawska-zaangazowanie-facebook.png\" alt=\"politechnika warszawska zabawa na 200 lat pw \" class=\"wp-image-57180\" srcset=\"https:\/\/www.sotrender.com\/blog\/wp-content\/uploads\/2025\/12\/politechnika-warszawska-zaangazowanie-facebook.png 2360w, https:\/\/www.sotrender.com\/blog\/wp-content\/uploads\/2025\/12\/politechnika-warszawska-zaangazowanie-facebook-475x68.png 475w, https:\/\/www.sotrender.com\/blog\/wp-content\/uploads\/2025\/12\/politechnika-warszawska-zaangazowanie-facebook-768x110.png 768w, https:\/\/www.sotrender.com\/blog\/wp-content\/uploads\/2025\/12\/politechnika-warszawska-zaangazowanie-facebook-1536x220.png 1536w, https:\/\/www.sotrender.com\/blog\/wp-content\/uploads\/2025\/12\/politechnika-warszawska-zaangazowanie-facebook-2048x293.png 2048w\" sizes=\"(max-width: 2360px) 100vw, 2360px\" \/><figcaption class=\"wp-element-caption\"><a href=\"https:\/\/sotrender.com\/trends\/facebook\/poland\/202511\/uczelnie#engagement\" target=\"_blank\" rel=\"noreferrer noopener\">Profile z najwi\u0119ksz\u0105 liczb\u0105 aktywno\u015bci u\u017cytkownik\u00f3w w kategorii Uczelnie wy\u017csze<\/a> | listopad 2025<\/figcaption><\/figure>\n\n\n\n<h2 class=\"wp-block-heading\">Survivalowe reality show<\/h2>\n\n\n\n<p>Na CANALe+ 3. grudnia premier\u0119 mia\u0142o nowe reality show \u2013 Eksperyment: Odsiadka, w kt\u00f3rym influencerzy i celebryci (np. Gimper i Zygmunt Chajzer) musz\u0105 przetrwa\u0107 w autentycznych wi\u0119ziennych realiach.<\/p>\n\n\n\n<p>Post informuj\u0105cy o nowej produkcji CANAL+ by\u0142 <a href=\"https:\/\/sotrender.com\/trends\/facebook\/poland\/202511\/technologie_sprzet\/telekomunikacja#best_posts\" target=\"_blank\" rel=\"noreferrer noopener\">najbardziej anga\u017cuj\u0105cym postem w kategorii Telekomunikacja<\/a>.<\/p>\n\n\n\n<figure class=\"wp-block-image size-full\"><img loading=\"lazy\" decoding=\"async\" width=\"2424\" height=\"1212\" src=\"https:\/\/www.sotrender.com\/blog\/wp-content\/uploads\/2025\/12\/canal-eksperyment-odsiadka.png\" alt=\"canal+ eksperyment odsiadka\" class=\"wp-image-57177\" srcset=\"https:\/\/www.sotrender.com\/blog\/wp-content\/uploads\/2025\/12\/canal-eksperyment-odsiadka.png 2424w, https:\/\/www.sotrender.com\/blog\/wp-content\/uploads\/2025\/12\/canal-eksperyment-odsiadka-475x238.png 475w, https:\/\/www.sotrender.com\/blog\/wp-content\/uploads\/2025\/12\/canal-eksperyment-odsiadka-768x384.png 768w, https:\/\/www.sotrender.com\/blog\/wp-content\/uploads\/2025\/12\/canal-eksperyment-odsiadka-1536x768.png 1536w, https:\/\/www.sotrender.com\/blog\/wp-content\/uploads\/2025\/12\/canal-eksperyment-odsiadka-2048x1024.png 2048w\" sizes=\"(max-width: 2424px) 100vw, 2424px\" \/><figcaption class=\"wp-element-caption\"><a href=\"https:\/\/sotrender.com\/trends\/facebook\/poland\/202511\/technologie_sprzet\/telekomunikacja#best_posts\" target=\"_blank\" rel=\"noreferrer noopener\">Najbardziej anga\u017cuj\u0105ce posty w kategorii Telekomunikacja na Facebooku<\/a> | listopad 2025<\/figcaption><\/figure>\n\n\n\n<h2 class=\"wp-block-heading\">Facebook Trends listopad 2025<\/h2>\n\n\n\n<p>Jak w minionym miesi\u0105cu radzi\u0142y sobie inne profile marek na Facebooku? Dowiesz si\u0119 z pe\u0142nego wydania raportu <a href=\"https:\/\/sotrender.com\/trends\/facebook\/poland\/202511\" target=\"_blank\" rel=\"noreferrer noopener\">Facebook Trends<\/a>.<\/p>\n","protected":false},"excerpt":{"rendered":"<p>Wiele \u015bwi\u0105tecznych kampanii spo\u0142ecznych mia\u0142o swoj\u0105 premier\u0119 ju\u017c w listopadzie.&nbsp; Kt\u00f3re szczeg\u00f3lnie zwr\u00f3ci\u0142y uwag\u0119 internaut\u00f3w na Facebooku?<\/p>\n","protected":false},"author":89,"featured_media":57184,"comment_status":"closed","ping_status":"open","sticky":false,"template":"","format":"standard","meta":{"inline_featured_image":false,"footnotes":""},"categories":[1791,1797],"tags":[2307,3903],"yoast_head":"<!-- This site is optimized with the Yoast SEO plugin v22.4 - https:\/\/yoast.com\/wordpress\/plugins\/seo\/ -->\n<title>Facebook Trends listopad 2025 \u2013 czas na \u015bwi\u0119towanie?<\/title>\n<meta name=\"description\" content=\"Wiele \u015bwi\u0105tecznych kampanii spo\u0142ecznych mia\u0142o swoj\u0105 premier\u0119 ju\u017c w listopadzie.\u00a0Kt\u00f3re zwr\u00f3ci\u0142y uwag\u0119 odbiorc\u00f3w na Facebooku?\" \/>\n<meta name=\"robots\" content=\"index, follow, max-snippet:-1, max-image-preview:large, max-video-preview:-1\" \/>\n<link rel=\"canonical\" href=\"https:\/\/www.sotrender.com\/blog\/pl\/2025\/12\/facebook-trends-listopad-2025-czas-na-swietowanie\/\" \/>\n<meta property=\"og:locale\" content=\"pl_PL\" \/>\n<meta property=\"og:type\" content=\"article\" \/>\n<meta property=\"og:title\" content=\"Facebook Trends listopad 2025 \u2013 czas na \u015bwi\u0119towanie?\" \/>\n<meta property=\"og:description\" content=\"Wiele \u015bwi\u0105tecznych kampanii spo\u0142ecznych mia\u0142o swoj\u0105 premier\u0119 ju\u017c w listopadzie.\u00a0Kt\u00f3re zwr\u00f3ci\u0142y uwag\u0119 odbiorc\u00f3w na Facebooku?\" \/>\n<meta property=\"og:url\" content=\"https:\/\/www.sotrender.com\/blog\/pl\/2025\/12\/facebook-trends-listopad-2025-czas-na-swietowanie\/\" \/>\n<meta property=\"og:site_name\" content=\"Sotrender Blog\" \/>\n<meta property=\"article:publisher\" content=\"https:\/\/www.facebook.com\/Sotrender\" \/>\n<meta property=\"article:published_time\" content=\"2025-12-08T08:13:09+00:00\" \/>\n<meta property=\"article:modified_time\" content=\"2025-12-08T08:13:11+00:00\" \/>\n<meta property=\"og:image\" content=\"https:\/\/www.sotrender.com\/blog\/wp-content\/uploads\/2025\/12\/swietowanie.jpg\" \/>\n\t<meta property=\"og:image:width\" content=\"1280\" \/>\n\t<meta property=\"og:image:height\" content=\"853\" \/>\n\t<meta property=\"og:image:type\" content=\"image\/jpeg\" \/>\n<meta name=\"author\" content=\"Klaudia \u017by\u0142ka\" \/>\n<meta name=\"twitter:card\" content=\"summary_large_image\" \/>\n<meta name=\"twitter:creator\" content=\"@Sotrender\" \/>\n<meta name=\"twitter:site\" content=\"@Sotrender\" \/>\n<meta name=\"twitter:label1\" content=\"Written by\" \/>\n\t<meta name=\"twitter:data1\" content=\"Klaudia \u017by\u0142ka\" \/>\n\t<meta name=\"twitter:label2\" content=\"Est. reading time\" \/>\n\t<meta name=\"twitter:data2\" content=\"3 minutes\" \/>\n<script type=\"application\/ld+json\" class=\"yoast-schema-graph\">{\"@context\":\"https:\/\/schema.org\",\"@graph\":[{\"@type\":\"WebPage\",\"@id\":\"https:\/\/www.sotrender.com\/blog\/pl\/2025\/12\/facebook-trends-listopad-2025-czas-na-swietowanie\/\",\"url\":\"https:\/\/www.sotrender.com\/blog\/pl\/2025\/12\/facebook-trends-listopad-2025-czas-na-swietowanie\/\",\"name\":\"Facebook Trends listopad 2025 \u2013 czas na \u015bwi\u0119towanie?\",\"isPartOf\":{\"@id\":\"https:\/\/www.sotrender.com\/blog\/#website\"},\"primaryImageOfPage\":{\"@id\":\"https:\/\/www.sotrender.com\/blog\/pl\/2025\/12\/facebook-trends-listopad-2025-czas-na-swietowanie\/#primaryimage\"},\"image\":{\"@id\":\"https:\/\/www.sotrender.com\/blog\/pl\/2025\/12\/facebook-trends-listopad-2025-czas-na-swietowanie\/#primaryimage\"},\"thumbnailUrl\":\"https:\/\/www.sotrender.com\/blog\/wp-content\/uploads\/2025\/12\/swietowanie.jpg\",\"datePublished\":\"2025-12-08T08:13:09+00:00\",\"dateModified\":\"2025-12-08T08:13:11+00:00\",\"author\":{\"@id\":\"https:\/\/www.sotrender.com\/blog\/#\/schema\/person\/038ac5e276c5d102d8cbb9c36cd43416\"},\"description\":\"Wiele \u015bwi\u0105tecznych kampanii spo\u0142ecznych mia\u0142o swoj\u0105 premier\u0119 ju\u017c w listopadzie.\u00a0Kt\u00f3re zwr\u00f3ci\u0142y uwag\u0119 odbiorc\u00f3w na Facebooku?\",\"breadcrumb\":{\"@id\":\"https:\/\/www.sotrender.com\/blog\/pl\/2025\/12\/facebook-trends-listopad-2025-czas-na-swietowanie\/#breadcrumb\"},\"inLanguage\":\"pl-PL\",\"potentialAction\":[{\"@type\":\"ReadAction\",\"target\":[\"https:\/\/www.sotrender.com\/blog\/pl\/2025\/12\/facebook-trends-listopad-2025-czas-na-swietowanie\/\"]}]},{\"@type\":\"ImageObject\",\"inLanguage\":\"pl-PL\",\"@id\":\"https:\/\/www.sotrender.com\/blog\/pl\/2025\/12\/facebook-trends-listopad-2025-czas-na-swietowanie\/#primaryimage\",\"url\":\"https:\/\/www.sotrender.com\/blog\/wp-content\/uploads\/2025\/12\/swietowanie.jpg\",\"contentUrl\":\"https:\/\/www.sotrender.com\/blog\/wp-content\/uploads\/2025\/12\/swietowanie.jpg\",\"width\":1280,\"height\":853},{\"@type\":\"BreadcrumbList\",\"@id\":\"https:\/\/www.sotrender.com\/blog\/pl\/2025\/12\/facebook-trends-listopad-2025-czas-na-swietowanie\/#breadcrumb\",\"itemListElement\":[{\"@type\":\"ListItem\",\"position\":1,\"name\":\"Home\",\"item\":\"https:\/\/www.sotrender.com\/blog\/\"},{\"@type\":\"ListItem\",\"position\":2,\"name\":\"Facebook Trends listopad 2025 \u2013 czas na \u015bwi\u0119towanie?\"}]},{\"@type\":\"WebSite\",\"@id\":\"https:\/\/www.sotrender.com\/blog\/#website\",\"url\":\"https:\/\/www.sotrender.com\/blog\/\",\"name\":\"Sotrender Blog\",\"description\":\"\",\"potentialAction\":[{\"@type\":\"SearchAction\",\"target\":{\"@type\":\"EntryPoint\",\"urlTemplate\":\"https:\/\/www.sotrender.com\/blog\/?s={search_term_string}\"},\"query-input\":\"required name=search_term_string\"}],\"inLanguage\":\"pl-PL\"},{\"@type\":\"Person\",\"@id\":\"https:\/\/www.sotrender.com\/blog\/#\/schema\/person\/038ac5e276c5d102d8cbb9c36cd43416\",\"name\":\"Klaudia \u017by\u0142ka\",\"image\":{\"@type\":\"ImageObject\",\"inLanguage\":\"pl-PL\",\"@id\":\"https:\/\/www.sotrender.com\/blog\/#\/schema\/person\/image\/\",\"url\":\"https:\/\/secure.gravatar.com\/avatar\/f55d5d49ce3c448e1ffde0ab078d84cd?s=96&d=mm&r=g\",\"contentUrl\":\"https:\/\/secure.gravatar.com\/avatar\/f55d5d49ce3c448e1ffde0ab078d84cd?s=96&d=mm&r=g\",\"caption\":\"Klaudia \u017by\u0142ka\"},\"description\":\"Instagram, dogs, books and food lover. Former student at Warsaw University and Malm\u00f6 University. Improving her marketing skills every day. Proud owner of DIMAQ certificate\",\"sameAs\":[\"https:\/\/www.linkedin.com\/in\/klaudia-\u017cy\u0142ka-17527779\"],\"url\":\"https:\/\/www.sotrender.com\/blog\/pl\/author\/klaudia_yka\/\"}]}<\/script>\n<!-- \/ Yoast SEO plugin. -->","yoast_head_json":{"title":"Facebook Trends listopad 2025 \u2013 czas na \u015bwi\u0119towanie?","description":"Wiele \u015bwi\u0105tecznych kampanii spo\u0142ecznych mia\u0142o swoj\u0105 premier\u0119 ju\u017c w listopadzie.\u00a0Kt\u00f3re zwr\u00f3ci\u0142y uwag\u0119 odbiorc\u00f3w na Facebooku?","robots":{"index":"index","follow":"follow","max-snippet":"max-snippet:-1","max-image-preview":"max-image-preview:large","max-video-preview":"max-video-preview:-1"},"canonical":"https:\/\/www.sotrender.com\/blog\/pl\/2025\/12\/facebook-trends-listopad-2025-czas-na-swietowanie\/","og_locale":"pl_PL","og_type":"article","og_title":"Facebook Trends listopad 2025 \u2013 czas na \u015bwi\u0119towanie?","og_description":"Wiele \u015bwi\u0105tecznych kampanii spo\u0142ecznych mia\u0142o swoj\u0105 premier\u0119 ju\u017c w listopadzie.\u00a0Kt\u00f3re zwr\u00f3ci\u0142y uwag\u0119 odbiorc\u00f3w na Facebooku?","og_url":"https:\/\/www.sotrender.com\/blog\/pl\/2025\/12\/facebook-trends-listopad-2025-czas-na-swietowanie\/","og_site_name":"Sotrender Blog","article_publisher":"https:\/\/www.facebook.com\/Sotrender","article_published_time":"2025-12-08T08:13:09+00:00","article_modified_time":"2025-12-08T08:13:11+00:00","og_image":[{"width":1280,"height":853,"url":"https:\/\/www.sotrender.com\/blog\/wp-content\/uploads\/2025\/12\/swietowanie.jpg","type":"image\/jpeg"}],"author":"Klaudia \u017by\u0142ka","twitter_card":"summary_large_image","twitter_creator":"@Sotrender","twitter_site":"@Sotrender","twitter_misc":{"Written by":"Klaudia \u017by\u0142ka","Est. reading time":"3 minutes"},"schema":{"@context":"https:\/\/schema.org","@graph":[{"@type":"WebPage","@id":"https:\/\/www.sotrender.com\/blog\/pl\/2025\/12\/facebook-trends-listopad-2025-czas-na-swietowanie\/","url":"https:\/\/www.sotrender.com\/blog\/pl\/2025\/12\/facebook-trends-listopad-2025-czas-na-swietowanie\/","name":"Facebook Trends listopad 2025 \u2013 czas na \u015bwi\u0119towanie?","isPartOf":{"@id":"https:\/\/www.sotrender.com\/blog\/#website"},"primaryImageOfPage":{"@id":"https:\/\/www.sotrender.com\/blog\/pl\/2025\/12\/facebook-trends-listopad-2025-czas-na-swietowanie\/#primaryimage"},"image":{"@id":"https:\/\/www.sotrender.com\/blog\/pl\/2025\/12\/facebook-trends-listopad-2025-czas-na-swietowanie\/#primaryimage"},"thumbnailUrl":"https:\/\/www.sotrender.com\/blog\/wp-content\/uploads\/2025\/12\/swietowanie.jpg","datePublished":"2025-12-08T08:13:09+00:00","dateModified":"2025-12-08T08:13:11+00:00","author":{"@id":"https:\/\/www.sotrender.com\/blog\/#\/schema\/person\/038ac5e276c5d102d8cbb9c36cd43416"},"description":"Wiele \u015bwi\u0105tecznych kampanii spo\u0142ecznych mia\u0142o swoj\u0105 premier\u0119 ju\u017c w listopadzie.\u00a0Kt\u00f3re zwr\u00f3ci\u0142y uwag\u0119 odbiorc\u00f3w na Facebooku?","breadcrumb":{"@id":"https:\/\/www.sotrender.com\/blog\/pl\/2025\/12\/facebook-trends-listopad-2025-czas-na-swietowanie\/#breadcrumb"},"inLanguage":"pl-PL","potentialAction":[{"@type":"ReadAction","target":["https:\/\/www.sotrender.com\/blog\/pl\/2025\/12\/facebook-trends-listopad-2025-czas-na-swietowanie\/"]}]},{"@type":"ImageObject","inLanguage":"pl-PL","@id":"https:\/\/www.sotrender.com\/blog\/pl\/2025\/12\/facebook-trends-listopad-2025-czas-na-swietowanie\/#primaryimage","url":"https:\/\/www.sotrender.com\/blog\/wp-content\/uploads\/2025\/12\/swietowanie.jpg","contentUrl":"https:\/\/www.sotrender.com\/blog\/wp-content\/uploads\/2025\/12\/swietowanie.jpg","width":1280,"height":853},{"@type":"BreadcrumbList","@id":"https:\/\/www.sotrender.com\/blog\/pl\/2025\/12\/facebook-trends-listopad-2025-czas-na-swietowanie\/#breadcrumb","itemListElement":[{"@type":"ListItem","position":1,"name":"Home","item":"https:\/\/www.sotrender.com\/blog\/"},{"@type":"ListItem","position":2,"name":"Facebook Trends listopad 2025 \u2013 czas na \u015bwi\u0119towanie?"}]},{"@type":"WebSite","@id":"https:\/\/www.sotrender.com\/blog\/#website","url":"https:\/\/www.sotrender.com\/blog\/","name":"Sotrender Blog","description":"","potentialAction":[{"@type":"SearchAction","target":{"@type":"EntryPoint","urlTemplate":"https:\/\/www.sotrender.com\/blog\/?s={search_term_string}"},"query-input":"required name=search_term_string"}],"inLanguage":"pl-PL"},{"@type":"Person","@id":"https:\/\/www.sotrender.com\/blog\/#\/schema\/person\/038ac5e276c5d102d8cbb9c36cd43416","name":"Klaudia \u017by\u0142ka","image":{"@type":"ImageObject","inLanguage":"pl-PL","@id":"https:\/\/www.sotrender.com\/blog\/#\/schema\/person\/image\/","url":"https:\/\/secure.gravatar.com\/avatar\/f55d5d49ce3c448e1ffde0ab078d84cd?s=96&d=mm&r=g","contentUrl":"https:\/\/secure.gravatar.com\/avatar\/f55d5d49ce3c448e1ffde0ab078d84cd?s=96&d=mm&r=g","caption":"Klaudia \u017by\u0142ka"},"description":"Instagram, dogs, books and food lover. Former student at Warsaw University and Malm\u00f6 University. Improving her marketing skills every day. Proud owner of DIMAQ certificate","sameAs":["https:\/\/www.linkedin.com\/in\/klaudia-\u017cy\u0142ka-17527779"],"url":"https:\/\/www.sotrender.com\/blog\/pl\/author\/klaudia_yka\/"}]}},"_links":{"self":[{"href":"https:\/\/www.sotrender.com\/blog\/pl\/wp-json\/wp\/v2\/posts\/57169"}],"collection":[{"href":"https:\/\/www.sotrender.com\/blog\/pl\/wp-json\/wp\/v2\/posts"}],"about":[{"href":"https:\/\/www.sotrender.com\/blog\/pl\/wp-json\/wp\/v2\/types\/post"}],"author":[{"embeddable":true,"href":"https:\/\/www.sotrender.com\/blog\/pl\/wp-json\/wp\/v2\/users\/89"}],"replies":[{"embeddable":true,"href":"https:\/\/www.sotrender.com\/blog\/pl\/wp-json\/wp\/v2\/comments?post=57169"}],"version-history":[{"count":11,"href":"https:\/\/www.sotrender.com\/blog\/pl\/wp-json\/wp\/v2\/posts\/57169\/revisions"}],"predecessor-version":[{"id":57188,"href":"https:\/\/www.sotrender.com\/blog\/pl\/wp-json\/wp\/v2\/posts\/57169\/revisions\/57188"}],"wp:featuredmedia":[{"embeddable":true,"href":"https:\/\/www.sotrender.com\/blog\/pl\/wp-json\/wp\/v2\/media\/57184"}],"wp:attachment":[{"href":"https:\/\/www.sotrender.com\/blog\/pl\/wp-json\/wp\/v2\/media?parent=57169"}],"wp:term":[{"taxonomy":"category","embeddable":true,"href":"https:\/\/www.sotrender.com\/blog\/pl\/wp-json\/wp\/v2\/categories?post=57169"},{"taxonomy":"post_tag","embeddable":true,"href":"https:\/\/www.sotrender.com\/blog\/pl\/wp-json\/wp\/v2\/tags?post=57169"}],"curies":[{"name":"wp","href":"https:\/\/api.w.org\/{rel}","templated":true}]}}