{"id":57146,"date":"2025-12-04T09:09:04","date_gmt":"2025-12-04T08:09:04","guid":{"rendered":"https:\/\/www.sotrender.com\/blog\/?p=57146"},"modified":"2025-12-04T09:09:05","modified_gmt":"2025-12-04T08:09:05","slug":"instagram-trends-listopad-2025-na-malym-i-duzym-ekranie","status":"publish","type":"post","link":"https:\/\/www.sotrender.com\/blog\/pl\/2025\/12\/instagram-trends-listopad-2025-na-malym-i-duzym-ekranie\/","title":{"rendered":"Instagram Trends listopad 2025 \u2013 na ma\u0142ym i du\u017cym ekranie"},"content":{"rendered":"\n<p>Telewizja, kino, social media\u2026 Niezale\u017cnie od no\u015bnika listopad dostarczy\u0142 nam mn\u00f3stwa emocjonuj\u0105cy chwil \u2013 od rado\u015bci, po wzruszenie i przera\u017cenie. I wszystkie one mia\u0142y odzwierciedlenie na Instagramie.<\/p>\n\n\n\n<!--more-->\n\n\n\n<p>Zapraszamy na <a href=\"https:\/\/sotrender.com\/trends\/instagram\/poland\/202511\" target=\"_blank\" rel=\"noreferrer noopener\">listopadowy raport Instagram Trends<\/a>, by pozna\u0107 szczeg\u00f3\u0142y.<\/p>\n\n\n\n<p><strong>Znasz ju\u017c nasz\u0105 now\u0105 mark\u0119 badawcz\u0105 \u2013 Sotrender Research?<\/strong> <a href=\"https:\/\/www.sotrender.com\/blog\/pl\/2025\/11\/sotrender-uruchamia-sotrender-research\/\" target=\"_blank\" rel=\"noreferrer noopener\">Dowiedz si\u0119 wi\u0119cej\u00a0><\/a><\/p>\n\n\n\n<h2 class=\"wp-block-heading\">Podaruj Wigili\u0119<\/h2>\n\n\n\n<p>Zbli\u017caj\u0105 si\u0119 \u015bwi\u0119ta Bo\u017cego Narodzenia. Poprzedzaj\u0105ce je tygodnie to zawsze okres, gdy znacznie ch\u0119tniej pomagamy innym i zwracamy uwag\u0119 na tych, kt\u00f3rzy s\u0105 bardziej potrzebuj\u0105cy.&nbsp;<\/p>\n\n\n\n<p>Wiele organizacji r\u00f3wnie\u017c stara si\u0119 jeszcze bardziej wspiera\u0107 swoich podopiecznych, organizuj\u0105c zbi\u00f3rki czy akcje spo\u0142eczne.<\/p>\n\n\n\n<p>Niezwykle wzruszaj\u0105c\u0105 kampani\u0119, kt\u00f3ra rozesz\u0142a si\u0119 w listopadzie viralowo, przygotowa\u0142o stowarzyszenie mali bracia Ubogich. Wideo przedstawiaj\u0105ce histori\u0119 seniorki jad\u0105cej autobusem, kt\u00f3ra cieszy si\u0119 z przypadkowej rozmowy z pasa\u017cerem obok, zdoby\u0142o ponad 235 tysi\u0119cy polubie\u0144 i by\u0142o udost\u0119pniane na wielu kontach.<\/p>\n\n\n\n<p>By\u0142 to <a href=\"https:\/\/sotrender.com\/trends\/instagram\/poland\/202511\/Organizacje#best_posts\" target=\"_blank\" rel=\"noreferrer noopener\">najbardziej anga\u017cuj\u0105cy post w ca\u0142ej kategorii Organizacje<\/a>.<\/p>\n\n\n\n<figure class=\"wp-block-image size-full\"><img loading=\"lazy\" decoding=\"async\" width=\"2220\" height=\"1096\" src=\"https:\/\/www.sotrender.com\/blog\/wp-content\/uploads\/2025\/12\/mali-bracia-ubogich-podruj-wigilie.png\" alt=\"mali bracia ubogich kampania podaruj wigilie \" class=\"wp-image-57158\" srcset=\"https:\/\/www.sotrender.com\/blog\/wp-content\/uploads\/2025\/12\/mali-bracia-ubogich-podruj-wigilie.png 2220w, https:\/\/www.sotrender.com\/blog\/wp-content\/uploads\/2025\/12\/mali-bracia-ubogich-podruj-wigilie-475x235.png 475w, https:\/\/www.sotrender.com\/blog\/wp-content\/uploads\/2025\/12\/mali-bracia-ubogich-podruj-wigilie-768x379.png 768w, https:\/\/www.sotrender.com\/blog\/wp-content\/uploads\/2025\/12\/mali-bracia-ubogich-podruj-wigilie-1536x758.png 1536w, https:\/\/www.sotrender.com\/blog\/wp-content\/uploads\/2025\/12\/mali-bracia-ubogich-podruj-wigilie-2048x1011.png 2048w\" sizes=\"(max-width: 2220px) 100vw, 2220px\" \/><figcaption class=\"wp-element-caption\"><a href=\"https:\/\/sotrender.com\/trends\/instagram\/poland\/202511\/Organizacje#best_posts\" target=\"_blank\" rel=\"noreferrer noopener\">Najlepsze posty w kategorii Organizacje na Instagramie<\/a> | listopad 2025<\/figcaption><\/figure>\n\n\n\n<p>Profil @mali.bracia.ubogich awansowa\u0142 o 185 pozycji w rankingu <a href=\"https:\/\/sotrender.com\/trends\/instagram\/poland\/202511\/Organizacje#engagement\" target=\"_blank\" rel=\"noreferrer noopener\">zaanga\u017cowania<\/a>, plasuj\u0105c si\u0119 na wysokim 10. miejscu w kategorii Organizacje.<\/p>\n\n\n\n<figure class=\"wp-block-image size-full\"><img loading=\"lazy\" decoding=\"async\" width=\"2138\" height=\"300\" src=\"https:\/\/www.sotrender.com\/blog\/wp-content\/uploads\/2025\/12\/mali-bracia-ubogich-instagram.png\" alt=\"mali bracia ubogich instagram zaanga\u017cowanie\" class=\"wp-image-57160\" srcset=\"https:\/\/www.sotrender.com\/blog\/wp-content\/uploads\/2025\/12\/mali-bracia-ubogich-instagram.png 2138w, https:\/\/www.sotrender.com\/blog\/wp-content\/uploads\/2025\/12\/mali-bracia-ubogich-instagram-475x67.png 475w, https:\/\/www.sotrender.com\/blog\/wp-content\/uploads\/2025\/12\/mali-bracia-ubogich-instagram-768x108.png 768w, https:\/\/www.sotrender.com\/blog\/wp-content\/uploads\/2025\/12\/mali-bracia-ubogich-instagram-1536x216.png 1536w, https:\/\/www.sotrender.com\/blog\/wp-content\/uploads\/2025\/12\/mali-bracia-ubogich-instagram-2048x287.png 2048w\" sizes=\"(max-width: 2138px) 100vw, 2138px\" \/><figcaption class=\"wp-element-caption\"><a href=\"https:\/\/sotrender.com\/trends\/instagram\/poland\/202511\/Organizacje#engagement\" target=\"_blank\" rel=\"noreferrer noopener\">Profile w kategorii Organizacje z najwi\u0119kszym zaanga\u017cowaniem na Instagramie<\/a> | listopad 2025 <\/figcaption><\/figure>\n\n\n\n<h2 class=\"wp-block-heading\">Emocje na wielkim ekranie<\/h2>\n\n\n\n<p>Nie mo\u017cemy r\u00f3wnie\u017c nie wspomnie\u0107 o filmie, kt\u00f3ry mia\u0142 swoj\u0105 premier\u0119 w minionym miesi\u0105cu. Mowa oczywscie o poruszaj\u0105cym dramacie <em>Dom dobry<\/em> Wojciecha Smarzowskiego.&nbsp;<\/p>\n\n\n\n<p>Warner Bros, jako dystrybutor produkcji, publikowa\u0142 na swoim profilu na Instagramie liczne materia\u0142y promocyjne, co spowodowa\u0142o jego awans na wysokie trzecie miejsce w rankingu zaanga\u017cowania w kategorii <a href=\"https:\/\/sotrender.com\/trends\/instagram\/poland\/202511\/marki\/marki_kultura_i_sztuka#engagement\" target=\"_blank\" rel=\"noreferrer noopener\">Kultura i sztuka<\/a>.<\/p>\n\n\n\n<figure class=\"wp-block-image size-full\"><img loading=\"lazy\" decoding=\"async\" width=\"2136\" height=\"378\" src=\"https:\/\/www.sotrender.com\/blog\/wp-content\/uploads\/2025\/12\/warner-bros-dom-dobry.png\" alt=\"warner bros dom dobry instagram\" class=\"wp-image-57156\" srcset=\"https:\/\/www.sotrender.com\/blog\/wp-content\/uploads\/2025\/12\/warner-bros-dom-dobry.png 2136w, https:\/\/www.sotrender.com\/blog\/wp-content\/uploads\/2025\/12\/warner-bros-dom-dobry-475x84.png 475w, https:\/\/www.sotrender.com\/blog\/wp-content\/uploads\/2025\/12\/warner-bros-dom-dobry-768x136.png 768w, https:\/\/www.sotrender.com\/blog\/wp-content\/uploads\/2025\/12\/warner-bros-dom-dobry-1536x272.png 1536w, https:\/\/www.sotrender.com\/blog\/wp-content\/uploads\/2025\/12\/warner-bros-dom-dobry-2048x362.png 2048w\" sizes=\"(max-width: 2136px) 100vw, 2136px\" \/><figcaption class=\"wp-element-caption\"><a href=\"https:\/\/sotrender.com\/trends\/instagram\/poland\/202511\/marki\/marki_kultura_i_sztuka#engagement\" target=\"_blank\" rel=\"noreferrer noopener\">Profile w kategorii Kultura i sztuka z najwi\u0119kszym zaanga\u017cowaniem na Instagramie<\/a> | listopad 2025 <\/figcaption><\/figure>\n\n\n\n<h2 class=\"wp-block-heading\">Po Kryszta\u0142ow\u0105 Kul\u0119<\/h2>\n\n\n\n<p>W po\u0142owie listopada odby\u0142 si\u0119 r\u00f3wnie\u017c fina\u0142 jubileuszowej edycji Ta\u0144ca z Gwiazdami.&nbsp;<\/p>\n\n\n\n<p>Wygra\u0142 j\u0105 influencer Miko\u0142aj \u201cBagi\u201d Bagi\u0144ski, co wywo\u0142a\u0142o mas\u0119 emocji w internecie \u2013 ich odzwierciedleniem by\u0142o ponad 10 tysi\u0119cy komentarzy pod postem na instagramowym profilu Ta\u0144ca z Gwiazdami z og\u0142oszeniem zwyci\u0119skiej pary.\u00a0<\/p>\n\n\n\n<p>By\u0142 to <a href=\"https:\/\/sotrender.com\/trends\/instagram\/poland\/202511\/media#best_posts\" target=\"_blank\" rel=\"noreferrer noopener\">najbardziej anga\u017cuj\u0105cy post w ca\u0142ej kategorii Media<\/a>, bij\u0105c na g\u0142ow\u0119 pozosta\u0142e posty w TOP3.<\/p>\n\n\n\n<figure class=\"wp-block-image size-full\"><img loading=\"lazy\" decoding=\"async\" width=\"1800\" height=\"902\" src=\"https:\/\/www.sotrender.com\/blog\/wp-content\/uploads\/2025\/12\/taniec-z-giwazdami-bagi.png\" alt=\"taniec z gwiazdami Bagi zwyci\u0119zca 20 edycji \" class=\"wp-image-57154\" srcset=\"https:\/\/www.sotrender.com\/blog\/wp-content\/uploads\/2025\/12\/taniec-z-giwazdami-bagi.png 1800w, https:\/\/www.sotrender.com\/blog\/wp-content\/uploads\/2025\/12\/taniec-z-giwazdami-bagi-475x238.png 475w, https:\/\/www.sotrender.com\/blog\/wp-content\/uploads\/2025\/12\/taniec-z-giwazdami-bagi-768x385.png 768w, https:\/\/www.sotrender.com\/blog\/wp-content\/uploads\/2025\/12\/taniec-z-giwazdami-bagi-1536x770.png 1536w\" sizes=\"(max-width: 1800px) 100vw, 1800px\" \/><figcaption class=\"wp-element-caption\"><a href=\"https:\/\/sotrender.com\/trends\/instagram\/poland\/202511\/media#best_posts\" target=\"_blank\" rel=\"noreferrer noopener\">Najlepsze posty w kategorii Media na Instagramie<\/a> | listopad 2025<\/figcaption><\/figure>\n\n\n\n<h2 class=\"wp-block-heading\">Z planu zdj\u0119ciowego na ring&nbsp;<\/h2>\n\n\n\n<p>Z kolei najbardziej anga\u017cuj\u0105cym postem w kategorii <a href=\"https:\/\/sotrender.com\/trends\/instagram\/poland\/202511\/Organizacje\/org_sport#best_posts\" target=\"_blank\" rel=\"noreferrer noopener\">Organizacje sportowe<\/a> by\u0142 post na profilu FAME MMA z informacj\u0105 o udziale Waldusia Kiepskiego, czyli Bartosza \u017bukowskiego, w FAME 28.\u00a0<\/p>\n\n\n\n<figure class=\"wp-block-image size-full\"><img loading=\"lazy\" decoding=\"async\" width=\"2184\" height=\"1104\" src=\"https:\/\/www.sotrender.com\/blog\/wp-content\/uploads\/2025\/12\/waldus-fame-mma.png\" alt=\"fame mma waldu\u015b kiepski fame 28\" class=\"wp-image-57152\" srcset=\"https:\/\/www.sotrender.com\/blog\/wp-content\/uploads\/2025\/12\/waldus-fame-mma.png 2184w, https:\/\/www.sotrender.com\/blog\/wp-content\/uploads\/2025\/12\/waldus-fame-mma-475x240.png 475w, https:\/\/www.sotrender.com\/blog\/wp-content\/uploads\/2025\/12\/waldus-fame-mma-768x388.png 768w, https:\/\/www.sotrender.com\/blog\/wp-content\/uploads\/2025\/12\/waldus-fame-mma-1536x776.png 1536w, https:\/\/www.sotrender.com\/blog\/wp-content\/uploads\/2025\/12\/waldus-fame-mma-2048x1035.png 2048w\" sizes=\"(max-width: 2184px) 100vw, 2184px\" \/><figcaption class=\"wp-element-caption\"><a href=\"https:\/\/sotrender.com\/trends\/instagram\/poland\/202511\/Organizacje\/org_sport#best_posts\" target=\"_blank\" rel=\"noreferrer noopener\">Najlepsze posty w kategorii Organizacje sportowe na Instagramie<\/a> | listopad 2025<\/figcaption><\/figure>\n\n\n\n<p>W Listopadzie profil FAME MMA zosta\u0142 ponownie najbardziej anga\u017cuj\u0105cym profilem w kategorii <a href=\"https:\/\/sotrender.com\/trends\/instagram\/poland\/202511\/Organizacje\/org_sport#engagement\" target=\"_blank\" rel=\"noreferrer noopener\">Organizacje sportowe<\/a>.<\/p>\n\n\n\n<figure class=\"wp-block-image size-full\"><img loading=\"lazy\" decoding=\"async\" width=\"2138\" height=\"294\" src=\"https:\/\/www.sotrender.com\/blog\/wp-content\/uploads\/2025\/12\/fame-mma-zaangazowanie-instagram.png\" alt=\"fame mma instagram zaanga\u017cowanie\" class=\"wp-image-57150\" srcset=\"https:\/\/www.sotrender.com\/blog\/wp-content\/uploads\/2025\/12\/fame-mma-zaangazowanie-instagram.png 2138w, https:\/\/www.sotrender.com\/blog\/wp-content\/uploads\/2025\/12\/fame-mma-zaangazowanie-instagram-475x65.png 475w, https:\/\/www.sotrender.com\/blog\/wp-content\/uploads\/2025\/12\/fame-mma-zaangazowanie-instagram-768x106.png 768w, https:\/\/www.sotrender.com\/blog\/wp-content\/uploads\/2025\/12\/fame-mma-zaangazowanie-instagram-1536x211.png 1536w, https:\/\/www.sotrender.com\/blog\/wp-content\/uploads\/2025\/12\/fame-mma-zaangazowanie-instagram-2048x282.png 2048w\" sizes=\"(max-width: 2138px) 100vw, 2138px\" \/><figcaption class=\"wp-element-caption\"><a href=\"https:\/\/sotrender.com\/trends\/instagram\/poland\/202511\/Organizacje\/org_sport#engagement\" target=\"_blank\" rel=\"noreferrer noopener\">Profile w kategorii Organizacje sportowe z najwi\u0119kszym zaanga\u017cowaniem na Instagramie<\/a> | listopad 2025 <\/figcaption><\/figure>\n\n\n\n<h2 class=\"wp-block-heading\">Instagram Trends listopad 2025<\/h2>\n\n\n\n<p>To wszystko, co przygotowali\u015bmy w tym miesi\u0105cu. Zobacz, jak w listopadzie poradzi\u0142y sobie inne profile na Instagramie w pe\u0142nej wersji raportu <a href=\"https:\/\/sotrender.com\/trends\/instagram\/poland\/202511\" target=\"_blank\" rel=\"noreferrer noopener\">Instagram Trends<\/a>.<\/p>\n","protected":false},"excerpt":{"rendered":"<p>Telewizja, kino, social media\u2026 Niezale\u017cnie od no\u015bnika listopad dostarczy\u0142 nam mn\u00f3stwa emocjonuj\u0105cy chwil \u2013 od rado\u015bci, po wzruszenie i przera\u017cenie. I wszystkie one mia\u0142y odzwierciedlenie na Instagramie.<\/p>\n","protected":false},"author":89,"featured_media":57147,"comment_status":"closed","ping_status":"open","sticky":false,"template":"","format":"standard","meta":{"inline_featured_image":false,"footnotes":""},"categories":[1791,1803],"tags":[2073,2643,2647],"yoast_head":"<!-- This site is optimized with the Yoast SEO plugin v22.4 - https:\/\/yoast.com\/wordpress\/plugins\/seo\/ -->\n<title>Instagram Trends listopad 2025 \u2013 na ma\u0142ym i du\u017cym ekranie<\/title>\n<meta name=\"description\" content=\"Telewizja, kino, social media\u2026 Niezale\u017cnie od no\u015bnika listopad dostarczy\u0142 nam mn\u00f3stwa emocji \u2013 od rado\u015bci, po wzruszenie i przera\u017cenie.\" \/>\n<meta name=\"robots\" content=\"index, follow, max-snippet:-1, max-image-preview:large, max-video-preview:-1\" \/>\n<link rel=\"canonical\" href=\"https:\/\/www.sotrender.com\/blog\/pl\/2025\/12\/instagram-trends-listopad-2025-na-malym-i-duzym-ekranie\/\" \/>\n<meta property=\"og:locale\" content=\"pl_PL\" \/>\n<meta property=\"og:type\" content=\"article\" \/>\n<meta property=\"og:title\" content=\"Instagram Trends listopad 2025 \u2013 na ma\u0142ym i du\u017cym ekranie\" \/>\n<meta property=\"og:description\" content=\"Telewizja, kino, social media\u2026 Niezale\u017cnie od no\u015bnika listopad dostarczy\u0142 nam mn\u00f3stwa emocji \u2013 od rado\u015bci, po wzruszenie i przera\u017cenie.\" \/>\n<meta property=\"og:url\" content=\"https:\/\/www.sotrender.com\/blog\/pl\/2025\/12\/instagram-trends-listopad-2025-na-malym-i-duzym-ekranie\/\" \/>\n<meta property=\"og:site_name\" content=\"Sotrender Blog\" \/>\n<meta property=\"article:publisher\" content=\"https:\/\/www.facebook.com\/Sotrender\" \/>\n<meta property=\"article:published_time\" content=\"2025-12-04T08:09:04+00:00\" \/>\n<meta property=\"article:modified_time\" content=\"2025-12-04T08:09:05+00:00\" \/>\n<meta property=\"og:image\" content=\"https:\/\/www.sotrender.com\/blog\/wp-content\/uploads\/2025\/12\/kino.jpg\" \/>\n\t<meta property=\"og:image:width\" content=\"1280\" \/>\n\t<meta property=\"og:image:height\" content=\"853\" \/>\n\t<meta property=\"og:image:type\" content=\"image\/jpeg\" \/>\n<meta name=\"author\" content=\"Klaudia \u017by\u0142ka\" \/>\n<meta name=\"twitter:card\" content=\"summary_large_image\" \/>\n<meta name=\"twitter:creator\" content=\"@Sotrender\" \/>\n<meta name=\"twitter:site\" content=\"@Sotrender\" \/>\n<meta name=\"twitter:label1\" content=\"Written by\" \/>\n\t<meta name=\"twitter:data1\" content=\"Klaudia \u017by\u0142ka\" \/>\n\t<meta name=\"twitter:label2\" content=\"Est. reading time\" \/>\n\t<meta name=\"twitter:data2\" content=\"4 minutes\" \/>\n<script type=\"application\/ld+json\" class=\"yoast-schema-graph\">{\"@context\":\"https:\/\/schema.org\",\"@graph\":[{\"@type\":\"WebPage\",\"@id\":\"https:\/\/www.sotrender.com\/blog\/pl\/2025\/12\/instagram-trends-listopad-2025-na-malym-i-duzym-ekranie\/\",\"url\":\"https:\/\/www.sotrender.com\/blog\/pl\/2025\/12\/instagram-trends-listopad-2025-na-malym-i-duzym-ekranie\/\",\"name\":\"Instagram Trends listopad 2025 \u2013 na ma\u0142ym i du\u017cym ekranie\",\"isPartOf\":{\"@id\":\"https:\/\/www.sotrender.com\/blog\/#website\"},\"primaryImageOfPage\":{\"@id\":\"https:\/\/www.sotrender.com\/blog\/pl\/2025\/12\/instagram-trends-listopad-2025-na-malym-i-duzym-ekranie\/#primaryimage\"},\"image\":{\"@id\":\"https:\/\/www.sotrender.com\/blog\/pl\/2025\/12\/instagram-trends-listopad-2025-na-malym-i-duzym-ekranie\/#primaryimage\"},\"thumbnailUrl\":\"https:\/\/www.sotrender.com\/blog\/wp-content\/uploads\/2025\/12\/kino.jpg\",\"datePublished\":\"2025-12-04T08:09:04+00:00\",\"dateModified\":\"2025-12-04T08:09:05+00:00\",\"author\":{\"@id\":\"https:\/\/www.sotrender.com\/blog\/#\/schema\/person\/038ac5e276c5d102d8cbb9c36cd43416\"},\"description\":\"Telewizja, kino, social media\u2026 Niezale\u017cnie od no\u015bnika listopad dostarczy\u0142 nam mn\u00f3stwa emocji \u2013 od rado\u015bci, po wzruszenie i przera\u017cenie.\",\"breadcrumb\":{\"@id\":\"https:\/\/www.sotrender.com\/blog\/pl\/2025\/12\/instagram-trends-listopad-2025-na-malym-i-duzym-ekranie\/#breadcrumb\"},\"inLanguage\":\"pl-PL\",\"potentialAction\":[{\"@type\":\"ReadAction\",\"target\":[\"https:\/\/www.sotrender.com\/blog\/pl\/2025\/12\/instagram-trends-listopad-2025-na-malym-i-duzym-ekranie\/\"]}]},{\"@type\":\"ImageObject\",\"inLanguage\":\"pl-PL\",\"@id\":\"https:\/\/www.sotrender.com\/blog\/pl\/2025\/12\/instagram-trends-listopad-2025-na-malym-i-duzym-ekranie\/#primaryimage\",\"url\":\"https:\/\/www.sotrender.com\/blog\/wp-content\/uploads\/2025\/12\/kino.jpg\",\"contentUrl\":\"https:\/\/www.sotrender.com\/blog\/wp-content\/uploads\/2025\/12\/kino.jpg\",\"width\":1280,\"height\":853},{\"@type\":\"BreadcrumbList\",\"@id\":\"https:\/\/www.sotrender.com\/blog\/pl\/2025\/12\/instagram-trends-listopad-2025-na-malym-i-duzym-ekranie\/#breadcrumb\",\"itemListElement\":[{\"@type\":\"ListItem\",\"position\":1,\"name\":\"Home\",\"item\":\"https:\/\/www.sotrender.com\/blog\/\"},{\"@type\":\"ListItem\",\"position\":2,\"name\":\"Instagram Trends listopad 2025 \u2013 na ma\u0142ym i du\u017cym ekranie\"}]},{\"@type\":\"WebSite\",\"@id\":\"https:\/\/www.sotrender.com\/blog\/#website\",\"url\":\"https:\/\/www.sotrender.com\/blog\/\",\"name\":\"Sotrender Blog\",\"description\":\"\",\"potentialAction\":[{\"@type\":\"SearchAction\",\"target\":{\"@type\":\"EntryPoint\",\"urlTemplate\":\"https:\/\/www.sotrender.com\/blog\/?s={search_term_string}\"},\"query-input\":\"required name=search_term_string\"}],\"inLanguage\":\"pl-PL\"},{\"@type\":\"Person\",\"@id\":\"https:\/\/www.sotrender.com\/blog\/#\/schema\/person\/038ac5e276c5d102d8cbb9c36cd43416\",\"name\":\"Klaudia \u017by\u0142ka\",\"image\":{\"@type\":\"ImageObject\",\"inLanguage\":\"pl-PL\",\"@id\":\"https:\/\/www.sotrender.com\/blog\/#\/schema\/person\/image\/\",\"url\":\"https:\/\/secure.gravatar.com\/avatar\/f55d5d49ce3c448e1ffde0ab078d84cd?s=96&d=mm&r=g\",\"contentUrl\":\"https:\/\/secure.gravatar.com\/avatar\/f55d5d49ce3c448e1ffde0ab078d84cd?s=96&d=mm&r=g\",\"caption\":\"Klaudia \u017by\u0142ka\"},\"description\":\"Instagram, dogs, books and food lover. Former student at Warsaw University and Malm\u00f6 University. Improving her marketing skills every day. Proud owner of DIMAQ certificate\",\"sameAs\":[\"https:\/\/www.linkedin.com\/in\/klaudia-\u017cy\u0142ka-17527779\"],\"url\":\"https:\/\/www.sotrender.com\/blog\/pl\/author\/klaudia_yka\/\"}]}<\/script>\n<!-- \/ Yoast SEO plugin. -->","yoast_head_json":{"title":"Instagram Trends listopad 2025 \u2013 na ma\u0142ym i du\u017cym ekranie","description":"Telewizja, kino, social media\u2026 Niezale\u017cnie od no\u015bnika listopad dostarczy\u0142 nam mn\u00f3stwa emocji \u2013 od rado\u015bci, po wzruszenie i przera\u017cenie.","robots":{"index":"index","follow":"follow","max-snippet":"max-snippet:-1","max-image-preview":"max-image-preview:large","max-video-preview":"max-video-preview:-1"},"canonical":"https:\/\/www.sotrender.com\/blog\/pl\/2025\/12\/instagram-trends-listopad-2025-na-malym-i-duzym-ekranie\/","og_locale":"pl_PL","og_type":"article","og_title":"Instagram Trends listopad 2025 \u2013 na ma\u0142ym i du\u017cym ekranie","og_description":"Telewizja, kino, social media\u2026 Niezale\u017cnie od no\u015bnika listopad dostarczy\u0142 nam mn\u00f3stwa emocji \u2013 od rado\u015bci, po wzruszenie i przera\u017cenie.","og_url":"https:\/\/www.sotrender.com\/blog\/pl\/2025\/12\/instagram-trends-listopad-2025-na-malym-i-duzym-ekranie\/","og_site_name":"Sotrender Blog","article_publisher":"https:\/\/www.facebook.com\/Sotrender","article_published_time":"2025-12-04T08:09:04+00:00","article_modified_time":"2025-12-04T08:09:05+00:00","og_image":[{"width":1280,"height":853,"url":"https:\/\/www.sotrender.com\/blog\/wp-content\/uploads\/2025\/12\/kino.jpg","type":"image\/jpeg"}],"author":"Klaudia \u017by\u0142ka","twitter_card":"summary_large_image","twitter_creator":"@Sotrender","twitter_site":"@Sotrender","twitter_misc":{"Written by":"Klaudia \u017by\u0142ka","Est. reading time":"4 minutes"},"schema":{"@context":"https:\/\/schema.org","@graph":[{"@type":"WebPage","@id":"https:\/\/www.sotrender.com\/blog\/pl\/2025\/12\/instagram-trends-listopad-2025-na-malym-i-duzym-ekranie\/","url":"https:\/\/www.sotrender.com\/blog\/pl\/2025\/12\/instagram-trends-listopad-2025-na-malym-i-duzym-ekranie\/","name":"Instagram Trends listopad 2025 \u2013 na ma\u0142ym i du\u017cym ekranie","isPartOf":{"@id":"https:\/\/www.sotrender.com\/blog\/#website"},"primaryImageOfPage":{"@id":"https:\/\/www.sotrender.com\/blog\/pl\/2025\/12\/instagram-trends-listopad-2025-na-malym-i-duzym-ekranie\/#primaryimage"},"image":{"@id":"https:\/\/www.sotrender.com\/blog\/pl\/2025\/12\/instagram-trends-listopad-2025-na-malym-i-duzym-ekranie\/#primaryimage"},"thumbnailUrl":"https:\/\/www.sotrender.com\/blog\/wp-content\/uploads\/2025\/12\/kino.jpg","datePublished":"2025-12-04T08:09:04+00:00","dateModified":"2025-12-04T08:09:05+00:00","author":{"@id":"https:\/\/www.sotrender.com\/blog\/#\/schema\/person\/038ac5e276c5d102d8cbb9c36cd43416"},"description":"Telewizja, kino, social media\u2026 Niezale\u017cnie od no\u015bnika listopad dostarczy\u0142 nam mn\u00f3stwa emocji \u2013 od rado\u015bci, po wzruszenie i przera\u017cenie.","breadcrumb":{"@id":"https:\/\/www.sotrender.com\/blog\/pl\/2025\/12\/instagram-trends-listopad-2025-na-malym-i-duzym-ekranie\/#breadcrumb"},"inLanguage":"pl-PL","potentialAction":[{"@type":"ReadAction","target":["https:\/\/www.sotrender.com\/blog\/pl\/2025\/12\/instagram-trends-listopad-2025-na-malym-i-duzym-ekranie\/"]}]},{"@type":"ImageObject","inLanguage":"pl-PL","@id":"https:\/\/www.sotrender.com\/blog\/pl\/2025\/12\/instagram-trends-listopad-2025-na-malym-i-duzym-ekranie\/#primaryimage","url":"https:\/\/www.sotrender.com\/blog\/wp-content\/uploads\/2025\/12\/kino.jpg","contentUrl":"https:\/\/www.sotrender.com\/blog\/wp-content\/uploads\/2025\/12\/kino.jpg","width":1280,"height":853},{"@type":"BreadcrumbList","@id":"https:\/\/www.sotrender.com\/blog\/pl\/2025\/12\/instagram-trends-listopad-2025-na-malym-i-duzym-ekranie\/#breadcrumb","itemListElement":[{"@type":"ListItem","position":1,"name":"Home","item":"https:\/\/www.sotrender.com\/blog\/"},{"@type":"ListItem","position":2,"name":"Instagram Trends listopad 2025 \u2013 na ma\u0142ym i du\u017cym ekranie"}]},{"@type":"WebSite","@id":"https:\/\/www.sotrender.com\/blog\/#website","url":"https:\/\/www.sotrender.com\/blog\/","name":"Sotrender Blog","description":"","potentialAction":[{"@type":"SearchAction","target":{"@type":"EntryPoint","urlTemplate":"https:\/\/www.sotrender.com\/blog\/?s={search_term_string}"},"query-input":"required name=search_term_string"}],"inLanguage":"pl-PL"},{"@type":"Person","@id":"https:\/\/www.sotrender.com\/blog\/#\/schema\/person\/038ac5e276c5d102d8cbb9c36cd43416","name":"Klaudia \u017by\u0142ka","image":{"@type":"ImageObject","inLanguage":"pl-PL","@id":"https:\/\/www.sotrender.com\/blog\/#\/schema\/person\/image\/","url":"https:\/\/secure.gravatar.com\/avatar\/f55d5d49ce3c448e1ffde0ab078d84cd?s=96&d=mm&r=g","contentUrl":"https:\/\/secure.gravatar.com\/avatar\/f55d5d49ce3c448e1ffde0ab078d84cd?s=96&d=mm&r=g","caption":"Klaudia \u017by\u0142ka"},"description":"Instagram, dogs, books and food lover. Former student at Warsaw University and Malm\u00f6 University. Improving her marketing skills every day. Proud owner of DIMAQ certificate","sameAs":["https:\/\/www.linkedin.com\/in\/klaudia-\u017cy\u0142ka-17527779"],"url":"https:\/\/www.sotrender.com\/blog\/pl\/author\/klaudia_yka\/"}]}},"_links":{"self":[{"href":"https:\/\/www.sotrender.com\/blog\/pl\/wp-json\/wp\/v2\/posts\/57146"}],"collection":[{"href":"https:\/\/www.sotrender.com\/blog\/pl\/wp-json\/wp\/v2\/posts"}],"about":[{"href":"https:\/\/www.sotrender.com\/blog\/pl\/wp-json\/wp\/v2\/types\/post"}],"author":[{"embeddable":true,"href":"https:\/\/www.sotrender.com\/blog\/pl\/wp-json\/wp\/v2\/users\/89"}],"replies":[{"embeddable":true,"href":"https:\/\/www.sotrender.com\/blog\/pl\/wp-json\/wp\/v2\/comments?post=57146"}],"version-history":[{"count":7,"href":"https:\/\/www.sotrender.com\/blog\/pl\/wp-json\/wp\/v2\/posts\/57146\/revisions"}],"predecessor-version":[{"id":57167,"href":"https:\/\/www.sotrender.com\/blog\/pl\/wp-json\/wp\/v2\/posts\/57146\/revisions\/57167"}],"wp:featuredmedia":[{"embeddable":true,"href":"https:\/\/www.sotrender.com\/blog\/pl\/wp-json\/wp\/v2\/media\/57147"}],"wp:attachment":[{"href":"https:\/\/www.sotrender.com\/blog\/pl\/wp-json\/wp\/v2\/media?parent=57146"}],"wp:term":[{"taxonomy":"category","embeddable":true,"href":"https:\/\/www.sotrender.com\/blog\/pl\/wp-json\/wp\/v2\/categories?post=57146"},{"taxonomy":"post_tag","embeddable":true,"href":"https:\/\/www.sotrender.com\/blog\/pl\/wp-json\/wp\/v2\/tags?post=57146"}],"curies":[{"name":"wp","href":"https:\/\/api.w.org\/{rel}","templated":true}]}}