{"id":56928,"date":"2025-11-13T09:41:17","date_gmt":"2025-11-13T08:41:17","guid":{"rendered":"https:\/\/www.sotrender.com\/blog\/?p=56928"},"modified":"2025-11-14T13:23:25","modified_gmt":"2025-11-14T12:23:25","slug":"facebook-trends-pazdziernik-2025-mobilizacja-polakow","status":"publish","type":"post","link":"https:\/\/www.sotrender.com\/blog\/pl\/2025\/11\/facebook-trends-pazdziernik-2025-mobilizacja-polakow\/","title":{"rendered":"Facebook Trends pa\u017adziernik 2025 \u2013 mobilizacja Polak\u00f3w"},"content":{"rendered":"\n<p>Pa\u017adziernik dostarczy\u0142 nam kolejnych doskona\u0142ych przyk\u0142ad\u00f3w na to, jak Polacy potrafi\u0105 si\u0119 wspiera\u0107 i jednoczy\u0107 w trudnych sytuacjach.<\/p>\n\n\n\n<p>Zapraszamy na raport <a href=\"https:\/\/sotrender.com\/trends\/facebook\/poland\/202510\" target=\"_blank\" rel=\"noreferrer noopener\">Facebook Trends pa\u017adziernik 2025<\/a>, w kt\u00f3rym zdradzamy szczeg\u00f3\u0142y.<\/p>\n\n\n\n<!--more-->\n\n\n\n<p><em>Przypominamy, \u017ce od tego miesi\u0105ca, na skutek <a href=\"https:\/\/www.sotrender.com\/blog\/pl\/2025\/10\/zmiany-w-api-facebooka-i-nowe-dane-w-sotrenderze-product-update\/\" target=\"_blank\" rel=\"noreferrer noopener\">zmian w API Facebooka<\/a>, rankingi z liczb\u0105 fan\u00f3w zosta\u0142y zmienione na rankingi prezentuj\u0105ce liczb\u0119 obserwuj\u0105cych.<\/em><\/p>\n\n\n\n<figure class=\"wp-block-embed aligncenter is-type-video is-provider-youtube wp-block-embed-youtube wp-embed-aspect-9-16 wp-has-aspect-ratio\"><div class=\"wp-block-embed__wrapper\">\n<iframe loading=\"lazy\" title=\"Facebookowa mobilizacja Polak\u00f3w \ud83e\udd1d\ud83c\udffb #socialmedia #marketing #FacebookTrends\" width=\"422\" height=\"750\" src=\"https:\/\/www.youtube.com\/embed\/RJk4xdMO5E8?feature=oembed\" frameborder=\"0\" allow=\"accelerometer; autoplay; clipboard-write; encrypted-media; gyroscope; picture-in-picture; web-share\" referrerpolicy=\"strict-origin-when-cross-origin\" allowfullscreen><\/iframe>\n<\/div><\/figure>\n\n\n\n<h2 class=\"wp-block-heading\">Po\u017car w polskiej firmie i mobilizacja Polak\u00f3w<\/h2>\n\n\n\n<p>Pod koniec miesi\u0105ca dosz\u0142o do po\u017caru w polskiej firmie Dary Natury. Po zdarzeniu opublikowano rolk\u0119, w kt\u00f3rej wyst\u0119puje sam w\u0142a\u015bciciel i opowiada o ca\u0142ym zdarzeniu i jego skutkach. Zach\u0119ca r\u00f3wnie\u017c do zakupu produkt\u00f3w, by wesprze\u0107 firm\u0119 w tym trudnym okresie.<\/p>\n\n\n\n<p>Internauci nie zawiedli \u2013 wsparcie i zaanga\u017cowanie by\u0142o ogromne, co pozwoli\u0142o dotrze\u0107 z komunikatem do jeszcze wi\u0119kszej liczby odbiorc\u00f3w. Rolka, gromadz\u0105c ponad 16 tys. udost\u0119pnie\u0144 i ponad 30 tys. reakcji znalaz\u0142a si\u0119 <a href=\"https:\/\/sotrender.com\/trends\/facebook\/poland\/202510\/pl_wszystkie#best_posts\" target=\"_blank\" rel=\"noreferrer noopener\">w\u015br\u00f3d 15 najbardziej anga\u017cuj\u0105cych post\u00f3w na ca\u0142ym Facebooku w minionym miesi\u0105cu<\/a>.<\/p>\n\n\n\n<figure class=\"wp-block-image size-full\"><img loading=\"lazy\" decoding=\"async\" width=\"2176\" height=\"1114\" src=\"https:\/\/www.sotrender.com\/blog\/wp-content\/uploads\/2025\/11\/dary-natury-pozar.png\" alt=\"dary natury po\u017car rolka\" class=\"wp-image-56942\" srcset=\"https:\/\/www.sotrender.com\/blog\/wp-content\/uploads\/2025\/11\/dary-natury-pozar.png 2176w, https:\/\/www.sotrender.com\/blog\/wp-content\/uploads\/2025\/11\/dary-natury-pozar-475x243.png 475w, https:\/\/www.sotrender.com\/blog\/wp-content\/uploads\/2025\/11\/dary-natury-pozar-768x393.png 768w, https:\/\/www.sotrender.com\/blog\/wp-content\/uploads\/2025\/11\/dary-natury-pozar-1536x786.png 1536w, https:\/\/www.sotrender.com\/blog\/wp-content\/uploads\/2025\/11\/dary-natury-pozar-2048x1048.png 2048w\" sizes=\"(max-width: 2176px) 100vw, 2176px\" \/><figcaption class=\"wp-element-caption\"><a href=\"https:\/\/sotrender.com\/trends\/facebook\/poland\/202510\/fmcg#best_posts\" target=\"_blank\" rel=\"noreferrer noopener\">Najlepsze posty w kategorii FMCG na Facebooku<\/a> | pa\u017adziernik 2025<\/figcaption><\/figure>\n\n\n\n<p>W kategorii <a href=\"https:\/\/sotrender.com\/trends\/facebook\/poland\/202510\/fmcg\" target=\"_blank\" rel=\"noreferrer noopener\">FMCG<\/a> zar\u00f3wno profil marki jak i wspomniana rolka by\u0142y najbardziej anga\u017cuj\u0105ce.<\/p>\n\n\n\n<figure class=\"wp-block-image size-full\"><img loading=\"lazy\" decoding=\"async\" width=\"2348\" height=\"330\" src=\"https:\/\/www.sotrender.com\/blog\/wp-content\/uploads\/2025\/11\/dary-natury.png\" alt=\"dary natury zaanga\u017cowanie na facebooku\" class=\"wp-image-56944\" srcset=\"https:\/\/www.sotrender.com\/blog\/wp-content\/uploads\/2025\/11\/dary-natury.png 2348w, https:\/\/www.sotrender.com\/blog\/wp-content\/uploads\/2025\/11\/dary-natury-475x67.png 475w, https:\/\/www.sotrender.com\/blog\/wp-content\/uploads\/2025\/11\/dary-natury-768x108.png 768w, https:\/\/www.sotrender.com\/blog\/wp-content\/uploads\/2025\/11\/dary-natury-1536x216.png 1536w, https:\/\/www.sotrender.com\/blog\/wp-content\/uploads\/2025\/11\/dary-natury-2048x288.png 2048w\" sizes=\"(max-width: 2348px) 100vw, 2348px\" \/><figcaption class=\"wp-element-caption\"><a href=\"https:\/\/sotrender.com\/trends\/facebook\/poland\/202510\/fmcg#engagement\" target=\"_blank\" rel=\"noreferrer noopener\">Profile na Facebooku z najwi\u0119ksz\u0105 liczb\u0105 aktywno\u015bci w kategorii FMCG<\/a> | pa\u017adziernik 2025<\/figcaption><\/figure>\n\n\n\n<h2 class=\"wp-block-heading\">Na ratunek uprawom<\/h2>\n\n\n\n<p>Sw\u00f3j apel o pomoc, tym razem rolnikom, wystosowa\u0142 r\u00f3wnie\u017c polityk Damian \u017burawski. Radny z Sosnowca znany jest ze swojego zaanga\u017cowania w walk\u0119 o dobro ludzi i zwierz\u0105t \u2013 i nie inaczej by\u0142o tym razem.<\/p>\n\n\n\n<p>Na pocz\u0105tku miesi\u0105ca polityk opublikowa\u0142 dwa posty na swoim Facebooku \u2013 jeden z apelem o pomoc hodowcy papryk, a drugi \u2013 hodowcy pieczarek.<\/p>\n\n\n\n<p>Odzew by\u0142 jeszcze wi\u0119kszy ni\u017c w przypadku Dar\u00f3w Natury. Obydwa posty \u017burawskiego by\u0142y <a href=\"https:\/\/sotrender.com\/trends\/facebook\/poland\/202510\/pl_wszystkie#best_posts\" target=\"_blank\" rel=\"noreferrer noopener\">najbardziej anga\u017cuj\u0105cymi postami na ca\u0142ym Facebooku w pa\u017adzierniku<\/a>, gromadz\u0105c po 30 tys. udost\u0119pnie\u0144 ka\u017cdy.<\/p>\n\n\n\n<figure class=\"wp-block-image size-full\"><img loading=\"lazy\" decoding=\"async\" width=\"1800\" height=\"897\" src=\"https:\/\/www.sotrender.com\/blog\/wp-content\/uploads\/2025\/11\/damian-zurawski-pomoc-rolnikom.png\" alt=\"damian \u017curawski pomoc rolnikom\" class=\"wp-image-56939\" srcset=\"https:\/\/www.sotrender.com\/blog\/wp-content\/uploads\/2025\/11\/damian-zurawski-pomoc-rolnikom.png 1800w, https:\/\/www.sotrender.com\/blog\/wp-content\/uploads\/2025\/11\/damian-zurawski-pomoc-rolnikom-475x237.png 475w, https:\/\/www.sotrender.com\/blog\/wp-content\/uploads\/2025\/11\/damian-zurawski-pomoc-rolnikom-768x383.png 768w, https:\/\/www.sotrender.com\/blog\/wp-content\/uploads\/2025\/11\/damian-zurawski-pomoc-rolnikom-1536x765.png 1536w\" sizes=\"(max-width: 1800px) 100vw, 1800px\" \/><figcaption class=\"wp-element-caption\"><a href=\"https:\/\/sotrender.com\/trends\/facebook\/poland\/202510\/pl_wszystkie#best_posts\" target=\"_blank\" rel=\"noreferrer noopener\">Najlepsze posty na Facebooku<\/a> | pa\u017adziernik 2025<\/figcaption><\/figure>\n\n\n\n<h2 class=\"wp-block-heading\">Nieko\u0144cz\u0105ce si\u0119 gesty dobroci<\/h2>\n\n\n\n<p>W pa\u017adzierniku nie brakowa\u0142o r\u00f3wnie\u017c innych gest\u00f3w wsparcia.<\/p>\n\n\n\n<p>W Poznaniu dwunastolatkowie zatroskani o los swojej chorej kole\u017canki ze szko\u0142y postanowili jej pom\u00f3c. Zwr\u00f3cili si\u0119 do legendarnej pozna\u0144skiej kawiarni Kociak, w kt\u00f3rej zaproponowali wyst\u0119p z muzyk\u0105 klasyczn\u0105, by w ten spos\u00f3b zbiera\u0107 pieni\u0105dze potrzebne na leczenie przyjaci\u00f3\u0142ki.<\/p>\n\n\n\n<p>W\u0142a\u015bciciele kawiarni nie tylko ch\u0119tnie zaanga\u017cowali si\u0119 w akcj\u0119, ale zach\u0119cili r\u00f3wnie\u017c inne lokale gastronomiczne do wzi\u0119cia w niej udzia\u0142u.<\/p>\n\n\n\n<p>Post z informacj\u0105 o zbli\u017caj\u0105cym si\u0119 wyst\u0119pie uczni\u00f3w by\u0142 <a href=\"https:\/\/sotrender.com\/trends\/facebook\/poland\/202510\/miejsca#best_posts\" target=\"_blank\" rel=\"noreferrer noopener\">trzecim najbardziej anga\u017cuj\u0105cym postem w kategorii Miejsca<\/a>, oraz <a href=\"https:\/\/sotrender.com\/trends\/facebook\/poland\/202510\/miejsca\/kawiarnie#best_posts\" target=\"_blank\" rel=\"noreferrer noopener\">numerem jeden w kategorii Kawiarnie<\/a>.<\/p>\n\n\n\n<figure class=\"wp-block-image size-full\"><img loading=\"lazy\" decoding=\"async\" width=\"1800\" height=\"921\" src=\"https:\/\/www.sotrender.com\/blog\/wp-content\/uploads\/2025\/11\/kawiarnia-kociak-koncert-pomocowy.png\" alt=\"kawiarnia kociak koncert pomocowy dla kole\u017canki\" class=\"wp-image-56936\" srcset=\"https:\/\/www.sotrender.com\/blog\/wp-content\/uploads\/2025\/11\/kawiarnia-kociak-koncert-pomocowy.png 1800w, https:\/\/www.sotrender.com\/blog\/wp-content\/uploads\/2025\/11\/kawiarnia-kociak-koncert-pomocowy-475x243.png 475w, https:\/\/www.sotrender.com\/blog\/wp-content\/uploads\/2025\/11\/kawiarnia-kociak-koncert-pomocowy-768x393.png 768w, https:\/\/www.sotrender.com\/blog\/wp-content\/uploads\/2025\/11\/kawiarnia-kociak-koncert-pomocowy-1536x786.png 1536w\" sizes=\"(max-width: 1800px) 100vw, 1800px\" \/><figcaption class=\"wp-element-caption\"><a href=\"https:\/\/sotrender.com\/trends\/facebook\/poland\/202510\/miejsca#best_posts\" target=\"_blank\" rel=\"noreferrer noopener\">Najlepsze posty w kategorii Miejsca na Facebooku<\/a> | pa\u017adziernik 2025<\/figcaption><\/figure>\n\n\n\n<p>Pod wzgl\u0119dem \u0142\u0105cznej liczby aktywno\u015bci profil kawiarni ponownie obj\u0105\u0142 pozycj\u0119 lidera w kategorii <a href=\"https:\/\/sotrender.com\/trends\/facebook\/poland\/202510\/miejsca\/kawiarnie\" target=\"_blank\" rel=\"noreferrer noopener\">Kawiarnie<\/a>.<\/p>\n\n\n\n<p>Wielkimi krokami zbli\u017ca si\u0119 r\u00f3wnie\u017c powr\u00f3t akcji Nakarm Psa z OLX. Cho\u0107 18. edycja jest dopiero w trakcie przygotowa\u0144, w pa\u017adzierniku internauci mogli zg\u0142asza\u0107 schroniska, kt\u00f3re mia\u0142yby wzi\u0105\u0107 w niej udzia\u0142.<\/p>\n\n\n\n<p>Post na profilu OLX, w kt\u00f3rym dokonywa\u0107 mo\u017cna by\u0142o zg\u0142osze\u0144, by\u0142 <a href=\"https:\/\/sotrender.com\/trends\/facebook\/poland\/202510\/handel#best_posts\" target=\"_blank\" rel=\"noreferrer noopener\">najbardziej anga\u017cuj\u0105cym postem w ca\u0142ej kategorii Handel<\/a>.<\/p>\n\n\n\n<figure class=\"wp-block-image size-full\"><img loading=\"lazy\" decoding=\"async\" width=\"2192\" height=\"1098\" src=\"https:\/\/www.sotrender.com\/blog\/wp-content\/uploads\/2025\/11\/nakarm-psa-olx-zgloszenia.png\" alt=\"nakarm psa z olx 18 edycja zg\u0142oszenia \" class=\"wp-image-56934\" srcset=\"https:\/\/www.sotrender.com\/blog\/wp-content\/uploads\/2025\/11\/nakarm-psa-olx-zgloszenia.png 2192w, https:\/\/www.sotrender.com\/blog\/wp-content\/uploads\/2025\/11\/nakarm-psa-olx-zgloszenia-475x238.png 475w, https:\/\/www.sotrender.com\/blog\/wp-content\/uploads\/2025\/11\/nakarm-psa-olx-zgloszenia-768x385.png 768w, https:\/\/www.sotrender.com\/blog\/wp-content\/uploads\/2025\/11\/nakarm-psa-olx-zgloszenia-1536x769.png 1536w, https:\/\/www.sotrender.com\/blog\/wp-content\/uploads\/2025\/11\/nakarm-psa-olx-zgloszenia-2048x1026.png 2048w\" sizes=\"(max-width: 2192px) 100vw, 2192px\" \/><figcaption class=\"wp-element-caption\"><a href=\"https:\/\/sotrender.com\/trends\/facebook\/poland\/202510\/handel#best_posts\" target=\"_blank\" rel=\"noreferrer noopener\">Najlepsze posty w kategorii Handel na Facebooku<\/a> | pa\u017adziernik 2025<\/figcaption><\/figure>\n\n\n\n<p>Dodatkowo, profil marki awansowa\u0142 o 249 pozycji na miejsce 19. pod wzgl\u0119dem <a href=\"https:\/\/sotrender.com\/trends\/facebook\/poland\/202510\/handel#engagement\" target=\"_blank\" rel=\"noreferrer noopener\">\u0142\u0105cznej liczby aktywno\u015bci na profilu<\/a>.<\/p>\n\n\n\n<h2 class=\"wp-block-heading\">Facebook Trends pa\u017adziernik 2025<\/h2>\n\n\n\n<p>To wszystko, co przygotowali\u015bmy dla Was w tym miesi\u0105cu. Zapraszamy do sprawdzenia pe\u0142nego wydania raportu Facebook Trends, jak r\u00f3wnie\u017c <a href=\"https:\/\/www.sotrender.com\/blog\/pl\/2025\/11\/instagram-trends-pazdziernik-2025-gwiazdy-napedzaja-wyniki\/\" target=\"_blank\" rel=\"noreferrer noopener\">Instagram Trends<\/a>.<\/p>\n","protected":false},"excerpt":{"rendered":"<p>Pa\u017adziernik dostarczy\u0142 nam kolejnych doskona\u0142ych przyk\u0142ad\u00f3w na to, jak Polacy potrafi\u0105 si\u0119 wspiera\u0107 i jednoczy\u0107 w trudnych sytuacjach. Zapraszamy na raport Facebook Trends pa\u017adziernik 2025, w kt\u00f3rym zdradzamy szczeg\u00f3\u0142y.<\/p>\n","protected":false},"author":89,"featured_media":56929,"comment_status":"closed","ping_status":"open","sticky":false,"template":"","format":"standard","meta":{"inline_featured_image":false,"footnotes":""},"categories":[1791,1793,1797],"tags":[2307,3957,3959],"yoast_head":"<!-- This site is optimized with the Yoast SEO plugin v22.4 - https:\/\/yoast.com\/wordpress\/plugins\/seo\/ -->\n<title>Facebook Trends pa\u017adziernik 2025 \u2013 mobilizacja Polak\u00f3w<\/title>\n<meta name=\"description\" content=\"Listopad dostarczy\u0142 nam kolejnych doskona\u0142ych przyk\u0142ad\u00f3w na to, jak Polacy potrafi\u0105 si\u0119 wspiera\u0107 i jednoczy\u0107 w trudnych sytuacjach.\" \/>\n<meta name=\"robots\" content=\"index, follow, max-snippet:-1, max-image-preview:large, max-video-preview:-1\" \/>\n<link rel=\"canonical\" href=\"https:\/\/www.sotrender.com\/blog\/pl\/2025\/11\/facebook-trends-pazdziernik-2025-mobilizacja-polakow\/\" \/>\n<meta property=\"og:locale\" content=\"pl_PL\" \/>\n<meta property=\"og:type\" content=\"article\" \/>\n<meta property=\"og:title\" content=\"Facebook Trends pa\u017adziernik 2025 \u2013 mobilizacja Polak\u00f3w\" \/>\n<meta property=\"og:description\" content=\"Listopad dostarczy\u0142 nam kolejnych doskona\u0142ych przyk\u0142ad\u00f3w na to, jak Polacy potrafi\u0105 si\u0119 wspiera\u0107 i jednoczy\u0107 w trudnych sytuacjach.\" \/>\n<meta property=\"og:url\" content=\"https:\/\/www.sotrender.com\/blog\/pl\/2025\/11\/facebook-trends-pazdziernik-2025-mobilizacja-polakow\/\" \/>\n<meta property=\"og:site_name\" content=\"Sotrender Blog\" \/>\n<meta property=\"article:publisher\" content=\"https:\/\/www.facebook.com\/Sotrender\" \/>\n<meta property=\"article:published_time\" content=\"2025-11-13T08:41:17+00:00\" \/>\n<meta property=\"article:modified_time\" content=\"2025-11-14T12:23:25+00:00\" \/>\n<meta property=\"og:image\" content=\"https:\/\/www.sotrender.com\/blog\/wp-content\/uploads\/2025\/11\/uprawy.jpg\" \/>\n\t<meta property=\"og:image:width\" content=\"1280\" \/>\n\t<meta property=\"og:image:height\" content=\"891\" \/>\n\t<meta property=\"og:image:type\" content=\"image\/jpeg\" \/>\n<meta name=\"author\" content=\"Klaudia \u017by\u0142ka\" \/>\n<meta name=\"twitter:card\" content=\"summary_large_image\" \/>\n<meta name=\"twitter:creator\" content=\"@Sotrender\" \/>\n<meta name=\"twitter:site\" content=\"@Sotrender\" \/>\n<meta name=\"twitter:label1\" content=\"Written by\" \/>\n\t<meta name=\"twitter:data1\" content=\"Klaudia \u017by\u0142ka\" \/>\n\t<meta name=\"twitter:label2\" content=\"Est. reading time\" \/>\n\t<meta name=\"twitter:data2\" content=\"4 minutes\" \/>\n<script type=\"application\/ld+json\" class=\"yoast-schema-graph\">{\"@context\":\"https:\/\/schema.org\",\"@graph\":[{\"@type\":\"WebPage\",\"@id\":\"https:\/\/www.sotrender.com\/blog\/pl\/2025\/11\/facebook-trends-pazdziernik-2025-mobilizacja-polakow\/\",\"url\":\"https:\/\/www.sotrender.com\/blog\/pl\/2025\/11\/facebook-trends-pazdziernik-2025-mobilizacja-polakow\/\",\"name\":\"Facebook Trends pa\u017adziernik 2025 \u2013 mobilizacja Polak\u00f3w\",\"isPartOf\":{\"@id\":\"https:\/\/www.sotrender.com\/blog\/#website\"},\"primaryImageOfPage\":{\"@id\":\"https:\/\/www.sotrender.com\/blog\/pl\/2025\/11\/facebook-trends-pazdziernik-2025-mobilizacja-polakow\/#primaryimage\"},\"image\":{\"@id\":\"https:\/\/www.sotrender.com\/blog\/pl\/2025\/11\/facebook-trends-pazdziernik-2025-mobilizacja-polakow\/#primaryimage\"},\"thumbnailUrl\":\"https:\/\/www.sotrender.com\/blog\/wp-content\/uploads\/2025\/11\/uprawy.jpg\",\"datePublished\":\"2025-11-13T08:41:17+00:00\",\"dateModified\":\"2025-11-14T12:23:25+00:00\",\"author\":{\"@id\":\"https:\/\/www.sotrender.com\/blog\/#\/schema\/person\/038ac5e276c5d102d8cbb9c36cd43416\"},\"description\":\"Listopad dostarczy\u0142 nam kolejnych doskona\u0142ych przyk\u0142ad\u00f3w na to, jak Polacy potrafi\u0105 si\u0119 wspiera\u0107 i jednoczy\u0107 w trudnych sytuacjach.\",\"breadcrumb\":{\"@id\":\"https:\/\/www.sotrender.com\/blog\/pl\/2025\/11\/facebook-trends-pazdziernik-2025-mobilizacja-polakow\/#breadcrumb\"},\"inLanguage\":\"pl-PL\",\"potentialAction\":[{\"@type\":\"ReadAction\",\"target\":[\"https:\/\/www.sotrender.com\/blog\/pl\/2025\/11\/facebook-trends-pazdziernik-2025-mobilizacja-polakow\/\"]}]},{\"@type\":\"ImageObject\",\"inLanguage\":\"pl-PL\",\"@id\":\"https:\/\/www.sotrender.com\/blog\/pl\/2025\/11\/facebook-trends-pazdziernik-2025-mobilizacja-polakow\/#primaryimage\",\"url\":\"https:\/\/www.sotrender.com\/blog\/wp-content\/uploads\/2025\/11\/uprawy.jpg\",\"contentUrl\":\"https:\/\/www.sotrender.com\/blog\/wp-content\/uploads\/2025\/11\/uprawy.jpg\",\"width\":1280,\"height\":891},{\"@type\":\"BreadcrumbList\",\"@id\":\"https:\/\/www.sotrender.com\/blog\/pl\/2025\/11\/facebook-trends-pazdziernik-2025-mobilizacja-polakow\/#breadcrumb\",\"itemListElement\":[{\"@type\":\"ListItem\",\"position\":1,\"name\":\"Home\",\"item\":\"https:\/\/www.sotrender.com\/blog\/\"},{\"@type\":\"ListItem\",\"position\":2,\"name\":\"Facebook Trends pa\u017adziernik 2025 \u2013 mobilizacja Polak\u00f3w\"}]},{\"@type\":\"WebSite\",\"@id\":\"https:\/\/www.sotrender.com\/blog\/#website\",\"url\":\"https:\/\/www.sotrender.com\/blog\/\",\"name\":\"Sotrender Blog\",\"description\":\"\",\"potentialAction\":[{\"@type\":\"SearchAction\",\"target\":{\"@type\":\"EntryPoint\",\"urlTemplate\":\"https:\/\/www.sotrender.com\/blog\/?s={search_term_string}\"},\"query-input\":\"required name=search_term_string\"}],\"inLanguage\":\"pl-PL\"},{\"@type\":\"Person\",\"@id\":\"https:\/\/www.sotrender.com\/blog\/#\/schema\/person\/038ac5e276c5d102d8cbb9c36cd43416\",\"name\":\"Klaudia \u017by\u0142ka\",\"image\":{\"@type\":\"ImageObject\",\"inLanguage\":\"pl-PL\",\"@id\":\"https:\/\/www.sotrender.com\/blog\/#\/schema\/person\/image\/\",\"url\":\"https:\/\/secure.gravatar.com\/avatar\/f55d5d49ce3c448e1ffde0ab078d84cd?s=96&d=mm&r=g\",\"contentUrl\":\"https:\/\/secure.gravatar.com\/avatar\/f55d5d49ce3c448e1ffde0ab078d84cd?s=96&d=mm&r=g\",\"caption\":\"Klaudia \u017by\u0142ka\"},\"description\":\"Instagram, dogs, books and food lover. Former student at Warsaw University and Malm\u00f6 University. Improving her marketing skills every day. Proud owner of DIMAQ certificate\",\"sameAs\":[\"https:\/\/www.linkedin.com\/in\/klaudia-\u017cy\u0142ka-17527779\"],\"url\":\"https:\/\/www.sotrender.com\/blog\/pl\/author\/klaudia_yka\/\"}]}<\/script>\n<!-- \/ Yoast SEO plugin. -->","yoast_head_json":{"title":"Facebook Trends pa\u017adziernik 2025 \u2013 mobilizacja Polak\u00f3w","description":"Listopad dostarczy\u0142 nam kolejnych doskona\u0142ych przyk\u0142ad\u00f3w na to, jak Polacy potrafi\u0105 si\u0119 wspiera\u0107 i jednoczy\u0107 w trudnych sytuacjach.","robots":{"index":"index","follow":"follow","max-snippet":"max-snippet:-1","max-image-preview":"max-image-preview:large","max-video-preview":"max-video-preview:-1"},"canonical":"https:\/\/www.sotrender.com\/blog\/pl\/2025\/11\/facebook-trends-pazdziernik-2025-mobilizacja-polakow\/","og_locale":"pl_PL","og_type":"article","og_title":"Facebook Trends pa\u017adziernik 2025 \u2013 mobilizacja Polak\u00f3w","og_description":"Listopad dostarczy\u0142 nam kolejnych doskona\u0142ych przyk\u0142ad\u00f3w na to, jak Polacy potrafi\u0105 si\u0119 wspiera\u0107 i jednoczy\u0107 w trudnych sytuacjach.","og_url":"https:\/\/www.sotrender.com\/blog\/pl\/2025\/11\/facebook-trends-pazdziernik-2025-mobilizacja-polakow\/","og_site_name":"Sotrender Blog","article_publisher":"https:\/\/www.facebook.com\/Sotrender","article_published_time":"2025-11-13T08:41:17+00:00","article_modified_time":"2025-11-14T12:23:25+00:00","og_image":[{"width":1280,"height":891,"url":"https:\/\/www.sotrender.com\/blog\/wp-content\/uploads\/2025\/11\/uprawy.jpg","type":"image\/jpeg"}],"author":"Klaudia \u017by\u0142ka","twitter_card":"summary_large_image","twitter_creator":"@Sotrender","twitter_site":"@Sotrender","twitter_misc":{"Written by":"Klaudia \u017by\u0142ka","Est. reading time":"4 minutes"},"schema":{"@context":"https:\/\/schema.org","@graph":[{"@type":"WebPage","@id":"https:\/\/www.sotrender.com\/blog\/pl\/2025\/11\/facebook-trends-pazdziernik-2025-mobilizacja-polakow\/","url":"https:\/\/www.sotrender.com\/blog\/pl\/2025\/11\/facebook-trends-pazdziernik-2025-mobilizacja-polakow\/","name":"Facebook Trends pa\u017adziernik 2025 \u2013 mobilizacja Polak\u00f3w","isPartOf":{"@id":"https:\/\/www.sotrender.com\/blog\/#website"},"primaryImageOfPage":{"@id":"https:\/\/www.sotrender.com\/blog\/pl\/2025\/11\/facebook-trends-pazdziernik-2025-mobilizacja-polakow\/#primaryimage"},"image":{"@id":"https:\/\/www.sotrender.com\/blog\/pl\/2025\/11\/facebook-trends-pazdziernik-2025-mobilizacja-polakow\/#primaryimage"},"thumbnailUrl":"https:\/\/www.sotrender.com\/blog\/wp-content\/uploads\/2025\/11\/uprawy.jpg","datePublished":"2025-11-13T08:41:17+00:00","dateModified":"2025-11-14T12:23:25+00:00","author":{"@id":"https:\/\/www.sotrender.com\/blog\/#\/schema\/person\/038ac5e276c5d102d8cbb9c36cd43416"},"description":"Listopad dostarczy\u0142 nam kolejnych doskona\u0142ych przyk\u0142ad\u00f3w na to, jak Polacy potrafi\u0105 si\u0119 wspiera\u0107 i jednoczy\u0107 w trudnych sytuacjach.","breadcrumb":{"@id":"https:\/\/www.sotrender.com\/blog\/pl\/2025\/11\/facebook-trends-pazdziernik-2025-mobilizacja-polakow\/#breadcrumb"},"inLanguage":"pl-PL","potentialAction":[{"@type":"ReadAction","target":["https:\/\/www.sotrender.com\/blog\/pl\/2025\/11\/facebook-trends-pazdziernik-2025-mobilizacja-polakow\/"]}]},{"@type":"ImageObject","inLanguage":"pl-PL","@id":"https:\/\/www.sotrender.com\/blog\/pl\/2025\/11\/facebook-trends-pazdziernik-2025-mobilizacja-polakow\/#primaryimage","url":"https:\/\/www.sotrender.com\/blog\/wp-content\/uploads\/2025\/11\/uprawy.jpg","contentUrl":"https:\/\/www.sotrender.com\/blog\/wp-content\/uploads\/2025\/11\/uprawy.jpg","width":1280,"height":891},{"@type":"BreadcrumbList","@id":"https:\/\/www.sotrender.com\/blog\/pl\/2025\/11\/facebook-trends-pazdziernik-2025-mobilizacja-polakow\/#breadcrumb","itemListElement":[{"@type":"ListItem","position":1,"name":"Home","item":"https:\/\/www.sotrender.com\/blog\/"},{"@type":"ListItem","position":2,"name":"Facebook Trends pa\u017adziernik 2025 \u2013 mobilizacja Polak\u00f3w"}]},{"@type":"WebSite","@id":"https:\/\/www.sotrender.com\/blog\/#website","url":"https:\/\/www.sotrender.com\/blog\/","name":"Sotrender Blog","description":"","potentialAction":[{"@type":"SearchAction","target":{"@type":"EntryPoint","urlTemplate":"https:\/\/www.sotrender.com\/blog\/?s={search_term_string}"},"query-input":"required name=search_term_string"}],"inLanguage":"pl-PL"},{"@type":"Person","@id":"https:\/\/www.sotrender.com\/blog\/#\/schema\/person\/038ac5e276c5d102d8cbb9c36cd43416","name":"Klaudia \u017by\u0142ka","image":{"@type":"ImageObject","inLanguage":"pl-PL","@id":"https:\/\/www.sotrender.com\/blog\/#\/schema\/person\/image\/","url":"https:\/\/secure.gravatar.com\/avatar\/f55d5d49ce3c448e1ffde0ab078d84cd?s=96&d=mm&r=g","contentUrl":"https:\/\/secure.gravatar.com\/avatar\/f55d5d49ce3c448e1ffde0ab078d84cd?s=96&d=mm&r=g","caption":"Klaudia \u017by\u0142ka"},"description":"Instagram, dogs, books and food lover. Former student at Warsaw University and Malm\u00f6 University. Improving her marketing skills every day. Proud owner of DIMAQ certificate","sameAs":["https:\/\/www.linkedin.com\/in\/klaudia-\u017cy\u0142ka-17527779"],"url":"https:\/\/www.sotrender.com\/blog\/pl\/author\/klaudia_yka\/"}]}},"_links":{"self":[{"href":"https:\/\/www.sotrender.com\/blog\/pl\/wp-json\/wp\/v2\/posts\/56928"}],"collection":[{"href":"https:\/\/www.sotrender.com\/blog\/pl\/wp-json\/wp\/v2\/posts"}],"about":[{"href":"https:\/\/www.sotrender.com\/blog\/pl\/wp-json\/wp\/v2\/types\/post"}],"author":[{"embeddable":true,"href":"https:\/\/www.sotrender.com\/blog\/pl\/wp-json\/wp\/v2\/users\/89"}],"replies":[{"embeddable":true,"href":"https:\/\/www.sotrender.com\/blog\/pl\/wp-json\/wp\/v2\/comments?post=56928"}],"version-history":[{"count":11,"href":"https:\/\/www.sotrender.com\/blog\/pl\/wp-json\/wp\/v2\/posts\/56928\/revisions"}],"predecessor-version":[{"id":56967,"href":"https:\/\/www.sotrender.com\/blog\/pl\/wp-json\/wp\/v2\/posts\/56928\/revisions\/56967"}],"wp:featuredmedia":[{"embeddable":true,"href":"https:\/\/www.sotrender.com\/blog\/pl\/wp-json\/wp\/v2\/media\/56929"}],"wp:attachment":[{"href":"https:\/\/www.sotrender.com\/blog\/pl\/wp-json\/wp\/v2\/media?parent=56928"}],"wp:term":[{"taxonomy":"category","embeddable":true,"href":"https:\/\/www.sotrender.com\/blog\/pl\/wp-json\/wp\/v2\/categories?post=56928"},{"taxonomy":"post_tag","embeddable":true,"href":"https:\/\/www.sotrender.com\/blog\/pl\/wp-json\/wp\/v2\/tags?post=56928"}],"curies":[{"name":"wp","href":"https:\/\/api.w.org\/{rel}","templated":true}]}}