{"id":56866,"date":"2025-11-06T11:21:27","date_gmt":"2025-11-06T10:21:27","guid":{"rendered":"https:\/\/www.sotrender.com\/blog\/?p=56866"},"modified":"2025-11-20T13:45:00","modified_gmt":"2025-11-20T12:45:00","slug":"instagram-trends-pazdziernik-2025-gwiazdy-napedzaja-wyniki","status":"publish","type":"post","link":"https:\/\/www.sotrender.com\/blog\/pl\/2025\/11\/instagram-trends-pazdziernik-2025-gwiazdy-napedzaja-wyniki\/","title":{"rendered":"Instagram Trends pa\u017adziernik 2025 \u2013 gwiazdy nap\u0119dzaj\u0105 wyniki"},"content":{"rendered":"\n<p>Pa\u017adziernik nale\u017ca\u0142 do wielkich nazwisk i g\u0142o\u015bnych wsp\u00f3\u0142prac. Znane twarze w kampaniach modowych i festiwalowe og\u0142oszenia headliner\u00f3w rozpali\u0142y emocje u\u017cytkownik\u00f3w, nap\u0119dzaj\u0105c rekordowe wyniki zaanga\u017cowania marek i wydarze\u0144 na Instagramie.<\/p>\n\n\n\n<!--more-->\n\n\n\n<p>Po wi\u0119cej szczeg\u00f3\u0142ow zapraszamy na raport\u00a0<a href=\"https:\/\/sotrender.com\/trends\/instagram\/poland\/202510\/\" target=\"_blank\" rel=\"noreferrer noopener\">Instagram Trends pa\u017adziernik 2025<\/a>.<\/p>\n\n\n\n<figure class=\"wp-block-embed aligncenter is-type-video is-provider-youtube wp-block-embed-youtube wp-embed-aspect-9-16 wp-has-aspect-ratio\"><div class=\"wp-block-embed__wrapper\">\n<iframe loading=\"lazy\" title=\"Najlepsze marki na Instagramie w pa\u017adzierniku | #socialmedia #Instagram #InstagramTrends\" width=\"422\" height=\"750\" src=\"https:\/\/www.youtube.com\/embed\/321lnrBekoY?feature=oembed\" frameborder=\"0\" allow=\"accelerometer; autoplay; clipboard-write; encrypted-media; gyroscope; picture-in-picture; web-share\" referrerpolicy=\"strict-origin-when-cross-origin\" allowfullscreen><\/iframe>\n<\/div><\/figure>\n\n\n\n<h2 class=\"wp-block-heading\">Od rowerowego virala do muzycznej wsp\u00f3\u0142pracy<\/h2>\n\n\n\n<p>To, co zacz\u0119\u0142o si\u0119 jako \u017cart, przerodzi\u0142o si\u0119 w jeden z najbardziej zaskakuj\u0105cych internetowych duet\u00f3w tego roku. Podczas wizyty we Wroc\u0142awiu promuj\u0105cy now\u0105 p\u0142yt\u0119 <em>Play<\/em> Ed Sheeran spotka\u0142 si\u0119 z \u0141atwogangiem \u2013 jednym z najbardziej rozpoznawalnych polskich tw\u00f3rc\u00f3w.<\/p>\n\n\n\n<p><a href=\"https:\/\/www.sotrender.com\/blog\/pl\/2025\/09\/instagram-trends-sierpien-2025-niespodziewany-plot-twist\/\" target=\"_blank\" rel=\"noreferrer noopener\">Wsp\u00f3lnie wsiedli na tr\u00f3jko\u0142owy tandem i ruszyli na przeja\u017cd\u017ck\u0119 po Placu Solnym<\/a>, \u017cartuj\u0105c i nagrywaj\u0105c kr\u00f3tkie wideo. Pad\u0142a obietnica: je\u015bli film zdob\u0119dzie milion polubie\u0144, powstanie wsp\u00f3lny utw\u00f3r \u2013 po polsku. Internet nie zawi\u00f3d\u0142. Milion lajk\u00f3w pojawi\u0142 si\u0119 szybciej, ni\u017c ktokolwiek si\u0119 spodziewa\u0142.<\/p>\n\n\n\n<p>Efektem tej viralowej akcji by\u0142a polska wersja hitu \u201eAzizam\u201d. Ca\u0142\u0105 wsp\u00f3\u0142prac\u0119 promowa\u0142 profil @warnermusicpoland, kt\u00f3ry dzi\u0119ki niej <a href=\"https:\/\/sotrender.com\/trends\/instagram\/poland\/202510\/marki#engagement\" target=\"_blank\" rel=\"noreferrer noopener\">zanotowa\u0142 awans o 156 pozycji na 5. miejsce w rankingu aktywno\u015bci<\/a> w kategorii Marki.<\/p>\n\n\n<div class=\"wp-block-image\">\n<figure class=\"aligncenter size-full\"><img loading=\"lazy\" decoding=\"async\" width=\"2442\" height=\"902\" src=\"https:\/\/www.sotrender.com\/blog\/wp-content\/uploads\/2025\/11\/Zrzut-ekranu-2025-11-6-o-10.08.08-1.png\" alt=\"Marki z najwi\u0119kszym zaanga\u017cowaniem na Instagramie pa\u017adziernik 2025\" class=\"wp-image-56882\" srcset=\"https:\/\/www.sotrender.com\/blog\/wp-content\/uploads\/2025\/11\/Zrzut-ekranu-2025-11-6-o-10.08.08-1.png 2442w, https:\/\/www.sotrender.com\/blog\/wp-content\/uploads\/2025\/11\/Zrzut-ekranu-2025-11-6-o-10.08.08-1-475x175.png 475w, https:\/\/www.sotrender.com\/blog\/wp-content\/uploads\/2025\/11\/Zrzut-ekranu-2025-11-6-o-10.08.08-1-768x284.png 768w, https:\/\/www.sotrender.com\/blog\/wp-content\/uploads\/2025\/11\/Zrzut-ekranu-2025-11-6-o-10.08.08-1-1536x567.png 1536w, https:\/\/www.sotrender.com\/blog\/wp-content\/uploads\/2025\/11\/Zrzut-ekranu-2025-11-6-o-10.08.08-1-2048x756.png 2048w\" sizes=\"(max-width: 2442px) 100vw, 2442px\" \/><figcaption class=\"wp-element-caption\"><a href=\"https:\/\/sotrender.com\/trends\/instagram\/poland\/202510\/marki#engagement\" target=\"_blank\" rel=\"noreferrer noopener\">Marki z najwi\u0119kszym zaanga\u017cowaniem na Instagramie<\/a> | pa\u017adziernik 2025<\/figcaption><\/figure><\/div>\n\n\n<p>Post o tym duecie zdoby\u0142 a\u017c 144 tys. polubie\u0144, co uczyni\u0142o go <a href=\"https:\/\/sotrender.com\/trends\/instagram\/poland\/202510\/marki#best_posts\" target=\"_blank\" rel=\"noreferrer noopener\">najlepszym w tej kategorii<\/a>, a kolejne wideo z serii znalaz\u0142o si\u0119 na 6. miejscu zestawienia.<\/p>\n\n\n<div class=\"wp-block-image\">\n<figure class=\"aligncenter size-full\"><img loading=\"lazy\" decoding=\"async\" width=\"2442\" height=\"1262\" src=\"https:\/\/www.sotrender.com\/blog\/wp-content\/uploads\/2025\/11\/Zrzut-ekranu-2025-11-6-o-10.10.05-min.png\" alt=\"Najbardziej anga\u017cuj\u0105ce posty w kategorii Marki na Instagramie pa\u017adziernik 2025\" class=\"wp-image-56894\" srcset=\"https:\/\/www.sotrender.com\/blog\/wp-content\/uploads\/2025\/11\/Zrzut-ekranu-2025-11-6-o-10.10.05-min.png 2442w, https:\/\/www.sotrender.com\/blog\/wp-content\/uploads\/2025\/11\/Zrzut-ekranu-2025-11-6-o-10.10.05-min-475x245.png 475w, https:\/\/www.sotrender.com\/blog\/wp-content\/uploads\/2025\/11\/Zrzut-ekranu-2025-11-6-o-10.10.05-min-768x397.png 768w, https:\/\/www.sotrender.com\/blog\/wp-content\/uploads\/2025\/11\/Zrzut-ekranu-2025-11-6-o-10.10.05-min-1536x794.png 1536w, https:\/\/www.sotrender.com\/blog\/wp-content\/uploads\/2025\/11\/Zrzut-ekranu-2025-11-6-o-10.10.05-min-2048x1058.png 2048w\" sizes=\"(max-width: 2442px) 100vw, 2442px\" \/><figcaption class=\"wp-element-caption\"><a href=\"https:\/\/sotrender.com\/trends\/instagram\/poland\/202510\/marki#best_posts\" target=\"_blank\" rel=\"noreferrer noopener\">Najbardziej anga\u017cuj\u0105ce posty w kategorii Marki<\/a> na Instagramie | pa\u017adziernik 2025<\/figcaption><\/figure><\/div>\n\n\n<h2 class=\"wp-block-heading\">Znane twarze nap\u0119dzaj\u0105 zaanga\u017cowanie<\/h2>\n\n\n\n<p>W tym miesi\u0105cu w kategorii Moda marki zdecydowanie zyska\u0142y na wsp\u00f3\u0142pracach ze znanymi postaciami. Najlepszy post miesi\u0105ca opublikowa\u0142 \u0141ukasz Jemio\u0142, prezentuj\u0105c Jolant\u0119 Kwa\u015bniewsk\u0105 w swojej nowej kolekcji. Dzi\u0119ki temu marka awansowa\u0142a o 14 miejsc, <a href=\"https:\/\/sotrender.com\/trends\/instagram\/poland\/202510\/marki\/marki_moda#engagement\" target=\"_blank\" rel=\"noreferrer noopener\">zajmuj\u0105c 10. pozycj\u0119 w rankingu aktywno\u015bci<\/a>.<\/p>\n\n\n<div class=\"wp-block-image\">\n<figure class=\"aligncenter size-full\"><img loading=\"lazy\" decoding=\"async\" width=\"2380\" height=\"1238\" src=\"https:\/\/www.sotrender.com\/blog\/wp-content\/uploads\/2025\/11\/Zrzut-ekranu-2025-11-6-o-10.34.06-min.png\" alt=\"\" class=\"wp-image-56888\" srcset=\"https:\/\/www.sotrender.com\/blog\/wp-content\/uploads\/2025\/11\/Zrzut-ekranu-2025-11-6-o-10.34.06-min.png 2380w, https:\/\/www.sotrender.com\/blog\/wp-content\/uploads\/2025\/11\/Zrzut-ekranu-2025-11-6-o-10.34.06-min-475x247.png 475w, https:\/\/www.sotrender.com\/blog\/wp-content\/uploads\/2025\/11\/Zrzut-ekranu-2025-11-6-o-10.34.06-min-768x399.png 768w, https:\/\/www.sotrender.com\/blog\/wp-content\/uploads\/2025\/11\/Zrzut-ekranu-2025-11-6-o-10.34.06-min-1536x799.png 1536w, https:\/\/www.sotrender.com\/blog\/wp-content\/uploads\/2025\/11\/Zrzut-ekranu-2025-11-6-o-10.34.06-min-2048x1065.png 2048w\" sizes=\"(max-width: 2380px) 100vw, 2380px\" \/><\/figure><\/div>\n\n<div class=\"wp-block-image\">\n<figure class=\"aligncenter size-full\"><img loading=\"lazy\" decoding=\"async\" width=\"2380\" height=\"1048\" src=\"https:\/\/www.sotrender.com\/blog\/wp-content\/uploads\/2025\/11\/Zrzut-ekranu-2025-11-6-o-10.34.17-min.png\" alt=\"Najbardziej anga\u017cuj\u0105ce posty w kategorii Moda na Instagramie pa\u017adziernik 2025\" class=\"wp-image-56892\" srcset=\"https:\/\/www.sotrender.com\/blog\/wp-content\/uploads\/2025\/11\/Zrzut-ekranu-2025-11-6-o-10.34.17-min.png 2380w, https:\/\/www.sotrender.com\/blog\/wp-content\/uploads\/2025\/11\/Zrzut-ekranu-2025-11-6-o-10.34.17-min-475x209.png 475w, https:\/\/www.sotrender.com\/blog\/wp-content\/uploads\/2025\/11\/Zrzut-ekranu-2025-11-6-o-10.34.17-min-768x338.png 768w, https:\/\/www.sotrender.com\/blog\/wp-content\/uploads\/2025\/11\/Zrzut-ekranu-2025-11-6-o-10.34.17-min-1536x676.png 1536w, https:\/\/www.sotrender.com\/blog\/wp-content\/uploads\/2025\/11\/Zrzut-ekranu-2025-11-6-o-10.34.17-min-2048x902.png 2048w\" sizes=\"(max-width: 2380px) 100vw, 2380px\" \/><figcaption class=\"wp-element-caption\"><a href=\"https:\/\/sotrender.com\/trends\/instagram\/poland\/202510\/marki\/marki_moda#best_posts\" target=\"_blank\" rel=\"noreferrer noopener\">Najbardziej anga\u017cuj\u0105ce posty w kategorii Moda<\/a> na Instagramie | pa\u017adziernik 2025<\/figcaption><\/figure><\/div>\n\n\n<p>Z kolei profil @wkruk1840 zanotowa\u0142 imponuj\u0105cy wzrost o 119 pozycji, plasuj\u0105c si\u0119 na 14. miejscu w\u015br\u00f3d najbardziej anga\u017cuj\u0105cych marek modowych. Wszystko za spraw\u0105 og\u0142oszenia premiery kolekcji stworzonej we wsp\u00f3\u0142pracy z Katarzyn\u0105 Nosowsk\u0105 \u2013 <a href=\"https:\/\/sotrender.com\/trends\/instagram\/poland\/202510\/marki\/marki_moda#best_posts\" target=\"_blank\" rel=\"noreferrer noopener\">post ten trafi\u0142 na 5. lokat\u0119 w\u015br\u00f3d najlepszych tre\u015bci<\/a> miesi\u0105ca.<\/p>\n\n\n<div class=\"wp-block-image\">\n<figure class=\"aligncenter size-full\"><img loading=\"lazy\" decoding=\"async\" width=\"2206\" height=\"1528\" src=\"https:\/\/www.sotrender.com\/blog\/wp-content\/uploads\/2025\/11\/Zrzut-ekranu-2025-11-6-o-10.26.31.png\" alt=\"Marki kosmetyczne z najwi\u0119kszym zaanga\u017cowaniem na Instagramie pa\u017adziernik 2025\" class=\"wp-image-56885\" srcset=\"https:\/\/www.sotrender.com\/blog\/wp-content\/uploads\/2025\/11\/Zrzut-ekranu-2025-11-6-o-10.26.31.png 2206w, https:\/\/www.sotrender.com\/blog\/wp-content\/uploads\/2025\/11\/Zrzut-ekranu-2025-11-6-o-10.26.31-475x329.png 475w, https:\/\/www.sotrender.com\/blog\/wp-content\/uploads\/2025\/11\/Zrzut-ekranu-2025-11-6-o-10.26.31-768x532.png 768w, https:\/\/www.sotrender.com\/blog\/wp-content\/uploads\/2025\/11\/Zrzut-ekranu-2025-11-6-o-10.26.31-1536x1064.png 1536w, https:\/\/www.sotrender.com\/blog\/wp-content\/uploads\/2025\/11\/Zrzut-ekranu-2025-11-6-o-10.26.31-2048x1419.png 2048w\" sizes=\"(max-width: 2206px) 100vw, 2206px\" \/><figcaption class=\"wp-element-caption\"><a href=\"https:\/\/sotrender.com\/trends\/instagram\/poland\/202510\/marki\/marki_moda#engagement\" target=\"_blank\" rel=\"noreferrer noopener\">Marki kosmetyczne z najwi\u0119kszym zaanga\u017cowaniem<\/a> na Instagramie | pa\u017adziernik 2025<\/figcaption><\/figure><\/div>\n\n\n<h2 class=\"wp-block-heading\">Festiwalowe og\u0142oszenia<\/h2>\n\n\n\n<p>Najgor\u0119tszym wydarzeniem w mediach spo\u0142eczno\u015bciowych w pa\u017adzierniku by\u0142 bez w\u0105tpienia Open\u2019er Festival, kt\u00f3ry rozpocz\u0105\u0142 og\u0142aszanie artyst\u00f3w przysz\u0142orocznej edycji. Najwi\u0119ksze emocje wywo\u0142a\u0142 kultowy zesp\u00f3\u0142 The Cure \u2013 <a href=\"https:\/\/sotrender.com\/trends\/instagram\/poland\/202510\/wydarzenia#best_posts\" target=\"_blank\" rel=\"noreferrer noopener\">post z t\u0105 informacj\u0105 znalaz\u0142 si\u0119 na szczycie rankingu w kategorii Wydarzenia<\/a>.<\/p>\n\n\n<div class=\"wp-block-image\">\n<figure class=\"aligncenter size-full\"><img loading=\"lazy\" decoding=\"async\" width=\"2396\" height=\"1242\" src=\"https:\/\/www.sotrender.com\/blog\/wp-content\/uploads\/2025\/11\/Zrzut-ekranu-2025-11-6-o-10.45.09-min-1.png\" alt=\"Najbardziej anga\u017cuj\u0105ce posty w kategorii Wydarzenia na Instagramie pa\u017adziernik 2025\" class=\"wp-image-56902\" srcset=\"https:\/\/www.sotrender.com\/blog\/wp-content\/uploads\/2025\/11\/Zrzut-ekranu-2025-11-6-o-10.45.09-min-1.png 2396w, https:\/\/www.sotrender.com\/blog\/wp-content\/uploads\/2025\/11\/Zrzut-ekranu-2025-11-6-o-10.45.09-min-1-475x246.png 475w, https:\/\/www.sotrender.com\/blog\/wp-content\/uploads\/2025\/11\/Zrzut-ekranu-2025-11-6-o-10.45.09-min-1-768x398.png 768w, https:\/\/www.sotrender.com\/blog\/wp-content\/uploads\/2025\/11\/Zrzut-ekranu-2025-11-6-o-10.45.09-min-1-1536x796.png 1536w, https:\/\/www.sotrender.com\/blog\/wp-content\/uploads\/2025\/11\/Zrzut-ekranu-2025-11-6-o-10.45.09-min-1-2048x1062.png 2048w\" sizes=\"(max-width: 2396px) 100vw, 2396px\" \/><figcaption class=\"wp-element-caption\"><a href=\"https:\/\/sotrender.com\/trends\/instagram\/poland\/202510\/wydarzenia#best_posts\" target=\"_blank\" rel=\"noreferrer noopener\">Najbardziej anga\u017cuj\u0105ce posty w kategorii Wydarzenia<\/a> na Instagramie | pa\u017adziernik 2025<\/figcaption><\/figure><\/div>\n\n\n<p>Na tym jednak nie koniec \u2013 a\u017c pi\u0119\u0107 innych post\u00f3w z zapowiedziami kolejnych artyst\u00f3w r\u00f3wnie\u017c trafi\u0142o do TOP15 najlepszych tre\u015bci miesi\u0105ca. W efekcie <a href=\"https:\/\/sotrender.com\/trends\/instagram\/poland\/202510\/wydarzenia#engagement\" target=\"_blank\" rel=\"noreferrer noopener\">profil festiwalu awansowa\u0142 na pozycj\u0119 lidera w rankingu aktywno\u015bci u\u017cytkownik\u00f3w<\/a>, zyskuj\u0105c wyra\u017an\u0105 przewag\u0119 nad konkurencj\u0105.<\/p>\n\n\n<div class=\"wp-block-image\">\n<figure class=\"aligncenter size-full\"><img loading=\"lazy\" decoding=\"async\" width=\"2432\" height=\"894\" src=\"https:\/\/www.sotrender.com\/blog\/wp-content\/uploads\/2025\/11\/Zrzut-ekranu-2025-11-6-o-10.37.27-1.png\" alt=\"Wydarzenia z najwi\u0119kszym zaanga\u017cowaniem na Instagramie pa\u017adziernik 2025\" class=\"wp-image-56898\" srcset=\"https:\/\/www.sotrender.com\/blog\/wp-content\/uploads\/2025\/11\/Zrzut-ekranu-2025-11-6-o-10.37.27-1.png 2432w, https:\/\/www.sotrender.com\/blog\/wp-content\/uploads\/2025\/11\/Zrzut-ekranu-2025-11-6-o-10.37.27-1-475x175.png 475w, https:\/\/www.sotrender.com\/blog\/wp-content\/uploads\/2025\/11\/Zrzut-ekranu-2025-11-6-o-10.37.27-1-768x282.png 768w, https:\/\/www.sotrender.com\/blog\/wp-content\/uploads\/2025\/11\/Zrzut-ekranu-2025-11-6-o-10.37.27-1-1536x565.png 1536w, https:\/\/www.sotrender.com\/blog\/wp-content\/uploads\/2025\/11\/Zrzut-ekranu-2025-11-6-o-10.37.27-1-2048x753.png 2048w\" sizes=\"(max-width: 2432px) 100vw, 2432px\" \/><figcaption class=\"wp-element-caption\"><a href=\"https:\/\/sotrender.com\/trends\/instagram\/poland\/202510\/wydarzenia#engagement\" target=\"_blank\" rel=\"noreferrer noopener\">Wydarzenia z najwi\u0119kszym zaanga\u017cowaniem na Instagramie<\/a> | pa\u017adziernik 2025<\/figcaption><\/figure><\/div>\n\n\n<h2 class=\"wp-block-heading\">Instagram Trends pa\u017adziernik 2025<\/h2>\n\n\n\n<p>To wszystko, co przygotowali\u015bmy dla Was w tym miesi\u0105cu. Zach\u0119camy do sprawdzenia pe\u0142nego wydania&nbsp;<a href=\"https:\/\/sotrender.com\/trends\/instagram\/poland\/202510\/\" target=\"_blank\" rel=\"noreferrer noopener\">pa\u017adziernikowego raportu Instagram Trends<\/a> i zapraszamy na&nbsp;Facebook Trends, kt\u00f3re pojawi\u0105 si\u0119 ju\u017c wkr\u00f3tce.<\/p>\n","protected":false},"excerpt":{"rendered":"<p>Pa\u017adziernik nale\u017ca\u0142 do wielkich nazwisk i g\u0142o\u015bnych wsp\u00f3\u0142prac. Znane twarze w kampaniach modowych i festiwalowe og\u0142oszenia headliner\u00f3w rozpali\u0142y emocje u\u017cytkownik\u00f3w, nap\u0119dzaj\u0105c rekordowe wyniki zaanga\u017cowania marek i wydarze\u0144 na Instagramie.<\/p>\n","protected":false},"author":311,"featured_media":56906,"comment_status":"closed","ping_status":"open","sticky":false,"template":"","format":"standard","meta":{"inline_featured_image":false,"footnotes":""},"categories":[1791,1803],"tags":[2073,2643,3949,4045,4046],"yoast_head":"<!-- This site is optimized with the Yoast SEO plugin v22.4 - https:\/\/yoast.com\/wordpress\/plugins\/seo\/ -->\n<title>Instagram Trends pa\u017adziernik 2025 \u2013 gwiazdy nap\u0119dzaj\u0105 wyniki<\/title>\n<meta name=\"description\" content=\"Pa\u017adziernik nale\u017ca\u0142 do znanych twarzy w kampaniach modowych i festiwalowych og\u0142osze\u0144 headliner\u00f3w, kt\u00f3re rozpali\u0142y emocje u\u017cytkownik\u00f3w.\" \/>\n<meta name=\"robots\" content=\"index, follow, max-snippet:-1, max-image-preview:large, max-video-preview:-1\" \/>\n<link rel=\"canonical\" href=\"https:\/\/www.sotrender.com\/blog\/pl\/2025\/11\/instagram-trends-pazdziernik-2025-gwiazdy-napedzaja-wyniki\/\" \/>\n<meta property=\"og:locale\" content=\"pl_PL\" \/>\n<meta property=\"og:type\" content=\"article\" \/>\n<meta property=\"og:title\" content=\"Instagram Trends pa\u017adziernik 2025 \u2013 gwiazdy nap\u0119dzaj\u0105 wyniki\" \/>\n<meta property=\"og:description\" content=\"Pa\u017adziernik nale\u017ca\u0142 do znanych twarzy w kampaniach modowych i festiwalowych og\u0142osze\u0144 headliner\u00f3w, kt\u00f3re rozpali\u0142y emocje u\u017cytkownik\u00f3w.\" \/>\n<meta property=\"og:url\" content=\"https:\/\/www.sotrender.com\/blog\/pl\/2025\/11\/instagram-trends-pazdziernik-2025-gwiazdy-napedzaja-wyniki\/\" \/>\n<meta property=\"og:site_name\" content=\"Sotrender Blog\" \/>\n<meta property=\"article:publisher\" content=\"https:\/\/www.facebook.com\/Sotrender\" \/>\n<meta property=\"article:published_time\" content=\"2025-11-06T10:21:27+00:00\" \/>\n<meta property=\"article:modified_time\" content=\"2025-11-20T12:45:00+00:00\" \/>\n<meta property=\"og:image\" content=\"https:\/\/www.sotrender.com\/blog\/wp-content\/uploads\/2025\/11\/pexels-clam-lo-1782448-3469712.jpg\" \/>\n\t<meta property=\"og:image:width\" content=\"1280\" \/>\n\t<meta property=\"og:image:height\" content=\"853\" \/>\n\t<meta property=\"og:image:type\" content=\"image\/jpeg\" \/>\n<meta name=\"author\" content=\"Bogna Raszowska\" \/>\n<meta name=\"twitter:card\" content=\"summary_large_image\" \/>\n<meta name=\"twitter:creator\" content=\"@Sotrender\" \/>\n<meta name=\"twitter:site\" content=\"@Sotrender\" \/>\n<meta name=\"twitter:label1\" content=\"Written by\" \/>\n\t<meta name=\"twitter:data1\" content=\"Bogna Raszowska\" \/>\n\t<meta name=\"twitter:label2\" content=\"Est. reading time\" \/>\n\t<meta name=\"twitter:data2\" content=\"4 minutes\" \/>\n<script type=\"application\/ld+json\" class=\"yoast-schema-graph\">{\"@context\":\"https:\/\/schema.org\",\"@graph\":[{\"@type\":\"WebPage\",\"@id\":\"https:\/\/www.sotrender.com\/blog\/pl\/2025\/11\/instagram-trends-pazdziernik-2025-gwiazdy-napedzaja-wyniki\/\",\"url\":\"https:\/\/www.sotrender.com\/blog\/pl\/2025\/11\/instagram-trends-pazdziernik-2025-gwiazdy-napedzaja-wyniki\/\",\"name\":\"Instagram Trends pa\u017adziernik 2025 \u2013 gwiazdy nap\u0119dzaj\u0105 wyniki\",\"isPartOf\":{\"@id\":\"https:\/\/www.sotrender.com\/blog\/#website\"},\"primaryImageOfPage\":{\"@id\":\"https:\/\/www.sotrender.com\/blog\/pl\/2025\/11\/instagram-trends-pazdziernik-2025-gwiazdy-napedzaja-wyniki\/#primaryimage\"},\"image\":{\"@id\":\"https:\/\/www.sotrender.com\/blog\/pl\/2025\/11\/instagram-trends-pazdziernik-2025-gwiazdy-napedzaja-wyniki\/#primaryimage\"},\"thumbnailUrl\":\"https:\/\/www.sotrender.com\/blog\/wp-content\/uploads\/2025\/11\/pexels-clam-lo-1782448-3469712.jpg\",\"datePublished\":\"2025-11-06T10:21:27+00:00\",\"dateModified\":\"2025-11-20T12:45:00+00:00\",\"author\":{\"@id\":\"https:\/\/www.sotrender.com\/blog\/#\/schema\/person\/2c3d8f31a13ec8be6145f5865f25d16c\"},\"description\":\"Pa\u017adziernik nale\u017ca\u0142 do znanych twarzy w kampaniach modowych i festiwalowych og\u0142osze\u0144 headliner\u00f3w, kt\u00f3re rozpali\u0142y emocje u\u017cytkownik\u00f3w.\",\"breadcrumb\":{\"@id\":\"https:\/\/www.sotrender.com\/blog\/pl\/2025\/11\/instagram-trends-pazdziernik-2025-gwiazdy-napedzaja-wyniki\/#breadcrumb\"},\"inLanguage\":\"pl-PL\",\"potentialAction\":[{\"@type\":\"ReadAction\",\"target\":[\"https:\/\/www.sotrender.com\/blog\/pl\/2025\/11\/instagram-trends-pazdziernik-2025-gwiazdy-napedzaja-wyniki\/\"]}]},{\"@type\":\"ImageObject\",\"inLanguage\":\"pl-PL\",\"@id\":\"https:\/\/www.sotrender.com\/blog\/pl\/2025\/11\/instagram-trends-pazdziernik-2025-gwiazdy-napedzaja-wyniki\/#primaryimage\",\"url\":\"https:\/\/www.sotrender.com\/blog\/wp-content\/uploads\/2025\/11\/pexels-clam-lo-1782448-3469712.jpg\",\"contentUrl\":\"https:\/\/www.sotrender.com\/blog\/wp-content\/uploads\/2025\/11\/pexels-clam-lo-1782448-3469712.jpg\",\"width\":1280,\"height\":853},{\"@type\":\"BreadcrumbList\",\"@id\":\"https:\/\/www.sotrender.com\/blog\/pl\/2025\/11\/instagram-trends-pazdziernik-2025-gwiazdy-napedzaja-wyniki\/#breadcrumb\",\"itemListElement\":[{\"@type\":\"ListItem\",\"position\":1,\"name\":\"Home\",\"item\":\"https:\/\/www.sotrender.com\/blog\/\"},{\"@type\":\"ListItem\",\"position\":2,\"name\":\"Instagram Trends pa\u017adziernik 2025 \u2013 gwiazdy nap\u0119dzaj\u0105 wyniki\"}]},{\"@type\":\"WebSite\",\"@id\":\"https:\/\/www.sotrender.com\/blog\/#website\",\"url\":\"https:\/\/www.sotrender.com\/blog\/\",\"name\":\"Sotrender Blog\",\"description\":\"\",\"potentialAction\":[{\"@type\":\"SearchAction\",\"target\":{\"@type\":\"EntryPoint\",\"urlTemplate\":\"https:\/\/www.sotrender.com\/blog\/?s={search_term_string}\"},\"query-input\":\"required name=search_term_string\"}],\"inLanguage\":\"pl-PL\"},{\"@type\":\"Person\",\"@id\":\"https:\/\/www.sotrender.com\/blog\/#\/schema\/person\/2c3d8f31a13ec8be6145f5865f25d16c\",\"name\":\"Bogna Raszowska\",\"image\":{\"@type\":\"ImageObject\",\"inLanguage\":\"pl-PL\",\"@id\":\"https:\/\/www.sotrender.com\/blog\/#\/schema\/person\/image\/\",\"url\":\"https:\/\/secure.gravatar.com\/avatar\/a9efb91eb7796ed666d24a5b58b6a6cd?s=96&d=mm&r=g\",\"contentUrl\":\"https:\/\/secure.gravatar.com\/avatar\/a9efb91eb7796ed666d24a5b58b6a6cd?s=96&d=mm&r=g\",\"caption\":\"Bogna Raszowska\"},\"description\":\"Digital marketer with a passion for copywriting, content and social media. Off the clock, I'm an avid traveler, RPG gamer, music lover, and South Korean culture enthusiast.\",\"sameAs\":[\"https:\/\/www.linkedin.com\/in\/bognaraszowska\"],\"url\":\"https:\/\/www.sotrender.com\/blog\/pl\/author\/bogna_raszowska\/\"}]}<\/script>\n<!-- \/ Yoast SEO plugin. -->","yoast_head_json":{"title":"Instagram Trends pa\u017adziernik 2025 \u2013 gwiazdy nap\u0119dzaj\u0105 wyniki","description":"Pa\u017adziernik nale\u017ca\u0142 do znanych twarzy w kampaniach modowych i festiwalowych og\u0142osze\u0144 headliner\u00f3w, kt\u00f3re rozpali\u0142y emocje u\u017cytkownik\u00f3w.","robots":{"index":"index","follow":"follow","max-snippet":"max-snippet:-1","max-image-preview":"max-image-preview:large","max-video-preview":"max-video-preview:-1"},"canonical":"https:\/\/www.sotrender.com\/blog\/pl\/2025\/11\/instagram-trends-pazdziernik-2025-gwiazdy-napedzaja-wyniki\/","og_locale":"pl_PL","og_type":"article","og_title":"Instagram Trends pa\u017adziernik 2025 \u2013 gwiazdy nap\u0119dzaj\u0105 wyniki","og_description":"Pa\u017adziernik nale\u017ca\u0142 do znanych twarzy w kampaniach modowych i festiwalowych og\u0142osze\u0144 headliner\u00f3w, kt\u00f3re rozpali\u0142y emocje u\u017cytkownik\u00f3w.","og_url":"https:\/\/www.sotrender.com\/blog\/pl\/2025\/11\/instagram-trends-pazdziernik-2025-gwiazdy-napedzaja-wyniki\/","og_site_name":"Sotrender Blog","article_publisher":"https:\/\/www.facebook.com\/Sotrender","article_published_time":"2025-11-06T10:21:27+00:00","article_modified_time":"2025-11-20T12:45:00+00:00","og_image":[{"width":1280,"height":853,"url":"https:\/\/www.sotrender.com\/blog\/wp-content\/uploads\/2025\/11\/pexels-clam-lo-1782448-3469712.jpg","type":"image\/jpeg"}],"author":"Bogna Raszowska","twitter_card":"summary_large_image","twitter_creator":"@Sotrender","twitter_site":"@Sotrender","twitter_misc":{"Written by":"Bogna Raszowska","Est. reading time":"4 minutes"},"schema":{"@context":"https:\/\/schema.org","@graph":[{"@type":"WebPage","@id":"https:\/\/www.sotrender.com\/blog\/pl\/2025\/11\/instagram-trends-pazdziernik-2025-gwiazdy-napedzaja-wyniki\/","url":"https:\/\/www.sotrender.com\/blog\/pl\/2025\/11\/instagram-trends-pazdziernik-2025-gwiazdy-napedzaja-wyniki\/","name":"Instagram Trends pa\u017adziernik 2025 \u2013 gwiazdy nap\u0119dzaj\u0105 wyniki","isPartOf":{"@id":"https:\/\/www.sotrender.com\/blog\/#website"},"primaryImageOfPage":{"@id":"https:\/\/www.sotrender.com\/blog\/pl\/2025\/11\/instagram-trends-pazdziernik-2025-gwiazdy-napedzaja-wyniki\/#primaryimage"},"image":{"@id":"https:\/\/www.sotrender.com\/blog\/pl\/2025\/11\/instagram-trends-pazdziernik-2025-gwiazdy-napedzaja-wyniki\/#primaryimage"},"thumbnailUrl":"https:\/\/www.sotrender.com\/blog\/wp-content\/uploads\/2025\/11\/pexels-clam-lo-1782448-3469712.jpg","datePublished":"2025-11-06T10:21:27+00:00","dateModified":"2025-11-20T12:45:00+00:00","author":{"@id":"https:\/\/www.sotrender.com\/blog\/#\/schema\/person\/2c3d8f31a13ec8be6145f5865f25d16c"},"description":"Pa\u017adziernik nale\u017ca\u0142 do znanych twarzy w kampaniach modowych i festiwalowych og\u0142osze\u0144 headliner\u00f3w, kt\u00f3re rozpali\u0142y emocje u\u017cytkownik\u00f3w.","breadcrumb":{"@id":"https:\/\/www.sotrender.com\/blog\/pl\/2025\/11\/instagram-trends-pazdziernik-2025-gwiazdy-napedzaja-wyniki\/#breadcrumb"},"inLanguage":"pl-PL","potentialAction":[{"@type":"ReadAction","target":["https:\/\/www.sotrender.com\/blog\/pl\/2025\/11\/instagram-trends-pazdziernik-2025-gwiazdy-napedzaja-wyniki\/"]}]},{"@type":"ImageObject","inLanguage":"pl-PL","@id":"https:\/\/www.sotrender.com\/blog\/pl\/2025\/11\/instagram-trends-pazdziernik-2025-gwiazdy-napedzaja-wyniki\/#primaryimage","url":"https:\/\/www.sotrender.com\/blog\/wp-content\/uploads\/2025\/11\/pexels-clam-lo-1782448-3469712.jpg","contentUrl":"https:\/\/www.sotrender.com\/blog\/wp-content\/uploads\/2025\/11\/pexels-clam-lo-1782448-3469712.jpg","width":1280,"height":853},{"@type":"BreadcrumbList","@id":"https:\/\/www.sotrender.com\/blog\/pl\/2025\/11\/instagram-trends-pazdziernik-2025-gwiazdy-napedzaja-wyniki\/#breadcrumb","itemListElement":[{"@type":"ListItem","position":1,"name":"Home","item":"https:\/\/www.sotrender.com\/blog\/"},{"@type":"ListItem","position":2,"name":"Instagram Trends pa\u017adziernik 2025 \u2013 gwiazdy nap\u0119dzaj\u0105 wyniki"}]},{"@type":"WebSite","@id":"https:\/\/www.sotrender.com\/blog\/#website","url":"https:\/\/www.sotrender.com\/blog\/","name":"Sotrender Blog","description":"","potentialAction":[{"@type":"SearchAction","target":{"@type":"EntryPoint","urlTemplate":"https:\/\/www.sotrender.com\/blog\/?s={search_term_string}"},"query-input":"required name=search_term_string"}],"inLanguage":"pl-PL"},{"@type":"Person","@id":"https:\/\/www.sotrender.com\/blog\/#\/schema\/person\/2c3d8f31a13ec8be6145f5865f25d16c","name":"Bogna Raszowska","image":{"@type":"ImageObject","inLanguage":"pl-PL","@id":"https:\/\/www.sotrender.com\/blog\/#\/schema\/person\/image\/","url":"https:\/\/secure.gravatar.com\/avatar\/a9efb91eb7796ed666d24a5b58b6a6cd?s=96&d=mm&r=g","contentUrl":"https:\/\/secure.gravatar.com\/avatar\/a9efb91eb7796ed666d24a5b58b6a6cd?s=96&d=mm&r=g","caption":"Bogna Raszowska"},"description":"Digital marketer with a passion for copywriting, content and social media. Off the clock, I'm an avid traveler, RPG gamer, music lover, and South Korean culture enthusiast.","sameAs":["https:\/\/www.linkedin.com\/in\/bognaraszowska"],"url":"https:\/\/www.sotrender.com\/blog\/pl\/author\/bogna_raszowska\/"}]}},"_links":{"self":[{"href":"https:\/\/www.sotrender.com\/blog\/pl\/wp-json\/wp\/v2\/posts\/56866"}],"collection":[{"href":"https:\/\/www.sotrender.com\/blog\/pl\/wp-json\/wp\/v2\/posts"}],"about":[{"href":"https:\/\/www.sotrender.com\/blog\/pl\/wp-json\/wp\/v2\/types\/post"}],"author":[{"embeddable":true,"href":"https:\/\/www.sotrender.com\/blog\/pl\/wp-json\/wp\/v2\/users\/311"}],"replies":[{"embeddable":true,"href":"https:\/\/www.sotrender.com\/blog\/pl\/wp-json\/wp\/v2\/comments?post=56866"}],"version-history":[{"count":11,"href":"https:\/\/www.sotrender.com\/blog\/pl\/wp-json\/wp\/v2\/posts\/56866\/revisions"}],"predecessor-version":[{"id":57063,"href":"https:\/\/www.sotrender.com\/blog\/pl\/wp-json\/wp\/v2\/posts\/56866\/revisions\/57063"}],"wp:featuredmedia":[{"embeddable":true,"href":"https:\/\/www.sotrender.com\/blog\/pl\/wp-json\/wp\/v2\/media\/56906"}],"wp:attachment":[{"href":"https:\/\/www.sotrender.com\/blog\/pl\/wp-json\/wp\/v2\/media?parent=56866"}],"wp:term":[{"taxonomy":"category","embeddable":true,"href":"https:\/\/www.sotrender.com\/blog\/pl\/wp-json\/wp\/v2\/categories?post=56866"},{"taxonomy":"post_tag","embeddable":true,"href":"https:\/\/www.sotrender.com\/blog\/pl\/wp-json\/wp\/v2\/tags?post=56866"}],"curies":[{"name":"wp","href":"https:\/\/api.w.org\/{rel}","templated":true}]}}