{"id":56704,"date":"2025-10-09T08:56:36","date_gmt":"2025-10-09T06:56:36","guid":{"rendered":"https:\/\/www.sotrender.com\/blog\/?p=56704"},"modified":"2025-10-17T09:13:56","modified_gmt":"2025-10-17T07:13:56","slug":"instagram-trends-wrzesien-2025-tak-sie-buduje-zaangazowanie","status":"publish","type":"post","link":"https:\/\/www.sotrender.com\/blog\/pl\/2025\/10\/instagram-trends-wrzesien-2025-tak-sie-buduje-zaangazowanie\/","title":{"rendered":"Instagram Trends wrzesie\u0144 2025 \u2013 tak si\u0119 buduje zaanga\u017cowanie"},"content":{"rendered":"\n<p>Jak sta\u0107 si\u0119 liderem zaanga\u017cowania na Instagramie?<\/p>\n\n\n\n<p>Wrzesie\u0144 przyni\u00f3s\u0142 nam kilka \u015bwietnych przyk\u0142ad\u00f3w dzia\u0142a\u0144 marketingowych marek, kt\u00f3re istotnie wp\u0142yn\u0119\u0142y na zaanga\u017cowanie na ich profilach, a co za tym idzie, r\u00f3wnie\u017c ich widoczno\u015b\u0107 w naszym raporcie Instagram Trends.<\/p>\n\n\n\n<!--more-->\n\n\n\n<p>Ciekawi szczeg\u00f3\u0142\u00f3w? Zapraszamy na raport <a href=\"https:\/\/sotrender.com\/trends\/instagram\/poland\/202509\/\" target=\"_blank\" rel=\"noreferrer noopener\">Instagram Trends wrzesie\u0144 2025<\/a>.<\/p>\n\n\n\n<figure class=\"wp-block-embed is-type-video is-provider-youtube wp-block-embed-youtube wp-embed-aspect-9-16 wp-has-aspect-ratio\"><div class=\"wp-block-embed__wrapper\">\n<iframe loading=\"lazy\" title=\"Kt\u00f3re marki wygra\u0142y na Instagramie we wrze\u015bniu? \ud83d\udcaa #socialmedia #marketing #InstagramTrends\" width=\"422\" height=\"750\" src=\"https:\/\/www.youtube.com\/embed\/RXNOqgaLQO4?feature=oembed\" frameborder=\"0\" allow=\"accelerometer; autoplay; clipboard-write; encrypted-media; gyroscope; picture-in-picture; web-share\" referrerpolicy=\"strict-origin-when-cross-origin\" allowfullscreen><\/iframe>\n<\/div><\/figure>\n\n\n\n<h2 class=\"wp-block-heading\">Zamortyzuj sw\u00f3j powr\u00f3t do domu z lumlum.led<\/h2>\n\n\n\n<p>Pierwszy przyk\u0142ad to historia o tym, jak ma\u0142y profil \u2013 o niewielkiej liczbie fan\u00f3w, wynosz\u0105cej zaledwie niespe\u0142na 3 tysi\u0105ce obserwuj\u0105cych \u2013 mo\u017ce sta\u0107 si\u0119 liderem ranking\u00f3w zaanga\u017cowania.<\/p>\n\n\n\n<p>Mowa o lumlum.led, firmie z o\u015bwietleniem LED, kt\u00f3rej jedna z rolek rozesz\u0142a si\u0119 we wrze\u015bniu viralowo.<\/p>\n\n\n\n<p>Materia\u0142 o tym, jak zamortyzowa\u0107 sw\u00f3j powr\u00f3t do domu po ci\u0119\u017ckim dniu pracy zdoby\u0142 rekordowe na profilu marki zaanga\u017cowanie \u2013 niemal 145 tys. polubie\u0144 (and counting!) i ponad 600 komentarzy.<\/p>\n\n\n\n<p>I cho\u0107 na tle np. profili medi\u00f3w mog\u0105 to si\u0119 wydawa\u0107 niespecjalnie imponuj\u0105ce warto\u015bci, rolka lumlum.led by\u0142a <a href=\"https:\/\/sotrender.com\/trends\/instagram\/poland\/202509\/marki#best_posts\" target=\"_blank\" rel=\"noreferrer noopener\">najbardziej anga\u017cuj\u0105cym postem w\u015br\u00f3d wszystkich post\u00f3w polskich marek<\/a> we wrze\u015bniu.<\/p>\n\n\n\n<figure class=\"wp-block-image size-full\"><img loading=\"lazy\" decoding=\"async\" width=\"1800\" height=\"908\" src=\"https:\/\/www.sotrender.com\/blog\/wp-content\/uploads\/2025\/10\/lumlum-led-post.png\" alt=\"lumlum led instagram post viral\" class=\"wp-image-56705\" srcset=\"https:\/\/www.sotrender.com\/blog\/wp-content\/uploads\/2025\/10\/lumlum-led-post.png 1800w, https:\/\/www.sotrender.com\/blog\/wp-content\/uploads\/2025\/10\/lumlum-led-post-475x240.png 475w, https:\/\/www.sotrender.com\/blog\/wp-content\/uploads\/2025\/10\/lumlum-led-post-768x387.png 768w, https:\/\/www.sotrender.com\/blog\/wp-content\/uploads\/2025\/10\/lumlum-led-post-1536x775.png 1536w\" sizes=\"(max-width: 1800px) 100vw, 1800px\" \/><figcaption class=\"wp-element-caption\"><a href=\"https:\/\/sotrender.com\/trends\/instagram\/poland\/202509\/marki#best_posts\" target=\"_blank\" rel=\"noreferrer noopener\">Najbardziej anga\u017cuj\u0105ce posty w kategorii Marki<\/a> na Instagramie | wrzesie\u0144 2025<\/figcaption><\/figure>\n\n\n\n<p>Lumlum.led znalaz\u0142o si\u0119 dodatkowo na 6. miejscu w rankingu <a href=\"https:\/\/sotrender.com\/trends\/instagram\/poland\/202509\/marki#engagement\" target=\"_blank\" rel=\"noreferrer noopener\">zaanga\u017cowania<\/a> w ca\u0142ej kategorii marki, wyprzedzaj\u0105cym tym samym gigant\u00f3w takich jak IKEA, Sinsay, Pepco czy Rossmann.<\/p>\n\n\n\n<figure class=\"wp-block-image size-full\"><img loading=\"lazy\" decoding=\"async\" width=\"2476\" height=\"978\" src=\"https:\/\/www.sotrender.com\/blog\/wp-content\/uploads\/2025\/10\/lumlum-led-zaangazowanie.png\" alt=\"lumlum led zaanga\u017cowanie\" class=\"wp-image-56707\" srcset=\"https:\/\/www.sotrender.com\/blog\/wp-content\/uploads\/2025\/10\/lumlum-led-zaangazowanie.png 2476w, https:\/\/www.sotrender.com\/blog\/wp-content\/uploads\/2025\/10\/lumlum-led-zaangazowanie-475x188.png 475w, https:\/\/www.sotrender.com\/blog\/wp-content\/uploads\/2025\/10\/lumlum-led-zaangazowanie-768x303.png 768w, https:\/\/www.sotrender.com\/blog\/wp-content\/uploads\/2025\/10\/lumlum-led-zaangazowanie-1536x607.png 1536w, https:\/\/www.sotrender.com\/blog\/wp-content\/uploads\/2025\/10\/lumlum-led-zaangazowanie-2048x809.png 2048w\" sizes=\"(max-width: 2476px) 100vw, 2476px\" \/><figcaption class=\"wp-element-caption\"><a href=\"https:\/\/sotrender.com\/trends\/instagram\/poland\/202509\/marki#engagement\" target=\"_blank\" rel=\"noreferrer noopener\">Marki z najwi\u0119kszym zaanga\u017cowaniem na Instagramie<\/a> | wrzesie\u0144 2025<\/figcaption><\/figure>\n\n\n\n<h2 class=\"wp-block-heading\">Przepis na sukces? Wsp\u00f3\u0142praca z TOP influencerem<\/h2>\n\n\n\n<p>W \u015bwiecie beauty we wrze\u015bniu swoje premiery mia\u0142y z kolei g\u0142o\u015bne wsp\u00f3\u0142prace z influencerami.<\/p>\n\n\n\n<p>Pierwsz\u0105 z nich by\u0142a m\u0142odzie\u017cowa kolekcja marki Selfie Project z DRE$$CODE, kt\u00f3ra jest dost\u0119pna w Rossmannie.<\/p>\n\n\n\n<p>Premiera kosmetyk\u00f3w wzbudzi\u0142a niema\u0142e zaanga\u017cowanie na Instagramie. W\u015br\u00f3d wszystkich marek kosmetycznych, profil Selfie Project awansowa\u0142 o 60 pozycji na wysokie 11. miejsce w rankingu <a href=\"https:\/\/sotrender.com\/trends\/instagram\/poland\/202509\/marki\/marki_kosmetyki#engagement\" target=\"_blank\" rel=\"noreferrer noopener\">zaanga\u017cowania<\/a>.<\/p>\n\n\n\n<figure class=\"wp-block-image size-full\"><img loading=\"lazy\" decoding=\"async\" width=\"2372\" height=\"338\" src=\"https:\/\/www.sotrender.com\/blog\/wp-content\/uploads\/2025\/10\/selfie-project-zaangazowanie.png\" alt=\"selfie project dresscode wsp\u00f3\u0142praca instagram\" class=\"wp-image-56711\" srcset=\"https:\/\/www.sotrender.com\/blog\/wp-content\/uploads\/2025\/10\/selfie-project-zaangazowanie.png 2372w, https:\/\/www.sotrender.com\/blog\/wp-content\/uploads\/2025\/10\/selfie-project-zaangazowanie-475x68.png 475w, https:\/\/www.sotrender.com\/blog\/wp-content\/uploads\/2025\/10\/selfie-project-zaangazowanie-768x109.png 768w, https:\/\/www.sotrender.com\/blog\/wp-content\/uploads\/2025\/10\/selfie-project-zaangazowanie-1536x219.png 1536w, https:\/\/www.sotrender.com\/blog\/wp-content\/uploads\/2025\/10\/selfie-project-zaangazowanie-2048x292.png 2048w\" sizes=\"(max-width: 2372px) 100vw, 2372px\" \/><figcaption class=\"wp-element-caption\"><a href=\"https:\/\/sotrender.com\/trends\/instagram\/poland\/202509\/marki\/marki_kosmetyki#engagement\">Marki kosmetyczne z najwi\u0119kszym zaanga\u017cowaniem<\/a> na Instagramie | wrzesie\u0144 2025<\/figcaption><\/figure>\n\n\n\n<p>Kolejny collab nale\u017ca\u0142 do BrushUp Cosmetics z Maxineczk\u0105. Wraz z premier\u0105 najnowszej kolekcji stworzonej we wsp\u00f3\u0142pracy z influencerk\u0105, na profilu marki wystartowa\u0142 konkurs, w kt\u00f3rym do wygrania by\u0142a ca\u0142a kolekcja Maxineczki.&nbsp;<\/p>\n\n\n\n<figure class=\"wp-block-image size-full\"><img loading=\"lazy\" decoding=\"async\" width=\"1800\" height=\"924\" src=\"https:\/\/www.sotrender.com\/blog\/wp-content\/uploads\/2025\/10\/selfie-project-zaangazowanie-maxineczka-konkurs.png\" alt=\"maxineczka brushup kolekcja konkurs \" class=\"wp-image-56715\" srcset=\"https:\/\/www.sotrender.com\/blog\/wp-content\/uploads\/2025\/10\/selfie-project-zaangazowanie-maxineczka-konkurs.png 1800w, https:\/\/www.sotrender.com\/blog\/wp-content\/uploads\/2025\/10\/selfie-project-zaangazowanie-maxineczka-konkurs-475x244.png 475w, https:\/\/www.sotrender.com\/blog\/wp-content\/uploads\/2025\/10\/selfie-project-zaangazowanie-maxineczka-konkurs-768x394.png 768w, https:\/\/www.sotrender.com\/blog\/wp-content\/uploads\/2025\/10\/selfie-project-zaangazowanie-maxineczka-konkurs-1536x788.png 1536w\" sizes=\"(max-width: 1800px) 100vw, 1800px\" \/><figcaption class=\"wp-element-caption\"><a href=\"https:\/\/sotrender.com\/trends\/instagram\/poland\/202509\/marki\/marki_kosmetyki\/marki_makijaz#best_posts\" target=\"_blank\" rel=\"noreferrer noopener\">Najbardziej anga\u017cuj\u0105ce posty w kategorii Makija\u017c<\/a> na Instagramie | wrzesie\u0144 2025<\/figcaption><\/figure>\n\n\n\n<p>W\u015br\u00f3d najbardziej anga\u017cuj\u0105cych post\u00f3w w kategorii <a href=\"https:\/\/sotrender.com\/trends\/instagram\/poland\/202509\/marki\/marki_kosmetyki\/marki_makijaz#best_posts\" target=\"_blank\" rel=\"noreferrer noopener\">Makija\u017c<\/a> znalaz\u0142y si\u0119 dwa posty BrushUp, w tym post konkursowy.<\/p>\n\n\n\n<p>Z kolei w\u015br\u00f3d wszystkich profili marek kosmetycznych profil BrushUp awansowa\u0142 do TOP20 pod wzgl\u0119dem <a href=\"https:\/\/sotrender.com\/trends\/instagram\/poland\/202509\/marki\/marki_kosmetyki#engagement\" target=\"_blank\" rel=\"noreferrer noopener\">zaanga\u017cowania<\/a> (awans o 181 miejsc).<\/p>\n\n\n\n<figure class=\"wp-block-image size-full\"><img loading=\"lazy\" decoding=\"async\" width=\"2382\" height=\"430\" src=\"https:\/\/www.sotrender.com\/blog\/wp-content\/uploads\/2025\/10\/brush-up-zaangazowanie.png\" alt=\"brushup zaanga\u017cowanie instagram maxineczka\" class=\"wp-image-56713\" srcset=\"https:\/\/www.sotrender.com\/blog\/wp-content\/uploads\/2025\/10\/brush-up-zaangazowanie.png 2382w, https:\/\/www.sotrender.com\/blog\/wp-content\/uploads\/2025\/10\/brush-up-zaangazowanie-475x86.png 475w, https:\/\/www.sotrender.com\/blog\/wp-content\/uploads\/2025\/10\/brush-up-zaangazowanie-768x139.png 768w, https:\/\/www.sotrender.com\/blog\/wp-content\/uploads\/2025\/10\/brush-up-zaangazowanie-1536x277.png 1536w, https:\/\/www.sotrender.com\/blog\/wp-content\/uploads\/2025\/10\/brush-up-zaangazowanie-2048x370.png 2048w\" sizes=\"(max-width: 2382px) 100vw, 2382px\" \/><figcaption class=\"wp-element-caption\"><a href=\"https:\/\/sotrender.com\/trends\/instagram\/poland\/202509\/marki\/marki_kosmetyki#engagement\" target=\"_blank\" rel=\"noreferrer noopener\">Marki kosmetyczne z najwi\u0119kszym zaanga\u017cowaniem<\/a> na Instagramie | wrzesie\u0144 2025<\/figcaption><\/figure>\n\n\n\n<h2 class=\"wp-block-heading\">Rozta\u0144czeni Polacy na Narodowym<\/h2>\n\n\n\n<p>Prawdziwym hitem by\u0142a r\u00f3wnie\u017c kolejna edycja wydarzenia Rozta\u0144czony PGE Narodowy. Event, kt\u00f3rego jednymi z prowadz\u0105cych by\u0142y Siostry ADiHD, i na kt\u00f3rym wyst\u0105pi\u0142y gwiazdy takie jak np. Doda czy Caroline Derpienski, by\u0142 <a href=\"https:\/\/sotrender.com\/trends\/instagram\/poland\/202509\/wydarzenia#engagement\" target=\"_blank\" rel=\"noreferrer noopener\">najbardziej anga\u017cuj\u0105cym wydarzeniem na Instagramie we wrze\u015bniu<\/a>.<\/p>\n\n\n\n<figure class=\"wp-block-image size-full\"><img loading=\"lazy\" decoding=\"async\" width=\"2458\" height=\"702\" src=\"https:\/\/www.sotrender.com\/blog\/wp-content\/uploads\/2025\/10\/roztanczony-narodowy-zaangazowanie.png\" alt=\"rozta\u0144czony narodowy instagram zaanga\u017cowanie\" class=\"wp-image-56709\" srcset=\"https:\/\/www.sotrender.com\/blog\/wp-content\/uploads\/2025\/10\/roztanczony-narodowy-zaangazowanie.png 2458w, https:\/\/www.sotrender.com\/blog\/wp-content\/uploads\/2025\/10\/roztanczony-narodowy-zaangazowanie-475x136.png 475w, https:\/\/www.sotrender.com\/blog\/wp-content\/uploads\/2025\/10\/roztanczony-narodowy-zaangazowanie-768x219.png 768w, https:\/\/www.sotrender.com\/blog\/wp-content\/uploads\/2025\/10\/roztanczony-narodowy-zaangazowanie-1536x439.png 1536w, https:\/\/www.sotrender.com\/blog\/wp-content\/uploads\/2025\/10\/roztanczony-narodowy-zaangazowanie-2048x585.png 2048w\" sizes=\"(max-width: 2458px) 100vw, 2458px\" \/><figcaption class=\"wp-element-caption\"><a href=\"https:\/\/sotrender.com\/trends\/instagram\/poland\/202509\/wydarzenia#engagement\" target=\"_blank\" rel=\"noreferrer noopener\">Wydarzenia z najwi\u0119kszym zaanga\u017cowaniem na Instagramie<\/a> | wrzesie\u0144 2025<\/figcaption><\/figure>\n\n\n\n<p>W\u015br\u00f3d najbardziej anga\u017cuj\u0105cych post\u00f3w w kategorii <a href=\"https:\/\/sotrender.com\/trends\/instagram\/poland\/202509\/wydarzenia#best_posts\" target=\"_blank\" rel=\"noreferrer noopener\">Wydarzenia<\/a> a\u017c 6 opublikowano na profilu Rozta\u0144czony PGE Narodowy.<\/p>\n\n\n\n<h2 class=\"wp-block-heading\">Instagram Trends wrzesie\u0144 2025<\/h2>\n\n\n\n<p>To wszystko, co przygotowali\u015bmy dla Was w tym miesi\u0105cu. Zach\u0119camy do sprawdzenia pe\u0142nego wydania <a href=\"https:\/\/sotrender.com\/trends\/instagram\/poland\/202509\/\" target=\"_blank\" rel=\"noreferrer noopener\">wrze\u015bniowego raportu Instagram Trends<\/a>, a tak\u017ce <a href=\"https:\/\/www.sotrender.com\/blog\/pl\/2025\/10\/facebook-trends-wrzesien-2025-szlachecka-inspiracja\/\" target=\"_blank\" rel=\"noreferrer noopener\">Facebook Trends<\/a>.<\/p>\n","protected":false},"excerpt":{"rendered":"<p>Jak sta\u0107 si\u0119 liderem zaanga\u017cowania na Instagramie? Wrzesie\u0144 przyni\u00f3s\u0142 nam kilka \u015bwietnych przyk\u0142ad\u00f3w dzia\u0142a\u0144 marketingowych marek, kt\u00f3re istotnie wp\u0142yn\u0119\u0142y na zaanga\u017cowanie na ich profilach, a co za tym idzie, r\u00f3wnie\u017c ich widoczno\u015b\u0107 w naszym raporcie Instagram Trends.<\/p>\n","protected":false},"author":89,"featured_media":56718,"comment_status":"closed","ping_status":"open","sticky":false,"template":"","format":"standard","meta":{"inline_featured_image":false,"footnotes":""},"categories":[1791,1803],"tags":[675,2057,2073,2643],"yoast_head":"<!-- This site is optimized with the Yoast SEO plugin v22.4 - https:\/\/yoast.com\/wordpress\/plugins\/seo\/ -->\n<title>Instagram Trends wrzesie\u0144 2025 \u2013 tak si\u0119 buduje zaanga\u017cowanie<\/title>\n<meta name=\"description\" content=\"Jak sta\u0107 si\u0119 liderem zaanga\u017cowania na Instagramie? Oto przegl\u0105d dzia\u0142a\u0144 marek, kt\u00f3rym we wrze\u015bniu si\u0119 to uda\u0142o.\" \/>\n<meta name=\"robots\" content=\"index, follow, max-snippet:-1, max-image-preview:large, max-video-preview:-1\" \/>\n<link rel=\"canonical\" href=\"https:\/\/www.sotrender.com\/blog\/pl\/2025\/10\/instagram-trends-wrzesien-2025-tak-sie-buduje-zaangazowanie\/\" \/>\n<meta property=\"og:locale\" content=\"pl_PL\" \/>\n<meta property=\"og:type\" content=\"article\" \/>\n<meta property=\"og:title\" content=\"Instagram Trends wrzesie\u0144 2025 \u2013 tak si\u0119 buduje zaanga\u017cowanie\" \/>\n<meta property=\"og:description\" content=\"Jak sta\u0107 si\u0119 liderem zaanga\u017cowania na Instagramie? Oto przegl\u0105d dzia\u0142a\u0144 marek, kt\u00f3rym we wrze\u015bniu si\u0119 to uda\u0142o.\" \/>\n<meta property=\"og:url\" content=\"https:\/\/www.sotrender.com\/blog\/pl\/2025\/10\/instagram-trends-wrzesien-2025-tak-sie-buduje-zaangazowanie\/\" \/>\n<meta property=\"og:site_name\" content=\"Sotrender Blog\" \/>\n<meta property=\"article:publisher\" content=\"https:\/\/www.facebook.com\/Sotrender\" \/>\n<meta property=\"article:published_time\" content=\"2025-10-09T06:56:36+00:00\" \/>\n<meta property=\"article:modified_time\" content=\"2025-10-17T07:13:56+00:00\" \/>\n<meta property=\"og:image\" content=\"https:\/\/www.sotrender.com\/blog\/wp-content\/uploads\/2025\/10\/falling-down.jpg\" \/>\n\t<meta property=\"og:image:width\" content=\"1280\" \/>\n\t<meta property=\"og:image:height\" content=\"1707\" \/>\n\t<meta property=\"og:image:type\" content=\"image\/jpeg\" \/>\n<meta name=\"author\" content=\"Klaudia \u017by\u0142ka\" \/>\n<meta name=\"twitter:card\" content=\"summary_large_image\" \/>\n<meta name=\"twitter:creator\" content=\"@Sotrender\" \/>\n<meta name=\"twitter:site\" content=\"@Sotrender\" \/>\n<meta name=\"twitter:label1\" content=\"Written by\" \/>\n\t<meta name=\"twitter:data1\" content=\"Klaudia \u017by\u0142ka\" \/>\n\t<meta name=\"twitter:label2\" content=\"Est. reading time\" \/>\n\t<meta name=\"twitter:data2\" content=\"4 minutes\" \/>\n<script type=\"application\/ld+json\" class=\"yoast-schema-graph\">{\"@context\":\"https:\/\/schema.org\",\"@graph\":[{\"@type\":\"WebPage\",\"@id\":\"https:\/\/www.sotrender.com\/blog\/pl\/2025\/10\/instagram-trends-wrzesien-2025-tak-sie-buduje-zaangazowanie\/\",\"url\":\"https:\/\/www.sotrender.com\/blog\/pl\/2025\/10\/instagram-trends-wrzesien-2025-tak-sie-buduje-zaangazowanie\/\",\"name\":\"Instagram Trends wrzesie\u0144 2025 \u2013 tak si\u0119 buduje zaanga\u017cowanie\",\"isPartOf\":{\"@id\":\"https:\/\/www.sotrender.com\/blog\/#website\"},\"primaryImageOfPage\":{\"@id\":\"https:\/\/www.sotrender.com\/blog\/pl\/2025\/10\/instagram-trends-wrzesien-2025-tak-sie-buduje-zaangazowanie\/#primaryimage\"},\"image\":{\"@id\":\"https:\/\/www.sotrender.com\/blog\/pl\/2025\/10\/instagram-trends-wrzesien-2025-tak-sie-buduje-zaangazowanie\/#primaryimage\"},\"thumbnailUrl\":\"https:\/\/www.sotrender.com\/blog\/wp-content\/uploads\/2025\/10\/falling-down.jpg\",\"datePublished\":\"2025-10-09T06:56:36+00:00\",\"dateModified\":\"2025-10-17T07:13:56+00:00\",\"author\":{\"@id\":\"https:\/\/www.sotrender.com\/blog\/#\/schema\/person\/038ac5e276c5d102d8cbb9c36cd43416\"},\"description\":\"Jak sta\u0107 si\u0119 liderem zaanga\u017cowania na Instagramie? Oto przegl\u0105d dzia\u0142a\u0144 marek, kt\u00f3rym we wrze\u015bniu si\u0119 to uda\u0142o.\",\"breadcrumb\":{\"@id\":\"https:\/\/www.sotrender.com\/blog\/pl\/2025\/10\/instagram-trends-wrzesien-2025-tak-sie-buduje-zaangazowanie\/#breadcrumb\"},\"inLanguage\":\"pl-PL\",\"potentialAction\":[{\"@type\":\"ReadAction\",\"target\":[\"https:\/\/www.sotrender.com\/blog\/pl\/2025\/10\/instagram-trends-wrzesien-2025-tak-sie-buduje-zaangazowanie\/\"]}]},{\"@type\":\"ImageObject\",\"inLanguage\":\"pl-PL\",\"@id\":\"https:\/\/www.sotrender.com\/blog\/pl\/2025\/10\/instagram-trends-wrzesien-2025-tak-sie-buduje-zaangazowanie\/#primaryimage\",\"url\":\"https:\/\/www.sotrender.com\/blog\/wp-content\/uploads\/2025\/10\/falling-down.jpg\",\"contentUrl\":\"https:\/\/www.sotrender.com\/blog\/wp-content\/uploads\/2025\/10\/falling-down.jpg\",\"width\":1280,\"height\":1707},{\"@type\":\"BreadcrumbList\",\"@id\":\"https:\/\/www.sotrender.com\/blog\/pl\/2025\/10\/instagram-trends-wrzesien-2025-tak-sie-buduje-zaangazowanie\/#breadcrumb\",\"itemListElement\":[{\"@type\":\"ListItem\",\"position\":1,\"name\":\"Home\",\"item\":\"https:\/\/www.sotrender.com\/blog\/\"},{\"@type\":\"ListItem\",\"position\":2,\"name\":\"Instagram Trends wrzesie\u0144 2025 \u2013 tak si\u0119 buduje zaanga\u017cowanie\"}]},{\"@type\":\"WebSite\",\"@id\":\"https:\/\/www.sotrender.com\/blog\/#website\",\"url\":\"https:\/\/www.sotrender.com\/blog\/\",\"name\":\"Sotrender Blog\",\"description\":\"\",\"potentialAction\":[{\"@type\":\"SearchAction\",\"target\":{\"@type\":\"EntryPoint\",\"urlTemplate\":\"https:\/\/www.sotrender.com\/blog\/?s={search_term_string}\"},\"query-input\":\"required name=search_term_string\"}],\"inLanguage\":\"pl-PL\"},{\"@type\":\"Person\",\"@id\":\"https:\/\/www.sotrender.com\/blog\/#\/schema\/person\/038ac5e276c5d102d8cbb9c36cd43416\",\"name\":\"Klaudia \u017by\u0142ka\",\"image\":{\"@type\":\"ImageObject\",\"inLanguage\":\"pl-PL\",\"@id\":\"https:\/\/www.sotrender.com\/blog\/#\/schema\/person\/image\/\",\"url\":\"https:\/\/secure.gravatar.com\/avatar\/f55d5d49ce3c448e1ffde0ab078d84cd?s=96&d=mm&r=g\",\"contentUrl\":\"https:\/\/secure.gravatar.com\/avatar\/f55d5d49ce3c448e1ffde0ab078d84cd?s=96&d=mm&r=g\",\"caption\":\"Klaudia \u017by\u0142ka\"},\"description\":\"Instagram, dogs, books and food lover. Former student at Warsaw University and Malm\u00f6 University. Improving her marketing skills every day. Proud owner of DIMAQ certificate\",\"sameAs\":[\"https:\/\/www.linkedin.com\/in\/klaudia-\u017cy\u0142ka-17527779\"],\"url\":\"https:\/\/www.sotrender.com\/blog\/pl\/author\/klaudia_yka\/\"}]}<\/script>\n<!-- \/ Yoast SEO plugin. -->","yoast_head_json":{"title":"Instagram Trends wrzesie\u0144 2025 \u2013 tak si\u0119 buduje zaanga\u017cowanie","description":"Jak sta\u0107 si\u0119 liderem zaanga\u017cowania na Instagramie? Oto przegl\u0105d dzia\u0142a\u0144 marek, kt\u00f3rym we wrze\u015bniu si\u0119 to uda\u0142o.","robots":{"index":"index","follow":"follow","max-snippet":"max-snippet:-1","max-image-preview":"max-image-preview:large","max-video-preview":"max-video-preview:-1"},"canonical":"https:\/\/www.sotrender.com\/blog\/pl\/2025\/10\/instagram-trends-wrzesien-2025-tak-sie-buduje-zaangazowanie\/","og_locale":"pl_PL","og_type":"article","og_title":"Instagram Trends wrzesie\u0144 2025 \u2013 tak si\u0119 buduje zaanga\u017cowanie","og_description":"Jak sta\u0107 si\u0119 liderem zaanga\u017cowania na Instagramie? Oto przegl\u0105d dzia\u0142a\u0144 marek, kt\u00f3rym we wrze\u015bniu si\u0119 to uda\u0142o.","og_url":"https:\/\/www.sotrender.com\/blog\/pl\/2025\/10\/instagram-trends-wrzesien-2025-tak-sie-buduje-zaangazowanie\/","og_site_name":"Sotrender Blog","article_publisher":"https:\/\/www.facebook.com\/Sotrender","article_published_time":"2025-10-09T06:56:36+00:00","article_modified_time":"2025-10-17T07:13:56+00:00","og_image":[{"width":1280,"height":1707,"url":"https:\/\/www.sotrender.com\/blog\/wp-content\/uploads\/2025\/10\/falling-down.jpg","type":"image\/jpeg"}],"author":"Klaudia \u017by\u0142ka","twitter_card":"summary_large_image","twitter_creator":"@Sotrender","twitter_site":"@Sotrender","twitter_misc":{"Written by":"Klaudia \u017by\u0142ka","Est. reading time":"4 minutes"},"schema":{"@context":"https:\/\/schema.org","@graph":[{"@type":"WebPage","@id":"https:\/\/www.sotrender.com\/blog\/pl\/2025\/10\/instagram-trends-wrzesien-2025-tak-sie-buduje-zaangazowanie\/","url":"https:\/\/www.sotrender.com\/blog\/pl\/2025\/10\/instagram-trends-wrzesien-2025-tak-sie-buduje-zaangazowanie\/","name":"Instagram Trends wrzesie\u0144 2025 \u2013 tak si\u0119 buduje zaanga\u017cowanie","isPartOf":{"@id":"https:\/\/www.sotrender.com\/blog\/#website"},"primaryImageOfPage":{"@id":"https:\/\/www.sotrender.com\/blog\/pl\/2025\/10\/instagram-trends-wrzesien-2025-tak-sie-buduje-zaangazowanie\/#primaryimage"},"image":{"@id":"https:\/\/www.sotrender.com\/blog\/pl\/2025\/10\/instagram-trends-wrzesien-2025-tak-sie-buduje-zaangazowanie\/#primaryimage"},"thumbnailUrl":"https:\/\/www.sotrender.com\/blog\/wp-content\/uploads\/2025\/10\/falling-down.jpg","datePublished":"2025-10-09T06:56:36+00:00","dateModified":"2025-10-17T07:13:56+00:00","author":{"@id":"https:\/\/www.sotrender.com\/blog\/#\/schema\/person\/038ac5e276c5d102d8cbb9c36cd43416"},"description":"Jak sta\u0107 si\u0119 liderem zaanga\u017cowania na Instagramie? Oto przegl\u0105d dzia\u0142a\u0144 marek, kt\u00f3rym we wrze\u015bniu si\u0119 to uda\u0142o.","breadcrumb":{"@id":"https:\/\/www.sotrender.com\/blog\/pl\/2025\/10\/instagram-trends-wrzesien-2025-tak-sie-buduje-zaangazowanie\/#breadcrumb"},"inLanguage":"pl-PL","potentialAction":[{"@type":"ReadAction","target":["https:\/\/www.sotrender.com\/blog\/pl\/2025\/10\/instagram-trends-wrzesien-2025-tak-sie-buduje-zaangazowanie\/"]}]},{"@type":"ImageObject","inLanguage":"pl-PL","@id":"https:\/\/www.sotrender.com\/blog\/pl\/2025\/10\/instagram-trends-wrzesien-2025-tak-sie-buduje-zaangazowanie\/#primaryimage","url":"https:\/\/www.sotrender.com\/blog\/wp-content\/uploads\/2025\/10\/falling-down.jpg","contentUrl":"https:\/\/www.sotrender.com\/blog\/wp-content\/uploads\/2025\/10\/falling-down.jpg","width":1280,"height":1707},{"@type":"BreadcrumbList","@id":"https:\/\/www.sotrender.com\/blog\/pl\/2025\/10\/instagram-trends-wrzesien-2025-tak-sie-buduje-zaangazowanie\/#breadcrumb","itemListElement":[{"@type":"ListItem","position":1,"name":"Home","item":"https:\/\/www.sotrender.com\/blog\/"},{"@type":"ListItem","position":2,"name":"Instagram Trends wrzesie\u0144 2025 \u2013 tak si\u0119 buduje zaanga\u017cowanie"}]},{"@type":"WebSite","@id":"https:\/\/www.sotrender.com\/blog\/#website","url":"https:\/\/www.sotrender.com\/blog\/","name":"Sotrender Blog","description":"","potentialAction":[{"@type":"SearchAction","target":{"@type":"EntryPoint","urlTemplate":"https:\/\/www.sotrender.com\/blog\/?s={search_term_string}"},"query-input":"required name=search_term_string"}],"inLanguage":"pl-PL"},{"@type":"Person","@id":"https:\/\/www.sotrender.com\/blog\/#\/schema\/person\/038ac5e276c5d102d8cbb9c36cd43416","name":"Klaudia \u017by\u0142ka","image":{"@type":"ImageObject","inLanguage":"pl-PL","@id":"https:\/\/www.sotrender.com\/blog\/#\/schema\/person\/image\/","url":"https:\/\/secure.gravatar.com\/avatar\/f55d5d49ce3c448e1ffde0ab078d84cd?s=96&d=mm&r=g","contentUrl":"https:\/\/secure.gravatar.com\/avatar\/f55d5d49ce3c448e1ffde0ab078d84cd?s=96&d=mm&r=g","caption":"Klaudia \u017by\u0142ka"},"description":"Instagram, dogs, books and food lover. Former student at Warsaw University and Malm\u00f6 University. Improving her marketing skills every day. Proud owner of DIMAQ certificate","sameAs":["https:\/\/www.linkedin.com\/in\/klaudia-\u017cy\u0142ka-17527779"],"url":"https:\/\/www.sotrender.com\/blog\/pl\/author\/klaudia_yka\/"}]}},"_links":{"self":[{"href":"https:\/\/www.sotrender.com\/blog\/pl\/wp-json\/wp\/v2\/posts\/56704"}],"collection":[{"href":"https:\/\/www.sotrender.com\/blog\/pl\/wp-json\/wp\/v2\/posts"}],"about":[{"href":"https:\/\/www.sotrender.com\/blog\/pl\/wp-json\/wp\/v2\/types\/post"}],"author":[{"embeddable":true,"href":"https:\/\/www.sotrender.com\/blog\/pl\/wp-json\/wp\/v2\/users\/89"}],"replies":[{"embeddable":true,"href":"https:\/\/www.sotrender.com\/blog\/pl\/wp-json\/wp\/v2\/comments?post=56704"}],"version-history":[{"count":5,"href":"https:\/\/www.sotrender.com\/blog\/pl\/wp-json\/wp\/v2\/posts\/56704\/revisions"}],"predecessor-version":[{"id":56768,"href":"https:\/\/www.sotrender.com\/blog\/pl\/wp-json\/wp\/v2\/posts\/56704\/revisions\/56768"}],"wp:featuredmedia":[{"embeddable":true,"href":"https:\/\/www.sotrender.com\/blog\/pl\/wp-json\/wp\/v2\/media\/56718"}],"wp:attachment":[{"href":"https:\/\/www.sotrender.com\/blog\/pl\/wp-json\/wp\/v2\/media?parent=56704"}],"wp:term":[{"taxonomy":"category","embeddable":true,"href":"https:\/\/www.sotrender.com\/blog\/pl\/wp-json\/wp\/v2\/categories?post=56704"},{"taxonomy":"post_tag","embeddable":true,"href":"https:\/\/www.sotrender.com\/blog\/pl\/wp-json\/wp\/v2\/tags?post=56704"}],"curies":[{"name":"wp","href":"https:\/\/api.w.org\/{rel}","templated":true}]}}