{"id":56655,"date":"2025-10-07T10:47:25","date_gmt":"2025-10-07T08:47:25","guid":{"rendered":"https:\/\/www.sotrender.com\/blog\/?p=56655"},"modified":"2025-10-15T14:33:14","modified_gmt":"2025-10-15T12:33:14","slug":"facebook-trends-wrzesien-2025-szlachecka-inspiracja","status":"publish","type":"post","link":"https:\/\/www.sotrender.com\/blog\/pl\/2025\/10\/facebook-trends-wrzesien-2025-szlachecka-inspiracja\/","title":{"rendered":"Facebook Trends wrzesie\u0144 2025 \u2013 szlachecka inspiracja"},"content":{"rendered":"\n<p>W tym miesi\u0105cu na Facebooku sporo marek nawi\u0105zywa\u0142o w swojej komunikacji do powrotu serialowego hitu Netflixa.<\/p>\n\n\n\n<!--more-->\n\n\n\n<p>Co jeszcze przykuwa\u0142o uwag\u0119 u\u017cytkownik\u00f3w?&nbsp;<\/p>\n\n\n\n<p>Zapraszamy na raport&nbsp;<a href=\"https:\/\/www.sotrender.com\/trends\/facebook\/poland\/202509\" target=\"_blank\" rel=\"noreferrer noopener\">Facebook Trends wrzesie\u0144 2025<\/a>!<\/p>\n\n\n\n<p>\u2139\ufe0f Od <strong>1 listopada 2025<\/strong> wchodz\u0105 w \u017cycie zmiany w API Facebooka, kt\u00f3re wp\u0142ywaj\u0105 na dost\u0119pno\u015b\u0107 danych. W kolejnych raportach Trends metryka <strong>Fani<\/strong> zostanie wi\u0119c zast\u0105piona metryk\u0105 <strong>Obserwuj\u0105cy<\/strong>.<\/p>\n\n\n\n<figure class=\"wp-block-embed aligncenter is-type-video is-provider-youtube wp-block-embed-youtube wp-embed-aspect-9-16 wp-has-aspect-ratio\"><div class=\"wp-block-embed__wrapper\">\n<iframe loading=\"lazy\" title=\"Kt\u00f3re marki podbi\u0142y Facebooka we wrze\u015bniu? \ud83d\udc51 #socialmedia #marketing #FacebookTrends\" width=\"422\" height=\"750\" src=\"https:\/\/www.youtube.com\/embed\/jwMdgGbKOqI?feature=oembed\" frameborder=\"0\" allow=\"accelerometer; autoplay; clipboard-write; encrypted-media; gyroscope; picture-in-picture; web-share\" referrerpolicy=\"strict-origin-when-cross-origin\" allowfullscreen><\/iframe>\n<\/div><\/figure>\n\n\n\n<h2 class=\"wp-block-heading\">1670 powod\u00f3w<\/h2>\n\n\n\n<p>Wrzesie\u0144 up\u0142yn\u0105\u0142 pod znakiem premiery drugiego sezonu hitowego serialu Netflixa \u201e1670\u201d. Marki ch\u0119tnie inspirowa\u0142y si\u0119 jego popularno\u015bci\u0105, co wyra\u017anie by\u0142o wida\u0107 w ich dzia\u0142aniach w social mediach.<\/p>\n\n\n\n<p>Marka G\u00f3ralki opublikowa\u0142a post inspirowany serialem, kt\u00f3ry trafi\u0142 do zestawienia najlepszych tre\u015bci miesi\u0105ca w kategorii FMCG. Dzi\u0119ki temu profil zanotowa\u0142 spektakularny wzrost \u2013 awansowa\u0142 a\u017c o 97 pozycji w <a href=\"https:\/\/www.sotrender.com\/trends\/facebook\/poland\/202509\/fmcg#engagement\" target=\"_blank\" rel=\"noreferrer noopener\">rankingu aktywno\u015bci u\u017cytkownik\u00f3w<\/a>, zajmuj\u0105c finalnie 3. miejsce.<\/p>\n\n\n<div class=\"wp-block-image\">\n<figure class=\"aligncenter size-full\"><img loading=\"lazy\" decoding=\"async\" width=\"2364\" height=\"1034\" src=\"https:\/\/www.sotrender.com\/blog\/wp-content\/uploads\/2025\/10\/Zrzut-ekranu-2025-10-7-o-00.46.22-min.png\" alt=\"Najlepsze posty na Facebooku w kategorii FMCG\u00a0wrzesie\u0144 2025 r.\" class=\"wp-image-56673\" srcset=\"https:\/\/www.sotrender.com\/blog\/wp-content\/uploads\/2025\/10\/Zrzut-ekranu-2025-10-7-o-00.46.22-min.png 2364w, https:\/\/www.sotrender.com\/blog\/wp-content\/uploads\/2025\/10\/Zrzut-ekranu-2025-10-7-o-00.46.22-min-475x208.png 475w, https:\/\/www.sotrender.com\/blog\/wp-content\/uploads\/2025\/10\/Zrzut-ekranu-2025-10-7-o-00.46.22-min-768x336.png 768w, https:\/\/www.sotrender.com\/blog\/wp-content\/uploads\/2025\/10\/Zrzut-ekranu-2025-10-7-o-00.46.22-min-1536x672.png 1536w, https:\/\/www.sotrender.com\/blog\/wp-content\/uploads\/2025\/10\/Zrzut-ekranu-2025-10-7-o-00.46.22-min-2048x896.png 2048w\" sizes=\"(max-width: 2364px) 100vw, 2364px\" \/><figcaption class=\"wp-element-caption\"><a href=\"https:\/\/www.sotrender.com\/trends\/facebook\/poland\/202509\/fmcg#best_posts\" target=\"_blank\" rel=\"noreferrer noopener\">Najlepsze posty na Facebooku w kategorii FMCG<\/a>&nbsp;| wrzesie\u0144 2025 r.<\/figcaption><\/figure><\/div>\n\n\n<p>Dino Polska r\u00f3wnie\u017c opublikowa\u0142o na swoim profilu post inspirowany \u201e1670\u201d, kt\u00f3ry znalaz\u0142 si\u0119 w\u015br\u00f3d <a href=\"https:\/\/www.sotrender.com\/trends\/facebook\/poland\/202509\/handel#best_posts\" target=\"_blank\" rel=\"noreferrer noopener\">najlepszych tre\u015bci w kategorii Handel<\/a>.<\/p>\n\n\n\n<p>Do serialu nawi\u0105za\u0142a tak\u017ce \u017babka Polska. Post marki znalaz\u0142 si\u0119 w zestawieniu najlepszych tre\u015bci w kategorii Markety i sklepy sieciowe. Co wi\u0119cej, profil \u017babki odnotowa\u0142 awans o 2 pozycje, zdobywaj\u0105c 3. miejsce w <a href=\"https:\/\/www.sotrender.com\/trends\/facebook\/poland\/202509\/handel\/markety_sklepy#storytellers\" target=\"_blank\" rel=\"noreferrer noopener\">rankingu zaanga\u017cowania<\/a>.<\/p>\n\n\n<div class=\"wp-block-image\">\n<figure class=\"aligncenter size-full\"><img loading=\"lazy\" decoding=\"async\" width=\"2364\" height=\"1028\" src=\"https:\/\/www.sotrender.com\/blog\/wp-content\/uploads\/2025\/10\/Zrzut-ekranu-2025-10-7-o-00.48.04-min.png\" alt=\"Najlepsze posty na Facebooku w kategorii Markety i sklepy sieciowe\u00a0wrzesie\u0144 2025 r.\" class=\"wp-image-56681\" srcset=\"https:\/\/www.sotrender.com\/blog\/wp-content\/uploads\/2025\/10\/Zrzut-ekranu-2025-10-7-o-00.48.04-min.png 2364w, https:\/\/www.sotrender.com\/blog\/wp-content\/uploads\/2025\/10\/Zrzut-ekranu-2025-10-7-o-00.48.04-min-475x207.png 475w, https:\/\/www.sotrender.com\/blog\/wp-content\/uploads\/2025\/10\/Zrzut-ekranu-2025-10-7-o-00.48.04-min-768x334.png 768w, https:\/\/www.sotrender.com\/blog\/wp-content\/uploads\/2025\/10\/Zrzut-ekranu-2025-10-7-o-00.48.04-min-1536x668.png 1536w, https:\/\/www.sotrender.com\/blog\/wp-content\/uploads\/2025\/10\/Zrzut-ekranu-2025-10-7-o-00.48.04-min-2048x891.png 2048w\" sizes=\"(max-width: 2364px) 100vw, 2364px\" \/><\/figure><\/div>\n\n<div class=\"wp-block-image\">\n<figure class=\"aligncenter size-full is-resized\"><img loading=\"lazy\" decoding=\"async\" width=\"2364\" height=\"1030\" src=\"https:\/\/www.sotrender.com\/blog\/wp-content\/uploads\/2025\/10\/Zrzut-ekranu-2025-10-7-o-00.47.33-min.png\" alt=\"Najlepsze posty na Facebooku w kategorii Markety i sklepy sieciowe\u00a0wrzesie\u0144 2025 r.\" class=\"wp-image-56675\" style=\"width:840px;height:auto\" srcset=\"https:\/\/www.sotrender.com\/blog\/wp-content\/uploads\/2025\/10\/Zrzut-ekranu-2025-10-7-o-00.47.33-min.png 2364w, https:\/\/www.sotrender.com\/blog\/wp-content\/uploads\/2025\/10\/Zrzut-ekranu-2025-10-7-o-00.47.33-min-475x207.png 475w, https:\/\/www.sotrender.com\/blog\/wp-content\/uploads\/2025\/10\/Zrzut-ekranu-2025-10-7-o-00.47.33-min-768x335.png 768w, https:\/\/www.sotrender.com\/blog\/wp-content\/uploads\/2025\/10\/Zrzut-ekranu-2025-10-7-o-00.47.33-min-1536x669.png 1536w, https:\/\/www.sotrender.com\/blog\/wp-content\/uploads\/2025\/10\/Zrzut-ekranu-2025-10-7-o-00.47.33-min-2048x892.png 2048w\" sizes=\"(max-width: 2364px) 100vw, 2364px\" \/><figcaption class=\"wp-element-caption\"><a href=\"https:\/\/www.sotrender.com\/trends\/facebook\/poland\/202509\/fmcg#best_posts\" target=\"_blank\" rel=\"noreferrer noopener\">Najlepsze posty na Facebooku w kategorii Markety i sklepy sieciowe<\/a>&nbsp;| wrzesie\u0144 2025 r.<\/figcaption><\/figure><\/div>\n\n<style>\n    .cta-image-container {\n        background-image: url('https:\/\/www.sotrender.com\/blog\/wp-content\/uploads\/2024\/07\/Frame-1000001352.png');\n        background-size: contain;\n        background-position: left 300px top 100px;\n        background-repeat: no-repeat;\n}\n\n<\/style>    \n<div id=\"wp-block-cta-buttons-three-points-and-image\" class=\"wp-block-cta-buttons-three-points-and-image\">\n\n    <div class=\"content\">\n        <div class=\"header\">Zacznij analizowa\u0107 swoje dzia\u0142ania na FB<\/div>\n\n        <ul class=\"list\">\n            <li>Przetestuj przez 7 dni za darmo<\/li>\n            <li>Poznaj wszystkie funkcje narz\u0119dzia<\/li>\n            <li>Sprawd\u017a dzia\u0142ania konkurencji<\/li>\n        <\/ul>\n                    <a class=\"btn\" href=\"https:\/\/app.sotrender.com\/auth\/signup\/trial\/pl?utm_source=blog-cta\">\n                <div class=\"btn_content\">\n                    Wypr\u00f3buj ju\u017c dzi\u015b                <\/div>\n            <\/a>\n        \n    <\/div>\n\n    <img decoding=\"async\" class=\"image\" src=\"https:\/\/www.sotrender.com\/blog\/wp-content\/uploads\/2024\/07\/Frame-1000001352.png\"\/>\n    \n\n   \n   \n<\/div>\n\n\n\n<h2 class=\"wp-block-heading\">Tu odzyskuj\u0119 sw\u00f3j rytm<\/h2>\n\n\n\n<p>We wrze\u015bniu Kinder Country Polska og\u0142osi\u0142o konkurs, w kt\u00f3rym uczestnicy mieli za zadanie opisa\u0107 miejsce, w kt\u00f3rym odzyskuj\u0105 sw\u00f3j rytm. Nagrod\u0105 by\u0142 udzia\u0142 w wyj\u0105tkowych warsztatach fotograficznych z dyrektork\u0105 artystyczn\u0105 National Geographic Polska.<\/p>\n\n\n\n<p>Akcja odbi\u0142a si\u0119 szerokim echem na platformie, a post konkursowy trafi\u0142 do zestawienia <a href=\"https:\/\/www.sotrender.com\/trends\/facebook\/poland\/202509\/fmcg#best_posts\" target=\"_blank\" rel=\"noreferrer noopener\">najlepszych tre\u015bci w kategorii FMCG<\/a>. Marka zanotowa\u0142a imponuj\u0105cy <a href=\"https:\/\/www.sotrender.com\/trends\/facebook\/poland\/202509\/fmcg#storytellers\" target=\"_blank\" rel=\"noreferrer noopener\">wzrost zaanga\u017cowania a\u017c o 5976%<\/a>, co pozwoli\u0142o jej awansowa\u0107 o 248 miejsc na 4. pozycj\u0119 w rankingu. Dodatkowo, Kinder Country przesun\u0119\u0142o si\u0119 o 226 pozycji w g\u00f3r\u0119, obejmuj\u0105c tym samym rol\u0119 lidera w rankingu aktywno\u015bci.<\/p>\n\n\n<div class=\"wp-block-image\">\n<figure class=\"aligncenter size-full\"><img loading=\"lazy\" decoding=\"async\" width=\"2360\" height=\"1344\" src=\"https:\/\/www.sotrender.com\/blog\/wp-content\/uploads\/2025\/10\/Zrzut-ekranu-2025-10-7-o-00.58.00.png\" alt=\"Profile na Facebooku o najwi\u0119kszej aktywno\u015bci u\u017cytkownik\u00f3w w kategorii FMCG wrzesie\u0144 2025 r.\" class=\"wp-image-56683\" srcset=\"https:\/\/www.sotrender.com\/blog\/wp-content\/uploads\/2025\/10\/Zrzut-ekranu-2025-10-7-o-00.58.00.png 2360w, https:\/\/www.sotrender.com\/blog\/wp-content\/uploads\/2025\/10\/Zrzut-ekranu-2025-10-7-o-00.58.00-475x271.png 475w, https:\/\/www.sotrender.com\/blog\/wp-content\/uploads\/2025\/10\/Zrzut-ekranu-2025-10-7-o-00.58.00-768x437.png 768w, https:\/\/www.sotrender.com\/blog\/wp-content\/uploads\/2025\/10\/Zrzut-ekranu-2025-10-7-o-00.58.00-1536x875.png 1536w, https:\/\/www.sotrender.com\/blog\/wp-content\/uploads\/2025\/10\/Zrzut-ekranu-2025-10-7-o-00.58.00-2048x1166.png 2048w\" sizes=\"(max-width: 2360px) 100vw, 2360px\" \/><figcaption class=\"wp-element-caption\"><a href=\"https:\/\/www.sotrender.com\/trends\/facebook\/poland\/202509\/fmcg#engagement\" target=\"_blank\" rel=\"noreferrer noopener\">Profile na Facebooku o najwi\u0119kszej aktywno\u015bci u\u017cytkownik\u00f3w w kategorii FMCG<\/a>&nbsp;| wrzesie\u0144 2025 r.<\/figcaption><\/figure><\/div>\n\n\n<h2 class=\"wp-block-heading\">Moda na sportowe emocje<\/h2>\n\n\n\n<p>We wrze\u015bniu w kategorii Moda zdecydowanie kr\u00f3lowa\u0142 sport. Najlepszym postem miesi\u0105ca okaza\u0142a si\u0119 publikacja marki 4F, w kt\u00f3rej poinformowano o kolejnym wielkim sukcesie ambasadora brandu \u2013 Bartosza Zmarzlika. \u017bu\u017clowiec po raz sz\u00f3sty w swojej karierze zdoby\u0142 tytu\u0142 indywidualnego mistrza \u015bwiata, a 4F umiej\u0119tnie wykorzysta\u0142o ten moment w komunikacji marketingowej. <\/p>\n\n\n<div class=\"wp-block-image\">\n<figure class=\"aligncenter size-full\"><img loading=\"lazy\" decoding=\"async\" width=\"2360\" height=\"1212\" src=\"https:\/\/www.sotrender.com\/blog\/wp-content\/uploads\/2025\/10\/Zrzut-ekranu-2025-10-7-o-01.14.55-min-1.png\" alt=\"Najlepsze posty na Facebooku w kategorii Moda\u00a0wrzesie\u0144 2025 r.\" class=\"wp-image-56693\" srcset=\"https:\/\/www.sotrender.com\/blog\/wp-content\/uploads\/2025\/10\/Zrzut-ekranu-2025-10-7-o-01.14.55-min-1.png 2360w, https:\/\/www.sotrender.com\/blog\/wp-content\/uploads\/2025\/10\/Zrzut-ekranu-2025-10-7-o-01.14.55-min-1-475x244.png 475w, https:\/\/www.sotrender.com\/blog\/wp-content\/uploads\/2025\/10\/Zrzut-ekranu-2025-10-7-o-01.14.55-min-1-768x394.png 768w, https:\/\/www.sotrender.com\/blog\/wp-content\/uploads\/2025\/10\/Zrzut-ekranu-2025-10-7-o-01.14.55-min-1-1536x789.png 1536w, https:\/\/www.sotrender.com\/blog\/wp-content\/uploads\/2025\/10\/Zrzut-ekranu-2025-10-7-o-01.14.55-min-1-2048x1052.png 2048w\" sizes=\"(max-width: 2360px) 100vw, 2360px\" \/><figcaption class=\"wp-element-caption\"><a href=\"https:\/\/www.sotrender.com\/trends\/facebook\/poland\/202509\/moda#best_posts\" target=\"_blank\" rel=\"noreferrer noopener\">Najlepsze posty na Facebooku w kategorii Moda<\/a>&nbsp;| wrzesie\u0144 2025 r.<\/figcaption><\/figure><\/div>\n\n\n<p>Efekt? Marka zanotowa\u0142a imponuj\u0105cy skok w rankingu aktywno\u015bci a\u017c o 30 miejsc, plasuj\u0105c si\u0119 na 11. pozycji. To jeden z najwi\u0119kszych awans\u00f3w miesi\u0105ca w tej kategorii.<\/p>\n\n\n<div class=\"wp-block-image\">\n<figure class=\"aligncenter size-full\"><img loading=\"lazy\" decoding=\"async\" width=\"2360\" height=\"1434\" src=\"https:\/\/www.sotrender.com\/blog\/wp-content\/uploads\/2025\/10\/Zrzut-ekranu-2025-10-7-o-01.14.25-1.png\" alt=\"Profile na Facebooku o najwi\u0119kszej aktywno\u015bci u\u017cytkownik\u00f3w w kategorii Moda\u00a0wrzesie\u0144 2025 r.\" class=\"wp-image-56689\" srcset=\"https:\/\/www.sotrender.com\/blog\/wp-content\/uploads\/2025\/10\/Zrzut-ekranu-2025-10-7-o-01.14.25-1.png 2360w, https:\/\/www.sotrender.com\/blog\/wp-content\/uploads\/2025\/10\/Zrzut-ekranu-2025-10-7-o-01.14.25-1-475x289.png 475w, https:\/\/www.sotrender.com\/blog\/wp-content\/uploads\/2025\/10\/Zrzut-ekranu-2025-10-7-o-01.14.25-1-768x467.png 768w, https:\/\/www.sotrender.com\/blog\/wp-content\/uploads\/2025\/10\/Zrzut-ekranu-2025-10-7-o-01.14.25-1-1536x933.png 1536w, https:\/\/www.sotrender.com\/blog\/wp-content\/uploads\/2025\/10\/Zrzut-ekranu-2025-10-7-o-01.14.25-1-2048x1244.png 2048w\" sizes=\"(max-width: 2360px) 100vw, 2360px\" \/><figcaption class=\"wp-element-caption\"><a href=\"https:\/\/www.sotrender.com\/trends\/facebook\/poland\/202509\/moda#engagement\" target=\"_blank\" rel=\"noreferrer noopener\">Profile na Facebooku o najwi\u0119kszej aktywno\u015bci u\u017cytkownik\u00f3w w kategorii Moda<\/a>&nbsp;| wrzesie\u0144 2025 r.<\/figcaption><\/figure><\/div>\n\n\n<h2 class=\"wp-block-heading\">Facebook Trends wrzesie\u0144 2025<\/h2>\n\n\n\n<p>To wszystko, co przygotowali\u015bmy dla Was w tym miesi\u0105cu. Ju\u017c wkr\u00f3tce zapraszamy na podsumowanie miesi\u0105ca na Instagramie, a na razie zach\u0119camy do sprawdzenia pe\u0142nej wersji&nbsp;<a href=\"https:\/\/sotrender.com\/trends\/facebook\/poland\/202509\/\" target=\"_blank\" rel=\"noreferrer noopener\">wrze\u015bniowego raportu Facebook Trends<\/a>.<\/p>\n","protected":false},"excerpt":{"rendered":"<p>W tym miesi\u0105cu na Facebooku sporo marek nawi\u0105zywa\u0142o w swojej komunikacji do powrotu serialowego hitu Netflixa.<\/p>\n","protected":false},"author":311,"featured_media":56697,"comment_status":"closed","ping_status":"open","sticky":false,"template":"","format":"standard","meta":{"inline_featured_image":false,"footnotes":""},"categories":[1791,1797],"tags":[2307,3903,4036,4037,4038],"yoast_head":"<!-- This site is optimized with the Yoast SEO plugin v22.4 - https:\/\/yoast.com\/wordpress\/plugins\/seo\/ -->\n<title>Facebook Trends wrzesie\u0144 2025 \u2013 szlachecka inspiracja<\/title>\n<meta name=\"description\" content=\"W tym miesi\u0105cu na Facebooku sporo marek nawi\u0105zywa\u0142o w swojej komunikacji do powrotu serialowego hitu Netflixa.\" \/>\n<meta name=\"robots\" content=\"index, follow, max-snippet:-1, max-image-preview:large, max-video-preview:-1\" \/>\n<link rel=\"canonical\" href=\"https:\/\/www.sotrender.com\/blog\/pl\/2025\/10\/facebook-trends-wrzesien-2025-szlachecka-inspiracja\/\" \/>\n<meta property=\"og:locale\" content=\"pl_PL\" \/>\n<meta property=\"og:type\" content=\"article\" \/>\n<meta property=\"og:title\" content=\"Facebook Trends wrzesie\u0144 2025 \u2013 szlachecka inspiracja\" \/>\n<meta property=\"og:description\" content=\"W tym miesi\u0105cu na Facebooku sporo marek nawi\u0105zywa\u0142o w swojej komunikacji do powrotu serialowego hitu Netflixa.\" \/>\n<meta property=\"og:url\" content=\"https:\/\/www.sotrender.com\/blog\/pl\/2025\/10\/facebook-trends-wrzesien-2025-szlachecka-inspiracja\/\" \/>\n<meta property=\"og:site_name\" content=\"Sotrender Blog\" \/>\n<meta property=\"article:publisher\" content=\"https:\/\/www.facebook.com\/Sotrender\" \/>\n<meta property=\"article:published_time\" content=\"2025-10-07T08:47:25+00:00\" \/>\n<meta property=\"article:modified_time\" content=\"2025-10-15T12:33:14+00:00\" \/>\n<meta property=\"og:image\" content=\"https:\/\/www.sotrender.com\/blog\/wp-content\/uploads\/2025\/10\/pexels-cottonbro-4974506-e1759825631135.jpg\" \/>\n\t<meta property=\"og:image:width\" content=\"1280\" \/>\n\t<meta property=\"og:image:height\" content=\"1110\" \/>\n\t<meta property=\"og:image:type\" content=\"image\/jpeg\" \/>\n<meta name=\"author\" content=\"Bogna Raszowska\" \/>\n<meta name=\"twitter:card\" content=\"summary_large_image\" \/>\n<meta name=\"twitter:creator\" content=\"@Sotrender\" \/>\n<meta name=\"twitter:site\" content=\"@Sotrender\" \/>\n<meta name=\"twitter:label1\" content=\"Written by\" \/>\n\t<meta name=\"twitter:data1\" content=\"Bogna Raszowska\" \/>\n\t<meta name=\"twitter:label2\" content=\"Est. reading time\" \/>\n\t<meta name=\"twitter:data2\" content=\"4 minutes\" \/>\n<script type=\"application\/ld+json\" class=\"yoast-schema-graph\">{\"@context\":\"https:\/\/schema.org\",\"@graph\":[{\"@type\":\"WebPage\",\"@id\":\"https:\/\/www.sotrender.com\/blog\/pl\/2025\/10\/facebook-trends-wrzesien-2025-szlachecka-inspiracja\/\",\"url\":\"https:\/\/www.sotrender.com\/blog\/pl\/2025\/10\/facebook-trends-wrzesien-2025-szlachecka-inspiracja\/\",\"name\":\"Facebook Trends wrzesie\u0144 2025 \u2013 szlachecka inspiracja\",\"isPartOf\":{\"@id\":\"https:\/\/www.sotrender.com\/blog\/#website\"},\"primaryImageOfPage\":{\"@id\":\"https:\/\/www.sotrender.com\/blog\/pl\/2025\/10\/facebook-trends-wrzesien-2025-szlachecka-inspiracja\/#primaryimage\"},\"image\":{\"@id\":\"https:\/\/www.sotrender.com\/blog\/pl\/2025\/10\/facebook-trends-wrzesien-2025-szlachecka-inspiracja\/#primaryimage\"},\"thumbnailUrl\":\"https:\/\/www.sotrender.com\/blog\/wp-content\/uploads\/2025\/10\/pexels-cottonbro-4974506-e1759825631135.jpg\",\"datePublished\":\"2025-10-07T08:47:25+00:00\",\"dateModified\":\"2025-10-15T12:33:14+00:00\",\"author\":{\"@id\":\"https:\/\/www.sotrender.com\/blog\/#\/schema\/person\/2c3d8f31a13ec8be6145f5865f25d16c\"},\"description\":\"W tym miesi\u0105cu na Facebooku sporo marek nawi\u0105zywa\u0142o w swojej komunikacji do powrotu serialowego hitu Netflixa.\",\"breadcrumb\":{\"@id\":\"https:\/\/www.sotrender.com\/blog\/pl\/2025\/10\/facebook-trends-wrzesien-2025-szlachecka-inspiracja\/#breadcrumb\"},\"inLanguage\":\"pl-PL\",\"potentialAction\":[{\"@type\":\"ReadAction\",\"target\":[\"https:\/\/www.sotrender.com\/blog\/pl\/2025\/10\/facebook-trends-wrzesien-2025-szlachecka-inspiracja\/\"]}]},{\"@type\":\"ImageObject\",\"inLanguage\":\"pl-PL\",\"@id\":\"https:\/\/www.sotrender.com\/blog\/pl\/2025\/10\/facebook-trends-wrzesien-2025-szlachecka-inspiracja\/#primaryimage\",\"url\":\"https:\/\/www.sotrender.com\/blog\/wp-content\/uploads\/2025\/10\/pexels-cottonbro-4974506-e1759825631135.jpg\",\"contentUrl\":\"https:\/\/www.sotrender.com\/blog\/wp-content\/uploads\/2025\/10\/pexels-cottonbro-4974506-e1759825631135.jpg\",\"width\":1280,\"height\":1110},{\"@type\":\"BreadcrumbList\",\"@id\":\"https:\/\/www.sotrender.com\/blog\/pl\/2025\/10\/facebook-trends-wrzesien-2025-szlachecka-inspiracja\/#breadcrumb\",\"itemListElement\":[{\"@type\":\"ListItem\",\"position\":1,\"name\":\"Home\",\"item\":\"https:\/\/www.sotrender.com\/blog\/\"},{\"@type\":\"ListItem\",\"position\":2,\"name\":\"Facebook Trends wrzesie\u0144 2025 \u2013 szlachecka inspiracja\"}]},{\"@type\":\"WebSite\",\"@id\":\"https:\/\/www.sotrender.com\/blog\/#website\",\"url\":\"https:\/\/www.sotrender.com\/blog\/\",\"name\":\"Sotrender Blog\",\"description\":\"\",\"potentialAction\":[{\"@type\":\"SearchAction\",\"target\":{\"@type\":\"EntryPoint\",\"urlTemplate\":\"https:\/\/www.sotrender.com\/blog\/?s={search_term_string}\"},\"query-input\":\"required name=search_term_string\"}],\"inLanguage\":\"pl-PL\"},{\"@type\":\"Person\",\"@id\":\"https:\/\/www.sotrender.com\/blog\/#\/schema\/person\/2c3d8f31a13ec8be6145f5865f25d16c\",\"name\":\"Bogna Raszowska\",\"image\":{\"@type\":\"ImageObject\",\"inLanguage\":\"pl-PL\",\"@id\":\"https:\/\/www.sotrender.com\/blog\/#\/schema\/person\/image\/\",\"url\":\"https:\/\/secure.gravatar.com\/avatar\/a9efb91eb7796ed666d24a5b58b6a6cd?s=96&d=mm&r=g\",\"contentUrl\":\"https:\/\/secure.gravatar.com\/avatar\/a9efb91eb7796ed666d24a5b58b6a6cd?s=96&d=mm&r=g\",\"caption\":\"Bogna Raszowska\"},\"description\":\"Digital marketer with a passion for copywriting, content and social media. Off the clock, I'm an avid traveler, RPG gamer, music lover, and South Korean culture enthusiast.\",\"sameAs\":[\"https:\/\/www.linkedin.com\/in\/bognaraszowska\"],\"url\":\"https:\/\/www.sotrender.com\/blog\/pl\/author\/bogna_raszowska\/\"}]}<\/script>\n<!-- \/ Yoast SEO plugin. -->","yoast_head_json":{"title":"Facebook Trends wrzesie\u0144 2025 \u2013 szlachecka inspiracja","description":"W tym miesi\u0105cu na Facebooku sporo marek nawi\u0105zywa\u0142o w swojej komunikacji do powrotu serialowego hitu Netflixa.","robots":{"index":"index","follow":"follow","max-snippet":"max-snippet:-1","max-image-preview":"max-image-preview:large","max-video-preview":"max-video-preview:-1"},"canonical":"https:\/\/www.sotrender.com\/blog\/pl\/2025\/10\/facebook-trends-wrzesien-2025-szlachecka-inspiracja\/","og_locale":"pl_PL","og_type":"article","og_title":"Facebook Trends wrzesie\u0144 2025 \u2013 szlachecka inspiracja","og_description":"W tym miesi\u0105cu na Facebooku sporo marek nawi\u0105zywa\u0142o w swojej komunikacji do powrotu serialowego hitu Netflixa.","og_url":"https:\/\/www.sotrender.com\/blog\/pl\/2025\/10\/facebook-trends-wrzesien-2025-szlachecka-inspiracja\/","og_site_name":"Sotrender Blog","article_publisher":"https:\/\/www.facebook.com\/Sotrender","article_published_time":"2025-10-07T08:47:25+00:00","article_modified_time":"2025-10-15T12:33:14+00:00","og_image":[{"width":1280,"height":1110,"url":"https:\/\/www.sotrender.com\/blog\/wp-content\/uploads\/2025\/10\/pexels-cottonbro-4974506-e1759825631135.jpg","type":"image\/jpeg"}],"author":"Bogna Raszowska","twitter_card":"summary_large_image","twitter_creator":"@Sotrender","twitter_site":"@Sotrender","twitter_misc":{"Written by":"Bogna Raszowska","Est. reading time":"4 minutes"},"schema":{"@context":"https:\/\/schema.org","@graph":[{"@type":"WebPage","@id":"https:\/\/www.sotrender.com\/blog\/pl\/2025\/10\/facebook-trends-wrzesien-2025-szlachecka-inspiracja\/","url":"https:\/\/www.sotrender.com\/blog\/pl\/2025\/10\/facebook-trends-wrzesien-2025-szlachecka-inspiracja\/","name":"Facebook Trends wrzesie\u0144 2025 \u2013 szlachecka inspiracja","isPartOf":{"@id":"https:\/\/www.sotrender.com\/blog\/#website"},"primaryImageOfPage":{"@id":"https:\/\/www.sotrender.com\/blog\/pl\/2025\/10\/facebook-trends-wrzesien-2025-szlachecka-inspiracja\/#primaryimage"},"image":{"@id":"https:\/\/www.sotrender.com\/blog\/pl\/2025\/10\/facebook-trends-wrzesien-2025-szlachecka-inspiracja\/#primaryimage"},"thumbnailUrl":"https:\/\/www.sotrender.com\/blog\/wp-content\/uploads\/2025\/10\/pexels-cottonbro-4974506-e1759825631135.jpg","datePublished":"2025-10-07T08:47:25+00:00","dateModified":"2025-10-15T12:33:14+00:00","author":{"@id":"https:\/\/www.sotrender.com\/blog\/#\/schema\/person\/2c3d8f31a13ec8be6145f5865f25d16c"},"description":"W tym miesi\u0105cu na Facebooku sporo marek nawi\u0105zywa\u0142o w swojej komunikacji do powrotu serialowego hitu Netflixa.","breadcrumb":{"@id":"https:\/\/www.sotrender.com\/blog\/pl\/2025\/10\/facebook-trends-wrzesien-2025-szlachecka-inspiracja\/#breadcrumb"},"inLanguage":"pl-PL","potentialAction":[{"@type":"ReadAction","target":["https:\/\/www.sotrender.com\/blog\/pl\/2025\/10\/facebook-trends-wrzesien-2025-szlachecka-inspiracja\/"]}]},{"@type":"ImageObject","inLanguage":"pl-PL","@id":"https:\/\/www.sotrender.com\/blog\/pl\/2025\/10\/facebook-trends-wrzesien-2025-szlachecka-inspiracja\/#primaryimage","url":"https:\/\/www.sotrender.com\/blog\/wp-content\/uploads\/2025\/10\/pexels-cottonbro-4974506-e1759825631135.jpg","contentUrl":"https:\/\/www.sotrender.com\/blog\/wp-content\/uploads\/2025\/10\/pexels-cottonbro-4974506-e1759825631135.jpg","width":1280,"height":1110},{"@type":"BreadcrumbList","@id":"https:\/\/www.sotrender.com\/blog\/pl\/2025\/10\/facebook-trends-wrzesien-2025-szlachecka-inspiracja\/#breadcrumb","itemListElement":[{"@type":"ListItem","position":1,"name":"Home","item":"https:\/\/www.sotrender.com\/blog\/"},{"@type":"ListItem","position":2,"name":"Facebook Trends wrzesie\u0144 2025 \u2013 szlachecka inspiracja"}]},{"@type":"WebSite","@id":"https:\/\/www.sotrender.com\/blog\/#website","url":"https:\/\/www.sotrender.com\/blog\/","name":"Sotrender Blog","description":"","potentialAction":[{"@type":"SearchAction","target":{"@type":"EntryPoint","urlTemplate":"https:\/\/www.sotrender.com\/blog\/?s={search_term_string}"},"query-input":"required name=search_term_string"}],"inLanguage":"pl-PL"},{"@type":"Person","@id":"https:\/\/www.sotrender.com\/blog\/#\/schema\/person\/2c3d8f31a13ec8be6145f5865f25d16c","name":"Bogna Raszowska","image":{"@type":"ImageObject","inLanguage":"pl-PL","@id":"https:\/\/www.sotrender.com\/blog\/#\/schema\/person\/image\/","url":"https:\/\/secure.gravatar.com\/avatar\/a9efb91eb7796ed666d24a5b58b6a6cd?s=96&d=mm&r=g","contentUrl":"https:\/\/secure.gravatar.com\/avatar\/a9efb91eb7796ed666d24a5b58b6a6cd?s=96&d=mm&r=g","caption":"Bogna Raszowska"},"description":"Digital marketer with a passion for copywriting, content and social media. Off the clock, I'm an avid traveler, RPG gamer, music lover, and South Korean culture enthusiast.","sameAs":["https:\/\/www.linkedin.com\/in\/bognaraszowska"],"url":"https:\/\/www.sotrender.com\/blog\/pl\/author\/bogna_raszowska\/"}]}},"_links":{"self":[{"href":"https:\/\/www.sotrender.com\/blog\/pl\/wp-json\/wp\/v2\/posts\/56655"}],"collection":[{"href":"https:\/\/www.sotrender.com\/blog\/pl\/wp-json\/wp\/v2\/posts"}],"about":[{"href":"https:\/\/www.sotrender.com\/blog\/pl\/wp-json\/wp\/v2\/types\/post"}],"author":[{"embeddable":true,"href":"https:\/\/www.sotrender.com\/blog\/pl\/wp-json\/wp\/v2\/users\/311"}],"replies":[{"embeddable":true,"href":"https:\/\/www.sotrender.com\/blog\/pl\/wp-json\/wp\/v2\/comments?post=56655"}],"version-history":[{"count":22,"href":"https:\/\/www.sotrender.com\/blog\/pl\/wp-json\/wp\/v2\/posts\/56655\/revisions"}],"predecessor-version":[{"id":56766,"href":"https:\/\/www.sotrender.com\/blog\/pl\/wp-json\/wp\/v2\/posts\/56655\/revisions\/56766"}],"wp:featuredmedia":[{"embeddable":true,"href":"https:\/\/www.sotrender.com\/blog\/pl\/wp-json\/wp\/v2\/media\/56697"}],"wp:attachment":[{"href":"https:\/\/www.sotrender.com\/blog\/pl\/wp-json\/wp\/v2\/media?parent=56655"}],"wp:term":[{"taxonomy":"category","embeddable":true,"href":"https:\/\/www.sotrender.com\/blog\/pl\/wp-json\/wp\/v2\/categories?post=56655"},{"taxonomy":"post_tag","embeddable":true,"href":"https:\/\/www.sotrender.com\/blog\/pl\/wp-json\/wp\/v2\/tags?post=56655"}],"curies":[{"name":"wp","href":"https:\/\/api.w.org\/{rel}","templated":true}]}}