{"id":56426,"date":"2025-09-10T09:10:40","date_gmt":"2025-09-10T07:10:40","guid":{"rendered":"https:\/\/www.sotrender.com\/blog\/?p=56426"},"modified":"2025-09-10T09:10:41","modified_gmt":"2025-09-10T07:10:41","slug":"ad-trends-sierpien-2025-przebudzenie-reklamowe","status":"publish","type":"post","link":"https:\/\/www.sotrender.com\/blog\/pl\/2025\/09\/ad-trends-sierpien-2025-przebudzenie-reklamowe\/","title":{"rendered":"Ad Trends sierpie\u0144 2025 \u2013 przebudzenie reklamowe"},"content":{"rendered":"\n<p>Podczas gdy miesi\u0105c temu pisali\u015bmy o zmniejszonej intensywno\u015bci dzia\u0142a\u0144 reklamowych na kontach wielu reklamodawc\u00f3w, w sierpniu cz\u0119\u015b\u0107 z nich wr\u00f3ci\u0142a ju\u017c do swoich <em>standardowych<\/em> harmonogram\u00f3w dzia\u0142a\u0144 w ekosystemie Meta.<\/p>\n\n\n\n<!--more-->\n\n\n\n<p>Zapraszamy na <a href=\"https:\/\/sotrender.com\/trends\/ads\/poland\/202508\/\" target=\"_blank\" rel=\"noreferrer noopener\">sierpniowy raport Ad Trends<\/a>, by pozna\u0107 szczeg\u00f3\u0142y.<\/p>\n\n\n\n<h2 class=\"wp-block-heading\">\u017babka Jush ponownie zwi\u0119ksza liczb\u0119 reklam<\/h2>\n\n\n\n<p>\u017babka Jush wr\u00f3ci\u0142a do <a href=\"https:\/\/www.sotrender.com\/blog\/pl\/2025\/07\/ad-trends-czerwiec-2025-temu-ponownie-w-natarciu\/\" target=\"_blank\" rel=\"noreferrer noopener\">przedwakacyjnej intensywno\u015bci reklamowej<\/a> w Mecie. W por\u00f3wnaniu do lipca na koncie reklamodawcy odnotowali\u015bmy ponad 500 nowych reklam (wzrost o 88%). <a href=\"https:\/\/sotrender.com\/trends\/ads\/poland\/202508\/ads#liczba_reklam\" target=\"_blank\" rel=\"noreferrer noopener\">Pod wzgl\u0119dem \u0142\u0105cznej liczby reklam<\/a>, w sierpniu \u017babka Jush by\u0142a czwartym najwi\u0119kszym reklamodawc\u0105.<\/p>\n\n\n\n<p>Jednak <a href=\"https:\/\/sotrender.com\/trends\/ads\/poland\/202508\/ads#reach_score\" target=\"_blank\" rel=\"noreferrer noopener\">pod wzgl\u0119dem wska\u017anika Reach Score<\/a>, reklamodawcy zabrak\u0142o w TOP20, co oznacza, \u017ce strategia reklamowa \u017babki Jush nie opiera si\u0119 na szerokozasi\u0119gowych reklamach, a raczej na wi\u0119kszej liczbie precyzyjnie targetowanych komunikat\u00f3w.<\/p>\n\n\n\n<figure class=\"wp-block-image size-full\"><img loading=\"lazy\" decoding=\"async\" width=\"2454\" height=\"948\" src=\"https:\/\/www.sotrender.com\/blog\/wp-content\/uploads\/2025\/09\/liczba-reklam-meta-sierpien-2025.png\" alt=\"Reklamodawcy z najwi\u0119ksz\u0105 liczb\u0105 reklam w ekosystemie Meta sierpie\u0144 2025\" class=\"wp-image-56436\" srcset=\"https:\/\/www.sotrender.com\/blog\/wp-content\/uploads\/2025\/09\/liczba-reklam-meta-sierpien-2025.png 2454w, https:\/\/www.sotrender.com\/blog\/wp-content\/uploads\/2025\/09\/liczba-reklam-meta-sierpien-2025-475x183.png 475w, https:\/\/www.sotrender.com\/blog\/wp-content\/uploads\/2025\/09\/liczba-reklam-meta-sierpien-2025-768x297.png 768w, https:\/\/www.sotrender.com\/blog\/wp-content\/uploads\/2025\/09\/liczba-reklam-meta-sierpien-2025-1536x593.png 1536w, https:\/\/www.sotrender.com\/blog\/wp-content\/uploads\/2025\/09\/liczba-reklam-meta-sierpien-2025-2048x791.png 2048w\" sizes=\"(max-width: 2454px) 100vw, 2454px\" \/><figcaption class=\"wp-element-caption\"><a href=\"https:\/\/sotrender.com\/trends\/ads\/poland\/202508\/ads#liczba_reklam\" target=\"_blank\" rel=\"noreferrer noopener\">Reklamodawcy z najwi\u0119ksz\u0105 liczb\u0105 reklam w ekosystemie Meta<\/a> | sierpie\u0144 2025<\/figcaption><\/figure>\n\n\n\n<p>W sierpniu wysi\u0142ki reklamowe zwi\u0119kszyli r\u00f3wnie\u017c: O bag Polska (ponad 500 nowych reklam), SkyShowtime, x-kom.pl oraz Praca.pl (przyrost liczby reklam o 12 tysi\u0119cy procent w por\u00f3wnaniu do lipca).<\/p>\n\n\n\n<p>Jeszcze wi\u0119cej reklam wyemitowa\u0142o r\u00f3wnie\u017c Temu (wzrost o ponad 8 tysi\u0119cy), ale to ju\u017c chyba nikogo nie dziwi.<\/p>\n\n\n\n<h2 class=\"wp-block-heading\">Basen, si\u0142ownia czy park rozrywki?<\/h2>\n\n\n\n<p>W sierpniu MultiSport zacz\u0105\u0142 intensywnie promowa\u0107 swoj\u0105 kampani\u0119 \u201cMasz to w MultiSport\u201d, w kt\u00f3rej marka zach\u0119ca do zrobienia treningu lub podj\u0119cia swojej ulubionej aktywno\u015bci, oferuj\u0105c dost\u0119p do wielu obiekt\u00f3w sportowych.<\/p>\n\n\n\n<figure class=\"wp-block-image size-full\"><img loading=\"lazy\" decoding=\"async\" width=\"2750\" height=\"874\" src=\"https:\/\/www.sotrender.com\/blog\/wp-content\/uploads\/2025\/09\/masz-to-w-multisport.png\" alt=\"masz to w multisport\" class=\"wp-image-56432\" srcset=\"https:\/\/www.sotrender.com\/blog\/wp-content\/uploads\/2025\/09\/masz-to-w-multisport.png 2750w, https:\/\/www.sotrender.com\/blog\/wp-content\/uploads\/2025\/09\/masz-to-w-multisport-475x151.png 475w, https:\/\/www.sotrender.com\/blog\/wp-content\/uploads\/2025\/09\/masz-to-w-multisport-768x244.png 768w, https:\/\/www.sotrender.com\/blog\/wp-content\/uploads\/2025\/09\/masz-to-w-multisport-1536x488.png 1536w, https:\/\/www.sotrender.com\/blog\/wp-content\/uploads\/2025\/09\/masz-to-w-multisport-2048x651.png 2048w\" sizes=\"(max-width: 2750px) 100vw, 2750px\" \/><figcaption class=\"wp-element-caption\">Kampania &#8220;Masz to w MultiSport&#8221;<\/figcaption><\/figure>\n\n\n\n<p>Podejmowane dzia\u0142ania znacz\u0105co wp\u0142yn\u0119\u0142y na wzrost zasi\u0119g\u00f3w marki w ekosystemie reklamowym Meta \u2013 o ponad 500%.<\/p>\n\n\n\n<p>Jednak zasi\u0119gi na koncie MultiSport Polska stanowi\u0142y jedynie 8% zasi\u0119g\u00f3w osi\u0105ganych przez lidera w tym rankingu \u2013 Temu Poland.<\/p>\n\n\n\n<figure class=\"wp-block-image size-full\"><img loading=\"lazy\" decoding=\"async\" width=\"2460\" height=\"846\" src=\"https:\/\/www.sotrender.com\/blog\/wp-content\/uploads\/2025\/09\/reach-score-sierpien-2025.png\" alt=\"Reklamodawcy z najwi\u0119kszymi zasi\u0119gami w Mecie sierpie\u0144 2025\" class=\"wp-image-56434\" srcset=\"https:\/\/www.sotrender.com\/blog\/wp-content\/uploads\/2025\/09\/reach-score-sierpien-2025.png 2460w, https:\/\/www.sotrender.com\/blog\/wp-content\/uploads\/2025\/09\/reach-score-sierpien-2025-475x163.png 475w, https:\/\/www.sotrender.com\/blog\/wp-content\/uploads\/2025\/09\/reach-score-sierpien-2025-768x264.png 768w, https:\/\/www.sotrender.com\/blog\/wp-content\/uploads\/2025\/09\/reach-score-sierpien-2025-1536x528.png 1536w, https:\/\/www.sotrender.com\/blog\/wp-content\/uploads\/2025\/09\/reach-score-sierpien-2025-2048x704.png 2048w\" sizes=\"(max-width: 2460px) 100vw, 2460px\" \/><figcaption class=\"wp-element-caption\"><a href=\"https:\/\/sotrender.com\/trends\/ads\/poland\/202508\/ads#reach_score\" target=\"_blank\" rel=\"noreferrer noopener\">Reklamodawcy z najwi\u0119kszym wska\u017anikiem Reach Score w ekosystemie Meta<\/a> | sierpie\u0144 2025<\/figcaption><\/figure>\n\n\n\n<p>Jeszcze wi\u0119kszy przyrost wska\u017anika Reach Score odnotowali\u015bmy na profilu Estee Lauder Polska \u2013\u00a0o ponad 8 tysi\u0119cy procent.<\/p>\n\n\n\n<h2 class=\"wp-block-heading\">Kolejne roszady w TOP reklamach<\/h2>\n\n\n\n<p><a href=\"https:\/\/www.sotrender.com\/blog\/pl\/2025\/08\/ad-trends-lipiec-2025-reklamodawcy-na-wakacjach\/\" target=\"_blank\" rel=\"noreferrer noopener\">Miesi\u0105c temu<\/a> pisali\u015bmy o pierwszej od dawna zmianie na pozycji lidera w rankingu najbardziej zasi\u0119gowych reklam. Podczas gdy <a href=\"https:\/\/sotrender.com\/trends\/ads\/poland\/202507\/ads#best_posts\" target=\"_blank\" rel=\"noreferrer noopener\">w lipcu w czo\u0142\u00f3wce znalaz\u0142y si\u0119 dwie reklamy Revoluta<\/a> z zasi\u0119giem przekraczaj\u0105cym 10 milion\u00f3w, w sierpniu ponownie mieli\u015bmy nowych lider\u00f3w w tym rankingu.<\/p>\n\n\n\n<p><a href=\"https:\/\/sotrender.com\/trends\/ads\/poland\/202508\/ads#best_posts\" target=\"_blank\" rel=\"noreferrer noopener\">Najbardziej zasi\u0119gow\u0105 reklam\u0119<\/a> opublikowano na profilu Tarczy\u0144ski, a na miejscu drugim znalaz\u0142a si\u0119 reklama Kodano Optyk dotycz\u0105ca promocji na badanie wzroku.<\/p>\n\n\n\n<p>Zasi\u0119g \u017cadnej z nich nie przekroczy\u0142 jednak 10 milion\u00f3w.<\/p>\n\n\n\n<figure class=\"wp-block-image size-full\"><img loading=\"lazy\" decoding=\"async\" width=\"2000\" height=\"914\" src=\"https:\/\/www.sotrender.com\/blog\/wp-content\/uploads\/2025\/09\/top-reklamy-sierpien-2025-1.png\" alt=\"Reklamy o najwi\u0119kszym zasi\u0119gu w ekosystemie Meta  sierpie\u0144 2025 \" class=\"wp-image-56429\" srcset=\"https:\/\/www.sotrender.com\/blog\/wp-content\/uploads\/2025\/09\/top-reklamy-sierpien-2025-1.png 2000w, https:\/\/www.sotrender.com\/blog\/wp-content\/uploads\/2025\/09\/top-reklamy-sierpien-2025-1-475x217.png 475w, https:\/\/www.sotrender.com\/blog\/wp-content\/uploads\/2025\/09\/top-reklamy-sierpien-2025-1-768x351.png 768w, https:\/\/www.sotrender.com\/blog\/wp-content\/uploads\/2025\/09\/top-reklamy-sierpien-2025-1-1536x702.png 1536w\" sizes=\"(max-width: 2000px) 100vw, 2000px\" \/><figcaption class=\"wp-element-caption\"><a href=\"https:\/\/sotrender.com\/trends\/ads\/poland\/202508\/ads#best_posts\" target=\"_blank\" rel=\"noreferrer noopener\">Reklamy o najwi\u0119kszym zasi\u0119gu w ekosystemie Meta<\/a> | sierpie\u0144 2025<\/figcaption><\/figure>\n\n\n\n<p>W TOP15 znalaz\u0142y si\u0119 a\u017c po cztery reklamy KFC i Lidla, kt\u00f3rego \u017cadna reklama nie znalaz\u0142a si\u0119 w tym rankingu miesi\u0105c temu.<\/p>\n\n\n\n<h2 class=\"wp-block-heading\">Ad Trends sierpie\u0144 2025<\/h2>\n\n\n\n<p>Tak wygl\u0105da\u0142 rynek reklamowy w Mecie w sierpniu 2025 roku. Zapraszamy do sprawdzenia pe\u0142nej wersji raportu <a href=\"https:\/\/sotrender.com\/trends\/ads\/poland\/202508\/\" target=\"_blank\" rel=\"noreferrer noopener\">Ad Trends<\/a>, jak r\u00f3wnie\u017c najnowszego raportu <a href=\"https:\/\/www.sotrender.com\/blog\/pl\/2025\/09\/instagram-trends-sierpien-2025-niespodziewany-plot-twist\/\" target=\"_blank\" rel=\"noreferrer noopener\">Instagram Trends<\/a> i <a href=\"https:\/\/www.sotrender.com\/blog\/pl\/2025\/09\/tiktok-trends-sierpien-2025-awantura-o-czapke\/\" target=\"_blank\" rel=\"noreferrer noopener\">TikTok Trends<\/a>.<\/p>\n","protected":false},"excerpt":{"rendered":"<p>Podczas gdy miesi\u0105c temu pisali\u015bmy o zmniejszonej intensywno\u015bci dzia\u0142a\u0144 reklamowych na kontach wielu reklamodawc\u00f3w, w sierpniu cz\u0119\u015b\u0107 z nich wr\u00f3ci\u0142a ju\u017c do swoich standardowych harmonogram\u00f3w dzia\u0142a\u0144 w ekosystemie Meta.<\/p>\n","protected":false},"author":89,"featured_media":56439,"comment_status":"closed","ping_status":"open","sticky":false,"template":"","format":"standard","meta":{"inline_featured_image":false,"footnotes":""},"categories":[1791],"tags":[2005,3197,4003,4014],"yoast_head":"<!-- This site is optimized with the Yoast SEO plugin v22.4 - https:\/\/yoast.com\/wordpress\/plugins\/seo\/ -->\n<title>Ad Trends sierpie\u0144 2025 \u2013 przebudzenie reklamowe<\/title>\n<meta name=\"description\" content=\"W sierpniu reklamodawcy powoli zacz\u0119li ponownie zwi\u0119ksza\u0107 intensywno\u015b\u0107 swoich dzia\u0142a\u0144 reklamowych w ekosystemie Meta.\" \/>\n<meta name=\"robots\" content=\"index, follow, max-snippet:-1, max-image-preview:large, max-video-preview:-1\" \/>\n<link rel=\"canonical\" href=\"https:\/\/www.sotrender.com\/blog\/pl\/2025\/09\/ad-trends-sierpien-2025-przebudzenie-reklamowe\/\" \/>\n<meta property=\"og:locale\" content=\"pl_PL\" \/>\n<meta property=\"og:type\" content=\"article\" \/>\n<meta property=\"og:title\" content=\"Ad Trends sierpie\u0144 2025 \u2013 przebudzenie reklamowe\" \/>\n<meta property=\"og:description\" content=\"W sierpniu reklamodawcy powoli zacz\u0119li ponownie zwi\u0119ksza\u0107 intensywno\u015b\u0107 swoich dzia\u0142a\u0144 reklamowych w ekosystemie Meta.\" \/>\n<meta property=\"og:url\" content=\"https:\/\/www.sotrender.com\/blog\/pl\/2025\/09\/ad-trends-sierpien-2025-przebudzenie-reklamowe\/\" \/>\n<meta property=\"og:site_name\" content=\"Sotrender Blog\" \/>\n<meta property=\"article:publisher\" content=\"https:\/\/www.facebook.com\/Sotrender\" \/>\n<meta property=\"article:published_time\" content=\"2025-09-10T07:10:40+00:00\" \/>\n<meta property=\"article:modified_time\" content=\"2025-09-10T07:10:41+00:00\" \/>\n<meta property=\"og:image\" content=\"https:\/\/www.sotrender.com\/blog\/wp-content\/uploads\/2025\/09\/basen.jpg\" \/>\n\t<meta property=\"og:image:width\" content=\"1280\" \/>\n\t<meta property=\"og:image:height\" content=\"960\" \/>\n\t<meta property=\"og:image:type\" content=\"image\/jpeg\" \/>\n<meta name=\"author\" content=\"Klaudia \u017by\u0142ka\" \/>\n<meta name=\"twitter:card\" content=\"summary_large_image\" \/>\n<meta name=\"twitter:creator\" content=\"@Sotrender\" \/>\n<meta name=\"twitter:site\" content=\"@Sotrender\" \/>\n<meta name=\"twitter:label1\" content=\"Written by\" \/>\n\t<meta name=\"twitter:data1\" content=\"Klaudia \u017by\u0142ka\" \/>\n\t<meta name=\"twitter:label2\" content=\"Est. reading time\" \/>\n\t<meta name=\"twitter:data2\" content=\"3 minutes\" \/>\n<script type=\"application\/ld+json\" class=\"yoast-schema-graph\">{\"@context\":\"https:\/\/schema.org\",\"@graph\":[{\"@type\":\"WebPage\",\"@id\":\"https:\/\/www.sotrender.com\/blog\/pl\/2025\/09\/ad-trends-sierpien-2025-przebudzenie-reklamowe\/\",\"url\":\"https:\/\/www.sotrender.com\/blog\/pl\/2025\/09\/ad-trends-sierpien-2025-przebudzenie-reklamowe\/\",\"name\":\"Ad Trends sierpie\u0144 2025 \u2013 przebudzenie reklamowe\",\"isPartOf\":{\"@id\":\"https:\/\/www.sotrender.com\/blog\/#website\"},\"primaryImageOfPage\":{\"@id\":\"https:\/\/www.sotrender.com\/blog\/pl\/2025\/09\/ad-trends-sierpien-2025-przebudzenie-reklamowe\/#primaryimage\"},\"image\":{\"@id\":\"https:\/\/www.sotrender.com\/blog\/pl\/2025\/09\/ad-trends-sierpien-2025-przebudzenie-reklamowe\/#primaryimage\"},\"thumbnailUrl\":\"https:\/\/www.sotrender.com\/blog\/wp-content\/uploads\/2025\/09\/basen.jpg\",\"datePublished\":\"2025-09-10T07:10:40+00:00\",\"dateModified\":\"2025-09-10T07:10:41+00:00\",\"author\":{\"@id\":\"https:\/\/www.sotrender.com\/blog\/#\/schema\/person\/038ac5e276c5d102d8cbb9c36cd43416\"},\"description\":\"W sierpniu reklamodawcy powoli zacz\u0119li ponownie zwi\u0119ksza\u0107 intensywno\u015b\u0107 swoich dzia\u0142a\u0144 reklamowych w ekosystemie Meta.\",\"breadcrumb\":{\"@id\":\"https:\/\/www.sotrender.com\/blog\/pl\/2025\/09\/ad-trends-sierpien-2025-przebudzenie-reklamowe\/#breadcrumb\"},\"inLanguage\":\"pl-PL\",\"potentialAction\":[{\"@type\":\"ReadAction\",\"target\":[\"https:\/\/www.sotrender.com\/blog\/pl\/2025\/09\/ad-trends-sierpien-2025-przebudzenie-reklamowe\/\"]}]},{\"@type\":\"ImageObject\",\"inLanguage\":\"pl-PL\",\"@id\":\"https:\/\/www.sotrender.com\/blog\/pl\/2025\/09\/ad-trends-sierpien-2025-przebudzenie-reklamowe\/#primaryimage\",\"url\":\"https:\/\/www.sotrender.com\/blog\/wp-content\/uploads\/2025\/09\/basen.jpg\",\"contentUrl\":\"https:\/\/www.sotrender.com\/blog\/wp-content\/uploads\/2025\/09\/basen.jpg\",\"width\":1280,\"height\":960},{\"@type\":\"BreadcrumbList\",\"@id\":\"https:\/\/www.sotrender.com\/blog\/pl\/2025\/09\/ad-trends-sierpien-2025-przebudzenie-reklamowe\/#breadcrumb\",\"itemListElement\":[{\"@type\":\"ListItem\",\"position\":1,\"name\":\"Home\",\"item\":\"https:\/\/www.sotrender.com\/blog\/\"},{\"@type\":\"ListItem\",\"position\":2,\"name\":\"Ad Trends sierpie\u0144 2025 \u2013 przebudzenie reklamowe\"}]},{\"@type\":\"WebSite\",\"@id\":\"https:\/\/www.sotrender.com\/blog\/#website\",\"url\":\"https:\/\/www.sotrender.com\/blog\/\",\"name\":\"Sotrender Blog\",\"description\":\"\",\"potentialAction\":[{\"@type\":\"SearchAction\",\"target\":{\"@type\":\"EntryPoint\",\"urlTemplate\":\"https:\/\/www.sotrender.com\/blog\/?s={search_term_string}\"},\"query-input\":\"required name=search_term_string\"}],\"inLanguage\":\"pl-PL\"},{\"@type\":\"Person\",\"@id\":\"https:\/\/www.sotrender.com\/blog\/#\/schema\/person\/038ac5e276c5d102d8cbb9c36cd43416\",\"name\":\"Klaudia \u017by\u0142ka\",\"image\":{\"@type\":\"ImageObject\",\"inLanguage\":\"pl-PL\",\"@id\":\"https:\/\/www.sotrender.com\/blog\/#\/schema\/person\/image\/\",\"url\":\"https:\/\/secure.gravatar.com\/avatar\/f55d5d49ce3c448e1ffde0ab078d84cd?s=96&d=mm&r=g\",\"contentUrl\":\"https:\/\/secure.gravatar.com\/avatar\/f55d5d49ce3c448e1ffde0ab078d84cd?s=96&d=mm&r=g\",\"caption\":\"Klaudia \u017by\u0142ka\"},\"description\":\"Instagram, dogs, books and food lover. Former student at Warsaw University and Malm\u00f6 University. Improving her marketing skills every day. Proud owner of DIMAQ certificate\",\"sameAs\":[\"https:\/\/www.linkedin.com\/in\/klaudia-\u017cy\u0142ka-17527779\"],\"url\":\"https:\/\/www.sotrender.com\/blog\/pl\/author\/klaudia_yka\/\"}]}<\/script>\n<!-- \/ Yoast SEO plugin. -->","yoast_head_json":{"title":"Ad Trends sierpie\u0144 2025 \u2013 przebudzenie reklamowe","description":"W sierpniu reklamodawcy powoli zacz\u0119li ponownie zwi\u0119ksza\u0107 intensywno\u015b\u0107 swoich dzia\u0142a\u0144 reklamowych w ekosystemie Meta.","robots":{"index":"index","follow":"follow","max-snippet":"max-snippet:-1","max-image-preview":"max-image-preview:large","max-video-preview":"max-video-preview:-1"},"canonical":"https:\/\/www.sotrender.com\/blog\/pl\/2025\/09\/ad-trends-sierpien-2025-przebudzenie-reklamowe\/","og_locale":"pl_PL","og_type":"article","og_title":"Ad Trends sierpie\u0144 2025 \u2013 przebudzenie reklamowe","og_description":"W sierpniu reklamodawcy powoli zacz\u0119li ponownie zwi\u0119ksza\u0107 intensywno\u015b\u0107 swoich dzia\u0142a\u0144 reklamowych w ekosystemie Meta.","og_url":"https:\/\/www.sotrender.com\/blog\/pl\/2025\/09\/ad-trends-sierpien-2025-przebudzenie-reklamowe\/","og_site_name":"Sotrender Blog","article_publisher":"https:\/\/www.facebook.com\/Sotrender","article_published_time":"2025-09-10T07:10:40+00:00","article_modified_time":"2025-09-10T07:10:41+00:00","og_image":[{"width":1280,"height":960,"url":"https:\/\/www.sotrender.com\/blog\/wp-content\/uploads\/2025\/09\/basen.jpg","type":"image\/jpeg"}],"author":"Klaudia \u017by\u0142ka","twitter_card":"summary_large_image","twitter_creator":"@Sotrender","twitter_site":"@Sotrender","twitter_misc":{"Written by":"Klaudia \u017by\u0142ka","Est. reading time":"3 minutes"},"schema":{"@context":"https:\/\/schema.org","@graph":[{"@type":"WebPage","@id":"https:\/\/www.sotrender.com\/blog\/pl\/2025\/09\/ad-trends-sierpien-2025-przebudzenie-reklamowe\/","url":"https:\/\/www.sotrender.com\/blog\/pl\/2025\/09\/ad-trends-sierpien-2025-przebudzenie-reklamowe\/","name":"Ad Trends sierpie\u0144 2025 \u2013 przebudzenie reklamowe","isPartOf":{"@id":"https:\/\/www.sotrender.com\/blog\/#website"},"primaryImageOfPage":{"@id":"https:\/\/www.sotrender.com\/blog\/pl\/2025\/09\/ad-trends-sierpien-2025-przebudzenie-reklamowe\/#primaryimage"},"image":{"@id":"https:\/\/www.sotrender.com\/blog\/pl\/2025\/09\/ad-trends-sierpien-2025-przebudzenie-reklamowe\/#primaryimage"},"thumbnailUrl":"https:\/\/www.sotrender.com\/blog\/wp-content\/uploads\/2025\/09\/basen.jpg","datePublished":"2025-09-10T07:10:40+00:00","dateModified":"2025-09-10T07:10:41+00:00","author":{"@id":"https:\/\/www.sotrender.com\/blog\/#\/schema\/person\/038ac5e276c5d102d8cbb9c36cd43416"},"description":"W sierpniu reklamodawcy powoli zacz\u0119li ponownie zwi\u0119ksza\u0107 intensywno\u015b\u0107 swoich dzia\u0142a\u0144 reklamowych w ekosystemie Meta.","breadcrumb":{"@id":"https:\/\/www.sotrender.com\/blog\/pl\/2025\/09\/ad-trends-sierpien-2025-przebudzenie-reklamowe\/#breadcrumb"},"inLanguage":"pl-PL","potentialAction":[{"@type":"ReadAction","target":["https:\/\/www.sotrender.com\/blog\/pl\/2025\/09\/ad-trends-sierpien-2025-przebudzenie-reklamowe\/"]}]},{"@type":"ImageObject","inLanguage":"pl-PL","@id":"https:\/\/www.sotrender.com\/blog\/pl\/2025\/09\/ad-trends-sierpien-2025-przebudzenie-reklamowe\/#primaryimage","url":"https:\/\/www.sotrender.com\/blog\/wp-content\/uploads\/2025\/09\/basen.jpg","contentUrl":"https:\/\/www.sotrender.com\/blog\/wp-content\/uploads\/2025\/09\/basen.jpg","width":1280,"height":960},{"@type":"BreadcrumbList","@id":"https:\/\/www.sotrender.com\/blog\/pl\/2025\/09\/ad-trends-sierpien-2025-przebudzenie-reklamowe\/#breadcrumb","itemListElement":[{"@type":"ListItem","position":1,"name":"Home","item":"https:\/\/www.sotrender.com\/blog\/"},{"@type":"ListItem","position":2,"name":"Ad Trends sierpie\u0144 2025 \u2013 przebudzenie reklamowe"}]},{"@type":"WebSite","@id":"https:\/\/www.sotrender.com\/blog\/#website","url":"https:\/\/www.sotrender.com\/blog\/","name":"Sotrender Blog","description":"","potentialAction":[{"@type":"SearchAction","target":{"@type":"EntryPoint","urlTemplate":"https:\/\/www.sotrender.com\/blog\/?s={search_term_string}"},"query-input":"required name=search_term_string"}],"inLanguage":"pl-PL"},{"@type":"Person","@id":"https:\/\/www.sotrender.com\/blog\/#\/schema\/person\/038ac5e276c5d102d8cbb9c36cd43416","name":"Klaudia \u017by\u0142ka","image":{"@type":"ImageObject","inLanguage":"pl-PL","@id":"https:\/\/www.sotrender.com\/blog\/#\/schema\/person\/image\/","url":"https:\/\/secure.gravatar.com\/avatar\/f55d5d49ce3c448e1ffde0ab078d84cd?s=96&d=mm&r=g","contentUrl":"https:\/\/secure.gravatar.com\/avatar\/f55d5d49ce3c448e1ffde0ab078d84cd?s=96&d=mm&r=g","caption":"Klaudia \u017by\u0142ka"},"description":"Instagram, dogs, books and food lover. Former student at Warsaw University and Malm\u00f6 University. Improving her marketing skills every day. Proud owner of DIMAQ certificate","sameAs":["https:\/\/www.linkedin.com\/in\/klaudia-\u017cy\u0142ka-17527779"],"url":"https:\/\/www.sotrender.com\/blog\/pl\/author\/klaudia_yka\/"}]}},"_links":{"self":[{"href":"https:\/\/www.sotrender.com\/blog\/pl\/wp-json\/wp\/v2\/posts\/56426"}],"collection":[{"href":"https:\/\/www.sotrender.com\/blog\/pl\/wp-json\/wp\/v2\/posts"}],"about":[{"href":"https:\/\/www.sotrender.com\/blog\/pl\/wp-json\/wp\/v2\/types\/post"}],"author":[{"embeddable":true,"href":"https:\/\/www.sotrender.com\/blog\/pl\/wp-json\/wp\/v2\/users\/89"}],"replies":[{"embeddable":true,"href":"https:\/\/www.sotrender.com\/blog\/pl\/wp-json\/wp\/v2\/comments?post=56426"}],"version-history":[{"count":7,"href":"https:\/\/www.sotrender.com\/blog\/pl\/wp-json\/wp\/v2\/posts\/56426\/revisions"}],"predecessor-version":[{"id":56445,"href":"https:\/\/www.sotrender.com\/blog\/pl\/wp-json\/wp\/v2\/posts\/56426\/revisions\/56445"}],"wp:featuredmedia":[{"embeddable":true,"href":"https:\/\/www.sotrender.com\/blog\/pl\/wp-json\/wp\/v2\/media\/56439"}],"wp:attachment":[{"href":"https:\/\/www.sotrender.com\/blog\/pl\/wp-json\/wp\/v2\/media?parent=56426"}],"wp:term":[{"taxonomy":"category","embeddable":true,"href":"https:\/\/www.sotrender.com\/blog\/pl\/wp-json\/wp\/v2\/categories?post=56426"},{"taxonomy":"post_tag","embeddable":true,"href":"https:\/\/www.sotrender.com\/blog\/pl\/wp-json\/wp\/v2\/tags?post=56426"}],"curies":[{"name":"wp","href":"https:\/\/api.w.org\/{rel}","templated":true}]}}