{"id":56310,"date":"2025-09-15T10:30:10","date_gmt":"2025-09-15T08:30:10","guid":{"rendered":"https:\/\/www.sotrender.com\/blog\/?p=56310"},"modified":"2025-09-15T10:42:32","modified_gmt":"2025-09-15T08:42:32","slug":"facebook-trends-sierpien-2025-wznosimy-toast","status":"publish","type":"post","link":"https:\/\/www.sotrender.com\/blog\/pl\/2025\/09\/facebook-trends-sierpien-2025-wznosimy-toast\/","title":{"rendered":"Facebook Trends sierpie\u0144 2025 \u2013 wznosimy toast"},"content":{"rendered":"\n<p>W tym miesi\u0105cu na Facebooku nie zabrak\u0142o sporego rankingowego skoku, nieoczekiwanej wsp\u00f3\u0142pracy oraz tre\u015bci zwi\u0105zanych z koncertuj\u0105cym w Polsce muzykiem. <\/p>\n\n\n\n<!--more-->\n\n\n\n<p>Co przykuwa\u0142o uwag\u0119 u\u017cytkownik\u00f3w?&nbsp;<\/p>\n\n\n\n<p>Zapraszamy na raport\u00a0<a href=\"https:\/\/www.sotrender.com\/trends\/facebook\/poland\/202508\" target=\"_blank\" rel=\"noreferrer noopener\">Facebook Trends sierpie\u0144 2025<\/a>!<\/p>\n\n\n\n<figure class=\"wp-block-embed aligncenter is-type-video is-provider-youtube wp-block-embed-youtube wp-embed-aspect-9-16 wp-has-aspect-ratio\"><div class=\"wp-block-embed__wrapper\">\n<iframe loading=\"lazy\" title=\"Kt\u00f3re marki porwa\u0142y spo\u0142eczno\u015b\u0107 Facebooka w sierpniu? \ud83c\udf7b #socialmedia #facebooktrends #facebook\" width=\"422\" height=\"750\" src=\"https:\/\/www.youtube.com\/embed\/Ya5B9ZA4JMw?feature=oembed\" frameborder=\"0\" allow=\"accelerometer; autoplay; clipboard-write; encrypted-media; gyroscope; picture-in-picture; web-share\" referrerpolicy=\"strict-origin-when-cross-origin\" allowfullscreen><\/iframe>\n<\/div><\/figure>\n\n\n\n<p><\/p>\n\n\n\n<h2 class=\"wp-block-heading\">B\u0142yskawiczny wzrost <em>Kabaretu na \u017cywo<\/em><\/h2>\n\n\n\n<p>W sierpniu profil polsatowskiego programu przyci\u0105gn\u0105\u0142 a\u017c 901 tys. nowych obserwuj\u0105cych. To da\u0142o mu tytu\u0142 drugiego najszybciej rosn\u0105cego profilu miesi\u0105ca.<\/p>\n\n\n\n<p>Co ciekawe, taka skala wzrostu to rzadko\u015b\u0107 \u2013 <em>Kabaret na \u017cywo<\/em> nie tylko wskoczy\u0142 na podium pod wzgl\u0119dem dynamiki, ale te\u017c przebi\u0142 si\u0119 do <a href=\"https:\/\/www.sotrender.com\/trends\/facebook\/poland\/202508\/pl_wszystkie#fans\" target=\"_blank\" rel=\"noreferrer noopener\">TOP20 najwi\u0119kszych polskoj\u0119zycznych profili<\/a>. Skok a\u017c o 88 miejsc pokazuje, jak bardzo ten format rezonuje z widzami.<\/p>\n\n\n<div class=\"wp-block-image\">\n<figure class=\"aligncenter size-full is-resized\"><img loading=\"lazy\" decoding=\"async\" width=\"1002\" height=\"1122\" src=\"https:\/\/www.sotrender.com\/blog\/wp-content\/uploads\/2025\/09\/Zrzut-ekranu-2025-09-4-o-11.42.29.png\" alt=\"Najszybciej rosn\u0105ce profile na Facebooku\u00a0sierpie\u0144 2025 r.\" class=\"wp-image-56340\" style=\"width:438px;height:auto\" srcset=\"https:\/\/www.sotrender.com\/blog\/wp-content\/uploads\/2025\/09\/Zrzut-ekranu-2025-09-4-o-11.42.29.png 1002w, https:\/\/www.sotrender.com\/blog\/wp-content\/uploads\/2025\/09\/Zrzut-ekranu-2025-09-4-o-11.42.29-475x532.png 475w, https:\/\/www.sotrender.com\/blog\/wp-content\/uploads\/2025\/09\/Zrzut-ekranu-2025-09-4-o-11.42.29-768x860.png 768w\" sizes=\"(max-width: 1002px) 100vw, 1002px\" \/><figcaption class=\"wp-element-caption\"><a href=\"https:\/\/www.sotrender.com\/trends\/facebook\/poland\/202508\" target=\"_blank\" rel=\"noreferrer noopener\">Najszybciej rosn\u0105ce profile na Facebooku<\/a>&nbsp;| sierpie\u0144 2025 r.<\/figcaption><\/figure><\/div>\n\n\n<p>W kategorii Kultura i sztuka profil awansowa\u0142 o 16 miejsc i zdoby\u0142 tytu\u0142 <a href=\"https:\/\/www.sotrender.com\/trends\/facebook\/poland\/202508\/kultura#fans\" target=\"_blank\" rel=\"noreferrer noopener\">najwi\u0119kszego profilu<\/a>. <\/p>\n\n\n<div class=\"wp-block-image\">\n<figure class=\"aligncenter size-full\"><img loading=\"lazy\" decoding=\"async\" width=\"2438\" height=\"918\" src=\"https:\/\/www.sotrender.com\/blog\/wp-content\/uploads\/2025\/09\/Zrzut-ekranu-2025-09-4-o-11.45.17.png\" alt=\"Najwi\u0119ksze profile na Facebooku w kategorii Kultura i sztuka\u00a0sierpie\u0144 2025 r.\" class=\"wp-image-56342\" srcset=\"https:\/\/www.sotrender.com\/blog\/wp-content\/uploads\/2025\/09\/Zrzut-ekranu-2025-09-4-o-11.45.17.png 2438w, https:\/\/www.sotrender.com\/blog\/wp-content\/uploads\/2025\/09\/Zrzut-ekranu-2025-09-4-o-11.45.17-475x179.png 475w, https:\/\/www.sotrender.com\/blog\/wp-content\/uploads\/2025\/09\/Zrzut-ekranu-2025-09-4-o-11.45.17-768x289.png 768w, https:\/\/www.sotrender.com\/blog\/wp-content\/uploads\/2025\/09\/Zrzut-ekranu-2025-09-4-o-11.45.17-1536x578.png 1536w, https:\/\/www.sotrender.com\/blog\/wp-content\/uploads\/2025\/09\/Zrzut-ekranu-2025-09-4-o-11.45.17-2048x771.png 2048w\" sizes=\"(max-width: 2438px) 100vw, 2438px\" \/><figcaption class=\"wp-element-caption\"><a href=\"https:\/\/www.sotrender.com\/trends\/facebook\/poland\/202508\/kultura#fans\" target=\"_blank\" rel=\"noreferrer noopener\">Najwi\u0119ksze profile na Facebooku w kategorii Kultura i sztuka<\/a>&nbsp;| sierpie\u0144 2025 r.<\/figcaption><\/figure><\/div>\n\n<style>\n    .cta-image-container {\n        background-image: url('https:\/\/www.sotrender.com\/blog\/wp-content\/uploads\/2024\/07\/Frame-1000001352.png');\n        background-size: contain;\n        background-position: left 300px top 100px;\n        background-repeat: no-repeat;\n}\n\n<\/style>    \n<div id=\"wp-block-cta-buttons-three-points-and-image\" class=\"wp-block-cta-buttons-three-points-and-image\">\n\n    <div class=\"content\">\n        <div class=\"header\">Zacznij analizowa\u0107 swoje dzia\u0142ania na FB<\/div>\n\n        <ul class=\"list\">\n            <li>Przetestuj przez 7 dni za darmo<\/li>\n            <li>Poznaj wszystkie funkcje narz\u0119dzia<\/li>\n            <li>Sprawd\u017a dzia\u0142ania konkurencji<\/li>\n        <\/ul>\n                    <a class=\"btn\" href=\"https:\/\/app.sotrender.com\/auth\/signup\/trial\/pl?utm_source=blog-cta\">\n                <div class=\"btn_content\">\n                    Wypr\u00f3buj ju\u017c dzi\u015b                <\/div>\n            <\/a>\n        \n    <\/div>\n\n    <img decoding=\"async\" class=\"image\" src=\"https:\/\/www.sotrender.com\/blog\/wp-content\/uploads\/2024\/07\/Frame-1000001352.png\"\/>\n    \n\n   \n   \n<\/div>\n\n\n\n<h2 class=\"wp-block-heading\">Limitowane kufle Tyskie x Boles\u0142awiec<\/h2>\n\n\n\n<p>Niecz\u0119sto zdarza si\u0119, by FMCG \u0142\u0105czy\u0142o si\u0142y z kultur\u0105 i rzemios\u0142em \u2013 a jednak Tyskie zrobi\u0142o to w wielkim stylu. Marka nawi\u0105za\u0142a wsp\u00f3\u0142prac\u0119 z kultowymi Zak\u0142adami Ceramicznymi \u201eBoles\u0142awiec\u201d i wypu\u015bci\u0142a limitowan\u0105 seri\u0119 kufli, kt\u00f3re mo\u017cna by\u0142o zdoby\u0107 w konkursie na Facebooku.<\/p>\n\n\n\n<p>Pomys\u0142 okaza\u0142 si\u0119 strza\u0142em w dziesi\u0105tk\u0119. Post wygenerowa\u0142 ogromne zainteresowanie i wskoczy\u0142 na drugie miejsce w\u015br\u00f3d <a href=\"https:\/\/www.sotrender.com\/trends\/facebook\/poland\/202508\/fmcg#best_posts\" target=\"_blank\" rel=\"noreferrer noopener\">najlepszych tre\u015bci w kategorii FMCG<\/a>. <\/p>\n\n\n<div class=\"wp-block-image\">\n<figure class=\"aligncenter size-full\"><img loading=\"lazy\" decoding=\"async\" width=\"2384\" height=\"1228\" src=\"https:\/\/www.sotrender.com\/blog\/wp-content\/uploads\/2025\/09\/Zrzut-ekranu-2025-09-4-o-11.49.10-min-1.png\" alt=\"Najlepsze posty na Facebooku w kategorii FMCG\u00a0sierpie\u0144 2025 r.\" class=\"wp-image-56353\" srcset=\"https:\/\/www.sotrender.com\/blog\/wp-content\/uploads\/2025\/09\/Zrzut-ekranu-2025-09-4-o-11.49.10-min-1.png 2384w, https:\/\/www.sotrender.com\/blog\/wp-content\/uploads\/2025\/09\/Zrzut-ekranu-2025-09-4-o-11.49.10-min-1-475x245.png 475w, https:\/\/www.sotrender.com\/blog\/wp-content\/uploads\/2025\/09\/Zrzut-ekranu-2025-09-4-o-11.49.10-min-1-768x396.png 768w, https:\/\/www.sotrender.com\/blog\/wp-content\/uploads\/2025\/09\/Zrzut-ekranu-2025-09-4-o-11.49.10-min-1-1536x791.png 1536w, https:\/\/www.sotrender.com\/blog\/wp-content\/uploads\/2025\/09\/Zrzut-ekranu-2025-09-4-o-11.49.10-min-1-2048x1055.png 2048w\" sizes=\"(max-width: 2384px) 100vw, 2384px\" \/><figcaption class=\"wp-element-caption\"><a href=\"https:\/\/www.sotrender.com\/trends\/facebook\/poland\/202508\/fmcg#best_posts\" target=\"_blank\" rel=\"noreferrer noopener\">Najlepsze posty na Facebooku w kategorii FMCG<\/a>&nbsp;| sierpie\u0144 2025 r.<\/figcaption><\/figure><\/div>\n\n\n<p>Efekt? Awans marki o pi\u0119\u0107 pozycji w <a href=\"https:\/\/www.sotrender.com\/trends\/facebook\/poland\/202508\/fmcg#engagement\" target=\"_blank\" rel=\"noreferrer noopener\">rankingu aktywno\u015bci u\u017cytkownik\u00f3w<\/a> i teraz drugie miejsce w ca\u0142ej stawce.<\/p>\n\n\n\n<p>To dow\u00f3d, \u017ce dobrze dobrany kontekst kulturowy i oryginalna nagroda mog\u0105 wywo\u0142a\u0107 emocje, kt\u00f3rych zwyk\u0142a kampania reklamowa nie by\u0142aby w stanie zbudowa\u0107.<\/p>\n\n\n<div class=\"wp-block-image\">\n<figure class=\"aligncenter size-full\"><img loading=\"lazy\" decoding=\"async\" width=\"2438\" height=\"890\" src=\"https:\/\/www.sotrender.com\/blog\/wp-content\/uploads\/2025\/09\/Zrzut-ekranu-2025-09-4-o-11.47.43.png\" alt=\"Profile na Facebooku o najwi\u0119kszej aktywno\u015bci u\u017cytkownik\u00f3w w kategorii FMCG\u00a0sierpie\u0144 2025 r.\" class=\"wp-image-56345\" srcset=\"https:\/\/www.sotrender.com\/blog\/wp-content\/uploads\/2025\/09\/Zrzut-ekranu-2025-09-4-o-11.47.43.png 2438w, https:\/\/www.sotrender.com\/blog\/wp-content\/uploads\/2025\/09\/Zrzut-ekranu-2025-09-4-o-11.47.43-475x173.png 475w, https:\/\/www.sotrender.com\/blog\/wp-content\/uploads\/2025\/09\/Zrzut-ekranu-2025-09-4-o-11.47.43-768x280.png 768w, https:\/\/www.sotrender.com\/blog\/wp-content\/uploads\/2025\/09\/Zrzut-ekranu-2025-09-4-o-11.47.43-1536x561.png 1536w, https:\/\/www.sotrender.com\/blog\/wp-content\/uploads\/2025\/09\/Zrzut-ekranu-2025-09-4-o-11.47.43-2048x748.png 2048w\" sizes=\"(max-width: 2438px) 100vw, 2438px\" \/><figcaption class=\"wp-element-caption\"><a href=\"https:\/\/www.sotrender.com\/trends\/facebook\/poland\/202508\/fmcg#engagement\" target=\"_blank\" rel=\"noreferrer noopener\">Profile na Facebooku o najwi\u0119kszej aktywno\u015bci u\u017cytkownik\u00f3w w kategorii FMCG<\/a>&nbsp;| sierpie\u0144 2025 r.<\/figcaption><\/figure><\/div>\n\n\n<h2 class=\"wp-block-heading\">Ed Sheeran w koszulce z logo Kuchni Vikinga<\/h2>\n\n\n\n<p>W sierpniu w kategorii FMCG uwag\u0119 przyci\u0105gn\u0119\u0142a tak\u017ce Kuchnia Vikinga. Marka a\u017c dwukrotnie zameldowa\u0142a si\u0119 w <a href=\"https:\/\/www.sotrender.com\/trends\/facebook\/poland\/202508\/fmcg#best_posts\" target=\"_blank\" rel=\"noreferrer noopener\">zestawieniu najlepszych post\u00f3w<\/a>, w tym dzi\u0119ki \u015bwietnie rozegranemu RTM-owi.<\/p>\n\n\n\n<p>Podczas koncertu Eda Sheerana we Wroc\u0142awiu artysta pojawi\u0142 si\u0119 w koszulce \u015al\u0105ska Wroc\u0142aw z logo Kuchni Vikinga. Marka nie mog\u0142a przepu\u015bci\u0107 takiej okazji i szybko wykorzysta\u0142a moment, publikuj\u0105c post, kt\u00f3ry wywo\u0142a\u0142 ogromne poruszenie.<\/p>\n\n\n\n<p>Efekt? Awans na pozycj\u0119 lidera w rankingu aktywno\u015bci u\u017cytkownik\u00f3w oraz <a href=\"https:\/\/www.sotrender.com\/trends\/facebook\/poland\/202508\/fmcg#storytellers\" target=\"_blank\" rel=\"noreferrer noopener\">wzrost zaanga\u017cowania a\u017c o 42%<\/a>, kt\u00f3ry zaowocowa\u0142 trzecim miejscem w rankingu.<\/p>\n\n\n<div class=\"wp-block-image\">\n<figure class=\"aligncenter size-full\"><img loading=\"lazy\" decoding=\"async\" width=\"2384\" height=\"1030\" src=\"https:\/\/www.sotrender.com\/blog\/wp-content\/uploads\/2025\/09\/Zrzut-ekranu-2025-09-4-o-11.49.22-min.png\" alt=\"Najlepsze posty na Facebooku w kategorii FMCG sierpie\u0144 2025 r.\" class=\"wp-image-56347\" srcset=\"https:\/\/www.sotrender.com\/blog\/wp-content\/uploads\/2025\/09\/Zrzut-ekranu-2025-09-4-o-11.49.22-min.png 2384w, https:\/\/www.sotrender.com\/blog\/wp-content\/uploads\/2025\/09\/Zrzut-ekranu-2025-09-4-o-11.49.22-min-475x205.png 475w, https:\/\/www.sotrender.com\/blog\/wp-content\/uploads\/2025\/09\/Zrzut-ekranu-2025-09-4-o-11.49.22-min-768x332.png 768w, https:\/\/www.sotrender.com\/blog\/wp-content\/uploads\/2025\/09\/Zrzut-ekranu-2025-09-4-o-11.49.22-min-1536x664.png 1536w, https:\/\/www.sotrender.com\/blog\/wp-content\/uploads\/2025\/09\/Zrzut-ekranu-2025-09-4-o-11.49.22-min-2048x885.png 2048w\" sizes=\"(max-width: 2384px) 100vw, 2384px\" \/><figcaption class=\"wp-element-caption\"><a href=\"https:\/\/www.sotrender.com\/trends\/facebook\/poland\/202508\/fmcg#best_posts\" target=\"_blank\" rel=\"noreferrer noopener\">Najlepsze posty na Facebooku w kategorii FMCG<\/a>&nbsp;| sierpie\u0144 2025 r.<\/figcaption><\/figure><\/div>\n\n\n<h2 class=\"wp-block-heading\">Facebook Trends sierpie\u0144 2025<\/h2>\n\n\n\n<p>To ju\u017c wszystko, co przygotowali\u015bmy dla Was w tym miesi\u0105cu. Zach\u0119camy do sprawdzenia pe\u0142nej wersji&nbsp;<a href=\"https:\/\/sotrender.com\/trends\/facebook\/poland\/202508\/\" target=\"_blank\" rel=\"noreferrer noopener\">sierpniowego raportu Facebook Trends<\/a>.<\/p>\n","protected":false},"excerpt":{"rendered":"<p>W tym miesi\u0105cu na Facebooku nie zabrak\u0142o sporego rankingowego skoku, nieoczekiwanej wsp\u00f3\u0142pracy oraz tre\u015bci zwi\u0105zanych z koncertuj\u0105cym w Polsce muzykiem.<\/p>\n","protected":false},"author":311,"featured_media":56448,"comment_status":"closed","ping_status":"open","sticky":false,"template":"","format":"standard","meta":{"inline_featured_image":false,"footnotes":""},"categories":[1777,1783,1791,1797],"tags":[4029,4030,4031,4032,4033],"yoast_head":"<!-- This site is optimized with the Yoast SEO plugin v22.4 - https:\/\/yoast.com\/wordpress\/plugins\/seo\/ -->\n<title>Facebook Trends sierpie\u0144 2025 \u2013 wznosimy toast<\/title>\n<meta name=\"description\" content=\"W tym miesi\u0105cu na Facebooku nie zabrak\u0142o sporego rankingowego skoku oraz og\u0142oszenia nieoczekiwanej wsp\u00f3\u0142pracy.\" \/>\n<meta name=\"robots\" content=\"index, follow, max-snippet:-1, max-image-preview:large, max-video-preview:-1\" \/>\n<link rel=\"canonical\" href=\"https:\/\/www.sotrender.com\/blog\/pl\/2025\/09\/facebook-trends-sierpien-2025-wznosimy-toast\/\" \/>\n<meta property=\"og:locale\" content=\"pl_PL\" \/>\n<meta property=\"og:type\" content=\"article\" \/>\n<meta property=\"og:title\" content=\"Facebook Trends sierpie\u0144 2025 \u2013 wznosimy toast\" \/>\n<meta property=\"og:description\" content=\"W tym miesi\u0105cu na Facebooku nie zabrak\u0142o sporego rankingowego skoku oraz og\u0142oszenia nieoczekiwanej wsp\u00f3\u0142pracy.\" \/>\n<meta property=\"og:url\" content=\"https:\/\/www.sotrender.com\/blog\/pl\/2025\/09\/facebook-trends-sierpien-2025-wznosimy-toast\/\" \/>\n<meta property=\"og:site_name\" content=\"Sotrender Blog\" \/>\n<meta property=\"article:publisher\" content=\"https:\/\/www.facebook.com\/Sotrender\" \/>\n<meta property=\"article:published_time\" content=\"2025-09-15T08:30:10+00:00\" \/>\n<meta property=\"article:modified_time\" content=\"2025-09-15T08:42:32+00:00\" \/>\n<meta property=\"og:image\" content=\"https:\/\/www.sotrender.com\/blog\/wp-content\/uploads\/2025\/09\/pexels-buzuk-3641322-e1757492837204.jpg\" \/>\n\t<meta property=\"og:image:width\" content=\"1280\" \/>\n\t<meta property=\"og:image:height\" content=\"921\" \/>\n\t<meta property=\"og:image:type\" content=\"image\/jpeg\" \/>\n<meta name=\"author\" content=\"Bogna Raszowska\" \/>\n<meta name=\"twitter:card\" content=\"summary_large_image\" \/>\n<meta name=\"twitter:creator\" content=\"@Sotrender\" \/>\n<meta name=\"twitter:site\" content=\"@Sotrender\" \/>\n<meta name=\"twitter:label1\" content=\"Written by\" \/>\n\t<meta name=\"twitter:data1\" content=\"Bogna Raszowska\" \/>\n\t<meta name=\"twitter:label2\" content=\"Est. reading time\" \/>\n\t<meta name=\"twitter:data2\" content=\"3 minutes\" \/>\n<script type=\"application\/ld+json\" class=\"yoast-schema-graph\">{\"@context\":\"https:\/\/schema.org\",\"@graph\":[{\"@type\":\"WebPage\",\"@id\":\"https:\/\/www.sotrender.com\/blog\/pl\/2025\/09\/facebook-trends-sierpien-2025-wznosimy-toast\/\",\"url\":\"https:\/\/www.sotrender.com\/blog\/pl\/2025\/09\/facebook-trends-sierpien-2025-wznosimy-toast\/\",\"name\":\"Facebook Trends sierpie\u0144 2025 \u2013 wznosimy toast\",\"isPartOf\":{\"@id\":\"https:\/\/www.sotrender.com\/blog\/#website\"},\"primaryImageOfPage\":{\"@id\":\"https:\/\/www.sotrender.com\/blog\/pl\/2025\/09\/facebook-trends-sierpien-2025-wznosimy-toast\/#primaryimage\"},\"image\":{\"@id\":\"https:\/\/www.sotrender.com\/blog\/pl\/2025\/09\/facebook-trends-sierpien-2025-wznosimy-toast\/#primaryimage\"},\"thumbnailUrl\":\"https:\/\/www.sotrender.com\/blog\/wp-content\/uploads\/2025\/09\/pexels-buzuk-3641322-e1757492837204.jpg\",\"datePublished\":\"2025-09-15T08:30:10+00:00\",\"dateModified\":\"2025-09-15T08:42:32+00:00\",\"author\":{\"@id\":\"https:\/\/www.sotrender.com\/blog\/#\/schema\/person\/2c3d8f31a13ec8be6145f5865f25d16c\"},\"description\":\"W tym miesi\u0105cu na Facebooku nie zabrak\u0142o sporego rankingowego skoku oraz og\u0142oszenia nieoczekiwanej wsp\u00f3\u0142pracy.\",\"breadcrumb\":{\"@id\":\"https:\/\/www.sotrender.com\/blog\/pl\/2025\/09\/facebook-trends-sierpien-2025-wznosimy-toast\/#breadcrumb\"},\"inLanguage\":\"pl-PL\",\"potentialAction\":[{\"@type\":\"ReadAction\",\"target\":[\"https:\/\/www.sotrender.com\/blog\/pl\/2025\/09\/facebook-trends-sierpien-2025-wznosimy-toast\/\"]}]},{\"@type\":\"ImageObject\",\"inLanguage\":\"pl-PL\",\"@id\":\"https:\/\/www.sotrender.com\/blog\/pl\/2025\/09\/facebook-trends-sierpien-2025-wznosimy-toast\/#primaryimage\",\"url\":\"https:\/\/www.sotrender.com\/blog\/wp-content\/uploads\/2025\/09\/pexels-buzuk-3641322-e1757492837204.jpg\",\"contentUrl\":\"https:\/\/www.sotrender.com\/blog\/wp-content\/uploads\/2025\/09\/pexels-buzuk-3641322-e1757492837204.jpg\",\"width\":1280,\"height\":921},{\"@type\":\"BreadcrumbList\",\"@id\":\"https:\/\/www.sotrender.com\/blog\/pl\/2025\/09\/facebook-trends-sierpien-2025-wznosimy-toast\/#breadcrumb\",\"itemListElement\":[{\"@type\":\"ListItem\",\"position\":1,\"name\":\"Home\",\"item\":\"https:\/\/www.sotrender.com\/blog\/\"},{\"@type\":\"ListItem\",\"position\":2,\"name\":\"Facebook Trends sierpie\u0144 2025 \u2013 wznosimy toast\"}]},{\"@type\":\"WebSite\",\"@id\":\"https:\/\/www.sotrender.com\/blog\/#website\",\"url\":\"https:\/\/www.sotrender.com\/blog\/\",\"name\":\"Sotrender Blog\",\"description\":\"\",\"potentialAction\":[{\"@type\":\"SearchAction\",\"target\":{\"@type\":\"EntryPoint\",\"urlTemplate\":\"https:\/\/www.sotrender.com\/blog\/?s={search_term_string}\"},\"query-input\":\"required name=search_term_string\"}],\"inLanguage\":\"pl-PL\"},{\"@type\":\"Person\",\"@id\":\"https:\/\/www.sotrender.com\/blog\/#\/schema\/person\/2c3d8f31a13ec8be6145f5865f25d16c\",\"name\":\"Bogna Raszowska\",\"image\":{\"@type\":\"ImageObject\",\"inLanguage\":\"pl-PL\",\"@id\":\"https:\/\/www.sotrender.com\/blog\/#\/schema\/person\/image\/\",\"url\":\"https:\/\/secure.gravatar.com\/avatar\/a9efb91eb7796ed666d24a5b58b6a6cd?s=96&d=mm&r=g\",\"contentUrl\":\"https:\/\/secure.gravatar.com\/avatar\/a9efb91eb7796ed666d24a5b58b6a6cd?s=96&d=mm&r=g\",\"caption\":\"Bogna Raszowska\"},\"description\":\"Digital marketer with a passion for copywriting, content and social media. Off the clock, I'm an avid traveler, RPG gamer, music lover, and South Korean culture enthusiast.\",\"sameAs\":[\"https:\/\/www.linkedin.com\/in\/bognaraszowska\"],\"url\":\"https:\/\/www.sotrender.com\/blog\/pl\/author\/bogna_raszowska\/\"}]}<\/script>\n<!-- \/ Yoast SEO plugin. -->","yoast_head_json":{"title":"Facebook Trends sierpie\u0144 2025 \u2013 wznosimy toast","description":"W tym miesi\u0105cu na Facebooku nie zabrak\u0142o sporego rankingowego skoku oraz og\u0142oszenia nieoczekiwanej wsp\u00f3\u0142pracy.","robots":{"index":"index","follow":"follow","max-snippet":"max-snippet:-1","max-image-preview":"max-image-preview:large","max-video-preview":"max-video-preview:-1"},"canonical":"https:\/\/www.sotrender.com\/blog\/pl\/2025\/09\/facebook-trends-sierpien-2025-wznosimy-toast\/","og_locale":"pl_PL","og_type":"article","og_title":"Facebook Trends sierpie\u0144 2025 \u2013 wznosimy toast","og_description":"W tym miesi\u0105cu na Facebooku nie zabrak\u0142o sporego rankingowego skoku oraz og\u0142oszenia nieoczekiwanej wsp\u00f3\u0142pracy.","og_url":"https:\/\/www.sotrender.com\/blog\/pl\/2025\/09\/facebook-trends-sierpien-2025-wznosimy-toast\/","og_site_name":"Sotrender Blog","article_publisher":"https:\/\/www.facebook.com\/Sotrender","article_published_time":"2025-09-15T08:30:10+00:00","article_modified_time":"2025-09-15T08:42:32+00:00","og_image":[{"width":1280,"height":921,"url":"https:\/\/www.sotrender.com\/blog\/wp-content\/uploads\/2025\/09\/pexels-buzuk-3641322-e1757492837204.jpg","type":"image\/jpeg"}],"author":"Bogna Raszowska","twitter_card":"summary_large_image","twitter_creator":"@Sotrender","twitter_site":"@Sotrender","twitter_misc":{"Written by":"Bogna Raszowska","Est. reading time":"3 minutes"},"schema":{"@context":"https:\/\/schema.org","@graph":[{"@type":"WebPage","@id":"https:\/\/www.sotrender.com\/blog\/pl\/2025\/09\/facebook-trends-sierpien-2025-wznosimy-toast\/","url":"https:\/\/www.sotrender.com\/blog\/pl\/2025\/09\/facebook-trends-sierpien-2025-wznosimy-toast\/","name":"Facebook Trends sierpie\u0144 2025 \u2013 wznosimy toast","isPartOf":{"@id":"https:\/\/www.sotrender.com\/blog\/#website"},"primaryImageOfPage":{"@id":"https:\/\/www.sotrender.com\/blog\/pl\/2025\/09\/facebook-trends-sierpien-2025-wznosimy-toast\/#primaryimage"},"image":{"@id":"https:\/\/www.sotrender.com\/blog\/pl\/2025\/09\/facebook-trends-sierpien-2025-wznosimy-toast\/#primaryimage"},"thumbnailUrl":"https:\/\/www.sotrender.com\/blog\/wp-content\/uploads\/2025\/09\/pexels-buzuk-3641322-e1757492837204.jpg","datePublished":"2025-09-15T08:30:10+00:00","dateModified":"2025-09-15T08:42:32+00:00","author":{"@id":"https:\/\/www.sotrender.com\/blog\/#\/schema\/person\/2c3d8f31a13ec8be6145f5865f25d16c"},"description":"W tym miesi\u0105cu na Facebooku nie zabrak\u0142o sporego rankingowego skoku oraz og\u0142oszenia nieoczekiwanej wsp\u00f3\u0142pracy.","breadcrumb":{"@id":"https:\/\/www.sotrender.com\/blog\/pl\/2025\/09\/facebook-trends-sierpien-2025-wznosimy-toast\/#breadcrumb"},"inLanguage":"pl-PL","potentialAction":[{"@type":"ReadAction","target":["https:\/\/www.sotrender.com\/blog\/pl\/2025\/09\/facebook-trends-sierpien-2025-wznosimy-toast\/"]}]},{"@type":"ImageObject","inLanguage":"pl-PL","@id":"https:\/\/www.sotrender.com\/blog\/pl\/2025\/09\/facebook-trends-sierpien-2025-wznosimy-toast\/#primaryimage","url":"https:\/\/www.sotrender.com\/blog\/wp-content\/uploads\/2025\/09\/pexels-buzuk-3641322-e1757492837204.jpg","contentUrl":"https:\/\/www.sotrender.com\/blog\/wp-content\/uploads\/2025\/09\/pexels-buzuk-3641322-e1757492837204.jpg","width":1280,"height":921},{"@type":"BreadcrumbList","@id":"https:\/\/www.sotrender.com\/blog\/pl\/2025\/09\/facebook-trends-sierpien-2025-wznosimy-toast\/#breadcrumb","itemListElement":[{"@type":"ListItem","position":1,"name":"Home","item":"https:\/\/www.sotrender.com\/blog\/"},{"@type":"ListItem","position":2,"name":"Facebook Trends sierpie\u0144 2025 \u2013 wznosimy toast"}]},{"@type":"WebSite","@id":"https:\/\/www.sotrender.com\/blog\/#website","url":"https:\/\/www.sotrender.com\/blog\/","name":"Sotrender Blog","description":"","potentialAction":[{"@type":"SearchAction","target":{"@type":"EntryPoint","urlTemplate":"https:\/\/www.sotrender.com\/blog\/?s={search_term_string}"},"query-input":"required name=search_term_string"}],"inLanguage":"pl-PL"},{"@type":"Person","@id":"https:\/\/www.sotrender.com\/blog\/#\/schema\/person\/2c3d8f31a13ec8be6145f5865f25d16c","name":"Bogna Raszowska","image":{"@type":"ImageObject","inLanguage":"pl-PL","@id":"https:\/\/www.sotrender.com\/blog\/#\/schema\/person\/image\/","url":"https:\/\/secure.gravatar.com\/avatar\/a9efb91eb7796ed666d24a5b58b6a6cd?s=96&d=mm&r=g","contentUrl":"https:\/\/secure.gravatar.com\/avatar\/a9efb91eb7796ed666d24a5b58b6a6cd?s=96&d=mm&r=g","caption":"Bogna Raszowska"},"description":"Digital marketer with a passion for copywriting, content and social media. Off the clock, I'm an avid traveler, RPG gamer, music lover, and South Korean culture enthusiast.","sameAs":["https:\/\/www.linkedin.com\/in\/bognaraszowska"],"url":"https:\/\/www.sotrender.com\/blog\/pl\/author\/bogna_raszowska\/"}]}},"_links":{"self":[{"href":"https:\/\/www.sotrender.com\/blog\/pl\/wp-json\/wp\/v2\/posts\/56310"}],"collection":[{"href":"https:\/\/www.sotrender.com\/blog\/pl\/wp-json\/wp\/v2\/posts"}],"about":[{"href":"https:\/\/www.sotrender.com\/blog\/pl\/wp-json\/wp\/v2\/types\/post"}],"author":[{"embeddable":true,"href":"https:\/\/www.sotrender.com\/blog\/pl\/wp-json\/wp\/v2\/users\/311"}],"replies":[{"embeddable":true,"href":"https:\/\/www.sotrender.com\/blog\/pl\/wp-json\/wp\/v2\/comments?post=56310"}],"version-history":[{"count":15,"href":"https:\/\/www.sotrender.com\/blog\/pl\/wp-json\/wp\/v2\/posts\/56310\/revisions"}],"predecessor-version":[{"id":56508,"href":"https:\/\/www.sotrender.com\/blog\/pl\/wp-json\/wp\/v2\/posts\/56310\/revisions\/56508"}],"wp:featuredmedia":[{"embeddable":true,"href":"https:\/\/www.sotrender.com\/blog\/pl\/wp-json\/wp\/v2\/media\/56448"}],"wp:attachment":[{"href":"https:\/\/www.sotrender.com\/blog\/pl\/wp-json\/wp\/v2\/media?parent=56310"}],"wp:term":[{"taxonomy":"category","embeddable":true,"href":"https:\/\/www.sotrender.com\/blog\/pl\/wp-json\/wp\/v2\/categories?post=56310"},{"taxonomy":"post_tag","embeddable":true,"href":"https:\/\/www.sotrender.com\/blog\/pl\/wp-json\/wp\/v2\/tags?post=56310"}],"curies":[{"name":"wp","href":"https:\/\/api.w.org\/{rel}","templated":true}]}}