{"id":56106,"date":"2025-08-14T08:59:52","date_gmt":"2025-08-14T06:59:52","guid":{"rendered":"https:\/\/www.sotrender.com\/blog\/?p=56106"},"modified":"2025-08-21T12:33:15","modified_gmt":"2025-08-21T10:33:15","slug":"ad-trends-lipiec-2025-reklamodawcy-na-wakacjach","status":"publish","type":"post","link":"https:\/\/www.sotrender.com\/blog\/pl\/2025\/08\/ad-trends-lipiec-2025-reklamodawcy-na-wakacjach\/","title":{"rendered":"Ad Trends lipiec 2025 \u2013 reklamodawcy na wakacjach"},"content":{"rendered":"\n<p>Mimo okresu wakacyjnego w \u015bwiecie reklamy dzieje si\u0119 du\u017co \u2013 i dzieje si\u0119 ciekawie. Cho\u0107 najwi\u0119ksi reklamodawcy ewidentnie zwolnili w lipcu, jest jeden wyj\u0105tek.<\/p>\n\n\n\n<!--more-->\n\n\n\n<p>Zapraszamy na najnowszy raport <a href=\"https:\/\/sotrender.com\/trends\/ads\/poland\/202507\" target=\"_blank\" rel=\"noreferrer noopener\">Ad Trends lipiec 2025<\/a>.<\/p>\n\n\n\n<figure class=\"wp-block-embed is-type-video is-provider-youtube wp-block-embed-youtube wp-embed-aspect-9-16 wp-has-aspect-ratio\"><div class=\"wp-block-embed__wrapper\">\n<iframe loading=\"lazy\" title=\"Temu ZWI\u0118KSZA liczb\u0119 reklam w Mecie o 13 TYS \ud83e\udd2f\" width=\"422\" height=\"750\" src=\"https:\/\/www.youtube.com\/embed\/ab_kGN97dRQ?feature=oembed\" frameborder=\"0\" allow=\"accelerometer; autoplay; clipboard-write; encrypted-media; gyroscope; picture-in-picture; web-share\" referrerpolicy=\"strict-origin-when-cross-origin\" allowfullscreen><\/iframe>\n<\/div><\/figure>\n\n\n\n<h2 class=\"wp-block-heading\">Temu Poland nie zwalnia tempa<\/h2>\n\n\n\n<p>Oczywi\u015bcie to po Temu mogli\u015bmy spodziewa\u0107 si\u0119 dalszej intensyfikacji dzia\u0142a\u0144 reklamowych w ekosystemie Meta. Na jego koncie w lipcu odnotowali\u015bmy 13 tysi\u0119cy reklam wi\u0119cej ni\u017c w czerwcu (wzrost o 24%), co oznacza, \u017ce w minionym miesi\u0105cu Temu emitowa\u0142o ju\u017c niemal 70 tysi\u0119cy reklam.<\/p>\n\n\n\n<figure class=\"wp-block-image size-full\"><img loading=\"lazy\" decoding=\"async\" width=\"2444\" height=\"858\" src=\"https:\/\/www.sotrender.com\/blog\/wp-content\/uploads\/2025\/08\/meta-lipiec-2025-liczba-reklam.png\" alt=\"meta lipiec 2025 liczba reklam\" class=\"wp-image-56109\" srcset=\"https:\/\/www.sotrender.com\/blog\/wp-content\/uploads\/2025\/08\/meta-lipiec-2025-liczba-reklam.png 2444w, https:\/\/www.sotrender.com\/blog\/wp-content\/uploads\/2025\/08\/meta-lipiec-2025-liczba-reklam-475x167.png 475w, https:\/\/www.sotrender.com\/blog\/wp-content\/uploads\/2025\/08\/meta-lipiec-2025-liczba-reklam-768x270.png 768w, https:\/\/www.sotrender.com\/blog\/wp-content\/uploads\/2025\/08\/meta-lipiec-2025-liczba-reklam-1536x539.png 1536w, https:\/\/www.sotrender.com\/blog\/wp-content\/uploads\/2025\/08\/meta-lipiec-2025-liczba-reklam-2048x719.png 2048w\" sizes=\"(max-width: 2444px) 100vw, 2444px\" \/><figcaption class=\"wp-element-caption\">Reklamodawcy w ekosystemie Meta <a href=\"https:\/\/sotrender.com\/trends\/ads\/poland\/202507\/ads#liczba_reklam\" target=\"_blank\" rel=\"noreferrer noopener\">z najwi\u0119ksz\u0105 liczb\u0105 reklam w lipcu 2025 roku<\/a> <\/figcaption><\/figure>\n\n\n\n<p>R\u00f3wnie\u017c inni reklamodawcy intensyfikowali swoje dzia\u0142ania reklamowe. Na koncie pizzerii Da Grasso, Pepsi, KFD czy New Balance pojawi\u0142o si\u0119 ponad 500 reklam wi\u0119cej ni\u017c w czerwcu.<\/p>\n\n\n\n<p>Jednak w por\u00f3wnaniu do Temu wzrosty te s\u0105 niemal symboliczne.<\/p>\n\n\n\n<h2 class=\"wp-block-heading\">Wakacyjne przygotowania na profilu Revoluta<\/h2>\n\n\n\n<p>W lipcu nast\u0105pi\u0142a zmiana na pozycji lidera <a href=\"https:\/\/sotrender.com\/trends\/ads\/poland\/202507\/ads#best_posts\" target=\"_blank\" rel=\"noreferrer noopener\">w rankingu najbardziej zasi\u0119gowych reklam w Mecie<\/a>.&nbsp;<\/p>\n\n\n\n<p>Dwie reklamy o najwi\u0119kszym zasi\u0119gu, przekraczaj\u0105cym odpowiednio 12 i 10 milion\u00f3w, opublikowa\u0142 Revolut \u2013 debiutant w tym rankingu.<\/p>\n\n\n\n<p>Reklamy marki dotyczy\u0142y wakacyjnych udogodnie\u0144 zwi\u0105zanych z p\u0142atno\u015bciami, zarz\u0105dzaniem finansami czy bezproblemow\u0105 wymian\u0105 walut.<\/p>\n\n\n\n<figure class=\"wp-block-image size-full\"><img loading=\"lazy\" decoding=\"async\" width=\"1800\" height=\"802\" src=\"https:\/\/www.sotrender.com\/blog\/wp-content\/uploads\/2025\/08\/meta-lipiec-2025-top-reklamy.png\" alt=\"lipiec 2025 meta reklamy z najwi\u0119kszym zasi\u0119giem, revolut \" class=\"wp-image-56111\" srcset=\"https:\/\/www.sotrender.com\/blog\/wp-content\/uploads\/2025\/08\/meta-lipiec-2025-top-reklamy.png 1800w, https:\/\/www.sotrender.com\/blog\/wp-content\/uploads\/2025\/08\/meta-lipiec-2025-top-reklamy-475x212.png 475w, https:\/\/www.sotrender.com\/blog\/wp-content\/uploads\/2025\/08\/meta-lipiec-2025-top-reklamy-768x342.png 768w, https:\/\/www.sotrender.com\/blog\/wp-content\/uploads\/2025\/08\/meta-lipiec-2025-top-reklamy-1536x684.png 1536w\" sizes=\"(max-width: 1800px) 100vw, 1800px\" \/><figcaption class=\"wp-element-caption\"><a href=\"https:\/\/sotrender.com\/trends\/ads\/poland\/202507\/ads#best_posts\" target=\"_blank\" rel=\"noreferrer noopener\">Reklamy z najwi\u0119kszymi zasi\u0119gami w ekosystemie Meta w lipcu 2025 roku <\/a><\/figcaption><\/figure>\n\n\n\n<p>W TOP15 znalaz\u0142y si\u0119 \u0142\u0105cznie 4 reklamy Revoluta.<\/p>\n\n\n\n<p>W\u015br\u00f3d reklam o najwi\u0119kszym zasi\u0119gu nie zabrak\u0142o r\u00f3wnie\u017c konkurs\u00f3w organizowanych przez marki Orbit, Lipton czy Somersby.<\/p>\n\n\n\n<h2 class=\"wp-block-heading\">Czo\u0142owi reklamodawcy na wakacjach<\/h2>\n\n\n\n<p>Ranking najbardziej zasi\u0119gowych reklam w lipcu uleg\u0142 znacznym zmianom \u2013 na pr\u00f3\u017cno szuka\u0107 w nim Lidla, eobuwie, Skyshowtime czy JYSKA na czo\u0142owych pozycjach. Najwi\u0119ksi Polscy reklamodawcy ewidetnie zwolnili tempo i zmniejszyli wysi\u0142ki reklamowe w minionym miesi\u0105cu.&nbsp;<\/p>\n\n\n\n<p>Wida\u0107 to r\u00f3wnie\u017c patrz\u0105c na og\u00f3lne zasi\u0119gi tych marek w Mecie w lipcu \u2013 na ich koncie odnotowali\u015bmy mniejsze zasi\u0119gi w por\u00f3wnaniu do czerwca.<\/p>\n\n\n\n<p>Czy zmieni si\u0119 to ju\u017c w sierpniu? Czas poka\u017ce. Ciekawie zapowiadaj\u0105cym si\u0119 w\u0105tkiem jest chocia\u017cby wsp\u00f3\u0142praca Lidla z Maffashion, kt\u00f3r\u0105 dyskont mo\u017ce intensywnie promowa\u0107 w social media.<\/p>\n\n\n\n<h2 class=\"wp-block-heading\">Ad Trends lipiec 2025<\/h2>\n\n\n\n<p>Zapraszamy do odwiedzienia pe\u0142nego raportu <a href=\"https:\/\/sotrender.com\/trends\/ads\/poland\/202507\" target=\"_blank\" rel=\"noreferrer noopener\">Ad Trends lipiec 2025<\/a>, jak r\u00f3wnie\u017c podsumowania dzia\u0142a\u0144 organicznych marek na <a href=\"https:\/\/www.sotrender.com\/blog\/pl\/2025\/08\/facebook-trends-lipiec-2025-gratulacje-dla-mistrzyni\/\" target=\"_blank\" rel=\"noreferrer noopener\">Facebooku<\/a> i <a href=\"https:\/\/www.sotrender.com\/blog\/pl\/2025\/08\/instagram-trends-lipiec-2025-na-fali-wydarzen\/\" target=\"_blank\" rel=\"noreferrer noopener\">Instagramie<\/a> w minionym miesi\u0105cu.<\/p>\n","protected":false},"excerpt":{"rendered":"<p>Mimo okresu wakacyjnego w \u015bwiecie reklamy dzieje si\u0119 du\u017co \u2013 i dzieje si\u0119 ciekawie. Cho\u0107 najwi\u0119ksi reklamodawcy ewidentnie zwolnili w lipcu, jest jeden wyj\u0105tek.<\/p>\n","protected":false},"author":89,"featured_media":56116,"comment_status":"closed","ping_status":"open","sticky":false,"template":"","format":"standard","meta":{"inline_featured_image":false,"footnotes":""},"categories":[1791,1793],"tags":[2005,3153,3197,3904,3952,4014],"yoast_head":"<!-- This site is optimized with the Yoast SEO plugin v22.4 - https:\/\/yoast.com\/wordpress\/plugins\/seo\/ -->\n<title>Ad Trends lipiec 2025 \u2013 reklamodawcy na wakacjach<\/title>\n<meta name=\"description\" content=\"Mimo okresu wakacyjnego w \u015bwiecie reklamy w lipcu du\u017co si\u0119 dzia\u0142o. Cho\u0107 najwi\u0119ksi reklamodawcy ewidentnie zwolnili, by\u0142 jeden wyj\u0105tek.\" \/>\n<meta name=\"robots\" content=\"index, follow, max-snippet:-1, max-image-preview:large, max-video-preview:-1\" \/>\n<link rel=\"canonical\" href=\"https:\/\/www.sotrender.com\/blog\/pl\/2025\/08\/ad-trends-lipiec-2025-reklamodawcy-na-wakacjach\/\" \/>\n<meta property=\"og:locale\" content=\"pl_PL\" \/>\n<meta property=\"og:type\" content=\"article\" \/>\n<meta property=\"og:title\" content=\"Ad Trends lipiec 2025 \u2013 reklamodawcy na wakacjach\" \/>\n<meta property=\"og:description\" content=\"Mimo okresu wakacyjnego w \u015bwiecie reklamy w lipcu du\u017co si\u0119 dzia\u0142o. Cho\u0107 najwi\u0119ksi reklamodawcy ewidentnie zwolnili, by\u0142 jeden wyj\u0105tek.\" \/>\n<meta property=\"og:url\" content=\"https:\/\/www.sotrender.com\/blog\/pl\/2025\/08\/ad-trends-lipiec-2025-reklamodawcy-na-wakacjach\/\" \/>\n<meta property=\"og:site_name\" content=\"Sotrender Blog\" \/>\n<meta property=\"article:publisher\" content=\"https:\/\/www.facebook.com\/Sotrender\" \/>\n<meta property=\"article:published_time\" content=\"2025-08-14T06:59:52+00:00\" \/>\n<meta property=\"article:modified_time\" content=\"2025-08-21T10:33:15+00:00\" \/>\n<meta property=\"og:image\" content=\"https:\/\/www.sotrender.com\/blog\/wp-content\/uploads\/2025\/08\/credit-card.jpg\" \/>\n\t<meta property=\"og:image:width\" content=\"1280\" \/>\n\t<meta property=\"og:image:height\" content=\"1600\" \/>\n\t<meta property=\"og:image:type\" content=\"image\/jpeg\" \/>\n<meta name=\"author\" content=\"Klaudia \u017by\u0142ka\" \/>\n<meta name=\"twitter:card\" content=\"summary_large_image\" \/>\n<meta name=\"twitter:creator\" content=\"@Sotrender\" \/>\n<meta name=\"twitter:site\" content=\"@Sotrender\" \/>\n<meta name=\"twitter:label1\" content=\"Written by\" \/>\n\t<meta name=\"twitter:data1\" content=\"Klaudia \u017by\u0142ka\" \/>\n\t<meta name=\"twitter:label2\" content=\"Est. reading time\" \/>\n\t<meta name=\"twitter:data2\" content=\"3 minutes\" \/>\n<script type=\"application\/ld+json\" class=\"yoast-schema-graph\">{\"@context\":\"https:\/\/schema.org\",\"@graph\":[{\"@type\":\"WebPage\",\"@id\":\"https:\/\/www.sotrender.com\/blog\/pl\/2025\/08\/ad-trends-lipiec-2025-reklamodawcy-na-wakacjach\/\",\"url\":\"https:\/\/www.sotrender.com\/blog\/pl\/2025\/08\/ad-trends-lipiec-2025-reklamodawcy-na-wakacjach\/\",\"name\":\"Ad Trends lipiec 2025 \u2013 reklamodawcy na wakacjach\",\"isPartOf\":{\"@id\":\"https:\/\/www.sotrender.com\/blog\/#website\"},\"primaryImageOfPage\":{\"@id\":\"https:\/\/www.sotrender.com\/blog\/pl\/2025\/08\/ad-trends-lipiec-2025-reklamodawcy-na-wakacjach\/#primaryimage\"},\"image\":{\"@id\":\"https:\/\/www.sotrender.com\/blog\/pl\/2025\/08\/ad-trends-lipiec-2025-reklamodawcy-na-wakacjach\/#primaryimage\"},\"thumbnailUrl\":\"https:\/\/www.sotrender.com\/blog\/wp-content\/uploads\/2025\/08\/credit-card.jpg\",\"datePublished\":\"2025-08-14T06:59:52+00:00\",\"dateModified\":\"2025-08-21T10:33:15+00:00\",\"author\":{\"@id\":\"https:\/\/www.sotrender.com\/blog\/#\/schema\/person\/038ac5e276c5d102d8cbb9c36cd43416\"},\"description\":\"Mimo okresu wakacyjnego w \u015bwiecie reklamy w lipcu du\u017co si\u0119 dzia\u0142o. Cho\u0107 najwi\u0119ksi reklamodawcy ewidentnie zwolnili, by\u0142 jeden wyj\u0105tek.\",\"breadcrumb\":{\"@id\":\"https:\/\/www.sotrender.com\/blog\/pl\/2025\/08\/ad-trends-lipiec-2025-reklamodawcy-na-wakacjach\/#breadcrumb\"},\"inLanguage\":\"pl-PL\",\"potentialAction\":[{\"@type\":\"ReadAction\",\"target\":[\"https:\/\/www.sotrender.com\/blog\/pl\/2025\/08\/ad-trends-lipiec-2025-reklamodawcy-na-wakacjach\/\"]}]},{\"@type\":\"ImageObject\",\"inLanguage\":\"pl-PL\",\"@id\":\"https:\/\/www.sotrender.com\/blog\/pl\/2025\/08\/ad-trends-lipiec-2025-reklamodawcy-na-wakacjach\/#primaryimage\",\"url\":\"https:\/\/www.sotrender.com\/blog\/wp-content\/uploads\/2025\/08\/credit-card.jpg\",\"contentUrl\":\"https:\/\/www.sotrender.com\/blog\/wp-content\/uploads\/2025\/08\/credit-card.jpg\",\"width\":1280,\"height\":1600},{\"@type\":\"BreadcrumbList\",\"@id\":\"https:\/\/www.sotrender.com\/blog\/pl\/2025\/08\/ad-trends-lipiec-2025-reklamodawcy-na-wakacjach\/#breadcrumb\",\"itemListElement\":[{\"@type\":\"ListItem\",\"position\":1,\"name\":\"Home\",\"item\":\"https:\/\/www.sotrender.com\/blog\/\"},{\"@type\":\"ListItem\",\"position\":2,\"name\":\"Ad Trends lipiec 2025 \u2013 reklamodawcy na wakacjach\"}]},{\"@type\":\"WebSite\",\"@id\":\"https:\/\/www.sotrender.com\/blog\/#website\",\"url\":\"https:\/\/www.sotrender.com\/blog\/\",\"name\":\"Sotrender Blog\",\"description\":\"\",\"potentialAction\":[{\"@type\":\"SearchAction\",\"target\":{\"@type\":\"EntryPoint\",\"urlTemplate\":\"https:\/\/www.sotrender.com\/blog\/?s={search_term_string}\"},\"query-input\":\"required name=search_term_string\"}],\"inLanguage\":\"pl-PL\"},{\"@type\":\"Person\",\"@id\":\"https:\/\/www.sotrender.com\/blog\/#\/schema\/person\/038ac5e276c5d102d8cbb9c36cd43416\",\"name\":\"Klaudia \u017by\u0142ka\",\"image\":{\"@type\":\"ImageObject\",\"inLanguage\":\"pl-PL\",\"@id\":\"https:\/\/www.sotrender.com\/blog\/#\/schema\/person\/image\/\",\"url\":\"https:\/\/secure.gravatar.com\/avatar\/f55d5d49ce3c448e1ffde0ab078d84cd?s=96&d=mm&r=g\",\"contentUrl\":\"https:\/\/secure.gravatar.com\/avatar\/f55d5d49ce3c448e1ffde0ab078d84cd?s=96&d=mm&r=g\",\"caption\":\"Klaudia \u017by\u0142ka\"},\"description\":\"Instagram, dogs, books and food lover. Former student at Warsaw University and Malm\u00f6 University. Improving her marketing skills every day. Proud owner of DIMAQ certificate\",\"sameAs\":[\"https:\/\/www.linkedin.com\/in\/klaudia-\u017cy\u0142ka-17527779\"],\"url\":\"https:\/\/www.sotrender.com\/blog\/pl\/author\/klaudia_yka\/\"}]}<\/script>\n<!-- \/ Yoast SEO plugin. -->","yoast_head_json":{"title":"Ad Trends lipiec 2025 \u2013 reklamodawcy na wakacjach","description":"Mimo okresu wakacyjnego w \u015bwiecie reklamy w lipcu du\u017co si\u0119 dzia\u0142o. Cho\u0107 najwi\u0119ksi reklamodawcy ewidentnie zwolnili, by\u0142 jeden wyj\u0105tek.","robots":{"index":"index","follow":"follow","max-snippet":"max-snippet:-1","max-image-preview":"max-image-preview:large","max-video-preview":"max-video-preview:-1"},"canonical":"https:\/\/www.sotrender.com\/blog\/pl\/2025\/08\/ad-trends-lipiec-2025-reklamodawcy-na-wakacjach\/","og_locale":"pl_PL","og_type":"article","og_title":"Ad Trends lipiec 2025 \u2013 reklamodawcy na wakacjach","og_description":"Mimo okresu wakacyjnego w \u015bwiecie reklamy w lipcu du\u017co si\u0119 dzia\u0142o. Cho\u0107 najwi\u0119ksi reklamodawcy ewidentnie zwolnili, by\u0142 jeden wyj\u0105tek.","og_url":"https:\/\/www.sotrender.com\/blog\/pl\/2025\/08\/ad-trends-lipiec-2025-reklamodawcy-na-wakacjach\/","og_site_name":"Sotrender Blog","article_publisher":"https:\/\/www.facebook.com\/Sotrender","article_published_time":"2025-08-14T06:59:52+00:00","article_modified_time":"2025-08-21T10:33:15+00:00","og_image":[{"width":1280,"height":1600,"url":"https:\/\/www.sotrender.com\/blog\/wp-content\/uploads\/2025\/08\/credit-card.jpg","type":"image\/jpeg"}],"author":"Klaudia \u017by\u0142ka","twitter_card":"summary_large_image","twitter_creator":"@Sotrender","twitter_site":"@Sotrender","twitter_misc":{"Written by":"Klaudia \u017by\u0142ka","Est. reading time":"3 minutes"},"schema":{"@context":"https:\/\/schema.org","@graph":[{"@type":"WebPage","@id":"https:\/\/www.sotrender.com\/blog\/pl\/2025\/08\/ad-trends-lipiec-2025-reklamodawcy-na-wakacjach\/","url":"https:\/\/www.sotrender.com\/blog\/pl\/2025\/08\/ad-trends-lipiec-2025-reklamodawcy-na-wakacjach\/","name":"Ad Trends lipiec 2025 \u2013 reklamodawcy na wakacjach","isPartOf":{"@id":"https:\/\/www.sotrender.com\/blog\/#website"},"primaryImageOfPage":{"@id":"https:\/\/www.sotrender.com\/blog\/pl\/2025\/08\/ad-trends-lipiec-2025-reklamodawcy-na-wakacjach\/#primaryimage"},"image":{"@id":"https:\/\/www.sotrender.com\/blog\/pl\/2025\/08\/ad-trends-lipiec-2025-reklamodawcy-na-wakacjach\/#primaryimage"},"thumbnailUrl":"https:\/\/www.sotrender.com\/blog\/wp-content\/uploads\/2025\/08\/credit-card.jpg","datePublished":"2025-08-14T06:59:52+00:00","dateModified":"2025-08-21T10:33:15+00:00","author":{"@id":"https:\/\/www.sotrender.com\/blog\/#\/schema\/person\/038ac5e276c5d102d8cbb9c36cd43416"},"description":"Mimo okresu wakacyjnego w \u015bwiecie reklamy w lipcu du\u017co si\u0119 dzia\u0142o. Cho\u0107 najwi\u0119ksi reklamodawcy ewidentnie zwolnili, by\u0142 jeden wyj\u0105tek.","breadcrumb":{"@id":"https:\/\/www.sotrender.com\/blog\/pl\/2025\/08\/ad-trends-lipiec-2025-reklamodawcy-na-wakacjach\/#breadcrumb"},"inLanguage":"pl-PL","potentialAction":[{"@type":"ReadAction","target":["https:\/\/www.sotrender.com\/blog\/pl\/2025\/08\/ad-trends-lipiec-2025-reklamodawcy-na-wakacjach\/"]}]},{"@type":"ImageObject","inLanguage":"pl-PL","@id":"https:\/\/www.sotrender.com\/blog\/pl\/2025\/08\/ad-trends-lipiec-2025-reklamodawcy-na-wakacjach\/#primaryimage","url":"https:\/\/www.sotrender.com\/blog\/wp-content\/uploads\/2025\/08\/credit-card.jpg","contentUrl":"https:\/\/www.sotrender.com\/blog\/wp-content\/uploads\/2025\/08\/credit-card.jpg","width":1280,"height":1600},{"@type":"BreadcrumbList","@id":"https:\/\/www.sotrender.com\/blog\/pl\/2025\/08\/ad-trends-lipiec-2025-reklamodawcy-na-wakacjach\/#breadcrumb","itemListElement":[{"@type":"ListItem","position":1,"name":"Home","item":"https:\/\/www.sotrender.com\/blog\/"},{"@type":"ListItem","position":2,"name":"Ad Trends lipiec 2025 \u2013 reklamodawcy na wakacjach"}]},{"@type":"WebSite","@id":"https:\/\/www.sotrender.com\/blog\/#website","url":"https:\/\/www.sotrender.com\/blog\/","name":"Sotrender Blog","description":"","potentialAction":[{"@type":"SearchAction","target":{"@type":"EntryPoint","urlTemplate":"https:\/\/www.sotrender.com\/blog\/?s={search_term_string}"},"query-input":"required name=search_term_string"}],"inLanguage":"pl-PL"},{"@type":"Person","@id":"https:\/\/www.sotrender.com\/blog\/#\/schema\/person\/038ac5e276c5d102d8cbb9c36cd43416","name":"Klaudia \u017by\u0142ka","image":{"@type":"ImageObject","inLanguage":"pl-PL","@id":"https:\/\/www.sotrender.com\/blog\/#\/schema\/person\/image\/","url":"https:\/\/secure.gravatar.com\/avatar\/f55d5d49ce3c448e1ffde0ab078d84cd?s=96&d=mm&r=g","contentUrl":"https:\/\/secure.gravatar.com\/avatar\/f55d5d49ce3c448e1ffde0ab078d84cd?s=96&d=mm&r=g","caption":"Klaudia \u017by\u0142ka"},"description":"Instagram, dogs, books and food lover. Former student at Warsaw University and Malm\u00f6 University. Improving her marketing skills every day. Proud owner of DIMAQ certificate","sameAs":["https:\/\/www.linkedin.com\/in\/klaudia-\u017cy\u0142ka-17527779"],"url":"https:\/\/www.sotrender.com\/blog\/pl\/author\/klaudia_yka\/"}]}},"_links":{"self":[{"href":"https:\/\/www.sotrender.com\/blog\/pl\/wp-json\/wp\/v2\/posts\/56106"}],"collection":[{"href":"https:\/\/www.sotrender.com\/blog\/pl\/wp-json\/wp\/v2\/posts"}],"about":[{"href":"https:\/\/www.sotrender.com\/blog\/pl\/wp-json\/wp\/v2\/types\/post"}],"author":[{"embeddable":true,"href":"https:\/\/www.sotrender.com\/blog\/pl\/wp-json\/wp\/v2\/users\/89"}],"replies":[{"embeddable":true,"href":"https:\/\/www.sotrender.com\/blog\/pl\/wp-json\/wp\/v2\/comments?post=56106"}],"version-history":[{"count":4,"href":"https:\/\/www.sotrender.com\/blog\/pl\/wp-json\/wp\/v2\/posts\/56106\/revisions"}],"predecessor-version":[{"id":56278,"href":"https:\/\/www.sotrender.com\/blog\/pl\/wp-json\/wp\/v2\/posts\/56106\/revisions\/56278"}],"wp:featuredmedia":[{"embeddable":true,"href":"https:\/\/www.sotrender.com\/blog\/pl\/wp-json\/wp\/v2\/media\/56116"}],"wp:attachment":[{"href":"https:\/\/www.sotrender.com\/blog\/pl\/wp-json\/wp\/v2\/media?parent=56106"}],"wp:term":[{"taxonomy":"category","embeddable":true,"href":"https:\/\/www.sotrender.com\/blog\/pl\/wp-json\/wp\/v2\/categories?post=56106"},{"taxonomy":"post_tag","embeddable":true,"href":"https:\/\/www.sotrender.com\/blog\/pl\/wp-json\/wp\/v2\/tags?post=56106"}],"curies":[{"name":"wp","href":"https:\/\/api.w.org\/{rel}","templated":true}]}}