{"id":56058,"date":"2025-08-06T08:53:35","date_gmt":"2025-08-06T06:53:35","guid":{"rendered":"https:\/\/www.sotrender.com\/blog\/?p=56058"},"modified":"2025-08-20T14:26:27","modified_gmt":"2025-08-20T12:26:27","slug":"instagram-trends-lipiec-2025-na-fali-wydarzen","status":"publish","type":"post","link":"https:\/\/www.sotrender.com\/blog\/pl\/2025\/08\/instagram-trends-lipiec-2025-na-fali-wydarzen\/","title":{"rendered":"Instagram Trends lipiec 2025 \u2013 na fali wydarze\u0144"},"content":{"rendered":"\n<p>Niekwestionowan\u0105 kr\u00f3low\u0105 lipca by\u0142a Iga \u015awi\u0105tek. Po wygranej w Wimbledonie zainteresowanie tenisistk\u0105 by\u0142o ogromne \u2013 r\u00f3wnie\u017c na Instagramie, gdzie Ig\u0119 zacz\u0119\u0142o obserwowa\u0107 368 tys. nowych fan\u00f3w. Jej profil by\u0142 najszybciej rosn\u0105cym profilem na polskim Instagramie w lipcu.<\/p>\n\n\n\n<!--more-->\n\n\n\n<p>Zapraszamy na przegl\u0105d najciekawszych wydarze\u0144 <a href=\"https:\/\/sotrender.com\/trends\/instagram\/poland\/202507\/\" target=\"_blank\" rel=\"noreferrer noopener\">na Instagramie w lipcu 2025 roku<\/a>.<\/p>\n\n\n\n<figure class=\"wp-block-embed is-type-video is-provider-youtube wp-block-embed-youtube wp-embed-aspect-9-16 wp-has-aspect-ratio\"><div class=\"wp-block-embed__wrapper\">\n<iframe loading=\"lazy\" title=\"Iga \u015awi\u0105tek zdominowa\u0142a Instagram w lipcu \ud83c\udfc6 #socialmedia #marketing #instagramtrends #instagram\" width=\"422\" height=\"750\" src=\"https:\/\/www.youtube.com\/embed\/LaJFaQGzQDk?feature=oembed\" frameborder=\"0\" allow=\"accelerometer; autoplay; clipboard-write; encrypted-media; gyroscope; picture-in-picture; web-share\" referrerpolicy=\"strict-origin-when-cross-origin\" allowfullscreen><\/iframe>\n<\/div><\/figure>\n\n\n\n<h2 class=\"wp-block-heading\">Tenisowy real-time marketing<\/h2>\n\n\n\n<p>O Idze m\u00f3wili wszyscy i wsz\u0119dzie, ale niewielu markom uda\u0142o si\u0119 przek\u0142u\u0107 jej zwyci\u0119stwo na w\u0142asny sukces komunikacyjny.&nbsp;<\/p>\n\n\n\n<p>Na uwag\u0119 zas\u0142uguje zdecydowanie marka Lubella, kt\u00f3ra postanowi\u0142a upami\u0119tni\u0107 historyczne zwyci\u0119stwo polskiej tenisistki tworz\u0105c na jej cze\u015b\u0107 makaron w kszta\u0142cie paletek tenisowych.&nbsp;<\/p>\n\n\n\n<p>Clou real-time marketingowej akcji by\u0142o zach\u0119cenie obserwuj\u0105cych do zaproponowania nazwy dla nowej wersji makaronu.<\/p>\n\n\n\n<figure class=\"wp-block-image size-full\"><img loading=\"lazy\" decoding=\"async\" width=\"1800\" height=\"892\" src=\"https:\/\/www.sotrender.com\/blog\/wp-content\/uploads\/2025\/08\/lubella-makaron-wimbledon.png\" alt=\"lubella makaron wimbledon\" class=\"wp-image-56059\" srcset=\"https:\/\/www.sotrender.com\/blog\/wp-content\/uploads\/2025\/08\/lubella-makaron-wimbledon.png 1800w, https:\/\/www.sotrender.com\/blog\/wp-content\/uploads\/2025\/08\/lubella-makaron-wimbledon-475x235.png 475w, https:\/\/www.sotrender.com\/blog\/wp-content\/uploads\/2025\/08\/lubella-makaron-wimbledon-768x381.png 768w, https:\/\/www.sotrender.com\/blog\/wp-content\/uploads\/2025\/08\/lubella-makaron-wimbledon-1536x761.png 1536w\" sizes=\"(max-width: 1800px) 100vw, 1800px\" \/><figcaption class=\"wp-element-caption\">Najbardziej anga\u017cuj\u0105ce posty w kategorii <a href=\"https:\/\/sotrender.com\/trends\/instagram\/poland\/202507\/marki\/marki_jedzenie#best_posts\" target=\"_blank\" rel=\"noreferrer noopener\">Jedzenie<\/a> na Instagramie | lipiec 2025<\/figcaption><\/figure>\n\n\n\n<p>Najwa\u017cniejsza, jak zawsze w real-time marketingu, by\u0142a szybko\u015b\u0107 dzia\u0142ania. Cho\u0107 sam pomys\u0142 zrodzi\u0142 si\u0119 prawdopodobnie jeszcze przed rozpocz\u0119ciem fina\u0142u, natychmiastowe uruchomienie komunikacji i wykorzystanie euforycznej rado\u015bci internaut\u00f3w by\u0142o kluczem do sukcesu.<\/p>\n\n\n\n<p>Instagramowy post na profilu marki zgromadzi\u0142 ponad 9 tys. polubie\u0144 i ponad 4 tys. komentarzy i zosta\u0142 <a href=\"https:\/\/sotrender.com\/trends\/instagram\/poland\/202507\/marki\/marki_jedzenie#best_posts\" target=\"_blank\" rel=\"noreferrer noopener\">najbardziej anga\u017cuj\u0105cym postem lipca w ca\u0142ej kategorii Jedzenie<\/a>. Ponadto profil marki awansowa\u0142 o 249 pozycji w rankingu <a href=\"https:\/\/sotrender.com\/trends\/instagram\/poland\/202507\/marki\/marki_jedzenie#engagement\" target=\"_blank\" rel=\"noreferrer noopener\">zaanga\u017cowania<\/a>, plasuj\u0105c si\u0119 na wysokim 6. miejscu.<\/p>\n\n\n\n<figure class=\"wp-block-image size-full\"><img loading=\"lazy\" decoding=\"async\" width=\"2142\" height=\"554\" src=\"https:\/\/www.sotrender.com\/blog\/wp-content\/uploads\/2025\/08\/lubella-wimbledon-zaangazowanie.png\" alt=\"lubella wimbledon instagram post\" class=\"wp-image-56061\" srcset=\"https:\/\/www.sotrender.com\/blog\/wp-content\/uploads\/2025\/08\/lubella-wimbledon-zaangazowanie.png 2142w, https:\/\/www.sotrender.com\/blog\/wp-content\/uploads\/2025\/08\/lubella-wimbledon-zaangazowanie-475x123.png 475w, https:\/\/www.sotrender.com\/blog\/wp-content\/uploads\/2025\/08\/lubella-wimbledon-zaangazowanie-768x199.png 768w, https:\/\/www.sotrender.com\/blog\/wp-content\/uploads\/2025\/08\/lubella-wimbledon-zaangazowanie-1536x397.png 1536w, https:\/\/www.sotrender.com\/blog\/wp-content\/uploads\/2025\/08\/lubella-wimbledon-zaangazowanie-2048x530.png 2048w\" sizes=\"(max-width: 2142px) 100vw, 2142px\" \/><figcaption class=\"wp-element-caption\">Profile z najwi\u0119ksz\u0105 liczb\u0105 aktywno\u015bci na Instagramie <a href=\"https:\/\/sotrender.com\/trends\/instagram\/poland\/202507\/marki\/marki_jedzenie#engagement\" target=\"_blank\" rel=\"noreferrer noopener\">w kategorii Jedzenie<\/a> | lipiec 2025<\/figcaption><\/figure>\n\n\n\n<h2 class=\"wp-block-heading\">\u0141\u00f3dzki festiwal z rekordowym zainteresowaniem<\/h2>\n\n\n\n<p>Darmowy festiwal muzyczny z topowymi gwiazdami? To nie mo\u017ce si\u0119 nie uda\u0107.<\/p>\n\n\n\n<p>Za nami kolejna edycja \u0141\u00f3d\u017a Summer Festival \u2013 festiwalu organizowanego przez miasto \u0141\u00f3d\u017a, kt\u00f3ry w tym roku cieszy\u0142 si\u0119 rekordow\u0105 frekwencj\u0105.<\/p>\n\n\n\n<p>Zainteresowanie wydarzeniem widoczne by\u0142o r\u00f3wnie\u017c na Instagramie \u2013 i to nie tylko na jego oficjalnym profilu.<\/p>\n\n\n\n<figure class=\"wp-block-image size-full\"><img loading=\"lazy\" decoding=\"async\" width=\"2128\" height=\"386\" src=\"https:\/\/www.sotrender.com\/blog\/wp-content\/uploads\/2025\/08\/lodz-summer-festiwal-zaangazowanie-ig.png\" alt=\"\u0142\u00f3d\u017a summer festiwal instagram \" class=\"wp-image-56063\" srcset=\"https:\/\/www.sotrender.com\/blog\/wp-content\/uploads\/2025\/08\/lodz-summer-festiwal-zaangazowanie-ig.png 2128w, https:\/\/www.sotrender.com\/blog\/wp-content\/uploads\/2025\/08\/lodz-summer-festiwal-zaangazowanie-ig-475x86.png 475w, https:\/\/www.sotrender.com\/blog\/wp-content\/uploads\/2025\/08\/lodz-summer-festiwal-zaangazowanie-ig-768x139.png 768w, https:\/\/www.sotrender.com\/blog\/wp-content\/uploads\/2025\/08\/lodz-summer-festiwal-zaangazowanie-ig-1536x279.png 1536w, https:\/\/www.sotrender.com\/blog\/wp-content\/uploads\/2025\/08\/lodz-summer-festiwal-zaangazowanie-ig-2048x371.png 2048w\" sizes=\"(max-width: 2128px) 100vw, 2128px\" \/><figcaption class=\"wp-element-caption\">Profile z najwi\u0119ksz\u0105 liczb\u0105 aktywno\u015bci na Instagramie w kategorii <a href=\"https:\/\/sotrender.com\/trends\/instagram\/poland\/202507\/wydarzenia#engagement\" target=\"_blank\" rel=\"noreferrer noopener\">Wydarzenia<\/a> | lipiec 2025<\/figcaption><\/figure>\n\n\n\n<p>R\u00f3wnie\u017c tre\u015bci na innych \u0142\u00f3dzkich profilach, i profilach partner\u00f3w wydarzenia, cieszy\u0142y si\u0119 niema\u0142ym zaanga\u017cowaniem i wysokimi miejscami w naszych rankingach.<\/p>\n\n\n\n<p>W kategorii <a href=\"https:\/\/sotrender.com\/trends\/instagram\/poland\/202507\/marki\/marki_finanse#best_posts\" target=\"_blank\" rel=\"noreferrer noopener\">Finanse<\/a> post mBanku z zaproszeniem na festiwal by\u0142 najlepszym postem miesi\u0105ca, w kategorii <a href=\"https:\/\/sotrender.com\/trends\/instagram\/poland\/202507\/miejsca\/miejsca_podr%C3%B3%C5%BCe#best_posts\" target=\"_blank\" rel=\"noreferrer noopener\">Podr\u00f3\u017ce<\/a> brylowa\u0142y tre\u015bci z profilu @kochamlodz, a na profilu \u0142\u00f3dzkiej Manufaktury przez niemal ca\u0142y miesi\u0105c z sukcesem nawi\u0105zywano do festiwalu i wydarze\u0144 mu towarzysz\u0105cych.<\/p>\n\n\n\n<p>Miasto \u0141\u00f3d\u017a \u2013 robicie to dobrze!<\/p>\n\n\n<style>\n    .cta-image-container {\n        background-image: url('https:\/\/www.sotrender.com\/blog\/wp-content\/uploads\/2024\/07\/Frame-1000001352.png');\n        background-size: contain;\n        background-position: left 300px top 100px;\n        background-repeat: no-repeat;\n}\n\n<\/style>    \n<div id=\"wp-block-cta-buttons-three-points-and-image\" class=\"wp-block-cta-buttons-three-points-and-image\">\n\n    <div class=\"content\">\n        <div class=\"header\">Analizuj swoje dzia\u0142ania na IG<\/div>\n\n        <ul class=\"list\">\n            <li>Przetestuj przez 7 dni za darmo<\/li>\n            <li>Poznaj efekty dzia\u0142a\u0144 konkurencji<\/li>\n            <li>Wypr\u00f3buj wszystkie funkcje narz\u0119dzia<\/li>\n        <\/ul>\n                    <a class=\"btn\" href=\"https:\/\/app.sotrender.com\/auth\/signup\/trial\/pl?utm_source=blog-cta\">\n                <div class=\"btn_content\">\n                    Sprawd\u017a ju\u017c dzi\u015b                <\/div>\n            <\/a>\n        \n    <\/div>\n\n    <img decoding=\"async\" class=\"image\" src=\"https:\/\/www.sotrender.com\/blog\/wp-content\/uploads\/2024\/07\/Frame-1000001352.png\"\/>\n    \n\n   \n   \n<\/div>\n\n\n\n<h2 class=\"wp-block-heading\">Przygotowania do ta\u0144ca<\/h2>\n\n\n\n<p>Ostatniego dnia lipca odby\u0142a si\u0119 ram\u00f3wka Polsatu, ale przygotowania do zbli\u017caj\u0105cego si\u0119 jesiennego sezonu zacz\u0119\u0142y si\u0119 du\u017co wcze\u015bniej.<\/p>\n\n\n\n<p>W lipcu rozpocz\u0119to og\u0142aszanie gwiazd, kt\u00f3re wezm\u0105 udzia\u0142 w tegorocznej edycji Ta\u0144ca z Gwiazdami. Z najwi\u0119kszym entuzjazem internauci przyj\u0119li informacj\u0119 o wyst\u0119pie Miko\u0142aja Bagi\u0144skiego \u2013 influencera reprezentuj\u0105cego m\u0142ode pokolenie. <em>Dzia\u0142o si\u0119<\/em> r\u00f3wnie\u017c pod postami z og\u0142oszeniem udzia\u0142u Mai Bohosiewicz i Tomasza Karolaka.<\/p>\n\n\n\n<figure class=\"wp-block-image size-full\"><img loading=\"lazy\" decoding=\"async\" width=\"1800\" height=\"909\" src=\"https:\/\/www.sotrender.com\/blog\/wp-content\/uploads\/2025\/08\/taniec-z-gwiazdami-baginski.png\" alt=\"taniec z gwiazdami miko\u0142aj bagi\u0144ski\" class=\"wp-image-56065\" srcset=\"https:\/\/www.sotrender.com\/blog\/wp-content\/uploads\/2025\/08\/taniec-z-gwiazdami-baginski.png 1800w, https:\/\/www.sotrender.com\/blog\/wp-content\/uploads\/2025\/08\/taniec-z-gwiazdami-baginski-475x240.png 475w, https:\/\/www.sotrender.com\/blog\/wp-content\/uploads\/2025\/08\/taniec-z-gwiazdami-baginski-768x388.png 768w, https:\/\/www.sotrender.com\/blog\/wp-content\/uploads\/2025\/08\/taniec-z-gwiazdami-baginski-1536x776.png 1536w\" sizes=\"(max-width: 1800px) 100vw, 1800px\" \/><figcaption class=\"wp-element-caption\">Najbardziej anga\u017cuj\u0105ce posty w kategorii <a href=\"https:\/\/sotrender.com\/trends\/instagram\/poland\/202507\/media\/media_telewizja\" target=\"_blank\" rel=\"noreferrer noopener\">Telewizja<\/a> na Instagramie | lipiec 2025<\/figcaption><\/figure>\n\n\n\n<p>Nie mog\u0142o by\u0107 inaczej \u2013 instagramowy profil Ta\u0144ca z Gwiazdami awansowa\u0142 <a href=\"https:\/\/sotrender.com\/trends\/instagram\/poland\/202507\/media\/media_telewizja#engagement\" target=\"_blank\" rel=\"noreferrer noopener\">w kategorii Telewizja<\/a>, i to o 40 pozycji, plasuj\u0105c si\u0119 na najni\u017cszym miejscu podium pod wzgl\u0119dem \u0142\u0105cznej liczby aktywno\u015bci.<\/p>\n\n\n\n<figure class=\"wp-block-image size-full\"><img loading=\"lazy\" decoding=\"async\" width=\"2134\" height=\"308\" src=\"https:\/\/www.sotrender.com\/blog\/wp-content\/uploads\/2025\/08\/taniec-z-gwiazdami-lipiec-ig-zaangazowanie.png\" alt=\"taniec z gwiazdami zaanga\u017cowanie instagram\" class=\"wp-image-56067\" srcset=\"https:\/\/www.sotrender.com\/blog\/wp-content\/uploads\/2025\/08\/taniec-z-gwiazdami-lipiec-ig-zaangazowanie.png 2134w, https:\/\/www.sotrender.com\/blog\/wp-content\/uploads\/2025\/08\/taniec-z-gwiazdami-lipiec-ig-zaangazowanie-475x69.png 475w, https:\/\/www.sotrender.com\/blog\/wp-content\/uploads\/2025\/08\/taniec-z-gwiazdami-lipiec-ig-zaangazowanie-768x111.png 768w, https:\/\/www.sotrender.com\/blog\/wp-content\/uploads\/2025\/08\/taniec-z-gwiazdami-lipiec-ig-zaangazowanie-1536x222.png 1536w, https:\/\/www.sotrender.com\/blog\/wp-content\/uploads\/2025\/08\/taniec-z-gwiazdami-lipiec-ig-zaangazowanie-2048x296.png 2048w\" sizes=\"(max-width: 2134px) 100vw, 2134px\" \/><figcaption class=\"wp-element-caption\">Profile z najwi\u0119ksz\u0105 liczb\u0105 aktywno\u015bci na Instagramie w kategorii <a href=\"https:\/\/sotrender.com\/trends\/instagram\/poland\/202507\/media\/media_telewizja#engagement\" target=\"_blank\" rel=\"noreferrer noopener\">Telewizja<\/a> | lipiec 2025<\/figcaption><\/figure>\n\n\n\n<h2 class=\"wp-block-heading\">Instagram Trends lipiec 2025<\/h2>\n\n\n\n<p>To wszystko, co przygotowali\u015bmy dla Was w tym miesi\u0105cu. Zach\u0119camy do sprawdzenia pe\u0142nej wersji <a href=\"https:\/\/sotrender.com\/trends\/instagram\/poland\/202507\/\" target=\"_blank\" rel=\"noreferrer noopener\">lipcowego raportu Instagram Trends<\/a>, a ju\u017c za kilka dni zapraszamy na raport Facebook i TikTok Trends.<\/p>\n","protected":false},"excerpt":{"rendered":"<p>Niekwestionowan\u0105 kr\u00f3low\u0105 lipca by\u0142a Iga \u015awi\u0105tek. Po wygranej w Wimbledonie zainteresowanie tenisistk\u0105 by\u0142o ogromne \u2013 r\u00f3wnie\u017c na Instagramie, gdzie Ig\u0119 zacz\u0119\u0142o obserwowa\u0107 368 tys. nowych fan\u00f3w. Jej profil by\u0142 najszybciej rosn\u0105cym profilem na polskim Instagramie w lipcu.<\/p>\n","protected":false},"author":89,"featured_media":56071,"comment_status":"closed","ping_status":"open","sticky":false,"template":"","format":"standard","meta":{"inline_featured_image":false,"footnotes":""},"categories":[1803],"tags":[941,2073,3901],"yoast_head":"<!-- This site is optimized with the Yoast SEO plugin v22.4 - https:\/\/yoast.com\/wordpress\/plugins\/seo\/ -->\n<title>Instagram Trends lipiec 2025 \u2013 na fali wydarze\u0144<\/title>\n<meta name=\"description\" content=\"Niekwestionowan\u0105 kr\u00f3low\u0105 lipca by\u0142a Iga \u015awi\u0105tek. Po wygranej w Wimbledonie na jej instagramowym koncie przyby\u0142o 368 tys. nowych fan\u00f3w.\" \/>\n<meta name=\"robots\" content=\"index, follow, max-snippet:-1, max-image-preview:large, max-video-preview:-1\" \/>\n<link rel=\"canonical\" href=\"https:\/\/www.sotrender.com\/blog\/pl\/2025\/08\/instagram-trends-lipiec-2025-na-fali-wydarzen\/\" \/>\n<meta property=\"og:locale\" content=\"pl_PL\" \/>\n<meta property=\"og:type\" content=\"article\" \/>\n<meta property=\"og:title\" content=\"Instagram Trends lipiec 2025 \u2013 na fali wydarze\u0144\" \/>\n<meta property=\"og:description\" content=\"Niekwestionowan\u0105 kr\u00f3low\u0105 lipca by\u0142a Iga \u015awi\u0105tek. Po wygranej w Wimbledonie na jej instagramowym koncie przyby\u0142o 368 tys. nowych fan\u00f3w.\" \/>\n<meta property=\"og:url\" content=\"https:\/\/www.sotrender.com\/blog\/pl\/2025\/08\/instagram-trends-lipiec-2025-na-fali-wydarzen\/\" \/>\n<meta property=\"og:site_name\" content=\"Sotrender Blog\" \/>\n<meta property=\"article:publisher\" content=\"https:\/\/www.facebook.com\/Sotrender\" \/>\n<meta property=\"article:published_time\" content=\"2025-08-06T06:53:35+00:00\" \/>\n<meta property=\"article:modified_time\" content=\"2025-08-20T12:26:27+00:00\" \/>\n<meta property=\"og:image\" content=\"https:\/\/www.sotrender.com\/blog\/wp-content\/uploads\/2025\/08\/tenis.jpg\" \/>\n\t<meta property=\"og:image:width\" content=\"1280\" \/>\n\t<meta property=\"og:image:height\" content=\"853\" \/>\n\t<meta property=\"og:image:type\" content=\"image\/jpeg\" \/>\n<meta name=\"author\" content=\"Klaudia \u017by\u0142ka\" \/>\n<meta name=\"twitter:card\" content=\"summary_large_image\" \/>\n<meta name=\"twitter:creator\" content=\"@Sotrender\" \/>\n<meta name=\"twitter:site\" content=\"@Sotrender\" \/>\n<meta name=\"twitter:label1\" content=\"Written by\" \/>\n\t<meta name=\"twitter:data1\" content=\"Klaudia \u017by\u0142ka\" \/>\n\t<meta name=\"twitter:label2\" content=\"Est. reading time\" \/>\n\t<meta name=\"twitter:data2\" content=\"4 minutes\" \/>\n<script type=\"application\/ld+json\" class=\"yoast-schema-graph\">{\"@context\":\"https:\/\/schema.org\",\"@graph\":[{\"@type\":\"WebPage\",\"@id\":\"https:\/\/www.sotrender.com\/blog\/pl\/2025\/08\/instagram-trends-lipiec-2025-na-fali-wydarzen\/\",\"url\":\"https:\/\/www.sotrender.com\/blog\/pl\/2025\/08\/instagram-trends-lipiec-2025-na-fali-wydarzen\/\",\"name\":\"Instagram Trends lipiec 2025 \u2013 na fali wydarze\u0144\",\"isPartOf\":{\"@id\":\"https:\/\/www.sotrender.com\/blog\/#website\"},\"primaryImageOfPage\":{\"@id\":\"https:\/\/www.sotrender.com\/blog\/pl\/2025\/08\/instagram-trends-lipiec-2025-na-fali-wydarzen\/#primaryimage\"},\"image\":{\"@id\":\"https:\/\/www.sotrender.com\/blog\/pl\/2025\/08\/instagram-trends-lipiec-2025-na-fali-wydarzen\/#primaryimage\"},\"thumbnailUrl\":\"https:\/\/www.sotrender.com\/blog\/wp-content\/uploads\/2025\/08\/tenis.jpg\",\"datePublished\":\"2025-08-06T06:53:35+00:00\",\"dateModified\":\"2025-08-20T12:26:27+00:00\",\"author\":{\"@id\":\"https:\/\/www.sotrender.com\/blog\/#\/schema\/person\/038ac5e276c5d102d8cbb9c36cd43416\"},\"description\":\"Niekwestionowan\u0105 kr\u00f3low\u0105 lipca by\u0142a Iga \u015awi\u0105tek. Po wygranej w Wimbledonie na jej instagramowym koncie przyby\u0142o 368 tys. nowych fan\u00f3w.\",\"breadcrumb\":{\"@id\":\"https:\/\/www.sotrender.com\/blog\/pl\/2025\/08\/instagram-trends-lipiec-2025-na-fali-wydarzen\/#breadcrumb\"},\"inLanguage\":\"pl-PL\",\"potentialAction\":[{\"@type\":\"ReadAction\",\"target\":[\"https:\/\/www.sotrender.com\/blog\/pl\/2025\/08\/instagram-trends-lipiec-2025-na-fali-wydarzen\/\"]}]},{\"@type\":\"ImageObject\",\"inLanguage\":\"pl-PL\",\"@id\":\"https:\/\/www.sotrender.com\/blog\/pl\/2025\/08\/instagram-trends-lipiec-2025-na-fali-wydarzen\/#primaryimage\",\"url\":\"https:\/\/www.sotrender.com\/blog\/wp-content\/uploads\/2025\/08\/tenis.jpg\",\"contentUrl\":\"https:\/\/www.sotrender.com\/blog\/wp-content\/uploads\/2025\/08\/tenis.jpg\",\"width\":1280,\"height\":853},{\"@type\":\"BreadcrumbList\",\"@id\":\"https:\/\/www.sotrender.com\/blog\/pl\/2025\/08\/instagram-trends-lipiec-2025-na-fali-wydarzen\/#breadcrumb\",\"itemListElement\":[{\"@type\":\"ListItem\",\"position\":1,\"name\":\"Home\",\"item\":\"https:\/\/www.sotrender.com\/blog\/\"},{\"@type\":\"ListItem\",\"position\":2,\"name\":\"Instagram Trends lipiec 2025 \u2013 na fali wydarze\u0144\"}]},{\"@type\":\"WebSite\",\"@id\":\"https:\/\/www.sotrender.com\/blog\/#website\",\"url\":\"https:\/\/www.sotrender.com\/blog\/\",\"name\":\"Sotrender Blog\",\"description\":\"\",\"potentialAction\":[{\"@type\":\"SearchAction\",\"target\":{\"@type\":\"EntryPoint\",\"urlTemplate\":\"https:\/\/www.sotrender.com\/blog\/?s={search_term_string}\"},\"query-input\":\"required name=search_term_string\"}],\"inLanguage\":\"pl-PL\"},{\"@type\":\"Person\",\"@id\":\"https:\/\/www.sotrender.com\/blog\/#\/schema\/person\/038ac5e276c5d102d8cbb9c36cd43416\",\"name\":\"Klaudia \u017by\u0142ka\",\"image\":{\"@type\":\"ImageObject\",\"inLanguage\":\"pl-PL\",\"@id\":\"https:\/\/www.sotrender.com\/blog\/#\/schema\/person\/image\/\",\"url\":\"https:\/\/secure.gravatar.com\/avatar\/f55d5d49ce3c448e1ffde0ab078d84cd?s=96&d=mm&r=g\",\"contentUrl\":\"https:\/\/secure.gravatar.com\/avatar\/f55d5d49ce3c448e1ffde0ab078d84cd?s=96&d=mm&r=g\",\"caption\":\"Klaudia \u017by\u0142ka\"},\"description\":\"Instagram, dogs, books and food lover. Former student at Warsaw University and Malm\u00f6 University. Improving her marketing skills every day. Proud owner of DIMAQ certificate\",\"sameAs\":[\"https:\/\/www.linkedin.com\/in\/klaudia-\u017cy\u0142ka-17527779\"],\"url\":\"https:\/\/www.sotrender.com\/blog\/pl\/author\/klaudia_yka\/\"}]}<\/script>\n<!-- \/ Yoast SEO plugin. -->","yoast_head_json":{"title":"Instagram Trends lipiec 2025 \u2013 na fali wydarze\u0144","description":"Niekwestionowan\u0105 kr\u00f3low\u0105 lipca by\u0142a Iga \u015awi\u0105tek. Po wygranej w Wimbledonie na jej instagramowym koncie przyby\u0142o 368 tys. nowych fan\u00f3w.","robots":{"index":"index","follow":"follow","max-snippet":"max-snippet:-1","max-image-preview":"max-image-preview:large","max-video-preview":"max-video-preview:-1"},"canonical":"https:\/\/www.sotrender.com\/blog\/pl\/2025\/08\/instagram-trends-lipiec-2025-na-fali-wydarzen\/","og_locale":"pl_PL","og_type":"article","og_title":"Instagram Trends lipiec 2025 \u2013 na fali wydarze\u0144","og_description":"Niekwestionowan\u0105 kr\u00f3low\u0105 lipca by\u0142a Iga \u015awi\u0105tek. Po wygranej w Wimbledonie na jej instagramowym koncie przyby\u0142o 368 tys. nowych fan\u00f3w.","og_url":"https:\/\/www.sotrender.com\/blog\/pl\/2025\/08\/instagram-trends-lipiec-2025-na-fali-wydarzen\/","og_site_name":"Sotrender Blog","article_publisher":"https:\/\/www.facebook.com\/Sotrender","article_published_time":"2025-08-06T06:53:35+00:00","article_modified_time":"2025-08-20T12:26:27+00:00","og_image":[{"width":1280,"height":853,"url":"https:\/\/www.sotrender.com\/blog\/wp-content\/uploads\/2025\/08\/tenis.jpg","type":"image\/jpeg"}],"author":"Klaudia \u017by\u0142ka","twitter_card":"summary_large_image","twitter_creator":"@Sotrender","twitter_site":"@Sotrender","twitter_misc":{"Written by":"Klaudia \u017by\u0142ka","Est. reading time":"4 minutes"},"schema":{"@context":"https:\/\/schema.org","@graph":[{"@type":"WebPage","@id":"https:\/\/www.sotrender.com\/blog\/pl\/2025\/08\/instagram-trends-lipiec-2025-na-fali-wydarzen\/","url":"https:\/\/www.sotrender.com\/blog\/pl\/2025\/08\/instagram-trends-lipiec-2025-na-fali-wydarzen\/","name":"Instagram Trends lipiec 2025 \u2013 na fali wydarze\u0144","isPartOf":{"@id":"https:\/\/www.sotrender.com\/blog\/#website"},"primaryImageOfPage":{"@id":"https:\/\/www.sotrender.com\/blog\/pl\/2025\/08\/instagram-trends-lipiec-2025-na-fali-wydarzen\/#primaryimage"},"image":{"@id":"https:\/\/www.sotrender.com\/blog\/pl\/2025\/08\/instagram-trends-lipiec-2025-na-fali-wydarzen\/#primaryimage"},"thumbnailUrl":"https:\/\/www.sotrender.com\/blog\/wp-content\/uploads\/2025\/08\/tenis.jpg","datePublished":"2025-08-06T06:53:35+00:00","dateModified":"2025-08-20T12:26:27+00:00","author":{"@id":"https:\/\/www.sotrender.com\/blog\/#\/schema\/person\/038ac5e276c5d102d8cbb9c36cd43416"},"description":"Niekwestionowan\u0105 kr\u00f3low\u0105 lipca by\u0142a Iga \u015awi\u0105tek. Po wygranej w Wimbledonie na jej instagramowym koncie przyby\u0142o 368 tys. nowych fan\u00f3w.","breadcrumb":{"@id":"https:\/\/www.sotrender.com\/blog\/pl\/2025\/08\/instagram-trends-lipiec-2025-na-fali-wydarzen\/#breadcrumb"},"inLanguage":"pl-PL","potentialAction":[{"@type":"ReadAction","target":["https:\/\/www.sotrender.com\/blog\/pl\/2025\/08\/instagram-trends-lipiec-2025-na-fali-wydarzen\/"]}]},{"@type":"ImageObject","inLanguage":"pl-PL","@id":"https:\/\/www.sotrender.com\/blog\/pl\/2025\/08\/instagram-trends-lipiec-2025-na-fali-wydarzen\/#primaryimage","url":"https:\/\/www.sotrender.com\/blog\/wp-content\/uploads\/2025\/08\/tenis.jpg","contentUrl":"https:\/\/www.sotrender.com\/blog\/wp-content\/uploads\/2025\/08\/tenis.jpg","width":1280,"height":853},{"@type":"BreadcrumbList","@id":"https:\/\/www.sotrender.com\/blog\/pl\/2025\/08\/instagram-trends-lipiec-2025-na-fali-wydarzen\/#breadcrumb","itemListElement":[{"@type":"ListItem","position":1,"name":"Home","item":"https:\/\/www.sotrender.com\/blog\/"},{"@type":"ListItem","position":2,"name":"Instagram Trends lipiec 2025 \u2013 na fali wydarze\u0144"}]},{"@type":"WebSite","@id":"https:\/\/www.sotrender.com\/blog\/#website","url":"https:\/\/www.sotrender.com\/blog\/","name":"Sotrender Blog","description":"","potentialAction":[{"@type":"SearchAction","target":{"@type":"EntryPoint","urlTemplate":"https:\/\/www.sotrender.com\/blog\/?s={search_term_string}"},"query-input":"required name=search_term_string"}],"inLanguage":"pl-PL"},{"@type":"Person","@id":"https:\/\/www.sotrender.com\/blog\/#\/schema\/person\/038ac5e276c5d102d8cbb9c36cd43416","name":"Klaudia \u017by\u0142ka","image":{"@type":"ImageObject","inLanguage":"pl-PL","@id":"https:\/\/www.sotrender.com\/blog\/#\/schema\/person\/image\/","url":"https:\/\/secure.gravatar.com\/avatar\/f55d5d49ce3c448e1ffde0ab078d84cd?s=96&d=mm&r=g","contentUrl":"https:\/\/secure.gravatar.com\/avatar\/f55d5d49ce3c448e1ffde0ab078d84cd?s=96&d=mm&r=g","caption":"Klaudia \u017by\u0142ka"},"description":"Instagram, dogs, books and food lover. Former student at Warsaw University and Malm\u00f6 University. Improving her marketing skills every day. Proud owner of DIMAQ certificate","sameAs":["https:\/\/www.linkedin.com\/in\/klaudia-\u017cy\u0142ka-17527779"],"url":"https:\/\/www.sotrender.com\/blog\/pl\/author\/klaudia_yka\/"}]}},"_links":{"self":[{"href":"https:\/\/www.sotrender.com\/blog\/pl\/wp-json\/wp\/v2\/posts\/56058"}],"collection":[{"href":"https:\/\/www.sotrender.com\/blog\/pl\/wp-json\/wp\/v2\/posts"}],"about":[{"href":"https:\/\/www.sotrender.com\/blog\/pl\/wp-json\/wp\/v2\/types\/post"}],"author":[{"embeddable":true,"href":"https:\/\/www.sotrender.com\/blog\/pl\/wp-json\/wp\/v2\/users\/89"}],"replies":[{"embeddable":true,"href":"https:\/\/www.sotrender.com\/blog\/pl\/wp-json\/wp\/v2\/comments?post=56058"}],"version-history":[{"count":7,"href":"https:\/\/www.sotrender.com\/blog\/pl\/wp-json\/wp\/v2\/posts\/56058\/revisions"}],"predecessor-version":[{"id":56270,"href":"https:\/\/www.sotrender.com\/blog\/pl\/wp-json\/wp\/v2\/posts\/56058\/revisions\/56270"}],"wp:featuredmedia":[{"embeddable":true,"href":"https:\/\/www.sotrender.com\/blog\/pl\/wp-json\/wp\/v2\/media\/56071"}],"wp:attachment":[{"href":"https:\/\/www.sotrender.com\/blog\/pl\/wp-json\/wp\/v2\/media?parent=56058"}],"wp:term":[{"taxonomy":"category","embeddable":true,"href":"https:\/\/www.sotrender.com\/blog\/pl\/wp-json\/wp\/v2\/categories?post=56058"},{"taxonomy":"post_tag","embeddable":true,"href":"https:\/\/www.sotrender.com\/blog\/pl\/wp-json\/wp\/v2\/tags?post=56058"}],"curies":[{"name":"wp","href":"https:\/\/api.w.org\/{rel}","templated":true}]}}