{"id":56054,"date":"2025-08-08T10:00:00","date_gmt":"2025-08-08T08:00:00","guid":{"rendered":"https:\/\/www.sotrender.com\/blog\/?p=56054"},"modified":"2025-08-20T14:33:45","modified_gmt":"2025-08-20T12:33:45","slug":"facebook-trends-lipiec-2025-gratulacje-dla-mistrzyni","status":"publish","type":"post","link":"https:\/\/www.sotrender.com\/blog\/pl\/2025\/08\/facebook-trends-lipiec-2025-gratulacje-dla-mistrzyni\/","title":{"rendered":"Facebook Trends lipiec 2025 \u2013 gratulacje dla mistrzyni"},"content":{"rendered":"\n<p>W tym miesi\u0105cu tenisowy sza\u0142 by\u0142 kontynuowany tak\u017ce na Facebooku. Platform\u0119 zala\u0142y posty nawi\u0105zuj\u0105ce do zwyci\u0119stwa Igi \u015awi\u0105tek w Wimbledonie.<\/p>\n\n\n\n<!--more-->\n\n\n\n<p>Co jeszcze przykuwa\u0142o uwag\u0119 u\u017cytkownik\u00f3w?&nbsp;<\/p>\n\n\n\n<p>Zapraszamy na raport\u00a0<a href=\"https:\/\/www.sotrender.com\/trends\/facebook\/poland\/202507\" target=\"_blank\" rel=\"noreferrer noopener\">Facebook Trends lipiec 2025<\/a>!<\/p>\n\n\n\n<figure class=\"wp-block-embed is-type-video is-provider-youtube wp-block-embed-youtube wp-embed-aspect-9-16 wp-has-aspect-ratio\"><div class=\"wp-block-embed__wrapper\">\n<iframe loading=\"lazy\" title=\"W lipcu na Facebooku marki nawi\u0105zywa\u0142y do mistrzostwa Igi \u015awi\u0105tek \ud83c\udfbe #socialmedia #facebooktrends\" width=\"422\" height=\"750\" src=\"https:\/\/www.youtube.com\/embed\/tgMdDhHJXIk?feature=oembed\" frameborder=\"0\" allow=\"accelerometer; autoplay; clipboard-write; encrypted-media; gyroscope; picture-in-picture; web-share\" referrerpolicy=\"strict-origin-when-cross-origin\" allowfullscreen><\/iframe>\n<\/div><\/figure>\n\n\n\n<h2 class=\"wp-block-heading\">Facebook gratuluje mistrzyni Wimbledonu<\/h2>\n\n\n\n<p>Lanc\u00f4me pogratulowa\u0142o Idze \u015awi\u0105tek (kt\u00f3ra jest pierwsz\u0105 polsk\u0105 ambasadork\u0105 marki) zwyci\u0119stwa w Wimbledonie. Przy okazji we wpisie zareklamowane zosta\u0142y tak\u017ce promowane przez tenisistk\u0119 perfumy Id\u00f4le Power reprezentuj\u0105ce prawdziw\u0105 moc kobiet.<\/p>\n\n\n\n<p>Marka by\u0142a w tym miesi\u0105cu niedo\u015bcigniona pod wzgl\u0119dem <a href=\"https:\/\/www.sotrender.com\/trends\/facebook\/poland\/202507\/fmcg#engagement\" target=\"_blank\" rel=\"noreferrer noopener\">aktywno\u015bci u\u017cytkownik\u00f3w w kategorii FMCG<\/a> \u2013 awansowa\u0142a o 150 miejsc na pozycj\u0119 lidera.<\/p>\n\n\n<div class=\"wp-block-image\">\n<figure class=\"aligncenter size-full\"><img loading=\"lazy\" decoding=\"async\" width=\"2426\" height=\"1342\" src=\"https:\/\/www.sotrender.com\/blog\/wp-content\/uploads\/2025\/08\/Zrzut-ekranu-2025-08-7-o-14.03.43.png\" alt=\"Profile na Facebooku o najwi\u0119kszej aktywno\u015bci u\u017cytkownik\u00f3w w kategorii FMCG lipiec 2025 r.\" class=\"wp-image-56079\" srcset=\"https:\/\/www.sotrender.com\/blog\/wp-content\/uploads\/2025\/08\/Zrzut-ekranu-2025-08-7-o-14.03.43.png 2426w, https:\/\/www.sotrender.com\/blog\/wp-content\/uploads\/2025\/08\/Zrzut-ekranu-2025-08-7-o-14.03.43-475x263.png 475w, https:\/\/www.sotrender.com\/blog\/wp-content\/uploads\/2025\/08\/Zrzut-ekranu-2025-08-7-o-14.03.43-768x425.png 768w, https:\/\/www.sotrender.com\/blog\/wp-content\/uploads\/2025\/08\/Zrzut-ekranu-2025-08-7-o-14.03.43-1536x850.png 1536w, https:\/\/www.sotrender.com\/blog\/wp-content\/uploads\/2025\/08\/Zrzut-ekranu-2025-08-7-o-14.03.43-2048x1133.png 2048w\" sizes=\"(max-width: 2426px) 100vw, 2426px\" \/><figcaption class=\"wp-element-caption\"><a href=\"https:\/\/www.sotrender.com\/trends\/facebook\/poland\/202507\/fmcg#engagement\" target=\"_blank\" rel=\"noreferrer noopener\">Profile na Facebooku o najwi\u0119kszej aktywno\u015bci u\u017cytkownik\u00f3w w kategorii FMCG<\/a> | lipiec 2025 r.<\/figcaption><\/figure><\/div>\n\n\n<p>Zwi\u0119kszy\u0142a tak\u017ce zaanga\u017cowania o 872% i wspi\u0119\u0142a si\u0119 o 156 miejsc w g\u00f3r\u0119 na 14. lokat\u0119.<\/p>\n\n\n\n<p>Post by\u0142 oczywi\u015bcie <a href=\"https:\/\/www.sotrender.com\/trends\/facebook\/poland\/202507\/fmcg#best_posts\" target=\"_blank\" rel=\"noreferrer noopener\">najlepszym wpisem<\/a> lipca w tej kategorii.<\/p>\n\n\n<div class=\"wp-block-image\">\n<figure class=\"aligncenter size-full\"><img loading=\"lazy\" decoding=\"async\" width=\"2400\" height=\"1260\" src=\"https:\/\/www.sotrender.com\/blog\/wp-content\/uploads\/2025\/08\/Zrzut-ekranu-2025-08-7-o-17.00.56-min.png\" alt=\"Najlepsze posty na Facebooku w kategorii FMCG lipiec 2025 r.\" class=\"wp-image-56081\" srcset=\"https:\/\/www.sotrender.com\/blog\/wp-content\/uploads\/2025\/08\/Zrzut-ekranu-2025-08-7-o-17.00.56-min.png 2400w, https:\/\/www.sotrender.com\/blog\/wp-content\/uploads\/2025\/08\/Zrzut-ekranu-2025-08-7-o-17.00.56-min-475x249.png 475w, https:\/\/www.sotrender.com\/blog\/wp-content\/uploads\/2025\/08\/Zrzut-ekranu-2025-08-7-o-17.00.56-min-768x403.png 768w, https:\/\/www.sotrender.com\/blog\/wp-content\/uploads\/2025\/08\/Zrzut-ekranu-2025-08-7-o-17.00.56-min-1536x806.png 1536w, https:\/\/www.sotrender.com\/blog\/wp-content\/uploads\/2025\/08\/Zrzut-ekranu-2025-08-7-o-17.00.56-min-2048x1075.png 2048w\" sizes=\"(max-width: 2400px) 100vw, 2400px\" \/><figcaption class=\"wp-element-caption\"><a href=\"https:\/\/www.sotrender.com\/trends\/facebook\/poland\/202507\/fmcg#best_posts\" target=\"_blank\" rel=\"noreferrer noopener\">Najlepsze posty na Facebooku w kategorii FMCG<\/a> | lipiec 2025 r.<\/figcaption><\/figure><\/div>\n\n\n<p>Do naszej zwyci\u0119\u017cczyni Wimbledonu nawi\u0105zywa\u0142 te\u017c post Kuchni Jogurtowej \u2013 tym razem poprzez promowanie posi\u0142ku godnego mistrzyni, czyli makaronu z truskawkami (i jogurtem). Wpis by\u0142 drugim najlepszym w tej kategorii.<\/p>\n\n\n\n<p>Marka zanotowa\u0142a na swoim profilu wzrost zaanga\u017cowania o 90% i awansowa\u0142a o 26 miejsc na 9. lokat\u0119.<\/p>\n\n\n\n<p>W zestawieniach najlepszych post\u00f3w w wielu kategoriach roi\u0142o si\u0119 od kolejnych wpis\u00f3w gratulacyjnych. Opublikowali je m.in. <a href=\"https:\/\/www.sotrender.com\/trends\/facebook\/poland\/202507\/podroze#best_posts\" target=\"_blank\" rel=\"noreferrer noopener\">Martyna Wojciechowska<\/a> oraz <a href=\"https:\/\/www.sotrender.com\/trends\/facebook\/poland\/202507\/sport#best_posts\" target=\"_blank\" rel=\"noreferrer noopener\">Eurosport Polska<\/a>.<\/p>\n\n\n<div class=\"wp-block-image\">\n<figure class=\"aligncenter size-full\"><img loading=\"lazy\" decoding=\"async\" width=\"2400\" height=\"1058\" src=\"https:\/\/www.sotrender.com\/blog\/wp-content\/uploads\/2025\/08\/Zrzut-ekranu-2025-08-7-o-17.27.11-min.png\" alt=\"Najlepsze posty na Facebooku w kategorii Sport lipiec 2025 r.\" class=\"wp-image-56083\" srcset=\"https:\/\/www.sotrender.com\/blog\/wp-content\/uploads\/2025\/08\/Zrzut-ekranu-2025-08-7-o-17.27.11-min.png 2400w, https:\/\/www.sotrender.com\/blog\/wp-content\/uploads\/2025\/08\/Zrzut-ekranu-2025-08-7-o-17.27.11-min-475x209.png 475w, https:\/\/www.sotrender.com\/blog\/wp-content\/uploads\/2025\/08\/Zrzut-ekranu-2025-08-7-o-17.27.11-min-768x339.png 768w, https:\/\/www.sotrender.com\/blog\/wp-content\/uploads\/2025\/08\/Zrzut-ekranu-2025-08-7-o-17.27.11-min-1536x677.png 1536w, https:\/\/www.sotrender.com\/blog\/wp-content\/uploads\/2025\/08\/Zrzut-ekranu-2025-08-7-o-17.27.11-min-2048x903.png 2048w\" sizes=\"(max-width: 2400px) 100vw, 2400px\" \/><figcaption class=\"wp-element-caption\"><a href=\"https:\/\/www.sotrender.com\/trends\/facebook\/poland\/202507\/sport#best_posts\" target=\"_blank\" rel=\"noreferrer noopener\">Najlepsze posty na Facebooku w kategorii Sport<\/a> | lipiec 2025 r.<\/figcaption><\/figure><\/div>\n\n<style>\n    .cta-image-container {\n        background-image: url('https:\/\/www.sotrender.com\/blog\/wp-content\/uploads\/2024\/07\/Frame-1000001352.png');\n        background-size: contain;\n        background-position: left 300px top 100px;\n        background-repeat: no-repeat;\n}\n\n<\/style>    \n<div id=\"wp-block-cta-buttons-three-points-and-image\" class=\"wp-block-cta-buttons-three-points-and-image\">\n\n    <div class=\"content\">\n        <div class=\"header\">Sprawd\u017a swoje wyniki na tle konkurencji<\/div>\n\n        <ul class=\"list\">\n            <li>7 dni za darmo<\/li>\n            <li>Poznaj wszystkie funkcje narz\u0119dzia<\/li>\n            <li>Nie wymagamy karty kredytowej<\/li>\n        <\/ul>\n                    <a class=\"btn\" href=\"https:\/\/app.sotrender.com\/auth\/signup\/trial\/pl?utm_source=blog-cta\">\n                <div class=\"btn_content\">\n                    Wypr\u00f3buj za darmo                <\/div>\n            <\/a>\n        \n    <\/div>\n\n    <img decoding=\"async\" class=\"image\" src=\"https:\/\/www.sotrender.com\/blog\/wp-content\/uploads\/2024\/07\/Frame-1000001352.png\"\/>\n    \n\n   \n   \n<\/div>\n\n\n\n<h2 class=\"wp-block-heading\">Kinder<\/h2>\n\n\n\n<p>Kinder na swoim profilu podsumowa\u0142 i podzieli\u0142 si\u0119 zdj\u0119ciami ze swojego eventu z okazji Dnia Dziecka. Post cieszy\u0142 si\u0119 ogromnym zainteresowaniem i trafi\u0142 do zestawienia <a href=\"https:\/\/www.sotrender.com\/trends\/facebook\/poland\/202507\/fmcg#best_posts\" target=\"_blank\" rel=\"noreferrer noopener\">najlepszych tre\u015bci w kategorii FMCG<\/a>.<\/p>\n\n\n<div class=\"wp-block-image\">\n<figure class=\"aligncenter size-full\"><img loading=\"lazy\" decoding=\"async\" width=\"2436\" height=\"1052\" src=\"https:\/\/www.sotrender.com\/blog\/wp-content\/uploads\/2025\/08\/Zrzut-ekranu-2025-08-7-o-17.53.13.png\" alt=\"Najlepsze posty na Facebooku w kategorii FMCG lipiec 2025 r.\" class=\"wp-image-56092\" srcset=\"https:\/\/www.sotrender.com\/blog\/wp-content\/uploads\/2025\/08\/Zrzut-ekranu-2025-08-7-o-17.53.13.png 2436w, https:\/\/www.sotrender.com\/blog\/wp-content\/uploads\/2025\/08\/Zrzut-ekranu-2025-08-7-o-17.53.13-475x205.png 475w, https:\/\/www.sotrender.com\/blog\/wp-content\/uploads\/2025\/08\/Zrzut-ekranu-2025-08-7-o-17.53.13-768x332.png 768w, https:\/\/www.sotrender.com\/blog\/wp-content\/uploads\/2025\/08\/Zrzut-ekranu-2025-08-7-o-17.53.13-1536x663.png 1536w, https:\/\/www.sotrender.com\/blog\/wp-content\/uploads\/2025\/08\/Zrzut-ekranu-2025-08-7-o-17.53.13-2048x884.png 2048w\" sizes=\"(max-width: 2436px) 100vw, 2436px\" \/><figcaption class=\"wp-element-caption\"><a href=\"https:\/\/www.sotrender.com\/trends\/facebook\/poland\/202507\/fmcg#best_posts\" target=\"_blank\" rel=\"noreferrer noopener\">Najlepsze posty na Facebooku w kategorii FMCG<\/a> | lipiec 2025 r.<\/figcaption><\/figure><\/div>\n\n\n<p>Marka awansowa\u0142a o 173 miejsca na 5. pozycj\u0119 w rankingu aktywno\u015bci. Zanotowa\u0142a tak\u017ce <a href=\"https:\/\/www.sotrender.com\/trends\/facebook\/poland\/202507\/fmcg#storytellers\" target=\"_blank\" rel=\"noreferrer noopener\">wzrost zaanga\u017cowania o 249%<\/a>, co zaowocowa\u0142o 3. lokat\u0105 w zestawieniu.<\/p>\n\n\n<div class=\"wp-block-image\">\n<figure class=\"aligncenter size-full\"><img loading=\"lazy\" decoding=\"async\" width=\"2436\" height=\"1348\" src=\"https:\/\/www.sotrender.com\/blog\/wp-content\/uploads\/2025\/08\/Zrzut-ekranu-2025-08-7-o-17.52.31.png\" alt=\"Profile na Facebooku o najwi\u0119kszym zaanga\u017cowaniu w kategorii FMCG lipiec 2025 r.\" class=\"wp-image-56090\" srcset=\"https:\/\/www.sotrender.com\/blog\/wp-content\/uploads\/2025\/08\/Zrzut-ekranu-2025-08-7-o-17.52.31.png 2436w, https:\/\/www.sotrender.com\/blog\/wp-content\/uploads\/2025\/08\/Zrzut-ekranu-2025-08-7-o-17.52.31-475x263.png 475w, https:\/\/www.sotrender.com\/blog\/wp-content\/uploads\/2025\/08\/Zrzut-ekranu-2025-08-7-o-17.52.31-768x425.png 768w, https:\/\/www.sotrender.com\/blog\/wp-content\/uploads\/2025\/08\/Zrzut-ekranu-2025-08-7-o-17.52.31-1536x850.png 1536w, https:\/\/www.sotrender.com\/blog\/wp-content\/uploads\/2025\/08\/Zrzut-ekranu-2025-08-7-o-17.52.31-2048x1133.png 2048w\" sizes=\"(max-width: 2436px) 100vw, 2436px\" \/><figcaption class=\"wp-element-caption\"><a href=\"https:\/\/www.sotrender.com\/trends\/facebook\/poland\/202507\/fmcg#storytellers\" target=\"_blank\" rel=\"noreferrer noopener\">Profile na Facebooku o najwi\u0119kszym zaanga\u017cowaniu w kategorii FMCG<\/a> | lipiec 2025 r.<\/figcaption><\/figure><\/div>\n\n\n<h2 class=\"wp-block-heading\">Po\u017cegnanie artystki<\/h2>\n\n\n\n<p>Wiele os\u00f3b na swoich profilach Facebookowych wspomina\u0142o i \u017cegna\u0142o w tym miesi\u0105cu artystk\u0119 kabaretow\u0105 Joann\u0119 Ko\u0142aczkowsk\u0105. Jeden z takich post\u00f3w opublikowa\u0142 Kabaret M\u0142odych Pan\u00f3w. Wpis znalaz\u0142 si\u0119 na drugim miejscu <a href=\"https:\/\/www.sotrender.com\/trends\/facebook\/poland\/202507\/kultura#best_posts\" target=\"_blank\" rel=\"noreferrer noopener\">w\u015br\u00f3d najlepszych w kategorii Kultura i sztuka<\/a>.<\/p>\n\n\n<div class=\"wp-block-image\">\n<figure class=\"aligncenter size-full\"><img loading=\"lazy\" decoding=\"async\" width=\"2400\" height=\"1234\" src=\"https:\/\/www.sotrender.com\/blog\/wp-content\/uploads\/2025\/08\/Zrzut-ekranu-2025-08-7-o-17.29.54-min.png\" alt=\"Najlepsze posty na Facebooku w kategorii Kultura i sztuka lipiec 2025 r.\" class=\"wp-image-56085\" srcset=\"https:\/\/www.sotrender.com\/blog\/wp-content\/uploads\/2025\/08\/Zrzut-ekranu-2025-08-7-o-17.29.54-min.png 2400w, https:\/\/www.sotrender.com\/blog\/wp-content\/uploads\/2025\/08\/Zrzut-ekranu-2025-08-7-o-17.29.54-min-475x244.png 475w, https:\/\/www.sotrender.com\/blog\/wp-content\/uploads\/2025\/08\/Zrzut-ekranu-2025-08-7-o-17.29.54-min-768x395.png 768w, https:\/\/www.sotrender.com\/blog\/wp-content\/uploads\/2025\/08\/Zrzut-ekranu-2025-08-7-o-17.29.54-min-1536x790.png 1536w, https:\/\/www.sotrender.com\/blog\/wp-content\/uploads\/2025\/08\/Zrzut-ekranu-2025-08-7-o-17.29.54-min-2048x1053.png 2048w\" sizes=\"(max-width: 2400px) 100vw, 2400px\" \/><figcaption class=\"wp-element-caption\"><a href=\"https:\/\/www.sotrender.com\/trends\/facebook\/poland\/202507\/kultura#best_posts\" target=\"_blank\" rel=\"noreferrer noopener\">Najlepsze posty na Facebooku w kategorii Kultura i sztuka<\/a> | lipiec 2025 r.<\/figcaption><\/figure><\/div>\n\n\n<p>Wpis poruszy\u0142 spo\u0142eczno\u015b\u0107 platformy, co przyczyni\u0142o si\u0119 do wzrostu zaanga\u017cowania na profilu o 159%. Kabaret awansowa\u0142 tak\u017ce o 47 miejsc na 7. lokat\u0119 w <a href=\"https:\/\/www.sotrender.com\/trends\/facebook\/poland\/202507\/kultura#engagement\" target=\"_blank\" rel=\"noreferrer noopener\">rankingu aktywno\u015bci<\/a>.<\/p>\n\n\n<div class=\"wp-block-image\">\n<figure class=\"aligncenter size-full\"><img loading=\"lazy\" decoding=\"async\" width=\"2436\" height=\"1346\" src=\"https:\/\/www.sotrender.com\/blog\/wp-content\/uploads\/2025\/08\/Zrzut-ekranu-2025-08-8-o-10.06.38.png\" alt=\"Profile na Facebooku o najwi\u0119kszej aktywno\u015bci u\u017cytkownik\u00f3w w kategorii Kultura i sztuka lipiec 2025 r.\" class=\"wp-image-56099\" srcset=\"https:\/\/www.sotrender.com\/blog\/wp-content\/uploads\/2025\/08\/Zrzut-ekranu-2025-08-8-o-10.06.38.png 2436w, https:\/\/www.sotrender.com\/blog\/wp-content\/uploads\/2025\/08\/Zrzut-ekranu-2025-08-8-o-10.06.38-475x262.png 475w, https:\/\/www.sotrender.com\/blog\/wp-content\/uploads\/2025\/08\/Zrzut-ekranu-2025-08-8-o-10.06.38-768x424.png 768w, https:\/\/www.sotrender.com\/blog\/wp-content\/uploads\/2025\/08\/Zrzut-ekranu-2025-08-8-o-10.06.38-1536x849.png 1536w, https:\/\/www.sotrender.com\/blog\/wp-content\/uploads\/2025\/08\/Zrzut-ekranu-2025-08-8-o-10.06.38-2048x1132.png 2048w\" sizes=\"(max-width: 2436px) 100vw, 2436px\" \/><figcaption class=\"wp-element-caption\"><a href=\"https:\/\/www.sotrender.com\/trends\/facebook\/poland\/202507\/kultura#engagement\" target=\"_blank\" rel=\"noreferrer noopener\">Profile na Facebooku o najwi\u0119kszej aktywno\u015bci u\u017cytkownik\u00f3w w kategorii Kultura i sztuka<\/a> | lipiec 2025 r.<\/figcaption><\/figure><\/div>\n\n\n<h2 class=\"wp-block-heading\">Facebook Trends lipiec 2025<\/h2>\n\n\n\n<p>To wszystko, co przygotowali\u015bmy dla Was w tym miesi\u0105cu. Zach\u0119camy do sprawdzenia pe\u0142nej wersji&nbsp;<a href=\"https:\/\/sotrender.com\/trends\/facebook\/poland\/202507\/\" target=\"_blank\" rel=\"noreferrer noopener\">lipcowego raportu Facebook Trends<\/a>, a ju\u017c wkr\u00f3tce zapraszamy na raport TikTok Trends.<\/p>\n","protected":false},"excerpt":{"rendered":"<p>W tym miesi\u0105cu tenisowy sza\u0142 by\u0142 kontynuowany tak\u017ce na Facebooku. Platform\u0119 zala\u0142y posty nawi\u0105zuj\u0105ce do zwyci\u0119stwa Igi \u015awi\u0105tek w Wimbledonie.<\/p>\n","protected":false},"author":311,"featured_media":52385,"comment_status":"closed","ping_status":"open","sticky":false,"template":"","format":"standard","meta":{"inline_featured_image":false,"footnotes":""},"categories":[1791,1797],"tags":[4021,4022,2307,3901,3903],"yoast_head":"<!-- This site is optimized with the Yoast SEO plugin v22.4 - https:\/\/yoast.com\/wordpress\/plugins\/seo\/ -->\n<title>Facebook Trends lipiec 2025 \u2013 gratulacje dla mistrzyni<\/title>\n<meta name=\"description\" content=\"W tym miesi\u0105cu tenisowy sza\u0142 by\u0142 kontynuowany tak\u017ce na Facebooku. Platform\u0119 zala\u0142y posty nawi\u0105zuj\u0105ce do zwyci\u0119stwa Igi \u015awi\u0105tek w Wimbledonie.\" \/>\n<meta name=\"robots\" content=\"index, follow, max-snippet:-1, max-image-preview:large, max-video-preview:-1\" \/>\n<link rel=\"canonical\" href=\"https:\/\/www.sotrender.com\/blog\/pl\/2025\/08\/facebook-trends-lipiec-2025-gratulacje-dla-mistrzyni\/\" \/>\n<meta property=\"og:locale\" content=\"pl_PL\" \/>\n<meta property=\"og:type\" content=\"article\" \/>\n<meta property=\"og:title\" content=\"Facebook Trends lipiec 2025 \u2013 gratulacje dla mistrzyni\" \/>\n<meta property=\"og:description\" content=\"W tym miesi\u0105cu tenisowy sza\u0142 by\u0142 kontynuowany tak\u017ce na Facebooku. Platform\u0119 zala\u0142y posty nawi\u0105zuj\u0105ce do zwyci\u0119stwa Igi \u015awi\u0105tek w Wimbledonie.\" \/>\n<meta property=\"og:url\" content=\"https:\/\/www.sotrender.com\/blog\/pl\/2025\/08\/facebook-trends-lipiec-2025-gratulacje-dla-mistrzyni\/\" \/>\n<meta property=\"og:site_name\" content=\"Sotrender Blog\" \/>\n<meta property=\"article:publisher\" content=\"https:\/\/www.facebook.com\/Sotrender\" \/>\n<meta property=\"article:published_time\" content=\"2025-08-08T08:00:00+00:00\" \/>\n<meta property=\"article:modified_time\" content=\"2025-08-20T12:33:45+00:00\" \/>\n<meta property=\"og:image\" content=\"https:\/\/www.sotrender.com\/blog\/wp-content\/uploads\/2024\/07\/tennis-614183_1280.jpg\" \/>\n\t<meta property=\"og:image:width\" content=\"1280\" \/>\n\t<meta property=\"og:image:height\" content=\"960\" \/>\n\t<meta property=\"og:image:type\" content=\"image\/jpeg\" \/>\n<meta name=\"author\" content=\"Bogna Raszowska\" \/>\n<meta name=\"twitter:card\" content=\"summary_large_image\" \/>\n<meta name=\"twitter:creator\" content=\"@Sotrender\" \/>\n<meta name=\"twitter:site\" content=\"@Sotrender\" \/>\n<meta name=\"twitter:label1\" content=\"Written by\" \/>\n\t<meta name=\"twitter:data1\" content=\"Bogna Raszowska\" \/>\n\t<meta name=\"twitter:label2\" content=\"Est. reading time\" \/>\n\t<meta name=\"twitter:data2\" content=\"4 minutes\" \/>\n<script type=\"application\/ld+json\" class=\"yoast-schema-graph\">{\"@context\":\"https:\/\/schema.org\",\"@graph\":[{\"@type\":\"WebPage\",\"@id\":\"https:\/\/www.sotrender.com\/blog\/pl\/2025\/08\/facebook-trends-lipiec-2025-gratulacje-dla-mistrzyni\/\",\"url\":\"https:\/\/www.sotrender.com\/blog\/pl\/2025\/08\/facebook-trends-lipiec-2025-gratulacje-dla-mistrzyni\/\",\"name\":\"Facebook Trends lipiec 2025 \u2013 gratulacje dla mistrzyni\",\"isPartOf\":{\"@id\":\"https:\/\/www.sotrender.com\/blog\/#website\"},\"primaryImageOfPage\":{\"@id\":\"https:\/\/www.sotrender.com\/blog\/pl\/2025\/08\/facebook-trends-lipiec-2025-gratulacje-dla-mistrzyni\/#primaryimage\"},\"image\":{\"@id\":\"https:\/\/www.sotrender.com\/blog\/pl\/2025\/08\/facebook-trends-lipiec-2025-gratulacje-dla-mistrzyni\/#primaryimage\"},\"thumbnailUrl\":\"https:\/\/www.sotrender.com\/blog\/wp-content\/uploads\/2024\/07\/tennis-614183_1280.jpg\",\"datePublished\":\"2025-08-08T08:00:00+00:00\",\"dateModified\":\"2025-08-20T12:33:45+00:00\",\"author\":{\"@id\":\"https:\/\/www.sotrender.com\/blog\/#\/schema\/person\/2c3d8f31a13ec8be6145f5865f25d16c\"},\"description\":\"W tym miesi\u0105cu tenisowy sza\u0142 by\u0142 kontynuowany tak\u017ce na Facebooku. Platform\u0119 zala\u0142y posty nawi\u0105zuj\u0105ce do zwyci\u0119stwa Igi \u015awi\u0105tek w Wimbledonie.\",\"breadcrumb\":{\"@id\":\"https:\/\/www.sotrender.com\/blog\/pl\/2025\/08\/facebook-trends-lipiec-2025-gratulacje-dla-mistrzyni\/#breadcrumb\"},\"inLanguage\":\"pl-PL\",\"potentialAction\":[{\"@type\":\"ReadAction\",\"target\":[\"https:\/\/www.sotrender.com\/blog\/pl\/2025\/08\/facebook-trends-lipiec-2025-gratulacje-dla-mistrzyni\/\"]}]},{\"@type\":\"ImageObject\",\"inLanguage\":\"pl-PL\",\"@id\":\"https:\/\/www.sotrender.com\/blog\/pl\/2025\/08\/facebook-trends-lipiec-2025-gratulacje-dla-mistrzyni\/#primaryimage\",\"url\":\"https:\/\/www.sotrender.com\/blog\/wp-content\/uploads\/2024\/07\/tennis-614183_1280.jpg\",\"contentUrl\":\"https:\/\/www.sotrender.com\/blog\/wp-content\/uploads\/2024\/07\/tennis-614183_1280.jpg\",\"width\":1280,\"height\":960},{\"@type\":\"BreadcrumbList\",\"@id\":\"https:\/\/www.sotrender.com\/blog\/pl\/2025\/08\/facebook-trends-lipiec-2025-gratulacje-dla-mistrzyni\/#breadcrumb\",\"itemListElement\":[{\"@type\":\"ListItem\",\"position\":1,\"name\":\"Home\",\"item\":\"https:\/\/www.sotrender.com\/blog\/\"},{\"@type\":\"ListItem\",\"position\":2,\"name\":\"Facebook Trends lipiec 2025 \u2013 gratulacje dla mistrzyni\"}]},{\"@type\":\"WebSite\",\"@id\":\"https:\/\/www.sotrender.com\/blog\/#website\",\"url\":\"https:\/\/www.sotrender.com\/blog\/\",\"name\":\"Sotrender Blog\",\"description\":\"\",\"potentialAction\":[{\"@type\":\"SearchAction\",\"target\":{\"@type\":\"EntryPoint\",\"urlTemplate\":\"https:\/\/www.sotrender.com\/blog\/?s={search_term_string}\"},\"query-input\":\"required name=search_term_string\"}],\"inLanguage\":\"pl-PL\"},{\"@type\":\"Person\",\"@id\":\"https:\/\/www.sotrender.com\/blog\/#\/schema\/person\/2c3d8f31a13ec8be6145f5865f25d16c\",\"name\":\"Bogna Raszowska\",\"image\":{\"@type\":\"ImageObject\",\"inLanguage\":\"pl-PL\",\"@id\":\"https:\/\/www.sotrender.com\/blog\/#\/schema\/person\/image\/\",\"url\":\"https:\/\/secure.gravatar.com\/avatar\/a9efb91eb7796ed666d24a5b58b6a6cd?s=96&d=mm&r=g\",\"contentUrl\":\"https:\/\/secure.gravatar.com\/avatar\/a9efb91eb7796ed666d24a5b58b6a6cd?s=96&d=mm&r=g\",\"caption\":\"Bogna Raszowska\"},\"description\":\"Digital marketer with a passion for copywriting, content and social media. Off the clock, I'm an avid traveler, RPG gamer, music lover, and South Korean culture enthusiast.\",\"sameAs\":[\"https:\/\/www.linkedin.com\/in\/bognaraszowska\"],\"url\":\"https:\/\/www.sotrender.com\/blog\/pl\/author\/bogna_raszowska\/\"}]}<\/script>\n<!-- \/ Yoast SEO plugin. -->","yoast_head_json":{"title":"Facebook Trends lipiec 2025 \u2013 gratulacje dla mistrzyni","description":"W tym miesi\u0105cu tenisowy sza\u0142 by\u0142 kontynuowany tak\u017ce na Facebooku. Platform\u0119 zala\u0142y posty nawi\u0105zuj\u0105ce do zwyci\u0119stwa Igi \u015awi\u0105tek w Wimbledonie.","robots":{"index":"index","follow":"follow","max-snippet":"max-snippet:-1","max-image-preview":"max-image-preview:large","max-video-preview":"max-video-preview:-1"},"canonical":"https:\/\/www.sotrender.com\/blog\/pl\/2025\/08\/facebook-trends-lipiec-2025-gratulacje-dla-mistrzyni\/","og_locale":"pl_PL","og_type":"article","og_title":"Facebook Trends lipiec 2025 \u2013 gratulacje dla mistrzyni","og_description":"W tym miesi\u0105cu tenisowy sza\u0142 by\u0142 kontynuowany tak\u017ce na Facebooku. Platform\u0119 zala\u0142y posty nawi\u0105zuj\u0105ce do zwyci\u0119stwa Igi \u015awi\u0105tek w Wimbledonie.","og_url":"https:\/\/www.sotrender.com\/blog\/pl\/2025\/08\/facebook-trends-lipiec-2025-gratulacje-dla-mistrzyni\/","og_site_name":"Sotrender Blog","article_publisher":"https:\/\/www.facebook.com\/Sotrender","article_published_time":"2025-08-08T08:00:00+00:00","article_modified_time":"2025-08-20T12:33:45+00:00","og_image":[{"width":1280,"height":960,"url":"https:\/\/www.sotrender.com\/blog\/wp-content\/uploads\/2024\/07\/tennis-614183_1280.jpg","type":"image\/jpeg"}],"author":"Bogna Raszowska","twitter_card":"summary_large_image","twitter_creator":"@Sotrender","twitter_site":"@Sotrender","twitter_misc":{"Written by":"Bogna Raszowska","Est. reading time":"4 minutes"},"schema":{"@context":"https:\/\/schema.org","@graph":[{"@type":"WebPage","@id":"https:\/\/www.sotrender.com\/blog\/pl\/2025\/08\/facebook-trends-lipiec-2025-gratulacje-dla-mistrzyni\/","url":"https:\/\/www.sotrender.com\/blog\/pl\/2025\/08\/facebook-trends-lipiec-2025-gratulacje-dla-mistrzyni\/","name":"Facebook Trends lipiec 2025 \u2013 gratulacje dla mistrzyni","isPartOf":{"@id":"https:\/\/www.sotrender.com\/blog\/#website"},"primaryImageOfPage":{"@id":"https:\/\/www.sotrender.com\/blog\/pl\/2025\/08\/facebook-trends-lipiec-2025-gratulacje-dla-mistrzyni\/#primaryimage"},"image":{"@id":"https:\/\/www.sotrender.com\/blog\/pl\/2025\/08\/facebook-trends-lipiec-2025-gratulacje-dla-mistrzyni\/#primaryimage"},"thumbnailUrl":"https:\/\/www.sotrender.com\/blog\/wp-content\/uploads\/2024\/07\/tennis-614183_1280.jpg","datePublished":"2025-08-08T08:00:00+00:00","dateModified":"2025-08-20T12:33:45+00:00","author":{"@id":"https:\/\/www.sotrender.com\/blog\/#\/schema\/person\/2c3d8f31a13ec8be6145f5865f25d16c"},"description":"W tym miesi\u0105cu tenisowy sza\u0142 by\u0142 kontynuowany tak\u017ce na Facebooku. Platform\u0119 zala\u0142y posty nawi\u0105zuj\u0105ce do zwyci\u0119stwa Igi \u015awi\u0105tek w Wimbledonie.","breadcrumb":{"@id":"https:\/\/www.sotrender.com\/blog\/pl\/2025\/08\/facebook-trends-lipiec-2025-gratulacje-dla-mistrzyni\/#breadcrumb"},"inLanguage":"pl-PL","potentialAction":[{"@type":"ReadAction","target":["https:\/\/www.sotrender.com\/blog\/pl\/2025\/08\/facebook-trends-lipiec-2025-gratulacje-dla-mistrzyni\/"]}]},{"@type":"ImageObject","inLanguage":"pl-PL","@id":"https:\/\/www.sotrender.com\/blog\/pl\/2025\/08\/facebook-trends-lipiec-2025-gratulacje-dla-mistrzyni\/#primaryimage","url":"https:\/\/www.sotrender.com\/blog\/wp-content\/uploads\/2024\/07\/tennis-614183_1280.jpg","contentUrl":"https:\/\/www.sotrender.com\/blog\/wp-content\/uploads\/2024\/07\/tennis-614183_1280.jpg","width":1280,"height":960},{"@type":"BreadcrumbList","@id":"https:\/\/www.sotrender.com\/blog\/pl\/2025\/08\/facebook-trends-lipiec-2025-gratulacje-dla-mistrzyni\/#breadcrumb","itemListElement":[{"@type":"ListItem","position":1,"name":"Home","item":"https:\/\/www.sotrender.com\/blog\/"},{"@type":"ListItem","position":2,"name":"Facebook Trends lipiec 2025 \u2013 gratulacje dla mistrzyni"}]},{"@type":"WebSite","@id":"https:\/\/www.sotrender.com\/blog\/#website","url":"https:\/\/www.sotrender.com\/blog\/","name":"Sotrender Blog","description":"","potentialAction":[{"@type":"SearchAction","target":{"@type":"EntryPoint","urlTemplate":"https:\/\/www.sotrender.com\/blog\/?s={search_term_string}"},"query-input":"required name=search_term_string"}],"inLanguage":"pl-PL"},{"@type":"Person","@id":"https:\/\/www.sotrender.com\/blog\/#\/schema\/person\/2c3d8f31a13ec8be6145f5865f25d16c","name":"Bogna Raszowska","image":{"@type":"ImageObject","inLanguage":"pl-PL","@id":"https:\/\/www.sotrender.com\/blog\/#\/schema\/person\/image\/","url":"https:\/\/secure.gravatar.com\/avatar\/a9efb91eb7796ed666d24a5b58b6a6cd?s=96&d=mm&r=g","contentUrl":"https:\/\/secure.gravatar.com\/avatar\/a9efb91eb7796ed666d24a5b58b6a6cd?s=96&d=mm&r=g","caption":"Bogna Raszowska"},"description":"Digital marketer with a passion for copywriting, content and social media. Off the clock, I'm an avid traveler, RPG gamer, music lover, and South Korean culture enthusiast.","sameAs":["https:\/\/www.linkedin.com\/in\/bognaraszowska"],"url":"https:\/\/www.sotrender.com\/blog\/pl\/author\/bogna_raszowska\/"}]}},"_links":{"self":[{"href":"https:\/\/www.sotrender.com\/blog\/pl\/wp-json\/wp\/v2\/posts\/56054"}],"collection":[{"href":"https:\/\/www.sotrender.com\/blog\/pl\/wp-json\/wp\/v2\/posts"}],"about":[{"href":"https:\/\/www.sotrender.com\/blog\/pl\/wp-json\/wp\/v2\/types\/post"}],"author":[{"embeddable":true,"href":"https:\/\/www.sotrender.com\/blog\/pl\/wp-json\/wp\/v2\/users\/311"}],"replies":[{"embeddable":true,"href":"https:\/\/www.sotrender.com\/blog\/pl\/wp-json\/wp\/v2\/comments?post=56054"}],"version-history":[{"count":13,"href":"https:\/\/www.sotrender.com\/blog\/pl\/wp-json\/wp\/v2\/posts\/56054\/revisions"}],"predecessor-version":[{"id":56271,"href":"https:\/\/www.sotrender.com\/blog\/pl\/wp-json\/wp\/v2\/posts\/56054\/revisions\/56271"}],"wp:featuredmedia":[{"embeddable":true,"href":"https:\/\/www.sotrender.com\/blog\/pl\/wp-json\/wp\/v2\/media\/52385"}],"wp:attachment":[{"href":"https:\/\/www.sotrender.com\/blog\/pl\/wp-json\/wp\/v2\/media?parent=56054"}],"wp:term":[{"taxonomy":"category","embeddable":true,"href":"https:\/\/www.sotrender.com\/blog\/pl\/wp-json\/wp\/v2\/categories?post=56054"},{"taxonomy":"post_tag","embeddable":true,"href":"https:\/\/www.sotrender.com\/blog\/pl\/wp-json\/wp\/v2\/tags?post=56054"}],"curies":[{"name":"wp","href":"https:\/\/api.w.org\/{rel}","templated":true}]}}