{"id":55835,"date":"2025-07-09T09:03:49","date_gmt":"2025-07-09T07:03:49","guid":{"rendered":"https:\/\/www.sotrender.com\/blog\/?p=55835"},"modified":"2025-08-20T14:38:09","modified_gmt":"2025-08-20T12:38:09","slug":"ad-trends-czerwiec-2025-temu-ponownie-w-natarciu","status":"publish","type":"post","link":"https:\/\/www.sotrender.com\/blog\/pl\/2025\/07\/ad-trends-czerwiec-2025-temu-ponownie-w-natarciu\/","title":{"rendered":"Ad Trends czerwiec 2025 \u2013 Temu ponownie w natarciu"},"content":{"rendered":"\n<p>W \u015bwiecie reklamy spokojnie i przewidywalnie \u2013 Temu Poland ponownie zwi\u0119kszy\u0142o liczb\u0119 emitowanych reklam, a wska\u017aniki CPC i CPM uleg\u0142y tylko niewielkim spadkom (odpowiednio o 3% i 10% w por\u00f3wnaniu do maja).<\/p>\n\n\n\n<!--more-->\n\n\n\n<p>Reklamodawcom, kt\u00f3rych dzia\u0142aniom jednak warto si\u0119 przyjrze\u0107 jest \u017babka Jush i PKO Bank Polski.<\/p>\n\n\n\n<p>Zapraszamy na raport <a href=\"https:\/\/www.sotrender.com\/trends\/ads\/poland\/202506\" target=\"_blank\" rel=\"noreferrer noopener\">Ad Trends czerwiec 2025<\/a>.<\/p>\n\n\n\n<figure class=\"wp-block-embed is-type-video is-provider-youtube wp-block-embed-youtube wp-embed-aspect-9-16 wp-has-aspect-ratio\"><div class=\"wp-block-embed__wrapper\">\n<iframe loading=\"lazy\" title=\"Analiza reklam w Meta w czerwcu \ud83d\udcb0 #AdTrends #socialmedia #marketing\" width=\"422\" height=\"750\" src=\"https:\/\/www.youtube.com\/embed\/pe8B0Y0SaCU?feature=oembed\" frameborder=\"0\" allow=\"accelerometer; autoplay; clipboard-write; encrypted-media; gyroscope; picture-in-picture; web-share\" referrerpolicy=\"strict-origin-when-cross-origin\" allowfullscreen><\/iframe>\n<\/div><\/figure>\n\n\n\n<h2 class=\"wp-block-heading\">Temu i \u017babka Jush zwi\u0119kszaj\u0105 liczb\u0119 reklam<\/h2>\n\n\n\n<p>Miesi\u0105c temu raportowali\u015bmy, \u017ce <a href=\"https:\/\/www.sotrender.com\/blog\/pl\/2025\/06\/ad-trends-maj-2025-skyshowtime-z-najwiekszymi-zasiegami\/\" target=\"_blank\" rel=\"noreferrer noopener\">Temu Poland niemal o po\u0142ow\u0119 zmniejszy\u0142o liczb\u0119 swoich reklam<\/a> w Mecie. C\u00f3\u017c, nie trwa\u0142o to d\u0142ugo, bowiem w czerwcu na koncie Temu odnotowali\u015bmy ponownie 51% wzrost liczby emitowanych reklam \u2013 by\u0142o ich o niemal 19 tys. wi\u0119cej reklam ni\u017c w maju.<\/p>\n\n\n\n<p>Innymi reklamodawcami, kt\u00f3rzy zintensyfikowali swoje dzialania reklamowe by\u0142y chocia\u017cby \u017babka Jush, NOYO, Somersby czy BIODERMA. Na koncie \u017babki Jush i NOYO odnotowali\u015bmy oko\u0142o 60% przyrost w liczbie emitowanych reklam, dzi\u0119ki czemu \u017babka Jush znalaz\u0142a si\u0119 w <a href=\"https:\/\/www.sotrender.com\/trends\/ads\/poland\/202506\/ads#liczba_reklam\" target=\"_blank\" rel=\"noreferrer noopener\">TOP3 reklamodawc\u00f3w z najwi\u0119ksz\u0105 liczb\u0105 reklam w czerwcu<\/a>, emituj\u0105c ich ponad 1 500.<\/p>\n\n\n\n<figure class=\"wp-block-image size-full\"><img loading=\"lazy\" decoding=\"async\" width=\"2438\" height=\"858\" src=\"https:\/\/www.sotrender.com\/blog\/wp-content\/uploads\/2025\/07\/liczba-reklam-meta-czerwiec-2025.png\" alt=\"Reklamodawcy z najwi\u0119ksz\u0105 liczb\u0105 reklam czerwiec 2025\" class=\"wp-image-55845\" srcset=\"https:\/\/www.sotrender.com\/blog\/wp-content\/uploads\/2025\/07\/liczba-reklam-meta-czerwiec-2025.png 2438w, https:\/\/www.sotrender.com\/blog\/wp-content\/uploads\/2025\/07\/liczba-reklam-meta-czerwiec-2025-475x167.png 475w, https:\/\/www.sotrender.com\/blog\/wp-content\/uploads\/2025\/07\/liczba-reklam-meta-czerwiec-2025-768x270.png 768w, https:\/\/www.sotrender.com\/blog\/wp-content\/uploads\/2025\/07\/liczba-reklam-meta-czerwiec-2025-1536x541.png 1536w, https:\/\/www.sotrender.com\/blog\/wp-content\/uploads\/2025\/07\/liczba-reklam-meta-czerwiec-2025-2048x721.png 2048w\" sizes=\"(max-width: 2438px) 100vw, 2438px\" \/><figcaption class=\"wp-element-caption\"><a href=\"https:\/\/www.sotrender.com\/trends\/ads\/poland\/202506\/ads#liczba_reklam\" target=\"_blank\" rel=\"noreferrer noopener\">Reklamodawcy w ekosystemie Meta z najwi\u0119ksz\u0105 liczb\u0105 reklam<\/a> | czerwiec 2025<\/figcaption><\/figure>\n\n\n\n<p>Cho\u0107 procentowy przyrost w liczbie reklam na profilu Somersby czy BIODERMY by\u0142 znacznie wi\u0119kszy \u2013 odpowiednio 803% i 180% \u2013 de facto by\u0142 to wzrost na poziomie zaledwie 281 \u2013 277 reklam.<\/p>\n\n\n\n<h2 class=\"wp-block-heading\">Temu i PKO Bank Polski z najwi\u0119kszymi wzrostami zasi\u0119g\u00f3w<\/h2>\n\n\n\n<p>Najwi\u0119ksze zmiany <a href=\"https:\/\/www.sotrender.com\/trends\/ads\/poland\/202506\/ads#reach_score\" target=\"_blank\" rel=\"noreferrer noopener\">pod wzgl\u0119dem zasi\u0119g\u00f3w w Mecie<\/a> odnotowali\u015bmy na koncie Temu Poland i PKO Banku Polskiego.<\/p>\n\n\n\n<p>Temu wr\u00f3ci\u0142o na pozycj\u0119 lidera pod wzgl\u0119dem zasi\u0119g\u00f3w, z kolei PKO Bank Polski w por\u00f3wnaniu do poprzedniego miesi\u0105ca zwi\u0119kszy\u0142 je najbardziej \u2013 g\u0142\u00f3wnie za spraw\u0105 wideo reklamy z zaproszeniem na Open\u2019era, kt\u00f3rego by\u0142 sponsorem. Materia\u0142 znalaz\u0142 si\u0119 w\u015br\u00f3d najbardziej zasi\u0119gowych reklam czerwca.<\/p>\n\n\n\n<figure class=\"wp-block-image size-full\"><img loading=\"lazy\" decoding=\"async\" width=\"2468\" height=\"670\" src=\"https:\/\/www.sotrender.com\/blog\/wp-content\/uploads\/2025\/07\/meta-reach-score-czerwiec-2025.png\" alt=\"reklamodawcy z najwi\u0119kszymi zasi\u0119gami w czerwcu 2025 w mecie\" class=\"wp-image-55839\" srcset=\"https:\/\/www.sotrender.com\/blog\/wp-content\/uploads\/2025\/07\/meta-reach-score-czerwiec-2025.png 2468w, https:\/\/www.sotrender.com\/blog\/wp-content\/uploads\/2025\/07\/meta-reach-score-czerwiec-2025-475x129.png 475w, https:\/\/www.sotrender.com\/blog\/wp-content\/uploads\/2025\/07\/meta-reach-score-czerwiec-2025-768x208.png 768w, https:\/\/www.sotrender.com\/blog\/wp-content\/uploads\/2025\/07\/meta-reach-score-czerwiec-2025-1536x417.png 1536w, https:\/\/www.sotrender.com\/blog\/wp-content\/uploads\/2025\/07\/meta-reach-score-czerwiec-2025-2048x556.png 2048w\" sizes=\"(max-width: 2468px) 100vw, 2468px\" \/><figcaption class=\"wp-element-caption\"><a href=\"https:\/\/www.sotrender.com\/trends\/ads\/poland\/202506\/ads#reach_score\" target=\"_blank\" rel=\"noreferrer noopener\">Reklamodawcy w ekosystemie Meta z najwi\u0119kszymi zasi\u0119gami<\/a> | czerwiec 2025<\/figcaption><\/figure>\n\n\n\n<h2 class=\"wp-block-heading\">Lato, Open\u2019er i\u2026 Lidl<\/h2>\n\n\n\n<p><a href=\"https:\/\/www.sotrender.com\/trends\/ads\/poland\/202506\/ads#best_posts\" target=\"_blank\" rel=\"noreferrer noopener\">W\u015br\u00f3d najbardziej zasi\u0119gowych reklam<\/a> zapanowa\u0142 ju\u017c i\u015bcie letni klimat. Dwie reklamy o najwi\u0119kszym zasi\u0119gu przekraczaj\u0105cym 10 milion\u00f3w wyemitowa\u0142o KFC \u2013 dotyczy\u0142y promocji na kaw\u0119 mro\u017con\u0105.<\/p>\n\n\n\n<p><a href=\"https:\/\/www.sotrender.com\/trends\/ads\/poland\/202506\/ads#best_posts\" target=\"_blank\" rel=\"noreferrer noopener\">W TOP15<\/a> znalaz\u0142y si\u0119 r\u00f3wnie\u017c reklamy nawi\u0105zuj\u0105ce do Open\u2019era \u2013 trzy od Modivo oraz jedna od PKO Banku Polskiego \u2013 i wszystkie mia\u0142y zasi\u0119gi na poziomie 8 milion\u00f3w. R\u00f3wnie\u017c Ballantine\u2019s rozpocz\u0105\u0142 ju\u017c komunikacj\u0119 nawi\u0105zuj\u0105c\u0105 do letnich festiwali.<\/p>\n\n\n\n<figure class=\"wp-block-image size-full is-resized\"><img loading=\"lazy\" decoding=\"async\" width=\"2000\" height=\"908\" src=\"https:\/\/www.sotrender.com\/blog\/wp-content\/uploads\/2025\/07\/meta-top-reklamy-czerwiec-2025.png\" alt=\"reklamy z najwi\u0119kszymi zasi\u0119gami w czerwcu 2025 na facebooku \" class=\"wp-image-55842\" style=\"width:840px;height:auto\" srcset=\"https:\/\/www.sotrender.com\/blog\/wp-content\/uploads\/2025\/07\/meta-top-reklamy-czerwiec-2025.png 2000w, https:\/\/www.sotrender.com\/blog\/wp-content\/uploads\/2025\/07\/meta-top-reklamy-czerwiec-2025-475x216.png 475w, https:\/\/www.sotrender.com\/blog\/wp-content\/uploads\/2025\/07\/meta-top-reklamy-czerwiec-2025-768x349.png 768w, https:\/\/www.sotrender.com\/blog\/wp-content\/uploads\/2025\/07\/meta-top-reklamy-czerwiec-2025-1536x697.png 1536w\" sizes=\"(max-width: 2000px) 100vw, 2000px\" \/><figcaption class=\"wp-element-caption\"><a href=\"https:\/\/www.sotrender.com\/trends\/ads\/poland\/202506\/ads#best_posts\" target=\"_blank\" rel=\"noreferrer noopener\">Reklamy w ekosystemie Meta z najwi\u0119kszymi zasi\u0119gami<\/a> | czerwiec 2025<\/figcaption><\/figure>\n\n\n\n<p>W\u015br\u00f3d najbardziej zasi\u0119gowych reklam nie mog\u0142o oczywi\u015bcie zabrakn\u0105\u0107 r\u00f3wnie\u017c tych od Lidla \u2013 na 15 reklam w tym zestawieniu, a\u017c 6 wyemitowa\u0142 Lidl.<\/p>\n\n\n\n<h2 class=\"wp-block-heading\">Ad Trends czerwiec 2025<\/h2>\n\n\n\n<p>Tak wygl\u0105da\u0142 rynek reklamy w Mecie w czerwcu 2025. Po wi\u0119cej szczeg\u00f3\u0142\u00f3w odsy\u0142amy do <a href=\"https:\/\/www.sotrender.com\/trends\/ads\/poland\/202506\" target=\"_blank\" rel=\"noreferrer noopener\">pe\u0142nej wersji raportu Ad Trends<\/a>.<\/p>\n\n\n\n<p>Zapraszamy r\u00f3wnie\u017c do odwiedzenia czerwcowego wydania <a href=\"https:\/\/www.sotrender.com\/blog\/pl\/2025\/07\/instagram-trends-czerwiec-2025-leca-po-swoje\/\" target=\"_blank\" rel=\"noreferrer noopener\">Instagram Trends<\/a> oraz <a href=\"https:\/\/www.sotrender.com\/blog\/pl\/2025\/07\/facebook-trends-czerwiec-2025-gesta-mgla-powraca\/\" target=\"_blank\" rel=\"noreferrer noopener\">Facebook Trends<\/a>, a za kilka dni r\u00f3wnie\u017c TikTok Trends.<\/p>\n","protected":false},"excerpt":{"rendered":"<p>W \u015bwiecie reklamy spokojnie i przewidywalnie \u2013 Temu Poland ponownie zwi\u0119kszy\u0142o liczb\u0119 emitowanych reklam, a wska\u017aniki CPC i CPM uleg\u0142y tylko niewielkim spadkom (odpowiednio o 3% i 10% w por\u00f3wnaniu do maja).<\/p>\n","protected":false},"author":89,"featured_media":55837,"comment_status":"closed","ping_status":"open","sticky":false,"template":"","format":"standard","meta":{"inline_featured_image":false,"footnotes":""},"categories":[1791,1793],"tags":[3235,4014,2005,2303],"yoast_head":"<!-- This site is optimized with the Yoast SEO plugin v22.4 - https:\/\/yoast.com\/wordpress\/plugins\/seo\/ -->\n<title>Ad Trends czerwiec 2025 \u2013 Temu ponownie w natarciu<\/title>\n<meta name=\"description\" content=\"W czerwcu w Mecie Temu Poland ponownie zwi\u0119kszy\u0142o liczb\u0119 emitowanych reklam, a wska\u017aniki CPC i CPM uleg\u0142y tylko niewielkim spadkom.\" \/>\n<meta name=\"robots\" content=\"index, follow, max-snippet:-1, max-image-preview:large, max-video-preview:-1\" \/>\n<link rel=\"canonical\" href=\"https:\/\/www.sotrender.com\/blog\/pl\/2025\/07\/ad-trends-czerwiec-2025-temu-ponownie-w-natarciu\/\" \/>\n<meta property=\"og:locale\" content=\"pl_PL\" \/>\n<meta property=\"og:type\" content=\"article\" \/>\n<meta property=\"og:title\" content=\"Ad Trends czerwiec 2025 \u2013 Temu ponownie w natarciu\" \/>\n<meta property=\"og:description\" content=\"W czerwcu w Mecie Temu Poland ponownie zwi\u0119kszy\u0142o liczb\u0119 emitowanych reklam, a wska\u017aniki CPC i CPM uleg\u0142y tylko niewielkim spadkom.\" \/>\n<meta property=\"og:url\" content=\"https:\/\/www.sotrender.com\/blog\/pl\/2025\/07\/ad-trends-czerwiec-2025-temu-ponownie-w-natarciu\/\" \/>\n<meta property=\"og:site_name\" content=\"Sotrender Blog\" \/>\n<meta property=\"article:publisher\" content=\"https:\/\/www.facebook.com\/Sotrender\" \/>\n<meta property=\"article:published_time\" content=\"2025-07-09T07:03:49+00:00\" \/>\n<meta property=\"article:modified_time\" content=\"2025-08-20T12:38:09+00:00\" \/>\n<meta property=\"og:image\" content=\"https:\/\/www.sotrender.com\/blog\/wp-content\/uploads\/2025\/07\/festiwal.jpg\" \/>\n\t<meta property=\"og:image:width\" content=\"1000\" \/>\n\t<meta property=\"og:image:height\" content=\"702\" \/>\n\t<meta property=\"og:image:type\" content=\"image\/jpeg\" \/>\n<meta name=\"author\" content=\"Klaudia \u017by\u0142ka\" \/>\n<meta name=\"twitter:card\" content=\"summary_large_image\" \/>\n<meta name=\"twitter:creator\" content=\"@Sotrender\" \/>\n<meta name=\"twitter:site\" content=\"@Sotrender\" \/>\n<meta name=\"twitter:label1\" content=\"Written by\" \/>\n\t<meta name=\"twitter:data1\" content=\"Klaudia \u017by\u0142ka\" \/>\n\t<meta name=\"twitter:label2\" content=\"Est. reading time\" \/>\n\t<meta name=\"twitter:data2\" content=\"3 minutes\" \/>\n<script type=\"application\/ld+json\" class=\"yoast-schema-graph\">{\"@context\":\"https:\/\/schema.org\",\"@graph\":[{\"@type\":\"WebPage\",\"@id\":\"https:\/\/www.sotrender.com\/blog\/pl\/2025\/07\/ad-trends-czerwiec-2025-temu-ponownie-w-natarciu\/\",\"url\":\"https:\/\/www.sotrender.com\/blog\/pl\/2025\/07\/ad-trends-czerwiec-2025-temu-ponownie-w-natarciu\/\",\"name\":\"Ad Trends czerwiec 2025 \u2013 Temu ponownie w natarciu\",\"isPartOf\":{\"@id\":\"https:\/\/www.sotrender.com\/blog\/#website\"},\"primaryImageOfPage\":{\"@id\":\"https:\/\/www.sotrender.com\/blog\/pl\/2025\/07\/ad-trends-czerwiec-2025-temu-ponownie-w-natarciu\/#primaryimage\"},\"image\":{\"@id\":\"https:\/\/www.sotrender.com\/blog\/pl\/2025\/07\/ad-trends-czerwiec-2025-temu-ponownie-w-natarciu\/#primaryimage\"},\"thumbnailUrl\":\"https:\/\/www.sotrender.com\/blog\/wp-content\/uploads\/2025\/07\/festiwal.jpg\",\"datePublished\":\"2025-07-09T07:03:49+00:00\",\"dateModified\":\"2025-08-20T12:38:09+00:00\",\"author\":{\"@id\":\"https:\/\/www.sotrender.com\/blog\/#\/schema\/person\/038ac5e276c5d102d8cbb9c36cd43416\"},\"description\":\"W czerwcu w Mecie Temu Poland ponownie zwi\u0119kszy\u0142o liczb\u0119 emitowanych reklam, a wska\u017aniki CPC i CPM uleg\u0142y tylko niewielkim spadkom.\",\"breadcrumb\":{\"@id\":\"https:\/\/www.sotrender.com\/blog\/pl\/2025\/07\/ad-trends-czerwiec-2025-temu-ponownie-w-natarciu\/#breadcrumb\"},\"inLanguage\":\"pl-PL\",\"potentialAction\":[{\"@type\":\"ReadAction\",\"target\":[\"https:\/\/www.sotrender.com\/blog\/pl\/2025\/07\/ad-trends-czerwiec-2025-temu-ponownie-w-natarciu\/\"]}]},{\"@type\":\"ImageObject\",\"inLanguage\":\"pl-PL\",\"@id\":\"https:\/\/www.sotrender.com\/blog\/pl\/2025\/07\/ad-trends-czerwiec-2025-temu-ponownie-w-natarciu\/#primaryimage\",\"url\":\"https:\/\/www.sotrender.com\/blog\/wp-content\/uploads\/2025\/07\/festiwal.jpg\",\"contentUrl\":\"https:\/\/www.sotrender.com\/blog\/wp-content\/uploads\/2025\/07\/festiwal.jpg\",\"width\":1000,\"height\":702},{\"@type\":\"BreadcrumbList\",\"@id\":\"https:\/\/www.sotrender.com\/blog\/pl\/2025\/07\/ad-trends-czerwiec-2025-temu-ponownie-w-natarciu\/#breadcrumb\",\"itemListElement\":[{\"@type\":\"ListItem\",\"position\":1,\"name\":\"Home\",\"item\":\"https:\/\/www.sotrender.com\/blog\/\"},{\"@type\":\"ListItem\",\"position\":2,\"name\":\"Ad Trends czerwiec 2025 \u2013 Temu ponownie w natarciu\"}]},{\"@type\":\"WebSite\",\"@id\":\"https:\/\/www.sotrender.com\/blog\/#website\",\"url\":\"https:\/\/www.sotrender.com\/blog\/\",\"name\":\"Sotrender Blog\",\"description\":\"\",\"potentialAction\":[{\"@type\":\"SearchAction\",\"target\":{\"@type\":\"EntryPoint\",\"urlTemplate\":\"https:\/\/www.sotrender.com\/blog\/?s={search_term_string}\"},\"query-input\":\"required name=search_term_string\"}],\"inLanguage\":\"pl-PL\"},{\"@type\":\"Person\",\"@id\":\"https:\/\/www.sotrender.com\/blog\/#\/schema\/person\/038ac5e276c5d102d8cbb9c36cd43416\",\"name\":\"Klaudia \u017by\u0142ka\",\"image\":{\"@type\":\"ImageObject\",\"inLanguage\":\"pl-PL\",\"@id\":\"https:\/\/www.sotrender.com\/blog\/#\/schema\/person\/image\/\",\"url\":\"https:\/\/secure.gravatar.com\/avatar\/f55d5d49ce3c448e1ffde0ab078d84cd?s=96&d=mm&r=g\",\"contentUrl\":\"https:\/\/secure.gravatar.com\/avatar\/f55d5d49ce3c448e1ffde0ab078d84cd?s=96&d=mm&r=g\",\"caption\":\"Klaudia \u017by\u0142ka\"},\"description\":\"Instagram, dogs, books and food lover. Former student at Warsaw University and Malm\u00f6 University. Improving her marketing skills every day. Proud owner of DIMAQ certificate\",\"sameAs\":[\"https:\/\/www.linkedin.com\/in\/klaudia-\u017cy\u0142ka-17527779\"],\"url\":\"https:\/\/www.sotrender.com\/blog\/pl\/author\/klaudia_yka\/\"}]}<\/script>\n<!-- \/ Yoast SEO plugin. -->","yoast_head_json":{"title":"Ad Trends czerwiec 2025 \u2013 Temu ponownie w natarciu","description":"W czerwcu w Mecie Temu Poland ponownie zwi\u0119kszy\u0142o liczb\u0119 emitowanych reklam, a wska\u017aniki CPC i CPM uleg\u0142y tylko niewielkim spadkom.","robots":{"index":"index","follow":"follow","max-snippet":"max-snippet:-1","max-image-preview":"max-image-preview:large","max-video-preview":"max-video-preview:-1"},"canonical":"https:\/\/www.sotrender.com\/blog\/pl\/2025\/07\/ad-trends-czerwiec-2025-temu-ponownie-w-natarciu\/","og_locale":"pl_PL","og_type":"article","og_title":"Ad Trends czerwiec 2025 \u2013 Temu ponownie w natarciu","og_description":"W czerwcu w Mecie Temu Poland ponownie zwi\u0119kszy\u0142o liczb\u0119 emitowanych reklam, a wska\u017aniki CPC i CPM uleg\u0142y tylko niewielkim spadkom.","og_url":"https:\/\/www.sotrender.com\/blog\/pl\/2025\/07\/ad-trends-czerwiec-2025-temu-ponownie-w-natarciu\/","og_site_name":"Sotrender Blog","article_publisher":"https:\/\/www.facebook.com\/Sotrender","article_published_time":"2025-07-09T07:03:49+00:00","article_modified_time":"2025-08-20T12:38:09+00:00","og_image":[{"width":1000,"height":702,"url":"https:\/\/www.sotrender.com\/blog\/wp-content\/uploads\/2025\/07\/festiwal.jpg","type":"image\/jpeg"}],"author":"Klaudia \u017by\u0142ka","twitter_card":"summary_large_image","twitter_creator":"@Sotrender","twitter_site":"@Sotrender","twitter_misc":{"Written by":"Klaudia \u017by\u0142ka","Est. reading time":"3 minutes"},"schema":{"@context":"https:\/\/schema.org","@graph":[{"@type":"WebPage","@id":"https:\/\/www.sotrender.com\/blog\/pl\/2025\/07\/ad-trends-czerwiec-2025-temu-ponownie-w-natarciu\/","url":"https:\/\/www.sotrender.com\/blog\/pl\/2025\/07\/ad-trends-czerwiec-2025-temu-ponownie-w-natarciu\/","name":"Ad Trends czerwiec 2025 \u2013 Temu ponownie w natarciu","isPartOf":{"@id":"https:\/\/www.sotrender.com\/blog\/#website"},"primaryImageOfPage":{"@id":"https:\/\/www.sotrender.com\/blog\/pl\/2025\/07\/ad-trends-czerwiec-2025-temu-ponownie-w-natarciu\/#primaryimage"},"image":{"@id":"https:\/\/www.sotrender.com\/blog\/pl\/2025\/07\/ad-trends-czerwiec-2025-temu-ponownie-w-natarciu\/#primaryimage"},"thumbnailUrl":"https:\/\/www.sotrender.com\/blog\/wp-content\/uploads\/2025\/07\/festiwal.jpg","datePublished":"2025-07-09T07:03:49+00:00","dateModified":"2025-08-20T12:38:09+00:00","author":{"@id":"https:\/\/www.sotrender.com\/blog\/#\/schema\/person\/038ac5e276c5d102d8cbb9c36cd43416"},"description":"W czerwcu w Mecie Temu Poland ponownie zwi\u0119kszy\u0142o liczb\u0119 emitowanych reklam, a wska\u017aniki CPC i CPM uleg\u0142y tylko niewielkim spadkom.","breadcrumb":{"@id":"https:\/\/www.sotrender.com\/blog\/pl\/2025\/07\/ad-trends-czerwiec-2025-temu-ponownie-w-natarciu\/#breadcrumb"},"inLanguage":"pl-PL","potentialAction":[{"@type":"ReadAction","target":["https:\/\/www.sotrender.com\/blog\/pl\/2025\/07\/ad-trends-czerwiec-2025-temu-ponownie-w-natarciu\/"]}]},{"@type":"ImageObject","inLanguage":"pl-PL","@id":"https:\/\/www.sotrender.com\/blog\/pl\/2025\/07\/ad-trends-czerwiec-2025-temu-ponownie-w-natarciu\/#primaryimage","url":"https:\/\/www.sotrender.com\/blog\/wp-content\/uploads\/2025\/07\/festiwal.jpg","contentUrl":"https:\/\/www.sotrender.com\/blog\/wp-content\/uploads\/2025\/07\/festiwal.jpg","width":1000,"height":702},{"@type":"BreadcrumbList","@id":"https:\/\/www.sotrender.com\/blog\/pl\/2025\/07\/ad-trends-czerwiec-2025-temu-ponownie-w-natarciu\/#breadcrumb","itemListElement":[{"@type":"ListItem","position":1,"name":"Home","item":"https:\/\/www.sotrender.com\/blog\/"},{"@type":"ListItem","position":2,"name":"Ad Trends czerwiec 2025 \u2013 Temu ponownie w natarciu"}]},{"@type":"WebSite","@id":"https:\/\/www.sotrender.com\/blog\/#website","url":"https:\/\/www.sotrender.com\/blog\/","name":"Sotrender Blog","description":"","potentialAction":[{"@type":"SearchAction","target":{"@type":"EntryPoint","urlTemplate":"https:\/\/www.sotrender.com\/blog\/?s={search_term_string}"},"query-input":"required name=search_term_string"}],"inLanguage":"pl-PL"},{"@type":"Person","@id":"https:\/\/www.sotrender.com\/blog\/#\/schema\/person\/038ac5e276c5d102d8cbb9c36cd43416","name":"Klaudia \u017by\u0142ka","image":{"@type":"ImageObject","inLanguage":"pl-PL","@id":"https:\/\/www.sotrender.com\/blog\/#\/schema\/person\/image\/","url":"https:\/\/secure.gravatar.com\/avatar\/f55d5d49ce3c448e1ffde0ab078d84cd?s=96&d=mm&r=g","contentUrl":"https:\/\/secure.gravatar.com\/avatar\/f55d5d49ce3c448e1ffde0ab078d84cd?s=96&d=mm&r=g","caption":"Klaudia \u017by\u0142ka"},"description":"Instagram, dogs, books and food lover. Former student at Warsaw University and Malm\u00f6 University. Improving her marketing skills every day. Proud owner of DIMAQ certificate","sameAs":["https:\/\/www.linkedin.com\/in\/klaudia-\u017cy\u0142ka-17527779"],"url":"https:\/\/www.sotrender.com\/blog\/pl\/author\/klaudia_yka\/"}]}},"_links":{"self":[{"href":"https:\/\/www.sotrender.com\/blog\/pl\/wp-json\/wp\/v2\/posts\/55835"}],"collection":[{"href":"https:\/\/www.sotrender.com\/blog\/pl\/wp-json\/wp\/v2\/posts"}],"about":[{"href":"https:\/\/www.sotrender.com\/blog\/pl\/wp-json\/wp\/v2\/types\/post"}],"author":[{"embeddable":true,"href":"https:\/\/www.sotrender.com\/blog\/pl\/wp-json\/wp\/v2\/users\/89"}],"replies":[{"embeddable":true,"href":"https:\/\/www.sotrender.com\/blog\/pl\/wp-json\/wp\/v2\/comments?post=55835"}],"version-history":[{"count":9,"href":"https:\/\/www.sotrender.com\/blog\/pl\/wp-json\/wp\/v2\/posts\/55835\/revisions"}],"predecessor-version":[{"id":56275,"href":"https:\/\/www.sotrender.com\/blog\/pl\/wp-json\/wp\/v2\/posts\/55835\/revisions\/56275"}],"wp:featuredmedia":[{"embeddable":true,"href":"https:\/\/www.sotrender.com\/blog\/pl\/wp-json\/wp\/v2\/media\/55837"}],"wp:attachment":[{"href":"https:\/\/www.sotrender.com\/blog\/pl\/wp-json\/wp\/v2\/media?parent=55835"}],"wp:term":[{"taxonomy":"category","embeddable":true,"href":"https:\/\/www.sotrender.com\/blog\/pl\/wp-json\/wp\/v2\/categories?post=55835"},{"taxonomy":"post_tag","embeddable":true,"href":"https:\/\/www.sotrender.com\/blog\/pl\/wp-json\/wp\/v2\/tags?post=55835"}],"curies":[{"name":"wp","href":"https:\/\/api.w.org\/{rel}","templated":true}]}}