{"id":55780,"date":"2025-07-03T08:18:00","date_gmt":"2025-07-03T06:18:00","guid":{"rendered":"https:\/\/www.sotrender.com\/blog\/?p=55780"},"modified":"2025-08-20T14:40:17","modified_gmt":"2025-08-20T12:40:17","slug":"instagram-trends-czerwiec-2025-leca-po-swoje","status":"publish","type":"post","link":"https:\/\/www.sotrender.com\/blog\/pl\/2025\/07\/instagram-trends-czerwiec-2025-leca-po-swoje\/","title":{"rendered":"Instagram Trends czerwiec 2025 \u2013 lec\u0105 po swoje\u00a0"},"content":{"rendered":"\n<p>Cho\u0107 druga tura wybor\u00f3w prezydenckich odby\u0142a si\u0119 1 czerwca, a ju\u017c nast\u0119pnego dnia znali\u015bmy nowego prezydenta Polski, temat wybor\u00f3w nie tylko podzieli\u0142 Polak\u00f3w na dobrych kilkana\u015bcie dni, ale te\u017c zdominowa\u0142 wiele kategorii w czerwcowym raporcie Instagram Trends.<\/p>\n\n\n\n<p>Czerwiec obfitowa\u0142 r\u00f3wnie\u017c w kilka innych wydarze\u0144 \u2013 tak\u017ce o skali mi\u0119dzynarodowej. Jaki by\u0142 ich odbi\u00f3r na Instagramie? Sprawdzamy w <a href=\"https:\/\/sotrender.com\/trends\/instagram\/poland\/202506\" target=\"_blank\" rel=\"noreferrer noopener\">czerwcowym wydaniu raportu Instagram Trends<\/a>.<\/p>\n\n\n\n<figure class=\"wp-block-embed is-type-video is-provider-youtube wp-block-embed-youtube wp-embed-aspect-9-16 wp-has-aspect-ratio\"><div class=\"wp-block-embed__wrapper\">\n<iframe loading=\"lazy\" title=\"Instagram w czerwcu 2025: kt\u00f3re profile radz\u0105 sobie najlepiej? \ud83d\udcc8 #instagramtrends #socialmedia\" width=\"422\" height=\"750\" src=\"https:\/\/www.youtube.com\/embed\/TppmlxRPIIc?feature=oembed\" frameborder=\"0\" allow=\"accelerometer; autoplay; clipboard-write; encrypted-media; gyroscope; picture-in-picture; web-share\" referrerpolicy=\"strict-origin-when-cross-origin\" allowfullscreen><\/iframe>\n<\/div><\/figure>\n\n\n\n<h2 class=\"wp-block-heading\">Polacy, o kt\u00f3rych by\u0142o g\u0142o\u015bno<\/h2>\n\n\n\n<p>W czerwcu wiele uwagi skupionej by\u0142o oczywi\u015bcie na nowowybranym prezydencie \u2013 Karolu Nawrockim. Na jego koncie odnotowali\u015bmy a\u017c 311 tys. nowych obserwuj\u0105cych.<\/p>\n\n\n<div class=\"wp-block-image\">\n<figure class=\"aligncenter size-full is-resized\"><img loading=\"lazy\" decoding=\"async\" width=\"972\" height=\"1014\" src=\"https:\/\/www.sotrender.com\/blog\/wp-content\/uploads\/2025\/07\/ig-czerwiec-2025-najszybciej-rosnacy.png\" alt=\"najszybciej rosn\u0105ce profile na instagramie w czerwcu 2025\" class=\"wp-image-55797\" style=\"width:408px;height:auto\" srcset=\"https:\/\/www.sotrender.com\/blog\/wp-content\/uploads\/2025\/07\/ig-czerwiec-2025-najszybciej-rosnacy.png 972w, https:\/\/www.sotrender.com\/blog\/wp-content\/uploads\/2025\/07\/ig-czerwiec-2025-najszybciej-rosnacy-475x496.png 475w, https:\/\/www.sotrender.com\/blog\/wp-content\/uploads\/2025\/07\/ig-czerwiec-2025-najszybciej-rosnacy-768x801.png 768w\" sizes=\"(max-width: 972px) 100vw, 972px\" \/><figcaption class=\"wp-element-caption\"><a href=\"https:\/\/sotrender.com\/trends\/instagram\/poland\/202506\" target=\"_blank\" rel=\"noreferrer noopener\">Najszybciej rosn\u0105ce profile na Instagramie w czerwcu 2025<\/a> <\/figcaption><\/figure><\/div>\n\n\n<p><\/p>\n\n\n\n<p><a href=\"https:\/\/sotrender.com\/trends\/instagram\/poland\/202506\/osoby\/osoby_polityka\" target=\"_blank\" rel=\"noreferrer noopener\">W\u015br\u00f3d wszystkich profili polityk\u00f3w<\/a>, profil Nawrockiego znalaz\u0142 si\u0119 na sz\u00f3stym miejscu pod wzgl\u0119dem liczby obserwuj\u0105cych (awans o 15 miejsc) i na drugim miejscu pod wzgl\u0119dem liczby aktywno\u015bci na profilu (awans o 8 miejsc).<\/p>\n\n\n\n<p>Drugim Polakiem, o kt\u00f3rym w czerwcu by\u0142o g\u0142o\u015bno na ca\u0142ym \u015bwiecie by\u0142 astronauta S\u0142awosz Uzna\u0144ski-Wi\u015bniewski, kt\u00f3ry jako drugi Polak polecia\u0142 w kosmos, a jako pierwszy na Mi\u0119dzynarodow\u0105 Stacj\u0119 Kosmiczn\u0105. W czerwcu na instagramowym profilu astronauty pojawia\u0142o si\u0119 188 tys. nowych obserwuj\u0105cych, co by\u0142o ponad 80% wzrostem.<\/p>\n\n\n\n<p>W ko\u0144cu nie mo\u017cemy nie wspomnie\u0107 te\u017c o wygranej Roberta Kubicy w legendarnym 24-godzinnym wy\u015bcigu w Le Mans.<\/p>\n\n\n\n<p>Sukces Kubicy prze\u0142o\u017cy\u0142 si\u0119 na sukces marki Orlen, kt\u00f3ra jest jego g\u0142\u00f3wnym sponsorem i znaczn\u0105 cz\u0119\u015b\u0107 komunikacji prowadzi\u0142a wok\u00f3\u0142 wyst\u0119pu swojego zawodnika w wy\u015bcigu.<\/p>\n\n\n\n<p>Posty zwi\u0105zane ze zwyci\u0119stwem Kubicy zdominowa\u0142y <a href=\"https:\/\/sotrender.com\/trends\/instagram\/poland\/202506\/marki\/marki_sport#best_posts\" target=\"_blank\" rel=\"noreferrer noopener\">najlepsze posty w kategorii marek sportowych<\/a> \u2013 trzy najbardziej anga\u017cuj\u0105ce posty by\u0142y opublikowane w\u0142a\u015bnie przez Orlen Team.<\/p>\n\n\n\n<figure class=\"wp-block-image size-full\"><img loading=\"lazy\" decoding=\"async\" width=\"1800\" height=\"789\" src=\"https:\/\/www.sotrender.com\/blog\/wp-content\/uploads\/2025\/07\/orlen-kubica-najlepsze-posty.png\" alt=\"robert kubica orlen team \" class=\"wp-image-55784\" srcset=\"https:\/\/www.sotrender.com\/blog\/wp-content\/uploads\/2025\/07\/orlen-kubica-najlepsze-posty.png 1800w, https:\/\/www.sotrender.com\/blog\/wp-content\/uploads\/2025\/07\/orlen-kubica-najlepsze-posty-475x208.png 475w, https:\/\/www.sotrender.com\/blog\/wp-content\/uploads\/2025\/07\/orlen-kubica-najlepsze-posty-768x337.png 768w, https:\/\/www.sotrender.com\/blog\/wp-content\/uploads\/2025\/07\/orlen-kubica-najlepsze-posty-1536x673.png 1536w\" sizes=\"(max-width: 1800px) 100vw, 1800px\" \/><figcaption class=\"wp-element-caption\"><a href=\"https:\/\/sotrender.com\/trends\/instagram\/poland\/202506\/marki\/marki_sport#best_posts\" target=\"_blank\" rel=\"noreferrer noopener\">Najlepsze posty w kategorii Marki &#8211; Sport na Instagramie<\/a>, czerwiec 2025 <\/figcaption><\/figure>\n\n\n\n<p><\/p>\n\n\n\n<p><a href=\"https:\/\/sotrender.com\/trends\/instagram\/poland\/202506\/marki#engagement\" target=\"_blank\" rel=\"noreferrer noopener\">W\u015br\u00f3d wszystkich marek<\/a> na polskim Instagramie, profil Orlen Teamu by\u0142 trzecim najbardziej anga\u017cuj\u0105cym profilem, awansuj\u0105c o 58 miejsc w rankingu.<\/p>\n\n\n\n<figure class=\"wp-block-image size-full\"><img loading=\"lazy\" decoding=\"async\" width=\"2462\" height=\"388\" src=\"https:\/\/www.sotrender.com\/blog\/wp-content\/uploads\/2025\/07\/orlen-team-zaangazowanie-ig.png\" alt=\"orlen team zaanga\u017cowanie instagram kubica \" class=\"wp-image-55786\" srcset=\"https:\/\/www.sotrender.com\/blog\/wp-content\/uploads\/2025\/07\/orlen-team-zaangazowanie-ig.png 2462w, https:\/\/www.sotrender.com\/blog\/wp-content\/uploads\/2025\/07\/orlen-team-zaangazowanie-ig-475x75.png 475w, https:\/\/www.sotrender.com\/blog\/wp-content\/uploads\/2025\/07\/orlen-team-zaangazowanie-ig-768x121.png 768w, https:\/\/www.sotrender.com\/blog\/wp-content\/uploads\/2025\/07\/orlen-team-zaangazowanie-ig-1536x242.png 1536w, https:\/\/www.sotrender.com\/blog\/wp-content\/uploads\/2025\/07\/orlen-team-zaangazowanie-ig-2048x323.png 2048w\" sizes=\"(max-width: 2462px) 100vw, 2462px\" \/><figcaption class=\"wp-element-caption\"><a href=\"https:\/\/sotrender.com\/trends\/instagram\/poland\/202506\/marki#engagement\" target=\"_blank\" rel=\"noreferrer noopener\">Profile marek z najwi\u0119kszym zaanga\u017cowaniem na Instagramie<\/a>, czerwiec 2025 <\/figcaption><\/figure>\n\n\n\n<h2 class=\"wp-block-heading\">Ogrody zoologiczne w formie<\/h2>\n\n\n\n<p>Coraz wi\u0119cej miejsc publicznych idzie z duchem czasu w swojej komunikacji marketingowej. Doskona\u0142ym tego przyk\u0142adem s\u0105 profile ogrod\u00f3w zoologicznych.<\/p>\n\n\n\n<p>W zesz\u0142ym miesi\u0105cu viralem sta\u0142o si\u0119 wideo opublikowane na profilu wroc\u0142awskiego ZOO, w kt\u00f3rym pracownicy ogrodu z przymru\u017ceniem oka pokazuj\u0105, jak radz\u0105 sobie z osobami, kt\u00f3re dokarmiaj\u0105 jego mieszka\u0144c\u00f3w.<\/p>\n\n\n\n<p>Materia\u0142, z liczb\u0105 ponad 48 tys. polubie\u0144, by\u0142 najbardziej anga\u017cuj\u0105cym postem <a href=\"https:\/\/sotrender.com\/trends\/instagram\/poland\/202506\/miejsca\/miejsca_podr%C3%B3%C5%BCe#best_posts\" target=\"_blank\" rel=\"noreferrer noopener\">w kategorii Podr\u00f3\u017ce<\/a>.<\/p>\n\n\n\n<figure class=\"wp-block-image size-full\"><img loading=\"lazy\" decoding=\"async\" width=\"1800\" height=\"776\" src=\"https:\/\/www.sotrender.com\/blog\/wp-content\/uploads\/2025\/07\/zoo-wroclaw-viral.png\" alt=\"zoo wroc\u0142aw viral kto dokarmia zwierz\u0119ta\" class=\"wp-image-55789\" srcset=\"https:\/\/www.sotrender.com\/blog\/wp-content\/uploads\/2025\/07\/zoo-wroclaw-viral.png 1800w, https:\/\/www.sotrender.com\/blog\/wp-content\/uploads\/2025\/07\/zoo-wroclaw-viral-475x205.png 475w, https:\/\/www.sotrender.com\/blog\/wp-content\/uploads\/2025\/07\/zoo-wroclaw-viral-768x331.png 768w, https:\/\/www.sotrender.com\/blog\/wp-content\/uploads\/2025\/07\/zoo-wroclaw-viral-1536x662.png 1536w\" sizes=\"(max-width: 1800px) 100vw, 1800px\" \/><figcaption class=\"wp-element-caption\"><a href=\"https:\/\/sotrender.com\/trends\/instagram\/poland\/202506\/miejsca\/miejsca_podr%C3%B3%C5%BCe#best_posts\" target=\"_blank\" rel=\"noreferrer noopener\">Najlepsze posty w kategorii Miejsca \u2013 Podr\u00f3\u017ce na Instagramie<\/a>, czerwiec 2025 <\/figcaption><\/figure>\n\n\n\n<p><\/p>\n\n\n\n<p>Inne ogrody zoologiczne nie zostaj\u0105 w tyle. \u0141\u00f3dzkiemu ZOO r\u00f3wnie\u017c udaje si\u0119 prowadzi\u0107 anga\u017cuj\u0105c\u0105 komunikacj\u0119 skierowan\u0105 do m\u0142odego odbiorcy. <a href=\"https:\/\/sotrender.com\/trends\/instagram\/poland\/202506\/miejsca\/miejsca_podr%C3%B3%C5%BCe#best_posts\" target=\"_blank\" rel=\"noreferrer noopener\">W\u015br\u00f3d czterech najlepszych post\u00f3w w kategorii Podr\u00f3\u017ce<\/a>, dwa opublikowano na profilu \u0142\u00f3dzkiego ZOO \u2013 obydwa utrzymane w humorystycznym tonie.<\/p>\n\n\n\n<p>Pod wzgl\u0119dem liczby aktywno\u015bci, profil ZOO Wroc\u0142aw znalaz\u0142 si\u0119 na wysokim trzecim miejscu rankingu, a ZOO \u0141\u00f3d\u017a na miejscu sz\u00f3stym <a href=\"https:\/\/sotrender.com\/trends\/instagram\/poland\/202506\/miejsca#engagement\" target=\"_blank\" rel=\"noreferrer noopener\">w ca\u0142ej kategorii Miejsca<\/a>.<\/p>\n\n\n\n<figure class=\"wp-block-image size-full\"><img loading=\"lazy\" decoding=\"async\" width=\"2444\" height=\"658\" src=\"https:\/\/www.sotrender.com\/blog\/wp-content\/uploads\/2025\/07\/miejsca-ig-zaangazowanie-zoo.png\" alt=\"zoo zaanga\u017cowanie instagram\" class=\"wp-image-55791\" srcset=\"https:\/\/www.sotrender.com\/blog\/wp-content\/uploads\/2025\/07\/miejsca-ig-zaangazowanie-zoo.png 2444w, https:\/\/www.sotrender.com\/blog\/wp-content\/uploads\/2025\/07\/miejsca-ig-zaangazowanie-zoo-475x128.png 475w, https:\/\/www.sotrender.com\/blog\/wp-content\/uploads\/2025\/07\/miejsca-ig-zaangazowanie-zoo-768x207.png 768w, https:\/\/www.sotrender.com\/blog\/wp-content\/uploads\/2025\/07\/miejsca-ig-zaangazowanie-zoo-1536x414.png 1536w, https:\/\/www.sotrender.com\/blog\/wp-content\/uploads\/2025\/07\/miejsca-ig-zaangazowanie-zoo-2048x551.png 2048w\" sizes=\"(max-width: 2444px) 100vw, 2444px\" \/><figcaption class=\"wp-element-caption\"><a href=\"https:\/\/sotrender.com\/trends\/instagram\/poland\/202506\/miejsca#engagement\" target=\"_blank\" rel=\"noreferrer noopener\">Profile miejsc z najwi\u0119kszym zaanga\u017cowaniem na Instagramie<\/a>, czerwiec 2025 <\/figcaption><\/figure>\n\n\n\n<h2 class=\"wp-block-heading\">\u2026 jeszcze wi\u0119cej zwierz\u0119cego contentu<\/h2>\n\n\n\n<p>Nie od dzi\u015b wiadomo, \u017ce content zwierz\u0119cy dobrze si\u0119 <em>klika<\/em> w mediach spo\u0142eczno\u015bciowych. I mamy na to kolejny przyk\u0142ad.<\/p>\n\n\n\n<p>Adrian Rokowski, znany na Instagramie jako <em>pasofix<\/em>, to weterynarz, kt\u00f3ry prowadzi swoj\u0105 farm\u0119, a na swoim profilu pokazuje tocz\u0105ce si\u0119 na niej \u017cycie. Szczeg\u00f3ln\u0105 popularno\u015bci\u0105 ciesz\u0105 si\u0119 przygody Dantego i Beatki \u2013 dw\u00f3ch emu, ale zwierz\u0105t na farmie Adriana jest oczywi\u015bcie wi\u0119cej.<\/p>\n\n\n\n<p>Cho\u0107 profil Adriana jest nowo\u015bci\u0105 w naszym raporcie, od razu zaj\u0105\u0142 pozycj\u0119 lidera zar\u00f3wno w rankingu zaanga\u017cowania, jak i liczby obserwuj\u0105cych <a href=\"https:\/\/sotrender.com\/trends\/instagram\/poland\/202506\/osoby\/osoby_zwierzeta\" target=\"_blank\" rel=\"noreferrer noopener\">w kategorii Zwierz\u0119ta<\/a>. Obecnie pasofixa obserwuje ponad 320 tysi\u0119cy os\u00f3b.<\/p>\n\n\n\n<figure class=\"wp-block-image size-full\"><img loading=\"lazy\" decoding=\"async\" width=\"1800\" height=\"780\" src=\"https:\/\/www.sotrender.com\/blog\/wp-content\/uploads\/2025\/07\/pasofix-instagram.png\" alt=\"pasofix instagram beatka\" class=\"wp-image-55793\" srcset=\"https:\/\/www.sotrender.com\/blog\/wp-content\/uploads\/2025\/07\/pasofix-instagram.png 1800w, https:\/\/www.sotrender.com\/blog\/wp-content\/uploads\/2025\/07\/pasofix-instagram-475x206.png 475w, https:\/\/www.sotrender.com\/blog\/wp-content\/uploads\/2025\/07\/pasofix-instagram-768x333.png 768w, https:\/\/www.sotrender.com\/blog\/wp-content\/uploads\/2025\/07\/pasofix-instagram-1536x666.png 1536w\" sizes=\"(max-width: 1800px) 100vw, 1800px\" \/><figcaption class=\"wp-element-caption\"><a href=\"https:\/\/sotrender.com\/trends\/instagram\/poland\/202506\/osoby\/osoby_zwierzeta#best_posts\" target=\"_blank\" rel=\"noreferrer noopener\">Najlepsze posty w kategorii Osoby \u2013 Zwierz\u0119ta na Instagramie<\/a>, czerwiec 2025 <\/figcaption><\/figure>\n\n\n\n<h2 class=\"wp-block-heading\">Instagram Trends czerwiec 2025<\/h2>\n\n\n\n<p>To wszystko, co przygotowali\u015bmy w tym miesi\u0105cu. Zach\u0119camy do sprawdzenia pe\u0142nej wersji <a href=\"https:\/\/sotrender.com\/trends\/instagram\/poland\/202506\/\" target=\"_blank\" rel=\"noreferrer noopener\">czerwcowego raportu Instagram Trends<\/a>, a ju\u017c za kilka dni zapraszamy na raport <a href=\"https:\/\/www.sotrender.com\/trends\/facebook\/poland\/\" target=\"_blank\" rel=\"noreferrer noopener\">Facebook Trends<\/a> i nasz\u0105 nowo\u015b\u0107 \u2013 TikTok Trends.<\/p>\n","protected":false},"excerpt":{"rendered":"<p>Cho\u0107 druga tura wybor\u00f3w prezydenckich odby\u0142a si\u0119 1 czerwca, a ju\u017c nast\u0119pnego dnia znali\u015bmy nowego prezydenta Polski, temat wybor\u00f3w nie tylko podzieli\u0142 Polak\u00f3w na dobrych kilkana\u015bcie dni, ale te\u017c zdominowa\u0142 wiele kategorii w czerwcowym raporcie Instagram Trends. Czerwiec obfitowa\u0142 r\u00f3wnie\u017c w kilka innych wydarze\u0144 \u2013 tak\u017ce o skali mi\u0119dzynarodowej. Jaki by\u0142 ich odbi\u00f3r na Instagramie? [&hellip;]<\/p>\n","protected":false},"author":89,"featured_media":55781,"comment_status":"closed","ping_status":"open","sticky":false,"template":"","format":"standard","meta":{"inline_featured_image":false,"footnotes":""},"categories":[1791,1803],"tags":[1581,2073,2317],"yoast_head":"<!-- This site is optimized with the Yoast SEO plugin v22.4 - https:\/\/yoast.com\/wordpress\/plugins\/seo\/ -->\n<title>Instagram Trends czerwiec 2025 \u2013 lec\u0105 po swoje<\/title>\n<meta name=\"description\" content=\"Cho\u0107 druga tura wybor\u00f3w prezydenckich odby\u0142a si\u0119 1 czerwca, temat wybor\u00f3w zdominowa\u0142 wiele kategorii w czerwcowym raporcie Instagram Trends.\" \/>\n<meta name=\"robots\" content=\"index, follow, max-snippet:-1, max-image-preview:large, max-video-preview:-1\" \/>\n<link rel=\"canonical\" href=\"https:\/\/www.sotrender.com\/blog\/pl\/2025\/07\/instagram-trends-czerwiec-2025-leca-po-swoje\/\" \/>\n<meta property=\"og:locale\" content=\"pl_PL\" \/>\n<meta property=\"og:type\" content=\"article\" \/>\n<meta property=\"og:title\" content=\"Instagram Trends czerwiec 2025 \u2013 lec\u0105 po swoje\" \/>\n<meta property=\"og:description\" content=\"Cho\u0107 druga tura wybor\u00f3w prezydenckich odby\u0142a si\u0119 1 czerwca, temat wybor\u00f3w zdominowa\u0142 wiele kategorii w czerwcowym raporcie Instagram Trends.\" \/>\n<meta property=\"og:url\" content=\"https:\/\/www.sotrender.com\/blog\/pl\/2025\/07\/instagram-trends-czerwiec-2025-leca-po-swoje\/\" \/>\n<meta property=\"og:site_name\" content=\"Sotrender Blog\" \/>\n<meta property=\"article:publisher\" content=\"https:\/\/www.facebook.com\/Sotrender\" \/>\n<meta property=\"article:published_time\" content=\"2025-07-03T06:18:00+00:00\" \/>\n<meta property=\"article:modified_time\" content=\"2025-08-20T12:40:17+00:00\" \/>\n<meta property=\"og:image\" content=\"https:\/\/www.sotrender.com\/blog\/wp-content\/uploads\/2025\/07\/astronauta.jpg\" \/>\n\t<meta property=\"og:image:width\" content=\"1000\" \/>\n\t<meta property=\"og:image:height\" content=\"667\" \/>\n\t<meta property=\"og:image:type\" content=\"image\/jpeg\" \/>\n<meta name=\"author\" content=\"Klaudia \u017by\u0142ka\" \/>\n<meta name=\"twitter:card\" content=\"summary_large_image\" \/>\n<meta name=\"twitter:creator\" content=\"@Sotrender\" \/>\n<meta name=\"twitter:site\" content=\"@Sotrender\" \/>\n<meta name=\"twitter:label1\" content=\"Written by\" \/>\n\t<meta name=\"twitter:data1\" content=\"Klaudia \u017by\u0142ka\" \/>\n\t<meta name=\"twitter:label2\" content=\"Est. reading time\" \/>\n\t<meta name=\"twitter:data2\" content=\"4 minutes\" \/>\n<script type=\"application\/ld+json\" class=\"yoast-schema-graph\">{\"@context\":\"https:\/\/schema.org\",\"@graph\":[{\"@type\":\"WebPage\",\"@id\":\"https:\/\/www.sotrender.com\/blog\/pl\/2025\/07\/instagram-trends-czerwiec-2025-leca-po-swoje\/\",\"url\":\"https:\/\/www.sotrender.com\/blog\/pl\/2025\/07\/instagram-trends-czerwiec-2025-leca-po-swoje\/\",\"name\":\"Instagram Trends czerwiec 2025 \u2013 lec\u0105 po swoje\",\"isPartOf\":{\"@id\":\"https:\/\/www.sotrender.com\/blog\/#website\"},\"primaryImageOfPage\":{\"@id\":\"https:\/\/www.sotrender.com\/blog\/pl\/2025\/07\/instagram-trends-czerwiec-2025-leca-po-swoje\/#primaryimage\"},\"image\":{\"@id\":\"https:\/\/www.sotrender.com\/blog\/pl\/2025\/07\/instagram-trends-czerwiec-2025-leca-po-swoje\/#primaryimage\"},\"thumbnailUrl\":\"https:\/\/www.sotrender.com\/blog\/wp-content\/uploads\/2025\/07\/astronauta.jpg\",\"datePublished\":\"2025-07-03T06:18:00+00:00\",\"dateModified\":\"2025-08-20T12:40:17+00:00\",\"author\":{\"@id\":\"https:\/\/www.sotrender.com\/blog\/#\/schema\/person\/038ac5e276c5d102d8cbb9c36cd43416\"},\"description\":\"Cho\u0107 druga tura wybor\u00f3w prezydenckich odby\u0142a si\u0119 1 czerwca, temat wybor\u00f3w zdominowa\u0142 wiele kategorii w czerwcowym raporcie Instagram Trends.\",\"breadcrumb\":{\"@id\":\"https:\/\/www.sotrender.com\/blog\/pl\/2025\/07\/instagram-trends-czerwiec-2025-leca-po-swoje\/#breadcrumb\"},\"inLanguage\":\"pl-PL\",\"potentialAction\":[{\"@type\":\"ReadAction\",\"target\":[\"https:\/\/www.sotrender.com\/blog\/pl\/2025\/07\/instagram-trends-czerwiec-2025-leca-po-swoje\/\"]}]},{\"@type\":\"ImageObject\",\"inLanguage\":\"pl-PL\",\"@id\":\"https:\/\/www.sotrender.com\/blog\/pl\/2025\/07\/instagram-trends-czerwiec-2025-leca-po-swoje\/#primaryimage\",\"url\":\"https:\/\/www.sotrender.com\/blog\/wp-content\/uploads\/2025\/07\/astronauta.jpg\",\"contentUrl\":\"https:\/\/www.sotrender.com\/blog\/wp-content\/uploads\/2025\/07\/astronauta.jpg\",\"width\":1000,\"height\":667},{\"@type\":\"BreadcrumbList\",\"@id\":\"https:\/\/www.sotrender.com\/blog\/pl\/2025\/07\/instagram-trends-czerwiec-2025-leca-po-swoje\/#breadcrumb\",\"itemListElement\":[{\"@type\":\"ListItem\",\"position\":1,\"name\":\"Home\",\"item\":\"https:\/\/www.sotrender.com\/blog\/\"},{\"@type\":\"ListItem\",\"position\":2,\"name\":\"Instagram Trends czerwiec 2025 \u2013 lec\u0105 po swoje\u00a0\"}]},{\"@type\":\"WebSite\",\"@id\":\"https:\/\/www.sotrender.com\/blog\/#website\",\"url\":\"https:\/\/www.sotrender.com\/blog\/\",\"name\":\"Sotrender Blog\",\"description\":\"\",\"potentialAction\":[{\"@type\":\"SearchAction\",\"target\":{\"@type\":\"EntryPoint\",\"urlTemplate\":\"https:\/\/www.sotrender.com\/blog\/?s={search_term_string}\"},\"query-input\":\"required name=search_term_string\"}],\"inLanguage\":\"pl-PL\"},{\"@type\":\"Person\",\"@id\":\"https:\/\/www.sotrender.com\/blog\/#\/schema\/person\/038ac5e276c5d102d8cbb9c36cd43416\",\"name\":\"Klaudia \u017by\u0142ka\",\"image\":{\"@type\":\"ImageObject\",\"inLanguage\":\"pl-PL\",\"@id\":\"https:\/\/www.sotrender.com\/blog\/#\/schema\/person\/image\/\",\"url\":\"https:\/\/secure.gravatar.com\/avatar\/f55d5d49ce3c448e1ffde0ab078d84cd?s=96&d=mm&r=g\",\"contentUrl\":\"https:\/\/secure.gravatar.com\/avatar\/f55d5d49ce3c448e1ffde0ab078d84cd?s=96&d=mm&r=g\",\"caption\":\"Klaudia \u017by\u0142ka\"},\"description\":\"Instagram, dogs, books and food lover. Former student at Warsaw University and Malm\u00f6 University. Improving her marketing skills every day. Proud owner of DIMAQ certificate\",\"sameAs\":[\"https:\/\/www.linkedin.com\/in\/klaudia-\u017cy\u0142ka-17527779\"],\"url\":\"https:\/\/www.sotrender.com\/blog\/pl\/author\/klaudia_yka\/\"}]}<\/script>\n<!-- \/ Yoast SEO plugin. -->","yoast_head_json":{"title":"Instagram Trends czerwiec 2025 \u2013 lec\u0105 po swoje","description":"Cho\u0107 druga tura wybor\u00f3w prezydenckich odby\u0142a si\u0119 1 czerwca, temat wybor\u00f3w zdominowa\u0142 wiele kategorii w czerwcowym raporcie Instagram Trends.","robots":{"index":"index","follow":"follow","max-snippet":"max-snippet:-1","max-image-preview":"max-image-preview:large","max-video-preview":"max-video-preview:-1"},"canonical":"https:\/\/www.sotrender.com\/blog\/pl\/2025\/07\/instagram-trends-czerwiec-2025-leca-po-swoje\/","og_locale":"pl_PL","og_type":"article","og_title":"Instagram Trends czerwiec 2025 \u2013 lec\u0105 po swoje","og_description":"Cho\u0107 druga tura wybor\u00f3w prezydenckich odby\u0142a si\u0119 1 czerwca, temat wybor\u00f3w zdominowa\u0142 wiele kategorii w czerwcowym raporcie Instagram Trends.","og_url":"https:\/\/www.sotrender.com\/blog\/pl\/2025\/07\/instagram-trends-czerwiec-2025-leca-po-swoje\/","og_site_name":"Sotrender Blog","article_publisher":"https:\/\/www.facebook.com\/Sotrender","article_published_time":"2025-07-03T06:18:00+00:00","article_modified_time":"2025-08-20T12:40:17+00:00","og_image":[{"width":1000,"height":667,"url":"https:\/\/www.sotrender.com\/blog\/wp-content\/uploads\/2025\/07\/astronauta.jpg","type":"image\/jpeg"}],"author":"Klaudia \u017by\u0142ka","twitter_card":"summary_large_image","twitter_creator":"@Sotrender","twitter_site":"@Sotrender","twitter_misc":{"Written by":"Klaudia \u017by\u0142ka","Est. reading time":"4 minutes"},"schema":{"@context":"https:\/\/schema.org","@graph":[{"@type":"WebPage","@id":"https:\/\/www.sotrender.com\/blog\/pl\/2025\/07\/instagram-trends-czerwiec-2025-leca-po-swoje\/","url":"https:\/\/www.sotrender.com\/blog\/pl\/2025\/07\/instagram-trends-czerwiec-2025-leca-po-swoje\/","name":"Instagram Trends czerwiec 2025 \u2013 lec\u0105 po swoje","isPartOf":{"@id":"https:\/\/www.sotrender.com\/blog\/#website"},"primaryImageOfPage":{"@id":"https:\/\/www.sotrender.com\/blog\/pl\/2025\/07\/instagram-trends-czerwiec-2025-leca-po-swoje\/#primaryimage"},"image":{"@id":"https:\/\/www.sotrender.com\/blog\/pl\/2025\/07\/instagram-trends-czerwiec-2025-leca-po-swoje\/#primaryimage"},"thumbnailUrl":"https:\/\/www.sotrender.com\/blog\/wp-content\/uploads\/2025\/07\/astronauta.jpg","datePublished":"2025-07-03T06:18:00+00:00","dateModified":"2025-08-20T12:40:17+00:00","author":{"@id":"https:\/\/www.sotrender.com\/blog\/#\/schema\/person\/038ac5e276c5d102d8cbb9c36cd43416"},"description":"Cho\u0107 druga tura wybor\u00f3w prezydenckich odby\u0142a si\u0119 1 czerwca, temat wybor\u00f3w zdominowa\u0142 wiele kategorii w czerwcowym raporcie Instagram Trends.","breadcrumb":{"@id":"https:\/\/www.sotrender.com\/blog\/pl\/2025\/07\/instagram-trends-czerwiec-2025-leca-po-swoje\/#breadcrumb"},"inLanguage":"pl-PL","potentialAction":[{"@type":"ReadAction","target":["https:\/\/www.sotrender.com\/blog\/pl\/2025\/07\/instagram-trends-czerwiec-2025-leca-po-swoje\/"]}]},{"@type":"ImageObject","inLanguage":"pl-PL","@id":"https:\/\/www.sotrender.com\/blog\/pl\/2025\/07\/instagram-trends-czerwiec-2025-leca-po-swoje\/#primaryimage","url":"https:\/\/www.sotrender.com\/blog\/wp-content\/uploads\/2025\/07\/astronauta.jpg","contentUrl":"https:\/\/www.sotrender.com\/blog\/wp-content\/uploads\/2025\/07\/astronauta.jpg","width":1000,"height":667},{"@type":"BreadcrumbList","@id":"https:\/\/www.sotrender.com\/blog\/pl\/2025\/07\/instagram-trends-czerwiec-2025-leca-po-swoje\/#breadcrumb","itemListElement":[{"@type":"ListItem","position":1,"name":"Home","item":"https:\/\/www.sotrender.com\/blog\/"},{"@type":"ListItem","position":2,"name":"Instagram Trends czerwiec 2025 \u2013 lec\u0105 po swoje\u00a0"}]},{"@type":"WebSite","@id":"https:\/\/www.sotrender.com\/blog\/#website","url":"https:\/\/www.sotrender.com\/blog\/","name":"Sotrender Blog","description":"","potentialAction":[{"@type":"SearchAction","target":{"@type":"EntryPoint","urlTemplate":"https:\/\/www.sotrender.com\/blog\/?s={search_term_string}"},"query-input":"required name=search_term_string"}],"inLanguage":"pl-PL"},{"@type":"Person","@id":"https:\/\/www.sotrender.com\/blog\/#\/schema\/person\/038ac5e276c5d102d8cbb9c36cd43416","name":"Klaudia \u017by\u0142ka","image":{"@type":"ImageObject","inLanguage":"pl-PL","@id":"https:\/\/www.sotrender.com\/blog\/#\/schema\/person\/image\/","url":"https:\/\/secure.gravatar.com\/avatar\/f55d5d49ce3c448e1ffde0ab078d84cd?s=96&d=mm&r=g","contentUrl":"https:\/\/secure.gravatar.com\/avatar\/f55d5d49ce3c448e1ffde0ab078d84cd?s=96&d=mm&r=g","caption":"Klaudia \u017by\u0142ka"},"description":"Instagram, dogs, books and food lover. Former student at Warsaw University and Malm\u00f6 University. Improving her marketing skills every day. Proud owner of DIMAQ certificate","sameAs":["https:\/\/www.linkedin.com\/in\/klaudia-\u017cy\u0142ka-17527779"],"url":"https:\/\/www.sotrender.com\/blog\/pl\/author\/klaudia_yka\/"}]}},"_links":{"self":[{"href":"https:\/\/www.sotrender.com\/blog\/pl\/wp-json\/wp\/v2\/posts\/55780"}],"collection":[{"href":"https:\/\/www.sotrender.com\/blog\/pl\/wp-json\/wp\/v2\/posts"}],"about":[{"href":"https:\/\/www.sotrender.com\/blog\/pl\/wp-json\/wp\/v2\/types\/post"}],"author":[{"embeddable":true,"href":"https:\/\/www.sotrender.com\/blog\/pl\/wp-json\/wp\/v2\/users\/89"}],"replies":[{"embeddable":true,"href":"https:\/\/www.sotrender.com\/blog\/pl\/wp-json\/wp\/v2\/comments?post=55780"}],"version-history":[{"count":14,"href":"https:\/\/www.sotrender.com\/blog\/pl\/wp-json\/wp\/v2\/posts\/55780\/revisions"}],"predecessor-version":[{"id":56277,"href":"https:\/\/www.sotrender.com\/blog\/pl\/wp-json\/wp\/v2\/posts\/55780\/revisions\/56277"}],"wp:featuredmedia":[{"embeddable":true,"href":"https:\/\/www.sotrender.com\/blog\/pl\/wp-json\/wp\/v2\/media\/55781"}],"wp:attachment":[{"href":"https:\/\/www.sotrender.com\/blog\/pl\/wp-json\/wp\/v2\/media?parent=55780"}],"wp:term":[{"taxonomy":"category","embeddable":true,"href":"https:\/\/www.sotrender.com\/blog\/pl\/wp-json\/wp\/v2\/categories?post=55780"},{"taxonomy":"post_tag","embeddable":true,"href":"https:\/\/www.sotrender.com\/blog\/pl\/wp-json\/wp\/v2\/tags?post=55780"}],"curies":[{"name":"wp","href":"https:\/\/api.w.org\/{rel}","templated":true}]}}