{"id":55591,"date":"2025-06-11T10:00:00","date_gmt":"2025-06-11T08:00:00","guid":{"rendered":"https:\/\/www.sotrender.com\/blog\/?p=55591"},"modified":"2025-06-11T11:22:32","modified_gmt":"2025-06-11T09:22:32","slug":"facebook-trends-maj-2025-wyborcze-piwo","status":"publish","type":"post","link":"https:\/\/www.sotrender.com\/blog\/pl\/2025\/06\/facebook-trends-maj-2025-wyborcze-piwo\/","title":{"rendered":"Facebook Trends maj 2025 \u2013 wyborcze piwo"},"content":{"rendered":"\n<p>W tym miesi\u0105cu temat wybor\u00f3w prezydenckich ca\u0142kowicie zdominowa\u0142 media spo\u0142eczno\u015bciowe.<\/p>\n\n\n\n<!--more-->\n\n\n\n<p>Szczeg\u00f3lne emocje wzbudzi\u0142y kontrowersyjne spotkania zwi\u0105zane z kampaniami. Nie zabrak\u0142o te\u017c sporych wzrost\u00f3w aktywno\u015bci w\u015br\u00f3d marek w kategorii FMCG.<\/p>\n\n\n\n<p>Chcesz pozna\u0107 wi\u0119cej szczeg\u00f3\u0142\u00f3w?&nbsp;<\/p>\n\n\n\n<p>Zapraszamy na raport <a href=\"https:\/\/www.sotrender.com\/trends\/facebook\/poland\/202505\" target=\"_blank\" rel=\"noreferrer noopener\">Facebook Trends maj 2025<\/a>!<\/p>\n\n\n\n<h2 class=\"wp-block-heading\">Piwo z Mentzenem<\/h2>\n\n\n\n<p>W maju, na ostatniej prostej przed wyborami prezydenckimi, tematy dotycz\u0105ce kampanii rozgrzewa\u0142y media spo\u0142eczno\u015bciowe do czerwono\u015bci. Szczeg\u00f3lnie g\u0142o\u015bno by\u0142o o wsp\u00f3lnym wyj\u015bciu na piwo S\u0142awomira Mentzena, Rafa\u0142a Trzaskowskiego i Rados\u0142awa Sikorskiego. Ostatni z nich opublikowa\u0142 filmik ze spotkania, kt\u00f3ry okaza\u0142 si\u0119 <a href=\"https:\/\/www.sotrender.com\/trends\/facebook\/poland\/202505\/pl_wszystkie#best_posts\">najlepszym postem na Facebooku w tym miesi\u0105cu<\/a>.<\/p>\n\n\n<div class=\"wp-block-image\">\n<figure class=\"aligncenter size-full\"><img loading=\"lazy\" decoding=\"async\" width=\"2396\" height=\"1222\" src=\"https:\/\/www.sotrender.com\/blog\/wp-content\/uploads\/2025\/06\/Zrzut-ekranu-2025-06-11-o-10.06.54-min.png\" alt=\"Najlepsze posty na Facebooku w kategorii Polskoj\u0119zyczne maj 2025 r.\" class=\"wp-image-55597\" srcset=\"https:\/\/www.sotrender.com\/blog\/wp-content\/uploads\/2025\/06\/Zrzut-ekranu-2025-06-11-o-10.06.54-min.png 2396w, https:\/\/www.sotrender.com\/blog\/wp-content\/uploads\/2025\/06\/Zrzut-ekranu-2025-06-11-o-10.06.54-min-475x242.png 475w, https:\/\/www.sotrender.com\/blog\/wp-content\/uploads\/2025\/06\/Zrzut-ekranu-2025-06-11-o-10.06.54-min-768x392.png 768w, https:\/\/www.sotrender.com\/blog\/wp-content\/uploads\/2025\/06\/Zrzut-ekranu-2025-06-11-o-10.06.54-min-1536x783.png 1536w, https:\/\/www.sotrender.com\/blog\/wp-content\/uploads\/2025\/06\/Zrzut-ekranu-2025-06-11-o-10.06.54-min-2048x1045.png 2048w\" sizes=\"(max-width: 2396px) 100vw, 2396px\" \/><figcaption class=\"wp-element-caption\"><a href=\"https:\/\/www.sotrender.com\/trends\/facebook\/poland\/202505\/pl_wszystkie#best_posts\" target=\"_blank\" rel=\"noreferrer noopener\">Najlepsze posty na Facebooku w kategorii Polskoj\u0119zyczne<\/a> | maj 2025 r.<\/figcaption><\/figure><\/div>\n\n<style>\n    .cta-image-container {\n        background-image: url('https:\/\/www.sotrender.com\/blog\/wp-content\/uploads\/2024\/07\/Frame-1000001352.png');\n        background-size: contain;\n        background-position: left 300px top 100px;\n        background-repeat: no-repeat;\n}\n\n<\/style>    \n<div id=\"wp-block-cta-buttons-three-points-and-image\" class=\"wp-block-cta-buttons-three-points-and-image\">\n\n    <div class=\"content\">\n        <div class=\"header\">Sprawd\u017a swoje wyniki na tle konkurencji<\/div>\n\n        <ul class=\"list\">\n            <li>Przetestuj przez 7 dni<\/li>\n            <li>Poznaj wszystkie funkcje narz\u0119dzia<\/li>\n            <li>Nie wymagamy karty kredytowej<\/li>\n        <\/ul>\n                    <a class=\"btn\" href=\"https:\/\/app.sotrender.com\/auth\/signup\/trial\/pl?utm_source=blog-cta\">\n                <div class=\"btn_content\">\n                    Wypr\u00f3buj za darmo                <\/div>\n            <\/a>\n        \n    <\/div>\n\n    <img decoding=\"async\" class=\"image\" src=\"https:\/\/www.sotrender.com\/blog\/wp-content\/uploads\/2024\/07\/Frame-1000001352.png\"\/>\n    \n\n   \n   \n<\/div>\n\n\n\n<h2 class=\"wp-block-heading\">Wyborcze komentarze<\/h2>\n\n\n\n<p>Tematy polityczne zawita\u0142y tak\u017ce do kategorii Kultura i sztuka. Sporo o wyborach publikowa\u0142 na swoim profilu aktor Maciej Stuhr, co prze\u0142o\u017cy\u0142o si\u0119 na awans o 122 miejsca, plasuj\u0105c go na 4. pozycji w <a href=\"https:\/\/www.sotrender.com\/trends\/facebook\/poland\/202505\/kultura#engagement\" target=\"_blank\" rel=\"noreferrer noopener\">rankingu aktywno\u015bci u\u017cytkownik\u00f3w<\/a>.<\/p>\n\n\n<div class=\"wp-block-image\">\n<figure class=\"aligncenter size-full\"><img loading=\"lazy\" decoding=\"async\" width=\"2444\" height=\"1338\" src=\"https:\/\/www.sotrender.com\/blog\/wp-content\/uploads\/2025\/06\/Zrzut-ekranu-2025-06-11-o-10.25.19.png\" alt=\"Profile na Facebooku o najwi\u0119kszej aktywno\u015bci u\u017cytkownik\u00f3w w kategorii Kultura i sztuka maj 2025 r.\" class=\"wp-image-55599\" srcset=\"https:\/\/www.sotrender.com\/blog\/wp-content\/uploads\/2025\/06\/Zrzut-ekranu-2025-06-11-o-10.25.19.png 2444w, https:\/\/www.sotrender.com\/blog\/wp-content\/uploads\/2025\/06\/Zrzut-ekranu-2025-06-11-o-10.25.19-475x260.png 475w, https:\/\/www.sotrender.com\/blog\/wp-content\/uploads\/2025\/06\/Zrzut-ekranu-2025-06-11-o-10.25.19-768x420.png 768w, https:\/\/www.sotrender.com\/blog\/wp-content\/uploads\/2025\/06\/Zrzut-ekranu-2025-06-11-o-10.25.19-1536x841.png 1536w, https:\/\/www.sotrender.com\/blog\/wp-content\/uploads\/2025\/06\/Zrzut-ekranu-2025-06-11-o-10.25.19-2048x1121.png 2048w\" sizes=\"(max-width: 2444px) 100vw, 2444px\" \/><figcaption class=\"wp-element-caption\"><a href=\"https:\/\/www.sotrender.com\/trends\/facebook\/poland\/202505\/kultura#engagement\" target=\"_blank\" rel=\"noreferrer noopener\">Profile na Facebooku o najwi\u0119kszej aktywno\u015bci u\u017cytkownik\u00f3w w kategorii Kultura i sztuka<\/a> | maj 2025 r.<\/figcaption><\/figure><\/div>\n\n\n<p>Trzy jego posty trafi\u0142y do <a href=\"https:\/\/www.sotrender.com\/trends\/facebook\/poland\/202505\/kultura#best_posts\" target=\"_blank\" rel=\"noreferrer noopener\">zestawienia najlepszych tre\u015bci miesi\u0105ca<\/a>, z jednym na pierwszym miejscu.<\/p>\n\n\n<div class=\"wp-block-image\">\n<figure class=\"aligncenter size-full\"><img loading=\"lazy\" decoding=\"async\" width=\"2364\" height=\"1234\" src=\"https:\/\/www.sotrender.com\/blog\/wp-content\/uploads\/2025\/06\/Zrzut-ekranu-2025-06-11-o-10.28.10.png\" alt=\"Najlepsze posty na Facebooku w kategorii Kultura i sztuka maj 2025 r.\" class=\"wp-image-55601\" srcset=\"https:\/\/www.sotrender.com\/blog\/wp-content\/uploads\/2025\/06\/Zrzut-ekranu-2025-06-11-o-10.28.10.png 2364w, https:\/\/www.sotrender.com\/blog\/wp-content\/uploads\/2025\/06\/Zrzut-ekranu-2025-06-11-o-10.28.10-475x248.png 475w, https:\/\/www.sotrender.com\/blog\/wp-content\/uploads\/2025\/06\/Zrzut-ekranu-2025-06-11-o-10.28.10-768x401.png 768w, https:\/\/www.sotrender.com\/blog\/wp-content\/uploads\/2025\/06\/Zrzut-ekranu-2025-06-11-o-10.28.10-1536x802.png 1536w, https:\/\/www.sotrender.com\/blog\/wp-content\/uploads\/2025\/06\/Zrzut-ekranu-2025-06-11-o-10.28.10-2048x1069.png 2048w\" sizes=\"(max-width: 2364px) 100vw, 2364px\" \/><figcaption class=\"wp-element-caption\"><a href=\"https:\/\/www.sotrender.com\/trends\/facebook\/poland\/202505\/kultura#best_posts\" target=\"_blank\" rel=\"noreferrer noopener\">Najlepsze posty na Facebooku w kategorii Kultura i sztuka<\/a> | maj 2025 r.<\/figcaption><\/figure><\/div>\n\n\n<h2 class=\"wp-block-heading\">Dzie\u0144 Dziecka anga\u017cowa\u0142 najbardziej<\/h2>\n\n\n\n<p>W kategorii <a href=\"https:\/\/www.sotrender.com\/trends\/facebook\/poland\/202505\/fmcg#engagement\" target=\"_blank\" rel=\"noreferrer noopener\">FMCG<\/a> wyr\u00f3\u017cni\u0142 si\u0119 profil Loyd, kt\u00f3ry zanotowa\u0142 wzrost o 245 miejsc, zdobywaj\u0105c tym samym pozycj\u0119 lidera w rankingu aktywno\u015bci u\u017cytkownik\u00f3w. Na 5. miejscu, z awansem o 179 pozycji, uplasowa\u0142 si\u0119 Black Energy Drink, kt\u00f3rego dwa posty trafi\u0142y do <a href=\"https:\/\/www.sotrender.com\/trends\/facebook\/poland\/202505\/fmcg#best_posts\" target=\"_blank\" rel=\"noreferrer noopener\">zestawienia najlepszych tre\u015bci miesi\u0105ca<\/a>.<\/p>\n\n\n<div class=\"wp-block-image\">\n<figure class=\"aligncenter size-full\"><img loading=\"lazy\" decoding=\"async\" width=\"2452\" height=\"1536\" src=\"https:\/\/www.sotrender.com\/blog\/wp-content\/uploads\/2025\/06\/Zrzut-ekranu-2025-06-11-o-10.47.01-1.png\" alt=\"Profile na Facebooku o najwi\u0119kszej aktywno\u015bci u\u017cytkownik\u00f3w w kategorii FMCG maj 2025 r.\" class=\"wp-image-55608\" srcset=\"https:\/\/www.sotrender.com\/blog\/wp-content\/uploads\/2025\/06\/Zrzut-ekranu-2025-06-11-o-10.47.01-1.png 2452w, https:\/\/www.sotrender.com\/blog\/wp-content\/uploads\/2025\/06\/Zrzut-ekranu-2025-06-11-o-10.47.01-1-475x298.png 475w, https:\/\/www.sotrender.com\/blog\/wp-content\/uploads\/2025\/06\/Zrzut-ekranu-2025-06-11-o-10.47.01-1-768x481.png 768w, https:\/\/www.sotrender.com\/blog\/wp-content\/uploads\/2025\/06\/Zrzut-ekranu-2025-06-11-o-10.47.01-1-1536x962.png 1536w, https:\/\/www.sotrender.com\/blog\/wp-content\/uploads\/2025\/06\/Zrzut-ekranu-2025-06-11-o-10.47.01-1-2048x1283.png 2048w\" sizes=\"(max-width: 2452px) 100vw, 2452px\" \/><figcaption class=\"wp-element-caption\"><a href=\"https:\/\/www.sotrender.com\/trends\/facebook\/poland\/202505\/fmcg#engagement\" target=\"_blank\" rel=\"noreferrer noopener\">Profile na Facebooku o najwi\u0119kszej aktywno\u015bci u\u017cytkownik\u00f3w w kategorii FMCG<\/a> | maj 2025 r.<\/figcaption><\/figure><\/div>\n\n\n<p>Du\u017cy wzrost zanotowa\u0142 r\u00f3wnie\u017c Tymbark, kt\u00f3ry awansowa\u0142 o 212 miejsc, zajmuj\u0105c 12. pozycj\u0119. Post marki z okazji Dnia Dziecka znalaz\u0142 si\u0119 na czo\u0142owej pozycji w tym miesi\u0105cu.<\/p>\n\n\n<div class=\"wp-block-image\">\n<figure class=\"aligncenter size-full\"><img loading=\"lazy\" decoding=\"async\" width=\"2364\" height=\"1226\" src=\"https:\/\/www.sotrender.com\/blog\/wp-content\/uploads\/2025\/06\/Zrzut-ekranu-2025-06-11-o-10.45.26-min.png\" alt=\"Najlepsze posty na Facebooku w kategorii FMCG maj 2025 r.\" class=\"wp-image-55604\" srcset=\"https:\/\/www.sotrender.com\/blog\/wp-content\/uploads\/2025\/06\/Zrzut-ekranu-2025-06-11-o-10.45.26-min.png 2364w, https:\/\/www.sotrender.com\/blog\/wp-content\/uploads\/2025\/06\/Zrzut-ekranu-2025-06-11-o-10.45.26-min-475x246.png 475w, https:\/\/www.sotrender.com\/blog\/wp-content\/uploads\/2025\/06\/Zrzut-ekranu-2025-06-11-o-10.45.26-min-768x398.png 768w, https:\/\/www.sotrender.com\/blog\/wp-content\/uploads\/2025\/06\/Zrzut-ekranu-2025-06-11-o-10.45.26-min-1536x797.png 1536w, https:\/\/www.sotrender.com\/blog\/wp-content\/uploads\/2025\/06\/Zrzut-ekranu-2025-06-11-o-10.45.26-min-2048x1062.png 2048w\" sizes=\"(max-width: 2364px) 100vw, 2364px\" \/><figcaption class=\"wp-element-caption\"><a href=\"https:\/\/www.sotrender.com\/trends\/facebook\/poland\/202505\/fmcg#best_posts\" target=\"_blank\" rel=\"noreferrer noopener\">Najlepsze posty na Facebooku w kategorii FMCG<\/a> | maj 2025 r.<\/figcaption><\/figure><\/div>\n\n\n<h2 class=\"wp-block-heading\"><strong>Facebook Trends maj 202<\/strong>5<\/h2>\n\n\n\n<p>To wszystko na ten miesi\u0105c! Jeszcze w tym tygodniu zapraszamy na raport podsumowuj\u0105cy majowe reklamy w ekosystemie Meta, a na razie zach\u0119camy do zapoznania si\u0119 z <a href=\"https:\/\/www.sotrender.com\/trends\/facebook\/poland\/202505\" target=\"_blank\" rel=\"noreferrer noopener\">pe\u0142n\u0105 wersj\u0105 Facebook Trends<\/a> oraz <a href=\"https:\/\/www.sotrender.com\/blog\/pl\/2025\/06\/instagram-trends-maj-2025-final-jest-juz-znany\/\" target=\"_blank\" rel=\"noreferrer noopener\">podsumowaniem instagramowym<\/a>.<\/p>\n","protected":false},"excerpt":{"rendered":"<p>W tym miesi\u0105cu temat wybor\u00f3w prezydenckich ca\u0142kowicie zdominowa\u0142 media spo\u0142eczno\u015bciowe.<\/p>\n","protected":false},"author":311,"featured_media":55611,"comment_status":"closed","ping_status":"open","sticky":false,"template":"","format":"standard","meta":{"inline_featured_image":false,"footnotes":""},"categories":[1791,1797],"tags":[1965,2307,2611,3903,4010],"yoast_head":"<!-- This site is optimized with the Yoast SEO plugin v22.4 - https:\/\/yoast.com\/wordpress\/plugins\/seo\/ -->\n<title>Facebook Trends maj 2025 \u2013 wyborcze piwo<\/title>\n<meta name=\"description\" content=\"W tym miesi\u0105cu temat wybor\u00f3w prezydenckich, szczeg\u00f3lnie pewnego spotkania polityk\u00f3w, ca\u0142kowicie zdominowa\u0142 media spo\u0142eczno\u015bciowe.\" \/>\n<meta name=\"robots\" content=\"index, follow, max-snippet:-1, max-image-preview:large, max-video-preview:-1\" \/>\n<link rel=\"canonical\" href=\"https:\/\/www.sotrender.com\/blog\/pl\/2025\/06\/facebook-trends-maj-2025-wyborcze-piwo\/\" \/>\n<meta property=\"og:locale\" content=\"pl_PL\" \/>\n<meta property=\"og:type\" content=\"article\" \/>\n<meta property=\"og:title\" content=\"Facebook Trends maj 2025 \u2013 wyborcze piwo\" \/>\n<meta property=\"og:description\" content=\"W tym miesi\u0105cu temat wybor\u00f3w prezydenckich, szczeg\u00f3lnie pewnego spotkania polityk\u00f3w, ca\u0142kowicie zdominowa\u0142 media spo\u0142eczno\u015bciowe.\" \/>\n<meta property=\"og:url\" content=\"https:\/\/www.sotrender.com\/blog\/pl\/2025\/06\/facebook-trends-maj-2025-wyborcze-piwo\/\" \/>\n<meta property=\"og:site_name\" content=\"Sotrender Blog\" \/>\n<meta property=\"article:publisher\" content=\"https:\/\/www.facebook.com\/Sotrender\" \/>\n<meta property=\"article:published_time\" content=\"2025-06-11T08:00:00+00:00\" \/>\n<meta property=\"article:modified_time\" content=\"2025-06-11T09:22:32+00:00\" \/>\n<meta property=\"og:image\" content=\"https:\/\/www.sotrender.com\/blog\/wp-content\/uploads\/2025\/06\/pexels-bohlemedia-1089930-min-e1749633097179.jpg\" \/>\n\t<meta property=\"og:image:width\" content=\"1280\" \/>\n\t<meta property=\"og:image:height\" content=\"1062\" \/>\n\t<meta property=\"og:image:type\" content=\"image\/jpeg\" \/>\n<meta name=\"author\" content=\"Bogna Raszowska\" \/>\n<meta name=\"twitter:card\" content=\"summary_large_image\" \/>\n<meta name=\"twitter:creator\" content=\"@Sotrender\" \/>\n<meta name=\"twitter:site\" content=\"@Sotrender\" \/>\n<meta name=\"twitter:label1\" content=\"Written by\" \/>\n\t<meta name=\"twitter:data1\" content=\"Bogna Raszowska\" \/>\n\t<meta name=\"twitter:label2\" content=\"Est. reading time\" \/>\n\t<meta name=\"twitter:data2\" content=\"3 minutes\" \/>\n<script type=\"application\/ld+json\" class=\"yoast-schema-graph\">{\"@context\":\"https:\/\/schema.org\",\"@graph\":[{\"@type\":\"WebPage\",\"@id\":\"https:\/\/www.sotrender.com\/blog\/pl\/2025\/06\/facebook-trends-maj-2025-wyborcze-piwo\/\",\"url\":\"https:\/\/www.sotrender.com\/blog\/pl\/2025\/06\/facebook-trends-maj-2025-wyborcze-piwo\/\",\"name\":\"Facebook Trends maj 2025 \u2013 wyborcze piwo\",\"isPartOf\":{\"@id\":\"https:\/\/www.sotrender.com\/blog\/#website\"},\"primaryImageOfPage\":{\"@id\":\"https:\/\/www.sotrender.com\/blog\/pl\/2025\/06\/facebook-trends-maj-2025-wyborcze-piwo\/#primaryimage\"},\"image\":{\"@id\":\"https:\/\/www.sotrender.com\/blog\/pl\/2025\/06\/facebook-trends-maj-2025-wyborcze-piwo\/#primaryimage\"},\"thumbnailUrl\":\"https:\/\/www.sotrender.com\/blog\/wp-content\/uploads\/2025\/06\/pexels-bohlemedia-1089930-min-e1749633097179.jpg\",\"datePublished\":\"2025-06-11T08:00:00+00:00\",\"dateModified\":\"2025-06-11T09:22:32+00:00\",\"author\":{\"@id\":\"https:\/\/www.sotrender.com\/blog\/#\/schema\/person\/2c3d8f31a13ec8be6145f5865f25d16c\"},\"description\":\"W tym miesi\u0105cu temat wybor\u00f3w prezydenckich, szczeg\u00f3lnie pewnego spotkania polityk\u00f3w, ca\u0142kowicie zdominowa\u0142 media spo\u0142eczno\u015bciowe.\",\"breadcrumb\":{\"@id\":\"https:\/\/www.sotrender.com\/blog\/pl\/2025\/06\/facebook-trends-maj-2025-wyborcze-piwo\/#breadcrumb\"},\"inLanguage\":\"pl-PL\",\"potentialAction\":[{\"@type\":\"ReadAction\",\"target\":[\"https:\/\/www.sotrender.com\/blog\/pl\/2025\/06\/facebook-trends-maj-2025-wyborcze-piwo\/\"]}]},{\"@type\":\"ImageObject\",\"inLanguage\":\"pl-PL\",\"@id\":\"https:\/\/www.sotrender.com\/blog\/pl\/2025\/06\/facebook-trends-maj-2025-wyborcze-piwo\/#primaryimage\",\"url\":\"https:\/\/www.sotrender.com\/blog\/wp-content\/uploads\/2025\/06\/pexels-bohlemedia-1089930-min-e1749633097179.jpg\",\"contentUrl\":\"https:\/\/www.sotrender.com\/blog\/wp-content\/uploads\/2025\/06\/pexels-bohlemedia-1089930-min-e1749633097179.jpg\",\"width\":1280,\"height\":1062},{\"@type\":\"BreadcrumbList\",\"@id\":\"https:\/\/www.sotrender.com\/blog\/pl\/2025\/06\/facebook-trends-maj-2025-wyborcze-piwo\/#breadcrumb\",\"itemListElement\":[{\"@type\":\"ListItem\",\"position\":1,\"name\":\"Home\",\"item\":\"https:\/\/www.sotrender.com\/blog\/\"},{\"@type\":\"ListItem\",\"position\":2,\"name\":\"Facebook Trends maj 2025 \u2013 wyborcze piwo\"}]},{\"@type\":\"WebSite\",\"@id\":\"https:\/\/www.sotrender.com\/blog\/#website\",\"url\":\"https:\/\/www.sotrender.com\/blog\/\",\"name\":\"Sotrender Blog\",\"description\":\"\",\"potentialAction\":[{\"@type\":\"SearchAction\",\"target\":{\"@type\":\"EntryPoint\",\"urlTemplate\":\"https:\/\/www.sotrender.com\/blog\/?s={search_term_string}\"},\"query-input\":\"required name=search_term_string\"}],\"inLanguage\":\"pl-PL\"},{\"@type\":\"Person\",\"@id\":\"https:\/\/www.sotrender.com\/blog\/#\/schema\/person\/2c3d8f31a13ec8be6145f5865f25d16c\",\"name\":\"Bogna Raszowska\",\"image\":{\"@type\":\"ImageObject\",\"inLanguage\":\"pl-PL\",\"@id\":\"https:\/\/www.sotrender.com\/blog\/#\/schema\/person\/image\/\",\"url\":\"https:\/\/secure.gravatar.com\/avatar\/a9efb91eb7796ed666d24a5b58b6a6cd?s=96&d=mm&r=g\",\"contentUrl\":\"https:\/\/secure.gravatar.com\/avatar\/a9efb91eb7796ed666d24a5b58b6a6cd?s=96&d=mm&r=g\",\"caption\":\"Bogna Raszowska\"},\"description\":\"Digital marketer with a passion for copywriting, content and social media. Off the clock, I'm an avid traveler, RPG gamer, music lover, and South Korean culture enthusiast.\",\"sameAs\":[\"https:\/\/www.linkedin.com\/in\/bognaraszowska\"],\"url\":\"https:\/\/www.sotrender.com\/blog\/pl\/author\/bogna_raszowska\/\"}]}<\/script>\n<!-- \/ Yoast SEO plugin. -->","yoast_head_json":{"title":"Facebook Trends maj 2025 \u2013 wyborcze piwo","description":"W tym miesi\u0105cu temat wybor\u00f3w prezydenckich, szczeg\u00f3lnie pewnego spotkania polityk\u00f3w, ca\u0142kowicie zdominowa\u0142 media spo\u0142eczno\u015bciowe.","robots":{"index":"index","follow":"follow","max-snippet":"max-snippet:-1","max-image-preview":"max-image-preview:large","max-video-preview":"max-video-preview:-1"},"canonical":"https:\/\/www.sotrender.com\/blog\/pl\/2025\/06\/facebook-trends-maj-2025-wyborcze-piwo\/","og_locale":"pl_PL","og_type":"article","og_title":"Facebook Trends maj 2025 \u2013 wyborcze piwo","og_description":"W tym miesi\u0105cu temat wybor\u00f3w prezydenckich, szczeg\u00f3lnie pewnego spotkania polityk\u00f3w, ca\u0142kowicie zdominowa\u0142 media spo\u0142eczno\u015bciowe.","og_url":"https:\/\/www.sotrender.com\/blog\/pl\/2025\/06\/facebook-trends-maj-2025-wyborcze-piwo\/","og_site_name":"Sotrender Blog","article_publisher":"https:\/\/www.facebook.com\/Sotrender","article_published_time":"2025-06-11T08:00:00+00:00","article_modified_time":"2025-06-11T09:22:32+00:00","og_image":[{"width":1280,"height":1062,"url":"https:\/\/www.sotrender.com\/blog\/wp-content\/uploads\/2025\/06\/pexels-bohlemedia-1089930-min-e1749633097179.jpg","type":"image\/jpeg"}],"author":"Bogna Raszowska","twitter_card":"summary_large_image","twitter_creator":"@Sotrender","twitter_site":"@Sotrender","twitter_misc":{"Written by":"Bogna Raszowska","Est. reading time":"3 minutes"},"schema":{"@context":"https:\/\/schema.org","@graph":[{"@type":"WebPage","@id":"https:\/\/www.sotrender.com\/blog\/pl\/2025\/06\/facebook-trends-maj-2025-wyborcze-piwo\/","url":"https:\/\/www.sotrender.com\/blog\/pl\/2025\/06\/facebook-trends-maj-2025-wyborcze-piwo\/","name":"Facebook Trends maj 2025 \u2013 wyborcze piwo","isPartOf":{"@id":"https:\/\/www.sotrender.com\/blog\/#website"},"primaryImageOfPage":{"@id":"https:\/\/www.sotrender.com\/blog\/pl\/2025\/06\/facebook-trends-maj-2025-wyborcze-piwo\/#primaryimage"},"image":{"@id":"https:\/\/www.sotrender.com\/blog\/pl\/2025\/06\/facebook-trends-maj-2025-wyborcze-piwo\/#primaryimage"},"thumbnailUrl":"https:\/\/www.sotrender.com\/blog\/wp-content\/uploads\/2025\/06\/pexels-bohlemedia-1089930-min-e1749633097179.jpg","datePublished":"2025-06-11T08:00:00+00:00","dateModified":"2025-06-11T09:22:32+00:00","author":{"@id":"https:\/\/www.sotrender.com\/blog\/#\/schema\/person\/2c3d8f31a13ec8be6145f5865f25d16c"},"description":"W tym miesi\u0105cu temat wybor\u00f3w prezydenckich, szczeg\u00f3lnie pewnego spotkania polityk\u00f3w, ca\u0142kowicie zdominowa\u0142 media spo\u0142eczno\u015bciowe.","breadcrumb":{"@id":"https:\/\/www.sotrender.com\/blog\/pl\/2025\/06\/facebook-trends-maj-2025-wyborcze-piwo\/#breadcrumb"},"inLanguage":"pl-PL","potentialAction":[{"@type":"ReadAction","target":["https:\/\/www.sotrender.com\/blog\/pl\/2025\/06\/facebook-trends-maj-2025-wyborcze-piwo\/"]}]},{"@type":"ImageObject","inLanguage":"pl-PL","@id":"https:\/\/www.sotrender.com\/blog\/pl\/2025\/06\/facebook-trends-maj-2025-wyborcze-piwo\/#primaryimage","url":"https:\/\/www.sotrender.com\/blog\/wp-content\/uploads\/2025\/06\/pexels-bohlemedia-1089930-min-e1749633097179.jpg","contentUrl":"https:\/\/www.sotrender.com\/blog\/wp-content\/uploads\/2025\/06\/pexels-bohlemedia-1089930-min-e1749633097179.jpg","width":1280,"height":1062},{"@type":"BreadcrumbList","@id":"https:\/\/www.sotrender.com\/blog\/pl\/2025\/06\/facebook-trends-maj-2025-wyborcze-piwo\/#breadcrumb","itemListElement":[{"@type":"ListItem","position":1,"name":"Home","item":"https:\/\/www.sotrender.com\/blog\/"},{"@type":"ListItem","position":2,"name":"Facebook Trends maj 2025 \u2013 wyborcze piwo"}]},{"@type":"WebSite","@id":"https:\/\/www.sotrender.com\/blog\/#website","url":"https:\/\/www.sotrender.com\/blog\/","name":"Sotrender Blog","description":"","potentialAction":[{"@type":"SearchAction","target":{"@type":"EntryPoint","urlTemplate":"https:\/\/www.sotrender.com\/blog\/?s={search_term_string}"},"query-input":"required name=search_term_string"}],"inLanguage":"pl-PL"},{"@type":"Person","@id":"https:\/\/www.sotrender.com\/blog\/#\/schema\/person\/2c3d8f31a13ec8be6145f5865f25d16c","name":"Bogna Raszowska","image":{"@type":"ImageObject","inLanguage":"pl-PL","@id":"https:\/\/www.sotrender.com\/blog\/#\/schema\/person\/image\/","url":"https:\/\/secure.gravatar.com\/avatar\/a9efb91eb7796ed666d24a5b58b6a6cd?s=96&d=mm&r=g","contentUrl":"https:\/\/secure.gravatar.com\/avatar\/a9efb91eb7796ed666d24a5b58b6a6cd?s=96&d=mm&r=g","caption":"Bogna Raszowska"},"description":"Digital marketer with a passion for copywriting, content and social media. Off the clock, I'm an avid traveler, RPG gamer, music lover, and South Korean culture enthusiast.","sameAs":["https:\/\/www.linkedin.com\/in\/bognaraszowska"],"url":"https:\/\/www.sotrender.com\/blog\/pl\/author\/bogna_raszowska\/"}]}},"_links":{"self":[{"href":"https:\/\/www.sotrender.com\/blog\/pl\/wp-json\/wp\/v2\/posts\/55591"}],"collection":[{"href":"https:\/\/www.sotrender.com\/blog\/pl\/wp-json\/wp\/v2\/posts"}],"about":[{"href":"https:\/\/www.sotrender.com\/blog\/pl\/wp-json\/wp\/v2\/types\/post"}],"author":[{"embeddable":true,"href":"https:\/\/www.sotrender.com\/blog\/pl\/wp-json\/wp\/v2\/users\/311"}],"replies":[{"embeddable":true,"href":"https:\/\/www.sotrender.com\/blog\/pl\/wp-json\/wp\/v2\/comments?post=55591"}],"version-history":[{"count":9,"href":"https:\/\/www.sotrender.com\/blog\/pl\/wp-json\/wp\/v2\/posts\/55591\/revisions"}],"predecessor-version":[{"id":55617,"href":"https:\/\/www.sotrender.com\/blog\/pl\/wp-json\/wp\/v2\/posts\/55591\/revisions\/55617"}],"wp:featuredmedia":[{"embeddable":true,"href":"https:\/\/www.sotrender.com\/blog\/pl\/wp-json\/wp\/v2\/media\/55611"}],"wp:attachment":[{"href":"https:\/\/www.sotrender.com\/blog\/pl\/wp-json\/wp\/v2\/media?parent=55591"}],"wp:term":[{"taxonomy":"category","embeddable":true,"href":"https:\/\/www.sotrender.com\/blog\/pl\/wp-json\/wp\/v2\/categories?post=55591"},{"taxonomy":"post_tag","embeddable":true,"href":"https:\/\/www.sotrender.com\/blog\/pl\/wp-json\/wp\/v2\/tags?post=55591"}],"curies":[{"name":"wp","href":"https:\/\/api.w.org\/{rel}","templated":true}]}}