{"id":55566,"date":"2025-06-09T09:18:16","date_gmt":"2025-06-09T07:18:16","guid":{"rendered":"https:\/\/www.sotrender.com\/blog\/?p=55566"},"modified":"2025-06-09T09:18:17","modified_gmt":"2025-06-09T07:18:17","slug":"instagram-trends-maj-2025-final-jest-juz-znany","status":"publish","type":"post","link":"https:\/\/www.sotrender.com\/blog\/pl\/2025\/06\/instagram-trends-maj-2025-final-jest-juz-znany\/","title":{"rendered":"Instagram Trends Maj 2025 \u2013\u00a0fina\u0142 jest ju\u017c znany"},"content":{"rendered":"\n<p>Przy okazji <a href=\"https:\/\/www.sotrender.com\/blog\/pl\/2025\/05\/instagram-trends-kwiecien-2025-walka-o-wladze-i-marzenia\/\" target=\"_blank\" rel=\"noreferrer noopener\">kwietniowego raportu Instagram Trends<\/a> pisali\u015bmy o wielu wydarzeniach, kt\u00f3re sw\u00f3j fina\u0142 mia\u0142y w maju. Przyjrzyjmy si\u0119 wi\u0119c najwa\u017cniejszym z nich.<\/p>\n\n\n\n<!--more-->\n\n\n\n<p>Zapraszamy na raport <a href=\"https:\/\/www.sotrender.com\/trends\/instagram\/poland\/202505\" target=\"_blank\" rel=\"noreferrer noopener\">Instagram Trends maj 2025<\/a>.<\/p>\n\n\n\n<h2 class=\"wp-block-heading\">Zrobili\u015bmy to Razem&nbsp;<\/h2>\n\n\n\n<p>W minionym miesi\u0105cu odby\u0142a si\u0119 pierwsza tura wybor\u00f3w prezydenckich. Dwa pierwsze tygodnie maja by\u0142y intensywnym czasem kampanii dla wszystkich kandydat\u00f3w, a na Instagramie szczeg\u00f3lnym zainteresowaniem i zaanga\u017cowaniem, w por\u00f3wnaniu do kwietnia, cieszy\u0142y si\u0119 tre\u015bci na profilu Partii Razem.<\/p>\n\n\n\n<p><a href=\"https:\/\/www.sotrender.com\/trends\/instagram\/poland\/202505\/Organizacje#engagement\" target=\"_blank\" rel=\"noreferrer noopener\">W\u015br\u00f3d profili wszystkich organizacji<\/a> na Instagramie, profil Partii Razem awansowa\u0142 o 12 pozycji pod wzgl\u0119dem \u0142\u0105cznego zaanga\u017cowania \u2013 na wysokie miejsce sz\u00f3ste.<\/p>\n\n\n\n<figure class=\"wp-block-image size-full\"><img loading=\"lazy\" decoding=\"async\" width=\"2238\" height=\"972\" src=\"https:\/\/www.sotrender.com\/blog\/wp-content\/uploads\/2025\/06\/zaangazowanie-partia-razem-maj-2025-instagram.png\" alt=\"partia razem wybory instagram\" class=\"wp-image-55570\" srcset=\"https:\/\/www.sotrender.com\/blog\/wp-content\/uploads\/2025\/06\/zaangazowanie-partia-razem-maj-2025-instagram.png 2238w, https:\/\/www.sotrender.com\/blog\/wp-content\/uploads\/2025\/06\/zaangazowanie-partia-razem-maj-2025-instagram-475x206.png 475w, https:\/\/www.sotrender.com\/blog\/wp-content\/uploads\/2025\/06\/zaangazowanie-partia-razem-maj-2025-instagram-768x334.png 768w, https:\/\/www.sotrender.com\/blog\/wp-content\/uploads\/2025\/06\/zaangazowanie-partia-razem-maj-2025-instagram-1536x667.png 1536w, https:\/\/www.sotrender.com\/blog\/wp-content\/uploads\/2025\/06\/zaangazowanie-partia-razem-maj-2025-instagram-2048x889.png 2048w\" sizes=\"(max-width: 2238px) 100vw, 2238px\" \/><figcaption class=\"wp-element-caption\"><a href=\"https:\/\/www.sotrender.com\/trends\/instagram\/poland\/202505\/Organizacje#engagement\" target=\"_blank\" rel=\"noreferrer noopener\">Profile organizacji o najwi\u0119kszym zaanga\u017cowaniu<\/a> na Instagramie | maj 2025 r.<\/figcaption><\/figure>\n\n\n\n<p>Du\u017cy przyrost w liczbie fan\u00f3w, <a href=\"https:\/\/www.sotrender.com\/trends\/instagram\/poland\/202505\/osoby\/osoby_polityka\" target=\"_blank\" rel=\"noreferrer noopener\">a\u017c o 49%<\/a>, odnotowali\u015bmy r\u00f3wnie\u017c na profilu Adriana Zandberga, a na profilu Partii Razem <a href=\"https:\/\/www.sotrender.com\/trends\/instagram\/poland\/202505\/Organizacje\/org_partie\" target=\"_blank\" rel=\"noreferrer noopener\">wzrost ten wyni\u00f3s\u0142 28%<\/a>.<\/p>\n\n\n\n<p>Powyborczy post na profilu partii by\u0142 <a href=\"https:\/\/www.sotrender.com\/trends\/instagram\/poland\/202505\/Organizacje\/org_partie#best_posts\" target=\"_blank\" rel=\"noreferrer noopener\">najlepszym postem w\u015br\u00f3d wszystkich tre\u015bci partii politycznych<\/a>, oraz <a href=\"https:\/\/www.sotrender.com\/trends\/instagram\/poland\/202505\/Organizacje#best_posts\" target=\"_blank\" rel=\"noreferrer noopener\">drugim najlepszym postem na tle wszystkich organizacji<\/a>.<\/p>\n\n\n\n<figure class=\"wp-block-image size-full\"><img loading=\"lazy\" decoding=\"async\" width=\"2000\" height=\"1025\" src=\"https:\/\/www.sotrender.com\/blog\/wp-content\/uploads\/2025\/06\/partie-polityczne-top-posty-instagram-maj-2025.png\" alt=\"partie polityczne top posty partia razem maj 2025 instagram\" class=\"wp-image-55572\" srcset=\"https:\/\/www.sotrender.com\/blog\/wp-content\/uploads\/2025\/06\/partie-polityczne-top-posty-instagram-maj-2025.png 2000w, https:\/\/www.sotrender.com\/blog\/wp-content\/uploads\/2025\/06\/partie-polityczne-top-posty-instagram-maj-2025-475x243.png 475w, https:\/\/www.sotrender.com\/blog\/wp-content\/uploads\/2025\/06\/partie-polityczne-top-posty-instagram-maj-2025-768x394.png 768w, https:\/\/www.sotrender.com\/blog\/wp-content\/uploads\/2025\/06\/partie-polityczne-top-posty-instagram-maj-2025-1536x787.png 1536w\" sizes=\"(max-width: 2000px) 100vw, 2000px\" \/><figcaption class=\"wp-element-caption\"><a href=\"https:\/\/www.sotrender.com\/trends\/instagram\/poland\/202505\/Organizacje\/org_partie#best_posts\" target=\"_blank\" rel=\"noreferrer noopener\">Najlepsze posty w kategorii Partie polityczne na Instagramie<\/a> | maj 2025 r.<\/figcaption><\/figure>\n\n\n\n<p>A skoro o organizacjach mowa, warto zwr\u00f3ci\u0107 r\u00f3wnie\u017c uwag\u0119 na profil Fundacji ADA, kt\u00f3ra coraz intensywniej, i z coraz lepszymi rezultatami, komunikuje si\u0119 w mediach spo\u0142eczno\u015bciowych.<\/p>\n\n\n\n<p>Instagramowy profil fundacji w maju znalaz\u0142 si\u0119 na miejscu drugim pod wzgl\u0119dem zaanga\u017cowania, oraz na miejscu trzecim pod wzgl\u0119dem liczby obserwuj\u0105cych <a href=\"https:\/\/www.sotrender.com\/trends\/instagram\/poland\/202505\/Organizacje\/org_ekologia_prozwierzece\" target=\"_blank\" rel=\"noreferrer noopener\">w zestawieniu organizacji prozwierz\u0119cych<\/a>.\u00a0<\/p>\n\n\n\n<figure class=\"wp-block-image size-full\"><img loading=\"lazy\" decoding=\"async\" width=\"2228\" height=\"634\" src=\"https:\/\/www.sotrender.com\/blog\/wp-content\/uploads\/2025\/06\/organizacje-prozwierzece-instagram-maj-2025.png\" alt=\"fundacja ada instagram zaanga\u017cowanie\" class=\"wp-image-55574\" srcset=\"https:\/\/www.sotrender.com\/blog\/wp-content\/uploads\/2025\/06\/organizacje-prozwierzece-instagram-maj-2025.png 2228w, https:\/\/www.sotrender.com\/blog\/wp-content\/uploads\/2025\/06\/organizacje-prozwierzece-instagram-maj-2025-475x135.png 475w, https:\/\/www.sotrender.com\/blog\/wp-content\/uploads\/2025\/06\/organizacje-prozwierzece-instagram-maj-2025-768x219.png 768w, https:\/\/www.sotrender.com\/blog\/wp-content\/uploads\/2025\/06\/organizacje-prozwierzece-instagram-maj-2025-1536x437.png 1536w, https:\/\/www.sotrender.com\/blog\/wp-content\/uploads\/2025\/06\/organizacje-prozwierzece-instagram-maj-2025-2048x583.png 2048w\" sizes=\"(max-width: 2228px) 100vw, 2228px\" \/><figcaption class=\"wp-element-caption\"><a href=\"https:\/\/www.sotrender.com\/trends\/instagram\/poland\/202505\/Organizacje\/org_ekologia_prozwierzece#engagement\" target=\"_blank\" rel=\"noreferrer noopener\">Profile organizacji prozwierz\u0119cy o najwi\u0119kszym zaanga\u017cowaniu<\/a> na Instagramie | maj 2025 r.<\/figcaption><\/figure>\n\n\n\n<p>Z kolei <a href=\"https:\/\/www.sotrender.com\/blog\/pl\/2025\/06\/tiktok-w-polsce\/\" target=\"_blank\" rel=\"noreferrer noopener\">na TikToku w kwietniu 2025 roku<\/a>, Fundacja ADA opublikowa\u0142a najwi\u0119cej tre\u015bci spo\u015br\u00f3d wszystkich profili marek \u2013 a\u017c 185.<\/p>\n\n\n<style>\n    .cta-image-container {\n        background-image: url('https:\/\/www.sotrender.com\/blog\/wp-content\/uploads\/2024\/07\/Frame-1000001352.png');\n        background-size: contain;\n        background-position: left 300px top 100px;\n        background-repeat: no-repeat;\n}\n\n<\/style>    \n<div id=\"wp-block-cta-buttons-three-points-and-image\" class=\"wp-block-cta-buttons-three-points-and-image\">\n\n    <div class=\"content\">\n        <div class=\"header\">Analizuj dzia\u0142ania konkurencji na IG<\/div>\n\n        <ul class=\"list\">\n            <li>Przetestuj przez 7 dni za darmo<\/li>\n            <li>Poznaj wszystkie funkcje narz\u0119dzia<\/li>\n            <li>Um\u00f3w si\u0119 na bezp\u0142atne demo<\/li>\n        <\/ul>\n                    <a class=\"btn\" href=\"https:\/\/app.sotrender.com\/auth\/signup\/trial\/pl?utm_source=blog-cta\">\n                <div class=\"btn_content\">\n                    Wypr\u00f3buj ju\u017c dzi\u015b                <\/div>\n            <\/a>\n        \n    <\/div>\n\n    <img decoding=\"async\" class=\"image\" src=\"https:\/\/www.sotrender.com\/blog\/wp-content\/uploads\/2024\/07\/Frame-1000001352.png\"\/>\n    \n\n   \n   \n<\/div>\n\n\n\n<h2 class=\"wp-block-heading\">Najm\u0142odsza Polka zdobywa Dach \u015awiata<\/h2>\n\n\n\n<p>Zoja Skubis z sukcesem uko\u0144czy\u0142a swoj\u0105 wypraw\u0119 i w maju stan\u0119\u0142a na najwy\u017cszym szczycie \u015bwiata \u2013 Evere\u015bcie.<\/p>\n\n\n\n<p>Fani z zapartym tchem \u015bledzili poczynania m\u0142odej podr\u00f3\u017cniczki, co bezpo\u015brednio prze\u0142o\u017cy\u0142o si\u0119 na zaanga\u017cowanie na jej profilu. Zoja zosta\u0142a bezapelacyjn\u0105 <a href=\"https:\/\/www.sotrender.com\/trends\/instagram\/poland\/202505\/osoby\/osoby_podroze#engagement\" target=\"_blank\" rel=\"noreferrer noopener\">liderk\u0105 zaanga\u017cowania w kategorii Podr\u00f3\u017cnicy<\/a>, osi\u0105gaj\u0105c niemal dwukrotnie wi\u0119ksze zaanga\u017cowanie odbiorc\u00f3w ni\u017c drugi w rankingu @patec_wariatec.<\/p>\n\n\n\n<figure class=\"wp-block-image size-full\"><img loading=\"lazy\" decoding=\"async\" width=\"2228\" height=\"642\" src=\"https:\/\/www.sotrender.com\/blog\/wp-content\/uploads\/2025\/06\/zoja-skubis-everest-instagram-maj-2025.png\" alt=\"zoja skubis everest instagram zaanga\u017cowanie\" class=\"wp-image-55577\" srcset=\"https:\/\/www.sotrender.com\/blog\/wp-content\/uploads\/2025\/06\/zoja-skubis-everest-instagram-maj-2025.png 2228w, https:\/\/www.sotrender.com\/blog\/wp-content\/uploads\/2025\/06\/zoja-skubis-everest-instagram-maj-2025-475x137.png 475w, https:\/\/www.sotrender.com\/blog\/wp-content\/uploads\/2025\/06\/zoja-skubis-everest-instagram-maj-2025-768x221.png 768w, https:\/\/www.sotrender.com\/blog\/wp-content\/uploads\/2025\/06\/zoja-skubis-everest-instagram-maj-2025-1536x443.png 1536w, https:\/\/www.sotrender.com\/blog\/wp-content\/uploads\/2025\/06\/zoja-skubis-everest-instagram-maj-2025-2048x590.png 2048w\" sizes=\"(max-width: 2228px) 100vw, 2228px\" \/><figcaption class=\"wp-element-caption\"><a href=\"https:\/\/www.sotrender.com\/trends\/instagram\/poland\/202505\/osoby\/osoby_podroze#engagement\" target=\"_blank\" rel=\"noreferrer noopener\">Profile podr\u00f3\u017cnik\u00f3w z najwi\u0119kszym zaanga\u017cowaniem na Instagramie<\/a> | maj 2025 r.<\/figcaption><\/figure>\n\n\n\n<p>Zdj\u0119cie Zoi zrobione na Dachu \u015awiata by\u0142o <a href=\"https:\/\/www.sotrender.com\/trends\/instagram\/poland\/202505\/osoby\/osoby_podroze#best_posts\" target=\"_blank\" rel=\"noreferrer noopener\">najbardziej anga\u017cuj\u0105cym postem w kategorii Podr\u00f3\u017cnicy<\/a>, z liczb\u0105 ponad 390 tys. polubie\u0144 i niemal 6,5 tys. komentarzy.<\/p>\n\n\n\n<p>Na profilu podr\u00f3\u017cniczki odnotowali\u015bmy r\u00f3wnie\u017c <a href=\"https:\/\/www.sotrender.com\/trends\/instagram\/poland\/202505\/osoby\/osoby_podroze#fans\" target=\"_blank\" rel=\"noreferrer noopener\">25% przyrost w liczbie obserwuj\u0105cych<\/a> \u2013 ostatniego dnia maja Zoj\u0119 obserwowa\u0142o niemal 445 tys. os\u00f3b.<\/p>\n\n\n\n<h2 class=\"wp-block-heading\">Kobiety bryluj\u0105 na Instagramie<\/h2>\n\n\n\n<p>By\u0142o o sukcesie Zoi Skubis, ale w maju na arenie mi\u0119dzynarodowej g\u0142o\u015bno by\u0142o r\u00f3wnie\u017c o innych kobietach.&nbsp;<\/p>\n\n\n\n<p>Du\u017co dzia\u0142o si\u0119 przede wszystkim w \u015bwiecie muzyki \u2013 za nami chocia\u017cby kolejny fina\u0142 Eurowizji, w kt\u00f3rym udzia\u0142 bra\u0142a Justyna Steczkowska.<\/p>\n\n\n\n<p>Jej instagramowy profil poszybowa\u0142 w g\u00f3r\u0119 i awansuj\u0105c o 32 pozycje uplasowa\u0142 si\u0119 <a href=\"https:\/\/www.sotrender.com\/trends\/instagram\/poland\/202505\/osoby\/osoby_muzyka#engagement\" target=\"_blank\" rel=\"noreferrer noopener\">na miejscu pierwszym pod wzgl\u0119dem zaanga\u017cowania<\/a>.<\/p>\n\n\n\n<figure class=\"wp-block-image size-full\"><img loading=\"lazy\" decoding=\"async\" width=\"2254\" height=\"636\" src=\"https:\/\/www.sotrender.com\/blog\/wp-content\/uploads\/2025\/06\/muzycy-instagram-maj-2025.png\" alt=\"justyna steczkowska eurowizja instagram\" class=\"wp-image-55579\" srcset=\"https:\/\/www.sotrender.com\/blog\/wp-content\/uploads\/2025\/06\/muzycy-instagram-maj-2025.png 2254w, https:\/\/www.sotrender.com\/blog\/wp-content\/uploads\/2025\/06\/muzycy-instagram-maj-2025-475x134.png 475w, https:\/\/www.sotrender.com\/blog\/wp-content\/uploads\/2025\/06\/muzycy-instagram-maj-2025-768x217.png 768w, https:\/\/www.sotrender.com\/blog\/wp-content\/uploads\/2025\/06\/muzycy-instagram-maj-2025-1536x433.png 1536w, https:\/\/www.sotrender.com\/blog\/wp-content\/uploads\/2025\/06\/muzycy-instagram-maj-2025-2048x578.png 2048w\" sizes=\"(max-width: 2254px) 100vw, 2254px\" \/><figcaption class=\"wp-element-caption\"><a href=\"https:\/\/www.sotrender.com\/trends\/instagram\/poland\/202505\/osoby\/osoby_muzyka#engagement\" target=\"_blank\" rel=\"noreferrer noopener\">Profile muzyk\u00f3w z najwi\u0119kszym zaanga\u017cowaniem na Instagramie<\/a> | maj 2025 r.<\/figcaption><\/figure>\n\n\n\n<p>W\u015br\u00f3d wszystkich profili os\u00f3b na polskim Instagramie, profil Justyny Steczkowskiej uplasowa\u0142 si\u0119 z kolei na wysokiej \u2013 sz\u00f3stej \u2013 pozycji (awans o 317 miejsc), wyprzedzaj\u0105c chocia\u017cby profil Zoi Skubis, Igi \u015awi\u0105tek czy Joanny Senyszyn <a href=\"https:\/\/www.sotrender.com\/trends\/instagram\/poland\/202505\/osoby#engagement\" target=\"_blank\" rel=\"noreferrer noopener\">pod wzgl\u0119dem \u0142\u0105cznego zaanga\u017cowania na profilu<\/a>.<\/p>\n\n\n\n<p>Niema\u0142y sukces na swoim koncie odnotowa\u0142a r\u00f3wnie\u017c Ewa Farna. Artystka mia\u0142a zaszczyt za\u015bpiewa\u0107 razem z Du\u0105 Lip\u0105 podczas jej koncertu w Pradze. Wsp\u00f3lny wyst\u0119p zosta\u0142 bardzo ciep\u0142o i entuzjastycznie przyj\u0119ty przez fan\u00f3w, a profil Ewy uplasowa\u0142 si\u0119 <a href=\"https:\/\/www.sotrender.com\/trends\/instagram\/poland\/202505\/osoby\/osoby_muzyka#engagement\" target=\"_blank\" rel=\"noreferrer noopener\">na trzecim miejscu w rankingu zaanga\u017cowania<\/a> w\u015br\u00f3d wszystkich profili muzyk\u00f3w \u2013 tu\u017c za Justyn\u0105 Steczkowsk\u0105 i Marin\u0105.<\/p>\n\n\n\n<h2 class=\"wp-block-heading\">Instagram Trends maj 2025<\/h2>\n\n\n\n<p>To wszystko, co przygotowali\u015bmy dla Was w tym miesi\u0105cu. By dowiedzie\u0107 si\u0119 wi\u0119cej o tym, co dzia\u0142o si\u0119 na Instagramie w minionym miesi\u0105cu, zach\u0119camy do sprawdzenia ca\u0142ego raportu <a href=\"https:\/\/www.sotrender.com\/trends\/instagram\/poland\/202505\" target=\"_blank\" rel=\"noreferrer noopener\">Instagram Trends<\/a>, a ju\u017c za kilka dni zapraszamy na podsumowanie maja na Facebooku.<\/p>\n","protected":false},"excerpt":{"rendered":"<p>Przy okazji kwietniowego raportu Instagram Trends pisali\u015bmy o wielu wydarzeniach, kt\u00f3re sw\u00f3j fina\u0142 mia\u0142y w maju. Przyjrzyjmy si\u0119 wi\u0119c najwa\u017cniejszym z nich.<\/p>\n","protected":false},"author":89,"featured_media":55568,"comment_status":"closed","ping_status":"open","sticky":false,"template":"","format":"standard","meta":{"inline_featured_image":false,"footnotes":""},"categories":[1791,1803],"tags":[2695,3931,1581,1749,2073],"yoast_head":"<!-- This site is optimized with the Yoast SEO plugin v22.4 - https:\/\/yoast.com\/wordpress\/plugins\/seo\/ -->\n<title>Instagram Trends Maj 2025 \u2013 fina\u0142 jest ju\u017c znany<\/title>\n<meta name=\"description\" content=\"W maju kobiety brylowa\u0142y na Instagramie \u2013 sukcesy Zoi Skubis, Justyny Steczkowskiej i Ewy Farny budzi\u0142y ogromne zaanga\u017cowanie na platformie.\" \/>\n<meta name=\"robots\" content=\"index, follow, max-snippet:-1, max-image-preview:large, max-video-preview:-1\" \/>\n<link rel=\"canonical\" href=\"https:\/\/www.sotrender.com\/blog\/pl\/2025\/06\/instagram-trends-maj-2025-final-jest-juz-znany\/\" \/>\n<meta property=\"og:locale\" content=\"pl_PL\" \/>\n<meta property=\"og:type\" content=\"article\" \/>\n<meta property=\"og:title\" content=\"Instagram Trends Maj 2025 \u2013 fina\u0142 jest ju\u017c znany\" \/>\n<meta property=\"og:description\" content=\"W maju kobiety brylowa\u0142y na Instagramie \u2013 sukcesy Zoi Skubis, Justyny Steczkowskiej i Ewy Farny budzi\u0142y ogromne zaanga\u017cowanie na platformie.\" \/>\n<meta property=\"og:url\" content=\"https:\/\/www.sotrender.com\/blog\/pl\/2025\/06\/instagram-trends-maj-2025-final-jest-juz-znany\/\" \/>\n<meta property=\"og:site_name\" content=\"Sotrender Blog\" \/>\n<meta property=\"article:publisher\" content=\"https:\/\/www.facebook.com\/Sotrender\" \/>\n<meta property=\"article:published_time\" content=\"2025-06-09T07:18:16+00:00\" \/>\n<meta property=\"article:modified_time\" content=\"2025-06-09T07:18:17+00:00\" \/>\n<meta property=\"og:image\" content=\"https:\/\/www.sotrender.com\/blog\/wp-content\/uploads\/2025\/06\/eurowizja.jpg\" \/>\n\t<meta property=\"og:image:width\" content=\"1000\" \/>\n\t<meta property=\"og:image:height\" content=\"667\" \/>\n\t<meta property=\"og:image:type\" content=\"image\/jpeg\" \/>\n<meta name=\"author\" content=\"Klaudia \u017by\u0142ka\" \/>\n<meta name=\"twitter:card\" content=\"summary_large_image\" \/>\n<meta name=\"twitter:creator\" content=\"@Sotrender\" \/>\n<meta name=\"twitter:site\" content=\"@Sotrender\" \/>\n<meta name=\"twitter:label1\" content=\"Written by\" \/>\n\t<meta name=\"twitter:data1\" content=\"Klaudia \u017by\u0142ka\" \/>\n\t<meta name=\"twitter:label2\" content=\"Est. reading time\" \/>\n\t<meta name=\"twitter:data2\" content=\"4 minutes\" \/>\n<script type=\"application\/ld+json\" class=\"yoast-schema-graph\">{\"@context\":\"https:\/\/schema.org\",\"@graph\":[{\"@type\":\"WebPage\",\"@id\":\"https:\/\/www.sotrender.com\/blog\/pl\/2025\/06\/instagram-trends-maj-2025-final-jest-juz-znany\/\",\"url\":\"https:\/\/www.sotrender.com\/blog\/pl\/2025\/06\/instagram-trends-maj-2025-final-jest-juz-znany\/\",\"name\":\"Instagram Trends Maj 2025 \u2013 fina\u0142 jest ju\u017c znany\",\"isPartOf\":{\"@id\":\"https:\/\/www.sotrender.com\/blog\/#website\"},\"primaryImageOfPage\":{\"@id\":\"https:\/\/www.sotrender.com\/blog\/pl\/2025\/06\/instagram-trends-maj-2025-final-jest-juz-znany\/#primaryimage\"},\"image\":{\"@id\":\"https:\/\/www.sotrender.com\/blog\/pl\/2025\/06\/instagram-trends-maj-2025-final-jest-juz-znany\/#primaryimage\"},\"thumbnailUrl\":\"https:\/\/www.sotrender.com\/blog\/wp-content\/uploads\/2025\/06\/eurowizja.jpg\",\"datePublished\":\"2025-06-09T07:18:16+00:00\",\"dateModified\":\"2025-06-09T07:18:17+00:00\",\"author\":{\"@id\":\"https:\/\/www.sotrender.com\/blog\/#\/schema\/person\/038ac5e276c5d102d8cbb9c36cd43416\"},\"description\":\"W maju kobiety brylowa\u0142y na Instagramie \u2013 sukcesy Zoi Skubis, Justyny Steczkowskiej i Ewy Farny budzi\u0142y ogromne zaanga\u017cowanie na platformie.\",\"breadcrumb\":{\"@id\":\"https:\/\/www.sotrender.com\/blog\/pl\/2025\/06\/instagram-trends-maj-2025-final-jest-juz-znany\/#breadcrumb\"},\"inLanguage\":\"pl-PL\",\"potentialAction\":[{\"@type\":\"ReadAction\",\"target\":[\"https:\/\/www.sotrender.com\/blog\/pl\/2025\/06\/instagram-trends-maj-2025-final-jest-juz-znany\/\"]}]},{\"@type\":\"ImageObject\",\"inLanguage\":\"pl-PL\",\"@id\":\"https:\/\/www.sotrender.com\/blog\/pl\/2025\/06\/instagram-trends-maj-2025-final-jest-juz-znany\/#primaryimage\",\"url\":\"https:\/\/www.sotrender.com\/blog\/wp-content\/uploads\/2025\/06\/eurowizja.jpg\",\"contentUrl\":\"https:\/\/www.sotrender.com\/blog\/wp-content\/uploads\/2025\/06\/eurowizja.jpg\",\"width\":1000,\"height\":667},{\"@type\":\"BreadcrumbList\",\"@id\":\"https:\/\/www.sotrender.com\/blog\/pl\/2025\/06\/instagram-trends-maj-2025-final-jest-juz-znany\/#breadcrumb\",\"itemListElement\":[{\"@type\":\"ListItem\",\"position\":1,\"name\":\"Home\",\"item\":\"https:\/\/www.sotrender.com\/blog\/\"},{\"@type\":\"ListItem\",\"position\":2,\"name\":\"Instagram Trends Maj 2025 \u2013\u00a0fina\u0142 jest ju\u017c znany\"}]},{\"@type\":\"WebSite\",\"@id\":\"https:\/\/www.sotrender.com\/blog\/#website\",\"url\":\"https:\/\/www.sotrender.com\/blog\/\",\"name\":\"Sotrender Blog\",\"description\":\"\",\"potentialAction\":[{\"@type\":\"SearchAction\",\"target\":{\"@type\":\"EntryPoint\",\"urlTemplate\":\"https:\/\/www.sotrender.com\/blog\/?s={search_term_string}\"},\"query-input\":\"required name=search_term_string\"}],\"inLanguage\":\"pl-PL\"},{\"@type\":\"Person\",\"@id\":\"https:\/\/www.sotrender.com\/blog\/#\/schema\/person\/038ac5e276c5d102d8cbb9c36cd43416\",\"name\":\"Klaudia \u017by\u0142ka\",\"image\":{\"@type\":\"ImageObject\",\"inLanguage\":\"pl-PL\",\"@id\":\"https:\/\/www.sotrender.com\/blog\/#\/schema\/person\/image\/\",\"url\":\"https:\/\/secure.gravatar.com\/avatar\/f55d5d49ce3c448e1ffde0ab078d84cd?s=96&d=mm&r=g\",\"contentUrl\":\"https:\/\/secure.gravatar.com\/avatar\/f55d5d49ce3c448e1ffde0ab078d84cd?s=96&d=mm&r=g\",\"caption\":\"Klaudia \u017by\u0142ka\"},\"description\":\"Instagram, dogs, books and food lover. Former student at Warsaw University and Malm\u00f6 University. Improving her marketing skills every day. Proud owner of DIMAQ certificate\",\"sameAs\":[\"https:\/\/www.linkedin.com\/in\/klaudia-\u017cy\u0142ka-17527779\"],\"url\":\"https:\/\/www.sotrender.com\/blog\/pl\/author\/klaudia_yka\/\"}]}<\/script>\n<!-- \/ Yoast SEO plugin. -->","yoast_head_json":{"title":"Instagram Trends Maj 2025 \u2013 fina\u0142 jest ju\u017c znany","description":"W maju kobiety brylowa\u0142y na Instagramie \u2013 sukcesy Zoi Skubis, Justyny Steczkowskiej i Ewy Farny budzi\u0142y ogromne zaanga\u017cowanie na platformie.","robots":{"index":"index","follow":"follow","max-snippet":"max-snippet:-1","max-image-preview":"max-image-preview:large","max-video-preview":"max-video-preview:-1"},"canonical":"https:\/\/www.sotrender.com\/blog\/pl\/2025\/06\/instagram-trends-maj-2025-final-jest-juz-znany\/","og_locale":"pl_PL","og_type":"article","og_title":"Instagram Trends Maj 2025 \u2013 fina\u0142 jest ju\u017c znany","og_description":"W maju kobiety brylowa\u0142y na Instagramie \u2013 sukcesy Zoi Skubis, Justyny Steczkowskiej i Ewy Farny budzi\u0142y ogromne zaanga\u017cowanie na platformie.","og_url":"https:\/\/www.sotrender.com\/blog\/pl\/2025\/06\/instagram-trends-maj-2025-final-jest-juz-znany\/","og_site_name":"Sotrender Blog","article_publisher":"https:\/\/www.facebook.com\/Sotrender","article_published_time":"2025-06-09T07:18:16+00:00","article_modified_time":"2025-06-09T07:18:17+00:00","og_image":[{"width":1000,"height":667,"url":"https:\/\/www.sotrender.com\/blog\/wp-content\/uploads\/2025\/06\/eurowizja.jpg","type":"image\/jpeg"}],"author":"Klaudia \u017by\u0142ka","twitter_card":"summary_large_image","twitter_creator":"@Sotrender","twitter_site":"@Sotrender","twitter_misc":{"Written by":"Klaudia \u017by\u0142ka","Est. reading time":"4 minutes"},"schema":{"@context":"https:\/\/schema.org","@graph":[{"@type":"WebPage","@id":"https:\/\/www.sotrender.com\/blog\/pl\/2025\/06\/instagram-trends-maj-2025-final-jest-juz-znany\/","url":"https:\/\/www.sotrender.com\/blog\/pl\/2025\/06\/instagram-trends-maj-2025-final-jest-juz-znany\/","name":"Instagram Trends Maj 2025 \u2013 fina\u0142 jest ju\u017c znany","isPartOf":{"@id":"https:\/\/www.sotrender.com\/blog\/#website"},"primaryImageOfPage":{"@id":"https:\/\/www.sotrender.com\/blog\/pl\/2025\/06\/instagram-trends-maj-2025-final-jest-juz-znany\/#primaryimage"},"image":{"@id":"https:\/\/www.sotrender.com\/blog\/pl\/2025\/06\/instagram-trends-maj-2025-final-jest-juz-znany\/#primaryimage"},"thumbnailUrl":"https:\/\/www.sotrender.com\/blog\/wp-content\/uploads\/2025\/06\/eurowizja.jpg","datePublished":"2025-06-09T07:18:16+00:00","dateModified":"2025-06-09T07:18:17+00:00","author":{"@id":"https:\/\/www.sotrender.com\/blog\/#\/schema\/person\/038ac5e276c5d102d8cbb9c36cd43416"},"description":"W maju kobiety brylowa\u0142y na Instagramie \u2013 sukcesy Zoi Skubis, Justyny Steczkowskiej i Ewy Farny budzi\u0142y ogromne zaanga\u017cowanie na platformie.","breadcrumb":{"@id":"https:\/\/www.sotrender.com\/blog\/pl\/2025\/06\/instagram-trends-maj-2025-final-jest-juz-znany\/#breadcrumb"},"inLanguage":"pl-PL","potentialAction":[{"@type":"ReadAction","target":["https:\/\/www.sotrender.com\/blog\/pl\/2025\/06\/instagram-trends-maj-2025-final-jest-juz-znany\/"]}]},{"@type":"ImageObject","inLanguage":"pl-PL","@id":"https:\/\/www.sotrender.com\/blog\/pl\/2025\/06\/instagram-trends-maj-2025-final-jest-juz-znany\/#primaryimage","url":"https:\/\/www.sotrender.com\/blog\/wp-content\/uploads\/2025\/06\/eurowizja.jpg","contentUrl":"https:\/\/www.sotrender.com\/blog\/wp-content\/uploads\/2025\/06\/eurowizja.jpg","width":1000,"height":667},{"@type":"BreadcrumbList","@id":"https:\/\/www.sotrender.com\/blog\/pl\/2025\/06\/instagram-trends-maj-2025-final-jest-juz-znany\/#breadcrumb","itemListElement":[{"@type":"ListItem","position":1,"name":"Home","item":"https:\/\/www.sotrender.com\/blog\/"},{"@type":"ListItem","position":2,"name":"Instagram Trends Maj 2025 \u2013\u00a0fina\u0142 jest ju\u017c znany"}]},{"@type":"WebSite","@id":"https:\/\/www.sotrender.com\/blog\/#website","url":"https:\/\/www.sotrender.com\/blog\/","name":"Sotrender Blog","description":"","potentialAction":[{"@type":"SearchAction","target":{"@type":"EntryPoint","urlTemplate":"https:\/\/www.sotrender.com\/blog\/?s={search_term_string}"},"query-input":"required name=search_term_string"}],"inLanguage":"pl-PL"},{"@type":"Person","@id":"https:\/\/www.sotrender.com\/blog\/#\/schema\/person\/038ac5e276c5d102d8cbb9c36cd43416","name":"Klaudia \u017by\u0142ka","image":{"@type":"ImageObject","inLanguage":"pl-PL","@id":"https:\/\/www.sotrender.com\/blog\/#\/schema\/person\/image\/","url":"https:\/\/secure.gravatar.com\/avatar\/f55d5d49ce3c448e1ffde0ab078d84cd?s=96&d=mm&r=g","contentUrl":"https:\/\/secure.gravatar.com\/avatar\/f55d5d49ce3c448e1ffde0ab078d84cd?s=96&d=mm&r=g","caption":"Klaudia \u017by\u0142ka"},"description":"Instagram, dogs, books and food lover. Former student at Warsaw University and Malm\u00f6 University. Improving her marketing skills every day. Proud owner of DIMAQ certificate","sameAs":["https:\/\/www.linkedin.com\/in\/klaudia-\u017cy\u0142ka-17527779"],"url":"https:\/\/www.sotrender.com\/blog\/pl\/author\/klaudia_yka\/"}]}},"_links":{"self":[{"href":"https:\/\/www.sotrender.com\/blog\/pl\/wp-json\/wp\/v2\/posts\/55566"}],"collection":[{"href":"https:\/\/www.sotrender.com\/blog\/pl\/wp-json\/wp\/v2\/posts"}],"about":[{"href":"https:\/\/www.sotrender.com\/blog\/pl\/wp-json\/wp\/v2\/types\/post"}],"author":[{"embeddable":true,"href":"https:\/\/www.sotrender.com\/blog\/pl\/wp-json\/wp\/v2\/users\/89"}],"replies":[{"embeddable":true,"href":"https:\/\/www.sotrender.com\/blog\/pl\/wp-json\/wp\/v2\/comments?post=55566"}],"version-history":[{"count":7,"href":"https:\/\/www.sotrender.com\/blog\/pl\/wp-json\/wp\/v2\/posts\/55566\/revisions"}],"predecessor-version":[{"id":55596,"href":"https:\/\/www.sotrender.com\/blog\/pl\/wp-json\/wp\/v2\/posts\/55566\/revisions\/55596"}],"wp:featuredmedia":[{"embeddable":true,"href":"https:\/\/www.sotrender.com\/blog\/pl\/wp-json\/wp\/v2\/media\/55568"}],"wp:attachment":[{"href":"https:\/\/www.sotrender.com\/blog\/pl\/wp-json\/wp\/v2\/media?parent=55566"}],"wp:term":[{"taxonomy":"category","embeddable":true,"href":"https:\/\/www.sotrender.com\/blog\/pl\/wp-json\/wp\/v2\/categories?post=55566"},{"taxonomy":"post_tag","embeddable":true,"href":"https:\/\/www.sotrender.com\/blog\/pl\/wp-json\/wp\/v2\/tags?post=55566"}],"curies":[{"name":"wp","href":"https:\/\/api.w.org\/{rel}","templated":true}]}}