{"id":55467,"date":"2025-05-30T11:34:55","date_gmt":"2025-05-30T09:34:55","guid":{"rendered":"https:\/\/www.sotrender.com\/blog\/?p=55467"},"modified":"2025-05-30T11:34:56","modified_gmt":"2025-05-30T09:34:56","slug":"przewoznicy-kolejowi-w-social-media","status":"publish","type":"post","link":"https:\/\/www.sotrender.com\/blog\/pl\/2025\/05\/przewoznicy-kolejowi-w-social-media\/","title":{"rendered":"Przewo\u017anicy kolejowi w social media \u2013 PKP Intercity liderem ranking\u00f3w"},"content":{"rendered":"\n<p>Jak wygl\u0105da komunikacja i obecno\u015b\u0107 przewo\u017anik\u00f3w kolejowych w Polsce w mediach spo\u0142eczno\u015bciowych? Czy jest ona ciekawa i anga\u017cuj\u0105ca? Czy traktuj\u0105 social media wy\u0142\u0105cznie jak tablic\u0119 og\u0142osze\u0144, czy jednak tre\u015bci tam publikowane to co\u015b wi\u0119cej ni\u017c sztampowe informacje o taborze i inwestycjach?<\/p>\n\n\n\n<!--more-->\n\n\n\n<p>Postanowili\u015bmy sprawdzi\u0107 to wraz z <a href=\"https:\/\/zdgtor.pl\/\" target=\"_blank\" rel=\"noreferrer noopener\">Zespo\u0142em Doradc\u00f3w Gospodarczych TOR<\/a>.<\/p>\n\n\n\n<p>Przeanalizowali\u015bmy profile facebookowe i instagramowe 16 przewo\u017anik\u00f3w (ich lista znajduje si\u0119 na ko\u0144cu tekstu) i ich komunikacj\u0119 na przestrzeni 2024 roku. Z analizy wy\u0142\u0105czyli\u015bmy przewo\u017anik\u00f3w, kt\u00f3rzy nie prowadzili komunikacji w j\u0119zyku polskim.<\/p>\n\n\n\n<p>Premiera raportu odby\u0142a si\u0119 na <a href=\"https:\/\/www.tor-konferencje.pl\/wydarzenia\/xiv-kongres-inteligentnych-miast\" target=\"_blank\" rel=\"noreferrer noopener\">Kongresie Inteligentnych Miast<\/a> w Warszawie. Ca\u0142y raport <a href=\"https:\/\/zdgtor.pl\/publikacje\/przewoznicy-kolejowi-w-mediach-spolecznosciowych\/\" target=\"_blank\" rel=\"noreferrer noopener\">dost\u0119pny jest do pobrania na stronie TOR<\/a>.<\/p>\n\n\n\n<h3 class=\"wp-block-heading\">Najwa\u017cniejsze wnioski z analizy<\/h3>\n\n\n\n<ol>\n<li>Profile PKP Intercity by\u0142y najwi\u0119ksze zar\u00f3wno na Facebooku jak i na Instagramie.<\/li>\n\n\n\n<li>PKP Intercity, mimo osi\u0105gni\u0119cia najwi\u0119kszego zaanga\u017cowania na Facebooku, mia\u0142o najni\u017cszy wska\u017anik Sentiment Score, co \u015bwiadczy o wysokim odsetku negatywnych reakcji u\u017cytkownik\u00f3w na publikowane tre\u015bci.<\/li>\n\n\n\n<li>Koleje Dolno\u015bl\u0105skie, Koleje Mazowieckie i \u0141\u00f3dzka Kolej Aglomeracyjna znajdowa\u0142y si\u0119 w czo\u0142\u00f3wce wi\u0119kszo\u015bci ranking\u00f3w, co \u015bwiadczy o skuteczno\u015bci prowadzonych na nich dzia\u0142a\u0144.<\/li>\n\n\n\n<li>Najbardziej anga\u017cuj\u0105cymi tematami zar\u00f3wno na Facebooku jak i na Instagramie by\u0142y nowe po\u0142\u0105czenia i szybkie trasy, inwestycje w tabor i infrastruktur\u0119 oraz uznanie i wsparcie dla pracownik\u00f3w.<\/li>\n<\/ol>\n\n\n<div class=\"wp-block-image\">\n<figure class=\"aligncenter size-full is-resized\"><a href=\"https:\/\/zdgtor.pl\/publikacje\/przewoznicy-kolejowi-w-mediach-spolecznosciowych\/\" target=\"_blank\" rel=\"noreferrer noopener\"><img loading=\"lazy\" decoding=\"async\" width=\"994\" height=\"1156\" src=\"https:\/\/www.sotrender.com\/blog\/wp-content\/uploads\/2025\/05\/TOR-raport.png\" alt=\"\" class=\"wp-image-55469\" style=\"width:523px;height:auto\" srcset=\"https:\/\/www.sotrender.com\/blog\/wp-content\/uploads\/2025\/05\/TOR-raport.png 994w, https:\/\/www.sotrender.com\/blog\/wp-content\/uploads\/2025\/05\/TOR-raport-475x552.png 475w, https:\/\/www.sotrender.com\/blog\/wp-content\/uploads\/2025\/05\/TOR-raport-768x893.png 768w\" sizes=\"(max-width: 994px) 100vw, 994px\" \/><\/a><\/figure><\/div>\n\n\n<h2 class=\"wp-block-heading\">Najwi\u0119ksze profile przewo\u017anik\u00f3w kolejowych w social media<\/h2>\n\n\n\n<h3 class=\"wp-block-heading\">Facebook<\/h3>\n\n\n\n<p>Spo\u015br\u00f3d wszystkich przewo\u017anik\u00f3w kolejowych posiadaj\u0105cych stron\u0119 na Facebooku zdecydowanie najwi\u0119kszy profil, bez zaskoczenia, nale\u017ca\u0142 do PKP Intercity \u2013 uda\u0142o si\u0119 zgromadzi\u0107 na nim ponad 236 tys. fan\u00f3w.<\/p>\n\n\n\n<p>Pozostali przewo\u017anicy byli znacznie mniej popularni na tym kanale \u2013 po 50 tys. fan\u00f3w uda\u0142o si\u0119 zgromadzi\u0107 POLREGIO i Kolejom Dolno\u015bl\u0105skim.<\/p>\n\n\n\n<p>Na profilu Leo Express odnotowali\u015bmy 82 tys. fan\u00f3w, jednak jest to profil globalny, a liczba lokalnej liczby jego fan\u00f3w nie jest warto\u015bci\u0105 dost\u0119pn\u0105 publicznie.<\/p>\n\n\n\n<figure class=\"wp-block-image size-full\"><img loading=\"lazy\" decoding=\"async\" width=\"1999\" height=\"1000\" src=\"https:\/\/www.sotrender.com\/blog\/wp-content\/uploads\/2025\/05\/kolej-liczba-fanow-na-facebooku.png\" alt=\"przewo\u017anicy kolejowi - liczba fan\u00f3w na facebooku\" class=\"wp-image-55472\" srcset=\"https:\/\/www.sotrender.com\/blog\/wp-content\/uploads\/2025\/05\/kolej-liczba-fanow-na-facebooku.png 1999w, https:\/\/www.sotrender.com\/blog\/wp-content\/uploads\/2025\/05\/kolej-liczba-fanow-na-facebooku-475x238.png 475w, https:\/\/www.sotrender.com\/blog\/wp-content\/uploads\/2025\/05\/kolej-liczba-fanow-na-facebooku-768x384.png 768w, https:\/\/www.sotrender.com\/blog\/wp-content\/uploads\/2025\/05\/kolej-liczba-fanow-na-facebooku-1536x768.png 1536w\" sizes=\"(max-width: 1999px) 100vw, 1999px\" \/><\/figure>\n\n\n\n<h3 class=\"wp-block-heading\">Instagram<\/h3>\n\n\n\n<p>Na Instagramie, czo\u0142\u00f3wka zestawienia profili z najwi\u0119ksz\u0105 liczb\u0105 obserwuj\u0105cych wygl\u0105da\u0142a identycznie jak na Facebooku. PKP Intercity ponownie utrzyma\u0142o du\u017c\u0105, niemal czterokrotn\u0105, przewag\u0119 nad konkurencj\u0105.<\/p>\n\n\n\n<figure class=\"wp-block-image size-full\"><img loading=\"lazy\" decoding=\"async\" width=\"1999\" height=\"1000\" src=\"https:\/\/www.sotrender.com\/blog\/wp-content\/uploads\/2025\/05\/kolej-liczba-obserwujacych-na-instagramie.png\" alt=\"przewo\u017anicy kolejowi - liczba obserwuj\u0105cych na instagramie\" class=\"wp-image-55474\" srcset=\"https:\/\/www.sotrender.com\/blog\/wp-content\/uploads\/2025\/05\/kolej-liczba-obserwujacych-na-instagramie.png 1999w, https:\/\/www.sotrender.com\/blog\/wp-content\/uploads\/2025\/05\/kolej-liczba-obserwujacych-na-instagramie-475x238.png 475w, https:\/\/www.sotrender.com\/blog\/wp-content\/uploads\/2025\/05\/kolej-liczba-obserwujacych-na-instagramie-768x384.png 768w, https:\/\/www.sotrender.com\/blog\/wp-content\/uploads\/2025\/05\/kolej-liczba-obserwujacych-na-instagramie-1536x768.png 1536w\" sizes=\"(max-width: 1999px) 100vw, 1999px\" \/><\/figure>\n\n\n\n<h2 class=\"wp-block-heading\">Aktywno\u015b\u0107 przewo\u017anik\u00f3w kolejowych w social media a zaanga\u017cowanie odbiorc\u00f3w<\/h2>\n\n\n\n<h3 class=\"wp-block-heading\">Facebook<\/h3>\n\n\n\n<p>Nie wszyscy przewo\u017anicy prowadzili komunikacj\u0119 w social media z tak\u0105 sam\u0105 intensywno\u015bci\u0105. Zdecydowanie najwi\u0119cej tre\u015bci opublikowano na profilu Kolei \u015al\u0105skich \u2013 684, co oznacza, \u017ce publikowano na nich \u015brednio niemal dwa posty dziennie.<\/p>\n\n\n\n<p>Na miejscu drugim i trzecim znalaz\u0142 si\u0119 odpowiednio profil Kolei Mazowieckich oraz \u0141\u00f3dzkiej Kolei Aglomeracyjnej, a tu\u017c poza podium \u2013 SKM. Na wszystkich z nich publikowano \u015brednio nieco ponad jeden post dziennie.<\/p>\n\n\n\n<figure class=\"wp-block-image size-full\"><img loading=\"lazy\" decoding=\"async\" width=\"1999\" height=\"1000\" src=\"https:\/\/www.sotrender.com\/blog\/wp-content\/uploads\/2025\/05\/kolej-aktywnosc-przewoznikow-na-facebooku.png\" alt=\"przewo\u017anicy kolejowi na facebooku - liczba opublikowanych post\u00f3w \" class=\"wp-image-55476\" srcset=\"https:\/\/www.sotrender.com\/blog\/wp-content\/uploads\/2025\/05\/kolej-aktywnosc-przewoznikow-na-facebooku.png 1999w, https:\/\/www.sotrender.com\/blog\/wp-content\/uploads\/2025\/05\/kolej-aktywnosc-przewoznikow-na-facebooku-475x238.png 475w, https:\/\/www.sotrender.com\/blog\/wp-content\/uploads\/2025\/05\/kolej-aktywnosc-przewoznikow-na-facebooku-768x384.png 768w, https:\/\/www.sotrender.com\/blog\/wp-content\/uploads\/2025\/05\/kolej-aktywnosc-przewoznikow-na-facebooku-1536x768.png 1536w\" sizes=\"(max-width: 1999px) 100vw, 1999px\" \/><\/figure>\n\n\n\n<p><\/p>\n\n\n\n<p>Czy cz\u0119sta publikacja tre\u015bci mia\u0142a bezpo\u015brednie prze\u0142o\u017cenie na zaanga\u017cowanie odbiorc\u00f3w? W tym przypadku cz\u0119\u015bciowo tak, cho\u0107 najwi\u0119ksze zaanga\u017cowanie odnotowali\u015bmy ponownie na profilu PKP Intercity, co prawdopodobnie wynika z popularno\u015bci tego przewo\u017anika i jego og\u00f3lnopolskiego charakteru dzia\u0142ania.<\/p>\n\n\n\n<p>Na podium znalaz\u0142y si\u0119 r\u00f3wnie\u017c Koleje Dolno\u015bl\u0105skie i Koleje Mazowieckie. Profil Kolei \u015al\u0105skich, na kt\u00f3rym opublikowano najwi\u0119cej tre\u015bci, znalaz\u0142y si\u0119 na do\u015b\u0107 dalekim, sz\u00f3stym, miejscu.<\/p>\n\n\n\n<figure class=\"wp-block-image size-full\"><img loading=\"lazy\" decoding=\"async\" width=\"1999\" height=\"1000\" src=\"https:\/\/www.sotrender.com\/blog\/wp-content\/uploads\/2025\/05\/kolej-facebook-zaangazowanie.png\" alt=\"przewo\u017anicy kolejowi na facebooku - zaanga\u017cowanie \" class=\"wp-image-55478\" srcset=\"https:\/\/www.sotrender.com\/blog\/wp-content\/uploads\/2025\/05\/kolej-facebook-zaangazowanie.png 1999w, https:\/\/www.sotrender.com\/blog\/wp-content\/uploads\/2025\/05\/kolej-facebook-zaangazowanie-475x238.png 475w, https:\/\/www.sotrender.com\/blog\/wp-content\/uploads\/2025\/05\/kolej-facebook-zaangazowanie-768x384.png 768w, https:\/\/www.sotrender.com\/blog\/wp-content\/uploads\/2025\/05\/kolej-facebook-zaangazowanie-1536x768.png 1536w\" sizes=\"(max-width: 1999px) 100vw, 1999px\" \/><\/figure>\n\n\n\n<p><\/p>\n\n\n\n<p>Czy jednak du\u017ce zaanga\u017cowanie to zawsze pow\u00f3d do dumy? Przyk\u0142ad PKP Intercity pokazuje, \u017ce niekoniecznie. Cho\u0107 przewo\u017anik ten by\u0142 liderem pod wzgl\u0119dem zaanga\u017cowania, uplasowa\u0142 si\u0119 na ostatnim miejscu pod wzgl\u0119dem wska\u017anika Sentiment Score, kt\u00f3ry informuje o tym, czy reakcje u\u017cytkownik\u00f3w na tre\u015bci s\u0105 pozytywne czy negatywne. Oznacza to wi\u0119c, \u017ce odbiorcy cz\u0119\u015bciej reagowali negatywnie ni\u017c pozytywnie na tre\u015bci na profilu PKP.<\/p>\n\n\n\n<p>Ciekawe jest jednak to, \u017ce wska\u017anik Sentiment Score dla niemal wszystkich przewo\u017anik\u00f3w waha\u0142 si\u0119 na podobnym poziomie \u2013 mi\u0119dzy 50 a 40, co oznacza, \u017ce ich tre\u015bci odbierane by\u0142y w bardzo podobny spos\u00f3b, b\u0119d\u0105cy miksem reakcji negatywnych i pozytywnych. Jedynie Leo Express osi\u0105gn\u0105\u0142 wynik 83, jednak na profilu tego przewo\u017anika w analizowanym okresie opublikowano zaledwie 4 posty.\u00a0<\/p>\n\n\n\n<figure class=\"wp-block-image size-full\"><img loading=\"lazy\" decoding=\"async\" width=\"1999\" height=\"1000\" src=\"https:\/\/www.sotrender.com\/blog\/wp-content\/uploads\/2025\/05\/kolej-odbior-postow-na-facebooku.png\" alt=\"przewo\u017anicy kolejowi na facebooku - odbi\u00f3r post\u00f3w, sentiment score\" class=\"wp-image-55480\" srcset=\"https:\/\/www.sotrender.com\/blog\/wp-content\/uploads\/2025\/05\/kolej-odbior-postow-na-facebooku.png 1999w, https:\/\/www.sotrender.com\/blog\/wp-content\/uploads\/2025\/05\/kolej-odbior-postow-na-facebooku-475x238.png 475w, https:\/\/www.sotrender.com\/blog\/wp-content\/uploads\/2025\/05\/kolej-odbior-postow-na-facebooku-768x384.png 768w, https:\/\/www.sotrender.com\/blog\/wp-content\/uploads\/2025\/05\/kolej-odbior-postow-na-facebooku-1536x768.png 1536w\" sizes=\"(max-width: 1999px) 100vw, 1999px\" \/><\/figure>\n\n\n\n<h3 class=\"wp-block-heading\">Instagram<\/h3>\n\n\n\n<p>Z kolei na Instagramie najwi\u0119cej post\u00f3w opublikowano na profilu warszawskiej SKMki \u2013 niemal 500 w ci\u0105gu roku. Na drugim i trzecim miejscu znalaz\u0142 si\u0119 odpowiednio profil \u0141\u00f3dzkiej Kolei Aglomeracyjnej oraz Kolei Mazowieckich z liczb\u0105 ponad 400 post\u00f3w. PKP Intercity opublikowa\u0142o o oko\u0142o po\u0142ow\u0119 mniej post\u00f3w ni\u017c liderzy w tym rankingu (231), co \u015bwiadczy o tym, \u017ce ich strategia jest bardziej skupiona na obecno\u015bci na Facebooku.<\/p>\n\n\n\n<figure class=\"wp-block-image size-full\"><img loading=\"lazy\" decoding=\"async\" width=\"1999\" height=\"1000\" src=\"https:\/\/www.sotrender.com\/blog\/wp-content\/uploads\/2025\/05\/kolej-aktywnosc-przewoznikow-na-instagramie.png\" alt=\"przewo\u017anicy kolejowi na instagramie - liczba opublikowanych post\u00f3w \" class=\"wp-image-55483\" srcset=\"https:\/\/www.sotrender.com\/blog\/wp-content\/uploads\/2025\/05\/kolej-aktywnosc-przewoznikow-na-instagramie.png 1999w, https:\/\/www.sotrender.com\/blog\/wp-content\/uploads\/2025\/05\/kolej-aktywnosc-przewoznikow-na-instagramie-475x238.png 475w, https:\/\/www.sotrender.com\/blog\/wp-content\/uploads\/2025\/05\/kolej-aktywnosc-przewoznikow-na-instagramie-768x384.png 768w, https:\/\/www.sotrender.com\/blog\/wp-content\/uploads\/2025\/05\/kolej-aktywnosc-przewoznikow-na-instagramie-1536x768.png 1536w\" sizes=\"(max-width: 1999px) 100vw, 1999px\" \/><\/figure>\n\n\n\n<p><\/p>\n\n\n\n<p>Jednak pod wzgl\u0119dem zaanga\u017cowania ponownie wygra\u0142o PKP Intercity, ze wska\u017anikiem <a href=\"https:\/\/www.sotrender.com\/blog\/pl\/faq\/co-to-jest-activity-index\/\" target=\"_blank\" rel=\"noreferrer noopener\">Activity Index<\/a>, b\u0119d\u0105cym miar\u0105 zaanga\u017cowania, na poziomie 140 tys. Na pozosta\u0142ych miejscach podium utrzyma\u0142a si\u0119 \u0141\u00f3dzka Kolei Aglomeracyjna i Koleje Mazowieckie.<\/p>\n\n\n\n<p>Podobnie jak by\u0142o w przypadku Facebooka, lider pod wzgl\u0119dem liczby publikacji na Instagramie \u2013 SKM \u2013 r\u00f3wnie\u017c na Instagramie znalaz\u0142 si\u0119 na sz\u00f3stym miejscu w rankingu zaanga\u017cowania.<\/p>\n\n\n\n<figure class=\"wp-block-image size-full\"><img loading=\"lazy\" decoding=\"async\" width=\"1999\" height=\"1000\" src=\"https:\/\/www.sotrender.com\/blog\/wp-content\/uploads\/2025\/05\/kolej-instagram-zaangazowanie.png\" alt=\"przewo\u017anicy kolejowi na instagramie - zaanga\u017cowanie \" class=\"wp-image-55485\" srcset=\"https:\/\/www.sotrender.com\/blog\/wp-content\/uploads\/2025\/05\/kolej-instagram-zaangazowanie.png 1999w, https:\/\/www.sotrender.com\/blog\/wp-content\/uploads\/2025\/05\/kolej-instagram-zaangazowanie-475x238.png 475w, https:\/\/www.sotrender.com\/blog\/wp-content\/uploads\/2025\/05\/kolej-instagram-zaangazowanie-768x384.png 768w, https:\/\/www.sotrender.com\/blog\/wp-content\/uploads\/2025\/05\/kolej-instagram-zaangazowanie-1536x768.png 1536w\" sizes=\"(max-width: 1999px) 100vw, 1999px\" \/><\/figure>\n\n\n\n<h2 class=\"wp-block-heading\">Najpopularniejsze tematy na profilach przewo\u017anik\u00f3w kolejowych<\/h2>\n\n\n\n<p>Postanowili\u015bmy r\u00f3wnie\u017c przyjrze\u0107 si\u0119, jakie tematy najcz\u0119\u015bciej przewija\u0142y si\u0119 w komunikacji na profilach przewo\u017anik\u00f3w kolejowych i jakie poszczeg\u00f3lne z nich budzi\u0142y zaanga\u017cowanie.<\/p>\n\n\n\n<h3 class=\"wp-block-heading\">Facebook<\/h3>\n\n\n\n<p>Na Facebooku zdecydowanie najwi\u0119cej tre\u015bci dotyczy\u0142o podr\u00f3\u017cy tematycznych i sezonowych (niemal 800 post\u00f3w), a ponad 100 post\u00f3w mniej dotyczy\u0142o wydarze\u0144 okoliczno\u015bciowych. Bardzo du\u017co tre\u015bci w tej tematyce publikowano na profilach regionalnych przewo\u017anik\u00f3w: Kolei \u015al\u0105skich, Kolei Dolno\u015bl\u0105skich i \u0141\u00f3dzkiej Kolei Aglomeracyjnej.<\/p>\n\n\n\n<p>Ponad po\u0142ow\u0119 mniej (po 300) post\u00f3w przewo\u017anicy publikowali w temacie zar\u00f3wno nowych po\u0142\u0105cze\u0144, jak i inwestycji, czyli w tematyce stricte produktowej.<\/p>\n\n\n\n<figure class=\"wp-block-image size-full\"><img loading=\"lazy\" decoding=\"async\" width=\"1999\" height=\"1000\" src=\"https:\/\/www.sotrender.com\/blog\/wp-content\/uploads\/2025\/05\/kolej-facebook-najpopularniejsze-tematy.png\" alt=\"najpopularniejsze tematy na profilach przewo\u017anik\u00f3w kolejowych na facebooku\" class=\"wp-image-55492\" srcset=\"https:\/\/www.sotrender.com\/blog\/wp-content\/uploads\/2025\/05\/kolej-facebook-najpopularniejsze-tematy.png 1999w, https:\/\/www.sotrender.com\/blog\/wp-content\/uploads\/2025\/05\/kolej-facebook-najpopularniejsze-tematy-475x238.png 475w, https:\/\/www.sotrender.com\/blog\/wp-content\/uploads\/2025\/05\/kolej-facebook-najpopularniejsze-tematy-768x384.png 768w, https:\/\/www.sotrender.com\/blog\/wp-content\/uploads\/2025\/05\/kolej-facebook-najpopularniejsze-tematy-1536x768.png 1536w\" sizes=\"(max-width: 1999px) 100vw, 1999px\" \/><\/figure>\n\n\n\n<p><\/p>\n\n\n\n<p>Jednak to w\u0142a\u015bnie nowe po\u0142\u0105czenia najbardziej anga\u017cowa\u0142y odbiorc\u00f3w na Facebooku \u2013 w ko\u0144cu ka\u017cdemu zale\u017cy na jak najszybszym i komfortowym dotarciu do celu. Podr\u00f3\u017ce tematyczne i wydarzenia okoliczno\u015bciowe mia\u0142y \u015brednio niemal dwukrotnie mniejsze zaanga\u017cowanie, nie by\u0142y to wi\u0119cej a\u017c tak wa\u017cne tre\u015bci dla odbiorc\u00f3w.<\/p>\n\n\n\n<figure class=\"wp-block-image size-full\"><img loading=\"lazy\" decoding=\"async\" width=\"1999\" height=\"1000\" src=\"https:\/\/www.sotrender.com\/blog\/wp-content\/uploads\/2025\/05\/kolej-najbardziej-angazujace-tematy-na-facebooku.png\" alt=\"najbardziej anga\u017cuj\u0105ce tematy na profilach na facebooku przewo\u017anik\u00f3w kolejowych\" class=\"wp-image-55494\" srcset=\"https:\/\/www.sotrender.com\/blog\/wp-content\/uploads\/2025\/05\/kolej-najbardziej-angazujace-tematy-na-facebooku.png 1999w, https:\/\/www.sotrender.com\/blog\/wp-content\/uploads\/2025\/05\/kolej-najbardziej-angazujace-tematy-na-facebooku-475x238.png 475w, https:\/\/www.sotrender.com\/blog\/wp-content\/uploads\/2025\/05\/kolej-najbardziej-angazujace-tematy-na-facebooku-768x384.png 768w, https:\/\/www.sotrender.com\/blog\/wp-content\/uploads\/2025\/05\/kolej-najbardziej-angazujace-tematy-na-facebooku-1536x768.png 1536w\" sizes=\"(max-width: 1999px) 100vw, 1999px\" \/><\/figure>\n\n\n\n<p><\/p>\n\n\n\n<p>Przyk\u0142ad anga\u017cuj\u0105cej tre\u015bci w temacie nowych po\u0142\u0105cze\u0144:<\/p>\n\n\n\n<iframe loading=\"lazy\" src=\"https:\/\/www.facebook.com\/plugins\/post.php?href=https%3A%2F%2Fwww.facebook.com%2FPKP.Intercity%2Fposts%2Fpfbid0RYuWxNMn7uJzLG1AhGHMuVmUSkDnN2VZ5T8Ws82UpAiK8BgnAQQAyoUMiD9zvTrZl&#038;show_text=true&#038;width=500\" width=\"500\" height=\"698\" style=\"border:none;overflow:hidden\" scrolling=\"no\" frameborder=\"0\" allowfullscreen=\"true\" allow=\"autoplay; clipboard-write; encrypted-media; picture-in-picture; web-share\"><\/iframe>\n\n\n\n<p><\/p>\n\n\n\n<p>Du\u017ce zaanga\u017cowanie pod tre\u015bciami zwi\u0105zanymi z nowymi po\u0142\u0105czeniami cz\u0119sto nie wi\u0105za\u0142o si\u0119 z pozytywnymi reakcjami. Wska\u017anik Sentiment Score dla tych tre\u015bci wyni\u00f3s\u0142 bowiem zaledwie 40, podobnie jak dla post\u00f3w dotycz\u0105cych inwestycji czy ekologii, oznacza to wi\u0119c, \u017ce generowa\u0142y one wi\u0119cej komentarzy negatywnych ni\u017c pozytywnych.<\/p>\n\n\n\n<p>Najcieplej przyjmowane by\u0142y tre\u015bci ukazuj\u0105ce pracownik\u00f3w kolei, b\u0119d\u0105ce s\u0142owami uznania i wsparcia dla nich (Sentiment Score na poziomie 61).<\/p>\n\n\n\n<figure class=\"wp-block-image size-full\"><img loading=\"lazy\" decoding=\"async\" width=\"1999\" height=\"1000\" src=\"https:\/\/www.sotrender.com\/blog\/wp-content\/uploads\/2025\/05\/kolej-facebook-odbior-tematow.png\" alt=\"przewo\u017anicy kolejowi na facebooku - odbi\u00f3r temat\u00f3w \" class=\"wp-image-55496\" srcset=\"https:\/\/www.sotrender.com\/blog\/wp-content\/uploads\/2025\/05\/kolej-facebook-odbior-tematow.png 1999w, https:\/\/www.sotrender.com\/blog\/wp-content\/uploads\/2025\/05\/kolej-facebook-odbior-tematow-475x238.png 475w, https:\/\/www.sotrender.com\/blog\/wp-content\/uploads\/2025\/05\/kolej-facebook-odbior-tematow-768x384.png 768w, https:\/\/www.sotrender.com\/blog\/wp-content\/uploads\/2025\/05\/kolej-facebook-odbior-tematow-1536x768.png 1536w\" sizes=\"(max-width: 1999px) 100vw, 1999px\" \/><\/figure>\n\n\n\n<p><\/p>\n\n\n\n<p>Przyk\u0142ad anga\u017cuj\u0105cej tre\u015bci w temacie uznania i wsparcia dla pracownik\u00f3w:<\/p>\n\n\n\n<iframe loading=\"lazy\" src=\"https:\/\/www.facebook.com\/plugins\/post.php?href=https%3A%2F%2Fwww.facebook.com%2FSzybkaKolejMiejska%2Fposts%2Fpfbid02hVNNMxvwB8TW3izFCMoUYAUi784sZaMHfgiXxr3JeiMHFUuYuLpWNaG1q4CUU1PHl&#038;show_text=true&#038;width=500\" width=\"500\" height=\"554\" style=\"border:none;overflow:hidden\" scrolling=\"no\" frameborder=\"0\" allowfullscreen=\"true\" allow=\"autoplay; clipboard-write; encrypted-media; picture-in-picture; web-share\"><\/iframe>\n\n\n\n<p><\/p>\n\n\n\n<h3 class=\"wp-block-heading\">Instagram<\/h3>\n\n\n\n<p>Z naszej analizy wynika, \u017ce bardzo podobnie wygl\u0105da\u0142y strategie komunikacyjne przewo\u017anik\u00f3w na Facebooku i Instagramie. Na Instagramie ponownie najwi\u0119cej post\u00f3w dotyczy\u0142o podr\u00f3\u017cy tematycznych i wydarze\u0144 okoliczno\u015bciowych.<\/p>\n\n\n\n<figure class=\"wp-block-image size-full\"><img loading=\"lazy\" decoding=\"async\" width=\"1999\" height=\"1000\" src=\"https:\/\/www.sotrender.com\/blog\/wp-content\/uploads\/2025\/05\/kolej-instagram-najpopularniejsze-tematy.png\" alt=\"najpopularniejsze tematy na profilach przewo\u017anik\u00f3w kolejowych na instagramie\" class=\"wp-image-55498\" srcset=\"https:\/\/www.sotrender.com\/blog\/wp-content\/uploads\/2025\/05\/kolej-instagram-najpopularniejsze-tematy.png 1999w, https:\/\/www.sotrender.com\/blog\/wp-content\/uploads\/2025\/05\/kolej-instagram-najpopularniejsze-tematy-475x238.png 475w, https:\/\/www.sotrender.com\/blog\/wp-content\/uploads\/2025\/05\/kolej-instagram-najpopularniejsze-tematy-768x384.png 768w, https:\/\/www.sotrender.com\/blog\/wp-content\/uploads\/2025\/05\/kolej-instagram-najpopularniejsze-tematy-1536x768.png 1536w\" sizes=\"(max-width: 1999px) 100vw, 1999px\" \/><\/figure>\n\n\n\n<p><\/p>\n\n\n\n<p>Jednak najbardziej anga\u017cuj\u0105ce by\u0142y posty dotycz\u0105ce inwestycji oraz uznania dla pracownik\u00f3w kolei, czyli do\u015b\u0107 podobnie jak by\u0142o na Facebooku. To daje jasny sygna\u0142, w jakie linie komunikacyjne warto inwestowa\u0107 na profilach przewo\u017anik\u00f3w, prawdopodobnie nie tylko kolejowych, by anga\u017cowa\u0107 odbiorc\u00f3w w prowadzon\u0105 komunikacj\u0119.<\/p>\n\n\n\n<figure class=\"wp-block-image size-full\"><img loading=\"lazy\" decoding=\"async\" width=\"1999\" height=\"1000\" src=\"https:\/\/www.sotrender.com\/blog\/wp-content\/uploads\/2025\/05\/kolej-najbardziej-angazujace-tematy-na-instagramie.png\" alt=\"najbardziej anga\u017cuj\u0105ce tematy na profilach na instagramie przewo\u017anik\u00f3w kolejowych\" class=\"wp-image-55500\" srcset=\"https:\/\/www.sotrender.com\/blog\/wp-content\/uploads\/2025\/05\/kolej-najbardziej-angazujace-tematy-na-instagramie.png 1999w, https:\/\/www.sotrender.com\/blog\/wp-content\/uploads\/2025\/05\/kolej-najbardziej-angazujace-tematy-na-instagramie-475x238.png 475w, https:\/\/www.sotrender.com\/blog\/wp-content\/uploads\/2025\/05\/kolej-najbardziej-angazujace-tematy-na-instagramie-768x384.png 768w, https:\/\/www.sotrender.com\/blog\/wp-content\/uploads\/2025\/05\/kolej-najbardziej-angazujace-tematy-na-instagramie-1536x768.png 1536w\" sizes=\"(max-width: 1999px) 100vw, 1999px\" \/><\/figure>\n\n\n\n<p><\/p>\n\n\n\n<p>Podsumowuj\u0105c, tematami o najwy\u017cszym zaanga\u017cowaniu zar\u00f3wno by\u0142y:<\/p>\n\n\n\n<ul>\n<li>Na Facebooku:\n<ul>\n<li><strong>Nowe po\u0142\u0105czenia i szybkie trasy<\/strong> \u2013 stosunkowo rzadko publikowane, ale z najwy\u017cszym zaanga\u017cowaniem<\/li>\n<\/ul>\n<\/li>\n\n\n\n<li>Na Instagramie:\n<ul>\n<li><strong>Inwestycje w tabor i infrastruktur\u0119<\/strong> \u2013 z najwy\u017cszym \u015brednim zaanga\u017cowaniem na platformie.<\/li>\n<\/ul>\n<\/li>\n\n\n\n<li>Na obu platformach:\n<ul>\n<li><strong>Uznanie i wsparcie dla pracownik\u00f3w<\/strong> \u2013 wysokie zaanga\u017cowanie i pozytywny odbi\u00f3r zar\u00f3wno na Facebooku jak i na Instagramie potwierdzaj\u0105 uniwersalno\u015b\u0107 tego tematu<\/li>\n<\/ul>\n<\/li>\n<\/ul>\n\n\n\n<p>Z kolei tematami o \u015brednim poziomie zaanga\u017cowania na obu platformach by\u0142y:<\/p>\n\n\n\n<ul>\n<li><strong>Wydarzenia okoliczno\u015bciowe i historyczne<\/strong> oraz <strong>wdra\u017canie technologii i nowinek cyfrowych<\/strong><\/li>\n<\/ul>\n\n\n\n<p>Tematami z ni\u017cszym zaanga\u017cowaniem by\u0142y za\u015b na obu platformach:<\/p>\n\n\n\n<ul>\n<li><strong>Ekologia i zr\u00f3wnowa\u017cony transport <\/strong>\u2013 niskie zaanga\u017cowanie i ch\u0142odny odbi\u00f3r (niski sentyment)<\/li>\n\n\n\n<li><strong>Promocje i oferty specjalne<\/strong> \u2013 cz\u0119sto publikowane, ale niezbyt anga\u017cuj\u0105ce<\/li>\n<\/ul>\n\n\n<div class=\"wp-block-image\">\n<figure class=\"aligncenter size-full is-resized\"><img loading=\"lazy\" decoding=\"async\" width=\"1999\" height=\"1999\" src=\"https:\/\/www.sotrender.com\/blog\/wp-content\/uploads\/2025\/05\/przewoznicy-kolejowi-w-social-media-tematy-a-sentiment-score.png\" alt=\"przewo\u017anicy kolejowi w social media - tematy a odbi\u00f3r tre\u015bci\" class=\"wp-image-55502\" style=\"width:632px;height:auto\" srcset=\"https:\/\/www.sotrender.com\/blog\/wp-content\/uploads\/2025\/05\/przewoznicy-kolejowi-w-social-media-tematy-a-sentiment-score.png 1999w, https:\/\/www.sotrender.com\/blog\/wp-content\/uploads\/2025\/05\/przewoznicy-kolejowi-w-social-media-tematy-a-sentiment-score-475x475.png 475w, https:\/\/www.sotrender.com\/blog\/wp-content\/uploads\/2025\/05\/przewoznicy-kolejowi-w-social-media-tematy-a-sentiment-score-768x768.png 768w, https:\/\/www.sotrender.com\/blog\/wp-content\/uploads\/2025\/05\/przewoznicy-kolejowi-w-social-media-tematy-a-sentiment-score-1536x1536.png 1536w\" sizes=\"(max-width: 1999px) 100vw, 1999px\" \/><\/figure><\/div>\n\n\n<h2 class=\"wp-block-heading\">Przewo\u017anicy kolejowi w social media \u2013 podsumowanie i rekomendacje<\/h2>\n\n\n\n<p>Cho\u0107 liderem wi\u0119kszo\u015bci ranking\u00f3w by\u0142o PKP Intercity, co w du\u017cym stopniu wynika z jego og\u00f3lnopolskiego charakteru dzia\u0142ania, kilku innych przewo\u017anik\u00f3w r\u00f3wnie\u017c bardzo dobrze radzi\u0142o sobie w przestrzeni social mediowej.<\/p>\n\n\n\n<p>Warto podkre\u015bli\u0107 r\u00f3\u017cnorodno\u015b\u0107 i intensywno\u015b\u0107 komunikacji na profilach przewo\u017anik\u00f3w, a tak\u017ce profesjonalne podej\u015bcie do ich prowadzenia. W wi\u0119kszo\u015bci przypadk\u00f3w, szczeg\u00f3lnie najwi\u0119kszych przewo\u017anik\u00f3w, media spo\u0142eczno\u015bciowe s\u0105 jednak wci\u0105\u017c prowadzone w spos\u00f3b do\u015b\u0107 zachowawczy. By skuteczniej dociera\u0107 szczeg\u00f3lnie do m\u0142odszych odbiorc\u00f3w, anga\u017cowa\u0107 ich i zainteresowa\u0107 swoj\u0105 ofert\u0105 potrzebne s\u0105 bardziej nowoczesne formaty i bardziej atrakcyjne tre\u015bci.<\/p>\n\n\n\n<p>Nie dziwi\u0105 dobre wyniki PKP Intercity, kt\u00f3re s\u0105 w du\u017cym stopniu wynikiem wspomnianego zasi\u0119gu dzia\u0142ania, ale i bud\u017cetu. Jednak wbrew pozorom to mniejsi, regionalni przewo\u017anicy mog\u0105 proponowa\u0107 i ustanawia\u0107 nowe standardy i zacz\u0105\u0107 kreowa\u0107 rynek w nowy spos\u00f3b. By\u0107 mo\u017ce to \u0141\u00f3dzka Kolej Aglomeracyjna, kt\u00f3rej profile wysoko uplasowa\u0142y si\u0119 w kilku rankingach, p\u00f3jdzie w \u015blady <a href=\"https:\/\/www.sotrender.com\/blog\/pl\/2024\/11\/analiza-miasta-2024\/\" target=\"_blank\" rel=\"noreferrer noopener\">samorz\u0105dowych profili miasta \u0141\u00f3d\u017a, kt\u00f3re s\u0105 liderami w\u015br\u00f3d innych polskich miast<\/a>?<\/p>\n\n\n\n<p>Poza regularn\u0105 komunikacj\u0105 z odbiorcami za po\u015brednictwem medi\u00f3w spo\u0142eczno\u015bciowych, warto r\u00f3wnie\u017c pami\u0119ta\u0107 o analizie prowadzonych dzia\u0142a\u0144, do czego z powodzeniem przyda si\u0119 <a href=\"https:\/\/www.sotrender.com\/pl\/\" target=\"_blank\" rel=\"noreferrer noopener\">Sotrender<\/a>. B\u0119dzie on pomocny chocia\u017cby do zrozumienia, kt\u00f3re tre\u015bci i kt\u00f3re linie komunikacyjne s\u0105 najbardziej skuteczne pod wzgl\u0119dem budowania zasi\u0119g\u00f3w i zaanga\u017cowania odbiorc\u00f3w.<\/p>\n\n\n<style>\n    .cta-image-container {\n        background-image: url('https:\/\/www.sotrender.com\/blog\/wp-content\/uploads\/2024\/07\/Frame-1000001352.png');\n        background-size: contain;\n        background-position: left 300px top 100px;\n        background-repeat: no-repeat;\n}\n\n<\/style>    \n<div id=\"wp-block-cta-buttons-three-points-and-image\" class=\"wp-block-cta-buttons-three-points-and-image\">\n\n    <div class=\"content\">\n        <div class=\"header\">Analizuj, co dzia\u0142a w social media<\/div>\n\n        <ul class=\"list\">\n            <li>Przetestuj przed 7 dni za darmo<\/li>\n            <li>Poznaj wszystkie funkcje narz\u0119dzia<\/li>\n            <li>Przeanalizuj dzia\u0142ania konkurencji<\/li>\n        <\/ul>\n                    <a class=\"btn\" href=\"https:\/\/app.sotrender.com\/auth\/signup\/trial\/pl?utm_source=blog-cta\">\n                <div class=\"btn_content\">\n                    Wypr\u00f3buj ju\u017c dzi\u015b                <\/div>\n            <\/a>\n        \n    <\/div>\n\n    <img decoding=\"async\" class=\"image\" src=\"https:\/\/www.sotrender.com\/blog\/wp-content\/uploads\/2024\/07\/Frame-1000001352.png\"\/>\n    \n\n   \n   \n<\/div>\n\n\n\n<h3 class=\"wp-block-heading\">Lista analizowanych przewo\u017anik\u00f3w kolejowych:<\/h3>\n\n\n\n<ul>\n<li>Arriva RP<\/li>\n\n\n\n<li>Koleje Dolno\u015bl\u0105skie<\/li>\n\n\n\n<li>Koleje Ma\u0142opolskie<\/li>\n\n\n\n<li>Koleje Mazowieckie<\/li>\n\n\n\n<li>Koleje \u015al\u0105skie<\/li>\n\n\n\n<li>Koleje Wielkopolskie<\/li>\n\n\n\n<li>Leo Express<\/li>\n\n\n\n<li>\u0141\u00f3dzka Kolej Aglomeracyjna<\/li>\n\n\n\n<li>PKP Intercity<\/li>\n\n\n\n<li>PKP Szybka Kolej Miejska w Tr\u00f3jmie\u015bcie<\/li>\n\n\n\n<li>Polregio<\/li>\n\n\n\n<li>RegioJet<\/li>\n\n\n\n<li>SKPL<\/li>\n\n\n\n<li>Szybka Kolej Miejska w Warszawie<\/li>\n\n\n\n<li>Usedomer B\u00e4derbahn GmbH<\/li>\n\n\n\n<li>Warszawska Kolej Dojazdowa<\/li>\n<\/ul>\n\n\n\n<p>RegioJet i Usedomer B\u00e4derbahn GmbH nie prowadz\u0105 polskoj\u0119zycznych profili na wspomnianych platformach.<\/p>\n\n\n\n<p>Leo Express nie prowadzi polskoj\u0119zycznego profilu na Instagramie, a jego profil na Facebooku jest profilem globalnym, kt\u00f3ry posiada wariant polskoj\u0119zyczny.<\/p>\n\n\n\n<p>Warszawska Kolej Dojazdowa nie prowadzi profilu na Instagramie.<\/p>\n","protected":false},"excerpt":{"rendered":"<p>Jak wygl\u0105da komunikacja i obecno\u015b\u0107 przewo\u017anik\u00f3w kolejowych w Polsce w mediach spo\u0142eczno\u015bciowych? Czy jest ona ciekawa i anga\u017cuj\u0105ca? Czy traktuj\u0105 social media wy\u0142\u0105cznie jak tablic\u0119 og\u0142osze\u0144, czy jednak tre\u015bci tam publikowane to co\u015b wi\u0119cej ni\u017c sztampowe informacje o taborze i inwestycjach?<\/p>\n","protected":false},"author":89,"featured_media":55511,"comment_status":"closed","ping_status":"open","sticky":false,"template":"","format":"standard","meta":{"inline_featured_image":false,"footnotes":""},"categories":[1791,1793,2275],"tags":[2463,2943],"yoast_head":"<!-- This site is optimized with the Yoast SEO plugin v22.4 - https:\/\/yoast.com\/wordpress\/plugins\/seo\/ -->\n<title>Przewo\u017anicy kolejowi w social media \u2013 PKP Intercity liderem<\/title>\n<meta name=\"description\" content=\"Jak wygl\u0105da komunikacja i obecno\u015b\u0107 przewo\u017anik\u00f3w kolejowych w Polsce w mediach spo\u0142eczno\u015bciowych? Sprawdzili\u015bmy to w naszej analizie.\" \/>\n<meta name=\"robots\" content=\"index, follow, max-snippet:-1, max-image-preview:large, max-video-preview:-1\" \/>\n<link rel=\"canonical\" href=\"https:\/\/www.sotrender.com\/blog\/pl\/2025\/05\/przewoznicy-kolejowi-w-social-media\/\" \/>\n<meta property=\"og:locale\" content=\"pl_PL\" \/>\n<meta property=\"og:type\" content=\"article\" \/>\n<meta property=\"og:title\" content=\"Przewo\u017anicy kolejowi w social media \u2013 PKP Intercity liderem\" \/>\n<meta property=\"og:description\" content=\"Jak wygl\u0105da komunikacja i obecno\u015b\u0107 przewo\u017anik\u00f3w kolejowych w Polsce w mediach spo\u0142eczno\u015bciowych? Sprawdzili\u015bmy to w naszej analizie.\" \/>\n<meta property=\"og:url\" content=\"https:\/\/www.sotrender.com\/blog\/pl\/2025\/05\/przewoznicy-kolejowi-w-social-media\/\" \/>\n<meta property=\"og:site_name\" content=\"Sotrender Blog\" \/>\n<meta property=\"article:publisher\" content=\"https:\/\/www.facebook.com\/Sotrender\" \/>\n<meta property=\"article:published_time\" content=\"2025-05-30T09:34:55+00:00\" \/>\n<meta property=\"article:modified_time\" content=\"2025-05-30T09:34:56+00:00\" \/>\n<meta property=\"og:image\" content=\"https:\/\/www.sotrender.com\/blog\/wp-content\/uploads\/2025\/05\/kolej.jpg\" \/>\n\t<meta property=\"og:image:width\" content=\"1280\" \/>\n\t<meta property=\"og:image:height\" content=\"1912\" \/>\n\t<meta property=\"og:image:type\" content=\"image\/jpeg\" \/>\n<meta name=\"author\" content=\"Klaudia \u017by\u0142ka\" \/>\n<meta name=\"twitter:card\" content=\"summary_large_image\" \/>\n<meta name=\"twitter:creator\" content=\"@Sotrender\" \/>\n<meta name=\"twitter:site\" content=\"@Sotrender\" \/>\n<meta name=\"twitter:label1\" content=\"Written by\" \/>\n\t<meta name=\"twitter:data1\" content=\"Klaudia \u017by\u0142ka\" \/>\n\t<meta name=\"twitter:label2\" content=\"Est. reading time\" \/>\n\t<meta name=\"twitter:data2\" content=\"9 minutes\" \/>\n<script type=\"application\/ld+json\" class=\"yoast-schema-graph\">{\"@context\":\"https:\/\/schema.org\",\"@graph\":[{\"@type\":\"WebPage\",\"@id\":\"https:\/\/www.sotrender.com\/blog\/pl\/2025\/05\/przewoznicy-kolejowi-w-social-media\/\",\"url\":\"https:\/\/www.sotrender.com\/blog\/pl\/2025\/05\/przewoznicy-kolejowi-w-social-media\/\",\"name\":\"Przewo\u017anicy kolejowi w social media \u2013 PKP Intercity liderem\",\"isPartOf\":{\"@id\":\"https:\/\/www.sotrender.com\/blog\/#website\"},\"primaryImageOfPage\":{\"@id\":\"https:\/\/www.sotrender.com\/blog\/pl\/2025\/05\/przewoznicy-kolejowi-w-social-media\/#primaryimage\"},\"image\":{\"@id\":\"https:\/\/www.sotrender.com\/blog\/pl\/2025\/05\/przewoznicy-kolejowi-w-social-media\/#primaryimage\"},\"thumbnailUrl\":\"https:\/\/www.sotrender.com\/blog\/wp-content\/uploads\/2025\/05\/kolej.jpg\",\"datePublished\":\"2025-05-30T09:34:55+00:00\",\"dateModified\":\"2025-05-30T09:34:56+00:00\",\"author\":{\"@id\":\"https:\/\/www.sotrender.com\/blog\/#\/schema\/person\/038ac5e276c5d102d8cbb9c36cd43416\"},\"description\":\"Jak wygl\u0105da komunikacja i obecno\u015b\u0107 przewo\u017anik\u00f3w kolejowych w Polsce w mediach spo\u0142eczno\u015bciowych? Sprawdzili\u015bmy to w naszej analizie.\",\"breadcrumb\":{\"@id\":\"https:\/\/www.sotrender.com\/blog\/pl\/2025\/05\/przewoznicy-kolejowi-w-social-media\/#breadcrumb\"},\"inLanguage\":\"pl-PL\",\"potentialAction\":[{\"@type\":\"ReadAction\",\"target\":[\"https:\/\/www.sotrender.com\/blog\/pl\/2025\/05\/przewoznicy-kolejowi-w-social-media\/\"]}]},{\"@type\":\"ImageObject\",\"inLanguage\":\"pl-PL\",\"@id\":\"https:\/\/www.sotrender.com\/blog\/pl\/2025\/05\/przewoznicy-kolejowi-w-social-media\/#primaryimage\",\"url\":\"https:\/\/www.sotrender.com\/blog\/wp-content\/uploads\/2025\/05\/kolej.jpg\",\"contentUrl\":\"https:\/\/www.sotrender.com\/blog\/wp-content\/uploads\/2025\/05\/kolej.jpg\",\"width\":1280,\"height\":1912},{\"@type\":\"BreadcrumbList\",\"@id\":\"https:\/\/www.sotrender.com\/blog\/pl\/2025\/05\/przewoznicy-kolejowi-w-social-media\/#breadcrumb\",\"itemListElement\":[{\"@type\":\"ListItem\",\"position\":1,\"name\":\"Home\",\"item\":\"https:\/\/www.sotrender.com\/blog\/\"},{\"@type\":\"ListItem\",\"position\":2,\"name\":\"Przewo\u017anicy kolejowi w social media \u2013 PKP Intercity liderem ranking\u00f3w\"}]},{\"@type\":\"WebSite\",\"@id\":\"https:\/\/www.sotrender.com\/blog\/#website\",\"url\":\"https:\/\/www.sotrender.com\/blog\/\",\"name\":\"Sotrender Blog\",\"description\":\"\",\"potentialAction\":[{\"@type\":\"SearchAction\",\"target\":{\"@type\":\"EntryPoint\",\"urlTemplate\":\"https:\/\/www.sotrender.com\/blog\/?s={search_term_string}\"},\"query-input\":\"required name=search_term_string\"}],\"inLanguage\":\"pl-PL\"},{\"@type\":\"Person\",\"@id\":\"https:\/\/www.sotrender.com\/blog\/#\/schema\/person\/038ac5e276c5d102d8cbb9c36cd43416\",\"name\":\"Klaudia \u017by\u0142ka\",\"image\":{\"@type\":\"ImageObject\",\"inLanguage\":\"pl-PL\",\"@id\":\"https:\/\/www.sotrender.com\/blog\/#\/schema\/person\/image\/\",\"url\":\"https:\/\/secure.gravatar.com\/avatar\/f55d5d49ce3c448e1ffde0ab078d84cd?s=96&d=mm&r=g\",\"contentUrl\":\"https:\/\/secure.gravatar.com\/avatar\/f55d5d49ce3c448e1ffde0ab078d84cd?s=96&d=mm&r=g\",\"caption\":\"Klaudia \u017by\u0142ka\"},\"description\":\"Instagram, dogs, books and food lover. Former student at Warsaw University and Malm\u00f6 University. Improving her marketing skills every day. Proud owner of DIMAQ certificate\",\"sameAs\":[\"https:\/\/www.linkedin.com\/in\/klaudia-\u017cy\u0142ka-17527779\"],\"url\":\"https:\/\/www.sotrender.com\/blog\/pl\/author\/klaudia_yka\/\"}]}<\/script>\n<!-- \/ Yoast SEO plugin. -->","yoast_head_json":{"title":"Przewo\u017anicy kolejowi w social media \u2013 PKP Intercity liderem","description":"Jak wygl\u0105da komunikacja i obecno\u015b\u0107 przewo\u017anik\u00f3w kolejowych w Polsce w mediach spo\u0142eczno\u015bciowych? Sprawdzili\u015bmy to w naszej analizie.","robots":{"index":"index","follow":"follow","max-snippet":"max-snippet:-1","max-image-preview":"max-image-preview:large","max-video-preview":"max-video-preview:-1"},"canonical":"https:\/\/www.sotrender.com\/blog\/pl\/2025\/05\/przewoznicy-kolejowi-w-social-media\/","og_locale":"pl_PL","og_type":"article","og_title":"Przewo\u017anicy kolejowi w social media \u2013 PKP Intercity liderem","og_description":"Jak wygl\u0105da komunikacja i obecno\u015b\u0107 przewo\u017anik\u00f3w kolejowych w Polsce w mediach spo\u0142eczno\u015bciowych? Sprawdzili\u015bmy to w naszej analizie.","og_url":"https:\/\/www.sotrender.com\/blog\/pl\/2025\/05\/przewoznicy-kolejowi-w-social-media\/","og_site_name":"Sotrender Blog","article_publisher":"https:\/\/www.facebook.com\/Sotrender","article_published_time":"2025-05-30T09:34:55+00:00","article_modified_time":"2025-05-30T09:34:56+00:00","og_image":[{"width":1280,"height":1912,"url":"https:\/\/www.sotrender.com\/blog\/wp-content\/uploads\/2025\/05\/kolej.jpg","type":"image\/jpeg"}],"author":"Klaudia \u017by\u0142ka","twitter_card":"summary_large_image","twitter_creator":"@Sotrender","twitter_site":"@Sotrender","twitter_misc":{"Written by":"Klaudia \u017by\u0142ka","Est. reading time":"9 minutes"},"schema":{"@context":"https:\/\/schema.org","@graph":[{"@type":"WebPage","@id":"https:\/\/www.sotrender.com\/blog\/pl\/2025\/05\/przewoznicy-kolejowi-w-social-media\/","url":"https:\/\/www.sotrender.com\/blog\/pl\/2025\/05\/przewoznicy-kolejowi-w-social-media\/","name":"Przewo\u017anicy kolejowi w social media \u2013 PKP Intercity liderem","isPartOf":{"@id":"https:\/\/www.sotrender.com\/blog\/#website"},"primaryImageOfPage":{"@id":"https:\/\/www.sotrender.com\/blog\/pl\/2025\/05\/przewoznicy-kolejowi-w-social-media\/#primaryimage"},"image":{"@id":"https:\/\/www.sotrender.com\/blog\/pl\/2025\/05\/przewoznicy-kolejowi-w-social-media\/#primaryimage"},"thumbnailUrl":"https:\/\/www.sotrender.com\/blog\/wp-content\/uploads\/2025\/05\/kolej.jpg","datePublished":"2025-05-30T09:34:55+00:00","dateModified":"2025-05-30T09:34:56+00:00","author":{"@id":"https:\/\/www.sotrender.com\/blog\/#\/schema\/person\/038ac5e276c5d102d8cbb9c36cd43416"},"description":"Jak wygl\u0105da komunikacja i obecno\u015b\u0107 przewo\u017anik\u00f3w kolejowych w Polsce w mediach spo\u0142eczno\u015bciowych? Sprawdzili\u015bmy to w naszej analizie.","breadcrumb":{"@id":"https:\/\/www.sotrender.com\/blog\/pl\/2025\/05\/przewoznicy-kolejowi-w-social-media\/#breadcrumb"},"inLanguage":"pl-PL","potentialAction":[{"@type":"ReadAction","target":["https:\/\/www.sotrender.com\/blog\/pl\/2025\/05\/przewoznicy-kolejowi-w-social-media\/"]}]},{"@type":"ImageObject","inLanguage":"pl-PL","@id":"https:\/\/www.sotrender.com\/blog\/pl\/2025\/05\/przewoznicy-kolejowi-w-social-media\/#primaryimage","url":"https:\/\/www.sotrender.com\/blog\/wp-content\/uploads\/2025\/05\/kolej.jpg","contentUrl":"https:\/\/www.sotrender.com\/blog\/wp-content\/uploads\/2025\/05\/kolej.jpg","width":1280,"height":1912},{"@type":"BreadcrumbList","@id":"https:\/\/www.sotrender.com\/blog\/pl\/2025\/05\/przewoznicy-kolejowi-w-social-media\/#breadcrumb","itemListElement":[{"@type":"ListItem","position":1,"name":"Home","item":"https:\/\/www.sotrender.com\/blog\/"},{"@type":"ListItem","position":2,"name":"Przewo\u017anicy kolejowi w social media \u2013 PKP Intercity liderem ranking\u00f3w"}]},{"@type":"WebSite","@id":"https:\/\/www.sotrender.com\/blog\/#website","url":"https:\/\/www.sotrender.com\/blog\/","name":"Sotrender Blog","description":"","potentialAction":[{"@type":"SearchAction","target":{"@type":"EntryPoint","urlTemplate":"https:\/\/www.sotrender.com\/blog\/?s={search_term_string}"},"query-input":"required name=search_term_string"}],"inLanguage":"pl-PL"},{"@type":"Person","@id":"https:\/\/www.sotrender.com\/blog\/#\/schema\/person\/038ac5e276c5d102d8cbb9c36cd43416","name":"Klaudia \u017by\u0142ka","image":{"@type":"ImageObject","inLanguage":"pl-PL","@id":"https:\/\/www.sotrender.com\/blog\/#\/schema\/person\/image\/","url":"https:\/\/secure.gravatar.com\/avatar\/f55d5d49ce3c448e1ffde0ab078d84cd?s=96&d=mm&r=g","contentUrl":"https:\/\/secure.gravatar.com\/avatar\/f55d5d49ce3c448e1ffde0ab078d84cd?s=96&d=mm&r=g","caption":"Klaudia \u017by\u0142ka"},"description":"Instagram, dogs, books and food lover. Former student at Warsaw University and Malm\u00f6 University. Improving her marketing skills every day. Proud owner of DIMAQ certificate","sameAs":["https:\/\/www.linkedin.com\/in\/klaudia-\u017cy\u0142ka-17527779"],"url":"https:\/\/www.sotrender.com\/blog\/pl\/author\/klaudia_yka\/"}]}},"_links":{"self":[{"href":"https:\/\/www.sotrender.com\/blog\/pl\/wp-json\/wp\/v2\/posts\/55467"}],"collection":[{"href":"https:\/\/www.sotrender.com\/blog\/pl\/wp-json\/wp\/v2\/posts"}],"about":[{"href":"https:\/\/www.sotrender.com\/blog\/pl\/wp-json\/wp\/v2\/types\/post"}],"author":[{"embeddable":true,"href":"https:\/\/www.sotrender.com\/blog\/pl\/wp-json\/wp\/v2\/users\/89"}],"replies":[{"embeddable":true,"href":"https:\/\/www.sotrender.com\/blog\/pl\/wp-json\/wp\/v2\/comments?post=55467"}],"version-history":[{"count":17,"href":"https:\/\/www.sotrender.com\/blog\/pl\/wp-json\/wp\/v2\/posts\/55467\/revisions"}],"predecessor-version":[{"id":55514,"href":"https:\/\/www.sotrender.com\/blog\/pl\/wp-json\/wp\/v2\/posts\/55467\/revisions\/55514"}],"wp:featuredmedia":[{"embeddable":true,"href":"https:\/\/www.sotrender.com\/blog\/pl\/wp-json\/wp\/v2\/media\/55511"}],"wp:attachment":[{"href":"https:\/\/www.sotrender.com\/blog\/pl\/wp-json\/wp\/v2\/media?parent=55467"}],"wp:term":[{"taxonomy":"category","embeddable":true,"href":"https:\/\/www.sotrender.com\/blog\/pl\/wp-json\/wp\/v2\/categories?post=55467"},{"taxonomy":"post_tag","embeddable":true,"href":"https:\/\/www.sotrender.com\/blog\/pl\/wp-json\/wp\/v2\/tags?post=55467"}],"curies":[{"name":"wp","href":"https:\/\/api.w.org\/{rel}","templated":true}]}}