{"id":55190,"date":"2025-05-09T09:06:22","date_gmt":"2025-05-09T07:06:22","guid":{"rendered":"https:\/\/www.sotrender.com\/blog\/?p=55190"},"modified":"2025-05-13T08:13:59","modified_gmt":"2025-05-13T06:13:59","slug":"instagram-trends-kwiecien-2025-walka-o-wladze-i-marzenia","status":"publish","type":"post","link":"https:\/\/www.sotrender.com\/blog\/pl\/2025\/05\/instagram-trends-kwiecien-2025-walka-o-wladze-i-marzenia\/","title":{"rendered":"Instagram Trends kwiecie\u0144 2025 \u2013 walka o w\u0142adz\u0119 i marzenia"},"content":{"rendered":"\n<p>W kwietniu \u015bwiat obieg\u0142a informacja o \u015bmierci papie\u017ca Franciszka oraz Tomka Jakubiaka i w wielu kategoriach naszego raportu to w\u0142a\u015bnie by\u0142y najbardziej anga\u017cuj\u0105ce posty miesi\u0105ca.<\/p>\n\n\n\n<!--more-->\n\n\n\n<p>Nie s\u0142ab\u0142a r\u00f3wnie\u017c kampania prezydencka, kt\u00f3ra nied\u0142ugo wejdzie na ostatni\u0105 prost\u0105. Kandydaci na prezydenta aktywnie korzystali z Instagrama do komunikacji ze swoimi obserwatorami, a jedne z najbardziej anga\u017cuj\u0105cych tre\u015bci opublikowa\u0142 w kwietniu S\u0142awomir Mentzen.&nbsp;<\/p>\n\n\n\n<p>Co jeszcze dzia\u0142o si\u0119 na Instagramie? Sprawdzamy w <a href=\"https:\/\/www.sotrender.com\/trends\/instagram\/poland\/202504\" target=\"_blank\" rel=\"noreferrer noopener\">kwietniowym raporcie Instagram Trends<\/a>!<\/p>\n\n\n\n<p><\/p>\n\n\n\n<blockquote class=\"wp-block-quote is-layout-flow wp-block-quote-is-layout-flow\">\n<p>Czy wiesz ju\u017c, \u017ce w Sotrenderze jest dost\u0119pna analityka TikToka? <a href=\"https:\/\/www.sotrender.com\/blog\/pl\/2025\/05\/analiza-dzialan-na-tiktoku\/\" target=\"_blank\" rel=\"noreferrer noopener\">Dowiedz si\u0119 wi\u0119cej o naszej najnowszej funkcji<\/a>, na kt\u00f3r\u0105 czeka\u0142o tak wielu u\u017cytkownik\u00f3w.<\/p>\n<\/blockquote>\n\n\n\n<h2 class=\"wp-block-heading\">ZORZA w Polsce&nbsp;<\/h2>\n\n\n\n<p>Nowy profil w raporcie Trends, i jednocze\u015bnie nowy festiwal na mapie Polski, ZORZA szturmem podbija nasze rankingi i serca festiwalowicz\u00f3w.<\/p>\n\n\n\n<p>Profil festiwalu (@otozorza), kt\u00f3rego jednym z g\u0142\u00f3wnych organizator\u00f3w jest Dawid Podsiad\u0142o, jest ju\u017c dzi\u015b drugim najwi\u0119kszym profilem <a href=\"https:\/\/www.sotrender.com\/trends\/instagram\/poland\/202504\/wydarzenia\" target=\"_blank\" rel=\"noreferrer noopener\">wydarzenia<\/a> na polskim Instagramie z liczb\u0105 ponad 143 tys. obserwuj\u0105cych.<\/p>\n\n\n\n<figure class=\"wp-block-image size-full\"><img loading=\"lazy\" decoding=\"async\" width=\"2226\" height=\"794\" src=\"https:\/\/www.sotrender.com\/blog\/wp-content\/uploads\/2025\/05\/otozorza-instagram-liczba-obserwujacych.png\" alt=\"otozorza instagram liczba obserwuj\u0105cych\" class=\"wp-image-55201\" srcset=\"https:\/\/www.sotrender.com\/blog\/wp-content\/uploads\/2025\/05\/otozorza-instagram-liczba-obserwujacych.png 2226w, https:\/\/www.sotrender.com\/blog\/wp-content\/uploads\/2025\/05\/otozorza-instagram-liczba-obserwujacych-475x169.png 475w, https:\/\/www.sotrender.com\/blog\/wp-content\/uploads\/2025\/05\/otozorza-instagram-liczba-obserwujacych-768x274.png 768w, https:\/\/www.sotrender.com\/blog\/wp-content\/uploads\/2025\/05\/otozorza-instagram-liczba-obserwujacych-1536x548.png 1536w, https:\/\/www.sotrender.com\/blog\/wp-content\/uploads\/2025\/05\/otozorza-instagram-liczba-obserwujacych-2048x731.png 2048w\" sizes=\"(max-width: 2226px) 100vw, 2226px\" \/><figcaption class=\"wp-element-caption\"><a href=\"https:\/\/www.sotrender.com\/trends\/instagram\/poland\/202504\/wydarzenia\" target=\"_blank\" rel=\"noreferrer noopener\">Wydarzenia<\/a> na Instagramie z najwi\u0119ksz\u0105 liczb\u0105 obserwuj\u0105cych, kwiecie\u0144 2025 <\/figcaption><\/figure>\n\n\n\n<p><\/p>\n\n\n\n<p>Bilety na wszystkie miasta, w kt\u00f3rych odbywa\u0107 si\u0119 b\u0119dzie w tym roku festiwal, rozesz\u0142y si\u0119 ju\u017c w lutym jak \u015bwie\u017ce bu\u0142eczki.&nbsp;<\/p>\n\n\n\n<p>Ciekawi jeste\u015bmy, czy zaanga\u017cowanie i entuzjazm fan\u00f3w nie zmaleje po festiwalu i czy zago\u015bci on na sta\u0142e w harmonogramie letnich festiwal muzycznych w Polsce.<\/p>\n\n\n\n<h2 class=\"wp-block-heading\">Kolejna wyprawa Zoi Skubis&nbsp;<\/h2>\n\n\n\n<p>Zoja Skubis, najm\u0142odsza Polka, kt\u00f3ra zdoby\u0142a o\u015bmiotysi\u0119cznik, w kwietniu rozpocz\u0119\u0142a swoj\u0105 kolejn\u0105 wypraw\u0119 \u2013 tym razem na najwy\u017cszy szczyt \u015bwiata \u2013 Everest. Podobnie jak przy zesz\u0142orocznej ekspedycji, tak\u017ce teraz jej wyprawa budzi niema\u0142e zainteresowanie na Instagramie, gdzie Zoja regularnie komunikuje si\u0119 ze swoimi obserwatorami.<\/p>\n\n\n\n<p>Profil m\u0142odej podr\u00f3\u017cniczki by\u0142 w kwietniu drugim najbardziej anga\u017cuj\u0105cym profilem w kategorii <a href=\"https:\/\/www.sotrender.com\/trends\/instagram\/poland\/202504\/osoby\/osoby_podroze#engagement\" target=\"_blank\" rel=\"noreferrer noopener\">Podr\u00f3\u017ce<\/a> z niemal dwukrotnie wy\u017csz\u0105 warto\u015bci\u0105 wska\u017anika Activity Index ni\u017c trzeci profil w rankingu.&nbsp;<\/p>\n\n\n\n<figure class=\"wp-block-image size-full\"><img loading=\"lazy\" decoding=\"async\" width=\"2220\" height=\"798\" src=\"https:\/\/www.sotrender.com\/blog\/wp-content\/uploads\/2025\/05\/osoby-podroze-ig-kwiecien-2025.png\" alt=\"zoja skubis wyprawa na everest instagram\" class=\"wp-image-55199\" srcset=\"https:\/\/www.sotrender.com\/blog\/wp-content\/uploads\/2025\/05\/osoby-podroze-ig-kwiecien-2025.png 2220w, https:\/\/www.sotrender.com\/blog\/wp-content\/uploads\/2025\/05\/osoby-podroze-ig-kwiecien-2025-475x171.png 475w, https:\/\/www.sotrender.com\/blog\/wp-content\/uploads\/2025\/05\/osoby-podroze-ig-kwiecien-2025-768x276.png 768w, https:\/\/www.sotrender.com\/blog\/wp-content\/uploads\/2025\/05\/osoby-podroze-ig-kwiecien-2025-1536x552.png 1536w, https:\/\/www.sotrender.com\/blog\/wp-content\/uploads\/2025\/05\/osoby-podroze-ig-kwiecien-2025-2048x736.png 2048w\" sizes=\"(max-width: 2220px) 100vw, 2220px\" \/><figcaption class=\"wp-element-caption\">Profile <a href=\"https:\/\/www.sotrender.com\/trends\/instagram\/poland\/202504\/osoby\/osoby_podroze#engagement\" target=\"_blank\" rel=\"noreferrer noopener\">podr\u00f3\u017cnik\u00f3w<\/a> z najwi\u0119ksz\u0105 liczb\u0105 aktywno\u015bci na Instagramie w kwietniu 2025<\/figcaption><\/figure>\n\n\n\n<p><\/p>\n\n\n\n<p>Dodatkowo, a\u017c 5 z 15 <a href=\"https:\/\/www.sotrender.com\/trends\/instagram\/poland\/202504\/osoby\/osoby_podroze#best_posts\" target=\"_blank\" rel=\"noreferrer noopener\">najlepszych post\u00f3w<\/a> w kategorii Podr\u00f3\u017ce r\u00f3wnie\u017c opublikowa\u0142a Zoja.<\/p>\n\n\n\n<p>Lepszy od Zoi, w obu rankingach, by\u0142 jedynie @patec_wariatec, kt\u00f3ry jest jej koleg\u0105 <em>po fachu<\/em> i zawsze wspiera zmagania m\u0142odej podr\u00f3\u017cniczki.<\/p>\n\n\n\n<h2 class=\"wp-block-heading\">S\u0142awomir Mentzen wygrywa na Instagramie<\/h2>\n\n\n\n<p>Nie mogli\u015bmy nie przyjrze\u0107 si\u0119 r\u00f3wnie\u017c temu, jak na Instagramie wygl\u0105da kampania prezydencka.<\/p>\n\n\n\n<p>W kwietniu S\u0142awomir Mentzen pozosta\u0142 liderem wszystkich ranking\u00f3w, umacniaj\u0105c swoj\u0105 pozycj\u0119 w zestawieniu <a href=\"https:\/\/www.sotrender.com\/trends\/instagram\/poland\/202504\/osoby\/osoby_polityka#fans\" target=\"_blank\" rel=\"noreferrer noopener\">Obserwuj\u0105cych<\/a> (ze wzrostem o 6%).<\/p>\n\n\n\n<p>Jednak najbardziej spektakularny przyrost w liczbie obserwuj\u0105cych, bowiem a\u017c o 43%, odnotowali\u015bmy na profilu Magdy Biejat, kt\u00f3r\u0105 na koniec kwietnia obserwowa\u0142o niemal 80 tys. Polak\u00f3w. O 41% wzros\u0142a r\u00f3wnie\u017c liczba obserwator\u00f3w na profilu Adriana Zandberga, kt\u00f3rego obserwuje obecnie 88 tys. os\u00f3b.<\/p>\n\n\n\n<p>Mentzen pozosta\u0142 r\u00f3wnie\u017c liderem <a href=\"https:\/\/www.sotrender.com\/trends\/instagram\/poland\/202504\/osoby\/osoby_polityka#engagement\" target=\"_blank\" rel=\"noreferrer noopener\">zaanga\u017cowania<\/a> na Instagramie, deklasuj\u0105c Rafa\u0142a Trzaskowskiego i pozosta\u0142ych rywali. Wska\u017anik Activity Index na jego profilu osi\u0105gn\u0105\u0142 warto\u015b\u0107 ponad 2 tys., co jest niemal trzykrotnie lepszym wynikiem ni\u017c Rafa\u0142a Trzaskowskiego na drugiej pozycji w rankingu.<\/p>\n\n\n\n<figure class=\"wp-block-image size-full\"><img loading=\"lazy\" decoding=\"async\" width=\"2234\" height=\"794\" src=\"https:\/\/www.sotrender.com\/blog\/wp-content\/uploads\/2025\/05\/osoby-polityka-ig-kwiecien-2025.png\" alt=\"Profile polityk\u00f3w z najwi\u0119kszym zaanga\u017cowaniem na Instagramie w kwietniu 2025\" class=\"wp-image-55197\" srcset=\"https:\/\/www.sotrender.com\/blog\/wp-content\/uploads\/2025\/05\/osoby-polityka-ig-kwiecien-2025.png 2234w, https:\/\/www.sotrender.com\/blog\/wp-content\/uploads\/2025\/05\/osoby-polityka-ig-kwiecien-2025-475x169.png 475w, https:\/\/www.sotrender.com\/blog\/wp-content\/uploads\/2025\/05\/osoby-polityka-ig-kwiecien-2025-768x273.png 768w, https:\/\/www.sotrender.com\/blog\/wp-content\/uploads\/2025\/05\/osoby-polityka-ig-kwiecien-2025-1536x546.png 1536w, https:\/\/www.sotrender.com\/blog\/wp-content\/uploads\/2025\/05\/osoby-polityka-ig-kwiecien-2025-2048x728.png 2048w\" sizes=\"(max-width: 2234px) 100vw, 2234px\" \/><figcaption class=\"wp-element-caption\">Profile <a href=\"https:\/\/www.sotrender.com\/trends\/instagram\/poland\/202504\/osoby\/osoby_polityka#engagement\" target=\"_blank\" rel=\"noreferrer noopener\">polityk\u00f3w<\/a> z najwi\u0119ksz\u0105 liczb\u0105 aktywno\u015bci na Instagramie w kwietniu 2025<\/figcaption><\/figure>\n\n\n\n<p><\/p>\n\n\n\n<p>A\u017c 10 z 15 <a href=\"https:\/\/www.sotrender.com\/trends\/instagram\/poland\/202504\/osoby\/osoby_polityka#best_posts\" target=\"_blank\" rel=\"noreferrer noopener\">najlepszych post\u00f3w miesi\u0105ca<\/a> r\u00f3wnie\u017c zosta\u0142o opublikowanych na profilu S\u0142awomira Mentzena.<\/p>\n\n\n\n<p>Je\u015bli interesuje Ci\u0119 przebieg kampanii prezydenckiej w mediach spo\u0142eczno\u015bciowych, <a href=\"https:\/\/www.batory.org.pl\/publikacja\/obraz-kampanii-prezydenckiej-w-mediach-spolecznosciowych-wiecej-pieniedzy-wiecej-polaryzacji\/\" target=\"_blank\" rel=\"noreferrer noopener\">sprawd\u017a nasz ostatni raport<\/a> przygotowowany wsp\u00f3lnie z Fundacj\u0105 Batorego.<\/p>\n\n\n\n<h2 class=\"wp-block-heading\">Instagram Trends kwiecie\u0144 2025<\/h2>\n\n\n\n<p>To wszystko, co przygotowali\u015bmy w tym miesi\u0105cu. Zach\u0119camy do sprawdzenia pe\u0142nej wersji <a href=\"https:\/\/www.sotrender.com\/trends\/instagram\/poland\/202504\" target=\"_blank\" rel=\"noreferrer noopener\">kwietniowego raportu Instagram Trends<\/a> i ju\u017c dzi\u015b zapraszamy na <a href=\"https:\/\/www.sotrender.com\/trends\/facebook\/poland\/\" target=\"_blank\" rel=\"noreferrer noopener\">raport facebookowy<\/a>.<\/p>\n","protected":false},"excerpt":{"rendered":"<p>W kwietniu \u015bwiat obieg\u0142a informacja o \u015bmierci papie\u017ca Franciszka oraz Tomka Jakubiaka i w wielu kategoriach naszego raportu to w\u0142a\u015bnie by\u0142y najbardziej anga\u017cuj\u0105ce posty miesi\u0105ca.<\/p>\n","protected":false},"author":89,"featured_media":55194,"comment_status":"closed","ping_status":"open","sticky":false,"template":"","format":"standard","meta":{"inline_featured_image":false,"footnotes":""},"categories":[1791,1803],"tags":[825,1581,2073,2607],"yoast_head":"<!-- This site is optimized with the Yoast SEO plugin v22.4 - https:\/\/yoast.com\/wordpress\/plugins\/seo\/ -->\n<title>Instagram Trends kwiecie\u0144 2025 \u2013 walka o w\u0142adz\u0119 i marzenia<\/title>\n<meta name=\"description\" content=\"W kwietniu, w kampanii prezydenckiej jedne z najbardziej anga\u017cuj\u0105cych tre\u015bci na Instagramie publikowa\u0142 S\u0142awomir Mentzen.\u00a0\" \/>\n<meta name=\"robots\" content=\"index, follow, max-snippet:-1, max-image-preview:large, max-video-preview:-1\" \/>\n<link rel=\"canonical\" href=\"https:\/\/www.sotrender.com\/blog\/pl\/2025\/05\/instagram-trends-kwiecien-2025-walka-o-wladze-i-marzenia\/\" \/>\n<meta property=\"og:locale\" content=\"pl_PL\" \/>\n<meta property=\"og:type\" content=\"article\" \/>\n<meta property=\"og:title\" content=\"Instagram Trends kwiecie\u0144 2025 \u2013 walka o w\u0142adz\u0119 i marzenia\" \/>\n<meta property=\"og:description\" content=\"W kwietniu, w kampanii prezydenckiej jedne z najbardziej anga\u017cuj\u0105cych tre\u015bci na Instagramie publikowa\u0142 S\u0142awomir Mentzen.\u00a0\" \/>\n<meta property=\"og:url\" content=\"https:\/\/www.sotrender.com\/blog\/pl\/2025\/05\/instagram-trends-kwiecien-2025-walka-o-wladze-i-marzenia\/\" \/>\n<meta property=\"og:site_name\" content=\"Sotrender Blog\" \/>\n<meta property=\"article:publisher\" content=\"https:\/\/www.facebook.com\/Sotrender\" \/>\n<meta property=\"article:published_time\" content=\"2025-05-09T07:06:22+00:00\" \/>\n<meta property=\"article:modified_time\" content=\"2025-05-13T06:13:59+00:00\" \/>\n<meta property=\"og:image\" content=\"https:\/\/www.sotrender.com\/blog\/wp-content\/uploads\/2025\/05\/everest-zoja-skubis.jpg\" \/>\n\t<meta property=\"og:image:width\" content=\"1280\" \/>\n\t<meta property=\"og:image:height\" content=\"853\" \/>\n\t<meta property=\"og:image:type\" content=\"image\/jpeg\" \/>\n<meta name=\"author\" content=\"Klaudia \u017by\u0142ka\" \/>\n<meta name=\"twitter:card\" content=\"summary_large_image\" \/>\n<meta name=\"twitter:creator\" content=\"@Sotrender\" \/>\n<meta name=\"twitter:site\" content=\"@Sotrender\" \/>\n<meta name=\"twitter:label1\" content=\"Written by\" \/>\n\t<meta name=\"twitter:data1\" content=\"Klaudia \u017by\u0142ka\" \/>\n\t<meta name=\"twitter:label2\" content=\"Est. reading time\" \/>\n\t<meta name=\"twitter:data2\" content=\"3 minutes\" \/>\n<script type=\"application\/ld+json\" class=\"yoast-schema-graph\">{\"@context\":\"https:\/\/schema.org\",\"@graph\":[{\"@type\":\"WebPage\",\"@id\":\"https:\/\/www.sotrender.com\/blog\/pl\/2025\/05\/instagram-trends-kwiecien-2025-walka-o-wladze-i-marzenia\/\",\"url\":\"https:\/\/www.sotrender.com\/blog\/pl\/2025\/05\/instagram-trends-kwiecien-2025-walka-o-wladze-i-marzenia\/\",\"name\":\"Instagram Trends kwiecie\u0144 2025 \u2013 walka o w\u0142adz\u0119 i marzenia\",\"isPartOf\":{\"@id\":\"https:\/\/www.sotrender.com\/blog\/#website\"},\"primaryImageOfPage\":{\"@id\":\"https:\/\/www.sotrender.com\/blog\/pl\/2025\/05\/instagram-trends-kwiecien-2025-walka-o-wladze-i-marzenia\/#primaryimage\"},\"image\":{\"@id\":\"https:\/\/www.sotrender.com\/blog\/pl\/2025\/05\/instagram-trends-kwiecien-2025-walka-o-wladze-i-marzenia\/#primaryimage\"},\"thumbnailUrl\":\"https:\/\/www.sotrender.com\/blog\/wp-content\/uploads\/2025\/05\/everest-zoja-skubis.jpg\",\"datePublished\":\"2025-05-09T07:06:22+00:00\",\"dateModified\":\"2025-05-13T06:13:59+00:00\",\"author\":{\"@id\":\"https:\/\/www.sotrender.com\/blog\/#\/schema\/person\/038ac5e276c5d102d8cbb9c36cd43416\"},\"description\":\"W kwietniu, w kampanii prezydenckiej jedne z najbardziej anga\u017cuj\u0105cych tre\u015bci na Instagramie publikowa\u0142 S\u0142awomir Mentzen.\u00a0\",\"breadcrumb\":{\"@id\":\"https:\/\/www.sotrender.com\/blog\/pl\/2025\/05\/instagram-trends-kwiecien-2025-walka-o-wladze-i-marzenia\/#breadcrumb\"},\"inLanguage\":\"pl-PL\",\"potentialAction\":[{\"@type\":\"ReadAction\",\"target\":[\"https:\/\/www.sotrender.com\/blog\/pl\/2025\/05\/instagram-trends-kwiecien-2025-walka-o-wladze-i-marzenia\/\"]}]},{\"@type\":\"ImageObject\",\"inLanguage\":\"pl-PL\",\"@id\":\"https:\/\/www.sotrender.com\/blog\/pl\/2025\/05\/instagram-trends-kwiecien-2025-walka-o-wladze-i-marzenia\/#primaryimage\",\"url\":\"https:\/\/www.sotrender.com\/blog\/wp-content\/uploads\/2025\/05\/everest-zoja-skubis.jpg\",\"contentUrl\":\"https:\/\/www.sotrender.com\/blog\/wp-content\/uploads\/2025\/05\/everest-zoja-skubis.jpg\",\"width\":1280,\"height\":853},{\"@type\":\"BreadcrumbList\",\"@id\":\"https:\/\/www.sotrender.com\/blog\/pl\/2025\/05\/instagram-trends-kwiecien-2025-walka-o-wladze-i-marzenia\/#breadcrumb\",\"itemListElement\":[{\"@type\":\"ListItem\",\"position\":1,\"name\":\"Home\",\"item\":\"https:\/\/www.sotrender.com\/blog\/\"},{\"@type\":\"ListItem\",\"position\":2,\"name\":\"Instagram Trends kwiecie\u0144 2025 \u2013 walka o w\u0142adz\u0119 i marzenia\"}]},{\"@type\":\"WebSite\",\"@id\":\"https:\/\/www.sotrender.com\/blog\/#website\",\"url\":\"https:\/\/www.sotrender.com\/blog\/\",\"name\":\"Sotrender Blog\",\"description\":\"\",\"potentialAction\":[{\"@type\":\"SearchAction\",\"target\":{\"@type\":\"EntryPoint\",\"urlTemplate\":\"https:\/\/www.sotrender.com\/blog\/?s={search_term_string}\"},\"query-input\":\"required name=search_term_string\"}],\"inLanguage\":\"pl-PL\"},{\"@type\":\"Person\",\"@id\":\"https:\/\/www.sotrender.com\/blog\/#\/schema\/person\/038ac5e276c5d102d8cbb9c36cd43416\",\"name\":\"Klaudia \u017by\u0142ka\",\"image\":{\"@type\":\"ImageObject\",\"inLanguage\":\"pl-PL\",\"@id\":\"https:\/\/www.sotrender.com\/blog\/#\/schema\/person\/image\/\",\"url\":\"https:\/\/secure.gravatar.com\/avatar\/f55d5d49ce3c448e1ffde0ab078d84cd?s=96&d=mm&r=g\",\"contentUrl\":\"https:\/\/secure.gravatar.com\/avatar\/f55d5d49ce3c448e1ffde0ab078d84cd?s=96&d=mm&r=g\",\"caption\":\"Klaudia \u017by\u0142ka\"},\"description\":\"Instagram, dogs, books and food lover. Former student at Warsaw University and Malm\u00f6 University. Improving her marketing skills every day. Proud owner of DIMAQ certificate\",\"sameAs\":[\"https:\/\/www.linkedin.com\/in\/klaudia-\u017cy\u0142ka-17527779\"],\"url\":\"https:\/\/www.sotrender.com\/blog\/pl\/author\/klaudia_yka\/\"}]}<\/script>\n<!-- \/ Yoast SEO plugin. -->","yoast_head_json":{"title":"Instagram Trends kwiecie\u0144 2025 \u2013 walka o w\u0142adz\u0119 i marzenia","description":"W kwietniu, w kampanii prezydenckiej jedne z najbardziej anga\u017cuj\u0105cych tre\u015bci na Instagramie publikowa\u0142 S\u0142awomir Mentzen.\u00a0","robots":{"index":"index","follow":"follow","max-snippet":"max-snippet:-1","max-image-preview":"max-image-preview:large","max-video-preview":"max-video-preview:-1"},"canonical":"https:\/\/www.sotrender.com\/blog\/pl\/2025\/05\/instagram-trends-kwiecien-2025-walka-o-wladze-i-marzenia\/","og_locale":"pl_PL","og_type":"article","og_title":"Instagram Trends kwiecie\u0144 2025 \u2013 walka o w\u0142adz\u0119 i marzenia","og_description":"W kwietniu, w kampanii prezydenckiej jedne z najbardziej anga\u017cuj\u0105cych tre\u015bci na Instagramie publikowa\u0142 S\u0142awomir Mentzen.\u00a0","og_url":"https:\/\/www.sotrender.com\/blog\/pl\/2025\/05\/instagram-trends-kwiecien-2025-walka-o-wladze-i-marzenia\/","og_site_name":"Sotrender Blog","article_publisher":"https:\/\/www.facebook.com\/Sotrender","article_published_time":"2025-05-09T07:06:22+00:00","article_modified_time":"2025-05-13T06:13:59+00:00","og_image":[{"width":1280,"height":853,"url":"https:\/\/www.sotrender.com\/blog\/wp-content\/uploads\/2025\/05\/everest-zoja-skubis.jpg","type":"image\/jpeg"}],"author":"Klaudia \u017by\u0142ka","twitter_card":"summary_large_image","twitter_creator":"@Sotrender","twitter_site":"@Sotrender","twitter_misc":{"Written by":"Klaudia \u017by\u0142ka","Est. reading time":"3 minutes"},"schema":{"@context":"https:\/\/schema.org","@graph":[{"@type":"WebPage","@id":"https:\/\/www.sotrender.com\/blog\/pl\/2025\/05\/instagram-trends-kwiecien-2025-walka-o-wladze-i-marzenia\/","url":"https:\/\/www.sotrender.com\/blog\/pl\/2025\/05\/instagram-trends-kwiecien-2025-walka-o-wladze-i-marzenia\/","name":"Instagram Trends kwiecie\u0144 2025 \u2013 walka o w\u0142adz\u0119 i marzenia","isPartOf":{"@id":"https:\/\/www.sotrender.com\/blog\/#website"},"primaryImageOfPage":{"@id":"https:\/\/www.sotrender.com\/blog\/pl\/2025\/05\/instagram-trends-kwiecien-2025-walka-o-wladze-i-marzenia\/#primaryimage"},"image":{"@id":"https:\/\/www.sotrender.com\/blog\/pl\/2025\/05\/instagram-trends-kwiecien-2025-walka-o-wladze-i-marzenia\/#primaryimage"},"thumbnailUrl":"https:\/\/www.sotrender.com\/blog\/wp-content\/uploads\/2025\/05\/everest-zoja-skubis.jpg","datePublished":"2025-05-09T07:06:22+00:00","dateModified":"2025-05-13T06:13:59+00:00","author":{"@id":"https:\/\/www.sotrender.com\/blog\/#\/schema\/person\/038ac5e276c5d102d8cbb9c36cd43416"},"description":"W kwietniu, w kampanii prezydenckiej jedne z najbardziej anga\u017cuj\u0105cych tre\u015bci na Instagramie publikowa\u0142 S\u0142awomir Mentzen.\u00a0","breadcrumb":{"@id":"https:\/\/www.sotrender.com\/blog\/pl\/2025\/05\/instagram-trends-kwiecien-2025-walka-o-wladze-i-marzenia\/#breadcrumb"},"inLanguage":"pl-PL","potentialAction":[{"@type":"ReadAction","target":["https:\/\/www.sotrender.com\/blog\/pl\/2025\/05\/instagram-trends-kwiecien-2025-walka-o-wladze-i-marzenia\/"]}]},{"@type":"ImageObject","inLanguage":"pl-PL","@id":"https:\/\/www.sotrender.com\/blog\/pl\/2025\/05\/instagram-trends-kwiecien-2025-walka-o-wladze-i-marzenia\/#primaryimage","url":"https:\/\/www.sotrender.com\/blog\/wp-content\/uploads\/2025\/05\/everest-zoja-skubis.jpg","contentUrl":"https:\/\/www.sotrender.com\/blog\/wp-content\/uploads\/2025\/05\/everest-zoja-skubis.jpg","width":1280,"height":853},{"@type":"BreadcrumbList","@id":"https:\/\/www.sotrender.com\/blog\/pl\/2025\/05\/instagram-trends-kwiecien-2025-walka-o-wladze-i-marzenia\/#breadcrumb","itemListElement":[{"@type":"ListItem","position":1,"name":"Home","item":"https:\/\/www.sotrender.com\/blog\/"},{"@type":"ListItem","position":2,"name":"Instagram Trends kwiecie\u0144 2025 \u2013 walka o w\u0142adz\u0119 i marzenia"}]},{"@type":"WebSite","@id":"https:\/\/www.sotrender.com\/blog\/#website","url":"https:\/\/www.sotrender.com\/blog\/","name":"Sotrender Blog","description":"","potentialAction":[{"@type":"SearchAction","target":{"@type":"EntryPoint","urlTemplate":"https:\/\/www.sotrender.com\/blog\/?s={search_term_string}"},"query-input":"required name=search_term_string"}],"inLanguage":"pl-PL"},{"@type":"Person","@id":"https:\/\/www.sotrender.com\/blog\/#\/schema\/person\/038ac5e276c5d102d8cbb9c36cd43416","name":"Klaudia \u017by\u0142ka","image":{"@type":"ImageObject","inLanguage":"pl-PL","@id":"https:\/\/www.sotrender.com\/blog\/#\/schema\/person\/image\/","url":"https:\/\/secure.gravatar.com\/avatar\/f55d5d49ce3c448e1ffde0ab078d84cd?s=96&d=mm&r=g","contentUrl":"https:\/\/secure.gravatar.com\/avatar\/f55d5d49ce3c448e1ffde0ab078d84cd?s=96&d=mm&r=g","caption":"Klaudia \u017by\u0142ka"},"description":"Instagram, dogs, books and food lover. Former student at Warsaw University and Malm\u00f6 University. Improving her marketing skills every day. Proud owner of DIMAQ certificate","sameAs":["https:\/\/www.linkedin.com\/in\/klaudia-\u017cy\u0142ka-17527779"],"url":"https:\/\/www.sotrender.com\/blog\/pl\/author\/klaudia_yka\/"}]}},"_links":{"self":[{"href":"https:\/\/www.sotrender.com\/blog\/pl\/wp-json\/wp\/v2\/posts\/55190"}],"collection":[{"href":"https:\/\/www.sotrender.com\/blog\/pl\/wp-json\/wp\/v2\/posts"}],"about":[{"href":"https:\/\/www.sotrender.com\/blog\/pl\/wp-json\/wp\/v2\/types\/post"}],"author":[{"embeddable":true,"href":"https:\/\/www.sotrender.com\/blog\/pl\/wp-json\/wp\/v2\/users\/89"}],"replies":[{"embeddable":true,"href":"https:\/\/www.sotrender.com\/blog\/pl\/wp-json\/wp\/v2\/comments?post=55190"}],"version-history":[{"count":9,"href":"https:\/\/www.sotrender.com\/blog\/pl\/wp-json\/wp\/v2\/posts\/55190\/revisions"}],"predecessor-version":[{"id":55207,"href":"https:\/\/www.sotrender.com\/blog\/pl\/wp-json\/wp\/v2\/posts\/55190\/revisions\/55207"}],"wp:featuredmedia":[{"embeddable":true,"href":"https:\/\/www.sotrender.com\/blog\/pl\/wp-json\/wp\/v2\/media\/55194"}],"wp:attachment":[{"href":"https:\/\/www.sotrender.com\/blog\/pl\/wp-json\/wp\/v2\/media?parent=55190"}],"wp:term":[{"taxonomy":"category","embeddable":true,"href":"https:\/\/www.sotrender.com\/blog\/pl\/wp-json\/wp\/v2\/categories?post=55190"},{"taxonomy":"post_tag","embeddable":true,"href":"https:\/\/www.sotrender.com\/blog\/pl\/wp-json\/wp\/v2\/tags?post=55190"}],"curies":[{"name":"wp","href":"https:\/\/api.w.org\/{rel}","templated":true}]}}