{"id":55184,"date":"2025-05-13T10:20:05","date_gmt":"2025-05-13T08:20:05","guid":{"rendered":"https:\/\/www.sotrender.com\/blog\/?p=55184"},"modified":"2025-05-13T10:49:48","modified_gmt":"2025-05-13T08:49:48","slug":"facebook-trends-kwiecien-2025-w-ogniu-kampanii","status":"publish","type":"post","link":"https:\/\/www.sotrender.com\/blog\/pl\/2025\/05\/facebook-trends-kwiecien-2025-w-ogniu-kampanii\/","title":{"rendered":"Facebook Trends kwiecie\u0144 2025 \u2013 w ogniu kampanii"},"content":{"rendered":"\n<p>W tym miesi\u0105cu szerokim echem w\u015br\u00f3d spo\u0142eczno\u015bci platformy odbi\u0142 si\u0119 primaaprilisowy \u017cart jednej z marek FMCG.<\/p>\n\n\n\n<!--more-->\n\n\n\n<p>Uwaga skupiona by\u0142a tak\u017ce na kampanii prezydenckiej oraz informacjach o \u015bmierci Tomasza Jakubiaka.<\/p>\n\n\n\n<p>Chcesz pozna\u0107 wi\u0119cej szczeg\u00f3\u0142\u00f3w?&nbsp;<\/p>\n\n\n\n<p>Zapraszamy na raport <a href=\"https:\/\/www.sotrender.com\/trends\/facebook\/poland\/202504\" target=\"_blank\" rel=\"noreferrer noopener\">Facebook Trends kwiecie\u0144 2025<\/a>!<\/p>\n\n\n\n<blockquote class=\"wp-block-quote is-layout-flow wp-block-quote-is-layout-flow\">\n<p>Czy wiesz ju\u017c, \u017ce w Sotrenderze jest dost\u0119pna analityka TikToka? <a href=\"https:\/\/www.sotrender.com\/blog\/pl\/2025\/05\/analiza-dzialan-na-tiktoku\/\" target=\"_blank\" rel=\"noreferrer noopener\">Dowiedz si\u0119 wi\u0119cej o naszej najnowszej funkcji<\/a>, na kt\u00f3r\u0105 czeka\u0142o tak wielu u\u017cytkownik\u00f3w.<\/p>\n<\/blockquote>\n\n\n\n<h2 class=\"wp-block-heading\">Dubajski Majonez<\/h2>\n\n\n\n<p>Jak zwykle sporo dzia\u0142o si\u0119 w kategorii <a href=\"https:\/\/www.sotrender.com\/trends\/facebook\/poland\/202504\/fmcg#engagement\" target=\"_blank\" rel=\"noreferrer noopener\">FMCG<\/a>. Najwi\u0119kszy awans w rankingu aktywno\u015bci u\u017cytkownik\u00f3w zanotowa\u0142 profil Oxydiet, kt\u00f3ry wspi\u0105\u0142 si\u0119 w g\u00f3r\u0119 a\u017c o 112 pozycji, zajmuj\u0105c 4. miejsce. Na 3. miejscu, po skoku o 90 lokat, znalaz\u0142a si\u0119 OSM \u0141owicz. Du\u017ce zainteresowanie wzbudzi\u0142o tak\u017ce konto marki Winiary, kt\u00f3re awansowa\u0142o o 102 miejsca, trafiaj\u0105c na 7. pozycj\u0119.<\/p>\n\n\n\n<figure class=\"wp-block-image size-full\"><img loading=\"lazy\" decoding=\"async\" width=\"2430\" height=\"1344\" src=\"https:\/\/www.sotrender.com\/blog\/wp-content\/uploads\/2025\/05\/image-1.png\" alt=\"Profile na Facebooku o najwi\u0119kszej aktywno\u015bci u\u017cytkownik\u00f3w w kategorii FMCG | kwiecie\u0144 2025 r.\" class=\"wp-image-55211\" srcset=\"https:\/\/www.sotrender.com\/blog\/wp-content\/uploads\/2025\/05\/image-1.png 2430w, https:\/\/www.sotrender.com\/blog\/wp-content\/uploads\/2025\/05\/image-1-475x263.png 475w, https:\/\/www.sotrender.com\/blog\/wp-content\/uploads\/2025\/05\/image-1-768x425.png 768w, https:\/\/www.sotrender.com\/blog\/wp-content\/uploads\/2025\/05\/image-1-1536x850.png 1536w, https:\/\/www.sotrender.com\/blog\/wp-content\/uploads\/2025\/05\/image-1-2048x1133.png 2048w\" sizes=\"(max-width: 2430px) 100vw, 2430px\" \/><figcaption class=\"wp-element-caption\"><a href=\"https:\/\/www.sotrender.com\/trends\/facebook\/poland\/202504\/fmcg#engagement\" target=\"_blank\" rel=\"noreferrer noopener\">Profile na Facebooku o najwi\u0119kszej aktywno\u015bci u\u017cytkownik\u00f3w w kategorii FMCG<\/a> | kwiecie\u0144 2025 r.<\/figcaption><\/figure>\n\n\n\n<p>Dwie ostatnie marki trafi\u0142y r\u00f3wnie\u017c do zestawienia <a href=\"https:\/\/www.sotrender.com\/trends\/facebook\/poland\/202504\/fmcg#best_posts\" target=\"_blank\" rel=\"noreferrer noopener\">najlepszych post\u00f3w<\/a> kwietnia. Winiary wyr\u00f3\u017cni\u0142y si\u0119 \u017cartobliwym postem na Prima Aprilis o\u2026 Dubajskim Majonezie, a OSM \u0141owicz zaanga\u017cowa\u0142a u\u017cytkownik\u00f3w g\u0142osowaniem na smak ma\u015blanki, kt\u00f3r\u0105 chcieliby zobaczy\u0107 w sezonowej edycji.<\/p>\n\n\n\n<figure class=\"wp-block-image size-full\"><img loading=\"lazy\" decoding=\"async\" width=\"2364\" height=\"1012\" src=\"https:\/\/www.sotrender.com\/blog\/wp-content\/uploads\/2025\/05\/Zrzut-ekranu-2025-05-13-o-08.21.14.png\" alt=\"Najlepsze posty na Facebooku w kategorii FMCG | kwiecie\u0144 2025 r.\" class=\"wp-image-55213\" srcset=\"https:\/\/www.sotrender.com\/blog\/wp-content\/uploads\/2025\/05\/Zrzut-ekranu-2025-05-13-o-08.21.14.png 2364w, https:\/\/www.sotrender.com\/blog\/wp-content\/uploads\/2025\/05\/Zrzut-ekranu-2025-05-13-o-08.21.14-475x203.png 475w, https:\/\/www.sotrender.com\/blog\/wp-content\/uploads\/2025\/05\/Zrzut-ekranu-2025-05-13-o-08.21.14-768x329.png 768w, https:\/\/www.sotrender.com\/blog\/wp-content\/uploads\/2025\/05\/Zrzut-ekranu-2025-05-13-o-08.21.14-1536x658.png 1536w, https:\/\/www.sotrender.com\/blog\/wp-content\/uploads\/2025\/05\/Zrzut-ekranu-2025-05-13-o-08.21.14-2048x877.png 2048w\" sizes=\"(max-width: 2364px) 100vw, 2364px\" \/><\/figure>\n\n\n\n<figure class=\"wp-block-image size-full\"><img loading=\"lazy\" decoding=\"async\" width=\"2364\" height=\"1014\" src=\"https:\/\/www.sotrender.com\/blog\/wp-content\/uploads\/2025\/05\/Zrzut-ekranu-2025-05-13-o-08.22.14-min.png\" alt=\"Najlepsze posty na Facebooku w kategorii FMCG | kwiecie\u0144 2025 r.\" class=\"wp-image-55215\" srcset=\"https:\/\/www.sotrender.com\/blog\/wp-content\/uploads\/2025\/05\/Zrzut-ekranu-2025-05-13-o-08.22.14-min.png 2364w, https:\/\/www.sotrender.com\/blog\/wp-content\/uploads\/2025\/05\/Zrzut-ekranu-2025-05-13-o-08.22.14-min-475x204.png 475w, https:\/\/www.sotrender.com\/blog\/wp-content\/uploads\/2025\/05\/Zrzut-ekranu-2025-05-13-o-08.22.14-min-768x329.png 768w, https:\/\/www.sotrender.com\/blog\/wp-content\/uploads\/2025\/05\/Zrzut-ekranu-2025-05-13-o-08.22.14-min-1536x659.png 1536w, https:\/\/www.sotrender.com\/blog\/wp-content\/uploads\/2025\/05\/Zrzut-ekranu-2025-05-13-o-08.22.14-min-2048x878.png 2048w\" sizes=\"(max-width: 2364px) 100vw, 2364px\" \/><figcaption class=\"wp-element-caption\"><a href=\"https:\/\/www.sotrender.com\/trends\/facebook\/poland\/202504\/fmcg#best_posts\" target=\"_blank\" rel=\"noreferrer noopener\">Najlepsze posty na Facebooku w kategorii FMCG<\/a> | kwiecie\u0144 2025 r.<\/figcaption><\/figure>\n\n\n<style>\n    .cta-image-container {\n        background-image: url('https:\/\/www.sotrender.com\/blog\/wp-content\/uploads\/2024\/07\/Frame-1000001352.png');\n        background-size: contain;\n        background-position: left 300px top 100px;\n        background-repeat: no-repeat;\n}\n\n<\/style>    \n<div id=\"wp-block-cta-buttons-three-points-and-image\" class=\"wp-block-cta-buttons-three-points-and-image\">\n\n    <div class=\"content\">\n        <div class=\"header\">Sprawd\u017a swoje wyniki na tle konkurencji<\/div>\n\n        <ul class=\"list\">\n            <li>Przetestuj przez 7 dni<\/li>\n            <li>Poznaj wszystkie funkcje narz\u0119dzia<\/li>\n            <li>Nie wymagamy karty kredytowej<\/li>\n        <\/ul>\n                    <a class=\"btn\" href=\"https:\/\/app.sotrender.com\/auth\/signup\/trial\/pl?utm_source=blog-cta\">\n                <div class=\"btn_content\">\n                    Wypr\u00f3buj za darmo                <\/div>\n            <\/a>\n        \n    <\/div>\n\n    <img decoding=\"async\" class=\"image\" src=\"https:\/\/www.sotrender.com\/blog\/wp-content\/uploads\/2024\/07\/Frame-1000001352.png\"\/>\n    \n\n   \n   \n<\/div>\n\n\n\n<h2 class=\"wp-block-heading\">W ogniu kampanii prezydenckiej<\/h2>\n\n\n\n<p>W kwietniu na Facebooku, podobnie jak na Instagramie, liderem pod wzgl\u0119dem zaanga\u017cowania w kategorii <a href=\"https:\/\/www.sotrender.com\/trends\/facebook\/poland\/202504\/osoby#storytellers\" target=\"_blank\" rel=\"noreferrer noopener\">Osoby<\/a> zosta\u0142 S\u0142awomir Mentzen, kt\u00f3ry awansowa\u0142 o dwie pozycje i odnotowa\u0142 przyrost o 88%. Wzrosty na swoich profilach zanotowali tak\u017ce inni kandydaci na prezydenta RP \u2013 Marek Jakubiak, kt\u00f3ry awansowa\u0142 na 7. miejsce w rankingu, oraz Grzegorz Braun, kt\u00f3ry zaj\u0105\u0142 9. pozycj\u0119.<\/p>\n\n\n\n<figure class=\"wp-block-image size-full\"><img loading=\"lazy\" decoding=\"async\" width=\"2436\" height=\"1332\" src=\"https:\/\/www.sotrender.com\/blog\/wp-content\/uploads\/2025\/05\/Zrzut-ekranu-2025-05-13-o-09.43.29.png\" alt=\"Profile na Facebooku o najwi\u0119kszym zaanga\u017cowaniu w kategorii Osoby | kwiecie\u0144 2025 r.\" class=\"wp-image-55219\" srcset=\"https:\/\/www.sotrender.com\/blog\/wp-content\/uploads\/2025\/05\/Zrzut-ekranu-2025-05-13-o-09.43.29.png 2436w, https:\/\/www.sotrender.com\/blog\/wp-content\/uploads\/2025\/05\/Zrzut-ekranu-2025-05-13-o-09.43.29-475x260.png 475w, https:\/\/www.sotrender.com\/blog\/wp-content\/uploads\/2025\/05\/Zrzut-ekranu-2025-05-13-o-09.43.29-768x420.png 768w, https:\/\/www.sotrender.com\/blog\/wp-content\/uploads\/2025\/05\/Zrzut-ekranu-2025-05-13-o-09.43.29-1536x840.png 1536w, https:\/\/www.sotrender.com\/blog\/wp-content\/uploads\/2025\/05\/Zrzut-ekranu-2025-05-13-o-09.43.29-2048x1120.png 2048w\" sizes=\"(max-width: 2436px) 100vw, 2436px\" \/><figcaption class=\"wp-element-caption\"><a href=\"https:\/\/www.sotrender.com\/trends\/facebook\/poland\/202504\/osoby#storytellers\" target=\"_blank\" rel=\"noreferrer noopener\">Profile na Facebooku o najwi\u0119kszym zaanga\u017cowaniu w kategorii Osoby<\/a> | kwiecie\u0144 2025 r.<\/figcaption><\/figure>\n\n\n\n<h2 class=\"wp-block-heading\">Ostatnie po\u017cegnanie<\/h2>\n\n\n\n<p>W tym miesi\u0105cu g\u0142o\u015bnym echem w\u015br\u00f3d spo\u0142eczno\u015bci internaut\u00f3w odbi\u0142a si\u0119 wiadomo\u015b\u0107 o \u015bmierci Tomasza Jakubiaka. \u017begna\u0142o go na swoim profilu mi\u0119dzy innymi Dzie\u0144 Dobry TVN. Post zosta\u0142 najlepszym w kategorii <a href=\"https:\/\/www.sotrender.com\/trends\/facebook\/poland\/202504\/media#best_posts\" target=\"_blank\" rel=\"noreferrer noopener\">Media<\/a>.<\/p>\n\n\n\n<figure class=\"wp-block-image size-full\"><img loading=\"lazy\" decoding=\"async\" width=\"2368\" height=\"1020\" src=\"https:\/\/www.sotrender.com\/blog\/wp-content\/uploads\/2025\/05\/Zrzut-ekranu-2025-05-13-o-09.51.56-min.png\" alt=\"\" class=\"wp-image-55221\" srcset=\"https:\/\/www.sotrender.com\/blog\/wp-content\/uploads\/2025\/05\/Zrzut-ekranu-2025-05-13-o-09.51.56-min.png 2368w, https:\/\/www.sotrender.com\/blog\/wp-content\/uploads\/2025\/05\/Zrzut-ekranu-2025-05-13-o-09.51.56-min-475x205.png 475w, https:\/\/www.sotrender.com\/blog\/wp-content\/uploads\/2025\/05\/Zrzut-ekranu-2025-05-13-o-09.51.56-min-768x331.png 768w, https:\/\/www.sotrender.com\/blog\/wp-content\/uploads\/2025\/05\/Zrzut-ekranu-2025-05-13-o-09.51.56-min-1536x662.png 1536w, https:\/\/www.sotrender.com\/blog\/wp-content\/uploads\/2025\/05\/Zrzut-ekranu-2025-05-13-o-09.51.56-min-2048x882.png 2048w\" sizes=\"(max-width: 2368px) 100vw, 2368px\" \/><figcaption class=\"wp-element-caption\"><a href=\"https:\/\/www.sotrender.com\/trends\/facebook\/poland\/202504\/media#best_posts\" target=\"_blank\" rel=\"noreferrer noopener\">Najlepsze posty na Facebooku w kategorii Media<\/a> | kwiecie\u0144 2025 r.<\/figcaption><\/figure>\n\n\n\n<h2 class=\"wp-block-heading\"><strong>Facebook Trends kwiecie\u0144 202<\/strong>5<\/h2>\n\n\n\n<p>To wszystko na ten miesi\u0105c! Ju\u017c wkr\u00f3tce zapraszamy na raport podsumowuj\u0105cy kwietniowe reklamy w ekosystemie Meta, a na razie zach\u0119camy do zapoznania si\u0119 z <a href=\"https:\/\/www.sotrender.com\/trends\/facebook\/poland\/202504\" target=\"_blank\" rel=\"noreferrer noopener\">pe\u0142n\u0105 wersj\u0105 Facebook Trends<\/a> oraz <a href=\"https:\/\/www.sotrender.com\/blog\/pl\/2025\/05\/instagram-trends-kwiecien-2025-walka-o-wladze-i-marzenia\/\" target=\"_blank\" rel=\"noreferrer noopener\">podsumowaniem instagramowym<\/a>.<\/p>\n","protected":false},"excerpt":{"rendered":"<p>W tym miesi\u0105cu szerokim echem w\u015br\u00f3d spo\u0142eczno\u015bci platformy odbi\u0142 si\u0119 primaaprilisowy \u017cart jednej z marek FMCG.<\/p>\n","protected":false},"author":311,"featured_media":55225,"comment_status":"closed","ping_status":"open","sticky":false,"template":"","format":"standard","meta":{"inline_featured_image":false,"footnotes":""},"categories":[1777,1783,1791,1797],"tags":[2307,3903,4001,4002],"yoast_head":"<!-- This site is optimized with the Yoast SEO plugin v22.4 - https:\/\/yoast.com\/wordpress\/plugins\/seo\/ -->\n<title>Facebook Trends kwiecie\u0144 2025 \u2013 w ogniu kampanii<\/title>\n<meta name=\"description\" content=\"W tym miesi\u0105cu szerokim echem w\u015br\u00f3d spo\u0142eczno\u015bci platformy odbi\u0142 si\u0119 primaaprilisowy \u017cart jednej z marek FMCG.\" \/>\n<meta name=\"robots\" content=\"index, follow, max-snippet:-1, max-image-preview:large, max-video-preview:-1\" \/>\n<link rel=\"canonical\" href=\"https:\/\/www.sotrender.com\/blog\/pl\/2025\/05\/facebook-trends-kwiecien-2025-w-ogniu-kampanii\/\" \/>\n<meta property=\"og:locale\" content=\"pl_PL\" \/>\n<meta property=\"og:type\" content=\"article\" \/>\n<meta property=\"og:title\" content=\"Facebook Trends kwiecie\u0144 2025 \u2013 w ogniu kampanii\" \/>\n<meta property=\"og:description\" content=\"W tym miesi\u0105cu szerokim echem w\u015br\u00f3d spo\u0142eczno\u015bci platformy odbi\u0142 si\u0119 primaaprilisowy \u017cart jednej z marek FMCG.\" \/>\n<meta property=\"og:url\" content=\"https:\/\/www.sotrender.com\/blog\/pl\/2025\/05\/facebook-trends-kwiecien-2025-w-ogniu-kampanii\/\" \/>\n<meta property=\"og:site_name\" content=\"Sotrender Blog\" \/>\n<meta property=\"article:publisher\" content=\"https:\/\/www.facebook.com\/Sotrender\" \/>\n<meta property=\"article:published_time\" content=\"2025-05-13T08:20:05+00:00\" \/>\n<meta property=\"article:modified_time\" content=\"2025-05-13T08:49:48+00:00\" \/>\n<meta property=\"og:image\" content=\"https:\/\/www.sotrender.com\/blog\/wp-content\/uploads\/2025\/05\/pexels-edmond-dantes-7103204.jpg\" \/>\n\t<meta property=\"og:image:width\" content=\"1280\" \/>\n\t<meta property=\"og:image:height\" content=\"853\" \/>\n\t<meta property=\"og:image:type\" content=\"image\/jpeg\" \/>\n<meta name=\"author\" content=\"Bogna Raszowska\" \/>\n<meta name=\"twitter:card\" content=\"summary_large_image\" \/>\n<meta name=\"twitter:creator\" content=\"@Sotrender\" \/>\n<meta name=\"twitter:site\" content=\"@Sotrender\" \/>\n<meta name=\"twitter:label1\" content=\"Written by\" \/>\n\t<meta name=\"twitter:data1\" content=\"Bogna Raszowska\" \/>\n\t<meta name=\"twitter:label2\" content=\"Est. reading time\" \/>\n\t<meta name=\"twitter:data2\" content=\"3 minutes\" \/>\n<script type=\"application\/ld+json\" class=\"yoast-schema-graph\">{\"@context\":\"https:\/\/schema.org\",\"@graph\":[{\"@type\":\"WebPage\",\"@id\":\"https:\/\/www.sotrender.com\/blog\/pl\/2025\/05\/facebook-trends-kwiecien-2025-w-ogniu-kampanii\/\",\"url\":\"https:\/\/www.sotrender.com\/blog\/pl\/2025\/05\/facebook-trends-kwiecien-2025-w-ogniu-kampanii\/\",\"name\":\"Facebook Trends kwiecie\u0144 2025 \u2013 w ogniu kampanii\",\"isPartOf\":{\"@id\":\"https:\/\/www.sotrender.com\/blog\/#website\"},\"primaryImageOfPage\":{\"@id\":\"https:\/\/www.sotrender.com\/blog\/pl\/2025\/05\/facebook-trends-kwiecien-2025-w-ogniu-kampanii\/#primaryimage\"},\"image\":{\"@id\":\"https:\/\/www.sotrender.com\/blog\/pl\/2025\/05\/facebook-trends-kwiecien-2025-w-ogniu-kampanii\/#primaryimage\"},\"thumbnailUrl\":\"https:\/\/www.sotrender.com\/blog\/wp-content\/uploads\/2025\/05\/pexels-edmond-dantes-7103204.jpg\",\"datePublished\":\"2025-05-13T08:20:05+00:00\",\"dateModified\":\"2025-05-13T08:49:48+00:00\",\"author\":{\"@id\":\"https:\/\/www.sotrender.com\/blog\/#\/schema\/person\/2c3d8f31a13ec8be6145f5865f25d16c\"},\"description\":\"W tym miesi\u0105cu szerokim echem w\u015br\u00f3d spo\u0142eczno\u015bci platformy odbi\u0142 si\u0119 primaaprilisowy \u017cart jednej z marek FMCG.\",\"breadcrumb\":{\"@id\":\"https:\/\/www.sotrender.com\/blog\/pl\/2025\/05\/facebook-trends-kwiecien-2025-w-ogniu-kampanii\/#breadcrumb\"},\"inLanguage\":\"pl-PL\",\"potentialAction\":[{\"@type\":\"ReadAction\",\"target\":[\"https:\/\/www.sotrender.com\/blog\/pl\/2025\/05\/facebook-trends-kwiecien-2025-w-ogniu-kampanii\/\"]}]},{\"@type\":\"ImageObject\",\"inLanguage\":\"pl-PL\",\"@id\":\"https:\/\/www.sotrender.com\/blog\/pl\/2025\/05\/facebook-trends-kwiecien-2025-w-ogniu-kampanii\/#primaryimage\",\"url\":\"https:\/\/www.sotrender.com\/blog\/wp-content\/uploads\/2025\/05\/pexels-edmond-dantes-7103204.jpg\",\"contentUrl\":\"https:\/\/www.sotrender.com\/blog\/wp-content\/uploads\/2025\/05\/pexels-edmond-dantes-7103204.jpg\",\"width\":1280,\"height\":853},{\"@type\":\"BreadcrumbList\",\"@id\":\"https:\/\/www.sotrender.com\/blog\/pl\/2025\/05\/facebook-trends-kwiecien-2025-w-ogniu-kampanii\/#breadcrumb\",\"itemListElement\":[{\"@type\":\"ListItem\",\"position\":1,\"name\":\"Home\",\"item\":\"https:\/\/www.sotrender.com\/blog\/\"},{\"@type\":\"ListItem\",\"position\":2,\"name\":\"Facebook Trends kwiecie\u0144 2025 \u2013 w ogniu kampanii\"}]},{\"@type\":\"WebSite\",\"@id\":\"https:\/\/www.sotrender.com\/blog\/#website\",\"url\":\"https:\/\/www.sotrender.com\/blog\/\",\"name\":\"Sotrender Blog\",\"description\":\"\",\"potentialAction\":[{\"@type\":\"SearchAction\",\"target\":{\"@type\":\"EntryPoint\",\"urlTemplate\":\"https:\/\/www.sotrender.com\/blog\/?s={search_term_string}\"},\"query-input\":\"required name=search_term_string\"}],\"inLanguage\":\"pl-PL\"},{\"@type\":\"Person\",\"@id\":\"https:\/\/www.sotrender.com\/blog\/#\/schema\/person\/2c3d8f31a13ec8be6145f5865f25d16c\",\"name\":\"Bogna Raszowska\",\"image\":{\"@type\":\"ImageObject\",\"inLanguage\":\"pl-PL\",\"@id\":\"https:\/\/www.sotrender.com\/blog\/#\/schema\/person\/image\/\",\"url\":\"https:\/\/secure.gravatar.com\/avatar\/a9efb91eb7796ed666d24a5b58b6a6cd?s=96&d=mm&r=g\",\"contentUrl\":\"https:\/\/secure.gravatar.com\/avatar\/a9efb91eb7796ed666d24a5b58b6a6cd?s=96&d=mm&r=g\",\"caption\":\"Bogna Raszowska\"},\"description\":\"Digital marketer with a passion for copywriting, content and social media. Off the clock, I'm an avid traveler, RPG gamer, music lover, and South Korean culture enthusiast.\",\"sameAs\":[\"https:\/\/www.linkedin.com\/in\/bognaraszowska\"],\"url\":\"https:\/\/www.sotrender.com\/blog\/pl\/author\/bogna_raszowska\/\"}]}<\/script>\n<!-- \/ Yoast SEO plugin. -->","yoast_head_json":{"title":"Facebook Trends kwiecie\u0144 2025 \u2013 w ogniu kampanii","description":"W tym miesi\u0105cu szerokim echem w\u015br\u00f3d spo\u0142eczno\u015bci platformy odbi\u0142 si\u0119 primaaprilisowy \u017cart jednej z marek FMCG.","robots":{"index":"index","follow":"follow","max-snippet":"max-snippet:-1","max-image-preview":"max-image-preview:large","max-video-preview":"max-video-preview:-1"},"canonical":"https:\/\/www.sotrender.com\/blog\/pl\/2025\/05\/facebook-trends-kwiecien-2025-w-ogniu-kampanii\/","og_locale":"pl_PL","og_type":"article","og_title":"Facebook Trends kwiecie\u0144 2025 \u2013 w ogniu kampanii","og_description":"W tym miesi\u0105cu szerokim echem w\u015br\u00f3d spo\u0142eczno\u015bci platformy odbi\u0142 si\u0119 primaaprilisowy \u017cart jednej z marek FMCG.","og_url":"https:\/\/www.sotrender.com\/blog\/pl\/2025\/05\/facebook-trends-kwiecien-2025-w-ogniu-kampanii\/","og_site_name":"Sotrender Blog","article_publisher":"https:\/\/www.facebook.com\/Sotrender","article_published_time":"2025-05-13T08:20:05+00:00","article_modified_time":"2025-05-13T08:49:48+00:00","og_image":[{"width":1280,"height":853,"url":"https:\/\/www.sotrender.com\/blog\/wp-content\/uploads\/2025\/05\/pexels-edmond-dantes-7103204.jpg","type":"image\/jpeg"}],"author":"Bogna Raszowska","twitter_card":"summary_large_image","twitter_creator":"@Sotrender","twitter_site":"@Sotrender","twitter_misc":{"Written by":"Bogna Raszowska","Est. reading time":"3 minutes"},"schema":{"@context":"https:\/\/schema.org","@graph":[{"@type":"WebPage","@id":"https:\/\/www.sotrender.com\/blog\/pl\/2025\/05\/facebook-trends-kwiecien-2025-w-ogniu-kampanii\/","url":"https:\/\/www.sotrender.com\/blog\/pl\/2025\/05\/facebook-trends-kwiecien-2025-w-ogniu-kampanii\/","name":"Facebook Trends kwiecie\u0144 2025 \u2013 w ogniu kampanii","isPartOf":{"@id":"https:\/\/www.sotrender.com\/blog\/#website"},"primaryImageOfPage":{"@id":"https:\/\/www.sotrender.com\/blog\/pl\/2025\/05\/facebook-trends-kwiecien-2025-w-ogniu-kampanii\/#primaryimage"},"image":{"@id":"https:\/\/www.sotrender.com\/blog\/pl\/2025\/05\/facebook-trends-kwiecien-2025-w-ogniu-kampanii\/#primaryimage"},"thumbnailUrl":"https:\/\/www.sotrender.com\/blog\/wp-content\/uploads\/2025\/05\/pexels-edmond-dantes-7103204.jpg","datePublished":"2025-05-13T08:20:05+00:00","dateModified":"2025-05-13T08:49:48+00:00","author":{"@id":"https:\/\/www.sotrender.com\/blog\/#\/schema\/person\/2c3d8f31a13ec8be6145f5865f25d16c"},"description":"W tym miesi\u0105cu szerokim echem w\u015br\u00f3d spo\u0142eczno\u015bci platformy odbi\u0142 si\u0119 primaaprilisowy \u017cart jednej z marek FMCG.","breadcrumb":{"@id":"https:\/\/www.sotrender.com\/blog\/pl\/2025\/05\/facebook-trends-kwiecien-2025-w-ogniu-kampanii\/#breadcrumb"},"inLanguage":"pl-PL","potentialAction":[{"@type":"ReadAction","target":["https:\/\/www.sotrender.com\/blog\/pl\/2025\/05\/facebook-trends-kwiecien-2025-w-ogniu-kampanii\/"]}]},{"@type":"ImageObject","inLanguage":"pl-PL","@id":"https:\/\/www.sotrender.com\/blog\/pl\/2025\/05\/facebook-trends-kwiecien-2025-w-ogniu-kampanii\/#primaryimage","url":"https:\/\/www.sotrender.com\/blog\/wp-content\/uploads\/2025\/05\/pexels-edmond-dantes-7103204.jpg","contentUrl":"https:\/\/www.sotrender.com\/blog\/wp-content\/uploads\/2025\/05\/pexels-edmond-dantes-7103204.jpg","width":1280,"height":853},{"@type":"BreadcrumbList","@id":"https:\/\/www.sotrender.com\/blog\/pl\/2025\/05\/facebook-trends-kwiecien-2025-w-ogniu-kampanii\/#breadcrumb","itemListElement":[{"@type":"ListItem","position":1,"name":"Home","item":"https:\/\/www.sotrender.com\/blog\/"},{"@type":"ListItem","position":2,"name":"Facebook Trends kwiecie\u0144 2025 \u2013 w ogniu kampanii"}]},{"@type":"WebSite","@id":"https:\/\/www.sotrender.com\/blog\/#website","url":"https:\/\/www.sotrender.com\/blog\/","name":"Sotrender Blog","description":"","potentialAction":[{"@type":"SearchAction","target":{"@type":"EntryPoint","urlTemplate":"https:\/\/www.sotrender.com\/blog\/?s={search_term_string}"},"query-input":"required name=search_term_string"}],"inLanguage":"pl-PL"},{"@type":"Person","@id":"https:\/\/www.sotrender.com\/blog\/#\/schema\/person\/2c3d8f31a13ec8be6145f5865f25d16c","name":"Bogna Raszowska","image":{"@type":"ImageObject","inLanguage":"pl-PL","@id":"https:\/\/www.sotrender.com\/blog\/#\/schema\/person\/image\/","url":"https:\/\/secure.gravatar.com\/avatar\/a9efb91eb7796ed666d24a5b58b6a6cd?s=96&d=mm&r=g","contentUrl":"https:\/\/secure.gravatar.com\/avatar\/a9efb91eb7796ed666d24a5b58b6a6cd?s=96&d=mm&r=g","caption":"Bogna Raszowska"},"description":"Digital marketer with a passion for copywriting, content and social media. Off the clock, I'm an avid traveler, RPG gamer, music lover, and South Korean culture enthusiast.","sameAs":["https:\/\/www.linkedin.com\/in\/bognaraszowska"],"url":"https:\/\/www.sotrender.com\/blog\/pl\/author\/bogna_raszowska\/"}]}},"_links":{"self":[{"href":"https:\/\/www.sotrender.com\/blog\/pl\/wp-json\/wp\/v2\/posts\/55184"}],"collection":[{"href":"https:\/\/www.sotrender.com\/blog\/pl\/wp-json\/wp\/v2\/posts"}],"about":[{"href":"https:\/\/www.sotrender.com\/blog\/pl\/wp-json\/wp\/v2\/types\/post"}],"author":[{"embeddable":true,"href":"https:\/\/www.sotrender.com\/blog\/pl\/wp-json\/wp\/v2\/users\/311"}],"replies":[{"embeddable":true,"href":"https:\/\/www.sotrender.com\/blog\/pl\/wp-json\/wp\/v2\/comments?post=55184"}],"version-history":[{"count":10,"href":"https:\/\/www.sotrender.com\/blog\/pl\/wp-json\/wp\/v2\/posts\/55184\/revisions"}],"predecessor-version":[{"id":55232,"href":"https:\/\/www.sotrender.com\/blog\/pl\/wp-json\/wp\/v2\/posts\/55184\/revisions\/55232"}],"wp:featuredmedia":[{"embeddable":true,"href":"https:\/\/www.sotrender.com\/blog\/pl\/wp-json\/wp\/v2\/media\/55225"}],"wp:attachment":[{"href":"https:\/\/www.sotrender.com\/blog\/pl\/wp-json\/wp\/v2\/media?parent=55184"}],"wp:term":[{"taxonomy":"category","embeddable":true,"href":"https:\/\/www.sotrender.com\/blog\/pl\/wp-json\/wp\/v2\/categories?post=55184"},{"taxonomy":"post_tag","embeddable":true,"href":"https:\/\/www.sotrender.com\/blog\/pl\/wp-json\/wp\/v2\/tags?post=55184"}],"curies":[{"name":"wp","href":"https:\/\/api.w.org\/{rel}","templated":true}]}}