{"id":54828,"date":"2025-04-04T09:53:14","date_gmt":"2025-04-04T07:53:14","guid":{"rendered":"https:\/\/www.sotrender.com\/blog\/?p=54828"},"modified":"2025-04-07T10:20:05","modified_gmt":"2025-04-07T08:20:05","slug":"instagram-trends-marzec-2025-nietypowa-podroz","status":"publish","type":"post","link":"https:\/\/www.sotrender.com\/blog\/pl\/2025\/04\/instagram-trends-marzec-2025-nietypowa-podroz\/","title":{"rendered":"Instagram Trends marzec 2025 \u2013 nietypowa podr\u00f3\u017c"},"content":{"rendered":"\n<p>W tym miesi\u0105cu na platformie g\u0142o\u015bno by\u0142o o wyprawie pewnego influencera do Korei P\u00f3\u0142nocnej. <\/p>\n\n\n\n<!--more-->\n\n\n\n<p>Spory wzrost w rankingu zanotowa\u0142a tak\u017ce marka OSHEE, kt\u00f3ra og\u0142osi\u0142a poszerzenie wsp\u00f3\u0142pracy z Ig\u0105 \u015awi\u0105tek.<\/p>\n\n\n\n<p>Kto jeszcze przyci\u0105ga\u0142 uwag\u0119 i jakie tre\u015bci wyr\u00f3\u017cni\u0142y si\u0119 na tle innych? Sprawd\u017a szczeg\u00f3\u0142y w naszym raporcie <a href=\"https:\/\/www.sotrender.com\/trends\/instagram\/poland\/202503\" target=\"_blank\" rel=\"noreferrer noopener\">Instagram Trends marzec 2025<\/a>!<\/p>\n\n\n\n<h2 class=\"wp-block-heading\">Awanse influencerek<\/h2>\n\n\n\n<p>W kategorii <a href=\"https:\/\/www.sotrender.com\/trends\/instagram\/poland\/202503\/osoby#engagement\" target=\"_blank\" rel=\"noreferrer noopener\">Osoby<\/a> spore wzrosty pod wzgl\u0119dem aktywno\u015bci u\u017cytkownik\u00f3w zanotowa\u0142y @aggie, kt\u00f3ra awansowa\u0142a o 199 miejsc na 13. pozycj\u0119, oraz @martamielczarskaa, kt\u00f3ra poprawi\u0142a swoj\u0105 pozycj\u0119 o 332 miejsca, trafiaj\u0105c na 18. lokat\u0119.<\/p>\n\n\n\n<figure class=\"wp-block-image size-full is-resized\"><img loading=\"lazy\" decoding=\"async\" width=\"2120\" height=\"1650\" src=\"https:\/\/www.sotrender.com\/blog\/wp-content\/uploads\/2025\/04\/Zrzut-ekranu-2025-04-3-o-13.26.18.png\" alt=\"Profile na Instagramie o najwi\u0119kszej liczbie aktywno\u015bci w kategorii Osoby marzec 2025\" class=\"wp-image-54835\" style=\"width:840px;height:auto\" srcset=\"https:\/\/www.sotrender.com\/blog\/wp-content\/uploads\/2025\/04\/Zrzut-ekranu-2025-04-3-o-13.26.18.png 2120w, https:\/\/www.sotrender.com\/blog\/wp-content\/uploads\/2025\/04\/Zrzut-ekranu-2025-04-3-o-13.26.18-475x370.png 475w, https:\/\/www.sotrender.com\/blog\/wp-content\/uploads\/2025\/04\/Zrzut-ekranu-2025-04-3-o-13.26.18-410x320.png 410w, https:\/\/www.sotrender.com\/blog\/wp-content\/uploads\/2025\/04\/Zrzut-ekranu-2025-04-3-o-13.26.18-768x598.png 768w, https:\/\/www.sotrender.com\/blog\/wp-content\/uploads\/2025\/04\/Zrzut-ekranu-2025-04-3-o-13.26.18-1536x1195.png 1536w, https:\/\/www.sotrender.com\/blog\/wp-content\/uploads\/2025\/04\/Zrzut-ekranu-2025-04-3-o-13.26.18-2048x1594.png 2048w\" sizes=\"(max-width: 2120px) 100vw, 2120px\" \/><figcaption class=\"wp-element-caption\"><a href=\"https:\/\/www.sotrender.com\/trends\/instagram\/poland\/202503\/osoby#engagement\" target=\"_blank\" rel=\"noreferrer noopener\">Profile na Instagramie o najwi\u0119kszej liczbie aktywno\u015bci w kategorii Osoby<\/a> | marzec 2025 r.<\/figcaption><\/figure>\n\n\n\n<p>Obie influencerki znalaz\u0142y si\u0119 r\u00f3wnie\u017c w <a href=\"https:\/\/www.sotrender.com\/trends\/instagram\/poland\/202503\/osoby#best_posts\" target=\"_blank\" rel=\"noreferrer noopener\">zestawieniu najlepszych tre\u015bci<\/a> marca. Aggie przyci\u0105gn\u0119\u0142a uwag\u0119 spo\u0142eczno\u015bci Instagrama postem og\u0142aszaj\u0105cym promocj\u0119 z okazji Dnia Kobiet, a Marta filmem z jej gender reveal.<\/p>\n\n\n\n<figure class=\"wp-block-image size-full\"><img loading=\"lazy\" decoding=\"async\" width=\"2134\" height=\"912\" src=\"https:\/\/www.sotrender.com\/blog\/wp-content\/uploads\/2025\/04\/Zrzut-ekranu-2025-04-3-o-13.29.11-min.png\" alt=\"Najlepsze posty na Instagramie w kategorii Osoby marzec 2025 \" class=\"wp-image-54837\" srcset=\"https:\/\/www.sotrender.com\/blog\/wp-content\/uploads\/2025\/04\/Zrzut-ekranu-2025-04-3-o-13.29.11-min.png 2134w, https:\/\/www.sotrender.com\/blog\/wp-content\/uploads\/2025\/04\/Zrzut-ekranu-2025-04-3-o-13.29.11-min-475x203.png 475w, https:\/\/www.sotrender.com\/blog\/wp-content\/uploads\/2025\/04\/Zrzut-ekranu-2025-04-3-o-13.29.11-min-768x328.png 768w, https:\/\/www.sotrender.com\/blog\/wp-content\/uploads\/2025\/04\/Zrzut-ekranu-2025-04-3-o-13.29.11-min-1536x656.png 1536w, https:\/\/www.sotrender.com\/blog\/wp-content\/uploads\/2025\/04\/Zrzut-ekranu-2025-04-3-o-13.29.11-min-2048x875.png 2048w\" sizes=\"(max-width: 2134px) 100vw, 2134px\" \/><\/figure>\n\n\n\n<figure class=\"wp-block-image size-full\"><img loading=\"lazy\" decoding=\"async\" width=\"2134\" height=\"896\" src=\"https:\/\/www.sotrender.com\/blog\/wp-content\/uploads\/2025\/04\/Zrzut-ekranu-2025-04-3-o-13.29.30-min.png\" alt=\"Najlepsze posty na Instagramie w kategorii Osoby marzec 2025 \" class=\"wp-image-54841\" srcset=\"https:\/\/www.sotrender.com\/blog\/wp-content\/uploads\/2025\/04\/Zrzut-ekranu-2025-04-3-o-13.29.30-min.png 2134w, https:\/\/www.sotrender.com\/blog\/wp-content\/uploads\/2025\/04\/Zrzut-ekranu-2025-04-3-o-13.29.30-min-475x199.png 475w, https:\/\/www.sotrender.com\/blog\/wp-content\/uploads\/2025\/04\/Zrzut-ekranu-2025-04-3-o-13.29.30-min-768x322.png 768w, https:\/\/www.sotrender.com\/blog\/wp-content\/uploads\/2025\/04\/Zrzut-ekranu-2025-04-3-o-13.29.30-min-1536x645.png 1536w, https:\/\/www.sotrender.com\/blog\/wp-content\/uploads\/2025\/04\/Zrzut-ekranu-2025-04-3-o-13.29.30-min-2048x860.png 2048w\" sizes=\"(max-width: 2134px) 100vw, 2134px\" \/><figcaption class=\"wp-element-caption\"><a href=\"https:\/\/www.sotrender.com\/trends\/instagram\/poland\/202503\/osoby#best_posts\" target=\"_blank\" rel=\"noreferrer noopener\">Najlepsze posty na Instagramie w kategorii Osoby<\/a> | marzec 2025 r.<\/figcaption><\/figure>\n\n\n<style>\n    .cta-image-container {\n        background-image: url('https:\/\/www.sotrender.com\/blog\/wp-content\/uploads\/2024\/07\/Frame-1000001352.png');\n        background-size: contain;\n        background-position: left 300px top 100px;\n        background-repeat: no-repeat;\n}\n\n<\/style>    \n<div id=\"wp-block-cta-buttons-three-points-and-image\" class=\"wp-block-cta-buttons-three-points-and-image\">\n\n    <div class=\"content\">\n        <div class=\"header\">Sprawd\u017a swoje wyniki na tle konkurencji<\/div>\n\n        <ul class=\"list\">\n            <li>Przetestuj przez 7 dni <\/li>\n            <li>Poznaj wszystkie funkcje narz\u0119dzia<\/li>\n            <li>Nie wymagamy karty kredytowej<\/li>\n        <\/ul>\n                    <a class=\"btn\" href=\"https:\/\/app.sotrender.com\/auth\/signup\/trial\/pl?utm_source=blog-cta\">\n                <div class=\"btn_content\">\n                    Wypr\u00f3buj za darmo                <\/div>\n            <\/a>\n        \n    <\/div>\n\n    <img decoding=\"async\" class=\"image\" src=\"https:\/\/www.sotrender.com\/blog\/wp-content\/uploads\/2024\/07\/Frame-1000001352.png\"\/>\n    \n\n   \n   \n<\/div>\n\n\n\n<h2 class=\"wp-block-heading\">OjWojtek w Korei P\u00f3\u0142nocnej<\/h2>\n\n\n\n<p>@ojwojtek rozgrza\u0142 Internet do czerwono\u015bci swoimi tre\u015bciami o pobycie w Korei P\u00f3\u0142nocnej. Dzi\u0119ki temu zwi\u0119kszy\u0142 liczb\u0119 swoich followers\u00f3w a\u017c o 97 tys. (21%), co da\u0142o mu trzecie miejsce w\u015br\u00f3d najszybciej rosn\u0105cych kont miesi\u0105ca i awans na 6. miejsce w rankingu obserwuj\u0105cych w kategorii Podr\u00f3\u017ce. Uda\u0142o mu si\u0119 te\u017c zdoby\u0107 pozycj\u0119 lidera pod wzgl\u0119dem <a href=\"https:\/\/www.sotrender.com\/trends\/instagram\/poland\/202503\/osoby\/osoby_podroze#engagement\" target=\"_blank\" rel=\"noreferrer noopener\">aktywno\u015bci u\u017cytkownik\u00f3w<\/a>, poprawiaj\u0105c wynik o 35 miejsc.<\/p>\n\n\n\n<figure class=\"wp-block-image size-full\"><img loading=\"lazy\" decoding=\"async\" width=\"2134\" height=\"850\" src=\"https:\/\/www.sotrender.com\/blog\/wp-content\/uploads\/2025\/04\/Zrzut-ekranu-2025-04-3-o-13.37.54.png\" alt=\"Profile na Instagramie o najwi\u0119kszej liczbie aktywno\u015bci w kategorii Podr\u00f3\u017ce marzec 2025 \" class=\"wp-image-54844\" srcset=\"https:\/\/www.sotrender.com\/blog\/wp-content\/uploads\/2025\/04\/Zrzut-ekranu-2025-04-3-o-13.37.54.png 2134w, https:\/\/www.sotrender.com\/blog\/wp-content\/uploads\/2025\/04\/Zrzut-ekranu-2025-04-3-o-13.37.54-475x189.png 475w, https:\/\/www.sotrender.com\/blog\/wp-content\/uploads\/2025\/04\/Zrzut-ekranu-2025-04-3-o-13.37.54-768x306.png 768w, https:\/\/www.sotrender.com\/blog\/wp-content\/uploads\/2025\/04\/Zrzut-ekranu-2025-04-3-o-13.37.54-1536x612.png 1536w, https:\/\/www.sotrender.com\/blog\/wp-content\/uploads\/2025\/04\/Zrzut-ekranu-2025-04-3-o-13.37.54-2048x816.png 2048w\" sizes=\"(max-width: 2134px) 100vw, 2134px\" \/><figcaption class=\"wp-element-caption\"><a href=\"https:\/\/www.sotrender.com\/trends\/instagram\/poland\/202503\/osoby\/osoby_podroze#engagement\" target=\"_blank\" rel=\"noreferrer noopener\">Profile na Instagramie o najwi\u0119kszej liczbie aktywno\u015bci w kategorii Podr\u00f3\u017ce<\/a> | marzec 2025 r.<\/figcaption><\/figure>\n\n\n\n<p>A\u017c 6 z jego post\u00f3w dotycz\u0105cych wyjazdu znalaz\u0142o si\u0119 w <a href=\"https:\/\/www.sotrender.com\/trends\/instagram\/poland\/202503\/osoby\/osoby_podroze#best_posts\" target=\"_blank\" rel=\"noreferrer noopener\">zestawieniu najlepszych tre\u015bci<\/a>. Na pierwszym miejscu wyl\u0105dowa\u0142 film, w kt\u00f3rym @ojwojtek odni\u00f3s\u0142 si\u0119 do kontrowersyjnego artyku\u0142u o Korei P\u00f3\u0142nocnej zamykaj\u0105cej granice z powodu tw\u00f3rc\u00f3w publikuj\u0105cych relacje na YouTubie.<\/p>\n\n\n\n<figure class=\"wp-block-image size-full\"><img loading=\"lazy\" decoding=\"async\" width=\"2134\" height=\"918\" src=\"https:\/\/www.sotrender.com\/blog\/wp-content\/uploads\/2025\/04\/Zrzut-ekranu-2025-04-3-o-14.01.15.png\" alt=\"Najlepsze posty na Instagramie w kategorii Podr\u00f3\u017ce marzec 2025 \" class=\"wp-image-54846\" srcset=\"https:\/\/www.sotrender.com\/blog\/wp-content\/uploads\/2025\/04\/Zrzut-ekranu-2025-04-3-o-14.01.15.png 2134w, https:\/\/www.sotrender.com\/blog\/wp-content\/uploads\/2025\/04\/Zrzut-ekranu-2025-04-3-o-14.01.15-475x204.png 475w, https:\/\/www.sotrender.com\/blog\/wp-content\/uploads\/2025\/04\/Zrzut-ekranu-2025-04-3-o-14.01.15-768x330.png 768w, https:\/\/www.sotrender.com\/blog\/wp-content\/uploads\/2025\/04\/Zrzut-ekranu-2025-04-3-o-14.01.15-1536x661.png 1536w, https:\/\/www.sotrender.com\/blog\/wp-content\/uploads\/2025\/04\/Zrzut-ekranu-2025-04-3-o-14.01.15-2048x881.png 2048w\" sizes=\"(max-width: 2134px) 100vw, 2134px\" \/><figcaption class=\"wp-element-caption\"><a href=\"https:\/\/www.sotrender.com\/trends\/instagram\/poland\/202503\/osoby\/osoby_podroze#best_posts\" target=\"_blank\" rel=\"noreferrer noopener\">Najlepsze posty na Instagramie w kategorii Podr\u00f3\u017ce<\/a> | marzec 2025 r.<\/figcaption><\/figure>\n\n\n\n<h2 class=\"wp-block-heading\">OSHEE &amp; IGA Team<\/h2>\n\n\n\n<p>Profil @oshee_world zaliczy\u0142 spory awans, wspinaj\u0105c si\u0119 o 47 miejsc na 2. pozycj\u0119 w rankingu aktywno\u015bci w kategorii <a href=\"https:\/\/www.sotrender.com\/trends\/instagram\/poland\/202503\/marki\/marki_jedzenie#engagement\" target=\"_blank\" rel=\"noreferrer noopener\">Jedzenie<\/a>. Wszystko za spraw\u0105 og\u0142oszenia poszerzenia wsp\u00f3\u0142pracy z Ig\u0105 \u015awi\u0105tek. <\/p>\n\n\n\n<figure class=\"wp-block-image size-full is-resized\"><img loading=\"lazy\" decoding=\"async\" width=\"2134\" height=\"862\" src=\"https:\/\/www.sotrender.com\/blog\/wp-content\/uploads\/2025\/04\/Zrzut-ekranu-2025-04-3-o-14.23.44.png\" alt=\"Profile na Instagramie o najwi\u0119kszej liczbie aktywno\u015bci w kategorii Jedzenie marzec 2025 \" class=\"wp-image-54852\" style=\"width:840px;height:auto\" srcset=\"https:\/\/www.sotrender.com\/blog\/wp-content\/uploads\/2025\/04\/Zrzut-ekranu-2025-04-3-o-14.23.44.png 2134w, https:\/\/www.sotrender.com\/blog\/wp-content\/uploads\/2025\/04\/Zrzut-ekranu-2025-04-3-o-14.23.44-475x192.png 475w, https:\/\/www.sotrender.com\/blog\/wp-content\/uploads\/2025\/04\/Zrzut-ekranu-2025-04-3-o-14.23.44-768x310.png 768w, https:\/\/www.sotrender.com\/blog\/wp-content\/uploads\/2025\/04\/Zrzut-ekranu-2025-04-3-o-14.23.44-1536x620.png 1536w, https:\/\/www.sotrender.com\/blog\/wp-content\/uploads\/2025\/04\/Zrzut-ekranu-2025-04-3-o-14.23.44-2048x827.png 2048w\" sizes=\"(max-width: 2134px) 100vw, 2134px\" \/><figcaption class=\"wp-element-caption\"><a href=\"https:\/\/www.sotrender.com\/trends\/instagram\/poland\/202503\/marki\/marki_jedzenie#engagement\" target=\"_blank\" rel=\"noreferrer noopener\">Profile na Instagramie o najwi\u0119kszej liczbie aktywno\u015bci w kategorii Jedzenie<\/a> | marzec 2025 r.<\/figcaption><\/figure>\n\n\n\n<p>Post, w kt\u00f3rym zapowiedziano pojawienie si\u0119 logotypu OSHEE na strojach meczowych i bluzach konferencyjnych, cieszy\u0142 si\u0119 du\u017cym zainteresowaniem i trafi\u0142 do <a href=\"https:\/\/www.sotrender.com\/trends\/instagram\/poland\/202503\/marki\/marki_jedzenie#best_posts\" target=\"_blank\" rel=\"noreferrer noopener\">zestawienia najlepszych tre\u015bci<\/a>. <\/p>\n\n\n\n<figure class=\"wp-block-image size-full\"><img loading=\"lazy\" decoding=\"async\" width=\"2134\" height=\"918\" src=\"https:\/\/www.sotrender.com\/blog\/wp-content\/uploads\/2025\/04\/Zrzut-ekranu-2025-04-3-o-14.23.20.png\" alt=\"Najlepsze posty na Instagramie w kategorii Jedzenie marzec 2025\" class=\"wp-image-54850\" srcset=\"https:\/\/www.sotrender.com\/blog\/wp-content\/uploads\/2025\/04\/Zrzut-ekranu-2025-04-3-o-14.23.20.png 2134w, https:\/\/www.sotrender.com\/blog\/wp-content\/uploads\/2025\/04\/Zrzut-ekranu-2025-04-3-o-14.23.20-475x204.png 475w, https:\/\/www.sotrender.com\/blog\/wp-content\/uploads\/2025\/04\/Zrzut-ekranu-2025-04-3-o-14.23.20-768x330.png 768w, https:\/\/www.sotrender.com\/blog\/wp-content\/uploads\/2025\/04\/Zrzut-ekranu-2025-04-3-o-14.23.20-1536x661.png 1536w, https:\/\/www.sotrender.com\/blog\/wp-content\/uploads\/2025\/04\/Zrzut-ekranu-2025-04-3-o-14.23.20-2048x881.png 2048w\" sizes=\"(max-width: 2134px) 100vw, 2134px\" \/><figcaption class=\"wp-element-caption\"><a href=\"https:\/\/www.sotrender.com\/trends\/instagram\/poland\/202503\/marki\/marki_jedzenie#best_posts\" target=\"_blank\" rel=\"noreferrer noopener\">Najlepsze posty na Instagramie w kategorii Jedzenie<\/a> | marzec 2025 r.<\/figcaption><\/figure>\n\n\n\n<h2 class=\"wp-block-heading\">Instagram Trends marzec 2025<\/h2>\n\n\n\n<p>To wszystko na ten miesi\u0105c! Wkr\u00f3tce zaprosimy Was do lektury nowego raportu Facebook Trends, a ju\u017c teraz zach\u0119camy do sprawdzenia pe\u0142nej wersji <a href=\"https:\/\/www.sotrender.com\/trends\/instagram\/poland\/202503\" target=\"_blank\" rel=\"noreferrer noopener\">Instagram Trends marzec 2025<\/a>.<\/p>\n","protected":false},"excerpt":{"rendered":"<p>W tym miesi\u0105cu na platformie g\u0142o\u015bno by\u0142o o wyprawie pewnego influencera do Korei P\u00f3\u0142nocnej.<\/p>\n","protected":false},"author":311,"featured_media":54854,"comment_status":"closed","ping_status":"open","sticky":false,"template":"","format":"standard","meta":{"inline_featured_image":false,"footnotes":""},"categories":[1791,1803],"tags":[3986,3987,3988,2073,2643],"yoast_head":"<!-- This site is optimized with the Yoast SEO plugin v22.4 - https:\/\/yoast.com\/wordpress\/plugins\/seo\/ -->\n<title>Instagram Trends marzec 2025 \u2013 nietypowa podr\u00f3\u017c<\/title>\n<meta name=\"description\" content=\"W tym miesi\u0105cu na platformie g\u0142o\u015bno by\u0142o o wyprawie pewnego influencera do Korei P\u00f3\u0142nocnej. Du\u017cy wzrost w rankingu zanotowa\u0142a te\u017c marka OSHEE.\" \/>\n<meta name=\"robots\" content=\"index, follow, max-snippet:-1, max-image-preview:large, max-video-preview:-1\" \/>\n<link rel=\"canonical\" href=\"https:\/\/www.sotrender.com\/blog\/pl\/2025\/04\/instagram-trends-marzec-2025-nietypowa-podroz\/\" \/>\n<meta property=\"og:locale\" content=\"pl_PL\" \/>\n<meta property=\"og:type\" content=\"article\" \/>\n<meta property=\"og:title\" content=\"Instagram Trends marzec 2025 \u2013 nietypowa podr\u00f3\u017c\" \/>\n<meta property=\"og:description\" content=\"W tym miesi\u0105cu na platformie g\u0142o\u015bno by\u0142o o wyprawie pewnego influencera do Korei P\u00f3\u0142nocnej. Du\u017cy wzrost w rankingu zanotowa\u0142a te\u017c marka OSHEE.\" \/>\n<meta property=\"og:url\" content=\"https:\/\/www.sotrender.com\/blog\/pl\/2025\/04\/instagram-trends-marzec-2025-nietypowa-podroz\/\" \/>\n<meta property=\"og:site_name\" content=\"Sotrender Blog\" \/>\n<meta property=\"article:publisher\" content=\"https:\/\/www.facebook.com\/Sotrender\" \/>\n<meta property=\"article:published_time\" content=\"2025-04-04T07:53:14+00:00\" \/>\n<meta property=\"article:modified_time\" content=\"2025-04-07T08:20:05+00:00\" \/>\n<meta property=\"og:image\" content=\"https:\/\/www.sotrender.com\/blog\/wp-content\/uploads\/2025\/04\/pexels-lukas-kindl-1153687330-21629276.jpg\" \/>\n\t<meta property=\"og:image:width\" content=\"1280\" \/>\n\t<meta property=\"og:image:height\" content=\"960\" \/>\n\t<meta property=\"og:image:type\" content=\"image\/jpeg\" \/>\n<meta name=\"author\" content=\"Bogna Raszowska\" \/>\n<meta name=\"twitter:card\" content=\"summary_large_image\" \/>\n<meta name=\"twitter:creator\" content=\"@Sotrender\" \/>\n<meta name=\"twitter:site\" content=\"@Sotrender\" \/>\n<meta name=\"twitter:label1\" content=\"Written by\" \/>\n\t<meta name=\"twitter:data1\" content=\"Bogna Raszowska\" \/>\n\t<meta name=\"twitter:label2\" content=\"Est. reading time\" \/>\n\t<meta name=\"twitter:data2\" content=\"4 minutes\" \/>\n<script type=\"application\/ld+json\" class=\"yoast-schema-graph\">{\"@context\":\"https:\/\/schema.org\",\"@graph\":[{\"@type\":\"WebPage\",\"@id\":\"https:\/\/www.sotrender.com\/blog\/pl\/2025\/04\/instagram-trends-marzec-2025-nietypowa-podroz\/\",\"url\":\"https:\/\/www.sotrender.com\/blog\/pl\/2025\/04\/instagram-trends-marzec-2025-nietypowa-podroz\/\",\"name\":\"Instagram Trends marzec 2025 \u2013 nietypowa podr\u00f3\u017c\",\"isPartOf\":{\"@id\":\"https:\/\/www.sotrender.com\/blog\/#website\"},\"primaryImageOfPage\":{\"@id\":\"https:\/\/www.sotrender.com\/blog\/pl\/2025\/04\/instagram-trends-marzec-2025-nietypowa-podroz\/#primaryimage\"},\"image\":{\"@id\":\"https:\/\/www.sotrender.com\/blog\/pl\/2025\/04\/instagram-trends-marzec-2025-nietypowa-podroz\/#primaryimage\"},\"thumbnailUrl\":\"https:\/\/www.sotrender.com\/blog\/wp-content\/uploads\/2025\/04\/pexels-lukas-kindl-1153687330-21629276.jpg\",\"datePublished\":\"2025-04-04T07:53:14+00:00\",\"dateModified\":\"2025-04-07T08:20:05+00:00\",\"author\":{\"@id\":\"https:\/\/www.sotrender.com\/blog\/#\/schema\/person\/2c3d8f31a13ec8be6145f5865f25d16c\"},\"description\":\"W tym miesi\u0105cu na platformie g\u0142o\u015bno by\u0142o o wyprawie pewnego influencera do Korei P\u00f3\u0142nocnej. Du\u017cy wzrost w rankingu zanotowa\u0142a te\u017c marka OSHEE.\",\"breadcrumb\":{\"@id\":\"https:\/\/www.sotrender.com\/blog\/pl\/2025\/04\/instagram-trends-marzec-2025-nietypowa-podroz\/#breadcrumb\"},\"inLanguage\":\"pl-PL\",\"potentialAction\":[{\"@type\":\"ReadAction\",\"target\":[\"https:\/\/www.sotrender.com\/blog\/pl\/2025\/04\/instagram-trends-marzec-2025-nietypowa-podroz\/\"]}]},{\"@type\":\"ImageObject\",\"inLanguage\":\"pl-PL\",\"@id\":\"https:\/\/www.sotrender.com\/blog\/pl\/2025\/04\/instagram-trends-marzec-2025-nietypowa-podroz\/#primaryimage\",\"url\":\"https:\/\/www.sotrender.com\/blog\/wp-content\/uploads\/2025\/04\/pexels-lukas-kindl-1153687330-21629276.jpg\",\"contentUrl\":\"https:\/\/www.sotrender.com\/blog\/wp-content\/uploads\/2025\/04\/pexels-lukas-kindl-1153687330-21629276.jpg\",\"width\":1280,\"height\":960},{\"@type\":\"BreadcrumbList\",\"@id\":\"https:\/\/www.sotrender.com\/blog\/pl\/2025\/04\/instagram-trends-marzec-2025-nietypowa-podroz\/#breadcrumb\",\"itemListElement\":[{\"@type\":\"ListItem\",\"position\":1,\"name\":\"Home\",\"item\":\"https:\/\/www.sotrender.com\/blog\/\"},{\"@type\":\"ListItem\",\"position\":2,\"name\":\"Instagram Trends marzec 2025 \u2013 nietypowa podr\u00f3\u017c\"}]},{\"@type\":\"WebSite\",\"@id\":\"https:\/\/www.sotrender.com\/blog\/#website\",\"url\":\"https:\/\/www.sotrender.com\/blog\/\",\"name\":\"Sotrender Blog\",\"description\":\"\",\"potentialAction\":[{\"@type\":\"SearchAction\",\"target\":{\"@type\":\"EntryPoint\",\"urlTemplate\":\"https:\/\/www.sotrender.com\/blog\/?s={search_term_string}\"},\"query-input\":\"required name=search_term_string\"}],\"inLanguage\":\"pl-PL\"},{\"@type\":\"Person\",\"@id\":\"https:\/\/www.sotrender.com\/blog\/#\/schema\/person\/2c3d8f31a13ec8be6145f5865f25d16c\",\"name\":\"Bogna Raszowska\",\"image\":{\"@type\":\"ImageObject\",\"inLanguage\":\"pl-PL\",\"@id\":\"https:\/\/www.sotrender.com\/blog\/#\/schema\/person\/image\/\",\"url\":\"https:\/\/secure.gravatar.com\/avatar\/a9efb91eb7796ed666d24a5b58b6a6cd?s=96&d=mm&r=g\",\"contentUrl\":\"https:\/\/secure.gravatar.com\/avatar\/a9efb91eb7796ed666d24a5b58b6a6cd?s=96&d=mm&r=g\",\"caption\":\"Bogna Raszowska\"},\"description\":\"Digital marketer with a passion for copywriting, content and social media. Off the clock, I'm an avid traveler, RPG gamer, music lover, and South Korean culture enthusiast.\",\"sameAs\":[\"https:\/\/www.linkedin.com\/in\/bognaraszowska\"],\"url\":\"https:\/\/www.sotrender.com\/blog\/pl\/author\/bogna_raszowska\/\"}]}<\/script>\n<!-- \/ Yoast SEO plugin. -->","yoast_head_json":{"title":"Instagram Trends marzec 2025 \u2013 nietypowa podr\u00f3\u017c","description":"W tym miesi\u0105cu na platformie g\u0142o\u015bno by\u0142o o wyprawie pewnego influencera do Korei P\u00f3\u0142nocnej. Du\u017cy wzrost w rankingu zanotowa\u0142a te\u017c marka OSHEE.","robots":{"index":"index","follow":"follow","max-snippet":"max-snippet:-1","max-image-preview":"max-image-preview:large","max-video-preview":"max-video-preview:-1"},"canonical":"https:\/\/www.sotrender.com\/blog\/pl\/2025\/04\/instagram-trends-marzec-2025-nietypowa-podroz\/","og_locale":"pl_PL","og_type":"article","og_title":"Instagram Trends marzec 2025 \u2013 nietypowa podr\u00f3\u017c","og_description":"W tym miesi\u0105cu na platformie g\u0142o\u015bno by\u0142o o wyprawie pewnego influencera do Korei P\u00f3\u0142nocnej. Du\u017cy wzrost w rankingu zanotowa\u0142a te\u017c marka OSHEE.","og_url":"https:\/\/www.sotrender.com\/blog\/pl\/2025\/04\/instagram-trends-marzec-2025-nietypowa-podroz\/","og_site_name":"Sotrender Blog","article_publisher":"https:\/\/www.facebook.com\/Sotrender","article_published_time":"2025-04-04T07:53:14+00:00","article_modified_time":"2025-04-07T08:20:05+00:00","og_image":[{"width":1280,"height":960,"url":"https:\/\/www.sotrender.com\/blog\/wp-content\/uploads\/2025\/04\/pexels-lukas-kindl-1153687330-21629276.jpg","type":"image\/jpeg"}],"author":"Bogna Raszowska","twitter_card":"summary_large_image","twitter_creator":"@Sotrender","twitter_site":"@Sotrender","twitter_misc":{"Written by":"Bogna Raszowska","Est. reading time":"4 minutes"},"schema":{"@context":"https:\/\/schema.org","@graph":[{"@type":"WebPage","@id":"https:\/\/www.sotrender.com\/blog\/pl\/2025\/04\/instagram-trends-marzec-2025-nietypowa-podroz\/","url":"https:\/\/www.sotrender.com\/blog\/pl\/2025\/04\/instagram-trends-marzec-2025-nietypowa-podroz\/","name":"Instagram Trends marzec 2025 \u2013 nietypowa podr\u00f3\u017c","isPartOf":{"@id":"https:\/\/www.sotrender.com\/blog\/#website"},"primaryImageOfPage":{"@id":"https:\/\/www.sotrender.com\/blog\/pl\/2025\/04\/instagram-trends-marzec-2025-nietypowa-podroz\/#primaryimage"},"image":{"@id":"https:\/\/www.sotrender.com\/blog\/pl\/2025\/04\/instagram-trends-marzec-2025-nietypowa-podroz\/#primaryimage"},"thumbnailUrl":"https:\/\/www.sotrender.com\/blog\/wp-content\/uploads\/2025\/04\/pexels-lukas-kindl-1153687330-21629276.jpg","datePublished":"2025-04-04T07:53:14+00:00","dateModified":"2025-04-07T08:20:05+00:00","author":{"@id":"https:\/\/www.sotrender.com\/blog\/#\/schema\/person\/2c3d8f31a13ec8be6145f5865f25d16c"},"description":"W tym miesi\u0105cu na platformie g\u0142o\u015bno by\u0142o o wyprawie pewnego influencera do Korei P\u00f3\u0142nocnej. Du\u017cy wzrost w rankingu zanotowa\u0142a te\u017c marka OSHEE.","breadcrumb":{"@id":"https:\/\/www.sotrender.com\/blog\/pl\/2025\/04\/instagram-trends-marzec-2025-nietypowa-podroz\/#breadcrumb"},"inLanguage":"pl-PL","potentialAction":[{"@type":"ReadAction","target":["https:\/\/www.sotrender.com\/blog\/pl\/2025\/04\/instagram-trends-marzec-2025-nietypowa-podroz\/"]}]},{"@type":"ImageObject","inLanguage":"pl-PL","@id":"https:\/\/www.sotrender.com\/blog\/pl\/2025\/04\/instagram-trends-marzec-2025-nietypowa-podroz\/#primaryimage","url":"https:\/\/www.sotrender.com\/blog\/wp-content\/uploads\/2025\/04\/pexels-lukas-kindl-1153687330-21629276.jpg","contentUrl":"https:\/\/www.sotrender.com\/blog\/wp-content\/uploads\/2025\/04\/pexels-lukas-kindl-1153687330-21629276.jpg","width":1280,"height":960},{"@type":"BreadcrumbList","@id":"https:\/\/www.sotrender.com\/blog\/pl\/2025\/04\/instagram-trends-marzec-2025-nietypowa-podroz\/#breadcrumb","itemListElement":[{"@type":"ListItem","position":1,"name":"Home","item":"https:\/\/www.sotrender.com\/blog\/"},{"@type":"ListItem","position":2,"name":"Instagram Trends marzec 2025 \u2013 nietypowa podr\u00f3\u017c"}]},{"@type":"WebSite","@id":"https:\/\/www.sotrender.com\/blog\/#website","url":"https:\/\/www.sotrender.com\/blog\/","name":"Sotrender Blog","description":"","potentialAction":[{"@type":"SearchAction","target":{"@type":"EntryPoint","urlTemplate":"https:\/\/www.sotrender.com\/blog\/?s={search_term_string}"},"query-input":"required name=search_term_string"}],"inLanguage":"pl-PL"},{"@type":"Person","@id":"https:\/\/www.sotrender.com\/blog\/#\/schema\/person\/2c3d8f31a13ec8be6145f5865f25d16c","name":"Bogna Raszowska","image":{"@type":"ImageObject","inLanguage":"pl-PL","@id":"https:\/\/www.sotrender.com\/blog\/#\/schema\/person\/image\/","url":"https:\/\/secure.gravatar.com\/avatar\/a9efb91eb7796ed666d24a5b58b6a6cd?s=96&d=mm&r=g","contentUrl":"https:\/\/secure.gravatar.com\/avatar\/a9efb91eb7796ed666d24a5b58b6a6cd?s=96&d=mm&r=g","caption":"Bogna Raszowska"},"description":"Digital marketer with a passion for copywriting, content and social media. Off the clock, I'm an avid traveler, RPG gamer, music lover, and South Korean culture enthusiast.","sameAs":["https:\/\/www.linkedin.com\/in\/bognaraszowska"],"url":"https:\/\/www.sotrender.com\/blog\/pl\/author\/bogna_raszowska\/"}]}},"_links":{"self":[{"href":"https:\/\/www.sotrender.com\/blog\/pl\/wp-json\/wp\/v2\/posts\/54828"}],"collection":[{"href":"https:\/\/www.sotrender.com\/blog\/pl\/wp-json\/wp\/v2\/posts"}],"about":[{"href":"https:\/\/www.sotrender.com\/blog\/pl\/wp-json\/wp\/v2\/types\/post"}],"author":[{"embeddable":true,"href":"https:\/\/www.sotrender.com\/blog\/pl\/wp-json\/wp\/v2\/users\/311"}],"replies":[{"embeddable":true,"href":"https:\/\/www.sotrender.com\/blog\/pl\/wp-json\/wp\/v2\/comments?post=54828"}],"version-history":[{"count":11,"href":"https:\/\/www.sotrender.com\/blog\/pl\/wp-json\/wp\/v2\/posts\/54828\/revisions"}],"predecessor-version":[{"id":54882,"href":"https:\/\/www.sotrender.com\/blog\/pl\/wp-json\/wp\/v2\/posts\/54828\/revisions\/54882"}],"wp:featuredmedia":[{"embeddable":true,"href":"https:\/\/www.sotrender.com\/blog\/pl\/wp-json\/wp\/v2\/media\/54854"}],"wp:attachment":[{"href":"https:\/\/www.sotrender.com\/blog\/pl\/wp-json\/wp\/v2\/media?parent=54828"}],"wp:term":[{"taxonomy":"category","embeddable":true,"href":"https:\/\/www.sotrender.com\/blog\/pl\/wp-json\/wp\/v2\/categories?post=54828"},{"taxonomy":"post_tag","embeddable":true,"href":"https:\/\/www.sotrender.com\/blog\/pl\/wp-json\/wp\/v2\/tags?post=54828"}],"curies":[{"name":"wp","href":"https:\/\/api.w.org\/{rel}","templated":true}]}}