{"id":54669,"date":"2025-03-06T12:18:26","date_gmt":"2025-03-06T11:18:26","guid":{"rendered":"https:\/\/www.sotrender.com\/blog\/?p=54669"},"modified":"2025-03-06T12:18:28","modified_gmt":"2025-03-06T11:18:28","slug":"instagram-trends-luty-2025-pitbull-w-polsce","status":"publish","type":"post","link":"https:\/\/www.sotrender.com\/blog\/pl\/2025\/03\/instagram-trends-luty-2025-pitbull-w-polsce\/","title":{"rendered":"Instagram Trends luty 2025 \u2013 Pitbull w Polsce"},"content":{"rendered":"\n<p>W tym miesi\u0105cu na platformie g\u0142o\u015bno by\u0142o o og\u0142oszeniu d\u0142ugo wyczekiwanego koncertu, kt\u00f3re wywo\u0142a\u0142o ogromne zainteresowanie.<\/p>\n\n\n\n<!--more-->\n\n\n\n<p>Spore wzrosty w rankingach osi\u0105gn\u0119\u0142y r\u00f3wnie\u017c profile, kt\u00f3re opublikowa\u0142y posty z udzia\u0142em znanych os\u00f3b.<\/p>\n\n\n\n<p>Kto przyci\u0105ga\u0142 uwag\u0119 i jakie tre\u015bci wyr\u00f3\u017cni\u0142y si\u0119 na tle innych? Sprawd\u017a szczeg\u00f3\u0142y w naszym raporcie <a href=\"https:\/\/www.sotrender.com\/trends\/instagram\/poland\/202502\" target=\"_blank\" rel=\"noreferrer noopener\">Instagram Trends luty 2025<\/a>!<\/p>\n\n\n\n<h2 class=\"wp-block-heading\">Party After Dark<\/h2>\n\n\n\n<p>Live Nation Poland zrobi\u0142o w tym miesi\u0105cu furor\u0119 og\u0142aszaj\u0105c koncert Pitbulla \u2013 reakcja internaut\u00f3w by\u0142a natychmiastowa. Ogromne zainteresowanie wydarzeniem prze\u0142o\u017cy\u0142o si\u0119 na spektakularny wzrost aktywno\u015bci na profilu, co pozwoli\u0142o mu awansowa\u0107 w rankingu a\u017c o 190 miejsc i znale\u017a\u0107 si\u0119 na 20. pozycji w kategorii <a href=\"https:\/\/www.sotrender.com\/trends\/instagram\/poland\/202502\/marki#engagement\" target=\"_blank\" rel=\"noreferrer noopener\">Marki<\/a>.<\/p>\n\n\n\n<figure class=\"wp-block-image size-full\"><img loading=\"lazy\" decoding=\"async\" width=\"2098\" height=\"1642\" src=\"https:\/\/www.sotrender.com\/blog\/wp-content\/uploads\/2025\/03\/Zrzut-ekranu-2025-03-5-o-21.52.10.png\" alt=\"Profile na Instagramie o najwi\u0119kszej liczbie aktywno\u015bci w kategorii Marki luty 2025\" class=\"wp-image-54671\" srcset=\"https:\/\/www.sotrender.com\/blog\/wp-content\/uploads\/2025\/03\/Zrzut-ekranu-2025-03-5-o-21.52.10.png 2098w, https:\/\/www.sotrender.com\/blog\/wp-content\/uploads\/2025\/03\/Zrzut-ekranu-2025-03-5-o-21.52.10-475x372.png 475w, https:\/\/www.sotrender.com\/blog\/wp-content\/uploads\/2025\/03\/Zrzut-ekranu-2025-03-5-o-21.52.10-410x320.png 410w, https:\/\/www.sotrender.com\/blog\/wp-content\/uploads\/2025\/03\/Zrzut-ekranu-2025-03-5-o-21.52.10-768x601.png 768w, https:\/\/www.sotrender.com\/blog\/wp-content\/uploads\/2025\/03\/Zrzut-ekranu-2025-03-5-o-21.52.10-1536x1202.png 1536w, https:\/\/www.sotrender.com\/blog\/wp-content\/uploads\/2025\/03\/Zrzut-ekranu-2025-03-5-o-21.52.10-2048x1603.png 2048w\" sizes=\"(max-width: 2098px) 100vw, 2098px\" \/><figcaption class=\"wp-element-caption\"><a href=\"https:\/\/www.sotrender.com\/trends\/instagram\/poland\/202502\/marki#engagement\" target=\"_blank\" rel=\"noreferrer noopener\">Profile na Instagramie o najwi\u0119kszej liczbie aktywno\u015bci w kategorii Marki<\/a> | luty 2025 r.<\/figcaption><\/figure>\n\n\n\n<p>W kategorii <a href=\"https:\/\/www.sotrender.com\/trends\/instagram\/poland\/202502\/marki\/marki_kultura_i_sztuka#best_posts\" target=\"_blank\" rel=\"noreferrer noopener\">Kultura i sztuka<\/a>, profil Live Nation skoczy\u0142 w g\u00f3r\u0119 o 26 pozycji, zdobywaj\u0105c 3. miejsce w rankingu aktywno\u015bci. Dwa posty dotycz\u0105ce koncertu Pitbulla trafi\u0142y te\u017c do grona najlepszych tre\u015bci miesi\u0105ca.  <\/p>\n\n\n\n<figure class=\"wp-block-image size-full\"><img loading=\"lazy\" decoding=\"async\" width=\"2140\" height=\"926\" src=\"https:\/\/www.sotrender.com\/blog\/wp-content\/uploads\/2025\/03\/Zrzut-ekranu-2025-03-5-o-21.54.03.png\" alt=\"Najlepsze posty na Instagramie w kategorii Kultura i sztuka luty 2025\" class=\"wp-image-54673\" srcset=\"https:\/\/www.sotrender.com\/blog\/wp-content\/uploads\/2025\/03\/Zrzut-ekranu-2025-03-5-o-21.54.03.png 2140w, https:\/\/www.sotrender.com\/blog\/wp-content\/uploads\/2025\/03\/Zrzut-ekranu-2025-03-5-o-21.54.03-475x206.png 475w, https:\/\/www.sotrender.com\/blog\/wp-content\/uploads\/2025\/03\/Zrzut-ekranu-2025-03-5-o-21.54.03-768x332.png 768w, https:\/\/www.sotrender.com\/blog\/wp-content\/uploads\/2025\/03\/Zrzut-ekranu-2025-03-5-o-21.54.03-1536x665.png 1536w, https:\/\/www.sotrender.com\/blog\/wp-content\/uploads\/2025\/03\/Zrzut-ekranu-2025-03-5-o-21.54.03-2048x886.png 2048w\" sizes=\"(max-width: 2140px) 100vw, 2140px\" \/><figcaption class=\"wp-element-caption\"><a href=\"https:\/\/www.sotrender.com\/trends\/instagram\/poland\/202502\/marki\/marki_kultura_i_sztuka#best_posts\" target=\"_blank\" rel=\"noreferrer noopener\">Najlepsze posty na Instagramie w kategorii Kultura i sztuka<\/a> | luty 2025 r.<\/figcaption><\/figure>\n\n\n\n<h2 class=\"wp-block-heading\">Koszula w \u015bwinki<\/h2>\n\n\n\n<p>W kategorii <a href=\"https:\/\/www.sotrender.com\/trends\/instagram\/poland\/202502\/marki\/marki_moda\/#engagement\" target=\"_blank\" rel=\"noreferrer noopener\">Moda<\/a> na uwag\u0119 zdecydowanie zas\u0142uguje Edyta Kleist. Profil projektantki zanotowa\u0142 imponuj\u0105cy wzrost, awansuj\u0105c o 271 pozycji na 14. miejsce w rankingu aktywno\u015bci.<\/p>\n\n\n\n<figure class=\"wp-block-image size-full\"><img loading=\"lazy\" decoding=\"async\" width=\"2108\" height=\"1252\" src=\"https:\/\/www.sotrender.com\/blog\/wp-content\/uploads\/2025\/03\/Zrzut-ekranu-2025-03-5-o-21.57.00.png\" alt=\"Profile na Instagramie o najwi\u0119kszej liczbie aktywno\u015bci w kategorii Moda luty 2025\" class=\"wp-image-54676\" srcset=\"https:\/\/www.sotrender.com\/blog\/wp-content\/uploads\/2025\/03\/Zrzut-ekranu-2025-03-5-o-21.57.00.png 2108w, https:\/\/www.sotrender.com\/blog\/wp-content\/uploads\/2025\/03\/Zrzut-ekranu-2025-03-5-o-21.57.00-475x282.png 475w, https:\/\/www.sotrender.com\/blog\/wp-content\/uploads\/2025\/03\/Zrzut-ekranu-2025-03-5-o-21.57.00-768x456.png 768w, https:\/\/www.sotrender.com\/blog\/wp-content\/uploads\/2025\/03\/Zrzut-ekranu-2025-03-5-o-21.57.00-1536x912.png 1536w, https:\/\/www.sotrender.com\/blog\/wp-content\/uploads\/2025\/03\/Zrzut-ekranu-2025-03-5-o-21.57.00-2048x1216.png 2048w\" sizes=\"(max-width: 2108px) 100vw, 2108px\" \/><figcaption class=\"wp-element-caption\"><a href=\"https:\/\/www.sotrender.com\/trends\/instagram\/poland\/202502\/marki\/marki_moda\/#engagement\" target=\"_blank\" rel=\"noreferrer noopener\">Profile na Instagramie o najwi\u0119kszej liczbie aktywno\u015bci w kategorii Moda<\/a> | luty 2025 r.<\/figcaption><\/figure>\n\n\n\n<p>Wszystko dzi\u0119ki zdj\u0119ciu Roberta Mak\u0142owicza w koszuli z motywem \u015bwinek od tej marki. Post trafi\u0142 oczywi\u015bcie do grona <a href=\"https:\/\/www.sotrender.com\/trends\/instagram\/poland\/202502\/marki\/marki_moda\/#best_posts\" target=\"_blank\" rel=\"noreferrer noopener\">najlepszych tre\u015bci miesi\u0105ca<\/a>.<\/p>\n\n\n\n<figure class=\"wp-block-image size-full\"><img loading=\"lazy\" decoding=\"async\" width=\"2154\" height=\"928\" src=\"https:\/\/www.sotrender.com\/blog\/wp-content\/uploads\/2025\/03\/Zrzut-ekranu-2025-03-5-o-21.58.08-min.png\" alt=\"Najlepsze posty na Instagramie w kategorii Moda luty 2025\" class=\"wp-image-54678\" srcset=\"https:\/\/www.sotrender.com\/blog\/wp-content\/uploads\/2025\/03\/Zrzut-ekranu-2025-03-5-o-21.58.08-min.png 2154w, https:\/\/www.sotrender.com\/blog\/wp-content\/uploads\/2025\/03\/Zrzut-ekranu-2025-03-5-o-21.58.08-min-475x205.png 475w, https:\/\/www.sotrender.com\/blog\/wp-content\/uploads\/2025\/03\/Zrzut-ekranu-2025-03-5-o-21.58.08-min-768x331.png 768w, https:\/\/www.sotrender.com\/blog\/wp-content\/uploads\/2025\/03\/Zrzut-ekranu-2025-03-5-o-21.58.08-min-1536x662.png 1536w, https:\/\/www.sotrender.com\/blog\/wp-content\/uploads\/2025\/03\/Zrzut-ekranu-2025-03-5-o-21.58.08-min-2048x882.png 2048w\" sizes=\"(max-width: 2154px) 100vw, 2154px\" \/><figcaption class=\"wp-element-caption\"><a href=\"https:\/\/www.sotrender.com\/trends\/instagram\/poland\/202502\/marki\/marki_moda\/#best_posts\" target=\"_blank\" rel=\"noreferrer noopener\">Najlepsze posty na Instagramie w kategorii Moda<\/a> | luty 2025 r.<\/figcaption><\/figure>\n\n\n\n<h2 class=\"wp-block-heading\">Celebryci odwiedzaj\u0105 ma\u0142ych heros\u00f3w<\/h2>\n\n\n\n<p>W kategorii <a href=\"https:\/\/www.sotrender.com\/trends\/instagram\/poland\/202502\/organizacje#engagement\" target=\"_blank\" rel=\"noreferrer noopener\">Organizacje<\/a> wyr\u00f3\u017cni\u0142a si\u0119 Fundacja Herosi, kt\u00f3ra awansowa\u0142a o 112 miejsc, zajmuj\u0105c 19. pozycj\u0119 w rankingu aktywno\u015bci. <\/p>\n\n\n\n<figure class=\"wp-block-image size-full is-resized\"><img loading=\"lazy\" decoding=\"async\" width=\"2112\" height=\"1644\" src=\"https:\/\/www.sotrender.com\/blog\/wp-content\/uploads\/2025\/03\/Zrzut-ekranu-2025-03-5-o-22.00.02.png\" alt=\"Profile na Instagramie o najwi\u0119kszej liczbie aktywno\u015bci w kategorii Organizacje luty 2025\" class=\"wp-image-54680\" style=\"width:840px;height:auto\" srcset=\"https:\/\/www.sotrender.com\/blog\/wp-content\/uploads\/2025\/03\/Zrzut-ekranu-2025-03-5-o-22.00.02.png 2112w, https:\/\/www.sotrender.com\/blog\/wp-content\/uploads\/2025\/03\/Zrzut-ekranu-2025-03-5-o-22.00.02-475x370.png 475w, https:\/\/www.sotrender.com\/blog\/wp-content\/uploads\/2025\/03\/Zrzut-ekranu-2025-03-5-o-22.00.02-410x320.png 410w, https:\/\/www.sotrender.com\/blog\/wp-content\/uploads\/2025\/03\/Zrzut-ekranu-2025-03-5-o-22.00.02-768x598.png 768w, https:\/\/www.sotrender.com\/blog\/wp-content\/uploads\/2025\/03\/Zrzut-ekranu-2025-03-5-o-22.00.02-1536x1196.png 1536w, https:\/\/www.sotrender.com\/blog\/wp-content\/uploads\/2025\/03\/Zrzut-ekranu-2025-03-5-o-22.00.02-2048x1594.png 2048w\" sizes=\"(max-width: 2112px) 100vw, 2112px\" \/><figcaption class=\"wp-element-caption\"><a href=\"https:\/\/www.sotrender.com\/trends\/instagram\/poland\/202502\/organizacje#engagement\" target=\"_blank\" rel=\"noreferrer noopener\">Profile na Instagramie o najwi\u0119kszej liczbie aktywno\u015bci w kategorii Organizacje<\/a> | luty 2025 r.<\/figcaption><\/figure>\n\n\n\n<p>Du\u017cy sukces to efekt wizyty Dody i pashyBicepsa w Klinice Onkologii i Chirurgii Onkologicznej Dzieci i M\u0142odzie\u017cy. Posty dotycz\u0105ce tych wydarze\u0144 wzbudzi\u0142y spore zainteresowanie na platformie i trafi\u0142y do grona <a href=\"https:\/\/www.sotrender.com\/trends\/instagram\/poland\/202502\/organizacje\/#best_posts\" target=\"_blank\" rel=\"noreferrer noopener\">najlepszych tre\u015bci miesi\u0105ca<\/a>.<\/p>\n\n\n\n<figure class=\"wp-block-image size-full\"><img loading=\"lazy\" decoding=\"async\" width=\"2160\" height=\"936\" src=\"https:\/\/www.sotrender.com\/blog\/wp-content\/uploads\/2025\/03\/Zrzut-ekranu-2025-03-5-o-22.00.57.png\" alt=\"Najlepsze posty na Instagramie w kategorii Organizacje luty 2025\" class=\"wp-image-54682\" srcset=\"https:\/\/www.sotrender.com\/blog\/wp-content\/uploads\/2025\/03\/Zrzut-ekranu-2025-03-5-o-22.00.57.png 2160w, https:\/\/www.sotrender.com\/blog\/wp-content\/uploads\/2025\/03\/Zrzut-ekranu-2025-03-5-o-22.00.57-475x206.png 475w, https:\/\/www.sotrender.com\/blog\/wp-content\/uploads\/2025\/03\/Zrzut-ekranu-2025-03-5-o-22.00.57-768x333.png 768w, https:\/\/www.sotrender.com\/blog\/wp-content\/uploads\/2025\/03\/Zrzut-ekranu-2025-03-5-o-22.00.57-1536x666.png 1536w, https:\/\/www.sotrender.com\/blog\/wp-content\/uploads\/2025\/03\/Zrzut-ekranu-2025-03-5-o-22.00.57-2048x887.png 2048w\" sizes=\"(max-width: 2160px) 100vw, 2160px\" \/><figcaption class=\"wp-element-caption\"><a href=\"https:\/\/www.sotrender.com\/trends\/instagram\/poland\/202502\/organizacje\/#best_posts\" target=\"_blank\" rel=\"noreferrer noopener\">Najlepsze posty na Instagramie w kategorii Organizacje<\/a> | luty 2025 r.<\/figcaption><\/figure>\n\n\n\n<h2 class=\"wp-block-heading\">Instagram Trends luty 2025<\/h2>\n\n\n\n<p>To ju\u017c wszystko na ten miesi\u0105c! Wkr\u00f3tce zaprosimy Was do lektury nowego raportu Facebook Trends, a teraz zach\u0119camy do sprawdzenia pe\u0142nej wersji <a href=\"https:\/\/www.sotrender.com\/trends\/instagram\/poland\/202502\" target=\"_blank\" rel=\"noreferrer noopener\">Instagram Trends luty 2025<\/a>.<\/p>\n","protected":false},"excerpt":{"rendered":"<p>W tym miesi\u0105cu na platformie g\u0142o\u015bno by\u0142o o og\u0142oszeniu d\u0142ugo wyczekiwanego koncertu, kt\u00f3re wywo\u0142a\u0142o ogromne zainteresowanie.<\/p>\n","protected":false},"author":311,"featured_media":54685,"comment_status":"closed","ping_status":"open","sticky":false,"template":"","format":"standard","meta":{"inline_featured_image":false,"footnotes":""},"categories":[1791,1803],"tags":[3974,3975,3976,2073,2643],"yoast_head":"<!-- This site is optimized with the Yoast SEO plugin v22.4 - https:\/\/yoast.com\/wordpress\/plugins\/seo\/ -->\n<title>Instagram Trends luty 2025 \u2013 Pitbull w Polsce<\/title>\n<meta name=\"description\" content=\"W lutym na Instagramie g\u0142o\u015bno by\u0142o o og\u0142oszeniu d\u0142ugo wyczekiwanego koncertu, kt\u00f3re wywo\u0142a\u0142o ogromne zainteresowanie.\" \/>\n<meta name=\"robots\" content=\"index, follow, max-snippet:-1, max-image-preview:large, max-video-preview:-1\" \/>\n<link rel=\"canonical\" href=\"https:\/\/www.sotrender.com\/blog\/pl\/2025\/03\/instagram-trends-luty-2025-pitbull-w-polsce\/\" \/>\n<meta property=\"og:locale\" content=\"pl_PL\" \/>\n<meta property=\"og:type\" content=\"article\" \/>\n<meta property=\"og:title\" content=\"Instagram Trends luty 2025 \u2013 Pitbull w Polsce\" \/>\n<meta property=\"og:description\" content=\"W lutym na Instagramie g\u0142o\u015bno by\u0142o o og\u0142oszeniu d\u0142ugo wyczekiwanego koncertu, kt\u00f3re wywo\u0142a\u0142o ogromne zainteresowanie.\" \/>\n<meta property=\"og:url\" content=\"https:\/\/www.sotrender.com\/blog\/pl\/2025\/03\/instagram-trends-luty-2025-pitbull-w-polsce\/\" \/>\n<meta property=\"og:site_name\" content=\"Sotrender Blog\" \/>\n<meta property=\"article:publisher\" content=\"https:\/\/www.facebook.com\/Sotrender\" \/>\n<meta property=\"article:published_time\" content=\"2025-03-06T11:18:26+00:00\" \/>\n<meta property=\"article:modified_time\" content=\"2025-03-06T11:18:28+00:00\" \/>\n<meta property=\"og:image\" content=\"https:\/\/www.sotrender.com\/blog\/wp-content\/uploads\/2025\/03\/pexels-vishnurnair-1105666.jpg\" \/>\n\t<meta property=\"og:image:width\" content=\"1280\" \/>\n\t<meta property=\"og:image:height\" content=\"853\" \/>\n\t<meta property=\"og:image:type\" content=\"image\/jpeg\" \/>\n<meta name=\"author\" content=\"Bogna Raszowska\" \/>\n<meta name=\"twitter:card\" content=\"summary_large_image\" \/>\n<meta name=\"twitter:creator\" content=\"@Sotrender\" \/>\n<meta name=\"twitter:site\" content=\"@Sotrender\" \/>\n<meta name=\"twitter:label1\" content=\"Written by\" \/>\n\t<meta name=\"twitter:data1\" content=\"Bogna Raszowska\" \/>\n\t<meta name=\"twitter:label2\" content=\"Est. reading time\" \/>\n\t<meta name=\"twitter:data2\" content=\"3 minutes\" \/>\n<script type=\"application\/ld+json\" class=\"yoast-schema-graph\">{\"@context\":\"https:\/\/schema.org\",\"@graph\":[{\"@type\":\"WebPage\",\"@id\":\"https:\/\/www.sotrender.com\/blog\/pl\/2025\/03\/instagram-trends-luty-2025-pitbull-w-polsce\/\",\"url\":\"https:\/\/www.sotrender.com\/blog\/pl\/2025\/03\/instagram-trends-luty-2025-pitbull-w-polsce\/\",\"name\":\"Instagram Trends luty 2025 \u2013 Pitbull w Polsce\",\"isPartOf\":{\"@id\":\"https:\/\/www.sotrender.com\/blog\/#website\"},\"primaryImageOfPage\":{\"@id\":\"https:\/\/www.sotrender.com\/blog\/pl\/2025\/03\/instagram-trends-luty-2025-pitbull-w-polsce\/#primaryimage\"},\"image\":{\"@id\":\"https:\/\/www.sotrender.com\/blog\/pl\/2025\/03\/instagram-trends-luty-2025-pitbull-w-polsce\/#primaryimage\"},\"thumbnailUrl\":\"https:\/\/www.sotrender.com\/blog\/wp-content\/uploads\/2025\/03\/pexels-vishnurnair-1105666.jpg\",\"datePublished\":\"2025-03-06T11:18:26+00:00\",\"dateModified\":\"2025-03-06T11:18:28+00:00\",\"author\":{\"@id\":\"https:\/\/www.sotrender.com\/blog\/#\/schema\/person\/2c3d8f31a13ec8be6145f5865f25d16c\"},\"description\":\"W lutym na Instagramie g\u0142o\u015bno by\u0142o o og\u0142oszeniu d\u0142ugo wyczekiwanego koncertu, kt\u00f3re wywo\u0142a\u0142o ogromne zainteresowanie.\",\"breadcrumb\":{\"@id\":\"https:\/\/www.sotrender.com\/blog\/pl\/2025\/03\/instagram-trends-luty-2025-pitbull-w-polsce\/#breadcrumb\"},\"inLanguage\":\"pl-PL\",\"potentialAction\":[{\"@type\":\"ReadAction\",\"target\":[\"https:\/\/www.sotrender.com\/blog\/pl\/2025\/03\/instagram-trends-luty-2025-pitbull-w-polsce\/\"]}]},{\"@type\":\"ImageObject\",\"inLanguage\":\"pl-PL\",\"@id\":\"https:\/\/www.sotrender.com\/blog\/pl\/2025\/03\/instagram-trends-luty-2025-pitbull-w-polsce\/#primaryimage\",\"url\":\"https:\/\/www.sotrender.com\/blog\/wp-content\/uploads\/2025\/03\/pexels-vishnurnair-1105666.jpg\",\"contentUrl\":\"https:\/\/www.sotrender.com\/blog\/wp-content\/uploads\/2025\/03\/pexels-vishnurnair-1105666.jpg\",\"width\":1280,\"height\":853},{\"@type\":\"BreadcrumbList\",\"@id\":\"https:\/\/www.sotrender.com\/blog\/pl\/2025\/03\/instagram-trends-luty-2025-pitbull-w-polsce\/#breadcrumb\",\"itemListElement\":[{\"@type\":\"ListItem\",\"position\":1,\"name\":\"Home\",\"item\":\"https:\/\/www.sotrender.com\/blog\/\"},{\"@type\":\"ListItem\",\"position\":2,\"name\":\"Instagram Trends luty 2025 \u2013 Pitbull w Polsce\"}]},{\"@type\":\"WebSite\",\"@id\":\"https:\/\/www.sotrender.com\/blog\/#website\",\"url\":\"https:\/\/www.sotrender.com\/blog\/\",\"name\":\"Sotrender Blog\",\"description\":\"\",\"potentialAction\":[{\"@type\":\"SearchAction\",\"target\":{\"@type\":\"EntryPoint\",\"urlTemplate\":\"https:\/\/www.sotrender.com\/blog\/?s={search_term_string}\"},\"query-input\":\"required name=search_term_string\"}],\"inLanguage\":\"pl-PL\"},{\"@type\":\"Person\",\"@id\":\"https:\/\/www.sotrender.com\/blog\/#\/schema\/person\/2c3d8f31a13ec8be6145f5865f25d16c\",\"name\":\"Bogna Raszowska\",\"image\":{\"@type\":\"ImageObject\",\"inLanguage\":\"pl-PL\",\"@id\":\"https:\/\/www.sotrender.com\/blog\/#\/schema\/person\/image\/\",\"url\":\"https:\/\/secure.gravatar.com\/avatar\/a9efb91eb7796ed666d24a5b58b6a6cd?s=96&d=mm&r=g\",\"contentUrl\":\"https:\/\/secure.gravatar.com\/avatar\/a9efb91eb7796ed666d24a5b58b6a6cd?s=96&d=mm&r=g\",\"caption\":\"Bogna Raszowska\"},\"description\":\"Digital marketer with a passion for copywriting, content and social media. Off the clock, I'm an avid traveler, RPG gamer, music lover, and South Korean culture enthusiast.\",\"sameAs\":[\"https:\/\/www.linkedin.com\/in\/bognaraszowska\"],\"url\":\"https:\/\/www.sotrender.com\/blog\/pl\/author\/bogna_raszowska\/\"}]}<\/script>\n<!-- \/ Yoast SEO plugin. -->","yoast_head_json":{"title":"Instagram Trends luty 2025 \u2013 Pitbull w Polsce","description":"W lutym na Instagramie g\u0142o\u015bno by\u0142o o og\u0142oszeniu d\u0142ugo wyczekiwanego koncertu, kt\u00f3re wywo\u0142a\u0142o ogromne zainteresowanie.","robots":{"index":"index","follow":"follow","max-snippet":"max-snippet:-1","max-image-preview":"max-image-preview:large","max-video-preview":"max-video-preview:-1"},"canonical":"https:\/\/www.sotrender.com\/blog\/pl\/2025\/03\/instagram-trends-luty-2025-pitbull-w-polsce\/","og_locale":"pl_PL","og_type":"article","og_title":"Instagram Trends luty 2025 \u2013 Pitbull w Polsce","og_description":"W lutym na Instagramie g\u0142o\u015bno by\u0142o o og\u0142oszeniu d\u0142ugo wyczekiwanego koncertu, kt\u00f3re wywo\u0142a\u0142o ogromne zainteresowanie.","og_url":"https:\/\/www.sotrender.com\/blog\/pl\/2025\/03\/instagram-trends-luty-2025-pitbull-w-polsce\/","og_site_name":"Sotrender Blog","article_publisher":"https:\/\/www.facebook.com\/Sotrender","article_published_time":"2025-03-06T11:18:26+00:00","article_modified_time":"2025-03-06T11:18:28+00:00","og_image":[{"width":1280,"height":853,"url":"https:\/\/www.sotrender.com\/blog\/wp-content\/uploads\/2025\/03\/pexels-vishnurnair-1105666.jpg","type":"image\/jpeg"}],"author":"Bogna Raszowska","twitter_card":"summary_large_image","twitter_creator":"@Sotrender","twitter_site":"@Sotrender","twitter_misc":{"Written by":"Bogna Raszowska","Est. reading time":"3 minutes"},"schema":{"@context":"https:\/\/schema.org","@graph":[{"@type":"WebPage","@id":"https:\/\/www.sotrender.com\/blog\/pl\/2025\/03\/instagram-trends-luty-2025-pitbull-w-polsce\/","url":"https:\/\/www.sotrender.com\/blog\/pl\/2025\/03\/instagram-trends-luty-2025-pitbull-w-polsce\/","name":"Instagram Trends luty 2025 \u2013 Pitbull w Polsce","isPartOf":{"@id":"https:\/\/www.sotrender.com\/blog\/#website"},"primaryImageOfPage":{"@id":"https:\/\/www.sotrender.com\/blog\/pl\/2025\/03\/instagram-trends-luty-2025-pitbull-w-polsce\/#primaryimage"},"image":{"@id":"https:\/\/www.sotrender.com\/blog\/pl\/2025\/03\/instagram-trends-luty-2025-pitbull-w-polsce\/#primaryimage"},"thumbnailUrl":"https:\/\/www.sotrender.com\/blog\/wp-content\/uploads\/2025\/03\/pexels-vishnurnair-1105666.jpg","datePublished":"2025-03-06T11:18:26+00:00","dateModified":"2025-03-06T11:18:28+00:00","author":{"@id":"https:\/\/www.sotrender.com\/blog\/#\/schema\/person\/2c3d8f31a13ec8be6145f5865f25d16c"},"description":"W lutym na Instagramie g\u0142o\u015bno by\u0142o o og\u0142oszeniu d\u0142ugo wyczekiwanego koncertu, kt\u00f3re wywo\u0142a\u0142o ogromne zainteresowanie.","breadcrumb":{"@id":"https:\/\/www.sotrender.com\/blog\/pl\/2025\/03\/instagram-trends-luty-2025-pitbull-w-polsce\/#breadcrumb"},"inLanguage":"pl-PL","potentialAction":[{"@type":"ReadAction","target":["https:\/\/www.sotrender.com\/blog\/pl\/2025\/03\/instagram-trends-luty-2025-pitbull-w-polsce\/"]}]},{"@type":"ImageObject","inLanguage":"pl-PL","@id":"https:\/\/www.sotrender.com\/blog\/pl\/2025\/03\/instagram-trends-luty-2025-pitbull-w-polsce\/#primaryimage","url":"https:\/\/www.sotrender.com\/blog\/wp-content\/uploads\/2025\/03\/pexels-vishnurnair-1105666.jpg","contentUrl":"https:\/\/www.sotrender.com\/blog\/wp-content\/uploads\/2025\/03\/pexels-vishnurnair-1105666.jpg","width":1280,"height":853},{"@type":"BreadcrumbList","@id":"https:\/\/www.sotrender.com\/blog\/pl\/2025\/03\/instagram-trends-luty-2025-pitbull-w-polsce\/#breadcrumb","itemListElement":[{"@type":"ListItem","position":1,"name":"Home","item":"https:\/\/www.sotrender.com\/blog\/"},{"@type":"ListItem","position":2,"name":"Instagram Trends luty 2025 \u2013 Pitbull w Polsce"}]},{"@type":"WebSite","@id":"https:\/\/www.sotrender.com\/blog\/#website","url":"https:\/\/www.sotrender.com\/blog\/","name":"Sotrender Blog","description":"","potentialAction":[{"@type":"SearchAction","target":{"@type":"EntryPoint","urlTemplate":"https:\/\/www.sotrender.com\/blog\/?s={search_term_string}"},"query-input":"required name=search_term_string"}],"inLanguage":"pl-PL"},{"@type":"Person","@id":"https:\/\/www.sotrender.com\/blog\/#\/schema\/person\/2c3d8f31a13ec8be6145f5865f25d16c","name":"Bogna Raszowska","image":{"@type":"ImageObject","inLanguage":"pl-PL","@id":"https:\/\/www.sotrender.com\/blog\/#\/schema\/person\/image\/","url":"https:\/\/secure.gravatar.com\/avatar\/a9efb91eb7796ed666d24a5b58b6a6cd?s=96&d=mm&r=g","contentUrl":"https:\/\/secure.gravatar.com\/avatar\/a9efb91eb7796ed666d24a5b58b6a6cd?s=96&d=mm&r=g","caption":"Bogna Raszowska"},"description":"Digital marketer with a passion for copywriting, content and social media. Off the clock, I'm an avid traveler, RPG gamer, music lover, and South Korean culture enthusiast.","sameAs":["https:\/\/www.linkedin.com\/in\/bognaraszowska"],"url":"https:\/\/www.sotrender.com\/blog\/pl\/author\/bogna_raszowska\/"}]}},"_links":{"self":[{"href":"https:\/\/www.sotrender.com\/blog\/pl\/wp-json\/wp\/v2\/posts\/54669"}],"collection":[{"href":"https:\/\/www.sotrender.com\/blog\/pl\/wp-json\/wp\/v2\/posts"}],"about":[{"href":"https:\/\/www.sotrender.com\/blog\/pl\/wp-json\/wp\/v2\/types\/post"}],"author":[{"embeddable":true,"href":"https:\/\/www.sotrender.com\/blog\/pl\/wp-json\/wp\/v2\/users\/311"}],"replies":[{"embeddable":true,"href":"https:\/\/www.sotrender.com\/blog\/pl\/wp-json\/wp\/v2\/comments?post=54669"}],"version-history":[{"count":7,"href":"https:\/\/www.sotrender.com\/blog\/pl\/wp-json\/wp\/v2\/posts\/54669\/revisions"}],"predecessor-version":[{"id":54690,"href":"https:\/\/www.sotrender.com\/blog\/pl\/wp-json\/wp\/v2\/posts\/54669\/revisions\/54690"}],"wp:featuredmedia":[{"embeddable":true,"href":"https:\/\/www.sotrender.com\/blog\/pl\/wp-json\/wp\/v2\/media\/54685"}],"wp:attachment":[{"href":"https:\/\/www.sotrender.com\/blog\/pl\/wp-json\/wp\/v2\/media?parent=54669"}],"wp:term":[{"taxonomy":"category","embeddable":true,"href":"https:\/\/www.sotrender.com\/blog\/pl\/wp-json\/wp\/v2\/categories?post=54669"},{"taxonomy":"post_tag","embeddable":true,"href":"https:\/\/www.sotrender.com\/blog\/pl\/wp-json\/wp\/v2\/tags?post=54669"}],"curies":[{"name":"wp","href":"https:\/\/api.w.org\/{rel}","templated":true}]}}